{"id":68321,"date":"2018-09-27T00:01:43","date_gmt":"2018-09-26T22:01:43","guid":{"rendered":"https:\/\/veredes.es\/blog\/?p=68321"},"modified":"2018-06-13T20:11:37","modified_gmt":"2018-06-13T18:11:37","slug":"maestros-la-forma-espacio-luciano-kulczewski","status":"publish","type":"post","link":"https:\/\/veredes.es\/blog\/maestros-la-forma-espacio-luciano-kulczewski\/","title":{"rendered":"Maestros de la forma y el espacio. Luciano Kulczewski"},"content":{"rendered":"<p><\/p>\n<p style=\"text-align: justify;\">MAESTROS DE LA FORMA Y EL ESPACIO es una serie que revisa biograf\u00edas de grandes arquitectos chilenos, que con su obra influenciaron el cotidiano urbano y que hasta el d\u00eda de hoy inciden en la forma en que el habitante se relaciona con la ciudad en que vive. En esta edici\u00f3n, repasaremos la vida del arquitecto <a href=\"https:\/\/es.wikipedia.org\/wiki\/Luciano_Kulczewski\" target=\"_blank\"><strong>Luciano Kulczewski<\/strong>. <\/a><\/p>\n<p style=\"text-align: justify;\">Su obra se caracteriza por una ecl\u00e9ctica mixtura de influencias donde puede hallarse variados elementos que van desde el neog\u00f3tico al Art Noveau, as\u00ed como ciertos rasgos del movimiento moderno. El acceso al Funicular del Carro San Crist\u00f3bal en Santiago, hoy declarado monumento nacional, es una muestra de dicho estilo.<\/p>\n<p><iframe loading=\"lazy\" title=\"MAESTROS DE LA FORMA Y EL ESPACIO &quot;Luciano Kulczewski&quot;\" width=\"696\" height=\"392\" src=\"https:\/\/www.youtube.com\/embed\/-tSUPcSvHSM?feature=oembed\" frameborder=\"0\" allow=\"accelerometer; autoplay; clipboard-write; encrypted-media; gyroscope; picture-in-picture\" allowfullscreen><\/iframe><\/p>\n<p style=\"text-align: justify;\">Sus obras se caracterizan por una ecl\u00e9ctica mixtura de influencias donde pueden hallarse elementos desde el\u00a0neog\u00f3tico\u00a0al\u00a0Art Nouveau\u00a0as\u00ed como ciertos rasgos del incipiente\u00a0Movimiento Moderno.<\/p>\n<p style=\"text-align: justify;\">En 1938 lidera la campa\u00f1a para presidente de\u00a0Pedro Aguirre Cerda\u00a0en el\u00a0Frente Popular. El presidente hab\u00eda sido su profesor de castellano en el\u00a0Instituto Nacional. Las actividades pol\u00edticas no eran ajenas a <a href=\"https:\/\/es.wikipedia.org\/wiki\/Luciano_Kulczewski\" target=\"_blank\">Kulczewski<\/a>, ya que siendo estudiante integraba el movimiento socialista de la\u00a0Federaci\u00f3n de Estudiantes de la Universidad de Chile, y \u00e9l mismo se consideraba uno de los \u00abcatorce\u00bb fundadores del\u00a0Partido Socialista.<\/p>\n<p><\/p>","protected":false},"excerpt":{"rendered":"<p>MAESTROS DE LA FORMA Y EL ESPACIO es una serie que revisa biograf\u00edas de grandes arquitectos chilenos, que con su obra influenciaron el cotidiano urbano y que hasta el d\u00eda de hoy inciden en la forma en que el habitante se relaciona con la ciudad en que vive. En esta edici\u00f3n, repasaremos la vida del [&hellip;]<\/p>\n","protected":false},"author":2,"featured_media":69879,"comment_status":"open","ping_status":"closed","sticky":false,"template":"","format":"standard","meta":{"footnotes":""},"categories":[4854],"tags":[13021,6682,147,7846,318,434,516,8746,13525,13526,815,898,4444,12468],"class_list":{"0":"post-68321","1":"post","2":"type-post","3":"status-publish","4":"format-standard","5":"has-post-thumbnail","7":"category-tv","8":"tag-alberto-cruz-covarrubias","9":"tag-arquitectura-chilena","10":"tag-arquitectura-moderna","11":"tag-art-nouveau","12":"tag-ciudad","13":"tag-documental","14":"tag-espacio-publico","15":"tag-estilo-internacional","16":"tag-fernando-castillo-velasco","17":"tag-luciano-kulczewski","18":"tag-maestro","19":"tag-movimiento-moderno","20":"tag-s-xx","21":"tag-urbanismo"},"yoast_head":"<!-- This site is optimized with the Yoast SEO plugin v27.5 - https:\/\/yoast.com\/product\/yoast-seo-wordpress\/ -->\n<title>Maestros de la forma y el espacio. Luciano Kulczewski - veredes<\/title>\n<meta name=\"description\" content=\"Toda la informaci\u00f3n sobre: [:es]Maestros de la forma y el espacio. Luciano Kulczewski[:gl]Mestres da forma e o espazo. Luciano Kulczewski[:en]Teachers of the form and the space. Luciano Kulczewski[:]\" \/>\n<meta name=\"robots\" content=\"index, follow, max-snippet:-1, max-image-preview:large, max-video-preview:-1\" \/>\n<link rel=\"canonical\" href=\"https:\/\/veredes.es\/blog\/maestros-la-forma-espacio-luciano-kulczewski\/\" \/>\n<meta property=\"og:locale\" content=\"es_ES\" \/>\n<meta property=\"og:type\" content=\"article\" \/>\n<meta property=\"og:title\" content=\"[:es]Maestros de la forma y el espacio. Luciano Kulczewski[:gl]Mestres da forma e o espazo. Luciano Kulczewski[:en]Teachers of the form and the space. Luciano Kulczewski[:] - veredes\" \/>\n<meta property=\"og:description\" content=\"Toda la informaci\u00f3n sobre: [:es]Maestros de la forma y el espacio. Luciano Kulczewski[:gl]Mestres da forma e o espazo. Luciano Kulczewski[:en]Teachers of the form and the space. Luciano Kulczewski[:]\" \/>\n<meta property=\"og:url\" content=\"https:\/\/veredes.es\/blog\/maestros-la-forma-espacio-luciano-kulczewski\/\" \/>\n<meta property=\"og:site_name\" content=\"veredes, arquitectura y divulgaci\u00f3n\" \/>\n<meta property=\"article:publisher\" content=\"https:\/\/www.facebook.com\/veredesArquitecturayDivulgacion\/\" \/>\n<meta property=\"article:author\" content=\"https:\/\/www.facebook.com\/veredesArquitecturayDivulgacion\/\" \/>\n<meta property=\"article:published_time\" content=\"2018-09-26T22:01:43+00:00\" \/>\n<meta property=\"og:image\" content=\"https:\/\/veredes.es\/blog\/wp-content\/uploads\/2018\/07\/maestros-de-la-forma-y-el-espaci.jpg\" \/>\n\t<meta property=\"og:image:width\" content=\"1200\" \/>\n\t<meta property=\"og:image:height\" content=\"670\" \/>\n\t<meta property=\"og:image:type\" content=\"image\/jpeg\" \/>\n<meta name=\"author\" content=\"veredes\" \/>\n<meta name=\"twitter:card\" content=\"summary_large_image\" \/>\n<meta name=\"twitter:creator\" content=\"@https:\/\/twitter.com\/veredes\" \/>\n<meta name=\"twitter:site\" content=\"@veredes\" \/>\n<meta name=\"twitter:label1\" content=\"Escrito por\" \/>\n\t<meta name=\"twitter:data1\" content=\"veredes\" \/>\n\t<meta name=\"twitter:label2\" content=\"Tiempo de lectura\" \/>\n\t<meta name=\"twitter:data2\" content=\"3 minutos\" \/>\n<script type=\"application\/ld+json\" class=\"yoast-schema-graph\">{\"@context\":\"https:\\\/\\\/schema.org\",\"@graph\":[{\"@type\":\"Article\",\"@id\":\"https:\\\/\\\/veredes.es\\\/blog\\\/maestros-la-forma-espacio-luciano-kulczewski\\\/#article\",\"isPartOf\":{\"@id\":\"https:\\\/\\\/veredes.es\\\/blog\\\/maestros-la-forma-espacio-luciano-kulczewski\\\/\"},\"author\":{\"name\":\"veredes\",\"@id\":\"https:\\\/\\\/veredes.es\\\/blog\\\/#\\\/schema\\\/person\\\/0bbb669073ef7faba5168a0844e93d2c\"},\"headline\":\"Maestros de la forma y el espacio. Luciano Kulczewski\",\"datePublished\":\"2018-09-26T22:01:43+00:00\",\"mainEntityOfPage\":{\"@id\":\"https:\\\/\\\/veredes.es\\\/blog\\\/maestros-la-forma-espacio-luciano-kulczewski\\\/\"},\"wordCount\":685,\"commentCount\":0,\"publisher\":{\"@id\":\"https:\\\/\\\/veredes.es\\\/blog\\\/#organization\"},\"image\":{\"@id\":\"https:\\\/\\\/veredes.es\\\/blog\\\/maestros-la-forma-espacio-luciano-kulczewski\\\/#primaryimage\"},\"thumbnailUrl\":\"https:\\\/\\\/veredes.es\\\/blog\\\/wp-content\\\/uploads\\\/2018\\\/07\\\/maestros-de-la-forma-y-el-espaci.jpg\",\"keywords\":[\"Alberto Cruz Covarrubias\",\"arquitectura chilena\",\"arquitectura moderna\",\"Art Nouveau\",\"ciudad\",\"documental\",\"espacio p\u00fablico\",\"estilo internacional\",\"Fernando Castillo Velasco\",\"Luciano Kulczewski\",\"maestro\",\"movimiento moderno\",\"s. xx\",\"urbanismo\"],\"articleSection\":[\"tv\"],\"inLanguage\":\"es\",\"potentialAction\":[{\"@type\":\"CommentAction\",\"name\":\"Comment\",\"target\":[\"https:\\\/\\\/veredes.es\\\/blog\\\/maestros-la-forma-espacio-luciano-kulczewski\\\/#respond\"]}]},{\"@type\":\"WebPage\",\"@id\":\"https:\\\/\\\/veredes.es\\\/blog\\\/maestros-la-forma-espacio-luciano-kulczewski\\\/\",\"url\":\"https:\\\/\\\/veredes.es\\\/blog\\\/maestros-la-forma-espacio-luciano-kulczewski\\\/\",\"name\":\"[:es]Maestros de la forma y el espacio. Luciano Kulczewski[:gl]Mestres da forma e o espazo. Luciano Kulczewski[:en]Teachers of the form and the space. Luciano Kulczewski[:] - veredes\",\"isPartOf\":{\"@id\":\"https:\\\/\\\/veredes.es\\\/blog\\\/#website\"},\"primaryImageOfPage\":{\"@id\":\"https:\\\/\\\/veredes.es\\\/blog\\\/maestros-la-forma-espacio-luciano-kulczewski\\\/#primaryimage\"},\"image\":{\"@id\":\"https:\\\/\\\/veredes.es\\\/blog\\\/maestros-la-forma-espacio-luciano-kulczewski\\\/#primaryimage\"},\"thumbnailUrl\":\"https:\\\/\\\/veredes.es\\\/blog\\\/wp-content\\\/uploads\\\/2018\\\/07\\\/maestros-de-la-forma-y-el-espaci.jpg\",\"datePublished\":\"2018-09-26T22:01:43+00:00\",\"description\":\"Toda la informaci\u00f3n sobre: [:es]Maestros de la forma y el espacio. Luciano Kulczewski[:gl]Mestres da forma e o espazo. Luciano Kulczewski[:en]Teachers of the form and the space. Luciano Kulczewski[:]\",\"breadcrumb\":{\"@id\":\"https:\\\/\\\/veredes.es\\\/blog\\\/maestros-la-forma-espacio-luciano-kulczewski\\\/#breadcrumb\"},\"inLanguage\":\"es\",\"potentialAction\":[{\"@type\":\"ReadAction\",\"target\":[\"https:\\\/\\\/veredes.es\\\/blog\\\/maestros-la-forma-espacio-luciano-kulczewski\\\/\"]}]},{\"@type\":\"ImageObject\",\"inLanguage\":\"es\",\"@id\":\"https:\\\/\\\/veredes.es\\\/blog\\\/maestros-la-forma-espacio-luciano-kulczewski\\\/#primaryimage\",\"url\":\"https:\\\/\\\/veredes.es\\\/blog\\\/wp-content\\\/uploads\\\/2018\\\/07\\\/maestros-de-la-forma-y-el-espaci.jpg\",\"contentUrl\":\"https:\\\/\\\/veredes.es\\\/blog\\\/wp-content\\\/uploads\\\/2018\\\/07\\\/maestros-de-la-forma-y-el-espaci.jpg\",\"width\":1200,\"height\":670},{\"@type\":\"BreadcrumbList\",\"@id\":\"https:\\\/\\\/veredes.es\\\/blog\\\/maestros-la-forma-espacio-luciano-kulczewski\\\/#breadcrumb\",\"itemListElement\":[{\"@type\":\"ListItem\",\"position\":1,\"name\":\"Portada\",\"item\":\"https:\\\/\\\/veredes.es\\\/blog\\\/\"},{\"@type\":\"ListItem\",\"position\":2,\"name\":\"Maestros de la forma y el espacio. Luciano Kulczewski\"}]},{\"@type\":\"WebSite\",\"@id\":\"https:\\\/\\\/veredes.es\\\/blog\\\/#website\",\"url\":\"https:\\\/\\\/veredes.es\\\/blog\\\/\",\"name\":\"veredes, arquitectura y divulgaci\u00f3n\",\"description\":\"veredes\",\"publisher\":{\"@id\":\"https:\\\/\\\/veredes.es\\\/blog\\\/#organization\"},\"alternateName\":\"veredes\",\"potentialAction\":[{\"@type\":\"SearchAction\",\"target\":{\"@type\":\"EntryPoint\",\"urlTemplate\":\"https:\\\/\\\/veredes.es\\\/blog\\\/?s={search_term_string}\"},\"query-input\":{\"@type\":\"PropertyValueSpecification\",\"valueRequired\":true,\"valueName\":\"search_term_string\"}}],\"inLanguage\":\"es\"},{\"@type\":\"Organization\",\"@id\":\"https:\\\/\\\/veredes.es\\\/blog\\\/#organization\",\"name\":\"veredes, arquitectura y divulgaci\u00f3n\",\"alternateName\":\"veredes\",\"url\":\"https:\\\/\\\/veredes.es\\\/blog\\\/\",\"logo\":{\"@type\":\"ImageObject\",\"inLanguage\":\"es\",\"@id\":\"https:\\\/\\\/veredes.es\\\/blog\\\/#\\\/schema\\\/logo\\\/image\\\/\",\"url\":\"https:\\\/\\\/veredes.es\\\/blog\\\/wp-content\\\/uploads\\\/2021\\\/12\\\/veredes-logo-centrado_140x54.png\",\"contentUrl\":\"https:\\\/\\\/veredes.es\\\/blog\\\/wp-content\\\/uploads\\\/2021\\\/12\\\/veredes-logo-centrado_140x54.png\",\"width\":140,\"height\":54,\"caption\":\"veredes, arquitectura y divulgaci\u00f3n\"},\"image\":{\"@id\":\"https:\\\/\\\/veredes.es\\\/blog\\\/#\\\/schema\\\/logo\\\/image\\\/\"},\"sameAs\":[\"https:\\\/\\\/www.facebook.com\\\/veredesArquitecturayDivulgacion\\\/\",\"https:\\\/\\\/x.com\\\/veredes\",\"https:\\\/\\\/instagram.com\\\/veredes\\\/\",\"https:\\\/\\\/www.linkedin.com\\\/company\\\/veredes-arquitectura-y-divulgacion\\\/\",\"https:\\\/\\\/es.pinterest.com\\\/veredes\\\/\",\"https:\\\/\\\/www.tumblr.com\\\/veredes\"]},{\"@type\":\"Person\",\"@id\":\"https:\\\/\\\/veredes.es\\\/blog\\\/#\\\/schema\\\/person\\\/0bbb669073ef7faba5168a0844e93d2c\",\"name\":\"veredes\",\"image\":{\"@type\":\"ImageObject\",\"inLanguage\":\"es\",\"@id\":\"https:\\\/\\\/veredes.es\\\/blog\\\/wp-content\\\/uploads\\\/2018\\\/04\\\/face-96x96.jpg\",\"url\":\"https:\\\/\\\/veredes.es\\\/blog\\\/wp-content\\\/uploads\\\/2018\\\/04\\\/face-96x96.jpg\",\"contentUrl\":\"https:\\\/\\\/veredes.es\\\/blog\\\/wp-content\\\/uploads\\\/2018\\\/04\\\/face-96x96.jpg\",\"caption\":\"veredes\"},\"description\":\"Surge enero de 2009 como b\u00fasqueda de satisfacer el conocimiento de la actividad arquitect\u00f3nica y tangentes que se generan. La idea es crear un espacio para divulgar los diversos proyectos en busca de nueva inspiraci\u00f3n y de intercambio.\",\"sameAs\":[\"https:\\\/\\\/veredes.es\\\/\",\"https:\\\/\\\/www.facebook.com\\\/veredesArquitecturayDivulgacion\\\/\",\"https:\\\/\\\/www.instagram.com\\\/veredes\\\/\",\"https:\\\/\\\/www.linkedin.com\\\/company\\\/veredes-arquitectura-y-divulgacion\\\/\",\"https:\\\/\\\/www.pinterest.es\\\/veredes\\\/\",\"https:\\\/\\\/x.com\\\/https:\\\/\\\/twitter.com\\\/veredes\",\"https:\\\/\\\/veredes.tumblr.com\\\/\"],\"url\":\"https:\\\/\\\/veredes.es\\\/blog\\\/author\\\/alberto\\\/\"}]}<\/script>\n<!-- \/ Yoast SEO plugin. -->","yoast_head_json":{"title":"[:es]Maestros de la forma y el espacio. Luciano Kulczewski[:gl]Mestres da forma e o espazo. Luciano Kulczewski[:en]Teachers of the form and the space. Luciano Kulczewski[:] - veredes","description":"Toda la informaci\u00f3n sobre: [:es]Maestros de la forma y el espacio. Luciano Kulczewski[:gl]Mestres da forma e o espazo. Luciano Kulczewski[:en]Teachers of the form and the space. Luciano Kulczewski[:]","robots":{"index":"index","follow":"follow","max-snippet":"max-snippet:-1","max-image-preview":"max-image-preview:large","max-video-preview":"max-video-preview:-1"},"canonical":"https:\/\/veredes.es\/blog\/maestros-la-forma-espacio-luciano-kulczewski\/","og_locale":"es_ES","og_type":"article","og_title":"[:es]Maestros de la forma y el espacio. Luciano Kulczewski[:gl]Mestres da forma e o espazo. Luciano Kulczewski[:en]Teachers of the form and the space. Luciano Kulczewski[:] - veredes","og_description":"Toda la informaci\u00f3n sobre: [:es]Maestros de la forma y el espacio. Luciano Kulczewski[:gl]Mestres da forma e o espazo. Luciano Kulczewski[:en]Teachers of the form and the space. Luciano Kulczewski[:]","og_url":"https:\/\/veredes.es\/blog\/maestros-la-forma-espacio-luciano-kulczewski\/","og_site_name":"veredes, arquitectura y divulgaci\u00f3n","article_publisher":"https:\/\/www.facebook.com\/veredesArquitecturayDivulgacion\/","article_author":"https:\/\/www.facebook.com\/veredesArquitecturayDivulgacion\/","article_published_time":"2018-09-26T22:01:43+00:00","og_image":[{"width":1200,"height":670,"url":"https:\/\/veredes.es\/blog\/wp-content\/uploads\/2018\/07\/maestros-de-la-forma-y-el-espaci.jpg","type":"image\/jpeg"}],"author":"veredes","twitter_card":"summary_large_image","twitter_creator":"@https:\/\/twitter.com\/veredes","twitter_site":"@veredes","twitter_misc":{"Escrito por":"veredes","Tiempo de lectura":"3 minutos"},"schema":{"@context":"https:\/\/schema.org","@graph":[{"@type":"Article","@id":"https:\/\/veredes.es\/blog\/maestros-la-forma-espacio-luciano-kulczewski\/#article","isPartOf":{"@id":"https:\/\/veredes.es\/blog\/maestros-la-forma-espacio-luciano-kulczewski\/"},"author":{"name":"veredes","@id":"https:\/\/veredes.es\/blog\/#\/schema\/person\/0bbb669073ef7faba5168a0844e93d2c"},"headline":"Maestros de la forma y el espacio. Luciano Kulczewski","datePublished":"2018-09-26T22:01:43+00:00","mainEntityOfPage":{"@id":"https:\/\/veredes.es\/blog\/maestros-la-forma-espacio-luciano-kulczewski\/"},"wordCount":685,"commentCount":0,"publisher":{"@id":"https:\/\/veredes.es\/blog\/#organization"},"image":{"@id":"https:\/\/veredes.es\/blog\/maestros-la-forma-espacio-luciano-kulczewski\/#primaryimage"},"thumbnailUrl":"https:\/\/veredes.es\/blog\/wp-content\/uploads\/2018\/07\/maestros-de-la-forma-y-el-espaci.jpg","keywords":["Alberto Cruz Covarrubias","arquitectura chilena","arquitectura moderna","Art Nouveau","ciudad","documental","espacio p\u00fablico","estilo internacional","Fernando Castillo Velasco","Luciano Kulczewski","maestro","movimiento moderno","s. xx","urbanismo"],"articleSection":["tv"],"inLanguage":"es","potentialAction":[{"@type":"CommentAction","name":"Comment","target":["https:\/\/veredes.es\/blog\/maestros-la-forma-espacio-luciano-kulczewski\/#respond"]}]},{"@type":"WebPage","@id":"https:\/\/veredes.es\/blog\/maestros-la-forma-espacio-luciano-kulczewski\/","url":"https:\/\/veredes.es\/blog\/maestros-la-forma-espacio-luciano-kulczewski\/","name":"[:es]Maestros de la forma y el espacio. Luciano Kulczewski[:gl]Mestres da forma e o espazo. Luciano Kulczewski[:en]Teachers of the form and the space. Luciano Kulczewski[:] - veredes","isPartOf":{"@id":"https:\/\/veredes.es\/blog\/#website"},"primaryImageOfPage":{"@id":"https:\/\/veredes.es\/blog\/maestros-la-forma-espacio-luciano-kulczewski\/#primaryimage"},"image":{"@id":"https:\/\/veredes.es\/blog\/maestros-la-forma-espacio-luciano-kulczewski\/#primaryimage"},"thumbnailUrl":"https:\/\/veredes.es\/blog\/wp-content\/uploads\/2018\/07\/maestros-de-la-forma-y-el-espaci.jpg","datePublished":"2018-09-26T22:01:43+00:00","description":"Toda la informaci\u00f3n sobre: [:es]Maestros de la forma y el espacio. Luciano Kulczewski[:gl]Mestres da forma e o espazo. Luciano Kulczewski[:en]Teachers of the form and the space. Luciano Kulczewski[:]","breadcrumb":{"@id":"https:\/\/veredes.es\/blog\/maestros-la-forma-espacio-luciano-kulczewski\/#breadcrumb"},"inLanguage":"es","potentialAction":[{"@type":"ReadAction","target":["https:\/\/veredes.es\/blog\/maestros-la-forma-espacio-luciano-kulczewski\/"]}]},{"@type":"ImageObject","inLanguage":"es","@id":"https:\/\/veredes.es\/blog\/maestros-la-forma-espacio-luciano-kulczewski\/#primaryimage","url":"https:\/\/veredes.es\/blog\/wp-content\/uploads\/2018\/07\/maestros-de-la-forma-y-el-espaci.jpg","contentUrl":"https:\/\/veredes.es\/blog\/wp-content\/uploads\/2018\/07\/maestros-de-la-forma-y-el-espaci.jpg","width":1200,"height":670},{"@type":"BreadcrumbList","@id":"https:\/\/veredes.es\/blog\/maestros-la-forma-espacio-luciano-kulczewski\/#breadcrumb","itemListElement":[{"@type":"ListItem","position":1,"name":"Portada","item":"https:\/\/veredes.es\/blog\/"},{"@type":"ListItem","position":2,"name":"Maestros de la forma y el espacio. Luciano Kulczewski"}]},{"@type":"WebSite","@id":"https:\/\/veredes.es\/blog\/#website","url":"https:\/\/veredes.es\/blog\/","name":"veredes, arquitectura y divulgaci\u00f3n","description":"veredes","publisher":{"@id":"https:\/\/veredes.es\/blog\/#organization"},"alternateName":"veredes","potentialAction":[{"@type":"SearchAction","target":{"@type":"EntryPoint","urlTemplate":"https:\/\/veredes.es\/blog\/?s={search_term_string}"},"query-input":{"@type":"PropertyValueSpecification","valueRequired":true,"valueName":"search_term_string"}}],"inLanguage":"es"},{"@type":"Organization","@id":"https:\/\/veredes.es\/blog\/#organization","name":"veredes, arquitectura y divulgaci\u00f3n","alternateName":"veredes","url":"https:\/\/veredes.es\/blog\/","logo":{"@type":"ImageObject","inLanguage":"es","@id":"https:\/\/veredes.es\/blog\/#\/schema\/logo\/image\/","url":"https:\/\/veredes.es\/blog\/wp-content\/uploads\/2021\/12\/veredes-logo-centrado_140x54.png","contentUrl":"https:\/\/veredes.es\/blog\/wp-content\/uploads\/2021\/12\/veredes-logo-centrado_140x54.png","width":140,"height":54,"caption":"veredes, arquitectura y divulgaci\u00f3n"},"image":{"@id":"https:\/\/veredes.es\/blog\/#\/schema\/logo\/image\/"},"sameAs":["https:\/\/www.facebook.com\/veredesArquitecturayDivulgacion\/","https:\/\/x.com\/veredes","https:\/\/instagram.com\/veredes\/","https:\/\/www.linkedin.com\/company\/veredes-arquitectura-y-divulgacion\/","https:\/\/es.pinterest.com\/veredes\/","https:\/\/www.tumblr.com\/veredes"]},{"@type":"Person","@id":"https:\/\/veredes.es\/blog\/#\/schema\/person\/0bbb669073ef7faba5168a0844e93d2c","name":"veredes","image":{"@type":"ImageObject","inLanguage":"es","@id":"https:\/\/veredes.es\/blog\/wp-content\/uploads\/2018\/04\/face-96x96.jpg","url":"https:\/\/veredes.es\/blog\/wp-content\/uploads\/2018\/04\/face-96x96.jpg","contentUrl":"https:\/\/veredes.es\/blog\/wp-content\/uploads\/2018\/04\/face-96x96.jpg","caption":"veredes"},"description":"Surge enero de 2009 como b\u00fasqueda de satisfacer el conocimiento de la actividad arquitect\u00f3nica y tangentes que se generan. La idea es crear un espacio para divulgar los diversos proyectos en busca de nueva inspiraci\u00f3n y de intercambio.","sameAs":["https:\/\/veredes.es\/","https:\/\/www.facebook.com\/veredesArquitecturayDivulgacion\/","https:\/\/www.instagram.com\/veredes\/","https:\/\/www.linkedin.com\/company\/veredes-arquitectura-y-divulgacion\/","https:\/\/www.pinterest.es\/veredes\/","https:\/\/x.com\/https:\/\/twitter.com\/veredes","https:\/\/veredes.tumblr.com\/"],"url":"https:\/\/veredes.es\/blog\/author\/alberto\/"}]}},"_links":{"self":[{"href":"https:\/\/veredes.es\/blog\/wp-json\/wp\/v2\/posts\/68321","targetHints":{"allow":["GET"]}}],"collection":[{"href":"https:\/\/veredes.es\/blog\/wp-json\/wp\/v2\/posts"}],"about":[{"href":"https:\/\/veredes.es\/blog\/wp-json\/wp\/v2\/types\/post"}],"author":[{"embeddable":true,"href":"https:\/\/veredes.es\/blog\/wp-json\/wp\/v2\/users\/2"}],"replies":[{"embeddable":true,"href":"https:\/\/veredes.es\/blog\/wp-json\/wp\/v2\/comments?post=68321"}],"version-history":[{"count":0,"href":"https:\/\/veredes.es\/blog\/wp-json\/wp\/v2\/posts\/68321\/revisions"}],"wp:featuredmedia":[{"embeddable":true,"href":"https:\/\/veredes.es\/blog\/wp-json\/wp\/v2\/media\/69879"}],"wp:attachment":[{"href":"https:\/\/veredes.es\/blog\/wp-json\/wp\/v2\/media?parent=68321"}],"wp:term":[{"taxonomy":"category","embeddable":true,"href":"https:\/\/veredes.es\/blog\/wp-json\/wp\/v2\/categories?post=68321"},{"taxonomy":"post_tag","embeddable":true,"href":"https:\/\/veredes.es\/blog\/wp-json\/wp\/v2\/tags?post=68321"}],"curies":[{"name":"wp","href":"https:\/\/api.w.org\/{rel}","templated":true}]}}