{"id":68319,"date":"2018-04-17T00:01:21","date_gmt":"2018-04-16T22:01:21","guid":{"rendered":"https:\/\/veredes.es\/blog\/?p=68319"},"modified":"2018-04-09T14:48:09","modified_gmt":"2018-04-09T12:48:09","slug":"maestros-la-forma-espacio-fernando-castillo-velasco","status":"publish","type":"post","link":"https:\/\/veredes.es\/blog\/maestros-la-forma-espacio-fernando-castillo-velasco\/","title":{"rendered":"Maestros de la forma y el espacio. Fernando Castillo Velasco"},"content":{"rendered":"<p><\/p>\n<p style=\"text-align: justify;\">La vida y obra del gran arquitecto chileno, Premio Nacional de Arquitectura, autor de la Unidad Vecinal Portales, Villa La Reina y las Torres de Tajamar en Santiago.<\/p>\n<p><iframe loading=\"lazy\" title=\"MAESTROS DE LA FORMA Y EL ESPACIO: Cap 1 Fernando Castillo Velasco\" width=\"696\" height=\"522\" src=\"https:\/\/www.youtube.com\/embed\/Rx6uby1G3pw?feature=oembed\" frameborder=\"0\" allow=\"accelerometer; autoplay; clipboard-write; encrypted-media; gyroscope; picture-in-picture\" allowfullscreen><\/iframe><\/p>\n<p style=\"text-align: justify;\"><a href=\"https:\/\/es.wikipedia.org\/wiki\/Fernando_Castillo_Velasco\" target=\"_blank\"><b>Fernando Castillo Velasco<\/b><\/a>\u00a0(Santiago,\u00a015 de agosto\u00a0de\u00a01918-ib\u00eddem,\u00a018 de julio\u00a0de\u00a02013)<sup id=\"cite_ref-1\" class=\"reference separada\">1<\/sup> fue un\u00a0arquitecto\u00a0y\u00a0pol\u00edtico\u00a0chileno, que ocup\u00f3 los cargos de\u00a0rector de la Pontificia Universidad Cat\u00f3lica,\u00a0intendente de la Regi\u00f3n Metropolitana de Santiago\u00a0y\u00a0alcalde\u00a0de\u00a0La Reina\u00a0en 4 periodos (tiene el t\u00edtulo honor\u00edfico de Padre Ilustre de esta comuna). Como arquitecto recibi\u00f3 importantes premios, entre los que destacan el\u00a0Nacional de Arquitectura\u00a01983.<\/p>\n<p><\/p>","protected":false},"excerpt":{"rendered":"<p>La vida y obra del gran arquitecto chileno, Premio Nacional de Arquitectura, autor de la Unidad Vecinal Portales, Villa La Reina y las Torres de Tajamar en Santiago. Fernando Castillo Velasco\u00a0(Santiago,\u00a015 de agosto\u00a0de\u00a01918-ib\u00eddem,\u00a018 de julio\u00a0de\u00a02013)1 fue un\u00a0arquitecto\u00a0y\u00a0pol\u00edtico\u00a0chileno, que ocup\u00f3 los cargos de\u00a0rector de la Pontificia Universidad Cat\u00f3lica,\u00a0intendente de la Regi\u00f3n Metropolitana de Santiago\u00a0y\u00a0alcalde\u00a0de\u00a0La Reina\u00a0en 4 [&hellip;]<\/p>\n","protected":false},"author":2,"featured_media":68417,"comment_status":"open","ping_status":"closed","sticky":false,"template":"","format":"standard","meta":{"footnotes":""},"categories":[4854],"tags":[13021,6682,147,434,13525,815,4444],"class_list":{"0":"post-68319","1":"post","2":"type-post","3":"status-publish","4":"format-standard","5":"has-post-thumbnail","7":"category-tv","8":"tag-alberto-cruz-covarrubias","9":"tag-arquitectura-chilena","10":"tag-arquitectura-moderna","11":"tag-documental","12":"tag-fernando-castillo-velasco","13":"tag-maestro","14":"tag-s-xx"},"yoast_head":"<!-- This site is optimized with the Yoast SEO plugin v27.5 - https:\/\/yoast.com\/product\/yoast-seo-wordpress\/ -->\n<title>Maestros de la forma y el espacio. Fernando Castillo Velasco - veredes<\/title>\n<meta name=\"description\" content=\"Toda la informaci\u00f3n sobre: [:es]Maestros de la forma y el espacio. Fernando Castillo Velasco[:gl]Mestres da forma e o espazo. Fernando Castillo Velasco[:en]Teachers of the form and the space. Fernando Castillo Velasco[:]\" \/>\n<meta name=\"robots\" content=\"index, follow, max-snippet:-1, max-image-preview:large, max-video-preview:-1\" \/>\n<link rel=\"canonical\" href=\"https:\/\/veredes.es\/blog\/maestros-la-forma-espacio-fernando-castillo-velasco\/\" \/>\n<meta property=\"og:locale\" content=\"es_ES\" \/>\n<meta property=\"og:type\" content=\"article\" \/>\n<meta property=\"og:title\" content=\"[:es]Maestros de la forma y el espacio. Fernando Castillo Velasco[:gl]Mestres da forma e o espazo. Fernando Castillo Velasco[:en]Teachers of the form and the space. Fernando Castillo Velasco[:] - veredes\" \/>\n<meta property=\"og:description\" content=\"Toda la informaci\u00f3n sobre: [:es]Maestros de la forma y el espacio. Fernando Castillo Velasco[:gl]Mestres da forma e o espazo. Fernando Castillo Velasco[:en]Teachers of the form and the space. Fernando Castillo Velasco[:]\" \/>\n<meta property=\"og:url\" content=\"https:\/\/veredes.es\/blog\/maestros-la-forma-espacio-fernando-castillo-velasco\/\" \/>\n<meta property=\"og:site_name\" content=\"veredes, arquitectura y divulgaci\u00f3n\" \/>\n<meta property=\"article:publisher\" content=\"https:\/\/www.facebook.com\/veredesArquitecturayDivulgacion\/\" \/>\n<meta property=\"article:author\" content=\"https:\/\/www.facebook.com\/veredesArquitecturayDivulgacion\/\" \/>\n<meta property=\"article:published_time\" content=\"2018-04-16T22:01:21+00:00\" \/>\n<meta property=\"og:image\" content=\"https:\/\/veredes.es\/blog\/wp-content\/uploads\/2018\/04\/maestros-de-la-forma-y-el-espaci.jpg\" \/>\n\t<meta property=\"og:image:width\" content=\"480\" \/>\n\t<meta property=\"og:image:height\" content=\"360\" \/>\n\t<meta property=\"og:image:type\" content=\"image\/jpeg\" \/>\n<meta name=\"author\" content=\"veredes\" \/>\n<meta name=\"twitter:card\" content=\"summary_large_image\" \/>\n<meta name=\"twitter:creator\" content=\"@https:\/\/twitter.com\/veredes\" \/>\n<meta name=\"twitter:site\" content=\"@veredes\" \/>\n<meta name=\"twitter:label1\" content=\"Escrito por\" \/>\n\t<meta name=\"twitter:data1\" content=\"veredes\" \/>\n\t<meta name=\"twitter:label2\" content=\"Tiempo de lectura\" \/>\n\t<meta name=\"twitter:data2\" content=\"2 minutos\" \/>\n<script type=\"application\/ld+json\" class=\"yoast-schema-graph\">{\"@context\":\"https:\\\/\\\/schema.org\",\"@graph\":[{\"@type\":\"Article\",\"@id\":\"https:\\\/\\\/veredes.es\\\/blog\\\/maestros-la-forma-espacio-fernando-castillo-velasco\\\/#article\",\"isPartOf\":{\"@id\":\"https:\\\/\\\/veredes.es\\\/blog\\\/maestros-la-forma-espacio-fernando-castillo-velasco\\\/\"},\"author\":{\"name\":\"veredes\",\"@id\":\"https:\\\/\\\/veredes.es\\\/blog\\\/#\\\/schema\\\/person\\\/0bbb669073ef7faba5168a0844e93d2c\"},\"headline\":\"Maestros de la forma y el espacio. Fernando Castillo Velasco\",\"datePublished\":\"2018-04-16T22:01:21+00:00\",\"mainEntityOfPage\":{\"@id\":\"https:\\\/\\\/veredes.es\\\/blog\\\/maestros-la-forma-espacio-fernando-castillo-velasco\\\/\"},\"wordCount\":350,\"commentCount\":0,\"publisher\":{\"@id\":\"https:\\\/\\\/veredes.es\\\/blog\\\/#organization\"},\"image\":{\"@id\":\"https:\\\/\\\/veredes.es\\\/blog\\\/maestros-la-forma-espacio-fernando-castillo-velasco\\\/#primaryimage\"},\"thumbnailUrl\":\"https:\\\/\\\/veredes.es\\\/blog\\\/wp-content\\\/uploads\\\/2018\\\/04\\\/maestros-de-la-forma-y-el-espaci.jpg\",\"keywords\":[\"Alberto Cruz Covarrubias\",\"arquitectura chilena\",\"arquitectura moderna\",\"documental\",\"Fernando Castillo Velasco\",\"maestro\",\"s. xx\"],\"articleSection\":[\"tv\"],\"inLanguage\":\"es\",\"potentialAction\":[{\"@type\":\"CommentAction\",\"name\":\"Comment\",\"target\":[\"https:\\\/\\\/veredes.es\\\/blog\\\/maestros-la-forma-espacio-fernando-castillo-velasco\\\/#respond\"]}]},{\"@type\":\"WebPage\",\"@id\":\"https:\\\/\\\/veredes.es\\\/blog\\\/maestros-la-forma-espacio-fernando-castillo-velasco\\\/\",\"url\":\"https:\\\/\\\/veredes.es\\\/blog\\\/maestros-la-forma-espacio-fernando-castillo-velasco\\\/\",\"name\":\"[:es]Maestros de la forma y el espacio. Fernando Castillo Velasco[:gl]Mestres da forma e o espazo. Fernando Castillo Velasco[:en]Teachers of the form and the space. Fernando Castillo Velasco[:] - veredes\",\"isPartOf\":{\"@id\":\"https:\\\/\\\/veredes.es\\\/blog\\\/#website\"},\"primaryImageOfPage\":{\"@id\":\"https:\\\/\\\/veredes.es\\\/blog\\\/maestros-la-forma-espacio-fernando-castillo-velasco\\\/#primaryimage\"},\"image\":{\"@id\":\"https:\\\/\\\/veredes.es\\\/blog\\\/maestros-la-forma-espacio-fernando-castillo-velasco\\\/#primaryimage\"},\"thumbnailUrl\":\"https:\\\/\\\/veredes.es\\\/blog\\\/wp-content\\\/uploads\\\/2018\\\/04\\\/maestros-de-la-forma-y-el-espaci.jpg\",\"datePublished\":\"2018-04-16T22:01:21+00:00\",\"description\":\"Toda la informaci\u00f3n sobre: [:es]Maestros de la forma y el espacio. Fernando Castillo Velasco[:gl]Mestres da forma e o espazo. Fernando Castillo Velasco[:en]Teachers of the form and the space. Fernando Castillo Velasco[:]\",\"breadcrumb\":{\"@id\":\"https:\\\/\\\/veredes.es\\\/blog\\\/maestros-la-forma-espacio-fernando-castillo-velasco\\\/#breadcrumb\"},\"inLanguage\":\"es\",\"potentialAction\":[{\"@type\":\"ReadAction\",\"target\":[\"https:\\\/\\\/veredes.es\\\/blog\\\/maestros-la-forma-espacio-fernando-castillo-velasco\\\/\"]}]},{\"@type\":\"ImageObject\",\"inLanguage\":\"es\",\"@id\":\"https:\\\/\\\/veredes.es\\\/blog\\\/maestros-la-forma-espacio-fernando-castillo-velasco\\\/#primaryimage\",\"url\":\"https:\\\/\\\/veredes.es\\\/blog\\\/wp-content\\\/uploads\\\/2018\\\/04\\\/maestros-de-la-forma-y-el-espaci.jpg\",\"contentUrl\":\"https:\\\/\\\/veredes.es\\\/blog\\\/wp-content\\\/uploads\\\/2018\\\/04\\\/maestros-de-la-forma-y-el-espaci.jpg\",\"width\":480,\"height\":360},{\"@type\":\"BreadcrumbList\",\"@id\":\"https:\\\/\\\/veredes.es\\\/blog\\\/maestros-la-forma-espacio-fernando-castillo-velasco\\\/#breadcrumb\",\"itemListElement\":[{\"@type\":\"ListItem\",\"position\":1,\"name\":\"Portada\",\"item\":\"https:\\\/\\\/veredes.es\\\/blog\\\/\"},{\"@type\":\"ListItem\",\"position\":2,\"name\":\"Maestros de la forma y el espacio. Fernando Castillo Velasco\"}]},{\"@type\":\"WebSite\",\"@id\":\"https:\\\/\\\/veredes.es\\\/blog\\\/#website\",\"url\":\"https:\\\/\\\/veredes.es\\\/blog\\\/\",\"name\":\"veredes, arquitectura y divulgaci\u00f3n\",\"description\":\"veredes\",\"publisher\":{\"@id\":\"https:\\\/\\\/veredes.es\\\/blog\\\/#organization\"},\"alternateName\":\"veredes\",\"potentialAction\":[{\"@type\":\"SearchAction\",\"target\":{\"@type\":\"EntryPoint\",\"urlTemplate\":\"https:\\\/\\\/veredes.es\\\/blog\\\/?s={search_term_string}\"},\"query-input\":{\"@type\":\"PropertyValueSpecification\",\"valueRequired\":true,\"valueName\":\"search_term_string\"}}],\"inLanguage\":\"es\"},{\"@type\":\"Organization\",\"@id\":\"https:\\\/\\\/veredes.es\\\/blog\\\/#organization\",\"name\":\"veredes, arquitectura y divulgaci\u00f3n\",\"alternateName\":\"veredes\",\"url\":\"https:\\\/\\\/veredes.es\\\/blog\\\/\",\"logo\":{\"@type\":\"ImageObject\",\"inLanguage\":\"es\",\"@id\":\"https:\\\/\\\/veredes.es\\\/blog\\\/#\\\/schema\\\/logo\\\/image\\\/\",\"url\":\"https:\\\/\\\/veredes.es\\\/blog\\\/wp-content\\\/uploads\\\/2021\\\/12\\\/veredes-logo-centrado_140x54.png\",\"contentUrl\":\"https:\\\/\\\/veredes.es\\\/blog\\\/wp-content\\\/uploads\\\/2021\\\/12\\\/veredes-logo-centrado_140x54.png\",\"width\":140,\"height\":54,\"caption\":\"veredes, arquitectura y divulgaci\u00f3n\"},\"image\":{\"@id\":\"https:\\\/\\\/veredes.es\\\/blog\\\/#\\\/schema\\\/logo\\\/image\\\/\"},\"sameAs\":[\"https:\\\/\\\/www.facebook.com\\\/veredesArquitecturayDivulgacion\\\/\",\"https:\\\/\\\/x.com\\\/veredes\",\"https:\\\/\\\/instagram.com\\\/veredes\\\/\",\"https:\\\/\\\/www.linkedin.com\\\/company\\\/veredes-arquitectura-y-divulgacion\\\/\",\"https:\\\/\\\/es.pinterest.com\\\/veredes\\\/\",\"https:\\\/\\\/www.tumblr.com\\\/veredes\"]},{\"@type\":\"Person\",\"@id\":\"https:\\\/\\\/veredes.es\\\/blog\\\/#\\\/schema\\\/person\\\/0bbb669073ef7faba5168a0844e93d2c\",\"name\":\"veredes\",\"image\":{\"@type\":\"ImageObject\",\"inLanguage\":\"es\",\"@id\":\"https:\\\/\\\/veredes.es\\\/blog\\\/wp-content\\\/uploads\\\/2018\\\/04\\\/face-96x96.jpg\",\"url\":\"https:\\\/\\\/veredes.es\\\/blog\\\/wp-content\\\/uploads\\\/2018\\\/04\\\/face-96x96.jpg\",\"contentUrl\":\"https:\\\/\\\/veredes.es\\\/blog\\\/wp-content\\\/uploads\\\/2018\\\/04\\\/face-96x96.jpg\",\"caption\":\"veredes\"},\"description\":\"Surge enero de 2009 como b\u00fasqueda de satisfacer el conocimiento de la actividad arquitect\u00f3nica y tangentes que se generan. La idea es crear un espacio para divulgar los diversos proyectos en busca de nueva inspiraci\u00f3n y de intercambio.\",\"sameAs\":[\"https:\\\/\\\/veredes.es\\\/\",\"https:\\\/\\\/www.facebook.com\\\/veredesArquitecturayDivulgacion\\\/\",\"https:\\\/\\\/www.instagram.com\\\/veredes\\\/\",\"https:\\\/\\\/www.linkedin.com\\\/company\\\/veredes-arquitectura-y-divulgacion\\\/\",\"https:\\\/\\\/www.pinterest.es\\\/veredes\\\/\",\"https:\\\/\\\/x.com\\\/https:\\\/\\\/twitter.com\\\/veredes\",\"https:\\\/\\\/veredes.tumblr.com\\\/\"],\"url\":\"https:\\\/\\\/veredes.es\\\/blog\\\/author\\\/alberto\\\/\"}]}<\/script>\n<!-- \/ Yoast SEO plugin. -->","yoast_head_json":{"title":"[:es]Maestros de la forma y el espacio. Fernando Castillo Velasco[:gl]Mestres da forma e o espazo. Fernando Castillo Velasco[:en]Teachers of the form and the space. Fernando Castillo Velasco[:] - veredes","description":"Toda la informaci\u00f3n sobre: [:es]Maestros de la forma y el espacio. Fernando Castillo Velasco[:gl]Mestres da forma e o espazo. Fernando Castillo Velasco[:en]Teachers of the form and the space. Fernando Castillo Velasco[:]","robots":{"index":"index","follow":"follow","max-snippet":"max-snippet:-1","max-image-preview":"max-image-preview:large","max-video-preview":"max-video-preview:-1"},"canonical":"https:\/\/veredes.es\/blog\/maestros-la-forma-espacio-fernando-castillo-velasco\/","og_locale":"es_ES","og_type":"article","og_title":"[:es]Maestros de la forma y el espacio. Fernando Castillo Velasco[:gl]Mestres da forma e o espazo. Fernando Castillo Velasco[:en]Teachers of the form and the space. Fernando Castillo Velasco[:] - veredes","og_description":"Toda la informaci\u00f3n sobre: [:es]Maestros de la forma y el espacio. Fernando Castillo Velasco[:gl]Mestres da forma e o espazo. Fernando Castillo Velasco[:en]Teachers of the form and the space. Fernando Castillo Velasco[:]","og_url":"https:\/\/veredes.es\/blog\/maestros-la-forma-espacio-fernando-castillo-velasco\/","og_site_name":"veredes, arquitectura y divulgaci\u00f3n","article_publisher":"https:\/\/www.facebook.com\/veredesArquitecturayDivulgacion\/","article_author":"https:\/\/www.facebook.com\/veredesArquitecturayDivulgacion\/","article_published_time":"2018-04-16T22:01:21+00:00","og_image":[{"width":480,"height":360,"url":"https:\/\/veredes.es\/blog\/wp-content\/uploads\/2018\/04\/maestros-de-la-forma-y-el-espaci.jpg","type":"image\/jpeg"}],"author":"veredes","twitter_card":"summary_large_image","twitter_creator":"@https:\/\/twitter.com\/veredes","twitter_site":"@veredes","twitter_misc":{"Escrito por":"veredes","Tiempo de lectura":"2 minutos"},"schema":{"@context":"https:\/\/schema.org","@graph":[{"@type":"Article","@id":"https:\/\/veredes.es\/blog\/maestros-la-forma-espacio-fernando-castillo-velasco\/#article","isPartOf":{"@id":"https:\/\/veredes.es\/blog\/maestros-la-forma-espacio-fernando-castillo-velasco\/"},"author":{"name":"veredes","@id":"https:\/\/veredes.es\/blog\/#\/schema\/person\/0bbb669073ef7faba5168a0844e93d2c"},"headline":"Maestros de la forma y el espacio. Fernando Castillo Velasco","datePublished":"2018-04-16T22:01:21+00:00","mainEntityOfPage":{"@id":"https:\/\/veredes.es\/blog\/maestros-la-forma-espacio-fernando-castillo-velasco\/"},"wordCount":350,"commentCount":0,"publisher":{"@id":"https:\/\/veredes.es\/blog\/#organization"},"image":{"@id":"https:\/\/veredes.es\/blog\/maestros-la-forma-espacio-fernando-castillo-velasco\/#primaryimage"},"thumbnailUrl":"https:\/\/veredes.es\/blog\/wp-content\/uploads\/2018\/04\/maestros-de-la-forma-y-el-espaci.jpg","keywords":["Alberto Cruz Covarrubias","arquitectura chilena","arquitectura moderna","documental","Fernando Castillo Velasco","maestro","s. xx"],"articleSection":["tv"],"inLanguage":"es","potentialAction":[{"@type":"CommentAction","name":"Comment","target":["https:\/\/veredes.es\/blog\/maestros-la-forma-espacio-fernando-castillo-velasco\/#respond"]}]},{"@type":"WebPage","@id":"https:\/\/veredes.es\/blog\/maestros-la-forma-espacio-fernando-castillo-velasco\/","url":"https:\/\/veredes.es\/blog\/maestros-la-forma-espacio-fernando-castillo-velasco\/","name":"[:es]Maestros de la forma y el espacio. Fernando Castillo Velasco[:gl]Mestres da forma e o espazo. Fernando Castillo Velasco[:en]Teachers of the form and the space. Fernando Castillo Velasco[:] - veredes","isPartOf":{"@id":"https:\/\/veredes.es\/blog\/#website"},"primaryImageOfPage":{"@id":"https:\/\/veredes.es\/blog\/maestros-la-forma-espacio-fernando-castillo-velasco\/#primaryimage"},"image":{"@id":"https:\/\/veredes.es\/blog\/maestros-la-forma-espacio-fernando-castillo-velasco\/#primaryimage"},"thumbnailUrl":"https:\/\/veredes.es\/blog\/wp-content\/uploads\/2018\/04\/maestros-de-la-forma-y-el-espaci.jpg","datePublished":"2018-04-16T22:01:21+00:00","description":"Toda la informaci\u00f3n sobre: [:es]Maestros de la forma y el espacio. Fernando Castillo Velasco[:gl]Mestres da forma e o espazo. Fernando Castillo Velasco[:en]Teachers of the form and the space. Fernando Castillo Velasco[:]","breadcrumb":{"@id":"https:\/\/veredes.es\/blog\/maestros-la-forma-espacio-fernando-castillo-velasco\/#breadcrumb"},"inLanguage":"es","potentialAction":[{"@type":"ReadAction","target":["https:\/\/veredes.es\/blog\/maestros-la-forma-espacio-fernando-castillo-velasco\/"]}]},{"@type":"ImageObject","inLanguage":"es","@id":"https:\/\/veredes.es\/blog\/maestros-la-forma-espacio-fernando-castillo-velasco\/#primaryimage","url":"https:\/\/veredes.es\/blog\/wp-content\/uploads\/2018\/04\/maestros-de-la-forma-y-el-espaci.jpg","contentUrl":"https:\/\/veredes.es\/blog\/wp-content\/uploads\/2018\/04\/maestros-de-la-forma-y-el-espaci.jpg","width":480,"height":360},{"@type":"BreadcrumbList","@id":"https:\/\/veredes.es\/blog\/maestros-la-forma-espacio-fernando-castillo-velasco\/#breadcrumb","itemListElement":[{"@type":"ListItem","position":1,"name":"Portada","item":"https:\/\/veredes.es\/blog\/"},{"@type":"ListItem","position":2,"name":"Maestros de la forma y el espacio. Fernando Castillo Velasco"}]},{"@type":"WebSite","@id":"https:\/\/veredes.es\/blog\/#website","url":"https:\/\/veredes.es\/blog\/","name":"veredes, arquitectura y divulgaci\u00f3n","description":"veredes","publisher":{"@id":"https:\/\/veredes.es\/blog\/#organization"},"alternateName":"veredes","potentialAction":[{"@type":"SearchAction","target":{"@type":"EntryPoint","urlTemplate":"https:\/\/veredes.es\/blog\/?s={search_term_string}"},"query-input":{"@type":"PropertyValueSpecification","valueRequired":true,"valueName":"search_term_string"}}],"inLanguage":"es"},{"@type":"Organization","@id":"https:\/\/veredes.es\/blog\/#organization","name":"veredes, arquitectura y divulgaci\u00f3n","alternateName":"veredes","url":"https:\/\/veredes.es\/blog\/","logo":{"@type":"ImageObject","inLanguage":"es","@id":"https:\/\/veredes.es\/blog\/#\/schema\/logo\/image\/","url":"https:\/\/veredes.es\/blog\/wp-content\/uploads\/2021\/12\/veredes-logo-centrado_140x54.png","contentUrl":"https:\/\/veredes.es\/blog\/wp-content\/uploads\/2021\/12\/veredes-logo-centrado_140x54.png","width":140,"height":54,"caption":"veredes, arquitectura y divulgaci\u00f3n"},"image":{"@id":"https:\/\/veredes.es\/blog\/#\/schema\/logo\/image\/"},"sameAs":["https:\/\/www.facebook.com\/veredesArquitecturayDivulgacion\/","https:\/\/x.com\/veredes","https:\/\/instagram.com\/veredes\/","https:\/\/www.linkedin.com\/company\/veredes-arquitectura-y-divulgacion\/","https:\/\/es.pinterest.com\/veredes\/","https:\/\/www.tumblr.com\/veredes"]},{"@type":"Person","@id":"https:\/\/veredes.es\/blog\/#\/schema\/person\/0bbb669073ef7faba5168a0844e93d2c","name":"veredes","image":{"@type":"ImageObject","inLanguage":"es","@id":"https:\/\/veredes.es\/blog\/wp-content\/uploads\/2018\/04\/face-96x96.jpg","url":"https:\/\/veredes.es\/blog\/wp-content\/uploads\/2018\/04\/face-96x96.jpg","contentUrl":"https:\/\/veredes.es\/blog\/wp-content\/uploads\/2018\/04\/face-96x96.jpg","caption":"veredes"},"description":"Surge enero de 2009 como b\u00fasqueda de satisfacer el conocimiento de la actividad arquitect\u00f3nica y tangentes que se generan. La idea es crear un espacio para divulgar los diversos proyectos en busca de nueva inspiraci\u00f3n y de intercambio.","sameAs":["https:\/\/veredes.es\/","https:\/\/www.facebook.com\/veredesArquitecturayDivulgacion\/","https:\/\/www.instagram.com\/veredes\/","https:\/\/www.linkedin.com\/company\/veredes-arquitectura-y-divulgacion\/","https:\/\/www.pinterest.es\/veredes\/","https:\/\/x.com\/https:\/\/twitter.com\/veredes","https:\/\/veredes.tumblr.com\/"],"url":"https:\/\/veredes.es\/blog\/author\/alberto\/"}]}},"_links":{"self":[{"href":"https:\/\/veredes.es\/blog\/wp-json\/wp\/v2\/posts\/68319","targetHints":{"allow":["GET"]}}],"collection":[{"href":"https:\/\/veredes.es\/blog\/wp-json\/wp\/v2\/posts"}],"about":[{"href":"https:\/\/veredes.es\/blog\/wp-json\/wp\/v2\/types\/post"}],"author":[{"embeddable":true,"href":"https:\/\/veredes.es\/blog\/wp-json\/wp\/v2\/users\/2"}],"replies":[{"embeddable":true,"href":"https:\/\/veredes.es\/blog\/wp-json\/wp\/v2\/comments?post=68319"}],"version-history":[{"count":0,"href":"https:\/\/veredes.es\/blog\/wp-json\/wp\/v2\/posts\/68319\/revisions"}],"wp:featuredmedia":[{"embeddable":true,"href":"https:\/\/veredes.es\/blog\/wp-json\/wp\/v2\/media\/68417"}],"wp:attachment":[{"href":"https:\/\/veredes.es\/blog\/wp-json\/wp\/v2\/media?parent=68319"}],"wp:term":[{"taxonomy":"category","embeddable":true,"href":"https:\/\/veredes.es\/blog\/wp-json\/wp\/v2\/categories?post=68319"},{"taxonomy":"post_tag","embeddable":true,"href":"https:\/\/veredes.es\/blog\/wp-json\/wp\/v2\/tags?post=68319"}],"curies":[{"name":"wp","href":"https:\/\/api.w.org\/{rel}","templated":true}]}}