{"id":67519,"date":"2019-03-18T00:01:04","date_gmt":"2019-03-17T23:01:04","guid":{"rendered":"https:\/\/veredes.es\/blog\/?p=67519"},"modified":"2019-02-04T13:50:36","modified_gmt":"2019-02-04T12:50:36","slug":"conversacion-sergio-miguel","status":"publish","type":"post","link":"https:\/\/veredes.es\/blog\/conversacion-sergio-miguel\/","title":{"rendered":"Conversaci\u00f3n | Sergio de Miguel"},"content":{"rendered":"<p><figure id=\"attachment_67520\" aria-describedby=\"caption-attachment-67520\" style=\"width: 640px\" class=\"wp-caption alignnone\"><img loading=\"lazy\" decoding=\"async\" class=\"size-large wp-image-67520\" src=\"https:\/\/veredes.es\/blog\/wp-content\/uploads\/2018\/02\/Conversaci\u00f3n-Sergio-de-Miguel-Pennsylvania-College-Democrats-1024x576.jpg\" alt=\"Pennsylvania College Democrats\" width=\"640\" height=\"360\" srcset=\"https:\/\/veredes.es\/blog\/wp-content\/uploads\/2018\/02\/Conversaci\u00f3n-Sergio-de-Miguel-Pennsylvania-College-Democrats-1024x576.jpg 1024w, https:\/\/veredes.es\/blog\/wp-content\/uploads\/2018\/02\/Conversaci\u00f3n-Sergio-de-Miguel-Pennsylvania-College-Democrats-300x169.jpg 300w, https:\/\/veredes.es\/blog\/wp-content\/uploads\/2018\/02\/Conversaci\u00f3n-Sergio-de-Miguel-Pennsylvania-College-Democrats.jpg 1200w\" sizes=\"auto, (max-width: 640px) 100vw, 640px\" \/><figcaption id=\"caption-attachment-67520\" class=\"wp-caption-text\"><span style=\"color: #999999;\">Pennsylvania College Democrats<\/span><\/figcaption><\/figure><\/p>\n<p style=\"text-align: justify;\">Pudi\u00e9ramos pensar que cuando utilizamos el t\u00e9rmino conversaci\u00f3n nos acercamos a describir lo que entendemos por <a href=\"https:\/\/veredes.es\/blog\/intimas-rutinas-martin-marcos\/\" target=\"_blank\">di\u00e1logo<\/a>, y por extensi\u00f3n por mon\u00f3logo, pero en realidad son expresiones distantes. Tener una conversaci\u00f3n queda alejado de impartir o imponer l\u00f3gicas o desaf\u00edos duales o individuales.<\/p>\n<p style=\"text-align: justify;\">Se emparenta de forma m\u00e1s precisa con agruparse intencionadamente para proceder a dar vueltas decisivas sobre algo, sin saber necesariamente cu\u00e1l va a ser el resultado final. No en vano el latino &#8211;<em>versare<\/em>&#8211; indica movimiento, cambio, transformaci\u00f3n. La <a href=\"https:\/\/veredes.es\/blog\/comunicar-la-arquitectura-i-inigo-garcia-odiaga\/\" target=\"_blank\">disponibilidad<\/a> a la conversaci\u00f3n denota voluntad de adaptaci\u00f3n, de ajuste y acomodo.<\/p>\n<p style=\"text-align: justify;\">No se trata de convencer, se trata de vencer la <a href=\"https:\/\/veredes.es\/blog\/arquitectura-critica-revistas-conocimiento-y-la-red-miguel-villegas\/\" target=\"_blank\">incertidumbre<\/a> mediante la apertura frente a la disposici\u00f3n com\u00fan (de ah\u00ed que la \u00abconversi\u00f3n\u00bb se refiera a cambiar de religi\u00f3n). Conlleva por tanto volver y devolver de manera frecuente los criterios de unos con los otros. En definitiva se trata de entrelazar, entablar v\u00ednculos aproximativos dentro de un colectivo con intereses comunes.<\/p>\n<p style=\"text-align: justify;\">A menudo se concibe con cierta ingenuidad que hacer arquitectura es un acto <a href=\"https:\/\/veredes.es\/blog\/una-teoria-docente-una-manera-las-cosas-jorge-meijide\/\" target=\"_blank\">individual<\/a>. Pero rara vez es as\u00ed. La arquitectura es siempre una actividad compleja, y provoca din\u00e1micas de una diversidad tan intensa como recurrente. Por ello acudir al recurso de la conversaci\u00f3n, activa y perspicaz, es la m\u00e1s atinada imagen de la actitud pragm\u00e1tica que se hace necesaria.<\/p>\n<p style=\"text-align: justify;\">La <a href=\"https:\/\/veredes.es\/blog\/hagan-el-favor-de-recoger-el-balon-del-fondo-de-la-malla-luis-gilcristina-nieto\/\" target=\"_blank\">praxis arquitect\u00f3nica<\/a> incide en la conveniencia de la confrontaci\u00f3n, en cultivar y definir la actitud cr\u00edtica en busca de acuerdos colectivos. La arquitectura para ser posible debe ser algo compartido, discutido y acordado por muchos. Estamos ante una disciplina, experta y \u00fatil, que atiende a intereses y objetivos m\u00faltiples.<\/p>\n<p style=\"text-align: justify;\">Acudir a <a href=\"https:\/\/veredes.es\/blog\/dibujos-obra-del-lugar-mental-la-realidad-final-luis-gil\/\" target=\"_blank\">practicar <\/a>una conversaci\u00f3n no es s\u00f3lo buscar conciertos convenientes, es sobre todo asumir que se debe abrir la capacidad de respuesta a todo aquello que haga coincidir los muchos intereses en juego. Conversar es conocer, y tambi\u00e9n reconocer, todo aquello que importa.<\/p>\n<p style=\"text-align: justify;\">Hay que concluir que saber <a href=\"https:\/\/veredes.es\/blog\/arquitecto-liquido-stepienybarno\/\" target=\"_blank\">conversar<\/a> llega a ser indispensable para tener \u00e9xito. Y es que tener \u00e9xito, tener una salida triunfante, se demuestra que no depende s\u00f3lo de uno mismo.<\/p>\n<p style=\"text-align: justify;\">Qu\u00e9 es lo que hacemos sino una conversaci\u00f3n.<\/p>\n<p style=\"text-align: justify;\">Sergio de Miguel, Doctor arquitecto<br \/>\nMadrid,\u00a0diciembre 2016<br \/>\n<span style=\"color: #999999;\"><em>Publicado en Grupo docente y de investigaci\u00f3n para la arquitectura\u00a0Grupo 4!\u00a0de la ETSAM.<\/em><\/span><\/p>\n<p><\/p>","protected":false},"excerpt":{"rendered":"<p>Pudi\u00e9ramos pensar que cuando utilizamos el t\u00e9rmino conversaci\u00f3n nos acercamos a describir lo que entendemos por di\u00e1logo, y por extensi\u00f3n por mon\u00f3logo, pero en realidad son expresiones distantes. Tener una conversaci\u00f3n queda alejado de impartir o imponer l\u00f3gicas o desaf\u00edos duales o individuales. Se emparenta de forma m\u00e1s precisa con agruparse intencionadamente para proceder a [&hellip;]<\/p>\n","protected":false},"author":24,"featured_media":67520,"comment_status":"open","ping_status":"closed","sticky":false,"template":"","format":"standard","meta":{"footnotes":""},"categories":[5934,5951],"tags":[1512,4935,362,3113,1862,530,659,1873,789,3255,2496,920,7188,1021,1147,1149,2112,5945,3015,5276,3311,1278],"class_list":{"0":"post-67519","1":"post","2":"type-post","3":"status-publish","4":"format-standard","5":"has-post-thumbnail","7":"category-articulos","8":"category-slider-principal","9":"tag-arquitectura-en-la-memoria","10":"tag-complejidad","11":"tag-conocimiento","12":"tag-creatividad","13":"tag-eficiencia","14":"tag-estrategias","15":"tag-habitar","16":"tag-imagen","17":"tag-lenguaje","18":"tag-memoria","19":"tag-movimiento","20":"tag-naturaleza","21":"tag-observar","22":"tag-pensamiento","23":"tag-reconocimiento","24":"tag-recorrido","25":"tag-representacion","26":"tag-sergio-de-miguel","27":"tag-simbolismo","28":"tag-simbolo","29":"tag-tecnica-tradicional","30":"tag-teoria"},"yoast_head":"<!-- This site is optimized with the Yoast SEO plugin v27.5 - https:\/\/yoast.com\/product\/yoast-seo-wordpress\/ -->\n<title>Conversaci\u00f3n | Sergio de Miguel - veredes<\/title>\n<meta name=\"description\" content=\"Toda la informaci\u00f3n sobre: [:es]Conversaci\u00f3n | Sergio de Miguel[:gl]Conversaci\u00f3n | Sergio de Miguel[:en]Conversation | Sergio de Miguel[:]\" \/>\n<meta name=\"robots\" content=\"index, follow, max-snippet:-1, max-image-preview:large, max-video-preview:-1\" \/>\n<link rel=\"canonical\" href=\"https:\/\/veredes.es\/blog\/conversacion-sergio-miguel\/\" \/>\n<meta property=\"og:locale\" content=\"es_ES\" \/>\n<meta property=\"og:type\" content=\"article\" \/>\n<meta property=\"og:title\" content=\"[:es]Conversaci\u00f3n | Sergio de Miguel[:gl]Conversaci\u00f3n | Sergio de Miguel[:en]Conversation | Sergio de Miguel[:] - veredes\" \/>\n<meta property=\"og:description\" content=\"Toda la informaci\u00f3n sobre: [:es]Conversaci\u00f3n | Sergio de Miguel[:gl]Conversaci\u00f3n | Sergio de Miguel[:en]Conversation | Sergio de Miguel[:]\" \/>\n<meta property=\"og:url\" content=\"https:\/\/veredes.es\/blog\/conversacion-sergio-miguel\/\" \/>\n<meta property=\"og:site_name\" content=\"veredes, arquitectura y divulgaci\u00f3n\" \/>\n<meta property=\"article:publisher\" content=\"https:\/\/www.facebook.com\/veredesArquitecturayDivulgacion\/\" \/>\n<meta property=\"article:author\" content=\"https:\/\/www.facebook.com\/sdmhand\" \/>\n<meta property=\"article:published_time\" content=\"2019-03-17T23:01:04+00:00\" \/>\n<meta property=\"og:image\" content=\"https:\/\/veredes.es\/blog\/wp-content\/uploads\/2018\/02\/Conversaci\u00f3n-Sergio-de-Miguel-Pennsylvania-College-Democrats.jpg\" \/>\n\t<meta property=\"og:image:width\" content=\"1200\" \/>\n\t<meta property=\"og:image:height\" content=\"675\" \/>\n\t<meta property=\"og:image:type\" content=\"image\/jpeg\" \/>\n<meta name=\"author\" content=\"Sergio de Miguel Garc\u00eda\" \/>\n<meta name=\"twitter:card\" content=\"summary_large_image\" \/>\n<meta name=\"twitter:creator\" content=\"@https:\/\/twitter.com\/sdmhand\" \/>\n<meta name=\"twitter:site\" content=\"@veredes\" \/>\n<meta name=\"twitter:label1\" content=\"Escrito por\" \/>\n\t<meta name=\"twitter:data1\" content=\"Sergio de Miguel Garc\u00eda\" \/>\n\t<meta name=\"twitter:label2\" content=\"Tiempo de lectura\" \/>\n\t<meta name=\"twitter:data2\" content=\"6 minutos\" \/>\n<script type=\"application\/ld+json\" class=\"yoast-schema-graph\">{\"@context\":\"https:\\\/\\\/schema.org\",\"@graph\":[{\"@type\":\"Article\",\"@id\":\"https:\\\/\\\/veredes.es\\\/blog\\\/conversacion-sergio-miguel\\\/#article\",\"isPartOf\":{\"@id\":\"https:\\\/\\\/veredes.es\\\/blog\\\/conversacion-sergio-miguel\\\/\"},\"author\":{\"name\":\"Sergio de Miguel Garc\u00eda\",\"@id\":\"https:\\\/\\\/veredes.es\\\/blog\\\/#\\\/schema\\\/person\\\/03abd4607ec3697544ddb6c9e3f6164c\"},\"headline\":\"Conversaci\u00f3n | Sergio de Miguel\",\"datePublished\":\"2019-03-17T23:01:04+00:00\",\"mainEntityOfPage\":{\"@id\":\"https:\\\/\\\/veredes.es\\\/blog\\\/conversacion-sergio-miguel\\\/\"},\"wordCount\":1245,\"commentCount\":0,\"publisher\":{\"@id\":\"https:\\\/\\\/veredes.es\\\/blog\\\/#organization\"},\"image\":{\"@id\":\"https:\\\/\\\/veredes.es\\\/blog\\\/conversacion-sergio-miguel\\\/#primaryimage\"},\"thumbnailUrl\":\"https:\\\/\\\/veredes.es\\\/blog\\\/wp-content\\\/uploads\\\/2018\\\/02\\\/Conversaci\u00f3n-Sergio-de-Miguel-Pennsylvania-College-Democrats.jpg\",\"keywords\":[\"arquitectura en la memoria\",\"complejidad\",\"conocimiento\",\"creatividad\",\"eficiencia\",\"estrategias\",\"habitar\",\"imagen\",\"lenguaje\",\"memoria\",\"movimiento\",\"naturaleza\",\"observar\",\"pensamiento\",\"reconocimiento\",\"recorrido\",\"representaci\u00f3n\",\"Sergio de Miguel\",\"simbolismo\",\"s\u00edmbolo\",\"t\u00e9cnica tradicional\",\"teor\u00eda\"],\"articleSection\":[\"art\u00edculos\",\"slider principal\"],\"inLanguage\":\"es\",\"potentialAction\":[{\"@type\":\"CommentAction\",\"name\":\"Comment\",\"target\":[\"https:\\\/\\\/veredes.es\\\/blog\\\/conversacion-sergio-miguel\\\/#respond\"]}]},{\"@type\":\"WebPage\",\"@id\":\"https:\\\/\\\/veredes.es\\\/blog\\\/conversacion-sergio-miguel\\\/\",\"url\":\"https:\\\/\\\/veredes.es\\\/blog\\\/conversacion-sergio-miguel\\\/\",\"name\":\"[:es]Conversaci\u00f3n | Sergio de Miguel[:gl]Conversaci\u00f3n | Sergio de Miguel[:en]Conversation | Sergio de Miguel[:] - veredes\",\"isPartOf\":{\"@id\":\"https:\\\/\\\/veredes.es\\\/blog\\\/#website\"},\"primaryImageOfPage\":{\"@id\":\"https:\\\/\\\/veredes.es\\\/blog\\\/conversacion-sergio-miguel\\\/#primaryimage\"},\"image\":{\"@id\":\"https:\\\/\\\/veredes.es\\\/blog\\\/conversacion-sergio-miguel\\\/#primaryimage\"},\"thumbnailUrl\":\"https:\\\/\\\/veredes.es\\\/blog\\\/wp-content\\\/uploads\\\/2018\\\/02\\\/Conversaci\u00f3n-Sergio-de-Miguel-Pennsylvania-College-Democrats.jpg\",\"datePublished\":\"2019-03-17T23:01:04+00:00\",\"description\":\"Toda la informaci\u00f3n sobre: [:es]Conversaci\u00f3n | Sergio de Miguel[:gl]Conversaci\u00f3n | Sergio de Miguel[:en]Conversation | Sergio de Miguel[:]\",\"breadcrumb\":{\"@id\":\"https:\\\/\\\/veredes.es\\\/blog\\\/conversacion-sergio-miguel\\\/#breadcrumb\"},\"inLanguage\":\"es\",\"potentialAction\":[{\"@type\":\"ReadAction\",\"target\":[\"https:\\\/\\\/veredes.es\\\/blog\\\/conversacion-sergio-miguel\\\/\"]}]},{\"@type\":\"ImageObject\",\"inLanguage\":\"es\",\"@id\":\"https:\\\/\\\/veredes.es\\\/blog\\\/conversacion-sergio-miguel\\\/#primaryimage\",\"url\":\"https:\\\/\\\/veredes.es\\\/blog\\\/wp-content\\\/uploads\\\/2018\\\/02\\\/Conversaci\u00f3n-Sergio-de-Miguel-Pennsylvania-College-Democrats.jpg\",\"contentUrl\":\"https:\\\/\\\/veredes.es\\\/blog\\\/wp-content\\\/uploads\\\/2018\\\/02\\\/Conversaci\u00f3n-Sergio-de-Miguel-Pennsylvania-College-Democrats.jpg\",\"width\":1200,\"height\":675,\"caption\":\"Pennsylvania College Democrats\"},{\"@type\":\"BreadcrumbList\",\"@id\":\"https:\\\/\\\/veredes.es\\\/blog\\\/conversacion-sergio-miguel\\\/#breadcrumb\",\"itemListElement\":[{\"@type\":\"ListItem\",\"position\":1,\"name\":\"Portada\",\"item\":\"https:\\\/\\\/veredes.es\\\/blog\\\/\"},{\"@type\":\"ListItem\",\"position\":2,\"name\":\"Conversaci\u00f3n | Sergio de Miguel\"}]},{\"@type\":\"WebSite\",\"@id\":\"https:\\\/\\\/veredes.es\\\/blog\\\/#website\",\"url\":\"https:\\\/\\\/veredes.es\\\/blog\\\/\",\"name\":\"veredes, arquitectura y divulgaci\u00f3n\",\"description\":\"veredes\",\"publisher\":{\"@id\":\"https:\\\/\\\/veredes.es\\\/blog\\\/#organization\"},\"alternateName\":\"veredes\",\"potentialAction\":[{\"@type\":\"SearchAction\",\"target\":{\"@type\":\"EntryPoint\",\"urlTemplate\":\"https:\\\/\\\/veredes.es\\\/blog\\\/?s={search_term_string}\"},\"query-input\":{\"@type\":\"PropertyValueSpecification\",\"valueRequired\":true,\"valueName\":\"search_term_string\"}}],\"inLanguage\":\"es\"},{\"@type\":\"Organization\",\"@id\":\"https:\\\/\\\/veredes.es\\\/blog\\\/#organization\",\"name\":\"veredes, arquitectura y divulgaci\u00f3n\",\"alternateName\":\"veredes\",\"url\":\"https:\\\/\\\/veredes.es\\\/blog\\\/\",\"logo\":{\"@type\":\"ImageObject\",\"inLanguage\":\"es\",\"@id\":\"https:\\\/\\\/veredes.es\\\/blog\\\/#\\\/schema\\\/logo\\\/image\\\/\",\"url\":\"https:\\\/\\\/veredes.es\\\/blog\\\/wp-content\\\/uploads\\\/2021\\\/12\\\/veredes-logo-centrado_140x54.png\",\"contentUrl\":\"https:\\\/\\\/veredes.es\\\/blog\\\/wp-content\\\/uploads\\\/2021\\\/12\\\/veredes-logo-centrado_140x54.png\",\"width\":140,\"height\":54,\"caption\":\"veredes, arquitectura y divulgaci\u00f3n\"},\"image\":{\"@id\":\"https:\\\/\\\/veredes.es\\\/blog\\\/#\\\/schema\\\/logo\\\/image\\\/\"},\"sameAs\":[\"https:\\\/\\\/www.facebook.com\\\/veredesArquitecturayDivulgacion\\\/\",\"https:\\\/\\\/x.com\\\/veredes\",\"https:\\\/\\\/instagram.com\\\/veredes\\\/\",\"https:\\\/\\\/www.linkedin.com\\\/company\\\/veredes-arquitectura-y-divulgacion\\\/\",\"https:\\\/\\\/es.pinterest.com\\\/veredes\\\/\",\"https:\\\/\\\/www.tumblr.com\\\/veredes\"]},{\"@type\":\"Person\",\"@id\":\"https:\\\/\\\/veredes.es\\\/blog\\\/#\\\/schema\\\/person\\\/03abd4607ec3697544ddb6c9e3f6164c\",\"name\":\"Sergio de Miguel Garc\u00eda\",\"image\":{\"@type\":\"ImageObject\",\"inLanguage\":\"es\",\"@id\":\"https:\\\/\\\/veredes.es\\\/blog\\\/wp-content\\\/uploads\\\/2018\\\/04\\\/Sergio-de-Miguel-Garc\u00eda-96x96.jpg\",\"url\":\"https:\\\/\\\/veredes.es\\\/blog\\\/wp-content\\\/uploads\\\/2018\\\/04\\\/Sergio-de-Miguel-Garc\u00eda-96x96.jpg\",\"contentUrl\":\"https:\\\/\\\/veredes.es\\\/blog\\\/wp-content\\\/uploads\\\/2018\\\/04\\\/Sergio-de-Miguel-Garc\u00eda-96x96.jpg\",\"caption\":\"Sergio de Miguel Garc\u00eda\"},\"description\":\"Ph.D. Arquitectura, Universidad Polit\u00e9cnica de Madrid, (ETSAM) 2016. M.A. Arquitectura, Universidad Polit\u00e9cnica de Madrid, (ETSAM) 1990. Profesor en la Universidad Polit\u00e9cnica de Madrid, (ETSAM) desde 1995.\",\"sameAs\":[\"http:\\\/\\\/www.hand-architecture.com\\\/\",\"https:\\\/\\\/www.facebook.com\\\/sdmhand\",\"https:\\\/\\\/www.instagram.com\\\/sdmhand\\\/\",\"https:\\\/\\\/www.linkedin.com\\\/in\\\/sdmhandarchitecture\\\/\",\"https:\\\/\\\/x.com\\\/https:\\\/\\\/twitter.com\\\/sdmhand\"],\"url\":\"https:\\\/\\\/veredes.es\\\/blog\\\/author\\\/sdem\\\/\"}]}<\/script>\n<!-- \/ Yoast SEO plugin. -->","yoast_head_json":{"title":"[:es]Conversaci\u00f3n | Sergio de Miguel[:gl]Conversaci\u00f3n | Sergio de Miguel[:en]Conversation | Sergio de Miguel[:] - veredes","description":"Toda la informaci\u00f3n sobre: [:es]Conversaci\u00f3n | Sergio de Miguel[:gl]Conversaci\u00f3n | Sergio de Miguel[:en]Conversation | Sergio de Miguel[:]","robots":{"index":"index","follow":"follow","max-snippet":"max-snippet:-1","max-image-preview":"max-image-preview:large","max-video-preview":"max-video-preview:-1"},"canonical":"https:\/\/veredes.es\/blog\/conversacion-sergio-miguel\/","og_locale":"es_ES","og_type":"article","og_title":"[:es]Conversaci\u00f3n | Sergio de Miguel[:gl]Conversaci\u00f3n | Sergio de Miguel[:en]Conversation | Sergio de Miguel[:] - veredes","og_description":"Toda la informaci\u00f3n sobre: [:es]Conversaci\u00f3n | Sergio de Miguel[:gl]Conversaci\u00f3n | Sergio de Miguel[:en]Conversation | Sergio de Miguel[:]","og_url":"https:\/\/veredes.es\/blog\/conversacion-sergio-miguel\/","og_site_name":"veredes, arquitectura y divulgaci\u00f3n","article_publisher":"https:\/\/www.facebook.com\/veredesArquitecturayDivulgacion\/","article_author":"https:\/\/www.facebook.com\/sdmhand","article_published_time":"2019-03-17T23:01:04+00:00","og_image":[{"width":1200,"height":675,"url":"https:\/\/veredes.es\/blog\/wp-content\/uploads\/2018\/02\/Conversaci\u00f3n-Sergio-de-Miguel-Pennsylvania-College-Democrats.jpg","type":"image\/jpeg"}],"author":"Sergio de Miguel Garc\u00eda","twitter_card":"summary_large_image","twitter_creator":"@https:\/\/twitter.com\/sdmhand","twitter_site":"@veredes","twitter_misc":{"Escrito por":"Sergio de Miguel Garc\u00eda","Tiempo de lectura":"6 minutos"},"schema":{"@context":"https:\/\/schema.org","@graph":[{"@type":"Article","@id":"https:\/\/veredes.es\/blog\/conversacion-sergio-miguel\/#article","isPartOf":{"@id":"https:\/\/veredes.es\/blog\/conversacion-sergio-miguel\/"},"author":{"name":"Sergio de Miguel Garc\u00eda","@id":"https:\/\/veredes.es\/blog\/#\/schema\/person\/03abd4607ec3697544ddb6c9e3f6164c"},"headline":"Conversaci\u00f3n | Sergio de Miguel","datePublished":"2019-03-17T23:01:04+00:00","mainEntityOfPage":{"@id":"https:\/\/veredes.es\/blog\/conversacion-sergio-miguel\/"},"wordCount":1245,"commentCount":0,"publisher":{"@id":"https:\/\/veredes.es\/blog\/#organization"},"image":{"@id":"https:\/\/veredes.es\/blog\/conversacion-sergio-miguel\/#primaryimage"},"thumbnailUrl":"https:\/\/veredes.es\/blog\/wp-content\/uploads\/2018\/02\/Conversaci\u00f3n-Sergio-de-Miguel-Pennsylvania-College-Democrats.jpg","keywords":["arquitectura en la memoria","complejidad","conocimiento","creatividad","eficiencia","estrategias","habitar","imagen","lenguaje","memoria","movimiento","naturaleza","observar","pensamiento","reconocimiento","recorrido","representaci\u00f3n","Sergio de Miguel","simbolismo","s\u00edmbolo","t\u00e9cnica tradicional","teor\u00eda"],"articleSection":["art\u00edculos","slider principal"],"inLanguage":"es","potentialAction":[{"@type":"CommentAction","name":"Comment","target":["https:\/\/veredes.es\/blog\/conversacion-sergio-miguel\/#respond"]}]},{"@type":"WebPage","@id":"https:\/\/veredes.es\/blog\/conversacion-sergio-miguel\/","url":"https:\/\/veredes.es\/blog\/conversacion-sergio-miguel\/","name":"[:es]Conversaci\u00f3n | Sergio de Miguel[:gl]Conversaci\u00f3n | Sergio de Miguel[:en]Conversation | Sergio de Miguel[:] - veredes","isPartOf":{"@id":"https:\/\/veredes.es\/blog\/#website"},"primaryImageOfPage":{"@id":"https:\/\/veredes.es\/blog\/conversacion-sergio-miguel\/#primaryimage"},"image":{"@id":"https:\/\/veredes.es\/blog\/conversacion-sergio-miguel\/#primaryimage"},"thumbnailUrl":"https:\/\/veredes.es\/blog\/wp-content\/uploads\/2018\/02\/Conversaci\u00f3n-Sergio-de-Miguel-Pennsylvania-College-Democrats.jpg","datePublished":"2019-03-17T23:01:04+00:00","description":"Toda la informaci\u00f3n sobre: [:es]Conversaci\u00f3n | Sergio de Miguel[:gl]Conversaci\u00f3n | Sergio de Miguel[:en]Conversation | Sergio de Miguel[:]","breadcrumb":{"@id":"https:\/\/veredes.es\/blog\/conversacion-sergio-miguel\/#breadcrumb"},"inLanguage":"es","potentialAction":[{"@type":"ReadAction","target":["https:\/\/veredes.es\/blog\/conversacion-sergio-miguel\/"]}]},{"@type":"ImageObject","inLanguage":"es","@id":"https:\/\/veredes.es\/blog\/conversacion-sergio-miguel\/#primaryimage","url":"https:\/\/veredes.es\/blog\/wp-content\/uploads\/2018\/02\/Conversaci\u00f3n-Sergio-de-Miguel-Pennsylvania-College-Democrats.jpg","contentUrl":"https:\/\/veredes.es\/blog\/wp-content\/uploads\/2018\/02\/Conversaci\u00f3n-Sergio-de-Miguel-Pennsylvania-College-Democrats.jpg","width":1200,"height":675,"caption":"Pennsylvania College Democrats"},{"@type":"BreadcrumbList","@id":"https:\/\/veredes.es\/blog\/conversacion-sergio-miguel\/#breadcrumb","itemListElement":[{"@type":"ListItem","position":1,"name":"Portada","item":"https:\/\/veredes.es\/blog\/"},{"@type":"ListItem","position":2,"name":"Conversaci\u00f3n | Sergio de Miguel"}]},{"@type":"WebSite","@id":"https:\/\/veredes.es\/blog\/#website","url":"https:\/\/veredes.es\/blog\/","name":"veredes, arquitectura y divulgaci\u00f3n","description":"veredes","publisher":{"@id":"https:\/\/veredes.es\/blog\/#organization"},"alternateName":"veredes","potentialAction":[{"@type":"SearchAction","target":{"@type":"EntryPoint","urlTemplate":"https:\/\/veredes.es\/blog\/?s={search_term_string}"},"query-input":{"@type":"PropertyValueSpecification","valueRequired":true,"valueName":"search_term_string"}}],"inLanguage":"es"},{"@type":"Organization","@id":"https:\/\/veredes.es\/blog\/#organization","name":"veredes, arquitectura y divulgaci\u00f3n","alternateName":"veredes","url":"https:\/\/veredes.es\/blog\/","logo":{"@type":"ImageObject","inLanguage":"es","@id":"https:\/\/veredes.es\/blog\/#\/schema\/logo\/image\/","url":"https:\/\/veredes.es\/blog\/wp-content\/uploads\/2021\/12\/veredes-logo-centrado_140x54.png","contentUrl":"https:\/\/veredes.es\/blog\/wp-content\/uploads\/2021\/12\/veredes-logo-centrado_140x54.png","width":140,"height":54,"caption":"veredes, arquitectura y divulgaci\u00f3n"},"image":{"@id":"https:\/\/veredes.es\/blog\/#\/schema\/logo\/image\/"},"sameAs":["https:\/\/www.facebook.com\/veredesArquitecturayDivulgacion\/","https:\/\/x.com\/veredes","https:\/\/instagram.com\/veredes\/","https:\/\/www.linkedin.com\/company\/veredes-arquitectura-y-divulgacion\/","https:\/\/es.pinterest.com\/veredes\/","https:\/\/www.tumblr.com\/veredes"]},{"@type":"Person","@id":"https:\/\/veredes.es\/blog\/#\/schema\/person\/03abd4607ec3697544ddb6c9e3f6164c","name":"Sergio de Miguel Garc\u00eda","image":{"@type":"ImageObject","inLanguage":"es","@id":"https:\/\/veredes.es\/blog\/wp-content\/uploads\/2018\/04\/Sergio-de-Miguel-Garc\u00eda-96x96.jpg","url":"https:\/\/veredes.es\/blog\/wp-content\/uploads\/2018\/04\/Sergio-de-Miguel-Garc\u00eda-96x96.jpg","contentUrl":"https:\/\/veredes.es\/blog\/wp-content\/uploads\/2018\/04\/Sergio-de-Miguel-Garc\u00eda-96x96.jpg","caption":"Sergio de Miguel Garc\u00eda"},"description":"Ph.D. Arquitectura, Universidad Polit\u00e9cnica de Madrid, (ETSAM) 2016. M.A. Arquitectura, Universidad Polit\u00e9cnica de Madrid, (ETSAM) 1990. Profesor en la Universidad Polit\u00e9cnica de Madrid, (ETSAM) desde 1995.","sameAs":["http:\/\/www.hand-architecture.com\/","https:\/\/www.facebook.com\/sdmhand","https:\/\/www.instagram.com\/sdmhand\/","https:\/\/www.linkedin.com\/in\/sdmhandarchitecture\/","https:\/\/x.com\/https:\/\/twitter.com\/sdmhand"],"url":"https:\/\/veredes.es\/blog\/author\/sdem\/"}]}},"_links":{"self":[{"href":"https:\/\/veredes.es\/blog\/wp-json\/wp\/v2\/posts\/67519","targetHints":{"allow":["GET"]}}],"collection":[{"href":"https:\/\/veredes.es\/blog\/wp-json\/wp\/v2\/posts"}],"about":[{"href":"https:\/\/veredes.es\/blog\/wp-json\/wp\/v2\/types\/post"}],"author":[{"embeddable":true,"href":"https:\/\/veredes.es\/blog\/wp-json\/wp\/v2\/users\/24"}],"replies":[{"embeddable":true,"href":"https:\/\/veredes.es\/blog\/wp-json\/wp\/v2\/comments?post=67519"}],"version-history":[{"count":0,"href":"https:\/\/veredes.es\/blog\/wp-json\/wp\/v2\/posts\/67519\/revisions"}],"wp:featuredmedia":[{"embeddable":true,"href":"https:\/\/veredes.es\/blog\/wp-json\/wp\/v2\/media\/67520"}],"wp:attachment":[{"href":"https:\/\/veredes.es\/blog\/wp-json\/wp\/v2\/media?parent=67519"}],"wp:term":[{"taxonomy":"category","embeddable":true,"href":"https:\/\/veredes.es\/blog\/wp-json\/wp\/v2\/categories?post=67519"},{"taxonomy":"post_tag","embeddable":true,"href":"https:\/\/veredes.es\/blog\/wp-json\/wp\/v2\/tags?post=67519"}],"curies":[{"name":"wp","href":"https:\/\/api.w.org\/{rel}","templated":true}]}}