{"id":67334,"date":"2018-02-21T00:02:51","date_gmt":"2018-02-20T23:02:51","guid":{"rendered":"https:\/\/veredes.es\/blog\/?p=67334"},"modified":"2018-01-31T11:35:00","modified_gmt":"2018-01-31T10:35:00","slug":"restaurante-1764-creusecarrasco","status":"publish","type":"post","link":"https:\/\/veredes.es\/blog\/restaurante-1764-creusecarrasco\/","title":{"rendered":"Restaurante 1764 | CREUSeCARRASCO"},"content":{"rendered":"<p><img loading=\"lazy\" decoding=\"async\" class=\"alignnone size-large wp-image-67335\" src=\"https:\/\/veredes.es\/blog\/wp-content\/uploads\/2018\/01\/Restaurante-1764-CREUSeCARRASCO-o1-croquisRAMON-1024x1024.jpg\" alt=\"Restaurante 1764 CREUSeCARRASCO o1 croquisRAMON\" width=\"640\" height=\"640\" srcset=\"https:\/\/veredes.es\/blog\/wp-content\/uploads\/2018\/01\/Restaurante-1764-CREUSeCARRASCO-o1-croquisRAMON-1024x1024.jpg 1024w, https:\/\/veredes.es\/blog\/wp-content\/uploads\/2018\/01\/Restaurante-1764-CREUSeCARRASCO-o1-croquisRAMON-120x120.jpg 120w, https:\/\/veredes.es\/blog\/wp-content\/uploads\/2018\/01\/Restaurante-1764-CREUSeCARRASCO-o1-croquisRAMON-300x300.jpg 300w, https:\/\/veredes.es\/blog\/wp-content\/uploads\/2018\/01\/Restaurante-1764-CREUSeCARRASCO-o1-croquisRAMON-150x150.jpg 150w, https:\/\/veredes.es\/blog\/wp-content\/uploads\/2018\/01\/Restaurante-1764-CREUSeCARRASCO-o1-croquisRAMON.jpg 1200w\" sizes=\"auto, (max-width: 640px) 100vw, 640px\" \/><\/p>\n<p>A partir de unos estupendos croquis e ideogramas en planta hechos por el propietario, la mayor dificultad para \u00e9l es ubicar la escalera que, como en muchos casos, es la clave de los proyectos de peque\u00f1a dimensi\u00f3n.<\/p>\n<p>1764 es la inscripci\u00f3n que hay en el dintel de la puerta, su a\u00f1o de construcci\u00f3n.<\/p>\n<p>Se trata de una de las casas m\u00e1s antiguas de la villa, edificada entre medianeras, cubierta de teja a dos aguas y una enorme chimenea de piedra.<\/p>\n<p><img loading=\"lazy\" decoding=\"async\" class=\"alignnone size-large wp-image-67350\" src=\"https:\/\/veredes.es\/blog\/wp-content\/uploads\/2018\/01\/Restaurante-1764-CREUSeCARRASCO-o16-Exto1-683x1024.jpg\" alt=\"Restaurante 1764 CREUSeCARRASCO o16 Exto1\" width=\"640\" height=\"960\" srcset=\"https:\/\/veredes.es\/blog\/wp-content\/uploads\/2018\/01\/Restaurante-1764-CREUSeCARRASCO-o16-Exto1-683x1024.jpg 683w, https:\/\/veredes.es\/blog\/wp-content\/uploads\/2018\/01\/Restaurante-1764-CREUSeCARRASCO-o16-Exto1-200x300.jpg 200w, https:\/\/veredes.es\/blog\/wp-content\/uploads\/2018\/01\/Restaurante-1764-CREUSeCARRASCO-o16-Exto1.jpg 1200w\" sizes=\"auto, (max-width: 640px) 100vw, 640px\" \/><\/p>\n<p style=\"text-align: justify;\">Situamos la escalera en el centro, entre los espacios servidores y servidos. En planta baja, separando el espacio de tapeo de los aseos y la bodega. En planta alta, entre comedor y cocina, conectados a ambos lados por dos peque\u00f1os puentes de chapa que resuelven ajustes de cota motivados por el desnivel de las calles.<\/p>\n<p style=\"text-align: justify;\">Sobre la escalera, la cumbrera, d\u00f3nde se abre un lucernario estrecho corrido que se descuelga como una campana, limitado hacia el interior por pa\u00f1os blancos de tablero que enlazan con el techo del comedor y la cocina.<\/p>\n<p style=\"text-align: justify;\">La luz rebota en este prisma blanco y se desliza por las paredes hasta la planta baja.<\/p>\n<p style=\"text-align: justify;\">Su estructura se ve, volviendo desde el interior hacia los pa\u00f1os inclinados de cubierta, sirviendo de soporte a un piso suspendido y estantes a trav\u00e9s de los que la luz se tamiza al comedor y la cocina.<\/p>\n<p style=\"text-align: justify;\">As\u00ed, el restaurante contin\u00faa bajo cubierta, su reservado, biblioteca y oficina.<\/p>\n<p style=\"text-align: justify;\">En el centro la invenci\u00f3n, el resto, m\u00e1s o menos lo que hab\u00eda.<\/p>\n<div id='gallery-1' class='gallery galleryid-67334 gallery-columns-4 gallery-size-thumbnail'><figure class='gallery-item'>\n\t\t\t<div class='gallery-icon landscape'>\n\t\t\t\t<a href='https:\/\/veredes.es\/blog\/wp-content\/uploads\/2018\/01\/Restaurante-1764-CREUSeCARRASCO-o1-croquisRAMON.jpg'><img loading=\"lazy\" decoding=\"async\" width=\"120\" height=\"120\" src=\"https:\/\/veredes.es\/blog\/wp-content\/uploads\/2018\/01\/Restaurante-1764-CREUSeCARRASCO-o1-croquisRAMON-120x120.jpg\" class=\"attachment-thumbnail size-thumbnail\" alt=\"\" srcset=\"https:\/\/veredes.es\/blog\/wp-content\/uploads\/2018\/01\/Restaurante-1764-CREUSeCARRASCO-o1-croquisRAMON-120x120.jpg 120w, https:\/\/veredes.es\/blog\/wp-content\/uploads\/2018\/01\/Restaurante-1764-CREUSeCARRASCO-o1-croquisRAMON-300x300.jpg 300w, https:\/\/veredes.es\/blog\/wp-content\/uploads\/2018\/01\/Restaurante-1764-CREUSeCARRASCO-o1-croquisRAMON-1024x1024.jpg 1024w, https:\/\/veredes.es\/blog\/wp-content\/uploads\/2018\/01\/Restaurante-1764-CREUSeCARRASCO-o1-croquisRAMON-150x150.jpg 150w, https:\/\/veredes.es\/blog\/wp-content\/uploads\/2018\/01\/Restaurante-1764-CREUSeCARRASCO-o1-croquisRAMON.jpg 1200w\" sizes=\"auto, (max-width: 120px) 100vw, 120px\" \/><\/a>\n\t\t\t<\/div><\/figure><figure class='gallery-item'>\n\t\t\t<div class='gallery-icon landscape'>\n\t\t\t\t<a href='https:\/\/veredes.es\/blog\/wp-content\/uploads\/2018\/01\/Restaurante-1764-CREUSeCARRASCO-o2-maqueta-de-trabajo.jpg'><img loading=\"lazy\" decoding=\"async\" width=\"120\" height=\"120\" src=\"https:\/\/veredes.es\/blog\/wp-content\/uploads\/2018\/01\/Restaurante-1764-CREUSeCARRASCO-o2-maqueta-de-trabajo-120x120.jpg\" class=\"attachment-thumbnail size-thumbnail\" alt=\"\" srcset=\"https:\/\/veredes.es\/blog\/wp-content\/uploads\/2018\/01\/Restaurante-1764-CREUSeCARRASCO-o2-maqueta-de-trabajo-120x120.jpg 120w, https:\/\/veredes.es\/blog\/wp-content\/uploads\/2018\/01\/Restaurante-1764-CREUSeCARRASCO-o2-maqueta-de-trabajo-150x150.jpg 150w\" sizes=\"auto, (max-width: 120px) 100vw, 120px\" \/><\/a>\n\t\t\t<\/div><\/figure><figure class='gallery-item'>\n\t\t\t<div class='gallery-icon landscape'>\n\t\t\t\t<a href='https:\/\/veredes.es\/blog\/wp-content\/uploads\/2018\/01\/Restaurante-1764-CREUSeCARRASCO-o3-plantaSITUACI\u00d3N_ea.jpg'><img loading=\"lazy\" decoding=\"async\" width=\"120\" height=\"120\" src=\"https:\/\/veredes.es\/blog\/wp-content\/uploads\/2018\/01\/Restaurante-1764-CREUSeCARRASCO-o3-plantaSITUACI\u00d3N_ea-120x120.jpg\" class=\"attachment-thumbnail size-thumbnail\" alt=\"\" srcset=\"https:\/\/veredes.es\/blog\/wp-content\/uploads\/2018\/01\/Restaurante-1764-CREUSeCARRASCO-o3-plantaSITUACI\u00d3N_ea-120x120.jpg 120w, https:\/\/veredes.es\/blog\/wp-content\/uploads\/2018\/01\/Restaurante-1764-CREUSeCARRASCO-o3-plantaSITUACI\u00d3N_ea-150x150.jpg 150w\" sizes=\"auto, (max-width: 120px) 100vw, 120px\" \/><\/a>\n\t\t\t<\/div><\/figure><figure class='gallery-item'>\n\t\t\t<div class='gallery-icon landscape'>\n\t\t\t\t<a href='https:\/\/veredes.es\/blog\/wp-content\/uploads\/2018\/01\/Restaurante-1764-CREUSeCARRASCO-o4-estado-inical-o1.jpg'><img loading=\"lazy\" decoding=\"async\" width=\"120\" height=\"120\" src=\"https:\/\/veredes.es\/blog\/wp-content\/uploads\/2018\/01\/Restaurante-1764-CREUSeCARRASCO-o4-estado-inical-o1-120x120.jpg\" class=\"attachment-thumbnail size-thumbnail\" alt=\"\" srcset=\"https:\/\/veredes.es\/blog\/wp-content\/uploads\/2018\/01\/Restaurante-1764-CREUSeCARRASCO-o4-estado-inical-o1-120x120.jpg 120w, https:\/\/veredes.es\/blog\/wp-content\/uploads\/2018\/01\/Restaurante-1764-CREUSeCARRASCO-o4-estado-inical-o1-150x150.jpg 150w\" sizes=\"auto, (max-width: 120px) 100vw, 120px\" \/><\/a>\n\t\t\t<\/div><\/figure><figure class='gallery-item'>\n\t\t\t<div class='gallery-icon landscape'>\n\t\t\t\t<a href='https:\/\/veredes.es\/blog\/wp-content\/uploads\/2018\/01\/Restaurante-1764-CREUSeCARRASCO-o5-estado-inical-o2.jpg'><img loading=\"lazy\" decoding=\"async\" width=\"120\" height=\"120\" src=\"https:\/\/veredes.es\/blog\/wp-content\/uploads\/2018\/01\/Restaurante-1764-CREUSeCARRASCO-o5-estado-inical-o2-120x120.jpg\" class=\"attachment-thumbnail size-thumbnail\" alt=\"\" srcset=\"https:\/\/veredes.es\/blog\/wp-content\/uploads\/2018\/01\/Restaurante-1764-CREUSeCARRASCO-o5-estado-inical-o2-120x120.jpg 120w, https:\/\/veredes.es\/blog\/wp-content\/uploads\/2018\/01\/Restaurante-1764-CREUSeCARRASCO-o5-estado-inical-o2-150x150.jpg 150w\" sizes=\"auto, (max-width: 120px) 100vw, 120px\" \/><\/a>\n\t\t\t<\/div><\/figure><figure class='gallery-item'>\n\t\t\t<div class='gallery-icon landscape'>\n\t\t\t\t<a href='https:\/\/veredes.es\/blog\/wp-content\/uploads\/2018\/01\/Restaurante-1764-CREUSeCARRASCO-o6-plantaBAJA.jpg'><img loading=\"lazy\" decoding=\"async\" width=\"120\" height=\"120\" src=\"https:\/\/veredes.es\/blog\/wp-content\/uploads\/2018\/01\/Restaurante-1764-CREUSeCARRASCO-o6-plantaBAJA-120x120.jpg\" class=\"attachment-thumbnail size-thumbnail\" alt=\"\" srcset=\"https:\/\/veredes.es\/blog\/wp-content\/uploads\/2018\/01\/Restaurante-1764-CREUSeCARRASCO-o6-plantaBAJA-120x120.jpg 120w, https:\/\/veredes.es\/blog\/wp-content\/uploads\/2018\/01\/Restaurante-1764-CREUSeCARRASCO-o6-plantaBAJA-300x300.jpg 300w, https:\/\/veredes.es\/blog\/wp-content\/uploads\/2018\/01\/Restaurante-1764-CREUSeCARRASCO-o6-plantaBAJA-1024x1024.jpg 1024w, https:\/\/veredes.es\/blog\/wp-content\/uploads\/2018\/01\/Restaurante-1764-CREUSeCARRASCO-o6-plantaBAJA-150x150.jpg 150w, https:\/\/veredes.es\/blog\/wp-content\/uploads\/2018\/01\/Restaurante-1764-CREUSeCARRASCO-o6-plantaBAJA.jpg 1200w\" sizes=\"auto, (max-width: 120px) 100vw, 120px\" \/><\/a>\n\t\t\t<\/div><\/figure><figure class='gallery-item'>\n\t\t\t<div class='gallery-icon landscape'>\n\t\t\t\t<a href='https:\/\/veredes.es\/blog\/wp-content\/uploads\/2018\/01\/Restaurante-1764-CREUSeCARRASCO-o7-plantaALTA.jpg'><img loading=\"lazy\" decoding=\"async\" width=\"120\" height=\"120\" src=\"https:\/\/veredes.es\/blog\/wp-content\/uploads\/2018\/01\/Restaurante-1764-CREUSeCARRASCO-o7-plantaALTA-120x120.jpg\" class=\"attachment-thumbnail size-thumbnail\" alt=\"\" srcset=\"https:\/\/veredes.es\/blog\/wp-content\/uploads\/2018\/01\/Restaurante-1764-CREUSeCARRASCO-o7-plantaALTA-120x120.jpg 120w, https:\/\/veredes.es\/blog\/wp-content\/uploads\/2018\/01\/Restaurante-1764-CREUSeCARRASCO-o7-plantaALTA-300x300.jpg 300w, https:\/\/veredes.es\/blog\/wp-content\/uploads\/2018\/01\/Restaurante-1764-CREUSeCARRASCO-o7-plantaALTA-1024x1024.jpg 1024w, https:\/\/veredes.es\/blog\/wp-content\/uploads\/2018\/01\/Restaurante-1764-CREUSeCARRASCO-o7-plantaALTA-150x150.jpg 150w, https:\/\/veredes.es\/blog\/wp-content\/uploads\/2018\/01\/Restaurante-1764-CREUSeCARRASCO-o7-plantaALTA.jpg 1200w\" sizes=\"auto, (max-width: 120px) 100vw, 120px\" \/><\/a>\n\t\t\t<\/div><\/figure><figure class='gallery-item'>\n\t\t\t<div class='gallery-icon landscape'>\n\t\t\t\t<a href='https:\/\/veredes.es\/blog\/wp-content\/uploads\/2018\/01\/Restaurante-1764-CREUSeCARRASCO-o8-plantaALTILLO.jpg'><img loading=\"lazy\" decoding=\"async\" width=\"120\" height=\"120\" src=\"https:\/\/veredes.es\/blog\/wp-content\/uploads\/2018\/01\/Restaurante-1764-CREUSeCARRASCO-o8-plantaALTILLO-120x120.jpg\" class=\"attachment-thumbnail size-thumbnail\" alt=\"\" srcset=\"https:\/\/veredes.es\/blog\/wp-content\/uploads\/2018\/01\/Restaurante-1764-CREUSeCARRASCO-o8-plantaALTILLO-120x120.jpg 120w, https:\/\/veredes.es\/blog\/wp-content\/uploads\/2018\/01\/Restaurante-1764-CREUSeCARRASCO-o8-plantaALTILLO-300x300.jpg 300w, https:\/\/veredes.es\/blog\/wp-content\/uploads\/2018\/01\/Restaurante-1764-CREUSeCARRASCO-o8-plantaALTILLO-1024x1024.jpg 1024w, https:\/\/veredes.es\/blog\/wp-content\/uploads\/2018\/01\/Restaurante-1764-CREUSeCARRASCO-o8-plantaALTILLO-150x150.jpg 150w, https:\/\/veredes.es\/blog\/wp-content\/uploads\/2018\/01\/Restaurante-1764-CREUSeCARRASCO-o8-plantaALTILLO.jpg 1200w\" sizes=\"auto, (max-width: 120px) 100vw, 120px\" \/><\/a>\n\t\t\t<\/div><\/figure><figure class='gallery-item'>\n\t\t\t<div class='gallery-icon landscape'>\n\t\t\t\t<a href='https:\/\/veredes.es\/blog\/wp-content\/uploads\/2018\/01\/Restaurante-1764-CREUSeCARRASCO-o9-alzadoESTE.jpg'><img loading=\"lazy\" decoding=\"async\" width=\"120\" height=\"120\" src=\"https:\/\/veredes.es\/blog\/wp-content\/uploads\/2018\/01\/Restaurante-1764-CREUSeCARRASCO-o9-alzadoESTE-120x120.jpg\" class=\"attachment-thumbnail size-thumbnail\" alt=\"\" srcset=\"https:\/\/veredes.es\/blog\/wp-content\/uploads\/2018\/01\/Restaurante-1764-CREUSeCARRASCO-o9-alzadoESTE-120x120.jpg 120w, https:\/\/veredes.es\/blog\/wp-content\/uploads\/2018\/01\/Restaurante-1764-CREUSeCARRASCO-o9-alzadoESTE-300x300.jpg 300w, https:\/\/veredes.es\/blog\/wp-content\/uploads\/2018\/01\/Restaurante-1764-CREUSeCARRASCO-o9-alzadoESTE-1024x1024.jpg 1024w, https:\/\/veredes.es\/blog\/wp-content\/uploads\/2018\/01\/Restaurante-1764-CREUSeCARRASCO-o9-alzadoESTE-150x150.jpg 150w, https:\/\/veredes.es\/blog\/wp-content\/uploads\/2018\/01\/Restaurante-1764-CREUSeCARRASCO-o9-alzadoESTE.jpg 1200w\" sizes=\"auto, (max-width: 120px) 100vw, 120px\" \/><\/a>\n\t\t\t<\/div><\/figure><figure class='gallery-item'>\n\t\t\t<div class='gallery-icon landscape'>\n\t\t\t\t<a href='https:\/\/veredes.es\/blog\/wp-content\/uploads\/2018\/01\/Restaurante-1764-CREUSeCARRASCO-o10-alzadoOESTE.jpg'><img loading=\"lazy\" decoding=\"async\" width=\"120\" height=\"120\" src=\"https:\/\/veredes.es\/blog\/wp-content\/uploads\/2018\/01\/Restaurante-1764-CREUSeCARRASCO-o10-alzadoOESTE-120x120.jpg\" class=\"attachment-thumbnail size-thumbnail\" alt=\"\" srcset=\"https:\/\/veredes.es\/blog\/wp-content\/uploads\/2018\/01\/Restaurante-1764-CREUSeCARRASCO-o10-alzadoOESTE-120x120.jpg 120w, https:\/\/veredes.es\/blog\/wp-content\/uploads\/2018\/01\/Restaurante-1764-CREUSeCARRASCO-o10-alzadoOESTE-300x300.jpg 300w, https:\/\/veredes.es\/blog\/wp-content\/uploads\/2018\/01\/Restaurante-1764-CREUSeCARRASCO-o10-alzadoOESTE-1024x1024.jpg 1024w, https:\/\/veredes.es\/blog\/wp-content\/uploads\/2018\/01\/Restaurante-1764-CREUSeCARRASCO-o10-alzadoOESTE-150x150.jpg 150w, https:\/\/veredes.es\/blog\/wp-content\/uploads\/2018\/01\/Restaurante-1764-CREUSeCARRASCO-o10-alzadoOESTE.jpg 1200w\" sizes=\"auto, (max-width: 120px) 100vw, 120px\" \/><\/a>\n\t\t\t<\/div><\/figure><figure class='gallery-item'>\n\t\t\t<div class='gallery-icon landscape'>\n\t\t\t\t<a href='https:\/\/veredes.es\/blog\/wp-content\/uploads\/2018\/01\/Restaurante-1764-CREUSeCARRASCO-o11-seccion-construvtiva-1.jpg'><img loading=\"lazy\" decoding=\"async\" width=\"120\" height=\"120\" src=\"https:\/\/veredes.es\/blog\/wp-content\/uploads\/2018\/01\/Restaurante-1764-CREUSeCARRASCO-o11-seccion-construvtiva-1-120x120.jpg\" class=\"attachment-thumbnail size-thumbnail\" alt=\"\" srcset=\"https:\/\/veredes.es\/blog\/wp-content\/uploads\/2018\/01\/Restaurante-1764-CREUSeCARRASCO-o11-seccion-construvtiva-1-120x120.jpg 120w, https:\/\/veredes.es\/blog\/wp-content\/uploads\/2018\/01\/Restaurante-1764-CREUSeCARRASCO-o11-seccion-construvtiva-1-150x150.jpg 150w\" sizes=\"auto, (max-width: 120px) 100vw, 120px\" \/><\/a>\n\t\t\t<\/div><\/figure><figure class='gallery-item'>\n\t\t\t<div class='gallery-icon portrait'>\n\t\t\t\t<a href='https:\/\/veredes.es\/blog\/wp-content\/uploads\/2018\/01\/Restaurante-1764-CREUSeCARRASCO-o12-seccion-constructiva-2.jpg'><img loading=\"lazy\" decoding=\"async\" width=\"120\" height=\"120\" src=\"https:\/\/veredes.es\/blog\/wp-content\/uploads\/2018\/01\/Restaurante-1764-CREUSeCARRASCO-o12-seccion-constructiva-2-120x120.jpg\" class=\"attachment-thumbnail size-thumbnail\" alt=\"\" srcset=\"https:\/\/veredes.es\/blog\/wp-content\/uploads\/2018\/01\/Restaurante-1764-CREUSeCARRASCO-o12-seccion-constructiva-2-120x120.jpg 120w, https:\/\/veredes.es\/blog\/wp-content\/uploads\/2018\/01\/Restaurante-1764-CREUSeCARRASCO-o12-seccion-constructiva-2-150x150.jpg 150w\" sizes=\"auto, (max-width: 120px) 100vw, 120px\" \/><\/a>\n\t\t\t<\/div><\/figure><figure class='gallery-item'>\n\t\t\t<div class='gallery-icon landscape'>\n\t\t\t\t<a href='https:\/\/veredes.es\/blog\/wp-content\/uploads\/2018\/01\/Restaurante-1764-CREUSeCARRASCO-o13-detalles.jpg'><img loading=\"lazy\" decoding=\"async\" width=\"120\" height=\"120\" src=\"https:\/\/veredes.es\/blog\/wp-content\/uploads\/2018\/01\/Restaurante-1764-CREUSeCARRASCO-o13-detalles-120x120.jpg\" class=\"attachment-thumbnail size-thumbnail\" alt=\"\" srcset=\"https:\/\/veredes.es\/blog\/wp-content\/uploads\/2018\/01\/Restaurante-1764-CREUSeCARRASCO-o13-detalles-120x120.jpg 120w, https:\/\/veredes.es\/blog\/wp-content\/uploads\/2018\/01\/Restaurante-1764-CREUSeCARRASCO-o13-detalles-150x150.jpg 150w\" sizes=\"auto, (max-width: 120px) 100vw, 120px\" \/><\/a>\n\t\t\t<\/div><\/figure><figure class='gallery-item'>\n\t\t\t<div class='gallery-icon landscape'>\n\t\t\t\t<a href='https:\/\/veredes.es\/blog\/wp-content\/uploads\/2018\/01\/Restaurante-1764-CREUSeCARRASCO-o14-detalle-escalera.jpg'><img loading=\"lazy\" decoding=\"async\" width=\"120\" height=\"120\" src=\"https:\/\/veredes.es\/blog\/wp-content\/uploads\/2018\/01\/Restaurante-1764-CREUSeCARRASCO-o14-detalle-escalera-120x120.jpg\" class=\"attachment-thumbnail size-thumbnail\" alt=\"\" srcset=\"https:\/\/veredes.es\/blog\/wp-content\/uploads\/2018\/01\/Restaurante-1764-CREUSeCARRASCO-o14-detalle-escalera-120x120.jpg 120w, https:\/\/veredes.es\/blog\/wp-content\/uploads\/2018\/01\/Restaurante-1764-CREUSeCARRASCO-o14-detalle-escalera-300x300.jpg 300w, https:\/\/veredes.es\/blog\/wp-content\/uploads\/2018\/01\/Restaurante-1764-CREUSeCARRASCO-o14-detalle-escalera-1024x1024.jpg 1024w, https:\/\/veredes.es\/blog\/wp-content\/uploads\/2018\/01\/Restaurante-1764-CREUSeCARRASCO-o14-detalle-escalera-150x150.jpg 150w, https:\/\/veredes.es\/blog\/wp-content\/uploads\/2018\/01\/Restaurante-1764-CREUSeCARRASCO-o14-detalle-escalera.jpg 1200w\" sizes=\"auto, (max-width: 120px) 100vw, 120px\" \/><\/a>\n\t\t\t<\/div><\/figure><figure class='gallery-item'>\n\t\t\t<div class='gallery-icon portrait'>\n\t\t\t\t<a href='https:\/\/veredes.es\/blog\/wp-content\/uploads\/2018\/01\/Restaurante-1764-CREUSeCARRASCO-o15-obra-en-2008.jpg'><img loading=\"lazy\" decoding=\"async\" width=\"120\" height=\"120\" src=\"https:\/\/veredes.es\/blog\/wp-content\/uploads\/2018\/01\/Restaurante-1764-CREUSeCARRASCO-o15-obra-en-2008-120x120.jpg\" class=\"attachment-thumbnail size-thumbnail\" alt=\"\" srcset=\"https:\/\/veredes.es\/blog\/wp-content\/uploads\/2018\/01\/Restaurante-1764-CREUSeCARRASCO-o15-obra-en-2008-120x120.jpg 120w, https:\/\/veredes.es\/blog\/wp-content\/uploads\/2018\/01\/Restaurante-1764-CREUSeCARRASCO-o15-obra-en-2008-150x150.jpg 150w\" sizes=\"auto, (max-width: 120px) 100vw, 120px\" \/><\/a>\n\t\t\t<\/div><\/figure><figure class='gallery-item'>\n\t\t\t<div class='gallery-icon portrait'>\n\t\t\t\t<a href='https:\/\/veredes.es\/blog\/wp-content\/uploads\/2018\/01\/Restaurante-1764-CREUSeCARRASCO-o16-Exto1.jpg'><img loading=\"lazy\" decoding=\"async\" width=\"120\" height=\"120\" src=\"https:\/\/veredes.es\/blog\/wp-content\/uploads\/2018\/01\/Restaurante-1764-CREUSeCARRASCO-o16-Exto1-120x120.jpg\" class=\"attachment-thumbnail size-thumbnail\" alt=\"\" srcset=\"https:\/\/veredes.es\/blog\/wp-content\/uploads\/2018\/01\/Restaurante-1764-CREUSeCARRASCO-o16-Exto1-120x120.jpg 120w, https:\/\/veredes.es\/blog\/wp-content\/uploads\/2018\/01\/Restaurante-1764-CREUSeCARRASCO-o16-Exto1-150x150.jpg 150w\" sizes=\"auto, (max-width: 120px) 100vw, 120px\" \/><\/a>\n\t\t\t<\/div><\/figure><figure class='gallery-item'>\n\t\t\t<div class='gallery-icon landscape'>\n\t\t\t\t<a href='https:\/\/veredes.es\/blog\/wp-content\/uploads\/2018\/01\/Restaurante-1764-CREUSeCARRASCO-o17-Into1.jpg'><img loading=\"lazy\" decoding=\"async\" width=\"120\" height=\"120\" src=\"https:\/\/veredes.es\/blog\/wp-content\/uploads\/2018\/01\/Restaurante-1764-CREUSeCARRASCO-o17-Into1-120x120.jpg\" class=\"attachment-thumbnail size-thumbnail\" alt=\"\" srcset=\"https:\/\/veredes.es\/blog\/wp-content\/uploads\/2018\/01\/Restaurante-1764-CREUSeCARRASCO-o17-Into1-120x120.jpg 120w, https:\/\/veredes.es\/blog\/wp-content\/uploads\/2018\/01\/Restaurante-1764-CREUSeCARRASCO-o17-Into1-150x150.jpg 150w\" sizes=\"auto, (max-width: 120px) 100vw, 120px\" \/><\/a>\n\t\t\t<\/div><\/figure><figure class='gallery-item'>\n\t\t\t<div class='gallery-icon landscape'>\n\t\t\t\t<a href='https:\/\/veredes.es\/blog\/wp-content\/uploads\/2018\/01\/Restaurante-1764-CREUSeCARRASCO-o18-Into2.jpg'><img loading=\"lazy\" decoding=\"async\" width=\"120\" height=\"120\" src=\"https:\/\/veredes.es\/blog\/wp-content\/uploads\/2018\/01\/Restaurante-1764-CREUSeCARRASCO-o18-Into2-120x120.jpg\" class=\"attachment-thumbnail size-thumbnail\" alt=\"\" srcset=\"https:\/\/veredes.es\/blog\/wp-content\/uploads\/2018\/01\/Restaurante-1764-CREUSeCARRASCO-o18-Into2-120x120.jpg 120w, https:\/\/veredes.es\/blog\/wp-content\/uploads\/2018\/01\/Restaurante-1764-CREUSeCARRASCO-o18-Into2-150x150.jpg 150w\" sizes=\"auto, (max-width: 120px) 100vw, 120px\" \/><\/a>\n\t\t\t<\/div><\/figure><figure class='gallery-item'>\n\t\t\t<div class='gallery-icon portrait'>\n\t\t\t\t<a href='https:\/\/veredes.es\/blog\/wp-content\/uploads\/2018\/01\/Restaurante-1764-CREUSeCARRASCO-o19-Into3-silla_mesaRECORTABLE_2010.jpg'><img loading=\"lazy\" decoding=\"async\" width=\"120\" height=\"120\" src=\"https:\/\/veredes.es\/blog\/wp-content\/uploads\/2018\/01\/Restaurante-1764-CREUSeCARRASCO-o19-Into3-silla_mesaRECORTABLE_2010-120x120.jpg\" class=\"attachment-thumbnail size-thumbnail\" alt=\"\" srcset=\"https:\/\/veredes.es\/blog\/wp-content\/uploads\/2018\/01\/Restaurante-1764-CREUSeCARRASCO-o19-Into3-silla_mesaRECORTABLE_2010-120x120.jpg 120w, https:\/\/veredes.es\/blog\/wp-content\/uploads\/2018\/01\/Restaurante-1764-CREUSeCARRASCO-o19-Into3-silla_mesaRECORTABLE_2010-150x150.jpg 150w\" sizes=\"auto, (max-width: 120px) 100vw, 120px\" \/><\/a>\n\t\t\t<\/div><\/figure><figure class='gallery-item'>\n\t\t\t<div class='gallery-icon portrait'>\n\t\t\t\t<a href='https:\/\/veredes.es\/blog\/wp-content\/uploads\/2018\/01\/Restaurante-1764-CREUSeCARRASCO-o20-Into4-sillaRECORTABLE_2010.jpg'><img loading=\"lazy\" decoding=\"async\" width=\"120\" height=\"120\" src=\"https:\/\/veredes.es\/blog\/wp-content\/uploads\/2018\/01\/Restaurante-1764-CREUSeCARRASCO-o20-Into4-sillaRECORTABLE_2010-120x120.jpg\" class=\"attachment-thumbnail size-thumbnail\" alt=\"\" srcset=\"https:\/\/veredes.es\/blog\/wp-content\/uploads\/2018\/01\/Restaurante-1764-CREUSeCARRASCO-o20-Into4-sillaRECORTABLE_2010-120x120.jpg 120w, https:\/\/veredes.es\/blog\/wp-content\/uploads\/2018\/01\/Restaurante-1764-CREUSeCARRASCO-o20-Into4-sillaRECORTABLE_2010-150x150.jpg 150w\" sizes=\"auto, (max-width: 120px) 100vw, 120px\" \/><\/a>\n\t\t\t<\/div><\/figure><figure class='gallery-item'>\n\t\t\t<div class='gallery-icon portrait'>\n\t\t\t\t<a href='https:\/\/veredes.es\/blog\/wp-content\/uploads\/2018\/01\/Restaurante-1764-CREUSeCARRASCO-o21-Into5.jpg'><img loading=\"lazy\" decoding=\"async\" width=\"120\" height=\"120\" src=\"https:\/\/veredes.es\/blog\/wp-content\/uploads\/2018\/01\/Restaurante-1764-CREUSeCARRASCO-o21-Into5-120x120.jpg\" class=\"attachment-thumbnail size-thumbnail\" alt=\"\" srcset=\"https:\/\/veredes.es\/blog\/wp-content\/uploads\/2018\/01\/Restaurante-1764-CREUSeCARRASCO-o21-Into5-120x120.jpg 120w, https:\/\/veredes.es\/blog\/wp-content\/uploads\/2018\/01\/Restaurante-1764-CREUSeCARRASCO-o21-Into5-150x150.jpg 150w\" sizes=\"auto, (max-width: 120px) 100vw, 120px\" \/><\/a>\n\t\t\t<\/div><\/figure><figure class='gallery-item'>\n\t\t\t<div class='gallery-icon portrait'>\n\t\t\t\t<a href='https:\/\/veredes.es\/blog\/wp-content\/uploads\/2018\/01\/Restaurante-1764-CREUSeCARRASCO-o22-Into6.jpg'><img loading=\"lazy\" decoding=\"async\" width=\"120\" height=\"120\" src=\"https:\/\/veredes.es\/blog\/wp-content\/uploads\/2018\/01\/Restaurante-1764-CREUSeCARRASCO-o22-Into6-120x120.jpg\" class=\"attachment-thumbnail size-thumbnail\" alt=\"\" srcset=\"https:\/\/veredes.es\/blog\/wp-content\/uploads\/2018\/01\/Restaurante-1764-CREUSeCARRASCO-o22-Into6-120x120.jpg 120w, https:\/\/veredes.es\/blog\/wp-content\/uploads\/2018\/01\/Restaurante-1764-CREUSeCARRASCO-o22-Into6-150x150.jpg 150w\" sizes=\"auto, (max-width: 120px) 100vw, 120px\" \/><\/a>\n\t\t\t<\/div><\/figure><figure class='gallery-item'>\n\t\t\t<div class='gallery-icon landscape'>\n\t\t\t\t<a href='https:\/\/veredes.es\/blog\/wp-content\/uploads\/2018\/01\/Restaurante-1764-CREUSeCARRASCO-o23-Into7.jpg'><img loading=\"lazy\" decoding=\"async\" width=\"120\" height=\"120\" src=\"https:\/\/veredes.es\/blog\/wp-content\/uploads\/2018\/01\/Restaurante-1764-CREUSeCARRASCO-o23-Into7-120x120.jpg\" class=\"attachment-thumbnail size-thumbnail\" alt=\"\" srcset=\"https:\/\/veredes.es\/blog\/wp-content\/uploads\/2018\/01\/Restaurante-1764-CREUSeCARRASCO-o23-Into7-120x120.jpg 120w, https:\/\/veredes.es\/blog\/wp-content\/uploads\/2018\/01\/Restaurante-1764-CREUSeCARRASCO-o23-Into7-150x150.jpg 150w\" sizes=\"auto, (max-width: 120px) 100vw, 120px\" \/><\/a>\n\t\t\t<\/div><\/figure><figure class='gallery-item'>\n\t\t\t<div class='gallery-icon landscape'>\n\t\t\t\t<a href='https:\/\/veredes.es\/blog\/wp-content\/uploads\/2018\/01\/Restaurante-1764-CREUSeCARRASCO-o24-Into8.jpg'><img loading=\"lazy\" decoding=\"async\" width=\"120\" height=\"120\" src=\"https:\/\/veredes.es\/blog\/wp-content\/uploads\/2018\/01\/Restaurante-1764-CREUSeCARRASCO-o24-Into8-120x120.jpg\" class=\"attachment-thumbnail size-thumbnail\" alt=\"\" srcset=\"https:\/\/veredes.es\/blog\/wp-content\/uploads\/2018\/01\/Restaurante-1764-CREUSeCARRASCO-o24-Into8-120x120.jpg 120w, https:\/\/veredes.es\/blog\/wp-content\/uploads\/2018\/01\/Restaurante-1764-CREUSeCARRASCO-o24-Into8-150x150.jpg 150w\" sizes=\"auto, (max-width: 120px) 100vw, 120px\" \/><\/a>\n\t\t\t<\/div><\/figure><figure class='gallery-item'>\n\t\t\t<div class='gallery-icon portrait'>\n\t\t\t\t<a href='https:\/\/veredes.es\/blog\/wp-content\/uploads\/2018\/01\/Restaurante-1764-CREUSeCARRASCO-o25-Into9.jpg'><img loading=\"lazy\" decoding=\"async\" width=\"120\" height=\"120\" src=\"https:\/\/veredes.es\/blog\/wp-content\/uploads\/2018\/01\/Restaurante-1764-CREUSeCARRASCO-o25-Into9-120x120.jpg\" class=\"attachment-thumbnail size-thumbnail\" alt=\"\" srcset=\"https:\/\/veredes.es\/blog\/wp-content\/uploads\/2018\/01\/Restaurante-1764-CREUSeCARRASCO-o25-Into9-120x120.jpg 120w, https:\/\/veredes.es\/blog\/wp-content\/uploads\/2018\/01\/Restaurante-1764-CREUSeCARRASCO-o25-Into9-150x150.jpg 150w\" sizes=\"auto, (max-width: 120px) 100vw, 120px\" \/><\/a>\n\t\t\t<\/div><\/figure><figure class='gallery-item'>\n\t\t\t<div class='gallery-icon landscape'>\n\t\t\t\t<a href='https:\/\/veredes.es\/blog\/wp-content\/uploads\/2018\/01\/Restaurante-1764-CREUSeCARRASCO-o26-Into10.jpg'><img loading=\"lazy\" decoding=\"async\" width=\"120\" height=\"120\" src=\"https:\/\/veredes.es\/blog\/wp-content\/uploads\/2018\/01\/Restaurante-1764-CREUSeCARRASCO-o26-Into10-120x120.jpg\" class=\"attachment-thumbnail size-thumbnail\" alt=\"\" srcset=\"https:\/\/veredes.es\/blog\/wp-content\/uploads\/2018\/01\/Restaurante-1764-CREUSeCARRASCO-o26-Into10-120x120.jpg 120w, https:\/\/veredes.es\/blog\/wp-content\/uploads\/2018\/01\/Restaurante-1764-CREUSeCARRASCO-o26-Into10-150x150.jpg 150w\" sizes=\"auto, (max-width: 120px) 100vw, 120px\" \/><\/a>\n\t\t\t<\/div><\/figure><figure class='gallery-item'>\n\t\t\t<div class='gallery-icon landscape'>\n\t\t\t\t<a href='https:\/\/veredes.es\/blog\/wp-content\/uploads\/2018\/01\/Restaurante-1764-CREUSeCARRASCO-o27-Exto2.jpg'><img loading=\"lazy\" decoding=\"async\" width=\"120\" height=\"120\" src=\"https:\/\/veredes.es\/blog\/wp-content\/uploads\/2018\/01\/Restaurante-1764-CREUSeCARRASCO-o27-Exto2-120x120.jpg\" class=\"attachment-thumbnail size-thumbnail\" alt=\"\" srcset=\"https:\/\/veredes.es\/blog\/wp-content\/uploads\/2018\/01\/Restaurante-1764-CREUSeCARRASCO-o27-Exto2-120x120.jpg 120w, https:\/\/veredes.es\/blog\/wp-content\/uploads\/2018\/01\/Restaurante-1764-CREUSeCARRASCO-o27-Exto2-150x150.jpg 150w\" sizes=\"auto, (max-width: 120px) 100vw, 120px\" \/><\/a>\n\t\t\t<\/div><\/figure>\n\t\t<\/div>\n\n<p>Obra: Restaurante 1764<br \/>\nArquitectos: Juan Creus e Covadonga Carrasco \/ CREUSeCARRASCO<br \/>\nColaboradores: Roi Feijoo, Estefan\u00eda V\u00e1zquez, Bel\u00e9n Salgado, B\u00e1rbara Mesquita<br \/>\nPromotores: Ram\u00f3n V\u00e1zquez e Margarida Maceira<br \/>\nFecha de Proyecto: 2004 \/ Obra: Marzo 2008 Febrero 2010 \/Apertura: Junio 2017<br \/>\nSuperficie \u00fatil: 128,70 m2 \/ Superficie construida: 174,30 m2<br \/>\nEmplazamiento: Corcubi\u00f3n, A Coru\u00f1a, Galicia, Espa\u00f1a<br \/>\nConstructora: Jos\u00e9 Manuel Rodr\u00edguez Garrido<br \/>\nCarpinter\u00eda: Forma (Suso, Carlos, Valent\u00edn)<br \/>\nEstructura \/ Direcci\u00f3n Ejecuci\u00f3n: F\u00e9lix Su\u00e1rez Riestra<br \/>\nFotograf\u00eda: <a href=\"http:\/\/www.luisdiazdiaz.com\/\" target=\"_blank\">Lu\u00eds D\u00edaz D\u00edaz<\/a> \/ CREUSeCARRASCO<br \/>\n<span style=\"color: #999999;\"><a style=\"color: #999999;\" href=\"http:\/\/www.creusecarrasco.com\/\" target=\"_blank\">+ creusecarrasco.es<\/a><\/span><\/p>","protected":false},"excerpt":{"rendered":"<p>A partir de unos estupendos croquis e ideogramas en planta hechos por el propietario, la mayor dificultad para \u00e9l es ubicar la escalera que, como en muchos casos, es la clave de los proyectos de peque\u00f1a dimensi\u00f3n. 1764 es la inscripci\u00f3n que hay en el dintel de la puerta, su a\u00f1o de construcci\u00f3n. Se trata [&hellip;]<\/p>\n","protected":false},"author":2,"featured_media":67361,"comment_status":"open","ping_status":"closed","sticky":false,"template":"","format":"standard","meta":{"footnotes":""},"categories":[34,876,23,2039,1159,5951],"tags":[1512,812,2631,5865,7137,6478,3054,3888,3600,619,3053,12463,12464,1959,3601],"class_list":{"0":"post-67334","1":"post","2":"type-post","3":"status-publish","4":"format-standard","5":"has-post-thumbnail","7":"category-arquitectura","8":"category-mobiliario","9":"category-obras","10":"category-reforma-interior","11":"category-rehabilitacion","12":"category-slider-principal","13":"tag-arquitectura-en-la-memoria","15":"tag-arquitectura-espanola","16":"tag-arquitectura-gallega","17":"tag-arquitectura-popular","18":"tag-belen-salgado","19":"tag-covadonga-carrasco","20":"tag-creusecarrasco-arquitectos","21":"tag-estefania-vazquez-muller","22":"tag-galicia","23":"tag-juan-creus-andrade","24":"tag-patrimonio","25":"tag-rehabilitacion","26":"tag-restaurante","27":"tag-roi-feijoo-rey"},"yoast_head":"<!-- This site is optimized with the Yoast SEO plugin v27.5 - https:\/\/yoast.com\/product\/yoast-seo-wordpress\/ -->\n<title>Restaurante 1764 | CREUSeCARRASCO - veredes<\/title>\n<meta name=\"description\" content=\"Toda la informaci\u00f3n sobre: [:es]Restaurante 1764 | CREUSeCARRASCO[:gl]Restaurante 1764 | CREUSeCARRASCO[:en]Restaurant 1764 | CREUSeCARRASCO[:]\" \/>\n<meta name=\"robots\" content=\"index, follow, max-snippet:-1, max-image-preview:large, max-video-preview:-1\" \/>\n<link rel=\"canonical\" href=\"https:\/\/veredes.es\/blog\/restaurante-1764-creusecarrasco\/\" \/>\n<meta property=\"og:locale\" content=\"es_ES\" \/>\n<meta property=\"og:type\" content=\"article\" \/>\n<meta property=\"og:title\" content=\"[:es]Restaurante 1764 | CREUSeCARRASCO[:gl]Restaurante 1764 | CREUSeCARRASCO[:en]Restaurant 1764 | CREUSeCARRASCO[:] - veredes\" \/>\n<meta property=\"og:description\" content=\"Toda la informaci\u00f3n sobre: [:es]Restaurante 1764 | CREUSeCARRASCO[:gl]Restaurante 1764 | CREUSeCARRASCO[:en]Restaurant 1764 | CREUSeCARRASCO[:]\" \/>\n<meta property=\"og:url\" content=\"https:\/\/veredes.es\/blog\/restaurante-1764-creusecarrasco\/\" \/>\n<meta property=\"og:site_name\" content=\"veredes, arquitectura y divulgaci\u00f3n\" \/>\n<meta property=\"article:publisher\" content=\"https:\/\/www.facebook.com\/veredesArquitecturayDivulgacion\/\" \/>\n<meta property=\"article:author\" content=\"https:\/\/www.facebook.com\/veredesArquitecturayDivulgacion\/\" \/>\n<meta property=\"article:published_time\" content=\"2018-02-20T23:02:51+00:00\" \/>\n<meta property=\"og:image\" content=\"https:\/\/veredes.es\/blog\/wp-content\/uploads\/2018\/01\/Restaurante-1764-CREUSeCARRASCO-o27-Exto2.jpg\" \/>\n\t<meta property=\"og:image:width\" content=\"1200\" \/>\n\t<meta property=\"og:image:height\" content=\"800\" \/>\n\t<meta property=\"og:image:type\" content=\"image\/jpeg\" \/>\n<meta name=\"author\" content=\"veredes\" \/>\n<meta name=\"twitter:card\" content=\"summary_large_image\" \/>\n<meta name=\"twitter:creator\" content=\"@https:\/\/twitter.com\/veredes\" \/>\n<meta name=\"twitter:site\" content=\"@veredes\" \/>\n<meta name=\"twitter:label1\" content=\"Escrito por\" \/>\n\t<meta name=\"twitter:data1\" content=\"veredes\" \/>\n\t<meta name=\"twitter:label2\" content=\"Tiempo de lectura\" \/>\n\t<meta name=\"twitter:data2\" content=\"5 minutos\" \/>\n<script type=\"application\/ld+json\" class=\"yoast-schema-graph\">{\"@context\":\"https:\\\/\\\/schema.org\",\"@graph\":[{\"@type\":\"Article\",\"@id\":\"https:\\\/\\\/veredes.es\\\/blog\\\/restaurante-1764-creusecarrasco\\\/#article\",\"isPartOf\":{\"@id\":\"https:\\\/\\\/veredes.es\\\/blog\\\/restaurante-1764-creusecarrasco\\\/\"},\"author\":{\"name\":\"veredes\",\"@id\":\"https:\\\/\\\/veredes.es\\\/blog\\\/#\\\/schema\\\/person\\\/0bbb669073ef7faba5168a0844e93d2c\"},\"headline\":\"Restaurante 1764 | CREUSeCARRASCO\",\"datePublished\":\"2018-02-20T23:02:51+00:00\",\"mainEntityOfPage\":{\"@id\":\"https:\\\/\\\/veredes.es\\\/blog\\\/restaurante-1764-creusecarrasco\\\/\"},\"wordCount\":1055,\"commentCount\":0,\"publisher\":{\"@id\":\"https:\\\/\\\/veredes.es\\\/blog\\\/#organization\"},\"image\":{\"@id\":\"https:\\\/\\\/veredes.es\\\/blog\\\/restaurante-1764-creusecarrasco\\\/#primaryimage\"},\"thumbnailUrl\":\"https:\\\/\\\/veredes.es\\\/blog\\\/wp-content\\\/uploads\\\/2018\\\/01\\\/Restaurante-1764-CREUSeCARRASCO-o27-Exto2.jpg\",\"keywords\":[\"arquitectura en la memoria\",\"arquitectura en madera\",\"arquitectura espa\u00f1ola\",\"arquitectura gallega\",\"arquitectura popular\",\"Bel\u00e9n Salgado\",\"Covadonga Carrasco\",\"CREUSeCARRASCO arquitectos\",\"Estefan\u00eda V\u00e1zquez M\u00fcller\",\"Galicia\",\"Juan Creus Andrade\",\"patrimonio\",\"rehabilitaci\u00f3n\",\"restaurante\",\"Roi Feij\u00f3o Rey\"],\"articleSection\":[\"arquitectura\",\"mobiliario\",\"obras\",\"reforma interior\",\"rehabilitaci\u00f3n\",\"slider principal\"],\"inLanguage\":\"es\",\"potentialAction\":[{\"@type\":\"CommentAction\",\"name\":\"Comment\",\"target\":[\"https:\\\/\\\/veredes.es\\\/blog\\\/restaurante-1764-creusecarrasco\\\/#respond\"]}]},{\"@type\":\"WebPage\",\"@id\":\"https:\\\/\\\/veredes.es\\\/blog\\\/restaurante-1764-creusecarrasco\\\/\",\"url\":\"https:\\\/\\\/veredes.es\\\/blog\\\/restaurante-1764-creusecarrasco\\\/\",\"name\":\"[:es]Restaurante 1764 | CREUSeCARRASCO[:gl]Restaurante 1764 | CREUSeCARRASCO[:en]Restaurant 1764 | CREUSeCARRASCO[:] - veredes\",\"isPartOf\":{\"@id\":\"https:\\\/\\\/veredes.es\\\/blog\\\/#website\"},\"primaryImageOfPage\":{\"@id\":\"https:\\\/\\\/veredes.es\\\/blog\\\/restaurante-1764-creusecarrasco\\\/#primaryimage\"},\"image\":{\"@id\":\"https:\\\/\\\/veredes.es\\\/blog\\\/restaurante-1764-creusecarrasco\\\/#primaryimage\"},\"thumbnailUrl\":\"https:\\\/\\\/veredes.es\\\/blog\\\/wp-content\\\/uploads\\\/2018\\\/01\\\/Restaurante-1764-CREUSeCARRASCO-o27-Exto2.jpg\",\"datePublished\":\"2018-02-20T23:02:51+00:00\",\"description\":\"Toda la informaci\u00f3n sobre: [:es]Restaurante 1764 | CREUSeCARRASCO[:gl]Restaurante 1764 | CREUSeCARRASCO[:en]Restaurant 1764 | CREUSeCARRASCO[:]\",\"breadcrumb\":{\"@id\":\"https:\\\/\\\/veredes.es\\\/blog\\\/restaurante-1764-creusecarrasco\\\/#breadcrumb\"},\"inLanguage\":\"es\",\"potentialAction\":[{\"@type\":\"ReadAction\",\"target\":[\"https:\\\/\\\/veredes.es\\\/blog\\\/restaurante-1764-creusecarrasco\\\/\"]}]},{\"@type\":\"ImageObject\",\"inLanguage\":\"es\",\"@id\":\"https:\\\/\\\/veredes.es\\\/blog\\\/restaurante-1764-creusecarrasco\\\/#primaryimage\",\"url\":\"https:\\\/\\\/veredes.es\\\/blog\\\/wp-content\\\/uploads\\\/2018\\\/01\\\/Restaurante-1764-CREUSeCARRASCO-o27-Exto2.jpg\",\"contentUrl\":\"https:\\\/\\\/veredes.es\\\/blog\\\/wp-content\\\/uploads\\\/2018\\\/01\\\/Restaurante-1764-CREUSeCARRASCO-o27-Exto2.jpg\",\"width\":1200,\"height\":800},{\"@type\":\"BreadcrumbList\",\"@id\":\"https:\\\/\\\/veredes.es\\\/blog\\\/restaurante-1764-creusecarrasco\\\/#breadcrumb\",\"itemListElement\":[{\"@type\":\"ListItem\",\"position\":1,\"name\":\"Portada\",\"item\":\"https:\\\/\\\/veredes.es\\\/blog\\\/\"},{\"@type\":\"ListItem\",\"position\":2,\"name\":\"Restaurante 1764 | CREUSeCARRASCO\"}]},{\"@type\":\"WebSite\",\"@id\":\"https:\\\/\\\/veredes.es\\\/blog\\\/#website\",\"url\":\"https:\\\/\\\/veredes.es\\\/blog\\\/\",\"name\":\"veredes, arquitectura y divulgaci\u00f3n\",\"description\":\"veredes\",\"publisher\":{\"@id\":\"https:\\\/\\\/veredes.es\\\/blog\\\/#organization\"},\"alternateName\":\"veredes\",\"potentialAction\":[{\"@type\":\"SearchAction\",\"target\":{\"@type\":\"EntryPoint\",\"urlTemplate\":\"https:\\\/\\\/veredes.es\\\/blog\\\/?s={search_term_string}\"},\"query-input\":{\"@type\":\"PropertyValueSpecification\",\"valueRequired\":true,\"valueName\":\"search_term_string\"}}],\"inLanguage\":\"es\"},{\"@type\":\"Organization\",\"@id\":\"https:\\\/\\\/veredes.es\\\/blog\\\/#organization\",\"name\":\"veredes, arquitectura y divulgaci\u00f3n\",\"alternateName\":\"veredes\",\"url\":\"https:\\\/\\\/veredes.es\\\/blog\\\/\",\"logo\":{\"@type\":\"ImageObject\",\"inLanguage\":\"es\",\"@id\":\"https:\\\/\\\/veredes.es\\\/blog\\\/#\\\/schema\\\/logo\\\/image\\\/\",\"url\":\"https:\\\/\\\/veredes.es\\\/blog\\\/wp-content\\\/uploads\\\/2021\\\/12\\\/veredes-logo-centrado_140x54.png\",\"contentUrl\":\"https:\\\/\\\/veredes.es\\\/blog\\\/wp-content\\\/uploads\\\/2021\\\/12\\\/veredes-logo-centrado_140x54.png\",\"width\":140,\"height\":54,\"caption\":\"veredes, arquitectura y divulgaci\u00f3n\"},\"image\":{\"@id\":\"https:\\\/\\\/veredes.es\\\/blog\\\/#\\\/schema\\\/logo\\\/image\\\/\"},\"sameAs\":[\"https:\\\/\\\/www.facebook.com\\\/veredesArquitecturayDivulgacion\\\/\",\"https:\\\/\\\/x.com\\\/veredes\",\"https:\\\/\\\/instagram.com\\\/veredes\\\/\",\"https:\\\/\\\/www.linkedin.com\\\/company\\\/veredes-arquitectura-y-divulgacion\\\/\",\"https:\\\/\\\/es.pinterest.com\\\/veredes\\\/\",\"https:\\\/\\\/www.tumblr.com\\\/veredes\"]},{\"@type\":\"Person\",\"@id\":\"https:\\\/\\\/veredes.es\\\/blog\\\/#\\\/schema\\\/person\\\/0bbb669073ef7faba5168a0844e93d2c\",\"name\":\"veredes\",\"image\":{\"@type\":\"ImageObject\",\"inLanguage\":\"es\",\"@id\":\"https:\\\/\\\/veredes.es\\\/blog\\\/wp-content\\\/uploads\\\/2018\\\/04\\\/face-96x96.jpg\",\"url\":\"https:\\\/\\\/veredes.es\\\/blog\\\/wp-content\\\/uploads\\\/2018\\\/04\\\/face-96x96.jpg\",\"contentUrl\":\"https:\\\/\\\/veredes.es\\\/blog\\\/wp-content\\\/uploads\\\/2018\\\/04\\\/face-96x96.jpg\",\"caption\":\"veredes\"},\"description\":\"Surge enero de 2009 como b\u00fasqueda de satisfacer el conocimiento de la actividad arquitect\u00f3nica y tangentes que se generan. La idea es crear un espacio para divulgar los diversos proyectos en busca de nueva inspiraci\u00f3n y de intercambio.\",\"sameAs\":[\"https:\\\/\\\/veredes.es\\\/\",\"https:\\\/\\\/www.facebook.com\\\/veredesArquitecturayDivulgacion\\\/\",\"https:\\\/\\\/www.instagram.com\\\/veredes\\\/\",\"https:\\\/\\\/www.linkedin.com\\\/company\\\/veredes-arquitectura-y-divulgacion\\\/\",\"https:\\\/\\\/www.pinterest.es\\\/veredes\\\/\",\"https:\\\/\\\/x.com\\\/https:\\\/\\\/twitter.com\\\/veredes\",\"https:\\\/\\\/veredes.tumblr.com\\\/\"],\"url\":\"https:\\\/\\\/veredes.es\\\/blog\\\/author\\\/alberto\\\/\"}]}<\/script>\n<!-- \/ Yoast SEO plugin. -->","yoast_head_json":{"title":"[:es]Restaurante 1764 | CREUSeCARRASCO[:gl]Restaurante 1764 | CREUSeCARRASCO[:en]Restaurant 1764 | CREUSeCARRASCO[:] - veredes","description":"Toda la informaci\u00f3n sobre: [:es]Restaurante 1764 | CREUSeCARRASCO[:gl]Restaurante 1764 | CREUSeCARRASCO[:en]Restaurant 1764 | CREUSeCARRASCO[:]","robots":{"index":"index","follow":"follow","max-snippet":"max-snippet:-1","max-image-preview":"max-image-preview:large","max-video-preview":"max-video-preview:-1"},"canonical":"https:\/\/veredes.es\/blog\/restaurante-1764-creusecarrasco\/","og_locale":"es_ES","og_type":"article","og_title":"[:es]Restaurante 1764 | CREUSeCARRASCO[:gl]Restaurante 1764 | CREUSeCARRASCO[:en]Restaurant 1764 | CREUSeCARRASCO[:] - veredes","og_description":"Toda la informaci\u00f3n sobre: [:es]Restaurante 1764 | CREUSeCARRASCO[:gl]Restaurante 1764 | CREUSeCARRASCO[:en]Restaurant 1764 | CREUSeCARRASCO[:]","og_url":"https:\/\/veredes.es\/blog\/restaurante-1764-creusecarrasco\/","og_site_name":"veredes, arquitectura y divulgaci\u00f3n","article_publisher":"https:\/\/www.facebook.com\/veredesArquitecturayDivulgacion\/","article_author":"https:\/\/www.facebook.com\/veredesArquitecturayDivulgacion\/","article_published_time":"2018-02-20T23:02:51+00:00","og_image":[{"width":1200,"height":800,"url":"https:\/\/veredes.es\/blog\/wp-content\/uploads\/2018\/01\/Restaurante-1764-CREUSeCARRASCO-o27-Exto2.jpg","type":"image\/jpeg"}],"author":"veredes","twitter_card":"summary_large_image","twitter_creator":"@https:\/\/twitter.com\/veredes","twitter_site":"@veredes","twitter_misc":{"Escrito por":"veredes","Tiempo de lectura":"5 minutos"},"schema":{"@context":"https:\/\/schema.org","@graph":[{"@type":"Article","@id":"https:\/\/veredes.es\/blog\/restaurante-1764-creusecarrasco\/#article","isPartOf":{"@id":"https:\/\/veredes.es\/blog\/restaurante-1764-creusecarrasco\/"},"author":{"name":"veredes","@id":"https:\/\/veredes.es\/blog\/#\/schema\/person\/0bbb669073ef7faba5168a0844e93d2c"},"headline":"Restaurante 1764 | CREUSeCARRASCO","datePublished":"2018-02-20T23:02:51+00:00","mainEntityOfPage":{"@id":"https:\/\/veredes.es\/blog\/restaurante-1764-creusecarrasco\/"},"wordCount":1055,"commentCount":0,"publisher":{"@id":"https:\/\/veredes.es\/blog\/#organization"},"image":{"@id":"https:\/\/veredes.es\/blog\/restaurante-1764-creusecarrasco\/#primaryimage"},"thumbnailUrl":"https:\/\/veredes.es\/blog\/wp-content\/uploads\/2018\/01\/Restaurante-1764-CREUSeCARRASCO-o27-Exto2.jpg","keywords":["arquitectura en la memoria","arquitectura en madera","arquitectura espa\u00f1ola","arquitectura gallega","arquitectura popular","Bel\u00e9n Salgado","Covadonga Carrasco","CREUSeCARRASCO arquitectos","Estefan\u00eda V\u00e1zquez M\u00fcller","Galicia","Juan Creus Andrade","patrimonio","rehabilitaci\u00f3n","restaurante","Roi Feij\u00f3o Rey"],"articleSection":["arquitectura","mobiliario","obras","reforma interior","rehabilitaci\u00f3n","slider principal"],"inLanguage":"es","potentialAction":[{"@type":"CommentAction","name":"Comment","target":["https:\/\/veredes.es\/blog\/restaurante-1764-creusecarrasco\/#respond"]}]},{"@type":"WebPage","@id":"https:\/\/veredes.es\/blog\/restaurante-1764-creusecarrasco\/","url":"https:\/\/veredes.es\/blog\/restaurante-1764-creusecarrasco\/","name":"[:es]Restaurante 1764 | CREUSeCARRASCO[:gl]Restaurante 1764 | CREUSeCARRASCO[:en]Restaurant 1764 | CREUSeCARRASCO[:] - veredes","isPartOf":{"@id":"https:\/\/veredes.es\/blog\/#website"},"primaryImageOfPage":{"@id":"https:\/\/veredes.es\/blog\/restaurante-1764-creusecarrasco\/#primaryimage"},"image":{"@id":"https:\/\/veredes.es\/blog\/restaurante-1764-creusecarrasco\/#primaryimage"},"thumbnailUrl":"https:\/\/veredes.es\/blog\/wp-content\/uploads\/2018\/01\/Restaurante-1764-CREUSeCARRASCO-o27-Exto2.jpg","datePublished":"2018-02-20T23:02:51+00:00","description":"Toda la informaci\u00f3n sobre: [:es]Restaurante 1764 | CREUSeCARRASCO[:gl]Restaurante 1764 | CREUSeCARRASCO[:en]Restaurant 1764 | CREUSeCARRASCO[:]","breadcrumb":{"@id":"https:\/\/veredes.es\/blog\/restaurante-1764-creusecarrasco\/#breadcrumb"},"inLanguage":"es","potentialAction":[{"@type":"ReadAction","target":["https:\/\/veredes.es\/blog\/restaurante-1764-creusecarrasco\/"]}]},{"@type":"ImageObject","inLanguage":"es","@id":"https:\/\/veredes.es\/blog\/restaurante-1764-creusecarrasco\/#primaryimage","url":"https:\/\/veredes.es\/blog\/wp-content\/uploads\/2018\/01\/Restaurante-1764-CREUSeCARRASCO-o27-Exto2.jpg","contentUrl":"https:\/\/veredes.es\/blog\/wp-content\/uploads\/2018\/01\/Restaurante-1764-CREUSeCARRASCO-o27-Exto2.jpg","width":1200,"height":800},{"@type":"BreadcrumbList","@id":"https:\/\/veredes.es\/blog\/restaurante-1764-creusecarrasco\/#breadcrumb","itemListElement":[{"@type":"ListItem","position":1,"name":"Portada","item":"https:\/\/veredes.es\/blog\/"},{"@type":"ListItem","position":2,"name":"Restaurante 1764 | CREUSeCARRASCO"}]},{"@type":"WebSite","@id":"https:\/\/veredes.es\/blog\/#website","url":"https:\/\/veredes.es\/blog\/","name":"veredes, arquitectura y divulgaci\u00f3n","description":"veredes","publisher":{"@id":"https:\/\/veredes.es\/blog\/#organization"},"alternateName":"veredes","potentialAction":[{"@type":"SearchAction","target":{"@type":"EntryPoint","urlTemplate":"https:\/\/veredes.es\/blog\/?s={search_term_string}"},"query-input":{"@type":"PropertyValueSpecification","valueRequired":true,"valueName":"search_term_string"}}],"inLanguage":"es"},{"@type":"Organization","@id":"https:\/\/veredes.es\/blog\/#organization","name":"veredes, arquitectura y divulgaci\u00f3n","alternateName":"veredes","url":"https:\/\/veredes.es\/blog\/","logo":{"@type":"ImageObject","inLanguage":"es","@id":"https:\/\/veredes.es\/blog\/#\/schema\/logo\/image\/","url":"https:\/\/veredes.es\/blog\/wp-content\/uploads\/2021\/12\/veredes-logo-centrado_140x54.png","contentUrl":"https:\/\/veredes.es\/blog\/wp-content\/uploads\/2021\/12\/veredes-logo-centrado_140x54.png","width":140,"height":54,"caption":"veredes, arquitectura y divulgaci\u00f3n"},"image":{"@id":"https:\/\/veredes.es\/blog\/#\/schema\/logo\/image\/"},"sameAs":["https:\/\/www.facebook.com\/veredesArquitecturayDivulgacion\/","https:\/\/x.com\/veredes","https:\/\/instagram.com\/veredes\/","https:\/\/www.linkedin.com\/company\/veredes-arquitectura-y-divulgacion\/","https:\/\/es.pinterest.com\/veredes\/","https:\/\/www.tumblr.com\/veredes"]},{"@type":"Person","@id":"https:\/\/veredes.es\/blog\/#\/schema\/person\/0bbb669073ef7faba5168a0844e93d2c","name":"veredes","image":{"@type":"ImageObject","inLanguage":"es","@id":"https:\/\/veredes.es\/blog\/wp-content\/uploads\/2018\/04\/face-96x96.jpg","url":"https:\/\/veredes.es\/blog\/wp-content\/uploads\/2018\/04\/face-96x96.jpg","contentUrl":"https:\/\/veredes.es\/blog\/wp-content\/uploads\/2018\/04\/face-96x96.jpg","caption":"veredes"},"description":"Surge enero de 2009 como b\u00fasqueda de satisfacer el conocimiento de la actividad arquitect\u00f3nica y tangentes que se generan. La idea es crear un espacio para divulgar los diversos proyectos en busca de nueva inspiraci\u00f3n y de intercambio.","sameAs":["https:\/\/veredes.es\/","https:\/\/www.facebook.com\/veredesArquitecturayDivulgacion\/","https:\/\/www.instagram.com\/veredes\/","https:\/\/www.linkedin.com\/company\/veredes-arquitectura-y-divulgacion\/","https:\/\/www.pinterest.es\/veredes\/","https:\/\/x.com\/https:\/\/twitter.com\/veredes","https:\/\/veredes.tumblr.com\/"],"url":"https:\/\/veredes.es\/blog\/author\/alberto\/"}]}},"_links":{"self":[{"href":"https:\/\/veredes.es\/blog\/wp-json\/wp\/v2\/posts\/67334","targetHints":{"allow":["GET"]}}],"collection":[{"href":"https:\/\/veredes.es\/blog\/wp-json\/wp\/v2\/posts"}],"about":[{"href":"https:\/\/veredes.es\/blog\/wp-json\/wp\/v2\/types\/post"}],"author":[{"embeddable":true,"href":"https:\/\/veredes.es\/blog\/wp-json\/wp\/v2\/users\/2"}],"replies":[{"embeddable":true,"href":"https:\/\/veredes.es\/blog\/wp-json\/wp\/v2\/comments?post=67334"}],"version-history":[{"count":0,"href":"https:\/\/veredes.es\/blog\/wp-json\/wp\/v2\/posts\/67334\/revisions"}],"wp:featuredmedia":[{"embeddable":true,"href":"https:\/\/veredes.es\/blog\/wp-json\/wp\/v2\/media\/67361"}],"wp:attachment":[{"href":"https:\/\/veredes.es\/blog\/wp-json\/wp\/v2\/media?parent=67334"}],"wp:term":[{"taxonomy":"category","embeddable":true,"href":"https:\/\/veredes.es\/blog\/wp-json\/wp\/v2\/categories?post=67334"},{"taxonomy":"post_tag","embeddable":true,"href":"https:\/\/veredes.es\/blog\/wp-json\/wp\/v2\/tags?post=67334"}],"curies":[{"name":"wp","href":"https:\/\/api.w.org\/{rel}","templated":true}]}}