{"id":67277,"date":"2018-02-23T00:02:33","date_gmt":"2018-02-22T23:02:33","guid":{"rendered":"https:\/\/veredes.es\/blog\/?p=67277"},"modified":"2022-02-15T01:12:00","modified_gmt":"2022-02-15T00:12:00","slug":"cambiar-la-educacion-cambiar-la-ciudad-ii-stepienybarno","status":"publish","type":"post","link":"https:\/\/veredes.es\/blog\/cambiar-la-educacion-cambiar-la-ciudad-ii-stepienybarno\/","title":{"rendered":"Cambiar la educaci\u00f3n para cambiar la ciudad (II) | Stepienybarno"},"content":{"rendered":"<p>https:\/\/veredes.es\/blog\/cambiar-la-educacion-para-cambiar-la-ciudad-i-stepienybarno\/<\/p>\n<figure id=\"attachment_67282\" aria-describedby=\"caption-attachment-67282\" style=\"width: 750px\" class=\"wp-caption alignnone\"><img loading=\"lazy\" decoding=\"async\" class=\"wp-image-67282\" src=\"https:\/\/veredes.es\/blog\/wp-content\/uploads\/2018\/02\/Cambiar-la-educaci\u00f3n-para-cambiar-la-ciudad-II-Stepienybarno-Escuela-Montessori-Delf-Herman-Hertzberger-1960.jpg\" alt=\"Escuela Montessori, Delf, Herman Hertzberger, 1960\" width=\"750\" height=\"593\" srcset=\"https:\/\/veredes.es\/blog\/wp-content\/uploads\/2018\/02\/Cambiar-la-educaci\u00f3n-para-cambiar-la-ciudad-II-Stepienybarno-Escuela-Montessori-Delf-Herman-Hertzberger-1960.jpg 500w, https:\/\/veredes.es\/blog\/wp-content\/uploads\/2018\/02\/Cambiar-la-educaci\u00f3n-para-cambiar-la-ciudad-II-Stepienybarno-Escuela-Montessori-Delf-Herman-Hertzberger-1960-300x237.jpg 300w\" sizes=\"auto, (max-width: 750px) 100vw, 750px\" \/><figcaption id=\"caption-attachment-67282\" class=\"wp-caption-text\"><span style=\"color: #999999;\">Escuela Montessori, Delf, Herman Hertzberger, 1960<\/span><\/figcaption><\/figure>\n<p style=\"text-align: justify;\">En el anterior post intent\u00e1bamos dar un breve repaso de los hitos m\u00e1s importantes que encontr\u00e1bamos al echar una mirada atr\u00e1s en el apasionante mundo de la arquitectura y la educaci\u00f3n. En <a href=\"https:\/\/veredes.es\/blog\/cambiar-la-educacion-para-cambiar-la-ciudad-i-stepienybarno\/\" target=\"_blank\" rel=\"noopener noreferrer\"><strong>dicho texto<\/strong><\/a> nos pase\u00e1bamos por casi todo el siglo XX hasta llegar a los a\u00f1os ochenta y es ah\u00ed donde hoy queremos recoger el testigo e intentar plantarnos en la actualidad. Para ello, echaremos una mirada a lo que sucede en pa\u00edses en v\u00edas de desarrollo de los que, sin duda, podemos aprender much\u00edsimo. A su vez, entender la escuela como uno de los principales espacios p\u00fablicos y la importancia del edificio educacional como gran maestro, en s\u00ed mismo, nos parecen temas bonitos sobre los que profundizar.<\/p>\n<p style=\"text-align: justify;\">La idea original era terminar el art\u00edculo metidos de lleno en lo que es la <strong>educaci\u00f3n expandida<\/strong> y el <em><a href=\"https:\/\/es.wikipedia.org\/wiki\/Edupunk\" target=\"_blank\" rel=\"noopener noreferrer\"><strong>edupunk<\/strong><\/a>,<\/em> pero, visto que se nos alargaba demasiado, hemos decidido dejar este apasionante tema para una tercera entrega.<\/p>\n<p style=\"text-align: justify;\">As\u00ed que, si os anim\u00e1is, estar\u00edamos encantados de que nos acompa\u00f1aseis en dicho viaje.<\/p>\n<figure id=\"attachment_67284\" aria-describedby=\"caption-attachment-67284\" style=\"width: 640px\" class=\"wp-caption alignnone\"><img loading=\"lazy\" decoding=\"async\" class=\"wp-image-67284\" src=\"https:\/\/veredes.es\/blog\/wp-content\/uploads\/2018\/02\/Cambiar-la-educaci\u00f3n-para-cambiar-la-ciudad-II-Stepienybarno-Escuela-en-Bangladesh-_-Obra-de-Anna-Heringer.jpg\" alt=\"Escuela en Bangladesh _ Obra de Anna Heringer\" width=\"640\" height=\"424\" srcset=\"https:\/\/veredes.es\/blog\/wp-content\/uploads\/2018\/02\/Cambiar-la-educaci\u00f3n-para-cambiar-la-ciudad-II-Stepienybarno-Escuela-en-Bangladesh-_-Obra-de-Anna-Heringer.jpg 500w, https:\/\/veredes.es\/blog\/wp-content\/uploads\/2018\/02\/Cambiar-la-educaci\u00f3n-para-cambiar-la-ciudad-II-Stepienybarno-Escuela-en-Bangladesh-_-Obra-de-Anna-Heringer-300x199.jpg 300w, https:\/\/veredes.es\/blog\/wp-content\/uploads\/2018\/02\/Cambiar-la-educaci\u00f3n-para-cambiar-la-ciudad-II-Stepienybarno-Escuela-en-Bangladesh-_-Obra-de-Anna-Heringer-160x105.jpg 160w\" sizes=\"auto, (max-width: 640px) 100vw, 640px\" \/><figcaption id=\"caption-attachment-67284\" class=\"wp-caption-text\"><span style=\"color: #999999;\">Escuela en Bangladesh _ Obra de Anna Heringer | Fotograf\u00eda: Escola METI &#8211; Anna Heringer + Eike Roswag. Imagem \u00a9 Kurt Hoerbst | <a href=\"https:\/\/www.archdaily.com.br\/br\/959544\/sustentabilidade-e-um-sinonimo-de-beleza-em-conversa-com-anna-heringer?ad_medium=gallery\" target=\"_blank\" rel=\"noopener\">Fuente: archdaily.com.br<\/a><\/span><\/figcaption><\/figure>\n<p style=\"text-align: justify;\">Como bien es sabido, uno de los aspectos m\u00e1s interesantes de la arquitectura educativa es comprobar c\u00f3mo ciertas \u201cambig\u00fcedades\u201d aportan mucho m\u00e1s al proyecto que una serie de espacios de dimensiones fijas e inflexibles programas. La relaci\u00f3n con el exterior,\u00a0 el estar fuera pero con la sensaci\u00f3n de estar dentro y viceversa o el \u00a0estudio correcto de la iluminaci\u00f3n natural son mecanismos arquitect\u00f3nicos que no salen en las normativas, y que, desde un punto de vista cuantitativo, son muy dif\u00edciles de evaluar. De hecho, <strong>como casi siempre ocurre en la arquitectura, lo m\u00e1s importante no es aquello que se puede medir y reglar sino los aspectos cualitativos de los proyectos. <\/strong><\/p>\n<p style=\"text-align: justify;\">Por ello, queremos rescatar algunas intervenciones que hacen de la indefinici\u00f3n del espacio colectivo de las escuelas una de las armas m\u00e1s poderosas de su arquitectura. A su vez, esta actitud a la hora de proyectar va de la mano de actuales sistemas educativos que heredan lo mejor de m\u00e9todos como Montessori y Waldorf y que la arquitectura no puede dejar de lado sino que se tiene que convertir en una fiel traductora de ideas y pensamientos pedag\u00f3gicos.<\/p>\n<p style=\"text-align: justify;\">Igualmente interesante nos resultan aquellos edificios en los que lo que rodea a la propia arquitectura es tan importante como ella y, de hecho, en muchos casos es lo que hace que realmente humildes pero intensas obras se conviertan en grandes proyectos arquitect\u00f3nicos.<\/p>\n<p style=\"text-align: justify;\">As\u00ed que, si os parece, vamos con el primer proyecto que traemos hoy ponemos encima del tablero.<\/p>\n<p style=\"text-align: justify;\">Si nos trasladamos hasta Bangladesh podemos encontrarnos con la escuela que Anna Heringer proyect\u00f3 para dar respuesta a las necesidades de l@s m\u00e1s peque\u00f1@s. En esta ocasi\u00f3n el esp\u00edritu de comunidad se ve reafirmado y consolidado desde la misma construcci\u00f3n del edificio ya que en \u00e9l participan los miembros de la comunidad.<\/p>\n<p style=\"text-align: justify;\">De esta forma, la identidad de un pueblo se ve consolidada, y el sentimiento de pertenencia se acrecenta al ir aumentando el orgullo de saberse participes de la construcci\u00f3n del edificio que sacar\u00e1 del analfabetismo a l@s hij@s de quienes lo est\u00e1n construyendo.\u00a0<strong>La autoconstrucci\u00f3n se convierte en el mejor detonante de la toma de conciencia del sentimiento de comunidad.<\/strong><\/p>\n<p style=\"text-align: justify;\">Igualmente interesante nos parece el cuidadoso uso de que se hace de los materiales locales, as\u00ed como de las t\u00e9cnicas de construcci\u00f3n del lugar.<\/p>\n<figure id=\"attachment_67283\" aria-describedby=\"caption-attachment-67283\" style=\"width: 640px\" class=\"wp-caption alignnone\"><img loading=\"lazy\" decoding=\"async\" class=\"wp-image-67283\" src=\"https:\/\/veredes.es\/blog\/wp-content\/uploads\/2018\/02\/Cambiar-la-educaci\u00f3n-para-cambiar-la-ciudad-II-Stepienybarno-Ampliaci\u00f3n-de-escuela-en-Dano-_-Obra-de-Di\u00e9b\u00e9do-Francis-K\u00e9r\u00e9.jpg\" alt=\"Ampliaci\u00f3n de escuela en Dano _ Obra de Di\u00e9b\u00e9do Francis K\u00e9r\u00e9\" width=\"640\" height=\"471\" srcset=\"https:\/\/veredes.es\/blog\/wp-content\/uploads\/2018\/02\/Cambiar-la-educaci\u00f3n-para-cambiar-la-ciudad-II-Stepienybarno-Ampliaci\u00f3n-de-escuela-en-Dano-_-Obra-de-Di\u00e9b\u00e9do-Francis-K\u00e9r\u00e9.jpg 500w, https:\/\/veredes.es\/blog\/wp-content\/uploads\/2018\/02\/Cambiar-la-educaci\u00f3n-para-cambiar-la-ciudad-II-Stepienybarno-Ampliaci\u00f3n-de-escuela-en-Dano-_-Obra-de-Di\u00e9b\u00e9do-Francis-K\u00e9r\u00e9-300x221.jpg 300w\" sizes=\"auto, (max-width: 640px) 100vw, 640px\" \/><figcaption id=\"caption-attachment-67283\" class=\"wp-caption-text\"><span style=\"color: #999999;\">Ampliaci\u00f3n de escuela en Dano _ Obra de Di\u00e9b\u00e9do Francis K\u00e9r\u00e9 | Fotograf\u00edas:\u00a0Francis K\u00e9r\u00e9 \/ Erik Jan Ouwerkerk | Fuente: <a href=\"https:\/\/tectonica.archi\/projects\/ampliacion-de-escuela-en-dano\/\" target=\"_blank\" rel=\"noopener\">tectonica.archi<\/a><\/span><\/figcaption><\/figure>\n<p style=\"text-align: justify;\">Y no pod\u00edamos hablar de Heringer sin traer a primer plano otro arquitecto con el que parece mimetizarse en su pensamiento, discurso y obra:\u00a0<strong><a href=\"http:\/\/www.youtube.com\/watch?v=N3mnwGKGA7k\" target=\"_blank\" rel=\"noopener noreferrer\">Di\u00e9b\u00e9do Francis K\u00e9r\u00e9.<\/a>\u00a0Este joven y entusiasta arquitecto,\u00a0originario de Burkina Faso, tiene una obra muy comprometida socialmente, en la que destaca el buen manejo de la escasez de medios econ\u00f3micos, el respeto por la tradici\u00f3n y el empleo de mano de obra social.\u00a0<\/strong>A su vez, hay que destacar que Ker\u00e9 creci\u00f3 en un peque\u00f1o poblado de la capital junto a otros doce hermanos en la m\u00e1s absoluta de las miserias.<\/p>\n<p style=\"text-align: justify;\">Aun as\u00ed, su padre se empe\u00f1\u00f3 en que fuera a la escuela y por lo que vemos el hoy arquitecto no perdi\u00f3 el tiempo. Fue el primer habitante del poblado en superar el analfabetismo y con el tiempo, una vez terminados sus estudios como carpintero, tuvo la oportunidad de estudiar arquitectura en Berl\u00edn d\u00f3nde lleg\u00f3 a crear la asociaci\u00f3n\u00a0<a href=\"http:\/\/www.fuergando.de\/\" target=\"_blank\" rel=\"noopener noreferrer\">\u201cSchulbausteine f\u00fcr Gando\u201d<\/a>\u00a0(\u201cLadrillos para la escuela en Gando\u201d) con la ayuda de sus compa\u00f1eros de promoci\u00f3n. Desde ella, consiguieron fondos para levantar la primera escuela en su poblado natal y desde el a\u00f1o 2004 ha seguido comprometido con sus ra\u00edces ayudando a cientos de ni\u00f1@s a tener una oportunidad en la vida, impensable pocos a\u00f1os atr\u00e1s.<\/p>\n<div class=\"youtube-embed\" data-video_id=\"N3mnwGKGA7k\"><iframe loading=\"lazy\" title=\"Di\u00e9b\u00e9do Francis K\u00e9r\u00e9 - I Congreso Arquitectura M\u00e1s por Menos (2010)-&quot;La promesa de la arquitectura&quot;\" width=\"696\" height=\"522\" src=\"https:\/\/www.youtube.com\/embed\/N3mnwGKGA7k?feature=oembed&#038;enablejsapi=1\" frameborder=\"0\" allow=\"accelerometer; autoplay; clipboard-write; encrypted-media; gyroscope; picture-in-picture\" allowfullscreen><\/iframe><\/div>\n<p style=\"text-align: justify;\">Otro proyecto que nos parece, especialmente, sugerente es el jard\u00edn de infancia del arquitecto italiano <strong>Giovanni D\u2019Ambrosio<\/strong> en Kerobokan, Bali. Nuevamente, la escasez de recursos del lugar no supone un h\u00e1ndicap para el proyecto sino m\u00e1s bien un todo un reto.\u00a0<strong>Con unos materiales muy contenidos y ning\u00fan exceso formal el proyecto se genera \u00a0en torno a un gran \u201cviga \u2013 macetero\u201d en la que incrustan sus ra\u00edces las plantas trepadoras que se deslizan a 40 cent\u00edmetros\u00a0de la cubierta.\u00a0<\/strong>De esta forma, la vegetaci\u00f3n va dando sombra a la chapa met\u00e1lica y cobija una m\u00e1s que necesaria corriente de aire continua que hace que no se caliente en exceso el ambiente interior.<\/p>\n<p style=\"text-align: justify;\">A su vez, la escuela encierra en su interior una peque\u00f1a huerta con plantas aut\u00f3ctonos que hace que los alumnos se conviertan en sus \u00fanicos y felices cuidadores. As\u00ed, los ni\u00f1os como agricultores y la arquitectura hermanada con la naturaleza forman un tandem perfecto para que la sabidur\u00eda y el juego est\u00e9n siempre presentes en la escuela.<\/p>\n<figure id=\"attachment_67285\" aria-describedby=\"caption-attachment-67285\" style=\"width: 640px\" class=\"wp-caption alignnone\"><img loading=\"lazy\" decoding=\"async\" class=\"wp-image-67285\" src=\"https:\/\/veredes.es\/blog\/wp-content\/uploads\/2018\/02\/Cambiar-la-educaci\u00f3n-para-cambiar-la-ciudad-II-Stepienybarno-Jard\u00edn-de-infancia-en-Kerobokan-Bali-_-Obra-de-Giovanni-D\u2019Ambrosio.jpg\" alt=\"Jard\u00edn de infancia en Kerobokan, Bali _ Obra de Giovanni D\u2019Ambrosio\" width=\"640\" height=\"422\" srcset=\"https:\/\/veredes.es\/blog\/wp-content\/uploads\/2018\/02\/Cambiar-la-educaci\u00f3n-para-cambiar-la-ciudad-II-Stepienybarno-Jard\u00edn-de-infancia-en-Kerobokan-Bali-_-Obra-de-Giovanni-D\u2019Ambrosio.jpg 500w, https:\/\/veredes.es\/blog\/wp-content\/uploads\/2018\/02\/Cambiar-la-educaci\u00f3n-para-cambiar-la-ciudad-II-Stepienybarno-Jard\u00edn-de-infancia-en-Kerobokan-Bali-_-Obra-de-Giovanni-D\u2019Ambrosio-300x198.jpg 300w, https:\/\/veredes.es\/blog\/wp-content\/uploads\/2018\/02\/Cambiar-la-educaci\u00f3n-para-cambiar-la-ciudad-II-Stepienybarno-Jard\u00edn-de-infancia-en-Kerobokan-Bali-_-Obra-de-Giovanni-D\u2019Ambrosio-160x105.jpg 160w\" sizes=\"auto, (max-width: 640px) 100vw, 640px\" \/><figcaption id=\"caption-attachment-67285\" class=\"wp-caption-text\"><span style=\"color: #999999;\">Jard\u00edn de infancia en Kerobokan, Bali _ Obra de Giovanni D\u2019Ambrosio | Fuente: <a href=\"http:\/\/www.arc1.uniroma1.it\/saggio\/Diecielode\/Dambrosio\/DAmbrosio.htm\" target=\"_blank\" rel=\"noopener\">arc1.uniroma1.it<\/a><\/span><\/figcaption><\/figure>\n<p style=\"text-align: justify;\">Y despu\u00e9s de este recorrido por pa\u00edses en situaciones de extrema vulnerabilidad, volvemos a occidente y nos plantamos en Rivas Vaciamadrid. El proyecto de la agencia madrile\u00f1a de arquitectura <a href=\"http:\/\/ecosistemaurbano.com\/\" target=\"_blank\" rel=\"noopener noreferrer\"><strong>Ecosistema Urbano<\/strong><\/a>,\u00a0 surge con el\u00a0<strong>doble reto de convertirse, por un lado, \u201cen una fuente de aprendizaje para los ciudadanos<\/strong>, educando en el ahorro energ\u00e9tico y la optimizaci\u00f3n de los recursos naturales\u201d y, por otro,\u00a0<strong>llegar a ser un verdadero<\/strong>\u00a0<strong>lugar de interacci\u00f3n social.\u00a0<\/strong><\/p>\n<figure id=\"attachment_67287\" aria-describedby=\"caption-attachment-67287\" style=\"width: 640px\" class=\"wp-caption alignnone\"><img loading=\"lazy\" decoding=\"async\" class=\"wp-image-67287\" src=\"https:\/\/veredes.es\/blog\/wp-content\/uploads\/2018\/02\/Cambiar-la-educaci\u00f3n-para-cambiar-la-ciudad-II-Stepienybarno-Rivas-Vaciamadrid-_-Obra-de-Ecosistema-Urbano01.jpg\" alt=\"Rivas Vaciamadrid _ Obra de Ecosistema Urbano\" width=\"640\" height=\"356\" srcset=\"https:\/\/veredes.es\/blog\/wp-content\/uploads\/2018\/02\/Cambiar-la-educaci\u00f3n-para-cambiar-la-ciudad-II-Stepienybarno-Rivas-Vaciamadrid-_-Obra-de-Ecosistema-Urbano01.jpg 500w, https:\/\/veredes.es\/blog\/wp-content\/uploads\/2018\/02\/Cambiar-la-educaci\u00f3n-para-cambiar-la-ciudad-II-Stepienybarno-Rivas-Vaciamadrid-_-Obra-de-Ecosistema-Urbano01-300x167.jpg 300w\" sizes=\"auto, (max-width: 640px) 100vw, 640px\" \/><figcaption id=\"caption-attachment-67287\" class=\"wp-caption-text\"><span style=\"color: #999999;\">Rivas Vaciamadrid _ Obra de Ecosistema Urbano |Fotograf\u00eda: <a href=\"https:\/\/arquitecturaviva.com\/etiqueta\/emilio-p-doiztua\">Emilio P. Doiztua\u00a0<\/a>\u00a0<a href=\"https:\/\/arquitecturaviva.com\/etiqueta\/javier-de-paz\">Javier de Paz\u00a0<\/a>| Fuente: <a href=\"https:\/\/arquitecturaviva.com\/obras\/plaza-ecopolis\" target=\"_blank\" rel=\"noopener\">arquitecturaviva.com<\/a><\/span><\/figcaption><\/figure>\n<p style=\"text-align: justify;\">Para terminar este peque\u00f1o viaje arquitect\u00f3nico-educativo, lo haremos de la mano de los arquitectos suizos <strong><a href=\"http:\/\/www.rosanbosch.com\/\" target=\"_blank\" rel=\"noopener noreferrer\">Rosan Bosch<\/a><\/strong> y su nada convencional escuela Vittra en Estocolmo. En ella llevan al extremo la dinamizaci\u00f3n de los corredores, halls o pasillos, haci\u00e9ndoles perder su habitual condici\u00f3n de paso y transici\u00f3n, para convertirlos en lugares de estancia donde jugar aprendiendo y aprender jugando.<\/p>\n<p style=\"text-align: justify;\">De esta forma<strong>, el espacio abierto y flexible vuelve a ganar la batalla a los espacios cerrados y abocados a una \u00fanica funci\u00f3n.<\/strong>\u00a0A su vez, dentro de estos lugares colectivos aparecen otros espacios con un car\u00e1cter m\u00e1s \u00edntimo e introvertido pero que se consiguen con sutiles manipulaciones del espacio general y no con la compartimentaci\u00f3n habitual del mismo. Igualmente, los desniveles, anfiteatros e innumerables nichos y recovecos se convierten en perfectos escenarios que l@s ni\u00f1@s hacen suyos con extrema facilidad.<\/p>\n<figure id=\"attachment_67288\" aria-describedby=\"caption-attachment-67288\" style=\"width: 640px\" class=\"wp-caption alignnone\"><img loading=\"lazy\" decoding=\"async\" class=\"wp-image-67288\" src=\"https:\/\/veredes.es\/blog\/wp-content\/uploads\/2018\/02\/Cambiar-la-educaci\u00f3n-para-cambiar-la-ciudad-II-Stepienybarno-Escuela-Vittra-_-Obra-de-Rosan-Bosch.jpg\" alt=\"Escuela Vittra _ Obra de Rosan Bosch\" width=\"640\" height=\"428\" srcset=\"https:\/\/veredes.es\/blog\/wp-content\/uploads\/2018\/02\/Cambiar-la-educaci\u00f3n-para-cambiar-la-ciudad-II-Stepienybarno-Escuela-Vittra-_-Obra-de-Rosan-Bosch.jpg 500w, https:\/\/veredes.es\/blog\/wp-content\/uploads\/2018\/02\/Cambiar-la-educaci\u00f3n-para-cambiar-la-ciudad-II-Stepienybarno-Escuela-Vittra-_-Obra-de-Rosan-Bosch-300x200.jpg 300w\" sizes=\"auto, (max-width: 640px) 100vw, 640px\" \/><figcaption id=\"caption-attachment-67288\" class=\"wp-caption-text\"><span style=\"color: #999999;\">Escuela Vittra _ Obra de Rosan Bosch | <a href=\"https:\/\/rosanbosch.com\/es\/proyecto\/escuela-vittra-telefonplan\" target=\"_blank\" rel=\"noopener\">Fuente: rosanbosch.com<\/a><\/span><\/figcaption><\/figure>\n<p style=\"text-align: justify;\">En fin, esperamos que este peque\u00f1o an\u00e1lisis de obras de arquitectura educacional, desde el punto de vista de lo comunitario y la apropiaci\u00f3n de los espacios de manera alternativa haya sido de vuestro agrado y, como siempre, estaremos encantados de recibir vuestros comentarios al respecto.<\/p>\n<p style=\"text-align: justify;\"><a href=\"https:\/\/www.stepienybarno.es\/\">Stepienybarno<\/a>_Agnieszka Stepien y Lorenzo Barn\u00f3, arquitectos<br \/>\nEstella, Agosto\u00a02017<\/p>\n<p style=\"text-align: justify;\"><span style=\"color: #999999;\"><em>Art\u00edculo publicado originalmente en la Plataforma de La Ciudad Viva.<\/em><\/span><\/p>\n<p><\/p>","protected":false},"excerpt":{"rendered":"<p>https:\/\/veredes.es\/blog\/cambiar-la-educacion-para-cambiar-la-ciudad-i-stepienybarno\/ En el anterior post intent\u00e1bamos dar un breve repaso de los hitos m\u00e1s importantes que encontr\u00e1bamos al echar una mirada atr\u00e1s en el apasionante mundo de la arquitectura y la educaci\u00f3n. En dicho texto nos pase\u00e1bamos por casi todo el siglo XX hasta llegar a los a\u00f1os ochenta y es ah\u00ed donde hoy queremos [&hellip;]<\/p>\n","protected":false},"author":22,"featured_media":67283,"comment_status":"open","ping_status":"closed","sticky":false,"template":"","format":"standard","meta":{"footnotes":""},"categories":[568,5951],"tags":[6471,92,4725,2450,171,5448,9999,9503,13404,3920,449,458,12443,505,516,13405,13403,13407,2371,668,4284,5447,785,4659,3104,13406,10002,2432,13409,13408,1241,12473,2048],"class_list":{"0":"post-67277","1":"post","2":"type-post","3":"status-publish","4":"format-standard","5":"has-post-thumbnail","7":"category-faro","8":"category-slider-principal","9":"tag-agnieszka-stepien","10":"tag-aldo-van-eyck","11":"tag-anna-heringer","12":"tag-arne-jacobsen","13":"tag-autoconstruccion","14":"tag-belinda-tato","15":"tag-bruno-julius-florian-taut","16":"tag-carlos-arniches","17":"tag-claudio-naranjo","18":"tag-diebedo-francis-kere","19":"tag-ecosistema-urbano","20":"tag-educacion","21":"tag-equipamiento-docente","22":"tag-escuela","23":"tag-espacio-publico","24":"tag-eugene-beaudouin","25":"tag-francisco-burgos-ruiz","26":"tag-giovanni-dambrosio","27":"tag-herman-hertzberger","28":"tag-historia","29":"tag-jan-duiker","30":"tag-jose-luis-vallejo","31":"tag-le-corbusier","32":"tag-lorenzo-barno","33":"tag-louis-i-kahn","34":"tag-marcel-lods","35":"tag-martin-dominguez","36":"tag-richard-neutra","37":"tag-rosan-bosch","38":"tag-rosan-bosch-studio","39":"tag-sociedad","40":"tag-stepienybarno","41":"tag-teoria-e-historia"},"yoast_head":"<!-- This site is optimized with the Yoast SEO plugin v27.4 - https:\/\/yoast.com\/product\/yoast-seo-wordpress\/ -->\n<title>Cambiar la educaci\u00f3n para cambiar la ciudad (II) | Stepienybarno  - veredes<\/title>\n<meta name=\"description\" content=\"Toda la informaci\u00f3n sobre: [:es]Cambiar la educaci\u00f3n para cambiar la ciudad (II) | Stepienybarno [:gl]Cambiar a educaci\u00f3n para cambiar a cidade (II) | Stepienybarno [:en]Changing the education to change the city (II) | Stepienybarno [:]\" \/>\n<meta name=\"robots\" content=\"index, follow, max-snippet:-1, max-image-preview:large, max-video-preview:-1\" \/>\n<link rel=\"canonical\" href=\"https:\/\/veredes.es\/blog\/cambiar-la-educacion-cambiar-la-ciudad-ii-stepienybarno\/\" \/>\n<meta property=\"og:locale\" content=\"es_ES\" \/>\n<meta property=\"og:type\" content=\"article\" \/>\n<meta property=\"og:title\" content=\"[:es]Cambiar la educaci\u00f3n para cambiar la ciudad (II) | Stepienybarno [:gl]Cambiar a educaci\u00f3n para cambiar a cidade (II) | Stepienybarno [:en]Changing the education to change the city (II) | Stepienybarno [:] - veredes\" \/>\n<meta property=\"og:description\" content=\"Toda la informaci\u00f3n sobre: [:es]Cambiar la educaci\u00f3n para cambiar la ciudad (II) | Stepienybarno [:gl]Cambiar a educaci\u00f3n para cambiar a cidade (II) | Stepienybarno [:en]Changing the education to change the city (II) | Stepienybarno [:]\" \/>\n<meta property=\"og:url\" content=\"https:\/\/veredes.es\/blog\/cambiar-la-educacion-cambiar-la-ciudad-ii-stepienybarno\/\" \/>\n<meta property=\"og:site_name\" content=\"veredes, arquitectura y divulgaci\u00f3n\" \/>\n<meta property=\"article:publisher\" content=\"https:\/\/www.facebook.com\/veredesArquitecturayDivulgacion\/\" \/>\n<meta property=\"article:author\" content=\"https:\/\/www.facebook.com\/StepienyBarnoArquitecturaeIdentidadDigital\" \/>\n<meta property=\"article:published_time\" content=\"2018-02-22T23:02:33+00:00\" \/>\n<meta property=\"article:modified_time\" content=\"2022-02-15T00:12:00+00:00\" \/>\n<meta property=\"og:image\" content=\"https:\/\/veredes.es\/blog\/wp-content\/uploads\/2018\/02\/Cambiar-la-educaci\u00f3n-para-cambiar-la-ciudad-II-Stepienybarno-Ampliaci\u00f3n-de-escuela-en-Dano-_-Obra-de-Di\u00e9b\u00e9do-Francis-K\u00e9r\u00e9.jpg\" \/>\n\t<meta property=\"og:image:width\" content=\"500\" \/>\n\t<meta property=\"og:image:height\" content=\"368\" \/>\n\t<meta property=\"og:image:type\" content=\"image\/jpeg\" \/>\n<meta name=\"author\" content=\"Stepienybarno\" \/>\n<meta name=\"twitter:card\" content=\"summary_large_image\" \/>\n<meta name=\"twitter:creator\" content=\"@https:\/\/twitter.com\/stepienybarno\" \/>\n<meta name=\"twitter:site\" content=\"@veredes\" \/>\n<meta name=\"twitter:label1\" content=\"Escrito por\" \/>\n\t<meta name=\"twitter:data1\" content=\"Stepienybarno\" \/>\n\t<meta name=\"twitter:label2\" content=\"Tiempo de lectura\" \/>\n\t<meta name=\"twitter:data2\" content=\"21 minutos\" \/>\n<script type=\"application\/ld+json\" class=\"yoast-schema-graph\">{\"@context\":\"https:\\\/\\\/schema.org\",\"@graph\":[{\"@type\":\"Article\",\"@id\":\"https:\\\/\\\/veredes.es\\\/blog\\\/cambiar-la-educacion-cambiar-la-ciudad-ii-stepienybarno\\\/#article\",\"isPartOf\":{\"@id\":\"https:\\\/\\\/veredes.es\\\/blog\\\/cambiar-la-educacion-cambiar-la-ciudad-ii-stepienybarno\\\/\"},\"author\":{\"name\":\"Stepienybarno\",\"@id\":\"https:\\\/\\\/veredes.es\\\/blog\\\/#\\\/schema\\\/person\\\/ef4471ca7b84a35a0e5467570aa86373\"},\"headline\":\"Cambiar la educaci\u00f3n para cambiar la ciudad (II) | Stepienybarno\",\"datePublished\":\"2018-02-22T23:02:33+00:00\",\"dateModified\":\"2022-02-15T00:12:00+00:00\",\"mainEntityOfPage\":{\"@id\":\"https:\\\/\\\/veredes.es\\\/blog\\\/cambiar-la-educacion-cambiar-la-ciudad-ii-stepienybarno\\\/\"},\"wordCount\":4223,\"commentCount\":0,\"publisher\":{\"@id\":\"https:\\\/\\\/veredes.es\\\/blog\\\/#organization\"},\"image\":{\"@id\":\"https:\\\/\\\/veredes.es\\\/blog\\\/cambiar-la-educacion-cambiar-la-ciudad-ii-stepienybarno\\\/#primaryimage\"},\"thumbnailUrl\":\"https:\\\/\\\/veredes.es\\\/blog\\\/wp-content\\\/uploads\\\/2018\\\/02\\\/Cambiar-la-educaci\u00f3n-para-cambiar-la-ciudad-II-Stepienybarno-Ampliaci\u00f3n-de-escuela-en-Dano-_-Obra-de-Di\u00e9b\u00e9do-Francis-K\u00e9r\u00e9.jpg\",\"keywords\":[\"Agnieszka Stepien\",\"Aldo van Eyck\",\"Anna Heringer\",\"Arne Jacobsen\",\"autoconstrucci\u00f3n\",\"Belinda Tato\",\"Bruno Julius Florian Taut\",\"Carlos Arniches\",\"Claudio Naranjo\",\"Di\u00e9b\u00e9do Francis K\u00e9r\u00e9\",\"ecosistema urbano\",\"educaci\u00f3n\",\"equipamiento docente\",\"escuela\",\"espacio p\u00fablico\",\"Eug\u00e8ne Beaudouin\",\"Francisco Burgos Ruiz\",\"Giovanni D\u2019Ambrosio\",\"Herman Hertzberger\",\"historia\",\"Jan Duiker\",\"Jos\u00e9 Luis Vallejo\",\"Le Corbusier\",\"Lorenzo Barn\u00f3\",\"Louis I. Kahn\",\"Marcel Lods\",\"Mart\u00edn Dom\u00ednguez\",\"Richard Neutra\",\"Rosan Bosch\",\"Rosan Bosch Studio\",\"sociedad\",\"stepienybarno\",\"teor\u00eda e historia\"],\"articleSection\":[\"faro\",\"slider principal\"],\"inLanguage\":\"es\",\"potentialAction\":[{\"@type\":\"CommentAction\",\"name\":\"Comment\",\"target\":[\"https:\\\/\\\/veredes.es\\\/blog\\\/cambiar-la-educacion-cambiar-la-ciudad-ii-stepienybarno\\\/#respond\"]}]},{\"@type\":\"WebPage\",\"@id\":\"https:\\\/\\\/veredes.es\\\/blog\\\/cambiar-la-educacion-cambiar-la-ciudad-ii-stepienybarno\\\/\",\"url\":\"https:\\\/\\\/veredes.es\\\/blog\\\/cambiar-la-educacion-cambiar-la-ciudad-ii-stepienybarno\\\/\",\"name\":\"[:es]Cambiar la educaci\u00f3n para cambiar la ciudad (II) | Stepienybarno [:gl]Cambiar a educaci\u00f3n para cambiar a cidade (II) | Stepienybarno [:en]Changing the education to change the city (II) | Stepienybarno [:] - veredes\",\"isPartOf\":{\"@id\":\"https:\\\/\\\/veredes.es\\\/blog\\\/#website\"},\"primaryImageOfPage\":{\"@id\":\"https:\\\/\\\/veredes.es\\\/blog\\\/cambiar-la-educacion-cambiar-la-ciudad-ii-stepienybarno\\\/#primaryimage\"},\"image\":{\"@id\":\"https:\\\/\\\/veredes.es\\\/blog\\\/cambiar-la-educacion-cambiar-la-ciudad-ii-stepienybarno\\\/#primaryimage\"},\"thumbnailUrl\":\"https:\\\/\\\/veredes.es\\\/blog\\\/wp-content\\\/uploads\\\/2018\\\/02\\\/Cambiar-la-educaci\u00f3n-para-cambiar-la-ciudad-II-Stepienybarno-Ampliaci\u00f3n-de-escuela-en-Dano-_-Obra-de-Di\u00e9b\u00e9do-Francis-K\u00e9r\u00e9.jpg\",\"datePublished\":\"2018-02-22T23:02:33+00:00\",\"dateModified\":\"2022-02-15T00:12:00+00:00\",\"description\":\"Toda la informaci\u00f3n sobre: [:es]Cambiar la educaci\u00f3n para cambiar la ciudad (II) | Stepienybarno [:gl]Cambiar a educaci\u00f3n para cambiar a cidade (II) | Stepienybarno [:en]Changing the education to change the city (II) | Stepienybarno [:]\",\"breadcrumb\":{\"@id\":\"https:\\\/\\\/veredes.es\\\/blog\\\/cambiar-la-educacion-cambiar-la-ciudad-ii-stepienybarno\\\/#breadcrumb\"},\"inLanguage\":\"es\",\"potentialAction\":[{\"@type\":\"ReadAction\",\"target\":[\"https:\\\/\\\/veredes.es\\\/blog\\\/cambiar-la-educacion-cambiar-la-ciudad-ii-stepienybarno\\\/\"]}]},{\"@type\":\"ImageObject\",\"inLanguage\":\"es\",\"@id\":\"https:\\\/\\\/veredes.es\\\/blog\\\/cambiar-la-educacion-cambiar-la-ciudad-ii-stepienybarno\\\/#primaryimage\",\"url\":\"https:\\\/\\\/veredes.es\\\/blog\\\/wp-content\\\/uploads\\\/2018\\\/02\\\/Cambiar-la-educaci\u00f3n-para-cambiar-la-ciudad-II-Stepienybarno-Ampliaci\u00f3n-de-escuela-en-Dano-_-Obra-de-Di\u00e9b\u00e9do-Francis-K\u00e9r\u00e9.jpg\",\"contentUrl\":\"https:\\\/\\\/veredes.es\\\/blog\\\/wp-content\\\/uploads\\\/2018\\\/02\\\/Cambiar-la-educaci\u00f3n-para-cambiar-la-ciudad-II-Stepienybarno-Ampliaci\u00f3n-de-escuela-en-Dano-_-Obra-de-Di\u00e9b\u00e9do-Francis-K\u00e9r\u00e9.jpg\",\"width\":500,\"height\":368,\"caption\":\"Ampliaci\u00f3n de escuela en Dano _ Obra de Di\u00e9b\u00e9do Francis K\u00e9r\u00e9\"},{\"@type\":\"BreadcrumbList\",\"@id\":\"https:\\\/\\\/veredes.es\\\/blog\\\/cambiar-la-educacion-cambiar-la-ciudad-ii-stepienybarno\\\/#breadcrumb\",\"itemListElement\":[{\"@type\":\"ListItem\",\"position\":1,\"name\":\"Portada\",\"item\":\"https:\\\/\\\/veredes.es\\\/blog\\\/\"},{\"@type\":\"ListItem\",\"position\":2,\"name\":\"Cambiar la educaci\u00f3n para cambiar la ciudad (II) | Stepienybarno\"}]},{\"@type\":\"WebSite\",\"@id\":\"https:\\\/\\\/veredes.es\\\/blog\\\/#website\",\"url\":\"https:\\\/\\\/veredes.es\\\/blog\\\/\",\"name\":\"veredes, arquitectura y divulgaci\u00f3n\",\"description\":\"veredes\",\"publisher\":{\"@id\":\"https:\\\/\\\/veredes.es\\\/blog\\\/#organization\"},\"alternateName\":\"veredes\",\"potentialAction\":[{\"@type\":\"SearchAction\",\"target\":{\"@type\":\"EntryPoint\",\"urlTemplate\":\"https:\\\/\\\/veredes.es\\\/blog\\\/?s={search_term_string}\"},\"query-input\":{\"@type\":\"PropertyValueSpecification\",\"valueRequired\":true,\"valueName\":\"search_term_string\"}}],\"inLanguage\":\"es\"},{\"@type\":\"Organization\",\"@id\":\"https:\\\/\\\/veredes.es\\\/blog\\\/#organization\",\"name\":\"veredes, arquitectura y divulgaci\u00f3n\",\"alternateName\":\"veredes\",\"url\":\"https:\\\/\\\/veredes.es\\\/blog\\\/\",\"logo\":{\"@type\":\"ImageObject\",\"inLanguage\":\"es\",\"@id\":\"https:\\\/\\\/veredes.es\\\/blog\\\/#\\\/schema\\\/logo\\\/image\\\/\",\"url\":\"https:\\\/\\\/veredes.es\\\/blog\\\/wp-content\\\/uploads\\\/2021\\\/12\\\/veredes-logo-centrado_140x54.png\",\"contentUrl\":\"https:\\\/\\\/veredes.es\\\/blog\\\/wp-content\\\/uploads\\\/2021\\\/12\\\/veredes-logo-centrado_140x54.png\",\"width\":140,\"height\":54,\"caption\":\"veredes, arquitectura y divulgaci\u00f3n\"},\"image\":{\"@id\":\"https:\\\/\\\/veredes.es\\\/blog\\\/#\\\/schema\\\/logo\\\/image\\\/\"},\"sameAs\":[\"https:\\\/\\\/www.facebook.com\\\/veredesArquitecturayDivulgacion\\\/\",\"https:\\\/\\\/x.com\\\/veredes\",\"https:\\\/\\\/instagram.com\\\/veredes\\\/\",\"https:\\\/\\\/www.linkedin.com\\\/company\\\/veredes-arquitectura-y-divulgacion\\\/\",\"https:\\\/\\\/es.pinterest.com\\\/veredes\\\/\",\"https:\\\/\\\/www.tumblr.com\\\/veredes\"]},{\"@type\":\"Person\",\"@id\":\"https:\\\/\\\/veredes.es\\\/blog\\\/#\\\/schema\\\/person\\\/ef4471ca7b84a35a0e5467570aa86373\",\"name\":\"Stepienybarno\",\"image\":{\"@type\":\"ImageObject\",\"inLanguage\":\"es\",\"@id\":\"https:\\\/\\\/veredes.es\\\/blog\\\/wp-content\\\/uploads\\\/2018\\\/04\\\/Stepienybarno-96x96.jpg\",\"url\":\"https:\\\/\\\/veredes.es\\\/blog\\\/wp-content\\\/uploads\\\/2018\\\/04\\\/Stepienybarno-96x96.jpg\",\"contentUrl\":\"https:\\\/\\\/veredes.es\\\/blog\\\/wp-content\\\/uploads\\\/2018\\\/04\\\/Stepienybarno-96x96.jpg\",\"caption\":\"Stepienybarno\"},\"description\":\"Stepienybarno est\u00e1 formado por Agnieszka Stepien y Lorenzo Barn\u00f3, ambos arquitectos y formados en temas de Identidad Digital y Comunicaci\u00f3n online. Desde el 2004 tenemos nuestro propio estudio de arquitectura, ubicado en un peque\u00f1o pueblo de Navarra, Estella, y ambos estamos embarcados en nuestras tesis doctorales. A su vez, colaboramos con otros profesionales tanto del \u00e1mbito de la arquitectura, sostenibilidad y comunicaci\u00f3n online. Vivir en Estella nos da la tranquilidad necesaria para poder encarar el d\u00eda a d\u00eda con energ\u00eda y la red nos posibilita contactar con un mundo maravilloso que de otra forma hubiera sido imposible.\",\"sameAs\":[\"https:\\\/\\\/www.stepienybarno.es\\\/\",\"https:\\\/\\\/www.facebook.com\\\/StepienyBarnoArquitecturaeIdentidadDigital\",\"https:\\\/\\\/www.instagram.com\\\/stepienybarno\\\/\",\"https:\\\/\\\/www.linkedin.com\\\/in\\\/stepienybarno\\\/\",\"https:\\\/\\\/x.com\\\/https:\\\/\\\/twitter.com\\\/stepienybarno\"],\"url\":\"https:\\\/\\\/veredes.es\\\/blog\\\/author\\\/stepienybarno\\\/\"}]}<\/script>\n<!-- \/ Yoast SEO plugin. -->","yoast_head_json":{"title":"[:es]Cambiar la educaci\u00f3n para cambiar la ciudad (II) | Stepienybarno [:gl]Cambiar a educaci\u00f3n para cambiar a cidade (II) | Stepienybarno [:en]Changing the education to change the city (II) | Stepienybarno [:] - veredes","description":"Toda la informaci\u00f3n sobre: [:es]Cambiar la educaci\u00f3n para cambiar la ciudad (II) | Stepienybarno [:gl]Cambiar a educaci\u00f3n para cambiar a cidade (II) | Stepienybarno [:en]Changing the education to change the city (II) | Stepienybarno [:]","robots":{"index":"index","follow":"follow","max-snippet":"max-snippet:-1","max-image-preview":"max-image-preview:large","max-video-preview":"max-video-preview:-1"},"canonical":"https:\/\/veredes.es\/blog\/cambiar-la-educacion-cambiar-la-ciudad-ii-stepienybarno\/","og_locale":"es_ES","og_type":"article","og_title":"[:es]Cambiar la educaci\u00f3n para cambiar la ciudad (II) | Stepienybarno [:gl]Cambiar a educaci\u00f3n para cambiar a cidade (II) | Stepienybarno [:en]Changing the education to change the city (II) | Stepienybarno [:] - veredes","og_description":"Toda la informaci\u00f3n sobre: [:es]Cambiar la educaci\u00f3n para cambiar la ciudad (II) | Stepienybarno [:gl]Cambiar a educaci\u00f3n para cambiar a cidade (II) | Stepienybarno [:en]Changing the education to change the city (II) | Stepienybarno [:]","og_url":"https:\/\/veredes.es\/blog\/cambiar-la-educacion-cambiar-la-ciudad-ii-stepienybarno\/","og_site_name":"veredes, arquitectura y divulgaci\u00f3n","article_publisher":"https:\/\/www.facebook.com\/veredesArquitecturayDivulgacion\/","article_author":"https:\/\/www.facebook.com\/StepienyBarnoArquitecturaeIdentidadDigital","article_published_time":"2018-02-22T23:02:33+00:00","article_modified_time":"2022-02-15T00:12:00+00:00","og_image":[{"width":500,"height":368,"url":"https:\/\/veredes.es\/blog\/wp-content\/uploads\/2018\/02\/Cambiar-la-educaci\u00f3n-para-cambiar-la-ciudad-II-Stepienybarno-Ampliaci\u00f3n-de-escuela-en-Dano-_-Obra-de-Di\u00e9b\u00e9do-Francis-K\u00e9r\u00e9.jpg","type":"image\/jpeg"}],"author":"Stepienybarno","twitter_card":"summary_large_image","twitter_creator":"@https:\/\/twitter.com\/stepienybarno","twitter_site":"@veredes","twitter_misc":{"Escrito por":"Stepienybarno","Tiempo de lectura":"21 minutos"},"schema":{"@context":"https:\/\/schema.org","@graph":[{"@type":"Article","@id":"https:\/\/veredes.es\/blog\/cambiar-la-educacion-cambiar-la-ciudad-ii-stepienybarno\/#article","isPartOf":{"@id":"https:\/\/veredes.es\/blog\/cambiar-la-educacion-cambiar-la-ciudad-ii-stepienybarno\/"},"author":{"name":"Stepienybarno","@id":"https:\/\/veredes.es\/blog\/#\/schema\/person\/ef4471ca7b84a35a0e5467570aa86373"},"headline":"Cambiar la educaci\u00f3n para cambiar la ciudad (II) | Stepienybarno","datePublished":"2018-02-22T23:02:33+00:00","dateModified":"2022-02-15T00:12:00+00:00","mainEntityOfPage":{"@id":"https:\/\/veredes.es\/blog\/cambiar-la-educacion-cambiar-la-ciudad-ii-stepienybarno\/"},"wordCount":4223,"commentCount":0,"publisher":{"@id":"https:\/\/veredes.es\/blog\/#organization"},"image":{"@id":"https:\/\/veredes.es\/blog\/cambiar-la-educacion-cambiar-la-ciudad-ii-stepienybarno\/#primaryimage"},"thumbnailUrl":"https:\/\/veredes.es\/blog\/wp-content\/uploads\/2018\/02\/Cambiar-la-educaci\u00f3n-para-cambiar-la-ciudad-II-Stepienybarno-Ampliaci\u00f3n-de-escuela-en-Dano-_-Obra-de-Di\u00e9b\u00e9do-Francis-K\u00e9r\u00e9.jpg","keywords":["Agnieszka Stepien","Aldo van Eyck","Anna Heringer","Arne Jacobsen","autoconstrucci\u00f3n","Belinda Tato","Bruno Julius Florian Taut","Carlos Arniches","Claudio Naranjo","Di\u00e9b\u00e9do Francis K\u00e9r\u00e9","ecosistema urbano","educaci\u00f3n","equipamiento docente","escuela","espacio p\u00fablico","Eug\u00e8ne Beaudouin","Francisco Burgos Ruiz","Giovanni D\u2019Ambrosio","Herman Hertzberger","historia","Jan Duiker","Jos\u00e9 Luis Vallejo","Le Corbusier","Lorenzo Barn\u00f3","Louis I. Kahn","Marcel Lods","Mart\u00edn Dom\u00ednguez","Richard Neutra","Rosan Bosch","Rosan Bosch Studio","sociedad","stepienybarno","teor\u00eda e historia"],"articleSection":["faro","slider principal"],"inLanguage":"es","potentialAction":[{"@type":"CommentAction","name":"Comment","target":["https:\/\/veredes.es\/blog\/cambiar-la-educacion-cambiar-la-ciudad-ii-stepienybarno\/#respond"]}]},{"@type":"WebPage","@id":"https:\/\/veredes.es\/blog\/cambiar-la-educacion-cambiar-la-ciudad-ii-stepienybarno\/","url":"https:\/\/veredes.es\/blog\/cambiar-la-educacion-cambiar-la-ciudad-ii-stepienybarno\/","name":"[:es]Cambiar la educaci\u00f3n para cambiar la ciudad (II) | Stepienybarno [:gl]Cambiar a educaci\u00f3n para cambiar a cidade (II) | Stepienybarno [:en]Changing the education to change the city (II) | Stepienybarno [:] - veredes","isPartOf":{"@id":"https:\/\/veredes.es\/blog\/#website"},"primaryImageOfPage":{"@id":"https:\/\/veredes.es\/blog\/cambiar-la-educacion-cambiar-la-ciudad-ii-stepienybarno\/#primaryimage"},"image":{"@id":"https:\/\/veredes.es\/blog\/cambiar-la-educacion-cambiar-la-ciudad-ii-stepienybarno\/#primaryimage"},"thumbnailUrl":"https:\/\/veredes.es\/blog\/wp-content\/uploads\/2018\/02\/Cambiar-la-educaci\u00f3n-para-cambiar-la-ciudad-II-Stepienybarno-Ampliaci\u00f3n-de-escuela-en-Dano-_-Obra-de-Di\u00e9b\u00e9do-Francis-K\u00e9r\u00e9.jpg","datePublished":"2018-02-22T23:02:33+00:00","dateModified":"2022-02-15T00:12:00+00:00","description":"Toda la informaci\u00f3n sobre: [:es]Cambiar la educaci\u00f3n para cambiar la ciudad (II) | Stepienybarno [:gl]Cambiar a educaci\u00f3n para cambiar a cidade (II) | Stepienybarno [:en]Changing the education to change the city (II) | Stepienybarno [:]","breadcrumb":{"@id":"https:\/\/veredes.es\/blog\/cambiar-la-educacion-cambiar-la-ciudad-ii-stepienybarno\/#breadcrumb"},"inLanguage":"es","potentialAction":[{"@type":"ReadAction","target":["https:\/\/veredes.es\/blog\/cambiar-la-educacion-cambiar-la-ciudad-ii-stepienybarno\/"]}]},{"@type":"ImageObject","inLanguage":"es","@id":"https:\/\/veredes.es\/blog\/cambiar-la-educacion-cambiar-la-ciudad-ii-stepienybarno\/#primaryimage","url":"https:\/\/veredes.es\/blog\/wp-content\/uploads\/2018\/02\/Cambiar-la-educaci\u00f3n-para-cambiar-la-ciudad-II-Stepienybarno-Ampliaci\u00f3n-de-escuela-en-Dano-_-Obra-de-Di\u00e9b\u00e9do-Francis-K\u00e9r\u00e9.jpg","contentUrl":"https:\/\/veredes.es\/blog\/wp-content\/uploads\/2018\/02\/Cambiar-la-educaci\u00f3n-para-cambiar-la-ciudad-II-Stepienybarno-Ampliaci\u00f3n-de-escuela-en-Dano-_-Obra-de-Di\u00e9b\u00e9do-Francis-K\u00e9r\u00e9.jpg","width":500,"height":368,"caption":"Ampliaci\u00f3n de escuela en Dano _ Obra de Di\u00e9b\u00e9do Francis K\u00e9r\u00e9"},{"@type":"BreadcrumbList","@id":"https:\/\/veredes.es\/blog\/cambiar-la-educacion-cambiar-la-ciudad-ii-stepienybarno\/#breadcrumb","itemListElement":[{"@type":"ListItem","position":1,"name":"Portada","item":"https:\/\/veredes.es\/blog\/"},{"@type":"ListItem","position":2,"name":"Cambiar la educaci\u00f3n para cambiar la ciudad (II) | Stepienybarno"}]},{"@type":"WebSite","@id":"https:\/\/veredes.es\/blog\/#website","url":"https:\/\/veredes.es\/blog\/","name":"veredes, arquitectura y divulgaci\u00f3n","description":"veredes","publisher":{"@id":"https:\/\/veredes.es\/blog\/#organization"},"alternateName":"veredes","potentialAction":[{"@type":"SearchAction","target":{"@type":"EntryPoint","urlTemplate":"https:\/\/veredes.es\/blog\/?s={search_term_string}"},"query-input":{"@type":"PropertyValueSpecification","valueRequired":true,"valueName":"search_term_string"}}],"inLanguage":"es"},{"@type":"Organization","@id":"https:\/\/veredes.es\/blog\/#organization","name":"veredes, arquitectura y divulgaci\u00f3n","alternateName":"veredes","url":"https:\/\/veredes.es\/blog\/","logo":{"@type":"ImageObject","inLanguage":"es","@id":"https:\/\/veredes.es\/blog\/#\/schema\/logo\/image\/","url":"https:\/\/veredes.es\/blog\/wp-content\/uploads\/2021\/12\/veredes-logo-centrado_140x54.png","contentUrl":"https:\/\/veredes.es\/blog\/wp-content\/uploads\/2021\/12\/veredes-logo-centrado_140x54.png","width":140,"height":54,"caption":"veredes, arquitectura y divulgaci\u00f3n"},"image":{"@id":"https:\/\/veredes.es\/blog\/#\/schema\/logo\/image\/"},"sameAs":["https:\/\/www.facebook.com\/veredesArquitecturayDivulgacion\/","https:\/\/x.com\/veredes","https:\/\/instagram.com\/veredes\/","https:\/\/www.linkedin.com\/company\/veredes-arquitectura-y-divulgacion\/","https:\/\/es.pinterest.com\/veredes\/","https:\/\/www.tumblr.com\/veredes"]},{"@type":"Person","@id":"https:\/\/veredes.es\/blog\/#\/schema\/person\/ef4471ca7b84a35a0e5467570aa86373","name":"Stepienybarno","image":{"@type":"ImageObject","inLanguage":"es","@id":"https:\/\/veredes.es\/blog\/wp-content\/uploads\/2018\/04\/Stepienybarno-96x96.jpg","url":"https:\/\/veredes.es\/blog\/wp-content\/uploads\/2018\/04\/Stepienybarno-96x96.jpg","contentUrl":"https:\/\/veredes.es\/blog\/wp-content\/uploads\/2018\/04\/Stepienybarno-96x96.jpg","caption":"Stepienybarno"},"description":"Stepienybarno est\u00e1 formado por Agnieszka Stepien y Lorenzo Barn\u00f3, ambos arquitectos y formados en temas de Identidad Digital y Comunicaci\u00f3n online. Desde el 2004 tenemos nuestro propio estudio de arquitectura, ubicado en un peque\u00f1o pueblo de Navarra, Estella, y ambos estamos embarcados en nuestras tesis doctorales. A su vez, colaboramos con otros profesionales tanto del \u00e1mbito de la arquitectura, sostenibilidad y comunicaci\u00f3n online. Vivir en Estella nos da la tranquilidad necesaria para poder encarar el d\u00eda a d\u00eda con energ\u00eda y la red nos posibilita contactar con un mundo maravilloso que de otra forma hubiera sido imposible.","sameAs":["https:\/\/www.stepienybarno.es\/","https:\/\/www.facebook.com\/StepienyBarnoArquitecturaeIdentidadDigital","https:\/\/www.instagram.com\/stepienybarno\/","https:\/\/www.linkedin.com\/in\/stepienybarno\/","https:\/\/x.com\/https:\/\/twitter.com\/stepienybarno"],"url":"https:\/\/veredes.es\/blog\/author\/stepienybarno\/"}]}},"_links":{"self":[{"href":"https:\/\/veredes.es\/blog\/wp-json\/wp\/v2\/posts\/67277","targetHints":{"allow":["GET"]}}],"collection":[{"href":"https:\/\/veredes.es\/blog\/wp-json\/wp\/v2\/posts"}],"about":[{"href":"https:\/\/veredes.es\/blog\/wp-json\/wp\/v2\/types\/post"}],"author":[{"embeddable":true,"href":"https:\/\/veredes.es\/blog\/wp-json\/wp\/v2\/users\/22"}],"replies":[{"embeddable":true,"href":"https:\/\/veredes.es\/blog\/wp-json\/wp\/v2\/comments?post=67277"}],"version-history":[{"count":0,"href":"https:\/\/veredes.es\/blog\/wp-json\/wp\/v2\/posts\/67277\/revisions"}],"wp:featuredmedia":[{"embeddable":true,"href":"https:\/\/veredes.es\/blog\/wp-json\/wp\/v2\/media\/67283"}],"wp:attachment":[{"href":"https:\/\/veredes.es\/blog\/wp-json\/wp\/v2\/media?parent=67277"}],"wp:term":[{"taxonomy":"category","embeddable":true,"href":"https:\/\/veredes.es\/blog\/wp-json\/wp\/v2\/categories?post=67277"},{"taxonomy":"post_tag","embeddable":true,"href":"https:\/\/veredes.es\/blog\/wp-json\/wp\/v2\/tags?post=67277"}],"curies":[{"name":"wp","href":"https:\/\/api.w.org\/{rel}","templated":true}]}}