{"id":67201,"date":"2018-01-23T00:02:59","date_gmt":"2018-01-22T23:02:59","guid":{"rendered":"https:\/\/veredes.es\/blog\/?p=67201"},"modified":"2019-01-09T18:30:05","modified_gmt":"2019-01-09T17:30:05","slug":"experiencias-urbanas-viscerales-arquisinergias2","status":"publish","type":"post","link":"https:\/\/veredes.es\/blog\/experiencias-urbanas-viscerales-arquisinergias2\/","title":{"rendered":"Experiencias urbanas viscerales. #arquisinergias2"},"content":{"rendered":"<p><\/p>\n<p style=\"text-align: justify;\"><img loading=\"lazy\" decoding=\"async\" class=\"alignnone size-large wp-image-67202\" src=\"https:\/\/veredes.es\/blog\/wp-content\/uploads\/2018\/01\/EXPERIENCIAS-URBANAS-VISCERALES.-ARQUISINERGIAS2-I-FRANCISCO-CAMINO-740x1024.jpg\" alt=\"EXPERIENCIAS URBANAS VISCERALES. #ARQUISINERGIAS2 I FRANCISCO CAMINO\" width=\"640\" height=\"886\" srcset=\"https:\/\/veredes.es\/blog\/wp-content\/uploads\/2018\/01\/EXPERIENCIAS-URBANAS-VISCERALES.-ARQUISINERGIAS2-I-FRANCISCO-CAMINO-740x1024.jpg 740w, https:\/\/veredes.es\/blog\/wp-content\/uploads\/2018\/01\/EXPERIENCIAS-URBANAS-VISCERALES.-ARQUISINERGIAS2-I-FRANCISCO-CAMINO-217x300.jpg 217w, https:\/\/veredes.es\/blog\/wp-content\/uploads\/2018\/01\/EXPERIENCIAS-URBANAS-VISCERALES.-ARQUISINERGIAS2-I-FRANCISCO-CAMINO.jpg 1200w\" sizes=\"auto, (max-width: 640px) 100vw, 640px\" \/><\/p>\n<p style=\"text-align: justify;\">La sociedad ha cambiado mucho y muy r\u00e1pidamente. Ya inmersos en el siglo 21 los problemas de los ciudadanos son muy diferentes a los que ten\u00edan unas d\u00e9cadas atr\u00e1s, como son muy diferentes las formas de relacionarse, las maneras de abordar las posibles soluciones y las soluciones propiamente dichas.<\/p>\n<p style=\"text-align: justify;\">Como muchos otros campos profesionales, en el \u00e1mbito de\u00a0<strong>la arquitectura, el urbanismo, y de la ordenaci\u00f3n del territorio<\/strong>, los cambios han sido muy importantes, siendo muy diferentes las necesidades\u00a0actuales de los ciudadanos. Por un lado, la\u00a0<strong>demograf\u00eda<\/strong>, que en nuestro entorno se est\u00e1 desarrollando con crecimientos negativos y por otro lado, la\u00a0<strong>revoluci\u00f3n tecnol\u00f3gica<\/strong>que ha creado una nueva \u201c<em>capa digital<\/em>\u201d superpuesta en las ciudades tradicionales, adem\u00e1s de otros factores, ha hecho que\u00a0<strong>no sea necesario seguir \u201ccreciendo<\/strong>\u201d, incluso empezando a ser aconsejable, un cierto \u201c<em>decrecimiento<\/em>\u201d hace que el \u201c<strong>dise\u00f1o urbano<\/strong>\u201d deba ser planteado con criterios totalmente diferentes.<\/p>\n<p style=\"text-align: justify;\">As\u00ed mismo las edificaciones, que tampoco han evolucionado conceptualmente en los \u00faltimos cincuenta a\u00f1os, han de ser mucho m\u00e1s flexibles, como flexible y abierto debe ser su forma de ser usadas e incluso, \u201cpose\u00eddas\u201d.<\/p>\n<p style=\"text-align: justify;\">Hasta hace muy poco tiempo,\u00a0<strong>los arquitectos<\/strong>\u00a0trabajaban de forma muy parecida, limit\u00e1ndose a recibir unos encargos de los clientes, p\u00fablicos o privados, cuando casi todo estaba decidido. No era frecuente que los arquitectos analizaran desde el principio que problemas o necesidades deb\u00edan resolver, en qu\u00e9 lugar deber\u00edan resolverse y de que manera. Cuando los arquitectos recib\u00edan un encargo, normalmente, ya estaba elegido el solar, la forma de acometer la iniciativa, etc\u2026\u00a0<strong>debi\u00e9ndose limitar a racionalizar lo que otros hab\u00edan decidido<\/strong>\u00a0y a veces, ni siquiera esto \u00faltimo.<\/p>\n<p style=\"text-align: justify;\">Con la \u201c<em>gran crisis global<\/em>\u201d, de la que todav\u00eda no hemos salido, los encargos, pr\u00e1cticamente desaparecieron y los pocos que se hac\u00edan, segu\u00edan produci\u00e9ndose con unos criterios totalmente desfasados, que no resolv\u00edan las actuales necesidades de las personas. Entendemos que en esta nueva situaci\u00f3n debe ser muy importante el papel que pueden desempe\u00f1ar los arquitectos.<\/p>\n<p style=\"text-align: justify;\"><strong>Pero ahora, los arquitectos, por su capacidad de an\u00e1lisis, por su creatividad, por su formaci\u00f3n, etc\u2026 deben estar en \u201cel inicio de los procesos\u201d y actuar sobre lo existente, tanto en el campo edificatorio, como en el urbanos, con criterios de responsabilidad, tanto social, como econ\u00f3mica, como medio ambiental, como cultural.\u00a0<\/strong>Creemos que los arquitectos deben acabar con su tradicional aislamiento y trabajar de forma coordinada con los profesionales de otras disciplinas complementarias y en permanente contacto con los ciudadanos.<\/p>\n<p style=\"text-align: justify;\">En\u00a0<strong>FUCTURA<\/strong>, cooperativa de arquitectos, creemos firmemente en todo lo anterior, es decir, en\u00a0<strong>redes de arquitectos interactuando entre ellos, interactuando con otros profesionales e interactuando con los ciudadanos<\/strong>. Creemos en que nosotros debemos \u201c<strong><em>iniciar los procesos<\/em><\/strong>\u201d, coordinarlos de principio a fin, analizarlos, diagnosticarlos y realizar propuestas para solucionarlos y por supuesto, coordinar y dirigir la ejecuci\u00f3n de esas soluciones.<\/p>\n<p style=\"text-align: justify;\">En<strong>\u00a0FUCTURA<\/strong>\u00a0y en\u00a0<strong>ARQUITASA,<\/strong>\u00a0sociedad participada, creemos que el\u00a0<strong><em>\u201cvalor<\/em><\/strong>\u201d de las edificaciones y de las ciudades, aumentar\u00e1 considerablemente cuando tanto unas como otras sean\u00a0<strong>concebidas y ejecutadas con mayor responsabilidad, cuando sean \u00fatiles a sus usuarios y cuando contribuyan a su bienestar.<\/strong>\u00a0Para todo ello, es muy importante la participaci\u00f3n activa de los arquitectos, conjuntamente con otros profesionales y con los usuarios.<\/p>\n<p style=\"text-align: justify;\"><strong>#ArquiSinergias<\/strong>\u00a0\u201c<strong>Redes de Arquitectos Iniciando Procesos<\/strong>\u201d, es un iniciativa conjunta de\u00a0<strong>ARQUITASA\u00a0<\/strong>y\u00a0<strong>FUCTURA\u00a0<\/strong>para\u00a0<strong>fomentar la interactuaci\u00f3n de estos profesionales, su visibilidad, la puesta en marcha de nuevos m\u00e9todos de trabajo, de nuevas formas de relacionarse, de nuevas maneras de abordar los procesos edificatorios, urbanos y territoriales para tratar de conseguir unas edificaciones y unas ciudades m\u00e1s racionales, m\u00e1s responsables, m\u00e1s flexibles, m\u00e1s sanas, m\u00e1s justas, m\u00e1s eficientes, m\u00e1s respetuosas con el medio ambiente y sobre todo que resuelvan mejor los problemas de los ciudadanos del siglo 21<\/strong>.<\/p>\n<p style=\"text-align: justify;\">En la segunda edici\u00f3n de\u00a0<strong>#Arquisinergias<\/strong>, que se celebrar\u00e1 en el m\u00edtico\u00a0<strong>Caf\u00e9 Pombo<\/strong>, de Madrid, donde en otra \u00e9poca se reun\u00edan \u201c<strong><em>redes de profesionales, pensadores y artistas\u201d<\/em><\/strong>\u00a0para analizar el mundo y tratar de cambiarlo, reuniones inmortalizadas en el conocido cuadro de Solana. Ahora se van a reunir un grupo de destacados profesionales, arquitectos, ingenieros, psic\u00f3logos, soci\u00f3logos, biol\u00f3gos, etc\u2026\u00a0<strong>para compartir interesantes experiencias de tres j\u00f3venes arquitectas, que han \u201ciniciado procesos de transformaci\u00f3n\u201d en los \u00e1mbitos de la neurociencia relacionada con la arquitectura, la transformaci\u00f3n urbana desde la participaci\u00f3n ciudadana y otras muchas iniciativas que hemos agrupado bajo el ep\u00edgrafe \u201c<em>Experiencias urbanas viscerales<\/em><\/strong>\u201d.\u00a0 A continuaci\u00f3n, habr\u00e1 un coloquio, al que nos incorporaremos, aportando nuestras experiencias.<\/p>\n<p style=\"text-align: justify;\">Con\u00a0<strong>#Arquisinergias<\/strong>\u00a0<strong>pretendemos visibilizar el potencial que podemos tener los arquitectos, junto con otros profesionales, y trabajando directamente con los ciudadanos, iniciando, catalizando y coordinando procesos urbanos que contribuyan a resolver los problemas de las personas, a crear bienestar y a posibilitar el acceso a edificaciones, barrios y ciudades m\u00e1s justas, m\u00e1s sanas, m\u00e1s equilibradas, m\u00e1s alegres y m\u00e1s libres<\/strong>. Os esperamos.<\/p>\n<p style=\"text-align: justify;\"><strong>Francisco Camino Arias.<\/strong><\/p>\n<p><\/p>","protected":false},"excerpt":{"rendered":"<p>La sociedad ha cambiado mucho y muy r\u00e1pidamente. Ya inmersos en el siglo 21 los problemas de los ciudadanos son muy diferentes a los que ten\u00edan unas d\u00e9cadas atr\u00e1s, como son muy diferentes las formas de relacionarse, las maneras de abordar las posibles soluciones y las soluciones propiamente dichas. Como muchos otros campos profesionales, en [&hellip;]<\/p>\n","protected":false},"author":2,"featured_media":67202,"comment_status":"open","ping_status":"closed","sticky":false,"template":"","format":"standard","meta":{"footnotes":""},"categories":[1385,7937,16],"tags":[11524,13386,12181,2631,12445,13384,1786,759,814,1151,2025,13385,1241],"class_list":{"0":"post-67201","1":"post","2":"type-post","3":"status-publish","4":"format-standard","5":"has-post-thumbnail","7":"category-conferencias","8":"category-convocatorias","9":"category-eventos","10":"tag-ana-asensio-rodriguez","11":"tag-ana-mombiedro","13":"tag-arquitectura-espanola","14":"tag-evento","15":"tag-francisco-camino-arias","16":"tag-jornada","17":"tag-joven-valor","18":"tag-madrid","19":"tag-red","20":"tag-reunion","21":"tag-sabrina-gaudino","22":"tag-sociedad"},"yoast_head":"<!-- This site is optimized with the Yoast SEO plugin v27.4 - https:\/\/yoast.com\/product\/yoast-seo-wordpress\/ -->\n<title>Experiencias urbanas viscerales. #arquisinergias2 - veredes<\/title>\n<meta name=\"description\" content=\"Toda la informaci\u00f3n sobre: Experiencias urbanas viscerales. #arquisinergias2\" \/>\n<meta name=\"robots\" content=\"index, follow, max-snippet:-1, max-image-preview:large, max-video-preview:-1\" \/>\n<link rel=\"canonical\" href=\"https:\/\/veredes.es\/blog\/experiencias-urbanas-viscerales-arquisinergias2\/\" \/>\n<meta property=\"og:locale\" content=\"es_ES\" \/>\n<meta property=\"og:type\" content=\"article\" \/>\n<meta property=\"og:title\" content=\"Experiencias urbanas viscerales. #arquisinergias2 - veredes\" \/>\n<meta property=\"og:description\" content=\"Toda la informaci\u00f3n sobre: Experiencias urbanas viscerales. #arquisinergias2\" \/>\n<meta property=\"og:url\" content=\"https:\/\/veredes.es\/blog\/experiencias-urbanas-viscerales-arquisinergias2\/\" \/>\n<meta property=\"og:site_name\" content=\"veredes, arquitectura y divulgaci\u00f3n\" \/>\n<meta property=\"article:publisher\" content=\"https:\/\/www.facebook.com\/veredesArquitecturayDivulgacion\/\" \/>\n<meta property=\"article:author\" content=\"https:\/\/www.facebook.com\/veredesArquitecturayDivulgacion\/\" \/>\n<meta property=\"article:published_time\" content=\"2018-01-22T23:02:59+00:00\" \/>\n<meta property=\"article:modified_time\" content=\"2019-01-09T17:30:05+00:00\" \/>\n<meta property=\"og:image\" content=\"https:\/\/veredes.es\/blog\/wp-content\/uploads\/2018\/01\/EXPERIENCIAS-URBANAS-VISCERALES.-ARQUISINERGIAS2-I-FRANCISCO-CAMINO.jpg\" \/>\n\t<meta property=\"og:image:width\" content=\"1200\" \/>\n\t<meta property=\"og:image:height\" content=\"1660\" \/>\n\t<meta property=\"og:image:type\" content=\"image\/jpeg\" \/>\n<meta name=\"author\" content=\"veredes\" \/>\n<meta name=\"twitter:card\" content=\"summary_large_image\" \/>\n<meta name=\"twitter:creator\" content=\"@https:\/\/twitter.com\/veredes\" \/>\n<meta name=\"twitter:site\" content=\"@veredes\" \/>\n<meta name=\"twitter:label1\" content=\"Escrito por\" \/>\n\t<meta name=\"twitter:data1\" content=\"veredes\" \/>\n\t<meta name=\"twitter:label2\" content=\"Tiempo de lectura\" \/>\n\t<meta name=\"twitter:data2\" content=\"13 minutos\" \/>\n<script type=\"application\/ld+json\" class=\"yoast-schema-graph\">{\"@context\":\"https:\\\/\\\/schema.org\",\"@graph\":[{\"@type\":\"Article\",\"@id\":\"https:\\\/\\\/veredes.es\\\/blog\\\/experiencias-urbanas-viscerales-arquisinergias2\\\/#article\",\"isPartOf\":{\"@id\":\"https:\\\/\\\/veredes.es\\\/blog\\\/experiencias-urbanas-viscerales-arquisinergias2\\\/\"},\"author\":{\"name\":\"veredes\",\"@id\":\"https:\\\/\\\/veredes.es\\\/blog\\\/#\\\/schema\\\/person\\\/0bbb669073ef7faba5168a0844e93d2c\"},\"headline\":\"Experiencias urbanas viscerales. #arquisinergias2\",\"datePublished\":\"2018-01-22T23:02:59+00:00\",\"dateModified\":\"2019-01-09T17:30:05+00:00\",\"mainEntityOfPage\":{\"@id\":\"https:\\\/\\\/veredes.es\\\/blog\\\/experiencias-urbanas-viscerales-arquisinergias2\\\/\"},\"wordCount\":2575,\"commentCount\":0,\"publisher\":{\"@id\":\"https:\\\/\\\/veredes.es\\\/blog\\\/#organization\"},\"image\":{\"@id\":\"https:\\\/\\\/veredes.es\\\/blog\\\/experiencias-urbanas-viscerales-arquisinergias2\\\/#primaryimage\"},\"thumbnailUrl\":\"https:\\\/\\\/veredes.es\\\/blog\\\/wp-content\\\/uploads\\\/2018\\\/01\\\/EXPERIENCIAS-URBANAS-VISCERALES.-ARQUISINERGIAS2-I-FRANCISCO-CAMINO.jpg\",\"keywords\":[\"Ana Asensio Rodr\u00edguez\",\"Ana Mombiedro\",\"arquitasa\",\"arquitectura espa\u00f1ola\",\"evento\",\"Francisco Camino Arias\",\"jornada\",\"joven valor\",\"Madrid\",\"red\",\"reuni\u00f3n\",\"Sabrina Gaudino\",\"sociedad\"],\"articleSection\":[\"conferencias\",\"convocatorias\",\"eventos\"],\"inLanguage\":\"es\",\"potentialAction\":[{\"@type\":\"CommentAction\",\"name\":\"Comment\",\"target\":[\"https:\\\/\\\/veredes.es\\\/blog\\\/experiencias-urbanas-viscerales-arquisinergias2\\\/#respond\"]}]},{\"@type\":\"WebPage\",\"@id\":\"https:\\\/\\\/veredes.es\\\/blog\\\/experiencias-urbanas-viscerales-arquisinergias2\\\/\",\"url\":\"https:\\\/\\\/veredes.es\\\/blog\\\/experiencias-urbanas-viscerales-arquisinergias2\\\/\",\"name\":\"Experiencias urbanas viscerales. #arquisinergias2 - veredes\",\"isPartOf\":{\"@id\":\"https:\\\/\\\/veredes.es\\\/blog\\\/#website\"},\"primaryImageOfPage\":{\"@id\":\"https:\\\/\\\/veredes.es\\\/blog\\\/experiencias-urbanas-viscerales-arquisinergias2\\\/#primaryimage\"},\"image\":{\"@id\":\"https:\\\/\\\/veredes.es\\\/blog\\\/experiencias-urbanas-viscerales-arquisinergias2\\\/#primaryimage\"},\"thumbnailUrl\":\"https:\\\/\\\/veredes.es\\\/blog\\\/wp-content\\\/uploads\\\/2018\\\/01\\\/EXPERIENCIAS-URBANAS-VISCERALES.-ARQUISINERGIAS2-I-FRANCISCO-CAMINO.jpg\",\"datePublished\":\"2018-01-22T23:02:59+00:00\",\"dateModified\":\"2019-01-09T17:30:05+00:00\",\"description\":\"Toda la informaci\u00f3n sobre: Experiencias urbanas viscerales. #arquisinergias2\",\"breadcrumb\":{\"@id\":\"https:\\\/\\\/veredes.es\\\/blog\\\/experiencias-urbanas-viscerales-arquisinergias2\\\/#breadcrumb\"},\"inLanguage\":\"es\",\"potentialAction\":[{\"@type\":\"ReadAction\",\"target\":[\"https:\\\/\\\/veredes.es\\\/blog\\\/experiencias-urbanas-viscerales-arquisinergias2\\\/\"]}]},{\"@type\":\"ImageObject\",\"inLanguage\":\"es\",\"@id\":\"https:\\\/\\\/veredes.es\\\/blog\\\/experiencias-urbanas-viscerales-arquisinergias2\\\/#primaryimage\",\"url\":\"https:\\\/\\\/veredes.es\\\/blog\\\/wp-content\\\/uploads\\\/2018\\\/01\\\/EXPERIENCIAS-URBANAS-VISCERALES.-ARQUISINERGIAS2-I-FRANCISCO-CAMINO.jpg\",\"contentUrl\":\"https:\\\/\\\/veredes.es\\\/blog\\\/wp-content\\\/uploads\\\/2018\\\/01\\\/EXPERIENCIAS-URBANAS-VISCERALES.-ARQUISINERGIAS2-I-FRANCISCO-CAMINO.jpg\",\"width\":1200,\"height\":1660},{\"@type\":\"BreadcrumbList\",\"@id\":\"https:\\\/\\\/veredes.es\\\/blog\\\/experiencias-urbanas-viscerales-arquisinergias2\\\/#breadcrumb\",\"itemListElement\":[{\"@type\":\"ListItem\",\"position\":1,\"name\":\"Portada\",\"item\":\"https:\\\/\\\/veredes.es\\\/blog\\\/\"},{\"@type\":\"ListItem\",\"position\":2,\"name\":\"Experiencias urbanas viscerales. #arquisinergias2\"}]},{\"@type\":\"WebSite\",\"@id\":\"https:\\\/\\\/veredes.es\\\/blog\\\/#website\",\"url\":\"https:\\\/\\\/veredes.es\\\/blog\\\/\",\"name\":\"veredes, arquitectura y divulgaci\u00f3n\",\"description\":\"veredes\",\"publisher\":{\"@id\":\"https:\\\/\\\/veredes.es\\\/blog\\\/#organization\"},\"alternateName\":\"veredes\",\"potentialAction\":[{\"@type\":\"SearchAction\",\"target\":{\"@type\":\"EntryPoint\",\"urlTemplate\":\"https:\\\/\\\/veredes.es\\\/blog\\\/?s={search_term_string}\"},\"query-input\":{\"@type\":\"PropertyValueSpecification\",\"valueRequired\":true,\"valueName\":\"search_term_string\"}}],\"inLanguage\":\"es\"},{\"@type\":\"Organization\",\"@id\":\"https:\\\/\\\/veredes.es\\\/blog\\\/#organization\",\"name\":\"veredes, arquitectura y divulgaci\u00f3n\",\"alternateName\":\"veredes\",\"url\":\"https:\\\/\\\/veredes.es\\\/blog\\\/\",\"logo\":{\"@type\":\"ImageObject\",\"inLanguage\":\"es\",\"@id\":\"https:\\\/\\\/veredes.es\\\/blog\\\/#\\\/schema\\\/logo\\\/image\\\/\",\"url\":\"https:\\\/\\\/veredes.es\\\/blog\\\/wp-content\\\/uploads\\\/2021\\\/12\\\/veredes-logo-centrado_140x54.png\",\"contentUrl\":\"https:\\\/\\\/veredes.es\\\/blog\\\/wp-content\\\/uploads\\\/2021\\\/12\\\/veredes-logo-centrado_140x54.png\",\"width\":140,\"height\":54,\"caption\":\"veredes, arquitectura y divulgaci\u00f3n\"},\"image\":{\"@id\":\"https:\\\/\\\/veredes.es\\\/blog\\\/#\\\/schema\\\/logo\\\/image\\\/\"},\"sameAs\":[\"https:\\\/\\\/www.facebook.com\\\/veredesArquitecturayDivulgacion\\\/\",\"https:\\\/\\\/x.com\\\/veredes\",\"https:\\\/\\\/instagram.com\\\/veredes\\\/\",\"https:\\\/\\\/www.linkedin.com\\\/company\\\/veredes-arquitectura-y-divulgacion\\\/\",\"https:\\\/\\\/es.pinterest.com\\\/veredes\\\/\",\"https:\\\/\\\/www.tumblr.com\\\/veredes\"]},{\"@type\":\"Person\",\"@id\":\"https:\\\/\\\/veredes.es\\\/blog\\\/#\\\/schema\\\/person\\\/0bbb669073ef7faba5168a0844e93d2c\",\"name\":\"veredes\",\"image\":{\"@type\":\"ImageObject\",\"inLanguage\":\"es\",\"@id\":\"https:\\\/\\\/veredes.es\\\/blog\\\/wp-content\\\/uploads\\\/2018\\\/04\\\/face-96x96.jpg\",\"url\":\"https:\\\/\\\/veredes.es\\\/blog\\\/wp-content\\\/uploads\\\/2018\\\/04\\\/face-96x96.jpg\",\"contentUrl\":\"https:\\\/\\\/veredes.es\\\/blog\\\/wp-content\\\/uploads\\\/2018\\\/04\\\/face-96x96.jpg\",\"caption\":\"veredes\"},\"description\":\"Surge enero de 2009 como b\u00fasqueda de satisfacer el conocimiento de la actividad arquitect\u00f3nica y tangentes que se generan. La idea es crear un espacio para divulgar los diversos proyectos en busca de nueva inspiraci\u00f3n y de intercambio.\",\"sameAs\":[\"https:\\\/\\\/veredes.es\\\/\",\"https:\\\/\\\/www.facebook.com\\\/veredesArquitecturayDivulgacion\\\/\",\"https:\\\/\\\/www.instagram.com\\\/veredes\\\/\",\"https:\\\/\\\/www.linkedin.com\\\/company\\\/veredes-arquitectura-y-divulgacion\\\/\",\"https:\\\/\\\/www.pinterest.es\\\/veredes\\\/\",\"https:\\\/\\\/x.com\\\/https:\\\/\\\/twitter.com\\\/veredes\",\"https:\\\/\\\/veredes.tumblr.com\\\/\"],\"url\":\"https:\\\/\\\/veredes.es\\\/blog\\\/author\\\/alberto\\\/\"}]}<\/script>\n<!-- \/ Yoast SEO plugin. -->","yoast_head_json":{"title":"Experiencias urbanas viscerales. #arquisinergias2 - veredes","description":"Toda la informaci\u00f3n sobre: Experiencias urbanas viscerales. #arquisinergias2","robots":{"index":"index","follow":"follow","max-snippet":"max-snippet:-1","max-image-preview":"max-image-preview:large","max-video-preview":"max-video-preview:-1"},"canonical":"https:\/\/veredes.es\/blog\/experiencias-urbanas-viscerales-arquisinergias2\/","og_locale":"es_ES","og_type":"article","og_title":"Experiencias urbanas viscerales. #arquisinergias2 - veredes","og_description":"Toda la informaci\u00f3n sobre: Experiencias urbanas viscerales. #arquisinergias2","og_url":"https:\/\/veredes.es\/blog\/experiencias-urbanas-viscerales-arquisinergias2\/","og_site_name":"veredes, arquitectura y divulgaci\u00f3n","article_publisher":"https:\/\/www.facebook.com\/veredesArquitecturayDivulgacion\/","article_author":"https:\/\/www.facebook.com\/veredesArquitecturayDivulgacion\/","article_published_time":"2018-01-22T23:02:59+00:00","article_modified_time":"2019-01-09T17:30:05+00:00","og_image":[{"width":1200,"height":1660,"url":"https:\/\/veredes.es\/blog\/wp-content\/uploads\/2018\/01\/EXPERIENCIAS-URBANAS-VISCERALES.-ARQUISINERGIAS2-I-FRANCISCO-CAMINO.jpg","type":"image\/jpeg"}],"author":"veredes","twitter_card":"summary_large_image","twitter_creator":"@https:\/\/twitter.com\/veredes","twitter_site":"@veredes","twitter_misc":{"Escrito por":"veredes","Tiempo de lectura":"13 minutos"},"schema":{"@context":"https:\/\/schema.org","@graph":[{"@type":"Article","@id":"https:\/\/veredes.es\/blog\/experiencias-urbanas-viscerales-arquisinergias2\/#article","isPartOf":{"@id":"https:\/\/veredes.es\/blog\/experiencias-urbanas-viscerales-arquisinergias2\/"},"author":{"name":"veredes","@id":"https:\/\/veredes.es\/blog\/#\/schema\/person\/0bbb669073ef7faba5168a0844e93d2c"},"headline":"Experiencias urbanas viscerales. #arquisinergias2","datePublished":"2018-01-22T23:02:59+00:00","dateModified":"2019-01-09T17:30:05+00:00","mainEntityOfPage":{"@id":"https:\/\/veredes.es\/blog\/experiencias-urbanas-viscerales-arquisinergias2\/"},"wordCount":2575,"commentCount":0,"publisher":{"@id":"https:\/\/veredes.es\/blog\/#organization"},"image":{"@id":"https:\/\/veredes.es\/blog\/experiencias-urbanas-viscerales-arquisinergias2\/#primaryimage"},"thumbnailUrl":"https:\/\/veredes.es\/blog\/wp-content\/uploads\/2018\/01\/EXPERIENCIAS-URBANAS-VISCERALES.-ARQUISINERGIAS2-I-FRANCISCO-CAMINO.jpg","keywords":["Ana Asensio Rodr\u00edguez","Ana Mombiedro","arquitasa","arquitectura espa\u00f1ola","evento","Francisco Camino Arias","jornada","joven valor","Madrid","red","reuni\u00f3n","Sabrina Gaudino","sociedad"],"articleSection":["conferencias","convocatorias","eventos"],"inLanguage":"es","potentialAction":[{"@type":"CommentAction","name":"Comment","target":["https:\/\/veredes.es\/blog\/experiencias-urbanas-viscerales-arquisinergias2\/#respond"]}]},{"@type":"WebPage","@id":"https:\/\/veredes.es\/blog\/experiencias-urbanas-viscerales-arquisinergias2\/","url":"https:\/\/veredes.es\/blog\/experiencias-urbanas-viscerales-arquisinergias2\/","name":"Experiencias urbanas viscerales. #arquisinergias2 - veredes","isPartOf":{"@id":"https:\/\/veredes.es\/blog\/#website"},"primaryImageOfPage":{"@id":"https:\/\/veredes.es\/blog\/experiencias-urbanas-viscerales-arquisinergias2\/#primaryimage"},"image":{"@id":"https:\/\/veredes.es\/blog\/experiencias-urbanas-viscerales-arquisinergias2\/#primaryimage"},"thumbnailUrl":"https:\/\/veredes.es\/blog\/wp-content\/uploads\/2018\/01\/EXPERIENCIAS-URBANAS-VISCERALES.-ARQUISINERGIAS2-I-FRANCISCO-CAMINO.jpg","datePublished":"2018-01-22T23:02:59+00:00","dateModified":"2019-01-09T17:30:05+00:00","description":"Toda la informaci\u00f3n sobre: Experiencias urbanas viscerales. #arquisinergias2","breadcrumb":{"@id":"https:\/\/veredes.es\/blog\/experiencias-urbanas-viscerales-arquisinergias2\/#breadcrumb"},"inLanguage":"es","potentialAction":[{"@type":"ReadAction","target":["https:\/\/veredes.es\/blog\/experiencias-urbanas-viscerales-arquisinergias2\/"]}]},{"@type":"ImageObject","inLanguage":"es","@id":"https:\/\/veredes.es\/blog\/experiencias-urbanas-viscerales-arquisinergias2\/#primaryimage","url":"https:\/\/veredes.es\/blog\/wp-content\/uploads\/2018\/01\/EXPERIENCIAS-URBANAS-VISCERALES.-ARQUISINERGIAS2-I-FRANCISCO-CAMINO.jpg","contentUrl":"https:\/\/veredes.es\/blog\/wp-content\/uploads\/2018\/01\/EXPERIENCIAS-URBANAS-VISCERALES.-ARQUISINERGIAS2-I-FRANCISCO-CAMINO.jpg","width":1200,"height":1660},{"@type":"BreadcrumbList","@id":"https:\/\/veredes.es\/blog\/experiencias-urbanas-viscerales-arquisinergias2\/#breadcrumb","itemListElement":[{"@type":"ListItem","position":1,"name":"Portada","item":"https:\/\/veredes.es\/blog\/"},{"@type":"ListItem","position":2,"name":"Experiencias urbanas viscerales. #arquisinergias2"}]},{"@type":"WebSite","@id":"https:\/\/veredes.es\/blog\/#website","url":"https:\/\/veredes.es\/blog\/","name":"veredes, arquitectura y divulgaci\u00f3n","description":"veredes","publisher":{"@id":"https:\/\/veredes.es\/blog\/#organization"},"alternateName":"veredes","potentialAction":[{"@type":"SearchAction","target":{"@type":"EntryPoint","urlTemplate":"https:\/\/veredes.es\/blog\/?s={search_term_string}"},"query-input":{"@type":"PropertyValueSpecification","valueRequired":true,"valueName":"search_term_string"}}],"inLanguage":"es"},{"@type":"Organization","@id":"https:\/\/veredes.es\/blog\/#organization","name":"veredes, arquitectura y divulgaci\u00f3n","alternateName":"veredes","url":"https:\/\/veredes.es\/blog\/","logo":{"@type":"ImageObject","inLanguage":"es","@id":"https:\/\/veredes.es\/blog\/#\/schema\/logo\/image\/","url":"https:\/\/veredes.es\/blog\/wp-content\/uploads\/2021\/12\/veredes-logo-centrado_140x54.png","contentUrl":"https:\/\/veredes.es\/blog\/wp-content\/uploads\/2021\/12\/veredes-logo-centrado_140x54.png","width":140,"height":54,"caption":"veredes, arquitectura y divulgaci\u00f3n"},"image":{"@id":"https:\/\/veredes.es\/blog\/#\/schema\/logo\/image\/"},"sameAs":["https:\/\/www.facebook.com\/veredesArquitecturayDivulgacion\/","https:\/\/x.com\/veredes","https:\/\/instagram.com\/veredes\/","https:\/\/www.linkedin.com\/company\/veredes-arquitectura-y-divulgacion\/","https:\/\/es.pinterest.com\/veredes\/","https:\/\/www.tumblr.com\/veredes"]},{"@type":"Person","@id":"https:\/\/veredes.es\/blog\/#\/schema\/person\/0bbb669073ef7faba5168a0844e93d2c","name":"veredes","image":{"@type":"ImageObject","inLanguage":"es","@id":"https:\/\/veredes.es\/blog\/wp-content\/uploads\/2018\/04\/face-96x96.jpg","url":"https:\/\/veredes.es\/blog\/wp-content\/uploads\/2018\/04\/face-96x96.jpg","contentUrl":"https:\/\/veredes.es\/blog\/wp-content\/uploads\/2018\/04\/face-96x96.jpg","caption":"veredes"},"description":"Surge enero de 2009 como b\u00fasqueda de satisfacer el conocimiento de la actividad arquitect\u00f3nica y tangentes que se generan. La idea es crear un espacio para divulgar los diversos proyectos en busca de nueva inspiraci\u00f3n y de intercambio.","sameAs":["https:\/\/veredes.es\/","https:\/\/www.facebook.com\/veredesArquitecturayDivulgacion\/","https:\/\/www.instagram.com\/veredes\/","https:\/\/www.linkedin.com\/company\/veredes-arquitectura-y-divulgacion\/","https:\/\/www.pinterest.es\/veredes\/","https:\/\/x.com\/https:\/\/twitter.com\/veredes","https:\/\/veredes.tumblr.com\/"],"url":"https:\/\/veredes.es\/blog\/author\/alberto\/"}]}},"_links":{"self":[{"href":"https:\/\/veredes.es\/blog\/wp-json\/wp\/v2\/posts\/67201","targetHints":{"allow":["GET"]}}],"collection":[{"href":"https:\/\/veredes.es\/blog\/wp-json\/wp\/v2\/posts"}],"about":[{"href":"https:\/\/veredes.es\/blog\/wp-json\/wp\/v2\/types\/post"}],"author":[{"embeddable":true,"href":"https:\/\/veredes.es\/blog\/wp-json\/wp\/v2\/users\/2"}],"replies":[{"embeddable":true,"href":"https:\/\/veredes.es\/blog\/wp-json\/wp\/v2\/comments?post=67201"}],"version-history":[{"count":0,"href":"https:\/\/veredes.es\/blog\/wp-json\/wp\/v2\/posts\/67201\/revisions"}],"wp:featuredmedia":[{"embeddable":true,"href":"https:\/\/veredes.es\/blog\/wp-json\/wp\/v2\/media\/67202"}],"wp:attachment":[{"href":"https:\/\/veredes.es\/blog\/wp-json\/wp\/v2\/media?parent=67201"}],"wp:term":[{"taxonomy":"category","embeddable":true,"href":"https:\/\/veredes.es\/blog\/wp-json\/wp\/v2\/categories?post=67201"},{"taxonomy":"post_tag","embeddable":true,"href":"https:\/\/veredes.es\/blog\/wp-json\/wp\/v2\/tags?post=67201"}],"curies":[{"name":"wp","href":"https:\/\/api.w.org\/{rel}","templated":true}]}}