{"id":6696,"date":"2010-11-04T12:00:43","date_gmt":"2010-11-04T12:00:43","guid":{"rendered":"http:\/\/veredes.es\/blog\/?p=6696"},"modified":"2017-10-19T20:41:31","modified_gmt":"2017-10-19T18:41:31","slug":"e-n-g-a-w-a-03","status":"publish","type":"post","link":"https:\/\/veredes.es\/blog\/e-n-g-a-w-a-03\/","title":{"rendered":"e n g a w a # 03"},"content":{"rendered":"<p><\/p>\n<p style=\"text-align: justify;\">Este espacio nace por la necesidad de escribir que tienen los amigos invisibles, localizados en diferentes puntos del planeta. El tema de cada n\u00famero parte de una imagen elegida individualmente y en silencio por un integrante de Engawa, el resto la desconocen. Esta acci\u00f3n, en s\u00ed misma, evita hablar de lo que todos hablan y permite el azar propio de una conversaci\u00f3n.<\/p>\n<figure style=\"width: 620px\" class=\"wp-caption alignnone\"><a href=\"..\/wp-content\/uploads\/2010\/11\/e-n-g-w-03.jpeg\"><img loading=\"lazy\" decoding=\"async\" title=\"e-n-g-w-03\" src=\"..\/wp-content\/uploads\/2010\/11\/e-n-g-w-03.jpeg\" alt=\"\" width=\"620\" height=\"620\" \/><\/a><figcaption class=\"wp-caption-text\"><span style=\"color: #888888;\">por to\u00f1o adler<\/span><\/figcaption><\/figure>\n<p>La ruina \u00b7 Rub\u00e9n P\u00e1ez<\/p>\n<p>Dibujar el paso del tiempo \u00b7 Javier de las Heras Sol\u00e9<\/p>\n<p>Territorio desconocido \u00b7 Jaume Prat<\/p>\n<p>R\u00e9quiem \u00b7 Pablo Twose<\/p>\n<p>Kerepesi temet\u00f6, recuerdos bajo las losas \u00b7 Rebecca Muttel<\/p>\n<p>Flores muertas \u00b7 Eduardo Almal\u00e9<\/p>\n<p><a href=\"http:\/\/www.engawa.es\/index.php?\/numero03\/--indice------------------------\/\" target=\"_blank\"><span style=\"color: #888888;\">+ <\/span><span style=\"color: #888888;\">engawa<\/span><\/a><\/p>","protected":false},"excerpt":{"rendered":"<p>Este espacio nace por la necesidad de escribir que tienen los amigos invisibles, localizados en diferentes puntos del planeta. El tema de cada n\u00famero parte de una imagen elegida individualmente y en silencio por un integrante de Engawa, el resto la desconocen. Esta acci\u00f3n, en s\u00ed misma, evita hablar de lo que todos hablan y [&hellip;]<\/p>\n","protected":false},"author":2,"featured_media":6697,"comment_status":"open","ping_status":"closed","sticky":false,"template":"","format":"standard","meta":{"footnotes":""},"categories":[26,28],"tags":[10819,5286,8721,6302,1120,10820,1173,7925,6300,10821],"class_list":{"0":"post-6696","1":"post","2":"type-post","3":"status-publish","4":"format-standard","5":"has-post-thumbnail","7":"category-publicaciones","8":"category-revistas","9":"tag-eduardo-almale","10":"tag-jaume-prat-ortells","11":"tag-javier-de-las-heras-sole","12":"tag-pablo-twose-valls","13":"tag-publicacion","14":"tag-rebecca-muttel","15":"tag-revista","16":"tag-revista-engawa","17":"tag-ruben-paez","18":"tag-tono-adler"},"yoast_head":"<!-- This site is optimized with the Yoast SEO plugin v27.5 - https:\/\/yoast.com\/product\/yoast-seo-wordpress\/ -->\n<title>e n g a w a # 03 - veredes<\/title>\n<meta name=\"description\" content=\"Toda la informaci\u00f3n sobre: e n g a w a # 03\" \/>\n<meta name=\"robots\" content=\"index, follow, max-snippet:-1, max-image-preview:large, max-video-preview:-1\" \/>\n<link rel=\"canonical\" href=\"https:\/\/veredes.es\/blog\/e-n-g-a-w-a-03\/\" \/>\n<meta property=\"og:locale\" content=\"es_ES\" \/>\n<meta property=\"og:type\" content=\"article\" \/>\n<meta property=\"og:title\" content=\"e n g a w a # 03 - veredes\" \/>\n<meta property=\"og:description\" content=\"Toda la informaci\u00f3n sobre: e n g a w a # 03\" \/>\n<meta property=\"og:url\" content=\"https:\/\/veredes.es\/blog\/e-n-g-a-w-a-03\/\" \/>\n<meta property=\"og:site_name\" content=\"veredes, arquitectura y divulgaci\u00f3n\" \/>\n<meta property=\"article:publisher\" content=\"https:\/\/www.facebook.com\/veredesArquitecturayDivulgacion\/\" \/>\n<meta property=\"article:author\" content=\"https:\/\/www.facebook.com\/veredesArquitecturayDivulgacion\/\" \/>\n<meta property=\"article:published_time\" content=\"2010-11-04T12:00:43+00:00\" \/>\n<meta property=\"article:modified_time\" content=\"2017-10-19T18:41:31+00:00\" \/>\n<meta property=\"og:image\" content=\"https:\/\/veredes.es\/blog\/wp-content\/uploads\/2010\/11\/e-n-g-w-03.jpeg\" \/>\n\t<meta property=\"og:image:width\" content=\"300\" \/>\n\t<meta property=\"og:image:height\" content=\"300\" \/>\n\t<meta property=\"og:image:type\" content=\"image\/jpeg\" \/>\n<meta name=\"author\" content=\"veredes\" \/>\n<meta name=\"twitter:card\" content=\"summary_large_image\" \/>\n<meta name=\"twitter:creator\" content=\"@https:\/\/twitter.com\/veredes\" \/>\n<meta name=\"twitter:site\" content=\"@veredes\" \/>\n<meta name=\"twitter:label1\" content=\"Escrito por\" \/>\n\t<meta name=\"twitter:data1\" content=\"veredes\" \/>\n\t<meta name=\"twitter:label2\" content=\"Tiempo de lectura\" \/>\n\t<meta name=\"twitter:data2\" content=\"2 minutos\" \/>\n<script type=\"application\/ld+json\" class=\"yoast-schema-graph\">{\"@context\":\"https:\\\/\\\/schema.org\",\"@graph\":[{\"@type\":\"Article\",\"@id\":\"https:\\\/\\\/veredes.es\\\/blog\\\/e-n-g-a-w-a-03\\\/#article\",\"isPartOf\":{\"@id\":\"https:\\\/\\\/veredes.es\\\/blog\\\/e-n-g-a-w-a-03\\\/\"},\"author\":{\"name\":\"veredes\",\"@id\":\"https:\\\/\\\/veredes.es\\\/blog\\\/#\\\/schema\\\/person\\\/0bbb669073ef7faba5168a0844e93d2c\"},\"headline\":\"e n g a w a # 03\",\"datePublished\":\"2010-11-04T12:00:43+00:00\",\"dateModified\":\"2017-10-19T18:41:31+00:00\",\"mainEntityOfPage\":{\"@id\":\"https:\\\/\\\/veredes.es\\\/blog\\\/e-n-g-a-w-a-03\\\/\"},\"wordCount\":343,\"commentCount\":48,\"publisher\":{\"@id\":\"https:\\\/\\\/veredes.es\\\/blog\\\/#organization\"},\"image\":{\"@id\":\"https:\\\/\\\/veredes.es\\\/blog\\\/e-n-g-a-w-a-03\\\/#primaryimage\"},\"thumbnailUrl\":\"https:\\\/\\\/veredes.es\\\/blog\\\/wp-content\\\/uploads\\\/2010\\\/11\\\/e-n-g-w-03.jpeg\",\"keywords\":[\"Eduardo Almal\u00e9\",\"Jaume Prat Ortells\",\"Javier de las Heras Sol\u00e9\",\"Pablo Twose Valls\",\"publicaci\u00f3n\",\"Rebecca Muttel\",\"revista\",\"revista engawa\",\"Rub\u00e9n P\u00e1ez\",\"to\u00f1o adler\"],\"articleSection\":[\"publicaciones\",\"revistas\"],\"inLanguage\":\"es\",\"potentialAction\":[{\"@type\":\"CommentAction\",\"name\":\"Comment\",\"target\":[\"https:\\\/\\\/veredes.es\\\/blog\\\/e-n-g-a-w-a-03\\\/#respond\"]}]},{\"@type\":\"WebPage\",\"@id\":\"https:\\\/\\\/veredes.es\\\/blog\\\/e-n-g-a-w-a-03\\\/\",\"url\":\"https:\\\/\\\/veredes.es\\\/blog\\\/e-n-g-a-w-a-03\\\/\",\"name\":\"e n g a w a # 03 - veredes\",\"isPartOf\":{\"@id\":\"https:\\\/\\\/veredes.es\\\/blog\\\/#website\"},\"primaryImageOfPage\":{\"@id\":\"https:\\\/\\\/veredes.es\\\/blog\\\/e-n-g-a-w-a-03\\\/#primaryimage\"},\"image\":{\"@id\":\"https:\\\/\\\/veredes.es\\\/blog\\\/e-n-g-a-w-a-03\\\/#primaryimage\"},\"thumbnailUrl\":\"https:\\\/\\\/veredes.es\\\/blog\\\/wp-content\\\/uploads\\\/2010\\\/11\\\/e-n-g-w-03.jpeg\",\"datePublished\":\"2010-11-04T12:00:43+00:00\",\"dateModified\":\"2017-10-19T18:41:31+00:00\",\"description\":\"Toda la informaci\u00f3n sobre: e n g a w a # 03\",\"breadcrumb\":{\"@id\":\"https:\\\/\\\/veredes.es\\\/blog\\\/e-n-g-a-w-a-03\\\/#breadcrumb\"},\"inLanguage\":\"es\",\"potentialAction\":[{\"@type\":\"ReadAction\",\"target\":[\"https:\\\/\\\/veredes.es\\\/blog\\\/e-n-g-a-w-a-03\\\/\"]}]},{\"@type\":\"ImageObject\",\"inLanguage\":\"es\",\"@id\":\"https:\\\/\\\/veredes.es\\\/blog\\\/e-n-g-a-w-a-03\\\/#primaryimage\",\"url\":\"https:\\\/\\\/veredes.es\\\/blog\\\/wp-content\\\/uploads\\\/2010\\\/11\\\/e-n-g-w-03.jpeg\",\"contentUrl\":\"https:\\\/\\\/veredes.es\\\/blog\\\/wp-content\\\/uploads\\\/2010\\\/11\\\/e-n-g-w-03.jpeg\",\"width\":\"300\",\"height\":\"300\"},{\"@type\":\"BreadcrumbList\",\"@id\":\"https:\\\/\\\/veredes.es\\\/blog\\\/e-n-g-a-w-a-03\\\/#breadcrumb\",\"itemListElement\":[{\"@type\":\"ListItem\",\"position\":1,\"name\":\"Portada\",\"item\":\"https:\\\/\\\/veredes.es\\\/blog\\\/\"},{\"@type\":\"ListItem\",\"position\":2,\"name\":\"e n g a w a # 03\"}]},{\"@type\":\"WebSite\",\"@id\":\"https:\\\/\\\/veredes.es\\\/blog\\\/#website\",\"url\":\"https:\\\/\\\/veredes.es\\\/blog\\\/\",\"name\":\"veredes, arquitectura y divulgaci\u00f3n\",\"description\":\"veredes\",\"publisher\":{\"@id\":\"https:\\\/\\\/veredes.es\\\/blog\\\/#organization\"},\"alternateName\":\"veredes\",\"potentialAction\":[{\"@type\":\"SearchAction\",\"target\":{\"@type\":\"EntryPoint\",\"urlTemplate\":\"https:\\\/\\\/veredes.es\\\/blog\\\/?s={search_term_string}\"},\"query-input\":{\"@type\":\"PropertyValueSpecification\",\"valueRequired\":true,\"valueName\":\"search_term_string\"}}],\"inLanguage\":\"es\"},{\"@type\":\"Organization\",\"@id\":\"https:\\\/\\\/veredes.es\\\/blog\\\/#organization\",\"name\":\"veredes, arquitectura y divulgaci\u00f3n\",\"alternateName\":\"veredes\",\"url\":\"https:\\\/\\\/veredes.es\\\/blog\\\/\",\"logo\":{\"@type\":\"ImageObject\",\"inLanguage\":\"es\",\"@id\":\"https:\\\/\\\/veredes.es\\\/blog\\\/#\\\/schema\\\/logo\\\/image\\\/\",\"url\":\"https:\\\/\\\/veredes.es\\\/blog\\\/wp-content\\\/uploads\\\/2021\\\/12\\\/veredes-logo-centrado_140x54.png\",\"contentUrl\":\"https:\\\/\\\/veredes.es\\\/blog\\\/wp-content\\\/uploads\\\/2021\\\/12\\\/veredes-logo-centrado_140x54.png\",\"width\":140,\"height\":54,\"caption\":\"veredes, arquitectura y divulgaci\u00f3n\"},\"image\":{\"@id\":\"https:\\\/\\\/veredes.es\\\/blog\\\/#\\\/schema\\\/logo\\\/image\\\/\"},\"sameAs\":[\"https:\\\/\\\/www.facebook.com\\\/veredesArquitecturayDivulgacion\\\/\",\"https:\\\/\\\/x.com\\\/veredes\",\"https:\\\/\\\/instagram.com\\\/veredes\\\/\",\"https:\\\/\\\/www.linkedin.com\\\/company\\\/veredes-arquitectura-y-divulgacion\\\/\",\"https:\\\/\\\/es.pinterest.com\\\/veredes\\\/\",\"https:\\\/\\\/www.tumblr.com\\\/veredes\"]},{\"@type\":\"Person\",\"@id\":\"https:\\\/\\\/veredes.es\\\/blog\\\/#\\\/schema\\\/person\\\/0bbb669073ef7faba5168a0844e93d2c\",\"name\":\"veredes\",\"image\":{\"@type\":\"ImageObject\",\"inLanguage\":\"es\",\"@id\":\"https:\\\/\\\/veredes.es\\\/blog\\\/wp-content\\\/uploads\\\/2018\\\/04\\\/face-96x96.jpg\",\"url\":\"https:\\\/\\\/veredes.es\\\/blog\\\/wp-content\\\/uploads\\\/2018\\\/04\\\/face-96x96.jpg\",\"contentUrl\":\"https:\\\/\\\/veredes.es\\\/blog\\\/wp-content\\\/uploads\\\/2018\\\/04\\\/face-96x96.jpg\",\"caption\":\"veredes\"},\"description\":\"Surge enero de 2009 como b\u00fasqueda de satisfacer el conocimiento de la actividad arquitect\u00f3nica y tangentes que se generan. La idea es crear un espacio para divulgar los diversos proyectos en busca de nueva inspiraci\u00f3n y de intercambio.\",\"sameAs\":[\"https:\\\/\\\/veredes.es\\\/\",\"https:\\\/\\\/www.facebook.com\\\/veredesArquitecturayDivulgacion\\\/\",\"https:\\\/\\\/www.instagram.com\\\/veredes\\\/\",\"https:\\\/\\\/www.linkedin.com\\\/company\\\/veredes-arquitectura-y-divulgacion\\\/\",\"https:\\\/\\\/www.pinterest.es\\\/veredes\\\/\",\"https:\\\/\\\/x.com\\\/https:\\\/\\\/twitter.com\\\/veredes\",\"https:\\\/\\\/veredes.tumblr.com\\\/\"],\"url\":\"https:\\\/\\\/veredes.es\\\/blog\\\/author\\\/alberto\\\/\"}]}<\/script>\n<!-- \/ Yoast SEO plugin. -->","yoast_head_json":{"title":"e n g a w a # 03 - veredes","description":"Toda la informaci\u00f3n sobre: e n g a w a # 03","robots":{"index":"index","follow":"follow","max-snippet":"max-snippet:-1","max-image-preview":"max-image-preview:large","max-video-preview":"max-video-preview:-1"},"canonical":"https:\/\/veredes.es\/blog\/e-n-g-a-w-a-03\/","og_locale":"es_ES","og_type":"article","og_title":"e n g a w a # 03 - veredes","og_description":"Toda la informaci\u00f3n sobre: e n g a w a # 03","og_url":"https:\/\/veredes.es\/blog\/e-n-g-a-w-a-03\/","og_site_name":"veredes, arquitectura y divulgaci\u00f3n","article_publisher":"https:\/\/www.facebook.com\/veredesArquitecturayDivulgacion\/","article_author":"https:\/\/www.facebook.com\/veredesArquitecturayDivulgacion\/","article_published_time":"2010-11-04T12:00:43+00:00","article_modified_time":"2017-10-19T18:41:31+00:00","og_image":[{"width":300,"height":300,"url":"https:\/\/veredes.es\/blog\/wp-content\/uploads\/2010\/11\/e-n-g-w-03.jpeg","type":"image\/jpeg"}],"author":"veredes","twitter_card":"summary_large_image","twitter_creator":"@https:\/\/twitter.com\/veredes","twitter_site":"@veredes","twitter_misc":{"Escrito por":"veredes","Tiempo de lectura":"2 minutos"},"schema":{"@context":"https:\/\/schema.org","@graph":[{"@type":"Article","@id":"https:\/\/veredes.es\/blog\/e-n-g-a-w-a-03\/#article","isPartOf":{"@id":"https:\/\/veredes.es\/blog\/e-n-g-a-w-a-03\/"},"author":{"name":"veredes","@id":"https:\/\/veredes.es\/blog\/#\/schema\/person\/0bbb669073ef7faba5168a0844e93d2c"},"headline":"e n g a w a # 03","datePublished":"2010-11-04T12:00:43+00:00","dateModified":"2017-10-19T18:41:31+00:00","mainEntityOfPage":{"@id":"https:\/\/veredes.es\/blog\/e-n-g-a-w-a-03\/"},"wordCount":343,"commentCount":48,"publisher":{"@id":"https:\/\/veredes.es\/blog\/#organization"},"image":{"@id":"https:\/\/veredes.es\/blog\/e-n-g-a-w-a-03\/#primaryimage"},"thumbnailUrl":"https:\/\/veredes.es\/blog\/wp-content\/uploads\/2010\/11\/e-n-g-w-03.jpeg","keywords":["Eduardo Almal\u00e9","Jaume Prat Ortells","Javier de las Heras Sol\u00e9","Pablo Twose Valls","publicaci\u00f3n","Rebecca Muttel","revista","revista engawa","Rub\u00e9n P\u00e1ez","to\u00f1o adler"],"articleSection":["publicaciones","revistas"],"inLanguage":"es","potentialAction":[{"@type":"CommentAction","name":"Comment","target":["https:\/\/veredes.es\/blog\/e-n-g-a-w-a-03\/#respond"]}]},{"@type":"WebPage","@id":"https:\/\/veredes.es\/blog\/e-n-g-a-w-a-03\/","url":"https:\/\/veredes.es\/blog\/e-n-g-a-w-a-03\/","name":"e n g a w a # 03 - veredes","isPartOf":{"@id":"https:\/\/veredes.es\/blog\/#website"},"primaryImageOfPage":{"@id":"https:\/\/veredes.es\/blog\/e-n-g-a-w-a-03\/#primaryimage"},"image":{"@id":"https:\/\/veredes.es\/blog\/e-n-g-a-w-a-03\/#primaryimage"},"thumbnailUrl":"https:\/\/veredes.es\/blog\/wp-content\/uploads\/2010\/11\/e-n-g-w-03.jpeg","datePublished":"2010-11-04T12:00:43+00:00","dateModified":"2017-10-19T18:41:31+00:00","description":"Toda la informaci\u00f3n sobre: e n g a w a # 03","breadcrumb":{"@id":"https:\/\/veredes.es\/blog\/e-n-g-a-w-a-03\/#breadcrumb"},"inLanguage":"es","potentialAction":[{"@type":"ReadAction","target":["https:\/\/veredes.es\/blog\/e-n-g-a-w-a-03\/"]}]},{"@type":"ImageObject","inLanguage":"es","@id":"https:\/\/veredes.es\/blog\/e-n-g-a-w-a-03\/#primaryimage","url":"https:\/\/veredes.es\/blog\/wp-content\/uploads\/2010\/11\/e-n-g-w-03.jpeg","contentUrl":"https:\/\/veredes.es\/blog\/wp-content\/uploads\/2010\/11\/e-n-g-w-03.jpeg","width":"300","height":"300"},{"@type":"BreadcrumbList","@id":"https:\/\/veredes.es\/blog\/e-n-g-a-w-a-03\/#breadcrumb","itemListElement":[{"@type":"ListItem","position":1,"name":"Portada","item":"https:\/\/veredes.es\/blog\/"},{"@type":"ListItem","position":2,"name":"e n g a w a # 03"}]},{"@type":"WebSite","@id":"https:\/\/veredes.es\/blog\/#website","url":"https:\/\/veredes.es\/blog\/","name":"veredes, arquitectura y divulgaci\u00f3n","description":"veredes","publisher":{"@id":"https:\/\/veredes.es\/blog\/#organization"},"alternateName":"veredes","potentialAction":[{"@type":"SearchAction","target":{"@type":"EntryPoint","urlTemplate":"https:\/\/veredes.es\/blog\/?s={search_term_string}"},"query-input":{"@type":"PropertyValueSpecification","valueRequired":true,"valueName":"search_term_string"}}],"inLanguage":"es"},{"@type":"Organization","@id":"https:\/\/veredes.es\/blog\/#organization","name":"veredes, arquitectura y divulgaci\u00f3n","alternateName":"veredes","url":"https:\/\/veredes.es\/blog\/","logo":{"@type":"ImageObject","inLanguage":"es","@id":"https:\/\/veredes.es\/blog\/#\/schema\/logo\/image\/","url":"https:\/\/veredes.es\/blog\/wp-content\/uploads\/2021\/12\/veredes-logo-centrado_140x54.png","contentUrl":"https:\/\/veredes.es\/blog\/wp-content\/uploads\/2021\/12\/veredes-logo-centrado_140x54.png","width":140,"height":54,"caption":"veredes, arquitectura y divulgaci\u00f3n"},"image":{"@id":"https:\/\/veredes.es\/blog\/#\/schema\/logo\/image\/"},"sameAs":["https:\/\/www.facebook.com\/veredesArquitecturayDivulgacion\/","https:\/\/x.com\/veredes","https:\/\/instagram.com\/veredes\/","https:\/\/www.linkedin.com\/company\/veredes-arquitectura-y-divulgacion\/","https:\/\/es.pinterest.com\/veredes\/","https:\/\/www.tumblr.com\/veredes"]},{"@type":"Person","@id":"https:\/\/veredes.es\/blog\/#\/schema\/person\/0bbb669073ef7faba5168a0844e93d2c","name":"veredes","image":{"@type":"ImageObject","inLanguage":"es","@id":"https:\/\/veredes.es\/blog\/wp-content\/uploads\/2018\/04\/face-96x96.jpg","url":"https:\/\/veredes.es\/blog\/wp-content\/uploads\/2018\/04\/face-96x96.jpg","contentUrl":"https:\/\/veredes.es\/blog\/wp-content\/uploads\/2018\/04\/face-96x96.jpg","caption":"veredes"},"description":"Surge enero de 2009 como b\u00fasqueda de satisfacer el conocimiento de la actividad arquitect\u00f3nica y tangentes que se generan. La idea es crear un espacio para divulgar los diversos proyectos en busca de nueva inspiraci\u00f3n y de intercambio.","sameAs":["https:\/\/veredes.es\/","https:\/\/www.facebook.com\/veredesArquitecturayDivulgacion\/","https:\/\/www.instagram.com\/veredes\/","https:\/\/www.linkedin.com\/company\/veredes-arquitectura-y-divulgacion\/","https:\/\/www.pinterest.es\/veredes\/","https:\/\/x.com\/https:\/\/twitter.com\/veredes","https:\/\/veredes.tumblr.com\/"],"url":"https:\/\/veredes.es\/blog\/author\/alberto\/"}]}},"_links":{"self":[{"href":"https:\/\/veredes.es\/blog\/wp-json\/wp\/v2\/posts\/6696","targetHints":{"allow":["GET"]}}],"collection":[{"href":"https:\/\/veredes.es\/blog\/wp-json\/wp\/v2\/posts"}],"about":[{"href":"https:\/\/veredes.es\/blog\/wp-json\/wp\/v2\/types\/post"}],"author":[{"embeddable":true,"href":"https:\/\/veredes.es\/blog\/wp-json\/wp\/v2\/users\/2"}],"replies":[{"embeddable":true,"href":"https:\/\/veredes.es\/blog\/wp-json\/wp\/v2\/comments?post=6696"}],"version-history":[{"count":0,"href":"https:\/\/veredes.es\/blog\/wp-json\/wp\/v2\/posts\/6696\/revisions"}],"wp:featuredmedia":[{"embeddable":true,"href":"https:\/\/veredes.es\/blog\/wp-json\/wp\/v2\/media\/6697"}],"wp:attachment":[{"href":"https:\/\/veredes.es\/blog\/wp-json\/wp\/v2\/media?parent=6696"}],"wp:term":[{"taxonomy":"category","embeddable":true,"href":"https:\/\/veredes.es\/blog\/wp-json\/wp\/v2\/categories?post=6696"},{"taxonomy":"post_tag","embeddable":true,"href":"https:\/\/veredes.es\/blog\/wp-json\/wp\/v2\/tags?post=6696"}],"curies":[{"name":"wp","href":"https:\/\/api.w.org\/{rel}","templated":true}]}}