{"id":66620,"date":"2017-12-29T00:02:48","date_gmt":"2017-12-28T23:02:48","guid":{"rendered":"https:\/\/veredes.es\/blog\/?p=66620"},"modified":"2018-04-23T18:03:10","modified_gmt":"2018-04-23T16:03:10","slug":"del-edificio-hibrido-al-edificio-complejo-aurora-fernandez-per-javier-mozas","status":"publish","type":"post","link":"https:\/\/veredes.es\/blog\/del-edificio-hibrido-al-edificio-complejo-aurora-fernandez-per-javier-mozas\/","title":{"rendered":"Del edificio h\u00edbrido al edificio complejo | Aurora Fern\u00e1ndez Per &#8211; Javier Mozas"},"content":{"rendered":"<p><figure id=\"attachment_66672\" aria-describedby=\"caption-attachment-66672\" style=\"width: 640px\" class=\"wp-caption alignnone\"><img loading=\"lazy\" decoding=\"async\" class=\"size-large wp-image-66672\" src=\"https:\/\/veredes.es\/blog\/wp-content\/uploads\/2017\/12\/Del-edificio-h\u00edbrido-al-edificio-complejo-Urban-Think-Tank.-F\u00e1brica-de-Cultura-BAQ.-Barranquilla-Colombia-2013-2017-1024x688.jpg\" alt=\"Urban-Think Tank. F\u00e1brica de Cultura BAQ. Barranquilla (Colombia), 2013-2017\" width=\"640\" height=\"430\" srcset=\"https:\/\/veredes.es\/blog\/wp-content\/uploads\/2017\/12\/Del-edificio-h\u00edbrido-al-edificio-complejo-Urban-Think-Tank.-F\u00e1brica-de-Cultura-BAQ.-Barranquilla-Colombia-2013-2017-1024x688.jpg 1024w, https:\/\/veredes.es\/blog\/wp-content\/uploads\/2017\/12\/Del-edificio-h\u00edbrido-al-edificio-complejo-Urban-Think-Tank.-F\u00e1brica-de-Cultura-BAQ.-Barranquilla-Colombia-2013-2017-300x202.jpg 300w, https:\/\/veredes.es\/blog\/wp-content\/uploads\/2017\/12\/Del-edificio-h\u00edbrido-al-edificio-complejo-Urban-Think-Tank.-F\u00e1brica-de-Cultura-BAQ.-Barranquilla-Colombia-2013-2017.jpg 1200w\" sizes=\"auto, (max-width: 640px) 100vw, 640px\" \/><figcaption id=\"caption-attachment-66672\" class=\"wp-caption-text\"><span style=\"color: #999999;\">Urban-Think Tank. F\u00e1brica de Cultura BAQ. Barranquilla (Colombia), 2013-2017<\/span><\/figcaption><\/figure><\/p>\n<p style=\"text-align: justify;\"><strong>El edificio h\u00edbrido.<\/strong><\/p>\n<p style=\"text-align: justify;\">Nuestro inter\u00e9s por este tipo de proyecto surge a partir del consumo del territorio.<strong>\u00a0La ciudad dispersa es el origen de gran parte del da\u00f1o que sufre el planeta.<\/strong>\u00a0No solo aumenta la emisi\u00f3n de gases a causa del transporte y del consumo individualizado, sino que disminuye la vertebraci\u00f3n social y la posibilidad de intercambio. Incluso en un entorno como el actual, donde aparentemente todo se desarrolla en la nube.<\/p>\n<figure id=\"attachment_66677\" aria-describedby=\"caption-attachment-66677\" style=\"width: 640px\" class=\"wp-caption alignnone\"><img loading=\"lazy\" decoding=\"async\" class=\"size-large wp-image-66677\" src=\"https:\/\/veredes.es\/blog\/wp-content\/uploads\/2017\/12\/Del-edificio-h\u00edbrido-al-edificio-complejo-1024x863.jpg\" alt=\"Del edificio h\u00edbrido al edificio complejo\" width=\"640\" height=\"539\" srcset=\"https:\/\/veredes.es\/blog\/wp-content\/uploads\/2017\/12\/Del-edificio-h\u00edbrido-al-edificio-complejo-1024x863.jpg 1024w, https:\/\/veredes.es\/blog\/wp-content\/uploads\/2017\/12\/Del-edificio-h\u00edbrido-al-edificio-complejo-300x253.jpg 300w, https:\/\/veredes.es\/blog\/wp-content\/uploads\/2017\/12\/Del-edificio-h\u00edbrido-al-edificio-complejo.jpg 1200w\" sizes=\"auto, (max-width: 640px) 100vw, 640px\" \/><figcaption id=\"caption-attachment-66677\" class=\"wp-caption-text\"><span style=\"color: #999999;\">Del edificio h\u00edbrido al edificio complejo<\/span><\/figcaption><\/figure>\n<p style=\"text-align: justify;\">El\u00a0<strong><a title=\"edificio h\u00edbrido definici\u00f3n\" href=\"https:\/\/aplust.net\/blog\/this_is_hy_id_definicin0\/\">edificio h\u00edbrido<sup>1<\/sup><\/a><\/strong>, es capaz de ejercer una fuerza centr\u00edpeta, capaz de\u00a0<strong>neutralizar las fuerzas centrifugas que expulsan a la poblaci\u00f3n fuera de la ciudad<\/strong>.<\/p>\n<p style=\"text-align: justify;\">Durante el reinado del Movimiento Moderno,\u00a0<strong>la segregaci\u00f3n de funciones cre\u00f3 los barrios residenciales, los centros comerciales,<\/strong>\u00a0los centros de negocios, los polos industriales, los campus universitarios, las ciudades sanitarias, las ciudades de ocio, los complejos culturales\u2026 Cada uno de estos recintos bien delimitados funciona unas horas al d\u00eda. El resto permanece en\u00a0<em>standby<\/em>, esperando en silencio a sus usuarios, que deben recorrer varios kil\u00f3metros para ir de un sitio a otro de la ciudad. Este\u00a0<strong>derroche de energ\u00eda y materia<\/strong>, tanto la que se ha empleado en la construcci\u00f3n como la que se consume diariamente en su uso y su\u00a0<em>standby<\/em>, es un agravio medioambiental.<\/p>\n<p style=\"text-align: justify;\"><strong>La mejor manera de remediarlo es intensificar temporalmente el uso de las estructuras.\u00a0<\/strong>Aqu\u00ed es donde surge la oportunidad para la hibridaci\u00f3n<\/p>\n<blockquote>\n<p style=\"text-align: justify;\">\u00bfDe qu\u00e9 manera se puede intensificar el uso de las distintas funciones que\u00a0<a title=\"Le Corbusier\" href=\"https:\/\/aplust.net\/blog\/le_corbusier_p_jeanneret_unit_dhabitation_h_ido_o_condensador_social0\/\">Le Corbusier<\/a>\u00a0delimit\u00f3 en habitar, trabajar, recrearse y circular?<\/p>\n<\/blockquote>\n<p style=\"text-align: justify;\"><strong>Con un edificio h\u00edbrido,\u00a0 cuyo prop\u00f3sito es sumar, relacionar, conectar, compartir, frente a disgregar o segregar.<\/strong><\/p>\n<figure id=\"attachment_66678\" aria-describedby=\"caption-attachment-66678\" style=\"width: 640px\" class=\"wp-caption alignnone\"><img loading=\"lazy\" decoding=\"async\" class=\"size-large wp-image-66678\" src=\"https:\/\/veredes.es\/blog\/wp-content\/uploads\/2017\/12\/Del-edificio-h\u00edbrido-al-edificio-complejo-100storeysbuilding-starretweb-1024x744.jpg\" alt=\"100 storeys building. Theodore Starrett\" width=\"640\" height=\"465\" srcset=\"https:\/\/veredes.es\/blog\/wp-content\/uploads\/2017\/12\/Del-edificio-h\u00edbrido-al-edificio-complejo-100storeysbuilding-starretweb-1024x744.jpg 1024w, https:\/\/veredes.es\/blog\/wp-content\/uploads\/2017\/12\/Del-edificio-h\u00edbrido-al-edificio-complejo-100storeysbuilding-starretweb-300x218.jpg 300w, https:\/\/veredes.es\/blog\/wp-content\/uploads\/2017\/12\/Del-edificio-h\u00edbrido-al-edificio-complejo-100storeysbuilding-starretweb.jpg 1200w\" sizes=\"auto, (max-width: 640px) 100vw, 640px\" \/><figcaption id=\"caption-attachment-66678\" class=\"wp-caption-text\"><span style=\"color: #999999;\">100 storeys building. Theodore Starrett<\/span><\/figcaption><\/figure>\n<p style=\"text-align: justify;\"><strong>Los h\u00edbridos son estructuras capaces de albergar programas dispares, de promover la interacci\u00f3n de distintos usos urbanos y de combinar la actividad privada y la p\u00fablica.<\/strong>Promueven la vivienda, el espacio p\u00fablico y los equipamientos, principalmente, dando respuesta a tres de los problemas cruciales de nuestra sociedad:<\/p>\n<p style=\"text-align: justify; padding-left: 30px;\">&#8211; la escasez y el coste de la tierra,<\/p>\n<p style=\"text-align: justify; padding-left: 30px;\">&#8211; la monofuncionalidad de los nuevos desarrollos,<\/p>\n<p style=\"text-align: justify; padding-left: 30px;\">&#8211; el deterioro de\u00a0 los centros urbanos.<\/p>\n<p style=\"text-align: justify;\"><img loading=\"lazy\" decoding=\"async\" class=\"alignnone size-large wp-image-66679\" src=\"https:\/\/veredes.es\/blog\/wp-content\/uploads\/2017\/12\/Del-edificio-h\u00edbrido-al-edificio-complejo-linked-hybrid-Steven-Holl-1024x708.jpg\" alt=\"Del edificio h\u00edbrido al edificio complejo linked hybrid, Steven Holl\" width=\"640\" height=\"443\" srcset=\"https:\/\/veredes.es\/blog\/wp-content\/uploads\/2017\/12\/Del-edificio-h\u00edbrido-al-edificio-complejo-linked-hybrid-Steven-Holl-1024x708.jpg 1024w, https:\/\/veredes.es\/blog\/wp-content\/uploads\/2017\/12\/Del-edificio-h\u00edbrido-al-edificio-complejo-linked-hybrid-Steven-Holl-300x208.jpg 300w, https:\/\/veredes.es\/blog\/wp-content\/uploads\/2017\/12\/Del-edificio-h\u00edbrido-al-edificio-complejo-linked-hybrid-Steven-Holl.jpg 1200w\" sizes=\"auto, (max-width: 640px) 100vw, 640px\" \/><\/p>\n<p style=\"text-align: justify;\"><strong>De los h\u00edbridos a los edificios complejos.<\/strong><\/p>\n<p style=\"text-align: justify;\">Sin embargo, la\u00a0<strong>promoci\u00f3n y el dise\u00f1o de un edificio h\u00edbrido conlleva una enorme dificultad<\/strong>\u00a0debido a la excepcionalidad de su realizaci\u00f3n. Actualmente se proponen cantidad de proyectos que podr\u00edan\u00a0 considerarse de programa h\u00edbrido, pero dif\u00edcilmente llegan a construirse. Y, si se construyen, pierden gran parte de su mestizaje por el camino.<\/p>\n<p style=\"text-align: justify;\"><strong>Al mismo tiempo, aumenta la complejidad de los programas para las tipolog\u00edas convencionales.<\/strong>\u00a0El proyecto debe ofrecer al usuario un abanico de posibilidades cada vez mayor, es decir, el acceso universal a cualquier uso. Las diversas actividades que pueden desarrollarse obligan a una anticipaci\u00f3n en el dise\u00f1o, a contemplar la indeterminaci\u00f3n de Koolhaas en cada programa.\u00a0<strong>Todo puede ser y debe poder ser.<\/strong>\u00a0Los centros culturales, c\u00edvicos o deportivos deben poder albergar actividades de todo tipo y para todos. Los edificios de viviendas tienen que ampliar su paleta de tipolog\u00edas para contener unidades de convivencia \u00a0m\u00e1s variadas, en muchos casos, con servicios a\u00f1adidos.<\/p>\n<p style=\"text-align: justify;\">Es decir, se est\u00e1 evolucionando\u00a0<strong>de la hibridaci\u00f3n de funciones a la complejizaci\u00f3n de la funci\u00f3n.<\/strong><\/p>\n<p style=\"text-align: justify;\">Esta nueva tendencia de edificios complejos<sup>2<\/sup>\u00a0son estructuras en las que la complejidad es un concepto positivo en el proceso de dise\u00f1o.<\/p>\n<p style=\"text-align: justify;\">Seg\u00fan el tipo de complejidad, pueden identificarse distintos\u00a0<strong>tipos de edificios<\/strong>:\u00a0<strong>generadores,\u00a0interiores-eslab\u00f3n,\u00a0mezcladores\u00a0y<\/strong>\u00a0<strong>contadores de historias.<\/strong><\/p>\n<figure id=\"attachment_66680\" aria-describedby=\"caption-attachment-66680\" style=\"width: 640px\" class=\"wp-caption alignnone\"><img loading=\"lazy\" decoding=\"async\" class=\"size-large wp-image-66680\" src=\"https:\/\/veredes.es\/blog\/wp-content\/uploads\/2017\/12\/Del-edificio-h\u00edbrido-al-edificio-complejo-Cedric-Price.-Fun-Palace.-1963-1977-1024x601.jpg\" alt=\"Cedric Price. Fun Palace. 1963-1977\" width=\"640\" height=\"376\" srcset=\"https:\/\/veredes.es\/blog\/wp-content\/uploads\/2017\/12\/Del-edificio-h\u00edbrido-al-edificio-complejo-Cedric-Price.-Fun-Palace.-1963-1977-1024x601.jpg 1024w, https:\/\/veredes.es\/blog\/wp-content\/uploads\/2017\/12\/Del-edificio-h\u00edbrido-al-edificio-complejo-Cedric-Price.-Fun-Palace.-1963-1977-300x176.jpg 300w, https:\/\/veredes.es\/blog\/wp-content\/uploads\/2017\/12\/Del-edificio-h\u00edbrido-al-edificio-complejo-Cedric-Price.-Fun-Palace.-1963-1977.jpg 1200w\" sizes=\"auto, (max-width: 640px) 100vw, 640px\" \/><figcaption id=\"caption-attachment-66680\" class=\"wp-caption-text\"><span style=\"color: #999999;\">Cedric Price. Fun Palace. 1963-1977<\/span><\/figcaption><\/figure>\n<p style=\"text-align: justify;\">Los\u00a0<a title=\"edificios complejos: generators\" href=\"https:\/\/aplust.net\/blog\/edificios_complejos_generadores___uther_sport_and_cultural_centre_\/\" target=\"_blank\"><strong>generadores<\/strong><\/a>\u00a0son edificios que, despojados de todo lo contingente, evolucionan m\u00e1s r\u00e1pidamente y son\u00a0<strong>capaces de anticipar posibles cambios, de reconfigurarse para adaptarse<\/strong>\u00a0a los cambios de programa. Son los que mejor gestionan la indeterminaci\u00f3n o incertidumbre. Cedric Price fue quien madur\u00f3 este concepto a lo largo de sus proyectos.<\/p>\n<figure id=\"attachment_66681\" aria-describedby=\"caption-attachment-66681\" style=\"width: 640px\" class=\"wp-caption alignnone\"><img loading=\"lazy\" decoding=\"async\" class=\"size-large wp-image-66681\" src=\"https:\/\/veredes.es\/blog\/wp-content\/uploads\/2017\/12\/Del-edificio-h\u00edbrido-al-edificio-complejo-Cedric-Price.-Studio-Muoto.-Edificio-para-un-Campus.-Par\u00eds-Saclay-2016-1024x819.jpg\" alt=\"Del edificio h\u00edbrido al edificio complejo Cedric Price. Studio Muoto. Edificio para un Campus. Par\u00eds Saclay, 2016\" width=\"640\" height=\"512\" srcset=\"https:\/\/veredes.es\/blog\/wp-content\/uploads\/2017\/12\/Del-edificio-h\u00edbrido-al-edificio-complejo-Cedric-Price.-Studio-Muoto.-Edificio-para-un-Campus.-Par\u00eds-Saclay-2016-1024x819.jpg 1024w, https:\/\/veredes.es\/blog\/wp-content\/uploads\/2017\/12\/Del-edificio-h\u00edbrido-al-edificio-complejo-Cedric-Price.-Studio-Muoto.-Edificio-para-un-Campus.-Par\u00eds-Saclay-2016-300x240.jpg 300w, https:\/\/veredes.es\/blog\/wp-content\/uploads\/2017\/12\/Del-edificio-h\u00edbrido-al-edificio-complejo-Cedric-Price.-Studio-Muoto.-Edificio-para-un-Campus.-Par\u00eds-Saclay-2016.jpg 1200w\" sizes=\"auto, (max-width: 640px) 100vw, 640px\" \/><figcaption id=\"caption-attachment-66681\" class=\"wp-caption-text\"><span style=\"color: #999999;\">Studio Muoto. Edificio para un Campus. Par\u00eds Saclay, 2016<\/span><\/figcaption><\/figure>\n<p style=\"text-align: justify;\">Los\u00a0<a title=\"edificios complejos: linkers\" href=\"https:\/\/aplust.net\/blog\/edificios_complejos_eslabones__flores__prats_sala_beckett_\/\" target=\"_blank\"><strong>interiores-eslab\u00f3n<\/strong><\/a>\u00a0no son un todo continuo. Son un todo complejo fabricado a partir de presencias continuas, de interiores liberados y felizmente relacionados.<\/p>\n<p style=\"text-align: justify;\">La continua presencia viene dada por la tendencia a dise\u00f1ar espacios fluidos en los que se realizan funciones simult\u00e1neas. Pi\u00e9nsese, por ejemplo, en los nuevos espacios de trabajo o en los nuevos espacios educativos, donde el usuario deambula y decide d\u00f3nde quiere tener su espacio. Esa libertad de uso obliga a dise\u00f1ar espacios que antes hubiesen sido cerrados, compartimentados, llenos de fronteras y l\u00edmites y que, de repente, se abren, no porque sean un todo continuo, sino porque son un todo complejo, una suma de sustracciones. A estos interiores los llamamos eslab\u00f3n porque son\u00a0<strong>capaces de unir y dejar que los usuarios establezcan tiempos simult\u00e1neos dentro de una continua presencia<\/strong>.<\/p>\n<figure id=\"attachment_66676\" aria-describedby=\"caption-attachment-66676\" style=\"width: 640px\" class=\"wp-caption alignnone\"><img loading=\"lazy\" decoding=\"async\" class=\"size-large wp-image-66676\" src=\"https:\/\/veredes.es\/blog\/wp-content\/uploads\/2017\/12\/Del-edificio-h\u00edbrido-al-edificio-complejo-Flores-Prats.-Sala-Beckett.-Barcelona-2016-745x1024.jpg\" alt=\"Flores &amp; Prats. Sala Beckett. Barcelona, 2016\" width=\"640\" height=\"880\" srcset=\"https:\/\/veredes.es\/blog\/wp-content\/uploads\/2017\/12\/Del-edificio-h\u00edbrido-al-edificio-complejo-Flores-Prats.-Sala-Beckett.-Barcelona-2016-745x1024.jpg 745w, https:\/\/veredes.es\/blog\/wp-content\/uploads\/2017\/12\/Del-edificio-h\u00edbrido-al-edificio-complejo-Flores-Prats.-Sala-Beckett.-Barcelona-2016-218x300.jpg 218w, https:\/\/veredes.es\/blog\/wp-content\/uploads\/2017\/12\/Del-edificio-h\u00edbrido-al-edificio-complejo-Flores-Prats.-Sala-Beckett.-Barcelona-2016.jpg 1200w\" sizes=\"auto, (max-width: 640px) 100vw, 640px\" \/><figcaption id=\"caption-attachment-66676\" class=\"wp-caption-text\"><span style=\"color: #999999;\">Flores &amp; Prats. Sala Beckett. Barcelona, 2016<\/span><\/figcaption><\/figure>\n<p style=\"text-align: justify;\">Los\u00a0<a title=\"edificios complejos: mixers\" href=\"https:\/\/aplust.net\/blog\/edificios_complejos_mezcladores__de_smet_vermeulen_linker_oever_intergenerational_project_iglo_\/\" target=\"_blank\"><strong>mezcladores<\/strong><\/a>\u00a0son edificios con\u00a0<strong>alta carga de usos estimulantes, que revitalizan el tejido urbano con efecto multiplicador.<\/strong><\/p>\n<p style=\"text-align: justify;\">Son capaces de albergar las combinaciones m\u00e1s variadas de unidades de vivienda. Surgen residencias de estudiantes mezcladas con viviendas sociales, con residencias de ancianos o apartamentos asistidos. Incluso con viviendas compartidas o coliving.<\/p>\n<figure id=\"attachment_66675\" aria-describedby=\"caption-attachment-66675\" style=\"width: 640px\" class=\"wp-caption alignnone\"><img loading=\"lazy\" decoding=\"async\" class=\"size-large wp-image-66675\" src=\"https:\/\/veredes.es\/blog\/wp-content\/uploads\/2017\/12\/Del-edificio-h\u00edbrido-al-edificio-complejo-De-Smet-Vermeulen-Architecten.-Iglo-project.-Amberes-B\u00e9lgica-2006-2014-1024x696.jpg\" alt=\"De Smet Vermeulen Architecten. Iglo project. Amberes (B\u00e9lgica), 2006-2014\" width=\"640\" height=\"435\" srcset=\"https:\/\/veredes.es\/blog\/wp-content\/uploads\/2017\/12\/Del-edificio-h\u00edbrido-al-edificio-complejo-De-Smet-Vermeulen-Architecten.-Iglo-project.-Amberes-B\u00e9lgica-2006-2014-1024x696.jpg 1024w, https:\/\/veredes.es\/blog\/wp-content\/uploads\/2017\/12\/Del-edificio-h\u00edbrido-al-edificio-complejo-De-Smet-Vermeulen-Architecten.-Iglo-project.-Amberes-B\u00e9lgica-2006-2014-300x204.jpg 300w, https:\/\/veredes.es\/blog\/wp-content\/uploads\/2017\/12\/Del-edificio-h\u00edbrido-al-edificio-complejo-De-Smet-Vermeulen-Architecten.-Iglo-project.-Amberes-B\u00e9lgica-2006-2014.jpg 1200w\" sizes=\"auto, (max-width: 640px) 100vw, 640px\" \/><figcaption id=\"caption-attachment-66675\" class=\"wp-caption-text\"><span style=\"color: #999999;\">De Smet Vermeulen Architecten. Iglo project. Amberes (B\u00e9lgica), 2006-2014<\/span><\/figcaption><\/figure>\n<p>Los\u00a0<a title=\"edifcios complejos: storytellers\" href=\"https:\/\/aplust.net\/blog\/edificios_complejos_contadores_de_historias_nlbel_spielbudenplatz\/\" target=\"_blank\"><strong>contadores de historias<\/strong><\/a>\u00a0son aquellos edificios que hablan a partir del ojo y del cerebro del arquitecto, de sus conexiones con la realidad, la cultura o la historia.<\/p>\n<p>Trabajan la complejidad del contexto.\u00a0<strong>Son capaces de entender el idioma del continuo hist\u00f3rico, dialogar fluidamente con su entorno y proponer nuevos relatos.<\/strong><\/p>\n<figure id=\"attachment_66673\" aria-describedby=\"caption-attachment-66673\" style=\"width: 640px\" class=\"wp-caption alignnone\"><img loading=\"lazy\" decoding=\"async\" class=\"size-large wp-image-66673\" src=\"https:\/\/veredes.es\/blog\/wp-content\/uploads\/2017\/12\/Del-edificio-h\u00edbrido-al-edificio-complejo-NLarchitects.-Spielbudenplatz-Urban-Plan.-BeL-Soziet\u00e4t-f\u00fcr-Architektur.-St-Pauli-Hamburg-Germany-2015-939x1024.jpg\" alt=\"NLarchitects. Spielbudenplatz Urban Plan. BeL Soziet\u00e4t f\u00fcr Architektur. St Pauli, Hamburg (Germany), 2015\" width=\"640\" height=\"698\" srcset=\"https:\/\/veredes.es\/blog\/wp-content\/uploads\/2017\/12\/Del-edificio-h\u00edbrido-al-edificio-complejo-NLarchitects.-Spielbudenplatz-Urban-Plan.-BeL-Soziet\u00e4t-f\u00fcr-Architektur.-St-Pauli-Hamburg-Germany-2015-939x1024.jpg 939w, https:\/\/veredes.es\/blog\/wp-content\/uploads\/2017\/12\/Del-edificio-h\u00edbrido-al-edificio-complejo-NLarchitects.-Spielbudenplatz-Urban-Plan.-BeL-Soziet\u00e4t-f\u00fcr-Architektur.-St-Pauli-Hamburg-Germany-2015-275x300.jpg 275w, https:\/\/veredes.es\/blog\/wp-content\/uploads\/2017\/12\/Del-edificio-h\u00edbrido-al-edificio-complejo-NLarchitects.-Spielbudenplatz-Urban-Plan.-BeL-Soziet\u00e4t-f\u00fcr-Architektur.-St-Pauli-Hamburg-Germany-2015.jpg 1200w\" sizes=\"auto, (max-width: 640px) 100vw, 640px\" \/><figcaption id=\"caption-attachment-66673\" class=\"wp-caption-text\"><span style=\"color: #999999;\">NLarchitects. Spielbudenplatz Urban Plan. BeL Soziet\u00e4t f\u00fcr Architektur. St Pauli, Hamburg (Germany), 2015<\/span><\/figcaption><\/figure>\n<p style=\"text-align: justify;\">Aurora Fern\u00e1ndez Per &#8211; Javier Mozas<br \/>\n<a href=\"https:\/\/aplust.net\/about\/\" target=\"_blank\">a+t research group<\/a> se fund\u00f3 en 2011 y est\u00e1 formado por la periodista Aurora Fern\u00e1ndez Per y el arquitecto Javier Mozas. Su objetivo es difundir sus investigaciones en vivienda colectiva, densidad, usos mixtos y espacio p\u00fablico a trav\u00e9s de a+t architecture publishers.<br \/>\nVitoria-Gasteiz,\u00a0noviembre 2017<\/p>\n<p style=\"text-align: justify;\">Notas.<\/p>\n<p style=\"text-align: justify;\"><sup>1<\/sup>\u00a0Definido exhaustivamente en la publicaci\u00f3n\u00a0<strong><a title=\"This is Hybrid\" href=\"https:\/\/veredes.es\/blog\/this-is-hybrid\/\" target=\"_blank\">This is Hybrid<\/a>.<\/strong><\/p>\n<p style=\"text-align: justify;\"><sup>2<\/sup>\u00a0Se recoge en la serie\u00a0<a title=\"Complex Buildings\" href=\"https:\/\/www.amazon.es\/gp\/product\/8469732617?ie=UTF8&amp;tag=wwwveredeses-21&amp;camp=3638&amp;linkCode=xm2&amp;creativeASIN=8469732617\" target=\"_blank\"><strong>Complex Buildings<\/strong><\/a>\u00a0de la\u00a0<a title=\"revista a+t\" href=\"https:\/\/aplust.net\/tienda\/revistas\/\">revista a+t<\/a>.<\/p>\n<p style=\"text-align: justify;\"><span style=\"color: #999999;\"><em>Extracto de la conferencia impartida en el Master habilitante de la ETSAB por a+t research group (Aurora Fern\u00e1ndez Per, Javier Mozas).<\/em><\/span><\/p>\n<p><\/p>","protected":false},"excerpt":{"rendered":"<p>El edificio h\u00edbrido. Nuestro inter\u00e9s por este tipo de proyecto surge a partir del consumo del territorio.\u00a0La ciudad dispersa es el origen de gran parte del da\u00f1o que sufre el planeta.\u00a0No solo aumenta la emisi\u00f3n de gases a causa del transporte y del consumo individualizado, sino que disminuye la vertebraci\u00f3n social y la posibilidad de [&hellip;]<\/p>\n","protected":false},"author":14,"featured_media":66680,"comment_status":"open","ping_status":"closed","sticky":false,"template":"","format":"standard","meta":{"footnotes":""},"categories":[568,5951],"tags":[3220,9834,1521,486,4804,4802,7574,1917,3219,785,898,1021,1865,6587,2173,6415,2200,1278,12468,2957,6259],"class_list":{"0":"post-66620","1":"post","2":"type-post","3":"status-publish","4":"format-standard","5":"has-post-thumbnail","7":"category-faro","8":"category-slider-principal","9":"tag-a-t-architecture-publishers","10":"tag-aurora-fernandez-per","11":"tag-cedric-price","12":"tag-equipamiento","13":"tag-eva-prats","14":"tag-flores-prats-arquitectes","15":"tag-hibridacion","16":"tag-hibrido","17":"tag-javier-mozas","18":"tag-le-corbusier","19":"tag-movimiento-moderno","20":"tag-pensamiento","21":"tag-reflexion","22":"tag-reflexion-urbanistica","23":"tag-rem-koolhaas","24":"tag-ricardo-flores","25":"tag-steven-holl","26":"tag-teoria","27":"tag-urbanismo","28":"tag-usos","29":"tag-usos-multiples"},"yoast_head":"<!-- This site is optimized with the Yoast SEO plugin v27.4 - https:\/\/yoast.com\/product\/yoast-seo-wordpress\/ -->\n<title>Del edificio h\u00edbrido al edificio complejo | Aurora Fern\u00e1ndez Per - Javier Mozas - veredes<\/title>\n<meta name=\"description\" content=\"Toda la informaci\u00f3n sobre: [:es]Del edificio h\u00edbrido al edificio complejo | Aurora Fern\u00e1ndez Per - Javier Mozas[:gl]Do edificio h\u00edbrido ao edificio complexo | Aurora Fern\u00e1ndez Per - Javier Mozas[:en]From the Hybrid to the Complex Building | Aurora Fern\u00e1ndez Per - Javier Mozas[:]\" \/>\n<meta name=\"robots\" content=\"index, follow, max-snippet:-1, max-image-preview:large, max-video-preview:-1\" \/>\n<link rel=\"canonical\" href=\"https:\/\/veredes.es\/blog\/del-edificio-hibrido-al-edificio-complejo-aurora-fernandez-per-javier-mozas\/\" \/>\n<meta property=\"og:locale\" content=\"es_ES\" \/>\n<meta property=\"og:type\" content=\"article\" \/>\n<meta property=\"og:title\" content=\"[:es]Del edificio h\u00edbrido al edificio complejo | Aurora Fern\u00e1ndez Per - Javier Mozas[:gl]Do edificio h\u00edbrido ao edificio complexo | Aurora Fern\u00e1ndez Per - Javier Mozas[:en]From the Hybrid to the Complex Building | Aurora Fern\u00e1ndez Per - Javier Mozas[:] - veredes\" \/>\n<meta property=\"og:description\" content=\"Toda la informaci\u00f3n sobre: [:es]Del edificio h\u00edbrido al edificio complejo | Aurora Fern\u00e1ndez Per - Javier Mozas[:gl]Do edificio h\u00edbrido ao edificio complexo | Aurora Fern\u00e1ndez Per - Javier Mozas[:en]From the Hybrid to the Complex Building | Aurora Fern\u00e1ndez Per - Javier Mozas[:]\" \/>\n<meta property=\"og:url\" content=\"https:\/\/veredes.es\/blog\/del-edificio-hibrido-al-edificio-complejo-aurora-fernandez-per-javier-mozas\/\" \/>\n<meta property=\"og:site_name\" content=\"veredes, arquitectura y divulgaci\u00f3n\" \/>\n<meta property=\"article:publisher\" content=\"https:\/\/www.facebook.com\/veredesArquitecturayDivulgacion\/\" \/>\n<meta property=\"article:author\" content=\"https:\/\/www.facebook.com\/aplust.architecture\" \/>\n<meta property=\"article:published_time\" content=\"2017-12-28T23:02:48+00:00\" \/>\n<meta property=\"article:modified_time\" content=\"2018-04-23T16:03:10+00:00\" \/>\n<meta property=\"og:image\" content=\"https:\/\/veredes.es\/blog\/wp-content\/uploads\/2017\/12\/Del-edificio-h\u00edbrido-al-edificio-complejo-Cedric-Price.-Fun-Palace.-1963-1977.jpg\" \/>\n\t<meta property=\"og:image:width\" content=\"1200\" \/>\n\t<meta property=\"og:image:height\" content=\"704\" \/>\n\t<meta property=\"og:image:type\" content=\"image\/jpeg\" \/>\n<meta name=\"author\" content=\"Aurora Fern\u00e1ndez Per \u2013 Javier Mozas\" \/>\n<meta name=\"twitter:card\" content=\"summary_large_image\" \/>\n<meta name=\"twitter:creator\" content=\"@https:\/\/twitter.com\/aplust_publish\" \/>\n<meta name=\"twitter:site\" content=\"@veredes\" \/>\n<meta name=\"twitter:label1\" content=\"Escrito por\" \/>\n\t<meta name=\"twitter:data1\" content=\"Aurora Fern\u00e1ndez Per \u2013 Javier Mozas\" \/>\n\t<meta name=\"twitter:label2\" content=\"Tiempo de lectura\" \/>\n\t<meta name=\"twitter:data2\" content=\"16 minutos\" \/>\n<script type=\"application\/ld+json\" class=\"yoast-schema-graph\">{\"@context\":\"https:\\\/\\\/schema.org\",\"@graph\":[{\"@type\":\"Article\",\"@id\":\"https:\\\/\\\/veredes.es\\\/blog\\\/del-edificio-hibrido-al-edificio-complejo-aurora-fernandez-per-javier-mozas\\\/#article\",\"isPartOf\":{\"@id\":\"https:\\\/\\\/veredes.es\\\/blog\\\/del-edificio-hibrido-al-edificio-complejo-aurora-fernandez-per-javier-mozas\\\/\"},\"author\":{\"name\":\"Aurora Fern\u00e1ndez Per \u2013 Javier Mozas\",\"@id\":\"https:\\\/\\\/veredes.es\\\/blog\\\/#\\\/schema\\\/person\\\/0f13d3bd8e77afb09d4238ecaecfcbb7\"},\"headline\":\"Del edificio h\u00edbrido al edificio complejo | Aurora Fern\u00e1ndez Per &#8211; Javier Mozas\",\"datePublished\":\"2017-12-28T23:02:48+00:00\",\"dateModified\":\"2018-04-23T16:03:10+00:00\",\"mainEntityOfPage\":{\"@id\":\"https:\\\/\\\/veredes.es\\\/blog\\\/del-edificio-hibrido-al-edificio-complejo-aurora-fernandez-per-javier-mozas\\\/\"},\"wordCount\":3288,\"commentCount\":0,\"publisher\":{\"@id\":\"https:\\\/\\\/veredes.es\\\/blog\\\/#organization\"},\"image\":{\"@id\":\"https:\\\/\\\/veredes.es\\\/blog\\\/del-edificio-hibrido-al-edificio-complejo-aurora-fernandez-per-javier-mozas\\\/#primaryimage\"},\"thumbnailUrl\":\"https:\\\/\\\/veredes.es\\\/blog\\\/wp-content\\\/uploads\\\/2017\\\/12\\\/Del-edificio-h\u00edbrido-al-edificio-complejo-Cedric-Price.-Fun-Palace.-1963-1977.jpg\",\"keywords\":[\"a+t architecture publishers\",\"Aurora Fern\u00e1ndez Per\",\"Cedric Price\",\"equipamiento\",\"Eva Prats\",\"Flores Prats arquitectes\",\"hibridaci\u00f3n\",\"h\u00edbrido\",\"Javier Mozas\",\"Le Corbusier\",\"movimiento moderno\",\"pensamiento\",\"reflexi\u00f3n\",\"reflexi\u00f3n urban\u00edstica\",\"Rem Koolhaas\",\"Ricardo Flores\",\"Steven Holl\",\"teor\u00eda\",\"urbanismo\",\"usos\",\"usos multiples\"],\"articleSection\":[\"faro\",\"slider principal\"],\"inLanguage\":\"es\",\"potentialAction\":[{\"@type\":\"CommentAction\",\"name\":\"Comment\",\"target\":[\"https:\\\/\\\/veredes.es\\\/blog\\\/del-edificio-hibrido-al-edificio-complejo-aurora-fernandez-per-javier-mozas\\\/#respond\"]}]},{\"@type\":\"WebPage\",\"@id\":\"https:\\\/\\\/veredes.es\\\/blog\\\/del-edificio-hibrido-al-edificio-complejo-aurora-fernandez-per-javier-mozas\\\/\",\"url\":\"https:\\\/\\\/veredes.es\\\/blog\\\/del-edificio-hibrido-al-edificio-complejo-aurora-fernandez-per-javier-mozas\\\/\",\"name\":\"[:es]Del edificio h\u00edbrido al edificio complejo | Aurora Fern\u00e1ndez Per - Javier Mozas[:gl]Do edificio h\u00edbrido ao edificio complexo | Aurora Fern\u00e1ndez Per - Javier Mozas[:en]From the Hybrid to the Complex Building | Aurora Fern\u00e1ndez Per - Javier Mozas[:] - veredes\",\"isPartOf\":{\"@id\":\"https:\\\/\\\/veredes.es\\\/blog\\\/#website\"},\"primaryImageOfPage\":{\"@id\":\"https:\\\/\\\/veredes.es\\\/blog\\\/del-edificio-hibrido-al-edificio-complejo-aurora-fernandez-per-javier-mozas\\\/#primaryimage\"},\"image\":{\"@id\":\"https:\\\/\\\/veredes.es\\\/blog\\\/del-edificio-hibrido-al-edificio-complejo-aurora-fernandez-per-javier-mozas\\\/#primaryimage\"},\"thumbnailUrl\":\"https:\\\/\\\/veredes.es\\\/blog\\\/wp-content\\\/uploads\\\/2017\\\/12\\\/Del-edificio-h\u00edbrido-al-edificio-complejo-Cedric-Price.-Fun-Palace.-1963-1977.jpg\",\"datePublished\":\"2017-12-28T23:02:48+00:00\",\"dateModified\":\"2018-04-23T16:03:10+00:00\",\"description\":\"Toda la informaci\u00f3n sobre: [:es]Del edificio h\u00edbrido al edificio complejo | Aurora Fern\u00e1ndez Per - Javier Mozas[:gl]Do edificio h\u00edbrido ao edificio complexo | Aurora Fern\u00e1ndez Per - Javier Mozas[:en]From the Hybrid to the Complex Building | Aurora Fern\u00e1ndez Per - Javier Mozas[:]\",\"breadcrumb\":{\"@id\":\"https:\\\/\\\/veredes.es\\\/blog\\\/del-edificio-hibrido-al-edificio-complejo-aurora-fernandez-per-javier-mozas\\\/#breadcrumb\"},\"inLanguage\":\"es\",\"potentialAction\":[{\"@type\":\"ReadAction\",\"target\":[\"https:\\\/\\\/veredes.es\\\/blog\\\/del-edificio-hibrido-al-edificio-complejo-aurora-fernandez-per-javier-mozas\\\/\"]}]},{\"@type\":\"ImageObject\",\"inLanguage\":\"es\",\"@id\":\"https:\\\/\\\/veredes.es\\\/blog\\\/del-edificio-hibrido-al-edificio-complejo-aurora-fernandez-per-javier-mozas\\\/#primaryimage\",\"url\":\"https:\\\/\\\/veredes.es\\\/blog\\\/wp-content\\\/uploads\\\/2017\\\/12\\\/Del-edificio-h\u00edbrido-al-edificio-complejo-Cedric-Price.-Fun-Palace.-1963-1977.jpg\",\"contentUrl\":\"https:\\\/\\\/veredes.es\\\/blog\\\/wp-content\\\/uploads\\\/2017\\\/12\\\/Del-edificio-h\u00edbrido-al-edificio-complejo-Cedric-Price.-Fun-Palace.-1963-1977.jpg\",\"width\":1200,\"height\":704,\"caption\":\"Cedric Price. Fun Palace. 1963-1977\"},{\"@type\":\"BreadcrumbList\",\"@id\":\"https:\\\/\\\/veredes.es\\\/blog\\\/del-edificio-hibrido-al-edificio-complejo-aurora-fernandez-per-javier-mozas\\\/#breadcrumb\",\"itemListElement\":[{\"@type\":\"ListItem\",\"position\":1,\"name\":\"Portada\",\"item\":\"https:\\\/\\\/veredes.es\\\/blog\\\/\"},{\"@type\":\"ListItem\",\"position\":2,\"name\":\"Del edificio h\u00edbrido al edificio complejo | Aurora Fern\u00e1ndez Per &#8211; Javier Mozas\"}]},{\"@type\":\"WebSite\",\"@id\":\"https:\\\/\\\/veredes.es\\\/blog\\\/#website\",\"url\":\"https:\\\/\\\/veredes.es\\\/blog\\\/\",\"name\":\"veredes, arquitectura y divulgaci\u00f3n\",\"description\":\"veredes\",\"publisher\":{\"@id\":\"https:\\\/\\\/veredes.es\\\/blog\\\/#organization\"},\"alternateName\":\"veredes\",\"potentialAction\":[{\"@type\":\"SearchAction\",\"target\":{\"@type\":\"EntryPoint\",\"urlTemplate\":\"https:\\\/\\\/veredes.es\\\/blog\\\/?s={search_term_string}\"},\"query-input\":{\"@type\":\"PropertyValueSpecification\",\"valueRequired\":true,\"valueName\":\"search_term_string\"}}],\"inLanguage\":\"es\"},{\"@type\":\"Organization\",\"@id\":\"https:\\\/\\\/veredes.es\\\/blog\\\/#organization\",\"name\":\"veredes, arquitectura y divulgaci\u00f3n\",\"alternateName\":\"veredes\",\"url\":\"https:\\\/\\\/veredes.es\\\/blog\\\/\",\"logo\":{\"@type\":\"ImageObject\",\"inLanguage\":\"es\",\"@id\":\"https:\\\/\\\/veredes.es\\\/blog\\\/#\\\/schema\\\/logo\\\/image\\\/\",\"url\":\"https:\\\/\\\/veredes.es\\\/blog\\\/wp-content\\\/uploads\\\/2021\\\/12\\\/veredes-logo-centrado_140x54.png\",\"contentUrl\":\"https:\\\/\\\/veredes.es\\\/blog\\\/wp-content\\\/uploads\\\/2021\\\/12\\\/veredes-logo-centrado_140x54.png\",\"width\":140,\"height\":54,\"caption\":\"veredes, arquitectura y divulgaci\u00f3n\"},\"image\":{\"@id\":\"https:\\\/\\\/veredes.es\\\/blog\\\/#\\\/schema\\\/logo\\\/image\\\/\"},\"sameAs\":[\"https:\\\/\\\/www.facebook.com\\\/veredesArquitecturayDivulgacion\\\/\",\"https:\\\/\\\/x.com\\\/veredes\",\"https:\\\/\\\/instagram.com\\\/veredes\\\/\",\"https:\\\/\\\/www.linkedin.com\\\/company\\\/veredes-arquitectura-y-divulgacion\\\/\",\"https:\\\/\\\/es.pinterest.com\\\/veredes\\\/\",\"https:\\\/\\\/www.tumblr.com\\\/veredes\"]},{\"@type\":\"Person\",\"@id\":\"https:\\\/\\\/veredes.es\\\/blog\\\/#\\\/schema\\\/person\\\/0f13d3bd8e77afb09d4238ecaecfcbb7\",\"name\":\"Aurora Fern\u00e1ndez Per \u2013 Javier Mozas\",\"image\":{\"@type\":\"ImageObject\",\"inLanguage\":\"es\",\"@id\":\"https:\\\/\\\/veredes.es\\\/blog\\\/wp-content\\\/uploads\\\/2018\\\/04\\\/at-architecture-publishers-96x96.jpg\",\"url\":\"https:\\\/\\\/veredes.es\\\/blog\\\/wp-content\\\/uploads\\\/2018\\\/04\\\/at-architecture-publishers-96x96.jpg\",\"contentUrl\":\"https:\\\/\\\/veredes.es\\\/blog\\\/wp-content\\\/uploads\\\/2018\\\/04\\\/at-architecture-publishers-96x96.jpg\",\"caption\":\"Aurora Fern\u00e1ndez Per \u2013 Javier Mozas\"},\"description\":\"Aurora Fern\u00e1ndez Per es periodista y Javier MozasS es arquitecto y urbanista. Ambos son fundadores de a + t architecture publishers, 1992, y editores de la revista de arquitectura a + t desde 1992 hasta la actualidad, as\u00ed como fundadores en 2011 del grupo de investigaci\u00f3n a + t - cuyo objetivo es promover la ciudad compacta a trav\u00e9s de la investigaci\u00f3n y el an\u00e1lisis-. Son adem\u00e1s autores y editores de numerosas publicaciones, incluida la serie \u2018Densidad sobre vivienda colectiva\u2019.\",\"sameAs\":[\"https:\\\/\\\/aplust.net\\\/\",\"https:\\\/\\\/www.facebook.com\\\/aplust.architecture\",\"https:\\\/\\\/www.instagram.com\\\/aplust_architecture_publishers\\\/\",\"https:\\\/\\\/www.linkedin.com\\\/company\\\/a-t-architecture-publishers\\\/\",\"https:\\\/\\\/www.pinterest.es\\\/aplustarch\\\/\",\"https:\\\/\\\/x.com\\\/https:\\\/\\\/twitter.com\\\/aplust_publish\"],\"url\":\"https:\\\/\\\/veredes.es\\\/blog\\\/author\\\/aurora-fernandez-per-javier-mozas\\\/\"}]}<\/script>\n<!-- \/ Yoast SEO plugin. -->","yoast_head_json":{"title":"[:es]Del edificio h\u00edbrido al edificio complejo | Aurora Fern\u00e1ndez Per - Javier Mozas[:gl]Do edificio h\u00edbrido ao edificio complexo | Aurora Fern\u00e1ndez Per - Javier Mozas[:en]From the Hybrid to the Complex Building | Aurora Fern\u00e1ndez Per - Javier Mozas[:] - veredes","description":"Toda la informaci\u00f3n sobre: [:es]Del edificio h\u00edbrido al edificio complejo | Aurora Fern\u00e1ndez Per - Javier Mozas[:gl]Do edificio h\u00edbrido ao edificio complexo | Aurora Fern\u00e1ndez Per - Javier Mozas[:en]From the Hybrid to the Complex Building | Aurora Fern\u00e1ndez Per - Javier Mozas[:]","robots":{"index":"index","follow":"follow","max-snippet":"max-snippet:-1","max-image-preview":"max-image-preview:large","max-video-preview":"max-video-preview:-1"},"canonical":"https:\/\/veredes.es\/blog\/del-edificio-hibrido-al-edificio-complejo-aurora-fernandez-per-javier-mozas\/","og_locale":"es_ES","og_type":"article","og_title":"[:es]Del edificio h\u00edbrido al edificio complejo | Aurora Fern\u00e1ndez Per - Javier Mozas[:gl]Do edificio h\u00edbrido ao edificio complexo | Aurora Fern\u00e1ndez Per - Javier Mozas[:en]From the Hybrid to the Complex Building | Aurora Fern\u00e1ndez Per - Javier Mozas[:] - veredes","og_description":"Toda la informaci\u00f3n sobre: [:es]Del edificio h\u00edbrido al edificio complejo | Aurora Fern\u00e1ndez Per - Javier Mozas[:gl]Do edificio h\u00edbrido ao edificio complexo | Aurora Fern\u00e1ndez Per - Javier Mozas[:en]From the Hybrid to the Complex Building | Aurora Fern\u00e1ndez Per - Javier Mozas[:]","og_url":"https:\/\/veredes.es\/blog\/del-edificio-hibrido-al-edificio-complejo-aurora-fernandez-per-javier-mozas\/","og_site_name":"veredes, arquitectura y divulgaci\u00f3n","article_publisher":"https:\/\/www.facebook.com\/veredesArquitecturayDivulgacion\/","article_author":"https:\/\/www.facebook.com\/aplust.architecture","article_published_time":"2017-12-28T23:02:48+00:00","article_modified_time":"2018-04-23T16:03:10+00:00","og_image":[{"width":1200,"height":704,"url":"https:\/\/veredes.es\/blog\/wp-content\/uploads\/2017\/12\/Del-edificio-h\u00edbrido-al-edificio-complejo-Cedric-Price.-Fun-Palace.-1963-1977.jpg","type":"image\/jpeg"}],"author":"Aurora Fern\u00e1ndez Per \u2013 Javier Mozas","twitter_card":"summary_large_image","twitter_creator":"@https:\/\/twitter.com\/aplust_publish","twitter_site":"@veredes","twitter_misc":{"Escrito por":"Aurora Fern\u00e1ndez Per \u2013 Javier Mozas","Tiempo de lectura":"16 minutos"},"schema":{"@context":"https:\/\/schema.org","@graph":[{"@type":"Article","@id":"https:\/\/veredes.es\/blog\/del-edificio-hibrido-al-edificio-complejo-aurora-fernandez-per-javier-mozas\/#article","isPartOf":{"@id":"https:\/\/veredes.es\/blog\/del-edificio-hibrido-al-edificio-complejo-aurora-fernandez-per-javier-mozas\/"},"author":{"name":"Aurora Fern\u00e1ndez Per \u2013 Javier Mozas","@id":"https:\/\/veredes.es\/blog\/#\/schema\/person\/0f13d3bd8e77afb09d4238ecaecfcbb7"},"headline":"Del edificio h\u00edbrido al edificio complejo | Aurora Fern\u00e1ndez Per &#8211; Javier Mozas","datePublished":"2017-12-28T23:02:48+00:00","dateModified":"2018-04-23T16:03:10+00:00","mainEntityOfPage":{"@id":"https:\/\/veredes.es\/blog\/del-edificio-hibrido-al-edificio-complejo-aurora-fernandez-per-javier-mozas\/"},"wordCount":3288,"commentCount":0,"publisher":{"@id":"https:\/\/veredes.es\/blog\/#organization"},"image":{"@id":"https:\/\/veredes.es\/blog\/del-edificio-hibrido-al-edificio-complejo-aurora-fernandez-per-javier-mozas\/#primaryimage"},"thumbnailUrl":"https:\/\/veredes.es\/blog\/wp-content\/uploads\/2017\/12\/Del-edificio-h\u00edbrido-al-edificio-complejo-Cedric-Price.-Fun-Palace.-1963-1977.jpg","keywords":["a+t architecture publishers","Aurora Fern\u00e1ndez Per","Cedric Price","equipamiento","Eva Prats","Flores Prats arquitectes","hibridaci\u00f3n","h\u00edbrido","Javier Mozas","Le Corbusier","movimiento moderno","pensamiento","reflexi\u00f3n","reflexi\u00f3n urban\u00edstica","Rem Koolhaas","Ricardo Flores","Steven Holl","teor\u00eda","urbanismo","usos","usos multiples"],"articleSection":["faro","slider principal"],"inLanguage":"es","potentialAction":[{"@type":"CommentAction","name":"Comment","target":["https:\/\/veredes.es\/blog\/del-edificio-hibrido-al-edificio-complejo-aurora-fernandez-per-javier-mozas\/#respond"]}]},{"@type":"WebPage","@id":"https:\/\/veredes.es\/blog\/del-edificio-hibrido-al-edificio-complejo-aurora-fernandez-per-javier-mozas\/","url":"https:\/\/veredes.es\/blog\/del-edificio-hibrido-al-edificio-complejo-aurora-fernandez-per-javier-mozas\/","name":"[:es]Del edificio h\u00edbrido al edificio complejo | Aurora Fern\u00e1ndez Per - Javier Mozas[:gl]Do edificio h\u00edbrido ao edificio complexo | Aurora Fern\u00e1ndez Per - Javier Mozas[:en]From the Hybrid to the Complex Building | Aurora Fern\u00e1ndez Per - Javier Mozas[:] - veredes","isPartOf":{"@id":"https:\/\/veredes.es\/blog\/#website"},"primaryImageOfPage":{"@id":"https:\/\/veredes.es\/blog\/del-edificio-hibrido-al-edificio-complejo-aurora-fernandez-per-javier-mozas\/#primaryimage"},"image":{"@id":"https:\/\/veredes.es\/blog\/del-edificio-hibrido-al-edificio-complejo-aurora-fernandez-per-javier-mozas\/#primaryimage"},"thumbnailUrl":"https:\/\/veredes.es\/blog\/wp-content\/uploads\/2017\/12\/Del-edificio-h\u00edbrido-al-edificio-complejo-Cedric-Price.-Fun-Palace.-1963-1977.jpg","datePublished":"2017-12-28T23:02:48+00:00","dateModified":"2018-04-23T16:03:10+00:00","description":"Toda la informaci\u00f3n sobre: [:es]Del edificio h\u00edbrido al edificio complejo | Aurora Fern\u00e1ndez Per - Javier Mozas[:gl]Do edificio h\u00edbrido ao edificio complexo | Aurora Fern\u00e1ndez Per - Javier Mozas[:en]From the Hybrid to the Complex Building | Aurora Fern\u00e1ndez Per - Javier Mozas[:]","breadcrumb":{"@id":"https:\/\/veredes.es\/blog\/del-edificio-hibrido-al-edificio-complejo-aurora-fernandez-per-javier-mozas\/#breadcrumb"},"inLanguage":"es","potentialAction":[{"@type":"ReadAction","target":["https:\/\/veredes.es\/blog\/del-edificio-hibrido-al-edificio-complejo-aurora-fernandez-per-javier-mozas\/"]}]},{"@type":"ImageObject","inLanguage":"es","@id":"https:\/\/veredes.es\/blog\/del-edificio-hibrido-al-edificio-complejo-aurora-fernandez-per-javier-mozas\/#primaryimage","url":"https:\/\/veredes.es\/blog\/wp-content\/uploads\/2017\/12\/Del-edificio-h\u00edbrido-al-edificio-complejo-Cedric-Price.-Fun-Palace.-1963-1977.jpg","contentUrl":"https:\/\/veredes.es\/blog\/wp-content\/uploads\/2017\/12\/Del-edificio-h\u00edbrido-al-edificio-complejo-Cedric-Price.-Fun-Palace.-1963-1977.jpg","width":1200,"height":704,"caption":"Cedric Price. Fun Palace. 1963-1977"},{"@type":"BreadcrumbList","@id":"https:\/\/veredes.es\/blog\/del-edificio-hibrido-al-edificio-complejo-aurora-fernandez-per-javier-mozas\/#breadcrumb","itemListElement":[{"@type":"ListItem","position":1,"name":"Portada","item":"https:\/\/veredes.es\/blog\/"},{"@type":"ListItem","position":2,"name":"Del edificio h\u00edbrido al edificio complejo | Aurora Fern\u00e1ndez Per &#8211; Javier Mozas"}]},{"@type":"WebSite","@id":"https:\/\/veredes.es\/blog\/#website","url":"https:\/\/veredes.es\/blog\/","name":"veredes, arquitectura y divulgaci\u00f3n","description":"veredes","publisher":{"@id":"https:\/\/veredes.es\/blog\/#organization"},"alternateName":"veredes","potentialAction":[{"@type":"SearchAction","target":{"@type":"EntryPoint","urlTemplate":"https:\/\/veredes.es\/blog\/?s={search_term_string}"},"query-input":{"@type":"PropertyValueSpecification","valueRequired":true,"valueName":"search_term_string"}}],"inLanguage":"es"},{"@type":"Organization","@id":"https:\/\/veredes.es\/blog\/#organization","name":"veredes, arquitectura y divulgaci\u00f3n","alternateName":"veredes","url":"https:\/\/veredes.es\/blog\/","logo":{"@type":"ImageObject","inLanguage":"es","@id":"https:\/\/veredes.es\/blog\/#\/schema\/logo\/image\/","url":"https:\/\/veredes.es\/blog\/wp-content\/uploads\/2021\/12\/veredes-logo-centrado_140x54.png","contentUrl":"https:\/\/veredes.es\/blog\/wp-content\/uploads\/2021\/12\/veredes-logo-centrado_140x54.png","width":140,"height":54,"caption":"veredes, arquitectura y divulgaci\u00f3n"},"image":{"@id":"https:\/\/veredes.es\/blog\/#\/schema\/logo\/image\/"},"sameAs":["https:\/\/www.facebook.com\/veredesArquitecturayDivulgacion\/","https:\/\/x.com\/veredes","https:\/\/instagram.com\/veredes\/","https:\/\/www.linkedin.com\/company\/veredes-arquitectura-y-divulgacion\/","https:\/\/es.pinterest.com\/veredes\/","https:\/\/www.tumblr.com\/veredes"]},{"@type":"Person","@id":"https:\/\/veredes.es\/blog\/#\/schema\/person\/0f13d3bd8e77afb09d4238ecaecfcbb7","name":"Aurora Fern\u00e1ndez Per \u2013 Javier Mozas","image":{"@type":"ImageObject","inLanguage":"es","@id":"https:\/\/veredes.es\/blog\/wp-content\/uploads\/2018\/04\/at-architecture-publishers-96x96.jpg","url":"https:\/\/veredes.es\/blog\/wp-content\/uploads\/2018\/04\/at-architecture-publishers-96x96.jpg","contentUrl":"https:\/\/veredes.es\/blog\/wp-content\/uploads\/2018\/04\/at-architecture-publishers-96x96.jpg","caption":"Aurora Fern\u00e1ndez Per \u2013 Javier Mozas"},"description":"Aurora Fern\u00e1ndez Per es periodista y Javier MozasS es arquitecto y urbanista. Ambos son fundadores de a + t architecture publishers, 1992, y editores de la revista de arquitectura a + t desde 1992 hasta la actualidad, as\u00ed como fundadores en 2011 del grupo de investigaci\u00f3n a + t - cuyo objetivo es promover la ciudad compacta a trav\u00e9s de la investigaci\u00f3n y el an\u00e1lisis-. Son adem\u00e1s autores y editores de numerosas publicaciones, incluida la serie \u2018Densidad sobre vivienda colectiva\u2019.","sameAs":["https:\/\/aplust.net\/","https:\/\/www.facebook.com\/aplust.architecture","https:\/\/www.instagram.com\/aplust_architecture_publishers\/","https:\/\/www.linkedin.com\/company\/a-t-architecture-publishers\/","https:\/\/www.pinterest.es\/aplustarch\/","https:\/\/x.com\/https:\/\/twitter.com\/aplust_publish"],"url":"https:\/\/veredes.es\/blog\/author\/aurora-fernandez-per-javier-mozas\/"}]}},"_links":{"self":[{"href":"https:\/\/veredes.es\/blog\/wp-json\/wp\/v2\/posts\/66620","targetHints":{"allow":["GET"]}}],"collection":[{"href":"https:\/\/veredes.es\/blog\/wp-json\/wp\/v2\/posts"}],"about":[{"href":"https:\/\/veredes.es\/blog\/wp-json\/wp\/v2\/types\/post"}],"author":[{"embeddable":true,"href":"https:\/\/veredes.es\/blog\/wp-json\/wp\/v2\/users\/14"}],"replies":[{"embeddable":true,"href":"https:\/\/veredes.es\/blog\/wp-json\/wp\/v2\/comments?post=66620"}],"version-history":[{"count":0,"href":"https:\/\/veredes.es\/blog\/wp-json\/wp\/v2\/posts\/66620\/revisions"}],"wp:featuredmedia":[{"embeddable":true,"href":"https:\/\/veredes.es\/blog\/wp-json\/wp\/v2\/media\/66680"}],"wp:attachment":[{"href":"https:\/\/veredes.es\/blog\/wp-json\/wp\/v2\/media?parent=66620"}],"wp:term":[{"taxonomy":"category","embeddable":true,"href":"https:\/\/veredes.es\/blog\/wp-json\/wp\/v2\/categories?post=66620"},{"taxonomy":"post_tag","embeddable":true,"href":"https:\/\/veredes.es\/blog\/wp-json\/wp\/v2\/tags?post=66620"}],"curies":[{"name":"wp","href":"https:\/\/api.w.org\/{rel}","templated":true}]}}