{"id":66524,"date":"2017-12-05T00:06:29","date_gmt":"2017-12-04T23:06:29","guid":{"rendered":"https:\/\/veredes.es\/blog\/?p=66524"},"modified":"2023-01-12T18:21:49","modified_gmt":"2023-01-12T17:21:49","slug":"sorteamos-dos-ejemplares-del-librocatalogo-los-vii-premio-arquitectura-ascensores-enor-2017","status":"publish","type":"post","link":"https:\/\/veredes.es\/blog\/sorteamos-dos-ejemplares-del-librocatalogo-los-vii-premio-arquitectura-ascensores-enor-2017\/","title":{"rendered":"Sorteamos dos ejemplares del libro\/cat\u00e1logo de los VII Premio de Arquitectura Ascensores Enor 2017"},"content":{"rendered":"<p><\/p>\n<p style=\"text-align: justify;\"><img loading=\"lazy\" decoding=\"async\" class=\"alignnone size-large wp-image-66527\" src=\"https:\/\/veredes.es\/blog\/wp-content\/uploads\/2017\/12\/Sorteamos-dos-ejemplares-del-librocat\u00e1logo-de-los-VII-Premio-de-Arquitectura-Ascensores-Enor-2017-768x1024.gif\" alt=\"Sorteamos dos ejemplares del librocat\u00e1logo de los VII Premio de Arquitectura Ascensores Enor 2017\" width=\"640\" height=\"853\" srcset=\"https:\/\/veredes.es\/blog\/wp-content\/uploads\/2017\/12\/Sorteamos-dos-ejemplares-del-librocat\u00e1logo-de-los-VII-Premio-de-Arquitectura-Ascensores-Enor-2017-768x1024.gif 768w, https:\/\/veredes.es\/blog\/wp-content\/uploads\/2017\/12\/Sorteamos-dos-ejemplares-del-librocat\u00e1logo-de-los-VII-Premio-de-Arquitectura-Ascensores-Enor-2017-225x300.gif 225w\" sizes=\"auto, (max-width: 640px) 100vw, 640px\" \/><\/p>\n<p style=\"text-align: justify;\">Ayer tuvo lugar la ceremonia de entrega de los <a href=\"https:\/\/premio.enor.es\/edicion\/premio-2023\/\" target=\"_blank\" rel=\"noopener\"><strong>VII Premio de Arquitectura Ascensores Enor 2017<\/strong><\/a> en la que fueron galardonados los arquitectos Luis Moreno Mansilla y Emilio Tu\u00f1\u00f3n, Mansilla y Tu\u00f1\u00f3n Arquitectos con el Gran Premio Ascensores Enor 2017 por la obra Museo de las Colecciones Reales (Madrid) mientras que Premio Ascensores Enor Arquitectura Joven 2017 recay\u00f3 en los arquitectos Irene P\u00e9rez y Jaume Mayol, TEd\u2019A arquitectes, por la obra Can Jordi i n\u2019\u00c0frica (Montu\u00efri, Illes Balears).<\/p>\n<p style=\"text-align: justify;\">Como es habitual desde la primera edici\u00f3n de los premios, en el a\u00f1o 2005, el Grupo Ascensores Enor edita un libro\/cat\u00e1logo que fue distribuido entre los asistentes.<\/p>\n<p style=\"text-align: justify;\">Si no has podido asistir y hacer con uno de ellos, \u00a1no te preocupes<strong>!\u00a1Puedes optar a uno de ellos! <\/strong>Gracias a la organizaci\u00f3n de los premios Enor que pone a disposici\u00f3n de este espacio <strong>dos ejemplares<\/strong>.<\/p>\n<p style=\"text-align: justify;\"><strong>\u00bfC\u00f3mo conseguir uno de ellos<\/strong>? Muy sencillo simplemente tendr\u00e9is que dejar un comentario o bien al final de esta entrada en la zona habilitada para ello o bien en la entrada correspondiente de <a href=\"https:\/\/www.facebook.com\/veredesArquitecturayDivulgacion\/videos\/10155337724914926\/\" target=\"_blank\" rel=\"noopener\"><strong>Facebook<\/strong><\/a>, indicando <strong>porqu\u00e9 sois acreedores del mismo. <\/strong><\/p>\n<p style=\"text-align: justify;\">En esta ocasi\u00f3n el periodo del sorteo ser\u00e1 desde hoy martes <strong>5 de diciembre hasta el martes 19 de diciembre (hasta las 00:00)<\/strong> para que pod\u00e1is disfrutarlos durante las Navidades.<\/p>\n<p style=\"text-align: justify;\">El ganador ser\u00e1 escogido de entre todos los comentarios.<\/p>\n<blockquote>\n<p style=\"text-align: justify;\"><strong>\u00a1Suerte y esperamos vuestros comentarios!<\/strong><\/p>\n<\/blockquote>\n<p><\/p>","protected":false},"excerpt":{"rendered":"<p>Ayer tuvo lugar la ceremonia de entrega de los VII Premio de Arquitectura Ascensores Enor 2017 en la que fueron galardonados los arquitectos Luis Moreno Mansilla y Emilio Tu\u00f1\u00f3n, Mansilla y Tu\u00f1\u00f3n Arquitectos con el Gran Premio Ascensores Enor 2017 por la obra Museo de las Colecciones Reales (Madrid) mientras que Premio Ascensores Enor Arquitectura [&hellip;]<\/p>\n","protected":false},"author":2,"featured_media":66528,"comment_status":"open","ping_status":"closed","sticky":false,"template":"","format":"standard","meta":{"footnotes":""},"categories":[5624,5951],"tags":[2631,3188,6079,6080,758,759,12205,3789,6426,1120,6078],"class_list":{"0":"post-66524","1":"post","2":"type-post","3":"status-publish","4":"format-standard","5":"has-post-thumbnail","7":"category-deriva","9":"tag-arquitectura-espanola","10":"tag-emilio-tunon","11":"tag-irene-perez-piferrer","12":"tag-jaume-mayol-amengual","13":"tag-joven-arquitecto","14":"tag-joven-valor","15":"tag-libro","16":"tag-luis-moreno-mansilla","17":"tag-premio-enor","18":"tag-publicacion","19":"tag-teda-arquitectes"},"yoast_head":"<!-- This site is optimized with the Yoast SEO plugin v27.5 - https:\/\/yoast.com\/product\/yoast-seo-wordpress\/ -->\n<title>Sorteamos dos ejemplares del libro\/cat\u00e1logo de los VII Premio de Arquitectura Ascensores Enor 2017 - veredes<\/title>\n<meta name=\"description\" content=\"Toda la informaci\u00f3n sobre: [:es]Sorteamos dos ejemplares del libro\/cat\u00e1logo de los VII Premio de Arquitectura Ascensores Enor 2017[:gl]Sorteamos dous exemplares do libro\/cat\u00e1logo do VII Premio de Arquitectura Ascensores Enor 2017[:en]We avoid two copies of the book \/catalogue of the VIIth Architecture Elevators Enor Award 2017[:]\" \/>\n<meta name=\"robots\" content=\"index, follow, max-snippet:-1, max-image-preview:large, max-video-preview:-1\" \/>\n<link rel=\"canonical\" href=\"https:\/\/veredes.es\/blog\/sorteamos-dos-ejemplares-del-librocatalogo-los-vii-premio-arquitectura-ascensores-enor-2017\/\" \/>\n<meta property=\"og:locale\" content=\"es_ES\" \/>\n<meta property=\"og:type\" content=\"article\" \/>\n<meta property=\"og:title\" content=\"[:es]Sorteamos dos ejemplares del libro\/cat\u00e1logo de los VII Premio de Arquitectura Ascensores Enor 2017[:gl]Sorteamos dous exemplares do libro\/cat\u00e1logo do VII Premio de Arquitectura Ascensores Enor 2017[:en]We avoid two copies of the book \/catalogue of the VIIth Architecture Elevators Enor Award 2017[:] - veredes\" \/>\n<meta property=\"og:description\" content=\"Toda la informaci\u00f3n sobre: [:es]Sorteamos dos ejemplares del libro\/cat\u00e1logo de los VII Premio de Arquitectura Ascensores Enor 2017[:gl]Sorteamos dous exemplares do libro\/cat\u00e1logo do VII Premio de Arquitectura Ascensores Enor 2017[:en]We avoid two copies of the book \/catalogue of the VIIth Architecture Elevators Enor Award 2017[:]\" \/>\n<meta property=\"og:url\" content=\"https:\/\/veredes.es\/blog\/sorteamos-dos-ejemplares-del-librocatalogo-los-vii-premio-arquitectura-ascensores-enor-2017\/\" \/>\n<meta property=\"og:site_name\" content=\"veredes, arquitectura y divulgaci\u00f3n\" \/>\n<meta property=\"article:publisher\" content=\"https:\/\/www.facebook.com\/veredesArquitecturayDivulgacion\/\" \/>\n<meta property=\"article:author\" content=\"https:\/\/www.facebook.com\/veredesArquitecturayDivulgacion\/\" \/>\n<meta property=\"article:published_time\" content=\"2017-12-04T23:06:29+00:00\" \/>\n<meta property=\"article:modified_time\" content=\"2023-01-12T17:21:49+00:00\" \/>\n<meta property=\"og:image\" content=\"https:\/\/veredes.es\/blog\/wp-content\/uploads\/2017\/12\/Sorteo-dos-ejemplares-del-librocat\u00e1logo-de-los-VII-Premio-de-Arquitectura-Ascensores-Enor-2017.jpg\" \/>\n\t<meta property=\"og:image:width\" content=\"1200\" \/>\n\t<meta property=\"og:image:height\" content=\"1600\" \/>\n\t<meta property=\"og:image:type\" content=\"image\/jpeg\" \/>\n<meta name=\"author\" content=\"veredes\" \/>\n<meta name=\"twitter:card\" content=\"summary_large_image\" \/>\n<meta name=\"twitter:creator\" content=\"@https:\/\/twitter.com\/veredes\" \/>\n<meta name=\"twitter:site\" content=\"@veredes\" \/>\n<meta name=\"twitter:label1\" content=\"Escrito por\" \/>\n\t<meta name=\"twitter:data1\" content=\"veredes\" \/>\n\t<meta name=\"twitter:label2\" content=\"Tiempo de lectura\" \/>\n\t<meta name=\"twitter:data2\" content=\"4 minutos\" \/>\n<script type=\"application\/ld+json\" class=\"yoast-schema-graph\">{\"@context\":\"https:\\\/\\\/schema.org\",\"@graph\":[{\"@type\":\"Article\",\"@id\":\"https:\\\/\\\/veredes.es\\\/blog\\\/sorteamos-dos-ejemplares-del-librocatalogo-los-vii-premio-arquitectura-ascensores-enor-2017\\\/#article\",\"isPartOf\":{\"@id\":\"https:\\\/\\\/veredes.es\\\/blog\\\/sorteamos-dos-ejemplares-del-librocatalogo-los-vii-premio-arquitectura-ascensores-enor-2017\\\/\"},\"author\":{\"name\":\"veredes\",\"@id\":\"https:\\\/\\\/veredes.es\\\/blog\\\/#\\\/schema\\\/person\\\/0bbb669073ef7faba5168a0844e93d2c\"},\"headline\":\"Sorteamos dos ejemplares del libro\\\/cat\u00e1logo de los VII Premio de Arquitectura Ascensores Enor 2017\",\"datePublished\":\"2017-12-04T23:06:29+00:00\",\"dateModified\":\"2023-01-12T17:21:49+00:00\",\"mainEntityOfPage\":{\"@id\":\"https:\\\/\\\/veredes.es\\\/blog\\\/sorteamos-dos-ejemplares-del-librocatalogo-los-vii-premio-arquitectura-ascensores-enor-2017\\\/\"},\"wordCount\":804,\"commentCount\":11,\"publisher\":{\"@id\":\"https:\\\/\\\/veredes.es\\\/blog\\\/#organization\"},\"image\":{\"@id\":\"https:\\\/\\\/veredes.es\\\/blog\\\/sorteamos-dos-ejemplares-del-librocatalogo-los-vii-premio-arquitectura-ascensores-enor-2017\\\/#primaryimage\"},\"thumbnailUrl\":\"https:\\\/\\\/veredes.es\\\/blog\\\/wp-content\\\/uploads\\\/2017\\\/12\\\/Sorteo-dos-ejemplares-del-librocat\u00e1logo-de-los-VII-Premio-de-Arquitectura-Ascensores-Enor-2017.jpg\",\"keywords\":[\"arquitectura espa\u00f1ola\",\"Emilio Tu\u00f1\u00f3n\",\"Irene P\u00e9rez Piferrer\",\"Jaume Mayol Amengual\",\"joven arquitecto\",\"joven valor\",\"libro\",\"Luis Moreno Mansilla\",\"premio enor\",\"publicaci\u00f3n\",\"TEd\u2019A arquitectes\"],\"articleSection\":[\"deriva\",\"slider principal\"],\"inLanguage\":\"es\",\"potentialAction\":[{\"@type\":\"CommentAction\",\"name\":\"Comment\",\"target\":[\"https:\\\/\\\/veredes.es\\\/blog\\\/sorteamos-dos-ejemplares-del-librocatalogo-los-vii-premio-arquitectura-ascensores-enor-2017\\\/#respond\"]}]},{\"@type\":\"WebPage\",\"@id\":\"https:\\\/\\\/veredes.es\\\/blog\\\/sorteamos-dos-ejemplares-del-librocatalogo-los-vii-premio-arquitectura-ascensores-enor-2017\\\/\",\"url\":\"https:\\\/\\\/veredes.es\\\/blog\\\/sorteamos-dos-ejemplares-del-librocatalogo-los-vii-premio-arquitectura-ascensores-enor-2017\\\/\",\"name\":\"[:es]Sorteamos dos ejemplares del libro\\\/cat\u00e1logo de los VII Premio de Arquitectura Ascensores Enor 2017[:gl]Sorteamos dous exemplares do libro\\\/cat\u00e1logo do VII Premio de Arquitectura Ascensores Enor 2017[:en]We avoid two copies of the book \\\/catalogue of the VIIth Architecture Elevators Enor Award 2017[:] - veredes\",\"isPartOf\":{\"@id\":\"https:\\\/\\\/veredes.es\\\/blog\\\/#website\"},\"primaryImageOfPage\":{\"@id\":\"https:\\\/\\\/veredes.es\\\/blog\\\/sorteamos-dos-ejemplares-del-librocatalogo-los-vii-premio-arquitectura-ascensores-enor-2017\\\/#primaryimage\"},\"image\":{\"@id\":\"https:\\\/\\\/veredes.es\\\/blog\\\/sorteamos-dos-ejemplares-del-librocatalogo-los-vii-premio-arquitectura-ascensores-enor-2017\\\/#primaryimage\"},\"thumbnailUrl\":\"https:\\\/\\\/veredes.es\\\/blog\\\/wp-content\\\/uploads\\\/2017\\\/12\\\/Sorteo-dos-ejemplares-del-librocat\u00e1logo-de-los-VII-Premio-de-Arquitectura-Ascensores-Enor-2017.jpg\",\"datePublished\":\"2017-12-04T23:06:29+00:00\",\"dateModified\":\"2023-01-12T17:21:49+00:00\",\"description\":\"Toda la informaci\u00f3n sobre: [:es]Sorteamos dos ejemplares del libro\\\/cat\u00e1logo de los VII Premio de Arquitectura Ascensores Enor 2017[:gl]Sorteamos dous exemplares do libro\\\/cat\u00e1logo do VII Premio de Arquitectura Ascensores Enor 2017[:en]We avoid two copies of the book \\\/catalogue of the VIIth Architecture Elevators Enor Award 2017[:]\",\"breadcrumb\":{\"@id\":\"https:\\\/\\\/veredes.es\\\/blog\\\/sorteamos-dos-ejemplares-del-librocatalogo-los-vii-premio-arquitectura-ascensores-enor-2017\\\/#breadcrumb\"},\"inLanguage\":\"es\",\"potentialAction\":[{\"@type\":\"ReadAction\",\"target\":[\"https:\\\/\\\/veredes.es\\\/blog\\\/sorteamos-dos-ejemplares-del-librocatalogo-los-vii-premio-arquitectura-ascensores-enor-2017\\\/\"]}]},{\"@type\":\"ImageObject\",\"inLanguage\":\"es\",\"@id\":\"https:\\\/\\\/veredes.es\\\/blog\\\/sorteamos-dos-ejemplares-del-librocatalogo-los-vii-premio-arquitectura-ascensores-enor-2017\\\/#primaryimage\",\"url\":\"https:\\\/\\\/veredes.es\\\/blog\\\/wp-content\\\/uploads\\\/2017\\\/12\\\/Sorteo-dos-ejemplares-del-librocat\u00e1logo-de-los-VII-Premio-de-Arquitectura-Ascensores-Enor-2017.jpg\",\"contentUrl\":\"https:\\\/\\\/veredes.es\\\/blog\\\/wp-content\\\/uploads\\\/2017\\\/12\\\/Sorteo-dos-ejemplares-del-librocat\u00e1logo-de-los-VII-Premio-de-Arquitectura-Ascensores-Enor-2017.jpg\",\"width\":1200,\"height\":1600},{\"@type\":\"BreadcrumbList\",\"@id\":\"https:\\\/\\\/veredes.es\\\/blog\\\/sorteamos-dos-ejemplares-del-librocatalogo-los-vii-premio-arquitectura-ascensores-enor-2017\\\/#breadcrumb\",\"itemListElement\":[{\"@type\":\"ListItem\",\"position\":1,\"name\":\"Portada\",\"item\":\"https:\\\/\\\/veredes.es\\\/blog\\\/\"},{\"@type\":\"ListItem\",\"position\":2,\"name\":\"[:es]Sorteamos dos ejemplares del libro\\\/cat\u00e1logo de los VII Premio de Arquitectura Ascensores Enor 2017[:gl]Sorteamos dous exemplares do libro\\\/cat\u00e1logo do VII Premio de Arquitectura Ascensores Enor 2017[:en]We avoid two copies of the book \\\/catalogue of the VIIth Architecture Elevators Enor Award 2017[:]\"}]},{\"@type\":\"WebSite\",\"@id\":\"https:\\\/\\\/veredes.es\\\/blog\\\/#website\",\"url\":\"https:\\\/\\\/veredes.es\\\/blog\\\/\",\"name\":\"veredes, arquitectura y divulgaci\u00f3n\",\"description\":\"veredes\",\"publisher\":{\"@id\":\"https:\\\/\\\/veredes.es\\\/blog\\\/#organization\"},\"alternateName\":\"veredes\",\"potentialAction\":[{\"@type\":\"SearchAction\",\"target\":{\"@type\":\"EntryPoint\",\"urlTemplate\":\"https:\\\/\\\/veredes.es\\\/blog\\\/?s={search_term_string}\"},\"query-input\":{\"@type\":\"PropertyValueSpecification\",\"valueRequired\":true,\"valueName\":\"search_term_string\"}}],\"inLanguage\":\"es\"},{\"@type\":\"Organization\",\"@id\":\"https:\\\/\\\/veredes.es\\\/blog\\\/#organization\",\"name\":\"veredes, arquitectura y divulgaci\u00f3n\",\"alternateName\":\"veredes\",\"url\":\"https:\\\/\\\/veredes.es\\\/blog\\\/\",\"logo\":{\"@type\":\"ImageObject\",\"inLanguage\":\"es\",\"@id\":\"https:\\\/\\\/veredes.es\\\/blog\\\/#\\\/schema\\\/logo\\\/image\\\/\",\"url\":\"https:\\\/\\\/veredes.es\\\/blog\\\/wp-content\\\/uploads\\\/2021\\\/12\\\/veredes-logo-centrado_140x54.png\",\"contentUrl\":\"https:\\\/\\\/veredes.es\\\/blog\\\/wp-content\\\/uploads\\\/2021\\\/12\\\/veredes-logo-centrado_140x54.png\",\"width\":140,\"height\":54,\"caption\":\"veredes, arquitectura y divulgaci\u00f3n\"},\"image\":{\"@id\":\"https:\\\/\\\/veredes.es\\\/blog\\\/#\\\/schema\\\/logo\\\/image\\\/\"},\"sameAs\":[\"https:\\\/\\\/www.facebook.com\\\/veredesArquitecturayDivulgacion\\\/\",\"https:\\\/\\\/x.com\\\/veredes\",\"https:\\\/\\\/instagram.com\\\/veredes\\\/\",\"https:\\\/\\\/www.linkedin.com\\\/company\\\/veredes-arquitectura-y-divulgacion\\\/\",\"https:\\\/\\\/es.pinterest.com\\\/veredes\\\/\",\"https:\\\/\\\/www.tumblr.com\\\/veredes\"]},{\"@type\":\"Person\",\"@id\":\"https:\\\/\\\/veredes.es\\\/blog\\\/#\\\/schema\\\/person\\\/0bbb669073ef7faba5168a0844e93d2c\",\"name\":\"veredes\",\"image\":{\"@type\":\"ImageObject\",\"inLanguage\":\"es\",\"@id\":\"https:\\\/\\\/veredes.es\\\/blog\\\/wp-content\\\/uploads\\\/2018\\\/04\\\/face-96x96.jpg\",\"url\":\"https:\\\/\\\/veredes.es\\\/blog\\\/wp-content\\\/uploads\\\/2018\\\/04\\\/face-96x96.jpg\",\"contentUrl\":\"https:\\\/\\\/veredes.es\\\/blog\\\/wp-content\\\/uploads\\\/2018\\\/04\\\/face-96x96.jpg\",\"caption\":\"veredes\"},\"description\":\"Surge enero de 2009 como b\u00fasqueda de satisfacer el conocimiento de la actividad arquitect\u00f3nica y tangentes que se generan. La idea es crear un espacio para divulgar los diversos proyectos en busca de nueva inspiraci\u00f3n y de intercambio.\",\"sameAs\":[\"https:\\\/\\\/veredes.es\\\/\",\"https:\\\/\\\/www.facebook.com\\\/veredesArquitecturayDivulgacion\\\/\",\"https:\\\/\\\/www.instagram.com\\\/veredes\\\/\",\"https:\\\/\\\/www.linkedin.com\\\/company\\\/veredes-arquitectura-y-divulgacion\\\/\",\"https:\\\/\\\/www.pinterest.es\\\/veredes\\\/\",\"https:\\\/\\\/x.com\\\/https:\\\/\\\/twitter.com\\\/veredes\",\"https:\\\/\\\/veredes.tumblr.com\\\/\"],\"url\":\"https:\\\/\\\/veredes.es\\\/blog\\\/author\\\/alberto\\\/\"}]}<\/script>\n<!-- \/ Yoast SEO plugin. -->","yoast_head_json":{"title":"[:es]Sorteamos dos ejemplares del libro\/cat\u00e1logo de los VII Premio de Arquitectura Ascensores Enor 2017[:gl]Sorteamos dous exemplares do libro\/cat\u00e1logo do VII Premio de Arquitectura Ascensores Enor 2017[:en]We avoid two copies of the book \/catalogue of the VIIth Architecture Elevators Enor Award 2017[:] - veredes","description":"Toda la informaci\u00f3n sobre: [:es]Sorteamos dos ejemplares del libro\/cat\u00e1logo de los VII Premio de Arquitectura Ascensores Enor 2017[:gl]Sorteamos dous exemplares do libro\/cat\u00e1logo do VII Premio de Arquitectura Ascensores Enor 2017[:en]We avoid two copies of the book \/catalogue of the VIIth Architecture Elevators Enor Award 2017[:]","robots":{"index":"index","follow":"follow","max-snippet":"max-snippet:-1","max-image-preview":"max-image-preview:large","max-video-preview":"max-video-preview:-1"},"canonical":"https:\/\/veredes.es\/blog\/sorteamos-dos-ejemplares-del-librocatalogo-los-vii-premio-arquitectura-ascensores-enor-2017\/","og_locale":"es_ES","og_type":"article","og_title":"[:es]Sorteamos dos ejemplares del libro\/cat\u00e1logo de los VII Premio de Arquitectura Ascensores Enor 2017[:gl]Sorteamos dous exemplares do libro\/cat\u00e1logo do VII Premio de Arquitectura Ascensores Enor 2017[:en]We avoid two copies of the book \/catalogue of the VIIth Architecture Elevators Enor Award 2017[:] - veredes","og_description":"Toda la informaci\u00f3n sobre: [:es]Sorteamos dos ejemplares del libro\/cat\u00e1logo de los VII Premio de Arquitectura Ascensores Enor 2017[:gl]Sorteamos dous exemplares do libro\/cat\u00e1logo do VII Premio de Arquitectura Ascensores Enor 2017[:en]We avoid two copies of the book \/catalogue of the VIIth Architecture Elevators Enor Award 2017[:]","og_url":"https:\/\/veredes.es\/blog\/sorteamos-dos-ejemplares-del-librocatalogo-los-vii-premio-arquitectura-ascensores-enor-2017\/","og_site_name":"veredes, arquitectura y divulgaci\u00f3n","article_publisher":"https:\/\/www.facebook.com\/veredesArquitecturayDivulgacion\/","article_author":"https:\/\/www.facebook.com\/veredesArquitecturayDivulgacion\/","article_published_time":"2017-12-04T23:06:29+00:00","article_modified_time":"2023-01-12T17:21:49+00:00","og_image":[{"width":1200,"height":1600,"url":"https:\/\/veredes.es\/blog\/wp-content\/uploads\/2017\/12\/Sorteo-dos-ejemplares-del-librocat\u00e1logo-de-los-VII-Premio-de-Arquitectura-Ascensores-Enor-2017.jpg","type":"image\/jpeg"}],"author":"veredes","twitter_card":"summary_large_image","twitter_creator":"@https:\/\/twitter.com\/veredes","twitter_site":"@veredes","twitter_misc":{"Escrito por":"veredes","Tiempo de lectura":"4 minutos"},"schema":{"@context":"https:\/\/schema.org","@graph":[{"@type":"Article","@id":"https:\/\/veredes.es\/blog\/sorteamos-dos-ejemplares-del-librocatalogo-los-vii-premio-arquitectura-ascensores-enor-2017\/#article","isPartOf":{"@id":"https:\/\/veredes.es\/blog\/sorteamos-dos-ejemplares-del-librocatalogo-los-vii-premio-arquitectura-ascensores-enor-2017\/"},"author":{"name":"veredes","@id":"https:\/\/veredes.es\/blog\/#\/schema\/person\/0bbb669073ef7faba5168a0844e93d2c"},"headline":"Sorteamos dos ejemplares del libro\/cat\u00e1logo de los VII Premio de Arquitectura Ascensores Enor 2017","datePublished":"2017-12-04T23:06:29+00:00","dateModified":"2023-01-12T17:21:49+00:00","mainEntityOfPage":{"@id":"https:\/\/veredes.es\/blog\/sorteamos-dos-ejemplares-del-librocatalogo-los-vii-premio-arquitectura-ascensores-enor-2017\/"},"wordCount":804,"commentCount":11,"publisher":{"@id":"https:\/\/veredes.es\/blog\/#organization"},"image":{"@id":"https:\/\/veredes.es\/blog\/sorteamos-dos-ejemplares-del-librocatalogo-los-vii-premio-arquitectura-ascensores-enor-2017\/#primaryimage"},"thumbnailUrl":"https:\/\/veredes.es\/blog\/wp-content\/uploads\/2017\/12\/Sorteo-dos-ejemplares-del-librocat\u00e1logo-de-los-VII-Premio-de-Arquitectura-Ascensores-Enor-2017.jpg","keywords":["arquitectura espa\u00f1ola","Emilio Tu\u00f1\u00f3n","Irene P\u00e9rez Piferrer","Jaume Mayol Amengual","joven arquitecto","joven valor","libro","Luis Moreno Mansilla","premio enor","publicaci\u00f3n","TEd\u2019A arquitectes"],"articleSection":["deriva","slider principal"],"inLanguage":"es","potentialAction":[{"@type":"CommentAction","name":"Comment","target":["https:\/\/veredes.es\/blog\/sorteamos-dos-ejemplares-del-librocatalogo-los-vii-premio-arquitectura-ascensores-enor-2017\/#respond"]}]},{"@type":"WebPage","@id":"https:\/\/veredes.es\/blog\/sorteamos-dos-ejemplares-del-librocatalogo-los-vii-premio-arquitectura-ascensores-enor-2017\/","url":"https:\/\/veredes.es\/blog\/sorteamos-dos-ejemplares-del-librocatalogo-los-vii-premio-arquitectura-ascensores-enor-2017\/","name":"[:es]Sorteamos dos ejemplares del libro\/cat\u00e1logo de los VII Premio de Arquitectura Ascensores Enor 2017[:gl]Sorteamos dous exemplares do libro\/cat\u00e1logo do VII Premio de Arquitectura Ascensores Enor 2017[:en]We avoid two copies of the book \/catalogue of the VIIth Architecture Elevators Enor Award 2017[:] - veredes","isPartOf":{"@id":"https:\/\/veredes.es\/blog\/#website"},"primaryImageOfPage":{"@id":"https:\/\/veredes.es\/blog\/sorteamos-dos-ejemplares-del-librocatalogo-los-vii-premio-arquitectura-ascensores-enor-2017\/#primaryimage"},"image":{"@id":"https:\/\/veredes.es\/blog\/sorteamos-dos-ejemplares-del-librocatalogo-los-vii-premio-arquitectura-ascensores-enor-2017\/#primaryimage"},"thumbnailUrl":"https:\/\/veredes.es\/blog\/wp-content\/uploads\/2017\/12\/Sorteo-dos-ejemplares-del-librocat\u00e1logo-de-los-VII-Premio-de-Arquitectura-Ascensores-Enor-2017.jpg","datePublished":"2017-12-04T23:06:29+00:00","dateModified":"2023-01-12T17:21:49+00:00","description":"Toda la informaci\u00f3n sobre: [:es]Sorteamos dos ejemplares del libro\/cat\u00e1logo de los VII Premio de Arquitectura Ascensores Enor 2017[:gl]Sorteamos dous exemplares do libro\/cat\u00e1logo do VII Premio de Arquitectura Ascensores Enor 2017[:en]We avoid two copies of the book \/catalogue of the VIIth Architecture Elevators Enor Award 2017[:]","breadcrumb":{"@id":"https:\/\/veredes.es\/blog\/sorteamos-dos-ejemplares-del-librocatalogo-los-vii-premio-arquitectura-ascensores-enor-2017\/#breadcrumb"},"inLanguage":"es","potentialAction":[{"@type":"ReadAction","target":["https:\/\/veredes.es\/blog\/sorteamos-dos-ejemplares-del-librocatalogo-los-vii-premio-arquitectura-ascensores-enor-2017\/"]}]},{"@type":"ImageObject","inLanguage":"es","@id":"https:\/\/veredes.es\/blog\/sorteamos-dos-ejemplares-del-librocatalogo-los-vii-premio-arquitectura-ascensores-enor-2017\/#primaryimage","url":"https:\/\/veredes.es\/blog\/wp-content\/uploads\/2017\/12\/Sorteo-dos-ejemplares-del-librocat\u00e1logo-de-los-VII-Premio-de-Arquitectura-Ascensores-Enor-2017.jpg","contentUrl":"https:\/\/veredes.es\/blog\/wp-content\/uploads\/2017\/12\/Sorteo-dos-ejemplares-del-librocat\u00e1logo-de-los-VII-Premio-de-Arquitectura-Ascensores-Enor-2017.jpg","width":1200,"height":1600},{"@type":"BreadcrumbList","@id":"https:\/\/veredes.es\/blog\/sorteamos-dos-ejemplares-del-librocatalogo-los-vii-premio-arquitectura-ascensores-enor-2017\/#breadcrumb","itemListElement":[{"@type":"ListItem","position":1,"name":"Portada","item":"https:\/\/veredes.es\/blog\/"},{"@type":"ListItem","position":2,"name":"[:es]Sorteamos dos ejemplares del libro\/cat\u00e1logo de los VII Premio de Arquitectura Ascensores Enor 2017[:gl]Sorteamos dous exemplares do libro\/cat\u00e1logo do VII Premio de Arquitectura Ascensores Enor 2017[:en]We avoid two copies of the book \/catalogue of the VIIth Architecture Elevators Enor Award 2017[:]"}]},{"@type":"WebSite","@id":"https:\/\/veredes.es\/blog\/#website","url":"https:\/\/veredes.es\/blog\/","name":"veredes, arquitectura y divulgaci\u00f3n","description":"veredes","publisher":{"@id":"https:\/\/veredes.es\/blog\/#organization"},"alternateName":"veredes","potentialAction":[{"@type":"SearchAction","target":{"@type":"EntryPoint","urlTemplate":"https:\/\/veredes.es\/blog\/?s={search_term_string}"},"query-input":{"@type":"PropertyValueSpecification","valueRequired":true,"valueName":"search_term_string"}}],"inLanguage":"es"},{"@type":"Organization","@id":"https:\/\/veredes.es\/blog\/#organization","name":"veredes, arquitectura y divulgaci\u00f3n","alternateName":"veredes","url":"https:\/\/veredes.es\/blog\/","logo":{"@type":"ImageObject","inLanguage":"es","@id":"https:\/\/veredes.es\/blog\/#\/schema\/logo\/image\/","url":"https:\/\/veredes.es\/blog\/wp-content\/uploads\/2021\/12\/veredes-logo-centrado_140x54.png","contentUrl":"https:\/\/veredes.es\/blog\/wp-content\/uploads\/2021\/12\/veredes-logo-centrado_140x54.png","width":140,"height":54,"caption":"veredes, arquitectura y divulgaci\u00f3n"},"image":{"@id":"https:\/\/veredes.es\/blog\/#\/schema\/logo\/image\/"},"sameAs":["https:\/\/www.facebook.com\/veredesArquitecturayDivulgacion\/","https:\/\/x.com\/veredes","https:\/\/instagram.com\/veredes\/","https:\/\/www.linkedin.com\/company\/veredes-arquitectura-y-divulgacion\/","https:\/\/es.pinterest.com\/veredes\/","https:\/\/www.tumblr.com\/veredes"]},{"@type":"Person","@id":"https:\/\/veredes.es\/blog\/#\/schema\/person\/0bbb669073ef7faba5168a0844e93d2c","name":"veredes","image":{"@type":"ImageObject","inLanguage":"es","@id":"https:\/\/veredes.es\/blog\/wp-content\/uploads\/2018\/04\/face-96x96.jpg","url":"https:\/\/veredes.es\/blog\/wp-content\/uploads\/2018\/04\/face-96x96.jpg","contentUrl":"https:\/\/veredes.es\/blog\/wp-content\/uploads\/2018\/04\/face-96x96.jpg","caption":"veredes"},"description":"Surge enero de 2009 como b\u00fasqueda de satisfacer el conocimiento de la actividad arquitect\u00f3nica y tangentes que se generan. La idea es crear un espacio para divulgar los diversos proyectos en busca de nueva inspiraci\u00f3n y de intercambio.","sameAs":["https:\/\/veredes.es\/","https:\/\/www.facebook.com\/veredesArquitecturayDivulgacion\/","https:\/\/www.instagram.com\/veredes\/","https:\/\/www.linkedin.com\/company\/veredes-arquitectura-y-divulgacion\/","https:\/\/www.pinterest.es\/veredes\/","https:\/\/x.com\/https:\/\/twitter.com\/veredes","https:\/\/veredes.tumblr.com\/"],"url":"https:\/\/veredes.es\/blog\/author\/alberto\/"}]}},"_links":{"self":[{"href":"https:\/\/veredes.es\/blog\/wp-json\/wp\/v2\/posts\/66524","targetHints":{"allow":["GET"]}}],"collection":[{"href":"https:\/\/veredes.es\/blog\/wp-json\/wp\/v2\/posts"}],"about":[{"href":"https:\/\/veredes.es\/blog\/wp-json\/wp\/v2\/types\/post"}],"author":[{"embeddable":true,"href":"https:\/\/veredes.es\/blog\/wp-json\/wp\/v2\/users\/2"}],"replies":[{"embeddable":true,"href":"https:\/\/veredes.es\/blog\/wp-json\/wp\/v2\/comments?post=66524"}],"version-history":[{"count":0,"href":"https:\/\/veredes.es\/blog\/wp-json\/wp\/v2\/posts\/66524\/revisions"}],"wp:featuredmedia":[{"embeddable":true,"href":"https:\/\/veredes.es\/blog\/wp-json\/wp\/v2\/media\/66528"}],"wp:attachment":[{"href":"https:\/\/veredes.es\/blog\/wp-json\/wp\/v2\/media?parent=66524"}],"wp:term":[{"taxonomy":"category","embeddable":true,"href":"https:\/\/veredes.es\/blog\/wp-json\/wp\/v2\/categories?post=66524"},{"taxonomy":"post_tag","embeddable":true,"href":"https:\/\/veredes.es\/blog\/wp-json\/wp\/v2\/tags?post=66524"}],"curies":[{"name":"wp","href":"https:\/\/api.w.org\/{rel}","templated":true}]}}