{"id":6601,"date":"2010-11-18T10:00:04","date_gmt":"2010-11-18T09:00:04","guid":{"rendered":"http:\/\/veredes.es\/blog\/?p=6601"},"modified":"2020-11-25T15:48:18","modified_gmt":"2020-11-25T14:48:18","slug":"materia-sensible-arquitectos-jovenes-catalanes","status":"publish","type":"post","link":"https:\/\/veredes.es\/blog\/materia-sensible-arquitectos-jovenes-catalanes\/","title":{"rendered":"Materia sensible: arquitectos j\u00f3venes catalanes"},"content":{"rendered":"<p><\/p>\n<p style=\"text-align: justify;\">Materia sensible: arquitectos j\u00f3venes catalanes\u201d es una muestra de arquitecturas realizadas por estudios j\u00f3venes establecidos al territorio catal\u00e1n y que comparten no tan s\u00f3lo el hecho generacional sino, sobre todo, unas actitudes y una manera de entender y ejercer la profesi\u00f3n. Es tambi\u00e9n una apuesta personal (y, por lo tanto, necesariamente parcial y no exenta de riesgo) de los arquitectos comisarios, que pretende ser tambi\u00e9n una posible respuesta a las preguntas de c\u00f3mo tiene que ser la arquitectura en este momento de falta de modelos y de qu\u00e9 puede aportar la arquitectura catalana al contexto de crisis econ\u00f3mica global.<\/p>\n<p><a href=\"https:\/\/veredes.es\/blog\/wp-content\/uploads\/2010\/11\/cartell_50x70cm-454x636.jpg\"><img loading=\"lazy\" decoding=\"async\" class=\"alignnone size-full wp-image-6602\" title=\"cartell_50x70cm-454x636\" src=\"https:\/\/veredes.es\/blog\/wp-content\/uploads\/2010\/11\/cartell_50x70cm-454x636.jpg\" alt=\"\" width=\"350\" height=\"490\" srcset=\"https:\/\/veredes.es\/blog\/wp-content\/uploads\/2010\/11\/cartell_50x70cm-454x636.jpg 350w, https:\/\/veredes.es\/blog\/wp-content\/uploads\/2010\/11\/cartell_50x70cm-454x636-214x300.jpg 214w\" sizes=\"auto, (max-width: 350px) 100vw, 350px\" \/><\/a><\/p>\n<p>\u201cMateria sensible: arquitectos j\u00f3venes catalanes\u201d pretende mostrar y evidenciar la capacidad de estos j\u00f3venes arquitectos para dar respuesta a los desaf\u00edos contempor\u00e1neos de la arquitectura a nivel global, derivados de la crisis econ\u00f3mica y social y el fin de los paradigmas que han guiado la arquitectura en los \u00faltimos a\u00f1os. En este sentido, las obras en exposici\u00f3n presentan caracter\u00edsticas comunes: una arquitectura sensata, honesta, que asume las limitaciones propias del momento, del lugar, del encargo y de los recursos disponibles, para transformarlas en oportunidades. Se trata de una selecci\u00f3n de arquitecturas que comparten una manera de ejercer y entender la profesi\u00f3n y conectan con los matices y aspectos que distinguen la cultura y la sociedad catalana, y que son, as\u00ed mismo, claramente exportables. Arquitecturas locales para un mundo global.<\/p>\n<p><strong>Exposici\u00f3n:<br \/>\n<\/strong>19 noviembre \u2013 2 diciembre 2010\u00a0 &gt;\u00a0 Escola T\u00e9cnica Superior de Arquitectura da Coru\u00f1a (Campus da Zapateira)<br \/>\n3 diciembre \u2013 24 diciembre 2010\u00a0 &gt;\u00a0 Colexio Oficial de Arquitectos de Galicia (R\u00faa de Federico Tapia, 43, baixo)<\/p>\n<p><strong>Conferencias:<br \/>\n<\/strong>jueves 2 de diciembre, 11.00-14.30 + 16.00-18.00\u00a0 &gt;\u00a0 ETSAC<\/p>\n<p><strong>Debate \/ Mesa redonda:<br \/>\n<\/strong>jueves 2 de diciembre, 20.00\u00a0 &gt;\u00a0 COAG<\/p>\n<p><strong>Web:<\/strong> www.materiasensible.cat<\/p>\n<p><strong>Comisarios:<\/strong> Pere Buil + Carlos C\u00e1mara + Joan Vit\u00f2ria<\/p>\n<p><strong>Estudios de arquitectura incluidos en la exposici\u00f3n:<br \/>\n<\/strong>&#8211; Arquitectures.Bosch.Capdeferro (Ramon Bosch, Bet Capdeferro)<br \/>\n&#8211; N\u00faria Salvad\u00f3 + David Tapias<br \/>\n&#8211; DataAE (Claudi Aguil\u00f3, Albert Domingo)<br \/>\n&#8211; David Sebasti\u00e1n + Gerard Puig<br \/>\n&#8211; H arquitectes (David Lorente, Josep Ricart, Xavier Ros, Roger Tud\u00f3)<br \/>\n&#8211; Emiliano L\u00f3pez + M\u00f3nica Rivera<br \/>\n&#8211; Francisco Cifuentes<br \/>\n&#8211; Josep Bunyesc<br \/>\n&#8211; TEd\u2019A Arquitectes (Raimon Farr\u00e9, Jaume Mayol, Irene P\u00e9rez)<br \/>\n&#8211; unparelld\u2019arquitectes (Eduard Call\u00eds, Guillem Molin\u00e9)<\/p>\n<p>&nbsp;<\/p>","protected":false},"excerpt":{"rendered":"<p>Materia sensible: arquitectos j\u00f3venes catalanes\u201d es una muestra de arquitecturas realizadas por estudios j\u00f3venes establecidos al territorio catal\u00e1n y que comparten no tan s\u00f3lo el hecho generacional sino, sobre todo, unas actitudes y una manera de entender y ejercer la profesi\u00f3n. Es tambi\u00e9n una apuesta personal (y, por lo tanto, necesariamente parcial y no exenta [&hellip;]<\/p>\n","protected":false},"author":2,"featured_media":6602,"comment_status":"open","ping_status":"closed","sticky":false,"template":"","format":"standard","meta":{"footnotes":""},"categories":[1385,16],"tags":[15128,6267,3833,11629,15127,357,7563,4756,4753,6719,5054,541,10954,619,15125,2989,6079,6080,15123,4757,758,759,5055,12633,15122,15124,3832,4759,6078,15126,4758],"class_list":{"0":"post-6601","1":"post","2":"type-post","3":"status-publish","4":"format-standard","5":"has-post-thumbnail","7":"category-conferencias","8":"category-eventos","9":"tag-albert-domingo","10":"tag-arquitectura-catalana","11":"tag-bet-capdeferro","12":"tag-bosch-capdeferro-arquitectures","13":"tag-claudi-aguilo","14":"tag-conferencia","15":"tag-dataae-arquitectes","16":"tag-david-lorente","17":"tag-david-tapias","18":"tag-eduard-callis","19":"tag-emiliano-lopez","20":"tag-etsac","21":"tag-francisco-cifuentes","22":"tag-galicia","23":"tag-guillem-moline","24":"tag-h-arquitectes","25":"tag-irene-perez-piferrer","26":"tag-jaume-mayol-amengual","27":"tag-josep-bunyesc","28":"tag-josep-ricart","29":"tag-joven-arquitecto","30":"tag-joven-valor","31":"tag-monica-rivera","32":"tag-nua-arquitectures","33":"tag-nuria-salvado","34":"tag-raimon-farre","35":"tag-ramon-bosch","36":"tag-roger-tudo","37":"tag-teda-arquitectes","38":"tag-unparelldarquitectes","39":"tag-xavier-ros"},"yoast_head":"<!-- This site is optimized with the Yoast SEO plugin v27.4 - https:\/\/yoast.com\/product\/yoast-seo-wordpress\/ -->\n<title>Materia sensible: arquitectos j\u00f3venes catalanes - veredes<\/title>\n<meta name=\"description\" content=\"Toda la informaci\u00f3n sobre: [:es]Materia sensible: arquitectos j\u00f3venes catalanes[:gl]Materia sensible: arquitectos novos catal\u00e1ns[:en]Sensitive matter: Catalan young architects[:]\" \/>\n<meta name=\"robots\" content=\"index, follow, max-snippet:-1, max-image-preview:large, max-video-preview:-1\" \/>\n<link rel=\"canonical\" href=\"https:\/\/veredes.es\/blog\/materia-sensible-arquitectos-jovenes-catalanes\/\" \/>\n<meta property=\"og:locale\" content=\"es_ES\" \/>\n<meta property=\"og:type\" content=\"article\" \/>\n<meta property=\"og:title\" content=\"[:es]Materia sensible: arquitectos j\u00f3venes catalanes[:gl]Materia sensible: arquitectos novos catal\u00e1ns[:en]Sensitive matter: Catalan young architects[:] - veredes\" \/>\n<meta property=\"og:description\" content=\"Toda la informaci\u00f3n sobre: [:es]Materia sensible: arquitectos j\u00f3venes catalanes[:gl]Materia sensible: arquitectos novos catal\u00e1ns[:en]Sensitive matter: Catalan young architects[:]\" \/>\n<meta property=\"og:url\" content=\"https:\/\/veredes.es\/blog\/materia-sensible-arquitectos-jovenes-catalanes\/\" \/>\n<meta property=\"og:site_name\" content=\"veredes, arquitectura y divulgaci\u00f3n\" \/>\n<meta property=\"article:publisher\" content=\"https:\/\/www.facebook.com\/veredesArquitecturayDivulgacion\/\" \/>\n<meta property=\"article:author\" content=\"https:\/\/www.facebook.com\/veredesArquitecturayDivulgacion\/\" \/>\n<meta property=\"article:published_time\" content=\"2010-11-18T09:00:04+00:00\" \/>\n<meta property=\"article:modified_time\" content=\"2020-11-25T14:48:18+00:00\" \/>\n<meta property=\"og:image\" content=\"https:\/\/veredes.es\/blog\/wp-content\/uploads\/2010\/11\/cartell_50x70cm-454x636.jpg\" \/>\n\t<meta property=\"og:image:width\" content=\"350\" \/>\n\t<meta property=\"og:image:height\" content=\"490\" \/>\n\t<meta property=\"og:image:type\" content=\"image\/jpeg\" \/>\n<meta name=\"author\" content=\"veredes\" \/>\n<meta name=\"twitter:card\" content=\"summary_large_image\" \/>\n<meta name=\"twitter:creator\" content=\"@https:\/\/twitter.com\/veredes\" \/>\n<meta name=\"twitter:site\" content=\"@veredes\" \/>\n<meta name=\"twitter:label1\" content=\"Escrito por\" \/>\n\t<meta name=\"twitter:data1\" content=\"veredes\" \/>\n\t<meta name=\"twitter:label2\" content=\"Tiempo de lectura\" \/>\n\t<meta name=\"twitter:data2\" content=\"6 minutos\" \/>\n<script type=\"application\/ld+json\" class=\"yoast-schema-graph\">{\"@context\":\"https:\\\/\\\/schema.org\",\"@graph\":[{\"@type\":\"Article\",\"@id\":\"https:\\\/\\\/veredes.es\\\/blog\\\/materia-sensible-arquitectos-jovenes-catalanes\\\/#article\",\"isPartOf\":{\"@id\":\"https:\\\/\\\/veredes.es\\\/blog\\\/materia-sensible-arquitectos-jovenes-catalanes\\\/\"},\"author\":{\"name\":\"veredes\",\"@id\":\"https:\\\/\\\/veredes.es\\\/blog\\\/#\\\/schema\\\/person\\\/0bbb669073ef7faba5168a0844e93d2c\"},\"headline\":\"Materia sensible: arquitectos j\u00f3venes catalanes\",\"datePublished\":\"2010-11-18T09:00:04+00:00\",\"dateModified\":\"2020-11-25T14:48:18+00:00\",\"mainEntityOfPage\":{\"@id\":\"https:\\\/\\\/veredes.es\\\/blog\\\/materia-sensible-arquitectos-jovenes-catalanes\\\/\"},\"wordCount\":1153,\"commentCount\":47,\"publisher\":{\"@id\":\"https:\\\/\\\/veredes.es\\\/blog\\\/#organization\"},\"image\":{\"@id\":\"https:\\\/\\\/veredes.es\\\/blog\\\/materia-sensible-arquitectos-jovenes-catalanes\\\/#primaryimage\"},\"thumbnailUrl\":\"https:\\\/\\\/veredes.es\\\/blog\\\/wp-content\\\/uploads\\\/2010\\\/11\\\/cartell_50x70cm-454x636.jpg\",\"keywords\":[\"Albert Domingo\",\"arquitectura catalana\",\"Bet Capdeferro\",\"Bosch Capdeferro Arquitectures\",\"Claudi Aguil\u00f3\",\"conferencia\",\"dataAE arquitectes\",\"David Lorente\",\"david tapias\",\"eduard call\u00eds\",\"emiliano l\u00f3pez\",\"ETSAC\",\"Francisco Cifuentes\",\"Galicia\",\"Guillem Molin\u00e9\",\"h arquitectes\",\"Irene P\u00e9rez Piferrer\",\"Jaume Mayol Amengual\",\"Josep Bunyesc\",\"Josep Ricart\",\"joven arquitecto\",\"joven valor\",\"m\u00f2nica rivera\",\"NUA Arquitectures\",\"N\u00faria Salvad\u00f3\",\"Raimon Farr\u00e9\",\"ram\u00f3n bosch\",\"Roger Tud\u00f3\",\"TEd\u2019A arquitectes\",\"unparelld\u2019arquitectes\",\"Xavier Ros\"],\"articleSection\":[\"conferencias\",\"eventos\"],\"inLanguage\":\"es\",\"potentialAction\":[{\"@type\":\"CommentAction\",\"name\":\"Comment\",\"target\":[\"https:\\\/\\\/veredes.es\\\/blog\\\/materia-sensible-arquitectos-jovenes-catalanes\\\/#respond\"]}]},{\"@type\":\"WebPage\",\"@id\":\"https:\\\/\\\/veredes.es\\\/blog\\\/materia-sensible-arquitectos-jovenes-catalanes\\\/\",\"url\":\"https:\\\/\\\/veredes.es\\\/blog\\\/materia-sensible-arquitectos-jovenes-catalanes\\\/\",\"name\":\"[:es]Materia sensible: arquitectos j\u00f3venes catalanes[:gl]Materia sensible: arquitectos novos catal\u00e1ns[:en]Sensitive matter: Catalan young architects[:] - veredes\",\"isPartOf\":{\"@id\":\"https:\\\/\\\/veredes.es\\\/blog\\\/#website\"},\"primaryImageOfPage\":{\"@id\":\"https:\\\/\\\/veredes.es\\\/blog\\\/materia-sensible-arquitectos-jovenes-catalanes\\\/#primaryimage\"},\"image\":{\"@id\":\"https:\\\/\\\/veredes.es\\\/blog\\\/materia-sensible-arquitectos-jovenes-catalanes\\\/#primaryimage\"},\"thumbnailUrl\":\"https:\\\/\\\/veredes.es\\\/blog\\\/wp-content\\\/uploads\\\/2010\\\/11\\\/cartell_50x70cm-454x636.jpg\",\"datePublished\":\"2010-11-18T09:00:04+00:00\",\"dateModified\":\"2020-11-25T14:48:18+00:00\",\"description\":\"Toda la informaci\u00f3n sobre: [:es]Materia sensible: arquitectos j\u00f3venes catalanes[:gl]Materia sensible: arquitectos novos catal\u00e1ns[:en]Sensitive matter: Catalan young architects[:]\",\"breadcrumb\":{\"@id\":\"https:\\\/\\\/veredes.es\\\/blog\\\/materia-sensible-arquitectos-jovenes-catalanes\\\/#breadcrumb\"},\"inLanguage\":\"es\",\"potentialAction\":[{\"@type\":\"ReadAction\",\"target\":[\"https:\\\/\\\/veredes.es\\\/blog\\\/materia-sensible-arquitectos-jovenes-catalanes\\\/\"]}]},{\"@type\":\"ImageObject\",\"inLanguage\":\"es\",\"@id\":\"https:\\\/\\\/veredes.es\\\/blog\\\/materia-sensible-arquitectos-jovenes-catalanes\\\/#primaryimage\",\"url\":\"https:\\\/\\\/veredes.es\\\/blog\\\/wp-content\\\/uploads\\\/2010\\\/11\\\/cartell_50x70cm-454x636.jpg\",\"contentUrl\":\"https:\\\/\\\/veredes.es\\\/blog\\\/wp-content\\\/uploads\\\/2010\\\/11\\\/cartell_50x70cm-454x636.jpg\",\"width\":\"350\",\"height\":\"490\"},{\"@type\":\"BreadcrumbList\",\"@id\":\"https:\\\/\\\/veredes.es\\\/blog\\\/materia-sensible-arquitectos-jovenes-catalanes\\\/#breadcrumb\",\"itemListElement\":[{\"@type\":\"ListItem\",\"position\":1,\"name\":\"Portada\",\"item\":\"https:\\\/\\\/veredes.es\\\/blog\\\/\"},{\"@type\":\"ListItem\",\"position\":2,\"name\":\"Materia sensible: arquitectos j\u00f3venes catalanes\"}]},{\"@type\":\"WebSite\",\"@id\":\"https:\\\/\\\/veredes.es\\\/blog\\\/#website\",\"url\":\"https:\\\/\\\/veredes.es\\\/blog\\\/\",\"name\":\"veredes, arquitectura y divulgaci\u00f3n\",\"description\":\"veredes\",\"publisher\":{\"@id\":\"https:\\\/\\\/veredes.es\\\/blog\\\/#organization\"},\"alternateName\":\"veredes\",\"potentialAction\":[{\"@type\":\"SearchAction\",\"target\":{\"@type\":\"EntryPoint\",\"urlTemplate\":\"https:\\\/\\\/veredes.es\\\/blog\\\/?s={search_term_string}\"},\"query-input\":{\"@type\":\"PropertyValueSpecification\",\"valueRequired\":true,\"valueName\":\"search_term_string\"}}],\"inLanguage\":\"es\"},{\"@type\":\"Organization\",\"@id\":\"https:\\\/\\\/veredes.es\\\/blog\\\/#organization\",\"name\":\"veredes, arquitectura y divulgaci\u00f3n\",\"alternateName\":\"veredes\",\"url\":\"https:\\\/\\\/veredes.es\\\/blog\\\/\",\"logo\":{\"@type\":\"ImageObject\",\"inLanguage\":\"es\",\"@id\":\"https:\\\/\\\/veredes.es\\\/blog\\\/#\\\/schema\\\/logo\\\/image\\\/\",\"url\":\"https:\\\/\\\/veredes.es\\\/blog\\\/wp-content\\\/uploads\\\/2021\\\/12\\\/veredes-logo-centrado_140x54.png\",\"contentUrl\":\"https:\\\/\\\/veredes.es\\\/blog\\\/wp-content\\\/uploads\\\/2021\\\/12\\\/veredes-logo-centrado_140x54.png\",\"width\":140,\"height\":54,\"caption\":\"veredes, arquitectura y divulgaci\u00f3n\"},\"image\":{\"@id\":\"https:\\\/\\\/veredes.es\\\/blog\\\/#\\\/schema\\\/logo\\\/image\\\/\"},\"sameAs\":[\"https:\\\/\\\/www.facebook.com\\\/veredesArquitecturayDivulgacion\\\/\",\"https:\\\/\\\/x.com\\\/veredes\",\"https:\\\/\\\/instagram.com\\\/veredes\\\/\",\"https:\\\/\\\/www.linkedin.com\\\/company\\\/veredes-arquitectura-y-divulgacion\\\/\",\"https:\\\/\\\/es.pinterest.com\\\/veredes\\\/\",\"https:\\\/\\\/www.tumblr.com\\\/veredes\"]},{\"@type\":\"Person\",\"@id\":\"https:\\\/\\\/veredes.es\\\/blog\\\/#\\\/schema\\\/person\\\/0bbb669073ef7faba5168a0844e93d2c\",\"name\":\"veredes\",\"image\":{\"@type\":\"ImageObject\",\"inLanguage\":\"es\",\"@id\":\"https:\\\/\\\/veredes.es\\\/blog\\\/wp-content\\\/uploads\\\/2018\\\/04\\\/face-96x96.jpg\",\"url\":\"https:\\\/\\\/veredes.es\\\/blog\\\/wp-content\\\/uploads\\\/2018\\\/04\\\/face-96x96.jpg\",\"contentUrl\":\"https:\\\/\\\/veredes.es\\\/blog\\\/wp-content\\\/uploads\\\/2018\\\/04\\\/face-96x96.jpg\",\"caption\":\"veredes\"},\"description\":\"Surge enero de 2009 como b\u00fasqueda de satisfacer el conocimiento de la actividad arquitect\u00f3nica y tangentes que se generan. La idea es crear un espacio para divulgar los diversos proyectos en busca de nueva inspiraci\u00f3n y de intercambio.\",\"sameAs\":[\"https:\\\/\\\/veredes.es\\\/\",\"https:\\\/\\\/www.facebook.com\\\/veredesArquitecturayDivulgacion\\\/\",\"https:\\\/\\\/www.instagram.com\\\/veredes\\\/\",\"https:\\\/\\\/www.linkedin.com\\\/company\\\/veredes-arquitectura-y-divulgacion\\\/\",\"https:\\\/\\\/www.pinterest.es\\\/veredes\\\/\",\"https:\\\/\\\/x.com\\\/https:\\\/\\\/twitter.com\\\/veredes\",\"https:\\\/\\\/veredes.tumblr.com\\\/\"],\"url\":\"https:\\\/\\\/veredes.es\\\/blog\\\/author\\\/alberto\\\/\"}]}<\/script>\n<!-- \/ Yoast SEO plugin. -->","yoast_head_json":{"title":"[:es]Materia sensible: arquitectos j\u00f3venes catalanes[:gl]Materia sensible: arquitectos novos catal\u00e1ns[:en]Sensitive matter: Catalan young architects[:] - veredes","description":"Toda la informaci\u00f3n sobre: [:es]Materia sensible: arquitectos j\u00f3venes catalanes[:gl]Materia sensible: arquitectos novos catal\u00e1ns[:en]Sensitive matter: Catalan young architects[:]","robots":{"index":"index","follow":"follow","max-snippet":"max-snippet:-1","max-image-preview":"max-image-preview:large","max-video-preview":"max-video-preview:-1"},"canonical":"https:\/\/veredes.es\/blog\/materia-sensible-arquitectos-jovenes-catalanes\/","og_locale":"es_ES","og_type":"article","og_title":"[:es]Materia sensible: arquitectos j\u00f3venes catalanes[:gl]Materia sensible: arquitectos novos catal\u00e1ns[:en]Sensitive matter: Catalan young architects[:] - veredes","og_description":"Toda la informaci\u00f3n sobre: [:es]Materia sensible: arquitectos j\u00f3venes catalanes[:gl]Materia sensible: arquitectos novos catal\u00e1ns[:en]Sensitive matter: Catalan young architects[:]","og_url":"https:\/\/veredes.es\/blog\/materia-sensible-arquitectos-jovenes-catalanes\/","og_site_name":"veredes, arquitectura y divulgaci\u00f3n","article_publisher":"https:\/\/www.facebook.com\/veredesArquitecturayDivulgacion\/","article_author":"https:\/\/www.facebook.com\/veredesArquitecturayDivulgacion\/","article_published_time":"2010-11-18T09:00:04+00:00","article_modified_time":"2020-11-25T14:48:18+00:00","og_image":[{"width":350,"height":490,"url":"https:\/\/veredes.es\/blog\/wp-content\/uploads\/2010\/11\/cartell_50x70cm-454x636.jpg","type":"image\/jpeg"}],"author":"veredes","twitter_card":"summary_large_image","twitter_creator":"@https:\/\/twitter.com\/veredes","twitter_site":"@veredes","twitter_misc":{"Escrito por":"veredes","Tiempo de lectura":"6 minutos"},"schema":{"@context":"https:\/\/schema.org","@graph":[{"@type":"Article","@id":"https:\/\/veredes.es\/blog\/materia-sensible-arquitectos-jovenes-catalanes\/#article","isPartOf":{"@id":"https:\/\/veredes.es\/blog\/materia-sensible-arquitectos-jovenes-catalanes\/"},"author":{"name":"veredes","@id":"https:\/\/veredes.es\/blog\/#\/schema\/person\/0bbb669073ef7faba5168a0844e93d2c"},"headline":"Materia sensible: arquitectos j\u00f3venes catalanes","datePublished":"2010-11-18T09:00:04+00:00","dateModified":"2020-11-25T14:48:18+00:00","mainEntityOfPage":{"@id":"https:\/\/veredes.es\/blog\/materia-sensible-arquitectos-jovenes-catalanes\/"},"wordCount":1153,"commentCount":47,"publisher":{"@id":"https:\/\/veredes.es\/blog\/#organization"},"image":{"@id":"https:\/\/veredes.es\/blog\/materia-sensible-arquitectos-jovenes-catalanes\/#primaryimage"},"thumbnailUrl":"https:\/\/veredes.es\/blog\/wp-content\/uploads\/2010\/11\/cartell_50x70cm-454x636.jpg","keywords":["Albert Domingo","arquitectura catalana","Bet Capdeferro","Bosch Capdeferro Arquitectures","Claudi Aguil\u00f3","conferencia","dataAE arquitectes","David Lorente","david tapias","eduard call\u00eds","emiliano l\u00f3pez","ETSAC","Francisco Cifuentes","Galicia","Guillem Molin\u00e9","h arquitectes","Irene P\u00e9rez Piferrer","Jaume Mayol Amengual","Josep Bunyesc","Josep Ricart","joven arquitecto","joven valor","m\u00f2nica rivera","NUA Arquitectures","N\u00faria Salvad\u00f3","Raimon Farr\u00e9","ram\u00f3n bosch","Roger Tud\u00f3","TEd\u2019A arquitectes","unparelld\u2019arquitectes","Xavier Ros"],"articleSection":["conferencias","eventos"],"inLanguage":"es","potentialAction":[{"@type":"CommentAction","name":"Comment","target":["https:\/\/veredes.es\/blog\/materia-sensible-arquitectos-jovenes-catalanes\/#respond"]}]},{"@type":"WebPage","@id":"https:\/\/veredes.es\/blog\/materia-sensible-arquitectos-jovenes-catalanes\/","url":"https:\/\/veredes.es\/blog\/materia-sensible-arquitectos-jovenes-catalanes\/","name":"[:es]Materia sensible: arquitectos j\u00f3venes catalanes[:gl]Materia sensible: arquitectos novos catal\u00e1ns[:en]Sensitive matter: Catalan young architects[:] - veredes","isPartOf":{"@id":"https:\/\/veredes.es\/blog\/#website"},"primaryImageOfPage":{"@id":"https:\/\/veredes.es\/blog\/materia-sensible-arquitectos-jovenes-catalanes\/#primaryimage"},"image":{"@id":"https:\/\/veredes.es\/blog\/materia-sensible-arquitectos-jovenes-catalanes\/#primaryimage"},"thumbnailUrl":"https:\/\/veredes.es\/blog\/wp-content\/uploads\/2010\/11\/cartell_50x70cm-454x636.jpg","datePublished":"2010-11-18T09:00:04+00:00","dateModified":"2020-11-25T14:48:18+00:00","description":"Toda la informaci\u00f3n sobre: [:es]Materia sensible: arquitectos j\u00f3venes catalanes[:gl]Materia sensible: arquitectos novos catal\u00e1ns[:en]Sensitive matter: Catalan young architects[:]","breadcrumb":{"@id":"https:\/\/veredes.es\/blog\/materia-sensible-arquitectos-jovenes-catalanes\/#breadcrumb"},"inLanguage":"es","potentialAction":[{"@type":"ReadAction","target":["https:\/\/veredes.es\/blog\/materia-sensible-arquitectos-jovenes-catalanes\/"]}]},{"@type":"ImageObject","inLanguage":"es","@id":"https:\/\/veredes.es\/blog\/materia-sensible-arquitectos-jovenes-catalanes\/#primaryimage","url":"https:\/\/veredes.es\/blog\/wp-content\/uploads\/2010\/11\/cartell_50x70cm-454x636.jpg","contentUrl":"https:\/\/veredes.es\/blog\/wp-content\/uploads\/2010\/11\/cartell_50x70cm-454x636.jpg","width":"350","height":"490"},{"@type":"BreadcrumbList","@id":"https:\/\/veredes.es\/blog\/materia-sensible-arquitectos-jovenes-catalanes\/#breadcrumb","itemListElement":[{"@type":"ListItem","position":1,"name":"Portada","item":"https:\/\/veredes.es\/blog\/"},{"@type":"ListItem","position":2,"name":"Materia sensible: arquitectos j\u00f3venes catalanes"}]},{"@type":"WebSite","@id":"https:\/\/veredes.es\/blog\/#website","url":"https:\/\/veredes.es\/blog\/","name":"veredes, arquitectura y divulgaci\u00f3n","description":"veredes","publisher":{"@id":"https:\/\/veredes.es\/blog\/#organization"},"alternateName":"veredes","potentialAction":[{"@type":"SearchAction","target":{"@type":"EntryPoint","urlTemplate":"https:\/\/veredes.es\/blog\/?s={search_term_string}"},"query-input":{"@type":"PropertyValueSpecification","valueRequired":true,"valueName":"search_term_string"}}],"inLanguage":"es"},{"@type":"Organization","@id":"https:\/\/veredes.es\/blog\/#organization","name":"veredes, arquitectura y divulgaci\u00f3n","alternateName":"veredes","url":"https:\/\/veredes.es\/blog\/","logo":{"@type":"ImageObject","inLanguage":"es","@id":"https:\/\/veredes.es\/blog\/#\/schema\/logo\/image\/","url":"https:\/\/veredes.es\/blog\/wp-content\/uploads\/2021\/12\/veredes-logo-centrado_140x54.png","contentUrl":"https:\/\/veredes.es\/blog\/wp-content\/uploads\/2021\/12\/veredes-logo-centrado_140x54.png","width":140,"height":54,"caption":"veredes, arquitectura y divulgaci\u00f3n"},"image":{"@id":"https:\/\/veredes.es\/blog\/#\/schema\/logo\/image\/"},"sameAs":["https:\/\/www.facebook.com\/veredesArquitecturayDivulgacion\/","https:\/\/x.com\/veredes","https:\/\/instagram.com\/veredes\/","https:\/\/www.linkedin.com\/company\/veredes-arquitectura-y-divulgacion\/","https:\/\/es.pinterest.com\/veredes\/","https:\/\/www.tumblr.com\/veredes"]},{"@type":"Person","@id":"https:\/\/veredes.es\/blog\/#\/schema\/person\/0bbb669073ef7faba5168a0844e93d2c","name":"veredes","image":{"@type":"ImageObject","inLanguage":"es","@id":"https:\/\/veredes.es\/blog\/wp-content\/uploads\/2018\/04\/face-96x96.jpg","url":"https:\/\/veredes.es\/blog\/wp-content\/uploads\/2018\/04\/face-96x96.jpg","contentUrl":"https:\/\/veredes.es\/blog\/wp-content\/uploads\/2018\/04\/face-96x96.jpg","caption":"veredes"},"description":"Surge enero de 2009 como b\u00fasqueda de satisfacer el conocimiento de la actividad arquitect\u00f3nica y tangentes que se generan. La idea es crear un espacio para divulgar los diversos proyectos en busca de nueva inspiraci\u00f3n y de intercambio.","sameAs":["https:\/\/veredes.es\/","https:\/\/www.facebook.com\/veredesArquitecturayDivulgacion\/","https:\/\/www.instagram.com\/veredes\/","https:\/\/www.linkedin.com\/company\/veredes-arquitectura-y-divulgacion\/","https:\/\/www.pinterest.es\/veredes\/","https:\/\/x.com\/https:\/\/twitter.com\/veredes","https:\/\/veredes.tumblr.com\/"],"url":"https:\/\/veredes.es\/blog\/author\/alberto\/"}]}},"_links":{"self":[{"href":"https:\/\/veredes.es\/blog\/wp-json\/wp\/v2\/posts\/6601","targetHints":{"allow":["GET"]}}],"collection":[{"href":"https:\/\/veredes.es\/blog\/wp-json\/wp\/v2\/posts"}],"about":[{"href":"https:\/\/veredes.es\/blog\/wp-json\/wp\/v2\/types\/post"}],"author":[{"embeddable":true,"href":"https:\/\/veredes.es\/blog\/wp-json\/wp\/v2\/users\/2"}],"replies":[{"embeddable":true,"href":"https:\/\/veredes.es\/blog\/wp-json\/wp\/v2\/comments?post=6601"}],"version-history":[{"count":0,"href":"https:\/\/veredes.es\/blog\/wp-json\/wp\/v2\/posts\/6601\/revisions"}],"wp:featuredmedia":[{"embeddable":true,"href":"https:\/\/veredes.es\/blog\/wp-json\/wp\/v2\/media\/6602"}],"wp:attachment":[{"href":"https:\/\/veredes.es\/blog\/wp-json\/wp\/v2\/media?parent=6601"}],"wp:term":[{"taxonomy":"category","embeddable":true,"href":"https:\/\/veredes.es\/blog\/wp-json\/wp\/v2\/categories?post=6601"},{"taxonomy":"post_tag","embeddable":true,"href":"https:\/\/veredes.es\/blog\/wp-json\/wp\/v2\/tags?post=6601"}],"curies":[{"name":"wp","href":"https:\/\/api.w.org\/{rel}","templated":true}]}}