{"id":65973,"date":"2017-10-30T00:02:03","date_gmt":"2017-10-29T23:02:03","guid":{"rendered":"https:\/\/veredes.es\/blog\/?p=65973"},"modified":"2023-01-10T19:42:42","modified_gmt":"2023-01-10T18:42:42","slug":"dejar-huella-inigo-garcia-odiaga","status":"publish","type":"post","link":"https:\/\/veredes.es\/blog\/dejar-huella-inigo-garcia-odiaga\/","title":{"rendered":"Dejar huella | \u00cd\u00f1igo Garc\u00eda Odiaga"},"content":{"rendered":"<p><figure id=\"attachment_65974\" aria-describedby=\"caption-attachment-65974\" style=\"width: 750px\" class=\"wp-caption alignnone\"><img loading=\"lazy\" decoding=\"async\" class=\"wp-image-65974\" src=\"https:\/\/veredes.es\/blog\/wp-content\/uploads\/2017\/10\/Dejar-huella-\u00cd\u00f1igo-Garc\u00eda-Odiaga-Piazza-de-Jacopo-della-Quercia-de-Siena.jpg\" alt=\"Piazza de Jacopo della Quercia\" width=\"750\" height=\"569\" srcset=\"https:\/\/veredes.es\/blog\/wp-content\/uploads\/2017\/10\/Dejar-huella-\u00cd\u00f1igo-Garc\u00eda-Odiaga-Piazza-de-Jacopo-della-Quercia-de-Siena.jpg 650w, https:\/\/veredes.es\/blog\/wp-content\/uploads\/2017\/10\/Dejar-huella-\u00cd\u00f1igo-Garc\u00eda-Odiaga-Piazza-de-Jacopo-della-Quercia-de-Siena-300x228.jpg 300w\" sizes=\"auto, (max-width: 750px) 100vw, 750px\" \/><figcaption id=\"caption-attachment-65974\" class=\"wp-caption-text\"><span style=\"color: #999999;\">Piazza de Jacopo della Quercia | Fuente: <a href=\"https:\/\/onsomething.tumblr.com\/post\/150083322306\" target=\"_blank\" rel=\"noopener\">onsomething.tumblr.com<\/a><\/span><\/figcaption><\/figure><\/p>\n<p style=\"text-align: justify;\">Es evidente que lo construido marca el lugar, lo acota y define, por lo que su rastro es plausible y permanente en el tiempo, la masa de lo edificado puede ser incluso palpada. No es una huella, no es el vestigio que alguien o algo ha dejado all\u00ed, sino la presencia duradera de lo construido. Pero adem\u00e1s la arquitectura tambi\u00e9n deja huellas all\u00ed por donde pasa, al igual que lo hace el pie al caminar por el territorio. Una huella anuncia, da pistas de la ausencia de una presencia, y esa presencia ausente es el vac\u00edo.<\/p>\n<p style=\"text-align: justify;\">Al entrar en la Piazza de Jacopo della Quercia de Siena el visitante atento tendr\u00e1 una sensaci\u00f3n extra\u00f1a, contradictoria. Llamativamente a pesar de encontrarse en un exterior, ciertos detalles y rastros le indicar\u00e1n la existencia de un antiguo interior. Como si el espacio urbano se hubiese vuelto reversible y se le hubiese dado la vuelta como un calcet\u00edn. En el suelo de la plaza permanecen en piedra blanca los arranques cruciformes de unos pilares. Las fachadas de las edificaciones que conforman la plaza han absorbido columnas y arcos que parecen los vestigios de una gran construcci\u00f3n que no encaja con la escala actual de lo all\u00ed erigido. Ese vac\u00edo urbano es el legado de una arquitectura fallida, de la ampliaci\u00f3n interrumpida de la catedral de Siena, debido a la peste negra que paraliz\u00f3 la ciudad en 1348. La nave actual iba a convertirse en el crucero de un templo tres veces mayor, en la que la Piazza de Jacopo della Quercia ser\u00eda la futura nave central.<\/p>\n<figure id=\"attachment_65975\" aria-describedby=\"caption-attachment-65975\" style=\"width: 1200px\" class=\"wp-caption alignnone\"><img loading=\"lazy\" decoding=\"async\" class=\"wp-image-65975 size-full\" src=\"https:\/\/veredes.es\/blog\/wp-content\/uploads\/2017\/10\/Dejar-huella-\u00cd\u00f1igo-Garc\u00eda-Odiaga-plaza-del-Seagram-Building-en-el-375-de-Park-Avenue.-Mies-van-der-Rohe.jpg\" alt=\"Plaza del Seagram Building en el 375 de Park Avenue. Mies van der Rohe\" width=\"1200\" height=\"1204\" srcset=\"https:\/\/veredes.es\/blog\/wp-content\/uploads\/2017\/10\/Dejar-huella-\u00cd\u00f1igo-Garc\u00eda-Odiaga-plaza-del-Seagram-Building-en-el-375-de-Park-Avenue.-Mies-van-der-Rohe.jpg 1200w, https:\/\/veredes.es\/blog\/wp-content\/uploads\/2017\/10\/Dejar-huella-\u00cd\u00f1igo-Garc\u00eda-Odiaga-plaza-del-Seagram-Building-en-el-375-de-Park-Avenue.-Mies-van-der-Rohe-120x120.jpg 120w, https:\/\/veredes.es\/blog\/wp-content\/uploads\/2017\/10\/Dejar-huella-\u00cd\u00f1igo-Garc\u00eda-Odiaga-plaza-del-Seagram-Building-en-el-375-de-Park-Avenue.-Mies-van-der-Rohe-300x300.jpg 300w, https:\/\/veredes.es\/blog\/wp-content\/uploads\/2017\/10\/Dejar-huella-\u00cd\u00f1igo-Garc\u00eda-Odiaga-plaza-del-Seagram-Building-en-el-375-de-Park-Avenue.-Mies-van-der-Rohe-1021x1024.jpg 1021w, https:\/\/veredes.es\/blog\/wp-content\/uploads\/2017\/10\/Dejar-huella-\u00cd\u00f1igo-Garc\u00eda-Odiaga-plaza-del-Seagram-Building-en-el-375-de-Park-Avenue.-Mies-van-der-Rohe-150x150.jpg 150w\" sizes=\"auto, (max-width: 1200px) 100vw, 1200px\" \/><figcaption id=\"caption-attachment-65975\" class=\"wp-caption-text\"><span style=\"color: #999999;\">Plaza del Seagram Building en el 375 de Park Avenue. Mies van der Rohe<\/span><\/figcaption><\/figure>\n<p style=\"text-align: justify;\">Las huellas est\u00e1n ah\u00ed para quien quiera verlas, al igual que lo est\u00e1n en la plaza del Seagram Building en el 375 de Park Avenue. Mies van der Rohe retranque\u00f3 la torre, dando una lecci\u00f3n y una oportunidad al urbanismo de New York. A cambio de incentivos para los promotores en la zonificaci\u00f3n urbana, se cre\u00f3 esta plaza que construye un espacio p\u00fablico en propiedad privada.<\/p>\n<p style=\"text-align: justify;\">All\u00ed est\u00e1n los trazos de esta decisi\u00f3n, incrustadas en la acera unas placas de bronce delinean los l\u00edmites de la propiedad.\u00a0Son las huellas de un vac\u00edo proyectado por Mies, son las pistas para aquellos que quieran seguir el rastro de la arquitectura.<\/p>\n<figure id=\"attachment_65976\" aria-describedby=\"caption-attachment-65976\" style=\"width: 1200px\" class=\"wp-caption alignnone\"><img loading=\"lazy\" decoding=\"async\" class=\"wp-image-65976 size-full\" src=\"https:\/\/veredes.es\/blog\/wp-content\/uploads\/2017\/10\/Dejar-huella-\u00cd\u00f1igo-Garc\u00eda-Odiaga-placa-en-plaza-Seagram-Building-en-el-375-de-Park-Avenue.-Mies-van-der-Rohe.jpg\" alt=\"Placa en plaza Seagram Building en el 375 de Park Avenue. Mies van der Rohe\" width=\"1200\" height=\"738\" srcset=\"https:\/\/veredes.es\/blog\/wp-content\/uploads\/2017\/10\/Dejar-huella-\u00cd\u00f1igo-Garc\u00eda-Odiaga-placa-en-plaza-Seagram-Building-en-el-375-de-Park-Avenue.-Mies-van-der-Rohe.jpg 1200w, https:\/\/veredes.es\/blog\/wp-content\/uploads\/2017\/10\/Dejar-huella-\u00cd\u00f1igo-Garc\u00eda-Odiaga-placa-en-plaza-Seagram-Building-en-el-375-de-Park-Avenue.-Mies-van-der-Rohe-300x185.jpg 300w, https:\/\/veredes.es\/blog\/wp-content\/uploads\/2017\/10\/Dejar-huella-\u00cd\u00f1igo-Garc\u00eda-Odiaga-placa-en-plaza-Seagram-Building-en-el-375-de-Park-Avenue.-Mies-van-der-Rohe-1024x630.jpg 1024w\" sizes=\"auto, (max-width: 1200px) 100vw, 1200px\" \/><figcaption id=\"caption-attachment-65976\" class=\"wp-caption-text\"><span style=\"color: #999999;\">Placa en plaza Seagram Building en el 375 de Park Avenue. Mies van der Rohe<\/span><\/figcaption><\/figure>\n<p style=\"text-align: justify;\">\u00cd\u00f1igo Garc\u00eda Odiaga. arquitecto<br \/>\nSan Sebasti\u00e1n. enero\u00a02016<\/p>\n<p><\/p>","protected":false},"excerpt":{"rendered":"<p>Es evidente que lo construido marca el lugar, lo acota y define, por lo que su rastro es plausible y permanente en el tiempo, la masa de lo edificado puede ser incluso palpada. No es una huella, no es el vestigio que alguien o algo ha dejado all\u00ed, sino la presencia duradera de lo construido. [&hellip;]<\/p>\n","protected":false},"author":31,"featured_media":65974,"comment_status":"open","ping_status":"closed","sticky":false,"template":"","format":"standard","meta":{"footnotes":""},"categories":[5934,5951],"tags":[6657,5907,516,668,4285,865],"class_list":{"0":"post-65973","1":"post","2":"type-post","3":"status-publish","4":"format-standard","5":"has-post-thumbnail","7":"category-articulos","8":"category-slider-principal","9":"tag-arquitectura-italiana","10":"tag-espacio-privado","11":"tag-espacio-publico","12":"tag-historia","13":"tag-inigo-garcia-odiaga","14":"tag-mies-van-der-rohe"},"yoast_head":"<!-- This site is optimized with the Yoast SEO plugin v27.5 - https:\/\/yoast.com\/product\/yoast-seo-wordpress\/ -->\n<title>Dejar huella | \u00cd\u00f1igo Garc\u00eda Odiaga - veredes<\/title>\n<meta name=\"description\" content=\"Toda la informaci\u00f3n sobre: [:es]Dejar huella | \u00cd\u00f1igo Garc\u00eda Odiaga[:gl]Deixar pegada | \u00cd\u00f1igo Garc\u00eda Odiaga[:en]Having fingerprint | \u00cd\u00f1igo Garc\u00eda Odiaga [:]\" \/>\n<meta name=\"robots\" content=\"index, follow, max-snippet:-1, max-image-preview:large, max-video-preview:-1\" \/>\n<link rel=\"canonical\" href=\"https:\/\/veredes.es\/blog\/dejar-huella-inigo-garcia-odiaga\/\" \/>\n<meta property=\"og:locale\" content=\"es_ES\" \/>\n<meta property=\"og:type\" content=\"article\" \/>\n<meta property=\"og:title\" content=\"[:es]Dejar huella | \u00cd\u00f1igo Garc\u00eda Odiaga[:gl]Deixar pegada | \u00cd\u00f1igo Garc\u00eda Odiaga[:en]Having fingerprint | \u00cd\u00f1igo Garc\u00eda Odiaga [:] - veredes\" \/>\n<meta property=\"og:description\" content=\"Toda la informaci\u00f3n sobre: [:es]Dejar huella | \u00cd\u00f1igo Garc\u00eda Odiaga[:gl]Deixar pegada | \u00cd\u00f1igo Garc\u00eda Odiaga[:en]Having fingerprint | \u00cd\u00f1igo Garc\u00eda Odiaga [:]\" \/>\n<meta property=\"og:url\" content=\"https:\/\/veredes.es\/blog\/dejar-huella-inigo-garcia-odiaga\/\" \/>\n<meta property=\"og:site_name\" content=\"veredes, arquitectura y divulgaci\u00f3n\" \/>\n<meta property=\"article:publisher\" content=\"https:\/\/www.facebook.com\/veredesArquitecturayDivulgacion\/\" \/>\n<meta property=\"article:author\" content=\"https:\/\/www.facebook.com\/inigo.garciaodiaga\" \/>\n<meta property=\"article:published_time\" content=\"2017-10-29T23:02:03+00:00\" \/>\n<meta property=\"article:modified_time\" content=\"2023-01-10T18:42:42+00:00\" \/>\n<meta property=\"og:image\" content=\"https:\/\/veredes.es\/blog\/wp-content\/uploads\/2017\/10\/Dejar-huella-\u00cd\u00f1igo-Garc\u00eda-Odiaga-Piazza-de-Jacopo-della-Quercia-de-Siena.jpg\" \/>\n\t<meta property=\"og:image:width\" content=\"650\" \/>\n\t<meta property=\"og:image:height\" content=\"493\" \/>\n\t<meta property=\"og:image:type\" content=\"image\/jpeg\" \/>\n<meta name=\"author\" content=\"\u00cd\u00f1igo Garc\u00eda Odiaga\" \/>\n<meta name=\"twitter:card\" content=\"summary_large_image\" \/>\n<meta name=\"twitter:creator\" content=\"@https:\/\/twitter.com\/IOdiaga\" \/>\n<meta name=\"twitter:site\" content=\"@veredes\" \/>\n<meta name=\"twitter:label1\" content=\"Escrito por\" \/>\n\t<meta name=\"twitter:data1\" content=\"\u00cd\u00f1igo Garc\u00eda Odiaga\" \/>\n\t<meta name=\"twitter:label2\" content=\"Tiempo de lectura\" \/>\n\t<meta name=\"twitter:data2\" content=\"3 minutos\" \/>\n<script type=\"application\/ld+json\" class=\"yoast-schema-graph\">{\"@context\":\"https:\\\/\\\/schema.org\",\"@graph\":[{\"@type\":\"Article\",\"@id\":\"https:\\\/\\\/veredes.es\\\/blog\\\/dejar-huella-inigo-garcia-odiaga\\\/#article\",\"isPartOf\":{\"@id\":\"https:\\\/\\\/veredes.es\\\/blog\\\/dejar-huella-inigo-garcia-odiaga\\\/\"},\"author\":{\"name\":\"\u00cd\u00f1igo Garc\u00eda Odiaga\",\"@id\":\"https:\\\/\\\/veredes.es\\\/blog\\\/#\\\/schema\\\/person\\\/7edb23bf36ddbe2d9c8f4cf5fae64668\"},\"headline\":\"Dejar huella | \u00cd\u00f1igo Garc\u00eda Odiaga\",\"datePublished\":\"2017-10-29T23:02:03+00:00\",\"dateModified\":\"2023-01-10T18:42:42+00:00\",\"mainEntityOfPage\":{\"@id\":\"https:\\\/\\\/veredes.es\\\/blog\\\/dejar-huella-inigo-garcia-odiaga\\\/\"},\"wordCount\":1328,\"commentCount\":0,\"publisher\":{\"@id\":\"https:\\\/\\\/veredes.es\\\/blog\\\/#organization\"},\"image\":{\"@id\":\"https:\\\/\\\/veredes.es\\\/blog\\\/dejar-huella-inigo-garcia-odiaga\\\/#primaryimage\"},\"thumbnailUrl\":\"https:\\\/\\\/veredes.es\\\/blog\\\/wp-content\\\/uploads\\\/2017\\\/10\\\/Dejar-huella-\u00cd\u00f1igo-Garc\u00eda-Odiaga-Piazza-de-Jacopo-della-Quercia-de-Siena.jpg\",\"keywords\":[\"arquitectura italiana\",\"espacio privado\",\"espacio p\u00fablico\",\"historia\",\"\u00cd\u00f1igo Garc\u00eda Odiaga\",\"Mies van der Rohe\"],\"articleSection\":[\"art\u00edculos\",\"slider principal\"],\"inLanguage\":\"es\",\"potentialAction\":[{\"@type\":\"CommentAction\",\"name\":\"Comment\",\"target\":[\"https:\\\/\\\/veredes.es\\\/blog\\\/dejar-huella-inigo-garcia-odiaga\\\/#respond\"]}]},{\"@type\":\"WebPage\",\"@id\":\"https:\\\/\\\/veredes.es\\\/blog\\\/dejar-huella-inigo-garcia-odiaga\\\/\",\"url\":\"https:\\\/\\\/veredes.es\\\/blog\\\/dejar-huella-inigo-garcia-odiaga\\\/\",\"name\":\"[:es]Dejar huella | \u00cd\u00f1igo Garc\u00eda Odiaga[:gl]Deixar pegada | \u00cd\u00f1igo Garc\u00eda Odiaga[:en]Having fingerprint | \u00cd\u00f1igo Garc\u00eda Odiaga [:] - veredes\",\"isPartOf\":{\"@id\":\"https:\\\/\\\/veredes.es\\\/blog\\\/#website\"},\"primaryImageOfPage\":{\"@id\":\"https:\\\/\\\/veredes.es\\\/blog\\\/dejar-huella-inigo-garcia-odiaga\\\/#primaryimage\"},\"image\":{\"@id\":\"https:\\\/\\\/veredes.es\\\/blog\\\/dejar-huella-inigo-garcia-odiaga\\\/#primaryimage\"},\"thumbnailUrl\":\"https:\\\/\\\/veredes.es\\\/blog\\\/wp-content\\\/uploads\\\/2017\\\/10\\\/Dejar-huella-\u00cd\u00f1igo-Garc\u00eda-Odiaga-Piazza-de-Jacopo-della-Quercia-de-Siena.jpg\",\"datePublished\":\"2017-10-29T23:02:03+00:00\",\"dateModified\":\"2023-01-10T18:42:42+00:00\",\"description\":\"Toda la informaci\u00f3n sobre: [:es]Dejar huella | \u00cd\u00f1igo Garc\u00eda Odiaga[:gl]Deixar pegada | \u00cd\u00f1igo Garc\u00eda Odiaga[:en]Having fingerprint | \u00cd\u00f1igo Garc\u00eda Odiaga [:]\",\"breadcrumb\":{\"@id\":\"https:\\\/\\\/veredes.es\\\/blog\\\/dejar-huella-inigo-garcia-odiaga\\\/#breadcrumb\"},\"inLanguage\":\"es\",\"potentialAction\":[{\"@type\":\"ReadAction\",\"target\":[\"https:\\\/\\\/veredes.es\\\/blog\\\/dejar-huella-inigo-garcia-odiaga\\\/\"]}]},{\"@type\":\"ImageObject\",\"inLanguage\":\"es\",\"@id\":\"https:\\\/\\\/veredes.es\\\/blog\\\/dejar-huella-inigo-garcia-odiaga\\\/#primaryimage\",\"url\":\"https:\\\/\\\/veredes.es\\\/blog\\\/wp-content\\\/uploads\\\/2017\\\/10\\\/Dejar-huella-\u00cd\u00f1igo-Garc\u00eda-Odiaga-Piazza-de-Jacopo-della-Quercia-de-Siena.jpg\",\"contentUrl\":\"https:\\\/\\\/veredes.es\\\/blog\\\/wp-content\\\/uploads\\\/2017\\\/10\\\/Dejar-huella-\u00cd\u00f1igo-Garc\u00eda-Odiaga-Piazza-de-Jacopo-della-Quercia-de-Siena.jpg\",\"width\":650,\"height\":493,\"caption\":\"Piazza de Jacopo della Quercia\"},{\"@type\":\"BreadcrumbList\",\"@id\":\"https:\\\/\\\/veredes.es\\\/blog\\\/dejar-huella-inigo-garcia-odiaga\\\/#breadcrumb\",\"itemListElement\":[{\"@type\":\"ListItem\",\"position\":1,\"name\":\"Portada\",\"item\":\"https:\\\/\\\/veredes.es\\\/blog\\\/\"},{\"@type\":\"ListItem\",\"position\":2,\"name\":\"Dejar huella | \u00cd\u00f1igo Garc\u00eda Odiaga\"}]},{\"@type\":\"WebSite\",\"@id\":\"https:\\\/\\\/veredes.es\\\/blog\\\/#website\",\"url\":\"https:\\\/\\\/veredes.es\\\/blog\\\/\",\"name\":\"veredes, arquitectura y divulgaci\u00f3n\",\"description\":\"veredes\",\"publisher\":{\"@id\":\"https:\\\/\\\/veredes.es\\\/blog\\\/#organization\"},\"alternateName\":\"veredes\",\"potentialAction\":[{\"@type\":\"SearchAction\",\"target\":{\"@type\":\"EntryPoint\",\"urlTemplate\":\"https:\\\/\\\/veredes.es\\\/blog\\\/?s={search_term_string}\"},\"query-input\":{\"@type\":\"PropertyValueSpecification\",\"valueRequired\":true,\"valueName\":\"search_term_string\"}}],\"inLanguage\":\"es\"},{\"@type\":\"Organization\",\"@id\":\"https:\\\/\\\/veredes.es\\\/blog\\\/#organization\",\"name\":\"veredes, arquitectura y divulgaci\u00f3n\",\"alternateName\":\"veredes\",\"url\":\"https:\\\/\\\/veredes.es\\\/blog\\\/\",\"logo\":{\"@type\":\"ImageObject\",\"inLanguage\":\"es\",\"@id\":\"https:\\\/\\\/veredes.es\\\/blog\\\/#\\\/schema\\\/logo\\\/image\\\/\",\"url\":\"https:\\\/\\\/veredes.es\\\/blog\\\/wp-content\\\/uploads\\\/2021\\\/12\\\/veredes-logo-centrado_140x54.png\",\"contentUrl\":\"https:\\\/\\\/veredes.es\\\/blog\\\/wp-content\\\/uploads\\\/2021\\\/12\\\/veredes-logo-centrado_140x54.png\",\"width\":140,\"height\":54,\"caption\":\"veredes, arquitectura y divulgaci\u00f3n\"},\"image\":{\"@id\":\"https:\\\/\\\/veredes.es\\\/blog\\\/#\\\/schema\\\/logo\\\/image\\\/\"},\"sameAs\":[\"https:\\\/\\\/www.facebook.com\\\/veredesArquitecturayDivulgacion\\\/\",\"https:\\\/\\\/x.com\\\/veredes\",\"https:\\\/\\\/instagram.com\\\/veredes\\\/\",\"https:\\\/\\\/www.linkedin.com\\\/company\\\/veredes-arquitectura-y-divulgacion\\\/\",\"https:\\\/\\\/es.pinterest.com\\\/veredes\\\/\",\"https:\\\/\\\/www.tumblr.com\\\/veredes\"]},{\"@type\":\"Person\",\"@id\":\"https:\\\/\\\/veredes.es\\\/blog\\\/#\\\/schema\\\/person\\\/7edb23bf36ddbe2d9c8f4cf5fae64668\",\"name\":\"\u00cd\u00f1igo Garc\u00eda Odiaga\",\"image\":{\"@type\":\"ImageObject\",\"inLanguage\":\"es\",\"@id\":\"https:\\\/\\\/veredes.es\\\/blog\\\/wp-content\\\/uploads\\\/2018\\\/04\\\/\u00cd\u00f1igo-Garc\u00eda-Odiaga-96x96.jpg\",\"url\":\"https:\\\/\\\/veredes.es\\\/blog\\\/wp-content\\\/uploads\\\/2018\\\/04\\\/\u00cd\u00f1igo-Garc\u00eda-Odiaga-96x96.jpg\",\"contentUrl\":\"https:\\\/\\\/veredes.es\\\/blog\\\/wp-content\\\/uploads\\\/2018\\\/04\\\/\u00cd\u00f1igo-Garc\u00eda-Odiaga-96x96.jpg\",\"caption\":\"\u00cd\u00f1igo Garc\u00eda Odiaga\"},\"description\":\"Doctor Arquitecto y profesor asociado de Proyectos Arquitect\u00f3nicos, ETSASS. Editor de NOMU. 1\\\/5 del estudio de arquitectura VAUMM. Vivo en Donosti.\",\"sameAs\":[\"http:\\\/\\\/vaumm.com\\\/\",\"https:\\\/\\\/www.facebook.com\\\/inigo.garciaodiaga\",\"https:\\\/\\\/www.instagram.com\\\/okamika\\\/\",\"https:\\\/\\\/x.com\\\/https:\\\/\\\/twitter.com\\\/IOdiaga\"],\"url\":\"https:\\\/\\\/veredes.es\\\/blog\\\/author\\\/inigog\\\/\"}]}<\/script>\n<!-- \/ Yoast SEO plugin. -->","yoast_head_json":{"title":"[:es]Dejar huella | \u00cd\u00f1igo Garc\u00eda Odiaga[:gl]Deixar pegada | \u00cd\u00f1igo Garc\u00eda Odiaga[:en]Having fingerprint | \u00cd\u00f1igo Garc\u00eda Odiaga [:] - veredes","description":"Toda la informaci\u00f3n sobre: [:es]Dejar huella | \u00cd\u00f1igo Garc\u00eda Odiaga[:gl]Deixar pegada | \u00cd\u00f1igo Garc\u00eda Odiaga[:en]Having fingerprint | \u00cd\u00f1igo Garc\u00eda Odiaga [:]","robots":{"index":"index","follow":"follow","max-snippet":"max-snippet:-1","max-image-preview":"max-image-preview:large","max-video-preview":"max-video-preview:-1"},"canonical":"https:\/\/veredes.es\/blog\/dejar-huella-inigo-garcia-odiaga\/","og_locale":"es_ES","og_type":"article","og_title":"[:es]Dejar huella | \u00cd\u00f1igo Garc\u00eda Odiaga[:gl]Deixar pegada | \u00cd\u00f1igo Garc\u00eda Odiaga[:en]Having fingerprint | \u00cd\u00f1igo Garc\u00eda Odiaga [:] - veredes","og_description":"Toda la informaci\u00f3n sobre: [:es]Dejar huella | \u00cd\u00f1igo Garc\u00eda Odiaga[:gl]Deixar pegada | \u00cd\u00f1igo Garc\u00eda Odiaga[:en]Having fingerprint | \u00cd\u00f1igo Garc\u00eda Odiaga [:]","og_url":"https:\/\/veredes.es\/blog\/dejar-huella-inigo-garcia-odiaga\/","og_site_name":"veredes, arquitectura y divulgaci\u00f3n","article_publisher":"https:\/\/www.facebook.com\/veredesArquitecturayDivulgacion\/","article_author":"https:\/\/www.facebook.com\/inigo.garciaodiaga","article_published_time":"2017-10-29T23:02:03+00:00","article_modified_time":"2023-01-10T18:42:42+00:00","og_image":[{"width":650,"height":493,"url":"https:\/\/veredes.es\/blog\/wp-content\/uploads\/2017\/10\/Dejar-huella-\u00cd\u00f1igo-Garc\u00eda-Odiaga-Piazza-de-Jacopo-della-Quercia-de-Siena.jpg","type":"image\/jpeg"}],"author":"\u00cd\u00f1igo Garc\u00eda Odiaga","twitter_card":"summary_large_image","twitter_creator":"@https:\/\/twitter.com\/IOdiaga","twitter_site":"@veredes","twitter_misc":{"Escrito por":"\u00cd\u00f1igo Garc\u00eda Odiaga","Tiempo de lectura":"3 minutos"},"schema":{"@context":"https:\/\/schema.org","@graph":[{"@type":"Article","@id":"https:\/\/veredes.es\/blog\/dejar-huella-inigo-garcia-odiaga\/#article","isPartOf":{"@id":"https:\/\/veredes.es\/blog\/dejar-huella-inigo-garcia-odiaga\/"},"author":{"name":"\u00cd\u00f1igo Garc\u00eda Odiaga","@id":"https:\/\/veredes.es\/blog\/#\/schema\/person\/7edb23bf36ddbe2d9c8f4cf5fae64668"},"headline":"Dejar huella | \u00cd\u00f1igo Garc\u00eda Odiaga","datePublished":"2017-10-29T23:02:03+00:00","dateModified":"2023-01-10T18:42:42+00:00","mainEntityOfPage":{"@id":"https:\/\/veredes.es\/blog\/dejar-huella-inigo-garcia-odiaga\/"},"wordCount":1328,"commentCount":0,"publisher":{"@id":"https:\/\/veredes.es\/blog\/#organization"},"image":{"@id":"https:\/\/veredes.es\/blog\/dejar-huella-inigo-garcia-odiaga\/#primaryimage"},"thumbnailUrl":"https:\/\/veredes.es\/blog\/wp-content\/uploads\/2017\/10\/Dejar-huella-\u00cd\u00f1igo-Garc\u00eda-Odiaga-Piazza-de-Jacopo-della-Quercia-de-Siena.jpg","keywords":["arquitectura italiana","espacio privado","espacio p\u00fablico","historia","\u00cd\u00f1igo Garc\u00eda Odiaga","Mies van der Rohe"],"articleSection":["art\u00edculos","slider principal"],"inLanguage":"es","potentialAction":[{"@type":"CommentAction","name":"Comment","target":["https:\/\/veredes.es\/blog\/dejar-huella-inigo-garcia-odiaga\/#respond"]}]},{"@type":"WebPage","@id":"https:\/\/veredes.es\/blog\/dejar-huella-inigo-garcia-odiaga\/","url":"https:\/\/veredes.es\/blog\/dejar-huella-inigo-garcia-odiaga\/","name":"[:es]Dejar huella | \u00cd\u00f1igo Garc\u00eda Odiaga[:gl]Deixar pegada | \u00cd\u00f1igo Garc\u00eda Odiaga[:en]Having fingerprint | \u00cd\u00f1igo Garc\u00eda Odiaga [:] - veredes","isPartOf":{"@id":"https:\/\/veredes.es\/blog\/#website"},"primaryImageOfPage":{"@id":"https:\/\/veredes.es\/blog\/dejar-huella-inigo-garcia-odiaga\/#primaryimage"},"image":{"@id":"https:\/\/veredes.es\/blog\/dejar-huella-inigo-garcia-odiaga\/#primaryimage"},"thumbnailUrl":"https:\/\/veredes.es\/blog\/wp-content\/uploads\/2017\/10\/Dejar-huella-\u00cd\u00f1igo-Garc\u00eda-Odiaga-Piazza-de-Jacopo-della-Quercia-de-Siena.jpg","datePublished":"2017-10-29T23:02:03+00:00","dateModified":"2023-01-10T18:42:42+00:00","description":"Toda la informaci\u00f3n sobre: [:es]Dejar huella | \u00cd\u00f1igo Garc\u00eda Odiaga[:gl]Deixar pegada | \u00cd\u00f1igo Garc\u00eda Odiaga[:en]Having fingerprint | \u00cd\u00f1igo Garc\u00eda Odiaga [:]","breadcrumb":{"@id":"https:\/\/veredes.es\/blog\/dejar-huella-inigo-garcia-odiaga\/#breadcrumb"},"inLanguage":"es","potentialAction":[{"@type":"ReadAction","target":["https:\/\/veredes.es\/blog\/dejar-huella-inigo-garcia-odiaga\/"]}]},{"@type":"ImageObject","inLanguage":"es","@id":"https:\/\/veredes.es\/blog\/dejar-huella-inigo-garcia-odiaga\/#primaryimage","url":"https:\/\/veredes.es\/blog\/wp-content\/uploads\/2017\/10\/Dejar-huella-\u00cd\u00f1igo-Garc\u00eda-Odiaga-Piazza-de-Jacopo-della-Quercia-de-Siena.jpg","contentUrl":"https:\/\/veredes.es\/blog\/wp-content\/uploads\/2017\/10\/Dejar-huella-\u00cd\u00f1igo-Garc\u00eda-Odiaga-Piazza-de-Jacopo-della-Quercia-de-Siena.jpg","width":650,"height":493,"caption":"Piazza de Jacopo della Quercia"},{"@type":"BreadcrumbList","@id":"https:\/\/veredes.es\/blog\/dejar-huella-inigo-garcia-odiaga\/#breadcrumb","itemListElement":[{"@type":"ListItem","position":1,"name":"Portada","item":"https:\/\/veredes.es\/blog\/"},{"@type":"ListItem","position":2,"name":"Dejar huella | \u00cd\u00f1igo Garc\u00eda Odiaga"}]},{"@type":"WebSite","@id":"https:\/\/veredes.es\/blog\/#website","url":"https:\/\/veredes.es\/blog\/","name":"veredes, arquitectura y divulgaci\u00f3n","description":"veredes","publisher":{"@id":"https:\/\/veredes.es\/blog\/#organization"},"alternateName":"veredes","potentialAction":[{"@type":"SearchAction","target":{"@type":"EntryPoint","urlTemplate":"https:\/\/veredes.es\/blog\/?s={search_term_string}"},"query-input":{"@type":"PropertyValueSpecification","valueRequired":true,"valueName":"search_term_string"}}],"inLanguage":"es"},{"@type":"Organization","@id":"https:\/\/veredes.es\/blog\/#organization","name":"veredes, arquitectura y divulgaci\u00f3n","alternateName":"veredes","url":"https:\/\/veredes.es\/blog\/","logo":{"@type":"ImageObject","inLanguage":"es","@id":"https:\/\/veredes.es\/blog\/#\/schema\/logo\/image\/","url":"https:\/\/veredes.es\/blog\/wp-content\/uploads\/2021\/12\/veredes-logo-centrado_140x54.png","contentUrl":"https:\/\/veredes.es\/blog\/wp-content\/uploads\/2021\/12\/veredes-logo-centrado_140x54.png","width":140,"height":54,"caption":"veredes, arquitectura y divulgaci\u00f3n"},"image":{"@id":"https:\/\/veredes.es\/blog\/#\/schema\/logo\/image\/"},"sameAs":["https:\/\/www.facebook.com\/veredesArquitecturayDivulgacion\/","https:\/\/x.com\/veredes","https:\/\/instagram.com\/veredes\/","https:\/\/www.linkedin.com\/company\/veredes-arquitectura-y-divulgacion\/","https:\/\/es.pinterest.com\/veredes\/","https:\/\/www.tumblr.com\/veredes"]},{"@type":"Person","@id":"https:\/\/veredes.es\/blog\/#\/schema\/person\/7edb23bf36ddbe2d9c8f4cf5fae64668","name":"\u00cd\u00f1igo Garc\u00eda Odiaga","image":{"@type":"ImageObject","inLanguage":"es","@id":"https:\/\/veredes.es\/blog\/wp-content\/uploads\/2018\/04\/\u00cd\u00f1igo-Garc\u00eda-Odiaga-96x96.jpg","url":"https:\/\/veredes.es\/blog\/wp-content\/uploads\/2018\/04\/\u00cd\u00f1igo-Garc\u00eda-Odiaga-96x96.jpg","contentUrl":"https:\/\/veredes.es\/blog\/wp-content\/uploads\/2018\/04\/\u00cd\u00f1igo-Garc\u00eda-Odiaga-96x96.jpg","caption":"\u00cd\u00f1igo Garc\u00eda Odiaga"},"description":"Doctor Arquitecto y profesor asociado de Proyectos Arquitect\u00f3nicos, ETSASS. Editor de NOMU. 1\/5 del estudio de arquitectura VAUMM. Vivo en Donosti.","sameAs":["http:\/\/vaumm.com\/","https:\/\/www.facebook.com\/inigo.garciaodiaga","https:\/\/www.instagram.com\/okamika\/","https:\/\/x.com\/https:\/\/twitter.com\/IOdiaga"],"url":"https:\/\/veredes.es\/blog\/author\/inigog\/"}]}},"_links":{"self":[{"href":"https:\/\/veredes.es\/blog\/wp-json\/wp\/v2\/posts\/65973","targetHints":{"allow":["GET"]}}],"collection":[{"href":"https:\/\/veredes.es\/blog\/wp-json\/wp\/v2\/posts"}],"about":[{"href":"https:\/\/veredes.es\/blog\/wp-json\/wp\/v2\/types\/post"}],"author":[{"embeddable":true,"href":"https:\/\/veredes.es\/blog\/wp-json\/wp\/v2\/users\/31"}],"replies":[{"embeddable":true,"href":"https:\/\/veredes.es\/blog\/wp-json\/wp\/v2\/comments?post=65973"}],"version-history":[{"count":0,"href":"https:\/\/veredes.es\/blog\/wp-json\/wp\/v2\/posts\/65973\/revisions"}],"wp:featuredmedia":[{"embeddable":true,"href":"https:\/\/veredes.es\/blog\/wp-json\/wp\/v2\/media\/65974"}],"wp:attachment":[{"href":"https:\/\/veredes.es\/blog\/wp-json\/wp\/v2\/media?parent=65973"}],"wp:term":[{"taxonomy":"category","embeddable":true,"href":"https:\/\/veredes.es\/blog\/wp-json\/wp\/v2\/categories?post=65973"},{"taxonomy":"post_tag","embeddable":true,"href":"https:\/\/veredes.es\/blog\/wp-json\/wp\/v2\/tags?post=65973"}],"curies":[{"name":"wp","href":"https:\/\/api.w.org\/{rel}","templated":true}]}}