{"id":65322,"date":"2017-08-08T00:05:39","date_gmt":"2017-08-07T22:05:39","guid":{"rendered":"http:\/\/veredes.es\/blog\/?p=65322"},"modified":"2023-01-02T09:33:16","modified_gmt":"2023-01-02T08:33:16","slug":"factoria-cultural-lanza-9-becas-nuevo-programa-incubacion-emprendearquitectura","status":"publish","type":"post","link":"https:\/\/veredes.es\/blog\/factoria-cultural-lanza-9-becas-nuevo-programa-incubacion-emprendearquitectura\/","title":{"rendered":"Factor\u00eda Cultural lanza 9 becas para su nuevo programa de incubaci\u00f3n EmprendeArquitectura"},"content":{"rendered":"<p><\/p>\n<p style=\"text-align: justify;\"><img loading=\"lazy\" decoding=\"async\" class=\"alignnone wp-image-65323\" src=\"http:\/\/veredes.es\/blog\/wp-content\/uploads\/2017\/08\/Factor\u00eda-Cultural-lanza-9-becas-para-su-nuevo-programa-de-incubaci\u00f3n-EmprendeArquitectura.png\" alt=\"Factor\u00eda Cultural lanza 9 becas para su nuevo programa de incubaci\u00f3n EmprendeArquitectura\" width=\"640\" height=\"274\" srcset=\"https:\/\/veredes.es\/blog\/wp-content\/uploads\/2017\/08\/Factor\u00eda-Cultural-lanza-9-becas-para-su-nuevo-programa-de-incubaci\u00f3n-EmprendeArquitectura.png 644w, https:\/\/veredes.es\/blog\/wp-content\/uploads\/2017\/08\/Factor\u00eda-Cultural-lanza-9-becas-para-su-nuevo-programa-de-incubaci\u00f3n-EmprendeArquitectura-300x129.png 300w\" sizes=\"auto, (max-width: 640px) 100vw, 640px\" \/><\/p>\n<p style=\"text-align: justify;\"><strong>Factor\u00eda Cultural, Vivero de Industrias Creativas de Matadero Madrid<\/strong> une sus fuerzas con el Colegio Oficial de Arquitectos de Madrid (COAM) en la primera edici\u00f3n de EmprendeArquitectura, un programa de apoyo a propuestas innovadoras que apuesten por la sostenibilidad, el cooperativismo, la arquitectura org\u00e1nica, el uso de nuevas tecnolog\u00edas, materiales y espacios virtuales, entre otras iniciativas.<\/p>\n<p style=\"text-align: justify;\">El plazo de presentaci\u00f3n de proyectos permanecer\u00e1 vigente hasta el 17 de septiembre y los nueve candidatos seleccionados entrar\u00e1n a formar parte de un plan de innovaci\u00f3n con talleres sobre oferta, mercado y branding (entre otras \u00e1reas), recibir\u00e1n asesoramiento especializado por parte de Jos\u00e9 Javier Quintana (arquitecto) y Ariadna Cantis (Comunicaci\u00f3n en COAM) y participar\u00e1n en una jornada profesional en Matadero Madrid junto con otros compa\u00f1eros de su sector.<\/p>\n<p style=\"text-align: justify;\"><strong>\u00bfQU\u00c9 ES?<\/strong><\/p>\n<p style=\"text-align: justify;\">Programa de incubaci\u00f3n enfocado al desarrollo\u00a0de iniciativas empresariales viables dentro del \u00e1mbito de la arquitectura y por el cual se ofrece a los emprendedores herramientas que complementen su formaci\u00f3n acad\u00e9mica. Todo ello con el objetivo de apoyar su proyecto.<\/p>\n<p style=\"text-align: justify;\"><b>\u00bfDIRIGIDO A?<\/b><\/p>\n<p style=\"text-align: justify;\">Cualquier emprendedor mayor de 18 a\u00f1os,\u00a0de cualquier nacionalidad que desee desarrollar una idea de negocio viable, creativa e innovadora en cualquiera de los\u00a0 \u00e1mbitos relacionados con la arquitectura. Entre los \u00e1mbitos de actuaci\u00f3n estar\u00edan, entre otros: energ\u00eda, sostenibilidad, rehabilitaci\u00f3n, participaci\u00f3n, cooperativismo, arquitectura org\u00e1nica, turismo\/cultura, dise\u00f1o de producto, tecnolog\u00eda del mundo virtual, nanotecnolog\u00eda, nuevos\u00a0 materiales, rob\u00f3tica, dom\u00f3tica, utilizaci\u00f3n de drones, impresi\u00f3n de 3D y espacios virtuales.<\/p>\n<p style=\"text-align: justify;\"><b>CRONOGRAMA DE INCUBACI\u00d3N DE PROYECTOS.<\/b><\/p>\n<p style=\"padding-left: 30px; text-align: justify;\">&#8211; Plan de Innovaci\u00f3n (mes 1 al 3).<\/p>\n<p style=\"padding-left: 30px; text-align: justify;\">&#8211; Asesoramiento (mes 1 al 6) de entidades colaboradoras, Factor\u00eda Cultural y SECOT.<\/p>\n<p style=\"padding-left: 30px; text-align: justify;\">&#8211; Jornada profesional EmprendeArquitectura, como parte de las Jornadas de Emprendimiento Creativo (mes 6).<\/p>\n<p style=\"text-align: justify;\"><strong>\u00bfQU\u00c9?<\/strong> Convocatoria EmprendeArquitectura 2017<br \/>\n<strong>N\u00daMERO DE BECAS:<\/strong>\u00a09<br \/>\n<strong>PLAZO DE LA CONVOCATORIA:<\/strong> Del 14\/07\/16 al 17\/09\/17<br \/>\n<strong>BASES + INSCRIPCI\u00d3N.\u00a0<\/strong><\/p>\n<p><\/p>","protected":false},"excerpt":{"rendered":"<p>Factor\u00eda Cultural, Vivero de Industrias Creativas de Matadero Madrid une sus fuerzas con el Colegio Oficial de Arquitectos de Madrid (COAM) en la primera edici\u00f3n de EmprendeArquitectura, un programa de apoyo a propuestas innovadoras que apuesten por la sostenibilidad, el cooperativismo, la arquitectura org\u00e1nica, el uso de nuevas tecnolog\u00edas, materiales y espacios virtuales, entre otras [&hellip;]<\/p>\n","protected":false},"author":2,"featured_media":65323,"comment_status":"open","ping_status":"closed","sticky":false,"template":"","format":"standard","meta":{"footnotes":""},"categories":[7937,16],"tags":[4809,2631,2556,330,2937,377,1702,391,5576,399,5679,4774,12470,3087,5815,12636,814,12464,6611,12469,1313],"class_list":{"0":"post-65322","1":"post","2":"type-post","3":"status-publish","4":"format-standard","5":"has-post-thumbnail","7":"category-convocatorias","8":"category-eventos","10":"tag-arquitectura-espanola","11":"tag-arquitectura-sostenible","12":"tag-coam","13":"tag-colegio-de-arquitectos","14":"tag-convocatoria","15":"tag-cooperacion","16":"tag-crisis","17":"tag-crisis-como-oportunidad","18":"tag-cultura","19":"tag-desarrollo-de-aplicaciones","20":"tag-desarrollo-de-empresas-creativas","21":"tag-diseno","22":"tag-emprendimiento","23":"tag-empresa","24":"tag-jose-javier-quintana-saldise","25":"tag-madrid","26":"tag-rehabilitacion","27":"tag-rehabilitacion-urbana","28":"tag-sostenibilidad","29":"tag-turismo"},"yoast_head":"<!-- This site is optimized with the Yoast SEO plugin v27.5 - https:\/\/yoast.com\/product\/yoast-seo-wordpress\/ -->\n<title>Factor\u00eda Cultural lanza 9 becas para su nuevo programa de incubaci\u00f3n EmprendeArquitectura - veredes<\/title>\n<meta name=\"description\" content=\"Toda la informaci\u00f3n sobre: [:es]Factor\u00eda Cultural lanza 9 becas para su nuevo programa de incubaci\u00f3n EmprendeArquitectura[:gl]Factor\u00eda Cultural lanza 9 bolsas para o seu novo programa de incubaci\u00f3n EmprendeArquitectura[:en]Cultural factory throws 9 scholarships for his new program of incubation EmprendeArquitectura[:]\" \/>\n<meta name=\"robots\" content=\"index, follow, max-snippet:-1, max-image-preview:large, max-video-preview:-1\" \/>\n<link rel=\"canonical\" href=\"https:\/\/veredes.es\/blog\/factoria-cultural-lanza-9-becas-nuevo-programa-incubacion-emprendearquitectura\/\" \/>\n<meta property=\"og:locale\" content=\"es_ES\" \/>\n<meta property=\"og:type\" content=\"article\" \/>\n<meta property=\"og:title\" content=\"[:es]Factor\u00eda Cultural lanza 9 becas para su nuevo programa de incubaci\u00f3n EmprendeArquitectura[:gl]Factor\u00eda Cultural lanza 9 bolsas para o seu novo programa de incubaci\u00f3n EmprendeArquitectura[:en]Cultural factory throws 9 scholarships for his new program of incubation EmprendeArquitectura[:] - veredes\" \/>\n<meta property=\"og:description\" content=\"Toda la informaci\u00f3n sobre: [:es]Factor\u00eda Cultural lanza 9 becas para su nuevo programa de incubaci\u00f3n EmprendeArquitectura[:gl]Factor\u00eda Cultural lanza 9 bolsas para o seu novo programa de incubaci\u00f3n EmprendeArquitectura[:en]Cultural factory throws 9 scholarships for his new program of incubation EmprendeArquitectura[:]\" \/>\n<meta property=\"og:url\" content=\"https:\/\/veredes.es\/blog\/factoria-cultural-lanza-9-becas-nuevo-programa-incubacion-emprendearquitectura\/\" \/>\n<meta property=\"og:site_name\" content=\"veredes, arquitectura y divulgaci\u00f3n\" \/>\n<meta property=\"article:publisher\" content=\"https:\/\/www.facebook.com\/veredesArquitecturayDivulgacion\/\" \/>\n<meta property=\"article:author\" content=\"https:\/\/www.facebook.com\/veredesArquitecturayDivulgacion\/\" \/>\n<meta property=\"article:published_time\" content=\"2017-08-07T22:05:39+00:00\" \/>\n<meta property=\"article:modified_time\" content=\"2023-01-02T08:33:16+00:00\" \/>\n<meta property=\"og:image\" content=\"https:\/\/veredes.es\/blog\/wp-content\/uploads\/2017\/08\/Factor\u00eda-Cultural-lanza-9-becas-para-su-nuevo-programa-de-incubaci\u00f3n-EmprendeArquitectura.png\" \/>\n\t<meta property=\"og:image:width\" content=\"644\" \/>\n\t<meta property=\"og:image:height\" content=\"276\" \/>\n\t<meta property=\"og:image:type\" content=\"image\/png\" \/>\n<meta name=\"author\" content=\"veredes\" \/>\n<meta name=\"twitter:card\" content=\"summary_large_image\" \/>\n<meta name=\"twitter:creator\" content=\"@https:\/\/twitter.com\/veredes\" \/>\n<meta name=\"twitter:site\" content=\"@veredes\" \/>\n<meta name=\"twitter:label1\" content=\"Escrito por\" \/>\n\t<meta name=\"twitter:data1\" content=\"veredes\" \/>\n\t<meta name=\"twitter:label2\" content=\"Tiempo de lectura\" \/>\n\t<meta name=\"twitter:data2\" content=\"5 minutos\" \/>\n<script type=\"application\/ld+json\" class=\"yoast-schema-graph\">{\"@context\":\"https:\\\/\\\/schema.org\",\"@graph\":[{\"@type\":\"Article\",\"@id\":\"https:\\\/\\\/veredes.es\\\/blog\\\/factoria-cultural-lanza-9-becas-nuevo-programa-incubacion-emprendearquitectura\\\/#article\",\"isPartOf\":{\"@id\":\"https:\\\/\\\/veredes.es\\\/blog\\\/factoria-cultural-lanza-9-becas-nuevo-programa-incubacion-emprendearquitectura\\\/\"},\"author\":{\"name\":\"veredes\",\"@id\":\"https:\\\/\\\/veredes.es\\\/blog\\\/#\\\/schema\\\/person\\\/0bbb669073ef7faba5168a0844e93d2c\"},\"headline\":\"Factor\u00eda Cultural lanza 9 becas para su nuevo programa de incubaci\u00f3n EmprendeArquitectura\",\"datePublished\":\"2017-08-07T22:05:39+00:00\",\"dateModified\":\"2023-01-02T08:33:16+00:00\",\"mainEntityOfPage\":{\"@id\":\"https:\\\/\\\/veredes.es\\\/blog\\\/factoria-cultural-lanza-9-becas-nuevo-programa-incubacion-emprendearquitectura\\\/\"},\"wordCount\":962,\"commentCount\":0,\"publisher\":{\"@id\":\"https:\\\/\\\/veredes.es\\\/blog\\\/#organization\"},\"image\":{\"@id\":\"https:\\\/\\\/veredes.es\\\/blog\\\/factoria-cultural-lanza-9-becas-nuevo-programa-incubacion-emprendearquitectura\\\/#primaryimage\"},\"thumbnailUrl\":\"https:\\\/\\\/veredes.es\\\/blog\\\/wp-content\\\/uploads\\\/2017\\\/08\\\/Factor\u00eda-Cultural-lanza-9-becas-para-su-nuevo-programa-de-incubaci\u00f3n-EmprendeArquitectura.png\",\"keywords\":[\"Ariadna Cantis\",\"arquitectura espa\u00f1ola\",\"arquitectura sostenible\",\"COAM\",\"colegio de arquitectos\",\"convocatoria\",\"cooperaci\u00f3n\",\"crisis\",\"crisis como oportunidad\",\"cultura\",\"desarrollo de aplicaciones\",\"desarrollo de empresas creativas\",\"dise\u00f1o\",\"emprendimiento\",\"empresa\",\"Jos\u00e9 Javier Quintana Saldise\",\"Madrid\",\"rehabilitaci\u00f3n\",\"rehabilitaci\u00f3n urbana\",\"sostenibilidad\",\"turismo\"],\"articleSection\":[\"convocatorias\",\"eventos\"],\"inLanguage\":\"es\",\"potentialAction\":[{\"@type\":\"CommentAction\",\"name\":\"Comment\",\"target\":[\"https:\\\/\\\/veredes.es\\\/blog\\\/factoria-cultural-lanza-9-becas-nuevo-programa-incubacion-emprendearquitectura\\\/#respond\"]}]},{\"@type\":\"WebPage\",\"@id\":\"https:\\\/\\\/veredes.es\\\/blog\\\/factoria-cultural-lanza-9-becas-nuevo-programa-incubacion-emprendearquitectura\\\/\",\"url\":\"https:\\\/\\\/veredes.es\\\/blog\\\/factoria-cultural-lanza-9-becas-nuevo-programa-incubacion-emprendearquitectura\\\/\",\"name\":\"[:es]Factor\u00eda Cultural lanza 9 becas para su nuevo programa de incubaci\u00f3n EmprendeArquitectura[:gl]Factor\u00eda Cultural lanza 9 bolsas para o seu novo programa de incubaci\u00f3n EmprendeArquitectura[:en]Cultural factory throws 9 scholarships for his new program of incubation EmprendeArquitectura[:] - veredes\",\"isPartOf\":{\"@id\":\"https:\\\/\\\/veredes.es\\\/blog\\\/#website\"},\"primaryImageOfPage\":{\"@id\":\"https:\\\/\\\/veredes.es\\\/blog\\\/factoria-cultural-lanza-9-becas-nuevo-programa-incubacion-emprendearquitectura\\\/#primaryimage\"},\"image\":{\"@id\":\"https:\\\/\\\/veredes.es\\\/blog\\\/factoria-cultural-lanza-9-becas-nuevo-programa-incubacion-emprendearquitectura\\\/#primaryimage\"},\"thumbnailUrl\":\"https:\\\/\\\/veredes.es\\\/blog\\\/wp-content\\\/uploads\\\/2017\\\/08\\\/Factor\u00eda-Cultural-lanza-9-becas-para-su-nuevo-programa-de-incubaci\u00f3n-EmprendeArquitectura.png\",\"datePublished\":\"2017-08-07T22:05:39+00:00\",\"dateModified\":\"2023-01-02T08:33:16+00:00\",\"description\":\"Toda la informaci\u00f3n sobre: [:es]Factor\u00eda Cultural lanza 9 becas para su nuevo programa de incubaci\u00f3n EmprendeArquitectura[:gl]Factor\u00eda Cultural lanza 9 bolsas para o seu novo programa de incubaci\u00f3n EmprendeArquitectura[:en]Cultural factory throws 9 scholarships for his new program of incubation EmprendeArquitectura[:]\",\"breadcrumb\":{\"@id\":\"https:\\\/\\\/veredes.es\\\/blog\\\/factoria-cultural-lanza-9-becas-nuevo-programa-incubacion-emprendearquitectura\\\/#breadcrumb\"},\"inLanguage\":\"es\",\"potentialAction\":[{\"@type\":\"ReadAction\",\"target\":[\"https:\\\/\\\/veredes.es\\\/blog\\\/factoria-cultural-lanza-9-becas-nuevo-programa-incubacion-emprendearquitectura\\\/\"]}]},{\"@type\":\"ImageObject\",\"inLanguage\":\"es\",\"@id\":\"https:\\\/\\\/veredes.es\\\/blog\\\/factoria-cultural-lanza-9-becas-nuevo-programa-incubacion-emprendearquitectura\\\/#primaryimage\",\"url\":\"https:\\\/\\\/veredes.es\\\/blog\\\/wp-content\\\/uploads\\\/2017\\\/08\\\/Factor\u00eda-Cultural-lanza-9-becas-para-su-nuevo-programa-de-incubaci\u00f3n-EmprendeArquitectura.png\",\"contentUrl\":\"https:\\\/\\\/veredes.es\\\/blog\\\/wp-content\\\/uploads\\\/2017\\\/08\\\/Factor\u00eda-Cultural-lanza-9-becas-para-su-nuevo-programa-de-incubaci\u00f3n-EmprendeArquitectura.png\",\"width\":644,\"height\":276},{\"@type\":\"BreadcrumbList\",\"@id\":\"https:\\\/\\\/veredes.es\\\/blog\\\/factoria-cultural-lanza-9-becas-nuevo-programa-incubacion-emprendearquitectura\\\/#breadcrumb\",\"itemListElement\":[{\"@type\":\"ListItem\",\"position\":1,\"name\":\"Portada\",\"item\":\"https:\\\/\\\/veredes.es\\\/blog\\\/\"},{\"@type\":\"ListItem\",\"position\":2,\"name\":\"[:es]Factor\u00eda Cultural lanza 9 becas para su nuevo programa de incubaci\u00f3n EmprendeArquitectura[:gl]Factor\u00eda Cultural lanza 9 bolsas para o seu novo programa de incubaci\u00f3n EmprendeArquitectura[:en]Cultural factory throws 9 scholarships for his new program of incubation EmprendeArquitectura[:]\"}]},{\"@type\":\"WebSite\",\"@id\":\"https:\\\/\\\/veredes.es\\\/blog\\\/#website\",\"url\":\"https:\\\/\\\/veredes.es\\\/blog\\\/\",\"name\":\"veredes, arquitectura y divulgaci\u00f3n\",\"description\":\"veredes\",\"publisher\":{\"@id\":\"https:\\\/\\\/veredes.es\\\/blog\\\/#organization\"},\"alternateName\":\"veredes\",\"potentialAction\":[{\"@type\":\"SearchAction\",\"target\":{\"@type\":\"EntryPoint\",\"urlTemplate\":\"https:\\\/\\\/veredes.es\\\/blog\\\/?s={search_term_string}\"},\"query-input\":{\"@type\":\"PropertyValueSpecification\",\"valueRequired\":true,\"valueName\":\"search_term_string\"}}],\"inLanguage\":\"es\"},{\"@type\":\"Organization\",\"@id\":\"https:\\\/\\\/veredes.es\\\/blog\\\/#organization\",\"name\":\"veredes, arquitectura y divulgaci\u00f3n\",\"alternateName\":\"veredes\",\"url\":\"https:\\\/\\\/veredes.es\\\/blog\\\/\",\"logo\":{\"@type\":\"ImageObject\",\"inLanguage\":\"es\",\"@id\":\"https:\\\/\\\/veredes.es\\\/blog\\\/#\\\/schema\\\/logo\\\/image\\\/\",\"url\":\"https:\\\/\\\/veredes.es\\\/blog\\\/wp-content\\\/uploads\\\/2021\\\/12\\\/veredes-logo-centrado_140x54.png\",\"contentUrl\":\"https:\\\/\\\/veredes.es\\\/blog\\\/wp-content\\\/uploads\\\/2021\\\/12\\\/veredes-logo-centrado_140x54.png\",\"width\":140,\"height\":54,\"caption\":\"veredes, arquitectura y divulgaci\u00f3n\"},\"image\":{\"@id\":\"https:\\\/\\\/veredes.es\\\/blog\\\/#\\\/schema\\\/logo\\\/image\\\/\"},\"sameAs\":[\"https:\\\/\\\/www.facebook.com\\\/veredesArquitecturayDivulgacion\\\/\",\"https:\\\/\\\/x.com\\\/veredes\",\"https:\\\/\\\/instagram.com\\\/veredes\\\/\",\"https:\\\/\\\/www.linkedin.com\\\/company\\\/veredes-arquitectura-y-divulgacion\\\/\",\"https:\\\/\\\/es.pinterest.com\\\/veredes\\\/\",\"https:\\\/\\\/www.tumblr.com\\\/veredes\"]},{\"@type\":\"Person\",\"@id\":\"https:\\\/\\\/veredes.es\\\/blog\\\/#\\\/schema\\\/person\\\/0bbb669073ef7faba5168a0844e93d2c\",\"name\":\"veredes\",\"image\":{\"@type\":\"ImageObject\",\"inLanguage\":\"es\",\"@id\":\"https:\\\/\\\/veredes.es\\\/blog\\\/wp-content\\\/uploads\\\/2018\\\/04\\\/face-96x96.jpg\",\"url\":\"https:\\\/\\\/veredes.es\\\/blog\\\/wp-content\\\/uploads\\\/2018\\\/04\\\/face-96x96.jpg\",\"contentUrl\":\"https:\\\/\\\/veredes.es\\\/blog\\\/wp-content\\\/uploads\\\/2018\\\/04\\\/face-96x96.jpg\",\"caption\":\"veredes\"},\"description\":\"Surge enero de 2009 como b\u00fasqueda de satisfacer el conocimiento de la actividad arquitect\u00f3nica y tangentes que se generan. La idea es crear un espacio para divulgar los diversos proyectos en busca de nueva inspiraci\u00f3n y de intercambio.\",\"sameAs\":[\"https:\\\/\\\/veredes.es\\\/\",\"https:\\\/\\\/www.facebook.com\\\/veredesArquitecturayDivulgacion\\\/\",\"https:\\\/\\\/www.instagram.com\\\/veredes\\\/\",\"https:\\\/\\\/www.linkedin.com\\\/company\\\/veredes-arquitectura-y-divulgacion\\\/\",\"https:\\\/\\\/www.pinterest.es\\\/veredes\\\/\",\"https:\\\/\\\/x.com\\\/https:\\\/\\\/twitter.com\\\/veredes\",\"https:\\\/\\\/veredes.tumblr.com\\\/\"],\"url\":\"https:\\\/\\\/veredes.es\\\/blog\\\/author\\\/alberto\\\/\"}]}<\/script>\n<!-- \/ Yoast SEO plugin. -->","yoast_head_json":{"title":"[:es]Factor\u00eda Cultural lanza 9 becas para su nuevo programa de incubaci\u00f3n EmprendeArquitectura[:gl]Factor\u00eda Cultural lanza 9 bolsas para o seu novo programa de incubaci\u00f3n EmprendeArquitectura[:en]Cultural factory throws 9 scholarships for his new program of incubation EmprendeArquitectura[:] - veredes","description":"Toda la informaci\u00f3n sobre: [:es]Factor\u00eda Cultural lanza 9 becas para su nuevo programa de incubaci\u00f3n EmprendeArquitectura[:gl]Factor\u00eda Cultural lanza 9 bolsas para o seu novo programa de incubaci\u00f3n EmprendeArquitectura[:en]Cultural factory throws 9 scholarships for his new program of incubation EmprendeArquitectura[:]","robots":{"index":"index","follow":"follow","max-snippet":"max-snippet:-1","max-image-preview":"max-image-preview:large","max-video-preview":"max-video-preview:-1"},"canonical":"https:\/\/veredes.es\/blog\/factoria-cultural-lanza-9-becas-nuevo-programa-incubacion-emprendearquitectura\/","og_locale":"es_ES","og_type":"article","og_title":"[:es]Factor\u00eda Cultural lanza 9 becas para su nuevo programa de incubaci\u00f3n EmprendeArquitectura[:gl]Factor\u00eda Cultural lanza 9 bolsas para o seu novo programa de incubaci\u00f3n EmprendeArquitectura[:en]Cultural factory throws 9 scholarships for his new program of incubation EmprendeArquitectura[:] - veredes","og_description":"Toda la informaci\u00f3n sobre: [:es]Factor\u00eda Cultural lanza 9 becas para su nuevo programa de incubaci\u00f3n EmprendeArquitectura[:gl]Factor\u00eda Cultural lanza 9 bolsas para o seu novo programa de incubaci\u00f3n EmprendeArquitectura[:en]Cultural factory throws 9 scholarships for his new program of incubation EmprendeArquitectura[:]","og_url":"https:\/\/veredes.es\/blog\/factoria-cultural-lanza-9-becas-nuevo-programa-incubacion-emprendearquitectura\/","og_site_name":"veredes, arquitectura y divulgaci\u00f3n","article_publisher":"https:\/\/www.facebook.com\/veredesArquitecturayDivulgacion\/","article_author":"https:\/\/www.facebook.com\/veredesArquitecturayDivulgacion\/","article_published_time":"2017-08-07T22:05:39+00:00","article_modified_time":"2023-01-02T08:33:16+00:00","og_image":[{"width":644,"height":276,"url":"https:\/\/veredes.es\/blog\/wp-content\/uploads\/2017\/08\/Factor\u00eda-Cultural-lanza-9-becas-para-su-nuevo-programa-de-incubaci\u00f3n-EmprendeArquitectura.png","type":"image\/png"}],"author":"veredes","twitter_card":"summary_large_image","twitter_creator":"@https:\/\/twitter.com\/veredes","twitter_site":"@veredes","twitter_misc":{"Escrito por":"veredes","Tiempo de lectura":"5 minutos"},"schema":{"@context":"https:\/\/schema.org","@graph":[{"@type":"Article","@id":"https:\/\/veredes.es\/blog\/factoria-cultural-lanza-9-becas-nuevo-programa-incubacion-emprendearquitectura\/#article","isPartOf":{"@id":"https:\/\/veredes.es\/blog\/factoria-cultural-lanza-9-becas-nuevo-programa-incubacion-emprendearquitectura\/"},"author":{"name":"veredes","@id":"https:\/\/veredes.es\/blog\/#\/schema\/person\/0bbb669073ef7faba5168a0844e93d2c"},"headline":"Factor\u00eda Cultural lanza 9 becas para su nuevo programa de incubaci\u00f3n EmprendeArquitectura","datePublished":"2017-08-07T22:05:39+00:00","dateModified":"2023-01-02T08:33:16+00:00","mainEntityOfPage":{"@id":"https:\/\/veredes.es\/blog\/factoria-cultural-lanza-9-becas-nuevo-programa-incubacion-emprendearquitectura\/"},"wordCount":962,"commentCount":0,"publisher":{"@id":"https:\/\/veredes.es\/blog\/#organization"},"image":{"@id":"https:\/\/veredes.es\/blog\/factoria-cultural-lanza-9-becas-nuevo-programa-incubacion-emprendearquitectura\/#primaryimage"},"thumbnailUrl":"https:\/\/veredes.es\/blog\/wp-content\/uploads\/2017\/08\/Factor\u00eda-Cultural-lanza-9-becas-para-su-nuevo-programa-de-incubaci\u00f3n-EmprendeArquitectura.png","keywords":["Ariadna Cantis","arquitectura espa\u00f1ola","arquitectura sostenible","COAM","colegio de arquitectos","convocatoria","cooperaci\u00f3n","crisis","crisis como oportunidad","cultura","desarrollo de aplicaciones","desarrollo de empresas creativas","dise\u00f1o","emprendimiento","empresa","Jos\u00e9 Javier Quintana Saldise","Madrid","rehabilitaci\u00f3n","rehabilitaci\u00f3n urbana","sostenibilidad","turismo"],"articleSection":["convocatorias","eventos"],"inLanguage":"es","potentialAction":[{"@type":"CommentAction","name":"Comment","target":["https:\/\/veredes.es\/blog\/factoria-cultural-lanza-9-becas-nuevo-programa-incubacion-emprendearquitectura\/#respond"]}]},{"@type":"WebPage","@id":"https:\/\/veredes.es\/blog\/factoria-cultural-lanza-9-becas-nuevo-programa-incubacion-emprendearquitectura\/","url":"https:\/\/veredes.es\/blog\/factoria-cultural-lanza-9-becas-nuevo-programa-incubacion-emprendearquitectura\/","name":"[:es]Factor\u00eda Cultural lanza 9 becas para su nuevo programa de incubaci\u00f3n EmprendeArquitectura[:gl]Factor\u00eda Cultural lanza 9 bolsas para o seu novo programa de incubaci\u00f3n EmprendeArquitectura[:en]Cultural factory throws 9 scholarships for his new program of incubation EmprendeArquitectura[:] - veredes","isPartOf":{"@id":"https:\/\/veredes.es\/blog\/#website"},"primaryImageOfPage":{"@id":"https:\/\/veredes.es\/blog\/factoria-cultural-lanza-9-becas-nuevo-programa-incubacion-emprendearquitectura\/#primaryimage"},"image":{"@id":"https:\/\/veredes.es\/blog\/factoria-cultural-lanza-9-becas-nuevo-programa-incubacion-emprendearquitectura\/#primaryimage"},"thumbnailUrl":"https:\/\/veredes.es\/blog\/wp-content\/uploads\/2017\/08\/Factor\u00eda-Cultural-lanza-9-becas-para-su-nuevo-programa-de-incubaci\u00f3n-EmprendeArquitectura.png","datePublished":"2017-08-07T22:05:39+00:00","dateModified":"2023-01-02T08:33:16+00:00","description":"Toda la informaci\u00f3n sobre: [:es]Factor\u00eda Cultural lanza 9 becas para su nuevo programa de incubaci\u00f3n EmprendeArquitectura[:gl]Factor\u00eda Cultural lanza 9 bolsas para o seu novo programa de incubaci\u00f3n EmprendeArquitectura[:en]Cultural factory throws 9 scholarships for his new program of incubation EmprendeArquitectura[:]","breadcrumb":{"@id":"https:\/\/veredes.es\/blog\/factoria-cultural-lanza-9-becas-nuevo-programa-incubacion-emprendearquitectura\/#breadcrumb"},"inLanguage":"es","potentialAction":[{"@type":"ReadAction","target":["https:\/\/veredes.es\/blog\/factoria-cultural-lanza-9-becas-nuevo-programa-incubacion-emprendearquitectura\/"]}]},{"@type":"ImageObject","inLanguage":"es","@id":"https:\/\/veredes.es\/blog\/factoria-cultural-lanza-9-becas-nuevo-programa-incubacion-emprendearquitectura\/#primaryimage","url":"https:\/\/veredes.es\/blog\/wp-content\/uploads\/2017\/08\/Factor\u00eda-Cultural-lanza-9-becas-para-su-nuevo-programa-de-incubaci\u00f3n-EmprendeArquitectura.png","contentUrl":"https:\/\/veredes.es\/blog\/wp-content\/uploads\/2017\/08\/Factor\u00eda-Cultural-lanza-9-becas-para-su-nuevo-programa-de-incubaci\u00f3n-EmprendeArquitectura.png","width":644,"height":276},{"@type":"BreadcrumbList","@id":"https:\/\/veredes.es\/blog\/factoria-cultural-lanza-9-becas-nuevo-programa-incubacion-emprendearquitectura\/#breadcrumb","itemListElement":[{"@type":"ListItem","position":1,"name":"Portada","item":"https:\/\/veredes.es\/blog\/"},{"@type":"ListItem","position":2,"name":"[:es]Factor\u00eda Cultural lanza 9 becas para su nuevo programa de incubaci\u00f3n EmprendeArquitectura[:gl]Factor\u00eda Cultural lanza 9 bolsas para o seu novo programa de incubaci\u00f3n EmprendeArquitectura[:en]Cultural factory throws 9 scholarships for his new program of incubation EmprendeArquitectura[:]"}]},{"@type":"WebSite","@id":"https:\/\/veredes.es\/blog\/#website","url":"https:\/\/veredes.es\/blog\/","name":"veredes, arquitectura y divulgaci\u00f3n","description":"veredes","publisher":{"@id":"https:\/\/veredes.es\/blog\/#organization"},"alternateName":"veredes","potentialAction":[{"@type":"SearchAction","target":{"@type":"EntryPoint","urlTemplate":"https:\/\/veredes.es\/blog\/?s={search_term_string}"},"query-input":{"@type":"PropertyValueSpecification","valueRequired":true,"valueName":"search_term_string"}}],"inLanguage":"es"},{"@type":"Organization","@id":"https:\/\/veredes.es\/blog\/#organization","name":"veredes, arquitectura y divulgaci\u00f3n","alternateName":"veredes","url":"https:\/\/veredes.es\/blog\/","logo":{"@type":"ImageObject","inLanguage":"es","@id":"https:\/\/veredes.es\/blog\/#\/schema\/logo\/image\/","url":"https:\/\/veredes.es\/blog\/wp-content\/uploads\/2021\/12\/veredes-logo-centrado_140x54.png","contentUrl":"https:\/\/veredes.es\/blog\/wp-content\/uploads\/2021\/12\/veredes-logo-centrado_140x54.png","width":140,"height":54,"caption":"veredes, arquitectura y divulgaci\u00f3n"},"image":{"@id":"https:\/\/veredes.es\/blog\/#\/schema\/logo\/image\/"},"sameAs":["https:\/\/www.facebook.com\/veredesArquitecturayDivulgacion\/","https:\/\/x.com\/veredes","https:\/\/instagram.com\/veredes\/","https:\/\/www.linkedin.com\/company\/veredes-arquitectura-y-divulgacion\/","https:\/\/es.pinterest.com\/veredes\/","https:\/\/www.tumblr.com\/veredes"]},{"@type":"Person","@id":"https:\/\/veredes.es\/blog\/#\/schema\/person\/0bbb669073ef7faba5168a0844e93d2c","name":"veredes","image":{"@type":"ImageObject","inLanguage":"es","@id":"https:\/\/veredes.es\/blog\/wp-content\/uploads\/2018\/04\/face-96x96.jpg","url":"https:\/\/veredes.es\/blog\/wp-content\/uploads\/2018\/04\/face-96x96.jpg","contentUrl":"https:\/\/veredes.es\/blog\/wp-content\/uploads\/2018\/04\/face-96x96.jpg","caption":"veredes"},"description":"Surge enero de 2009 como b\u00fasqueda de satisfacer el conocimiento de la actividad arquitect\u00f3nica y tangentes que se generan. La idea es crear un espacio para divulgar los diversos proyectos en busca de nueva inspiraci\u00f3n y de intercambio.","sameAs":["https:\/\/veredes.es\/","https:\/\/www.facebook.com\/veredesArquitecturayDivulgacion\/","https:\/\/www.instagram.com\/veredes\/","https:\/\/www.linkedin.com\/company\/veredes-arquitectura-y-divulgacion\/","https:\/\/www.pinterest.es\/veredes\/","https:\/\/x.com\/https:\/\/twitter.com\/veredes","https:\/\/veredes.tumblr.com\/"],"url":"https:\/\/veredes.es\/blog\/author\/alberto\/"}]}},"_links":{"self":[{"href":"https:\/\/veredes.es\/blog\/wp-json\/wp\/v2\/posts\/65322","targetHints":{"allow":["GET"]}}],"collection":[{"href":"https:\/\/veredes.es\/blog\/wp-json\/wp\/v2\/posts"}],"about":[{"href":"https:\/\/veredes.es\/blog\/wp-json\/wp\/v2\/types\/post"}],"author":[{"embeddable":true,"href":"https:\/\/veredes.es\/blog\/wp-json\/wp\/v2\/users\/2"}],"replies":[{"embeddable":true,"href":"https:\/\/veredes.es\/blog\/wp-json\/wp\/v2\/comments?post=65322"}],"version-history":[{"count":0,"href":"https:\/\/veredes.es\/blog\/wp-json\/wp\/v2\/posts\/65322\/revisions"}],"wp:featuredmedia":[{"embeddable":true,"href":"https:\/\/veredes.es\/blog\/wp-json\/wp\/v2\/media\/65323"}],"wp:attachment":[{"href":"https:\/\/veredes.es\/blog\/wp-json\/wp\/v2\/media?parent=65322"}],"wp:term":[{"taxonomy":"category","embeddable":true,"href":"https:\/\/veredes.es\/blog\/wp-json\/wp\/v2\/categories?post=65322"},{"taxonomy":"post_tag","embeddable":true,"href":"https:\/\/veredes.es\/blog\/wp-json\/wp\/v2\/tags?post=65322"}],"curies":[{"name":"wp","href":"https:\/\/api.w.org\/{rel}","templated":true}]}}