{"id":65241,"date":"2017-07-27T00:05:56","date_gmt":"2017-07-26T22:05:56","guid":{"rendered":"http:\/\/veredes.es\/blog\/?p=65241"},"modified":"2017-07-19T11:30:24","modified_gmt":"2017-07-19T09:30:24","slug":"iii-premio-arquitectura-espanola-internacional-2017","status":"publish","type":"post","link":"https:\/\/veredes.es\/blog\/iii-premio-arquitectura-espanola-internacional-2017\/","title":{"rendered":"III Premio de Arquitectura Espa\u00f1ola Internacional 2017"},"content":{"rendered":"<p><\/p>\n<p style=\"text-align: justify;\"><img loading=\"lazy\" decoding=\"async\" class=\"alignnone wp-image-65242\" src=\"http:\/\/veredes.es\/blog\/wp-content\/uploads\/2017\/07\/III-Premio-de-Urbanismo-Espa\u00f1ol-2017.jpg\" alt=\"III Premio de Urbanismo Espa\u00f1ol 2017\" width=\"640\" height=\"427\" \/><\/p>\n<p style=\"text-align: justify;\">La convocatoria de los <strong>III\u00a0Premios de Arquitectura Espa\u00f1ola Internacional<\/strong>\u00a0est\u00e1 promovida por el Foro de la Arquitectura Espa\u00f1ola del Consejo Superior de los Colegios de Arquitectos de Espa\u00f1a &#8211; Foro CSCAE &#8211; , bajo la presidencia de honor del Ministro de Fomento del Gobierno de Espa\u00f1a.<\/p>\n<p style=\"text-align: justify;\">Los Premios de Arquitectura Espa\u00f1ola Internacional est\u00e1n abiertos a profesionales de la arquitectura y empresas colaboradoras de origen espa\u00f1ol. Podr\u00e1n optar al los premios las propuestas realizadas entre\u00a0el\u00a0<strong>1 de enero de 201<\/strong><strong>5<\/strong><strong>\u00a0y el 31 de diciembre de 201<\/strong><strong>6<\/strong>\u00a0y situadas fuera del territorio espa\u00f1ol.<\/p>\n<p style=\"text-align: justify;\">Las propuestas deber\u00e1n ser remitidas antes de las\u00a0\u00a0<strong>15:00 horas del 15 de septiembre de 2017<\/strong>.<\/p>\n<p style=\"text-align: justify;\"><strong><span lang=\"ES-TRAD\">Categor\u00edas.<\/span><\/strong><\/p>\n<p style=\"text-align: justify; padding-left: 30px;\"><strong>Premio Arquitectura<\/strong>. Se premiar\u00e1 la obra de arquitectos o empresas espa\u00f1olas de arquitectura en el exterior cuya ejecuci\u00f3n haya finalizado en el \u00e1mbito cronol\u00f3gico establecido.<\/p>\n<p style=\"text-align: justify; padding-left: 30px;\"><strong>Premio Proyecto de Concurso Internacional<\/strong>. Se premiar\u00e1 la propuesta a un concurso para el desarrollo de un trabajo de arquitectura en el exterior presentada por arquitectos espa\u00f1oles. Para participar en esta categor\u00eda es necesario que el concurso se haya convocado en el \u00e1mbito cronol\u00f3gico establecido, y se haya fallado antes de la presentaci\u00f3n de la documentaci\u00f3n, con independencia del resultado del mismo.<\/p>\n<p style=\"text-align: justify; padding-left: 30px;\"><strong>Premio a la Empresa espa\u00f1ola asociada<\/strong>. Se premiar\u00e1 la obra ejecutada en el exterior por una empresa promotora o constructora espa\u00f1ola en la que hayan participado arquitectos espa\u00f1oles, que se haya finalizado en el \u00e1mbito cron\u00f3logico establececido.<\/p>\n<p style=\"text-align: justify; padding-left: 30px;\"><strong>Premio Urbanismo: Planeamiento Urban\u00edstico y Realizaciones Urbanas<\/strong>. Se premiar\u00e1n trabajos de arquitectos o empresas espa\u00f1olas de arquitectura en el exterior que tengan por objeto el planeamiento urban\u00edstico o bien realizaciones de dimensi\u00f3n urbana redactadas o ejecutadas en el \u00e1mbito cronol\u00f3gico establecido.<\/p>\n<p style=\"text-align: justify; padding-left: 30px;\"><strong>Premio al Apoyo a la internacionalizaci\u00f3n<\/strong>. Se premiar\u00e1 a personas, empresas o instituciones que apoyen a las empresas espa\u00f1olas de arquitectura en su internacionalizaci\u00f3n. En esta categor\u00eda los miembros del comit\u00e9 de selecci\u00f3n y del Jurado podr\u00e1n formular propuestas para su consideraci\u00f3n.<\/p>\n<p style=\"text-align: justify;\"><a href=\"http:\/\/www.cscae.com\/index.php\/es\/conoce-cscae\/area-cultural\/todas-las-noticias42\/4421-convocado-el-premio-de-arquitectura-espanola-internacional-2017\" target=\"_blank\">M\u00e1s informaci\u00f3n en la web del CSCAE<\/a>.<\/p>\n<p><\/p>","protected":false},"excerpt":{"rendered":"<p>La convocatoria de los III\u00a0Premios de Arquitectura Espa\u00f1ola Internacional\u00a0est\u00e1 promovida por el Foro de la Arquitectura Espa\u00f1ola del Consejo Superior de los Colegios de Arquitectos de Espa\u00f1a &#8211; Foro CSCAE &#8211; , bajo la presidencia de honor del Ministro de Fomento del Gobierno de Espa\u00f1a. Los Premios de Arquitectura Espa\u00f1ola Internacional est\u00e1n abiertos a profesionales [&hellip;]<\/p>\n","protected":false},"author":2,"featured_media":65242,"comment_status":"open","ping_status":"closed","sticky":false,"template":"","format":"standard","meta":{"footnotes":""},"categories":[7937,16,1383],"tags":[12448,2631,2937,377,394,5815,9432,1093,1113,12468],"class_list":{"0":"post-65241","1":"post","2":"type-post","3":"status-publish","4":"format-standard","5":"has-post-thumbnail","7":"category-convocatorias","8":"category-eventos","9":"category-premios","11":"tag-arquitectura-espanola","12":"tag-colegio-de-arquitectos","13":"tag-convocatoria","14":"tag-cscae","15":"tag-empresa","16":"tag-internacionalizacion","17":"tag-premio-eventos","18":"tag-proyecto","19":"tag-urbanismo"},"yoast_head":"<!-- This site is optimized with the Yoast SEO plugin v27.5 - https:\/\/yoast.com\/product\/yoast-seo-wordpress\/ -->\n<title>III Premio de Arquitectura Espa\u00f1ola Internacional 2017 - veredes<\/title>\n<meta name=\"description\" content=\"Toda la informaci\u00f3n sobre: [:es]III Premio de Arquitectura Espa\u00f1ola Internacional 2017[:gl]III Premio de Arquitectura Espa\u00f1ola Internacional 2017[:en]The IIIrd Spanish International Architecture Award 2017[:]\" \/>\n<meta name=\"robots\" content=\"index, follow, max-snippet:-1, max-image-preview:large, max-video-preview:-1\" \/>\n<link rel=\"canonical\" href=\"https:\/\/veredes.es\/blog\/iii-premio-arquitectura-espanola-internacional-2017\/\" \/>\n<meta property=\"og:locale\" content=\"es_ES\" \/>\n<meta property=\"og:type\" content=\"article\" \/>\n<meta property=\"og:title\" content=\"[:es]III Premio de Arquitectura Espa\u00f1ola Internacional 2017[:gl]III Premio de Arquitectura Espa\u00f1ola Internacional 2017[:en]The IIIrd Spanish International Architecture Award 2017[:] - veredes\" \/>\n<meta property=\"og:description\" content=\"Toda la informaci\u00f3n sobre: [:es]III Premio de Arquitectura Espa\u00f1ola Internacional 2017[:gl]III Premio de Arquitectura Espa\u00f1ola Internacional 2017[:en]The IIIrd Spanish International Architecture Award 2017[:]\" \/>\n<meta property=\"og:url\" content=\"https:\/\/veredes.es\/blog\/iii-premio-arquitectura-espanola-internacional-2017\/\" \/>\n<meta property=\"og:site_name\" content=\"veredes, arquitectura y divulgaci\u00f3n\" \/>\n<meta property=\"article:publisher\" content=\"https:\/\/www.facebook.com\/veredesArquitecturayDivulgacion\/\" \/>\n<meta property=\"article:author\" content=\"https:\/\/www.facebook.com\/veredesArquitecturayDivulgacion\/\" \/>\n<meta property=\"article:published_time\" content=\"2017-07-26T22:05:56+00:00\" \/>\n<meta property=\"og:image\" content=\"https:\/\/veredes.es\/blog\/wp-content\/uploads\/2017\/07\/III-Premio-de-Urbanismo-Espa\u00f1ol-2017.jpg\" \/>\n\t<meta property=\"og:image:width\" content=\"300\" \/>\n\t<meta property=\"og:image:height\" content=\"200\" \/>\n\t<meta property=\"og:image:type\" content=\"image\/jpeg\" \/>\n<meta name=\"author\" content=\"veredes\" \/>\n<meta name=\"twitter:card\" content=\"summary_large_image\" \/>\n<meta name=\"twitter:creator\" content=\"@https:\/\/twitter.com\/veredes\" \/>\n<meta name=\"twitter:site\" content=\"@veredes\" \/>\n<meta name=\"twitter:label1\" content=\"Escrito por\" \/>\n\t<meta name=\"twitter:data1\" content=\"veredes\" \/>\n\t<meta name=\"twitter:label2\" content=\"Tiempo de lectura\" \/>\n\t<meta name=\"twitter:data2\" content=\"5 minutos\" \/>\n<script type=\"application\/ld+json\" class=\"yoast-schema-graph\">{\"@context\":\"https:\\\/\\\/schema.org\",\"@graph\":[{\"@type\":\"Article\",\"@id\":\"https:\\\/\\\/veredes.es\\\/blog\\\/iii-premio-arquitectura-espanola-internacional-2017\\\/#article\",\"isPartOf\":{\"@id\":\"https:\\\/\\\/veredes.es\\\/blog\\\/iii-premio-arquitectura-espanola-internacional-2017\\\/\"},\"author\":{\"name\":\"veredes\",\"@id\":\"https:\\\/\\\/veredes.es\\\/blog\\\/#\\\/schema\\\/person\\\/0bbb669073ef7faba5168a0844e93d2c\"},\"headline\":\"III Premio de Arquitectura Espa\u00f1ola Internacional 2017\",\"datePublished\":\"2017-07-26T22:05:56+00:00\",\"mainEntityOfPage\":{\"@id\":\"https:\\\/\\\/veredes.es\\\/blog\\\/iii-premio-arquitectura-espanola-internacional-2017\\\/\"},\"wordCount\":1033,\"commentCount\":0,\"publisher\":{\"@id\":\"https:\\\/\\\/veredes.es\\\/blog\\\/#organization\"},\"image\":{\"@id\":\"https:\\\/\\\/veredes.es\\\/blog\\\/iii-premio-arquitectura-espanola-internacional-2017\\\/#primaryimage\"},\"thumbnailUrl\":\"https:\\\/\\\/veredes.es\\\/blog\\\/wp-content\\\/uploads\\\/2017\\\/07\\\/III-Premio-de-Urbanismo-Espa\u00f1ol-2017.jpg\",\"keywords\":[\"arquitectura\",\"arquitectura espa\u00f1ola\",\"colegio de arquitectos\",\"convocatoria\",\"CSCAE\",\"empresa\",\"internacionalizaci\u00f3n\",\"premio\",\"proyecto\",\"urbanismo\"],\"articleSection\":[\"convocatorias\",\"eventos\",\"premios\"],\"inLanguage\":\"es\",\"potentialAction\":[{\"@type\":\"CommentAction\",\"name\":\"Comment\",\"target\":[\"https:\\\/\\\/veredes.es\\\/blog\\\/iii-premio-arquitectura-espanola-internacional-2017\\\/#respond\"]}]},{\"@type\":\"WebPage\",\"@id\":\"https:\\\/\\\/veredes.es\\\/blog\\\/iii-premio-arquitectura-espanola-internacional-2017\\\/\",\"url\":\"https:\\\/\\\/veredes.es\\\/blog\\\/iii-premio-arquitectura-espanola-internacional-2017\\\/\",\"name\":\"[:es]III Premio de Arquitectura Espa\u00f1ola Internacional 2017[:gl]III Premio de Arquitectura Espa\u00f1ola Internacional 2017[:en]The IIIrd Spanish International Architecture Award 2017[:] - veredes\",\"isPartOf\":{\"@id\":\"https:\\\/\\\/veredes.es\\\/blog\\\/#website\"},\"primaryImageOfPage\":{\"@id\":\"https:\\\/\\\/veredes.es\\\/blog\\\/iii-premio-arquitectura-espanola-internacional-2017\\\/#primaryimage\"},\"image\":{\"@id\":\"https:\\\/\\\/veredes.es\\\/blog\\\/iii-premio-arquitectura-espanola-internacional-2017\\\/#primaryimage\"},\"thumbnailUrl\":\"https:\\\/\\\/veredes.es\\\/blog\\\/wp-content\\\/uploads\\\/2017\\\/07\\\/III-Premio-de-Urbanismo-Espa\u00f1ol-2017.jpg\",\"datePublished\":\"2017-07-26T22:05:56+00:00\",\"description\":\"Toda la informaci\u00f3n sobre: [:es]III Premio de Arquitectura Espa\u00f1ola Internacional 2017[:gl]III Premio de Arquitectura Espa\u00f1ola Internacional 2017[:en]The IIIrd Spanish International Architecture Award 2017[:]\",\"breadcrumb\":{\"@id\":\"https:\\\/\\\/veredes.es\\\/blog\\\/iii-premio-arquitectura-espanola-internacional-2017\\\/#breadcrumb\"},\"inLanguage\":\"es\",\"potentialAction\":[{\"@type\":\"ReadAction\",\"target\":[\"https:\\\/\\\/veredes.es\\\/blog\\\/iii-premio-arquitectura-espanola-internacional-2017\\\/\"]}]},{\"@type\":\"ImageObject\",\"inLanguage\":\"es\",\"@id\":\"https:\\\/\\\/veredes.es\\\/blog\\\/iii-premio-arquitectura-espanola-internacional-2017\\\/#primaryimage\",\"url\":\"https:\\\/\\\/veredes.es\\\/blog\\\/wp-content\\\/uploads\\\/2017\\\/07\\\/III-Premio-de-Urbanismo-Espa\u00f1ol-2017.jpg\",\"contentUrl\":\"https:\\\/\\\/veredes.es\\\/blog\\\/wp-content\\\/uploads\\\/2017\\\/07\\\/III-Premio-de-Urbanismo-Espa\u00f1ol-2017.jpg\",\"width\":300,\"height\":200},{\"@type\":\"BreadcrumbList\",\"@id\":\"https:\\\/\\\/veredes.es\\\/blog\\\/iii-premio-arquitectura-espanola-internacional-2017\\\/#breadcrumb\",\"itemListElement\":[{\"@type\":\"ListItem\",\"position\":1,\"name\":\"Portada\",\"item\":\"https:\\\/\\\/veredes.es\\\/blog\\\/\"},{\"@type\":\"ListItem\",\"position\":2,\"name\":\"III Premio de Arquitectura Espa\u00f1ola Internacional 2017\"}]},{\"@type\":\"WebSite\",\"@id\":\"https:\\\/\\\/veredes.es\\\/blog\\\/#website\",\"url\":\"https:\\\/\\\/veredes.es\\\/blog\\\/\",\"name\":\"veredes, arquitectura y divulgaci\u00f3n\",\"description\":\"veredes\",\"publisher\":{\"@id\":\"https:\\\/\\\/veredes.es\\\/blog\\\/#organization\"},\"alternateName\":\"veredes\",\"potentialAction\":[{\"@type\":\"SearchAction\",\"target\":{\"@type\":\"EntryPoint\",\"urlTemplate\":\"https:\\\/\\\/veredes.es\\\/blog\\\/?s={search_term_string}\"},\"query-input\":{\"@type\":\"PropertyValueSpecification\",\"valueRequired\":true,\"valueName\":\"search_term_string\"}}],\"inLanguage\":\"es\"},{\"@type\":\"Organization\",\"@id\":\"https:\\\/\\\/veredes.es\\\/blog\\\/#organization\",\"name\":\"veredes, arquitectura y divulgaci\u00f3n\",\"alternateName\":\"veredes\",\"url\":\"https:\\\/\\\/veredes.es\\\/blog\\\/\",\"logo\":{\"@type\":\"ImageObject\",\"inLanguage\":\"es\",\"@id\":\"https:\\\/\\\/veredes.es\\\/blog\\\/#\\\/schema\\\/logo\\\/image\\\/\",\"url\":\"https:\\\/\\\/veredes.es\\\/blog\\\/wp-content\\\/uploads\\\/2021\\\/12\\\/veredes-logo-centrado_140x54.png\",\"contentUrl\":\"https:\\\/\\\/veredes.es\\\/blog\\\/wp-content\\\/uploads\\\/2021\\\/12\\\/veredes-logo-centrado_140x54.png\",\"width\":140,\"height\":54,\"caption\":\"veredes, arquitectura y divulgaci\u00f3n\"},\"image\":{\"@id\":\"https:\\\/\\\/veredes.es\\\/blog\\\/#\\\/schema\\\/logo\\\/image\\\/\"},\"sameAs\":[\"https:\\\/\\\/www.facebook.com\\\/veredesArquitecturayDivulgacion\\\/\",\"https:\\\/\\\/x.com\\\/veredes\",\"https:\\\/\\\/instagram.com\\\/veredes\\\/\",\"https:\\\/\\\/www.linkedin.com\\\/company\\\/veredes-arquitectura-y-divulgacion\\\/\",\"https:\\\/\\\/es.pinterest.com\\\/veredes\\\/\",\"https:\\\/\\\/www.tumblr.com\\\/veredes\"]},{\"@type\":\"Person\",\"@id\":\"https:\\\/\\\/veredes.es\\\/blog\\\/#\\\/schema\\\/person\\\/0bbb669073ef7faba5168a0844e93d2c\",\"name\":\"veredes\",\"image\":{\"@type\":\"ImageObject\",\"inLanguage\":\"es\",\"@id\":\"https:\\\/\\\/veredes.es\\\/blog\\\/wp-content\\\/uploads\\\/2018\\\/04\\\/face-96x96.jpg\",\"url\":\"https:\\\/\\\/veredes.es\\\/blog\\\/wp-content\\\/uploads\\\/2018\\\/04\\\/face-96x96.jpg\",\"contentUrl\":\"https:\\\/\\\/veredes.es\\\/blog\\\/wp-content\\\/uploads\\\/2018\\\/04\\\/face-96x96.jpg\",\"caption\":\"veredes\"},\"description\":\"Surge enero de 2009 como b\u00fasqueda de satisfacer el conocimiento de la actividad arquitect\u00f3nica y tangentes que se generan. La idea es crear un espacio para divulgar los diversos proyectos en busca de nueva inspiraci\u00f3n y de intercambio.\",\"sameAs\":[\"https:\\\/\\\/veredes.es\\\/\",\"https:\\\/\\\/www.facebook.com\\\/veredesArquitecturayDivulgacion\\\/\",\"https:\\\/\\\/www.instagram.com\\\/veredes\\\/\",\"https:\\\/\\\/www.linkedin.com\\\/company\\\/veredes-arquitectura-y-divulgacion\\\/\",\"https:\\\/\\\/www.pinterest.es\\\/veredes\\\/\",\"https:\\\/\\\/x.com\\\/https:\\\/\\\/twitter.com\\\/veredes\",\"https:\\\/\\\/veredes.tumblr.com\\\/\"],\"url\":\"https:\\\/\\\/veredes.es\\\/blog\\\/author\\\/alberto\\\/\"}]}<\/script>\n<!-- \/ Yoast SEO plugin. -->","yoast_head_json":{"title":"[:es]III Premio de Arquitectura Espa\u00f1ola Internacional 2017[:gl]III Premio de Arquitectura Espa\u00f1ola Internacional 2017[:en]The IIIrd Spanish International Architecture Award 2017[:] - veredes","description":"Toda la informaci\u00f3n sobre: [:es]III Premio de Arquitectura Espa\u00f1ola Internacional 2017[:gl]III Premio de Arquitectura Espa\u00f1ola Internacional 2017[:en]The IIIrd Spanish International Architecture Award 2017[:]","robots":{"index":"index","follow":"follow","max-snippet":"max-snippet:-1","max-image-preview":"max-image-preview:large","max-video-preview":"max-video-preview:-1"},"canonical":"https:\/\/veredes.es\/blog\/iii-premio-arquitectura-espanola-internacional-2017\/","og_locale":"es_ES","og_type":"article","og_title":"[:es]III Premio de Arquitectura Espa\u00f1ola Internacional 2017[:gl]III Premio de Arquitectura Espa\u00f1ola Internacional 2017[:en]The IIIrd Spanish International Architecture Award 2017[:] - veredes","og_description":"Toda la informaci\u00f3n sobre: [:es]III Premio de Arquitectura Espa\u00f1ola Internacional 2017[:gl]III Premio de Arquitectura Espa\u00f1ola Internacional 2017[:en]The IIIrd Spanish International Architecture Award 2017[:]","og_url":"https:\/\/veredes.es\/blog\/iii-premio-arquitectura-espanola-internacional-2017\/","og_site_name":"veredes, arquitectura y divulgaci\u00f3n","article_publisher":"https:\/\/www.facebook.com\/veredesArquitecturayDivulgacion\/","article_author":"https:\/\/www.facebook.com\/veredesArquitecturayDivulgacion\/","article_published_time":"2017-07-26T22:05:56+00:00","og_image":[{"width":300,"height":200,"url":"https:\/\/veredes.es\/blog\/wp-content\/uploads\/2017\/07\/III-Premio-de-Urbanismo-Espa\u00f1ol-2017.jpg","type":"image\/jpeg"}],"author":"veredes","twitter_card":"summary_large_image","twitter_creator":"@https:\/\/twitter.com\/veredes","twitter_site":"@veredes","twitter_misc":{"Escrito por":"veredes","Tiempo de lectura":"5 minutos"},"schema":{"@context":"https:\/\/schema.org","@graph":[{"@type":"Article","@id":"https:\/\/veredes.es\/blog\/iii-premio-arquitectura-espanola-internacional-2017\/#article","isPartOf":{"@id":"https:\/\/veredes.es\/blog\/iii-premio-arquitectura-espanola-internacional-2017\/"},"author":{"name":"veredes","@id":"https:\/\/veredes.es\/blog\/#\/schema\/person\/0bbb669073ef7faba5168a0844e93d2c"},"headline":"III Premio de Arquitectura Espa\u00f1ola Internacional 2017","datePublished":"2017-07-26T22:05:56+00:00","mainEntityOfPage":{"@id":"https:\/\/veredes.es\/blog\/iii-premio-arquitectura-espanola-internacional-2017\/"},"wordCount":1033,"commentCount":0,"publisher":{"@id":"https:\/\/veredes.es\/blog\/#organization"},"image":{"@id":"https:\/\/veredes.es\/blog\/iii-premio-arquitectura-espanola-internacional-2017\/#primaryimage"},"thumbnailUrl":"https:\/\/veredes.es\/blog\/wp-content\/uploads\/2017\/07\/III-Premio-de-Urbanismo-Espa\u00f1ol-2017.jpg","keywords":["arquitectura","arquitectura espa\u00f1ola","colegio de arquitectos","convocatoria","CSCAE","empresa","internacionalizaci\u00f3n","premio","proyecto","urbanismo"],"articleSection":["convocatorias","eventos","premios"],"inLanguage":"es","potentialAction":[{"@type":"CommentAction","name":"Comment","target":["https:\/\/veredes.es\/blog\/iii-premio-arquitectura-espanola-internacional-2017\/#respond"]}]},{"@type":"WebPage","@id":"https:\/\/veredes.es\/blog\/iii-premio-arquitectura-espanola-internacional-2017\/","url":"https:\/\/veredes.es\/blog\/iii-premio-arquitectura-espanola-internacional-2017\/","name":"[:es]III Premio de Arquitectura Espa\u00f1ola Internacional 2017[:gl]III Premio de Arquitectura Espa\u00f1ola Internacional 2017[:en]The IIIrd Spanish International Architecture Award 2017[:] - veredes","isPartOf":{"@id":"https:\/\/veredes.es\/blog\/#website"},"primaryImageOfPage":{"@id":"https:\/\/veredes.es\/blog\/iii-premio-arquitectura-espanola-internacional-2017\/#primaryimage"},"image":{"@id":"https:\/\/veredes.es\/blog\/iii-premio-arquitectura-espanola-internacional-2017\/#primaryimage"},"thumbnailUrl":"https:\/\/veredes.es\/blog\/wp-content\/uploads\/2017\/07\/III-Premio-de-Urbanismo-Espa\u00f1ol-2017.jpg","datePublished":"2017-07-26T22:05:56+00:00","description":"Toda la informaci\u00f3n sobre: [:es]III Premio de Arquitectura Espa\u00f1ola Internacional 2017[:gl]III Premio de Arquitectura Espa\u00f1ola Internacional 2017[:en]The IIIrd Spanish International Architecture Award 2017[:]","breadcrumb":{"@id":"https:\/\/veredes.es\/blog\/iii-premio-arquitectura-espanola-internacional-2017\/#breadcrumb"},"inLanguage":"es","potentialAction":[{"@type":"ReadAction","target":["https:\/\/veredes.es\/blog\/iii-premio-arquitectura-espanola-internacional-2017\/"]}]},{"@type":"ImageObject","inLanguage":"es","@id":"https:\/\/veredes.es\/blog\/iii-premio-arquitectura-espanola-internacional-2017\/#primaryimage","url":"https:\/\/veredes.es\/blog\/wp-content\/uploads\/2017\/07\/III-Premio-de-Urbanismo-Espa\u00f1ol-2017.jpg","contentUrl":"https:\/\/veredes.es\/blog\/wp-content\/uploads\/2017\/07\/III-Premio-de-Urbanismo-Espa\u00f1ol-2017.jpg","width":300,"height":200},{"@type":"BreadcrumbList","@id":"https:\/\/veredes.es\/blog\/iii-premio-arquitectura-espanola-internacional-2017\/#breadcrumb","itemListElement":[{"@type":"ListItem","position":1,"name":"Portada","item":"https:\/\/veredes.es\/blog\/"},{"@type":"ListItem","position":2,"name":"III Premio de Arquitectura Espa\u00f1ola Internacional 2017"}]},{"@type":"WebSite","@id":"https:\/\/veredes.es\/blog\/#website","url":"https:\/\/veredes.es\/blog\/","name":"veredes, arquitectura y divulgaci\u00f3n","description":"veredes","publisher":{"@id":"https:\/\/veredes.es\/blog\/#organization"},"alternateName":"veredes","potentialAction":[{"@type":"SearchAction","target":{"@type":"EntryPoint","urlTemplate":"https:\/\/veredes.es\/blog\/?s={search_term_string}"},"query-input":{"@type":"PropertyValueSpecification","valueRequired":true,"valueName":"search_term_string"}}],"inLanguage":"es"},{"@type":"Organization","@id":"https:\/\/veredes.es\/blog\/#organization","name":"veredes, arquitectura y divulgaci\u00f3n","alternateName":"veredes","url":"https:\/\/veredes.es\/blog\/","logo":{"@type":"ImageObject","inLanguage":"es","@id":"https:\/\/veredes.es\/blog\/#\/schema\/logo\/image\/","url":"https:\/\/veredes.es\/blog\/wp-content\/uploads\/2021\/12\/veredes-logo-centrado_140x54.png","contentUrl":"https:\/\/veredes.es\/blog\/wp-content\/uploads\/2021\/12\/veredes-logo-centrado_140x54.png","width":140,"height":54,"caption":"veredes, arquitectura y divulgaci\u00f3n"},"image":{"@id":"https:\/\/veredes.es\/blog\/#\/schema\/logo\/image\/"},"sameAs":["https:\/\/www.facebook.com\/veredesArquitecturayDivulgacion\/","https:\/\/x.com\/veredes","https:\/\/instagram.com\/veredes\/","https:\/\/www.linkedin.com\/company\/veredes-arquitectura-y-divulgacion\/","https:\/\/es.pinterest.com\/veredes\/","https:\/\/www.tumblr.com\/veredes"]},{"@type":"Person","@id":"https:\/\/veredes.es\/blog\/#\/schema\/person\/0bbb669073ef7faba5168a0844e93d2c","name":"veredes","image":{"@type":"ImageObject","inLanguage":"es","@id":"https:\/\/veredes.es\/blog\/wp-content\/uploads\/2018\/04\/face-96x96.jpg","url":"https:\/\/veredes.es\/blog\/wp-content\/uploads\/2018\/04\/face-96x96.jpg","contentUrl":"https:\/\/veredes.es\/blog\/wp-content\/uploads\/2018\/04\/face-96x96.jpg","caption":"veredes"},"description":"Surge enero de 2009 como b\u00fasqueda de satisfacer el conocimiento de la actividad arquitect\u00f3nica y tangentes que se generan. La idea es crear un espacio para divulgar los diversos proyectos en busca de nueva inspiraci\u00f3n y de intercambio.","sameAs":["https:\/\/veredes.es\/","https:\/\/www.facebook.com\/veredesArquitecturayDivulgacion\/","https:\/\/www.instagram.com\/veredes\/","https:\/\/www.linkedin.com\/company\/veredes-arquitectura-y-divulgacion\/","https:\/\/www.pinterest.es\/veredes\/","https:\/\/x.com\/https:\/\/twitter.com\/veredes","https:\/\/veredes.tumblr.com\/"],"url":"https:\/\/veredes.es\/blog\/author\/alberto\/"}]}},"_links":{"self":[{"href":"https:\/\/veredes.es\/blog\/wp-json\/wp\/v2\/posts\/65241","targetHints":{"allow":["GET"]}}],"collection":[{"href":"https:\/\/veredes.es\/blog\/wp-json\/wp\/v2\/posts"}],"about":[{"href":"https:\/\/veredes.es\/blog\/wp-json\/wp\/v2\/types\/post"}],"author":[{"embeddable":true,"href":"https:\/\/veredes.es\/blog\/wp-json\/wp\/v2\/users\/2"}],"replies":[{"embeddable":true,"href":"https:\/\/veredes.es\/blog\/wp-json\/wp\/v2\/comments?post=65241"}],"version-history":[{"count":0,"href":"https:\/\/veredes.es\/blog\/wp-json\/wp\/v2\/posts\/65241\/revisions"}],"wp:featuredmedia":[{"embeddable":true,"href":"https:\/\/veredes.es\/blog\/wp-json\/wp\/v2\/media\/65242"}],"wp:attachment":[{"href":"https:\/\/veredes.es\/blog\/wp-json\/wp\/v2\/media?parent=65241"}],"wp:term":[{"taxonomy":"category","embeddable":true,"href":"https:\/\/veredes.es\/blog\/wp-json\/wp\/v2\/categories?post=65241"},{"taxonomy":"post_tag","embeddable":true,"href":"https:\/\/veredes.es\/blog\/wp-json\/wp\/v2\/tags?post=65241"}],"curies":[{"name":"wp","href":"https:\/\/api.w.org\/{rel}","templated":true}]}}