{"id":64649,"date":"2017-06-08T00:03:52","date_gmt":"2017-06-07T22:03:52","guid":{"rendered":"http:\/\/veredes.es\/blog\/?p=64649"},"modified":"2022-12-12T17:48:06","modified_gmt":"2022-12-12T16:48:06","slug":"gabriele-basilico-entropia-espacio-urbano","status":"publish","type":"post","link":"https:\/\/veredes.es\/blog\/gabriele-basilico-entropia-espacio-urbano\/","title":{"rendered":"Gabriele Basilico. Entrop\u00eda y espacio urbano"},"content":{"rendered":"<p><\/p>\n<p style=\"text-align: justify;\">El Museo ICO inaugura la exposici\u00f3n <strong><em>\u201c<\/em>Gabriele<em> Basilico. Entrop\u00eda y espacio urbano\u201c<\/em><\/strong>, primera gran retrospectiva en Espa\u00f1a del conocido como \u201cEl fot\u00f3grafo de la ciudad\u201c. La muestra se enmarca en la Secci\u00f3n Oficial de PHotoEspa\u00f1a 2017 y podr\u00e1 verse hasta el pr\u00f3ximo 10 de septiembre.<\/p>\n<figure id=\"attachment_64651\" aria-describedby=\"caption-attachment-64651\" style=\"width: 640px\" class=\"wp-caption alignnone\"><img loading=\"lazy\" decoding=\"async\" class=\"size-large wp-image-64651\" src=\"http:\/\/veredes.es\/blog\/wp-content\/uploads\/2017\/05\/Gabriele-Basilico.-Entrop\u00eda-y-espacio-urbano-Dunkerque-1984-\u00a9-Archivio-Gabriele-Basilico-di-Giovanna-Calvenzi-1024x797.jpg\" alt=\"Dunkerque, 1984 \u00a9 Archivio Gabriele Basilico di Giovanna Calvenzi\" width=\"640\" height=\"498\" srcset=\"https:\/\/veredes.es\/blog\/wp-content\/uploads\/2017\/05\/Gabriele-Basilico.-Entrop\u00eda-y-espacio-urbano-Dunkerque-1984-\u00a9-Archivio-Gabriele-Basilico-di-Giovanna-Calvenzi-1024x797.jpg 1024w, https:\/\/veredes.es\/blog\/wp-content\/uploads\/2017\/05\/Gabriele-Basilico.-Entrop\u00eda-y-espacio-urbano-Dunkerque-1984-\u00a9-Archivio-Gabriele-Basilico-di-Giovanna-Calvenzi-300x234.jpg 300w, https:\/\/veredes.es\/blog\/wp-content\/uploads\/2017\/05\/Gabriele-Basilico.-Entrop\u00eda-y-espacio-urbano-Dunkerque-1984-\u00a9-Archivio-Gabriele-Basilico-di-Giovanna-Calvenzi.jpg 1200w\" sizes=\"auto, (max-width: 640px) 100vw, 640px\" \/><figcaption id=\"caption-attachment-64651\" class=\"wp-caption-text\"><span style=\"color: #999999;\">Dunkerque, 1984 \u00a9 Archivio Gabriele Basilico di Giovanna Calvenzi<\/span><\/figcaption><\/figure>\n<p style=\"text-align: justify;\">Comisariada por Ram\u00f3n Esparza y con la colaboraci\u00f3n de Giovanna Calvenzi y el Studio Gabriele Basilico, <strong><em>\u201c<\/em>Entrop\u00eda y espacio urbano<em>\u201c<\/em><\/strong> explora la evoluci\u00f3n estil\u00edstica y conceptual de <a href=\"https:\/\/es.wikipedia.org\/wiki\/Gabriele_Basilico\" target=\"_blank\" rel=\"noopener\">Basilico <\/a>a lo largo de su carrera, desde la mirada rom\u00e1ntica de sus inicios a la que busca encontrar un orden visual en el aparente caos de las metr\u00f3polis posmodernas. El t\u00edtulo hace referencia a esa evoluci\u00f3n conceptual de Basilico a lo largo de su carrera e intenta mostrar el cambio operado en ella.<\/p>\n<p style=\"text-align: justify;\">La exposici\u00f3n muestra 185 fotograf\u00edas, una selecci\u00f3n de los m\u00e1s de 70 libros publicados por Basilico a lo largo de toda su carrera y cuatro v\u00eddeos sobre diversos aspectos de su trabajo para realizar un repaso general a toda su carrera fotogr\u00e1fica. La muestra parte de su primera serie centrada en el paisaje y la arquitectura, <em>Milano, ritratti di fabbriche [Mil\u00e1n, retratos de f\u00e1bricas],<\/em> para concluir con las im\u00e1genes de algunas de las metr\u00f3polis contempor\u00e1neas, como R\u00edo de Janeiro o Shangh\u00e1i.<\/p>\n<p style=\"text-align: justify;\">La retrospectiva que se puede ver en el Museo ICO se divide en cinco series. La exposici\u00f3n comienza con la primera serie dedicada por Gabriele Basilico a la arquitectura, <em>Milano, ritratti di fabbriche<\/em> (1979), para la cual fotografi\u00f3 todos los edificios industriales de Mil\u00e1n. Tras \u00e9sta vino la invitaci\u00f3n a participar en la Mission DATAR, en Francia, para la que capt\u00f3 la imagen de la costa de Normand\u00eda (<em>Porti di mare<\/em>). Su fama comenz\u00f3 a extenderse y llegaron los encargos de toda Europa. En Espa\u00f1a particip\u00f3 en proyectos fotogr\u00e1ficos en Madrid, Bilbao, Valencia, Barcelona, L\u00e9rida y Santiago. Siempre en ciudades que sufr\u00edan severos procesos de transformaci\u00f3n econ\u00f3mica y urbana. La idea de la p\u00e9rdida, el sentimiento rom\u00e1ntico de la ruina, es el eje de todos ellos, al tiempo que la b\u00fasqueda de criterios est\u00e9ticos que permitan asumir esas transformaciones. Hay uno, sin embargo, que marca profundamente su visi\u00f3n y sienta las bases para el final de esta etapa, aunque ese fin llegara a\u00f1os m\u00e1s tarde. En 1991 es invitado, junto a otros fot\u00f3grafos, a visitar Beirut para documentar el centro de la ciudad tras veinte a\u00f1os de guerra. El resto del grupo lo formaban grandes nombres como Robert Frank, Josef Koudelka, Raymond Depardon, Ren\u00e9 Burri y el liban\u00e9s Fouad Elkoury.<\/p>\n<figure id=\"attachment_64652\" aria-describedby=\"caption-attachment-64652\" style=\"width: 640px\" class=\"wp-caption alignnone\"><img loading=\"lazy\" decoding=\"async\" class=\"size-large wp-image-64652\" src=\"https:\/\/veredes.es\/blog\/wp-content\/uploads\/2017\/05\/Gabriele-Basilico.-Entrop&iacute;a-y-espacio-urbano-Bilbao-1993-&copy;-Archivio-Gabriele-Basilico-di-Giovanna-Calvenzi-1024x834.jpg\" alt=\"Bilbao, 1993 \u00a9 Archivio Gabriele Basilico di Giovanna Calvenzi\" width=\"640\" height=\"521\" \/><figcaption id=\"caption-attachment-64652\" class=\"wp-caption-text\"><span style=\"color: #999999;\">Bilbao, 1993 \u00a9 Archivio Gabriele Basilico di Giovanna Calvenzi<\/span><\/figcaption><\/figure>\n<p style=\"text-align: justify;\">La clave para la \u201cdesromantizaci\u00f3n\u201d de su fotograf\u00eda vino con el proyecto que, junto al arquitecto Stefano Boeri, present\u00f3 en 1997 en la Bienal de Arquitectura de Venecia. En <em>Sezioni del paesaggio italiano<\/em>, Boeri plante\u00f3 una forma muy distinta de aproximaci\u00f3n al territorio, m\u00e1s cercana a lo topogr\u00e1fico que a lo emocional. Seis franjas de cincuenta por doce kil\u00f3metros surcadas por una gran v\u00eda de comunicaci\u00f3n, fueron el escenario fotografiado por Basilico: espacios sin memoria, sin identidad. La verdadera esencia de lo periurbano. A partir de este proyecto, la mirada de Basilico cambia radicalmente. Sustituye la visi\u00f3n del viajero rom\u00e1ntico por la del viajero moderno que se desplaza en autom\u00f3vil y su b\u00fasqueda est\u00e9tica se centra en la articulaci\u00f3n de una nueva mirada, desprovista ya de toda carga rom\u00e1ntica, que se centra en la aceptaci\u00f3n de los espacios urbanos y periurbanos y la formulaci\u00f3n de un orden visual que sea capaz de posibilitar su apreciaci\u00f3n, tanto en lo sociol\u00f3gico como en lo est\u00e9tico. Una b\u00fasqueda que le lleva a centrarse en la ciudad, marc\u00e1ndose siempre itinerarios centro-periferia, o en las afueras, y evolucionando, poco a poco, hacia la figura de la metr\u00f3poli y la ciudad interrumpida.<\/p>\n<p style=\"text-align: justify;\"><strong>El cat\u00e1logo.<\/strong><\/p>\n<p style=\"text-align: justify;\">Con motivo de la exposici\u00f3n, la Fundaci\u00f3n ICO ha editado, en colaboraci\u00f3n con La F\u00e1brica Editorial, un <a href=\"https:\/\/www.amazon.es\/gp\/product\/8417048065?ie=UTF8&amp;tag=wwwveredeses-21&amp;camp=3638&amp;linkCode=xm2&amp;creativeASIN=8417048065\" target=\"_blank\" rel=\"noopener\">cat\u00e1logo de 208 p\u00e1ginas<\/a> que recoge las obras presentes en la muestra. Se completa con una introducci\u00f3n de Giovanna Calvenzi, viuda de Gabriele Basilico; un ensayo de Ram\u00f3n Esparza, comisario de la exposici\u00f3n; y con una entrevista al arquitecto milan\u00e9s Stefano Boeri realizada por Emilia Giorgi.<\/p>\n<p style=\"text-align: justify;\"><img loading=\"lazy\" decoding=\"async\" class=\"alignnone size-large wp-image-64650\" src=\"http:\/\/veredes.es\/blog\/wp-content\/uploads\/2017\/05\/GABRIELE-BASILICO.-ENTROP\u00cdA-Y-ESPACIO-URBANO-cat\u00e1logo-1024x834.jpg\" alt=\"GABRIELE BASILICO. ENTROP\u00cdA Y ESPACIO URBANO cat\u00e1logo\" width=\"640\" height=\"521\" srcset=\"https:\/\/veredes.es\/blog\/wp-content\/uploads\/2017\/05\/GABRIELE-BASILICO.-ENTROP\u00cdA-Y-ESPACIO-URBANO-cat\u00e1logo-1024x834.jpg 1024w, https:\/\/veredes.es\/blog\/wp-content\/uploads\/2017\/05\/GABRIELE-BASILICO.-ENTROP\u00cdA-Y-ESPACIO-URBANO-cat\u00e1logo-300x244.jpg 300w, https:\/\/veredes.es\/blog\/wp-content\/uploads\/2017\/05\/GABRIELE-BASILICO.-ENTROP\u00cdA-Y-ESPACIO-URBANO-cat\u00e1logo.jpg 1200w\" sizes=\"auto, (max-width: 640px) 100vw, 640px\" \/><\/p>\n<p style=\"text-align: justify;\"><strong>GABRIELE BASILICO. ENTROP\u00cdA Y ESPACIO URBANO<\/strong><br \/>\nEXPOSICI\u00d3N del 30 de mayo al 10 de septiembre de 2017<br \/>\nOrganiza y produce: Fundaci\u00f3n ICO<br \/>\nMuseo ICO, C\/ Zorrilla, 3, 28014, Madrid<br \/>\nComisario: Ram\u00f3n Esparza<br \/>\nCon la colaboraci\u00f3n de: Giovanna Calvenzi y el <a href=\"https:\/\/shop.fmav.org\/prodotti\/gabriele-basilico-dancing-in-emilia\/\" target=\"_blank\" rel=\"noopener\">Studio Gabriele Basilico<\/a><br \/>\nHorario: De martes a s\u00e1bado, de 11 a 20 h.; domingo y festivos, de 10 a 14 h.; lunes cerrado.<br \/>\nEntrada gratuita<\/p>\n<p><\/p>","protected":false},"excerpt":{"rendered":"<p>El Museo ICO inaugura la exposici\u00f3n \u201cGabriele Basilico. Entrop\u00eda y espacio urbano\u201c, primera gran retrospectiva en Espa\u00f1a del conocido como \u201cEl fot\u00f3grafo de la ciudad\u201c. La muestra se enmarca en la Secci\u00f3n Oficial de PHotoEspa\u00f1a 2017 y podr\u00e1 verse hasta el pr\u00f3ximo 10 de septiembre. Comisariada por Ram\u00f3n Esparza y con la colaboraci\u00f3n de Giovanna [&hellip;]<\/p>\n","protected":false},"author":2,"featured_media":64651,"comment_status":"open","ping_status":"closed","sticky":false,"template":"","format":"standard","meta":{"footnotes":""},"categories":[16,1382],"tags":[6657,9144,211,318,13001,556,12460,13003,7001,13000,13007,13004,12999,857,7586,977,11670,1120,12998,13005,13002,10275,5312,13006],"class_list":{"0":"post-64649","1":"post","2":"type-post","3":"status-publish","4":"format-standard","5":"has-post-thumbnail","7":"category-eventos","8":"category-exposiciones","9":"tag-arquitectura-italiana","10":"tag-bienal-de-arquitectura","11":"tag-bienal-de-venecia","12":"tag-ciudad","13":"tag-emilia-giorgi","14":"tag-exposicion","15":"tag-fotografia","16":"tag-fouad-elkoury","17":"tag-gabriele-basilico","18":"tag-giovanna-calvenzi","19":"tag-istituto-italiano-di-cultura","20":"tag-josef-koudelka","21":"tag-la-fabrica-editorial","22":"tag-metropolis","23":"tag-museo-ico","25":"tag-photoespana","26":"tag-publicacion","27":"tag-ramon-esparza","28":"tag-raymond-depardon","29":"tag-rene-burri","30":"tag-robert-frank","31":"tag-stefano-boeri","32":"tag-studio-gabriele-basilico"},"yoast_head":"<!-- This site is optimized with the Yoast SEO plugin v27.5 - https:\/\/yoast.com\/product\/yoast-seo-wordpress\/ -->\n<title>Gabriele Basilico. Entrop\u00eda y espacio urbano - veredes<\/title>\n<meta name=\"description\" content=\"Toda la informaci\u00f3n sobre: [:es]Gabriele Basilico. Entrop\u00eda y espacio urbano[:gl]Gabriele Basilico. Entrop\u00eda e espazo urbano[:en]Gabriele Basilico. Entropy and urban space[:]\" \/>\n<meta name=\"robots\" content=\"index, follow, max-snippet:-1, max-image-preview:large, max-video-preview:-1\" \/>\n<link rel=\"canonical\" href=\"https:\/\/veredes.es\/blog\/gabriele-basilico-entropia-espacio-urbano\/\" \/>\n<meta property=\"og:locale\" content=\"es_ES\" \/>\n<meta property=\"og:type\" content=\"article\" \/>\n<meta property=\"og:title\" content=\"[:es]Gabriele Basilico. Entrop\u00eda y espacio urbano[:gl]Gabriele Basilico. Entrop\u00eda e espazo urbano[:en]Gabriele Basilico. Entropy and urban space[:] - veredes\" \/>\n<meta property=\"og:description\" content=\"Toda la informaci\u00f3n sobre: [:es]Gabriele Basilico. Entrop\u00eda y espacio urbano[:gl]Gabriele Basilico. Entrop\u00eda e espazo urbano[:en]Gabriele Basilico. Entropy and urban space[:]\" \/>\n<meta property=\"og:url\" content=\"https:\/\/veredes.es\/blog\/gabriele-basilico-entropia-espacio-urbano\/\" \/>\n<meta property=\"og:site_name\" content=\"veredes, arquitectura y divulgaci\u00f3n\" \/>\n<meta property=\"article:publisher\" content=\"https:\/\/www.facebook.com\/veredesArquitecturayDivulgacion\/\" \/>\n<meta property=\"article:author\" content=\"https:\/\/www.facebook.com\/veredesArquitecturayDivulgacion\/\" \/>\n<meta property=\"article:published_time\" content=\"2017-06-07T22:03:52+00:00\" \/>\n<meta property=\"article:modified_time\" content=\"2022-12-12T16:48:06+00:00\" \/>\n<meta property=\"og:image\" content=\"https:\/\/veredes.es\/blog\/wp-content\/uploads\/2017\/05\/Gabriele-Basilico.-Entrop\u00eda-y-espacio-urbano-Dunkerque-1984-\u00a9-Archivio-Gabriele-Basilico-di-Giovanna-Calvenzi.jpg\" \/>\n\t<meta property=\"og:image:width\" content=\"1200\" \/>\n\t<meta property=\"og:image:height\" content=\"934\" \/>\n\t<meta property=\"og:image:type\" content=\"image\/jpeg\" \/>\n<meta name=\"author\" content=\"veredes\" \/>\n<meta name=\"twitter:card\" content=\"summary_large_image\" \/>\n<meta name=\"twitter:creator\" content=\"@https:\/\/twitter.com\/veredes\" \/>\n<meta name=\"twitter:site\" content=\"@veredes\" \/>\n<meta name=\"twitter:label1\" content=\"Escrito por\" \/>\n\t<meta name=\"twitter:data1\" content=\"veredes\" \/>\n\t<meta name=\"twitter:label2\" content=\"Tiempo de lectura\" \/>\n\t<meta name=\"twitter:data2\" content=\"12 minutos\" \/>\n<script type=\"application\/ld+json\" class=\"yoast-schema-graph\">{\"@context\":\"https:\\\/\\\/schema.org\",\"@graph\":[{\"@type\":\"Article\",\"@id\":\"https:\\\/\\\/veredes.es\\\/blog\\\/gabriele-basilico-entropia-espacio-urbano\\\/#article\",\"isPartOf\":{\"@id\":\"https:\\\/\\\/veredes.es\\\/blog\\\/gabriele-basilico-entropia-espacio-urbano\\\/\"},\"author\":{\"name\":\"veredes\",\"@id\":\"https:\\\/\\\/veredes.es\\\/blog\\\/#\\\/schema\\\/person\\\/0bbb669073ef7faba5168a0844e93d2c\"},\"headline\":\"Gabriele Basilico. Entrop\u00eda y espacio urbano\",\"datePublished\":\"2017-06-07T22:03:52+00:00\",\"dateModified\":\"2022-12-12T16:48:06+00:00\",\"mainEntityOfPage\":{\"@id\":\"https:\\\/\\\/veredes.es\\\/blog\\\/gabriele-basilico-entropia-espacio-urbano\\\/\"},\"wordCount\":2521,\"commentCount\":0,\"publisher\":{\"@id\":\"https:\\\/\\\/veredes.es\\\/blog\\\/#organization\"},\"image\":{\"@id\":\"https:\\\/\\\/veredes.es\\\/blog\\\/gabriele-basilico-entropia-espacio-urbano\\\/#primaryimage\"},\"thumbnailUrl\":\"https:\\\/\\\/veredes.es\\\/blog\\\/wp-content\\\/uploads\\\/2017\\\/05\\\/Gabriele-Basilico.-Entrop\u00eda-y-espacio-urbano-Dunkerque-1984-\u00a9-Archivio-Gabriele-Basilico-di-Giovanna-Calvenzi.jpg\",\"keywords\":[\"arquitectura italiana\",\"bienal de arquitectura\",\"bienal de Venecia\",\"ciudad\",\"Emilia Giorgi\",\"exposici\u00f3n\",\"fotograf\u00eda\",\"Fouad Elkoury\",\"Gabriele Basilico\",\"Giovanna Calvenzi\",\"Istituto Italiano di Cultura\",\"Josef Koudelka\",\"La F\u00e1brica Editorial\",\"metr\u00f3polis\",\"Museo ICO\",\"paisaje\",\"photoespa\u00f1a\",\"publicaci\u00f3n\",\"Ram\u00f3n Esparza\",\"Raymond Depardon\",\"Ren\u00e9 Burri\",\"robert frank\",\"Stefano Boeri\",\"Studio Gabriele Basilico\"],\"articleSection\":[\"eventos\",\"exposiciones\"],\"inLanguage\":\"es\",\"potentialAction\":[{\"@type\":\"CommentAction\",\"name\":\"Comment\",\"target\":[\"https:\\\/\\\/veredes.es\\\/blog\\\/gabriele-basilico-entropia-espacio-urbano\\\/#respond\"]}]},{\"@type\":\"WebPage\",\"@id\":\"https:\\\/\\\/veredes.es\\\/blog\\\/gabriele-basilico-entropia-espacio-urbano\\\/\",\"url\":\"https:\\\/\\\/veredes.es\\\/blog\\\/gabriele-basilico-entropia-espacio-urbano\\\/\",\"name\":\"[:es]Gabriele Basilico. Entrop\u00eda y espacio urbano[:gl]Gabriele Basilico. Entrop\u00eda e espazo urbano[:en]Gabriele Basilico. Entropy and urban space[:] - veredes\",\"isPartOf\":{\"@id\":\"https:\\\/\\\/veredes.es\\\/blog\\\/#website\"},\"primaryImageOfPage\":{\"@id\":\"https:\\\/\\\/veredes.es\\\/blog\\\/gabriele-basilico-entropia-espacio-urbano\\\/#primaryimage\"},\"image\":{\"@id\":\"https:\\\/\\\/veredes.es\\\/blog\\\/gabriele-basilico-entropia-espacio-urbano\\\/#primaryimage\"},\"thumbnailUrl\":\"https:\\\/\\\/veredes.es\\\/blog\\\/wp-content\\\/uploads\\\/2017\\\/05\\\/Gabriele-Basilico.-Entrop\u00eda-y-espacio-urbano-Dunkerque-1984-\u00a9-Archivio-Gabriele-Basilico-di-Giovanna-Calvenzi.jpg\",\"datePublished\":\"2017-06-07T22:03:52+00:00\",\"dateModified\":\"2022-12-12T16:48:06+00:00\",\"description\":\"Toda la informaci\u00f3n sobre: [:es]Gabriele Basilico. Entrop\u00eda y espacio urbano[:gl]Gabriele Basilico. Entrop\u00eda e espazo urbano[:en]Gabriele Basilico. Entropy and urban space[:]\",\"breadcrumb\":{\"@id\":\"https:\\\/\\\/veredes.es\\\/blog\\\/gabriele-basilico-entropia-espacio-urbano\\\/#breadcrumb\"},\"inLanguage\":\"es\",\"potentialAction\":[{\"@type\":\"ReadAction\",\"target\":[\"https:\\\/\\\/veredes.es\\\/blog\\\/gabriele-basilico-entropia-espacio-urbano\\\/\"]}]},{\"@type\":\"ImageObject\",\"inLanguage\":\"es\",\"@id\":\"https:\\\/\\\/veredes.es\\\/blog\\\/gabriele-basilico-entropia-espacio-urbano\\\/#primaryimage\",\"url\":\"https:\\\/\\\/veredes.es\\\/blog\\\/wp-content\\\/uploads\\\/2017\\\/05\\\/Gabriele-Basilico.-Entrop\u00eda-y-espacio-urbano-Dunkerque-1984-\u00a9-Archivio-Gabriele-Basilico-di-Giovanna-Calvenzi.jpg\",\"contentUrl\":\"https:\\\/\\\/veredes.es\\\/blog\\\/wp-content\\\/uploads\\\/2017\\\/05\\\/Gabriele-Basilico.-Entrop\u00eda-y-espacio-urbano-Dunkerque-1984-\u00a9-Archivio-Gabriele-Basilico-di-Giovanna-Calvenzi.jpg\",\"width\":1200,\"height\":934,\"caption\":\"Dunkerque, 1984 \u00a9 Archivio Gabriele Basilico di Giovanna Calvenzi\"},{\"@type\":\"BreadcrumbList\",\"@id\":\"https:\\\/\\\/veredes.es\\\/blog\\\/gabriele-basilico-entropia-espacio-urbano\\\/#breadcrumb\",\"itemListElement\":[{\"@type\":\"ListItem\",\"position\":1,\"name\":\"Portada\",\"item\":\"https:\\\/\\\/veredes.es\\\/blog\\\/\"},{\"@type\":\"ListItem\",\"position\":2,\"name\":\"[:es]Gabriele Basilico. Entrop\u00eda y espacio urbano[:gl]Gabriele Basilico. Entrop\u00eda e espazo urbano[:en]Gabriele Basilico. Entropy and urban space[:]\"}]},{\"@type\":\"WebSite\",\"@id\":\"https:\\\/\\\/veredes.es\\\/blog\\\/#website\",\"url\":\"https:\\\/\\\/veredes.es\\\/blog\\\/\",\"name\":\"veredes, arquitectura y divulgaci\u00f3n\",\"description\":\"veredes\",\"publisher\":{\"@id\":\"https:\\\/\\\/veredes.es\\\/blog\\\/#organization\"},\"alternateName\":\"veredes\",\"potentialAction\":[{\"@type\":\"SearchAction\",\"target\":{\"@type\":\"EntryPoint\",\"urlTemplate\":\"https:\\\/\\\/veredes.es\\\/blog\\\/?s={search_term_string}\"},\"query-input\":{\"@type\":\"PropertyValueSpecification\",\"valueRequired\":true,\"valueName\":\"search_term_string\"}}],\"inLanguage\":\"es\"},{\"@type\":\"Organization\",\"@id\":\"https:\\\/\\\/veredes.es\\\/blog\\\/#organization\",\"name\":\"veredes, arquitectura y divulgaci\u00f3n\",\"alternateName\":\"veredes\",\"url\":\"https:\\\/\\\/veredes.es\\\/blog\\\/\",\"logo\":{\"@type\":\"ImageObject\",\"inLanguage\":\"es\",\"@id\":\"https:\\\/\\\/veredes.es\\\/blog\\\/#\\\/schema\\\/logo\\\/image\\\/\",\"url\":\"https:\\\/\\\/veredes.es\\\/blog\\\/wp-content\\\/uploads\\\/2021\\\/12\\\/veredes-logo-centrado_140x54.png\",\"contentUrl\":\"https:\\\/\\\/veredes.es\\\/blog\\\/wp-content\\\/uploads\\\/2021\\\/12\\\/veredes-logo-centrado_140x54.png\",\"width\":140,\"height\":54,\"caption\":\"veredes, arquitectura y divulgaci\u00f3n\"},\"image\":{\"@id\":\"https:\\\/\\\/veredes.es\\\/blog\\\/#\\\/schema\\\/logo\\\/image\\\/\"},\"sameAs\":[\"https:\\\/\\\/www.facebook.com\\\/veredesArquitecturayDivulgacion\\\/\",\"https:\\\/\\\/x.com\\\/veredes\",\"https:\\\/\\\/instagram.com\\\/veredes\\\/\",\"https:\\\/\\\/www.linkedin.com\\\/company\\\/veredes-arquitectura-y-divulgacion\\\/\",\"https:\\\/\\\/es.pinterest.com\\\/veredes\\\/\",\"https:\\\/\\\/www.tumblr.com\\\/veredes\"]},{\"@type\":\"Person\",\"@id\":\"https:\\\/\\\/veredes.es\\\/blog\\\/#\\\/schema\\\/person\\\/0bbb669073ef7faba5168a0844e93d2c\",\"name\":\"veredes\",\"image\":{\"@type\":\"ImageObject\",\"inLanguage\":\"es\",\"@id\":\"https:\\\/\\\/veredes.es\\\/blog\\\/wp-content\\\/uploads\\\/2018\\\/04\\\/face-96x96.jpg\",\"url\":\"https:\\\/\\\/veredes.es\\\/blog\\\/wp-content\\\/uploads\\\/2018\\\/04\\\/face-96x96.jpg\",\"contentUrl\":\"https:\\\/\\\/veredes.es\\\/blog\\\/wp-content\\\/uploads\\\/2018\\\/04\\\/face-96x96.jpg\",\"caption\":\"veredes\"},\"description\":\"Surge enero de 2009 como b\u00fasqueda de satisfacer el conocimiento de la actividad arquitect\u00f3nica y tangentes que se generan. La idea es crear un espacio para divulgar los diversos proyectos en busca de nueva inspiraci\u00f3n y de intercambio.\",\"sameAs\":[\"https:\\\/\\\/veredes.es\\\/\",\"https:\\\/\\\/www.facebook.com\\\/veredesArquitecturayDivulgacion\\\/\",\"https:\\\/\\\/www.instagram.com\\\/veredes\\\/\",\"https:\\\/\\\/www.linkedin.com\\\/company\\\/veredes-arquitectura-y-divulgacion\\\/\",\"https:\\\/\\\/www.pinterest.es\\\/veredes\\\/\",\"https:\\\/\\\/x.com\\\/https:\\\/\\\/twitter.com\\\/veredes\",\"https:\\\/\\\/veredes.tumblr.com\\\/\"],\"url\":\"https:\\\/\\\/veredes.es\\\/blog\\\/author\\\/alberto\\\/\"}]}<\/script>\n<!-- \/ Yoast SEO plugin. -->","yoast_head_json":{"title":"[:es]Gabriele Basilico. Entrop\u00eda y espacio urbano[:gl]Gabriele Basilico. Entrop\u00eda e espazo urbano[:en]Gabriele Basilico. Entropy and urban space[:] - veredes","description":"Toda la informaci\u00f3n sobre: [:es]Gabriele Basilico. Entrop\u00eda y espacio urbano[:gl]Gabriele Basilico. Entrop\u00eda e espazo urbano[:en]Gabriele Basilico. Entropy and urban space[:]","robots":{"index":"index","follow":"follow","max-snippet":"max-snippet:-1","max-image-preview":"max-image-preview:large","max-video-preview":"max-video-preview:-1"},"canonical":"https:\/\/veredes.es\/blog\/gabriele-basilico-entropia-espacio-urbano\/","og_locale":"es_ES","og_type":"article","og_title":"[:es]Gabriele Basilico. Entrop\u00eda y espacio urbano[:gl]Gabriele Basilico. Entrop\u00eda e espazo urbano[:en]Gabriele Basilico. Entropy and urban space[:] - veredes","og_description":"Toda la informaci\u00f3n sobre: [:es]Gabriele Basilico. Entrop\u00eda y espacio urbano[:gl]Gabriele Basilico. Entrop\u00eda e espazo urbano[:en]Gabriele Basilico. Entropy and urban space[:]","og_url":"https:\/\/veredes.es\/blog\/gabriele-basilico-entropia-espacio-urbano\/","og_site_name":"veredes, arquitectura y divulgaci\u00f3n","article_publisher":"https:\/\/www.facebook.com\/veredesArquitecturayDivulgacion\/","article_author":"https:\/\/www.facebook.com\/veredesArquitecturayDivulgacion\/","article_published_time":"2017-06-07T22:03:52+00:00","article_modified_time":"2022-12-12T16:48:06+00:00","og_image":[{"width":1200,"height":934,"url":"https:\/\/veredes.es\/blog\/wp-content\/uploads\/2017\/05\/Gabriele-Basilico.-Entrop\u00eda-y-espacio-urbano-Dunkerque-1984-\u00a9-Archivio-Gabriele-Basilico-di-Giovanna-Calvenzi.jpg","type":"image\/jpeg"}],"author":"veredes","twitter_card":"summary_large_image","twitter_creator":"@https:\/\/twitter.com\/veredes","twitter_site":"@veredes","twitter_misc":{"Escrito por":"veredes","Tiempo de lectura":"12 minutos"},"schema":{"@context":"https:\/\/schema.org","@graph":[{"@type":"Article","@id":"https:\/\/veredes.es\/blog\/gabriele-basilico-entropia-espacio-urbano\/#article","isPartOf":{"@id":"https:\/\/veredes.es\/blog\/gabriele-basilico-entropia-espacio-urbano\/"},"author":{"name":"veredes","@id":"https:\/\/veredes.es\/blog\/#\/schema\/person\/0bbb669073ef7faba5168a0844e93d2c"},"headline":"Gabriele Basilico. Entrop\u00eda y espacio urbano","datePublished":"2017-06-07T22:03:52+00:00","dateModified":"2022-12-12T16:48:06+00:00","mainEntityOfPage":{"@id":"https:\/\/veredes.es\/blog\/gabriele-basilico-entropia-espacio-urbano\/"},"wordCount":2521,"commentCount":0,"publisher":{"@id":"https:\/\/veredes.es\/blog\/#organization"},"image":{"@id":"https:\/\/veredes.es\/blog\/gabriele-basilico-entropia-espacio-urbano\/#primaryimage"},"thumbnailUrl":"https:\/\/veredes.es\/blog\/wp-content\/uploads\/2017\/05\/Gabriele-Basilico.-Entrop\u00eda-y-espacio-urbano-Dunkerque-1984-\u00a9-Archivio-Gabriele-Basilico-di-Giovanna-Calvenzi.jpg","keywords":["arquitectura italiana","bienal de arquitectura","bienal de Venecia","ciudad","Emilia Giorgi","exposici\u00f3n","fotograf\u00eda","Fouad Elkoury","Gabriele Basilico","Giovanna Calvenzi","Istituto Italiano di Cultura","Josef Koudelka","La F\u00e1brica Editorial","metr\u00f3polis","Museo ICO","paisaje","photoespa\u00f1a","publicaci\u00f3n","Ram\u00f3n Esparza","Raymond Depardon","Ren\u00e9 Burri","robert frank","Stefano Boeri","Studio Gabriele Basilico"],"articleSection":["eventos","exposiciones"],"inLanguage":"es","potentialAction":[{"@type":"CommentAction","name":"Comment","target":["https:\/\/veredes.es\/blog\/gabriele-basilico-entropia-espacio-urbano\/#respond"]}]},{"@type":"WebPage","@id":"https:\/\/veredes.es\/blog\/gabriele-basilico-entropia-espacio-urbano\/","url":"https:\/\/veredes.es\/blog\/gabriele-basilico-entropia-espacio-urbano\/","name":"[:es]Gabriele Basilico. Entrop\u00eda y espacio urbano[:gl]Gabriele Basilico. Entrop\u00eda e espazo urbano[:en]Gabriele Basilico. Entropy and urban space[:] - veredes","isPartOf":{"@id":"https:\/\/veredes.es\/blog\/#website"},"primaryImageOfPage":{"@id":"https:\/\/veredes.es\/blog\/gabriele-basilico-entropia-espacio-urbano\/#primaryimage"},"image":{"@id":"https:\/\/veredes.es\/blog\/gabriele-basilico-entropia-espacio-urbano\/#primaryimage"},"thumbnailUrl":"https:\/\/veredes.es\/blog\/wp-content\/uploads\/2017\/05\/Gabriele-Basilico.-Entrop\u00eda-y-espacio-urbano-Dunkerque-1984-\u00a9-Archivio-Gabriele-Basilico-di-Giovanna-Calvenzi.jpg","datePublished":"2017-06-07T22:03:52+00:00","dateModified":"2022-12-12T16:48:06+00:00","description":"Toda la informaci\u00f3n sobre: [:es]Gabriele Basilico. Entrop\u00eda y espacio urbano[:gl]Gabriele Basilico. Entrop\u00eda e espazo urbano[:en]Gabriele Basilico. Entropy and urban space[:]","breadcrumb":{"@id":"https:\/\/veredes.es\/blog\/gabriele-basilico-entropia-espacio-urbano\/#breadcrumb"},"inLanguage":"es","potentialAction":[{"@type":"ReadAction","target":["https:\/\/veredes.es\/blog\/gabriele-basilico-entropia-espacio-urbano\/"]}]},{"@type":"ImageObject","inLanguage":"es","@id":"https:\/\/veredes.es\/blog\/gabriele-basilico-entropia-espacio-urbano\/#primaryimage","url":"https:\/\/veredes.es\/blog\/wp-content\/uploads\/2017\/05\/Gabriele-Basilico.-Entrop\u00eda-y-espacio-urbano-Dunkerque-1984-\u00a9-Archivio-Gabriele-Basilico-di-Giovanna-Calvenzi.jpg","contentUrl":"https:\/\/veredes.es\/blog\/wp-content\/uploads\/2017\/05\/Gabriele-Basilico.-Entrop\u00eda-y-espacio-urbano-Dunkerque-1984-\u00a9-Archivio-Gabriele-Basilico-di-Giovanna-Calvenzi.jpg","width":1200,"height":934,"caption":"Dunkerque, 1984 \u00a9 Archivio Gabriele Basilico di Giovanna Calvenzi"},{"@type":"BreadcrumbList","@id":"https:\/\/veredes.es\/blog\/gabriele-basilico-entropia-espacio-urbano\/#breadcrumb","itemListElement":[{"@type":"ListItem","position":1,"name":"Portada","item":"https:\/\/veredes.es\/blog\/"},{"@type":"ListItem","position":2,"name":"[:es]Gabriele Basilico. Entrop\u00eda y espacio urbano[:gl]Gabriele Basilico. Entrop\u00eda e espazo urbano[:en]Gabriele Basilico. Entropy and urban space[:]"}]},{"@type":"WebSite","@id":"https:\/\/veredes.es\/blog\/#website","url":"https:\/\/veredes.es\/blog\/","name":"veredes, arquitectura y divulgaci\u00f3n","description":"veredes","publisher":{"@id":"https:\/\/veredes.es\/blog\/#organization"},"alternateName":"veredes","potentialAction":[{"@type":"SearchAction","target":{"@type":"EntryPoint","urlTemplate":"https:\/\/veredes.es\/blog\/?s={search_term_string}"},"query-input":{"@type":"PropertyValueSpecification","valueRequired":true,"valueName":"search_term_string"}}],"inLanguage":"es"},{"@type":"Organization","@id":"https:\/\/veredes.es\/blog\/#organization","name":"veredes, arquitectura y divulgaci\u00f3n","alternateName":"veredes","url":"https:\/\/veredes.es\/blog\/","logo":{"@type":"ImageObject","inLanguage":"es","@id":"https:\/\/veredes.es\/blog\/#\/schema\/logo\/image\/","url":"https:\/\/veredes.es\/blog\/wp-content\/uploads\/2021\/12\/veredes-logo-centrado_140x54.png","contentUrl":"https:\/\/veredes.es\/blog\/wp-content\/uploads\/2021\/12\/veredes-logo-centrado_140x54.png","width":140,"height":54,"caption":"veredes, arquitectura y divulgaci\u00f3n"},"image":{"@id":"https:\/\/veredes.es\/blog\/#\/schema\/logo\/image\/"},"sameAs":["https:\/\/www.facebook.com\/veredesArquitecturayDivulgacion\/","https:\/\/x.com\/veredes","https:\/\/instagram.com\/veredes\/","https:\/\/www.linkedin.com\/company\/veredes-arquitectura-y-divulgacion\/","https:\/\/es.pinterest.com\/veredes\/","https:\/\/www.tumblr.com\/veredes"]},{"@type":"Person","@id":"https:\/\/veredes.es\/blog\/#\/schema\/person\/0bbb669073ef7faba5168a0844e93d2c","name":"veredes","image":{"@type":"ImageObject","inLanguage":"es","@id":"https:\/\/veredes.es\/blog\/wp-content\/uploads\/2018\/04\/face-96x96.jpg","url":"https:\/\/veredes.es\/blog\/wp-content\/uploads\/2018\/04\/face-96x96.jpg","contentUrl":"https:\/\/veredes.es\/blog\/wp-content\/uploads\/2018\/04\/face-96x96.jpg","caption":"veredes"},"description":"Surge enero de 2009 como b\u00fasqueda de satisfacer el conocimiento de la actividad arquitect\u00f3nica y tangentes que se generan. La idea es crear un espacio para divulgar los diversos proyectos en busca de nueva inspiraci\u00f3n y de intercambio.","sameAs":["https:\/\/veredes.es\/","https:\/\/www.facebook.com\/veredesArquitecturayDivulgacion\/","https:\/\/www.instagram.com\/veredes\/","https:\/\/www.linkedin.com\/company\/veredes-arquitectura-y-divulgacion\/","https:\/\/www.pinterest.es\/veredes\/","https:\/\/x.com\/https:\/\/twitter.com\/veredes","https:\/\/veredes.tumblr.com\/"],"url":"https:\/\/veredes.es\/blog\/author\/alberto\/"}]}},"_links":{"self":[{"href":"https:\/\/veredes.es\/blog\/wp-json\/wp\/v2\/posts\/64649","targetHints":{"allow":["GET"]}}],"collection":[{"href":"https:\/\/veredes.es\/blog\/wp-json\/wp\/v2\/posts"}],"about":[{"href":"https:\/\/veredes.es\/blog\/wp-json\/wp\/v2\/types\/post"}],"author":[{"embeddable":true,"href":"https:\/\/veredes.es\/blog\/wp-json\/wp\/v2\/users\/2"}],"replies":[{"embeddable":true,"href":"https:\/\/veredes.es\/blog\/wp-json\/wp\/v2\/comments?post=64649"}],"version-history":[{"count":0,"href":"https:\/\/veredes.es\/blog\/wp-json\/wp\/v2\/posts\/64649\/revisions"}],"wp:featuredmedia":[{"embeddable":true,"href":"https:\/\/veredes.es\/blog\/wp-json\/wp\/v2\/media\/64651"}],"wp:attachment":[{"href":"https:\/\/veredes.es\/blog\/wp-json\/wp\/v2\/media?parent=64649"}],"wp:term":[{"taxonomy":"category","embeddable":true,"href":"https:\/\/veredes.es\/blog\/wp-json\/wp\/v2\/categories?post=64649"},{"taxonomy":"post_tag","embeddable":true,"href":"https:\/\/veredes.es\/blog\/wp-json\/wp\/v2\/tags?post=64649"}],"curies":[{"name":"wp","href":"https:\/\/api.w.org\/{rel}","templated":true}]}}