{"id":64490,"date":"2017-07-05T00:02:08","date_gmt":"2017-07-04T22:02:08","guid":{"rendered":"http:\/\/veredes.es\/blog\/?p=64490"},"modified":"2019-03-21T18:50:37","modified_gmt":"2019-03-21T17:50:37","slug":"casa-tmolo-pyo-arquitectos","status":"publish","type":"post","link":"https:\/\/veredes.es\/blog\/casa-tmolo-pyo-arquitectos\/","title":{"rendered":"Casa Tmolo | PYO Arquitectos"},"content":{"rendered":"<p><\/p>\n<p style=\"text-align: justify;\"><img loading=\"lazy\" decoding=\"async\" class=\"alignnone size-large wp-image-64470\" src=\"http:\/\/veredes.es\/blog\/wp-content\/uploads\/2017\/05\/Casa-Tmolo-PYO-Arquitectos-o17-exto1-1024x551.jpg\" alt=\"Casa Tmolo PYO Arquitectos o17 exto1\" width=\"640\" height=\"344\" srcset=\"https:\/\/veredes.es\/blog\/wp-content\/uploads\/2017\/05\/Casa-Tmolo-PYO-Arquitectos-o17-exto1-1024x551.jpg 1024w, https:\/\/veredes.es\/blog\/wp-content\/uploads\/2017\/05\/Casa-Tmolo-PYO-Arquitectos-o17-exto1-300x162.jpg 300w, https:\/\/veredes.es\/blog\/wp-content\/uploads\/2017\/05\/Casa-Tmolo-PYO-Arquitectos-o17-exto1.jpg 1200w\" sizes=\"auto, (max-width: 640px) 100vw, 640px\" \/><\/p>\n<p style=\"text-align: justify;\">El proyecto consiste en la rehabilitaci\u00f3n y ampliaci\u00f3n de una casa rural (CASA TMOLO) y de un corral con pajar adyacente (EL PAJAR). La intervenci\u00f3n propuesta para la Casa Tmolo da respuesta a varios condicionantes: unificar en un solo volumen las estructuras agregadas a la construcci\u00f3n principal, resolver el cambio de rasante hac\u00eda el sureste y respetar el uso de ciertos materiales. La respuesta estructural conserva y consolida los muros de mamposter\u00eda existentes manteniendo su funci\u00f3n portante para acoger encima un caparaz\u00f3n de hormig\u00f3n blanco, definiendo los muros de la primera planta, bajo-cubierta y cubierta.<\/p>\n<p style=\"text-align: justify;\">El caparaz\u00f3n de hormig\u00f3n se recorta en distintos puntos para acoger los elementos caracter\u00edsticos de la vivienda pre-existente: balc\u00f3n en esquina, huecos que iluminan una galer\u00eda a doble altura orientada a sur, y aperturas a norte. Adem\u00e1s, la construcci\u00f3n de la envolvente de hormig\u00f3n apoyada sobre los muros de mamposter\u00eda permite liberar grandes luces en planta baja y configurar as\u00ed otro de los espacios caracter\u00edsticos de la tipolog\u00eda asturiana: el porche. Una vez definida la envolvente, el espacio interior de la vivienda se materializa mediante una estructura met\u00e1lica ligera que se adosa o separa de esta en funci\u00f3n de las necesidades de luz y accesibilidad.<\/p>\n<p style=\"text-align: justify;\">De esta manera se libera un espacio en triple altura en la zona norte de la vivienda que permite la entrada de luz y el despliegue de una escalera met\u00e1lica que da acceso a las distintas estancias de la casa.<\/p>\n<div id='gallery-1' class='gallery galleryid-64490 gallery-columns-4 gallery-size-thumbnail'><figure class='gallery-item'>\n\t\t\t<div class='gallery-icon landscape'>\n\t\t\t\t<a href='https:\/\/veredes.es\/blog\/wp-content\/uploads\/2017\/05\/Casa-Tmolo-PYO-Arquitectos-o1.jpg'><img loading=\"lazy\" decoding=\"async\" width=\"120\" height=\"120\" src=\"https:\/\/veredes.es\/blog\/wp-content\/uploads\/2017\/05\/Casa-Tmolo-PYO-Arquitectos-o1-120x120.jpg\" class=\"attachment-thumbnail size-thumbnail\" alt=\"\" srcset=\"https:\/\/veredes.es\/blog\/wp-content\/uploads\/2017\/05\/Casa-Tmolo-PYO-Arquitectos-o1-120x120.jpg 120w, https:\/\/veredes.es\/blog\/wp-content\/uploads\/2017\/05\/Casa-Tmolo-PYO-Arquitectos-o1-150x150.jpg 150w\" sizes=\"auto, (max-width: 120px) 100vw, 120px\" \/><\/a>\n\t\t\t<\/div><\/figure><figure class='gallery-item'>\n\t\t\t<div class='gallery-icon landscape'>\n\t\t\t\t<a href='https:\/\/veredes.es\/blog\/wp-content\/uploads\/2017\/05\/Casa-Tmolo-PYO-Arquitectos-o17-exto1.jpg'><img loading=\"lazy\" decoding=\"async\" width=\"120\" height=\"120\" src=\"https:\/\/veredes.es\/blog\/wp-content\/uploads\/2017\/05\/Casa-Tmolo-PYO-Arquitectos-o17-exto1-120x120.jpg\" class=\"attachment-thumbnail size-thumbnail\" alt=\"\" srcset=\"https:\/\/veredes.es\/blog\/wp-content\/uploads\/2017\/05\/Casa-Tmolo-PYO-Arquitectos-o17-exto1-120x120.jpg 120w, https:\/\/veredes.es\/blog\/wp-content\/uploads\/2017\/05\/Casa-Tmolo-PYO-Arquitectos-o17-exto1-150x150.jpg 150w\" sizes=\"auto, (max-width: 120px) 100vw, 120px\" \/><\/a>\n\t\t\t<\/div><\/figure><figure class='gallery-item'>\n\t\t\t<div class='gallery-icon landscape'>\n\t\t\t\t<a href='https:\/\/veredes.es\/blog\/wp-content\/uploads\/2017\/05\/Casa-Tmolo-PYO-Arquitectos-o18-exto2.jpg'><img loading=\"lazy\" decoding=\"async\" width=\"120\" height=\"120\" src=\"https:\/\/veredes.es\/blog\/wp-content\/uploads\/2017\/05\/Casa-Tmolo-PYO-Arquitectos-o18-exto2-120x120.jpg\" class=\"attachment-thumbnail size-thumbnail\" alt=\"\" srcset=\"https:\/\/veredes.es\/blog\/wp-content\/uploads\/2017\/05\/Casa-Tmolo-PYO-Arquitectos-o18-exto2-120x120.jpg 120w, https:\/\/veredes.es\/blog\/wp-content\/uploads\/2017\/05\/Casa-Tmolo-PYO-Arquitectos-o18-exto2-300x300.jpg 300w, https:\/\/veredes.es\/blog\/wp-content\/uploads\/2017\/05\/Casa-Tmolo-PYO-Arquitectos-o18-exto2-1024x1024.jpg 1024w, https:\/\/veredes.es\/blog\/wp-content\/uploads\/2017\/05\/Casa-Tmolo-PYO-Arquitectos-o18-exto2-150x150.jpg 150w, https:\/\/veredes.es\/blog\/wp-content\/uploads\/2017\/05\/Casa-Tmolo-PYO-Arquitectos-o18-exto2.jpg 1200w\" sizes=\"auto, (max-width: 120px) 100vw, 120px\" \/><\/a>\n\t\t\t<\/div><\/figure><figure class='gallery-item'>\n\t\t\t<div class='gallery-icon portrait'>\n\t\t\t\t<a href='https:\/\/veredes.es\/blog\/wp-content\/uploads\/2017\/05\/Casa-Tmolo-PYO-Arquitectos-o19-exto3.jpg'><img loading=\"lazy\" decoding=\"async\" width=\"120\" height=\"120\" src=\"https:\/\/veredes.es\/blog\/wp-content\/uploads\/2017\/05\/Casa-Tmolo-PYO-Arquitectos-o19-exto3-120x120.jpg\" class=\"attachment-thumbnail size-thumbnail\" alt=\"\" srcset=\"https:\/\/veredes.es\/blog\/wp-content\/uploads\/2017\/05\/Casa-Tmolo-PYO-Arquitectos-o19-exto3-120x120.jpg 120w, https:\/\/veredes.es\/blog\/wp-content\/uploads\/2017\/05\/Casa-Tmolo-PYO-Arquitectos-o19-exto3-150x150.jpg 150w\" sizes=\"auto, (max-width: 120px) 100vw, 120px\" \/><\/a>\n\t\t\t<\/div><\/figure><figure class='gallery-item'>\n\t\t\t<div class='gallery-icon portrait'>\n\t\t\t\t<a href='https:\/\/veredes.es\/blog\/wp-content\/uploads\/2017\/05\/Casa-Tmolo-PYO-Arquitectos-o20-exto4.jpg'><img loading=\"lazy\" decoding=\"async\" width=\"120\" height=\"120\" src=\"https:\/\/veredes.es\/blog\/wp-content\/uploads\/2017\/05\/Casa-Tmolo-PYO-Arquitectos-o20-exto4-120x120.jpg\" class=\"attachment-thumbnail size-thumbnail\" alt=\"\" srcset=\"https:\/\/veredes.es\/blog\/wp-content\/uploads\/2017\/05\/Casa-Tmolo-PYO-Arquitectos-o20-exto4-120x120.jpg 120w, https:\/\/veredes.es\/blog\/wp-content\/uploads\/2017\/05\/Casa-Tmolo-PYO-Arquitectos-o20-exto4-150x150.jpg 150w\" sizes=\"auto, (max-width: 120px) 100vw, 120px\" \/><\/a>\n\t\t\t<\/div><\/figure><figure class='gallery-item'>\n\t\t\t<div class='gallery-icon landscape'>\n\t\t\t\t<a href='https:\/\/veredes.es\/blog\/wp-content\/uploads\/2017\/05\/Casa-Tmolo-PYO-Arquitectos-o21-exto5.jpg'><img loading=\"lazy\" decoding=\"async\" width=\"120\" height=\"120\" src=\"https:\/\/veredes.es\/blog\/wp-content\/uploads\/2017\/05\/Casa-Tmolo-PYO-Arquitectos-o21-exto5-120x120.jpg\" class=\"attachment-thumbnail size-thumbnail\" alt=\"\" srcset=\"https:\/\/veredes.es\/blog\/wp-content\/uploads\/2017\/05\/Casa-Tmolo-PYO-Arquitectos-o21-exto5-120x120.jpg 120w, https:\/\/veredes.es\/blog\/wp-content\/uploads\/2017\/05\/Casa-Tmolo-PYO-Arquitectos-o21-exto5-150x150.jpg 150w\" sizes=\"auto, (max-width: 120px) 100vw, 120px\" \/><\/a>\n\t\t\t<\/div><\/figure><figure class='gallery-item'>\n\t\t\t<div class='gallery-icon landscape'>\n\t\t\t\t<a href='https:\/\/veredes.es\/blog\/wp-content\/uploads\/2017\/05\/Casa-Tmolo-PYO-Arquitectos-o22-exto6.jpg'><img loading=\"lazy\" decoding=\"async\" width=\"120\" height=\"120\" src=\"https:\/\/veredes.es\/blog\/wp-content\/uploads\/2017\/05\/Casa-Tmolo-PYO-Arquitectos-o22-exto6-120x120.jpg\" class=\"attachment-thumbnail size-thumbnail\" alt=\"\" srcset=\"https:\/\/veredes.es\/blog\/wp-content\/uploads\/2017\/05\/Casa-Tmolo-PYO-Arquitectos-o22-exto6-120x120.jpg 120w, https:\/\/veredes.es\/blog\/wp-content\/uploads\/2017\/05\/Casa-Tmolo-PYO-Arquitectos-o22-exto6-150x150.jpg 150w\" sizes=\"auto, (max-width: 120px) 100vw, 120px\" \/><\/a>\n\t\t\t<\/div><\/figure><figure class='gallery-item'>\n\t\t\t<div class='gallery-icon landscape'>\n\t\t\t\t<a href='https:\/\/veredes.es\/blog\/wp-content\/uploads\/2017\/05\/Casa-Tmolo-PYO-Arquitectos-o23-exto7.jpg'><img loading=\"lazy\" decoding=\"async\" width=\"120\" height=\"120\" src=\"https:\/\/veredes.es\/blog\/wp-content\/uploads\/2017\/05\/Casa-Tmolo-PYO-Arquitectos-o23-exto7-120x120.jpg\" class=\"attachment-thumbnail size-thumbnail\" alt=\"\" srcset=\"https:\/\/veredes.es\/blog\/wp-content\/uploads\/2017\/05\/Casa-Tmolo-PYO-Arquitectos-o23-exto7-120x120.jpg 120w, https:\/\/veredes.es\/blog\/wp-content\/uploads\/2017\/05\/Casa-Tmolo-PYO-Arquitectos-o23-exto7-150x150.jpg 150w\" sizes=\"auto, (max-width: 120px) 100vw, 120px\" \/><\/a>\n\t\t\t<\/div><\/figure><figure class='gallery-item'>\n\t\t\t<div class='gallery-icon landscape'>\n\t\t\t\t<a href='https:\/\/veredes.es\/blog\/wp-content\/uploads\/2017\/05\/Casa-Tmolo-PYO-Arquitectos-o24-exto8.jpg'><img loading=\"lazy\" decoding=\"async\" width=\"120\" height=\"120\" src=\"https:\/\/veredes.es\/blog\/wp-content\/uploads\/2017\/05\/Casa-Tmolo-PYO-Arquitectos-o24-exto8-120x120.jpg\" class=\"attachment-thumbnail size-thumbnail\" alt=\"\" srcset=\"https:\/\/veredes.es\/blog\/wp-content\/uploads\/2017\/05\/Casa-Tmolo-PYO-Arquitectos-o24-exto8-120x120.jpg 120w, https:\/\/veredes.es\/blog\/wp-content\/uploads\/2017\/05\/Casa-Tmolo-PYO-Arquitectos-o24-exto8-150x150.jpg 150w\" sizes=\"auto, (max-width: 120px) 100vw, 120px\" \/><\/a>\n\t\t\t<\/div><\/figure><figure class='gallery-item'>\n\t\t\t<div class='gallery-icon portrait'>\n\t\t\t\t<a href='https:\/\/veredes.es\/blog\/wp-content\/uploads\/2017\/05\/Casa-Tmolo-PYO-Arquitectos-o36-into12.jpg'><img loading=\"lazy\" decoding=\"async\" width=\"120\" height=\"120\" src=\"https:\/\/veredes.es\/blog\/wp-content\/uploads\/2017\/05\/Casa-Tmolo-PYO-Arquitectos-o36-into12-120x120.jpg\" class=\"attachment-thumbnail size-thumbnail\" alt=\"\" srcset=\"https:\/\/veredes.es\/blog\/wp-content\/uploads\/2017\/05\/Casa-Tmolo-PYO-Arquitectos-o36-into12-120x120.jpg 120w, https:\/\/veredes.es\/blog\/wp-content\/uploads\/2017\/05\/Casa-Tmolo-PYO-Arquitectos-o36-into12-297x300.jpg 297w, https:\/\/veredes.es\/blog\/wp-content\/uploads\/2017\/05\/Casa-Tmolo-PYO-Arquitectos-o36-into12-1013x1024.jpg 1013w, https:\/\/veredes.es\/blog\/wp-content\/uploads\/2017\/05\/Casa-Tmolo-PYO-Arquitectos-o36-into12-150x150.jpg 150w, https:\/\/veredes.es\/blog\/wp-content\/uploads\/2017\/05\/Casa-Tmolo-PYO-Arquitectos-o36-into12.jpg 1200w\" sizes=\"auto, (max-width: 120px) 100vw, 120px\" \/><\/a>\n\t\t\t<\/div><\/figure><figure class='gallery-item'>\n\t\t\t<div class='gallery-icon landscape'>\n\t\t\t\t<a href='https:\/\/veredes.es\/blog\/wp-content\/uploads\/2017\/05\/Casa-Tmolo-PYO-Arquitectos-o35-into11.jpg'><img loading=\"lazy\" decoding=\"async\" width=\"120\" height=\"120\" src=\"https:\/\/veredes.es\/blog\/wp-content\/uploads\/2017\/05\/Casa-Tmolo-PYO-Arquitectos-o35-into11-120x120.jpg\" class=\"attachment-thumbnail size-thumbnail\" alt=\"\" srcset=\"https:\/\/veredes.es\/blog\/wp-content\/uploads\/2017\/05\/Casa-Tmolo-PYO-Arquitectos-o35-into11-120x120.jpg 120w, https:\/\/veredes.es\/blog\/wp-content\/uploads\/2017\/05\/Casa-Tmolo-PYO-Arquitectos-o35-into11-150x150.jpg 150w\" sizes=\"auto, (max-width: 120px) 100vw, 120px\" \/><\/a>\n\t\t\t<\/div><\/figure><figure class='gallery-item'>\n\t\t\t<div class='gallery-icon landscape'>\n\t\t\t\t<a href='https:\/\/veredes.es\/blog\/wp-content\/uploads\/2017\/05\/Casa-Tmolo-PYO-Arquitectos-o34-into10.jpg'><img loading=\"lazy\" decoding=\"async\" width=\"120\" height=\"120\" src=\"https:\/\/veredes.es\/blog\/wp-content\/uploads\/2017\/05\/Casa-Tmolo-PYO-Arquitectos-o34-into10-120x120.jpg\" class=\"attachment-thumbnail size-thumbnail\" alt=\"\" srcset=\"https:\/\/veredes.es\/blog\/wp-content\/uploads\/2017\/05\/Casa-Tmolo-PYO-Arquitectos-o34-into10-120x120.jpg 120w, https:\/\/veredes.es\/blog\/wp-content\/uploads\/2017\/05\/Casa-Tmolo-PYO-Arquitectos-o34-into10-300x297.jpg 300w, https:\/\/veredes.es\/blog\/wp-content\/uploads\/2017\/05\/Casa-Tmolo-PYO-Arquitectos-o34-into10-1024x1012.jpg 1024w, https:\/\/veredes.es\/blog\/wp-content\/uploads\/2017\/05\/Casa-Tmolo-PYO-Arquitectos-o34-into10-150x150.jpg 150w, https:\/\/veredes.es\/blog\/wp-content\/uploads\/2017\/05\/Casa-Tmolo-PYO-Arquitectos-o34-into10.jpg 1200w\" sizes=\"auto, (max-width: 120px) 100vw, 120px\" \/><\/a>\n\t\t\t<\/div><\/figure><figure class='gallery-item'>\n\t\t\t<div class='gallery-icon portrait'>\n\t\t\t\t<a href='https:\/\/veredes.es\/blog\/wp-content\/uploads\/2017\/05\/Casa-Tmolo-PYO-Arquitectos-o33-into9.jpg'><img loading=\"lazy\" decoding=\"async\" width=\"120\" height=\"120\" src=\"https:\/\/veredes.es\/blog\/wp-content\/uploads\/2017\/05\/Casa-Tmolo-PYO-Arquitectos-o33-into9-120x120.jpg\" class=\"attachment-thumbnail size-thumbnail\" alt=\"\" srcset=\"https:\/\/veredes.es\/blog\/wp-content\/uploads\/2017\/05\/Casa-Tmolo-PYO-Arquitectos-o33-into9-120x120.jpg 120w, https:\/\/veredes.es\/blog\/wp-content\/uploads\/2017\/05\/Casa-Tmolo-PYO-Arquitectos-o33-into9-150x150.jpg 150w\" sizes=\"auto, (max-width: 120px) 100vw, 120px\" \/><\/a>\n\t\t\t<\/div><\/figure><figure class='gallery-item'>\n\t\t\t<div class='gallery-icon landscape'>\n\t\t\t\t<a href='https:\/\/veredes.es\/blog\/wp-content\/uploads\/2017\/05\/Casa-Tmolo-PYO-Arquitectos-o32-into8.jpg'><img loading=\"lazy\" decoding=\"async\" width=\"120\" height=\"120\" src=\"https:\/\/veredes.es\/blog\/wp-content\/uploads\/2017\/05\/Casa-Tmolo-PYO-Arquitectos-o32-into8-120x120.jpg\" class=\"attachment-thumbnail size-thumbnail\" alt=\"\" srcset=\"https:\/\/veredes.es\/blog\/wp-content\/uploads\/2017\/05\/Casa-Tmolo-PYO-Arquitectos-o32-into8-120x120.jpg 120w, https:\/\/veredes.es\/blog\/wp-content\/uploads\/2017\/05\/Casa-Tmolo-PYO-Arquitectos-o32-into8-150x150.jpg 150w\" sizes=\"auto, (max-width: 120px) 100vw, 120px\" \/><\/a>\n\t\t\t<\/div><\/figure><figure class='gallery-item'>\n\t\t\t<div class='gallery-icon landscape'>\n\t\t\t\t<a href='https:\/\/veredes.es\/blog\/wp-content\/uploads\/2017\/05\/Casa-Tmolo-PYO-Arquitectos-o31-into7.jpg'><img loading=\"lazy\" decoding=\"async\" width=\"120\" height=\"120\" src=\"https:\/\/veredes.es\/blog\/wp-content\/uploads\/2017\/05\/Casa-Tmolo-PYO-Arquitectos-o31-into7-120x120.jpg\" class=\"attachment-thumbnail size-thumbnail\" alt=\"\" srcset=\"https:\/\/veredes.es\/blog\/wp-content\/uploads\/2017\/05\/Casa-Tmolo-PYO-Arquitectos-o31-into7-120x120.jpg 120w, https:\/\/veredes.es\/blog\/wp-content\/uploads\/2017\/05\/Casa-Tmolo-PYO-Arquitectos-o31-into7-150x150.jpg 150w\" sizes=\"auto, (max-width: 120px) 100vw, 120px\" \/><\/a>\n\t\t\t<\/div><\/figure><figure class='gallery-item'>\n\t\t\t<div class='gallery-icon portrait'>\n\t\t\t\t<a href='https:\/\/veredes.es\/blog\/wp-content\/uploads\/2017\/05\/Casa-Tmolo-PYO-Arquitectos-o30-into6.jpg'><img loading=\"lazy\" decoding=\"async\" width=\"120\" height=\"120\" src=\"https:\/\/veredes.es\/blog\/wp-content\/uploads\/2017\/05\/Casa-Tmolo-PYO-Arquitectos-o30-into6-120x120.jpg\" class=\"attachment-thumbnail size-thumbnail\" alt=\"\" srcset=\"https:\/\/veredes.es\/blog\/wp-content\/uploads\/2017\/05\/Casa-Tmolo-PYO-Arquitectos-o30-into6-120x120.jpg 120w, https:\/\/veredes.es\/blog\/wp-content\/uploads\/2017\/05\/Casa-Tmolo-PYO-Arquitectos-o30-into6-150x150.jpg 150w\" sizes=\"auto, (max-width: 120px) 100vw, 120px\" \/><\/a>\n\t\t\t<\/div><\/figure><figure class='gallery-item'>\n\t\t\t<div class='gallery-icon landscape'>\n\t\t\t\t<a href='https:\/\/veredes.es\/blog\/wp-content\/uploads\/2017\/05\/Casa-Tmolo-PYO-Arquitectos-o29-into5.jpg'><img loading=\"lazy\" decoding=\"async\" width=\"120\" height=\"120\" src=\"https:\/\/veredes.es\/blog\/wp-content\/uploads\/2017\/05\/Casa-Tmolo-PYO-Arquitectos-o29-into5-120x120.jpg\" class=\"attachment-thumbnail size-thumbnail\" alt=\"\" srcset=\"https:\/\/veredes.es\/blog\/wp-content\/uploads\/2017\/05\/Casa-Tmolo-PYO-Arquitectos-o29-into5-120x120.jpg 120w, https:\/\/veredes.es\/blog\/wp-content\/uploads\/2017\/05\/Casa-Tmolo-PYO-Arquitectos-o29-into5-300x300.jpg 300w, https:\/\/veredes.es\/blog\/wp-content\/uploads\/2017\/05\/Casa-Tmolo-PYO-Arquitectos-o29-into5-1024x1024.jpg 1024w, https:\/\/veredes.es\/blog\/wp-content\/uploads\/2017\/05\/Casa-Tmolo-PYO-Arquitectos-o29-into5-150x150.jpg 150w, https:\/\/veredes.es\/blog\/wp-content\/uploads\/2017\/05\/Casa-Tmolo-PYO-Arquitectos-o29-into5.jpg 1200w\" sizes=\"auto, (max-width: 120px) 100vw, 120px\" \/><\/a>\n\t\t\t<\/div><\/figure><figure class='gallery-item'>\n\t\t\t<div class='gallery-icon landscape'>\n\t\t\t\t<a href='https:\/\/veredes.es\/blog\/wp-content\/uploads\/2017\/05\/Casa-Tmolo-PYO-Arquitectos-o28-into4.jpg'><img loading=\"lazy\" decoding=\"async\" width=\"120\" height=\"120\" src=\"https:\/\/veredes.es\/blog\/wp-content\/uploads\/2017\/05\/Casa-Tmolo-PYO-Arquitectos-o28-into4-120x120.jpg\" class=\"attachment-thumbnail size-thumbnail\" alt=\"\" srcset=\"https:\/\/veredes.es\/blog\/wp-content\/uploads\/2017\/05\/Casa-Tmolo-PYO-Arquitectos-o28-into4-120x120.jpg 120w, https:\/\/veredes.es\/blog\/wp-content\/uploads\/2017\/05\/Casa-Tmolo-PYO-Arquitectos-o28-into4-150x150.jpg 150w\" sizes=\"auto, (max-width: 120px) 100vw, 120px\" \/><\/a>\n\t\t\t<\/div><\/figure><figure class='gallery-item'>\n\t\t\t<div class='gallery-icon landscape'>\n\t\t\t\t<a href='https:\/\/veredes.es\/blog\/wp-content\/uploads\/2017\/05\/Casa-Tmolo-PYO-Arquitectos-o27-into3.jpg'><img loading=\"lazy\" decoding=\"async\" width=\"120\" height=\"120\" src=\"https:\/\/veredes.es\/blog\/wp-content\/uploads\/2017\/05\/Casa-Tmolo-PYO-Arquitectos-o27-into3-120x120.jpg\" class=\"attachment-thumbnail size-thumbnail\" alt=\"\" srcset=\"https:\/\/veredes.es\/blog\/wp-content\/uploads\/2017\/05\/Casa-Tmolo-PYO-Arquitectos-o27-into3-120x120.jpg 120w, https:\/\/veredes.es\/blog\/wp-content\/uploads\/2017\/05\/Casa-Tmolo-PYO-Arquitectos-o27-into3-150x150.jpg 150w\" sizes=\"auto, (max-width: 120px) 100vw, 120px\" \/><\/a>\n\t\t\t<\/div><\/figure><figure class='gallery-item'>\n\t\t\t<div class='gallery-icon landscape'>\n\t\t\t\t<a href='https:\/\/veredes.es\/blog\/wp-content\/uploads\/2017\/05\/Casa-Tmolo-PYO-Arquitectos-o26-into2.jpg'><img loading=\"lazy\" decoding=\"async\" width=\"120\" height=\"120\" src=\"https:\/\/veredes.es\/blog\/wp-content\/uploads\/2017\/05\/Casa-Tmolo-PYO-Arquitectos-o26-into2-120x120.jpg\" class=\"attachment-thumbnail size-thumbnail\" alt=\"\" srcset=\"https:\/\/veredes.es\/blog\/wp-content\/uploads\/2017\/05\/Casa-Tmolo-PYO-Arquitectos-o26-into2-120x120.jpg 120w, https:\/\/veredes.es\/blog\/wp-content\/uploads\/2017\/05\/Casa-Tmolo-PYO-Arquitectos-o26-into2-150x150.jpg 150w\" sizes=\"auto, (max-width: 120px) 100vw, 120px\" \/><\/a>\n\t\t\t<\/div><\/figure><figure class='gallery-item'>\n\t\t\t<div class='gallery-icon portrait'>\n\t\t\t\t<a href='https:\/\/veredes.es\/blog\/wp-content\/uploads\/2017\/05\/Casa-Tmolo-PYO-Arquitectos-o25-into1.jpg'><img loading=\"lazy\" decoding=\"async\" width=\"120\" height=\"120\" src=\"https:\/\/veredes.es\/blog\/wp-content\/uploads\/2017\/05\/Casa-Tmolo-PYO-Arquitectos-o25-into1-120x120.jpg\" class=\"attachment-thumbnail size-thumbnail\" alt=\"\" srcset=\"https:\/\/veredes.es\/blog\/wp-content\/uploads\/2017\/05\/Casa-Tmolo-PYO-Arquitectos-o25-into1-120x120.jpg 120w, https:\/\/veredes.es\/blog\/wp-content\/uploads\/2017\/05\/Casa-Tmolo-PYO-Arquitectos-o25-into1-150x150.jpg 150w\" sizes=\"auto, (max-width: 120px) 100vw, 120px\" \/><\/a>\n\t\t\t<\/div><\/figure><figure class='gallery-item'>\n\t\t\t<div class='gallery-icon landscape'>\n\t\t\t\t<a href='https:\/\/veredes.es\/blog\/wp-content\/uploads\/2017\/05\/Casa-Tmolo-PYO-Arquitectos-o16-musa-planimetr\u00eda.jpg'><img loading=\"lazy\" decoding=\"async\" width=\"120\" height=\"120\" src=\"https:\/\/veredes.es\/blog\/wp-content\/uploads\/2017\/05\/Casa-Tmolo-PYO-Arquitectos-o16-musa-planimetr\u00eda-120x120.jpg\" class=\"attachment-thumbnail size-thumbnail\" alt=\"\" srcset=\"https:\/\/veredes.es\/blog\/wp-content\/uploads\/2017\/05\/Casa-Tmolo-PYO-Arquitectos-o16-musa-planimetr\u00eda-120x120.jpg 120w, https:\/\/veredes.es\/blog\/wp-content\/uploads\/2017\/05\/Casa-Tmolo-PYO-Arquitectos-o16-musa-planimetr\u00eda-150x150.jpg 150w\" sizes=\"auto, (max-width: 120px) 100vw, 120px\" \/><\/a>\n\t\t\t<\/div><\/figure><figure class='gallery-item'>\n\t\t\t<div class='gallery-icon landscape'>\n\t\t\t\t<a href='https:\/\/veredes.es\/blog\/wp-content\/uploads\/2017\/05\/Casa-Tmolo-PYO-Arquitectos-o15-musa-axo.jpg'><img loading=\"lazy\" decoding=\"async\" width=\"120\" height=\"120\" src=\"https:\/\/veredes.es\/blog\/wp-content\/uploads\/2017\/05\/Casa-Tmolo-PYO-Arquitectos-o15-musa-axo-120x120.jpg\" class=\"attachment-thumbnail size-thumbnail\" alt=\"\" srcset=\"https:\/\/veredes.es\/blog\/wp-content\/uploads\/2017\/05\/Casa-Tmolo-PYO-Arquitectos-o15-musa-axo-120x120.jpg 120w, https:\/\/veredes.es\/blog\/wp-content\/uploads\/2017\/05\/Casa-Tmolo-PYO-Arquitectos-o15-musa-axo-150x150.jpg 150w\" sizes=\"auto, (max-width: 120px) 100vw, 120px\" \/><\/a>\n\t\t\t<\/div><\/figure><figure class='gallery-item'>\n\t\t\t<div class='gallery-icon landscape'>\n\t\t\t\t<a href='https:\/\/veredes.es\/blog\/wp-content\/uploads\/2017\/05\/Casa-Tmolo-PYO-Arquitectos-o14-secci\u00f3n-planta-baja.jpg'><img loading=\"lazy\" decoding=\"async\" width=\"120\" height=\"120\" src=\"https:\/\/veredes.es\/blog\/wp-content\/uploads\/2017\/05\/Casa-Tmolo-PYO-Arquitectos-o14-secci\u00f3n-planta-baja-120x120.jpg\" class=\"attachment-thumbnail size-thumbnail\" alt=\"\" srcset=\"https:\/\/veredes.es\/blog\/wp-content\/uploads\/2017\/05\/Casa-Tmolo-PYO-Arquitectos-o14-secci\u00f3n-planta-baja-120x120.jpg 120w, https:\/\/veredes.es\/blog\/wp-content\/uploads\/2017\/05\/Casa-Tmolo-PYO-Arquitectos-o14-secci\u00f3n-planta-baja-150x150.jpg 150w\" sizes=\"auto, (max-width: 120px) 100vw, 120px\" \/><\/a>\n\t\t\t<\/div><\/figure><figure class='gallery-item'>\n\t\t\t<div class='gallery-icon landscape'>\n\t\t\t\t<a href='https:\/\/veredes.es\/blog\/wp-content\/uploads\/2017\/05\/Casa-Tmolo-PYO-Arquitectos-o13-secci\u00f3n-o5.jpg'><img loading=\"lazy\" decoding=\"async\" width=\"120\" height=\"120\" src=\"https:\/\/veredes.es\/blog\/wp-content\/uploads\/2017\/05\/Casa-Tmolo-PYO-Arquitectos-o13-secci\u00f3n-o5-120x120.jpg\" class=\"attachment-thumbnail size-thumbnail\" alt=\"\" srcset=\"https:\/\/veredes.es\/blog\/wp-content\/uploads\/2017\/05\/Casa-Tmolo-PYO-Arquitectos-o13-secci\u00f3n-o5-120x120.jpg 120w, https:\/\/veredes.es\/blog\/wp-content\/uploads\/2017\/05\/Casa-Tmolo-PYO-Arquitectos-o13-secci\u00f3n-o5-150x150.jpg 150w\" sizes=\"auto, (max-width: 120px) 100vw, 120px\" \/><\/a>\n\t\t\t<\/div><\/figure><figure class='gallery-item'>\n\t\t\t<div class='gallery-icon landscape'>\n\t\t\t\t<a href='https:\/\/veredes.es\/blog\/wp-content\/uploads\/2017\/05\/Casa-Tmolo-PYO-Arquitectos-o12-secci\u00f3n-o4.jpg'><img loading=\"lazy\" decoding=\"async\" width=\"120\" height=\"120\" src=\"https:\/\/veredes.es\/blog\/wp-content\/uploads\/2017\/05\/Casa-Tmolo-PYO-Arquitectos-o12-secci\u00f3n-o4-120x120.jpg\" class=\"attachment-thumbnail size-thumbnail\" alt=\"\" srcset=\"https:\/\/veredes.es\/blog\/wp-content\/uploads\/2017\/05\/Casa-Tmolo-PYO-Arquitectos-o12-secci\u00f3n-o4-120x120.jpg 120w, https:\/\/veredes.es\/blog\/wp-content\/uploads\/2017\/05\/Casa-Tmolo-PYO-Arquitectos-o12-secci\u00f3n-o4-150x150.jpg 150w\" sizes=\"auto, (max-width: 120px) 100vw, 120px\" \/><\/a>\n\t\t\t<\/div><\/figure><figure class='gallery-item'>\n\t\t\t<div class='gallery-icon landscape'>\n\t\t\t\t<a href='https:\/\/veredes.es\/blog\/wp-content\/uploads\/2017\/05\/Casa-Tmolo-PYO-Arquitectos-o11-secci\u00f3n-o3.jpg'><img loading=\"lazy\" decoding=\"async\" width=\"120\" height=\"120\" src=\"https:\/\/veredes.es\/blog\/wp-content\/uploads\/2017\/05\/Casa-Tmolo-PYO-Arquitectos-o11-secci\u00f3n-o3-120x120.jpg\" class=\"attachment-thumbnail size-thumbnail\" alt=\"\" srcset=\"https:\/\/veredes.es\/blog\/wp-content\/uploads\/2017\/05\/Casa-Tmolo-PYO-Arquitectos-o11-secci\u00f3n-o3-120x120.jpg 120w, https:\/\/veredes.es\/blog\/wp-content\/uploads\/2017\/05\/Casa-Tmolo-PYO-Arquitectos-o11-secci\u00f3n-o3-150x150.jpg 150w\" sizes=\"auto, (max-width: 120px) 100vw, 120px\" \/><\/a>\n\t\t\t<\/div><\/figure><figure class='gallery-item'>\n\t\t\t<div class='gallery-icon landscape'>\n\t\t\t\t<a href='https:\/\/veredes.es\/blog\/wp-content\/uploads\/2017\/05\/Casa-Tmolo-PYO-Arquitectos-o10-secci\u00f3n-o2.jpg'><img loading=\"lazy\" decoding=\"async\" width=\"120\" height=\"120\" src=\"https:\/\/veredes.es\/blog\/wp-content\/uploads\/2017\/05\/Casa-Tmolo-PYO-Arquitectos-o10-secci\u00f3n-o2-120x120.jpg\" class=\"attachment-thumbnail size-thumbnail\" alt=\"\" srcset=\"https:\/\/veredes.es\/blog\/wp-content\/uploads\/2017\/05\/Casa-Tmolo-PYO-Arquitectos-o10-secci\u00f3n-o2-120x120.jpg 120w, https:\/\/veredes.es\/blog\/wp-content\/uploads\/2017\/05\/Casa-Tmolo-PYO-Arquitectos-o10-secci\u00f3n-o2-150x150.jpg 150w\" sizes=\"auto, (max-width: 120px) 100vw, 120px\" \/><\/a>\n\t\t\t<\/div><\/figure><figure class='gallery-item'>\n\t\t\t<div class='gallery-icon landscape'>\n\t\t\t\t<a href='https:\/\/veredes.es\/blog\/wp-content\/uploads\/2017\/05\/Casa-Tmolo-PYO-Arquitectos-o9-secci\u00f3n-o1.jpg'><img loading=\"lazy\" decoding=\"async\" width=\"120\" height=\"120\" src=\"https:\/\/veredes.es\/blog\/wp-content\/uploads\/2017\/05\/Casa-Tmolo-PYO-Arquitectos-o9-secci\u00f3n-o1-120x120.jpg\" class=\"attachment-thumbnail size-thumbnail\" alt=\"\" srcset=\"https:\/\/veredes.es\/blog\/wp-content\/uploads\/2017\/05\/Casa-Tmolo-PYO-Arquitectos-o9-secci\u00f3n-o1-120x120.jpg 120w, https:\/\/veredes.es\/blog\/wp-content\/uploads\/2017\/05\/Casa-Tmolo-PYO-Arquitectos-o9-secci\u00f3n-o1-150x150.jpg 150w\" sizes=\"auto, (max-width: 120px) 100vw, 120px\" \/><\/a>\n\t\t\t<\/div><\/figure><figure class='gallery-item'>\n\t\t\t<div class='gallery-icon landscape'>\n\t\t\t\t<a href='https:\/\/veredes.es\/blog\/wp-content\/uploads\/2017\/05\/Casa-Tmolo-PYO-Arquitectos-o8-planta-primera.jpg'><img loading=\"lazy\" decoding=\"async\" width=\"120\" height=\"120\" src=\"https:\/\/veredes.es\/blog\/wp-content\/uploads\/2017\/05\/Casa-Tmolo-PYO-Arquitectos-o8-planta-primera-120x120.jpg\" class=\"attachment-thumbnail size-thumbnail\" alt=\"\" srcset=\"https:\/\/veredes.es\/blog\/wp-content\/uploads\/2017\/05\/Casa-Tmolo-PYO-Arquitectos-o8-planta-primera-120x120.jpg 120w, https:\/\/veredes.es\/blog\/wp-content\/uploads\/2017\/05\/Casa-Tmolo-PYO-Arquitectos-o8-planta-primera-150x150.jpg 150w\" sizes=\"auto, (max-width: 120px) 100vw, 120px\" \/><\/a>\n\t\t\t<\/div><\/figure><figure class='gallery-item'>\n\t\t\t<div class='gallery-icon landscape'>\n\t\t\t\t<a href='https:\/\/veredes.es\/blog\/wp-content\/uploads\/2017\/05\/Casa-Tmolo-PYO-Arquitectos-o7-planta-baja.jpg'><img loading=\"lazy\" decoding=\"async\" width=\"120\" height=\"120\" src=\"https:\/\/veredes.es\/blog\/wp-content\/uploads\/2017\/05\/Casa-Tmolo-PYO-Arquitectos-o7-planta-baja-120x120.jpg\" class=\"attachment-thumbnail size-thumbnail\" alt=\"\" srcset=\"https:\/\/veredes.es\/blog\/wp-content\/uploads\/2017\/05\/Casa-Tmolo-PYO-Arquitectos-o7-planta-baja-120x120.jpg 120w, https:\/\/veredes.es\/blog\/wp-content\/uploads\/2017\/05\/Casa-Tmolo-PYO-Arquitectos-o7-planta-baja-150x150.jpg 150w\" sizes=\"auto, (max-width: 120px) 100vw, 120px\" \/><\/a>\n\t\t\t<\/div><\/figure><figure class='gallery-item'>\n\t\t\t<div class='gallery-icon landscape'>\n\t\t\t\t<a href='https:\/\/veredes.es\/blog\/wp-content\/uploads\/2017\/05\/Casa-Tmolo-PYO-Arquitectos-o6-urbanizaci\u00f3n.jpg'><img loading=\"lazy\" decoding=\"async\" width=\"120\" height=\"120\" src=\"https:\/\/veredes.es\/blog\/wp-content\/uploads\/2017\/05\/Casa-Tmolo-PYO-Arquitectos-o6-urbanizaci\u00f3n-120x120.jpg\" class=\"attachment-thumbnail size-thumbnail\" alt=\"\" srcset=\"https:\/\/veredes.es\/blog\/wp-content\/uploads\/2017\/05\/Casa-Tmolo-PYO-Arquitectos-o6-urbanizaci\u00f3n-120x120.jpg 120w, https:\/\/veredes.es\/blog\/wp-content\/uploads\/2017\/05\/Casa-Tmolo-PYO-Arquitectos-o6-urbanizaci\u00f3n-150x150.jpg 150w\" sizes=\"auto, (max-width: 120px) 100vw, 120px\" \/><\/a>\n\t\t\t<\/div><\/figure><figure class='gallery-item'>\n\t\t\t<div class='gallery-icon landscape'>\n\t\t\t\t<a href='https:\/\/veredes.es\/blog\/wp-content\/uploads\/2017\/05\/Casa-Tmolo-PYO-Arquitectos-o5-estado-previo.jpg'><img loading=\"lazy\" decoding=\"async\" width=\"120\" height=\"120\" src=\"https:\/\/veredes.es\/blog\/wp-content\/uploads\/2017\/05\/Casa-Tmolo-PYO-Arquitectos-o5-estado-previo-120x120.jpg\" class=\"attachment-thumbnail size-thumbnail\" alt=\"\" srcset=\"https:\/\/veredes.es\/blog\/wp-content\/uploads\/2017\/05\/Casa-Tmolo-PYO-Arquitectos-o5-estado-previo-120x120.jpg 120w, https:\/\/veredes.es\/blog\/wp-content\/uploads\/2017\/05\/Casa-Tmolo-PYO-Arquitectos-o5-estado-previo-150x150.jpg 150w\" sizes=\"auto, (max-width: 120px) 100vw, 120px\" \/><\/a>\n\t\t\t<\/div><\/figure><figure class='gallery-item'>\n\t\t\t<div class='gallery-icon landscape'>\n\t\t\t\t<a href='https:\/\/veredes.es\/blog\/wp-content\/uploads\/2017\/05\/Casa-Tmolo-PYO-Arquitectos-o4-situaci\u00f3n.jpg'><img loading=\"lazy\" decoding=\"async\" width=\"120\" height=\"120\" src=\"https:\/\/veredes.es\/blog\/wp-content\/uploads\/2017\/05\/Casa-Tmolo-PYO-Arquitectos-o4-situaci\u00f3n-120x120.jpg\" class=\"attachment-thumbnail size-thumbnail\" alt=\"\" srcset=\"https:\/\/veredes.es\/blog\/wp-content\/uploads\/2017\/05\/Casa-Tmolo-PYO-Arquitectos-o4-situaci\u00f3n-120x120.jpg 120w, https:\/\/veredes.es\/blog\/wp-content\/uploads\/2017\/05\/Casa-Tmolo-PYO-Arquitectos-o4-situaci\u00f3n-150x150.jpg 150w\" sizes=\"auto, (max-width: 120px) 100vw, 120px\" \/><\/a>\n\t\t\t<\/div><\/figure><figure class='gallery-item'>\n\t\t\t<div class='gallery-icon portrait'>\n\t\t\t\t<a href='https:\/\/veredes.es\/blog\/wp-content\/uploads\/2017\/05\/Casa-Tmolo-PYO-Arquitectos-o3-maqueta-o2.jpg'><img loading=\"lazy\" decoding=\"async\" width=\"120\" height=\"120\" src=\"https:\/\/veredes.es\/blog\/wp-content\/uploads\/2017\/05\/Casa-Tmolo-PYO-Arquitectos-o3-maqueta-o2-120x120.jpg\" class=\"attachment-thumbnail size-thumbnail\" alt=\"\" srcset=\"https:\/\/veredes.es\/blog\/wp-content\/uploads\/2017\/05\/Casa-Tmolo-PYO-Arquitectos-o3-maqueta-o2-120x120.jpg 120w, https:\/\/veredes.es\/blog\/wp-content\/uploads\/2017\/05\/Casa-Tmolo-PYO-Arquitectos-o3-maqueta-o2-150x150.jpg 150w\" sizes=\"auto, (max-width: 120px) 100vw, 120px\" \/><\/a>\n\t\t\t<\/div><\/figure><figure class='gallery-item'>\n\t\t\t<div class='gallery-icon landscape'>\n\t\t\t\t<a href='https:\/\/veredes.es\/blog\/wp-content\/uploads\/2017\/05\/Casa-Tmolo-PYO-Arquitectos-o2-maqueta-o1.jpg'><img loading=\"lazy\" decoding=\"async\" width=\"120\" height=\"120\" src=\"https:\/\/veredes.es\/blog\/wp-content\/uploads\/2017\/05\/Casa-Tmolo-PYO-Arquitectos-o2-maqueta-o1-120x120.jpg\" class=\"attachment-thumbnail size-thumbnail\" alt=\"\" srcset=\"https:\/\/veredes.es\/blog\/wp-content\/uploads\/2017\/05\/Casa-Tmolo-PYO-Arquitectos-o2-maqueta-o1-120x120.jpg 120w, https:\/\/veredes.es\/blog\/wp-content\/uploads\/2017\/05\/Casa-Tmolo-PYO-Arquitectos-o2-maqueta-o1-300x300.jpg 300w, https:\/\/veredes.es\/blog\/wp-content\/uploads\/2017\/05\/Casa-Tmolo-PYO-Arquitectos-o2-maqueta-o1-1024x1024.jpg 1024w, https:\/\/veredes.es\/blog\/wp-content\/uploads\/2017\/05\/Casa-Tmolo-PYO-Arquitectos-o2-maqueta-o1-150x150.jpg 150w, https:\/\/veredes.es\/blog\/wp-content\/uploads\/2017\/05\/Casa-Tmolo-PYO-Arquitectos-o2-maqueta-o1.jpg 1200w\" sizes=\"auto, (max-width: 120px) 100vw, 120px\" \/><\/a>\n\t\t\t<\/div><\/figure>\n\t\t<\/div>\n\n<p style=\"text-align: justify;\">Obra: Casa Tmolo<br \/>\nA\u00f1o: 2007 &#8211; 2013<br \/>\nEmplazamiento: Granda de Abajo, Concejo de Parres, Asturias,\u00a0Espa\u00f1a<br \/>\nSuperficie: 414 m2<br \/>\nCliente: privado<br \/>\nAutores: PYO arquitectos (Oph\u00e9lie Herranz Lespagnol, Paul Galindo Pastre)<br \/>\nColaboradores: Carlos M\u00ednguez Carrasco<br \/>\nEstructura: Juan Rey (mecanismo)<br \/>\nConstructor: Roberto Labra Rodr\u00edguez<br \/>\nAparejador: Fernando Su\u00e1rez Otero<br \/>\nFotograf\u00eda: <a href=\"http:\/\/imagensubliminal.com\/\" target=\"_blank\">ImagenSubliminal<\/a> \/ Miguel de Guzman+Rocio Romero<br \/>\n<span style=\"color: #999999;\">+ pyoarquitectos.com<\/span><\/p>\n<p><\/p>","protected":false},"excerpt":{"rendered":"<p>El proyecto consiste en la rehabilitaci\u00f3n y ampliaci\u00f3n de una casa rural (CASA TMOLO) y de un corral con pajar adyacente (EL PAJAR). La intervenci\u00f3n propuesta para la Casa Tmolo da respuesta a varios condicionantes: unificar en un solo volumen las estructuras agregadas a la construcci\u00f3n principal, resolver el cambio de rasante hac\u00eda el sureste [&hellip;]<\/p>\n","protected":false},"author":2,"featured_media":64476,"comment_status":"open","ping_status":"closed","sticky":false,"template":"","format":"standard","meta":{"footnotes":""},"categories":[34,23,1159,5951,59],"tags":[11327,2631,9446,4503,432,12966,12965,12964,12464,3686],"class_list":{"0":"post-64490","1":"post","2":"type-post","3":"status-publish","4":"format-standard","5":"has-post-thumbnail","7":"category-arquitectura","8":"category-obras","9":"category-rehabilitacion","10":"category-slider-principal","11":"category-vivienda-unifamiliar","13":"tag-arquitectura-espanola","14":"tag-arquitectura-madrilena","15":"tag-diseno-de-mobiliario","16":"tag-diseno-interiores","17":"tag-ophelie-herranz-lespagnol","18":"tag-paul-galindo-pastre","19":"tag-pyo-arquitectos","20":"tag-rehabilitacion","21":"tag-rehabilitar"},"yoast_head":"<!-- This site is optimized with the Yoast SEO plugin v27.5 - https:\/\/yoast.com\/product\/yoast-seo-wordpress\/ -->\n<title>Casa Tmolo | PYO Arquitectos  - veredes<\/title>\n<meta name=\"description\" content=\"Toda la informaci\u00f3n sobre: [:es]Casa Tmolo | PYO Arquitectos [:gl]Casa Tmolo | PYO Arquitectos [:en]Tmolo House | PYO Arquitectos [:]\" \/>\n<meta name=\"robots\" content=\"index, follow, max-snippet:-1, max-image-preview:large, max-video-preview:-1\" \/>\n<link rel=\"canonical\" href=\"https:\/\/veredes.es\/blog\/casa-tmolo-pyo-arquitectos\/\" \/>\n<meta property=\"og:locale\" content=\"es_ES\" \/>\n<meta property=\"og:type\" content=\"article\" \/>\n<meta property=\"og:title\" content=\"[:es]Casa Tmolo | PYO Arquitectos [:gl]Casa Tmolo | PYO Arquitectos [:en]Tmolo House | PYO Arquitectos [:] - veredes\" \/>\n<meta property=\"og:description\" content=\"Toda la informaci\u00f3n sobre: [:es]Casa Tmolo | PYO Arquitectos [:gl]Casa Tmolo | PYO Arquitectos [:en]Tmolo House | PYO Arquitectos [:]\" \/>\n<meta property=\"og:url\" content=\"https:\/\/veredes.es\/blog\/casa-tmolo-pyo-arquitectos\/\" \/>\n<meta property=\"og:site_name\" content=\"veredes, arquitectura y divulgaci\u00f3n\" \/>\n<meta property=\"article:publisher\" content=\"https:\/\/www.facebook.com\/veredesArquitecturayDivulgacion\/\" \/>\n<meta property=\"article:author\" content=\"https:\/\/www.facebook.com\/veredesArquitecturayDivulgacion\/\" \/>\n<meta property=\"article:published_time\" content=\"2017-07-04T22:02:08+00:00\" \/>\n<meta property=\"article:modified_time\" content=\"2019-03-21T17:50:37+00:00\" \/>\n<meta property=\"og:image\" content=\"https:\/\/veredes.es\/blog\/wp-content\/uploads\/2017\/05\/Casa-Tmolo-PYO-Arquitectos-o23-exto7.jpg\" \/>\n\t<meta property=\"og:image:width\" content=\"1200\" \/>\n\t<meta property=\"og:image:height\" content=\"580\" \/>\n\t<meta property=\"og:image:type\" content=\"image\/jpeg\" \/>\n<meta name=\"author\" content=\"veredes\" \/>\n<meta name=\"twitter:card\" content=\"summary_large_image\" \/>\n<meta name=\"twitter:creator\" content=\"@https:\/\/twitter.com\/veredes\" \/>\n<meta name=\"twitter:site\" content=\"@veredes\" \/>\n<meta name=\"twitter:label1\" content=\"Escrito por\" \/>\n\t<meta name=\"twitter:data1\" content=\"veredes\" \/>\n\t<meta name=\"twitter:label2\" content=\"Tiempo de lectura\" \/>\n\t<meta name=\"twitter:data2\" content=\"5 minutos\" \/>\n<script type=\"application\/ld+json\" class=\"yoast-schema-graph\">{\"@context\":\"https:\\\/\\\/schema.org\",\"@graph\":[{\"@type\":\"Article\",\"@id\":\"https:\\\/\\\/veredes.es\\\/blog\\\/casa-tmolo-pyo-arquitectos\\\/#article\",\"isPartOf\":{\"@id\":\"https:\\\/\\\/veredes.es\\\/blog\\\/casa-tmolo-pyo-arquitectos\\\/\"},\"author\":{\"name\":\"veredes\",\"@id\":\"https:\\\/\\\/veredes.es\\\/blog\\\/#\\\/schema\\\/person\\\/0bbb669073ef7faba5168a0844e93d2c\"},\"headline\":\"Casa Tmolo | PYO Arquitectos\",\"datePublished\":\"2017-07-04T22:02:08+00:00\",\"dateModified\":\"2019-03-21T17:50:37+00:00\",\"mainEntityOfPage\":{\"@id\":\"https:\\\/\\\/veredes.es\\\/blog\\\/casa-tmolo-pyo-arquitectos\\\/\"},\"wordCount\":997,\"commentCount\":0,\"publisher\":{\"@id\":\"https:\\\/\\\/veredes.es\\\/blog\\\/#organization\"},\"image\":{\"@id\":\"https:\\\/\\\/veredes.es\\\/blog\\\/casa-tmolo-pyo-arquitectos\\\/#primaryimage\"},\"thumbnailUrl\":\"https:\\\/\\\/veredes.es\\\/blog\\\/wp-content\\\/uploads\\\/2017\\\/05\\\/Casa-Tmolo-PYO-Arquitectos-o23-exto7.jpg\",\"keywords\":[\"arquitectura asturiana\",\"arquitectura espa\u00f1ola\",\"arquitectura madrile\u00f1a\",\"dise\u00f1o de mobiliario\",\"dise\u00f1o interiores\",\"Oph\u00e9lie Herranz Lespagnol\",\"Paul Galindo Pastre\",\"PYO arquitectos\",\"rehabilitaci\u00f3n\",\"rehabilitar\"],\"articleSection\":[\"arquitectura\",\"obras\",\"rehabilitaci\u00f3n\",\"slider principal\",\"vivienda unifamiliar\"],\"inLanguage\":\"es\",\"potentialAction\":[{\"@type\":\"CommentAction\",\"name\":\"Comment\",\"target\":[\"https:\\\/\\\/veredes.es\\\/blog\\\/casa-tmolo-pyo-arquitectos\\\/#respond\"]}]},{\"@type\":\"WebPage\",\"@id\":\"https:\\\/\\\/veredes.es\\\/blog\\\/casa-tmolo-pyo-arquitectos\\\/\",\"url\":\"https:\\\/\\\/veredes.es\\\/blog\\\/casa-tmolo-pyo-arquitectos\\\/\",\"name\":\"[:es]Casa Tmolo | PYO Arquitectos [:gl]Casa Tmolo | PYO Arquitectos [:en]Tmolo House | PYO Arquitectos [:] - veredes\",\"isPartOf\":{\"@id\":\"https:\\\/\\\/veredes.es\\\/blog\\\/#website\"},\"primaryImageOfPage\":{\"@id\":\"https:\\\/\\\/veredes.es\\\/blog\\\/casa-tmolo-pyo-arquitectos\\\/#primaryimage\"},\"image\":{\"@id\":\"https:\\\/\\\/veredes.es\\\/blog\\\/casa-tmolo-pyo-arquitectos\\\/#primaryimage\"},\"thumbnailUrl\":\"https:\\\/\\\/veredes.es\\\/blog\\\/wp-content\\\/uploads\\\/2017\\\/05\\\/Casa-Tmolo-PYO-Arquitectos-o23-exto7.jpg\",\"datePublished\":\"2017-07-04T22:02:08+00:00\",\"dateModified\":\"2019-03-21T17:50:37+00:00\",\"description\":\"Toda la informaci\u00f3n sobre: [:es]Casa Tmolo | PYO Arquitectos [:gl]Casa Tmolo | PYO Arquitectos [:en]Tmolo House | PYO Arquitectos [:]\",\"breadcrumb\":{\"@id\":\"https:\\\/\\\/veredes.es\\\/blog\\\/casa-tmolo-pyo-arquitectos\\\/#breadcrumb\"},\"inLanguage\":\"es\",\"potentialAction\":[{\"@type\":\"ReadAction\",\"target\":[\"https:\\\/\\\/veredes.es\\\/blog\\\/casa-tmolo-pyo-arquitectos\\\/\"]}]},{\"@type\":\"ImageObject\",\"inLanguage\":\"es\",\"@id\":\"https:\\\/\\\/veredes.es\\\/blog\\\/casa-tmolo-pyo-arquitectos\\\/#primaryimage\",\"url\":\"https:\\\/\\\/veredes.es\\\/blog\\\/wp-content\\\/uploads\\\/2017\\\/05\\\/Casa-Tmolo-PYO-Arquitectos-o23-exto7.jpg\",\"contentUrl\":\"https:\\\/\\\/veredes.es\\\/blog\\\/wp-content\\\/uploads\\\/2017\\\/05\\\/Casa-Tmolo-PYO-Arquitectos-o23-exto7.jpg\",\"width\":1200,\"height\":580},{\"@type\":\"BreadcrumbList\",\"@id\":\"https:\\\/\\\/veredes.es\\\/blog\\\/casa-tmolo-pyo-arquitectos\\\/#breadcrumb\",\"itemListElement\":[{\"@type\":\"ListItem\",\"position\":1,\"name\":\"Portada\",\"item\":\"https:\\\/\\\/veredes.es\\\/blog\\\/\"},{\"@type\":\"ListItem\",\"position\":2,\"name\":\"Casa Tmolo | PYO Arquitectos\"}]},{\"@type\":\"WebSite\",\"@id\":\"https:\\\/\\\/veredes.es\\\/blog\\\/#website\",\"url\":\"https:\\\/\\\/veredes.es\\\/blog\\\/\",\"name\":\"veredes, arquitectura y divulgaci\u00f3n\",\"description\":\"veredes\",\"publisher\":{\"@id\":\"https:\\\/\\\/veredes.es\\\/blog\\\/#organization\"},\"alternateName\":\"veredes\",\"potentialAction\":[{\"@type\":\"SearchAction\",\"target\":{\"@type\":\"EntryPoint\",\"urlTemplate\":\"https:\\\/\\\/veredes.es\\\/blog\\\/?s={search_term_string}\"},\"query-input\":{\"@type\":\"PropertyValueSpecification\",\"valueRequired\":true,\"valueName\":\"search_term_string\"}}],\"inLanguage\":\"es\"},{\"@type\":\"Organization\",\"@id\":\"https:\\\/\\\/veredes.es\\\/blog\\\/#organization\",\"name\":\"veredes, arquitectura y divulgaci\u00f3n\",\"alternateName\":\"veredes\",\"url\":\"https:\\\/\\\/veredes.es\\\/blog\\\/\",\"logo\":{\"@type\":\"ImageObject\",\"inLanguage\":\"es\",\"@id\":\"https:\\\/\\\/veredes.es\\\/blog\\\/#\\\/schema\\\/logo\\\/image\\\/\",\"url\":\"https:\\\/\\\/veredes.es\\\/blog\\\/wp-content\\\/uploads\\\/2021\\\/12\\\/veredes-logo-centrado_140x54.png\",\"contentUrl\":\"https:\\\/\\\/veredes.es\\\/blog\\\/wp-content\\\/uploads\\\/2021\\\/12\\\/veredes-logo-centrado_140x54.png\",\"width\":140,\"height\":54,\"caption\":\"veredes, arquitectura y divulgaci\u00f3n\"},\"image\":{\"@id\":\"https:\\\/\\\/veredes.es\\\/blog\\\/#\\\/schema\\\/logo\\\/image\\\/\"},\"sameAs\":[\"https:\\\/\\\/www.facebook.com\\\/veredesArquitecturayDivulgacion\\\/\",\"https:\\\/\\\/x.com\\\/veredes\",\"https:\\\/\\\/instagram.com\\\/veredes\\\/\",\"https:\\\/\\\/www.linkedin.com\\\/company\\\/veredes-arquitectura-y-divulgacion\\\/\",\"https:\\\/\\\/es.pinterest.com\\\/veredes\\\/\",\"https:\\\/\\\/www.tumblr.com\\\/veredes\"]},{\"@type\":\"Person\",\"@id\":\"https:\\\/\\\/veredes.es\\\/blog\\\/#\\\/schema\\\/person\\\/0bbb669073ef7faba5168a0844e93d2c\",\"name\":\"veredes\",\"image\":{\"@type\":\"ImageObject\",\"inLanguage\":\"es\",\"@id\":\"https:\\\/\\\/veredes.es\\\/blog\\\/wp-content\\\/uploads\\\/2018\\\/04\\\/face-96x96.jpg\",\"url\":\"https:\\\/\\\/veredes.es\\\/blog\\\/wp-content\\\/uploads\\\/2018\\\/04\\\/face-96x96.jpg\",\"contentUrl\":\"https:\\\/\\\/veredes.es\\\/blog\\\/wp-content\\\/uploads\\\/2018\\\/04\\\/face-96x96.jpg\",\"caption\":\"veredes\"},\"description\":\"Surge enero de 2009 como b\u00fasqueda de satisfacer el conocimiento de la actividad arquitect\u00f3nica y tangentes que se generan. La idea es crear un espacio para divulgar los diversos proyectos en busca de nueva inspiraci\u00f3n y de intercambio.\",\"sameAs\":[\"https:\\\/\\\/veredes.es\\\/\",\"https:\\\/\\\/www.facebook.com\\\/veredesArquitecturayDivulgacion\\\/\",\"https:\\\/\\\/www.instagram.com\\\/veredes\\\/\",\"https:\\\/\\\/www.linkedin.com\\\/company\\\/veredes-arquitectura-y-divulgacion\\\/\",\"https:\\\/\\\/www.pinterest.es\\\/veredes\\\/\",\"https:\\\/\\\/x.com\\\/https:\\\/\\\/twitter.com\\\/veredes\",\"https:\\\/\\\/veredes.tumblr.com\\\/\"],\"url\":\"https:\\\/\\\/veredes.es\\\/blog\\\/author\\\/alberto\\\/\"}]}<\/script>\n<!-- \/ Yoast SEO plugin. -->","yoast_head_json":{"title":"[:es]Casa Tmolo | PYO Arquitectos [:gl]Casa Tmolo | PYO Arquitectos [:en]Tmolo House | PYO Arquitectos [:] - veredes","description":"Toda la informaci\u00f3n sobre: [:es]Casa Tmolo | PYO Arquitectos [:gl]Casa Tmolo | PYO Arquitectos [:en]Tmolo House | PYO Arquitectos [:]","robots":{"index":"index","follow":"follow","max-snippet":"max-snippet:-1","max-image-preview":"max-image-preview:large","max-video-preview":"max-video-preview:-1"},"canonical":"https:\/\/veredes.es\/blog\/casa-tmolo-pyo-arquitectos\/","og_locale":"es_ES","og_type":"article","og_title":"[:es]Casa Tmolo | PYO Arquitectos [:gl]Casa Tmolo | PYO Arquitectos [:en]Tmolo House | PYO Arquitectos [:] - veredes","og_description":"Toda la informaci\u00f3n sobre: [:es]Casa Tmolo | PYO Arquitectos [:gl]Casa Tmolo | PYO Arquitectos [:en]Tmolo House | PYO Arquitectos [:]","og_url":"https:\/\/veredes.es\/blog\/casa-tmolo-pyo-arquitectos\/","og_site_name":"veredes, arquitectura y divulgaci\u00f3n","article_publisher":"https:\/\/www.facebook.com\/veredesArquitecturayDivulgacion\/","article_author":"https:\/\/www.facebook.com\/veredesArquitecturayDivulgacion\/","article_published_time":"2017-07-04T22:02:08+00:00","article_modified_time":"2019-03-21T17:50:37+00:00","og_image":[{"width":1200,"height":580,"url":"https:\/\/veredes.es\/blog\/wp-content\/uploads\/2017\/05\/Casa-Tmolo-PYO-Arquitectos-o23-exto7.jpg","type":"image\/jpeg"}],"author":"veredes","twitter_card":"summary_large_image","twitter_creator":"@https:\/\/twitter.com\/veredes","twitter_site":"@veredes","twitter_misc":{"Escrito por":"veredes","Tiempo de lectura":"5 minutos"},"schema":{"@context":"https:\/\/schema.org","@graph":[{"@type":"Article","@id":"https:\/\/veredes.es\/blog\/casa-tmolo-pyo-arquitectos\/#article","isPartOf":{"@id":"https:\/\/veredes.es\/blog\/casa-tmolo-pyo-arquitectos\/"},"author":{"name":"veredes","@id":"https:\/\/veredes.es\/blog\/#\/schema\/person\/0bbb669073ef7faba5168a0844e93d2c"},"headline":"Casa Tmolo | PYO Arquitectos","datePublished":"2017-07-04T22:02:08+00:00","dateModified":"2019-03-21T17:50:37+00:00","mainEntityOfPage":{"@id":"https:\/\/veredes.es\/blog\/casa-tmolo-pyo-arquitectos\/"},"wordCount":997,"commentCount":0,"publisher":{"@id":"https:\/\/veredes.es\/blog\/#organization"},"image":{"@id":"https:\/\/veredes.es\/blog\/casa-tmolo-pyo-arquitectos\/#primaryimage"},"thumbnailUrl":"https:\/\/veredes.es\/blog\/wp-content\/uploads\/2017\/05\/Casa-Tmolo-PYO-Arquitectos-o23-exto7.jpg","keywords":["arquitectura asturiana","arquitectura espa\u00f1ola","arquitectura madrile\u00f1a","dise\u00f1o de mobiliario","dise\u00f1o interiores","Oph\u00e9lie Herranz Lespagnol","Paul Galindo Pastre","PYO arquitectos","rehabilitaci\u00f3n","rehabilitar"],"articleSection":["arquitectura","obras","rehabilitaci\u00f3n","slider principal","vivienda unifamiliar"],"inLanguage":"es","potentialAction":[{"@type":"CommentAction","name":"Comment","target":["https:\/\/veredes.es\/blog\/casa-tmolo-pyo-arquitectos\/#respond"]}]},{"@type":"WebPage","@id":"https:\/\/veredes.es\/blog\/casa-tmolo-pyo-arquitectos\/","url":"https:\/\/veredes.es\/blog\/casa-tmolo-pyo-arquitectos\/","name":"[:es]Casa Tmolo | PYO Arquitectos [:gl]Casa Tmolo | PYO Arquitectos [:en]Tmolo House | PYO Arquitectos [:] - veredes","isPartOf":{"@id":"https:\/\/veredes.es\/blog\/#website"},"primaryImageOfPage":{"@id":"https:\/\/veredes.es\/blog\/casa-tmolo-pyo-arquitectos\/#primaryimage"},"image":{"@id":"https:\/\/veredes.es\/blog\/casa-tmolo-pyo-arquitectos\/#primaryimage"},"thumbnailUrl":"https:\/\/veredes.es\/blog\/wp-content\/uploads\/2017\/05\/Casa-Tmolo-PYO-Arquitectos-o23-exto7.jpg","datePublished":"2017-07-04T22:02:08+00:00","dateModified":"2019-03-21T17:50:37+00:00","description":"Toda la informaci\u00f3n sobre: [:es]Casa Tmolo | PYO Arquitectos [:gl]Casa Tmolo | PYO Arquitectos [:en]Tmolo House | PYO Arquitectos [:]","breadcrumb":{"@id":"https:\/\/veredes.es\/blog\/casa-tmolo-pyo-arquitectos\/#breadcrumb"},"inLanguage":"es","potentialAction":[{"@type":"ReadAction","target":["https:\/\/veredes.es\/blog\/casa-tmolo-pyo-arquitectos\/"]}]},{"@type":"ImageObject","inLanguage":"es","@id":"https:\/\/veredes.es\/blog\/casa-tmolo-pyo-arquitectos\/#primaryimage","url":"https:\/\/veredes.es\/blog\/wp-content\/uploads\/2017\/05\/Casa-Tmolo-PYO-Arquitectos-o23-exto7.jpg","contentUrl":"https:\/\/veredes.es\/blog\/wp-content\/uploads\/2017\/05\/Casa-Tmolo-PYO-Arquitectos-o23-exto7.jpg","width":1200,"height":580},{"@type":"BreadcrumbList","@id":"https:\/\/veredes.es\/blog\/casa-tmolo-pyo-arquitectos\/#breadcrumb","itemListElement":[{"@type":"ListItem","position":1,"name":"Portada","item":"https:\/\/veredes.es\/blog\/"},{"@type":"ListItem","position":2,"name":"Casa Tmolo | PYO Arquitectos"}]},{"@type":"WebSite","@id":"https:\/\/veredes.es\/blog\/#website","url":"https:\/\/veredes.es\/blog\/","name":"veredes, arquitectura y divulgaci\u00f3n","description":"veredes","publisher":{"@id":"https:\/\/veredes.es\/blog\/#organization"},"alternateName":"veredes","potentialAction":[{"@type":"SearchAction","target":{"@type":"EntryPoint","urlTemplate":"https:\/\/veredes.es\/blog\/?s={search_term_string}"},"query-input":{"@type":"PropertyValueSpecification","valueRequired":true,"valueName":"search_term_string"}}],"inLanguage":"es"},{"@type":"Organization","@id":"https:\/\/veredes.es\/blog\/#organization","name":"veredes, arquitectura y divulgaci\u00f3n","alternateName":"veredes","url":"https:\/\/veredes.es\/blog\/","logo":{"@type":"ImageObject","inLanguage":"es","@id":"https:\/\/veredes.es\/blog\/#\/schema\/logo\/image\/","url":"https:\/\/veredes.es\/blog\/wp-content\/uploads\/2021\/12\/veredes-logo-centrado_140x54.png","contentUrl":"https:\/\/veredes.es\/blog\/wp-content\/uploads\/2021\/12\/veredes-logo-centrado_140x54.png","width":140,"height":54,"caption":"veredes, arquitectura y divulgaci\u00f3n"},"image":{"@id":"https:\/\/veredes.es\/blog\/#\/schema\/logo\/image\/"},"sameAs":["https:\/\/www.facebook.com\/veredesArquitecturayDivulgacion\/","https:\/\/x.com\/veredes","https:\/\/instagram.com\/veredes\/","https:\/\/www.linkedin.com\/company\/veredes-arquitectura-y-divulgacion\/","https:\/\/es.pinterest.com\/veredes\/","https:\/\/www.tumblr.com\/veredes"]},{"@type":"Person","@id":"https:\/\/veredes.es\/blog\/#\/schema\/person\/0bbb669073ef7faba5168a0844e93d2c","name":"veredes","image":{"@type":"ImageObject","inLanguage":"es","@id":"https:\/\/veredes.es\/blog\/wp-content\/uploads\/2018\/04\/face-96x96.jpg","url":"https:\/\/veredes.es\/blog\/wp-content\/uploads\/2018\/04\/face-96x96.jpg","contentUrl":"https:\/\/veredes.es\/blog\/wp-content\/uploads\/2018\/04\/face-96x96.jpg","caption":"veredes"},"description":"Surge enero de 2009 como b\u00fasqueda de satisfacer el conocimiento de la actividad arquitect\u00f3nica y tangentes que se generan. La idea es crear un espacio para divulgar los diversos proyectos en busca de nueva inspiraci\u00f3n y de intercambio.","sameAs":["https:\/\/veredes.es\/","https:\/\/www.facebook.com\/veredesArquitecturayDivulgacion\/","https:\/\/www.instagram.com\/veredes\/","https:\/\/www.linkedin.com\/company\/veredes-arquitectura-y-divulgacion\/","https:\/\/www.pinterest.es\/veredes\/","https:\/\/x.com\/https:\/\/twitter.com\/veredes","https:\/\/veredes.tumblr.com\/"],"url":"https:\/\/veredes.es\/blog\/author\/alberto\/"}]}},"_links":{"self":[{"href":"https:\/\/veredes.es\/blog\/wp-json\/wp\/v2\/posts\/64490","targetHints":{"allow":["GET"]}}],"collection":[{"href":"https:\/\/veredes.es\/blog\/wp-json\/wp\/v2\/posts"}],"about":[{"href":"https:\/\/veredes.es\/blog\/wp-json\/wp\/v2\/types\/post"}],"author":[{"embeddable":true,"href":"https:\/\/veredes.es\/blog\/wp-json\/wp\/v2\/users\/2"}],"replies":[{"embeddable":true,"href":"https:\/\/veredes.es\/blog\/wp-json\/wp\/v2\/comments?post=64490"}],"version-history":[{"count":0,"href":"https:\/\/veredes.es\/blog\/wp-json\/wp\/v2\/posts\/64490\/revisions"}],"wp:featuredmedia":[{"embeddable":true,"href":"https:\/\/veredes.es\/blog\/wp-json\/wp\/v2\/media\/64476"}],"wp:attachment":[{"href":"https:\/\/veredes.es\/blog\/wp-json\/wp\/v2\/media?parent=64490"}],"wp:term":[{"taxonomy":"category","embeddable":true,"href":"https:\/\/veredes.es\/blog\/wp-json\/wp\/v2\/categories?post=64490"},{"taxonomy":"post_tag","embeddable":true,"href":"https:\/\/veredes.es\/blog\/wp-json\/wp\/v2\/tags?post=64490"}],"curies":[{"name":"wp","href":"https:\/\/api.w.org\/{rel}","templated":true}]}}