{"id":63874,"date":"2017-04-12T00:12:59","date_gmt":"2017-04-11T22:12:59","guid":{"rendered":"http:\/\/veredes.es\/blog\/?p=63874"},"modified":"2017-04-12T10:15:13","modified_gmt":"2017-04-12T08:15:13","slug":"vivienda-calle-ciscar-dot-partners","status":"publish","type":"post","link":"https:\/\/veredes.es\/blog\/vivienda-calle-ciscar-dot-partners\/","title":{"rendered":"Vivienda en calle C\u00edscar | Dot-Partners"},"content":{"rendered":"<p><\/p>\n<p style=\"text-align: justify;\"><img loading=\"lazy\" decoding=\"async\" class=\"alignnone size-large wp-image-63887\" src=\"http:\/\/veredes.es\/blog\/wp-content\/uploads\/2017\/03\/Vivienda-en-calle-C\u00edscar-Dot-Partners-o13-749x1024.jpg\" alt=\"Vivienda en calle C\u00edscar Dot-Partners o13\" width=\"640\" height=\"875\" srcset=\"https:\/\/veredes.es\/blog\/wp-content\/uploads\/2017\/03\/Vivienda-en-calle-C\u00edscar-Dot-Partners-o13-749x1024.jpg 749w, https:\/\/veredes.es\/blog\/wp-content\/uploads\/2017\/03\/Vivienda-en-calle-C\u00edscar-Dot-Partners-o13-219x300.jpg 219w, https:\/\/veredes.es\/blog\/wp-content\/uploads\/2017\/03\/Vivienda-en-calle-C\u00edscar-Dot-Partners-o13.jpg 1000w\" sizes=\"auto, (max-width: 640px) 100vw, 640px\" \/><\/p>\n<p style=\"text-align: justify;\">La vivienda reformada est\u00e1 ubicada en un edificio del hist\u00f3rico barrio del ensanche de Valencia, creado a principios del siglo XX y que da testimonio de una de las \u00e9pocas m\u00e1s destacadas para la arquitectura Valenciana.<\/p>\n<p style=\"text-align: justify;\">Las manzanas del entorno presentan una configuraci\u00f3n con un patio de grandes dimensiones en su interior y un volumen perimetral edificado con las esquinas achaflanadas, ofreciendo la visi\u00f3n de una edificaci\u00f3n compacta al espacio p\u00fablico.<\/p>\n<p style=\"text-align: justify;\">La posici\u00f3n de la vivienda en uno de los chaflanes de la manzana da lugar a una geometr\u00eda compleja, en la que la organizaci\u00f3n espacial estaba caracterizada por tener los dormitorios recayentes sobre la fachada principal mientras que el sal\u00f3n volcaba al patio interior de manzana.<\/p>\n<p style=\"text-align: justify;\">El proyecto realizado invierte esta posici\u00f3n inicial creando un espacio di\u00e1fano para la zona de d\u00eda junto al acceso a la vivienda y la zona de noche en la parte trasera de la vivienda iluminada y ventilada a trav\u00e9s de los patios interiores. La distribuci\u00f3n refleja la voluntad de organizar las estancias con el menor n\u00famero de elementos posibles para conseguir tiradas visuales de mayor longitud. La l\u00ednea de luz que se extiende desde el pasillo trata de acentuar ese efecto.<\/p>\n<p style=\"text-align: justify;\">El espacio interior busca lograr una atm\u00f3sfera relajada que permita hacer de la vivienda un lugar de descanso y tranquilidad. Las paredes, techos y mobiliario fijo son blancos. Los pavimentos de madera de roble natural armonizan con la calidez de la luz artificial. El ba\u00f1o principal es de color verde, respondiendo a las nuevas inquietudes del estudio en investigaciones sobre el espacio y la materia.<\/p>\n<div id='gallery-1' class='gallery galleryid-63874 gallery-columns-4 gallery-size-thumbnail'><figure class='gallery-item'>\n\t\t\t<div class='gallery-icon landscape'>\n\t\t\t\t<a href='https:\/\/veredes.es\/blog\/wp-content\/uploads\/2017\/03\/Vivienda-en-calle-C\u00edscar-Dot-Partners-o1-estado-inicial.jpg'><img loading=\"lazy\" decoding=\"async\" width=\"120\" height=\"120\" src=\"https:\/\/veredes.es\/blog\/wp-content\/uploads\/2017\/03\/Vivienda-en-calle-C\u00edscar-Dot-Partners-o1-estado-inicial-120x120.jpg\" class=\"attachment-thumbnail size-thumbnail\" alt=\"\" srcset=\"https:\/\/veredes.es\/blog\/wp-content\/uploads\/2017\/03\/Vivienda-en-calle-C\u00edscar-Dot-Partners-o1-estado-inicial-120x120.jpg 120w, https:\/\/veredes.es\/blog\/wp-content\/uploads\/2017\/03\/Vivienda-en-calle-C\u00edscar-Dot-Partners-o1-estado-inicial-150x150.jpg 150w\" sizes=\"auto, (max-width: 120px) 100vw, 120px\" \/><\/a>\n\t\t\t<\/div><\/figure><figure class='gallery-item'>\n\t\t\t<div class='gallery-icon landscape'>\n\t\t\t\t<a href='https:\/\/veredes.es\/blog\/wp-content\/uploads\/2017\/03\/Vivienda-en-calle-C\u00edscar-Dot-Partners-o2-estado-reformado.jpg'><img loading=\"lazy\" decoding=\"async\" width=\"120\" height=\"120\" src=\"https:\/\/veredes.es\/blog\/wp-content\/uploads\/2017\/03\/Vivienda-en-calle-C\u00edscar-Dot-Partners-o2-estado-reformado-120x120.jpg\" class=\"attachment-thumbnail size-thumbnail\" alt=\"\" srcset=\"https:\/\/veredes.es\/blog\/wp-content\/uploads\/2017\/03\/Vivienda-en-calle-C\u00edscar-Dot-Partners-o2-estado-reformado-120x120.jpg 120w, https:\/\/veredes.es\/blog\/wp-content\/uploads\/2017\/03\/Vivienda-en-calle-C\u00edscar-Dot-Partners-o2-estado-reformado-150x150.jpg 150w\" sizes=\"auto, (max-width: 120px) 100vw, 120px\" \/><\/a>\n\t\t\t<\/div><\/figure><figure class='gallery-item'>\n\t\t\t<div class='gallery-icon landscape'>\n\t\t\t\t<a href='https:\/\/veredes.es\/blog\/wp-content\/uploads\/2017\/03\/Vivienda-en-calle-C\u00edscar-Dot-Partners-o3.jpg'><img loading=\"lazy\" decoding=\"async\" width=\"120\" height=\"120\" src=\"https:\/\/veredes.es\/blog\/wp-content\/uploads\/2017\/03\/Vivienda-en-calle-C\u00edscar-Dot-Partners-o3-120x120.jpg\" class=\"attachment-thumbnail size-thumbnail\" alt=\"\" srcset=\"https:\/\/veredes.es\/blog\/wp-content\/uploads\/2017\/03\/Vivienda-en-calle-C\u00edscar-Dot-Partners-o3-120x120.jpg 120w, https:\/\/veredes.es\/blog\/wp-content\/uploads\/2017\/03\/Vivienda-en-calle-C\u00edscar-Dot-Partners-o3-150x150.jpg 150w\" sizes=\"auto, (max-width: 120px) 100vw, 120px\" \/><\/a>\n\t\t\t<\/div><\/figure><figure class='gallery-item'>\n\t\t\t<div class='gallery-icon portrait'>\n\t\t\t\t<a href='https:\/\/veredes.es\/blog\/wp-content\/uploads\/2017\/03\/Vivienda-en-calle-C\u00edscar-Dot-Partners-o4.jpg'><img loading=\"lazy\" decoding=\"async\" width=\"120\" height=\"120\" src=\"https:\/\/veredes.es\/blog\/wp-content\/uploads\/2017\/03\/Vivienda-en-calle-C\u00edscar-Dot-Partners-o4-120x120.jpg\" class=\"attachment-thumbnail size-thumbnail\" alt=\"\" srcset=\"https:\/\/veredes.es\/blog\/wp-content\/uploads\/2017\/03\/Vivienda-en-calle-C\u00edscar-Dot-Partners-o4-120x120.jpg 120w, https:\/\/veredes.es\/blog\/wp-content\/uploads\/2017\/03\/Vivienda-en-calle-C\u00edscar-Dot-Partners-o4-150x150.jpg 150w\" sizes=\"auto, (max-width: 120px) 100vw, 120px\" \/><\/a>\n\t\t\t<\/div><\/figure><figure class='gallery-item'>\n\t\t\t<div class='gallery-icon portrait'>\n\t\t\t\t<a href='https:\/\/veredes.es\/blog\/wp-content\/uploads\/2017\/03\/Vivienda-en-calle-C\u00edscar-Dot-Partners-o5.jpg'><img loading=\"lazy\" decoding=\"async\" width=\"120\" height=\"120\" src=\"https:\/\/veredes.es\/blog\/wp-content\/uploads\/2017\/03\/Vivienda-en-calle-C\u00edscar-Dot-Partners-o5-120x120.jpg\" class=\"attachment-thumbnail size-thumbnail\" alt=\"\" srcset=\"https:\/\/veredes.es\/blog\/wp-content\/uploads\/2017\/03\/Vivienda-en-calle-C\u00edscar-Dot-Partners-o5-120x120.jpg 120w, https:\/\/veredes.es\/blog\/wp-content\/uploads\/2017\/03\/Vivienda-en-calle-C\u00edscar-Dot-Partners-o5-150x150.jpg 150w\" sizes=\"auto, (max-width: 120px) 100vw, 120px\" \/><\/a>\n\t\t\t<\/div><\/figure><figure class='gallery-item'>\n\t\t\t<div class='gallery-icon portrait'>\n\t\t\t\t<a href='https:\/\/veredes.es\/blog\/wp-content\/uploads\/2017\/03\/Vivienda-en-calle-C\u00edscar-Dot-Partners-o6.jpg'><img loading=\"lazy\" decoding=\"async\" width=\"120\" height=\"120\" src=\"https:\/\/veredes.es\/blog\/wp-content\/uploads\/2017\/03\/Vivienda-en-calle-C\u00edscar-Dot-Partners-o6-120x120.jpg\" class=\"attachment-thumbnail size-thumbnail\" alt=\"\" srcset=\"https:\/\/veredes.es\/blog\/wp-content\/uploads\/2017\/03\/Vivienda-en-calle-C\u00edscar-Dot-Partners-o6-120x120.jpg 120w, https:\/\/veredes.es\/blog\/wp-content\/uploads\/2017\/03\/Vivienda-en-calle-C\u00edscar-Dot-Partners-o6-150x150.jpg 150w\" sizes=\"auto, (max-width: 120px) 100vw, 120px\" \/><\/a>\n\t\t\t<\/div><\/figure><figure class='gallery-item'>\n\t\t\t<div class='gallery-icon portrait'>\n\t\t\t\t<a href='https:\/\/veredes.es\/blog\/wp-content\/uploads\/2017\/03\/Vivienda-en-calle-C\u00edscar-Dot-Partners-o7.jpg'><img loading=\"lazy\" decoding=\"async\" width=\"120\" height=\"120\" src=\"https:\/\/veredes.es\/blog\/wp-content\/uploads\/2017\/03\/Vivienda-en-calle-C\u00edscar-Dot-Partners-o7-120x120.jpg\" class=\"attachment-thumbnail size-thumbnail\" alt=\"\" srcset=\"https:\/\/veredes.es\/blog\/wp-content\/uploads\/2017\/03\/Vivienda-en-calle-C\u00edscar-Dot-Partners-o7-120x120.jpg 120w, https:\/\/veredes.es\/blog\/wp-content\/uploads\/2017\/03\/Vivienda-en-calle-C\u00edscar-Dot-Partners-o7-150x150.jpg 150w\" sizes=\"auto, (max-width: 120px) 100vw, 120px\" \/><\/a>\n\t\t\t<\/div><\/figure><figure class='gallery-item'>\n\t\t\t<div class='gallery-icon landscape'>\n\t\t\t\t<a href='https:\/\/veredes.es\/blog\/wp-content\/uploads\/2017\/03\/Vivienda-en-calle-C\u00edscar-Dot-Partners-o8.jpg'><img loading=\"lazy\" decoding=\"async\" width=\"120\" height=\"120\" src=\"https:\/\/veredes.es\/blog\/wp-content\/uploads\/2017\/03\/Vivienda-en-calle-C\u00edscar-Dot-Partners-o8-120x120.jpg\" class=\"attachment-thumbnail size-thumbnail\" alt=\"\" srcset=\"https:\/\/veredes.es\/blog\/wp-content\/uploads\/2017\/03\/Vivienda-en-calle-C\u00edscar-Dot-Partners-o8-120x120.jpg 120w, https:\/\/veredes.es\/blog\/wp-content\/uploads\/2017\/03\/Vivienda-en-calle-C\u00edscar-Dot-Partners-o8-150x150.jpg 150w\" sizes=\"auto, (max-width: 120px) 100vw, 120px\" \/><\/a>\n\t\t\t<\/div><\/figure><figure class='gallery-item'>\n\t\t\t<div class='gallery-icon landscape'>\n\t\t\t\t<a href='https:\/\/veredes.es\/blog\/wp-content\/uploads\/2017\/03\/Vivienda-en-calle-C\u00edscar-Dot-Partners-o9.jpg'><img loading=\"lazy\" decoding=\"async\" width=\"120\" height=\"120\" src=\"https:\/\/veredes.es\/blog\/wp-content\/uploads\/2017\/03\/Vivienda-en-calle-C\u00edscar-Dot-Partners-o9-120x120.jpg\" class=\"attachment-thumbnail size-thumbnail\" alt=\"\" srcset=\"https:\/\/veredes.es\/blog\/wp-content\/uploads\/2017\/03\/Vivienda-en-calle-C\u00edscar-Dot-Partners-o9-120x120.jpg 120w, https:\/\/veredes.es\/blog\/wp-content\/uploads\/2017\/03\/Vivienda-en-calle-C\u00edscar-Dot-Partners-o9-150x150.jpg 150w\" sizes=\"auto, (max-width: 120px) 100vw, 120px\" \/><\/a>\n\t\t\t<\/div><\/figure><figure class='gallery-item'>\n\t\t\t<div class='gallery-icon landscape'>\n\t\t\t\t<a href='https:\/\/veredes.es\/blog\/wp-content\/uploads\/2017\/03\/Vivienda-en-calle-C\u00edscar-Dot-Partners-o10.jpg'><img loading=\"lazy\" decoding=\"async\" width=\"120\" height=\"120\" src=\"https:\/\/veredes.es\/blog\/wp-content\/uploads\/2017\/03\/Vivienda-en-calle-C\u00edscar-Dot-Partners-o10-120x120.jpg\" class=\"attachment-thumbnail size-thumbnail\" alt=\"\" srcset=\"https:\/\/veredes.es\/blog\/wp-content\/uploads\/2017\/03\/Vivienda-en-calle-C\u00edscar-Dot-Partners-o10-120x120.jpg 120w, https:\/\/veredes.es\/blog\/wp-content\/uploads\/2017\/03\/Vivienda-en-calle-C\u00edscar-Dot-Partners-o10-150x150.jpg 150w\" sizes=\"auto, (max-width: 120px) 100vw, 120px\" \/><\/a>\n\t\t\t<\/div><\/figure><figure class='gallery-item'>\n\t\t\t<div class='gallery-icon landscape'>\n\t\t\t\t<a href='https:\/\/veredes.es\/blog\/wp-content\/uploads\/2017\/03\/Vivienda-en-calle-C\u00edscar-Dot-Partners-o11.jpg'><img loading=\"lazy\" decoding=\"async\" width=\"120\" height=\"120\" src=\"https:\/\/veredes.es\/blog\/wp-content\/uploads\/2017\/03\/Vivienda-en-calle-C\u00edscar-Dot-Partners-o11-120x120.jpg\" class=\"attachment-thumbnail size-thumbnail\" alt=\"\" srcset=\"https:\/\/veredes.es\/blog\/wp-content\/uploads\/2017\/03\/Vivienda-en-calle-C\u00edscar-Dot-Partners-o11-120x120.jpg 120w, https:\/\/veredes.es\/blog\/wp-content\/uploads\/2017\/03\/Vivienda-en-calle-C\u00edscar-Dot-Partners-o11-150x150.jpg 150w\" sizes=\"auto, (max-width: 120px) 100vw, 120px\" \/><\/a>\n\t\t\t<\/div><\/figure><figure class='gallery-item'>\n\t\t\t<div class='gallery-icon landscape'>\n\t\t\t\t<a href='https:\/\/veredes.es\/blog\/wp-content\/uploads\/2017\/03\/Vivienda-en-calle-C\u00edscar-Dot-Partners-o12.jpg'><img loading=\"lazy\" decoding=\"async\" width=\"120\" height=\"120\" src=\"https:\/\/veredes.es\/blog\/wp-content\/uploads\/2017\/03\/Vivienda-en-calle-C\u00edscar-Dot-Partners-o12-120x120.jpg\" class=\"attachment-thumbnail size-thumbnail\" alt=\"\" srcset=\"https:\/\/veredes.es\/blog\/wp-content\/uploads\/2017\/03\/Vivienda-en-calle-C\u00edscar-Dot-Partners-o12-120x120.jpg 120w, https:\/\/veredes.es\/blog\/wp-content\/uploads\/2017\/03\/Vivienda-en-calle-C\u00edscar-Dot-Partners-o12-150x150.jpg 150w\" sizes=\"auto, (max-width: 120px) 100vw, 120px\" \/><\/a>\n\t\t\t<\/div><\/figure><figure class='gallery-item'>\n\t\t\t<div class='gallery-icon portrait'>\n\t\t\t\t<a href='https:\/\/veredes.es\/blog\/wp-content\/uploads\/2017\/03\/Vivienda-en-calle-C\u00edscar-Dot-Partners-o13.jpg'><img loading=\"lazy\" decoding=\"async\" width=\"120\" height=\"120\" src=\"https:\/\/veredes.es\/blog\/wp-content\/uploads\/2017\/03\/Vivienda-en-calle-C\u00edscar-Dot-Partners-o13-120x120.jpg\" class=\"attachment-thumbnail size-thumbnail\" alt=\"\" srcset=\"https:\/\/veredes.es\/blog\/wp-content\/uploads\/2017\/03\/Vivienda-en-calle-C\u00edscar-Dot-Partners-o13-120x120.jpg 120w, https:\/\/veredes.es\/blog\/wp-content\/uploads\/2017\/03\/Vivienda-en-calle-C\u00edscar-Dot-Partners-o13-150x150.jpg 150w\" sizes=\"auto, (max-width: 120px) 100vw, 120px\" \/><\/a>\n\t\t\t<\/div><\/figure><figure class='gallery-item'>\n\t\t\t<div class='gallery-icon portrait'>\n\t\t\t\t<a href='https:\/\/veredes.es\/blog\/wp-content\/uploads\/2017\/03\/Vivienda-en-calle-C\u00edscar-Dot-Partners-o14.jpg'><img loading=\"lazy\" decoding=\"async\" width=\"120\" height=\"120\" src=\"https:\/\/veredes.es\/blog\/wp-content\/uploads\/2017\/03\/Vivienda-en-calle-C\u00edscar-Dot-Partners-o14-120x120.jpg\" class=\"attachment-thumbnail size-thumbnail\" alt=\"\" srcset=\"https:\/\/veredes.es\/blog\/wp-content\/uploads\/2017\/03\/Vivienda-en-calle-C\u00edscar-Dot-Partners-o14-120x120.jpg 120w, https:\/\/veredes.es\/blog\/wp-content\/uploads\/2017\/03\/Vivienda-en-calle-C\u00edscar-Dot-Partners-o14-150x150.jpg 150w\" sizes=\"auto, (max-width: 120px) 100vw, 120px\" \/><\/a>\n\t\t\t<\/div><\/figure><figure class='gallery-item'>\n\t\t\t<div class='gallery-icon landscape'>\n\t\t\t\t<a href='https:\/\/veredes.es\/blog\/wp-content\/uploads\/2017\/03\/Vivienda-en-calle-C\u00edscar-Dot-Partners-o15.jpg'><img loading=\"lazy\" decoding=\"async\" width=\"120\" height=\"120\" src=\"https:\/\/veredes.es\/blog\/wp-content\/uploads\/2017\/03\/Vivienda-en-calle-C\u00edscar-Dot-Partners-o15-120x120.jpg\" class=\"attachment-thumbnail size-thumbnail\" alt=\"\" srcset=\"https:\/\/veredes.es\/blog\/wp-content\/uploads\/2017\/03\/Vivienda-en-calle-C\u00edscar-Dot-Partners-o15-120x120.jpg 120w, https:\/\/veredes.es\/blog\/wp-content\/uploads\/2017\/03\/Vivienda-en-calle-C\u00edscar-Dot-Partners-o15-150x150.jpg 150w\" sizes=\"auto, (max-width: 120px) 100vw, 120px\" \/><\/a>\n\t\t\t<\/div><\/figure><figure class='gallery-item'>\n\t\t\t<div class='gallery-icon landscape'>\n\t\t\t\t<a href='https:\/\/veredes.es\/blog\/wp-content\/uploads\/2017\/03\/Vivienda-en-calle-C\u00edscar-Dot-Partners-o16.jpg'><img loading=\"lazy\" decoding=\"async\" width=\"120\" height=\"120\" src=\"https:\/\/veredes.es\/blog\/wp-content\/uploads\/2017\/03\/Vivienda-en-calle-C\u00edscar-Dot-Partners-o16-120x120.jpg\" class=\"attachment-thumbnail size-thumbnail\" alt=\"\" srcset=\"https:\/\/veredes.es\/blog\/wp-content\/uploads\/2017\/03\/Vivienda-en-calle-C\u00edscar-Dot-Partners-o16-120x120.jpg 120w, https:\/\/veredes.es\/blog\/wp-content\/uploads\/2017\/03\/Vivienda-en-calle-C\u00edscar-Dot-Partners-o16-150x150.jpg 150w\" sizes=\"auto, (max-width: 120px) 100vw, 120px\" \/><\/a>\n\t\t\t<\/div><\/figure><figure class='gallery-item'>\n\t\t\t<div class='gallery-icon landscape'>\n\t\t\t\t<a href='https:\/\/veredes.es\/blog\/wp-content\/uploads\/2017\/03\/Vivienda-en-calle-C\u00edscar-Dot-Partners-o17.jpg'><img loading=\"lazy\" decoding=\"async\" width=\"120\" height=\"120\" src=\"https:\/\/veredes.es\/blog\/wp-content\/uploads\/2017\/03\/Vivienda-en-calle-C\u00edscar-Dot-Partners-o17-120x120.jpg\" class=\"attachment-thumbnail size-thumbnail\" alt=\"\" srcset=\"https:\/\/veredes.es\/blog\/wp-content\/uploads\/2017\/03\/Vivienda-en-calle-C\u00edscar-Dot-Partners-o17-120x120.jpg 120w, https:\/\/veredes.es\/blog\/wp-content\/uploads\/2017\/03\/Vivienda-en-calle-C\u00edscar-Dot-Partners-o17-150x150.jpg 150w\" sizes=\"auto, (max-width: 120px) 100vw, 120px\" \/><\/a>\n\t\t\t<\/div><\/figure><figure class='gallery-item'>\n\t\t\t<div class='gallery-icon portrait'>\n\t\t\t\t<a href='https:\/\/veredes.es\/blog\/wp-content\/uploads\/2017\/03\/Vivienda-en-calle-C\u00edscar-Dot-Partners-o18.jpg'><img loading=\"lazy\" decoding=\"async\" width=\"120\" height=\"120\" src=\"https:\/\/veredes.es\/blog\/wp-content\/uploads\/2017\/03\/Vivienda-en-calle-C\u00edscar-Dot-Partners-o18-120x120.jpg\" class=\"attachment-thumbnail size-thumbnail\" alt=\"\" srcset=\"https:\/\/veredes.es\/blog\/wp-content\/uploads\/2017\/03\/Vivienda-en-calle-C\u00edscar-Dot-Partners-o18-120x120.jpg 120w, https:\/\/veredes.es\/blog\/wp-content\/uploads\/2017\/03\/Vivienda-en-calle-C\u00edscar-Dot-Partners-o18-150x150.jpg 150w\" sizes=\"auto, (max-width: 120px) 100vw, 120px\" \/><\/a>\n\t\t\t<\/div><\/figure><figure class='gallery-item'>\n\t\t\t<div class='gallery-icon portrait'>\n\t\t\t\t<a href='https:\/\/veredes.es\/blog\/wp-content\/uploads\/2017\/03\/Vivienda-en-calle-C\u00edscar-Dot-Partners-o19.jpg'><img loading=\"lazy\" decoding=\"async\" width=\"120\" height=\"120\" src=\"https:\/\/veredes.es\/blog\/wp-content\/uploads\/2017\/03\/Vivienda-en-calle-C\u00edscar-Dot-Partners-o19-120x120.jpg\" class=\"attachment-thumbnail size-thumbnail\" alt=\"\" srcset=\"https:\/\/veredes.es\/blog\/wp-content\/uploads\/2017\/03\/Vivienda-en-calle-C\u00edscar-Dot-Partners-o19-120x120.jpg 120w, https:\/\/veredes.es\/blog\/wp-content\/uploads\/2017\/03\/Vivienda-en-calle-C\u00edscar-Dot-Partners-o19-150x150.jpg 150w\" sizes=\"auto, (max-width: 120px) 100vw, 120px\" \/><\/a>\n\t\t\t<\/div><\/figure><figure class='gallery-item'>\n\t\t\t<div class='gallery-icon portrait'>\n\t\t\t\t<a href='https:\/\/veredes.es\/blog\/wp-content\/uploads\/2017\/03\/Vivienda-en-calle-C\u00edscar-Dot-Partners-o20.jpg'><img loading=\"lazy\" decoding=\"async\" width=\"120\" height=\"120\" src=\"https:\/\/veredes.es\/blog\/wp-content\/uploads\/2017\/03\/Vivienda-en-calle-C\u00edscar-Dot-Partners-o20-120x120.jpg\" class=\"attachment-thumbnail size-thumbnail\" alt=\"\" srcset=\"https:\/\/veredes.es\/blog\/wp-content\/uploads\/2017\/03\/Vivienda-en-calle-C\u00edscar-Dot-Partners-o20-120x120.jpg 120w, https:\/\/veredes.es\/blog\/wp-content\/uploads\/2017\/03\/Vivienda-en-calle-C\u00edscar-Dot-Partners-o20-150x150.jpg 150w\" sizes=\"auto, (max-width: 120px) 100vw, 120px\" \/><\/a>\n\t\t\t<\/div><\/figure><figure class='gallery-item'>\n\t\t\t<div class='gallery-icon landscape'>\n\t\t\t\t<a href='https:\/\/veredes.es\/blog\/wp-content\/uploads\/2017\/03\/Vivienda-en-calle-C\u00edscar-Dot-Partners-o21.jpg'><img loading=\"lazy\" decoding=\"async\" width=\"120\" height=\"120\" src=\"https:\/\/veredes.es\/blog\/wp-content\/uploads\/2017\/03\/Vivienda-en-calle-C\u00edscar-Dot-Partners-o21-120x120.jpg\" class=\"attachment-thumbnail size-thumbnail\" alt=\"\" srcset=\"https:\/\/veredes.es\/blog\/wp-content\/uploads\/2017\/03\/Vivienda-en-calle-C\u00edscar-Dot-Partners-o21-120x120.jpg 120w, https:\/\/veredes.es\/blog\/wp-content\/uploads\/2017\/03\/Vivienda-en-calle-C\u00edscar-Dot-Partners-o21-150x150.jpg 150w\" sizes=\"auto, (max-width: 120px) 100vw, 120px\" \/><\/a>\n\t\t\t<\/div><\/figure><figure class='gallery-item'>\n\t\t\t<div class='gallery-icon landscape'>\n\t\t\t\t<a href='https:\/\/veredes.es\/blog\/wp-content\/uploads\/2017\/03\/Vivienda-en-calle-C\u00edscar-Dot-Partners-o22.jpg'><img loading=\"lazy\" decoding=\"async\" width=\"120\" height=\"120\" src=\"https:\/\/veredes.es\/blog\/wp-content\/uploads\/2017\/03\/Vivienda-en-calle-C\u00edscar-Dot-Partners-o22-120x120.jpg\" class=\"attachment-thumbnail size-thumbnail\" alt=\"\" srcset=\"https:\/\/veredes.es\/blog\/wp-content\/uploads\/2017\/03\/Vivienda-en-calle-C\u00edscar-Dot-Partners-o22-120x120.jpg 120w, https:\/\/veredes.es\/blog\/wp-content\/uploads\/2017\/03\/Vivienda-en-calle-C\u00edscar-Dot-Partners-o22-150x150.jpg 150w\" sizes=\"auto, (max-width: 120px) 100vw, 120px\" \/><\/a>\n\t\t\t<\/div><\/figure><figure class='gallery-item'>\n\t\t\t<div class='gallery-icon landscape'>\n\t\t\t\t<a href='https:\/\/veredes.es\/blog\/wp-content\/uploads\/2017\/03\/Vivienda-en-calle-C\u00edscar-Dot-Partners-o23.jpg'><img loading=\"lazy\" decoding=\"async\" width=\"120\" height=\"120\" src=\"https:\/\/veredes.es\/blog\/wp-content\/uploads\/2017\/03\/Vivienda-en-calle-C\u00edscar-Dot-Partners-o23-120x120.jpg\" class=\"attachment-thumbnail size-thumbnail\" alt=\"\" srcset=\"https:\/\/veredes.es\/blog\/wp-content\/uploads\/2017\/03\/Vivienda-en-calle-C\u00edscar-Dot-Partners-o23-120x120.jpg 120w, https:\/\/veredes.es\/blog\/wp-content\/uploads\/2017\/03\/Vivienda-en-calle-C\u00edscar-Dot-Partners-o23-150x150.jpg 150w\" sizes=\"auto, (max-width: 120px) 100vw, 120px\" \/><\/a>\n\t\t\t<\/div><\/figure><figure class='gallery-item'>\n\t\t\t<div class='gallery-icon landscape'>\n\t\t\t\t<a href='https:\/\/veredes.es\/blog\/wp-content\/uploads\/2017\/03\/Vivienda-en-calle-C\u00edscar-Dot-Partners-o24.jpg'><img loading=\"lazy\" decoding=\"async\" width=\"120\" height=\"120\" src=\"https:\/\/veredes.es\/blog\/wp-content\/uploads\/2017\/03\/Vivienda-en-calle-C\u00edscar-Dot-Partners-o24-120x120.jpg\" class=\"attachment-thumbnail size-thumbnail\" alt=\"\" srcset=\"https:\/\/veredes.es\/blog\/wp-content\/uploads\/2017\/03\/Vivienda-en-calle-C\u00edscar-Dot-Partners-o24-120x120.jpg 120w, https:\/\/veredes.es\/blog\/wp-content\/uploads\/2017\/03\/Vivienda-en-calle-C\u00edscar-Dot-Partners-o24-150x150.jpg 150w\" sizes=\"auto, (max-width: 120px) 100vw, 120px\" \/><\/a>\n\t\t\t<\/div><\/figure><figure class='gallery-item'>\n\t\t\t<div class='gallery-icon landscape'>\n\t\t\t\t<a href='https:\/\/veredes.es\/blog\/wp-content\/uploads\/2017\/03\/Vivienda-en-calle-C\u00edscar-Dot-Partners-o25.jpg'><img loading=\"lazy\" decoding=\"async\" width=\"120\" height=\"120\" src=\"https:\/\/veredes.es\/blog\/wp-content\/uploads\/2017\/03\/Vivienda-en-calle-C\u00edscar-Dot-Partners-o25-120x120.jpg\" class=\"attachment-thumbnail size-thumbnail\" alt=\"\" srcset=\"https:\/\/veredes.es\/blog\/wp-content\/uploads\/2017\/03\/Vivienda-en-calle-C\u00edscar-Dot-Partners-o25-120x120.jpg 120w, https:\/\/veredes.es\/blog\/wp-content\/uploads\/2017\/03\/Vivienda-en-calle-C\u00edscar-Dot-Partners-o25-150x150.jpg 150w\" sizes=\"auto, (max-width: 120px) 100vw, 120px\" \/><\/a>\n\t\t\t<\/div><\/figure><figure class='gallery-item'>\n\t\t\t<div class='gallery-icon landscape'>\n\t\t\t\t<a href='https:\/\/veredes.es\/blog\/wp-content\/uploads\/2017\/03\/Vivienda-en-calle-C\u00edscar-Dot-Partners-o26.jpg'><img loading=\"lazy\" decoding=\"async\" width=\"120\" height=\"120\" src=\"https:\/\/veredes.es\/blog\/wp-content\/uploads\/2017\/03\/Vivienda-en-calle-C\u00edscar-Dot-Partners-o26-120x120.jpg\" class=\"attachment-thumbnail size-thumbnail\" alt=\"\" srcset=\"https:\/\/veredes.es\/blog\/wp-content\/uploads\/2017\/03\/Vivienda-en-calle-C\u00edscar-Dot-Partners-o26-120x120.jpg 120w, https:\/\/veredes.es\/blog\/wp-content\/uploads\/2017\/03\/Vivienda-en-calle-C\u00edscar-Dot-Partners-o26-150x150.jpg 150w\" sizes=\"auto, (max-width: 120px) 100vw, 120px\" \/><\/a>\n\t\t\t<\/div><\/figure><figure class='gallery-item'>\n\t\t\t<div class='gallery-icon portrait'>\n\t\t\t\t<a href='https:\/\/veredes.es\/blog\/wp-content\/uploads\/2017\/03\/Vivienda-en-calle-C\u00edscar-Dot-Partners-o27.jpg'><img loading=\"lazy\" decoding=\"async\" width=\"120\" height=\"120\" src=\"https:\/\/veredes.es\/blog\/wp-content\/uploads\/2017\/03\/Vivienda-en-calle-C\u00edscar-Dot-Partners-o27-120x120.jpg\" class=\"attachment-thumbnail size-thumbnail\" alt=\"\" srcset=\"https:\/\/veredes.es\/blog\/wp-content\/uploads\/2017\/03\/Vivienda-en-calle-C\u00edscar-Dot-Partners-o27-120x120.jpg 120w, https:\/\/veredes.es\/blog\/wp-content\/uploads\/2017\/03\/Vivienda-en-calle-C\u00edscar-Dot-Partners-o27-150x150.jpg 150w\" sizes=\"auto, (max-width: 120px) 100vw, 120px\" \/><\/a>\n\t\t\t<\/div><\/figure><figure class='gallery-item'>\n\t\t\t<div class='gallery-icon portrait'>\n\t\t\t\t<a href='https:\/\/veredes.es\/blog\/wp-content\/uploads\/2017\/03\/Vivienda-en-calle-C\u00edscar-Dot-Partners-o28.jpg'><img loading=\"lazy\" decoding=\"async\" width=\"120\" height=\"120\" src=\"https:\/\/veredes.es\/blog\/wp-content\/uploads\/2017\/03\/Vivienda-en-calle-C\u00edscar-Dot-Partners-o28-120x120.jpg\" class=\"attachment-thumbnail size-thumbnail\" alt=\"\" srcset=\"https:\/\/veredes.es\/blog\/wp-content\/uploads\/2017\/03\/Vivienda-en-calle-C\u00edscar-Dot-Partners-o28-120x120.jpg 120w, https:\/\/veredes.es\/blog\/wp-content\/uploads\/2017\/03\/Vivienda-en-calle-C\u00edscar-Dot-Partners-o28-150x150.jpg 150w\" sizes=\"auto, (max-width: 120px) 100vw, 120px\" \/><\/a>\n\t\t\t<\/div><\/figure><figure class='gallery-item'>\n\t\t\t<div class='gallery-icon portrait'>\n\t\t\t\t<a href='https:\/\/veredes.es\/blog\/wp-content\/uploads\/2017\/03\/Vivienda-en-calle-C\u00edscar-Dot-Partners-o29.jpg'><img loading=\"lazy\" decoding=\"async\" width=\"120\" height=\"120\" src=\"https:\/\/veredes.es\/blog\/wp-content\/uploads\/2017\/03\/Vivienda-en-calle-C\u00edscar-Dot-Partners-o29-120x120.jpg\" class=\"attachment-thumbnail size-thumbnail\" alt=\"\" srcset=\"https:\/\/veredes.es\/blog\/wp-content\/uploads\/2017\/03\/Vivienda-en-calle-C\u00edscar-Dot-Partners-o29-120x120.jpg 120w, https:\/\/veredes.es\/blog\/wp-content\/uploads\/2017\/03\/Vivienda-en-calle-C\u00edscar-Dot-Partners-o29-150x150.jpg 150w\" sizes=\"auto, (max-width: 120px) 100vw, 120px\" \/><\/a>\n\t\t\t<\/div><\/figure><figure class='gallery-item'>\n\t\t\t<div class='gallery-icon portrait'>\n\t\t\t\t<a href='https:\/\/veredes.es\/blog\/wp-content\/uploads\/2017\/03\/Vivienda-en-calle-C\u00edscar-Dot-Partners-o30.jpg'><img loading=\"lazy\" decoding=\"async\" width=\"120\" height=\"120\" src=\"https:\/\/veredes.es\/blog\/wp-content\/uploads\/2017\/03\/Vivienda-en-calle-C\u00edscar-Dot-Partners-o30-120x120.jpg\" class=\"attachment-thumbnail size-thumbnail\" alt=\"\" srcset=\"https:\/\/veredes.es\/blog\/wp-content\/uploads\/2017\/03\/Vivienda-en-calle-C\u00edscar-Dot-Partners-o30-120x120.jpg 120w, https:\/\/veredes.es\/blog\/wp-content\/uploads\/2017\/03\/Vivienda-en-calle-C\u00edscar-Dot-Partners-o30-150x150.jpg 150w\" sizes=\"auto, (max-width: 120px) 100vw, 120px\" \/><\/a>\n\t\t\t<\/div><\/figure><figure class='gallery-item'>\n\t\t\t<div class='gallery-icon portrait'>\n\t\t\t\t<a href='https:\/\/veredes.es\/blog\/wp-content\/uploads\/2017\/03\/Vivienda-en-calle-C\u00edscar-Dot-Partners-o31.jpg'><img loading=\"lazy\" decoding=\"async\" width=\"120\" height=\"120\" src=\"https:\/\/veredes.es\/blog\/wp-content\/uploads\/2017\/03\/Vivienda-en-calle-C\u00edscar-Dot-Partners-o31-120x120.jpg\" class=\"attachment-thumbnail size-thumbnail\" alt=\"\" srcset=\"https:\/\/veredes.es\/blog\/wp-content\/uploads\/2017\/03\/Vivienda-en-calle-C\u00edscar-Dot-Partners-o31-120x120.jpg 120w, https:\/\/veredes.es\/blog\/wp-content\/uploads\/2017\/03\/Vivienda-en-calle-C\u00edscar-Dot-Partners-o31-150x150.jpg 150w\" sizes=\"auto, (max-width: 120px) 100vw, 120px\" \/><\/a>\n\t\t\t<\/div><\/figure><figure class='gallery-item'>\n\t\t\t<div class='gallery-icon landscape'>\n\t\t\t\t<a href='https:\/\/veredes.es\/blog\/wp-content\/uploads\/2017\/03\/Vivienda-en-calle-C\u00edscar-Dot-Partners-o32.jpg'><img loading=\"lazy\" decoding=\"async\" width=\"120\" height=\"120\" src=\"https:\/\/veredes.es\/blog\/wp-content\/uploads\/2017\/03\/Vivienda-en-calle-C\u00edscar-Dot-Partners-o32-120x120.jpg\" class=\"attachment-thumbnail size-thumbnail\" alt=\"\" srcset=\"https:\/\/veredes.es\/blog\/wp-content\/uploads\/2017\/03\/Vivienda-en-calle-C\u00edscar-Dot-Partners-o32-120x120.jpg 120w, https:\/\/veredes.es\/blog\/wp-content\/uploads\/2017\/03\/Vivienda-en-calle-C\u00edscar-Dot-Partners-o32-150x150.jpg 150w\" sizes=\"auto, (max-width: 120px) 100vw, 120px\" \/><\/a>\n\t\t\t<\/div><\/figure><figure class='gallery-item'>\n\t\t\t<div class='gallery-icon landscape'>\n\t\t\t\t<a href='https:\/\/veredes.es\/blog\/wp-content\/uploads\/2017\/03\/Vivienda-en-calle-C\u00edscar-Dot-Partners-o33.jpg'><img loading=\"lazy\" decoding=\"async\" width=\"120\" height=\"120\" src=\"https:\/\/veredes.es\/blog\/wp-content\/uploads\/2017\/03\/Vivienda-en-calle-C\u00edscar-Dot-Partners-o33-120x120.jpg\" class=\"attachment-thumbnail size-thumbnail\" alt=\"\" srcset=\"https:\/\/veredes.es\/blog\/wp-content\/uploads\/2017\/03\/Vivienda-en-calle-C\u00edscar-Dot-Partners-o33-120x120.jpg 120w, https:\/\/veredes.es\/blog\/wp-content\/uploads\/2017\/03\/Vivienda-en-calle-C\u00edscar-Dot-Partners-o33-150x150.jpg 150w\" sizes=\"auto, (max-width: 120px) 100vw, 120px\" \/><\/a>\n\t\t\t<\/div><\/figure>\n\t\t<\/div>\n\n<p style=\"text-align: justify;\">Obra:\u00a0Vivienda en calle C\u00edscar<br \/>\nAutores: Dot-Partners (Txema Garc\u00eda Ballester \u2013 Laura Moreno Albuixech)<br \/>\nUbicaci\u00f3n: Valencia | Espa\u00f1a<br \/>\nA\u00f1o Proyecto: 2016<br \/>\nA\u00f1o Construcci\u00f3n: 2016<br \/>\nSuperficie Construida:99.06 m<sup>2<\/sup><br \/>\nFotograf\u00eda: <a href=\"http:\/\/davidzarzoso.com\/\" target=\"_blank\">David Zarzoso<\/a><br \/>\nColaboradores | Proveedores<br \/>\nConstructor: AT4 Grupo<br \/>\nCocina: Senssia<br \/>\nCarpinter\u00eda: Miguel Garrido<br \/>\nIluminaci\u00f3n: Viabizzuno<br \/>\nMobiliario: Stua<br \/>\n<a style=\"color: #999999;\" href=\"http:\/\/www.dot-partners.com\/\" target=\"_blank\">+ dot-partners.com<\/a><\/p>\n<p><\/p>","protected":false},"excerpt":{"rendered":"<p>La vivienda reformada est\u00e1 ubicada en un edificio del hist\u00f3rico barrio del ensanche de Valencia, creado a principios del siglo XX y que da testimonio de una de las \u00e9pocas m\u00e1s destacadas para la arquitectura Valenciana. Las manzanas del entorno presentan una configuraci\u00f3n con un patio de grandes dimensiones en su interior y un volumen [&hellip;]<\/p>\n","protected":false},"author":2,"featured_media":63887,"comment_status":"open","ping_status":"closed","sticky":false,"template":"","format":"standard","meta":{"footnotes":""},"categories":[34,23,2039,58],"tags":[2631,9532,11183,12333,12441,521,12332,12472,12464,12334],"class_list":{"0":"post-63874","1":"post","2":"type-post","3":"status-publish","4":"format-standard","5":"has-post-thumbnail","7":"category-arquitectura","8":"category-obras","9":"category-reforma-interior","11":"tag-arquitectura-espanola","12":"tag-arquitectura-murciana","13":"tag-arquitectura-valenciana","14":"tag-dot-partners","16":"tag-espana","17":"tag-laura-moreno-albuixech","18":"tag-reforma-interior","19":"tag-rehabilitacion","20":"tag-txema-garcia-ballester"},"yoast_head":"<!-- This site is optimized with the Yoast SEO plugin v27.4 - https:\/\/yoast.com\/product\/yoast-seo-wordpress\/ -->\n<title>Vivienda en calle C\u00edscar | Dot-Partners - veredes<\/title>\n<meta name=\"description\" content=\"Toda la informaci\u00f3n sobre: [:es]Vivienda en calle C\u00edscar | Dot-Partners[:gl]Vivenda en r\u00faa C\u00edscar | Dot-Partners[:en]House on C\u00edscar street | Dot-Partners[:]\" \/>\n<meta name=\"robots\" content=\"index, follow, max-snippet:-1, max-image-preview:large, max-video-preview:-1\" \/>\n<link rel=\"canonical\" href=\"https:\/\/veredes.es\/blog\/vivienda-calle-ciscar-dot-partners\/\" \/>\n<meta property=\"og:locale\" content=\"es_ES\" \/>\n<meta property=\"og:type\" content=\"article\" \/>\n<meta property=\"og:title\" content=\"[:es]Vivienda en calle C\u00edscar | Dot-Partners[:gl]Vivenda en r\u00faa C\u00edscar | Dot-Partners[:en]House on C\u00edscar street | Dot-Partners[:] - veredes\" \/>\n<meta property=\"og:description\" content=\"Toda la informaci\u00f3n sobre: [:es]Vivienda en calle C\u00edscar | Dot-Partners[:gl]Vivenda en r\u00faa C\u00edscar | Dot-Partners[:en]House on C\u00edscar street | Dot-Partners[:]\" \/>\n<meta property=\"og:url\" content=\"https:\/\/veredes.es\/blog\/vivienda-calle-ciscar-dot-partners\/\" \/>\n<meta property=\"og:site_name\" content=\"veredes, arquitectura y divulgaci\u00f3n\" \/>\n<meta property=\"article:publisher\" content=\"https:\/\/www.facebook.com\/veredesArquitecturayDivulgacion\/\" \/>\n<meta property=\"article:author\" content=\"https:\/\/www.facebook.com\/veredesArquitecturayDivulgacion\/\" \/>\n<meta property=\"article:published_time\" content=\"2017-04-11T22:12:59+00:00\" \/>\n<meta property=\"article:modified_time\" content=\"2017-04-12T08:15:13+00:00\" \/>\n<meta property=\"og:image\" content=\"https:\/\/veredes.es\/blog\/wp-content\/uploads\/2017\/03\/Vivienda-en-calle-C\u00edscar-Dot-Partners-o13.jpg\" \/>\n\t<meta property=\"og:image:width\" content=\"1000\" \/>\n\t<meta property=\"og:image:height\" content=\"1367\" \/>\n\t<meta property=\"og:image:type\" content=\"image\/jpeg\" \/>\n<meta name=\"author\" content=\"veredes\" \/>\n<meta name=\"twitter:card\" content=\"summary_large_image\" \/>\n<meta name=\"twitter:creator\" content=\"@https:\/\/twitter.com\/veredes\" \/>\n<meta name=\"twitter:site\" content=\"@veredes\" \/>\n<meta name=\"twitter:label1\" content=\"Escrito por\" \/>\n\t<meta name=\"twitter:data1\" content=\"veredes\" \/>\n\t<meta name=\"twitter:label2\" content=\"Tiempo de lectura\" \/>\n\t<meta name=\"twitter:data2\" content=\"5 minutos\" \/>\n<script type=\"application\/ld+json\" class=\"yoast-schema-graph\">{\"@context\":\"https:\\\/\\\/schema.org\",\"@graph\":[{\"@type\":\"Article\",\"@id\":\"https:\\\/\\\/veredes.es\\\/blog\\\/vivienda-calle-ciscar-dot-partners\\\/#article\",\"isPartOf\":{\"@id\":\"https:\\\/\\\/veredes.es\\\/blog\\\/vivienda-calle-ciscar-dot-partners\\\/\"},\"author\":{\"name\":\"veredes\",\"@id\":\"https:\\\/\\\/veredes.es\\\/blog\\\/#\\\/schema\\\/person\\\/0bbb669073ef7faba5168a0844e93d2c\"},\"headline\":\"Vivienda en calle C\u00edscar | Dot-Partners\",\"datePublished\":\"2017-04-11T22:12:59+00:00\",\"dateModified\":\"2017-04-12T08:15:13+00:00\",\"mainEntityOfPage\":{\"@id\":\"https:\\\/\\\/veredes.es\\\/blog\\\/vivienda-calle-ciscar-dot-partners\\\/\"},\"wordCount\":979,\"commentCount\":0,\"publisher\":{\"@id\":\"https:\\\/\\\/veredes.es\\\/blog\\\/#organization\"},\"image\":{\"@id\":\"https:\\\/\\\/veredes.es\\\/blog\\\/vivienda-calle-ciscar-dot-partners\\\/#primaryimage\"},\"thumbnailUrl\":\"https:\\\/\\\/veredes.es\\\/blog\\\/wp-content\\\/uploads\\\/2017\\\/03\\\/Vivienda-en-calle-C\u00edscar-Dot-Partners-o13.jpg\",\"keywords\":[\"arquitectura espa\u00f1ola\",\"arquitectura murciana\",\"arquitectura valenciana\",\"Dot-Partners\",\"equipamiento comercial\",\"Espa\u00f1a\",\"Laura Moreno Albuixech\",\"reforma interior\",\"rehabilitaci\u00f3n\",\"Txema Garc\u00eda Ballester\"],\"articleSection\":[\"arquitectura\",\"obras\",\"reforma interior\",\"vivienda colectiva\"],\"inLanguage\":\"es\",\"potentialAction\":[{\"@type\":\"CommentAction\",\"name\":\"Comment\",\"target\":[\"https:\\\/\\\/veredes.es\\\/blog\\\/vivienda-calle-ciscar-dot-partners\\\/#respond\"]}]},{\"@type\":\"WebPage\",\"@id\":\"https:\\\/\\\/veredes.es\\\/blog\\\/vivienda-calle-ciscar-dot-partners\\\/\",\"url\":\"https:\\\/\\\/veredes.es\\\/blog\\\/vivienda-calle-ciscar-dot-partners\\\/\",\"name\":\"[:es]Vivienda en calle C\u00edscar | Dot-Partners[:gl]Vivenda en r\u00faa C\u00edscar | Dot-Partners[:en]House on C\u00edscar street | Dot-Partners[:] - veredes\",\"isPartOf\":{\"@id\":\"https:\\\/\\\/veredes.es\\\/blog\\\/#website\"},\"primaryImageOfPage\":{\"@id\":\"https:\\\/\\\/veredes.es\\\/blog\\\/vivienda-calle-ciscar-dot-partners\\\/#primaryimage\"},\"image\":{\"@id\":\"https:\\\/\\\/veredes.es\\\/blog\\\/vivienda-calle-ciscar-dot-partners\\\/#primaryimage\"},\"thumbnailUrl\":\"https:\\\/\\\/veredes.es\\\/blog\\\/wp-content\\\/uploads\\\/2017\\\/03\\\/Vivienda-en-calle-C\u00edscar-Dot-Partners-o13.jpg\",\"datePublished\":\"2017-04-11T22:12:59+00:00\",\"dateModified\":\"2017-04-12T08:15:13+00:00\",\"description\":\"Toda la informaci\u00f3n sobre: [:es]Vivienda en calle C\u00edscar | Dot-Partners[:gl]Vivenda en r\u00faa C\u00edscar | Dot-Partners[:en]House on C\u00edscar street | Dot-Partners[:]\",\"breadcrumb\":{\"@id\":\"https:\\\/\\\/veredes.es\\\/blog\\\/vivienda-calle-ciscar-dot-partners\\\/#breadcrumb\"},\"inLanguage\":\"es\",\"potentialAction\":[{\"@type\":\"ReadAction\",\"target\":[\"https:\\\/\\\/veredes.es\\\/blog\\\/vivienda-calle-ciscar-dot-partners\\\/\"]}]},{\"@type\":\"ImageObject\",\"inLanguage\":\"es\",\"@id\":\"https:\\\/\\\/veredes.es\\\/blog\\\/vivienda-calle-ciscar-dot-partners\\\/#primaryimage\",\"url\":\"https:\\\/\\\/veredes.es\\\/blog\\\/wp-content\\\/uploads\\\/2017\\\/03\\\/Vivienda-en-calle-C\u00edscar-Dot-Partners-o13.jpg\",\"contentUrl\":\"https:\\\/\\\/veredes.es\\\/blog\\\/wp-content\\\/uploads\\\/2017\\\/03\\\/Vivienda-en-calle-C\u00edscar-Dot-Partners-o13.jpg\",\"width\":1000,\"height\":1367},{\"@type\":\"BreadcrumbList\",\"@id\":\"https:\\\/\\\/veredes.es\\\/blog\\\/vivienda-calle-ciscar-dot-partners\\\/#breadcrumb\",\"itemListElement\":[{\"@type\":\"ListItem\",\"position\":1,\"name\":\"Portada\",\"item\":\"https:\\\/\\\/veredes.es\\\/blog\\\/\"},{\"@type\":\"ListItem\",\"position\":2,\"name\":\"Vivienda en calle C\u00edscar | Dot-Partners\"}]},{\"@type\":\"WebSite\",\"@id\":\"https:\\\/\\\/veredes.es\\\/blog\\\/#website\",\"url\":\"https:\\\/\\\/veredes.es\\\/blog\\\/\",\"name\":\"veredes, arquitectura y divulgaci\u00f3n\",\"description\":\"veredes\",\"publisher\":{\"@id\":\"https:\\\/\\\/veredes.es\\\/blog\\\/#organization\"},\"alternateName\":\"veredes\",\"potentialAction\":[{\"@type\":\"SearchAction\",\"target\":{\"@type\":\"EntryPoint\",\"urlTemplate\":\"https:\\\/\\\/veredes.es\\\/blog\\\/?s={search_term_string}\"},\"query-input\":{\"@type\":\"PropertyValueSpecification\",\"valueRequired\":true,\"valueName\":\"search_term_string\"}}],\"inLanguage\":\"es\"},{\"@type\":\"Organization\",\"@id\":\"https:\\\/\\\/veredes.es\\\/blog\\\/#organization\",\"name\":\"veredes, arquitectura y divulgaci\u00f3n\",\"alternateName\":\"veredes\",\"url\":\"https:\\\/\\\/veredes.es\\\/blog\\\/\",\"logo\":{\"@type\":\"ImageObject\",\"inLanguage\":\"es\",\"@id\":\"https:\\\/\\\/veredes.es\\\/blog\\\/#\\\/schema\\\/logo\\\/image\\\/\",\"url\":\"https:\\\/\\\/veredes.es\\\/blog\\\/wp-content\\\/uploads\\\/2021\\\/12\\\/veredes-logo-centrado_140x54.png\",\"contentUrl\":\"https:\\\/\\\/veredes.es\\\/blog\\\/wp-content\\\/uploads\\\/2021\\\/12\\\/veredes-logo-centrado_140x54.png\",\"width\":140,\"height\":54,\"caption\":\"veredes, arquitectura y divulgaci\u00f3n\"},\"image\":{\"@id\":\"https:\\\/\\\/veredes.es\\\/blog\\\/#\\\/schema\\\/logo\\\/image\\\/\"},\"sameAs\":[\"https:\\\/\\\/www.facebook.com\\\/veredesArquitecturayDivulgacion\\\/\",\"https:\\\/\\\/x.com\\\/veredes\",\"https:\\\/\\\/instagram.com\\\/veredes\\\/\",\"https:\\\/\\\/www.linkedin.com\\\/company\\\/veredes-arquitectura-y-divulgacion\\\/\",\"https:\\\/\\\/es.pinterest.com\\\/veredes\\\/\",\"https:\\\/\\\/www.tumblr.com\\\/veredes\"]},{\"@type\":\"Person\",\"@id\":\"https:\\\/\\\/veredes.es\\\/blog\\\/#\\\/schema\\\/person\\\/0bbb669073ef7faba5168a0844e93d2c\",\"name\":\"veredes\",\"image\":{\"@type\":\"ImageObject\",\"inLanguage\":\"es\",\"@id\":\"https:\\\/\\\/veredes.es\\\/blog\\\/wp-content\\\/uploads\\\/2018\\\/04\\\/face-96x96.jpg\",\"url\":\"https:\\\/\\\/veredes.es\\\/blog\\\/wp-content\\\/uploads\\\/2018\\\/04\\\/face-96x96.jpg\",\"contentUrl\":\"https:\\\/\\\/veredes.es\\\/blog\\\/wp-content\\\/uploads\\\/2018\\\/04\\\/face-96x96.jpg\",\"caption\":\"veredes\"},\"description\":\"Surge enero de 2009 como b\u00fasqueda de satisfacer el conocimiento de la actividad arquitect\u00f3nica y tangentes que se generan. La idea es crear un espacio para divulgar los diversos proyectos en busca de nueva inspiraci\u00f3n y de intercambio.\",\"sameAs\":[\"https:\\\/\\\/veredes.es\\\/\",\"https:\\\/\\\/www.facebook.com\\\/veredesArquitecturayDivulgacion\\\/\",\"https:\\\/\\\/www.instagram.com\\\/veredes\\\/\",\"https:\\\/\\\/www.linkedin.com\\\/company\\\/veredes-arquitectura-y-divulgacion\\\/\",\"https:\\\/\\\/www.pinterest.es\\\/veredes\\\/\",\"https:\\\/\\\/x.com\\\/https:\\\/\\\/twitter.com\\\/veredes\",\"https:\\\/\\\/veredes.tumblr.com\\\/\"],\"url\":\"https:\\\/\\\/veredes.es\\\/blog\\\/author\\\/alberto\\\/\"}]}<\/script>\n<!-- \/ Yoast SEO plugin. -->","yoast_head_json":{"title":"[:es]Vivienda en calle C\u00edscar | Dot-Partners[:gl]Vivenda en r\u00faa C\u00edscar | Dot-Partners[:en]House on C\u00edscar street | Dot-Partners[:] - veredes","description":"Toda la informaci\u00f3n sobre: [:es]Vivienda en calle C\u00edscar | Dot-Partners[:gl]Vivenda en r\u00faa C\u00edscar | Dot-Partners[:en]House on C\u00edscar street | Dot-Partners[:]","robots":{"index":"index","follow":"follow","max-snippet":"max-snippet:-1","max-image-preview":"max-image-preview:large","max-video-preview":"max-video-preview:-1"},"canonical":"https:\/\/veredes.es\/blog\/vivienda-calle-ciscar-dot-partners\/","og_locale":"es_ES","og_type":"article","og_title":"[:es]Vivienda en calle C\u00edscar | Dot-Partners[:gl]Vivenda en r\u00faa C\u00edscar | Dot-Partners[:en]House on C\u00edscar street | Dot-Partners[:] - veredes","og_description":"Toda la informaci\u00f3n sobre: [:es]Vivienda en calle C\u00edscar | Dot-Partners[:gl]Vivenda en r\u00faa C\u00edscar | Dot-Partners[:en]House on C\u00edscar street | Dot-Partners[:]","og_url":"https:\/\/veredes.es\/blog\/vivienda-calle-ciscar-dot-partners\/","og_site_name":"veredes, arquitectura y divulgaci\u00f3n","article_publisher":"https:\/\/www.facebook.com\/veredesArquitecturayDivulgacion\/","article_author":"https:\/\/www.facebook.com\/veredesArquitecturayDivulgacion\/","article_published_time":"2017-04-11T22:12:59+00:00","article_modified_time":"2017-04-12T08:15:13+00:00","og_image":[{"width":1000,"height":1367,"url":"https:\/\/veredes.es\/blog\/wp-content\/uploads\/2017\/03\/Vivienda-en-calle-C\u00edscar-Dot-Partners-o13.jpg","type":"image\/jpeg"}],"author":"veredes","twitter_card":"summary_large_image","twitter_creator":"@https:\/\/twitter.com\/veredes","twitter_site":"@veredes","twitter_misc":{"Escrito por":"veredes","Tiempo de lectura":"5 minutos"},"schema":{"@context":"https:\/\/schema.org","@graph":[{"@type":"Article","@id":"https:\/\/veredes.es\/blog\/vivienda-calle-ciscar-dot-partners\/#article","isPartOf":{"@id":"https:\/\/veredes.es\/blog\/vivienda-calle-ciscar-dot-partners\/"},"author":{"name":"veredes","@id":"https:\/\/veredes.es\/blog\/#\/schema\/person\/0bbb669073ef7faba5168a0844e93d2c"},"headline":"Vivienda en calle C\u00edscar | Dot-Partners","datePublished":"2017-04-11T22:12:59+00:00","dateModified":"2017-04-12T08:15:13+00:00","mainEntityOfPage":{"@id":"https:\/\/veredes.es\/blog\/vivienda-calle-ciscar-dot-partners\/"},"wordCount":979,"commentCount":0,"publisher":{"@id":"https:\/\/veredes.es\/blog\/#organization"},"image":{"@id":"https:\/\/veredes.es\/blog\/vivienda-calle-ciscar-dot-partners\/#primaryimage"},"thumbnailUrl":"https:\/\/veredes.es\/blog\/wp-content\/uploads\/2017\/03\/Vivienda-en-calle-C\u00edscar-Dot-Partners-o13.jpg","keywords":["arquitectura espa\u00f1ola","arquitectura murciana","arquitectura valenciana","Dot-Partners","equipamiento comercial","Espa\u00f1a","Laura Moreno Albuixech","reforma interior","rehabilitaci\u00f3n","Txema Garc\u00eda Ballester"],"articleSection":["arquitectura","obras","reforma interior","vivienda colectiva"],"inLanguage":"es","potentialAction":[{"@type":"CommentAction","name":"Comment","target":["https:\/\/veredes.es\/blog\/vivienda-calle-ciscar-dot-partners\/#respond"]}]},{"@type":"WebPage","@id":"https:\/\/veredes.es\/blog\/vivienda-calle-ciscar-dot-partners\/","url":"https:\/\/veredes.es\/blog\/vivienda-calle-ciscar-dot-partners\/","name":"[:es]Vivienda en calle C\u00edscar | Dot-Partners[:gl]Vivenda en r\u00faa C\u00edscar | Dot-Partners[:en]House on C\u00edscar street | Dot-Partners[:] - veredes","isPartOf":{"@id":"https:\/\/veredes.es\/blog\/#website"},"primaryImageOfPage":{"@id":"https:\/\/veredes.es\/blog\/vivienda-calle-ciscar-dot-partners\/#primaryimage"},"image":{"@id":"https:\/\/veredes.es\/blog\/vivienda-calle-ciscar-dot-partners\/#primaryimage"},"thumbnailUrl":"https:\/\/veredes.es\/blog\/wp-content\/uploads\/2017\/03\/Vivienda-en-calle-C\u00edscar-Dot-Partners-o13.jpg","datePublished":"2017-04-11T22:12:59+00:00","dateModified":"2017-04-12T08:15:13+00:00","description":"Toda la informaci\u00f3n sobre: [:es]Vivienda en calle C\u00edscar | Dot-Partners[:gl]Vivenda en r\u00faa C\u00edscar | Dot-Partners[:en]House on C\u00edscar street | Dot-Partners[:]","breadcrumb":{"@id":"https:\/\/veredes.es\/blog\/vivienda-calle-ciscar-dot-partners\/#breadcrumb"},"inLanguage":"es","potentialAction":[{"@type":"ReadAction","target":["https:\/\/veredes.es\/blog\/vivienda-calle-ciscar-dot-partners\/"]}]},{"@type":"ImageObject","inLanguage":"es","@id":"https:\/\/veredes.es\/blog\/vivienda-calle-ciscar-dot-partners\/#primaryimage","url":"https:\/\/veredes.es\/blog\/wp-content\/uploads\/2017\/03\/Vivienda-en-calle-C\u00edscar-Dot-Partners-o13.jpg","contentUrl":"https:\/\/veredes.es\/blog\/wp-content\/uploads\/2017\/03\/Vivienda-en-calle-C\u00edscar-Dot-Partners-o13.jpg","width":1000,"height":1367},{"@type":"BreadcrumbList","@id":"https:\/\/veredes.es\/blog\/vivienda-calle-ciscar-dot-partners\/#breadcrumb","itemListElement":[{"@type":"ListItem","position":1,"name":"Portada","item":"https:\/\/veredes.es\/blog\/"},{"@type":"ListItem","position":2,"name":"Vivienda en calle C\u00edscar | Dot-Partners"}]},{"@type":"WebSite","@id":"https:\/\/veredes.es\/blog\/#website","url":"https:\/\/veredes.es\/blog\/","name":"veredes, arquitectura y divulgaci\u00f3n","description":"veredes","publisher":{"@id":"https:\/\/veredes.es\/blog\/#organization"},"alternateName":"veredes","potentialAction":[{"@type":"SearchAction","target":{"@type":"EntryPoint","urlTemplate":"https:\/\/veredes.es\/blog\/?s={search_term_string}"},"query-input":{"@type":"PropertyValueSpecification","valueRequired":true,"valueName":"search_term_string"}}],"inLanguage":"es"},{"@type":"Organization","@id":"https:\/\/veredes.es\/blog\/#organization","name":"veredes, arquitectura y divulgaci\u00f3n","alternateName":"veredes","url":"https:\/\/veredes.es\/blog\/","logo":{"@type":"ImageObject","inLanguage":"es","@id":"https:\/\/veredes.es\/blog\/#\/schema\/logo\/image\/","url":"https:\/\/veredes.es\/blog\/wp-content\/uploads\/2021\/12\/veredes-logo-centrado_140x54.png","contentUrl":"https:\/\/veredes.es\/blog\/wp-content\/uploads\/2021\/12\/veredes-logo-centrado_140x54.png","width":140,"height":54,"caption":"veredes, arquitectura y divulgaci\u00f3n"},"image":{"@id":"https:\/\/veredes.es\/blog\/#\/schema\/logo\/image\/"},"sameAs":["https:\/\/www.facebook.com\/veredesArquitecturayDivulgacion\/","https:\/\/x.com\/veredes","https:\/\/instagram.com\/veredes\/","https:\/\/www.linkedin.com\/company\/veredes-arquitectura-y-divulgacion\/","https:\/\/es.pinterest.com\/veredes\/","https:\/\/www.tumblr.com\/veredes"]},{"@type":"Person","@id":"https:\/\/veredes.es\/blog\/#\/schema\/person\/0bbb669073ef7faba5168a0844e93d2c","name":"veredes","image":{"@type":"ImageObject","inLanguage":"es","@id":"https:\/\/veredes.es\/blog\/wp-content\/uploads\/2018\/04\/face-96x96.jpg","url":"https:\/\/veredes.es\/blog\/wp-content\/uploads\/2018\/04\/face-96x96.jpg","contentUrl":"https:\/\/veredes.es\/blog\/wp-content\/uploads\/2018\/04\/face-96x96.jpg","caption":"veredes"},"description":"Surge enero de 2009 como b\u00fasqueda de satisfacer el conocimiento de la actividad arquitect\u00f3nica y tangentes que se generan. La idea es crear un espacio para divulgar los diversos proyectos en busca de nueva inspiraci\u00f3n y de intercambio.","sameAs":["https:\/\/veredes.es\/","https:\/\/www.facebook.com\/veredesArquitecturayDivulgacion\/","https:\/\/www.instagram.com\/veredes\/","https:\/\/www.linkedin.com\/company\/veredes-arquitectura-y-divulgacion\/","https:\/\/www.pinterest.es\/veredes\/","https:\/\/x.com\/https:\/\/twitter.com\/veredes","https:\/\/veredes.tumblr.com\/"],"url":"https:\/\/veredes.es\/blog\/author\/alberto\/"}]}},"_links":{"self":[{"href":"https:\/\/veredes.es\/blog\/wp-json\/wp\/v2\/posts\/63874","targetHints":{"allow":["GET"]}}],"collection":[{"href":"https:\/\/veredes.es\/blog\/wp-json\/wp\/v2\/posts"}],"about":[{"href":"https:\/\/veredes.es\/blog\/wp-json\/wp\/v2\/types\/post"}],"author":[{"embeddable":true,"href":"https:\/\/veredes.es\/blog\/wp-json\/wp\/v2\/users\/2"}],"replies":[{"embeddable":true,"href":"https:\/\/veredes.es\/blog\/wp-json\/wp\/v2\/comments?post=63874"}],"version-history":[{"count":0,"href":"https:\/\/veredes.es\/blog\/wp-json\/wp\/v2\/posts\/63874\/revisions"}],"wp:featuredmedia":[{"embeddable":true,"href":"https:\/\/veredes.es\/blog\/wp-json\/wp\/v2\/media\/63887"}],"wp:attachment":[{"href":"https:\/\/veredes.es\/blog\/wp-json\/wp\/v2\/media?parent=63874"}],"wp:term":[{"taxonomy":"category","embeddable":true,"href":"https:\/\/veredes.es\/blog\/wp-json\/wp\/v2\/categories?post=63874"},{"taxonomy":"post_tag","embeddable":true,"href":"https:\/\/veredes.es\/blog\/wp-json\/wp\/v2\/tags?post=63874"}],"curies":[{"name":"wp","href":"https:\/\/api.w.org\/{rel}","templated":true}]}}