{"id":62588,"date":"2017-02-03T00:20:01","date_gmt":"2017-02-02T23:20:01","guid":{"rendered":"http:\/\/veredes.es\/blog\/?p=62588"},"modified":"2022-05-16T09:00:11","modified_gmt":"2022-05-16T07:00:11","slug":"la-distensiones-del-espacio-zaha-hadid-marcelo-gardinetti","status":"publish","type":"post","link":"https:\/\/veredes.es\/blog\/la-distensiones-del-espacio-zaha-hadid-marcelo-gardinetti\/","title":{"rendered":"La distensi\u00f3nes del espacio en Zaha Hadid | Marcelo Gardinetti"},"content":{"rendered":"<p><figure id=\"attachment_62591\" aria-describedby=\"caption-attachment-62591\" style=\"width: 750px\" class=\"wp-caption alignnone\"><img loading=\"lazy\" decoding=\"async\" class=\"wp-image-62591\" src=\"https:\/\/veredes.es\/blog\/wp-content\/uploads\/2016\/12\/La-distensi\u00f3nes-del-espacio-en-Zaha-Hadid-The-Peak-\u00a9Zaha-Hadid-Architects-01.jpg\" alt=\"The Peak | \u00a9Zaha Hadid Architects\" width=\"750\" height=\"541\" srcset=\"https:\/\/veredes.es\/blog\/wp-content\/uploads\/2016\/12\/La-distensi\u00f3nes-del-espacio-en-Zaha-Hadid-The-Peak-\u00a9Zaha-Hadid-Architects-01.jpg 640w, https:\/\/veredes.es\/blog\/wp-content\/uploads\/2016\/12\/La-distensi\u00f3nes-del-espacio-en-Zaha-Hadid-The-Peak-\u00a9Zaha-Hadid-Architects-01-300x217.jpg 300w\" sizes=\"auto, (max-width: 750px) 100vw, 750px\" \/><figcaption id=\"caption-attachment-62591\" class=\"wp-caption-text\"><span style=\"color: #999999;\">The Peak | \u00a9 Zaha Hadid Architects<\/span><\/figcaption><\/figure><\/p>\n<p style=\"text-align: justify;\">En t\u00e9rminos de indagaci\u00f3n metodol\u00f3gica, los primeros trabajos de Zaha Hadid fueron los m\u00e1s fruct\u00edferos. En ellos explora y reformula b\u00fasquedas de las vanguardias de principio de siglo XX abortadas por las condiciones pol\u00edticas de aquellos a\u00f1os.<\/p>\n<p style=\"text-align: justify;\">La ra\u00edz gen\u00e9tica de esas obras abreva en el lenguaje suprematista de Kazimir Mal\u00e9vich. El tr\u00e1nsito por la obra del artista ruso se inici\u00f3 en su propuesta para su tesis de estudio, un complejo hotelero sobre el r\u00edo T\u00e1mesis. El proyecto adapta la morfolog\u00eda de los \u201carquitectones\u201d. Su finalidad no era retomar iconograf\u00edas del movimiento moderno, sino forjar una estrategia para<em> desvelar nuevos campos constructivos <\/em>a partir de esos trabajos.<\/p>\n<figure id=\"attachment_62592\" aria-describedby=\"caption-attachment-62592\" style=\"width: 750px\" class=\"wp-caption alignnone\"><img loading=\"lazy\" decoding=\"async\" class=\"wp-image-62592\" src=\"http:\/\/veredes.es\/blog\/wp-content\/uploads\/2016\/12\/La-distensi\u00f3nes-del-espacio-en-Zaha-Hadid-The-Peak-\u00a9Zaha-Hadid-Architects-02.jpg\" alt=\"The Peak | \u00a9Zaha Hadid \" width=\"750\" height=\"476\" srcset=\"https:\/\/veredes.es\/blog\/wp-content\/uploads\/2016\/12\/La-distensi\u00f3nes-del-espacio-en-Zaha-Hadid-The-Peak-\u00a9Zaha-Hadid-Architects-02.jpg 640w, https:\/\/veredes.es\/blog\/wp-content\/uploads\/2016\/12\/La-distensi\u00f3nes-del-espacio-en-Zaha-Hadid-The-Peak-\u00a9Zaha-Hadid-Architects-02-300x190.jpg 300w\" sizes=\"auto, (max-width: 750px) 100vw, 750px\" \/><figcaption id=\"caption-attachment-62592\" class=\"wp-caption-text\"><span style=\"color: #999999;\">The Peak | \u00a9 Zaha Hadid<\/span><\/figcaption><\/figure>\n<p style=\"text-align: justify;\">Seg\u00fan describe <a href=\"https:\/\/en.wikipedia.org\/wiki\/Hal_Foster_(art_critic)\" target=\"_blank\" rel=\"noopener noreferrer\">Hal Foster<\/a>,<\/p>\n<blockquote>\n<p style=\"text-align: justify;\"><em>\u201cla pintura suprematista fue vista alguna vez como un achatamiento radical del plano pict\u00f3rico; Hadid la utiliza como una irrupci\u00f3n dram\u00e1tica en un espacio-tiempo infinito, en un intento por \u201cabrir a la fuerza\u201d sus objetos, por \u201ccomprimir y expandir\u201d sus espacios, por intensificar y liberar sus estructuras, todo al mismo tiempo\u201d.<\/em><sup>1<\/sup><\/p>\n<\/blockquote>\n<p style=\"text-align: justify;\">La no figuraci\u00f3n y la negaci\u00f3n a cualquier asociaci\u00f3n insustancial con el color, Hadid las convierte en nuevas experiencias. Los planos retra\u00eddos o cercanos en la planitud de una perspectiva abolida, se comprimen y se expanden para generar espacialidad. Multiplica los elementos, utiliza rotaciones y ejes combados para construir im\u00e1genes de gran dinamismo visual. Manipula las perspectivas para que sus dise\u00f1os adquieran car\u00e1cter pict\u00f3rico y gocen de una sugestiva ingravidez. Y para ello se asiste de los nuevos programas para graficar de una manera propia su arquitectura.<\/p>\n<p style=\"text-align: justify;\">El sustento tect\u00f3nico a esas figuras complejas, se nutre del constructivismo. La arquitectura constructivista tiende a ser escenogr\u00e1fica se expresa con audaces soluciones formales que respald\u00f3 en su idoneidad para experimentar las nuevas tecnolog\u00edas. Hadid usa esos recursos para generar espacios tan extravagantes como espont\u00e1neos. La funci\u00f3n se supedita a convenciones que est\u00e1n en permanente tensi\u00f3n. Lo vertical y lo horizontal se funden en acuerdos novedosos y a veces arbitrarios.<\/p>\n<figure id=\"attachment_62593\" aria-describedby=\"caption-attachment-62593\" style=\"width: 2524px\" class=\"wp-caption alignnone\"><img loading=\"lazy\" decoding=\"async\" class=\"wp-image-62593 size-full\" src=\"https:\/\/veredes.es\/blog\/wp-content\/uploads\/2016\/12\/La-distensi\u00f3nes-del-espacio-en-Zaha-Hadid-Tomigaya-\u00a9Zaha-Hadid-Architects-05.jpg\" alt=\"Tomigaya | \u00a9 Zaha Hadid Architects 05\" width=\"2524\" height=\"1521\" srcset=\"https:\/\/veredes.es\/blog\/wp-content\/uploads\/2016\/12\/La-distensi\u00f3nes-del-espacio-en-Zaha-Hadid-Tomigaya-\u00a9Zaha-Hadid-Architects-05.jpg 2524w, https:\/\/veredes.es\/blog\/wp-content\/uploads\/2016\/12\/La-distensi\u00f3nes-del-espacio-en-Zaha-Hadid-Tomigaya-\u00a9Zaha-Hadid-Architects-05-300x180.jpg 300w, https:\/\/veredes.es\/blog\/wp-content\/uploads\/2016\/12\/La-distensi\u00f3nes-del-espacio-en-Zaha-Hadid-Tomigaya-\u00a9Zaha-Hadid-Architects-05-1024x617.jpg 1024w\" sizes=\"auto, (max-width: 2524px) 100vw, 2524px\" \/><figcaption id=\"caption-attachment-62593\" class=\"wp-caption-text\"><span style=\"color: #999999;\">Tomigaya | \u00a9 Zaha Hadid Architects<br \/><\/span><\/figcaption><\/figure>\n<p style=\"text-align: justify;\">Los planos y vol\u00famenes que resultan de estas operaciones desaf\u00edan la verticalidad para construir precisas y cambiantes distensiones.<\/p>\n<p style=\"text-align: justify;\">Cuando concibe el proyecto ganador del concurso para el club deportivo The Peak en Hong Kong, todas estas especulaciones gr\u00e1ficas se transforman en un proyecto concreto. El edificio deb\u00eda construirse en la ladera de un pico monta\u00f1oso ubicado en un extremo de la estructura urbana de la ciudad. Hadid propone una <strong>\u201c<em>geolog\u00eda suprematista\u201d<\/em><\/strong>: planos horizontales con distintos \u00e1ngulos que emergen de la ladera en diferentes direcciones y se confunden en el espacio como extensi\u00f3n de la propia monta\u00f1a. El conjunto asume formas libres, poco cohesivas y desafiantes de la gravedad. Un contraste axiom\u00e1tico con las r\u00edgidas estructuras construidas ladera abajo.<\/p>\n<figure id=\"attachment_62595\" aria-describedby=\"caption-attachment-62595\" style=\"width: 2524px\" class=\"wp-caption alignnone\"><img loading=\"lazy\" decoding=\"async\" class=\"wp-image-62595 size-full\" src=\"https:\/\/veredes.es\/blog\/wp-content\/uploads\/2016\/12\/La-distensi\u00f3nes-del-espacio-en-Zaha-Hadid-Tomigaya-\u00a9Zaha-Hadid-Architects-06.jpg\" alt=\"Tomigaya | \u00a9 Zaha Hadid Architects\" width=\"2524\" height=\"1800\" srcset=\"https:\/\/veredes.es\/blog\/wp-content\/uploads\/2016\/12\/La-distensi\u00f3nes-del-espacio-en-Zaha-Hadid-Tomigaya-\u00a9Zaha-Hadid-Architects-06.jpg 2524w, https:\/\/veredes.es\/blog\/wp-content\/uploads\/2016\/12\/La-distensi\u00f3nes-del-espacio-en-Zaha-Hadid-Tomigaya-\u00a9Zaha-Hadid-Architects-06-300x214.jpg 300w, https:\/\/veredes.es\/blog\/wp-content\/uploads\/2016\/12\/La-distensi\u00f3nes-del-espacio-en-Zaha-Hadid-Tomigaya-\u00a9Zaha-Hadid-Architects-06-1024x730.jpg 1024w\" sizes=\"auto, (max-width: 2524px) 100vw, 2524px\" \/><figcaption id=\"caption-attachment-62595\" class=\"wp-caption-text\"><span style=\"color: #999999;\">Tomigaya | \u00a9 Zaha Hadid Architects<\/span><\/figcaption><\/figure>\n<p style=\"text-align: justify;\">Esas cualidades se repiten en el edificio Tomigaya, donde propone un pabell\u00f3n de cristal por encima de un vac\u00edo. El plano superior curvo y las columnas de sost\u00e9n inclinadas establecen nuevamente una imagen din\u00e1mica e ingr\u00e1vida, aunque para alcanzar esta figura las funciones principales se relegan a una plataforma inferior.<\/p>\n<p style=\"text-align: justify;\">En la estaci\u00f3n de Bomberos Vitra, Hadid reafirma la intensidad de su b\u00fasqueda geom\u00e9trica, pero la materializaci\u00f3n del edificio deja expuestas sus limitaciones. El dise\u00f1o destaca vigorosos planos que evocan la din\u00e1mica suprematista y las aspiraciones de velocidad futurista. Sin embargo, la abundancia de l\u00edneas y capas superpuestas no impide que las cualidades perceptivas del hormig\u00f3n atenten contra la sensaci\u00f3n vol\u00e1til de sus dibujos. El conjunto irrumpe vigoroso, pero no alcanza la ingravidez extrema de sus aspiraciones gr\u00e1ficas.<\/p>\n<figure id=\"attachment_62596\" aria-describedby=\"caption-attachment-62596\" style=\"width: 2524px\" class=\"wp-caption alignnone\"><img loading=\"lazy\" decoding=\"async\" class=\"wp-image-62596 size-full\" src=\"https:\/\/veredes.es\/blog\/wp-content\/uploads\/2016\/12\/La-distensi\u00f3nes-del-espacio-en-Zaha-Hadid-vitra-fire-station-\u00a9Zaha-Hadid-Architects-07.jpg\" alt=\"vitra fire station | \u00a9 Zaha Hadid Architects\" width=\"2524\" height=\"1676\" srcset=\"https:\/\/veredes.es\/blog\/wp-content\/uploads\/2016\/12\/La-distensi\u00f3nes-del-espacio-en-Zaha-Hadid-vitra-fire-station-\u00a9Zaha-Hadid-Architects-07.jpg 2524w, https:\/\/veredes.es\/blog\/wp-content\/uploads\/2016\/12\/La-distensi\u00f3nes-del-espacio-en-Zaha-Hadid-vitra-fire-station-\u00a9Zaha-Hadid-Architects-07-300x199.jpg 300w, https:\/\/veredes.es\/blog\/wp-content\/uploads\/2016\/12\/La-distensi\u00f3nes-del-espacio-en-Zaha-Hadid-vitra-fire-station-\u00a9Zaha-Hadid-Architects-07-1024x680.jpg 1024w, https:\/\/veredes.es\/blog\/wp-content\/uploads\/2016\/12\/La-distensi\u00f3nes-del-espacio-en-Zaha-Hadid-vitra-fire-station-\u00a9Zaha-Hadid-Architects-07-160x105.jpg 160w\" sizes=\"auto, (max-width: 2524px) 100vw, 2524px\" \/><figcaption id=\"caption-attachment-62596\" class=\"wp-caption-text\"><span style=\"color: #999999;\">vitra fire station | \u00a9 Zaha Hadid Architects<\/span><\/figcaption><\/figure>\n<p style=\"text-align: justify;\">En a\u00f1os posteriores, la idea arquitect\u00f3nica de Hadid empieza a acercarse al expresionismo, y aunque no abandona la influencia suprematista, sus dise\u00f1os pierden la levedad que hab\u00eda imbuido a sus trabajos anteriores. Sin embargo, la apertura metodol\u00f3gica de esos proyectos incita a la investigaci\u00f3n y el tratamiento de nuevas relaciones entre diferentes convenciones formales.<\/p>\n<p style=\"text-align: justify;\">Hadid confirma que es posible progresar el car\u00e1cter de la arquitectura desde las m\u00e1s variadas expresiones art\u00edsticas. O, en todo caso, que es posible rescatar indagaciones arquitect\u00f3nicas abortadas en la historia reciente y progresarlas al contexto socio cultural actual.<\/p>\n<figure id=\"attachment_62590\" aria-describedby=\"caption-attachment-62590\" style=\"width: 2524px\" class=\"wp-caption alignnone\"><img loading=\"lazy\" decoding=\"async\" class=\"wp-image-62590 size-full\" src=\"https:\/\/veredes.es\/blog\/wp-content\/uploads\/2016\/12\/La-distensi\u00f3nes-del-espacio-en-Zaha-Hadid-vitra-fire-station-\u00a9Zaha-Hadid-Architects-08.jpg\" alt=\"vitra fire station | \u00a9Zaha Hadid Architects\" width=\"2524\" height=\"1800\" srcset=\"https:\/\/veredes.es\/blog\/wp-content\/uploads\/2016\/12\/La-distensi\u00f3nes-del-espacio-en-Zaha-Hadid-vitra-fire-station-\u00a9Zaha-Hadid-Architects-08.jpg 2524w, https:\/\/veredes.es\/blog\/wp-content\/uploads\/2016\/12\/La-distensi\u00f3nes-del-espacio-en-Zaha-Hadid-vitra-fire-station-\u00a9Zaha-Hadid-Architects-08-300x214.jpg 300w, https:\/\/veredes.es\/blog\/wp-content\/uploads\/2016\/12\/La-distensi\u00f3nes-del-espacio-en-Zaha-Hadid-vitra-fire-station-\u00a9Zaha-Hadid-Architects-08-1024x730.jpg 1024w\" sizes=\"auto, (max-width: 2524px) 100vw, 2524px\" \/><figcaption id=\"caption-attachment-62590\" class=\"wp-caption-text\"><span style=\"color: #999999;\">vitra fire station | \u00a9 Zaha Hadid Architects<\/span><\/figcaption><\/figure>\n<p>Marcelo Gardinetti. Arquitecto<br \/>\nLa Plata, Argentina. Noviembre 2016<\/p>\n<p>Notas:<\/p>\n<p><sup>1<\/sup>. Foster, Hal. 2013,<a href=\"https:\/\/www.amazon.es\/gp\/product\/8415832060?ie=UTF8&amp;camp=3626&amp;creativeASIN=8415832060&amp;linkCode=xm2&amp;tag=wwwveredeses-21\" target=\"_blank\" rel=\"noopener noreferrer\"> El complejo arte-arquitectura<\/a>, Editorial Turner Noema<\/p>","protected":false},"excerpt":{"rendered":"<p>En t\u00e9rminos de indagaci\u00f3n metodol\u00f3gica, los primeros trabajos de Zaha Hadid fueron los m\u00e1s fruct\u00edferos. En ellos explora y reformula b\u00fasquedas de las vanguardias de principio de siglo XX abortadas por las condiciones pol\u00edticas de aquellos a\u00f1os. La ra\u00edz gen\u00e9tica de esas obras abreva en el lenguaje suprematista de Kazimir Mal\u00e9vich. El tr\u00e1nsito por la [&hellip;]<\/p>\n","protected":false},"author":4,"featured_media":62592,"comment_status":"open","ping_status":"closed","sticky":false,"template":"","format":"standard","meta":{"footnotes":""},"categories":[568,5951],"tags":[143,12449,155,424,12775,7010,4985,3659,12466,4444,1253,1278,1574,6600],"class_list":{"0":"post-62588","1":"post","2":"type-post","3":"status-publish","4":"format-standard","5":"has-post-thumbnail","7":"category-faro","8":"category-slider-principal","9":"tag-arquitectura-contemporanea","10":"tag-arte","11":"tag-arte-contemporaneo","12":"tag-dibujo","13":"tag-harold-foss-foster","14":"tag-kazimir-malevich","15":"tag-marcelo-gardinetti","16":"tag-perspectiva","17":"tag-pintura","18":"tag-s-xx","19":"tag-star-system","20":"tag-teoria","21":"tag-zaha-hadid","22":"tag-zaha-hadid-architects"},"yoast_head":"<!-- This site is optimized with the Yoast SEO plugin v27.4 - https:\/\/yoast.com\/product\/yoast-seo-wordpress\/ -->\n<title>La distensi\u00f3nes del espacio en Zaha Hadid | Marcelo Gardinetti - veredes<\/title>\n<meta name=\"description\" content=\"Toda la informaci\u00f3n sobre: [:es]La distensi\u00f3nes del espacio en Zaha Hadid | Marcelo Gardinetti[:gl]A distensi\u00f3nes do espazo en Zaha Hadid | Marcelo Gardinetti[:en]The distensi\u00f3nes of the space in Zaha Hadid | Marcelo Gardinetti[:]\" \/>\n<meta name=\"robots\" content=\"index, follow, max-snippet:-1, max-image-preview:large, max-video-preview:-1\" \/>\n<link rel=\"canonical\" href=\"https:\/\/veredes.es\/blog\/la-distensiones-del-espacio-zaha-hadid-marcelo-gardinetti\/\" \/>\n<meta property=\"og:locale\" content=\"es_ES\" \/>\n<meta property=\"og:type\" content=\"article\" \/>\n<meta property=\"og:title\" content=\"[:es]La distensi\u00f3nes del espacio en Zaha Hadid | Marcelo Gardinetti[:gl]A distensi\u00f3nes do espazo en Zaha Hadid | Marcelo Gardinetti[:en]The distensi\u00f3nes of the space in Zaha Hadid | Marcelo Gardinetti[:] - veredes\" \/>\n<meta property=\"og:description\" content=\"Toda la informaci\u00f3n sobre: [:es]La distensi\u00f3nes del espacio en Zaha Hadid | Marcelo Gardinetti[:gl]A distensi\u00f3nes do espazo en Zaha Hadid | Marcelo Gardinetti[:en]The distensi\u00f3nes of the space in Zaha Hadid | Marcelo Gardinetti[:]\" \/>\n<meta property=\"og:url\" content=\"https:\/\/veredes.es\/blog\/la-distensiones-del-espacio-zaha-hadid-marcelo-gardinetti\/\" \/>\n<meta property=\"og:site_name\" content=\"veredes, arquitectura y divulgaci\u00f3n\" \/>\n<meta property=\"article:publisher\" content=\"https:\/\/www.facebook.com\/veredesArquitecturayDivulgacion\/\" \/>\n<meta property=\"article:author\" content=\"https:\/\/www.facebook.com\/marcegardinetti\" \/>\n<meta property=\"article:published_time\" content=\"2017-02-02T23:20:01+00:00\" \/>\n<meta property=\"article:modified_time\" content=\"2022-05-16T07:00:11+00:00\" \/>\n<meta property=\"og:image\" content=\"https:\/\/veredes.es\/blog\/wp-content\/uploads\/2016\/12\/La-distensi\u00f3nes-del-espacio-en-Zaha-Hadid-The-Peak-\u00a9Zaha-Hadid-Architects-02.jpg\" \/>\n\t<meta property=\"og:image:width\" content=\"640\" \/>\n\t<meta property=\"og:image:height\" content=\"406\" \/>\n\t<meta property=\"og:image:type\" content=\"image\/jpeg\" \/>\n<meta name=\"author\" content=\"Marcelo Gardinetti\" \/>\n<meta name=\"twitter:card\" content=\"summary_large_image\" \/>\n<meta name=\"twitter:creator\" content=\"@https:\/\/twitter.com\/marcegardinetti\" \/>\n<meta name=\"twitter:site\" content=\"@veredes\" \/>\n<meta name=\"twitter:label1\" content=\"Escrito por\" \/>\n\t<meta name=\"twitter:data1\" content=\"Marcelo Gardinetti\" \/>\n\t<meta name=\"twitter:label2\" content=\"Tiempo de lectura\" \/>\n\t<meta name=\"twitter:data2\" content=\"5 minutos\" \/>\n<script type=\"application\/ld+json\" class=\"yoast-schema-graph\">{\"@context\":\"https:\\\/\\\/schema.org\",\"@graph\":[{\"@type\":\"Article\",\"@id\":\"https:\\\/\\\/veredes.es\\\/blog\\\/la-distensiones-del-espacio-zaha-hadid-marcelo-gardinetti\\\/#article\",\"isPartOf\":{\"@id\":\"https:\\\/\\\/veredes.es\\\/blog\\\/la-distensiones-del-espacio-zaha-hadid-marcelo-gardinetti\\\/\"},\"author\":{\"name\":\"Marcelo Gardinetti\",\"@id\":\"https:\\\/\\\/veredes.es\\\/blog\\\/#\\\/schema\\\/person\\\/e03af9138634cd6876b9935dc1536c82\"},\"headline\":\"La distensi\u00f3nes del espacio en Zaha Hadid | Marcelo Gardinetti\",\"datePublished\":\"2017-02-02T23:20:01+00:00\",\"dateModified\":\"2022-05-16T07:00:11+00:00\",\"mainEntityOfPage\":{\"@id\":\"https:\\\/\\\/veredes.es\\\/blog\\\/la-distensiones-del-espacio-zaha-hadid-marcelo-gardinetti\\\/\"},\"wordCount\":2433,\"commentCount\":0,\"publisher\":{\"@id\":\"https:\\\/\\\/veredes.es\\\/blog\\\/#organization\"},\"image\":{\"@id\":\"https:\\\/\\\/veredes.es\\\/blog\\\/la-distensiones-del-espacio-zaha-hadid-marcelo-gardinetti\\\/#primaryimage\"},\"thumbnailUrl\":\"https:\\\/\\\/veredes.es\\\/blog\\\/wp-content\\\/uploads\\\/2016\\\/12\\\/La-distensi\u00f3nes-del-espacio-en-Zaha-Hadid-The-Peak-\u00a9Zaha-Hadid-Architects-02.jpg\",\"keywords\":[\"arquitectura contempor\u00e1nea\",\"arte\",\"arte contemporaneo\",\"dibujo\",\"Harold Foss Foster\",\"Kazimir Mal\u00e9vich\",\"Marcelo Gardinetti\",\"perspectiva\",\"pintura\",\"s. xx\",\"star system\",\"teor\u00eda\",\"Zaha Hadid\",\"Zaha Hadid Architects\"],\"articleSection\":[\"faro\",\"slider principal\"],\"inLanguage\":\"es\",\"potentialAction\":[{\"@type\":\"CommentAction\",\"name\":\"Comment\",\"target\":[\"https:\\\/\\\/veredes.es\\\/blog\\\/la-distensiones-del-espacio-zaha-hadid-marcelo-gardinetti\\\/#respond\"]}]},{\"@type\":\"WebPage\",\"@id\":\"https:\\\/\\\/veredes.es\\\/blog\\\/la-distensiones-del-espacio-zaha-hadid-marcelo-gardinetti\\\/\",\"url\":\"https:\\\/\\\/veredes.es\\\/blog\\\/la-distensiones-del-espacio-zaha-hadid-marcelo-gardinetti\\\/\",\"name\":\"[:es]La distensi\u00f3nes del espacio en Zaha Hadid | Marcelo Gardinetti[:gl]A distensi\u00f3nes do espazo en Zaha Hadid | Marcelo Gardinetti[:en]The distensi\u00f3nes of the space in Zaha Hadid | Marcelo Gardinetti[:] - veredes\",\"isPartOf\":{\"@id\":\"https:\\\/\\\/veredes.es\\\/blog\\\/#website\"},\"primaryImageOfPage\":{\"@id\":\"https:\\\/\\\/veredes.es\\\/blog\\\/la-distensiones-del-espacio-zaha-hadid-marcelo-gardinetti\\\/#primaryimage\"},\"image\":{\"@id\":\"https:\\\/\\\/veredes.es\\\/blog\\\/la-distensiones-del-espacio-zaha-hadid-marcelo-gardinetti\\\/#primaryimage\"},\"thumbnailUrl\":\"https:\\\/\\\/veredes.es\\\/blog\\\/wp-content\\\/uploads\\\/2016\\\/12\\\/La-distensi\u00f3nes-del-espacio-en-Zaha-Hadid-The-Peak-\u00a9Zaha-Hadid-Architects-02.jpg\",\"datePublished\":\"2017-02-02T23:20:01+00:00\",\"dateModified\":\"2022-05-16T07:00:11+00:00\",\"description\":\"Toda la informaci\u00f3n sobre: [:es]La distensi\u00f3nes del espacio en Zaha Hadid | Marcelo Gardinetti[:gl]A distensi\u00f3nes do espazo en Zaha Hadid | Marcelo Gardinetti[:en]The distensi\u00f3nes of the space in Zaha Hadid | Marcelo Gardinetti[:]\",\"breadcrumb\":{\"@id\":\"https:\\\/\\\/veredes.es\\\/blog\\\/la-distensiones-del-espacio-zaha-hadid-marcelo-gardinetti\\\/#breadcrumb\"},\"inLanguage\":\"es\",\"potentialAction\":[{\"@type\":\"ReadAction\",\"target\":[\"https:\\\/\\\/veredes.es\\\/blog\\\/la-distensiones-del-espacio-zaha-hadid-marcelo-gardinetti\\\/\"]}]},{\"@type\":\"ImageObject\",\"inLanguage\":\"es\",\"@id\":\"https:\\\/\\\/veredes.es\\\/blog\\\/la-distensiones-del-espacio-zaha-hadid-marcelo-gardinetti\\\/#primaryimage\",\"url\":\"https:\\\/\\\/veredes.es\\\/blog\\\/wp-content\\\/uploads\\\/2016\\\/12\\\/La-distensi\u00f3nes-del-espacio-en-Zaha-Hadid-The-Peak-\u00a9Zaha-Hadid-Architects-02.jpg\",\"contentUrl\":\"https:\\\/\\\/veredes.es\\\/blog\\\/wp-content\\\/uploads\\\/2016\\\/12\\\/La-distensi\u00f3nes-del-espacio-en-Zaha-Hadid-The-Peak-\u00a9Zaha-Hadid-Architects-02.jpg\",\"width\":640,\"height\":406,\"caption\":\"The Peak | \u00a9Zaha Hadid\"},{\"@type\":\"BreadcrumbList\",\"@id\":\"https:\\\/\\\/veredes.es\\\/blog\\\/la-distensiones-del-espacio-zaha-hadid-marcelo-gardinetti\\\/#breadcrumb\",\"itemListElement\":[{\"@type\":\"ListItem\",\"position\":1,\"name\":\"Portada\",\"item\":\"https:\\\/\\\/veredes.es\\\/blog\\\/\"},{\"@type\":\"ListItem\",\"position\":2,\"name\":\"La distensi\u00f3nes del espacio en Zaha Hadid | Marcelo Gardinetti\"}]},{\"@type\":\"WebSite\",\"@id\":\"https:\\\/\\\/veredes.es\\\/blog\\\/#website\",\"url\":\"https:\\\/\\\/veredes.es\\\/blog\\\/\",\"name\":\"veredes, arquitectura y divulgaci\u00f3n\",\"description\":\"veredes\",\"publisher\":{\"@id\":\"https:\\\/\\\/veredes.es\\\/blog\\\/#organization\"},\"alternateName\":\"veredes\",\"potentialAction\":[{\"@type\":\"SearchAction\",\"target\":{\"@type\":\"EntryPoint\",\"urlTemplate\":\"https:\\\/\\\/veredes.es\\\/blog\\\/?s={search_term_string}\"},\"query-input\":{\"@type\":\"PropertyValueSpecification\",\"valueRequired\":true,\"valueName\":\"search_term_string\"}}],\"inLanguage\":\"es\"},{\"@type\":\"Organization\",\"@id\":\"https:\\\/\\\/veredes.es\\\/blog\\\/#organization\",\"name\":\"veredes, arquitectura y divulgaci\u00f3n\",\"alternateName\":\"veredes\",\"url\":\"https:\\\/\\\/veredes.es\\\/blog\\\/\",\"logo\":{\"@type\":\"ImageObject\",\"inLanguage\":\"es\",\"@id\":\"https:\\\/\\\/veredes.es\\\/blog\\\/#\\\/schema\\\/logo\\\/image\\\/\",\"url\":\"https:\\\/\\\/veredes.es\\\/blog\\\/wp-content\\\/uploads\\\/2021\\\/12\\\/veredes-logo-centrado_140x54.png\",\"contentUrl\":\"https:\\\/\\\/veredes.es\\\/blog\\\/wp-content\\\/uploads\\\/2021\\\/12\\\/veredes-logo-centrado_140x54.png\",\"width\":140,\"height\":54,\"caption\":\"veredes, arquitectura y divulgaci\u00f3n\"},\"image\":{\"@id\":\"https:\\\/\\\/veredes.es\\\/blog\\\/#\\\/schema\\\/logo\\\/image\\\/\"},\"sameAs\":[\"https:\\\/\\\/www.facebook.com\\\/veredesArquitecturayDivulgacion\\\/\",\"https:\\\/\\\/x.com\\\/veredes\",\"https:\\\/\\\/instagram.com\\\/veredes\\\/\",\"https:\\\/\\\/www.linkedin.com\\\/company\\\/veredes-arquitectura-y-divulgacion\\\/\",\"https:\\\/\\\/es.pinterest.com\\\/veredes\\\/\",\"https:\\\/\\\/www.tumblr.com\\\/veredes\"]},{\"@type\":\"Person\",\"@id\":\"https:\\\/\\\/veredes.es\\\/blog\\\/#\\\/schema\\\/person\\\/e03af9138634cd6876b9935dc1536c82\",\"name\":\"Marcelo Gardinetti\",\"image\":{\"@type\":\"ImageObject\",\"inLanguage\":\"es\",\"@id\":\"https:\\\/\\\/veredes.es\\\/blog\\\/wp-content\\\/uploads\\\/2018\\\/04\\\/marcelogardinetti-96x96.jpg\",\"url\":\"https:\\\/\\\/veredes.es\\\/blog\\\/wp-content\\\/uploads\\\/2018\\\/04\\\/marcelogardinetti-96x96.jpg\",\"contentUrl\":\"https:\\\/\\\/veredes.es\\\/blog\\\/wp-content\\\/uploads\\\/2018\\\/04\\\/marcelogardinetti-96x96.jpg\",\"caption\":\"Marcelo Gardinetti\"},\"description\":\"No voy a hablar de la penumbra, mejor voy a ver si puedo despertar. Arquitecto, - Universidad Nacional de La Plata, La Plata, 1985 - Editor responsable en Tecnne 2012 a la fecha. - Columnista de arquitectura en revistas y sitios web. 2012 a la fecha - Director en estudio de arquitectura, 1985 a la fecha. - Consultor Senior en Proyectos institucionales. 1995 a la fecha - Docente, Universidad Nacional de La Plata, 1985-1990 y 2011-2014 - Coordinador T\u00e9cnico en Universidad Nacional de Tres de Febrero, 2014 - 2019 - Director en Arquitectura Escolar, Provincia de Buenos Aires, 1991-1996 y 2001-2010 - Representante T\u00e9cnico, convenio UBA - FETINGRA, a\u00f1os 2020 a la fecha\",\"sameAs\":[\"https:\\\/\\\/marcelogardinetti.com\\\/\",\"https:\\\/\\\/www.facebook.com\\\/marcegardinetti\",\"https:\\\/\\\/www.instagram.com\\\/marcelogardinetti\\\/\",\"https:\\\/\\\/www.linkedin.com\\\/in\\\/marcelogardinetti\\\/\",\"https:\\\/\\\/x.com\\\/https:\\\/\\\/twitter.com\\\/marcegardinetti\"],\"url\":\"https:\\\/\\\/veredes.es\\\/blog\\\/author\\\/marcelo-gardinetti\\\/\"}]}<\/script>\n<!-- \/ Yoast SEO plugin. -->","yoast_head_json":{"title":"[:es]La distensi\u00f3nes del espacio en Zaha Hadid | Marcelo Gardinetti[:gl]A distensi\u00f3nes do espazo en Zaha Hadid | Marcelo Gardinetti[:en]The distensi\u00f3nes of the space in Zaha Hadid | Marcelo Gardinetti[:] - veredes","description":"Toda la informaci\u00f3n sobre: [:es]La distensi\u00f3nes del espacio en Zaha Hadid | Marcelo Gardinetti[:gl]A distensi\u00f3nes do espazo en Zaha Hadid | Marcelo Gardinetti[:en]The distensi\u00f3nes of the space in Zaha Hadid | Marcelo Gardinetti[:]","robots":{"index":"index","follow":"follow","max-snippet":"max-snippet:-1","max-image-preview":"max-image-preview:large","max-video-preview":"max-video-preview:-1"},"canonical":"https:\/\/veredes.es\/blog\/la-distensiones-del-espacio-zaha-hadid-marcelo-gardinetti\/","og_locale":"es_ES","og_type":"article","og_title":"[:es]La distensi\u00f3nes del espacio en Zaha Hadid | Marcelo Gardinetti[:gl]A distensi\u00f3nes do espazo en Zaha Hadid | Marcelo Gardinetti[:en]The distensi\u00f3nes of the space in Zaha Hadid | Marcelo Gardinetti[:] - veredes","og_description":"Toda la informaci\u00f3n sobre: [:es]La distensi\u00f3nes del espacio en Zaha Hadid | Marcelo Gardinetti[:gl]A distensi\u00f3nes do espazo en Zaha Hadid | Marcelo Gardinetti[:en]The distensi\u00f3nes of the space in Zaha Hadid | Marcelo Gardinetti[:]","og_url":"https:\/\/veredes.es\/blog\/la-distensiones-del-espacio-zaha-hadid-marcelo-gardinetti\/","og_site_name":"veredes, arquitectura y divulgaci\u00f3n","article_publisher":"https:\/\/www.facebook.com\/veredesArquitecturayDivulgacion\/","article_author":"https:\/\/www.facebook.com\/marcegardinetti","article_published_time":"2017-02-02T23:20:01+00:00","article_modified_time":"2022-05-16T07:00:11+00:00","og_image":[{"width":640,"height":406,"url":"https:\/\/veredes.es\/blog\/wp-content\/uploads\/2016\/12\/La-distensi\u00f3nes-del-espacio-en-Zaha-Hadid-The-Peak-\u00a9Zaha-Hadid-Architects-02.jpg","type":"image\/jpeg"}],"author":"Marcelo Gardinetti","twitter_card":"summary_large_image","twitter_creator":"@https:\/\/twitter.com\/marcegardinetti","twitter_site":"@veredes","twitter_misc":{"Escrito por":"Marcelo Gardinetti","Tiempo de lectura":"5 minutos"},"schema":{"@context":"https:\/\/schema.org","@graph":[{"@type":"Article","@id":"https:\/\/veredes.es\/blog\/la-distensiones-del-espacio-zaha-hadid-marcelo-gardinetti\/#article","isPartOf":{"@id":"https:\/\/veredes.es\/blog\/la-distensiones-del-espacio-zaha-hadid-marcelo-gardinetti\/"},"author":{"name":"Marcelo Gardinetti","@id":"https:\/\/veredes.es\/blog\/#\/schema\/person\/e03af9138634cd6876b9935dc1536c82"},"headline":"La distensi\u00f3nes del espacio en Zaha Hadid | Marcelo Gardinetti","datePublished":"2017-02-02T23:20:01+00:00","dateModified":"2022-05-16T07:00:11+00:00","mainEntityOfPage":{"@id":"https:\/\/veredes.es\/blog\/la-distensiones-del-espacio-zaha-hadid-marcelo-gardinetti\/"},"wordCount":2433,"commentCount":0,"publisher":{"@id":"https:\/\/veredes.es\/blog\/#organization"},"image":{"@id":"https:\/\/veredes.es\/blog\/la-distensiones-del-espacio-zaha-hadid-marcelo-gardinetti\/#primaryimage"},"thumbnailUrl":"https:\/\/veredes.es\/blog\/wp-content\/uploads\/2016\/12\/La-distensi\u00f3nes-del-espacio-en-Zaha-Hadid-The-Peak-\u00a9Zaha-Hadid-Architects-02.jpg","keywords":["arquitectura contempor\u00e1nea","arte","arte contemporaneo","dibujo","Harold Foss Foster","Kazimir Mal\u00e9vich","Marcelo Gardinetti","perspectiva","pintura","s. xx","star system","teor\u00eda","Zaha Hadid","Zaha Hadid Architects"],"articleSection":["faro","slider principal"],"inLanguage":"es","potentialAction":[{"@type":"CommentAction","name":"Comment","target":["https:\/\/veredes.es\/blog\/la-distensiones-del-espacio-zaha-hadid-marcelo-gardinetti\/#respond"]}]},{"@type":"WebPage","@id":"https:\/\/veredes.es\/blog\/la-distensiones-del-espacio-zaha-hadid-marcelo-gardinetti\/","url":"https:\/\/veredes.es\/blog\/la-distensiones-del-espacio-zaha-hadid-marcelo-gardinetti\/","name":"[:es]La distensi\u00f3nes del espacio en Zaha Hadid | Marcelo Gardinetti[:gl]A distensi\u00f3nes do espazo en Zaha Hadid | Marcelo Gardinetti[:en]The distensi\u00f3nes of the space in Zaha Hadid | Marcelo Gardinetti[:] - veredes","isPartOf":{"@id":"https:\/\/veredes.es\/blog\/#website"},"primaryImageOfPage":{"@id":"https:\/\/veredes.es\/blog\/la-distensiones-del-espacio-zaha-hadid-marcelo-gardinetti\/#primaryimage"},"image":{"@id":"https:\/\/veredes.es\/blog\/la-distensiones-del-espacio-zaha-hadid-marcelo-gardinetti\/#primaryimage"},"thumbnailUrl":"https:\/\/veredes.es\/blog\/wp-content\/uploads\/2016\/12\/La-distensi\u00f3nes-del-espacio-en-Zaha-Hadid-The-Peak-\u00a9Zaha-Hadid-Architects-02.jpg","datePublished":"2017-02-02T23:20:01+00:00","dateModified":"2022-05-16T07:00:11+00:00","description":"Toda la informaci\u00f3n sobre: [:es]La distensi\u00f3nes del espacio en Zaha Hadid | Marcelo Gardinetti[:gl]A distensi\u00f3nes do espazo en Zaha Hadid | Marcelo Gardinetti[:en]The distensi\u00f3nes of the space in Zaha Hadid | Marcelo Gardinetti[:]","breadcrumb":{"@id":"https:\/\/veredes.es\/blog\/la-distensiones-del-espacio-zaha-hadid-marcelo-gardinetti\/#breadcrumb"},"inLanguage":"es","potentialAction":[{"@type":"ReadAction","target":["https:\/\/veredes.es\/blog\/la-distensiones-del-espacio-zaha-hadid-marcelo-gardinetti\/"]}]},{"@type":"ImageObject","inLanguage":"es","@id":"https:\/\/veredes.es\/blog\/la-distensiones-del-espacio-zaha-hadid-marcelo-gardinetti\/#primaryimage","url":"https:\/\/veredes.es\/blog\/wp-content\/uploads\/2016\/12\/La-distensi\u00f3nes-del-espacio-en-Zaha-Hadid-The-Peak-\u00a9Zaha-Hadid-Architects-02.jpg","contentUrl":"https:\/\/veredes.es\/blog\/wp-content\/uploads\/2016\/12\/La-distensi\u00f3nes-del-espacio-en-Zaha-Hadid-The-Peak-\u00a9Zaha-Hadid-Architects-02.jpg","width":640,"height":406,"caption":"The Peak | \u00a9Zaha Hadid"},{"@type":"BreadcrumbList","@id":"https:\/\/veredes.es\/blog\/la-distensiones-del-espacio-zaha-hadid-marcelo-gardinetti\/#breadcrumb","itemListElement":[{"@type":"ListItem","position":1,"name":"Portada","item":"https:\/\/veredes.es\/blog\/"},{"@type":"ListItem","position":2,"name":"La distensi\u00f3nes del espacio en Zaha Hadid | Marcelo Gardinetti"}]},{"@type":"WebSite","@id":"https:\/\/veredes.es\/blog\/#website","url":"https:\/\/veredes.es\/blog\/","name":"veredes, arquitectura y divulgaci\u00f3n","description":"veredes","publisher":{"@id":"https:\/\/veredes.es\/blog\/#organization"},"alternateName":"veredes","potentialAction":[{"@type":"SearchAction","target":{"@type":"EntryPoint","urlTemplate":"https:\/\/veredes.es\/blog\/?s={search_term_string}"},"query-input":{"@type":"PropertyValueSpecification","valueRequired":true,"valueName":"search_term_string"}}],"inLanguage":"es"},{"@type":"Organization","@id":"https:\/\/veredes.es\/blog\/#organization","name":"veredes, arquitectura y divulgaci\u00f3n","alternateName":"veredes","url":"https:\/\/veredes.es\/blog\/","logo":{"@type":"ImageObject","inLanguage":"es","@id":"https:\/\/veredes.es\/blog\/#\/schema\/logo\/image\/","url":"https:\/\/veredes.es\/blog\/wp-content\/uploads\/2021\/12\/veredes-logo-centrado_140x54.png","contentUrl":"https:\/\/veredes.es\/blog\/wp-content\/uploads\/2021\/12\/veredes-logo-centrado_140x54.png","width":140,"height":54,"caption":"veredes, arquitectura y divulgaci\u00f3n"},"image":{"@id":"https:\/\/veredes.es\/blog\/#\/schema\/logo\/image\/"},"sameAs":["https:\/\/www.facebook.com\/veredesArquitecturayDivulgacion\/","https:\/\/x.com\/veredes","https:\/\/instagram.com\/veredes\/","https:\/\/www.linkedin.com\/company\/veredes-arquitectura-y-divulgacion\/","https:\/\/es.pinterest.com\/veredes\/","https:\/\/www.tumblr.com\/veredes"]},{"@type":"Person","@id":"https:\/\/veredes.es\/blog\/#\/schema\/person\/e03af9138634cd6876b9935dc1536c82","name":"Marcelo Gardinetti","image":{"@type":"ImageObject","inLanguage":"es","@id":"https:\/\/veredes.es\/blog\/wp-content\/uploads\/2018\/04\/marcelogardinetti-96x96.jpg","url":"https:\/\/veredes.es\/blog\/wp-content\/uploads\/2018\/04\/marcelogardinetti-96x96.jpg","contentUrl":"https:\/\/veredes.es\/blog\/wp-content\/uploads\/2018\/04\/marcelogardinetti-96x96.jpg","caption":"Marcelo Gardinetti"},"description":"No voy a hablar de la penumbra, mejor voy a ver si puedo despertar. Arquitecto, - Universidad Nacional de La Plata, La Plata, 1985 - Editor responsable en Tecnne 2012 a la fecha. - Columnista de arquitectura en revistas y sitios web. 2012 a la fecha - Director en estudio de arquitectura, 1985 a la fecha. - Consultor Senior en Proyectos institucionales. 1995 a la fecha - Docente, Universidad Nacional de La Plata, 1985-1990 y 2011-2014 - Coordinador T\u00e9cnico en Universidad Nacional de Tres de Febrero, 2014 - 2019 - Director en Arquitectura Escolar, Provincia de Buenos Aires, 1991-1996 y 2001-2010 - Representante T\u00e9cnico, convenio UBA - FETINGRA, a\u00f1os 2020 a la fecha","sameAs":["https:\/\/marcelogardinetti.com\/","https:\/\/www.facebook.com\/marcegardinetti","https:\/\/www.instagram.com\/marcelogardinetti\/","https:\/\/www.linkedin.com\/in\/marcelogardinetti\/","https:\/\/x.com\/https:\/\/twitter.com\/marcegardinetti"],"url":"https:\/\/veredes.es\/blog\/author\/marcelo-gardinetti\/"}]}},"_links":{"self":[{"href":"https:\/\/veredes.es\/blog\/wp-json\/wp\/v2\/posts\/62588","targetHints":{"allow":["GET"]}}],"collection":[{"href":"https:\/\/veredes.es\/blog\/wp-json\/wp\/v2\/posts"}],"about":[{"href":"https:\/\/veredes.es\/blog\/wp-json\/wp\/v2\/types\/post"}],"author":[{"embeddable":true,"href":"https:\/\/veredes.es\/blog\/wp-json\/wp\/v2\/users\/4"}],"replies":[{"embeddable":true,"href":"https:\/\/veredes.es\/blog\/wp-json\/wp\/v2\/comments?post=62588"}],"version-history":[{"count":0,"href":"https:\/\/veredes.es\/blog\/wp-json\/wp\/v2\/posts\/62588\/revisions"}],"wp:featuredmedia":[{"embeddable":true,"href":"https:\/\/veredes.es\/blog\/wp-json\/wp\/v2\/media\/62592"}],"wp:attachment":[{"href":"https:\/\/veredes.es\/blog\/wp-json\/wp\/v2\/media?parent=62588"}],"wp:term":[{"taxonomy":"category","embeddable":true,"href":"https:\/\/veredes.es\/blog\/wp-json\/wp\/v2\/categories?post=62588"},{"taxonomy":"post_tag","embeddable":true,"href":"https:\/\/veredes.es\/blog\/wp-json\/wp\/v2\/tags?post=62588"}],"curies":[{"name":"wp","href":"https:\/\/api.w.org\/{rel}","templated":true}]}}