{"id":62264,"date":"2016-11-02T00:45:24","date_gmt":"2016-11-01T23:45:24","guid":{"rendered":"http:\/\/veredes.es\/blog\/?p=62264"},"modified":"2022-03-14T08:29:36","modified_gmt":"2022-03-14T07:29:36","slug":"apartamento-tibbaut-ras-arquitectura","status":"publish","type":"post","link":"https:\/\/veredes.es\/blog\/apartamento-tibbaut-ras-arquitectura\/","title":{"rendered":"Apartamento Tibbaut | RAS Arquitectura"},"content":{"rendered":"<p><\/p>\n<p style=\"text-align: justify;\"><img loading=\"lazy\" decoding=\"async\" class=\"alignnone wp-image-62275\" src=\"https:\/\/veredes.es\/blog\/wp-content\/uploads\/2016\/10\/Apartamento-Tibbaut_RAS-Arquitectura_11_int03.jpg\" alt=\"apartamento-tibbaut_ras-arquitectura_11_int03\" width=\"640\" height=\"941\" srcset=\"https:\/\/veredes.es\/blog\/wp-content\/uploads\/2016\/10\/Apartamento-Tibbaut_RAS-Arquitectura_11_int03.jpg 544w, https:\/\/veredes.es\/blog\/wp-content\/uploads\/2016\/10\/Apartamento-Tibbaut_RAS-Arquitectura_11_int03-204x300.jpg 204w\" sizes=\"auto, (max-width: 640px) 100vw, 640px\" \/><\/p>\n<p style=\"text-align: justify;\">La intervenci\u00f3n se lleva a cabo en un espacio subterr\u00e1neo, cerca del mar, con apenas iluminaci\u00f3n desde el exterior y en un estado previo que presentaba serios problemas de humedad. A\u00fan as\u00ed, en el interior de un edificio de construcci\u00f3n muy humilde, el espacio, muy reducido, de apenas 55m2, presentaba un aspecto completamente monumental, presidido por dos columnas octogonales de piedra sobre las que se elevaban c\u00fapulas y b\u00f3vedas para cubrir el espacio y aguantar el peso de las plantas superiores.<\/p>\n<p style=\"text-align: justify;\">El requerimiento por parte del cliente era crear un \u00fanico ambiente, pero la monumentalidad de \u00e9ste, sumada a la escasez de luz natural y visi\u00f3n exterior, condujo la propuesta a, si bien mantener el concepto de un \u00fanico espacio, hacerlo mediante una mayor complejidad espacial donde se superponen y entrecruzan dos circulaciones: una central, a modo de espacio com\u00fan sin una funci\u00f3n espec\u00edfica; y una perimetral, a trav\u00e9s de peque\u00f1as estancias especializadas (dormitorio, vestidor, ba\u00f1o, almac\u00e9n, cocina y estudio).<\/p>\n<p style=\"text-align: justify;\">As\u00ed, ning\u00fan paramento llega hasta el techo, y el orden de b\u00f3vedas y c\u00fapulas es continuo y visible desde cualquier punto; pero por debajo, hasta la altura marcada por el arranque de las c\u00fapulas, la visi\u00f3n es parcial, interrumpida por los tabiques, creando as\u00ed expectaci\u00f3n ante lo que hay m\u00e1s all\u00e1, al otro lado, conformando un mundo interior propio, donde una reducida paleta de materiales; suelos y paramentos existentes revestidos de blanco para rebotar y reflejar toda la luz que pueda entrar a trav\u00e9s de las escasas aberturas; y madera contralaminada de pino, en contraste con las superficies existentes revestidas para destacar todo lo que queda en medio del espacio, queda a la espera de la invasi\u00f3n de colores y texturas de las pertenencias de los futuros usuarios.<\/p>\n<p style=\"text-align: justify;\">La obra ha sido lenta, la falta de ventilaci\u00f3n y de aperturas al exterior provocaba que el proceso de secado de los materiales se dilatara en el tiempo; fue necesario proyectar y construir un suelo elevado de varias capas para asegurar su impermeabilizaci\u00f3n y aislamiento; todos las superficies y techos tuvieron que ser selladas con morteros impermeabilizantes de doble acci\u00f3n para impedir la entrada de humedad; se implement\u00f3 un sistema de suelo radiante y de ventilaci\u00f3n forzada conectada a una m\u00e1quina deshumidificadora para controlar el nivel de humedad interior.<\/p>\n<p style=\"text-align: justify;\">Pero poco a poco los materiales fueron secando, el salitre fue desapareciendo, y al quitar las luces de obra, y ya entrados en verano, pudimos comprobar que la luz natural entraba y rebotaba y creaba un espacio muy agradable y confortable, sin rastros de humedad, y que daba la impresi\u00f3n de ser bastante m\u00e1s grande de sus escasos 55 m2.<\/p>\n<div id='gallery-1' class='gallery galleryid-62264 gallery-columns-4 gallery-size-thumbnail'><figure class='gallery-item'>\n\t\t\t<div class='gallery-icon landscape'>\n\t\t\t\t<a href='https:\/\/veredes.es\/blog\/wp-content\/uploads\/2016\/10\/Apartamento-Tibbaut_RAS-Arquitectura_01_situaci\u00f3n_.jpg'><img loading=\"lazy\" decoding=\"async\" width=\"120\" height=\"120\" src=\"https:\/\/veredes.es\/blog\/wp-content\/uploads\/2016\/10\/Apartamento-Tibbaut_RAS-Arquitectura_01_situaci\u00f3n_-120x120.jpg\" class=\"attachment-thumbnail size-thumbnail\" alt=\"\" srcset=\"https:\/\/veredes.es\/blog\/wp-content\/uploads\/2016\/10\/Apartamento-Tibbaut_RAS-Arquitectura_01_situaci\u00f3n_-120x120.jpg 120w, https:\/\/veredes.es\/blog\/wp-content\/uploads\/2016\/10\/Apartamento-Tibbaut_RAS-Arquitectura_01_situaci\u00f3n_-300x300.jpg 300w, https:\/\/veredes.es\/blog\/wp-content\/uploads\/2016\/10\/Apartamento-Tibbaut_RAS-Arquitectura_01_situaci\u00f3n_-150x150.jpg 150w, https:\/\/veredes.es\/blog\/wp-content\/uploads\/2016\/10\/Apartamento-Tibbaut_RAS-Arquitectura_01_situaci\u00f3n_.jpg 800w\" sizes=\"auto, (max-width: 120px) 100vw, 120px\" \/><\/a>\n\t\t\t<\/div><\/figure><figure class='gallery-item'>\n\t\t\t<div class='gallery-icon portrait'>\n\t\t\t\t<a href='https:\/\/veredes.es\/blog\/wp-content\/uploads\/2016\/10\/Apartamento-Tibbaut_RAS-Arquitectura_02_estado-inicial-01.jpg'><img loading=\"lazy\" decoding=\"async\" width=\"120\" height=\"120\" src=\"https:\/\/veredes.es\/blog\/wp-content\/uploads\/2016\/10\/Apartamento-Tibbaut_RAS-Arquitectura_02_estado-inicial-01-120x120.jpg\" class=\"attachment-thumbnail size-thumbnail\" alt=\"\" srcset=\"https:\/\/veredes.es\/blog\/wp-content\/uploads\/2016\/10\/Apartamento-Tibbaut_RAS-Arquitectura_02_estado-inicial-01-120x120.jpg 120w, https:\/\/veredes.es\/blog\/wp-content\/uploads\/2016\/10\/Apartamento-Tibbaut_RAS-Arquitectura_02_estado-inicial-01-150x150.jpg 150w\" sizes=\"auto, (max-width: 120px) 100vw, 120px\" \/><\/a>\n\t\t\t<\/div><\/figure><figure class='gallery-item'>\n\t\t\t<div class='gallery-icon portrait'>\n\t\t\t\t<a href='https:\/\/veredes.es\/blog\/wp-content\/uploads\/2016\/10\/Apartamento-Tibbaut_RAS-Arquitectura_03_estado-inicial-02.jpg'><img loading=\"lazy\" decoding=\"async\" width=\"120\" height=\"120\" src=\"https:\/\/veredes.es\/blog\/wp-content\/uploads\/2016\/10\/Apartamento-Tibbaut_RAS-Arquitectura_03_estado-inicial-02-120x120.jpg\" class=\"attachment-thumbnail size-thumbnail\" alt=\"\" srcset=\"https:\/\/veredes.es\/blog\/wp-content\/uploads\/2016\/10\/Apartamento-Tibbaut_RAS-Arquitectura_03_estado-inicial-02-120x120.jpg 120w, https:\/\/veredes.es\/blog\/wp-content\/uploads\/2016\/10\/Apartamento-Tibbaut_RAS-Arquitectura_03_estado-inicial-02-150x150.jpg 150w\" sizes=\"auto, (max-width: 120px) 100vw, 120px\" \/><\/a>\n\t\t\t<\/div><\/figure><figure class='gallery-item'>\n\t\t\t<div class='gallery-icon landscape'>\n\t\t\t\t<a href='https:\/\/veredes.es\/blog\/wp-content\/uploads\/2016\/10\/Apartamento-Tibbaut_RAS-Arquitectura_04_planta.jpg'><img loading=\"lazy\" decoding=\"async\" width=\"120\" height=\"120\" src=\"https:\/\/veredes.es\/blog\/wp-content\/uploads\/2016\/10\/Apartamento-Tibbaut_RAS-Arquitectura_04_planta-120x120.jpg\" class=\"attachment-thumbnail size-thumbnail\" alt=\"\" srcset=\"https:\/\/veredes.es\/blog\/wp-content\/uploads\/2016\/10\/Apartamento-Tibbaut_RAS-Arquitectura_04_planta-120x120.jpg 120w, https:\/\/veredes.es\/blog\/wp-content\/uploads\/2016\/10\/Apartamento-Tibbaut_RAS-Arquitectura_04_planta-150x150.jpg 150w\" sizes=\"auto, (max-width: 120px) 100vw, 120px\" \/><\/a>\n\t\t\t<\/div><\/figure><figure class='gallery-item'>\n\t\t\t<div class='gallery-icon landscape'>\n\t\t\t\t<a href='https:\/\/veredes.es\/blog\/wp-content\/uploads\/2016\/10\/Apartamento-Tibbaut_RAS-Arquitectura_05_planta2.jpg'><img loading=\"lazy\" decoding=\"async\" width=\"120\" height=\"120\" src=\"https:\/\/veredes.es\/blog\/wp-content\/uploads\/2016\/10\/Apartamento-Tibbaut_RAS-Arquitectura_05_planta2-120x120.jpg\" class=\"attachment-thumbnail size-thumbnail\" alt=\"\" srcset=\"https:\/\/veredes.es\/blog\/wp-content\/uploads\/2016\/10\/Apartamento-Tibbaut_RAS-Arquitectura_05_planta2-120x120.jpg 120w, https:\/\/veredes.es\/blog\/wp-content\/uploads\/2016\/10\/Apartamento-Tibbaut_RAS-Arquitectura_05_planta2-150x150.jpg 150w\" sizes=\"auto, (max-width: 120px) 100vw, 120px\" \/><\/a>\n\t\t\t<\/div><\/figure><figure class='gallery-item'>\n\t\t\t<div class='gallery-icon landscape'>\n\t\t\t\t<a href='https:\/\/veredes.es\/blog\/wp-content\/uploads\/2016\/10\/Apartamento-Tibbaut_RAS-Arquitectura_06_section1.jpg'><img loading=\"lazy\" decoding=\"async\" width=\"120\" height=\"120\" src=\"https:\/\/veredes.es\/blog\/wp-content\/uploads\/2016\/10\/Apartamento-Tibbaut_RAS-Arquitectura_06_section1-120x120.jpg\" class=\"attachment-thumbnail size-thumbnail\" alt=\"\" srcset=\"https:\/\/veredes.es\/blog\/wp-content\/uploads\/2016\/10\/Apartamento-Tibbaut_RAS-Arquitectura_06_section1-120x120.jpg 120w, https:\/\/veredes.es\/blog\/wp-content\/uploads\/2016\/10\/Apartamento-Tibbaut_RAS-Arquitectura_06_section1-150x150.jpg 150w\" sizes=\"auto, (max-width: 120px) 100vw, 120px\" \/><\/a>\n\t\t\t<\/div><\/figure><figure class='gallery-item'>\n\t\t\t<div class='gallery-icon landscape'>\n\t\t\t\t<a href='https:\/\/veredes.es\/blog\/wp-content\/uploads\/2016\/10\/Apartamento-Tibbaut_RAS-Arquitectura_07_section2.jpg'><img loading=\"lazy\" decoding=\"async\" width=\"120\" height=\"120\" src=\"https:\/\/veredes.es\/blog\/wp-content\/uploads\/2016\/10\/Apartamento-Tibbaut_RAS-Arquitectura_07_section2-120x120.jpg\" class=\"attachment-thumbnail size-thumbnail\" alt=\"\" srcset=\"https:\/\/veredes.es\/blog\/wp-content\/uploads\/2016\/10\/Apartamento-Tibbaut_RAS-Arquitectura_07_section2-120x120.jpg 120w, https:\/\/veredes.es\/blog\/wp-content\/uploads\/2016\/10\/Apartamento-Tibbaut_RAS-Arquitectura_07_section2-150x150.jpg 150w\" sizes=\"auto, (max-width: 120px) 100vw, 120px\" \/><\/a>\n\t\t\t<\/div><\/figure><figure class='gallery-item'>\n\t\t\t<div class='gallery-icon landscape'>\n\t\t\t\t<a href='https:\/\/veredes.es\/blog\/wp-content\/uploads\/2016\/10\/Apartamento-Tibbaut_RAS-Arquitectura_08_section3.jpg'><img loading=\"lazy\" decoding=\"async\" width=\"120\" height=\"120\" src=\"https:\/\/veredes.es\/blog\/wp-content\/uploads\/2016\/10\/Apartamento-Tibbaut_RAS-Arquitectura_08_section3-120x120.jpg\" class=\"attachment-thumbnail size-thumbnail\" alt=\"\" srcset=\"https:\/\/veredes.es\/blog\/wp-content\/uploads\/2016\/10\/Apartamento-Tibbaut_RAS-Arquitectura_08_section3-120x120.jpg 120w, https:\/\/veredes.es\/blog\/wp-content\/uploads\/2016\/10\/Apartamento-Tibbaut_RAS-Arquitectura_08_section3-150x150.jpg 150w\" sizes=\"auto, (max-width: 120px) 100vw, 120px\" \/><\/a>\n\t\t\t<\/div><\/figure><figure class='gallery-item'>\n\t\t\t<div class='gallery-icon portrait'>\n\t\t\t\t<a href='https:\/\/veredes.es\/blog\/wp-content\/uploads\/2016\/10\/Apartamento-Tibbaut_RAS-Arquitectura_09_int01.jpg'><img loading=\"lazy\" decoding=\"async\" width=\"120\" height=\"120\" src=\"https:\/\/veredes.es\/blog\/wp-content\/uploads\/2016\/10\/Apartamento-Tibbaut_RAS-Arquitectura_09_int01-120x120.jpg\" class=\"attachment-thumbnail size-thumbnail\" alt=\"\" srcset=\"https:\/\/veredes.es\/blog\/wp-content\/uploads\/2016\/10\/Apartamento-Tibbaut_RAS-Arquitectura_09_int01-120x120.jpg 120w, https:\/\/veredes.es\/blog\/wp-content\/uploads\/2016\/10\/Apartamento-Tibbaut_RAS-Arquitectura_09_int01-150x150.jpg 150w\" sizes=\"auto, (max-width: 120px) 100vw, 120px\" \/><\/a>\n\t\t\t<\/div><\/figure><figure class='gallery-item'>\n\t\t\t<div class='gallery-icon portrait'>\n\t\t\t\t<a href='https:\/\/veredes.es\/blog\/wp-content\/uploads\/2016\/10\/Apartamento-Tibbaut_RAS-Arquitectura_10_int02.jpg'><img loading=\"lazy\" decoding=\"async\" width=\"120\" height=\"120\" src=\"https:\/\/veredes.es\/blog\/wp-content\/uploads\/2016\/10\/Apartamento-Tibbaut_RAS-Arquitectura_10_int02-120x120.jpg\" class=\"attachment-thumbnail size-thumbnail\" alt=\"\" srcset=\"https:\/\/veredes.es\/blog\/wp-content\/uploads\/2016\/10\/Apartamento-Tibbaut_RAS-Arquitectura_10_int02-120x120.jpg 120w, https:\/\/veredes.es\/blog\/wp-content\/uploads\/2016\/10\/Apartamento-Tibbaut_RAS-Arquitectura_10_int02-150x150.jpg 150w\" sizes=\"auto, (max-width: 120px) 100vw, 120px\" \/><\/a>\n\t\t\t<\/div><\/figure><figure class='gallery-item'>\n\t\t\t<div class='gallery-icon portrait'>\n\t\t\t\t<a href='https:\/\/veredes.es\/blog\/wp-content\/uploads\/2016\/10\/Apartamento-Tibbaut_RAS-Arquitectura_11_int03.jpg'><img loading=\"lazy\" decoding=\"async\" width=\"120\" height=\"120\" src=\"https:\/\/veredes.es\/blog\/wp-content\/uploads\/2016\/10\/Apartamento-Tibbaut_RAS-Arquitectura_11_int03-120x120.jpg\" class=\"attachment-thumbnail size-thumbnail\" alt=\"\" srcset=\"https:\/\/veredes.es\/blog\/wp-content\/uploads\/2016\/10\/Apartamento-Tibbaut_RAS-Arquitectura_11_int03-120x120.jpg 120w, https:\/\/veredes.es\/blog\/wp-content\/uploads\/2016\/10\/Apartamento-Tibbaut_RAS-Arquitectura_11_int03-150x150.jpg 150w\" sizes=\"auto, (max-width: 120px) 100vw, 120px\" \/><\/a>\n\t\t\t<\/div><\/figure><figure class='gallery-item'>\n\t\t\t<div class='gallery-icon landscape'>\n\t\t\t\t<a href='https:\/\/veredes.es\/blog\/wp-content\/uploads\/2016\/10\/Apartamento-Tibbaut_RAS-Arquitectura_12_int04.jpg'><img loading=\"lazy\" decoding=\"async\" width=\"120\" height=\"120\" src=\"https:\/\/veredes.es\/blog\/wp-content\/uploads\/2016\/10\/Apartamento-Tibbaut_RAS-Arquitectura_12_int04-120x120.jpg\" class=\"attachment-thumbnail size-thumbnail\" alt=\"\" srcset=\"https:\/\/veredes.es\/blog\/wp-content\/uploads\/2016\/10\/Apartamento-Tibbaut_RAS-Arquitectura_12_int04-120x120.jpg 120w, https:\/\/veredes.es\/blog\/wp-content\/uploads\/2016\/10\/Apartamento-Tibbaut_RAS-Arquitectura_12_int04-150x150.jpg 150w\" sizes=\"auto, (max-width: 120px) 100vw, 120px\" \/><\/a>\n\t\t\t<\/div><\/figure><figure class='gallery-item'>\n\t\t\t<div class='gallery-icon landscape'>\n\t\t\t\t<a href='https:\/\/veredes.es\/blog\/wp-content\/uploads\/2016\/10\/Apartamento-Tibbaut_RAS-Arquitectura_13_int05.jpg'><img loading=\"lazy\" decoding=\"async\" width=\"120\" height=\"120\" src=\"https:\/\/veredes.es\/blog\/wp-content\/uploads\/2016\/10\/Apartamento-Tibbaut_RAS-Arquitectura_13_int05-120x120.jpg\" class=\"attachment-thumbnail size-thumbnail\" alt=\"\" srcset=\"https:\/\/veredes.es\/blog\/wp-content\/uploads\/2016\/10\/Apartamento-Tibbaut_RAS-Arquitectura_13_int05-120x120.jpg 120w, https:\/\/veredes.es\/blog\/wp-content\/uploads\/2016\/10\/Apartamento-Tibbaut_RAS-Arquitectura_13_int05-150x150.jpg 150w\" sizes=\"auto, (max-width: 120px) 100vw, 120px\" \/><\/a>\n\t\t\t<\/div><\/figure><figure class='gallery-item'>\n\t\t\t<div class='gallery-icon landscape'>\n\t\t\t\t<a href='https:\/\/veredes.es\/blog\/wp-content\/uploads\/2016\/10\/Apartamento-Tibbaut_RAS-Arquitectura_14_int06.jpg'><img loading=\"lazy\" decoding=\"async\" width=\"120\" height=\"120\" src=\"https:\/\/veredes.es\/blog\/wp-content\/uploads\/2016\/10\/Apartamento-Tibbaut_RAS-Arquitectura_14_int06-120x120.jpg\" class=\"attachment-thumbnail size-thumbnail\" alt=\"\" srcset=\"https:\/\/veredes.es\/blog\/wp-content\/uploads\/2016\/10\/Apartamento-Tibbaut_RAS-Arquitectura_14_int06-120x120.jpg 120w, https:\/\/veredes.es\/blog\/wp-content\/uploads\/2016\/10\/Apartamento-Tibbaut_RAS-Arquitectura_14_int06-150x150.jpg 150w\" sizes=\"auto, (max-width: 120px) 100vw, 120px\" \/><\/a>\n\t\t\t<\/div><\/figure><figure class='gallery-item'>\n\t\t\t<div class='gallery-icon landscape'>\n\t\t\t\t<a href='https:\/\/veredes.es\/blog\/wp-content\/uploads\/2016\/10\/Apartamento-Tibbaut_RAS-Arquitectura_15_int07.jpg'><img loading=\"lazy\" decoding=\"async\" width=\"120\" height=\"120\" src=\"https:\/\/veredes.es\/blog\/wp-content\/uploads\/2016\/10\/Apartamento-Tibbaut_RAS-Arquitectura_15_int07-120x120.jpg\" class=\"attachment-thumbnail size-thumbnail\" alt=\"\" srcset=\"https:\/\/veredes.es\/blog\/wp-content\/uploads\/2016\/10\/Apartamento-Tibbaut_RAS-Arquitectura_15_int07-120x120.jpg 120w, https:\/\/veredes.es\/blog\/wp-content\/uploads\/2016\/10\/Apartamento-Tibbaut_RAS-Arquitectura_15_int07-150x150.jpg 150w\" sizes=\"auto, (max-width: 120px) 100vw, 120px\" \/><\/a>\n\t\t\t<\/div><\/figure><figure class='gallery-item'>\n\t\t\t<div class='gallery-icon portrait'>\n\t\t\t\t<a href='https:\/\/veredes.es\/blog\/wp-content\/uploads\/2016\/10\/Apartamento-Tibbaut_RAS-Arquitectura_16_int08.jpg'><img loading=\"lazy\" decoding=\"async\" width=\"120\" height=\"120\" src=\"https:\/\/veredes.es\/blog\/wp-content\/uploads\/2016\/10\/Apartamento-Tibbaut_RAS-Arquitectura_16_int08-120x120.jpg\" class=\"attachment-thumbnail size-thumbnail\" alt=\"\" srcset=\"https:\/\/veredes.es\/blog\/wp-content\/uploads\/2016\/10\/Apartamento-Tibbaut_RAS-Arquitectura_16_int08-120x120.jpg 120w, https:\/\/veredes.es\/blog\/wp-content\/uploads\/2016\/10\/Apartamento-Tibbaut_RAS-Arquitectura_16_int08-150x150.jpg 150w\" sizes=\"auto, (max-width: 120px) 100vw, 120px\" \/><\/a>\n\t\t\t<\/div><\/figure><figure class='gallery-item'>\n\t\t\t<div class='gallery-icon landscape'>\n\t\t\t\t<a href='https:\/\/veredes.es\/blog\/wp-content\/uploads\/2016\/10\/Apartamento-Tibbaut_RAS-Arquitectura_17_int09.jpg'><img loading=\"lazy\" decoding=\"async\" width=\"120\" height=\"120\" src=\"https:\/\/veredes.es\/blog\/wp-content\/uploads\/2016\/10\/Apartamento-Tibbaut_RAS-Arquitectura_17_int09-120x120.jpg\" class=\"attachment-thumbnail size-thumbnail\" alt=\"\" srcset=\"https:\/\/veredes.es\/blog\/wp-content\/uploads\/2016\/10\/Apartamento-Tibbaut_RAS-Arquitectura_17_int09-120x120.jpg 120w, https:\/\/veredes.es\/blog\/wp-content\/uploads\/2016\/10\/Apartamento-Tibbaut_RAS-Arquitectura_17_int09-150x150.jpg 150w\" sizes=\"auto, (max-width: 120px) 100vw, 120px\" \/><\/a>\n\t\t\t<\/div><\/figure><figure class='gallery-item'>\n\t\t\t<div class='gallery-icon landscape'>\n\t\t\t\t<a href='https:\/\/veredes.es\/blog\/wp-content\/uploads\/2016\/10\/Apartamento-Tibbaut_RAS-Arquitectura_18_int10.jpg'><img loading=\"lazy\" decoding=\"async\" width=\"120\" height=\"120\" src=\"https:\/\/veredes.es\/blog\/wp-content\/uploads\/2016\/10\/Apartamento-Tibbaut_RAS-Arquitectura_18_int10-120x120.jpg\" class=\"attachment-thumbnail size-thumbnail\" alt=\"\" srcset=\"https:\/\/veredes.es\/blog\/wp-content\/uploads\/2016\/10\/Apartamento-Tibbaut_RAS-Arquitectura_18_int10-120x120.jpg 120w, https:\/\/veredes.es\/blog\/wp-content\/uploads\/2016\/10\/Apartamento-Tibbaut_RAS-Arquitectura_18_int10-150x150.jpg 150w\" sizes=\"auto, (max-width: 120px) 100vw, 120px\" \/><\/a>\n\t\t\t<\/div><\/figure><figure class='gallery-item'>\n\t\t\t<div class='gallery-icon portrait'>\n\t\t\t\t<a href='https:\/\/veredes.es\/blog\/wp-content\/uploads\/2016\/10\/Apartamento-Tibbaut_RAS-Arquitectura_19_int11.jpg'><img loading=\"lazy\" decoding=\"async\" width=\"120\" height=\"120\" src=\"https:\/\/veredes.es\/blog\/wp-content\/uploads\/2016\/10\/Apartamento-Tibbaut_RAS-Arquitectura_19_int11-120x120.jpg\" class=\"attachment-thumbnail size-thumbnail\" alt=\"\" srcset=\"https:\/\/veredes.es\/blog\/wp-content\/uploads\/2016\/10\/Apartamento-Tibbaut_RAS-Arquitectura_19_int11-120x120.jpg 120w, https:\/\/veredes.es\/blog\/wp-content\/uploads\/2016\/10\/Apartamento-Tibbaut_RAS-Arquitectura_19_int11-150x150.jpg 150w\" sizes=\"auto, (max-width: 120px) 100vw, 120px\" \/><\/a>\n\t\t\t<\/div><\/figure><figure class='gallery-item'>\n\t\t\t<div class='gallery-icon portrait'>\n\t\t\t\t<a href='https:\/\/veredes.es\/blog\/wp-content\/uploads\/2016\/10\/Apartamento-Tibbaut_RAS-Arquitectura_20_int12.jpg'><img loading=\"lazy\" decoding=\"async\" width=\"120\" height=\"120\" src=\"https:\/\/veredes.es\/blog\/wp-content\/uploads\/2016\/10\/Apartamento-Tibbaut_RAS-Arquitectura_20_int12-120x120.jpg\" class=\"attachment-thumbnail size-thumbnail\" alt=\"\" srcset=\"https:\/\/veredes.es\/blog\/wp-content\/uploads\/2016\/10\/Apartamento-Tibbaut_RAS-Arquitectura_20_int12-120x120.jpg 120w, https:\/\/veredes.es\/blog\/wp-content\/uploads\/2016\/10\/Apartamento-Tibbaut_RAS-Arquitectura_20_int12-298x300.jpg 298w, https:\/\/veredes.es\/blog\/wp-content\/uploads\/2016\/10\/Apartamento-Tibbaut_RAS-Arquitectura_20_int12-150x150.jpg 150w, https:\/\/veredes.es\/blog\/wp-content\/uploads\/2016\/10\/Apartamento-Tibbaut_RAS-Arquitectura_20_int12.jpg 794w\" sizes=\"auto, (max-width: 120px) 100vw, 120px\" \/><\/a>\n\t\t\t<\/div><\/figure><figure class='gallery-item'>\n\t\t\t<div class='gallery-icon landscape'>\n\t\t\t\t<a href='https:\/\/veredes.es\/blog\/wp-content\/uploads\/2016\/10\/Apartamento-Tibbaut_RAS-Arquitectura_21_int13.jpg'><img loading=\"lazy\" decoding=\"async\" width=\"120\" height=\"120\" src=\"https:\/\/veredes.es\/blog\/wp-content\/uploads\/2016\/10\/Apartamento-Tibbaut_RAS-Arquitectura_21_int13-120x120.jpg\" class=\"attachment-thumbnail size-thumbnail\" alt=\"\" srcset=\"https:\/\/veredes.es\/blog\/wp-content\/uploads\/2016\/10\/Apartamento-Tibbaut_RAS-Arquitectura_21_int13-120x120.jpg 120w, https:\/\/veredes.es\/blog\/wp-content\/uploads\/2016\/10\/Apartamento-Tibbaut_RAS-Arquitectura_21_int13-150x150.jpg 150w\" sizes=\"auto, (max-width: 120px) 100vw, 120px\" \/><\/a>\n\t\t\t<\/div><\/figure><figure class='gallery-item'>\n\t\t\t<div class='gallery-icon landscape'>\n\t\t\t\t<a href='https:\/\/veredes.es\/blog\/wp-content\/uploads\/2016\/10\/Apartamento-Tibbaut_RAS-Arquitectura_22_int14.jpg'><img loading=\"lazy\" decoding=\"async\" width=\"120\" height=\"120\" src=\"https:\/\/veredes.es\/blog\/wp-content\/uploads\/2016\/10\/Apartamento-Tibbaut_RAS-Arquitectura_22_int14-120x120.jpg\" class=\"attachment-thumbnail size-thumbnail\" alt=\"\" srcset=\"https:\/\/veredes.es\/blog\/wp-content\/uploads\/2016\/10\/Apartamento-Tibbaut_RAS-Arquitectura_22_int14-120x120.jpg 120w, https:\/\/veredes.es\/blog\/wp-content\/uploads\/2016\/10\/Apartamento-Tibbaut_RAS-Arquitectura_22_int14-150x150.jpg 150w\" sizes=\"auto, (max-width: 120px) 100vw, 120px\" \/><\/a>\n\t\t\t<\/div><\/figure>\n\t\t<\/div>\n\n<p style=\"text-align: justify;\">Obra: Apartamento Tibbaut<br \/>\nAutor: RAS Arquitectura<br \/>\nLugar: Barcelona, Espa\u00f1a<br \/>\nIngenier\u00eda: Mar\u00e9s ingenieros<br \/>\nEstructuras: Sustenta<br \/>\nProyecto: 2014<br \/>\nObra: Enero\/Junio 2015<br \/>\nCliente: Privado<br \/>\n\u00c1rea construida: 55m2<br \/>\nFotograf\u00eda: <a href=\"https:\/\/www.josehevia.es\/\" target=\"_blank\" rel=\"noopener noreferrer\">Jos\u00e9 Hevia<\/a><br \/>\n<span style=\"color: #999999;\">+ rasarquitectura.com<\/span><\/p>\n<p style=\"text-align: justify;\"><strong>Publicaciones<\/strong><\/p>\n<p>. papel<br \/>\nfuturo imperfecto, fundaci\u00f3n Arquia. 2016<br \/>\nframe #107<br \/>\nmexicodesign #39<\/p>\n<p>. digital<br \/>\ningl\u00e9s \/ <a href=\"https:\/\/www.dezeen.com\/2015\/07\/22\/raul-sanchez-vaulted-basement-apartment-barcelona-curving-pine-partition\/\" target=\"_blank\" rel=\"noopener noreferrer\">dezeen<\/a> <a href=\"http:\/\/www.archdaily.com\/770761\/apartamento-tibbaut-ras-arquitectura\" target=\"_blank\" rel=\"noopener noreferrer\">archdaily<\/a> thisispaper <a href=\"http:\/\/www.designboom.com\/architecture\/ras-architecture-apartment-tibbaut-barcelona-spain-07-31-2015\/\" target=\"_blank\" rel=\"noopener noreferrer\">designboom<\/a><br \/>\nespa\u00f1ol \/ <a href=\"http:\/\/www.metalocus.es\/\" target=\"_blank\" rel=\"noopener noreferrer\">metalocus<\/a> <a href=\"http:\/\/www.plataformaarquitectura.cl\/cl\/770762\/apartamento-tibbaut-ras-arquitectura\" target=\"_blank\" rel=\"noopener noreferrer\">plataformadearquitectura<\/a> <a href=\"https:\/\/revistaplot.com\/\" target=\"_blank\" rel=\"noopener noreferrer\">revistaplot<\/a><br \/>\nalem\u00e1n \/ <a href=\"https:\/\/www.ad-magazin.de\/article\/2015-11-himmlischer-untergrund\" target=\"_blank\" rel=\"noopener noreferrer\">architectural digest<\/a> <a href=\"http:\/\/www.baunetz.de\/meldungen\/Meldungen-Kellerumbau_in_Barcelona_4457895.html\" target=\"_blank\" rel=\"noopener noreferrer\">baunetz<\/a> ait<br \/>\nitaliano \/ <a href=\"https:\/\/www.domusweb.it\" target=\"_blank\" rel=\"noopener noreferrer\">domus<\/a><br \/>\nfranc\u00e9s \/ <a href=\"http:\/\/www.journal-du-design.fr\/architecture\/appartement-tibbaut-par-ras-arquitectura-62145\/\" target=\"_blank\" rel=\"noopener noreferrer\">journaldudesign<\/a><br \/>\nchino \/ <a href=\"https:\/\/www.gooood.cn\/apartment-tibbaut-by-ras.htm\" target=\"_blank\" rel=\"noopener noreferrer\">gooood<\/a> <a href=\"http:\/\/www.archdaily.cn\/cn\/770848\/apartment-tibbaut-ras-arquitectura\" target=\"_blank\" rel=\"noopener noreferrer\">archdailychina<\/a><br \/>\nruso \/ <a href=\"http:\/\/www.admagazine.ru\/inter\/76318_kvartira-v-podvale-v-barselone-60-m.php\" target=\"_blank\" rel=\"noopener noreferrer\">architecturaldigestrussia<\/a><\/p>\n<p>&nbsp;<\/p>","protected":false},"excerpt":{"rendered":"<p>La intervenci\u00f3n se lleva a cabo en un espacio subterr\u00e1neo, cerca del mar, con apenas iluminaci\u00f3n desde el exterior y en un estado previo que presentaba serios problemas de humedad. A\u00fan as\u00ed, en el interior de un edificio de construcci\u00f3n muy humilde, el espacio, muy reducido, de apenas 55m2, presentaba un aspecto completamente monumental, presidido [&hellip;]<\/p>\n","protected":false},"author":2,"featured_media":62276,"comment_status":"open","ping_status":"closed","sticky":false,"template":"","format":"standard","meta":{"footnotes":""},"categories":[34,23,2039,1159,5951,58],"tags":[7401,6267,191,392,3064,12716,12717,12464,12465,1357,12454,6188,6318],"class_list":{"0":"post-62264","1":"post","2":"type-post","3":"status-publish","4":"format-standard","5":"has-post-thumbnail","7":"category-arquitectura","8":"category-obras","9":"category-reforma-interior","10":"category-rehabilitacion","11":"category-slider-principal","12":"category-vivienda-colectiva","13":"tag-arquitectura-andaluza","14":"tag-arquitectura-catalana","15":"tag-barcelona","16":"tag-crisis-economica","17":"tag-economia-urbana","18":"tag-ras-arquitectura","19":"tag-raul-sanchez","20":"tag-rehabilitacion","21":"tag-vivienda","22":"tag-vivienda-bajo-coste","23":"tag-vivienda-colectiva","24":"tag-vivienda-economica","25":"tag-vivienda-entremedianera"},"yoast_head":"<!-- This site is optimized with the Yoast SEO plugin v27.4 - https:\/\/yoast.com\/product\/yoast-seo-wordpress\/ -->\n<title>Apartamento Tibbaut | RAS Arquitectura - veredes<\/title>\n<meta name=\"description\" content=\"Toda la informaci\u00f3n sobre: [:es]Apartamento Tibbaut | RAS Arquitectura[:gl]Apartamento Tibbaut | RAS Arquitectura[:en]Apartment Tibbaut | RAS Arquitectura[:]\" \/>\n<meta name=\"robots\" content=\"index, follow, max-snippet:-1, max-image-preview:large, max-video-preview:-1\" \/>\n<link rel=\"canonical\" href=\"https:\/\/veredes.es\/blog\/apartamento-tibbaut-ras-arquitectura\/\" \/>\n<meta property=\"og:locale\" content=\"es_ES\" \/>\n<meta property=\"og:type\" content=\"article\" \/>\n<meta property=\"og:title\" content=\"[:es]Apartamento Tibbaut | RAS Arquitectura[:gl]Apartamento Tibbaut | RAS Arquitectura[:en]Apartment Tibbaut | RAS Arquitectura[:] - veredes\" \/>\n<meta property=\"og:description\" content=\"Toda la informaci\u00f3n sobre: [:es]Apartamento Tibbaut | RAS Arquitectura[:gl]Apartamento Tibbaut | RAS Arquitectura[:en]Apartment Tibbaut | RAS Arquitectura[:]\" \/>\n<meta property=\"og:url\" content=\"https:\/\/veredes.es\/blog\/apartamento-tibbaut-ras-arquitectura\/\" \/>\n<meta property=\"og:site_name\" content=\"veredes, arquitectura y divulgaci\u00f3n\" \/>\n<meta property=\"article:publisher\" content=\"https:\/\/www.facebook.com\/veredesArquitecturayDivulgacion\/\" \/>\n<meta property=\"article:author\" content=\"https:\/\/www.facebook.com\/veredesArquitecturayDivulgacion\/\" \/>\n<meta property=\"article:published_time\" content=\"2016-11-01T23:45:24+00:00\" \/>\n<meta property=\"article:modified_time\" content=\"2022-03-14T07:29:36+00:00\" \/>\n<meta property=\"og:image\" content=\"https:\/\/veredes.es\/blog\/wp-content\/uploads\/2016\/10\/Apartamento-Tibbaut_RAS-Arquitectura_12_int04.jpg\" \/>\n\t<meta property=\"og:image:width\" content=\"839\" \/>\n\t<meta property=\"og:image:height\" content=\"800\" \/>\n\t<meta property=\"og:image:type\" content=\"image\/jpeg\" \/>\n<meta name=\"author\" content=\"veredes\" \/>\n<meta name=\"twitter:card\" content=\"summary_large_image\" \/>\n<meta name=\"twitter:creator\" content=\"@https:\/\/twitter.com\/veredes\" \/>\n<meta name=\"twitter:site\" content=\"@veredes\" \/>\n<meta name=\"twitter:label1\" content=\"Escrito por\" \/>\n\t<meta name=\"twitter:data1\" content=\"veredes\" \/>\n\t<meta name=\"twitter:label2\" content=\"Tiempo de lectura\" \/>\n\t<meta name=\"twitter:data2\" content=\"8 minutos\" \/>\n<script type=\"application\/ld+json\" class=\"yoast-schema-graph\">{\"@context\":\"https:\\\/\\\/schema.org\",\"@graph\":[{\"@type\":\"Article\",\"@id\":\"https:\\\/\\\/veredes.es\\\/blog\\\/apartamento-tibbaut-ras-arquitectura\\\/#article\",\"isPartOf\":{\"@id\":\"https:\\\/\\\/veredes.es\\\/blog\\\/apartamento-tibbaut-ras-arquitectura\\\/\"},\"author\":{\"name\":\"veredes\",\"@id\":\"https:\\\/\\\/veredes.es\\\/blog\\\/#\\\/schema\\\/person\\\/0bbb669073ef7faba5168a0844e93d2c\"},\"headline\":\"Apartamento Tibbaut | RAS Arquitectura\",\"datePublished\":\"2016-11-01T23:45:24+00:00\",\"dateModified\":\"2022-03-14T07:29:36+00:00\",\"mainEntityOfPage\":{\"@id\":\"https:\\\/\\\/veredes.es\\\/blog\\\/apartamento-tibbaut-ras-arquitectura\\\/\"},\"wordCount\":1542,\"commentCount\":0,\"publisher\":{\"@id\":\"https:\\\/\\\/veredes.es\\\/blog\\\/#organization\"},\"image\":{\"@id\":\"https:\\\/\\\/veredes.es\\\/blog\\\/apartamento-tibbaut-ras-arquitectura\\\/#primaryimage\"},\"thumbnailUrl\":\"https:\\\/\\\/veredes.es\\\/blog\\\/wp-content\\\/uploads\\\/2016\\\/10\\\/Apartamento-Tibbaut_RAS-Arquitectura_12_int04.jpg\",\"keywords\":[\"arquitectura andaluza\",\"arquitectura catalana\",\"Barcelona\",\"crisis econ\u00f3mica\",\"econom\u00eda urbana\",\"RAS Arquitectura\",\"Ra\u00fal S\u00e1nchez\",\"rehabilitaci\u00f3n\",\"vivienda\",\"vivienda bajo coste\",\"vivienda colectiva\",\"vivienda econ\u00f3mica\",\"vivienda entremedianera\"],\"articleSection\":[\"arquitectura\",\"obras\",\"reforma interior\",\"rehabilitaci\u00f3n\",\"slider principal\",\"vivienda colectiva\"],\"inLanguage\":\"es\",\"potentialAction\":[{\"@type\":\"CommentAction\",\"name\":\"Comment\",\"target\":[\"https:\\\/\\\/veredes.es\\\/blog\\\/apartamento-tibbaut-ras-arquitectura\\\/#respond\"]}]},{\"@type\":\"WebPage\",\"@id\":\"https:\\\/\\\/veredes.es\\\/blog\\\/apartamento-tibbaut-ras-arquitectura\\\/\",\"url\":\"https:\\\/\\\/veredes.es\\\/blog\\\/apartamento-tibbaut-ras-arquitectura\\\/\",\"name\":\"[:es]Apartamento Tibbaut | RAS Arquitectura[:gl]Apartamento Tibbaut | RAS Arquitectura[:en]Apartment Tibbaut | RAS Arquitectura[:] - veredes\",\"isPartOf\":{\"@id\":\"https:\\\/\\\/veredes.es\\\/blog\\\/#website\"},\"primaryImageOfPage\":{\"@id\":\"https:\\\/\\\/veredes.es\\\/blog\\\/apartamento-tibbaut-ras-arquitectura\\\/#primaryimage\"},\"image\":{\"@id\":\"https:\\\/\\\/veredes.es\\\/blog\\\/apartamento-tibbaut-ras-arquitectura\\\/#primaryimage\"},\"thumbnailUrl\":\"https:\\\/\\\/veredes.es\\\/blog\\\/wp-content\\\/uploads\\\/2016\\\/10\\\/Apartamento-Tibbaut_RAS-Arquitectura_12_int04.jpg\",\"datePublished\":\"2016-11-01T23:45:24+00:00\",\"dateModified\":\"2022-03-14T07:29:36+00:00\",\"description\":\"Toda la informaci\u00f3n sobre: [:es]Apartamento Tibbaut | RAS Arquitectura[:gl]Apartamento Tibbaut | RAS Arquitectura[:en]Apartment Tibbaut | RAS Arquitectura[:]\",\"breadcrumb\":{\"@id\":\"https:\\\/\\\/veredes.es\\\/blog\\\/apartamento-tibbaut-ras-arquitectura\\\/#breadcrumb\"},\"inLanguage\":\"es\",\"potentialAction\":[{\"@type\":\"ReadAction\",\"target\":[\"https:\\\/\\\/veredes.es\\\/blog\\\/apartamento-tibbaut-ras-arquitectura\\\/\"]}]},{\"@type\":\"ImageObject\",\"inLanguage\":\"es\",\"@id\":\"https:\\\/\\\/veredes.es\\\/blog\\\/apartamento-tibbaut-ras-arquitectura\\\/#primaryimage\",\"url\":\"https:\\\/\\\/veredes.es\\\/blog\\\/wp-content\\\/uploads\\\/2016\\\/10\\\/Apartamento-Tibbaut_RAS-Arquitectura_12_int04.jpg\",\"contentUrl\":\"https:\\\/\\\/veredes.es\\\/blog\\\/wp-content\\\/uploads\\\/2016\\\/10\\\/Apartamento-Tibbaut_RAS-Arquitectura_12_int04.jpg\",\"width\":839,\"height\":800},{\"@type\":\"BreadcrumbList\",\"@id\":\"https:\\\/\\\/veredes.es\\\/blog\\\/apartamento-tibbaut-ras-arquitectura\\\/#breadcrumb\",\"itemListElement\":[{\"@type\":\"ListItem\",\"position\":1,\"name\":\"Portada\",\"item\":\"https:\\\/\\\/veredes.es\\\/blog\\\/\"},{\"@type\":\"ListItem\",\"position\":2,\"name\":\"[:es]Apartamento Tibbaut | RAS Arquitectura[:gl]Apartamento Tibbaut | RAS Arquitectura[:en]Apartment Tibbaut | RAS Arquitectura[:]\"}]},{\"@type\":\"WebSite\",\"@id\":\"https:\\\/\\\/veredes.es\\\/blog\\\/#website\",\"url\":\"https:\\\/\\\/veredes.es\\\/blog\\\/\",\"name\":\"veredes, arquitectura y divulgaci\u00f3n\",\"description\":\"veredes\",\"publisher\":{\"@id\":\"https:\\\/\\\/veredes.es\\\/blog\\\/#organization\"},\"alternateName\":\"veredes\",\"potentialAction\":[{\"@type\":\"SearchAction\",\"target\":{\"@type\":\"EntryPoint\",\"urlTemplate\":\"https:\\\/\\\/veredes.es\\\/blog\\\/?s={search_term_string}\"},\"query-input\":{\"@type\":\"PropertyValueSpecification\",\"valueRequired\":true,\"valueName\":\"search_term_string\"}}],\"inLanguage\":\"es\"},{\"@type\":\"Organization\",\"@id\":\"https:\\\/\\\/veredes.es\\\/blog\\\/#organization\",\"name\":\"veredes, arquitectura y divulgaci\u00f3n\",\"alternateName\":\"veredes\",\"url\":\"https:\\\/\\\/veredes.es\\\/blog\\\/\",\"logo\":{\"@type\":\"ImageObject\",\"inLanguage\":\"es\",\"@id\":\"https:\\\/\\\/veredes.es\\\/blog\\\/#\\\/schema\\\/logo\\\/image\\\/\",\"url\":\"https:\\\/\\\/veredes.es\\\/blog\\\/wp-content\\\/uploads\\\/2021\\\/12\\\/veredes-logo-centrado_140x54.png\",\"contentUrl\":\"https:\\\/\\\/veredes.es\\\/blog\\\/wp-content\\\/uploads\\\/2021\\\/12\\\/veredes-logo-centrado_140x54.png\",\"width\":140,\"height\":54,\"caption\":\"veredes, arquitectura y divulgaci\u00f3n\"},\"image\":{\"@id\":\"https:\\\/\\\/veredes.es\\\/blog\\\/#\\\/schema\\\/logo\\\/image\\\/\"},\"sameAs\":[\"https:\\\/\\\/www.facebook.com\\\/veredesArquitecturayDivulgacion\\\/\",\"https:\\\/\\\/x.com\\\/veredes\",\"https:\\\/\\\/instagram.com\\\/veredes\\\/\",\"https:\\\/\\\/www.linkedin.com\\\/company\\\/veredes-arquitectura-y-divulgacion\\\/\",\"https:\\\/\\\/es.pinterest.com\\\/veredes\\\/\",\"https:\\\/\\\/www.tumblr.com\\\/veredes\"]},{\"@type\":\"Person\",\"@id\":\"https:\\\/\\\/veredes.es\\\/blog\\\/#\\\/schema\\\/person\\\/0bbb669073ef7faba5168a0844e93d2c\",\"name\":\"veredes\",\"image\":{\"@type\":\"ImageObject\",\"inLanguage\":\"es\",\"@id\":\"https:\\\/\\\/veredes.es\\\/blog\\\/wp-content\\\/uploads\\\/2018\\\/04\\\/face-96x96.jpg\",\"url\":\"https:\\\/\\\/veredes.es\\\/blog\\\/wp-content\\\/uploads\\\/2018\\\/04\\\/face-96x96.jpg\",\"contentUrl\":\"https:\\\/\\\/veredes.es\\\/blog\\\/wp-content\\\/uploads\\\/2018\\\/04\\\/face-96x96.jpg\",\"caption\":\"veredes\"},\"description\":\"Surge enero de 2009 como b\u00fasqueda de satisfacer el conocimiento de la actividad arquitect\u00f3nica y tangentes que se generan. La idea es crear un espacio para divulgar los diversos proyectos en busca de nueva inspiraci\u00f3n y de intercambio.\",\"sameAs\":[\"https:\\\/\\\/veredes.es\\\/\",\"https:\\\/\\\/www.facebook.com\\\/veredesArquitecturayDivulgacion\\\/\",\"https:\\\/\\\/www.instagram.com\\\/veredes\\\/\",\"https:\\\/\\\/www.linkedin.com\\\/company\\\/veredes-arquitectura-y-divulgacion\\\/\",\"https:\\\/\\\/www.pinterest.es\\\/veredes\\\/\",\"https:\\\/\\\/x.com\\\/https:\\\/\\\/twitter.com\\\/veredes\",\"https:\\\/\\\/veredes.tumblr.com\\\/\"],\"url\":\"https:\\\/\\\/veredes.es\\\/blog\\\/author\\\/alberto\\\/\"}]}<\/script>\n<!-- \/ Yoast SEO plugin. -->","yoast_head_json":{"title":"[:es]Apartamento Tibbaut | RAS Arquitectura[:gl]Apartamento Tibbaut | RAS Arquitectura[:en]Apartment Tibbaut | RAS Arquitectura[:] - veredes","description":"Toda la informaci\u00f3n sobre: [:es]Apartamento Tibbaut | RAS Arquitectura[:gl]Apartamento Tibbaut | RAS Arquitectura[:en]Apartment Tibbaut | RAS Arquitectura[:]","robots":{"index":"index","follow":"follow","max-snippet":"max-snippet:-1","max-image-preview":"max-image-preview:large","max-video-preview":"max-video-preview:-1"},"canonical":"https:\/\/veredes.es\/blog\/apartamento-tibbaut-ras-arquitectura\/","og_locale":"es_ES","og_type":"article","og_title":"[:es]Apartamento Tibbaut | RAS Arquitectura[:gl]Apartamento Tibbaut | RAS Arquitectura[:en]Apartment Tibbaut | RAS Arquitectura[:] - veredes","og_description":"Toda la informaci\u00f3n sobre: [:es]Apartamento Tibbaut | RAS Arquitectura[:gl]Apartamento Tibbaut | RAS Arquitectura[:en]Apartment Tibbaut | RAS Arquitectura[:]","og_url":"https:\/\/veredes.es\/blog\/apartamento-tibbaut-ras-arquitectura\/","og_site_name":"veredes, arquitectura y divulgaci\u00f3n","article_publisher":"https:\/\/www.facebook.com\/veredesArquitecturayDivulgacion\/","article_author":"https:\/\/www.facebook.com\/veredesArquitecturayDivulgacion\/","article_published_time":"2016-11-01T23:45:24+00:00","article_modified_time":"2022-03-14T07:29:36+00:00","og_image":[{"width":839,"height":800,"url":"https:\/\/veredes.es\/blog\/wp-content\/uploads\/2016\/10\/Apartamento-Tibbaut_RAS-Arquitectura_12_int04.jpg","type":"image\/jpeg"}],"author":"veredes","twitter_card":"summary_large_image","twitter_creator":"@https:\/\/twitter.com\/veredes","twitter_site":"@veredes","twitter_misc":{"Escrito por":"veredes","Tiempo de lectura":"8 minutos"},"schema":{"@context":"https:\/\/schema.org","@graph":[{"@type":"Article","@id":"https:\/\/veredes.es\/blog\/apartamento-tibbaut-ras-arquitectura\/#article","isPartOf":{"@id":"https:\/\/veredes.es\/blog\/apartamento-tibbaut-ras-arquitectura\/"},"author":{"name":"veredes","@id":"https:\/\/veredes.es\/blog\/#\/schema\/person\/0bbb669073ef7faba5168a0844e93d2c"},"headline":"Apartamento Tibbaut | RAS Arquitectura","datePublished":"2016-11-01T23:45:24+00:00","dateModified":"2022-03-14T07:29:36+00:00","mainEntityOfPage":{"@id":"https:\/\/veredes.es\/blog\/apartamento-tibbaut-ras-arquitectura\/"},"wordCount":1542,"commentCount":0,"publisher":{"@id":"https:\/\/veredes.es\/blog\/#organization"},"image":{"@id":"https:\/\/veredes.es\/blog\/apartamento-tibbaut-ras-arquitectura\/#primaryimage"},"thumbnailUrl":"https:\/\/veredes.es\/blog\/wp-content\/uploads\/2016\/10\/Apartamento-Tibbaut_RAS-Arquitectura_12_int04.jpg","keywords":["arquitectura andaluza","arquitectura catalana","Barcelona","crisis econ\u00f3mica","econom\u00eda urbana","RAS Arquitectura","Ra\u00fal S\u00e1nchez","rehabilitaci\u00f3n","vivienda","vivienda bajo coste","vivienda colectiva","vivienda econ\u00f3mica","vivienda entremedianera"],"articleSection":["arquitectura","obras","reforma interior","rehabilitaci\u00f3n","slider principal","vivienda colectiva"],"inLanguage":"es","potentialAction":[{"@type":"CommentAction","name":"Comment","target":["https:\/\/veredes.es\/blog\/apartamento-tibbaut-ras-arquitectura\/#respond"]}]},{"@type":"WebPage","@id":"https:\/\/veredes.es\/blog\/apartamento-tibbaut-ras-arquitectura\/","url":"https:\/\/veredes.es\/blog\/apartamento-tibbaut-ras-arquitectura\/","name":"[:es]Apartamento Tibbaut | RAS Arquitectura[:gl]Apartamento Tibbaut | RAS Arquitectura[:en]Apartment Tibbaut | RAS Arquitectura[:] - veredes","isPartOf":{"@id":"https:\/\/veredes.es\/blog\/#website"},"primaryImageOfPage":{"@id":"https:\/\/veredes.es\/blog\/apartamento-tibbaut-ras-arquitectura\/#primaryimage"},"image":{"@id":"https:\/\/veredes.es\/blog\/apartamento-tibbaut-ras-arquitectura\/#primaryimage"},"thumbnailUrl":"https:\/\/veredes.es\/blog\/wp-content\/uploads\/2016\/10\/Apartamento-Tibbaut_RAS-Arquitectura_12_int04.jpg","datePublished":"2016-11-01T23:45:24+00:00","dateModified":"2022-03-14T07:29:36+00:00","description":"Toda la informaci\u00f3n sobre: [:es]Apartamento Tibbaut | RAS Arquitectura[:gl]Apartamento Tibbaut | RAS Arquitectura[:en]Apartment Tibbaut | RAS Arquitectura[:]","breadcrumb":{"@id":"https:\/\/veredes.es\/blog\/apartamento-tibbaut-ras-arquitectura\/#breadcrumb"},"inLanguage":"es","potentialAction":[{"@type":"ReadAction","target":["https:\/\/veredes.es\/blog\/apartamento-tibbaut-ras-arquitectura\/"]}]},{"@type":"ImageObject","inLanguage":"es","@id":"https:\/\/veredes.es\/blog\/apartamento-tibbaut-ras-arquitectura\/#primaryimage","url":"https:\/\/veredes.es\/blog\/wp-content\/uploads\/2016\/10\/Apartamento-Tibbaut_RAS-Arquitectura_12_int04.jpg","contentUrl":"https:\/\/veredes.es\/blog\/wp-content\/uploads\/2016\/10\/Apartamento-Tibbaut_RAS-Arquitectura_12_int04.jpg","width":839,"height":800},{"@type":"BreadcrumbList","@id":"https:\/\/veredes.es\/blog\/apartamento-tibbaut-ras-arquitectura\/#breadcrumb","itemListElement":[{"@type":"ListItem","position":1,"name":"Portada","item":"https:\/\/veredes.es\/blog\/"},{"@type":"ListItem","position":2,"name":"[:es]Apartamento Tibbaut | RAS Arquitectura[:gl]Apartamento Tibbaut | RAS Arquitectura[:en]Apartment Tibbaut | RAS Arquitectura[:]"}]},{"@type":"WebSite","@id":"https:\/\/veredes.es\/blog\/#website","url":"https:\/\/veredes.es\/blog\/","name":"veredes, arquitectura y divulgaci\u00f3n","description":"veredes","publisher":{"@id":"https:\/\/veredes.es\/blog\/#organization"},"alternateName":"veredes","potentialAction":[{"@type":"SearchAction","target":{"@type":"EntryPoint","urlTemplate":"https:\/\/veredes.es\/blog\/?s={search_term_string}"},"query-input":{"@type":"PropertyValueSpecification","valueRequired":true,"valueName":"search_term_string"}}],"inLanguage":"es"},{"@type":"Organization","@id":"https:\/\/veredes.es\/blog\/#organization","name":"veredes, arquitectura y divulgaci\u00f3n","alternateName":"veredes","url":"https:\/\/veredes.es\/blog\/","logo":{"@type":"ImageObject","inLanguage":"es","@id":"https:\/\/veredes.es\/blog\/#\/schema\/logo\/image\/","url":"https:\/\/veredes.es\/blog\/wp-content\/uploads\/2021\/12\/veredes-logo-centrado_140x54.png","contentUrl":"https:\/\/veredes.es\/blog\/wp-content\/uploads\/2021\/12\/veredes-logo-centrado_140x54.png","width":140,"height":54,"caption":"veredes, arquitectura y divulgaci\u00f3n"},"image":{"@id":"https:\/\/veredes.es\/blog\/#\/schema\/logo\/image\/"},"sameAs":["https:\/\/www.facebook.com\/veredesArquitecturayDivulgacion\/","https:\/\/x.com\/veredes","https:\/\/instagram.com\/veredes\/","https:\/\/www.linkedin.com\/company\/veredes-arquitectura-y-divulgacion\/","https:\/\/es.pinterest.com\/veredes\/","https:\/\/www.tumblr.com\/veredes"]},{"@type":"Person","@id":"https:\/\/veredes.es\/blog\/#\/schema\/person\/0bbb669073ef7faba5168a0844e93d2c","name":"veredes","image":{"@type":"ImageObject","inLanguage":"es","@id":"https:\/\/veredes.es\/blog\/wp-content\/uploads\/2018\/04\/face-96x96.jpg","url":"https:\/\/veredes.es\/blog\/wp-content\/uploads\/2018\/04\/face-96x96.jpg","contentUrl":"https:\/\/veredes.es\/blog\/wp-content\/uploads\/2018\/04\/face-96x96.jpg","caption":"veredes"},"description":"Surge enero de 2009 como b\u00fasqueda de satisfacer el conocimiento de la actividad arquitect\u00f3nica y tangentes que se generan. La idea es crear un espacio para divulgar los diversos proyectos en busca de nueva inspiraci\u00f3n y de intercambio.","sameAs":["https:\/\/veredes.es\/","https:\/\/www.facebook.com\/veredesArquitecturayDivulgacion\/","https:\/\/www.instagram.com\/veredes\/","https:\/\/www.linkedin.com\/company\/veredes-arquitectura-y-divulgacion\/","https:\/\/www.pinterest.es\/veredes\/","https:\/\/x.com\/https:\/\/twitter.com\/veredes","https:\/\/veredes.tumblr.com\/"],"url":"https:\/\/veredes.es\/blog\/author\/alberto\/"}]}},"_links":{"self":[{"href":"https:\/\/veredes.es\/blog\/wp-json\/wp\/v2\/posts\/62264","targetHints":{"allow":["GET"]}}],"collection":[{"href":"https:\/\/veredes.es\/blog\/wp-json\/wp\/v2\/posts"}],"about":[{"href":"https:\/\/veredes.es\/blog\/wp-json\/wp\/v2\/types\/post"}],"author":[{"embeddable":true,"href":"https:\/\/veredes.es\/blog\/wp-json\/wp\/v2\/users\/2"}],"replies":[{"embeddable":true,"href":"https:\/\/veredes.es\/blog\/wp-json\/wp\/v2\/comments?post=62264"}],"version-history":[{"count":0,"href":"https:\/\/veredes.es\/blog\/wp-json\/wp\/v2\/posts\/62264\/revisions"}],"wp:featuredmedia":[{"embeddable":true,"href":"https:\/\/veredes.es\/blog\/wp-json\/wp\/v2\/media\/62276"}],"wp:attachment":[{"href":"https:\/\/veredes.es\/blog\/wp-json\/wp\/v2\/media?parent=62264"}],"wp:term":[{"taxonomy":"category","embeddable":true,"href":"https:\/\/veredes.es\/blog\/wp-json\/wp\/v2\/categories?post=62264"},{"taxonomy":"post_tag","embeddable":true,"href":"https:\/\/veredes.es\/blog\/wp-json\/wp\/v2\/tags?post=62264"}],"curies":[{"name":"wp","href":"https:\/\/api.w.org\/{rel}","templated":true}]}}