{"id":62118,"date":"2016-10-14T00:50:10","date_gmt":"2016-10-13T22:50:10","guid":{"rendered":"http:\/\/veredes.es\/blog\/?p=62118"},"modified":"2025-11-07T08:49:03","modified_gmt":"2025-11-07T07:49:03","slug":"la-arquitectura-la-suciedad-la-arquitectura-la-sociedad-stepienybarno","status":"publish","type":"post","link":"https:\/\/veredes.es\/blog\/la-arquitectura-la-suciedad-la-arquitectura-la-sociedad-stepienybarno\/","title":{"rendered":"De la arquitectura de la suciedad a la arquitectura de la sociedad | Stepienybarno"},"content":{"rendered":"<p><figure id=\"attachment_62119\" aria-describedby=\"caption-attachment-62119\" style=\"width: 750px\" class=\"wp-caption alignnone\"><img loading=\"lazy\" decoding=\"async\" class=\"wp-image-62119\" src=\"https:\/\/veredes.es\/blog\/wp-content\/uploads\/2016\/10\/Advocacy-planning-Urbanismo-al-servicio-de-la-justicia-social..jpg\" alt=\" Advocacy planning: Urbanismo al servicio de la justicia social | Strategic advocacy planning training, Budapest, septiembre 2012 \" width=\"750\" height=\"499\" srcset=\"https:\/\/veredes.es\/blog\/wp-content\/uploads\/2016\/10\/Advocacy-planning-Urbanismo-al-servicio-de-la-justicia-social..jpg 640w, https:\/\/veredes.es\/blog\/wp-content\/uploads\/2016\/10\/Advocacy-planning-Urbanismo-al-servicio-de-la-justicia-social.-300x200.jpg 300w, https:\/\/veredes.es\/blog\/wp-content\/uploads\/2016\/10\/Advocacy-planning-Urbanismo-al-servicio-de-la-justicia-social.-160x105.jpg 160w\" sizes=\"auto, (max-width: 750px) 100vw, 750px\" \/><figcaption id=\"caption-attachment-62119\" class=\"wp-caption-text\"><span style=\"color: #999999;\">Advocacy planning: Urbanismo al servicio de la justicia social | <a href=\"http:\/\/ilga-europe.org\/\" target=\"_blank\" rel=\"noopener noreferrer\">Strategic advocacy planning training, Budapest, septiembre 2012<\/a><\/span><\/figcaption><\/figure><\/p>\n<p style=\"text-align: justify;\">El pasado 20 de noviembre 2015, Anatxu Zabalbeascoa, mientras moderaba la estupenda <a href=\"https:\/\/veredes.es\/blog\/siza-x-siza\/\" target=\"_blank\" rel=\"noopener noreferrer\">mesa redonda<\/a> de <a href=\"https:\/\/veredes.es\/blog\/siza-x-siza\/\" target=\"_blank\" rel=\"noopener noreferrer\">Siza x Siza<\/a>, coment\u00f3 que la obra del maestro portugu\u00e9s, m\u00e1s all\u00e1 de sus evidentes bondades, ten\u00eda el plus de que estaba pensada cuidando todos los detalles -incluso el poco tratado tema de la limpieza del proyecto-. Para ilustrarlo hablaba de c\u00f3mo en uno de sus primeros proyectos, las piscinas de Leca de Palmeira, los vestuarios\u00a0 estaban dise\u00f1ados para ser limpiados con un simple manguerazo.<\/p>\n<p style=\"text-align: justify;\">Posteriormente Anatxu, ya en <em>petit comit\u00e9<\/em>, nos contaba que tanto el coste de las obras de arquitectura, como su posterior limpieza y mantenimiento eran dos temas que siempre le hab\u00edan interesado.<\/p>\n<figure id=\"attachment_62120\" aria-describedby=\"caption-attachment-62120\" style=\"width: 750px\" class=\"wp-caption alignnone\"><img loading=\"lazy\" decoding=\"async\" class=\"wp-image-62120\" src=\"http:\/\/veredes.es\/blog\/wp-content\/uploads\/2016\/10\/Piscinas-Le\u00e7a-de-Palmeira-de-\u00c1lvaro-Siza-Foto-Fernando-Guerra.png\" alt=\"Piscinas en Le\u00e7a de Palmeira de \u00c1lvaro Siza | Foto: Fernando Guerra_ FG+SG fotograf\u00eda de arquitectura | Publicada en Alvaro Siza. Obras completas 1952-2013 Editorial Taschen\" width=\"750\" height=\"528\" srcset=\"https:\/\/veredes.es\/blog\/wp-content\/uploads\/2016\/10\/Piscinas-Le\u00e7a-de-Palmeira-de-\u00c1lvaro-Siza-Foto-Fernando-Guerra.png 500w, https:\/\/veredes.es\/blog\/wp-content\/uploads\/2016\/10\/Piscinas-Le\u00e7a-de-Palmeira-de-\u00c1lvaro-Siza-Foto-Fernando-Guerra-300x211.png 300w\" sizes=\"auto, (max-width: 750px) 100vw, 750px\" \/><figcaption id=\"caption-attachment-62120\" class=\"wp-caption-text\"><span style=\"color: #999999;\">Piscinas en Le\u00e7a de Palmeira de \u00c1lvaro Siza | Foto: Fernando Guerra_ FG+SG fotograf\u00eda de arquitectura | Publicada en Alvaro Siza. Obras completas 1952-2013 Editorial Taschen<\/span><\/figcaption><\/figure>\n<p style=\"text-align: justify;\">En este sentido, nos pareci\u00f3 muy oportuna su intervenci\u00f3n pues, en los actuales tiempos en los que <strong>la imagen, y el postureo<\/strong>, son tan importantes (todo es ef\u00edmero casi por naturaleza), pararnos, como arquitectos, a <strong>pensar en el detalle y en lo que no se ve en la foto<\/strong>, nos parece de suma importancia. Ante tanto formalismo desatado y publicaci\u00f3n de cualquier proyecto que sea espectacular, bien nos viene volver a la esencia de la propia arquitectura y dejarnos de brindis al sol.<\/p>\n<p style=\"text-align: justify;\">De todas formas, esto no es nuevo y en la arquitectura muchas veces ha ido conviviendo la innovaci\u00f3n formal y tipol\u00f3gica, con grandes <strong>chapuzas constructivas.<\/strong> Es m\u00e1s, hasta un cierto punto, fue necesaria cierta temeridad constructiva, y asumir posibles goteras, para dar nacimiento, sin ir m\u00e1s lejos, a la arquitectura moderna<em>.<\/em><sup>1<\/sup><\/p>\n<p style=\"text-align: justify;\">No hay que olvidar que el propio Le Corbusier, era muy consciente de las consecuencias medi\u00e1ticas de sus proyectos e incluso de su propia persona. El <strong>marketing, <\/strong>que tanto sigue provocando sarpullido a muchos arquitectos, es algo que ha ido de la mano de los m\u00e1s grandes de la arquitectura; pero este es ya otro tema y en otros post nos ocuparemos de \u00e9l.<\/p>\n<p style=\"text-align: justify;\">En cualquier caso, una cosa es arriesgar en el l\u00edmite de la t\u00e9cnica, y otra, bien distinta, sucumbir ante el mundo del espect\u00e1culo.<\/p>\n<p style=\"text-align: justify;\">En muchos proyectos, aparecen vidrios demasiado grandes que son imposibles de limpiar, a no ser que se mont\u00e9 el circo para ello. En este sentido, con la llegada en el 2006 del CTE (se nos hace raro estar defendiendo semejante tocho lleno de contradicciones), se puso el acento en que los\u00a0 vidrios de las ventanas pudieran ser limpiables con facilidad. Aun as\u00ed, no es complicado ir por la calle y encontrarte a m\u00e1s de una persona jug\u00e1ndose la vida \u2013literal- para <strong>limpiar sus ventanas <\/strong>(\u00bfposible soluci\u00f3n?).<\/p>\n<p><iframe loading=\"lazy\" title=\"Robot Limpiacristales Winbot 730 - IBEROBOTICS Shop\" width=\"696\" height=\"522\" src=\"https:\/\/www.youtube.com\/embed\/0JDjR3_4_5s?feature=oembed\" frameborder=\"0\" allow=\"accelerometer; autoplay; clipboard-write; encrypted-media; gyroscope; picture-in-picture\" allowfullscreen><\/iframe><\/p>\n<p style=\"text-align: justify;\">Tampoco ayuda demasiado la t\u00edpica ventana corrida con la vitrocer\u00e1mica delante y a ras. Seguramente, quedar\u00e1 muy bien, pero desde el punto de vista de limpieza, desde luego que no.<\/p>\n<p style=\"text-align: justify;\">Otro aspecto dudoso que aparece, muchas veces, en la \u201carquitectura minimalista\u201d es el<strong> encuentro entre paramento vertical y horizontal<\/strong>; de hecho, lo que suelen hacer es encontrarse tal cual, pues un <strong>rodapi\u00e9 \u201c<\/strong>ensuciar\u00eda\u201d el proyecto. Curiosamente, lo que acabar\u00e1 ensuci\u00e1ndose, sin duda alguna, son los bajos de esa pared, una vez que el fot\u00f3grafo de turno haya hecho el reportaje del proyecto.<\/p>\n<p style=\"text-align: justify;\">Y as\u00ed podr\u00edamos seguir con la lista de soluciones proyectuales que no ayudan para nada al mantenimiento ni limpieza de los proyectos<em>.<\/em><sup>2<\/sup><\/p>\n<figure id=\"attachment_62123\" aria-describedby=\"caption-attachment-62123\" style=\"width: 750px\" class=\"wp-caption alignnone\"><img loading=\"lazy\" decoding=\"async\" class=\"wp-image-62123\" src=\"http:\/\/veredes.es\/blog\/wp-content\/uploads\/2016\/10\/Foto-de-reparaci\u00f3n-de-Palau-de-les-artsobra-de-Santiago-Calatrava-Foto-Jos\u00e9-Cuellar-para-El-Mundo.jpg\" alt=\"Reparaci\u00f3n de Palau de les arts,obra de Santiago Calatrava | Foto: Jos\u00e9 Cuellar para El Mundo\" width=\"750\" height=\"496\" srcset=\"https:\/\/veredes.es\/blog\/wp-content\/uploads\/2016\/10\/Foto-de-reparaci\u00f3n-de-Palau-de-les-artsobra-de-Santiago-Calatrava-Foto-Jos\u00e9-Cuellar-para-El-Mundo.jpg 500w, https:\/\/veredes.es\/blog\/wp-content\/uploads\/2016\/10\/Foto-de-reparaci\u00f3n-de-Palau-de-les-artsobra-de-Santiago-Calatrava-Foto-Jos\u00e9-Cuellar-para-El-Mundo-300x199.jpg 300w, https:\/\/veredes.es\/blog\/wp-content\/uploads\/2016\/10\/Foto-de-reparaci\u00f3n-de-Palau-de-les-artsobra-de-Santiago-Calatrava-Foto-Jos\u00e9-Cuellar-para-El-Mundo-160x105.jpg 160w\" sizes=\"auto, (max-width: 750px) 100vw, 750px\" \/><figcaption id=\"caption-attachment-62123\" class=\"wp-caption-text\"><span style=\"color: #999999;\">Reparaci\u00f3n de Palau de les arts,obra de Santiago Calatrava | Foto: Jos\u00e9 Cuellar para El Mundo<\/span><\/figcaption><\/figure>\n<p style=\"text-align: justify;\">Hace ya unos a\u00f1itos, cuando \u00e9ramos todav\u00eda estudiantes, no nos par\u00e1bamos demasiado a pensar qu\u00e9 hac\u00eda que un proyecto acabar\u00e1 siendo publicado en la AV o en el Croquis; sin demasiada reflexi\u00f3n al respecto, d\u00e1bamos por hecho que la buena arquitectura era la que se terminaba publicando.<\/p>\n<p style=\"text-align: justify;\">Y eso era as\u00ed, pero solo en parte. Sin ir m\u00e1s lejos, que una vez terminado el proyecto, se llame a un <strong>fot\u00f3grafo <\/strong>o a otro, har\u00e1 que las posibilidades de publicaci\u00f3n del proyecto aumenten considerablemente. Y por supuesto, los fot\u00f3grafos m\u00e1s caros, en general, son los que ten\u00edan y tienen los mejores <strong>contactos editoriales<\/strong>; as\u00ed que, ser portada de una revista de papel, puede pasar en gran parte por tener pasta para gastar en el reportaje del edificio<em>.<\/em><sup>3<\/sup><\/p>\n<p style=\"text-align: justify;\">Con ello, muchas veces la labor del fot\u00f3grafo -cuya necesidad y calidad de la mayor\u00eda de ellos, no dudamos- ha ido m\u00e1s all\u00e1 de retratar el edificio y se ha centrado en ocasiones en <strong>camuflar sus defectos<\/strong>, incluso usando el photoshop cuando hace falta. Sobre barandillas que aparecen o desaparecen en las fotos de los proyectos (seg\u00fan intereses) dar\u00eda para otro buen post.<\/p>\n<p style=\"text-align: justify;\">Seguro que no siempre es as\u00ed; pero s\u00ed en muchos casos. Como vemos este tipo de situaciones y actitudes est\u00e1n muy lejos del rigor con el que Anatxu hablaba de Siza.<\/p>\n<figure id=\"attachment_62124\" aria-describedby=\"caption-attachment-62124\" style=\"width: 750px\" class=\"wp-caption alignnone\"><img loading=\"lazy\" decoding=\"async\" class=\"wp-image-62124\" src=\"https:\/\/veredes.es\/blog\/wp-content\/uploads\/2016\/10\/Foto-del-rodapi\u00e9-de-la-escalera-del-Caixa-Forum-Madrid-Arquitectos-Herzog-de-Meuron-Fotos-de-Jos\u00e9-Ram\u00f3n-Hern\u00e1ndez-Corr.png\" alt=\"Rodapi\u00e9 de la escalera del Caixa Forum Madrid. Arquitectos: Herzog &amp; de Meuron | Fotos: Jos\u00e9 Ram\u00f3n Hern\u00e1ndez Correa\" width=\"750\" height=\"629\" srcset=\"https:\/\/veredes.es\/blog\/wp-content\/uploads\/2016\/10\/Foto-del-rodapi\u00e9-de-la-escalera-del-Caixa-Forum-Madrid-Arquitectos-Herzog-de-Meuron-Fotos-de-Jos\u00e9-Ram\u00f3n-Hern\u00e1ndez-Corr.png 500w, https:\/\/veredes.es\/blog\/wp-content\/uploads\/2016\/10\/Foto-del-rodapi\u00e9-de-la-escalera-del-Caixa-Forum-Madrid-Arquitectos-Herzog-de-Meuron-Fotos-de-Jos\u00e9-Ram\u00f3n-Hern\u00e1ndez-Corr-300x251.png 300w\" sizes=\"auto, (max-width: 750px) 100vw, 750px\" \/><figcaption id=\"caption-attachment-62124\" class=\"wp-caption-text\"><span style=\"color: #999999;\">Rodapi\u00e9 de la escalera del Caixa Forum Madrid. Arquitectos: Herzog &amp; de Meuron | Fotos: Jos\u00e9 Ram\u00f3n Hern\u00e1ndez Correa<\/span><\/figcaption><\/figure>\n<p style=\"text-align: justify;\">De esta forma, en demasiadas ocasiones la arquitectura ha olvidado su papel de servicio y se ha dejado engatusar por la foto y <em>papel couch\u00e9<\/em>. Proyectos que, casi desde el momento de ser paridos, sucumb\u00edan al espect\u00e1culo y no es que se fueran a preocupar de c\u00f3mo ser\u00e1 su limpieza o mantenimiento, sino que cualquier deficiencia constructiva, pod\u00eda ser asumida en favor de su posterior <strong>difusi\u00f3n y publicaci\u00f3n.<\/strong><\/p>\n<p style=\"text-align: justify;\"><a href=\"http:\/\/www.stepienybarno.es\/blog\/2014\/12\/31\/10-horribles-proyectos-de-arquitectura-en-el-2014\/#more-15325\" target=\"_blank\" rel=\"noopener noreferrer\">Ejemplos<\/a> de esta arquitectura la tenemos en abundancia y pasa desde los \u201ccl\u00e1sicos\u201d de <strong>Santiago Calatrava o <a href=\"https:\/\/veredes.es\/blog\/zahas-hadides-para-que-jose-ramon-hernandez-correa\/\" target=\"_blank\" rel=\"noopener noreferrer\">Zaha Hadid<\/a><\/strong>, hasta otros en ocasiones menos evidentes como <strong>Bjarke Ingels<\/strong> o muchos de los edificios de <strong>Frank Gehry<\/strong>.<\/p>\n<p style=\"text-align: justify;\">Mientras esto ha ocurrido, y todav\u00eda nos ha distanciado m\u00e1s de la sociedad, tambi\u00e9n ha existido siempre arquitectura seria y rigurosa. De hecho, Espa\u00f1a es un pa\u00eds en que abundan arquitectos, casi anti-medi\u00e1ticos, como los casos de <strong>Fisac o Coderch<\/strong> y otros muchos, m\u00e1s actuales, como <strong>Tu\u00f1\u00f3n y Mansilla o Cruz y Ortiz.<\/strong><\/p>\n<p style=\"text-align: justify;\">La lista, por suerte ser\u00eda interminable.<\/p>\n<figure id=\"attachment_62121\" aria-describedby=\"caption-attachment-62121\" style=\"width: 750px\" class=\"wp-caption alignnone\"><img loading=\"lazy\" decoding=\"async\" class=\"wp-image-62121\" src=\"https:\/\/veredes.es\/blog\/wp-content\/uploads\/2016\/10\/Iglesia-de-Nuestra-Sra.-de-la-Coronaci\u00f3n-de-Vitoria.-Miguel-Fisac-1957-60-Proyecto-que-visitamos-no-hace-mucho-y-que-se.jpg\" alt=\"Iglesia de Nuestra Sra. de la Coronaci\u00f3n de Vitoria. Miguel Fisac, 1957-60 | Proyecto que visitamos no hace mucho y que se encuentra es muy buen estado.\" width=\"750\" height=\"500\" srcset=\"https:\/\/veredes.es\/blog\/wp-content\/uploads\/2016\/10\/Iglesia-de-Nuestra-Sra.-de-la-Coronaci\u00f3n-de-Vitoria.-Miguel-Fisac-1957-60-Proyecto-que-visitamos-no-hace-mucho-y-que-se.jpg 500w, https:\/\/veredes.es\/blog\/wp-content\/uploads\/2016\/10\/Iglesia-de-Nuestra-Sra.-de-la-Coronaci\u00f3n-de-Vitoria.-Miguel-Fisac-1957-60-Proyecto-que-visitamos-no-hace-mucho-y-que-se-300x200.jpg 300w\" sizes=\"auto, (max-width: 750px) 100vw, 750px\" \/><figcaption id=\"caption-attachment-62121\" class=\"wp-caption-text\"><span style=\"color: #999999;\">Iglesia de Nuestra Sra. de la Coronaci\u00f3n de Vitoria. Miguel Fisac, 1957-60 | Proyecto que visitamos no hace mucho y que se encuentra es muy buen estado.<\/span><\/figcaption><\/figure>\n<p style=\"text-align: justify;\">Aun con todo, y no siendo poco esta arquitectura rigurosa, sincera y eficaz de la que hablamos, lo que en la actualidad a nosotros m\u00e1s nos interesa, es el nacimiento de <strong>un nuevo tipo de arquitecto<\/strong>. Esta figura, totalmente alejada de los fuegos de artificio, pone todo su \u00e9nfasis en<strong> acercar la arquitectura a la sociedad.<\/strong><\/p>\n<p style=\"text-align: justify;\">As\u00ed, pasamos de una especie de <strong>arquitectura de la suciedad<\/strong> (en el sentido literal y tambi\u00e9n en el de su encantamiento por la imagen) a una <strong>arquitectura de la sociedad.<\/strong><\/p>\n<p style=\"text-align: justify;\"><strong>No nos vale eso de que si es buena arquitectura ya es social y, por tanto, entabla un di\u00e1logo suficiente con la sociedad. No entabla nada,<\/strong> lo \u00fanico que hace es hacernos valer como una necesidad a la sociedad; lo cual, por otro lado, siempre est\u00e1 bien.<\/p>\n<p style=\"text-align: justify;\">Estamos convencidos que, para que nos entiendan los \u201cno arquitectos\u201d, tendremos que hacer bastante m\u00e1s que construir buena arquitectura; este es un paso imprescindible, pero <strong>tenemos que aprender a comunicarnos de manera diferente.<\/strong><\/p>\n<p style=\"text-align: justify;\">Seguramente, no lo conseguiremos en esta <strong>generaci\u00f3n<\/strong>, sobre todo si no nos ponemos la pilas -y de momento, desde nuestras cabezas pensantes no se hace gran cosa en este sentido-. Aun as\u00ed, gracias a arquitect@s como <a href=\"http:\/\/veredes.es\/blog\/almudena-de-benito-%C2%B7-educacion-chiquitectos\/\" target=\"_blank\" rel=\"noopener noreferrer\"><strong>Almudena de Benito<\/strong><\/a> (<a href=\"https:\/\/www.chiquitectos.com\/\" target=\"_blank\" rel=\"noopener noreferrer\">Chiquitectos<\/a>), <a href=\"http:\/\/veredes.es\/blog\/bat-espacios-hibridos-para-la-innovacion-urbana-zaramari\/\" target=\"_blank\" rel=\"noopener noreferrer\">Zaramari<\/a> y su <a href=\"http:\/\/veredes.es\/blog\/arkitente-programa-de-pedagogia-urbana-para-ninos-zaramari\/\" target=\"_blank\" rel=\"noopener noreferrer\"><strong>arkitente<\/strong><\/a> o <a href=\"http:\/\/veredes.es\/blog\/maushaus-jorge-raedo-%C2%B7-publicacionrevistaeducacion-amag-revista-de-arquitectura-para-ninos\/\" target=\"_blank\" rel=\"noopener noreferrer\"><strong>Maushaus<\/strong><\/a>, que trabajan con l@s m\u00e1s peque\u00f1@s, quiz\u00e1s haya m\u00e1s opciones de que la pr\u00f3xima generaci\u00f3n <strong>no nos vea como unos tipos pedantes y distantes que no se sabe muy bien lo que hacen.<\/strong><\/p>\n<p style=\"text-align: justify;\">Sobre el<strong> lenguaje<\/strong> de los arquitectos ya hemos hablado mucho y sobre la apat\u00eda del colectivo a la hora de bajar a tierra nuestras ideas tambi\u00e9n.<\/p>\n<figure id=\"attachment_62122\" aria-describedby=\"caption-attachment-62122\" style=\"width: 750px\" class=\"wp-caption alignnone\"><img loading=\"lazy\" decoding=\"async\" class=\"wp-image-62122\" src=\"http:\/\/veredes.es\/blog\/wp-content\/uploads\/2016\/10\/Imagen-de-taller-realizado-por-Almudena-de-Benito-Chiquitectos-Publicada-en-visionarq.jpg\" alt=\"Imagen de taller realizado por Almudena de Benito (Chiquitectos) | Publicada en: https:\/\/visionarq.wordpress.com\" width=\"750\" height=\"651\" srcset=\"https:\/\/veredes.es\/blog\/wp-content\/uploads\/2016\/10\/Imagen-de-taller-realizado-por-Almudena-de-Benito-Chiquitectos-Publicada-en-visionarq.jpg 500w, https:\/\/veredes.es\/blog\/wp-content\/uploads\/2016\/10\/Imagen-de-taller-realizado-por-Almudena-de-Benito-Chiquitectos-Publicada-en-visionarq-300x260.jpg 300w\" sizes=\"auto, (max-width: 750px) 100vw, 750px\" \/><figcaption id=\"caption-attachment-62122\" class=\"wp-caption-text\"><span style=\"color: #999999;\">Imagen de taller realizado por Almudena de Benito (Chiquitectos) | Publicada en <a href=\"https:\/\/visionarq.wordpress.com\/2013\/11\/22\/los-ninos-pequenos-arquitectos-grandes-ideas\/\" target=\"_blank\" rel=\"noopener noreferrer\">visionarq.wordpress.com<\/a><\/span><\/figcaption><\/figure>\n<p style=\"text-align: justify;\">Por todo ello, valoramos tanto que \u201c<strong>colectivos<\/strong>\u201d o agrupaciones de arquitectos (ver post sobre colectivos, <a href=\"https:\/\/www.stepienybarno.es\/blog\/2015\/01\/07\/colectivos-de-arquitectura-y-gestalt\/#more-15442\">aqu\u00ed<\/a>), hayan sabido estar en las trincheras, salir al cuerpo a cuerpo, dejar el t\u00edtulo en casa (de hecho, algunos ni han terminado la carrera) y <strong>facilitar procesos. <\/strong><\/p>\n<p style=\"text-align: justify;\">Y esto es muy diferente de firmar proyectos, pues implica un <strong>posicionamiento horizontal<\/strong> en el que la autoridad se gana en cada segundo y nada se da por sentado. Viven en el aqu\u00ed y en el ahora, asumiendo una responsabilidad que aparentemente no les tocaba y haci\u00e9ndose valer por lo que son, no por lo que aparentan ser.<\/p>\n<p style=\"text-align: justify;\">As\u00ed que, solo nos queda felicitar a gente como <a href=\"https:\/\/www.paisajetransversal.org\/\" target=\"_blank\" rel=\"noopener noreferrer\"><strong>Paisaje Transversal<\/strong><\/a><strong>, <\/strong><a href=\"https:\/\/zuloark.com\/es\/\" target=\"_blank\" rel=\"noopener noreferrer\"><strong>Zuloark<\/strong><\/a><strong> o <\/strong><a href=\"http:\/\/www.nundo.org\/\" target=\"_blank\" rel=\"noopener noreferrer\"><strong>n\u00b4UNDO<\/strong><\/a>, que, de manera m\u00e1s que generosa, est\u00e1n <strong>cimentando las bases de una nueva manera de hacer arquitectura<\/strong>; una actitud que<strong> apuesta por el ciudadano y devuelve a la arquitectura su vocaci\u00f3n de servicio.<\/strong><\/p>\n<p style=\"text-align: justify;\">Y esto en mucho para unos nuevos tiempos que se presentan tan esperanzadores como inciertos.<\/p>\n<p style=\"text-align: justify;\">\u00a1Ahora os toca a vosotros contarnos como veis nuestra reflexi\u00f3n!<\/p>\n<p style=\"text-align: justify;\"><a href=\"https:\/\/www.stepienybarno.es\/\" target=\"_blank\" rel=\"noopener noreferrer\">Stepienybarno<\/a>_Agnieszka Stepien y Lorenzo Barn\u00f3, arquitectos.<br \/>\nEstella, noviembre 2015<\/p>\n<p style=\"text-align: justify;\">Notas:<\/p>\n<p style=\"text-align: justify;\"><sup>1<\/sup>. De todas formas, no olvidamos que la arquitectura moderna, surge, en gran parte, para dar respuesta a un problema social de un momento concreto de la historia. Precisamente, la preocupaci\u00f3n por la salubridad, tiene que ver con parte de las soluciones constructivas que se propon\u00edan. Luego, no es menos cierto, que \u00e9stas tambi\u00e9n daban problemas, como los que mencionamos en el post.<\/p>\n<p><sup>2<\/sup>. A modo de \u201canectota\u201d, rescatamos del recuerdo la siguiente historia. Hace como un par de a\u00f1os, ten\u00edamos que escribir un reportaje de unas viviendas para una revista de papel polaca. Como las fotos originales estaban hechas por <a href=\"https:\/\/rolandhalbe.eu\/\" target=\"_blank\" rel=\"noopener noreferrer\">Ronald Hable<\/a>, la revista ya sab\u00eda que no tendr\u00eda presupuesto para pagarlas; as\u00ed que, encarg\u00f3 a otro fot\u00f3grafo hacer unas cuantas fotos y \u00e9sas salieron publicadas. Y se publicaron tal cual; es decir, si hab\u00eda chorretones, sal\u00edan los chorretones. Las viviendas no ten\u00edan ni meses de vida y, a pesar de los premios recibidos, no estaban en perfecto estado (tampoco nada horrible). De todas formas, lo que m\u00e1s nos llam\u00f3 la atenci\u00f3n fue la indignaci\u00f3n con la que el arquitecto responsable de la obra \u2013por otro lado, un arquitecto muy bueno, que, en general, admiramos mucho-, nos llam\u00f3 porque su obra no estaba en la revista como al \u00e9l le gustaba (las fotos retocadas de Hable). En fin, una an\u00e9cdota que resume, en gran parte, lo que nos pasa con las fotos y las publicaciones a los arquitectos.<\/p>\n<p><sup>3<\/sup>. A este respecto hay que apuntar que, la mayor\u00eda de los arquitectos ganan cuatro duros y muchas responsabilidades -recordar que Asemas se acuerda de ti, y de tu dinero, 10 a\u00f1os despu\u00e9s de haber dado el fin de obra-, perdiendo mucha salud en toda la fase de la obra del edifico.<\/p>","protected":false},"excerpt":{"rendered":"<p>El pasado 20 de noviembre 2015, Anatxu Zabalbeascoa, mientras moderaba la estupenda mesa redonda de Siza x Siza, coment\u00f3 que la obra del maestro portugu\u00e9s, m\u00e1s all\u00e1 de sus evidentes bondades, ten\u00eda el plus de que estaba pensada cuidando todos los detalles -incluso el poco tratado tema de la limpieza del proyecto-. Para ilustrarlo hablaba [&hellip;]<\/p>\n","protected":false},"author":22,"featured_media":62120,"comment_status":"open","ping_status":"closed","sticky":false,"template":"","format":"standard","meta":{"footnotes":""},"categories":[568,5951],"tags":[6471,6041,103,5509,8929,8931,9718,2631,10644,3191,4747,3679,11704,458,3188,12460,3487,3170,665,3718,6119,3653,4659,3789,5266,2011,3327,7413,11497,2639,2877,3719,12693,3449,1241,1253,12473,1574,6600,12692,9525,4006],"class_list":{"0":"post-62118","1":"post","2":"type-post","3":"status-publish","4":"format-standard","5":"has-post-thumbnail","7":"category-faro","8":"category-slider-principal","9":"tag-agnieszka-stepien","10":"tag-almudena-de-benito-alonso","11":"tag-alvaro-siza-vieira","12":"tag-anatxu-zabalbeascoa","13":"tag-antonio-cruz","14":"tag-antonio-ortiz","16":"tag-arquitectura-espanola","17":"tag-big","18":"tag-bjarke-ingels","19":"tag-caixaforum","20":"tag-chiquitectos","21":"tag-cruz-y-ortiz-arquitectos","22":"tag-educacion","23":"tag-emilio-tunon","24":"tag-fotografia","25":"tag-frank-gehry","26":"tag-fundacion-caja-de-arquitectos","27":"tag-herzog-de-meuron","28":"tag-jacques-herzog","29":"tag-jose-antonio-coderch","30":"tag-jose-ramon-hernandez-correa","31":"tag-lorenzo-barno","32":"tag-luis-moreno-mansilla","33":"tag-mansilla-tunon-architects","34":"tag-maushaus","35":"tag-miguel-fisac","36":"tag-nundo","37":"tag-paisaje-transversal","38":"tag-periferia","39":"tag-perifericos","40":"tag-pierre-de-meuron","41":"tag-ronald-hable","42":"tag-santiago-calatrava","43":"tag-sociedad","44":"tag-star-system","45":"tag-stepienybarno","46":"tag-zaha-hadid","47":"tag-zaha-hadid-architects","48":"tag-zar","49":"tag-zaramari","50":"tag-zuloark"},"yoast_head":"<!-- This site is optimized with the Yoast SEO plugin v27.5 - https:\/\/yoast.com\/product\/yoast-seo-wordpress\/ -->\n<title>De la arquitectura de la suciedad a la arquitectura de la sociedad | Stepienybarno - veredes<\/title>\n<meta name=\"description\" content=\"Toda la informaci\u00f3n sobre: [:es]De la arquitectura de la suciedad a la arquitectura de la sociedad | Stepienybarno[:gl]Da arquitectura da suciedade a arquitectura da sociedade | Stepienybarno[:en]From the architecture of the dirt to the architecture of the company | Stepienybarno[:]\" \/>\n<meta name=\"robots\" content=\"index, follow, max-snippet:-1, max-image-preview:large, max-video-preview:-1\" \/>\n<link rel=\"canonical\" href=\"https:\/\/veredes.es\/blog\/la-arquitectura-la-suciedad-la-arquitectura-la-sociedad-stepienybarno\/\" \/>\n<meta property=\"og:locale\" content=\"es_ES\" \/>\n<meta property=\"og:type\" content=\"article\" \/>\n<meta property=\"og:title\" content=\"[:es]De la arquitectura de la suciedad a la arquitectura de la sociedad | Stepienybarno[:gl]Da arquitectura da suciedade a arquitectura da sociedade | Stepienybarno[:en]From the architecture of the dirt to the architecture of the company | Stepienybarno[:] - veredes\" \/>\n<meta property=\"og:description\" content=\"Toda la informaci\u00f3n sobre: [:es]De la arquitectura de la suciedad a la arquitectura de la sociedad | Stepienybarno[:gl]Da arquitectura da suciedade a arquitectura da sociedade | Stepienybarno[:en]From the architecture of the dirt to the architecture of the company | Stepienybarno[:]\" \/>\n<meta property=\"og:url\" content=\"https:\/\/veredes.es\/blog\/la-arquitectura-la-suciedad-la-arquitectura-la-sociedad-stepienybarno\/\" \/>\n<meta property=\"og:site_name\" content=\"veredes, arquitectura y divulgaci\u00f3n\" \/>\n<meta property=\"article:publisher\" content=\"https:\/\/www.facebook.com\/veredesArquitecturayDivulgacion\/\" \/>\n<meta property=\"article:author\" content=\"https:\/\/www.facebook.com\/StepienyBarnoArquitecturaeIdentidadDigital\" \/>\n<meta property=\"article:published_time\" content=\"2016-10-13T22:50:10+00:00\" \/>\n<meta property=\"article:modified_time\" content=\"2025-11-07T07:49:03+00:00\" \/>\n<meta property=\"og:image\" content=\"https:\/\/veredes.es\/blog\/wp-content\/uploads\/2016\/10\/Piscinas-Le\u00e7a-de-Palmeira-de-\u00c1lvaro-Siza-Foto-Fernando-Guerra.png\" \/>\n\t<meta property=\"og:image:width\" content=\"500\" \/>\n\t<meta property=\"og:image:height\" content=\"352\" \/>\n\t<meta property=\"og:image:type\" content=\"image\/png\" \/>\n<meta name=\"author\" content=\"Stepienybarno\" \/>\n<meta name=\"twitter:card\" content=\"summary_large_image\" \/>\n<meta name=\"twitter:creator\" content=\"@https:\/\/twitter.com\/stepienybarno\" \/>\n<meta name=\"twitter:site\" content=\"@veredes\" \/>\n<meta name=\"twitter:label1\" content=\"Escrito por\" \/>\n\t<meta name=\"twitter:data1\" content=\"Stepienybarno\" \/>\n\t<meta name=\"twitter:label2\" content=\"Tiempo de lectura\" \/>\n\t<meta name=\"twitter:data2\" content=\"29 minutos\" \/>\n<script type=\"application\/ld+json\" class=\"yoast-schema-graph\">{\"@context\":\"https:\\\/\\\/schema.org\",\"@graph\":[{\"@type\":\"Article\",\"@id\":\"https:\\\/\\\/veredes.es\\\/blog\\\/la-arquitectura-la-suciedad-la-arquitectura-la-sociedad-stepienybarno\\\/#article\",\"isPartOf\":{\"@id\":\"https:\\\/\\\/veredes.es\\\/blog\\\/la-arquitectura-la-suciedad-la-arquitectura-la-sociedad-stepienybarno\\\/\"},\"author\":{\"name\":\"Stepienybarno\",\"@id\":\"https:\\\/\\\/veredes.es\\\/blog\\\/#\\\/schema\\\/person\\\/ef4471ca7b84a35a0e5467570aa86373\"},\"headline\":\"De la arquitectura de la suciedad a la arquitectura de la sociedad | Stepienybarno\",\"datePublished\":\"2016-10-13T22:50:10+00:00\",\"dateModified\":\"2025-11-07T07:49:03+00:00\",\"mainEntityOfPage\":{\"@id\":\"https:\\\/\\\/veredes.es\\\/blog\\\/la-arquitectura-la-suciedad-la-arquitectura-la-sociedad-stepienybarno\\\/\"},\"wordCount\":5804,\"commentCount\":0,\"publisher\":{\"@id\":\"https:\\\/\\\/veredes.es\\\/blog\\\/#organization\"},\"image\":{\"@id\":\"https:\\\/\\\/veredes.es\\\/blog\\\/la-arquitectura-la-suciedad-la-arquitectura-la-sociedad-stepienybarno\\\/#primaryimage\"},\"thumbnailUrl\":\"https:\\\/\\\/veredes.es\\\/blog\\\/wp-content\\\/uploads\\\/2016\\\/10\\\/Piscinas-Le\u00e7a-de-Palmeira-de-\u00c1lvaro-Siza-Foto-Fernando-Guerra.png\",\"keywords\":[\"Agnieszka Stepien\",\"Almudena de Benito Alonso\",\"\u00c1lvaro Siza Vieira\",\"Anatxu Zabalbeascoa\",\"Antonio Cruz\",\"Antonio Ortiz\",\"Arkitente\",\"arquitectura espa\u00f1ola\",\"BIG\",\"Bjarke Ingels\",\"caixaforum\",\"chiquitectos\",\"Cruz y Ortiz arquitectos\",\"educaci\u00f3n\",\"Emilio Tu\u00f1\u00f3n\",\"fotograf\u00eda\",\"Frank Gehry\",\"fundaci\u00f3n Caja de Arquitectos\",\"Herzog &amp; de Meuron\",\"Jacques Herzog\",\"Jose Antonio Coderch\",\"Jos\u00e9 Ram\u00f3n Hern\u00e1ndez Correa\",\"Lorenzo Barn\u00f3\",\"Luis Moreno Mansilla\",\"Mansilla Tu\u00f1\u00f3n Architects\",\"maushaus\",\"Miguel Fisac\",\"n\u2019UNDO\",\"Paisaje Transversal\",\"periferia\",\"perif\u00e9ricos\",\"Pierre de Meuron\",\"Ronald Hable\",\"Santiago Calatrava\",\"sociedad\",\"star system\",\"stepienybarno\",\"Zaha Hadid\",\"Zaha Hadid Architects\",\"ZAr\",\"zaramari\",\"zuloark\"],\"articleSection\":[\"faro\",\"slider principal\"],\"inLanguage\":\"es\",\"potentialAction\":[{\"@type\":\"CommentAction\",\"name\":\"Comment\",\"target\":[\"https:\\\/\\\/veredes.es\\\/blog\\\/la-arquitectura-la-suciedad-la-arquitectura-la-sociedad-stepienybarno\\\/#respond\"]}]},{\"@type\":\"WebPage\",\"@id\":\"https:\\\/\\\/veredes.es\\\/blog\\\/la-arquitectura-la-suciedad-la-arquitectura-la-sociedad-stepienybarno\\\/\",\"url\":\"https:\\\/\\\/veredes.es\\\/blog\\\/la-arquitectura-la-suciedad-la-arquitectura-la-sociedad-stepienybarno\\\/\",\"name\":\"[:es]De la arquitectura de la suciedad a la arquitectura de la sociedad | Stepienybarno[:gl]Da arquitectura da suciedade a arquitectura da sociedade | Stepienybarno[:en]From the architecture of the dirt to the architecture of the company | Stepienybarno[:] - veredes\",\"isPartOf\":{\"@id\":\"https:\\\/\\\/veredes.es\\\/blog\\\/#website\"},\"primaryImageOfPage\":{\"@id\":\"https:\\\/\\\/veredes.es\\\/blog\\\/la-arquitectura-la-suciedad-la-arquitectura-la-sociedad-stepienybarno\\\/#primaryimage\"},\"image\":{\"@id\":\"https:\\\/\\\/veredes.es\\\/blog\\\/la-arquitectura-la-suciedad-la-arquitectura-la-sociedad-stepienybarno\\\/#primaryimage\"},\"thumbnailUrl\":\"https:\\\/\\\/veredes.es\\\/blog\\\/wp-content\\\/uploads\\\/2016\\\/10\\\/Piscinas-Le\u00e7a-de-Palmeira-de-\u00c1lvaro-Siza-Foto-Fernando-Guerra.png\",\"datePublished\":\"2016-10-13T22:50:10+00:00\",\"dateModified\":\"2025-11-07T07:49:03+00:00\",\"description\":\"Toda la informaci\u00f3n sobre: [:es]De la arquitectura de la suciedad a la arquitectura de la sociedad | Stepienybarno[:gl]Da arquitectura da suciedade a arquitectura da sociedade | Stepienybarno[:en]From the architecture of the dirt to the architecture of the company | Stepienybarno[:]\",\"breadcrumb\":{\"@id\":\"https:\\\/\\\/veredes.es\\\/blog\\\/la-arquitectura-la-suciedad-la-arquitectura-la-sociedad-stepienybarno\\\/#breadcrumb\"},\"inLanguage\":\"es\",\"potentialAction\":[{\"@type\":\"ReadAction\",\"target\":[\"https:\\\/\\\/veredes.es\\\/blog\\\/la-arquitectura-la-suciedad-la-arquitectura-la-sociedad-stepienybarno\\\/\"]}]},{\"@type\":\"ImageObject\",\"inLanguage\":\"es\",\"@id\":\"https:\\\/\\\/veredes.es\\\/blog\\\/la-arquitectura-la-suciedad-la-arquitectura-la-sociedad-stepienybarno\\\/#primaryimage\",\"url\":\"https:\\\/\\\/veredes.es\\\/blog\\\/wp-content\\\/uploads\\\/2016\\\/10\\\/Piscinas-Le\u00e7a-de-Palmeira-de-\u00c1lvaro-Siza-Foto-Fernando-Guerra.png\",\"contentUrl\":\"https:\\\/\\\/veredes.es\\\/blog\\\/wp-content\\\/uploads\\\/2016\\\/10\\\/Piscinas-Le\u00e7a-de-Palmeira-de-\u00c1lvaro-Siza-Foto-Fernando-Guerra.png\",\"width\":500,\"height\":352,\"caption\":\"Piscinas en Le\u00e7a de Palmeira de \u00c1lvaro Siza | Foto: Fernando Guerra_ FG+SG fotograf\u00eda de arquitectura | Publicada en Alvaro Siza. Obras completas 1952-2013 Editorial Taschen\"},{\"@type\":\"BreadcrumbList\",\"@id\":\"https:\\\/\\\/veredes.es\\\/blog\\\/la-arquitectura-la-suciedad-la-arquitectura-la-sociedad-stepienybarno\\\/#breadcrumb\",\"itemListElement\":[{\"@type\":\"ListItem\",\"position\":1,\"name\":\"Portada\",\"item\":\"https:\\\/\\\/veredes.es\\\/blog\\\/\"},{\"@type\":\"ListItem\",\"position\":2,\"name\":\"[:es]De la arquitectura de la suciedad a la arquitectura de la sociedad | Stepienybarno[:gl]Da arquitectura da suciedade a arquitectura da sociedade | Stepienybarno[:en]From the architecture of the dirt to the architecture of the company | Stepienybarno[:]\"}]},{\"@type\":\"WebSite\",\"@id\":\"https:\\\/\\\/veredes.es\\\/blog\\\/#website\",\"url\":\"https:\\\/\\\/veredes.es\\\/blog\\\/\",\"name\":\"veredes, arquitectura y divulgaci\u00f3n\",\"description\":\"veredes\",\"publisher\":{\"@id\":\"https:\\\/\\\/veredes.es\\\/blog\\\/#organization\"},\"alternateName\":\"veredes\",\"potentialAction\":[{\"@type\":\"SearchAction\",\"target\":{\"@type\":\"EntryPoint\",\"urlTemplate\":\"https:\\\/\\\/veredes.es\\\/blog\\\/?s={search_term_string}\"},\"query-input\":{\"@type\":\"PropertyValueSpecification\",\"valueRequired\":true,\"valueName\":\"search_term_string\"}}],\"inLanguage\":\"es\"},{\"@type\":\"Organization\",\"@id\":\"https:\\\/\\\/veredes.es\\\/blog\\\/#organization\",\"name\":\"veredes, arquitectura y divulgaci\u00f3n\",\"alternateName\":\"veredes\",\"url\":\"https:\\\/\\\/veredes.es\\\/blog\\\/\",\"logo\":{\"@type\":\"ImageObject\",\"inLanguage\":\"es\",\"@id\":\"https:\\\/\\\/veredes.es\\\/blog\\\/#\\\/schema\\\/logo\\\/image\\\/\",\"url\":\"https:\\\/\\\/veredes.es\\\/blog\\\/wp-content\\\/uploads\\\/2021\\\/12\\\/veredes-logo-centrado_140x54.png\",\"contentUrl\":\"https:\\\/\\\/veredes.es\\\/blog\\\/wp-content\\\/uploads\\\/2021\\\/12\\\/veredes-logo-centrado_140x54.png\",\"width\":140,\"height\":54,\"caption\":\"veredes, arquitectura y divulgaci\u00f3n\"},\"image\":{\"@id\":\"https:\\\/\\\/veredes.es\\\/blog\\\/#\\\/schema\\\/logo\\\/image\\\/\"},\"sameAs\":[\"https:\\\/\\\/www.facebook.com\\\/veredesArquitecturayDivulgacion\\\/\",\"https:\\\/\\\/x.com\\\/veredes\",\"https:\\\/\\\/instagram.com\\\/veredes\\\/\",\"https:\\\/\\\/www.linkedin.com\\\/company\\\/veredes-arquitectura-y-divulgacion\\\/\",\"https:\\\/\\\/es.pinterest.com\\\/veredes\\\/\",\"https:\\\/\\\/www.tumblr.com\\\/veredes\"]},{\"@type\":\"Person\",\"@id\":\"https:\\\/\\\/veredes.es\\\/blog\\\/#\\\/schema\\\/person\\\/ef4471ca7b84a35a0e5467570aa86373\",\"name\":\"Stepienybarno\",\"image\":{\"@type\":\"ImageObject\",\"inLanguage\":\"es\",\"@id\":\"https:\\\/\\\/veredes.es\\\/blog\\\/wp-content\\\/uploads\\\/2018\\\/04\\\/Stepienybarno-96x96.jpg\",\"url\":\"https:\\\/\\\/veredes.es\\\/blog\\\/wp-content\\\/uploads\\\/2018\\\/04\\\/Stepienybarno-96x96.jpg\",\"contentUrl\":\"https:\\\/\\\/veredes.es\\\/blog\\\/wp-content\\\/uploads\\\/2018\\\/04\\\/Stepienybarno-96x96.jpg\",\"caption\":\"Stepienybarno\"},\"description\":\"Stepienybarno est\u00e1 formado por Agnieszka Stepien y Lorenzo Barn\u00f3, ambos arquitectos y formados en temas de Identidad Digital y Comunicaci\u00f3n online. Desde el 2004 tenemos nuestro propio estudio de arquitectura, ubicado en un peque\u00f1o pueblo de Navarra, Estella, y ambos estamos embarcados en nuestras tesis doctorales. A su vez, colaboramos con otros profesionales tanto del \u00e1mbito de la arquitectura, sostenibilidad y comunicaci\u00f3n online. Vivir en Estella nos da la tranquilidad necesaria para poder encarar el d\u00eda a d\u00eda con energ\u00eda y la red nos posibilita contactar con un mundo maravilloso que de otra forma hubiera sido imposible.\",\"sameAs\":[\"https:\\\/\\\/www.stepienybarno.es\\\/\",\"https:\\\/\\\/www.facebook.com\\\/StepienyBarnoArquitecturaeIdentidadDigital\",\"https:\\\/\\\/www.instagram.com\\\/stepienybarno\\\/\",\"https:\\\/\\\/www.linkedin.com\\\/in\\\/stepienybarno\\\/\",\"https:\\\/\\\/x.com\\\/https:\\\/\\\/twitter.com\\\/stepienybarno\"],\"url\":\"https:\\\/\\\/veredes.es\\\/blog\\\/author\\\/stepienybarno\\\/\"}]}<\/script>\n<!-- \/ Yoast SEO plugin. -->","yoast_head_json":{"title":"[:es]De la arquitectura de la suciedad a la arquitectura de la sociedad | Stepienybarno[:gl]Da arquitectura da suciedade a arquitectura da sociedade | Stepienybarno[:en]From the architecture of the dirt to the architecture of the company | Stepienybarno[:] - veredes","description":"Toda la informaci\u00f3n sobre: [:es]De la arquitectura de la suciedad a la arquitectura de la sociedad | Stepienybarno[:gl]Da arquitectura da suciedade a arquitectura da sociedade | Stepienybarno[:en]From the architecture of the dirt to the architecture of the company | Stepienybarno[:]","robots":{"index":"index","follow":"follow","max-snippet":"max-snippet:-1","max-image-preview":"max-image-preview:large","max-video-preview":"max-video-preview:-1"},"canonical":"https:\/\/veredes.es\/blog\/la-arquitectura-la-suciedad-la-arquitectura-la-sociedad-stepienybarno\/","og_locale":"es_ES","og_type":"article","og_title":"[:es]De la arquitectura de la suciedad a la arquitectura de la sociedad | Stepienybarno[:gl]Da arquitectura da suciedade a arquitectura da sociedade | Stepienybarno[:en]From the architecture of the dirt to the architecture of the company | Stepienybarno[:] - veredes","og_description":"Toda la informaci\u00f3n sobre: [:es]De la arquitectura de la suciedad a la arquitectura de la sociedad | Stepienybarno[:gl]Da arquitectura da suciedade a arquitectura da sociedade | Stepienybarno[:en]From the architecture of the dirt to the architecture of the company | Stepienybarno[:]","og_url":"https:\/\/veredes.es\/blog\/la-arquitectura-la-suciedad-la-arquitectura-la-sociedad-stepienybarno\/","og_site_name":"veredes, arquitectura y divulgaci\u00f3n","article_publisher":"https:\/\/www.facebook.com\/veredesArquitecturayDivulgacion\/","article_author":"https:\/\/www.facebook.com\/StepienyBarnoArquitecturaeIdentidadDigital","article_published_time":"2016-10-13T22:50:10+00:00","article_modified_time":"2025-11-07T07:49:03+00:00","og_image":[{"width":500,"height":352,"url":"https:\/\/veredes.es\/blog\/wp-content\/uploads\/2016\/10\/Piscinas-Le\u00e7a-de-Palmeira-de-\u00c1lvaro-Siza-Foto-Fernando-Guerra.png","type":"image\/png"}],"author":"Stepienybarno","twitter_card":"summary_large_image","twitter_creator":"@https:\/\/twitter.com\/stepienybarno","twitter_site":"@veredes","twitter_misc":{"Escrito por":"Stepienybarno","Tiempo de lectura":"29 minutos"},"schema":{"@context":"https:\/\/schema.org","@graph":[{"@type":"Article","@id":"https:\/\/veredes.es\/blog\/la-arquitectura-la-suciedad-la-arquitectura-la-sociedad-stepienybarno\/#article","isPartOf":{"@id":"https:\/\/veredes.es\/blog\/la-arquitectura-la-suciedad-la-arquitectura-la-sociedad-stepienybarno\/"},"author":{"name":"Stepienybarno","@id":"https:\/\/veredes.es\/blog\/#\/schema\/person\/ef4471ca7b84a35a0e5467570aa86373"},"headline":"De la arquitectura de la suciedad a la arquitectura de la sociedad | Stepienybarno","datePublished":"2016-10-13T22:50:10+00:00","dateModified":"2025-11-07T07:49:03+00:00","mainEntityOfPage":{"@id":"https:\/\/veredes.es\/blog\/la-arquitectura-la-suciedad-la-arquitectura-la-sociedad-stepienybarno\/"},"wordCount":5804,"commentCount":0,"publisher":{"@id":"https:\/\/veredes.es\/blog\/#organization"},"image":{"@id":"https:\/\/veredes.es\/blog\/la-arquitectura-la-suciedad-la-arquitectura-la-sociedad-stepienybarno\/#primaryimage"},"thumbnailUrl":"https:\/\/veredes.es\/blog\/wp-content\/uploads\/2016\/10\/Piscinas-Le\u00e7a-de-Palmeira-de-\u00c1lvaro-Siza-Foto-Fernando-Guerra.png","keywords":["Agnieszka Stepien","Almudena de Benito Alonso","\u00c1lvaro Siza Vieira","Anatxu Zabalbeascoa","Antonio Cruz","Antonio Ortiz","Arkitente","arquitectura espa\u00f1ola","BIG","Bjarke Ingels","caixaforum","chiquitectos","Cruz y Ortiz arquitectos","educaci\u00f3n","Emilio Tu\u00f1\u00f3n","fotograf\u00eda","Frank Gehry","fundaci\u00f3n Caja de Arquitectos","Herzog &amp; de Meuron","Jacques Herzog","Jose Antonio Coderch","Jos\u00e9 Ram\u00f3n Hern\u00e1ndez Correa","Lorenzo Barn\u00f3","Luis Moreno Mansilla","Mansilla Tu\u00f1\u00f3n Architects","maushaus","Miguel Fisac","n\u2019UNDO","Paisaje Transversal","periferia","perif\u00e9ricos","Pierre de Meuron","Ronald Hable","Santiago Calatrava","sociedad","star system","stepienybarno","Zaha Hadid","Zaha Hadid Architects","ZAr","zaramari","zuloark"],"articleSection":["faro","slider principal"],"inLanguage":"es","potentialAction":[{"@type":"CommentAction","name":"Comment","target":["https:\/\/veredes.es\/blog\/la-arquitectura-la-suciedad-la-arquitectura-la-sociedad-stepienybarno\/#respond"]}]},{"@type":"WebPage","@id":"https:\/\/veredes.es\/blog\/la-arquitectura-la-suciedad-la-arquitectura-la-sociedad-stepienybarno\/","url":"https:\/\/veredes.es\/blog\/la-arquitectura-la-suciedad-la-arquitectura-la-sociedad-stepienybarno\/","name":"[:es]De la arquitectura de la suciedad a la arquitectura de la sociedad | Stepienybarno[:gl]Da arquitectura da suciedade a arquitectura da sociedade | Stepienybarno[:en]From the architecture of the dirt to the architecture of the company | Stepienybarno[:] - veredes","isPartOf":{"@id":"https:\/\/veredes.es\/blog\/#website"},"primaryImageOfPage":{"@id":"https:\/\/veredes.es\/blog\/la-arquitectura-la-suciedad-la-arquitectura-la-sociedad-stepienybarno\/#primaryimage"},"image":{"@id":"https:\/\/veredes.es\/blog\/la-arquitectura-la-suciedad-la-arquitectura-la-sociedad-stepienybarno\/#primaryimage"},"thumbnailUrl":"https:\/\/veredes.es\/blog\/wp-content\/uploads\/2016\/10\/Piscinas-Le\u00e7a-de-Palmeira-de-\u00c1lvaro-Siza-Foto-Fernando-Guerra.png","datePublished":"2016-10-13T22:50:10+00:00","dateModified":"2025-11-07T07:49:03+00:00","description":"Toda la informaci\u00f3n sobre: [:es]De la arquitectura de la suciedad a la arquitectura de la sociedad | Stepienybarno[:gl]Da arquitectura da suciedade a arquitectura da sociedade | Stepienybarno[:en]From the architecture of the dirt to the architecture of the company | Stepienybarno[:]","breadcrumb":{"@id":"https:\/\/veredes.es\/blog\/la-arquitectura-la-suciedad-la-arquitectura-la-sociedad-stepienybarno\/#breadcrumb"},"inLanguage":"es","potentialAction":[{"@type":"ReadAction","target":["https:\/\/veredes.es\/blog\/la-arquitectura-la-suciedad-la-arquitectura-la-sociedad-stepienybarno\/"]}]},{"@type":"ImageObject","inLanguage":"es","@id":"https:\/\/veredes.es\/blog\/la-arquitectura-la-suciedad-la-arquitectura-la-sociedad-stepienybarno\/#primaryimage","url":"https:\/\/veredes.es\/blog\/wp-content\/uploads\/2016\/10\/Piscinas-Le\u00e7a-de-Palmeira-de-\u00c1lvaro-Siza-Foto-Fernando-Guerra.png","contentUrl":"https:\/\/veredes.es\/blog\/wp-content\/uploads\/2016\/10\/Piscinas-Le\u00e7a-de-Palmeira-de-\u00c1lvaro-Siza-Foto-Fernando-Guerra.png","width":500,"height":352,"caption":"Piscinas en Le\u00e7a de Palmeira de \u00c1lvaro Siza | Foto: Fernando Guerra_ FG+SG fotograf\u00eda de arquitectura | Publicada en Alvaro Siza. Obras completas 1952-2013 Editorial Taschen"},{"@type":"BreadcrumbList","@id":"https:\/\/veredes.es\/blog\/la-arquitectura-la-suciedad-la-arquitectura-la-sociedad-stepienybarno\/#breadcrumb","itemListElement":[{"@type":"ListItem","position":1,"name":"Portada","item":"https:\/\/veredes.es\/blog\/"},{"@type":"ListItem","position":2,"name":"[:es]De la arquitectura de la suciedad a la arquitectura de la sociedad | Stepienybarno[:gl]Da arquitectura da suciedade a arquitectura da sociedade | Stepienybarno[:en]From the architecture of the dirt to the architecture of the company | Stepienybarno[:]"}]},{"@type":"WebSite","@id":"https:\/\/veredes.es\/blog\/#website","url":"https:\/\/veredes.es\/blog\/","name":"veredes, arquitectura y divulgaci\u00f3n","description":"veredes","publisher":{"@id":"https:\/\/veredes.es\/blog\/#organization"},"alternateName":"veredes","potentialAction":[{"@type":"SearchAction","target":{"@type":"EntryPoint","urlTemplate":"https:\/\/veredes.es\/blog\/?s={search_term_string}"},"query-input":{"@type":"PropertyValueSpecification","valueRequired":true,"valueName":"search_term_string"}}],"inLanguage":"es"},{"@type":"Organization","@id":"https:\/\/veredes.es\/blog\/#organization","name":"veredes, arquitectura y divulgaci\u00f3n","alternateName":"veredes","url":"https:\/\/veredes.es\/blog\/","logo":{"@type":"ImageObject","inLanguage":"es","@id":"https:\/\/veredes.es\/blog\/#\/schema\/logo\/image\/","url":"https:\/\/veredes.es\/blog\/wp-content\/uploads\/2021\/12\/veredes-logo-centrado_140x54.png","contentUrl":"https:\/\/veredes.es\/blog\/wp-content\/uploads\/2021\/12\/veredes-logo-centrado_140x54.png","width":140,"height":54,"caption":"veredes, arquitectura y divulgaci\u00f3n"},"image":{"@id":"https:\/\/veredes.es\/blog\/#\/schema\/logo\/image\/"},"sameAs":["https:\/\/www.facebook.com\/veredesArquitecturayDivulgacion\/","https:\/\/x.com\/veredes","https:\/\/instagram.com\/veredes\/","https:\/\/www.linkedin.com\/company\/veredes-arquitectura-y-divulgacion\/","https:\/\/es.pinterest.com\/veredes\/","https:\/\/www.tumblr.com\/veredes"]},{"@type":"Person","@id":"https:\/\/veredes.es\/blog\/#\/schema\/person\/ef4471ca7b84a35a0e5467570aa86373","name":"Stepienybarno","image":{"@type":"ImageObject","inLanguage":"es","@id":"https:\/\/veredes.es\/blog\/wp-content\/uploads\/2018\/04\/Stepienybarno-96x96.jpg","url":"https:\/\/veredes.es\/blog\/wp-content\/uploads\/2018\/04\/Stepienybarno-96x96.jpg","contentUrl":"https:\/\/veredes.es\/blog\/wp-content\/uploads\/2018\/04\/Stepienybarno-96x96.jpg","caption":"Stepienybarno"},"description":"Stepienybarno est\u00e1 formado por Agnieszka Stepien y Lorenzo Barn\u00f3, ambos arquitectos y formados en temas de Identidad Digital y Comunicaci\u00f3n online. Desde el 2004 tenemos nuestro propio estudio de arquitectura, ubicado en un peque\u00f1o pueblo de Navarra, Estella, y ambos estamos embarcados en nuestras tesis doctorales. A su vez, colaboramos con otros profesionales tanto del \u00e1mbito de la arquitectura, sostenibilidad y comunicaci\u00f3n online. Vivir en Estella nos da la tranquilidad necesaria para poder encarar el d\u00eda a d\u00eda con energ\u00eda y la red nos posibilita contactar con un mundo maravilloso que de otra forma hubiera sido imposible.","sameAs":["https:\/\/www.stepienybarno.es\/","https:\/\/www.facebook.com\/StepienyBarnoArquitecturaeIdentidadDigital","https:\/\/www.instagram.com\/stepienybarno\/","https:\/\/www.linkedin.com\/in\/stepienybarno\/","https:\/\/x.com\/https:\/\/twitter.com\/stepienybarno"],"url":"https:\/\/veredes.es\/blog\/author\/stepienybarno\/"}]}},"_links":{"self":[{"href":"https:\/\/veredes.es\/blog\/wp-json\/wp\/v2\/posts\/62118","targetHints":{"allow":["GET"]}}],"collection":[{"href":"https:\/\/veredes.es\/blog\/wp-json\/wp\/v2\/posts"}],"about":[{"href":"https:\/\/veredes.es\/blog\/wp-json\/wp\/v2\/types\/post"}],"author":[{"embeddable":true,"href":"https:\/\/veredes.es\/blog\/wp-json\/wp\/v2\/users\/22"}],"replies":[{"embeddable":true,"href":"https:\/\/veredes.es\/blog\/wp-json\/wp\/v2\/comments?post=62118"}],"version-history":[{"count":0,"href":"https:\/\/veredes.es\/blog\/wp-json\/wp\/v2\/posts\/62118\/revisions"}],"wp:featuredmedia":[{"embeddable":true,"href":"https:\/\/veredes.es\/blog\/wp-json\/wp\/v2\/media\/62120"}],"wp:attachment":[{"href":"https:\/\/veredes.es\/blog\/wp-json\/wp\/v2\/media?parent=62118"}],"wp:term":[{"taxonomy":"category","embeddable":true,"href":"https:\/\/veredes.es\/blog\/wp-json\/wp\/v2\/categories?post=62118"},{"taxonomy":"post_tag","embeddable":true,"href":"https:\/\/veredes.es\/blog\/wp-json\/wp\/v2\/tags?post=62118"}],"curies":[{"name":"wp","href":"https:\/\/api.w.org\/{rel}","templated":true}]}}