{"id":61715,"date":"2016-09-07T00:18:52","date_gmt":"2016-09-06T22:18:52","guid":{"rendered":"http:\/\/veredes.es\/blog\/?p=61715"},"modified":"2016-09-06T17:21:59","modified_gmt":"2016-09-06T15:21:59","slug":"transformacion-antiguo-almacen-estudio-nua-nua-arquitectures","status":"publish","type":"post","link":"https:\/\/veredes.es\/blog\/transformacion-antiguo-almacen-estudio-nua-nua-arquitectures\/","title":{"rendered":"Transformaci\u00f3n de un antiguo Almac\u00e9n en estudio NUA | NUA Arquitectures"},"content":{"rendered":"<p><\/p>\n<p style=\"text-align: justify;\"><img loading=\"lazy\" decoding=\"async\" class=\"alignnone wp-image-61731\" src=\"http:\/\/veredes.es\/blog\/wp-content\/uploads\/2016\/09\/estudio-NUA_NUA-Arquitectures_02.jpg\" alt=\"estudio NUA_NUA Arquitectures_02\" width=\"640\" height=\"427\" srcset=\"https:\/\/veredes.es\/blog\/wp-content\/uploads\/2016\/09\/estudio-NUA_NUA-Arquitectures_02.jpg 1000w, https:\/\/veredes.es\/blog\/wp-content\/uploads\/2016\/09\/estudio-NUA_NUA-Arquitectures_02-300x200.jpg 300w\" sizes=\"auto, (max-width: 640px) 100vw, 640px\" \/><\/p>\n<p style=\"text-align: justify;\">Tarragona, situada estrat\u00e9gicamente en una colina, tiene una estrecha relaci\u00f3n con el Mediterr\u00e1neo. Esta dualidad geogr\u00e1fica nos permite encontrar puntos tan privilegiados como este estudio, uno de los pocos bajos de la ciudad con vistas al mar.<\/p>\n<p style=\"text-align: justify;\">Este peque\u00f1o proyecto trata de recuperar el espacio ocupado durante mucho tiempo como almac\u00e9n para transformarlo en un lugar de trabajo amplio y luminoso.<\/p>\n<p style=\"text-align: justify;\">La intervenci\u00f3n se estructura principalmente en tres acciones.<\/p>\n<p style=\"text-align: justify;\"><strong>Desnudar.<\/strong><\/p>\n<p style=\"text-align: justify;\">Se descubre la estructura original del edificio construido el a\u00f1o 1931, la casa Antoni Rosell Fortuny, del arquitecto Francesc de Paula Morera Gatell, a\u00f1adiendo una nueva capa a la primera reforma del espacio realizada por Joan Tous Arquitectos. Se recupera el esp\u00edritu original eliminando el revestimiento de los muros para dejarlos respirar y evitar as\u00ed su deterioro a causa de las humedades.<\/p>\n<p style=\"text-align: justify;\"><strong>Abrir.<\/strong><\/p>\n<p style=\"text-align: justify;\">Se potencia la relaci\u00f3n interior exterior fomentando el contacto visual con el mar.<\/p>\n<p style=\"text-align: justify;\">Se eliminan las divisiones que tapiaban los arcos transversales conectando visualmente todo el estudio con el espacio com\u00fan de acceso y el espacio p\u00fablico exterior. El sistema de arcos estructura y ordena el espacio.<\/p>\n<p style=\"text-align: justify;\"><strong>Habitar.<\/strong><\/p>\n<p style=\"text-align: justify;\">Finalmente, se define y personaliza el estudio mediante diferentes piezas de mobiliario de madera de pino que se adaptan al espacio y a las actividades que se desarrollan.<\/p>\n<blockquote>\n<p style=\"text-align: justify;\"><em>\u00abDesnudar, abrir y habitar el espacio. Recuperar el esp\u00edritu original del edificio potenciando nuevas conexiones f\u00edsicas y visuales.\u00bb<\/em><\/p>\n<\/blockquote>\n<div id='gallery-1' class='gallery galleryid-61715 gallery-columns-4 gallery-size-thumbnail'><figure class='gallery-item'>\n\t\t\t<div class='gallery-icon landscape'>\n\t\t\t\t<a href='https:\/\/veredes.es\/blog\/wp-content\/uploads\/2016\/09\/estudio-NUA_NUA-Arquitectures_01.jpg'><img loading=\"lazy\" decoding=\"async\" width=\"120\" height=\"120\" src=\"https:\/\/veredes.es\/blog\/wp-content\/uploads\/2016\/09\/estudio-NUA_NUA-Arquitectures_01-120x120.jpg\" class=\"attachment-thumbnail size-thumbnail\" alt=\"\" srcset=\"https:\/\/veredes.es\/blog\/wp-content\/uploads\/2016\/09\/estudio-NUA_NUA-Arquitectures_01-120x120.jpg 120w, https:\/\/veredes.es\/blog\/wp-content\/uploads\/2016\/09\/estudio-NUA_NUA-Arquitectures_01-150x150.jpg 150w\" sizes=\"auto, (max-width: 120px) 100vw, 120px\" \/><\/a>\n\t\t\t<\/div><\/figure><figure class='gallery-item'>\n\t\t\t<div class='gallery-icon landscape'>\n\t\t\t\t<a href='https:\/\/veredes.es\/blog\/wp-content\/uploads\/2016\/09\/estudio-NUA_NUA-Arquitectures_15.jpg'><img loading=\"lazy\" decoding=\"async\" width=\"120\" height=\"120\" src=\"https:\/\/veredes.es\/blog\/wp-content\/uploads\/2016\/09\/estudio-NUA_NUA-Arquitectures_15-120x120.jpg\" class=\"attachment-thumbnail size-thumbnail\" alt=\"\" srcset=\"https:\/\/veredes.es\/blog\/wp-content\/uploads\/2016\/09\/estudio-NUA_NUA-Arquitectures_15-120x120.jpg 120w, https:\/\/veredes.es\/blog\/wp-content\/uploads\/2016\/09\/estudio-NUA_NUA-Arquitectures_15-150x150.jpg 150w\" sizes=\"auto, (max-width: 120px) 100vw, 120px\" \/><\/a>\n\t\t\t<\/div><\/figure><figure class='gallery-item'>\n\t\t\t<div class='gallery-icon portrait'>\n\t\t\t\t<a href='https:\/\/veredes.es\/blog\/wp-content\/uploads\/2016\/09\/estudio-NUA_NUA-Arquitectures_14.jpg'><img loading=\"lazy\" decoding=\"async\" width=\"120\" height=\"120\" src=\"https:\/\/veredes.es\/blog\/wp-content\/uploads\/2016\/09\/estudio-NUA_NUA-Arquitectures_14-120x120.jpg\" class=\"attachment-thumbnail size-thumbnail\" alt=\"\" srcset=\"https:\/\/veredes.es\/blog\/wp-content\/uploads\/2016\/09\/estudio-NUA_NUA-Arquitectures_14-120x120.jpg 120w, https:\/\/veredes.es\/blog\/wp-content\/uploads\/2016\/09\/estudio-NUA_NUA-Arquitectures_14-150x150.jpg 150w\" sizes=\"auto, (max-width: 120px) 100vw, 120px\" \/><\/a>\n\t\t\t<\/div><\/figure><figure class='gallery-item'>\n\t\t\t<div class='gallery-icon landscape'>\n\t\t\t\t<a href='https:\/\/veredes.es\/blog\/wp-content\/uploads\/2016\/09\/estudio-NUA_NUA-Arquitectures_13.jpg'><img loading=\"lazy\" decoding=\"async\" width=\"120\" height=\"120\" src=\"https:\/\/veredes.es\/blog\/wp-content\/uploads\/2016\/09\/estudio-NUA_NUA-Arquitectures_13-120x120.jpg\" class=\"attachment-thumbnail size-thumbnail\" alt=\"\" srcset=\"https:\/\/veredes.es\/blog\/wp-content\/uploads\/2016\/09\/estudio-NUA_NUA-Arquitectures_13-120x120.jpg 120w, https:\/\/veredes.es\/blog\/wp-content\/uploads\/2016\/09\/estudio-NUA_NUA-Arquitectures_13-150x150.jpg 150w\" sizes=\"auto, (max-width: 120px) 100vw, 120px\" \/><\/a>\n\t\t\t<\/div><\/figure><figure class='gallery-item'>\n\t\t\t<div class='gallery-icon landscape'>\n\t\t\t\t<a href='https:\/\/veredes.es\/blog\/wp-content\/uploads\/2016\/09\/estudio-NUA_NUA-Arquitectures_12.jpg'><img loading=\"lazy\" decoding=\"async\" width=\"120\" height=\"120\" src=\"https:\/\/veredes.es\/blog\/wp-content\/uploads\/2016\/09\/estudio-NUA_NUA-Arquitectures_12-120x120.jpg\" class=\"attachment-thumbnail size-thumbnail\" alt=\"\" srcset=\"https:\/\/veredes.es\/blog\/wp-content\/uploads\/2016\/09\/estudio-NUA_NUA-Arquitectures_12-120x120.jpg 120w, https:\/\/veredes.es\/blog\/wp-content\/uploads\/2016\/09\/estudio-NUA_NUA-Arquitectures_12-150x150.jpg 150w\" sizes=\"auto, (max-width: 120px) 100vw, 120px\" \/><\/a>\n\t\t\t<\/div><\/figure><figure class='gallery-item'>\n\t\t\t<div class='gallery-icon landscape'>\n\t\t\t\t<a href='https:\/\/veredes.es\/blog\/wp-content\/uploads\/2016\/09\/estudio-NUA_NUA-Arquitectures_11.jpg'><img loading=\"lazy\" decoding=\"async\" width=\"120\" height=\"120\" src=\"https:\/\/veredes.es\/blog\/wp-content\/uploads\/2016\/09\/estudio-NUA_NUA-Arquitectures_11-120x120.jpg\" class=\"attachment-thumbnail size-thumbnail\" alt=\"\" srcset=\"https:\/\/veredes.es\/blog\/wp-content\/uploads\/2016\/09\/estudio-NUA_NUA-Arquitectures_11-120x120.jpg 120w, https:\/\/veredes.es\/blog\/wp-content\/uploads\/2016\/09\/estudio-NUA_NUA-Arquitectures_11-150x150.jpg 150w\" sizes=\"auto, (max-width: 120px) 100vw, 120px\" \/><\/a>\n\t\t\t<\/div><\/figure><figure class='gallery-item'>\n\t\t\t<div class='gallery-icon portrait'>\n\t\t\t\t<a href='https:\/\/veredes.es\/blog\/wp-content\/uploads\/2016\/09\/estudio-NUA_NUA-Arquitectures_10.jpg'><img loading=\"lazy\" decoding=\"async\" width=\"120\" height=\"120\" src=\"https:\/\/veredes.es\/blog\/wp-content\/uploads\/2016\/09\/estudio-NUA_NUA-Arquitectures_10-120x120.jpg\" class=\"attachment-thumbnail size-thumbnail\" alt=\"\" srcset=\"https:\/\/veredes.es\/blog\/wp-content\/uploads\/2016\/09\/estudio-NUA_NUA-Arquitectures_10-120x120.jpg 120w, https:\/\/veredes.es\/blog\/wp-content\/uploads\/2016\/09\/estudio-NUA_NUA-Arquitectures_10-150x150.jpg 150w\" sizes=\"auto, (max-width: 120px) 100vw, 120px\" \/><\/a>\n\t\t\t<\/div><\/figure><figure class='gallery-item'>\n\t\t\t<div class='gallery-icon portrait'>\n\t\t\t\t<a href='https:\/\/veredes.es\/blog\/wp-content\/uploads\/2016\/09\/estudio-NUA_NUA-Arquitectures_09.jpg'><img loading=\"lazy\" decoding=\"async\" width=\"120\" height=\"120\" src=\"https:\/\/veredes.es\/blog\/wp-content\/uploads\/2016\/09\/estudio-NUA_NUA-Arquitectures_09-120x120.jpg\" class=\"attachment-thumbnail size-thumbnail\" alt=\"\" srcset=\"https:\/\/veredes.es\/blog\/wp-content\/uploads\/2016\/09\/estudio-NUA_NUA-Arquitectures_09-120x120.jpg 120w, https:\/\/veredes.es\/blog\/wp-content\/uploads\/2016\/09\/estudio-NUA_NUA-Arquitectures_09-150x150.jpg 150w\" sizes=\"auto, (max-width: 120px) 100vw, 120px\" \/><\/a>\n\t\t\t<\/div><\/figure><figure class='gallery-item'>\n\t\t\t<div class='gallery-icon landscape'>\n\t\t\t\t<a href='https:\/\/veredes.es\/blog\/wp-content\/uploads\/2016\/09\/estudio-NUA_NUA-Arquitectures_08.jpg'><img loading=\"lazy\" decoding=\"async\" width=\"120\" height=\"120\" src=\"https:\/\/veredes.es\/blog\/wp-content\/uploads\/2016\/09\/estudio-NUA_NUA-Arquitectures_08-120x120.jpg\" class=\"attachment-thumbnail size-thumbnail\" alt=\"\" srcset=\"https:\/\/veredes.es\/blog\/wp-content\/uploads\/2016\/09\/estudio-NUA_NUA-Arquitectures_08-120x120.jpg 120w, https:\/\/veredes.es\/blog\/wp-content\/uploads\/2016\/09\/estudio-NUA_NUA-Arquitectures_08-150x150.jpg 150w\" sizes=\"auto, (max-width: 120px) 100vw, 120px\" \/><\/a>\n\t\t\t<\/div><\/figure><figure class='gallery-item'>\n\t\t\t<div class='gallery-icon landscape'>\n\t\t\t\t<a href='https:\/\/veredes.es\/blog\/wp-content\/uploads\/2016\/09\/estudio-NUA_NUA-Arquitectures_07.jpg'><img loading=\"lazy\" decoding=\"async\" width=\"120\" height=\"120\" src=\"https:\/\/veredes.es\/blog\/wp-content\/uploads\/2016\/09\/estudio-NUA_NUA-Arquitectures_07-120x120.jpg\" class=\"attachment-thumbnail size-thumbnail\" alt=\"\" srcset=\"https:\/\/veredes.es\/blog\/wp-content\/uploads\/2016\/09\/estudio-NUA_NUA-Arquitectures_07-120x120.jpg 120w, https:\/\/veredes.es\/blog\/wp-content\/uploads\/2016\/09\/estudio-NUA_NUA-Arquitectures_07-150x150.jpg 150w\" sizes=\"auto, (max-width: 120px) 100vw, 120px\" \/><\/a>\n\t\t\t<\/div><\/figure><figure class='gallery-item'>\n\t\t\t<div class='gallery-icon portrait'>\n\t\t\t\t<a href='https:\/\/veredes.es\/blog\/wp-content\/uploads\/2016\/09\/estudio-NUA_NUA-Arquitectures_06.jpg'><img loading=\"lazy\" decoding=\"async\" width=\"120\" height=\"120\" src=\"https:\/\/veredes.es\/blog\/wp-content\/uploads\/2016\/09\/estudio-NUA_NUA-Arquitectures_06-120x120.jpg\" class=\"attachment-thumbnail size-thumbnail\" alt=\"\" srcset=\"https:\/\/veredes.es\/blog\/wp-content\/uploads\/2016\/09\/estudio-NUA_NUA-Arquitectures_06-120x120.jpg 120w, https:\/\/veredes.es\/blog\/wp-content\/uploads\/2016\/09\/estudio-NUA_NUA-Arquitectures_06-150x150.jpg 150w\" sizes=\"auto, (max-width: 120px) 100vw, 120px\" \/><\/a>\n\t\t\t<\/div><\/figure><figure class='gallery-item'>\n\t\t\t<div class='gallery-icon landscape'>\n\t\t\t\t<a href='https:\/\/veredes.es\/blog\/wp-content\/uploads\/2016\/09\/estudio-NUA_NUA-Arquitectures_05.jpg'><img loading=\"lazy\" decoding=\"async\" width=\"120\" height=\"120\" src=\"https:\/\/veredes.es\/blog\/wp-content\/uploads\/2016\/09\/estudio-NUA_NUA-Arquitectures_05-120x120.jpg\" class=\"attachment-thumbnail size-thumbnail\" alt=\"\" srcset=\"https:\/\/veredes.es\/blog\/wp-content\/uploads\/2016\/09\/estudio-NUA_NUA-Arquitectures_05-120x120.jpg 120w, https:\/\/veredes.es\/blog\/wp-content\/uploads\/2016\/09\/estudio-NUA_NUA-Arquitectures_05-150x150.jpg 150w\" sizes=\"auto, (max-width: 120px) 100vw, 120px\" \/><\/a>\n\t\t\t<\/div><\/figure><figure class='gallery-item'>\n\t\t\t<div class='gallery-icon landscape'>\n\t\t\t\t<a href='https:\/\/veredes.es\/blog\/wp-content\/uploads\/2016\/09\/estudio-NUA_NUA-Arquitectures_04.jpg'><img loading=\"lazy\" decoding=\"async\" width=\"120\" height=\"120\" src=\"https:\/\/veredes.es\/blog\/wp-content\/uploads\/2016\/09\/estudio-NUA_NUA-Arquitectures_04-120x120.jpg\" class=\"attachment-thumbnail size-thumbnail\" alt=\"\" srcset=\"https:\/\/veredes.es\/blog\/wp-content\/uploads\/2016\/09\/estudio-NUA_NUA-Arquitectures_04-120x120.jpg 120w, https:\/\/veredes.es\/blog\/wp-content\/uploads\/2016\/09\/estudio-NUA_NUA-Arquitectures_04-150x150.jpg 150w\" sizes=\"auto, (max-width: 120px) 100vw, 120px\" \/><\/a>\n\t\t\t<\/div><\/figure><figure class='gallery-item'>\n\t\t\t<div class='gallery-icon landscape'>\n\t\t\t\t<a href='https:\/\/veredes.es\/blog\/wp-content\/uploads\/2016\/09\/estudio-NUA_NUA-Arquitectures_03.jpg'><img loading=\"lazy\" decoding=\"async\" width=\"120\" height=\"120\" src=\"https:\/\/veredes.es\/blog\/wp-content\/uploads\/2016\/09\/estudio-NUA_NUA-Arquitectures_03-120x120.jpg\" class=\"attachment-thumbnail size-thumbnail\" alt=\"\" srcset=\"https:\/\/veredes.es\/blog\/wp-content\/uploads\/2016\/09\/estudio-NUA_NUA-Arquitectures_03-120x120.jpg 120w, https:\/\/veredes.es\/blog\/wp-content\/uploads\/2016\/09\/estudio-NUA_NUA-Arquitectures_03-150x150.jpg 150w\" sizes=\"auto, (max-width: 120px) 100vw, 120px\" \/><\/a>\n\t\t\t<\/div><\/figure><figure class='gallery-item'>\n\t\t\t<div class='gallery-icon landscape'>\n\t\t\t\t<a href='https:\/\/veredes.es\/blog\/wp-content\/uploads\/2016\/09\/estudio-NUA_NUA-Arquitectures_02.jpg'><img loading=\"lazy\" decoding=\"async\" width=\"120\" height=\"120\" src=\"https:\/\/veredes.es\/blog\/wp-content\/uploads\/2016\/09\/estudio-NUA_NUA-Arquitectures_02-120x120.jpg\" class=\"attachment-thumbnail size-thumbnail\" alt=\"\" srcset=\"https:\/\/veredes.es\/blog\/wp-content\/uploads\/2016\/09\/estudio-NUA_NUA-Arquitectures_02-120x120.jpg 120w, https:\/\/veredes.es\/blog\/wp-content\/uploads\/2016\/09\/estudio-NUA_NUA-Arquitectures_02-150x150.jpg 150w\" sizes=\"auto, (max-width: 120px) 100vw, 120px\" \/><\/a>\n\t\t\t<\/div><\/figure>\n\t\t<\/div>\n\n<p style=\"text-align: justify;\">Obra: Transformaci\u00f3n de un antiguo Almac\u00e9n en estudio NUA<br \/>\nArquitectos: Maria Rius, Arnau Ti\u00f1ena, Ferran Ti\u00f1ena. (NUA Arquitectures)<br \/>\nSituaci\u00f3n: Baixada de toro n\u00ba5, Tarragona, Catalu\u00f1a, Espa\u00f1a<br \/>\nEmpresa constructora: Baumester SL.<br \/>\nCarpinteria: Rels.<br \/>\nPresupuesto de contrato: 10.520\u20ac (reforma: 5.444\u20ac, mobiliario: 5.076\u20ac).<br \/>\nA\u00f1o: 2015<br \/>\nSuperficie: 32m\u00b2<br \/>\nFotograf\u00eda: NUA Arquitectures<br \/>\n<a href=\"http:\/\/www.nuaarquitectures.com\/esp\/\" target=\"_blank\"><span style=\"color: #999999;\">+ nuaarquitectures.com<\/span><\/a><\/p>\n<p><\/p>","protected":false},"excerpt":{"rendered":"<p>Tarragona, situada estrat\u00e9gicamente en una colina, tiene una estrecha relaci\u00f3n con el Mediterr\u00e1neo. Esta dualidad geogr\u00e1fica nos permite encontrar puntos tan privilegiados como este estudio, uno de los pocos bajos de la ciudad con vistas al mar. Este peque\u00f1o proyecto trata de recuperar el espacio ocupado durante mucho tiempo como almac\u00e9n para transformarlo en un [&hellip;]<\/p>\n","protected":false},"author":2,"featured_media":61731,"comment_status":"open","ping_status":"closed","sticky":false,"template":"","format":"standard","meta":{"footnotes":""},"categories":[34,52,23,2039,1159,5951],"tags":[4436,6267,145,7137,150,11765,12634,659,733,12635,11766,12633,12472,12464,2607],"class_list":{"0":"post-61715","1":"post","2":"type-post","3":"status-publish","4":"format-standard","5":"has-post-thumbnail","7":"category-arquitectura","8":"category-equipamiento-terciario","9":"category-obras","10":"category-reforma-interior","11":"category-rehabilitacion","12":"category-slider-principal","13":"tag-arnau-tinena","14":"tag-arquitectura-catalana","15":"tag-arquitectura-industrial","16":"tag-arquitectura-popular","17":"tag-arquitectura-tradicional","18":"tag-ferran-tinena-guiamett","19":"tag-francesc-de-paula-morera-gatell","20":"tag-habitar","21":"tag-intervencion","22":"tag-joan-tous-arquitectos","23":"tag-maria-rius-ruiz","24":"tag-nua-arquitectures","25":"tag-reforma-interior","26":"tag-rehabilitacion","27":"tag-tarragona"},"yoast_head":"<!-- This site is optimized with the Yoast SEO plugin v27.5 - https:\/\/yoast.com\/product\/yoast-seo-wordpress\/ -->\n<title>Transformaci\u00f3n de un antiguo Almac\u00e9n en estudio NUA | NUA Arquitectures - veredes<\/title>\n<meta name=\"description\" content=\"Toda la informaci\u00f3n sobre: [:es]Transformaci\u00f3n de un antiguo Almac\u00e9n en estudio NUA | NUA Arquitectures[:gl]Transformaci\u00f3n dun antigo Almac\u00e9n en estudo NUA | NUA Arquitectures[:en]Transformation of an old store into a NUA study | NUA Arquitectures [:]\" \/>\n<meta name=\"robots\" content=\"index, follow, max-snippet:-1, max-image-preview:large, max-video-preview:-1\" \/>\n<link rel=\"canonical\" href=\"https:\/\/veredes.es\/blog\/transformacion-antiguo-almacen-estudio-nua-nua-arquitectures\/\" \/>\n<meta property=\"og:locale\" content=\"es_ES\" \/>\n<meta property=\"og:type\" content=\"article\" \/>\n<meta property=\"og:title\" content=\"[:es]Transformaci\u00f3n de un antiguo Almac\u00e9n en estudio NUA | NUA Arquitectures[:gl]Transformaci\u00f3n dun antigo Almac\u00e9n en estudo NUA | NUA Arquitectures[:en]Transformation of an old store into a NUA study | NUA Arquitectures [:] - veredes\" \/>\n<meta property=\"og:description\" content=\"Toda la informaci\u00f3n sobre: [:es]Transformaci\u00f3n de un antiguo Almac\u00e9n en estudio NUA | NUA Arquitectures[:gl]Transformaci\u00f3n dun antigo Almac\u00e9n en estudo NUA | NUA Arquitectures[:en]Transformation of an old store into a NUA study | NUA Arquitectures [:]\" \/>\n<meta property=\"og:url\" content=\"https:\/\/veredes.es\/blog\/transformacion-antiguo-almacen-estudio-nua-nua-arquitectures\/\" \/>\n<meta property=\"og:site_name\" content=\"veredes, arquitectura y divulgaci\u00f3n\" \/>\n<meta property=\"article:publisher\" content=\"https:\/\/www.facebook.com\/veredesArquitecturayDivulgacion\/\" \/>\n<meta property=\"article:author\" content=\"https:\/\/www.facebook.com\/veredesArquitecturayDivulgacion\/\" \/>\n<meta property=\"article:published_time\" content=\"2016-09-06T22:18:52+00:00\" \/>\n<meta property=\"og:image\" content=\"https:\/\/veredes.es\/blog\/wp-content\/uploads\/2016\/09\/estudio-NUA_NUA-Arquitectures_02.jpg\" \/>\n\t<meta property=\"og:image:width\" content=\"1000\" \/>\n\t<meta property=\"og:image:height\" content=\"667\" \/>\n\t<meta property=\"og:image:type\" content=\"image\/jpeg\" \/>\n<meta name=\"author\" content=\"veredes\" \/>\n<meta name=\"twitter:card\" content=\"summary_large_image\" \/>\n<meta name=\"twitter:creator\" content=\"@https:\/\/twitter.com\/veredes\" \/>\n<meta name=\"twitter:site\" content=\"@veredes\" \/>\n<meta name=\"twitter:label1\" content=\"Escrito por\" \/>\n\t<meta name=\"twitter:data1\" content=\"veredes\" \/>\n\t<meta name=\"twitter:label2\" content=\"Tiempo de lectura\" \/>\n\t<meta name=\"twitter:data2\" content=\"4 minutos\" \/>\n<script type=\"application\/ld+json\" class=\"yoast-schema-graph\">{\"@context\":\"https:\\\/\\\/schema.org\",\"@graph\":[{\"@type\":\"Article\",\"@id\":\"https:\\\/\\\/veredes.es\\\/blog\\\/transformacion-antiguo-almacen-estudio-nua-nua-arquitectures\\\/#article\",\"isPartOf\":{\"@id\":\"https:\\\/\\\/veredes.es\\\/blog\\\/transformacion-antiguo-almacen-estudio-nua-nua-arquitectures\\\/\"},\"author\":{\"name\":\"veredes\",\"@id\":\"https:\\\/\\\/veredes.es\\\/blog\\\/#\\\/schema\\\/person\\\/0bbb669073ef7faba5168a0844e93d2c\"},\"headline\":\"Transformaci\u00f3n de un antiguo Almac\u00e9n en estudio NUA | NUA Arquitectures\",\"datePublished\":\"2016-09-06T22:18:52+00:00\",\"mainEntityOfPage\":{\"@id\":\"https:\\\/\\\/veredes.es\\\/blog\\\/transformacion-antiguo-almacen-estudio-nua-nua-arquitectures\\\/\"},\"wordCount\":883,\"commentCount\":0,\"publisher\":{\"@id\":\"https:\\\/\\\/veredes.es\\\/blog\\\/#organization\"},\"image\":{\"@id\":\"https:\\\/\\\/veredes.es\\\/blog\\\/transformacion-antiguo-almacen-estudio-nua-nua-arquitectures\\\/#primaryimage\"},\"thumbnailUrl\":\"https:\\\/\\\/veredes.es\\\/blog\\\/wp-content\\\/uploads\\\/2016\\\/09\\\/estudio-NUA_NUA-Arquitectures_02.jpg\",\"keywords\":[\"Arnau Ti\u00f1ena\",\"arquitectura catalana\",\"arquitectura industrial\",\"arquitectura popular\",\"arquitectura tradicional\",\"Ferr\u00e1n Ti\u00f1ena Guiamett\",\"Francesc de Paula Morera Gatell\",\"habitar\",\"intervenci\u00f3n\",\"Joan Tous Arquitectos\",\"Mar\u00eda Rius Ruiz\",\"NUA Arquitectures\",\"reforma interior\",\"rehabilitaci\u00f3n\",\"Tarragona\"],\"articleSection\":[\"arquitectura\",\"equipamiento terciario\",\"obras\",\"reforma interior\",\"rehabilitaci\u00f3n\",\"slider principal\"],\"inLanguage\":\"es\",\"potentialAction\":[{\"@type\":\"CommentAction\",\"name\":\"Comment\",\"target\":[\"https:\\\/\\\/veredes.es\\\/blog\\\/transformacion-antiguo-almacen-estudio-nua-nua-arquitectures\\\/#respond\"]}]},{\"@type\":\"WebPage\",\"@id\":\"https:\\\/\\\/veredes.es\\\/blog\\\/transformacion-antiguo-almacen-estudio-nua-nua-arquitectures\\\/\",\"url\":\"https:\\\/\\\/veredes.es\\\/blog\\\/transformacion-antiguo-almacen-estudio-nua-nua-arquitectures\\\/\",\"name\":\"[:es]Transformaci\u00f3n de un antiguo Almac\u00e9n en estudio NUA | NUA Arquitectures[:gl]Transformaci\u00f3n dun antigo Almac\u00e9n en estudo NUA | NUA Arquitectures[:en]Transformation of an old store into a NUA study | NUA Arquitectures [:] - veredes\",\"isPartOf\":{\"@id\":\"https:\\\/\\\/veredes.es\\\/blog\\\/#website\"},\"primaryImageOfPage\":{\"@id\":\"https:\\\/\\\/veredes.es\\\/blog\\\/transformacion-antiguo-almacen-estudio-nua-nua-arquitectures\\\/#primaryimage\"},\"image\":{\"@id\":\"https:\\\/\\\/veredes.es\\\/blog\\\/transformacion-antiguo-almacen-estudio-nua-nua-arquitectures\\\/#primaryimage\"},\"thumbnailUrl\":\"https:\\\/\\\/veredes.es\\\/blog\\\/wp-content\\\/uploads\\\/2016\\\/09\\\/estudio-NUA_NUA-Arquitectures_02.jpg\",\"datePublished\":\"2016-09-06T22:18:52+00:00\",\"description\":\"Toda la informaci\u00f3n sobre: [:es]Transformaci\u00f3n de un antiguo Almac\u00e9n en estudio NUA | NUA Arquitectures[:gl]Transformaci\u00f3n dun antigo Almac\u00e9n en estudo NUA | NUA Arquitectures[:en]Transformation of an old store into a NUA study | NUA Arquitectures [:]\",\"breadcrumb\":{\"@id\":\"https:\\\/\\\/veredes.es\\\/blog\\\/transformacion-antiguo-almacen-estudio-nua-nua-arquitectures\\\/#breadcrumb\"},\"inLanguage\":\"es\",\"potentialAction\":[{\"@type\":\"ReadAction\",\"target\":[\"https:\\\/\\\/veredes.es\\\/blog\\\/transformacion-antiguo-almacen-estudio-nua-nua-arquitectures\\\/\"]}]},{\"@type\":\"ImageObject\",\"inLanguage\":\"es\",\"@id\":\"https:\\\/\\\/veredes.es\\\/blog\\\/transformacion-antiguo-almacen-estudio-nua-nua-arquitectures\\\/#primaryimage\",\"url\":\"https:\\\/\\\/veredes.es\\\/blog\\\/wp-content\\\/uploads\\\/2016\\\/09\\\/estudio-NUA_NUA-Arquitectures_02.jpg\",\"contentUrl\":\"https:\\\/\\\/veredes.es\\\/blog\\\/wp-content\\\/uploads\\\/2016\\\/09\\\/estudio-NUA_NUA-Arquitectures_02.jpg\",\"width\":1000,\"height\":667},{\"@type\":\"BreadcrumbList\",\"@id\":\"https:\\\/\\\/veredes.es\\\/blog\\\/transformacion-antiguo-almacen-estudio-nua-nua-arquitectures\\\/#breadcrumb\",\"itemListElement\":[{\"@type\":\"ListItem\",\"position\":1,\"name\":\"Portada\",\"item\":\"https:\\\/\\\/veredes.es\\\/blog\\\/\"},{\"@type\":\"ListItem\",\"position\":2,\"name\":\"Transformaci\u00f3n de un antiguo Almac\u00e9n en estudio NUA | NUA Arquitectures\"}]},{\"@type\":\"WebSite\",\"@id\":\"https:\\\/\\\/veredes.es\\\/blog\\\/#website\",\"url\":\"https:\\\/\\\/veredes.es\\\/blog\\\/\",\"name\":\"veredes, arquitectura y divulgaci\u00f3n\",\"description\":\"veredes\",\"publisher\":{\"@id\":\"https:\\\/\\\/veredes.es\\\/blog\\\/#organization\"},\"alternateName\":\"veredes\",\"potentialAction\":[{\"@type\":\"SearchAction\",\"target\":{\"@type\":\"EntryPoint\",\"urlTemplate\":\"https:\\\/\\\/veredes.es\\\/blog\\\/?s={search_term_string}\"},\"query-input\":{\"@type\":\"PropertyValueSpecification\",\"valueRequired\":true,\"valueName\":\"search_term_string\"}}],\"inLanguage\":\"es\"},{\"@type\":\"Organization\",\"@id\":\"https:\\\/\\\/veredes.es\\\/blog\\\/#organization\",\"name\":\"veredes, arquitectura y divulgaci\u00f3n\",\"alternateName\":\"veredes\",\"url\":\"https:\\\/\\\/veredes.es\\\/blog\\\/\",\"logo\":{\"@type\":\"ImageObject\",\"inLanguage\":\"es\",\"@id\":\"https:\\\/\\\/veredes.es\\\/blog\\\/#\\\/schema\\\/logo\\\/image\\\/\",\"url\":\"https:\\\/\\\/veredes.es\\\/blog\\\/wp-content\\\/uploads\\\/2021\\\/12\\\/veredes-logo-centrado_140x54.png\",\"contentUrl\":\"https:\\\/\\\/veredes.es\\\/blog\\\/wp-content\\\/uploads\\\/2021\\\/12\\\/veredes-logo-centrado_140x54.png\",\"width\":140,\"height\":54,\"caption\":\"veredes, arquitectura y divulgaci\u00f3n\"},\"image\":{\"@id\":\"https:\\\/\\\/veredes.es\\\/blog\\\/#\\\/schema\\\/logo\\\/image\\\/\"},\"sameAs\":[\"https:\\\/\\\/www.facebook.com\\\/veredesArquitecturayDivulgacion\\\/\",\"https:\\\/\\\/x.com\\\/veredes\",\"https:\\\/\\\/instagram.com\\\/veredes\\\/\",\"https:\\\/\\\/www.linkedin.com\\\/company\\\/veredes-arquitectura-y-divulgacion\\\/\",\"https:\\\/\\\/es.pinterest.com\\\/veredes\\\/\",\"https:\\\/\\\/www.tumblr.com\\\/veredes\"]},{\"@type\":\"Person\",\"@id\":\"https:\\\/\\\/veredes.es\\\/blog\\\/#\\\/schema\\\/person\\\/0bbb669073ef7faba5168a0844e93d2c\",\"name\":\"veredes\",\"image\":{\"@type\":\"ImageObject\",\"inLanguage\":\"es\",\"@id\":\"https:\\\/\\\/veredes.es\\\/blog\\\/wp-content\\\/uploads\\\/2018\\\/04\\\/face-96x96.jpg\",\"url\":\"https:\\\/\\\/veredes.es\\\/blog\\\/wp-content\\\/uploads\\\/2018\\\/04\\\/face-96x96.jpg\",\"contentUrl\":\"https:\\\/\\\/veredes.es\\\/blog\\\/wp-content\\\/uploads\\\/2018\\\/04\\\/face-96x96.jpg\",\"caption\":\"veredes\"},\"description\":\"Surge enero de 2009 como b\u00fasqueda de satisfacer el conocimiento de la actividad arquitect\u00f3nica y tangentes que se generan. La idea es crear un espacio para divulgar los diversos proyectos en busca de nueva inspiraci\u00f3n y de intercambio.\",\"sameAs\":[\"https:\\\/\\\/veredes.es\\\/\",\"https:\\\/\\\/www.facebook.com\\\/veredesArquitecturayDivulgacion\\\/\",\"https:\\\/\\\/www.instagram.com\\\/veredes\\\/\",\"https:\\\/\\\/www.linkedin.com\\\/company\\\/veredes-arquitectura-y-divulgacion\\\/\",\"https:\\\/\\\/www.pinterest.es\\\/veredes\\\/\",\"https:\\\/\\\/x.com\\\/https:\\\/\\\/twitter.com\\\/veredes\",\"https:\\\/\\\/veredes.tumblr.com\\\/\"],\"url\":\"https:\\\/\\\/veredes.es\\\/blog\\\/author\\\/alberto\\\/\"}]}<\/script>\n<!-- \/ Yoast SEO plugin. -->","yoast_head_json":{"title":"[:es]Transformaci\u00f3n de un antiguo Almac\u00e9n en estudio NUA | NUA Arquitectures[:gl]Transformaci\u00f3n dun antigo Almac\u00e9n en estudo NUA | NUA Arquitectures[:en]Transformation of an old store into a NUA study | NUA Arquitectures [:] - veredes","description":"Toda la informaci\u00f3n sobre: [:es]Transformaci\u00f3n de un antiguo Almac\u00e9n en estudio NUA | NUA Arquitectures[:gl]Transformaci\u00f3n dun antigo Almac\u00e9n en estudo NUA | NUA Arquitectures[:en]Transformation of an old store into a NUA study | NUA Arquitectures [:]","robots":{"index":"index","follow":"follow","max-snippet":"max-snippet:-1","max-image-preview":"max-image-preview:large","max-video-preview":"max-video-preview:-1"},"canonical":"https:\/\/veredes.es\/blog\/transformacion-antiguo-almacen-estudio-nua-nua-arquitectures\/","og_locale":"es_ES","og_type":"article","og_title":"[:es]Transformaci\u00f3n de un antiguo Almac\u00e9n en estudio NUA | NUA Arquitectures[:gl]Transformaci\u00f3n dun antigo Almac\u00e9n en estudo NUA | NUA Arquitectures[:en]Transformation of an old store into a NUA study | NUA Arquitectures [:] - veredes","og_description":"Toda la informaci\u00f3n sobre: [:es]Transformaci\u00f3n de un antiguo Almac\u00e9n en estudio NUA | NUA Arquitectures[:gl]Transformaci\u00f3n dun antigo Almac\u00e9n en estudo NUA | NUA Arquitectures[:en]Transformation of an old store into a NUA study | NUA Arquitectures [:]","og_url":"https:\/\/veredes.es\/blog\/transformacion-antiguo-almacen-estudio-nua-nua-arquitectures\/","og_site_name":"veredes, arquitectura y divulgaci\u00f3n","article_publisher":"https:\/\/www.facebook.com\/veredesArquitecturayDivulgacion\/","article_author":"https:\/\/www.facebook.com\/veredesArquitecturayDivulgacion\/","article_published_time":"2016-09-06T22:18:52+00:00","og_image":[{"width":1000,"height":667,"url":"https:\/\/veredes.es\/blog\/wp-content\/uploads\/2016\/09\/estudio-NUA_NUA-Arquitectures_02.jpg","type":"image\/jpeg"}],"author":"veredes","twitter_card":"summary_large_image","twitter_creator":"@https:\/\/twitter.com\/veredes","twitter_site":"@veredes","twitter_misc":{"Escrito por":"veredes","Tiempo de lectura":"4 minutos"},"schema":{"@context":"https:\/\/schema.org","@graph":[{"@type":"Article","@id":"https:\/\/veredes.es\/blog\/transformacion-antiguo-almacen-estudio-nua-nua-arquitectures\/#article","isPartOf":{"@id":"https:\/\/veredes.es\/blog\/transformacion-antiguo-almacen-estudio-nua-nua-arquitectures\/"},"author":{"name":"veredes","@id":"https:\/\/veredes.es\/blog\/#\/schema\/person\/0bbb669073ef7faba5168a0844e93d2c"},"headline":"Transformaci\u00f3n de un antiguo Almac\u00e9n en estudio NUA | NUA Arquitectures","datePublished":"2016-09-06T22:18:52+00:00","mainEntityOfPage":{"@id":"https:\/\/veredes.es\/blog\/transformacion-antiguo-almacen-estudio-nua-nua-arquitectures\/"},"wordCount":883,"commentCount":0,"publisher":{"@id":"https:\/\/veredes.es\/blog\/#organization"},"image":{"@id":"https:\/\/veredes.es\/blog\/transformacion-antiguo-almacen-estudio-nua-nua-arquitectures\/#primaryimage"},"thumbnailUrl":"https:\/\/veredes.es\/blog\/wp-content\/uploads\/2016\/09\/estudio-NUA_NUA-Arquitectures_02.jpg","keywords":["Arnau Ti\u00f1ena","arquitectura catalana","arquitectura industrial","arquitectura popular","arquitectura tradicional","Ferr\u00e1n Ti\u00f1ena Guiamett","Francesc de Paula Morera Gatell","habitar","intervenci\u00f3n","Joan Tous Arquitectos","Mar\u00eda Rius Ruiz","NUA Arquitectures","reforma interior","rehabilitaci\u00f3n","Tarragona"],"articleSection":["arquitectura","equipamiento terciario","obras","reforma interior","rehabilitaci\u00f3n","slider principal"],"inLanguage":"es","potentialAction":[{"@type":"CommentAction","name":"Comment","target":["https:\/\/veredes.es\/blog\/transformacion-antiguo-almacen-estudio-nua-nua-arquitectures\/#respond"]}]},{"@type":"WebPage","@id":"https:\/\/veredes.es\/blog\/transformacion-antiguo-almacen-estudio-nua-nua-arquitectures\/","url":"https:\/\/veredes.es\/blog\/transformacion-antiguo-almacen-estudio-nua-nua-arquitectures\/","name":"[:es]Transformaci\u00f3n de un antiguo Almac\u00e9n en estudio NUA | NUA Arquitectures[:gl]Transformaci\u00f3n dun antigo Almac\u00e9n en estudo NUA | NUA Arquitectures[:en]Transformation of an old store into a NUA study | NUA Arquitectures [:] - veredes","isPartOf":{"@id":"https:\/\/veredes.es\/blog\/#website"},"primaryImageOfPage":{"@id":"https:\/\/veredes.es\/blog\/transformacion-antiguo-almacen-estudio-nua-nua-arquitectures\/#primaryimage"},"image":{"@id":"https:\/\/veredes.es\/blog\/transformacion-antiguo-almacen-estudio-nua-nua-arquitectures\/#primaryimage"},"thumbnailUrl":"https:\/\/veredes.es\/blog\/wp-content\/uploads\/2016\/09\/estudio-NUA_NUA-Arquitectures_02.jpg","datePublished":"2016-09-06T22:18:52+00:00","description":"Toda la informaci\u00f3n sobre: [:es]Transformaci\u00f3n de un antiguo Almac\u00e9n en estudio NUA | NUA Arquitectures[:gl]Transformaci\u00f3n dun antigo Almac\u00e9n en estudo NUA | NUA Arquitectures[:en]Transformation of an old store into a NUA study | NUA Arquitectures [:]","breadcrumb":{"@id":"https:\/\/veredes.es\/blog\/transformacion-antiguo-almacen-estudio-nua-nua-arquitectures\/#breadcrumb"},"inLanguage":"es","potentialAction":[{"@type":"ReadAction","target":["https:\/\/veredes.es\/blog\/transformacion-antiguo-almacen-estudio-nua-nua-arquitectures\/"]}]},{"@type":"ImageObject","inLanguage":"es","@id":"https:\/\/veredes.es\/blog\/transformacion-antiguo-almacen-estudio-nua-nua-arquitectures\/#primaryimage","url":"https:\/\/veredes.es\/blog\/wp-content\/uploads\/2016\/09\/estudio-NUA_NUA-Arquitectures_02.jpg","contentUrl":"https:\/\/veredes.es\/blog\/wp-content\/uploads\/2016\/09\/estudio-NUA_NUA-Arquitectures_02.jpg","width":1000,"height":667},{"@type":"BreadcrumbList","@id":"https:\/\/veredes.es\/blog\/transformacion-antiguo-almacen-estudio-nua-nua-arquitectures\/#breadcrumb","itemListElement":[{"@type":"ListItem","position":1,"name":"Portada","item":"https:\/\/veredes.es\/blog\/"},{"@type":"ListItem","position":2,"name":"Transformaci\u00f3n de un antiguo Almac\u00e9n en estudio NUA | NUA Arquitectures"}]},{"@type":"WebSite","@id":"https:\/\/veredes.es\/blog\/#website","url":"https:\/\/veredes.es\/blog\/","name":"veredes, arquitectura y divulgaci\u00f3n","description":"veredes","publisher":{"@id":"https:\/\/veredes.es\/blog\/#organization"},"alternateName":"veredes","potentialAction":[{"@type":"SearchAction","target":{"@type":"EntryPoint","urlTemplate":"https:\/\/veredes.es\/blog\/?s={search_term_string}"},"query-input":{"@type":"PropertyValueSpecification","valueRequired":true,"valueName":"search_term_string"}}],"inLanguage":"es"},{"@type":"Organization","@id":"https:\/\/veredes.es\/blog\/#organization","name":"veredes, arquitectura y divulgaci\u00f3n","alternateName":"veredes","url":"https:\/\/veredes.es\/blog\/","logo":{"@type":"ImageObject","inLanguage":"es","@id":"https:\/\/veredes.es\/blog\/#\/schema\/logo\/image\/","url":"https:\/\/veredes.es\/blog\/wp-content\/uploads\/2021\/12\/veredes-logo-centrado_140x54.png","contentUrl":"https:\/\/veredes.es\/blog\/wp-content\/uploads\/2021\/12\/veredes-logo-centrado_140x54.png","width":140,"height":54,"caption":"veredes, arquitectura y divulgaci\u00f3n"},"image":{"@id":"https:\/\/veredes.es\/blog\/#\/schema\/logo\/image\/"},"sameAs":["https:\/\/www.facebook.com\/veredesArquitecturayDivulgacion\/","https:\/\/x.com\/veredes","https:\/\/instagram.com\/veredes\/","https:\/\/www.linkedin.com\/company\/veredes-arquitectura-y-divulgacion\/","https:\/\/es.pinterest.com\/veredes\/","https:\/\/www.tumblr.com\/veredes"]},{"@type":"Person","@id":"https:\/\/veredes.es\/blog\/#\/schema\/person\/0bbb669073ef7faba5168a0844e93d2c","name":"veredes","image":{"@type":"ImageObject","inLanguage":"es","@id":"https:\/\/veredes.es\/blog\/wp-content\/uploads\/2018\/04\/face-96x96.jpg","url":"https:\/\/veredes.es\/blog\/wp-content\/uploads\/2018\/04\/face-96x96.jpg","contentUrl":"https:\/\/veredes.es\/blog\/wp-content\/uploads\/2018\/04\/face-96x96.jpg","caption":"veredes"},"description":"Surge enero de 2009 como b\u00fasqueda de satisfacer el conocimiento de la actividad arquitect\u00f3nica y tangentes que se generan. La idea es crear un espacio para divulgar los diversos proyectos en busca de nueva inspiraci\u00f3n y de intercambio.","sameAs":["https:\/\/veredes.es\/","https:\/\/www.facebook.com\/veredesArquitecturayDivulgacion\/","https:\/\/www.instagram.com\/veredes\/","https:\/\/www.linkedin.com\/company\/veredes-arquitectura-y-divulgacion\/","https:\/\/www.pinterest.es\/veredes\/","https:\/\/x.com\/https:\/\/twitter.com\/veredes","https:\/\/veredes.tumblr.com\/"],"url":"https:\/\/veredes.es\/blog\/author\/alberto\/"}]}},"_links":{"self":[{"href":"https:\/\/veredes.es\/blog\/wp-json\/wp\/v2\/posts\/61715","targetHints":{"allow":["GET"]}}],"collection":[{"href":"https:\/\/veredes.es\/blog\/wp-json\/wp\/v2\/posts"}],"about":[{"href":"https:\/\/veredes.es\/blog\/wp-json\/wp\/v2\/types\/post"}],"author":[{"embeddable":true,"href":"https:\/\/veredes.es\/blog\/wp-json\/wp\/v2\/users\/2"}],"replies":[{"embeddable":true,"href":"https:\/\/veredes.es\/blog\/wp-json\/wp\/v2\/comments?post=61715"}],"version-history":[{"count":0,"href":"https:\/\/veredes.es\/blog\/wp-json\/wp\/v2\/posts\/61715\/revisions"}],"wp:featuredmedia":[{"embeddable":true,"href":"https:\/\/veredes.es\/blog\/wp-json\/wp\/v2\/media\/61731"}],"wp:attachment":[{"href":"https:\/\/veredes.es\/blog\/wp-json\/wp\/v2\/media?parent=61715"}],"wp:term":[{"taxonomy":"category","embeddable":true,"href":"https:\/\/veredes.es\/blog\/wp-json\/wp\/v2\/categories?post=61715"},{"taxonomy":"post_tag","embeddable":true,"href":"https:\/\/veredes.es\/blog\/wp-json\/wp\/v2\/tags?post=61715"}],"curies":[{"name":"wp","href":"https:\/\/api.w.org\/{rel}","templated":true}]}}