{"id":61673,"date":"2016-09-05T00:45:24","date_gmt":"2016-09-04T22:45:24","guid":{"rendered":"http:\/\/veredes.es\/blog\/?p=61673"},"modified":"2023-04-29T12:45:08","modified_gmt":"2023-04-29T10:45:08","slug":"las-elipsis-arquitectonicas-pedro-hernandez","status":"publish","type":"post","link":"https:\/\/veredes.es\/blog\/las-elipsis-arquitectonicas-pedro-hernandez\/","title":{"rendered":"De las elipsis (arquitect\u00f3nicas) | Landa Hern\u00e1ndez Mart\u00ednez"},"content":{"rendered":"<p><figure id=\"attachment_61675\" aria-describedby=\"caption-attachment-61675\" style=\"width: 750px\" class=\"wp-caption alignnone\"><img loading=\"lazy\" decoding=\"async\" class=\"wp-image-61675\" src=\"http:\/\/veredes.es\/blog\/wp-content\/uploads\/2016\/08\/La-elipsis-arquitect\u00f3nica-01.jpg\" alt=\"\u2018La elipsis arquitect\u00f3nica\u2019 en el Centro Cultural Universitario Tlatelolco.\" width=\"750\" height=\"468\" srcset=\"https:\/\/veredes.es\/blog\/wp-content\/uploads\/2016\/08\/La-elipsis-arquitect\u00f3nica-01.jpg 640w, https:\/\/veredes.es\/blog\/wp-content\/uploads\/2016\/08\/La-elipsis-arquitect\u00f3nica-01-300x187.jpg 300w\" sizes=\"auto, (max-width: 750px) 100vw, 750px\" \/><figcaption id=\"caption-attachment-61675\" class=\"wp-caption-text\"><span style=\"color: #999999;\">\u2018La elipsis arquitect\u00f3nica\u2019 en el Centro Cultural Universitario Tlatelolco | Autor: Pedro Hern\u00e1ndez<\/span><\/figcaption><\/figure><\/p>\n<p style=\"text-align: justify;\">En 1996, Bernard Tschumi escribe \u2018<i>Violence of Architecture\u2019 \u2013<\/i>un cap\u00edtulo del libro<i><a href=\"https:\/\/www.amazon.es\/gp\/product\/0262700603?ie=UTF8&amp;camp=3626&amp;creativeASIN=0262700603&amp;linkCode=xm2&amp;tag=wwwveredeses-21\" target=\"_blank\" rel=\"noopener noreferrer\"> Architecture and disjunction<\/a>\u2013 <\/i>en el que presenta a la arquitectura como un elemento en constante tensi\u00f3n: entre el cuerpo que la ocupa el espacio y la geometr\u00eda que\u00a0 contiene al cuerpo. La disyuntiva de Tschumi hace que el arquitecto deba decidir si se inclina de uno u otro lado o trata de salvaguardar, en la medida de lo posible, el equilibrio entre ambas partes.<\/p>\n<p style=\"text-align: justify;\">Una elipsis es una omisi\u00f3n. Algo que se elimina sin que por ello afecte al significado del conjunto. En el caso de la arquitectura: si esta se posiciona a favor de uno de los lados antes mencionados, limit\u00e1ndose a la construcci\u00f3n de espacios \u2013m\u00e1s o menos bellos\u2013 y eludiendo hablar sobre el uso \u2013que no funci\u00f3n\u2013 est\u00e1 presentado esa elipsis en su narraci\u00f3n. Bien es cierto que al proyectar objetos (arquitecturas), imaginamos c\u00f3mo se puede vivir el espacio. Pero la arquitectura \u2013y el territorio\u2013 ofrece muchas posibilidades de las imaginadas. \u00c9ste es el punto en el que se sit\u00faa \u2018La elipsis arquitect\u00f3nica\u2019.<\/p>\n<figure id=\"attachment_61676\" aria-describedby=\"caption-attachment-61676\" style=\"width: 750px\" class=\"wp-caption alignnone\"><img loading=\"lazy\" decoding=\"async\" class=\"wp-image-61676\" src=\"https:\/\/veredes.es\/blog\/wp-content\/uploads\/2016\/08\/La-elipsis-arquitect\u00f3nica-02.jpg\" alt=\"\u2018La elipsis arquitect\u00f3nica\u2019 en el Centro Cultural Universitario Tlatelolco.\" width=\"750\" height=\"497\" srcset=\"https:\/\/veredes.es\/blog\/wp-content\/uploads\/2016\/08\/La-elipsis-arquitect\u00f3nica-02.jpg 640w, https:\/\/veredes.es\/blog\/wp-content\/uploads\/2016\/08\/La-elipsis-arquitect\u00f3nica-02-300x199.jpg 300w, https:\/\/veredes.es\/blog\/wp-content\/uploads\/2016\/08\/La-elipsis-arquitect\u00f3nica-02-160x105.jpg 160w\" sizes=\"auto, (max-width: 750px) 100vw, 750px\" \/><figcaption id=\"caption-attachment-61676\" class=\"wp-caption-text\"><span style=\"color: #999999;\">\u2018La elipsis arquitect\u00f3nica\u2019 en el Centro Cultural Universitario Tlatelolco.<\/span><\/figcaption><\/figure>\n<p style=\"text-align: justify;\">Inaugurada el 27 de febrero (2013) en el Centro Cultural Universitario Tlatelolco y curada por Ruth Estevez y Javier Toscano, recoge distintas piezas art\u00edsticas que se enfrentan a la arquitectura, pero construyendo unas otras narrativas desde sus mismas herramientas: planos, fotograf\u00edas, maquetas y mapas\u2026 Estos elementos, en otras manos, muestran la arquitectura m\u00e1s all\u00e1 de sus posibilidades concebidas en origen, desvelando lo no mencionado, descubriendo lo oculto, demostrando nuevas posibilidades m\u00e1s all\u00e1 de cualquier supuesto funcionalismo.<\/p>\n<p style=\"text-align: justify;\">El acercamiento a la exhibici\u00f3n podr\u00eda realizarse en torno a dos tiempos \u2013en ocasiones mezclados\u2013 situados antes o despu\u00e9s de que se realice la arquitectura. El primero, el antes, trabaja con los mecanismos de producci\u00f3n \u2013como la planta arquitect\u00f3nica\u2013 para desarrollar mundos posibles capaces de contar el universo personal del artista o la situaci\u00f3n pol\u00edtica de un pa\u00eds, tal y como ocurre en <em>Self portrait as a building<\/em> de\u00a0<a href=\"http:\/\/www.markmanders.org\/\" target=\"_blank\" rel=\"noopener noreferrer\">Mark Manders<\/a> o las <i>Heliograf\u00edas<\/i> de <a href=\"http:\/\/www.lucafrei.info\/\" target=\"_blank\" rel=\"noopener noreferrer\">Luca Frei<\/a>.<\/p>\n<figure id=\"attachment_61677\" aria-describedby=\"caption-attachment-61677\" style=\"width: 750px\" class=\"wp-caption alignnone\"><img loading=\"lazy\" decoding=\"async\" class=\"wp-image-61677\" src=\"https:\/\/veredes.es\/blog\/wp-content\/uploads\/2016\/08\/La-elipsis-arquitect\u00f3nica-03.jpg\" alt=\"\u2018La elipsis arquitect\u00f3nica\u2019 en el Centro Cultural Universitario Tlatelolco.\" width=\"750\" height=\"518\" srcset=\"https:\/\/veredes.es\/blog\/wp-content\/uploads\/2016\/08\/La-elipsis-arquitect\u00f3nica-03.jpg 640w, https:\/\/veredes.es\/blog\/wp-content\/uploads\/2016\/08\/La-elipsis-arquitect\u00f3nica-03-300x207.jpg 300w\" sizes=\"auto, (max-width: 750px) 100vw, 750px\" \/><figcaption id=\"caption-attachment-61677\" class=\"wp-caption-text\"><span style=\"color: #999999;\">\u2018La elipsis arquitect\u00f3nica\u2019 en el Centro Cultural Universitario Tlatelolco.<\/span><\/figcaption><\/figure>\n<p style=\"text-align: justify;\">El otro extremo, el despu\u00e9s, experimenta la arquitectura una vez levantada, ilustrando aquellas situaciones ocultas u olvidadas por la memoria. <a href=\"http:\/\/www.enriquejezik.com\/\" target=\"_blank\" rel=\"noopener noreferrer\">Enrique Je\u017eik<\/a> ajemplifica a la perfecci\u00f3n esta\u00a0b\u00fasqueda\u00a0de un recuerdo silenciado tras los muros al recuperar la fat\u00eddica historia del mismo Tlatelolco en 1968; por su parte, \u2018<i>White Marble Everyday\u2019<\/i> de <a href=\"http:\/\/clarissatossin.net\/\" target=\"_blank\" rel=\"noopener noreferrer\">Clarissa Tossin<\/a>, descubre el coste real que supone el mantenimiento de los ic\u00f3nicos edificios de Brasilia, y Jordi Colomer construye nuevas formas de recorrer la arquitectura y experimentarla: su <i>Istanbul map <\/i>descubre en las azoteas una nueva forma de deriva urbana con personajes que no se limitan a aquellos movimientos que damos por sentado en la ciudad. Similar idea recogen las cartograf\u00edas de <a href=\"http:\/\/www.larissafassler.com\/startside.html\" target=\"_blank\" rel=\"noopener noreferrer\">Larissa Fassler<\/a>, marcando los recorridos que realizan en la Plaza de la Concordia personajes marginales como ladrones, vendedores o pandilleros.<\/p>\n<p style=\"text-align: justify;\">Trabajos que ilustran la tensi\u00f3n establecida por Tschumi: la arquitectura no s\u00f3lo como un hecho est\u00e9tico y acabado, sino como un espacio que puede ser afectado y modificado por el que lo habita. Ah\u00ed cabe destacar la mirada de <a href=\"http:\/\/taniacandiani.com\/\" target=\"_blank\" rel=\"noopener noreferrer\">Tania Candiani <\/a>sobre el uso real que ofrece el espacio dom\u00e9stico de la habitaci\u00f3n moderna (o lo que es lo mismo, la cocina), heredera de un supuesto funcionalismo que med\u00eda hasta los movimientos que una persona (mujer) deber\u00eda hacer. Esos estudios son repetidos ahora ilustrando la tensi\u00f3n del proyecto y la realidad vivida. Una idea que tambi\u00e9n resume\u00a0a la perfecci\u00f3n la obra de Jos\u00e9 Jim\u00e9nez Ortiz: <em>Un mapa no es el territorio<\/em>.<\/p>\n<figure id=\"attachment_61679\" aria-describedby=\"caption-attachment-61679\" style=\"width: 750px\" class=\"wp-caption alignnone\"><img loading=\"lazy\" decoding=\"async\" class=\"wp-image-61679\" src=\"http:\/\/veredes.es\/blog\/wp-content\/uploads\/2016\/08\/CTossin_WhiteMarble-La-elipsis-arquitect\u00f3nica\u2019-en-el-Centro-Cultural-Universitario-Tlatelolco.jpg\" alt=\"CTossin, en \u2018La elipsis arquitect\u00f3nica\u2019 en el Centro Cultural Universitario Tlatelolco.\" width=\"750\" height=\"649\" srcset=\"https:\/\/veredes.es\/blog\/wp-content\/uploads\/2016\/08\/CTossin_WhiteMarble-La-elipsis-arquitect\u00f3nica\u2019-en-el-Centro-Cultural-Universitario-Tlatelolco.jpg 640w, https:\/\/veredes.es\/blog\/wp-content\/uploads\/2016\/08\/CTossin_WhiteMarble-La-elipsis-arquitect\u00f3nica\u2019-en-el-Centro-Cultural-Universitario-Tlatelolco-300x260.jpg 300w\" sizes=\"auto, (max-width: 750px) 100vw, 750px\" \/><figcaption id=\"caption-attachment-61679\" class=\"wp-caption-text\"><span style=\"color: #999999;\">White Marble Everyday, 2009, de Clarissa Tossin, en \u2018La elipsis arquitect\u00f3nica\u2019 en el Centro Cultural Universitario Tlatelolco.<\/span><\/figcaption><\/figure>\n<p style=\"text-align: justify;\">La exposici\u00f3n adem\u00e1s re\u00fane trabajos del <a href=\"http:\/\/www.democracia.com.es\/\" target=\"_blank\" rel=\"noopener noreferrer\">colectivo madrile\u00f1o Democracia<\/a>, <a href=\"https:\/\/en.wikipedia.org\/wiki\/Jimmie_Durham\" target=\"_blank\" rel=\"noopener noreferrer\">Jimmie Durham<\/a>, <a href=\"http:\/\/www.lucafrei.info\/\" target=\"_blank\" rel=\"noopener noreferrer\">Luca Frei<\/a>i, <a href=\"http:\/\/www.markmanders.org\/\" target=\"_blank\" rel=\"noopener noreferrer\">Mark Manders<\/a>, Erik Olofsen; <a href=\"https:\/\/www.artsy.net\/artist\/matt-mullican\" target=\"_blank\" rel=\"noopener noreferrer\">Matt Mullican<\/a>, <a href=\"http:\/\/estebanazuela.com\/\" target=\"_blank\" rel=\"noopener noreferrer\">Esteban Azuela <\/a>y <a href=\"https:\/\/en.wikipedia.org\/wiki\/Anri_Sala\" target=\"_blank\" rel=\"noopener noreferrer\">Anri Sala<\/a>; complet\u00e1ndose con un libro que acompa\u00f1a la muestra y compila estudios e investigaciones que expanden la exposici\u00f3n en el tiempo y permiten ampliar las ideas presentadas:\u00a0una invitaci\u00f3n a pensar en la vida que el espacio ofrece\u2026 u omite.<\/p>\n<figure id=\"attachment_61680\" aria-describedby=\"caption-attachment-61680\" style=\"width: 750px\" class=\"wp-caption alignnone\"><img loading=\"lazy\" decoding=\"async\" class=\"wp-image-61680\" src=\"https:\/\/veredes.es\/blog\/wp-content\/uploads\/2016\/08\/Fassler-Place_de-la-Concorde-La-elipsis-arquitect\u00f3nica\u2019-en-el-Centro-Cultural-Universitario-Tlatelolco.jpg\" alt=\"Now here, Place de la Concorde V, 2013 de Larissa Fassler en \u2019La elipsis arquitect\u00f3nica\u2019 en el Centro Cultural Universitario Tlatelolco\" width=\"750\" height=\"552\" srcset=\"https:\/\/veredes.es\/blog\/wp-content\/uploads\/2016\/08\/Fassler-Place_de-la-Concorde-La-elipsis-arquitect\u00f3nica\u2019-en-el-Centro-Cultural-Universitario-Tlatelolco.jpg 640w, https:\/\/veredes.es\/blog\/wp-content\/uploads\/2016\/08\/Fassler-Place_de-la-Concorde-La-elipsis-arquitect\u00f3nica\u2019-en-el-Centro-Cultural-Universitario-Tlatelolco-300x221.jpg 300w\" sizes=\"auto, (max-width: 750px) 100vw, 750px\" \/><figcaption id=\"caption-attachment-61680\" class=\"wp-caption-text\"><span style=\"color: #999999;\">Now here, Place de la Concorde V, 2013 de Larissa Fassler en \u2018La elipsis arquitect\u00f3nica\u2019 en el Centro Cultural Universitario Tlatelolco<\/span><\/figcaption><\/figure>\n<p>Pedro Hern\u00e1ndez \u00b7 arquitecto<br \/>\nCiudad de M\u00e9xico. noviembre 2015<\/p>","protected":false},"excerpt":{"rendered":"<p>En 1996, Bernard Tschumi escribe \u2018Violence of Architecture\u2019 \u2013un cap\u00edtulo del libro Architecture and disjunction\u2013 en el que presenta a la arquitectura como un elemento en constante tensi\u00f3n: entre el cuerpo que la ocupa el espacio y la geometr\u00eda que\u00a0 contiene al cuerpo. La disyuntiva de Tschumi hace que el arquitecto deba decidir si se [&hellip;]<\/p>\n","protected":false},"author":36,"featured_media":61677,"comment_status":"open","ping_status":"closed","sticky":false,"template":"","format":"standard","meta":{"footnotes":""},"categories":[5934,5951],"tags":[12632,7089,7125,12449,155,160,3651,318,319,12622,12627,12621,12629,7481,5907,516,12631,556,12460,3451,659,698,737,12628,12623,12626,4506,4505,12624,12620,828,12619,12630,12466,12625,1286],"class_list":{"0":"post-61673","1":"post","2":"type-post","3":"status-publish","4":"format-standard","5":"has-post-thumbnail","7":"category-articulos","8":"category-slider-principal","9":"tag-anri-sala","10":"tag-arquitectura-francesa","11":"tag-arquitectura-funcionalista","12":"tag-arte","13":"tag-arte-contemporaneo","14":"tag-artista","15":"tag-bernard-schumi","16":"tag-ciudad","17":"tag-ciudad-contemporanea","18":"tag-clarissa-tossin","19":"tag-colectivo-democracia","20":"tag-enrique-jezik","21":"tag-erik-olofsen","22":"tag-espacio-domestico","23":"tag-espacio-privado","24":"tag-espacio-publico","25":"tag-esteban-azuela","26":"tag-exposicion","27":"tag-fotografia","28":"tag-funcionalismo","29":"tag-habitar","30":"tag-ilustracion","31":"tag-investigacion","32":"tag-jimmie-durham","33":"tag-jordi-colomer","34":"tag-jose-jimenez-ortiz","35":"tag-la-periferia-domestica","36":"tag-landa-hernandez","37":"tag-larissa-fassler","38":"tag-luca-frei","39":"tag-maqueta","40":"tag-mark-manders","41":"tag-matt-mullican","42":"tag-pintura","43":"tag-tania-candiani","44":"tag-territorio"},"yoast_head":"<!-- This site is optimized with the Yoast SEO plugin v27.4 - https:\/\/yoast.com\/product\/yoast-seo-wordpress\/ -->\n<title>De las elipsis (arquitect\u00f3nicas) | Landa Hern\u00e1ndez Mart\u00ednez - veredes<\/title>\n<meta name=\"description\" content=\"Toda la informaci\u00f3n sobre: [:es]De las elipsis (arquitect\u00f3nicas) | Landa Hern\u00e1ndez Mart\u00ednez[:gl]Das elipses (arquitect\u00f3nicas) | Pedro Hern\u00e1ndez[:en]Of the (architectural) ellipses | Pedro Hern\u00e1ndez[:]\" \/>\n<meta name=\"robots\" content=\"index, follow, max-snippet:-1, max-image-preview:large, max-video-preview:-1\" \/>\n<link rel=\"canonical\" href=\"https:\/\/veredes.es\/blog\/las-elipsis-arquitectonicas-pedro-hernandez\/\" \/>\n<meta property=\"og:locale\" content=\"es_ES\" \/>\n<meta property=\"og:type\" content=\"article\" \/>\n<meta property=\"og:title\" content=\"[:es]De las elipsis (arquitect\u00f3nicas) | Landa Hern\u00e1ndez Mart\u00ednez[:gl]Das elipses (arquitect\u00f3nicas) | Pedro Hern\u00e1ndez[:en]Of the (architectural) ellipses | Pedro Hern\u00e1ndez[:] - veredes\" \/>\n<meta property=\"og:description\" content=\"Toda la informaci\u00f3n sobre: [:es]De las elipsis (arquitect\u00f3nicas) | Landa Hern\u00e1ndez Mart\u00ednez[:gl]Das elipses (arquitect\u00f3nicas) | Pedro Hern\u00e1ndez[:en]Of the (architectural) ellipses | Pedro Hern\u00e1ndez[:]\" \/>\n<meta property=\"og:url\" content=\"https:\/\/veredes.es\/blog\/las-elipsis-arquitectonicas-pedro-hernandez\/\" \/>\n<meta property=\"og:site_name\" content=\"veredes, arquitectura y divulgaci\u00f3n\" \/>\n<meta property=\"article:publisher\" content=\"https:\/\/www.facebook.com\/veredesArquitecturayDivulgacion\/\" \/>\n<meta property=\"article:author\" content=\"https:\/\/www.facebook.com\/pehemar\" \/>\n<meta property=\"article:published_time\" content=\"2016-09-04T22:45:24+00:00\" \/>\n<meta property=\"article:modified_time\" content=\"2023-04-29T10:45:08+00:00\" \/>\n<meta property=\"og:image\" content=\"https:\/\/veredes.es\/blog\/wp-content\/uploads\/2016\/08\/La-elipsis-arquitect\u00f3nica-03.jpg\" \/>\n\t<meta property=\"og:image:width\" content=\"640\" \/>\n\t<meta property=\"og:image:height\" content=\"442\" \/>\n\t<meta property=\"og:image:type\" content=\"image\/jpeg\" \/>\n<meta name=\"author\" content=\"Landa Hern\u00e1ndez\" \/>\n<meta name=\"twitter:card\" content=\"summary_large_image\" \/>\n<meta name=\"twitter:creator\" content=\"@https:\/\/twitter.com\/laperiferia\" \/>\n<meta name=\"twitter:site\" content=\"@veredes\" \/>\n<meta name=\"twitter:label1\" content=\"Escrito por\" \/>\n\t<meta name=\"twitter:data1\" content=\"Landa Hern\u00e1ndez\" \/>\n\t<meta name=\"twitter:label2\" content=\"Tiempo de lectura\" \/>\n\t<meta name=\"twitter:data2\" content=\"5 minutos\" \/>\n<script type=\"application\/ld+json\" class=\"yoast-schema-graph\">{\"@context\":\"https:\\\/\\\/schema.org\",\"@graph\":[{\"@type\":\"Article\",\"@id\":\"https:\\\/\\\/veredes.es\\\/blog\\\/las-elipsis-arquitectonicas-pedro-hernandez\\\/#article\",\"isPartOf\":{\"@id\":\"https:\\\/\\\/veredes.es\\\/blog\\\/las-elipsis-arquitectonicas-pedro-hernandez\\\/\"},\"author\":{\"name\":\"Landa Hern\u00e1ndez\",\"@id\":\"https:\\\/\\\/veredes.es\\\/blog\\\/#\\\/schema\\\/person\\\/c2e70e079f5cb4810ff9e002286ae4d4\"},\"headline\":\"De las elipsis (arquitect\u00f3nicas) | Landa Hern\u00e1ndez Mart\u00ednez\",\"datePublished\":\"2016-09-04T22:45:24+00:00\",\"dateModified\":\"2023-04-29T10:45:08+00:00\",\"mainEntityOfPage\":{\"@id\":\"https:\\\/\\\/veredes.es\\\/blog\\\/las-elipsis-arquitectonicas-pedro-hernandez\\\/\"},\"wordCount\":2373,\"commentCount\":0,\"publisher\":{\"@id\":\"https:\\\/\\\/veredes.es\\\/blog\\\/#organization\"},\"image\":{\"@id\":\"https:\\\/\\\/veredes.es\\\/blog\\\/las-elipsis-arquitectonicas-pedro-hernandez\\\/#primaryimage\"},\"thumbnailUrl\":\"https:\\\/\\\/veredes.es\\\/blog\\\/wp-content\\\/uploads\\\/2016\\\/08\\\/La-elipsis-arquitect\u00f3nica-03.jpg\",\"keywords\":[\"Anri Sala\",\"arquitectura francesa\",\"arquitectura funcionalista\",\"arte\",\"arte contemporaneo\",\"artista\",\"Bernard Tschumi\",\"ciudad\",\"ciudad contempor\u00e1nea\",\"Clarissa Tossin\",\"Colectivo Democracia\",\"Enrique Je\u017eik\",\"Erik Olofsen\",\"espacio dom\u00e9stico\",\"espacio privado\",\"espacio p\u00fablico\",\"Esteban Azuela\",\"exposici\u00f3n\",\"fotograf\u00eda\",\"funcionalismo\",\"habitar\",\"ilustraci\u00f3n\",\"investigaci\u00f3n\",\"Jimmie Durham\",\"Jordi Colomer\",\"Jos\u00e9 Jim\u00e9nez Ortiz\",\"la periferia dom\u00e9stica\",\"Landa Hern\u00e1ndez\",\"Larissa Fassler\",\"Luca Frei\",\"maqueta\",\"Mark Manders\",\"Matt Mullican\",\"pintura\",\"Tania Candiani\",\"territorio\"],\"articleSection\":[\"art\u00edculos\",\"slider principal\"],\"inLanguage\":\"es\",\"potentialAction\":[{\"@type\":\"CommentAction\",\"name\":\"Comment\",\"target\":[\"https:\\\/\\\/veredes.es\\\/blog\\\/las-elipsis-arquitectonicas-pedro-hernandez\\\/#respond\"]}]},{\"@type\":\"WebPage\",\"@id\":\"https:\\\/\\\/veredes.es\\\/blog\\\/las-elipsis-arquitectonicas-pedro-hernandez\\\/\",\"url\":\"https:\\\/\\\/veredes.es\\\/blog\\\/las-elipsis-arquitectonicas-pedro-hernandez\\\/\",\"name\":\"[:es]De las elipsis (arquitect\u00f3nicas) | Landa Hern\u00e1ndez Mart\u00ednez[:gl]Das elipses (arquitect\u00f3nicas) | Pedro Hern\u00e1ndez[:en]Of the (architectural) ellipses | Pedro Hern\u00e1ndez[:] - veredes\",\"isPartOf\":{\"@id\":\"https:\\\/\\\/veredes.es\\\/blog\\\/#website\"},\"primaryImageOfPage\":{\"@id\":\"https:\\\/\\\/veredes.es\\\/blog\\\/las-elipsis-arquitectonicas-pedro-hernandez\\\/#primaryimage\"},\"image\":{\"@id\":\"https:\\\/\\\/veredes.es\\\/blog\\\/las-elipsis-arquitectonicas-pedro-hernandez\\\/#primaryimage\"},\"thumbnailUrl\":\"https:\\\/\\\/veredes.es\\\/blog\\\/wp-content\\\/uploads\\\/2016\\\/08\\\/La-elipsis-arquitect\u00f3nica-03.jpg\",\"datePublished\":\"2016-09-04T22:45:24+00:00\",\"dateModified\":\"2023-04-29T10:45:08+00:00\",\"description\":\"Toda la informaci\u00f3n sobre: [:es]De las elipsis (arquitect\u00f3nicas) | Landa Hern\u00e1ndez Mart\u00ednez[:gl]Das elipses (arquitect\u00f3nicas) | Pedro Hern\u00e1ndez[:en]Of the (architectural) ellipses | Pedro Hern\u00e1ndez[:]\",\"breadcrumb\":{\"@id\":\"https:\\\/\\\/veredes.es\\\/blog\\\/las-elipsis-arquitectonicas-pedro-hernandez\\\/#breadcrumb\"},\"inLanguage\":\"es\",\"potentialAction\":[{\"@type\":\"ReadAction\",\"target\":[\"https:\\\/\\\/veredes.es\\\/blog\\\/las-elipsis-arquitectonicas-pedro-hernandez\\\/\"]}]},{\"@type\":\"ImageObject\",\"inLanguage\":\"es\",\"@id\":\"https:\\\/\\\/veredes.es\\\/blog\\\/las-elipsis-arquitectonicas-pedro-hernandez\\\/#primaryimage\",\"url\":\"https:\\\/\\\/veredes.es\\\/blog\\\/wp-content\\\/uploads\\\/2016\\\/08\\\/La-elipsis-arquitect\u00f3nica-03.jpg\",\"contentUrl\":\"https:\\\/\\\/veredes.es\\\/blog\\\/wp-content\\\/uploads\\\/2016\\\/08\\\/La-elipsis-arquitect\u00f3nica-03.jpg\",\"width\":640,\"height\":442,\"caption\":\"\u2018La elipsis arquitect\u00f3nica\u2019 en el Centro Cultural Universitario Tlatelolco.\"},{\"@type\":\"BreadcrumbList\",\"@id\":\"https:\\\/\\\/veredes.es\\\/blog\\\/las-elipsis-arquitectonicas-pedro-hernandez\\\/#breadcrumb\",\"itemListElement\":[{\"@type\":\"ListItem\",\"position\":1,\"name\":\"Portada\",\"item\":\"https:\\\/\\\/veredes.es\\\/blog\\\/\"},{\"@type\":\"ListItem\",\"position\":2,\"name\":\"[:es]De las elipsis (arquitect\u00f3nicas) | Landa Hern\u00e1ndez Mart\u00ednez[:gl]Das elipses (arquitect\u00f3nicas) | Pedro Hern\u00e1ndez[:en]Of the (architectural) ellipses | Pedro Hern\u00e1ndez[:]\"}]},{\"@type\":\"WebSite\",\"@id\":\"https:\\\/\\\/veredes.es\\\/blog\\\/#website\",\"url\":\"https:\\\/\\\/veredes.es\\\/blog\\\/\",\"name\":\"veredes, arquitectura y divulgaci\u00f3n\",\"description\":\"veredes\",\"publisher\":{\"@id\":\"https:\\\/\\\/veredes.es\\\/blog\\\/#organization\"},\"alternateName\":\"veredes\",\"potentialAction\":[{\"@type\":\"SearchAction\",\"target\":{\"@type\":\"EntryPoint\",\"urlTemplate\":\"https:\\\/\\\/veredes.es\\\/blog\\\/?s={search_term_string}\"},\"query-input\":{\"@type\":\"PropertyValueSpecification\",\"valueRequired\":true,\"valueName\":\"search_term_string\"}}],\"inLanguage\":\"es\"},{\"@type\":\"Organization\",\"@id\":\"https:\\\/\\\/veredes.es\\\/blog\\\/#organization\",\"name\":\"veredes, arquitectura y divulgaci\u00f3n\",\"alternateName\":\"veredes\",\"url\":\"https:\\\/\\\/veredes.es\\\/blog\\\/\",\"logo\":{\"@type\":\"ImageObject\",\"inLanguage\":\"es\",\"@id\":\"https:\\\/\\\/veredes.es\\\/blog\\\/#\\\/schema\\\/logo\\\/image\\\/\",\"url\":\"https:\\\/\\\/veredes.es\\\/blog\\\/wp-content\\\/uploads\\\/2021\\\/12\\\/veredes-logo-centrado_140x54.png\",\"contentUrl\":\"https:\\\/\\\/veredes.es\\\/blog\\\/wp-content\\\/uploads\\\/2021\\\/12\\\/veredes-logo-centrado_140x54.png\",\"width\":140,\"height\":54,\"caption\":\"veredes, arquitectura y divulgaci\u00f3n\"},\"image\":{\"@id\":\"https:\\\/\\\/veredes.es\\\/blog\\\/#\\\/schema\\\/logo\\\/image\\\/\"},\"sameAs\":[\"https:\\\/\\\/www.facebook.com\\\/veredesArquitecturayDivulgacion\\\/\",\"https:\\\/\\\/x.com\\\/veredes\",\"https:\\\/\\\/instagram.com\\\/veredes\\\/\",\"https:\\\/\\\/www.linkedin.com\\\/company\\\/veredes-arquitectura-y-divulgacion\\\/\",\"https:\\\/\\\/es.pinterest.com\\\/veredes\\\/\",\"https:\\\/\\\/www.tumblr.com\\\/veredes\"]},{\"@type\":\"Person\",\"@id\":\"https:\\\/\\\/veredes.es\\\/blog\\\/#\\\/schema\\\/person\\\/c2e70e079f5cb4810ff9e002286ae4d4\",\"name\":\"Landa Hern\u00e1ndez\",\"image\":{\"@type\":\"ImageObject\",\"inLanguage\":\"es\",\"@id\":\"https:\\\/\\\/secure.gravatar.com\\\/avatar\\\/557e510e5576322e0c38a78a1bfab7d33982187ff66668704d6978d3f690ceb1?s=96&r=g\",\"url\":\"https:\\\/\\\/secure.gravatar.com\\\/avatar\\\/557e510e5576322e0c38a78a1bfab7d33982187ff66668704d6978d3f690ceb1?s=96&r=g\",\"contentUrl\":\"https:\\\/\\\/secure.gravatar.com\\\/avatar\\\/557e510e5576322e0c38a78a1bfab7d33982187ff66668704d6978d3f690ceb1?s=96&r=g\",\"caption\":\"Landa Hern\u00e1ndez\"},\"description\":\"Soy arquitecto por la Universidad de Alicante, pero mi inter\u00e9s sobre esta disciplina se encuentra alejado de su papel tradicional de dise\u00f1o de espacios. M\u00e1s bien, me interesa entender c\u00f3mo las representaciones de la arquitectura, el paisaje, el dise\u00f1o o el territorio construyen y materializan determinados discursos ideol\u00f3gicos, imponiendo posturas, subjetividades y formas de acci\u00f3n sobre los cuerpos que la habitan. En mi trabajo edito estos discursos \u2013sus im\u00e1genes, sus historias o sus restos materiales\u2013 y reelaboro comentarios cr\u00edticos que ponen en evidencia sus controversias y contradicciones, formaliz\u00e1ndolos en diversos formatos como textos, fotograf\u00edas, v\u00eddeos, objetos o instalaciones, muchas veces entrecruzados entre s\u00ed. He publicado art\u00edculos y ensayos en diversos medios de Estados Unidos, Italia, Croacia, Espa\u00f1a, Chile y M\u00e9xico. Desde enero de 2013 resido en la Ciudad de M\u00e9xico donde trabajo como coordinador de contenidos en Arquine.\",\"sameAs\":[\"http:\\\/\\\/laperiferiadomestica.tumblr.com\\\/\",\"https:\\\/\\\/www.facebook.com\\\/pehemar\",\"https:\\\/\\\/www.instagram.com\\\/laperiferia\\\/\",\"https:\\\/\\\/www.linkedin.com\\\/in\\\/pedrohm\\\/\",\"https:\\\/\\\/x.com\\\/https:\\\/\\\/twitter.com\\\/laperiferia\"],\"url\":\"https:\\\/\\\/veredes.es\\\/blog\\\/author\\\/pedro-hernandez-martinez\\\/\"}]}<\/script>\n<!-- \/ Yoast SEO plugin. -->","yoast_head_json":{"title":"[:es]De las elipsis (arquitect\u00f3nicas) | Landa Hern\u00e1ndez Mart\u00ednez[:gl]Das elipses (arquitect\u00f3nicas) | Pedro Hern\u00e1ndez[:en]Of the (architectural) ellipses | Pedro Hern\u00e1ndez[:] - veredes","description":"Toda la informaci\u00f3n sobre: [:es]De las elipsis (arquitect\u00f3nicas) | Landa Hern\u00e1ndez Mart\u00ednez[:gl]Das elipses (arquitect\u00f3nicas) | Pedro Hern\u00e1ndez[:en]Of the (architectural) ellipses | Pedro Hern\u00e1ndez[:]","robots":{"index":"index","follow":"follow","max-snippet":"max-snippet:-1","max-image-preview":"max-image-preview:large","max-video-preview":"max-video-preview:-1"},"canonical":"https:\/\/veredes.es\/blog\/las-elipsis-arquitectonicas-pedro-hernandez\/","og_locale":"es_ES","og_type":"article","og_title":"[:es]De las elipsis (arquitect\u00f3nicas) | Landa Hern\u00e1ndez Mart\u00ednez[:gl]Das elipses (arquitect\u00f3nicas) | Pedro Hern\u00e1ndez[:en]Of the (architectural) ellipses | Pedro Hern\u00e1ndez[:] - veredes","og_description":"Toda la informaci\u00f3n sobre: [:es]De las elipsis (arquitect\u00f3nicas) | Landa Hern\u00e1ndez Mart\u00ednez[:gl]Das elipses (arquitect\u00f3nicas) | Pedro Hern\u00e1ndez[:en]Of the (architectural) ellipses | Pedro Hern\u00e1ndez[:]","og_url":"https:\/\/veredes.es\/blog\/las-elipsis-arquitectonicas-pedro-hernandez\/","og_site_name":"veredes, arquitectura y divulgaci\u00f3n","article_publisher":"https:\/\/www.facebook.com\/veredesArquitecturayDivulgacion\/","article_author":"https:\/\/www.facebook.com\/pehemar","article_published_time":"2016-09-04T22:45:24+00:00","article_modified_time":"2023-04-29T10:45:08+00:00","og_image":[{"width":640,"height":442,"url":"https:\/\/veredes.es\/blog\/wp-content\/uploads\/2016\/08\/La-elipsis-arquitect\u00f3nica-03.jpg","type":"image\/jpeg"}],"author":"Landa Hern\u00e1ndez","twitter_card":"summary_large_image","twitter_creator":"@https:\/\/twitter.com\/laperiferia","twitter_site":"@veredes","twitter_misc":{"Escrito por":"Landa Hern\u00e1ndez","Tiempo de lectura":"5 minutos"},"schema":{"@context":"https:\/\/schema.org","@graph":[{"@type":"Article","@id":"https:\/\/veredes.es\/blog\/las-elipsis-arquitectonicas-pedro-hernandez\/#article","isPartOf":{"@id":"https:\/\/veredes.es\/blog\/las-elipsis-arquitectonicas-pedro-hernandez\/"},"author":{"name":"Landa Hern\u00e1ndez","@id":"https:\/\/veredes.es\/blog\/#\/schema\/person\/c2e70e079f5cb4810ff9e002286ae4d4"},"headline":"De las elipsis (arquitect\u00f3nicas) | Landa Hern\u00e1ndez Mart\u00ednez","datePublished":"2016-09-04T22:45:24+00:00","dateModified":"2023-04-29T10:45:08+00:00","mainEntityOfPage":{"@id":"https:\/\/veredes.es\/blog\/las-elipsis-arquitectonicas-pedro-hernandez\/"},"wordCount":2373,"commentCount":0,"publisher":{"@id":"https:\/\/veredes.es\/blog\/#organization"},"image":{"@id":"https:\/\/veredes.es\/blog\/las-elipsis-arquitectonicas-pedro-hernandez\/#primaryimage"},"thumbnailUrl":"https:\/\/veredes.es\/blog\/wp-content\/uploads\/2016\/08\/La-elipsis-arquitect\u00f3nica-03.jpg","keywords":["Anri Sala","arquitectura francesa","arquitectura funcionalista","arte","arte contemporaneo","artista","Bernard Tschumi","ciudad","ciudad contempor\u00e1nea","Clarissa Tossin","Colectivo Democracia","Enrique Je\u017eik","Erik Olofsen","espacio dom\u00e9stico","espacio privado","espacio p\u00fablico","Esteban Azuela","exposici\u00f3n","fotograf\u00eda","funcionalismo","habitar","ilustraci\u00f3n","investigaci\u00f3n","Jimmie Durham","Jordi Colomer","Jos\u00e9 Jim\u00e9nez Ortiz","la periferia dom\u00e9stica","Landa Hern\u00e1ndez","Larissa Fassler","Luca Frei","maqueta","Mark Manders","Matt Mullican","pintura","Tania Candiani","territorio"],"articleSection":["art\u00edculos","slider principal"],"inLanguage":"es","potentialAction":[{"@type":"CommentAction","name":"Comment","target":["https:\/\/veredes.es\/blog\/las-elipsis-arquitectonicas-pedro-hernandez\/#respond"]}]},{"@type":"WebPage","@id":"https:\/\/veredes.es\/blog\/las-elipsis-arquitectonicas-pedro-hernandez\/","url":"https:\/\/veredes.es\/blog\/las-elipsis-arquitectonicas-pedro-hernandez\/","name":"[:es]De las elipsis (arquitect\u00f3nicas) | Landa Hern\u00e1ndez Mart\u00ednez[:gl]Das elipses (arquitect\u00f3nicas) | Pedro Hern\u00e1ndez[:en]Of the (architectural) ellipses | Pedro Hern\u00e1ndez[:] - veredes","isPartOf":{"@id":"https:\/\/veredes.es\/blog\/#website"},"primaryImageOfPage":{"@id":"https:\/\/veredes.es\/blog\/las-elipsis-arquitectonicas-pedro-hernandez\/#primaryimage"},"image":{"@id":"https:\/\/veredes.es\/blog\/las-elipsis-arquitectonicas-pedro-hernandez\/#primaryimage"},"thumbnailUrl":"https:\/\/veredes.es\/blog\/wp-content\/uploads\/2016\/08\/La-elipsis-arquitect\u00f3nica-03.jpg","datePublished":"2016-09-04T22:45:24+00:00","dateModified":"2023-04-29T10:45:08+00:00","description":"Toda la informaci\u00f3n sobre: [:es]De las elipsis (arquitect\u00f3nicas) | Landa Hern\u00e1ndez Mart\u00ednez[:gl]Das elipses (arquitect\u00f3nicas) | Pedro Hern\u00e1ndez[:en]Of the (architectural) ellipses | Pedro Hern\u00e1ndez[:]","breadcrumb":{"@id":"https:\/\/veredes.es\/blog\/las-elipsis-arquitectonicas-pedro-hernandez\/#breadcrumb"},"inLanguage":"es","potentialAction":[{"@type":"ReadAction","target":["https:\/\/veredes.es\/blog\/las-elipsis-arquitectonicas-pedro-hernandez\/"]}]},{"@type":"ImageObject","inLanguage":"es","@id":"https:\/\/veredes.es\/blog\/las-elipsis-arquitectonicas-pedro-hernandez\/#primaryimage","url":"https:\/\/veredes.es\/blog\/wp-content\/uploads\/2016\/08\/La-elipsis-arquitect\u00f3nica-03.jpg","contentUrl":"https:\/\/veredes.es\/blog\/wp-content\/uploads\/2016\/08\/La-elipsis-arquitect\u00f3nica-03.jpg","width":640,"height":442,"caption":"\u2018La elipsis arquitect\u00f3nica\u2019 en el Centro Cultural Universitario Tlatelolco."},{"@type":"BreadcrumbList","@id":"https:\/\/veredes.es\/blog\/las-elipsis-arquitectonicas-pedro-hernandez\/#breadcrumb","itemListElement":[{"@type":"ListItem","position":1,"name":"Portada","item":"https:\/\/veredes.es\/blog\/"},{"@type":"ListItem","position":2,"name":"[:es]De las elipsis (arquitect\u00f3nicas) | Landa Hern\u00e1ndez Mart\u00ednez[:gl]Das elipses (arquitect\u00f3nicas) | Pedro Hern\u00e1ndez[:en]Of the (architectural) ellipses | Pedro Hern\u00e1ndez[:]"}]},{"@type":"WebSite","@id":"https:\/\/veredes.es\/blog\/#website","url":"https:\/\/veredes.es\/blog\/","name":"veredes, arquitectura y divulgaci\u00f3n","description":"veredes","publisher":{"@id":"https:\/\/veredes.es\/blog\/#organization"},"alternateName":"veredes","potentialAction":[{"@type":"SearchAction","target":{"@type":"EntryPoint","urlTemplate":"https:\/\/veredes.es\/blog\/?s={search_term_string}"},"query-input":{"@type":"PropertyValueSpecification","valueRequired":true,"valueName":"search_term_string"}}],"inLanguage":"es"},{"@type":"Organization","@id":"https:\/\/veredes.es\/blog\/#organization","name":"veredes, arquitectura y divulgaci\u00f3n","alternateName":"veredes","url":"https:\/\/veredes.es\/blog\/","logo":{"@type":"ImageObject","inLanguage":"es","@id":"https:\/\/veredes.es\/blog\/#\/schema\/logo\/image\/","url":"https:\/\/veredes.es\/blog\/wp-content\/uploads\/2021\/12\/veredes-logo-centrado_140x54.png","contentUrl":"https:\/\/veredes.es\/blog\/wp-content\/uploads\/2021\/12\/veredes-logo-centrado_140x54.png","width":140,"height":54,"caption":"veredes, arquitectura y divulgaci\u00f3n"},"image":{"@id":"https:\/\/veredes.es\/blog\/#\/schema\/logo\/image\/"},"sameAs":["https:\/\/www.facebook.com\/veredesArquitecturayDivulgacion\/","https:\/\/x.com\/veredes","https:\/\/instagram.com\/veredes\/","https:\/\/www.linkedin.com\/company\/veredes-arquitectura-y-divulgacion\/","https:\/\/es.pinterest.com\/veredes\/","https:\/\/www.tumblr.com\/veredes"]},{"@type":"Person","@id":"https:\/\/veredes.es\/blog\/#\/schema\/person\/c2e70e079f5cb4810ff9e002286ae4d4","name":"Landa Hern\u00e1ndez","image":{"@type":"ImageObject","inLanguage":"es","@id":"https:\/\/secure.gravatar.com\/avatar\/557e510e5576322e0c38a78a1bfab7d33982187ff66668704d6978d3f690ceb1?s=96&r=g","url":"https:\/\/secure.gravatar.com\/avatar\/557e510e5576322e0c38a78a1bfab7d33982187ff66668704d6978d3f690ceb1?s=96&r=g","contentUrl":"https:\/\/secure.gravatar.com\/avatar\/557e510e5576322e0c38a78a1bfab7d33982187ff66668704d6978d3f690ceb1?s=96&r=g","caption":"Landa Hern\u00e1ndez"},"description":"Soy arquitecto por la Universidad de Alicante, pero mi inter\u00e9s sobre esta disciplina se encuentra alejado de su papel tradicional de dise\u00f1o de espacios. M\u00e1s bien, me interesa entender c\u00f3mo las representaciones de la arquitectura, el paisaje, el dise\u00f1o o el territorio construyen y materializan determinados discursos ideol\u00f3gicos, imponiendo posturas, subjetividades y formas de acci\u00f3n sobre los cuerpos que la habitan. En mi trabajo edito estos discursos \u2013sus im\u00e1genes, sus historias o sus restos materiales\u2013 y reelaboro comentarios cr\u00edticos que ponen en evidencia sus controversias y contradicciones, formaliz\u00e1ndolos en diversos formatos como textos, fotograf\u00edas, v\u00eddeos, objetos o instalaciones, muchas veces entrecruzados entre s\u00ed. He publicado art\u00edculos y ensayos en diversos medios de Estados Unidos, Italia, Croacia, Espa\u00f1a, Chile y M\u00e9xico. Desde enero de 2013 resido en la Ciudad de M\u00e9xico donde trabajo como coordinador de contenidos en Arquine.","sameAs":["http:\/\/laperiferiadomestica.tumblr.com\/","https:\/\/www.facebook.com\/pehemar","https:\/\/www.instagram.com\/laperiferia\/","https:\/\/www.linkedin.com\/in\/pedrohm\/","https:\/\/x.com\/https:\/\/twitter.com\/laperiferia"],"url":"https:\/\/veredes.es\/blog\/author\/pedro-hernandez-martinez\/"}]}},"_links":{"self":[{"href":"https:\/\/veredes.es\/blog\/wp-json\/wp\/v2\/posts\/61673","targetHints":{"allow":["GET"]}}],"collection":[{"href":"https:\/\/veredes.es\/blog\/wp-json\/wp\/v2\/posts"}],"about":[{"href":"https:\/\/veredes.es\/blog\/wp-json\/wp\/v2\/types\/post"}],"author":[{"embeddable":true,"href":"https:\/\/veredes.es\/blog\/wp-json\/wp\/v2\/users\/36"}],"replies":[{"embeddable":true,"href":"https:\/\/veredes.es\/blog\/wp-json\/wp\/v2\/comments?post=61673"}],"version-history":[{"count":0,"href":"https:\/\/veredes.es\/blog\/wp-json\/wp\/v2\/posts\/61673\/revisions"}],"wp:featuredmedia":[{"embeddable":true,"href":"https:\/\/veredes.es\/blog\/wp-json\/wp\/v2\/media\/61677"}],"wp:attachment":[{"href":"https:\/\/veredes.es\/blog\/wp-json\/wp\/v2\/media?parent=61673"}],"wp:term":[{"taxonomy":"category","embeddable":true,"href":"https:\/\/veredes.es\/blog\/wp-json\/wp\/v2\/categories?post=61673"},{"taxonomy":"post_tag","embeddable":true,"href":"https:\/\/veredes.es\/blog\/wp-json\/wp\/v2\/tags?post=61673"}],"curies":[{"name":"wp","href":"https:\/\/api.w.org\/{rel}","templated":true}]}}