{"id":61665,"date":"2016-08-30T00:45:54","date_gmt":"2016-08-29T22:45:54","guid":{"rendered":"http:\/\/veredes.es\/blog\/?p=61665"},"modified":"2020-12-22T10:55:09","modified_gmt":"2020-12-22T09:55:09","slug":"3o-festival-internacional-arquitectura","status":"publish","type":"post","link":"https:\/\/veredes.es\/blog\/3o-festival-internacional-arquitectura\/","title":{"rendered":"3\u00ba Festival Internacional de Arquitectura"},"content":{"rendered":"<p><img loading=\"lazy\" decoding=\"async\" class=\"alignnone wp-image-61666\" src=\"http:\/\/veredes.es\/blog\/wp-content\/uploads\/2016\/08\/arq_logo2.jpg\" alt=\"arq_logo2\" width=\"640\" height=\"1067\" srcset=\"https:\/\/veredes.es\/blog\/wp-content\/uploads\/2016\/08\/arq_logo2.jpg 300w, https:\/\/veredes.es\/blog\/wp-content\/uploads\/2016\/08\/arq_logo2-180x300.jpg 180w\" sizes=\"auto, (max-width: 640px) 100vw, 640px\" \/><\/p>\n<p style=\"text-align: justify;\"><strong>3\u00ba Festival internacional de arquitectura.<\/strong><\/p>\n<p style=\"text-align: justify;\"><em>ARQFESTIVAL 2016, EVENTO INTERNACIONAL DE ARQUITECTURA SE LLEVAR\u00c1 A CABO LOS D\u00cdAS 13 Y 14 DE OCTUBRE EN EL TEATRO DIANA.<\/em><\/p>\n<p style=\"text-align: justify;\"><strong>Guadalajara, M\u00e9xico<\/strong>, tierra del reconocido arquitecto Luis Barrag\u00e1n, ganador del Premio Pritzker, es sede de la tercera edici\u00f3n de ArqFestival 2016.<\/p>\n<p style=\"text-align: justify;\">El Festival incluye conferencias magistrales, presentaciones y proyectos innovadores de destacados despachos y arquitectos de renombre nacional e internacional.<\/p>\n<p style=\"text-align: justify;\">El ciclo de conferencias abarca temas de Sustentabilidad, Dise\u00f1o Urbano, Residencial, Corporativo, Hoteles de Playa, Deportiva, Museos, Paisajismo y Espacios P\u00fablicos.<\/p>\n<p style=\"text-align: justify;\">ArqFestival 2016 dispone de tres zonas, <strong>Zona A:<\/strong> $1,950; <strong>Zona B:<\/strong> $1,699; y <strong>Zona C:<\/strong> $1,299, incluyen ocho Conferencias, C\u00f3ctel de bienvenida y Constancia de participaci\u00f3n.<\/p>\n<p style=\"text-align: justify;\">El panel de expertos estar\u00e1 integrado por 8 reconocidos arquitectos, entre ellos:<\/p>\n<p style=\"text-align: justify; padding-left: 30px;\"><strong>\u00b7 Borja Navarro Ib\u00e1\u00f1ez de Aldeoca (Espa\u00f1a). Arquitectura desplegada.<br \/>\n<\/strong><\/p>\n<p style=\"text-align: justify; padding-left: 30px;\">Arquitecto por la Universidad de Sevilla. En 2010 funda el estudio Bakpak, junto con Jos\u00e9 de la Pe\u00f1a G\u00f3mez Mill\u00e1n, Jos\u00e9 M. Gonz\u00e1lez Chamorro, Jos\u00e9 A. Pav\u00f3n Gonz\u00e1lez y Myriam Rego G\u00f3mez. En 2015 baKpak y BOA fueron acreedores del 1\u00ba lugar en el Concurso para el dise\u00f1o de un edificio de uso mixto en Guiyang, China.<\/p>\n<p style=\"padding-left: 30px;\"><strong>\u00b7 Octavio Mestre (Espa\u00f1a). Comercial y oficinas.<\/strong><\/p>\n<p style=\"text-align: justify; padding-left: 30px;\">Arquitecto por la Escuela T\u00e9cnica Superior de Arquitectura de Barcelona, obtuvo la calificaci\u00f3n Sobresaliente. Actualmente, es Director de Octavio Mestre Arquitectos; entre sus proyectos destacan el Restaurante Le Mex en Espa\u00f1a, la Sede Mutua Madrile\u00f1a en Barcelona y El Palecete en Barcelona.<\/p>\n<p style=\"padding-left: 30px;\"><strong>\u00b7 Gloria Cabral (Portugal). Social.<\/strong><\/p>\n<p style=\"text-align: justify; padding-left: 30px;\">Ejerce en sociedad en el Gabinete de Arquitectura, hoy integrado por Solano Ben\u00edtez + Gloria Cabral + Solanito Ben\u00edtez, con una estructura profesional que promueve la arquitectura desde la investigaci\u00f3n en las \u00e1reas de dise\u00f1o, construcci\u00f3n y educaci\u00f3n. En 2014 fue elegida por el arquitecto suizo\u00a0Peter Zumthor, Premio Pritzker 2009, en el marco del\u00a0programa de Iniciativa Art\u00edstica Rolex 2014-2015.<\/p>\n<p style=\"padding-left: 30px;\"><strong>\u00b7 Luis Pedra Silva (Portugal). Salud y oficinas.<\/strong><\/p>\n<p style=\"padding-left: 30px;\">En 2003 funda Pedra Silva Arquitectos, desde entonces es autor y gerente general de numerosos proyectos arquitect\u00f3nicos, incluyendo edificios de salud, residencias, oficinas, edificios p\u00fablicos y dise\u00f1o urbano. Fue ganador del \u00abPremio Verde GOOD DESIGN 2016\u00bb atribuido por The Chicago Athenaeum: Museo de Arquitectura y Dise\u00f1o, proyecto de la Sede de Fraunhofer en Oporto.<\/p>\n<p style=\"padding-left: 30px;\"><strong>\u00b7 Diego Gonz\u00e1lez Alanis (M\u00e9xico). Paisajismo.<\/strong><\/p>\n<p style=\"text-align: justify; padding-left: 30px;\">Socio Fundador y\u00a0Director General de Proh\u00e1bitat Naturaleza Urbana, S. C. firma\u00a0dedicada a la Arquitectura de Paisaje, Dise\u00f1o arquitect\u00f3nico y Dise\u00f1o urbano. Miembro de la American Society of Landscape Architects y de la Sociedad de Paisajistas de M\u00e9xico. Acreedores al\u00a0primer lugar en la I y II Bienal de Arquitectura del Paisaje, por los proyectos del Centro de Ventas de Valle Poniente y por la Imagen Urbana de Residencial Cordillera.<\/p>\n<p style=\"padding-left: 30px;\"><strong>\u00b7 Isabel de la Mora (Londres). Trabajar, pensar y hacer.<\/strong><\/p>\n<p style=\"text-align: justify; padding-left: 30px;\">Obtuvo el t\u00edtulo de Arquitecta por la ETSAUN, Universidad de Navarra, donde tambi\u00e9n curs\u00f3 el Postgrado Especializaci\u00f3n en Paisaje y Medio Ambiente. Es Senior Architect en Piercy &amp; Company, compa\u00f1\u00eda recientemente galardonada con el RIBA National Award. Su experiencia incluye proyectos en Reino Unido, Alemania, Syria y Qatar.<\/p>\n<p style=\"padding-left: 30px;\"><strong>\u00b7 Andr\u00e9s Madrid (M\u00e9xico). M\u00e1s all\u00e1 de la est\u00e9tica.<\/strong><\/p>\n<p style=\"text-align: justify; padding-left: 30px;\">Arquitecto por la Universidad de Guadalajara, curs\u00f3 la Maestr\u00eda en Arquitectura y Urbanismo en Londres. Desde 2007 se integr\u00f3 al equipo de Zaha Hadid Architects. Dentro de sus proyectos destacan, Valencia Parque Central en Valencia, Espa\u00f1a; Dongdaemun, dise\u00f1o de parque y plaza en Se\u00fal, Corea y The Circle en el aeropuerto de Zurich, Suiza.<\/p>\n<p style=\"padding-left: 30px;\"><strong>\u00b7 Agust\u00edn P\u00e9rez Torres (Estados Unidos\/Espa\u00f1a). Inquilinos de la arquitectura.<\/strong><\/p>\n<p style=\"text-align: justify; padding-left: 30px;\">Arquitecto por la ETSAM, desde 2011\u00a0trabaja en Nueva York como responsable de dise\u00f1o en BIG \/ Bjarke Ingels Group, oficina en la que dirige varios proyectos en EE.UU. y Canad\u00e1.\u00a0 Entre sus proyectos destacan el\u00a0Museo de Londres, Estadio de los Redskins en Estados Unidos, Banco Nacional de Islandia Landsbanki y Omniyat Towers en Dubai.<\/p>\n<p>Para mayor informaci\u00f3n env\u00eda un correo a <a href=\"mailto:alejandra@arqfestival.comy\" target=\"_blank\" rel=\"noopener noreferrer\">alejandra@arqfestival.com<\/a> y visita arqfestival.com<\/p>","protected":false},"excerpt":{"rendered":"<p>3\u00ba Festival internacional de arquitectura. ARQFESTIVAL 2016, EVENTO INTERNACIONAL DE ARQUITECTURA SE LLEVAR\u00c1 A CABO LOS D\u00cdAS 13 Y 14 DE OCTUBRE EN EL TEATRO DIANA. Guadalajara, M\u00e9xico, tierra del reconocido arquitecto Luis Barrag\u00e1n, ganador del Premio Pritzker, es sede de la tercera edici\u00f3n de ArqFestival 2016. El Festival incluye conferencias magistrales, presentaciones y proyectos [&hellip;]<\/p>\n","protected":false},"author":2,"featured_media":61666,"comment_status":"open","ping_status":"closed","sticky":false,"template":"","format":"standard","meta":{"footnotes":""},"categories":[16],"tags":[12618,12538,12448,7401,6267,2539,2631,7446,6734,5819,2556,7376,10644,3191,12539,6419,357,5849,12616,2703,12457,6401,516,542,577,12613,12617,12542,12540,12541,3533,12614,859,12543,4203,12544,980,12615,1726,1096,2560,6763,4715,12454],"class_list":{"0":"post-61665","1":"post","2":"type-post","3":"status-publish","4":"format-standard","5":"has-post-thumbnail","7":"category-eventos","8":"tag-andres-madrid","9":"tag-arqfestival","10":"tag-arquitectura","11":"tag-arquitectura-andaluza","12":"tag-arquitectura-catalana","14":"tag-arquitectura-espanola","15":"tag-arquitectura-inglesa","16":"tag-arquitectura-mexicana","17":"tag-arquitectura-portuguesa","18":"tag-arquitectura-sostenible","19":"tag-arquitectura-sustentable","20":"tag-big","21":"tag-bjarke-ingels","22":"tag-borja-navarro-ibanez-de-aldeoca","23":"tag-charla","24":"tag-conferencia","25":"tag-desarrollo-sustentable","26":"tag-diego-gonzalez-alanis","27":"tag-diseno-urbano","28":"tag-equipamiento-dotacional","29":"tag-espacio-colectivo","30":"tag-espacio-publico","31":"tag-etsam","32":"tag-festival","33":"tag-gloria-cabral","34":"tag-isabel-de-la-mora","35":"tag-jose-a-pavon-gonzalez","36":"tag-jose-de-la-pena-gomez-millan","37":"tag-jose-m-gonzalez-chamorro","38":"tag-luis-barragan","39":"tag-luis-pedra-silva","40":"tag-mexico","41":"tag-myriam-rego-gomez","42":"tag-octavio-mestre","43":"tag-octavio-mestre-arquitectos","44":"tag-paisajismo","45":"tag-pedra-silva-arquitectos","46":"tag-peter-zumthor","47":"tag-premio-pritzker","48":"tag-riba","49":"tag-solano-benitez","50":"tag-universidad-de-navarra","51":"tag-vivienda-colectiva"},"yoast_head":"<!-- This site is optimized with the Yoast SEO plugin v27.4 - https:\/\/yoast.com\/product\/yoast-seo-wordpress\/ -->\n<title>3\u00ba Festival Internacional de Arquitectura - veredes<\/title>\n<meta name=\"description\" content=\"Toda la informaci\u00f3n sobre: [:es]3\u00ba Festival Internacional de Arquitectura[:gl]3\u00ba Festival Internacional de Arquitectura[:en]3\u00ba International Architecture Festival [:]\" \/>\n<meta name=\"robots\" content=\"index, follow, max-snippet:-1, max-image-preview:large, max-video-preview:-1\" \/>\n<link rel=\"canonical\" href=\"https:\/\/veredes.es\/blog\/3o-festival-internacional-arquitectura\/\" \/>\n<meta property=\"og:locale\" content=\"es_ES\" \/>\n<meta property=\"og:type\" content=\"article\" \/>\n<meta property=\"og:title\" content=\"[:es]3\u00ba Festival Internacional de Arquitectura[:gl]3\u00ba Festival Internacional de Arquitectura[:en]3\u00ba International Architecture Festival [:] - veredes\" \/>\n<meta property=\"og:description\" content=\"Toda la informaci\u00f3n sobre: [:es]3\u00ba Festival Internacional de Arquitectura[:gl]3\u00ba Festival Internacional de Arquitectura[:en]3\u00ba International Architecture Festival [:]\" \/>\n<meta property=\"og:url\" content=\"https:\/\/veredes.es\/blog\/3o-festival-internacional-arquitectura\/\" \/>\n<meta property=\"og:site_name\" content=\"veredes, arquitectura y divulgaci\u00f3n\" \/>\n<meta property=\"article:publisher\" content=\"https:\/\/www.facebook.com\/veredesArquitecturayDivulgacion\/\" \/>\n<meta property=\"article:author\" content=\"https:\/\/www.facebook.com\/veredesArquitecturayDivulgacion\/\" \/>\n<meta property=\"article:published_time\" content=\"2016-08-29T22:45:54+00:00\" \/>\n<meta property=\"article:modified_time\" content=\"2020-12-22T09:55:09+00:00\" \/>\n<meta property=\"og:image\" content=\"https:\/\/veredes.es\/blog\/wp-content\/uploads\/2016\/08\/arq_logo2.jpg\" \/>\n\t<meta property=\"og:image:width\" content=\"300\" \/>\n\t<meta property=\"og:image:height\" content=\"500\" \/>\n\t<meta property=\"og:image:type\" content=\"image\/jpeg\" \/>\n<meta name=\"author\" content=\"veredes\" \/>\n<meta name=\"twitter:card\" content=\"summary_large_image\" \/>\n<meta name=\"twitter:creator\" content=\"@https:\/\/twitter.com\/veredes\" \/>\n<meta name=\"twitter:site\" content=\"@veredes\" \/>\n<meta name=\"twitter:label1\" content=\"Escrito por\" \/>\n\t<meta name=\"twitter:data1\" content=\"veredes\" \/>\n\t<meta name=\"twitter:label2\" content=\"Tiempo de lectura\" \/>\n\t<meta name=\"twitter:data2\" content=\"10 minutos\" \/>\n<script type=\"application\/ld+json\" class=\"yoast-schema-graph\">{\"@context\":\"https:\\\/\\\/schema.org\",\"@graph\":[{\"@type\":\"Article\",\"@id\":\"https:\\\/\\\/veredes.es\\\/blog\\\/3o-festival-internacional-arquitectura\\\/#article\",\"isPartOf\":{\"@id\":\"https:\\\/\\\/veredes.es\\\/blog\\\/3o-festival-internacional-arquitectura\\\/\"},\"author\":{\"name\":\"veredes\",\"@id\":\"https:\\\/\\\/veredes.es\\\/blog\\\/#\\\/schema\\\/person\\\/0bbb669073ef7faba5168a0844e93d2c\"},\"headline\":\"3\u00ba Festival Internacional de Arquitectura\",\"datePublished\":\"2016-08-29T22:45:54+00:00\",\"dateModified\":\"2020-12-22T09:55:09+00:00\",\"mainEntityOfPage\":{\"@id\":\"https:\\\/\\\/veredes.es\\\/blog\\\/3o-festival-internacional-arquitectura\\\/\"},\"wordCount\":2048,\"commentCount\":0,\"publisher\":{\"@id\":\"https:\\\/\\\/veredes.es\\\/blog\\\/#organization\"},\"image\":{\"@id\":\"https:\\\/\\\/veredes.es\\\/blog\\\/3o-festival-internacional-arquitectura\\\/#primaryimage\"},\"thumbnailUrl\":\"https:\\\/\\\/veredes.es\\\/blog\\\/wp-content\\\/uploads\\\/2016\\\/08\\\/arq_logo2.jpg\",\"keywords\":[\"Andr\u00e9s Madrid\",\"ArqFestival\",\"arquitectura\",\"arquitectura andaluza\",\"arquitectura catalana\",\"arquitectura del paisaje\",\"arquitectura espa\u00f1ola\",\"arquitectura inglesa\",\"arquitectura mexicana\",\"arquitectura portuguesa\",\"arquitectura sostenible\",\"arquitectura sustentable\",\"BIG\",\"Bjarke Ingels\",\"Borja Navarro Ib\u00e1\u00f1ez de Aldeoca\",\"charla\",\"conferencia\",\"desarrollo sustentable\",\"Diego Gonz\u00e1lez Alanis\",\"dise\u00f1o urbano\",\"equipamiento dotacional\",\"espacio colectivo\",\"espacio p\u00fablico\",\"ETSAM\",\"festival\",\"Gloria Cabral\",\"Isabel de la Mora\",\"Jos\u00e9 A. Pav\u00f3n Gonz\u00e1lez\",\"Jos\u00e9 de la Pe\u00f1a G\u00f3mez Mill\u00e1n\",\"Jos\u00e9 M. Gonz\u00e1lez Chamorro\",\"Luis Barrag\u00e1n\",\"Luis Pedra Silva\",\"M\u00e9xico\",\"Myriam Rego G\u00f3mez\",\"octavio mestre\",\"Octavio Mestre Arquitectos\",\"paisajismo\",\"Pedra Silva Arquitectos\",\"Peter Zumthor\",\"premio Pritzker\",\"RIBA\",\"Solano Benitez\",\"Universidad de Navarra\",\"vivienda colectiva\"],\"articleSection\":[\"eventos\"],\"inLanguage\":\"es\",\"potentialAction\":[{\"@type\":\"CommentAction\",\"name\":\"Comment\",\"target\":[\"https:\\\/\\\/veredes.es\\\/blog\\\/3o-festival-internacional-arquitectura\\\/#respond\"]}]},{\"@type\":\"WebPage\",\"@id\":\"https:\\\/\\\/veredes.es\\\/blog\\\/3o-festival-internacional-arquitectura\\\/\",\"url\":\"https:\\\/\\\/veredes.es\\\/blog\\\/3o-festival-internacional-arquitectura\\\/\",\"name\":\"[:es]3\u00ba Festival Internacional de Arquitectura[:gl]3\u00ba Festival Internacional de Arquitectura[:en]3\u00ba International Architecture Festival [:] - veredes\",\"isPartOf\":{\"@id\":\"https:\\\/\\\/veredes.es\\\/blog\\\/#website\"},\"primaryImageOfPage\":{\"@id\":\"https:\\\/\\\/veredes.es\\\/blog\\\/3o-festival-internacional-arquitectura\\\/#primaryimage\"},\"image\":{\"@id\":\"https:\\\/\\\/veredes.es\\\/blog\\\/3o-festival-internacional-arquitectura\\\/#primaryimage\"},\"thumbnailUrl\":\"https:\\\/\\\/veredes.es\\\/blog\\\/wp-content\\\/uploads\\\/2016\\\/08\\\/arq_logo2.jpg\",\"datePublished\":\"2016-08-29T22:45:54+00:00\",\"dateModified\":\"2020-12-22T09:55:09+00:00\",\"description\":\"Toda la informaci\u00f3n sobre: [:es]3\u00ba Festival Internacional de Arquitectura[:gl]3\u00ba Festival Internacional de Arquitectura[:en]3\u00ba International Architecture Festival [:]\",\"breadcrumb\":{\"@id\":\"https:\\\/\\\/veredes.es\\\/blog\\\/3o-festival-internacional-arquitectura\\\/#breadcrumb\"},\"inLanguage\":\"es\",\"potentialAction\":[{\"@type\":\"ReadAction\",\"target\":[\"https:\\\/\\\/veredes.es\\\/blog\\\/3o-festival-internacional-arquitectura\\\/\"]}]},{\"@type\":\"ImageObject\",\"inLanguage\":\"es\",\"@id\":\"https:\\\/\\\/veredes.es\\\/blog\\\/3o-festival-internacional-arquitectura\\\/#primaryimage\",\"url\":\"https:\\\/\\\/veredes.es\\\/blog\\\/wp-content\\\/uploads\\\/2016\\\/08\\\/arq_logo2.jpg\",\"contentUrl\":\"https:\\\/\\\/veredes.es\\\/blog\\\/wp-content\\\/uploads\\\/2016\\\/08\\\/arq_logo2.jpg\",\"width\":300,\"height\":500},{\"@type\":\"BreadcrumbList\",\"@id\":\"https:\\\/\\\/veredes.es\\\/blog\\\/3o-festival-internacional-arquitectura\\\/#breadcrumb\",\"itemListElement\":[{\"@type\":\"ListItem\",\"position\":1,\"name\":\"Portada\",\"item\":\"https:\\\/\\\/veredes.es\\\/blog\\\/\"},{\"@type\":\"ListItem\",\"position\":2,\"name\":\"3\u00ba Festival Internacional de Arquitectura\"}]},{\"@type\":\"WebSite\",\"@id\":\"https:\\\/\\\/veredes.es\\\/blog\\\/#website\",\"url\":\"https:\\\/\\\/veredes.es\\\/blog\\\/\",\"name\":\"veredes, arquitectura y divulgaci\u00f3n\",\"description\":\"veredes\",\"publisher\":{\"@id\":\"https:\\\/\\\/veredes.es\\\/blog\\\/#organization\"},\"alternateName\":\"veredes\",\"potentialAction\":[{\"@type\":\"SearchAction\",\"target\":{\"@type\":\"EntryPoint\",\"urlTemplate\":\"https:\\\/\\\/veredes.es\\\/blog\\\/?s={search_term_string}\"},\"query-input\":{\"@type\":\"PropertyValueSpecification\",\"valueRequired\":true,\"valueName\":\"search_term_string\"}}],\"inLanguage\":\"es\"},{\"@type\":\"Organization\",\"@id\":\"https:\\\/\\\/veredes.es\\\/blog\\\/#organization\",\"name\":\"veredes, arquitectura y divulgaci\u00f3n\",\"alternateName\":\"veredes\",\"url\":\"https:\\\/\\\/veredes.es\\\/blog\\\/\",\"logo\":{\"@type\":\"ImageObject\",\"inLanguage\":\"es\",\"@id\":\"https:\\\/\\\/veredes.es\\\/blog\\\/#\\\/schema\\\/logo\\\/image\\\/\",\"url\":\"https:\\\/\\\/veredes.es\\\/blog\\\/wp-content\\\/uploads\\\/2021\\\/12\\\/veredes-logo-centrado_140x54.png\",\"contentUrl\":\"https:\\\/\\\/veredes.es\\\/blog\\\/wp-content\\\/uploads\\\/2021\\\/12\\\/veredes-logo-centrado_140x54.png\",\"width\":140,\"height\":54,\"caption\":\"veredes, arquitectura y divulgaci\u00f3n\"},\"image\":{\"@id\":\"https:\\\/\\\/veredes.es\\\/blog\\\/#\\\/schema\\\/logo\\\/image\\\/\"},\"sameAs\":[\"https:\\\/\\\/www.facebook.com\\\/veredesArquitecturayDivulgacion\\\/\",\"https:\\\/\\\/x.com\\\/veredes\",\"https:\\\/\\\/instagram.com\\\/veredes\\\/\",\"https:\\\/\\\/www.linkedin.com\\\/company\\\/veredes-arquitectura-y-divulgacion\\\/\",\"https:\\\/\\\/es.pinterest.com\\\/veredes\\\/\",\"https:\\\/\\\/www.tumblr.com\\\/veredes\"]},{\"@type\":\"Person\",\"@id\":\"https:\\\/\\\/veredes.es\\\/blog\\\/#\\\/schema\\\/person\\\/0bbb669073ef7faba5168a0844e93d2c\",\"name\":\"veredes\",\"image\":{\"@type\":\"ImageObject\",\"inLanguage\":\"es\",\"@id\":\"https:\\\/\\\/veredes.es\\\/blog\\\/wp-content\\\/uploads\\\/2018\\\/04\\\/face-96x96.jpg\",\"url\":\"https:\\\/\\\/veredes.es\\\/blog\\\/wp-content\\\/uploads\\\/2018\\\/04\\\/face-96x96.jpg\",\"contentUrl\":\"https:\\\/\\\/veredes.es\\\/blog\\\/wp-content\\\/uploads\\\/2018\\\/04\\\/face-96x96.jpg\",\"caption\":\"veredes\"},\"description\":\"Surge enero de 2009 como b\u00fasqueda de satisfacer el conocimiento de la actividad arquitect\u00f3nica y tangentes que se generan. La idea es crear un espacio para divulgar los diversos proyectos en busca de nueva inspiraci\u00f3n y de intercambio.\",\"sameAs\":[\"https:\\\/\\\/veredes.es\\\/\",\"https:\\\/\\\/www.facebook.com\\\/veredesArquitecturayDivulgacion\\\/\",\"https:\\\/\\\/www.instagram.com\\\/veredes\\\/\",\"https:\\\/\\\/www.linkedin.com\\\/company\\\/veredes-arquitectura-y-divulgacion\\\/\",\"https:\\\/\\\/www.pinterest.es\\\/veredes\\\/\",\"https:\\\/\\\/x.com\\\/https:\\\/\\\/twitter.com\\\/veredes\",\"https:\\\/\\\/veredes.tumblr.com\\\/\"],\"url\":\"https:\\\/\\\/veredes.es\\\/blog\\\/author\\\/alberto\\\/\"}]}<\/script>\n<!-- \/ Yoast SEO plugin. -->","yoast_head_json":{"title":"[:es]3\u00ba Festival Internacional de Arquitectura[:gl]3\u00ba Festival Internacional de Arquitectura[:en]3\u00ba International Architecture Festival [:] - veredes","description":"Toda la informaci\u00f3n sobre: [:es]3\u00ba Festival Internacional de Arquitectura[:gl]3\u00ba Festival Internacional de Arquitectura[:en]3\u00ba International Architecture Festival [:]","robots":{"index":"index","follow":"follow","max-snippet":"max-snippet:-1","max-image-preview":"max-image-preview:large","max-video-preview":"max-video-preview:-1"},"canonical":"https:\/\/veredes.es\/blog\/3o-festival-internacional-arquitectura\/","og_locale":"es_ES","og_type":"article","og_title":"[:es]3\u00ba Festival Internacional de Arquitectura[:gl]3\u00ba Festival Internacional de Arquitectura[:en]3\u00ba International Architecture Festival [:] - veredes","og_description":"Toda la informaci\u00f3n sobre: [:es]3\u00ba Festival Internacional de Arquitectura[:gl]3\u00ba Festival Internacional de Arquitectura[:en]3\u00ba International Architecture Festival [:]","og_url":"https:\/\/veredes.es\/blog\/3o-festival-internacional-arquitectura\/","og_site_name":"veredes, arquitectura y divulgaci\u00f3n","article_publisher":"https:\/\/www.facebook.com\/veredesArquitecturayDivulgacion\/","article_author":"https:\/\/www.facebook.com\/veredesArquitecturayDivulgacion\/","article_published_time":"2016-08-29T22:45:54+00:00","article_modified_time":"2020-12-22T09:55:09+00:00","og_image":[{"width":300,"height":500,"url":"https:\/\/veredes.es\/blog\/wp-content\/uploads\/2016\/08\/arq_logo2.jpg","type":"image\/jpeg"}],"author":"veredes","twitter_card":"summary_large_image","twitter_creator":"@https:\/\/twitter.com\/veredes","twitter_site":"@veredes","twitter_misc":{"Escrito por":"veredes","Tiempo de lectura":"10 minutos"},"schema":{"@context":"https:\/\/schema.org","@graph":[{"@type":"Article","@id":"https:\/\/veredes.es\/blog\/3o-festival-internacional-arquitectura\/#article","isPartOf":{"@id":"https:\/\/veredes.es\/blog\/3o-festival-internacional-arquitectura\/"},"author":{"name":"veredes","@id":"https:\/\/veredes.es\/blog\/#\/schema\/person\/0bbb669073ef7faba5168a0844e93d2c"},"headline":"3\u00ba Festival Internacional de Arquitectura","datePublished":"2016-08-29T22:45:54+00:00","dateModified":"2020-12-22T09:55:09+00:00","mainEntityOfPage":{"@id":"https:\/\/veredes.es\/blog\/3o-festival-internacional-arquitectura\/"},"wordCount":2048,"commentCount":0,"publisher":{"@id":"https:\/\/veredes.es\/blog\/#organization"},"image":{"@id":"https:\/\/veredes.es\/blog\/3o-festival-internacional-arquitectura\/#primaryimage"},"thumbnailUrl":"https:\/\/veredes.es\/blog\/wp-content\/uploads\/2016\/08\/arq_logo2.jpg","keywords":["Andr\u00e9s Madrid","ArqFestival","arquitectura","arquitectura andaluza","arquitectura catalana","arquitectura del paisaje","arquitectura espa\u00f1ola","arquitectura inglesa","arquitectura mexicana","arquitectura portuguesa","arquitectura sostenible","arquitectura sustentable","BIG","Bjarke Ingels","Borja Navarro Ib\u00e1\u00f1ez de Aldeoca","charla","conferencia","desarrollo sustentable","Diego Gonz\u00e1lez Alanis","dise\u00f1o urbano","equipamiento dotacional","espacio colectivo","espacio p\u00fablico","ETSAM","festival","Gloria Cabral","Isabel de la Mora","Jos\u00e9 A. Pav\u00f3n Gonz\u00e1lez","Jos\u00e9 de la Pe\u00f1a G\u00f3mez Mill\u00e1n","Jos\u00e9 M. Gonz\u00e1lez Chamorro","Luis Barrag\u00e1n","Luis Pedra Silva","M\u00e9xico","Myriam Rego G\u00f3mez","octavio mestre","Octavio Mestre Arquitectos","paisajismo","Pedra Silva Arquitectos","Peter Zumthor","premio Pritzker","RIBA","Solano Benitez","Universidad de Navarra","vivienda colectiva"],"articleSection":["eventos"],"inLanguage":"es","potentialAction":[{"@type":"CommentAction","name":"Comment","target":["https:\/\/veredes.es\/blog\/3o-festival-internacional-arquitectura\/#respond"]}]},{"@type":"WebPage","@id":"https:\/\/veredes.es\/blog\/3o-festival-internacional-arquitectura\/","url":"https:\/\/veredes.es\/blog\/3o-festival-internacional-arquitectura\/","name":"[:es]3\u00ba Festival Internacional de Arquitectura[:gl]3\u00ba Festival Internacional de Arquitectura[:en]3\u00ba International Architecture Festival [:] - veredes","isPartOf":{"@id":"https:\/\/veredes.es\/blog\/#website"},"primaryImageOfPage":{"@id":"https:\/\/veredes.es\/blog\/3o-festival-internacional-arquitectura\/#primaryimage"},"image":{"@id":"https:\/\/veredes.es\/blog\/3o-festival-internacional-arquitectura\/#primaryimage"},"thumbnailUrl":"https:\/\/veredes.es\/blog\/wp-content\/uploads\/2016\/08\/arq_logo2.jpg","datePublished":"2016-08-29T22:45:54+00:00","dateModified":"2020-12-22T09:55:09+00:00","description":"Toda la informaci\u00f3n sobre: [:es]3\u00ba Festival Internacional de Arquitectura[:gl]3\u00ba Festival Internacional de Arquitectura[:en]3\u00ba International Architecture Festival [:]","breadcrumb":{"@id":"https:\/\/veredes.es\/blog\/3o-festival-internacional-arquitectura\/#breadcrumb"},"inLanguage":"es","potentialAction":[{"@type":"ReadAction","target":["https:\/\/veredes.es\/blog\/3o-festival-internacional-arquitectura\/"]}]},{"@type":"ImageObject","inLanguage":"es","@id":"https:\/\/veredes.es\/blog\/3o-festival-internacional-arquitectura\/#primaryimage","url":"https:\/\/veredes.es\/blog\/wp-content\/uploads\/2016\/08\/arq_logo2.jpg","contentUrl":"https:\/\/veredes.es\/blog\/wp-content\/uploads\/2016\/08\/arq_logo2.jpg","width":300,"height":500},{"@type":"BreadcrumbList","@id":"https:\/\/veredes.es\/blog\/3o-festival-internacional-arquitectura\/#breadcrumb","itemListElement":[{"@type":"ListItem","position":1,"name":"Portada","item":"https:\/\/veredes.es\/blog\/"},{"@type":"ListItem","position":2,"name":"3\u00ba Festival Internacional de Arquitectura"}]},{"@type":"WebSite","@id":"https:\/\/veredes.es\/blog\/#website","url":"https:\/\/veredes.es\/blog\/","name":"veredes, arquitectura y divulgaci\u00f3n","description":"veredes","publisher":{"@id":"https:\/\/veredes.es\/blog\/#organization"},"alternateName":"veredes","potentialAction":[{"@type":"SearchAction","target":{"@type":"EntryPoint","urlTemplate":"https:\/\/veredes.es\/blog\/?s={search_term_string}"},"query-input":{"@type":"PropertyValueSpecification","valueRequired":true,"valueName":"search_term_string"}}],"inLanguage":"es"},{"@type":"Organization","@id":"https:\/\/veredes.es\/blog\/#organization","name":"veredes, arquitectura y divulgaci\u00f3n","alternateName":"veredes","url":"https:\/\/veredes.es\/blog\/","logo":{"@type":"ImageObject","inLanguage":"es","@id":"https:\/\/veredes.es\/blog\/#\/schema\/logo\/image\/","url":"https:\/\/veredes.es\/blog\/wp-content\/uploads\/2021\/12\/veredes-logo-centrado_140x54.png","contentUrl":"https:\/\/veredes.es\/blog\/wp-content\/uploads\/2021\/12\/veredes-logo-centrado_140x54.png","width":140,"height":54,"caption":"veredes, arquitectura y divulgaci\u00f3n"},"image":{"@id":"https:\/\/veredes.es\/blog\/#\/schema\/logo\/image\/"},"sameAs":["https:\/\/www.facebook.com\/veredesArquitecturayDivulgacion\/","https:\/\/x.com\/veredes","https:\/\/instagram.com\/veredes\/","https:\/\/www.linkedin.com\/company\/veredes-arquitectura-y-divulgacion\/","https:\/\/es.pinterest.com\/veredes\/","https:\/\/www.tumblr.com\/veredes"]},{"@type":"Person","@id":"https:\/\/veredes.es\/blog\/#\/schema\/person\/0bbb669073ef7faba5168a0844e93d2c","name":"veredes","image":{"@type":"ImageObject","inLanguage":"es","@id":"https:\/\/veredes.es\/blog\/wp-content\/uploads\/2018\/04\/face-96x96.jpg","url":"https:\/\/veredes.es\/blog\/wp-content\/uploads\/2018\/04\/face-96x96.jpg","contentUrl":"https:\/\/veredes.es\/blog\/wp-content\/uploads\/2018\/04\/face-96x96.jpg","caption":"veredes"},"description":"Surge enero de 2009 como b\u00fasqueda de satisfacer el conocimiento de la actividad arquitect\u00f3nica y tangentes que se generan. La idea es crear un espacio para divulgar los diversos proyectos en busca de nueva inspiraci\u00f3n y de intercambio.","sameAs":["https:\/\/veredes.es\/","https:\/\/www.facebook.com\/veredesArquitecturayDivulgacion\/","https:\/\/www.instagram.com\/veredes\/","https:\/\/www.linkedin.com\/company\/veredes-arquitectura-y-divulgacion\/","https:\/\/www.pinterest.es\/veredes\/","https:\/\/x.com\/https:\/\/twitter.com\/veredes","https:\/\/veredes.tumblr.com\/"],"url":"https:\/\/veredes.es\/blog\/author\/alberto\/"}]}},"_links":{"self":[{"href":"https:\/\/veredes.es\/blog\/wp-json\/wp\/v2\/posts\/61665","targetHints":{"allow":["GET"]}}],"collection":[{"href":"https:\/\/veredes.es\/blog\/wp-json\/wp\/v2\/posts"}],"about":[{"href":"https:\/\/veredes.es\/blog\/wp-json\/wp\/v2\/types\/post"}],"author":[{"embeddable":true,"href":"https:\/\/veredes.es\/blog\/wp-json\/wp\/v2\/users\/2"}],"replies":[{"embeddable":true,"href":"https:\/\/veredes.es\/blog\/wp-json\/wp\/v2\/comments?post=61665"}],"version-history":[{"count":0,"href":"https:\/\/veredes.es\/blog\/wp-json\/wp\/v2\/posts\/61665\/revisions"}],"wp:featuredmedia":[{"embeddable":true,"href":"https:\/\/veredes.es\/blog\/wp-json\/wp\/v2\/media\/61666"}],"wp:attachment":[{"href":"https:\/\/veredes.es\/blog\/wp-json\/wp\/v2\/media?parent=61665"}],"wp:term":[{"taxonomy":"category","embeddable":true,"href":"https:\/\/veredes.es\/blog\/wp-json\/wp\/v2\/categories?post=61665"},{"taxonomy":"post_tag","embeddable":true,"href":"https:\/\/veredes.es\/blog\/wp-json\/wp\/v2\/tags?post=61665"}],"curies":[{"name":"wp","href":"https:\/\/api.w.org\/{rel}","templated":true}]}}