{"id":61659,"date":"2016-09-01T00:40:02","date_gmt":"2016-08-31T22:40:02","guid":{"rendered":"http:\/\/veredes.es\/blog\/?p=61659"},"modified":"2022-07-01T13:41:04","modified_gmt":"2022-07-01T11:41:04","slug":"programa-formacion-enc_17024-arquitasa-alicante","status":"publish","type":"post","link":"https:\/\/veredes.es\/blog\/programa-formacion-enc_17024-arquitasa-alicante\/","title":{"rendered":"Programa de formaci\u00f3n \u201cENC_17024\u201d de Arquitasa en Alicante"},"content":{"rendered":"<p><\/p>\n<p style=\"text-align: justify;\"><img loading=\"lazy\" decoding=\"async\" class=\"alignnone wp-image-61661\" src=\"http:\/\/veredes.es\/blog\/wp-content\/uploads\/2016\/08\/AlicanteUniversityM900.jpg\" alt=\"AlicanteUniversityM900\" width=\"750\" height=\"395\" srcset=\"https:\/\/veredes.es\/blog\/wp-content\/uploads\/2016\/08\/AlicanteUniversityM900.jpg 640w, https:\/\/veredes.es\/blog\/wp-content\/uploads\/2016\/08\/AlicanteUniversityM900-300x158.jpg 300w\" sizes=\"auto, (max-width: 750px) 100vw, 750px\" \/><\/p>\n<p style=\"text-align: justify;\"><strong>ARQUITASA<\/strong>\u00a0es una Sociedad de Tasaci\u00f3n\u00a0<strong>HOMOLOGADA<\/strong>\u00a0por el <strong>BANCO DE ESPA\u00d1A<\/strong>, con 30 a\u00f1os de existencia e implantaci\u00f3n en todo el territorio espa\u00f1ol y en varios pa\u00edses latinoamericanos.<\/p>\n<p style=\"text-align: justify;\"><strong>ARQUITASA<\/strong>\u00a0est\u00e1 integrada en el grupo empresarial\u00a0<strong>AGIFI<\/strong>, (<strong>GIA<\/strong>, en Latinoam\u00e9rica) junto a las empresas\u00a0<strong>GINPROSA<\/strong>,\u00a0<strong>INZAMAC<\/strong>,\u00a0<strong>FUCTURA<\/strong>\u00a0e\u00a0<strong>ION<\/strong>, desarrollando, adem\u00e1s de sus trabajos de\u00a0 valoraci\u00f3n, tasaci\u00f3n y aval\u00faos, una labor de\u00a0<strong>CAPACITACI\u00d3N <\/strong>de profesionales, asesoramiento a Administraciones P\u00fablicas y empresas privadas, elaboraci\u00f3n de Informes Sectoriales, etc\u2026\u00a0<strong>ARQUITASA<\/strong>\u00a0edita varias publicaciones peri\u00f3dicas, organiza Foros, Congresos y\u00a0 tiene una con considerable presencia e influencia en el mundo digital, con su web, blog y actividad en las redes sociales.<\/p>\n<p style=\"text-align: justify;\">Dentro de su proceso de expansi\u00f3n,\u00a0<strong>ARQUITASA<\/strong>\u00a0precisa incorporar a su equipo profesional, tanto colaboradores externos, como colaboradores internos estables. Estos colaboradores deben tener experiencia general y espec\u00edfica en al menos dos campos concretos de los trece existentes en el \u00e1mbito de las valoraciones y conocer la nueva legislaci\u00f3n.<\/p>\n<p style=\"text-align: justify;\"><strong>ARQUITASA <\/strong>ha dise\u00f1ado y desarrollado el <strong>PROGRAMA DE FORMACI\u00d3N \u201cENc_17024\u201d<\/strong>\u00a0para\u00a0<strong>FORMAR, CAPACITAR Y HOMOLOGAR<\/strong>\u00a0profesionales, tanto arquitectos y arquitectos t\u00e9cnicos, como ingenieros, economistas o abogados, adem\u00e1s de a otros profesionales de sectores m\u00e1s espec\u00edficos, como \u201cexpertos en arte\u201d u otros. Todo ello con las nuevas exigencias del sector.<\/p>\n<p style=\"text-align: justify;\">El curso de\u00a0<strong>ALICANTE\u00a0<\/strong>va dirigido, principalmente, a\u00a0<strong>ARQUITECTOS Y ARQUITECTOS T\u00c9CNICOS,<\/strong>\u00a0por tratarse de formaci\u00f3n en\u00a0 VALORACIONES INMOBILIARIAS, aunque pueden cursarlos otros profesionales.<\/p>\n<p style=\"text-align: justify;\"><strong>ARQUITASA<\/strong>\u00a0seleccionar\u00e1\u00a0<strong>TRES PROFESIONALES<\/strong>, por provincia, territorio o por cada mill\u00f3n de habitantes, entre los alumnos que tras cursar los\u00a0<strong>TRES NIVELES<\/strong>\u00a0del\u00a0<strong>PROGRAMA DE FORMACI\u00d3N,<\/strong>superen la \u201c<strong>PRUEBA EVALUADORA FINAL<\/strong>\u201d y obtengan la preceptiva\u00a0<strong>HOMOLOGACI\u00d3N<\/strong>.<\/p>\n<p style=\"text-align: justify;\"><strong>ES DECIR, SELECCIONAR\u00c1 A TRES PROFESIONALES EN ALICANTE.<\/strong><\/p>\n<div id=\"attachment_1591\" class=\"wp-caption alignnone\" style=\"text-align: justify;\"><\/div>\n<div id=\"attachment_1611\" class=\"wp-caption alignnone\" style=\"text-align: justify;\"><\/div>\n<figure id=\"attachment_61660\" aria-describedby=\"caption-attachment-61660\" style=\"width: 750px\" class=\"wp-caption alignnone\"><img loading=\"lazy\" decoding=\"async\" class=\"wp-image-61660\" src=\"https:\/\/veredes.es\/blog\/wp-content\/uploads\/2016\/08\/Benidormalicnate.jpg\" alt=\"Ayuntamiento Benidorm \/ Rafael Machancoses \u2013 Miguel Navarro\" width=\"750\" height=\"336\" srcset=\"https:\/\/veredes.es\/blog\/wp-content\/uploads\/2016\/08\/Benidormalicnate.jpg 640w, https:\/\/veredes.es\/blog\/wp-content\/uploads\/2016\/08\/Benidormalicnate-300x135.jpg 300w\" sizes=\"auto, (max-width: 750px) 100vw, 750px\" \/><figcaption id=\"caption-attachment-61660\" class=\"wp-caption-text\"><span style=\"color: #999999;\">Ayuntamiento Benidorm \/ Rafael Machancoses \u2013 Miguel Navarro<\/span><\/figcaption><\/figure>\n<div class=\"wp-caption alignnone\"><\/div>\n<p style=\"text-align: justify;\">Estos\u00a0<strong>TRES PROFESIONALES<\/strong>\u00a0pasar\u00e1n a integrarse en el \u201c<strong>EQUIPO PROFESIONAL ESTABLE<\/strong>\u201d de\u00a0<strong>ARQUITASA<\/strong>. Con el resto de profesionales que logren la\u00a0<strong>HOMOLOGACI\u00d3N<\/strong>,\u00a0<strong>ARQUITASA\u00a0<\/strong>establecer\u00e1 una\u00a0\u00a0<strong>RELACI\u00d3N DE COLABORACI\u00d3N<\/strong>, tanto con ella, como con el resto de las empresas del\u00a0<strong>GRUPO AGIFI<\/strong>, en el que est\u00e1 integrada\u00a0<strong>ARQUITASA<\/strong>, en el \u00e1mbito de las valoraciones, pero tambi\u00e9n en los dem\u00e1s campos profesionales, relacionados con la\u00a0<strong>ARQUITECTURA<\/strong>\u00a0y la\u00a0<strong>EDIFICACI\u00d3N<\/strong>, en los que trabajan las empresas del grupo.<\/p>\n<p style=\"text-align: justify;\"><strong>ARQUITASA<\/strong>\u00a0impartir\u00e1 el\u00a0<strong>PROGRAMA DE FORMACI\u00d3N \u201cENc_17024<\/strong>\u201d en la ciudad de<strong>\u00a0ALICANTE<\/strong>. El primero de los cursos del\u00a0<strong>PROGRAMA DE FORMACI\u00d3N<\/strong>\u00a0o <strong>NIVEL I<\/strong>, \u201c<strong><em>CURSO DE INICIACI\u00d3N A LA VALORACI\u00d3N INMOBILIARIA. PRINCIPIOS, M\u00c9TODOS Y CRITERIOS<\/em><\/strong>\u201d se realizar\u00e1 con la colaboraci\u00f3n del\u00a0<strong>COLEGIO OFICIAL DE APAREJADORES, ARQUITECTOS T\u00c9CNICOS E INGENIEROS DE EDIFICACI\u00d3N DE ALICANTE,\u00a0<\/strong>en sus instalaciones, los pr\u00f3ximos <strong>27 y 28 DE OCTUBRE<\/strong>, con una carga lectiva de 15 horas.<\/p>\n<p style=\"text-align: justify;\"><strong>Esperamos tu asistencia y tu colaboraci\u00f3n futura.<\/strong><\/p>\n<p style=\"text-align: justify;\"><em><a href=\"https:\/\/arquitasa.com\/\" target=\"_blank\" rel=\"noopener noreferrer\"><strong>+\u00a0Informaci\u00f3n<\/strong><\/a><\/em><\/p>\n<p><\/p>","protected":false},"excerpt":{"rendered":"<p>ARQUITASA\u00a0es una Sociedad de Tasaci\u00f3n\u00a0HOMOLOGADA\u00a0por el BANCO DE ESPA\u00d1A, con 30 a\u00f1os de existencia e implantaci\u00f3n en todo el territorio espa\u00f1ol y en varios pa\u00edses latinoamericanos. ARQUITASA\u00a0est\u00e1 integrada en el grupo empresarial\u00a0AGIFI, (GIA, en Latinoam\u00e9rica) junto a las empresas\u00a0GINPROSA,\u00a0INZAMAC,\u00a0FUCTURA\u00a0e\u00a0ION, desarrollando, adem\u00e1s de sus trabajos de\u00a0 valoraci\u00f3n, tasaci\u00f3n y aval\u00faos, una labor de\u00a0CAPACITACI\u00d3N de profesionales, asesoramiento [&hellip;]<\/p>\n","protected":false},"author":2,"featured_media":61661,"comment_status":"open","ping_status":"closed","sticky":false,"template":"","format":"standard","meta":{"footnotes":""},"categories":[5624,5951],"tags":[2904,12181,2631,11183,2937,401,521,12445,1893,5116],"class_list":{"0":"post-61659","1":"post","2":"type-post","3":"status-publish","4":"format-standard","5":"has-post-thumbnail","7":"category-deriva","8":"category-slider-principal","9":"tag-alicante","11":"tag-arquitectura-espanola","12":"tag-arquitectura-valenciana","13":"tag-colegio-de-arquitectos","15":"tag-espana","16":"tag-evento","17":"tag-formacion","18":"tag-trabajar"},"yoast_head":"<!-- This site is optimized with the Yoast SEO plugin v27.4 - https:\/\/yoast.com\/product\/yoast-seo-wordpress\/ -->\n<title>Programa de formaci\u00f3n \u201cENC_17024\u201d de Arquitasa en Alicante - veredes<\/title>\n<meta name=\"description\" content=\"Toda la informaci\u00f3n sobre: Programa de formaci\u00f3n \u201cENC_17024\u201d de Arquitasa en Alicante\" \/>\n<meta name=\"robots\" content=\"index, follow, max-snippet:-1, max-image-preview:large, max-video-preview:-1\" \/>\n<link rel=\"canonical\" href=\"https:\/\/veredes.es\/blog\/programa-formacion-enc_17024-arquitasa-alicante\/\" \/>\n<meta property=\"og:locale\" content=\"es_ES\" \/>\n<meta property=\"og:type\" content=\"article\" \/>\n<meta property=\"og:title\" content=\"Programa de formaci\u00f3n \u201cENC_17024\u201d de Arquitasa en Alicante - veredes\" \/>\n<meta property=\"og:description\" content=\"Toda la informaci\u00f3n sobre: Programa de formaci\u00f3n \u201cENC_17024\u201d de Arquitasa en Alicante\" \/>\n<meta property=\"og:url\" content=\"https:\/\/veredes.es\/blog\/programa-formacion-enc_17024-arquitasa-alicante\/\" \/>\n<meta property=\"og:site_name\" content=\"veredes, arquitectura y divulgaci\u00f3n\" \/>\n<meta property=\"article:publisher\" content=\"https:\/\/www.facebook.com\/veredesArquitecturayDivulgacion\/\" \/>\n<meta property=\"article:author\" content=\"https:\/\/www.facebook.com\/veredesArquitecturayDivulgacion\/\" \/>\n<meta property=\"article:published_time\" content=\"2016-08-31T22:40:02+00:00\" \/>\n<meta property=\"article:modified_time\" content=\"2022-07-01T11:41:04+00:00\" \/>\n<meta property=\"og:image\" content=\"https:\/\/veredes.es\/blog\/wp-content\/uploads\/2016\/08\/AlicanteUniversityM900.jpg\" \/>\n\t<meta property=\"og:image:width\" content=\"640\" \/>\n\t<meta property=\"og:image:height\" content=\"337\" \/>\n\t<meta property=\"og:image:type\" content=\"image\/jpeg\" \/>\n<meta name=\"author\" content=\"veredes\" \/>\n<meta name=\"twitter:card\" content=\"summary_large_image\" \/>\n<meta name=\"twitter:creator\" content=\"@https:\/\/twitter.com\/veredes\" \/>\n<meta name=\"twitter:site\" content=\"@veredes\" \/>\n<meta name=\"twitter:label1\" content=\"Escrito por\" \/>\n\t<meta name=\"twitter:data1\" content=\"veredes\" \/>\n\t<meta name=\"twitter:label2\" content=\"Tiempo de lectura\" \/>\n\t<meta name=\"twitter:data2\" content=\"3 minutos\" \/>\n<script type=\"application\/ld+json\" class=\"yoast-schema-graph\">{\"@context\":\"https:\\\/\\\/schema.org\",\"@graph\":[{\"@type\":\"Article\",\"@id\":\"https:\\\/\\\/veredes.es\\\/blog\\\/programa-formacion-enc_17024-arquitasa-alicante\\\/#article\",\"isPartOf\":{\"@id\":\"https:\\\/\\\/veredes.es\\\/blog\\\/programa-formacion-enc_17024-arquitasa-alicante\\\/\"},\"author\":{\"name\":\"veredes\",\"@id\":\"https:\\\/\\\/veredes.es\\\/blog\\\/#\\\/schema\\\/person\\\/0bbb669073ef7faba5168a0844e93d2c\"},\"headline\":\"Programa de formaci\u00f3n \u201cENC_17024\u201d de Arquitasa en Alicante\",\"datePublished\":\"2016-08-31T22:40:02+00:00\",\"dateModified\":\"2022-07-01T11:41:04+00:00\",\"mainEntityOfPage\":{\"@id\":\"https:\\\/\\\/veredes.es\\\/blog\\\/programa-formacion-enc_17024-arquitasa-alicante\\\/\"},\"wordCount\":1552,\"commentCount\":0,\"publisher\":{\"@id\":\"https:\\\/\\\/veredes.es\\\/blog\\\/#organization\"},\"image\":{\"@id\":\"https:\\\/\\\/veredes.es\\\/blog\\\/programa-formacion-enc_17024-arquitasa-alicante\\\/#primaryimage\"},\"thumbnailUrl\":\"https:\\\/\\\/veredes.es\\\/blog\\\/wp-content\\\/uploads\\\/2016\\\/08\\\/AlicanteUniversityM900.jpg\",\"keywords\":[\"Alicante\",\"arquitasa\",\"arquitectura espa\u00f1ola\",\"arquitectura valenciana\",\"colegio de arquitectos\",\"curso\",\"Espa\u00f1a\",\"evento\",\"formaci\u00f3n\",\"trabajar\"],\"articleSection\":[\"deriva\",\"slider principal\"],\"inLanguage\":\"es\",\"potentialAction\":[{\"@type\":\"CommentAction\",\"name\":\"Comment\",\"target\":[\"https:\\\/\\\/veredes.es\\\/blog\\\/programa-formacion-enc_17024-arquitasa-alicante\\\/#respond\"]}]},{\"@type\":\"WebPage\",\"@id\":\"https:\\\/\\\/veredes.es\\\/blog\\\/programa-formacion-enc_17024-arquitasa-alicante\\\/\",\"url\":\"https:\\\/\\\/veredes.es\\\/blog\\\/programa-formacion-enc_17024-arquitasa-alicante\\\/\",\"name\":\"Programa de formaci\u00f3n \u201cENC_17024\u201d de Arquitasa en Alicante - veredes\",\"isPartOf\":{\"@id\":\"https:\\\/\\\/veredes.es\\\/blog\\\/#website\"},\"primaryImageOfPage\":{\"@id\":\"https:\\\/\\\/veredes.es\\\/blog\\\/programa-formacion-enc_17024-arquitasa-alicante\\\/#primaryimage\"},\"image\":{\"@id\":\"https:\\\/\\\/veredes.es\\\/blog\\\/programa-formacion-enc_17024-arquitasa-alicante\\\/#primaryimage\"},\"thumbnailUrl\":\"https:\\\/\\\/veredes.es\\\/blog\\\/wp-content\\\/uploads\\\/2016\\\/08\\\/AlicanteUniversityM900.jpg\",\"datePublished\":\"2016-08-31T22:40:02+00:00\",\"dateModified\":\"2022-07-01T11:41:04+00:00\",\"description\":\"Toda la informaci\u00f3n sobre: Programa de formaci\u00f3n \u201cENC_17024\u201d de Arquitasa en Alicante\",\"breadcrumb\":{\"@id\":\"https:\\\/\\\/veredes.es\\\/blog\\\/programa-formacion-enc_17024-arquitasa-alicante\\\/#breadcrumb\"},\"inLanguage\":\"es\",\"potentialAction\":[{\"@type\":\"ReadAction\",\"target\":[\"https:\\\/\\\/veredes.es\\\/blog\\\/programa-formacion-enc_17024-arquitasa-alicante\\\/\"]}]},{\"@type\":\"ImageObject\",\"inLanguage\":\"es\",\"@id\":\"https:\\\/\\\/veredes.es\\\/blog\\\/programa-formacion-enc_17024-arquitasa-alicante\\\/#primaryimage\",\"url\":\"https:\\\/\\\/veredes.es\\\/blog\\\/wp-content\\\/uploads\\\/2016\\\/08\\\/AlicanteUniversityM900.jpg\",\"contentUrl\":\"https:\\\/\\\/veredes.es\\\/blog\\\/wp-content\\\/uploads\\\/2016\\\/08\\\/AlicanteUniversityM900.jpg\",\"width\":640,\"height\":337},{\"@type\":\"BreadcrumbList\",\"@id\":\"https:\\\/\\\/veredes.es\\\/blog\\\/programa-formacion-enc_17024-arquitasa-alicante\\\/#breadcrumb\",\"itemListElement\":[{\"@type\":\"ListItem\",\"position\":1,\"name\":\"Portada\",\"item\":\"https:\\\/\\\/veredes.es\\\/blog\\\/\"},{\"@type\":\"ListItem\",\"position\":2,\"name\":\"Programa de formaci\u00f3n \u201cENC_17024\u201d de Arquitasa en Alicante\"}]},{\"@type\":\"WebSite\",\"@id\":\"https:\\\/\\\/veredes.es\\\/blog\\\/#website\",\"url\":\"https:\\\/\\\/veredes.es\\\/blog\\\/\",\"name\":\"veredes, arquitectura y divulgaci\u00f3n\",\"description\":\"veredes\",\"publisher\":{\"@id\":\"https:\\\/\\\/veredes.es\\\/blog\\\/#organization\"},\"alternateName\":\"veredes\",\"potentialAction\":[{\"@type\":\"SearchAction\",\"target\":{\"@type\":\"EntryPoint\",\"urlTemplate\":\"https:\\\/\\\/veredes.es\\\/blog\\\/?s={search_term_string}\"},\"query-input\":{\"@type\":\"PropertyValueSpecification\",\"valueRequired\":true,\"valueName\":\"search_term_string\"}}],\"inLanguage\":\"es\"},{\"@type\":\"Organization\",\"@id\":\"https:\\\/\\\/veredes.es\\\/blog\\\/#organization\",\"name\":\"veredes, arquitectura y divulgaci\u00f3n\",\"alternateName\":\"veredes\",\"url\":\"https:\\\/\\\/veredes.es\\\/blog\\\/\",\"logo\":{\"@type\":\"ImageObject\",\"inLanguage\":\"es\",\"@id\":\"https:\\\/\\\/veredes.es\\\/blog\\\/#\\\/schema\\\/logo\\\/image\\\/\",\"url\":\"https:\\\/\\\/veredes.es\\\/blog\\\/wp-content\\\/uploads\\\/2021\\\/12\\\/veredes-logo-centrado_140x54.png\",\"contentUrl\":\"https:\\\/\\\/veredes.es\\\/blog\\\/wp-content\\\/uploads\\\/2021\\\/12\\\/veredes-logo-centrado_140x54.png\",\"width\":140,\"height\":54,\"caption\":\"veredes, arquitectura y divulgaci\u00f3n\"},\"image\":{\"@id\":\"https:\\\/\\\/veredes.es\\\/blog\\\/#\\\/schema\\\/logo\\\/image\\\/\"},\"sameAs\":[\"https:\\\/\\\/www.facebook.com\\\/veredesArquitecturayDivulgacion\\\/\",\"https:\\\/\\\/x.com\\\/veredes\",\"https:\\\/\\\/instagram.com\\\/veredes\\\/\",\"https:\\\/\\\/www.linkedin.com\\\/company\\\/veredes-arquitectura-y-divulgacion\\\/\",\"https:\\\/\\\/es.pinterest.com\\\/veredes\\\/\",\"https:\\\/\\\/www.tumblr.com\\\/veredes\"]},{\"@type\":\"Person\",\"@id\":\"https:\\\/\\\/veredes.es\\\/blog\\\/#\\\/schema\\\/person\\\/0bbb669073ef7faba5168a0844e93d2c\",\"name\":\"veredes\",\"image\":{\"@type\":\"ImageObject\",\"inLanguage\":\"es\",\"@id\":\"https:\\\/\\\/veredes.es\\\/blog\\\/wp-content\\\/uploads\\\/2018\\\/04\\\/face-96x96.jpg\",\"url\":\"https:\\\/\\\/veredes.es\\\/blog\\\/wp-content\\\/uploads\\\/2018\\\/04\\\/face-96x96.jpg\",\"contentUrl\":\"https:\\\/\\\/veredes.es\\\/blog\\\/wp-content\\\/uploads\\\/2018\\\/04\\\/face-96x96.jpg\",\"caption\":\"veredes\"},\"description\":\"Surge enero de 2009 como b\u00fasqueda de satisfacer el conocimiento de la actividad arquitect\u00f3nica y tangentes que se generan. La idea es crear un espacio para divulgar los diversos proyectos en busca de nueva inspiraci\u00f3n y de intercambio.\",\"sameAs\":[\"https:\\\/\\\/veredes.es\\\/\",\"https:\\\/\\\/www.facebook.com\\\/veredesArquitecturayDivulgacion\\\/\",\"https:\\\/\\\/www.instagram.com\\\/veredes\\\/\",\"https:\\\/\\\/www.linkedin.com\\\/company\\\/veredes-arquitectura-y-divulgacion\\\/\",\"https:\\\/\\\/www.pinterest.es\\\/veredes\\\/\",\"https:\\\/\\\/x.com\\\/https:\\\/\\\/twitter.com\\\/veredes\",\"https:\\\/\\\/veredes.tumblr.com\\\/\"],\"url\":\"https:\\\/\\\/veredes.es\\\/blog\\\/author\\\/alberto\\\/\"}]}<\/script>\n<!-- \/ Yoast SEO plugin. -->","yoast_head_json":{"title":"Programa de formaci\u00f3n \u201cENC_17024\u201d de Arquitasa en Alicante - veredes","description":"Toda la informaci\u00f3n sobre: Programa de formaci\u00f3n \u201cENC_17024\u201d de Arquitasa en Alicante","robots":{"index":"index","follow":"follow","max-snippet":"max-snippet:-1","max-image-preview":"max-image-preview:large","max-video-preview":"max-video-preview:-1"},"canonical":"https:\/\/veredes.es\/blog\/programa-formacion-enc_17024-arquitasa-alicante\/","og_locale":"es_ES","og_type":"article","og_title":"Programa de formaci\u00f3n \u201cENC_17024\u201d de Arquitasa en Alicante - veredes","og_description":"Toda la informaci\u00f3n sobre: Programa de formaci\u00f3n \u201cENC_17024\u201d de Arquitasa en Alicante","og_url":"https:\/\/veredes.es\/blog\/programa-formacion-enc_17024-arquitasa-alicante\/","og_site_name":"veredes, arquitectura y divulgaci\u00f3n","article_publisher":"https:\/\/www.facebook.com\/veredesArquitecturayDivulgacion\/","article_author":"https:\/\/www.facebook.com\/veredesArquitecturayDivulgacion\/","article_published_time":"2016-08-31T22:40:02+00:00","article_modified_time":"2022-07-01T11:41:04+00:00","og_image":[{"width":640,"height":337,"url":"https:\/\/veredes.es\/blog\/wp-content\/uploads\/2016\/08\/AlicanteUniversityM900.jpg","type":"image\/jpeg"}],"author":"veredes","twitter_card":"summary_large_image","twitter_creator":"@https:\/\/twitter.com\/veredes","twitter_site":"@veredes","twitter_misc":{"Escrito por":"veredes","Tiempo de lectura":"3 minutos"},"schema":{"@context":"https:\/\/schema.org","@graph":[{"@type":"Article","@id":"https:\/\/veredes.es\/blog\/programa-formacion-enc_17024-arquitasa-alicante\/#article","isPartOf":{"@id":"https:\/\/veredes.es\/blog\/programa-formacion-enc_17024-arquitasa-alicante\/"},"author":{"name":"veredes","@id":"https:\/\/veredes.es\/blog\/#\/schema\/person\/0bbb669073ef7faba5168a0844e93d2c"},"headline":"Programa de formaci\u00f3n \u201cENC_17024\u201d de Arquitasa en Alicante","datePublished":"2016-08-31T22:40:02+00:00","dateModified":"2022-07-01T11:41:04+00:00","mainEntityOfPage":{"@id":"https:\/\/veredes.es\/blog\/programa-formacion-enc_17024-arquitasa-alicante\/"},"wordCount":1552,"commentCount":0,"publisher":{"@id":"https:\/\/veredes.es\/blog\/#organization"},"image":{"@id":"https:\/\/veredes.es\/blog\/programa-formacion-enc_17024-arquitasa-alicante\/#primaryimage"},"thumbnailUrl":"https:\/\/veredes.es\/blog\/wp-content\/uploads\/2016\/08\/AlicanteUniversityM900.jpg","keywords":["Alicante","arquitasa","arquitectura espa\u00f1ola","arquitectura valenciana","colegio de arquitectos","curso","Espa\u00f1a","evento","formaci\u00f3n","trabajar"],"articleSection":["deriva","slider principal"],"inLanguage":"es","potentialAction":[{"@type":"CommentAction","name":"Comment","target":["https:\/\/veredes.es\/blog\/programa-formacion-enc_17024-arquitasa-alicante\/#respond"]}]},{"@type":"WebPage","@id":"https:\/\/veredes.es\/blog\/programa-formacion-enc_17024-arquitasa-alicante\/","url":"https:\/\/veredes.es\/blog\/programa-formacion-enc_17024-arquitasa-alicante\/","name":"Programa de formaci\u00f3n \u201cENC_17024\u201d de Arquitasa en Alicante - veredes","isPartOf":{"@id":"https:\/\/veredes.es\/blog\/#website"},"primaryImageOfPage":{"@id":"https:\/\/veredes.es\/blog\/programa-formacion-enc_17024-arquitasa-alicante\/#primaryimage"},"image":{"@id":"https:\/\/veredes.es\/blog\/programa-formacion-enc_17024-arquitasa-alicante\/#primaryimage"},"thumbnailUrl":"https:\/\/veredes.es\/blog\/wp-content\/uploads\/2016\/08\/AlicanteUniversityM900.jpg","datePublished":"2016-08-31T22:40:02+00:00","dateModified":"2022-07-01T11:41:04+00:00","description":"Toda la informaci\u00f3n sobre: Programa de formaci\u00f3n \u201cENC_17024\u201d de Arquitasa en Alicante","breadcrumb":{"@id":"https:\/\/veredes.es\/blog\/programa-formacion-enc_17024-arquitasa-alicante\/#breadcrumb"},"inLanguage":"es","potentialAction":[{"@type":"ReadAction","target":["https:\/\/veredes.es\/blog\/programa-formacion-enc_17024-arquitasa-alicante\/"]}]},{"@type":"ImageObject","inLanguage":"es","@id":"https:\/\/veredes.es\/blog\/programa-formacion-enc_17024-arquitasa-alicante\/#primaryimage","url":"https:\/\/veredes.es\/blog\/wp-content\/uploads\/2016\/08\/AlicanteUniversityM900.jpg","contentUrl":"https:\/\/veredes.es\/blog\/wp-content\/uploads\/2016\/08\/AlicanteUniversityM900.jpg","width":640,"height":337},{"@type":"BreadcrumbList","@id":"https:\/\/veredes.es\/blog\/programa-formacion-enc_17024-arquitasa-alicante\/#breadcrumb","itemListElement":[{"@type":"ListItem","position":1,"name":"Portada","item":"https:\/\/veredes.es\/blog\/"},{"@type":"ListItem","position":2,"name":"Programa de formaci\u00f3n \u201cENC_17024\u201d de Arquitasa en Alicante"}]},{"@type":"WebSite","@id":"https:\/\/veredes.es\/blog\/#website","url":"https:\/\/veredes.es\/blog\/","name":"veredes, arquitectura y divulgaci\u00f3n","description":"veredes","publisher":{"@id":"https:\/\/veredes.es\/blog\/#organization"},"alternateName":"veredes","potentialAction":[{"@type":"SearchAction","target":{"@type":"EntryPoint","urlTemplate":"https:\/\/veredes.es\/blog\/?s={search_term_string}"},"query-input":{"@type":"PropertyValueSpecification","valueRequired":true,"valueName":"search_term_string"}}],"inLanguage":"es"},{"@type":"Organization","@id":"https:\/\/veredes.es\/blog\/#organization","name":"veredes, arquitectura y divulgaci\u00f3n","alternateName":"veredes","url":"https:\/\/veredes.es\/blog\/","logo":{"@type":"ImageObject","inLanguage":"es","@id":"https:\/\/veredes.es\/blog\/#\/schema\/logo\/image\/","url":"https:\/\/veredes.es\/blog\/wp-content\/uploads\/2021\/12\/veredes-logo-centrado_140x54.png","contentUrl":"https:\/\/veredes.es\/blog\/wp-content\/uploads\/2021\/12\/veredes-logo-centrado_140x54.png","width":140,"height":54,"caption":"veredes, arquitectura y divulgaci\u00f3n"},"image":{"@id":"https:\/\/veredes.es\/blog\/#\/schema\/logo\/image\/"},"sameAs":["https:\/\/www.facebook.com\/veredesArquitecturayDivulgacion\/","https:\/\/x.com\/veredes","https:\/\/instagram.com\/veredes\/","https:\/\/www.linkedin.com\/company\/veredes-arquitectura-y-divulgacion\/","https:\/\/es.pinterest.com\/veredes\/","https:\/\/www.tumblr.com\/veredes"]},{"@type":"Person","@id":"https:\/\/veredes.es\/blog\/#\/schema\/person\/0bbb669073ef7faba5168a0844e93d2c","name":"veredes","image":{"@type":"ImageObject","inLanguage":"es","@id":"https:\/\/veredes.es\/blog\/wp-content\/uploads\/2018\/04\/face-96x96.jpg","url":"https:\/\/veredes.es\/blog\/wp-content\/uploads\/2018\/04\/face-96x96.jpg","contentUrl":"https:\/\/veredes.es\/blog\/wp-content\/uploads\/2018\/04\/face-96x96.jpg","caption":"veredes"},"description":"Surge enero de 2009 como b\u00fasqueda de satisfacer el conocimiento de la actividad arquitect\u00f3nica y tangentes que se generan. La idea es crear un espacio para divulgar los diversos proyectos en busca de nueva inspiraci\u00f3n y de intercambio.","sameAs":["https:\/\/veredes.es\/","https:\/\/www.facebook.com\/veredesArquitecturayDivulgacion\/","https:\/\/www.instagram.com\/veredes\/","https:\/\/www.linkedin.com\/company\/veredes-arquitectura-y-divulgacion\/","https:\/\/www.pinterest.es\/veredes\/","https:\/\/x.com\/https:\/\/twitter.com\/veredes","https:\/\/veredes.tumblr.com\/"],"url":"https:\/\/veredes.es\/blog\/author\/alberto\/"}]}},"_links":{"self":[{"href":"https:\/\/veredes.es\/blog\/wp-json\/wp\/v2\/posts\/61659","targetHints":{"allow":["GET"]}}],"collection":[{"href":"https:\/\/veredes.es\/blog\/wp-json\/wp\/v2\/posts"}],"about":[{"href":"https:\/\/veredes.es\/blog\/wp-json\/wp\/v2\/types\/post"}],"author":[{"embeddable":true,"href":"https:\/\/veredes.es\/blog\/wp-json\/wp\/v2\/users\/2"}],"replies":[{"embeddable":true,"href":"https:\/\/veredes.es\/blog\/wp-json\/wp\/v2\/comments?post=61659"}],"version-history":[{"count":0,"href":"https:\/\/veredes.es\/blog\/wp-json\/wp\/v2\/posts\/61659\/revisions"}],"wp:featuredmedia":[{"embeddable":true,"href":"https:\/\/veredes.es\/blog\/wp-json\/wp\/v2\/media\/61661"}],"wp:attachment":[{"href":"https:\/\/veredes.es\/blog\/wp-json\/wp\/v2\/media?parent=61659"}],"wp:term":[{"taxonomy":"category","embeddable":true,"href":"https:\/\/veredes.es\/blog\/wp-json\/wp\/v2\/categories?post=61659"},{"taxonomy":"post_tag","embeddable":true,"href":"https:\/\/veredes.es\/blog\/wp-json\/wp\/v2\/tags?post=61659"}],"curies":[{"name":"wp","href":"https:\/\/api.w.org\/{rel}","templated":true}]}}