{"id":60274,"date":"2016-06-15T00:30:59","date_gmt":"2016-06-14T22:30:59","guid":{"rendered":"http:\/\/veredes.es\/blog\/?p=60274"},"modified":"2019-11-08T09:44:31","modified_gmt":"2019-11-08T08:44:31","slug":"coso-cehegin-como-crear-historias","status":"publish","type":"post","link":"https:\/\/veredes.es\/blog\/coso-cehegin-como-crear-historias\/","title":{"rendered":"Espacio p\u00fablico de \u201cEl Coso\u201d y vivero de empresas |c\u00f3mo crear historias"},"content":{"rendered":"<p><\/p>\n<p style=\"text-align: justify;\"><img loading=\"lazy\" decoding=\"async\" class=\"alignnone wp-image-60538\" src=\"https:\/\/veredes.es\/blog\/wp-content\/uploads\/2016\/06\/coso-cehegin-comocrearhistorias_06_ext02.jpg\" alt=\"coso-cehegin-comocrearhistorias_06_ext02\" width=\"630\" height=\"284\" srcset=\"https:\/\/veredes.es\/blog\/wp-content\/uploads\/2016\/06\/coso-cehegin-comocrearhistorias_06_ext02.jpg 1000w, https:\/\/veredes.es\/blog\/wp-content\/uploads\/2016\/06\/coso-cehegin-comocrearhistorias_06_ext02-300x135.jpg 300w\" sizes=\"auto, (max-width: 630px) 100vw, 630px\" \/><\/p>\n<p style=\"text-align: justify;\">Las vistas desde la parte alta son espectaculares. El jard\u00edn que produce agua da paso a un mar cubiertas de casas antiguas que se transforma en un paisaje de huertas con los montes en el horizonte. Para disfrutar de esta experiencia, situamos un mirador sobrevolando el jard\u00edn, con un pavimento de madera que deja entrever lo que hay debajo, adem\u00e1s de proporcionar sombra.<\/p>\n<p style=\"text-align: justify;\">Para la construcci\u00f3n de \u201cLa misteriosa historia del jard\u00edn que produce agua\u201d (AKA \u201cel Coso\u201d), hemos empleado:<\/p>\n<p style=\"padding-left: 30px; text-align: justify;\">&#8211; Hormig\u00f3n para contener el terreno, los caminos, los estanques y la estructura inferior del vivero de empresas.<\/p>\n<p style=\"padding-left: 30px; text-align: justify;\">&#8211; Placas prefabricadas de hormig\u00f3n para el cerramiento del edificio.<\/p>\n<p style=\"padding-left: 30px; text-align: justify;\">&#8211; Acero para la estructura superior del vivero de empresas y el mirador.<\/p>\n<p style=\"padding-left: 30px; text-align: justify;\">&#8211; Especies vegetales de uso local, flores, trepadoras, macrofitas en flotaci\u00f3n que proyectan sombra y ofrecen un entorno m\u00e1s fresco.<\/p>\n<p style=\"text-align: justify;\">Aunque hemos definido un sistema con el que damos respuesta a las condiciones particulares de un lugar, los problemas topogr\u00e1ficos y la falta de agua, el proyecto puede ser transferido a otros espacios, incluso con diferente escala. Se trata de un ejemplo sobre c\u00f3mo se puede reutilizar el agua, involucrando a los vecinos en el ahorro. Muestra c\u00f3mo se puede hacer un jard\u00edn con recursos limitados, un microclima y un ecosistema enriquecido dentro del casco antiguo de una ciudad.<\/p>\n<p style=\"text-align: justify;\">El jard\u00edn es un paisaje de integraci\u00f3n social, devuelve al peat\u00f3n su derecho a pasear y a conectar distintos sitios de la ciudad que antes estaban alejados. Facilita el paseo a las personas con movilidad reducida gracias a sus rampas de pendientes accesibles.<\/p>\n<p style=\"text-align: justify;\">La obra ha contado con trabajadores locales para desarrollar varios de los trabajos. Incluso algunos de ellos eran antiguos habitantes de los edificios que colapsaron en este barrio.<\/p>\n<p style=\"text-align: justify;\">En definitiva, \u201cLa misteriosa historia del jard\u00edn que produce agua\u201d se concibe como un espacio silvestre que dialoga con su entorno. La vegetaci\u00f3n y el tiempo son elementos vitales en su configuraci\u00f3n. Las estaciones variar\u00e1n el aspecto del parque a lo largo de las estaciones y los a\u00f1os. La flora tomar\u00e1 su tiempo en desarrollarse, por lo que cada a\u00f1o el parque ser\u00e1 diferente. El final de la obra marc\u00f3 un principio en la vida en el parque, y un punto de inflexi\u00f3n en la vida de la ciudad.<\/p>\n<p style=\"text-align: justify;\">El proyecto se integra en su entorno respetando la topograf\u00eda, las edificaciones adyacentes y revitalizando el lugar. No modifica el perfil de la ciudad en la vista inmediata. Desde el paisaje de huerta queda totalmente escondido. Para el usuario, constituye una sorpresa descubrir todo un oasis en medio del laber\u00edntico desierto urbano.<\/p>\n<p style=\"text-align: justify;\">El resultado es un jard\u00edn que produce agua donde la flora atrae a la fauna. Adem\u00e1s de habitarlo personas, hemos confirmado la presencia de gatos, ranas, vencejos, palomas y varios tipos de insectos. Han tomado el parque como parte de su vida diaria, aportan su movimiento al que se suma el sonido de las hojas, el agua, los vecinos en sus actividades diarias y su continuo transitar para llegar al otro lado.<\/p>\n<div id='gallery-1' class='gallery galleryid-60274 gallery-columns-4 gallery-size-thumbnail'><figure class='gallery-item'>\n\t\t\t<div class='gallery-icon landscape'>\n\t\t\t\t<a href='https:\/\/veredes.es\/blog\/wp-content\/uploads\/2016\/06\/coso-cehegin-como-crear-historias_01_idea.jpg'><img loading=\"lazy\" decoding=\"async\" width=\"120\" height=\"120\" src=\"https:\/\/veredes.es\/blog\/wp-content\/uploads\/2016\/06\/coso-cehegin-como-crear-historias_01_idea-120x120.jpg\" class=\"attachment-thumbnail size-thumbnail\" alt=\"\" srcset=\"https:\/\/veredes.es\/blog\/wp-content\/uploads\/2016\/06\/coso-cehegin-como-crear-historias_01_idea-120x120.jpg 120w, https:\/\/veredes.es\/blog\/wp-content\/uploads\/2016\/06\/coso-cehegin-como-crear-historias_01_idea-150x150.jpg 150w\" sizes=\"auto, (max-width: 120px) 100vw, 120px\" \/><\/a>\n\t\t\t<\/div><\/figure><figure class='gallery-item'>\n\t\t\t<div class='gallery-icon landscape'>\n\t\t\t\t<a href='https:\/\/veredes.es\/blog\/wp-content\/uploads\/2016\/06\/coso-cehegin-como-crear-historias_02-plantas-alzados-secciones.jpg'><img loading=\"lazy\" decoding=\"async\" width=\"120\" height=\"120\" src=\"https:\/\/veredes.es\/blog\/wp-content\/uploads\/2016\/06\/coso-cehegin-como-crear-historias_02-plantas-alzados-secciones-120x120.jpg\" class=\"attachment-thumbnail size-thumbnail\" alt=\"\" srcset=\"https:\/\/veredes.es\/blog\/wp-content\/uploads\/2016\/06\/coso-cehegin-como-crear-historias_02-plantas-alzados-secciones-120x120.jpg 120w, https:\/\/veredes.es\/blog\/wp-content\/uploads\/2016\/06\/coso-cehegin-como-crear-historias_02-plantas-alzados-secciones-150x150.jpg 150w\" sizes=\"auto, (max-width: 120px) 100vw, 120px\" \/><\/a>\n\t\t\t<\/div><\/figure><figure class='gallery-item'>\n\t\t\t<div class='gallery-icon landscape'>\n\t\t\t\t<a href='https:\/\/veredes.es\/blog\/wp-content\/uploads\/2016\/06\/coso-cehegin-como-crear-historias_03-sinfonia-floral.jpg'><img loading=\"lazy\" decoding=\"async\" width=\"120\" height=\"120\" src=\"https:\/\/veredes.es\/blog\/wp-content\/uploads\/2016\/06\/coso-cehegin-como-crear-historias_03-sinfonia-floral-120x120.jpg\" class=\"attachment-thumbnail size-thumbnail\" alt=\"\" srcset=\"https:\/\/veredes.es\/blog\/wp-content\/uploads\/2016\/06\/coso-cehegin-como-crear-historias_03-sinfonia-floral-120x120.jpg 120w, https:\/\/veredes.es\/blog\/wp-content\/uploads\/2016\/06\/coso-cehegin-como-crear-historias_03-sinfonia-floral-150x150.jpg 150w\" sizes=\"auto, (max-width: 120px) 100vw, 120px\" \/><\/a>\n\t\t\t<\/div><\/figure><figure class='gallery-item'>\n\t\t\t<div class='gallery-icon landscape'>\n\t\t\t\t<a href='https:\/\/veredes.es\/blog\/wp-content\/uploads\/2016\/06\/coso-cehegin-como-crear-historias_04-animacion-sinfonia.gif'><img loading=\"lazy\" decoding=\"async\" width=\"120\" height=\"120\" src=\"https:\/\/veredes.es\/blog\/wp-content\/uploads\/2016\/06\/coso-cehegin-como-crear-historias_04-animacion-sinfonia-120x120.gif\" class=\"attachment-thumbnail size-thumbnail\" alt=\"\" srcset=\"https:\/\/veredes.es\/blog\/wp-content\/uploads\/2016\/06\/coso-cehegin-como-crear-historias_04-animacion-sinfonia-120x120.gif 120w, https:\/\/veredes.es\/blog\/wp-content\/uploads\/2016\/06\/coso-cehegin-como-crear-historias_04-animacion-sinfonia-150x150.gif 150w\" sizes=\"auto, (max-width: 120px) 100vw, 120px\" \/><\/a>\n\t\t\t<\/div><\/figure><figure class='gallery-item'>\n\t\t\t<div class='gallery-icon portrait'>\n\t\t\t\t<a href='https:\/\/veredes.es\/blog\/wp-content\/uploads\/2016\/06\/coso-cehegin-comocrearhistorias_05_ext01.jpg'><img loading=\"lazy\" decoding=\"async\" width=\"120\" height=\"120\" src=\"https:\/\/veredes.es\/blog\/wp-content\/uploads\/2016\/06\/coso-cehegin-comocrearhistorias_05_ext01-120x120.jpg\" class=\"attachment-thumbnail size-thumbnail\" alt=\"\" srcset=\"https:\/\/veredes.es\/blog\/wp-content\/uploads\/2016\/06\/coso-cehegin-comocrearhistorias_05_ext01-120x120.jpg 120w, https:\/\/veredes.es\/blog\/wp-content\/uploads\/2016\/06\/coso-cehegin-comocrearhistorias_05_ext01-150x150.jpg 150w\" sizes=\"auto, (max-width: 120px) 100vw, 120px\" \/><\/a>\n\t\t\t<\/div><\/figure><figure class='gallery-item'>\n\t\t\t<div class='gallery-icon landscape'>\n\t\t\t\t<a href='https:\/\/veredes.es\/blog\/wp-content\/uploads\/2016\/06\/coso-cehegin-comocrearhistorias_06_ext02.jpg'><img loading=\"lazy\" decoding=\"async\" width=\"120\" height=\"120\" src=\"https:\/\/veredes.es\/blog\/wp-content\/uploads\/2016\/06\/coso-cehegin-comocrearhistorias_06_ext02-120x120.jpg\" class=\"attachment-thumbnail size-thumbnail\" alt=\"\" srcset=\"https:\/\/veredes.es\/blog\/wp-content\/uploads\/2016\/06\/coso-cehegin-comocrearhistorias_06_ext02-120x120.jpg 120w, https:\/\/veredes.es\/blog\/wp-content\/uploads\/2016\/06\/coso-cehegin-comocrearhistorias_06_ext02-150x150.jpg 150w\" sizes=\"auto, (max-width: 120px) 100vw, 120px\" \/><\/a>\n\t\t\t<\/div><\/figure><figure class='gallery-item'>\n\t\t\t<div class='gallery-icon portrait'>\n\t\t\t\t<a href='https:\/\/veredes.es\/blog\/wp-content\/uploads\/2016\/06\/coso-cehegin-comocrearhistorias_07_ext03.jpg'><img loading=\"lazy\" decoding=\"async\" width=\"120\" height=\"120\" src=\"https:\/\/veredes.es\/blog\/wp-content\/uploads\/2016\/06\/coso-cehegin-comocrearhistorias_07_ext03-120x120.jpg\" class=\"attachment-thumbnail size-thumbnail\" alt=\"\" srcset=\"https:\/\/veredes.es\/blog\/wp-content\/uploads\/2016\/06\/coso-cehegin-comocrearhistorias_07_ext03-120x120.jpg 120w, https:\/\/veredes.es\/blog\/wp-content\/uploads\/2016\/06\/coso-cehegin-comocrearhistorias_07_ext03-150x150.jpg 150w\" sizes=\"auto, (max-width: 120px) 100vw, 120px\" \/><\/a>\n\t\t\t<\/div><\/figure><figure class='gallery-item'>\n\t\t\t<div class='gallery-icon portrait'>\n\t\t\t\t<a href='https:\/\/veredes.es\/blog\/wp-content\/uploads\/2016\/06\/coso-cehegin-comocrearhistorias_08_ext04.jpg'><img loading=\"lazy\" decoding=\"async\" width=\"120\" height=\"120\" src=\"https:\/\/veredes.es\/blog\/wp-content\/uploads\/2016\/06\/coso-cehegin-comocrearhistorias_08_ext04-120x120.jpg\" class=\"attachment-thumbnail size-thumbnail\" alt=\"\" srcset=\"https:\/\/veredes.es\/blog\/wp-content\/uploads\/2016\/06\/coso-cehegin-comocrearhistorias_08_ext04-120x120.jpg 120w, https:\/\/veredes.es\/blog\/wp-content\/uploads\/2016\/06\/coso-cehegin-comocrearhistorias_08_ext04-150x150.jpg 150w\" sizes=\"auto, (max-width: 120px) 100vw, 120px\" \/><\/a>\n\t\t\t<\/div><\/figure><figure class='gallery-item'>\n\t\t\t<div class='gallery-icon portrait'>\n\t\t\t\t<a href='https:\/\/veredes.es\/blog\/wp-content\/uploads\/2016\/06\/coso-cehegin-comocrearhistorias_09_ext05.jpg'><img loading=\"lazy\" decoding=\"async\" width=\"120\" height=\"120\" src=\"https:\/\/veredes.es\/blog\/wp-content\/uploads\/2016\/06\/coso-cehegin-comocrearhistorias_09_ext05-120x120.jpg\" class=\"attachment-thumbnail size-thumbnail\" alt=\"\" srcset=\"https:\/\/veredes.es\/blog\/wp-content\/uploads\/2016\/06\/coso-cehegin-comocrearhistorias_09_ext05-120x120.jpg 120w, https:\/\/veredes.es\/blog\/wp-content\/uploads\/2016\/06\/coso-cehegin-comocrearhistorias_09_ext05-150x150.jpg 150w\" sizes=\"auto, (max-width: 120px) 100vw, 120px\" \/><\/a>\n\t\t\t<\/div><\/figure><figure class='gallery-item'>\n\t\t\t<div class='gallery-icon landscape'>\n\t\t\t\t<a href='https:\/\/veredes.es\/blog\/wp-content\/uploads\/2016\/06\/coso-cehegin-comocrearhistorias_10_ext06.jpg'><img loading=\"lazy\" decoding=\"async\" width=\"120\" height=\"120\" src=\"https:\/\/veredes.es\/blog\/wp-content\/uploads\/2016\/06\/coso-cehegin-comocrearhistorias_10_ext06-120x120.jpg\" class=\"attachment-thumbnail size-thumbnail\" alt=\"\" srcset=\"https:\/\/veredes.es\/blog\/wp-content\/uploads\/2016\/06\/coso-cehegin-comocrearhistorias_10_ext06-120x120.jpg 120w, https:\/\/veredes.es\/blog\/wp-content\/uploads\/2016\/06\/coso-cehegin-comocrearhistorias_10_ext06-150x150.jpg 150w\" sizes=\"auto, (max-width: 120px) 100vw, 120px\" \/><\/a>\n\t\t\t<\/div><\/figure><figure class='gallery-item'>\n\t\t\t<div class='gallery-icon landscape'>\n\t\t\t\t<a href='https:\/\/veredes.es\/blog\/wp-content\/uploads\/2016\/06\/coso-cehegin-comocrearhistorias_11_ext07.jpg'><img loading=\"lazy\" decoding=\"async\" width=\"120\" height=\"120\" src=\"https:\/\/veredes.es\/blog\/wp-content\/uploads\/2016\/06\/coso-cehegin-comocrearhistorias_11_ext07-120x120.jpg\" class=\"attachment-thumbnail size-thumbnail\" alt=\"\" srcset=\"https:\/\/veredes.es\/blog\/wp-content\/uploads\/2016\/06\/coso-cehegin-comocrearhistorias_11_ext07-120x120.jpg 120w, https:\/\/veredes.es\/blog\/wp-content\/uploads\/2016\/06\/coso-cehegin-comocrearhistorias_11_ext07-150x150.jpg 150w\" sizes=\"auto, (max-width: 120px) 100vw, 120px\" \/><\/a>\n\t\t\t<\/div><\/figure><figure class='gallery-item'>\n\t\t\t<div class='gallery-icon portrait'>\n\t\t\t\t<a href='https:\/\/veredes.es\/blog\/wp-content\/uploads\/2016\/06\/coso-cehegin-comocrearhistorias_12_ext08.jpg'><img loading=\"lazy\" decoding=\"async\" width=\"120\" height=\"120\" src=\"https:\/\/veredes.es\/blog\/wp-content\/uploads\/2016\/06\/coso-cehegin-comocrearhistorias_12_ext08-120x120.jpg\" class=\"attachment-thumbnail size-thumbnail\" alt=\"\" srcset=\"https:\/\/veredes.es\/blog\/wp-content\/uploads\/2016\/06\/coso-cehegin-comocrearhistorias_12_ext08-120x120.jpg 120w, https:\/\/veredes.es\/blog\/wp-content\/uploads\/2016\/06\/coso-cehegin-comocrearhistorias_12_ext08-150x150.jpg 150w\" sizes=\"auto, (max-width: 120px) 100vw, 120px\" \/><\/a>\n\t\t\t<\/div><\/figure><figure class='gallery-item'>\n\t\t\t<div class='gallery-icon portrait'>\n\t\t\t\t<a href='https:\/\/veredes.es\/blog\/wp-content\/uploads\/2016\/06\/coso-cehegin-comocrearhistorias_13_ext09.jpg'><img loading=\"lazy\" decoding=\"async\" width=\"120\" height=\"120\" src=\"https:\/\/veredes.es\/blog\/wp-content\/uploads\/2016\/06\/coso-cehegin-comocrearhistorias_13_ext09-120x120.jpg\" class=\"attachment-thumbnail size-thumbnail\" alt=\"\" srcset=\"https:\/\/veredes.es\/blog\/wp-content\/uploads\/2016\/06\/coso-cehegin-comocrearhistorias_13_ext09-120x120.jpg 120w, https:\/\/veredes.es\/blog\/wp-content\/uploads\/2016\/06\/coso-cehegin-comocrearhistorias_13_ext09-150x150.jpg 150w\" sizes=\"auto, (max-width: 120px) 100vw, 120px\" \/><\/a>\n\t\t\t<\/div><\/figure><figure class='gallery-item'>\n\t\t\t<div class='gallery-icon landscape'>\n\t\t\t\t<a href='https:\/\/veredes.es\/blog\/wp-content\/uploads\/2016\/06\/coso-cehegin-comocrearhistorias_14_ext10.jpg'><img loading=\"lazy\" decoding=\"async\" width=\"120\" height=\"120\" src=\"https:\/\/veredes.es\/blog\/wp-content\/uploads\/2016\/06\/coso-cehegin-comocrearhistorias_14_ext10-120x120.jpg\" class=\"attachment-thumbnail size-thumbnail\" alt=\"\" srcset=\"https:\/\/veredes.es\/blog\/wp-content\/uploads\/2016\/06\/coso-cehegin-comocrearhistorias_14_ext10-120x120.jpg 120w, https:\/\/veredes.es\/blog\/wp-content\/uploads\/2016\/06\/coso-cehegin-comocrearhistorias_14_ext10-150x150.jpg 150w\" sizes=\"auto, (max-width: 120px) 100vw, 120px\" \/><\/a>\n\t\t\t<\/div><\/figure><figure class='gallery-item'>\n\t\t\t<div class='gallery-icon landscape'>\n\t\t\t\t<a href='https:\/\/veredes.es\/blog\/wp-content\/uploads\/2016\/06\/coso-cehegin-comocrearhistorias_15_int01.jpg'><img loading=\"lazy\" decoding=\"async\" width=\"120\" height=\"120\" src=\"https:\/\/veredes.es\/blog\/wp-content\/uploads\/2016\/06\/coso-cehegin-comocrearhistorias_15_int01-120x120.jpg\" class=\"attachment-thumbnail size-thumbnail\" alt=\"\" srcset=\"https:\/\/veredes.es\/blog\/wp-content\/uploads\/2016\/06\/coso-cehegin-comocrearhistorias_15_int01-120x120.jpg 120w, https:\/\/veredes.es\/blog\/wp-content\/uploads\/2016\/06\/coso-cehegin-comocrearhistorias_15_int01-150x150.jpg 150w\" sizes=\"auto, (max-width: 120px) 100vw, 120px\" \/><\/a>\n\t\t\t<\/div><\/figure><figure class='gallery-item'>\n\t\t\t<div class='gallery-icon landscape'>\n\t\t\t\t<a href='https:\/\/veredes.es\/blog\/wp-content\/uploads\/2016\/06\/coso-cehegin-comocrearhistorias_16_int02.jpg'><img loading=\"lazy\" decoding=\"async\" width=\"120\" height=\"120\" src=\"https:\/\/veredes.es\/blog\/wp-content\/uploads\/2016\/06\/coso-cehegin-comocrearhistorias_16_int02-120x120.jpg\" class=\"attachment-thumbnail size-thumbnail\" alt=\"\" srcset=\"https:\/\/veredes.es\/blog\/wp-content\/uploads\/2016\/06\/coso-cehegin-comocrearhistorias_16_int02-120x120.jpg 120w, https:\/\/veredes.es\/blog\/wp-content\/uploads\/2016\/06\/coso-cehegin-comocrearhistorias_16_int02-150x150.jpg 150w\" sizes=\"auto, (max-width: 120px) 100vw, 120px\" \/><\/a>\n\t\t\t<\/div><\/figure><figure class='gallery-item'>\n\t\t\t<div class='gallery-icon portrait'>\n\t\t\t\t<a href='https:\/\/veredes.es\/blog\/wp-content\/uploads\/2016\/06\/coso-cehegin-comocrearhistorias_17_int03.jpg'><img loading=\"lazy\" decoding=\"async\" width=\"120\" height=\"120\" src=\"https:\/\/veredes.es\/blog\/wp-content\/uploads\/2016\/06\/coso-cehegin-comocrearhistorias_17_int03-120x120.jpg\" class=\"attachment-thumbnail size-thumbnail\" alt=\"\" srcset=\"https:\/\/veredes.es\/blog\/wp-content\/uploads\/2016\/06\/coso-cehegin-comocrearhistorias_17_int03-120x120.jpg 120w, https:\/\/veredes.es\/blog\/wp-content\/uploads\/2016\/06\/coso-cehegin-comocrearhistorias_17_int03-150x150.jpg 150w\" sizes=\"auto, (max-width: 120px) 100vw, 120px\" \/><\/a>\n\t\t\t<\/div><\/figure><figure class='gallery-item'>\n\t\t\t<div class='gallery-icon portrait'>\n\t\t\t\t<a href='https:\/\/veredes.es\/blog\/wp-content\/uploads\/2016\/06\/coso-cehegin-comocrearhistorias_18_int04.jpg'><img loading=\"lazy\" decoding=\"async\" width=\"120\" height=\"120\" src=\"https:\/\/veredes.es\/blog\/wp-content\/uploads\/2016\/06\/coso-cehegin-comocrearhistorias_18_int04-120x120.jpg\" class=\"attachment-thumbnail size-thumbnail\" alt=\"\" srcset=\"https:\/\/veredes.es\/blog\/wp-content\/uploads\/2016\/06\/coso-cehegin-comocrearhistorias_18_int04-120x120.jpg 120w, https:\/\/veredes.es\/blog\/wp-content\/uploads\/2016\/06\/coso-cehegin-comocrearhistorias_18_int04-150x150.jpg 150w\" sizes=\"auto, (max-width: 120px) 100vw, 120px\" \/><\/a>\n\t\t\t<\/div><\/figure><figure class='gallery-item'>\n\t\t\t<div class='gallery-icon landscape'>\n\t\t\t\t<a href='https:\/\/veredes.es\/blog\/wp-content\/uploads\/2016\/06\/coso-cehegin-comocrearhistorias_19_ext11.jpg'><img loading=\"lazy\" decoding=\"async\" width=\"120\" height=\"120\" src=\"https:\/\/veredes.es\/blog\/wp-content\/uploads\/2016\/06\/coso-cehegin-comocrearhistorias_19_ext11-120x120.jpg\" class=\"attachment-thumbnail size-thumbnail\" alt=\"\" srcset=\"https:\/\/veredes.es\/blog\/wp-content\/uploads\/2016\/06\/coso-cehegin-comocrearhistorias_19_ext11-120x120.jpg 120w, https:\/\/veredes.es\/blog\/wp-content\/uploads\/2016\/06\/coso-cehegin-comocrearhistorias_19_ext11-150x150.jpg 150w\" sizes=\"auto, (max-width: 120px) 100vw, 120px\" \/><\/a>\n\t\t\t<\/div><\/figure>\n\t\t<\/div>\n\n<p style=\"text-align: justify;\">Obra: Espacio p\u00fablico de \u201cEl Coso\u201d y vivero de empresas, Ceheg\u00edn (Murcia). 2003-2015<br \/>\nT\u00edtulo del proyecto: \u201cLa misteriosa historia del jard\u00edn que produce agua\u201d<br \/>\nArquitectos y directores de obra: \u201cc\u00f3mo crear historias\u201d (M\u00f3nica Garc\u00eda Fern\u00e1ndez y Javier Rubio Montero).<br \/>\nArquitecta t\u00e9cnica y directora de ejecuci\u00f3n de obra: Patricia Le\u00f3n de la Cruz<br \/>\nCoordinador de seguridad y salud en la obra: Antonio Mart\u00ednez S\u00e1nchez<br \/>\nC\u00e1lculo de estructuras: DeRoman (Dolores Rom\u00e1n)<br \/>\nC\u00e1lculo de instalaciones: AGM ingenieros y Jos\u00e9 Alberto Garc\u00eda Fern\u00e1ndez<br \/>\nPromotor: Ayuntamiento de Ceheg\u00edn, Murcia, Espa\u00f1a<br \/>\nConstructor: Jos\u00e9 D\u00edaz Garc\u00eda, S.A.<br \/>\nFotograf\u00edas: <a href=\"http:\/\/davidfrutos.com\/\" target=\"_blank\">David Frutos | Fotografia de Arquitectura.<\/a><br \/>\nSuperficie: 4.436 m2<br \/>\nPEM: 3.111.262 \u20ac<br \/>\nInicio del proyecto: 2003<br \/>\nDuraci\u00f3n de la obra: 2011-2015<br \/>\n<a href=\"https:\/\/comocrearhistorias.com\/\" target=\"_blank\"><span style=\"color: #999999;\">+ comocrearhistorias.com<\/span><\/a><\/p>\n<p style=\"text-align: justify;\"><strong>Premios:<\/strong><br \/>\n&#8211; 1\u00ba Premio. Concurso de ideas \u201cAcondicionamiento del Espacio P\u00fablico de \u201cEl Coso\u201d en 2003<br \/>\n&#8211; Premio de reconocimiento europeo de arquitectura sostenible. Concurso Construcci\u00f3n Sostenible \u2018Holcim Foundation for Sustainable Construction\u2019 en 2005<br \/>\n&#8211; 2\u00ba Premio. Category A &#8211; Best implemented project in the architecture of public buildings. The Second Baku International Architecture Awards.<\/p>\n<p style=\"text-align: justify;\"><strong>Publicaciones:<\/strong><br \/>\nEl Cultural (El Mundo). Art\u00edculo \u201cLa civilidad en proceso\u201d<br \/>\nSmoda (El Pa\u00eds) . Art\u00edculo \u201cTransformar para disfrutar\u201d<br \/>\nDise\u00f1o interior. Art\u00edculo en el n\u00famero 279<br \/>\nEcologik. Art\u00edculo en el n\u00famero 50<br \/>\nArquitectura Viva. Art\u00edculo en el Anuario 2016<br \/>\nPasajes de Arquitectura y urbanismo. Art\u00edculo en el n\u00famero 140<\/p>\n<p><\/p>","protected":false},"excerpt":{"rendered":"<p>Las vistas desde la parte alta son espectaculares. El jard\u00edn que produce agua da paso a un mar cubiertas de casas antiguas que se transforma en un paisaje de huertas con los montes en el horizonte. Para disfrutar de esta experiencia, situamos un mirador sobrevolando el jard\u00edn, con un pavimento de madera que deja entrever [&hellip;]<\/p>\n","protected":false},"author":2,"featured_media":60538,"comment_status":"open","ping_status":"closed","sticky":false,"template":"","format":"standard","meta":{"footnotes":""},"categories":[34,47,488,52,1465,735,23,5951],"tags":[2631,9532,12456,12457,6401,516,708,12461,12522,12521,977,980,1091,12468,1908,6605,1326,1338],"class_list":{"0":"post-60274","1":"post","2":"type-post","3":"status-publish","4":"format-standard","5":"has-post-thumbnail","7":"category-arquitectura","8":"category-equipamiento-cultural-arquitectura-obras","9":"category-equipamiento-dotacional","10":"category-equipamiento-terciario","11":"category-espacio-publico-arquitectura","12":"category-intervencion-urbana","13":"category-obras","15":"tag-arquitectura-espanola","16":"tag-arquitectura-murciana","17":"tag-equipamiento-cultural","18":"tag-equipamiento-dotacional","19":"tag-espacio-colectivo","20":"tag-espacio-publico","21":"tag-industrializacion","22":"tag-intervencion-urbana","23":"tag-javier-rubio-montero","24":"tag-monica-garcia-fernandez","25":"tag-paisaje","26":"tag-paisajismo","27":"tag-prefabricacion","28":"tag-urbanismo","29":"tag-urbanismo-responsable","30":"tag-urbanismo-sostenible","31":"tag-urbanizacion","32":"tag-vegetacion"},"yoast_head":"<!-- This site is optimized with the Yoast SEO plugin v27.5 - https:\/\/yoast.com\/product\/yoast-seo-wordpress\/ -->\n<title>Espacio p\u00fablico de \u201cEl Coso\u201d y vivero de empresas |c\u00f3mo crear historias  - veredes<\/title>\n<meta name=\"description\" content=\"Toda la informaci\u00f3n sobre: [:es]Espacio p\u00fablico de \u201cEl Coso\u201d y vivero de empresas |c\u00f3mo crear historias [:gl]Espazo p\u00fablico de \u201cO Coso\u201d e viveiro de empresas |c\u00f3mo crear historias[:en]\u201cEl Coso\u201d public space and fish-pond of companies |c\u00f3mo crear historias[:]\" \/>\n<meta name=\"robots\" content=\"index, follow, max-snippet:-1, max-image-preview:large, max-video-preview:-1\" \/>\n<link rel=\"canonical\" href=\"https:\/\/veredes.es\/blog\/coso-cehegin-como-crear-historias\/\" \/>\n<meta property=\"og:locale\" content=\"es_ES\" \/>\n<meta property=\"og:type\" content=\"article\" \/>\n<meta property=\"og:title\" content=\"[:es]Espacio p\u00fablico de \u201cEl Coso\u201d y vivero de empresas |c\u00f3mo crear historias [:gl]Espazo p\u00fablico de \u201cO Coso\u201d e viveiro de empresas |c\u00f3mo crear historias[:en]\u201cEl Coso\u201d public space and fish-pond of companies |c\u00f3mo crear historias[:] - veredes\" \/>\n<meta property=\"og:description\" content=\"Toda la informaci\u00f3n sobre: [:es]Espacio p\u00fablico de \u201cEl Coso\u201d y vivero de empresas |c\u00f3mo crear historias [:gl]Espazo p\u00fablico de \u201cO Coso\u201d e viveiro de empresas |c\u00f3mo crear historias[:en]\u201cEl Coso\u201d public space and fish-pond of companies |c\u00f3mo crear historias[:]\" \/>\n<meta property=\"og:url\" content=\"https:\/\/veredes.es\/blog\/coso-cehegin-como-crear-historias\/\" \/>\n<meta property=\"og:site_name\" content=\"veredes, arquitectura y divulgaci\u00f3n\" \/>\n<meta property=\"article:publisher\" content=\"https:\/\/www.facebook.com\/veredesArquitecturayDivulgacion\/\" \/>\n<meta property=\"article:author\" content=\"https:\/\/www.facebook.com\/veredesArquitecturayDivulgacion\/\" \/>\n<meta property=\"article:published_time\" content=\"2016-06-14T22:30:59+00:00\" \/>\n<meta property=\"article:modified_time\" content=\"2019-11-08T08:44:31+00:00\" \/>\n<meta property=\"og:image\" content=\"https:\/\/veredes.es\/blog\/wp-content\/uploads\/2016\/06\/coso-cehegin-comocrearhistorias_06_ext02.jpg\" \/>\n\t<meta property=\"og:image:width\" content=\"1000\" \/>\n\t<meta property=\"og:image:height\" content=\"451\" \/>\n\t<meta property=\"og:image:type\" content=\"image\/jpeg\" \/>\n<meta name=\"author\" content=\"veredes\" \/>\n<meta name=\"twitter:card\" content=\"summary_large_image\" \/>\n<meta name=\"twitter:creator\" content=\"@https:\/\/twitter.com\/veredes\" \/>\n<meta name=\"twitter:site\" content=\"@veredes\" \/>\n<meta name=\"twitter:label1\" content=\"Escrito por\" \/>\n\t<meta name=\"twitter:data1\" content=\"veredes\" \/>\n\t<meta name=\"twitter:label2\" content=\"Tiempo de lectura\" \/>\n\t<meta name=\"twitter:data2\" content=\"11 minutos\" \/>\n<script type=\"application\/ld+json\" class=\"yoast-schema-graph\">{\"@context\":\"https:\\\/\\\/schema.org\",\"@graph\":[{\"@type\":\"Article\",\"@id\":\"https:\\\/\\\/veredes.es\\\/blog\\\/coso-cehegin-como-crear-historias\\\/#article\",\"isPartOf\":{\"@id\":\"https:\\\/\\\/veredes.es\\\/blog\\\/coso-cehegin-como-crear-historias\\\/\"},\"author\":{\"name\":\"veredes\",\"@id\":\"https:\\\/\\\/veredes.es\\\/blog\\\/#\\\/schema\\\/person\\\/0bbb669073ef7faba5168a0844e93d2c\"},\"headline\":\"Espacio p\u00fablico de \u201cEl Coso\u201d y vivero de empresas |c\u00f3mo crear historias\",\"datePublished\":\"2016-06-14T22:30:59+00:00\",\"dateModified\":\"2019-11-08T08:44:31+00:00\",\"mainEntityOfPage\":{\"@id\":\"https:\\\/\\\/veredes.es\\\/blog\\\/coso-cehegin-como-crear-historias\\\/\"},\"wordCount\":2332,\"commentCount\":0,\"publisher\":{\"@id\":\"https:\\\/\\\/veredes.es\\\/blog\\\/#organization\"},\"image\":{\"@id\":\"https:\\\/\\\/veredes.es\\\/blog\\\/coso-cehegin-como-crear-historias\\\/#primaryimage\"},\"thumbnailUrl\":\"https:\\\/\\\/veredes.es\\\/blog\\\/wp-content\\\/uploads\\\/2016\\\/06\\\/coso-cehegin-comocrearhistorias_06_ext02.jpg\",\"keywords\":[\"arquitectura espa\u00f1ola\",\"arquitectura murciana\",\"equipamiento cultural\",\"equipamiento dotacional\",\"espacio colectivo\",\"espacio p\u00fablico\",\"industrializaci\u00f3n\",\"intervenci\u00f3n urbana\",\"Javier Rubio Montero\",\"M\u00f3nica Garc\u00eda Fern\u00e1ndez\",\"paisaje\",\"paisajismo\",\"prefabricaci\u00f3n\",\"urbanismo\",\"urbanismo responsable\",\"urbanismo sostenible\",\"urbanizaci\u00f3n\",\"vegetaci\u00f3n\"],\"articleSection\":[\"arquitectura\",\"equipamiento cultural\",\"equipamiento dotacional\",\"equipamiento terciario\",\"espacio publico\",\"intervenci\u00f3n urbana\",\"obras\",\"slider principal\"],\"inLanguage\":\"es\",\"potentialAction\":[{\"@type\":\"CommentAction\",\"name\":\"Comment\",\"target\":[\"https:\\\/\\\/veredes.es\\\/blog\\\/coso-cehegin-como-crear-historias\\\/#respond\"]}]},{\"@type\":\"WebPage\",\"@id\":\"https:\\\/\\\/veredes.es\\\/blog\\\/coso-cehegin-como-crear-historias\\\/\",\"url\":\"https:\\\/\\\/veredes.es\\\/blog\\\/coso-cehegin-como-crear-historias\\\/\",\"name\":\"[:es]Espacio p\u00fablico de \u201cEl Coso\u201d y vivero de empresas |c\u00f3mo crear historias [:gl]Espazo p\u00fablico de \u201cO Coso\u201d e viveiro de empresas |c\u00f3mo crear historias[:en]\u201cEl Coso\u201d public space and fish-pond of companies |c\u00f3mo crear historias[:] - veredes\",\"isPartOf\":{\"@id\":\"https:\\\/\\\/veredes.es\\\/blog\\\/#website\"},\"primaryImageOfPage\":{\"@id\":\"https:\\\/\\\/veredes.es\\\/blog\\\/coso-cehegin-como-crear-historias\\\/#primaryimage\"},\"image\":{\"@id\":\"https:\\\/\\\/veredes.es\\\/blog\\\/coso-cehegin-como-crear-historias\\\/#primaryimage\"},\"thumbnailUrl\":\"https:\\\/\\\/veredes.es\\\/blog\\\/wp-content\\\/uploads\\\/2016\\\/06\\\/coso-cehegin-comocrearhistorias_06_ext02.jpg\",\"datePublished\":\"2016-06-14T22:30:59+00:00\",\"dateModified\":\"2019-11-08T08:44:31+00:00\",\"description\":\"Toda la informaci\u00f3n sobre: [:es]Espacio p\u00fablico de \u201cEl Coso\u201d y vivero de empresas |c\u00f3mo crear historias [:gl]Espazo p\u00fablico de \u201cO Coso\u201d e viveiro de empresas |c\u00f3mo crear historias[:en]\u201cEl Coso\u201d public space and fish-pond of companies |c\u00f3mo crear historias[:]\",\"breadcrumb\":{\"@id\":\"https:\\\/\\\/veredes.es\\\/blog\\\/coso-cehegin-como-crear-historias\\\/#breadcrumb\"},\"inLanguage\":\"es\",\"potentialAction\":[{\"@type\":\"ReadAction\",\"target\":[\"https:\\\/\\\/veredes.es\\\/blog\\\/coso-cehegin-como-crear-historias\\\/\"]}]},{\"@type\":\"ImageObject\",\"inLanguage\":\"es\",\"@id\":\"https:\\\/\\\/veredes.es\\\/blog\\\/coso-cehegin-como-crear-historias\\\/#primaryimage\",\"url\":\"https:\\\/\\\/veredes.es\\\/blog\\\/wp-content\\\/uploads\\\/2016\\\/06\\\/coso-cehegin-comocrearhistorias_06_ext02.jpg\",\"contentUrl\":\"https:\\\/\\\/veredes.es\\\/blog\\\/wp-content\\\/uploads\\\/2016\\\/06\\\/coso-cehegin-comocrearhistorias_06_ext02.jpg\",\"width\":1000,\"height\":451},{\"@type\":\"BreadcrumbList\",\"@id\":\"https:\\\/\\\/veredes.es\\\/blog\\\/coso-cehegin-como-crear-historias\\\/#breadcrumb\",\"itemListElement\":[{\"@type\":\"ListItem\",\"position\":1,\"name\":\"Portada\",\"item\":\"https:\\\/\\\/veredes.es\\\/blog\\\/\"},{\"@type\":\"ListItem\",\"position\":2,\"name\":\"Espacio p\u00fablico de \u201cEl Coso\u201d y vivero de empresas |c\u00f3mo crear historias\"}]},{\"@type\":\"WebSite\",\"@id\":\"https:\\\/\\\/veredes.es\\\/blog\\\/#website\",\"url\":\"https:\\\/\\\/veredes.es\\\/blog\\\/\",\"name\":\"veredes, arquitectura y divulgaci\u00f3n\",\"description\":\"veredes\",\"publisher\":{\"@id\":\"https:\\\/\\\/veredes.es\\\/blog\\\/#organization\"},\"alternateName\":\"veredes\",\"potentialAction\":[{\"@type\":\"SearchAction\",\"target\":{\"@type\":\"EntryPoint\",\"urlTemplate\":\"https:\\\/\\\/veredes.es\\\/blog\\\/?s={search_term_string}\"},\"query-input\":{\"@type\":\"PropertyValueSpecification\",\"valueRequired\":true,\"valueName\":\"search_term_string\"}}],\"inLanguage\":\"es\"},{\"@type\":\"Organization\",\"@id\":\"https:\\\/\\\/veredes.es\\\/blog\\\/#organization\",\"name\":\"veredes, arquitectura y divulgaci\u00f3n\",\"alternateName\":\"veredes\",\"url\":\"https:\\\/\\\/veredes.es\\\/blog\\\/\",\"logo\":{\"@type\":\"ImageObject\",\"inLanguage\":\"es\",\"@id\":\"https:\\\/\\\/veredes.es\\\/blog\\\/#\\\/schema\\\/logo\\\/image\\\/\",\"url\":\"https:\\\/\\\/veredes.es\\\/blog\\\/wp-content\\\/uploads\\\/2021\\\/12\\\/veredes-logo-centrado_140x54.png\",\"contentUrl\":\"https:\\\/\\\/veredes.es\\\/blog\\\/wp-content\\\/uploads\\\/2021\\\/12\\\/veredes-logo-centrado_140x54.png\",\"width\":140,\"height\":54,\"caption\":\"veredes, arquitectura y divulgaci\u00f3n\"},\"image\":{\"@id\":\"https:\\\/\\\/veredes.es\\\/blog\\\/#\\\/schema\\\/logo\\\/image\\\/\"},\"sameAs\":[\"https:\\\/\\\/www.facebook.com\\\/veredesArquitecturayDivulgacion\\\/\",\"https:\\\/\\\/x.com\\\/veredes\",\"https:\\\/\\\/instagram.com\\\/veredes\\\/\",\"https:\\\/\\\/www.linkedin.com\\\/company\\\/veredes-arquitectura-y-divulgacion\\\/\",\"https:\\\/\\\/es.pinterest.com\\\/veredes\\\/\",\"https:\\\/\\\/www.tumblr.com\\\/veredes\"]},{\"@type\":\"Person\",\"@id\":\"https:\\\/\\\/veredes.es\\\/blog\\\/#\\\/schema\\\/person\\\/0bbb669073ef7faba5168a0844e93d2c\",\"name\":\"veredes\",\"image\":{\"@type\":\"ImageObject\",\"inLanguage\":\"es\",\"@id\":\"https:\\\/\\\/veredes.es\\\/blog\\\/wp-content\\\/uploads\\\/2018\\\/04\\\/face-96x96.jpg\",\"url\":\"https:\\\/\\\/veredes.es\\\/blog\\\/wp-content\\\/uploads\\\/2018\\\/04\\\/face-96x96.jpg\",\"contentUrl\":\"https:\\\/\\\/veredes.es\\\/blog\\\/wp-content\\\/uploads\\\/2018\\\/04\\\/face-96x96.jpg\",\"caption\":\"veredes\"},\"description\":\"Surge enero de 2009 como b\u00fasqueda de satisfacer el conocimiento de la actividad arquitect\u00f3nica y tangentes que se generan. La idea es crear un espacio para divulgar los diversos proyectos en busca de nueva inspiraci\u00f3n y de intercambio.\",\"sameAs\":[\"https:\\\/\\\/veredes.es\\\/\",\"https:\\\/\\\/www.facebook.com\\\/veredesArquitecturayDivulgacion\\\/\",\"https:\\\/\\\/www.instagram.com\\\/veredes\\\/\",\"https:\\\/\\\/www.linkedin.com\\\/company\\\/veredes-arquitectura-y-divulgacion\\\/\",\"https:\\\/\\\/www.pinterest.es\\\/veredes\\\/\",\"https:\\\/\\\/x.com\\\/https:\\\/\\\/twitter.com\\\/veredes\",\"https:\\\/\\\/veredes.tumblr.com\\\/\"],\"url\":\"https:\\\/\\\/veredes.es\\\/blog\\\/author\\\/alberto\\\/\"}]}<\/script>\n<!-- \/ Yoast SEO plugin. -->","yoast_head_json":{"title":"[:es]Espacio p\u00fablico de \u201cEl Coso\u201d y vivero de empresas |c\u00f3mo crear historias [:gl]Espazo p\u00fablico de \u201cO Coso\u201d e viveiro de empresas |c\u00f3mo crear historias[:en]\u201cEl Coso\u201d public space and fish-pond of companies |c\u00f3mo crear historias[:] - veredes","description":"Toda la informaci\u00f3n sobre: [:es]Espacio p\u00fablico de \u201cEl Coso\u201d y vivero de empresas |c\u00f3mo crear historias [:gl]Espazo p\u00fablico de \u201cO Coso\u201d e viveiro de empresas |c\u00f3mo crear historias[:en]\u201cEl Coso\u201d public space and fish-pond of companies |c\u00f3mo crear historias[:]","robots":{"index":"index","follow":"follow","max-snippet":"max-snippet:-1","max-image-preview":"max-image-preview:large","max-video-preview":"max-video-preview:-1"},"canonical":"https:\/\/veredes.es\/blog\/coso-cehegin-como-crear-historias\/","og_locale":"es_ES","og_type":"article","og_title":"[:es]Espacio p\u00fablico de \u201cEl Coso\u201d y vivero de empresas |c\u00f3mo crear historias [:gl]Espazo p\u00fablico de \u201cO Coso\u201d e viveiro de empresas |c\u00f3mo crear historias[:en]\u201cEl Coso\u201d public space and fish-pond of companies |c\u00f3mo crear historias[:] - veredes","og_description":"Toda la informaci\u00f3n sobre: [:es]Espacio p\u00fablico de \u201cEl Coso\u201d y vivero de empresas |c\u00f3mo crear historias [:gl]Espazo p\u00fablico de \u201cO Coso\u201d e viveiro de empresas |c\u00f3mo crear historias[:en]\u201cEl Coso\u201d public space and fish-pond of companies |c\u00f3mo crear historias[:]","og_url":"https:\/\/veredes.es\/blog\/coso-cehegin-como-crear-historias\/","og_site_name":"veredes, arquitectura y divulgaci\u00f3n","article_publisher":"https:\/\/www.facebook.com\/veredesArquitecturayDivulgacion\/","article_author":"https:\/\/www.facebook.com\/veredesArquitecturayDivulgacion\/","article_published_time":"2016-06-14T22:30:59+00:00","article_modified_time":"2019-11-08T08:44:31+00:00","og_image":[{"width":1000,"height":451,"url":"https:\/\/veredes.es\/blog\/wp-content\/uploads\/2016\/06\/coso-cehegin-comocrearhistorias_06_ext02.jpg","type":"image\/jpeg"}],"author":"veredes","twitter_card":"summary_large_image","twitter_creator":"@https:\/\/twitter.com\/veredes","twitter_site":"@veredes","twitter_misc":{"Escrito por":"veredes","Tiempo de lectura":"11 minutos"},"schema":{"@context":"https:\/\/schema.org","@graph":[{"@type":"Article","@id":"https:\/\/veredes.es\/blog\/coso-cehegin-como-crear-historias\/#article","isPartOf":{"@id":"https:\/\/veredes.es\/blog\/coso-cehegin-como-crear-historias\/"},"author":{"name":"veredes","@id":"https:\/\/veredes.es\/blog\/#\/schema\/person\/0bbb669073ef7faba5168a0844e93d2c"},"headline":"Espacio p\u00fablico de \u201cEl Coso\u201d y vivero de empresas |c\u00f3mo crear historias","datePublished":"2016-06-14T22:30:59+00:00","dateModified":"2019-11-08T08:44:31+00:00","mainEntityOfPage":{"@id":"https:\/\/veredes.es\/blog\/coso-cehegin-como-crear-historias\/"},"wordCount":2332,"commentCount":0,"publisher":{"@id":"https:\/\/veredes.es\/blog\/#organization"},"image":{"@id":"https:\/\/veredes.es\/blog\/coso-cehegin-como-crear-historias\/#primaryimage"},"thumbnailUrl":"https:\/\/veredes.es\/blog\/wp-content\/uploads\/2016\/06\/coso-cehegin-comocrearhistorias_06_ext02.jpg","keywords":["arquitectura espa\u00f1ola","arquitectura murciana","equipamiento cultural","equipamiento dotacional","espacio colectivo","espacio p\u00fablico","industrializaci\u00f3n","intervenci\u00f3n urbana","Javier Rubio Montero","M\u00f3nica Garc\u00eda Fern\u00e1ndez","paisaje","paisajismo","prefabricaci\u00f3n","urbanismo","urbanismo responsable","urbanismo sostenible","urbanizaci\u00f3n","vegetaci\u00f3n"],"articleSection":["arquitectura","equipamiento cultural","equipamiento dotacional","equipamiento terciario","espacio publico","intervenci\u00f3n urbana","obras","slider principal"],"inLanguage":"es","potentialAction":[{"@type":"CommentAction","name":"Comment","target":["https:\/\/veredes.es\/blog\/coso-cehegin-como-crear-historias\/#respond"]}]},{"@type":"WebPage","@id":"https:\/\/veredes.es\/blog\/coso-cehegin-como-crear-historias\/","url":"https:\/\/veredes.es\/blog\/coso-cehegin-como-crear-historias\/","name":"[:es]Espacio p\u00fablico de \u201cEl Coso\u201d y vivero de empresas |c\u00f3mo crear historias [:gl]Espazo p\u00fablico de \u201cO Coso\u201d e viveiro de empresas |c\u00f3mo crear historias[:en]\u201cEl Coso\u201d public space and fish-pond of companies |c\u00f3mo crear historias[:] - veredes","isPartOf":{"@id":"https:\/\/veredes.es\/blog\/#website"},"primaryImageOfPage":{"@id":"https:\/\/veredes.es\/blog\/coso-cehegin-como-crear-historias\/#primaryimage"},"image":{"@id":"https:\/\/veredes.es\/blog\/coso-cehegin-como-crear-historias\/#primaryimage"},"thumbnailUrl":"https:\/\/veredes.es\/blog\/wp-content\/uploads\/2016\/06\/coso-cehegin-comocrearhistorias_06_ext02.jpg","datePublished":"2016-06-14T22:30:59+00:00","dateModified":"2019-11-08T08:44:31+00:00","description":"Toda la informaci\u00f3n sobre: [:es]Espacio p\u00fablico de \u201cEl Coso\u201d y vivero de empresas |c\u00f3mo crear historias [:gl]Espazo p\u00fablico de \u201cO Coso\u201d e viveiro de empresas |c\u00f3mo crear historias[:en]\u201cEl Coso\u201d public space and fish-pond of companies |c\u00f3mo crear historias[:]","breadcrumb":{"@id":"https:\/\/veredes.es\/blog\/coso-cehegin-como-crear-historias\/#breadcrumb"},"inLanguage":"es","potentialAction":[{"@type":"ReadAction","target":["https:\/\/veredes.es\/blog\/coso-cehegin-como-crear-historias\/"]}]},{"@type":"ImageObject","inLanguage":"es","@id":"https:\/\/veredes.es\/blog\/coso-cehegin-como-crear-historias\/#primaryimage","url":"https:\/\/veredes.es\/blog\/wp-content\/uploads\/2016\/06\/coso-cehegin-comocrearhistorias_06_ext02.jpg","contentUrl":"https:\/\/veredes.es\/blog\/wp-content\/uploads\/2016\/06\/coso-cehegin-comocrearhistorias_06_ext02.jpg","width":1000,"height":451},{"@type":"BreadcrumbList","@id":"https:\/\/veredes.es\/blog\/coso-cehegin-como-crear-historias\/#breadcrumb","itemListElement":[{"@type":"ListItem","position":1,"name":"Portada","item":"https:\/\/veredes.es\/blog\/"},{"@type":"ListItem","position":2,"name":"Espacio p\u00fablico de \u201cEl Coso\u201d y vivero de empresas |c\u00f3mo crear historias"}]},{"@type":"WebSite","@id":"https:\/\/veredes.es\/blog\/#website","url":"https:\/\/veredes.es\/blog\/","name":"veredes, arquitectura y divulgaci\u00f3n","description":"veredes","publisher":{"@id":"https:\/\/veredes.es\/blog\/#organization"},"alternateName":"veredes","potentialAction":[{"@type":"SearchAction","target":{"@type":"EntryPoint","urlTemplate":"https:\/\/veredes.es\/blog\/?s={search_term_string}"},"query-input":{"@type":"PropertyValueSpecification","valueRequired":true,"valueName":"search_term_string"}}],"inLanguage":"es"},{"@type":"Organization","@id":"https:\/\/veredes.es\/blog\/#organization","name":"veredes, arquitectura y divulgaci\u00f3n","alternateName":"veredes","url":"https:\/\/veredes.es\/blog\/","logo":{"@type":"ImageObject","inLanguage":"es","@id":"https:\/\/veredes.es\/blog\/#\/schema\/logo\/image\/","url":"https:\/\/veredes.es\/blog\/wp-content\/uploads\/2021\/12\/veredes-logo-centrado_140x54.png","contentUrl":"https:\/\/veredes.es\/blog\/wp-content\/uploads\/2021\/12\/veredes-logo-centrado_140x54.png","width":140,"height":54,"caption":"veredes, arquitectura y divulgaci\u00f3n"},"image":{"@id":"https:\/\/veredes.es\/blog\/#\/schema\/logo\/image\/"},"sameAs":["https:\/\/www.facebook.com\/veredesArquitecturayDivulgacion\/","https:\/\/x.com\/veredes","https:\/\/instagram.com\/veredes\/","https:\/\/www.linkedin.com\/company\/veredes-arquitectura-y-divulgacion\/","https:\/\/es.pinterest.com\/veredes\/","https:\/\/www.tumblr.com\/veredes"]},{"@type":"Person","@id":"https:\/\/veredes.es\/blog\/#\/schema\/person\/0bbb669073ef7faba5168a0844e93d2c","name":"veredes","image":{"@type":"ImageObject","inLanguage":"es","@id":"https:\/\/veredes.es\/blog\/wp-content\/uploads\/2018\/04\/face-96x96.jpg","url":"https:\/\/veredes.es\/blog\/wp-content\/uploads\/2018\/04\/face-96x96.jpg","contentUrl":"https:\/\/veredes.es\/blog\/wp-content\/uploads\/2018\/04\/face-96x96.jpg","caption":"veredes"},"description":"Surge enero de 2009 como b\u00fasqueda de satisfacer el conocimiento de la actividad arquitect\u00f3nica y tangentes que se generan. La idea es crear un espacio para divulgar los diversos proyectos en busca de nueva inspiraci\u00f3n y de intercambio.","sameAs":["https:\/\/veredes.es\/","https:\/\/www.facebook.com\/veredesArquitecturayDivulgacion\/","https:\/\/www.instagram.com\/veredes\/","https:\/\/www.linkedin.com\/company\/veredes-arquitectura-y-divulgacion\/","https:\/\/www.pinterest.es\/veredes\/","https:\/\/x.com\/https:\/\/twitter.com\/veredes","https:\/\/veredes.tumblr.com\/"],"url":"https:\/\/veredes.es\/blog\/author\/alberto\/"}]}},"_links":{"self":[{"href":"https:\/\/veredes.es\/blog\/wp-json\/wp\/v2\/posts\/60274","targetHints":{"allow":["GET"]}}],"collection":[{"href":"https:\/\/veredes.es\/blog\/wp-json\/wp\/v2\/posts"}],"about":[{"href":"https:\/\/veredes.es\/blog\/wp-json\/wp\/v2\/types\/post"}],"author":[{"embeddable":true,"href":"https:\/\/veredes.es\/blog\/wp-json\/wp\/v2\/users\/2"}],"replies":[{"embeddable":true,"href":"https:\/\/veredes.es\/blog\/wp-json\/wp\/v2\/comments?post=60274"}],"version-history":[{"count":0,"href":"https:\/\/veredes.es\/blog\/wp-json\/wp\/v2\/posts\/60274\/revisions"}],"wp:featuredmedia":[{"embeddable":true,"href":"https:\/\/veredes.es\/blog\/wp-json\/wp\/v2\/media\/60538"}],"wp:attachment":[{"href":"https:\/\/veredes.es\/blog\/wp-json\/wp\/v2\/media?parent=60274"}],"wp:term":[{"taxonomy":"category","embeddable":true,"href":"https:\/\/veredes.es\/blog\/wp-json\/wp\/v2\/categories?post=60274"},{"taxonomy":"post_tag","embeddable":true,"href":"https:\/\/veredes.es\/blog\/wp-json\/wp\/v2\/tags?post=60274"}],"curies":[{"name":"wp","href":"https:\/\/api.w.org\/{rel}","templated":true}]}}