{"id":60180,"date":"2016-05-31T06:01:11","date_gmt":"2016-05-31T04:01:11","guid":{"rendered":"http:\/\/veredes.es\/blog\/?p=60180"},"modified":"2019-11-19T18:07:11","modified_gmt":"2019-11-19T17:07:11","slug":"sorteo-plaza-curso-online-identidad-digital-arquitectos","status":"publish","type":"post","link":"https:\/\/veredes.es\/blog\/sorteo-plaza-curso-online-identidad-digital-arquitectos\/","title":{"rendered":"Sorteo de una plaza para 5\u00ba Curso online de Identidad Digital para arquitectos"},"content":{"rendered":"<p><\/p>\n<p style=\"text-align: justify;\"><img loading=\"lazy\" decoding=\"async\" class=\"alignnone wp-image-60181\" src=\"https:\/\/veredes.es\/blog\/wp-content\/uploads\/2016\/05\/Sorteo-de-una-plaza-para-5&ordm;-Curso-online-de-Identidad-Digital-para-arquitectos.jpg\" alt=\"Sorteo de una plaza para 5\u00ba Curso online de Identidad Digital para arquitectos\" width=\"630\" height=\"367\" \/><\/p>\n<p style=\"text-align: justify;\">Desde el blog de arquitectura <strong>Stepienybarno<\/strong> ponen a la disposici\u00f3n de los lectores de <strong>Veredes<\/strong> una <strong>asistencia gratuita<\/strong> para el nuevo <strong>curso sobre Identidad Digital<\/strong> que han montado, enfocado exclusivamente para, nosotros, los <strong>arquitectos<\/strong>.<\/p>\n<p style=\"text-align: justify;\">Se trata de la quinta edici\u00f3n y, por los comentarios de los alumnos de las ediciones precedentes, el curso es muy pr\u00e1ctico y f\u00e1cil de realizar.<\/p>\n<p style=\"text-align: justify;\">As\u00ed, si eres arquitecto y te interesa mejorar tu presencia en la red, este puede ser tu curso. Tambi\u00e9n, se\u00f1alar que tiene un horario flexible y se realiza totalmente online durante dos o tres horas al d\u00eda. El curso tendr\u00e1 lugar durante los d\u00edas lectivos entre <strong>el jueves 16 de junio\u00a0de 2016 y el mi\u00e9rcoles 29 de junio\u00a0de 2016<\/strong>.<\/p>\n<blockquote>\n<p style=\"text-align: justify;\"><em>\u201cHorario relativamente flexible, aunque hace falta aproximadamente una disponibilidad de 3-4 horas al d\u00eda por parte del alumno durante los nueve d\u00edas del curso. As\u00ed, el tiempo \u00f3ptimo m\u00ednimo de trabajo por parte de los estudiantes ser\u00e1 de <strong>30 horas lectivas.<\/strong><\/em><\/p>\n<p style=\"text-align: justify;\"><em>Cada d\u00eda, a primera hora de la ma\u00f1ana, se suministrar\u00e1 el material necesario y se trabajar\u00e1 intensamente a lo largo del d\u00eda en la comunidad online, grupo de facebook y correo electr\u00f3nico con los alumnos. Nuestra disponibilidad durante estos d\u00edas ser\u00e1 absoluta.\u201d<\/em><\/p>\n<\/blockquote>\n<p style=\"text-align: justify;\">Por lo tanto, entre todos aquellos que dej\u00e9is <strong>un comentario, al final de la entrada o bien en la entrada de facebook<\/strong>, definiendo en una frase lo que se podr\u00eda entender, en <strong>vuestra opini\u00f3n<\/strong>, <strong>por Identidad Digital,<\/strong> sortearemos <strong>una plaza gratuita<\/strong>.<\/p>\n<p style=\"text-align: justify;\"><strong>El plazo para participar en el sorteo es desde el martes 31 mayo al domingo,OO:OO horas, al 5 de junio 2016 hasta las OO:OO horas.<\/strong><\/p>\n<p><a href=\"http:\/\/cursoidentidaddigital.stepienybarno.es\/\" target=\"_blank\">Acceder a la informaci\u00f3n detallada del curso.<\/a><\/p>","protected":false},"excerpt":{"rendered":"<p>Desde el blog de arquitectura Stepienybarno ponen a la disposici\u00f3n de los lectores de Veredes una asistencia gratuita para el nuevo curso sobre Identidad Digital que han montado, enfocado exclusivamente para, nosotros, los arquitectos. Se trata de la quinta edici\u00f3n y, por los comentarios de los alumnos de las ediciones precedentes, el curso es muy [&hellip;]<\/p>\n","protected":false},"author":2,"featured_media":60181,"comment_status":"open","ping_status":"closed","sticky":false,"template":"","format":"standard","meta":{"footnotes":""},"categories":[5624,5951],"tags":[6471,350,355,12475,535,1842,1714,730,758,4659,1103,1151,1152,9720,12473],"class_list":{"0":"post-60180","1":"post","2":"type-post","3":"status-publish","4":"format-standard","5":"has-post-thumbnail","7":"category-deriva","8":"category-slider-principal","9":"tag-agnieszka-stepien","10":"tag-comunicacion","11":"tag-concurso","12":"tag-deriva","13":"tag-estudiante","14":"tag-gratis","15":"tag-identidad-digital","16":"tag-internet","17":"tag-joven-arquitecto","18":"tag-lorenzo-barno","19":"tag-profesion","20":"tag-red","21":"tag-red-social","22":"tag-sorteo","23":"tag-stepienybarno"},"yoast_head":"<!-- This site is optimized with the Yoast SEO plugin v27.4 - https:\/\/yoast.com\/product\/yoast-seo-wordpress\/ -->\n<title>Sorteo de una plaza para 5\u00ba Curso online de Identidad Digital para arquitectos - veredes<\/title>\n<meta name=\"description\" content=\"Toda la informaci\u00f3n sobre: [:es]Sorteo de una plaza para 5\u00ba Curso online de Identidad Digital para arquitectos[:gl]Sorteo dunha praza para 5\u00ba Curso online de Identidade Dixital para arquitectos[:en]Drawing of a square for 5 \u00ba Deal online of Digital Identity for architects[:]\" \/>\n<meta name=\"robots\" content=\"index, follow, max-snippet:-1, max-image-preview:large, max-video-preview:-1\" \/>\n<link rel=\"canonical\" href=\"https:\/\/veredes.es\/blog\/sorteo-plaza-curso-online-identidad-digital-arquitectos\/\" \/>\n<meta property=\"og:locale\" content=\"es_ES\" \/>\n<meta property=\"og:type\" content=\"article\" \/>\n<meta property=\"og:title\" content=\"[:es]Sorteo de una plaza para 5\u00ba Curso online de Identidad Digital para arquitectos[:gl]Sorteo dunha praza para 5\u00ba Curso online de Identidade Dixital para arquitectos[:en]Drawing of a square for 5 \u00ba Deal online of Digital Identity for architects[:] - veredes\" \/>\n<meta property=\"og:description\" content=\"Toda la informaci\u00f3n sobre: [:es]Sorteo de una plaza para 5\u00ba Curso online de Identidad Digital para arquitectos[:gl]Sorteo dunha praza para 5\u00ba Curso online de Identidade Dixital para arquitectos[:en]Drawing of a square for 5 \u00ba Deal online of Digital Identity for architects[:]\" \/>\n<meta property=\"og:url\" content=\"https:\/\/veredes.es\/blog\/sorteo-plaza-curso-online-identidad-digital-arquitectos\/\" \/>\n<meta property=\"og:site_name\" content=\"veredes, arquitectura y divulgaci\u00f3n\" \/>\n<meta property=\"article:publisher\" content=\"https:\/\/www.facebook.com\/veredesArquitecturayDivulgacion\/\" \/>\n<meta property=\"article:author\" content=\"https:\/\/www.facebook.com\/veredesArquitecturayDivulgacion\/\" \/>\n<meta property=\"article:published_time\" content=\"2016-05-31T04:01:11+00:00\" \/>\n<meta property=\"article:modified_time\" content=\"2019-11-19T17:07:11+00:00\" \/>\n<meta property=\"og:image\" content=\"https:\/\/veredes.es\/blog\/wp-content\/uploads\/2016\/05\/Sorteo-de-una-plaza-para-5\u00ba-Curso-online-de-Identidad-Digital-para-arquitectos.jpg\" \/>\n\t<meta property=\"og:image:width\" content=\"734\" \/>\n\t<meta property=\"og:image:height\" content=\"428\" \/>\n\t<meta property=\"og:image:type\" content=\"image\/jpeg\" \/>\n<meta name=\"author\" content=\"veredes\" \/>\n<meta name=\"twitter:card\" content=\"summary_large_image\" \/>\n<meta name=\"twitter:creator\" content=\"@https:\/\/twitter.com\/veredes\" \/>\n<meta name=\"twitter:site\" content=\"@veredes\" \/>\n<meta name=\"twitter:label1\" content=\"Escrito por\" \/>\n\t<meta name=\"twitter:data1\" content=\"veredes\" \/>\n\t<meta name=\"twitter:label2\" content=\"Tiempo de lectura\" \/>\n\t<meta name=\"twitter:data2\" content=\"4 minutos\" \/>\n<script type=\"application\/ld+json\" class=\"yoast-schema-graph\">{\"@context\":\"https:\\\/\\\/schema.org\",\"@graph\":[{\"@type\":\"Article\",\"@id\":\"https:\\\/\\\/veredes.es\\\/blog\\\/sorteo-plaza-curso-online-identidad-digital-arquitectos\\\/#article\",\"isPartOf\":{\"@id\":\"https:\\\/\\\/veredes.es\\\/blog\\\/sorteo-plaza-curso-online-identidad-digital-arquitectos\\\/\"},\"author\":{\"name\":\"veredes\",\"@id\":\"https:\\\/\\\/veredes.es\\\/blog\\\/#\\\/schema\\\/person\\\/0bbb669073ef7faba5168a0844e93d2c\"},\"headline\":\"Sorteo de una plaza para 5\u00ba Curso online de Identidad Digital para arquitectos\",\"datePublished\":\"2016-05-31T04:01:11+00:00\",\"dateModified\":\"2019-11-19T17:07:11+00:00\",\"mainEntityOfPage\":{\"@id\":\"https:\\\/\\\/veredes.es\\\/blog\\\/sorteo-plaza-curso-online-identidad-digital-arquitectos\\\/\"},\"wordCount\":912,\"commentCount\":19,\"publisher\":{\"@id\":\"https:\\\/\\\/veredes.es\\\/blog\\\/#organization\"},\"image\":{\"@id\":\"https:\\\/\\\/veredes.es\\\/blog\\\/sorteo-plaza-curso-online-identidad-digital-arquitectos\\\/#primaryimage\"},\"thumbnailUrl\":\"https:\\\/\\\/veredes.es\\\/blog\\\/wp-content\\\/uploads\\\/2016\\\/05\\\/Sorteo-de-una-plaza-para-5\u00ba-Curso-online-de-Identidad-Digital-para-arquitectos.jpg\",\"keywords\":[\"Agnieszka Stepien\",\"comunicaci\u00f3n\",\"concurso\",\"deriva\",\"estudiante\",\"gratis\",\"identidad digital\",\"internet\",\"joven arquitecto\",\"Lorenzo Barn\u00f3\",\"profesi\u00f3n\",\"red\",\"red social\",\"sorteo\",\"stepienybarno\"],\"articleSection\":[\"deriva\",\"slider principal\"],\"inLanguage\":\"es\",\"potentialAction\":[{\"@type\":\"CommentAction\",\"name\":\"Comment\",\"target\":[\"https:\\\/\\\/veredes.es\\\/blog\\\/sorteo-plaza-curso-online-identidad-digital-arquitectos\\\/#respond\"]}]},{\"@type\":\"WebPage\",\"@id\":\"https:\\\/\\\/veredes.es\\\/blog\\\/sorteo-plaza-curso-online-identidad-digital-arquitectos\\\/\",\"url\":\"https:\\\/\\\/veredes.es\\\/blog\\\/sorteo-plaza-curso-online-identidad-digital-arquitectos\\\/\",\"name\":\"[:es]Sorteo de una plaza para 5\u00ba Curso online de Identidad Digital para arquitectos[:gl]Sorteo dunha praza para 5\u00ba Curso online de Identidade Dixital para arquitectos[:en]Drawing of a square for 5 \u00ba Deal online of Digital Identity for architects[:] - veredes\",\"isPartOf\":{\"@id\":\"https:\\\/\\\/veredes.es\\\/blog\\\/#website\"},\"primaryImageOfPage\":{\"@id\":\"https:\\\/\\\/veredes.es\\\/blog\\\/sorteo-plaza-curso-online-identidad-digital-arquitectos\\\/#primaryimage\"},\"image\":{\"@id\":\"https:\\\/\\\/veredes.es\\\/blog\\\/sorteo-plaza-curso-online-identidad-digital-arquitectos\\\/#primaryimage\"},\"thumbnailUrl\":\"https:\\\/\\\/veredes.es\\\/blog\\\/wp-content\\\/uploads\\\/2016\\\/05\\\/Sorteo-de-una-plaza-para-5\u00ba-Curso-online-de-Identidad-Digital-para-arquitectos.jpg\",\"datePublished\":\"2016-05-31T04:01:11+00:00\",\"dateModified\":\"2019-11-19T17:07:11+00:00\",\"description\":\"Toda la informaci\u00f3n sobre: [:es]Sorteo de una plaza para 5\u00ba Curso online de Identidad Digital para arquitectos[:gl]Sorteo dunha praza para 5\u00ba Curso online de Identidade Dixital para arquitectos[:en]Drawing of a square for 5 \u00ba Deal online of Digital Identity for architects[:]\",\"breadcrumb\":{\"@id\":\"https:\\\/\\\/veredes.es\\\/blog\\\/sorteo-plaza-curso-online-identidad-digital-arquitectos\\\/#breadcrumb\"},\"inLanguage\":\"es\",\"potentialAction\":[{\"@type\":\"ReadAction\",\"target\":[\"https:\\\/\\\/veredes.es\\\/blog\\\/sorteo-plaza-curso-online-identidad-digital-arquitectos\\\/\"]}]},{\"@type\":\"ImageObject\",\"inLanguage\":\"es\",\"@id\":\"https:\\\/\\\/veredes.es\\\/blog\\\/sorteo-plaza-curso-online-identidad-digital-arquitectos\\\/#primaryimage\",\"url\":\"https:\\\/\\\/veredes.es\\\/blog\\\/wp-content\\\/uploads\\\/2016\\\/05\\\/Sorteo-de-una-plaza-para-5\u00ba-Curso-online-de-Identidad-Digital-para-arquitectos.jpg\",\"contentUrl\":\"https:\\\/\\\/veredes.es\\\/blog\\\/wp-content\\\/uploads\\\/2016\\\/05\\\/Sorteo-de-una-plaza-para-5\u00ba-Curso-online-de-Identidad-Digital-para-arquitectos.jpg\",\"width\":734,\"height\":428},{\"@type\":\"BreadcrumbList\",\"@id\":\"https:\\\/\\\/veredes.es\\\/blog\\\/sorteo-plaza-curso-online-identidad-digital-arquitectos\\\/#breadcrumb\",\"itemListElement\":[{\"@type\":\"ListItem\",\"position\":1,\"name\":\"Portada\",\"item\":\"https:\\\/\\\/veredes.es\\\/blog\\\/\"},{\"@type\":\"ListItem\",\"position\":2,\"name\":\"Sorteo de una plaza para 5\u00ba Curso online de Identidad Digital para arquitectos\"}]},{\"@type\":\"WebSite\",\"@id\":\"https:\\\/\\\/veredes.es\\\/blog\\\/#website\",\"url\":\"https:\\\/\\\/veredes.es\\\/blog\\\/\",\"name\":\"veredes, arquitectura y divulgaci\u00f3n\",\"description\":\"veredes\",\"publisher\":{\"@id\":\"https:\\\/\\\/veredes.es\\\/blog\\\/#organization\"},\"alternateName\":\"veredes\",\"potentialAction\":[{\"@type\":\"SearchAction\",\"target\":{\"@type\":\"EntryPoint\",\"urlTemplate\":\"https:\\\/\\\/veredes.es\\\/blog\\\/?s={search_term_string}\"},\"query-input\":{\"@type\":\"PropertyValueSpecification\",\"valueRequired\":true,\"valueName\":\"search_term_string\"}}],\"inLanguage\":\"es\"},{\"@type\":\"Organization\",\"@id\":\"https:\\\/\\\/veredes.es\\\/blog\\\/#organization\",\"name\":\"veredes, arquitectura y divulgaci\u00f3n\",\"alternateName\":\"veredes\",\"url\":\"https:\\\/\\\/veredes.es\\\/blog\\\/\",\"logo\":{\"@type\":\"ImageObject\",\"inLanguage\":\"es\",\"@id\":\"https:\\\/\\\/veredes.es\\\/blog\\\/#\\\/schema\\\/logo\\\/image\\\/\",\"url\":\"https:\\\/\\\/veredes.es\\\/blog\\\/wp-content\\\/uploads\\\/2021\\\/12\\\/veredes-logo-centrado_140x54.png\",\"contentUrl\":\"https:\\\/\\\/veredes.es\\\/blog\\\/wp-content\\\/uploads\\\/2021\\\/12\\\/veredes-logo-centrado_140x54.png\",\"width\":140,\"height\":54,\"caption\":\"veredes, arquitectura y divulgaci\u00f3n\"},\"image\":{\"@id\":\"https:\\\/\\\/veredes.es\\\/blog\\\/#\\\/schema\\\/logo\\\/image\\\/\"},\"sameAs\":[\"https:\\\/\\\/www.facebook.com\\\/veredesArquitecturayDivulgacion\\\/\",\"https:\\\/\\\/x.com\\\/veredes\",\"https:\\\/\\\/instagram.com\\\/veredes\\\/\",\"https:\\\/\\\/www.linkedin.com\\\/company\\\/veredes-arquitectura-y-divulgacion\\\/\",\"https:\\\/\\\/es.pinterest.com\\\/veredes\\\/\",\"https:\\\/\\\/www.tumblr.com\\\/veredes\"]},{\"@type\":\"Person\",\"@id\":\"https:\\\/\\\/veredes.es\\\/blog\\\/#\\\/schema\\\/person\\\/0bbb669073ef7faba5168a0844e93d2c\",\"name\":\"veredes\",\"image\":{\"@type\":\"ImageObject\",\"inLanguage\":\"es\",\"@id\":\"https:\\\/\\\/veredes.es\\\/blog\\\/wp-content\\\/uploads\\\/2018\\\/04\\\/face-96x96.jpg\",\"url\":\"https:\\\/\\\/veredes.es\\\/blog\\\/wp-content\\\/uploads\\\/2018\\\/04\\\/face-96x96.jpg\",\"contentUrl\":\"https:\\\/\\\/veredes.es\\\/blog\\\/wp-content\\\/uploads\\\/2018\\\/04\\\/face-96x96.jpg\",\"caption\":\"veredes\"},\"description\":\"Surge enero de 2009 como b\u00fasqueda de satisfacer el conocimiento de la actividad arquitect\u00f3nica y tangentes que se generan. La idea es crear un espacio para divulgar los diversos proyectos en busca de nueva inspiraci\u00f3n y de intercambio.\",\"sameAs\":[\"https:\\\/\\\/veredes.es\\\/\",\"https:\\\/\\\/www.facebook.com\\\/veredesArquitecturayDivulgacion\\\/\",\"https:\\\/\\\/www.instagram.com\\\/veredes\\\/\",\"https:\\\/\\\/www.linkedin.com\\\/company\\\/veredes-arquitectura-y-divulgacion\\\/\",\"https:\\\/\\\/www.pinterest.es\\\/veredes\\\/\",\"https:\\\/\\\/x.com\\\/https:\\\/\\\/twitter.com\\\/veredes\",\"https:\\\/\\\/veredes.tumblr.com\\\/\"],\"url\":\"https:\\\/\\\/veredes.es\\\/blog\\\/author\\\/alberto\\\/\"}]}<\/script>\n<!-- \/ Yoast SEO plugin. -->","yoast_head_json":{"title":"[:es]Sorteo de una plaza para 5\u00ba Curso online de Identidad Digital para arquitectos[:gl]Sorteo dunha praza para 5\u00ba Curso online de Identidade Dixital para arquitectos[:en]Drawing of a square for 5 \u00ba Deal online of Digital Identity for architects[:] - veredes","description":"Toda la informaci\u00f3n sobre: [:es]Sorteo de una plaza para 5\u00ba Curso online de Identidad Digital para arquitectos[:gl]Sorteo dunha praza para 5\u00ba Curso online de Identidade Dixital para arquitectos[:en]Drawing of a square for 5 \u00ba Deal online of Digital Identity for architects[:]","robots":{"index":"index","follow":"follow","max-snippet":"max-snippet:-1","max-image-preview":"max-image-preview:large","max-video-preview":"max-video-preview:-1"},"canonical":"https:\/\/veredes.es\/blog\/sorteo-plaza-curso-online-identidad-digital-arquitectos\/","og_locale":"es_ES","og_type":"article","og_title":"[:es]Sorteo de una plaza para 5\u00ba Curso online de Identidad Digital para arquitectos[:gl]Sorteo dunha praza para 5\u00ba Curso online de Identidade Dixital para arquitectos[:en]Drawing of a square for 5 \u00ba Deal online of Digital Identity for architects[:] - veredes","og_description":"Toda la informaci\u00f3n sobre: [:es]Sorteo de una plaza para 5\u00ba Curso online de Identidad Digital para arquitectos[:gl]Sorteo dunha praza para 5\u00ba Curso online de Identidade Dixital para arquitectos[:en]Drawing of a square for 5 \u00ba Deal online of Digital Identity for architects[:]","og_url":"https:\/\/veredes.es\/blog\/sorteo-plaza-curso-online-identidad-digital-arquitectos\/","og_site_name":"veredes, arquitectura y divulgaci\u00f3n","article_publisher":"https:\/\/www.facebook.com\/veredesArquitecturayDivulgacion\/","article_author":"https:\/\/www.facebook.com\/veredesArquitecturayDivulgacion\/","article_published_time":"2016-05-31T04:01:11+00:00","article_modified_time":"2019-11-19T17:07:11+00:00","og_image":[{"width":734,"height":428,"url":"https:\/\/veredes.es\/blog\/wp-content\/uploads\/2016\/05\/Sorteo-de-una-plaza-para-5\u00ba-Curso-online-de-Identidad-Digital-para-arquitectos.jpg","type":"image\/jpeg"}],"author":"veredes","twitter_card":"summary_large_image","twitter_creator":"@https:\/\/twitter.com\/veredes","twitter_site":"@veredes","twitter_misc":{"Escrito por":"veredes","Tiempo de lectura":"4 minutos"},"schema":{"@context":"https:\/\/schema.org","@graph":[{"@type":"Article","@id":"https:\/\/veredes.es\/blog\/sorteo-plaza-curso-online-identidad-digital-arquitectos\/#article","isPartOf":{"@id":"https:\/\/veredes.es\/blog\/sorteo-plaza-curso-online-identidad-digital-arquitectos\/"},"author":{"name":"veredes","@id":"https:\/\/veredes.es\/blog\/#\/schema\/person\/0bbb669073ef7faba5168a0844e93d2c"},"headline":"Sorteo de una plaza para 5\u00ba Curso online de Identidad Digital para arquitectos","datePublished":"2016-05-31T04:01:11+00:00","dateModified":"2019-11-19T17:07:11+00:00","mainEntityOfPage":{"@id":"https:\/\/veredes.es\/blog\/sorteo-plaza-curso-online-identidad-digital-arquitectos\/"},"wordCount":912,"commentCount":19,"publisher":{"@id":"https:\/\/veredes.es\/blog\/#organization"},"image":{"@id":"https:\/\/veredes.es\/blog\/sorteo-plaza-curso-online-identidad-digital-arquitectos\/#primaryimage"},"thumbnailUrl":"https:\/\/veredes.es\/blog\/wp-content\/uploads\/2016\/05\/Sorteo-de-una-plaza-para-5\u00ba-Curso-online-de-Identidad-Digital-para-arquitectos.jpg","keywords":["Agnieszka Stepien","comunicaci\u00f3n","concurso","deriva","estudiante","gratis","identidad digital","internet","joven arquitecto","Lorenzo Barn\u00f3","profesi\u00f3n","red","red social","sorteo","stepienybarno"],"articleSection":["deriva","slider principal"],"inLanguage":"es","potentialAction":[{"@type":"CommentAction","name":"Comment","target":["https:\/\/veredes.es\/blog\/sorteo-plaza-curso-online-identidad-digital-arquitectos\/#respond"]}]},{"@type":"WebPage","@id":"https:\/\/veredes.es\/blog\/sorteo-plaza-curso-online-identidad-digital-arquitectos\/","url":"https:\/\/veredes.es\/blog\/sorteo-plaza-curso-online-identidad-digital-arquitectos\/","name":"[:es]Sorteo de una plaza para 5\u00ba Curso online de Identidad Digital para arquitectos[:gl]Sorteo dunha praza para 5\u00ba Curso online de Identidade Dixital para arquitectos[:en]Drawing of a square for 5 \u00ba Deal online of Digital Identity for architects[:] - veredes","isPartOf":{"@id":"https:\/\/veredes.es\/blog\/#website"},"primaryImageOfPage":{"@id":"https:\/\/veredes.es\/blog\/sorteo-plaza-curso-online-identidad-digital-arquitectos\/#primaryimage"},"image":{"@id":"https:\/\/veredes.es\/blog\/sorteo-plaza-curso-online-identidad-digital-arquitectos\/#primaryimage"},"thumbnailUrl":"https:\/\/veredes.es\/blog\/wp-content\/uploads\/2016\/05\/Sorteo-de-una-plaza-para-5\u00ba-Curso-online-de-Identidad-Digital-para-arquitectos.jpg","datePublished":"2016-05-31T04:01:11+00:00","dateModified":"2019-11-19T17:07:11+00:00","description":"Toda la informaci\u00f3n sobre: [:es]Sorteo de una plaza para 5\u00ba Curso online de Identidad Digital para arquitectos[:gl]Sorteo dunha praza para 5\u00ba Curso online de Identidade Dixital para arquitectos[:en]Drawing of a square for 5 \u00ba Deal online of Digital Identity for architects[:]","breadcrumb":{"@id":"https:\/\/veredes.es\/blog\/sorteo-plaza-curso-online-identidad-digital-arquitectos\/#breadcrumb"},"inLanguage":"es","potentialAction":[{"@type":"ReadAction","target":["https:\/\/veredes.es\/blog\/sorteo-plaza-curso-online-identidad-digital-arquitectos\/"]}]},{"@type":"ImageObject","inLanguage":"es","@id":"https:\/\/veredes.es\/blog\/sorteo-plaza-curso-online-identidad-digital-arquitectos\/#primaryimage","url":"https:\/\/veredes.es\/blog\/wp-content\/uploads\/2016\/05\/Sorteo-de-una-plaza-para-5\u00ba-Curso-online-de-Identidad-Digital-para-arquitectos.jpg","contentUrl":"https:\/\/veredes.es\/blog\/wp-content\/uploads\/2016\/05\/Sorteo-de-una-plaza-para-5\u00ba-Curso-online-de-Identidad-Digital-para-arquitectos.jpg","width":734,"height":428},{"@type":"BreadcrumbList","@id":"https:\/\/veredes.es\/blog\/sorteo-plaza-curso-online-identidad-digital-arquitectos\/#breadcrumb","itemListElement":[{"@type":"ListItem","position":1,"name":"Portada","item":"https:\/\/veredes.es\/blog\/"},{"@type":"ListItem","position":2,"name":"Sorteo de una plaza para 5\u00ba Curso online de Identidad Digital para arquitectos"}]},{"@type":"WebSite","@id":"https:\/\/veredes.es\/blog\/#website","url":"https:\/\/veredes.es\/blog\/","name":"veredes, arquitectura y divulgaci\u00f3n","description":"veredes","publisher":{"@id":"https:\/\/veredes.es\/blog\/#organization"},"alternateName":"veredes","potentialAction":[{"@type":"SearchAction","target":{"@type":"EntryPoint","urlTemplate":"https:\/\/veredes.es\/blog\/?s={search_term_string}"},"query-input":{"@type":"PropertyValueSpecification","valueRequired":true,"valueName":"search_term_string"}}],"inLanguage":"es"},{"@type":"Organization","@id":"https:\/\/veredes.es\/blog\/#organization","name":"veredes, arquitectura y divulgaci\u00f3n","alternateName":"veredes","url":"https:\/\/veredes.es\/blog\/","logo":{"@type":"ImageObject","inLanguage":"es","@id":"https:\/\/veredes.es\/blog\/#\/schema\/logo\/image\/","url":"https:\/\/veredes.es\/blog\/wp-content\/uploads\/2021\/12\/veredes-logo-centrado_140x54.png","contentUrl":"https:\/\/veredes.es\/blog\/wp-content\/uploads\/2021\/12\/veredes-logo-centrado_140x54.png","width":140,"height":54,"caption":"veredes, arquitectura y divulgaci\u00f3n"},"image":{"@id":"https:\/\/veredes.es\/blog\/#\/schema\/logo\/image\/"},"sameAs":["https:\/\/www.facebook.com\/veredesArquitecturayDivulgacion\/","https:\/\/x.com\/veredes","https:\/\/instagram.com\/veredes\/","https:\/\/www.linkedin.com\/company\/veredes-arquitectura-y-divulgacion\/","https:\/\/es.pinterest.com\/veredes\/","https:\/\/www.tumblr.com\/veredes"]},{"@type":"Person","@id":"https:\/\/veredes.es\/blog\/#\/schema\/person\/0bbb669073ef7faba5168a0844e93d2c","name":"veredes","image":{"@type":"ImageObject","inLanguage":"es","@id":"https:\/\/veredes.es\/blog\/wp-content\/uploads\/2018\/04\/face-96x96.jpg","url":"https:\/\/veredes.es\/blog\/wp-content\/uploads\/2018\/04\/face-96x96.jpg","contentUrl":"https:\/\/veredes.es\/blog\/wp-content\/uploads\/2018\/04\/face-96x96.jpg","caption":"veredes"},"description":"Surge enero de 2009 como b\u00fasqueda de satisfacer el conocimiento de la actividad arquitect\u00f3nica y tangentes que se generan. La idea es crear un espacio para divulgar los diversos proyectos en busca de nueva inspiraci\u00f3n y de intercambio.","sameAs":["https:\/\/veredes.es\/","https:\/\/www.facebook.com\/veredesArquitecturayDivulgacion\/","https:\/\/www.instagram.com\/veredes\/","https:\/\/www.linkedin.com\/company\/veredes-arquitectura-y-divulgacion\/","https:\/\/www.pinterest.es\/veredes\/","https:\/\/x.com\/https:\/\/twitter.com\/veredes","https:\/\/veredes.tumblr.com\/"],"url":"https:\/\/veredes.es\/blog\/author\/alberto\/"}]}},"_links":{"self":[{"href":"https:\/\/veredes.es\/blog\/wp-json\/wp\/v2\/posts\/60180","targetHints":{"allow":["GET"]}}],"collection":[{"href":"https:\/\/veredes.es\/blog\/wp-json\/wp\/v2\/posts"}],"about":[{"href":"https:\/\/veredes.es\/blog\/wp-json\/wp\/v2\/types\/post"}],"author":[{"embeddable":true,"href":"https:\/\/veredes.es\/blog\/wp-json\/wp\/v2\/users\/2"}],"replies":[{"embeddable":true,"href":"https:\/\/veredes.es\/blog\/wp-json\/wp\/v2\/comments?post=60180"}],"version-history":[{"count":0,"href":"https:\/\/veredes.es\/blog\/wp-json\/wp\/v2\/posts\/60180\/revisions"}],"wp:featuredmedia":[{"embeddable":true,"href":"https:\/\/veredes.es\/blog\/wp-json\/wp\/v2\/media\/60181"}],"wp:attachment":[{"href":"https:\/\/veredes.es\/blog\/wp-json\/wp\/v2\/media?parent=60180"}],"wp:term":[{"taxonomy":"category","embeddable":true,"href":"https:\/\/veredes.es\/blog\/wp-json\/wp\/v2\/categories?post=60180"},{"taxonomy":"post_tag","embeddable":true,"href":"https:\/\/veredes.es\/blog\/wp-json\/wp\/v2\/tags?post=60180"}],"curies":[{"name":"wp","href":"https:\/\/api.w.org\/{rel}","templated":true}]}}