{"id":59575,"date":"2016-03-29T06:18:59","date_gmt":"2016-03-29T04:18:59","guid":{"rendered":"http:\/\/veredes.es\/blog\/?p=59575"},"modified":"2016-05-09T11:48:23","modified_gmt":"2016-05-09T09:48:23","slug":"frank-lloyd-wright-el-arte-de-construir","status":"publish","type":"post","link":"https:\/\/veredes.es\/blog\/frank-lloyd-wright-el-arte-de-construir\/","title":{"rendered":"Frank Lloyd Wright. El arte de construir"},"content":{"rendered":"<p><\/p>\n<p style=\"text-align: justify;\">El documental \u00abEl arte de construir\u00bb aborda en dos cap\u00edtulos la vida y obra del arquitecto estadounidense <a href=\"https:\/\/es.wikipedia.org\/wiki\/Frank_Lloyd_Wright\" target=\"_blank\">Frank Lloyd Wright<\/a>, Se muestran algunas de sus construcciones como Taliesin (casa, finca y estudio de Wright) Fallingwater (Casa de la cascada) y el Museo Guggenheim en Nueva York, entre otras.<\/p>\n<p><iframe loading=\"lazy\" src=\"https:\/\/www.youtube.com\/embed\/6ctEs3LwZEo\" width=\"630\" height=\"473\" frameborder=\"0\" allowfullscreen=\"allowfullscreen\"><\/iframe><\/p>\n<blockquote>\n<p style=\"text-align: justify;\"><em>\u00abLa arquitectura es el triunfo de la Imaginaci\u00f3n Humana sobre materias, m\u00e9todos, y hombres, para poner al hombre en la posesi\u00f3n de su propio mundo. Es por lo menos el patr\u00f3n geom\u00e9trico de cosas, de la vida, del mundo humano y social. Es en el mejor de los casos ese marco m\u00e1gico de la realidad que a veces rozamos cuando utilizamos la palabra \u00aborden.\u00bb<\/em><\/p>\n<\/blockquote>\n<p><\/p>","protected":false},"excerpt":{"rendered":"<p>El documental \u00abEl arte de construir\u00bb aborda en dos cap\u00edtulos la vida y obra del arquitecto estadounidense Frank Lloyd Wright, Se muestran algunas de sus construcciones como Taliesin (casa, finca y estudio de Wright) Fallingwater (Casa de la cascada) y el Museo Guggenheim en Nueva York, entre otras. \u00abLa arquitectura es el triunfo de la [&hellip;]<\/p>\n","protected":false},"author":2,"featured_media":59578,"comment_status":"open","ping_status":"closed","sticky":false,"template":"","format":"standard","meta":{"footnotes":""},"categories":[4854],"tags":[9132,434,605,7608,655,815,12474],"class_list":{"0":"post-59575","1":"post","2":"type-post","3":"status-publish","4":"format-standard","5":"has-post-thumbnail","7":"category-tv","8":"tag-arquitectura-norteamericana","9":"tag-documental","10":"tag-frank-lloyd-wright","11":"tag-frank-lloyd-wright-foundation","12":"tag-guggenheim","13":"tag-maestro","14":"tag-tv"},"yoast_head":"<!-- This site is optimized with the Yoast SEO plugin v27.5 - https:\/\/yoast.com\/product\/yoast-seo-wordpress\/ -->\n<title>Frank Lloyd Wright. El arte de construir - veredes<\/title>\n<meta name=\"description\" content=\"Toda la informaci\u00f3n sobre: [:es]Frank Lloyd Wright. El arte de construir[:gl]Frank Lloyd Wright. A arte de construir[:en]Frank Lloyd Wright. The art of constructing[:]\" \/>\n<meta name=\"robots\" content=\"index, follow, max-snippet:-1, max-image-preview:large, max-video-preview:-1\" \/>\n<link rel=\"canonical\" href=\"https:\/\/veredes.es\/blog\/frank-lloyd-wright-el-arte-de-construir\/\" \/>\n<meta property=\"og:locale\" content=\"es_ES\" \/>\n<meta property=\"og:type\" content=\"article\" \/>\n<meta property=\"og:title\" content=\"[:es]Frank Lloyd Wright. El arte de construir[:gl]Frank Lloyd Wright. A arte de construir[:en]Frank Lloyd Wright. The art of constructing[:] - veredes\" \/>\n<meta property=\"og:description\" content=\"Toda la informaci\u00f3n sobre: [:es]Frank Lloyd Wright. El arte de construir[:gl]Frank Lloyd Wright. A arte de construir[:en]Frank Lloyd Wright. The art of constructing[:]\" \/>\n<meta property=\"og:url\" content=\"https:\/\/veredes.es\/blog\/frank-lloyd-wright-el-arte-de-construir\/\" \/>\n<meta property=\"og:site_name\" content=\"veredes, arquitectura y divulgaci\u00f3n\" \/>\n<meta property=\"article:publisher\" content=\"https:\/\/www.facebook.com\/veredesArquitecturayDivulgacion\/\" \/>\n<meta property=\"article:author\" content=\"https:\/\/www.facebook.com\/veredesArquitecturayDivulgacion\/\" \/>\n<meta property=\"article:published_time\" content=\"2016-03-29T04:18:59+00:00\" \/>\n<meta property=\"article:modified_time\" content=\"2016-05-09T09:48:23+00:00\" \/>\n<meta property=\"og:image\" content=\"https:\/\/veredes.es\/blog\/wp-content\/uploads\/2016\/03\/Frank-Lloyd-Wright.-El-arte-de-construir.jpg\" \/>\n\t<meta property=\"og:image:width\" content=\"630\" \/>\n\t<meta property=\"og:image:height\" content=\"416\" \/>\n\t<meta property=\"og:image:type\" content=\"image\/jpeg\" \/>\n<meta name=\"author\" content=\"veredes\" \/>\n<meta name=\"twitter:card\" content=\"summary_large_image\" \/>\n<meta name=\"twitter:creator\" content=\"@https:\/\/twitter.com\/veredes\" \/>\n<meta name=\"twitter:site\" content=\"@veredes\" \/>\n<meta name=\"twitter:label1\" content=\"Escrito por\" \/>\n\t<meta name=\"twitter:data1\" content=\"veredes\" \/>\n\t<meta name=\"twitter:label2\" content=\"Tiempo de lectura\" \/>\n\t<meta name=\"twitter:data2\" content=\"2 minutos\" \/>\n<script type=\"application\/ld+json\" class=\"yoast-schema-graph\">{\"@context\":\"https:\\\/\\\/schema.org\",\"@graph\":[{\"@type\":\"Article\",\"@id\":\"https:\\\/\\\/veredes.es\\\/blog\\\/frank-lloyd-wright-el-arte-de-construir\\\/#article\",\"isPartOf\":{\"@id\":\"https:\\\/\\\/veredes.es\\\/blog\\\/frank-lloyd-wright-el-arte-de-construir\\\/\"},\"author\":{\"name\":\"veredes\",\"@id\":\"https:\\\/\\\/veredes.es\\\/blog\\\/#\\\/schema\\\/person\\\/0bbb669073ef7faba5168a0844e93d2c\"},\"headline\":\"Frank Lloyd Wright. El arte de construir\",\"datePublished\":\"2016-03-29T04:18:59+00:00\",\"dateModified\":\"2016-05-09T09:48:23+00:00\",\"mainEntityOfPage\":{\"@id\":\"https:\\\/\\\/veredes.es\\\/blog\\\/frank-lloyd-wright-el-arte-de-construir\\\/\"},\"wordCount\":420,\"commentCount\":0,\"publisher\":{\"@id\":\"https:\\\/\\\/veredes.es\\\/blog\\\/#organization\"},\"image\":{\"@id\":\"https:\\\/\\\/veredes.es\\\/blog\\\/frank-lloyd-wright-el-arte-de-construir\\\/#primaryimage\"},\"thumbnailUrl\":\"https:\\\/\\\/veredes.es\\\/blog\\\/wp-content\\\/uploads\\\/2016\\\/03\\\/Frank-Lloyd-Wright.-El-arte-de-construir.jpg\",\"keywords\":[\"arquitectura norteamericana\",\"documental\",\"Frank Lloyd Wright\",\"Frank Lloyd Wright Foundation\",\"guggenheim\",\"maestro\",\"tv\"],\"articleSection\":[\"tv\"],\"inLanguage\":\"es\",\"potentialAction\":[{\"@type\":\"CommentAction\",\"name\":\"Comment\",\"target\":[\"https:\\\/\\\/veredes.es\\\/blog\\\/frank-lloyd-wright-el-arte-de-construir\\\/#respond\"]}]},{\"@type\":\"WebPage\",\"@id\":\"https:\\\/\\\/veredes.es\\\/blog\\\/frank-lloyd-wright-el-arte-de-construir\\\/\",\"url\":\"https:\\\/\\\/veredes.es\\\/blog\\\/frank-lloyd-wright-el-arte-de-construir\\\/\",\"name\":\"[:es]Frank Lloyd Wright. El arte de construir[:gl]Frank Lloyd Wright. A arte de construir[:en]Frank Lloyd Wright. The art of constructing[:] - veredes\",\"isPartOf\":{\"@id\":\"https:\\\/\\\/veredes.es\\\/blog\\\/#website\"},\"primaryImageOfPage\":{\"@id\":\"https:\\\/\\\/veredes.es\\\/blog\\\/frank-lloyd-wright-el-arte-de-construir\\\/#primaryimage\"},\"image\":{\"@id\":\"https:\\\/\\\/veredes.es\\\/blog\\\/frank-lloyd-wright-el-arte-de-construir\\\/#primaryimage\"},\"thumbnailUrl\":\"https:\\\/\\\/veredes.es\\\/blog\\\/wp-content\\\/uploads\\\/2016\\\/03\\\/Frank-Lloyd-Wright.-El-arte-de-construir.jpg\",\"datePublished\":\"2016-03-29T04:18:59+00:00\",\"dateModified\":\"2016-05-09T09:48:23+00:00\",\"description\":\"Toda la informaci\u00f3n sobre: [:es]Frank Lloyd Wright. El arte de construir[:gl]Frank Lloyd Wright. A arte de construir[:en]Frank Lloyd Wright. The art of constructing[:]\",\"breadcrumb\":{\"@id\":\"https:\\\/\\\/veredes.es\\\/blog\\\/frank-lloyd-wright-el-arte-de-construir\\\/#breadcrumb\"},\"inLanguage\":\"es\",\"potentialAction\":[{\"@type\":\"ReadAction\",\"target\":[\"https:\\\/\\\/veredes.es\\\/blog\\\/frank-lloyd-wright-el-arte-de-construir\\\/\"]}]},{\"@type\":\"ImageObject\",\"inLanguage\":\"es\",\"@id\":\"https:\\\/\\\/veredes.es\\\/blog\\\/frank-lloyd-wright-el-arte-de-construir\\\/#primaryimage\",\"url\":\"https:\\\/\\\/veredes.es\\\/blog\\\/wp-content\\\/uploads\\\/2016\\\/03\\\/Frank-Lloyd-Wright.-El-arte-de-construir.jpg\",\"contentUrl\":\"https:\\\/\\\/veredes.es\\\/blog\\\/wp-content\\\/uploads\\\/2016\\\/03\\\/Frank-Lloyd-Wright.-El-arte-de-construir.jpg\",\"width\":630,\"height\":416},{\"@type\":\"BreadcrumbList\",\"@id\":\"https:\\\/\\\/veredes.es\\\/blog\\\/frank-lloyd-wright-el-arte-de-construir\\\/#breadcrumb\",\"itemListElement\":[{\"@type\":\"ListItem\",\"position\":1,\"name\":\"Portada\",\"item\":\"https:\\\/\\\/veredes.es\\\/blog\\\/\"},{\"@type\":\"ListItem\",\"position\":2,\"name\":\"Frank Lloyd Wright. El arte de construir\"}]},{\"@type\":\"WebSite\",\"@id\":\"https:\\\/\\\/veredes.es\\\/blog\\\/#website\",\"url\":\"https:\\\/\\\/veredes.es\\\/blog\\\/\",\"name\":\"veredes, arquitectura y divulgaci\u00f3n\",\"description\":\"veredes\",\"publisher\":{\"@id\":\"https:\\\/\\\/veredes.es\\\/blog\\\/#organization\"},\"alternateName\":\"veredes\",\"potentialAction\":[{\"@type\":\"SearchAction\",\"target\":{\"@type\":\"EntryPoint\",\"urlTemplate\":\"https:\\\/\\\/veredes.es\\\/blog\\\/?s={search_term_string}\"},\"query-input\":{\"@type\":\"PropertyValueSpecification\",\"valueRequired\":true,\"valueName\":\"search_term_string\"}}],\"inLanguage\":\"es\"},{\"@type\":\"Organization\",\"@id\":\"https:\\\/\\\/veredes.es\\\/blog\\\/#organization\",\"name\":\"veredes, arquitectura y divulgaci\u00f3n\",\"alternateName\":\"veredes\",\"url\":\"https:\\\/\\\/veredes.es\\\/blog\\\/\",\"logo\":{\"@type\":\"ImageObject\",\"inLanguage\":\"es\",\"@id\":\"https:\\\/\\\/veredes.es\\\/blog\\\/#\\\/schema\\\/logo\\\/image\\\/\",\"url\":\"https:\\\/\\\/veredes.es\\\/blog\\\/wp-content\\\/uploads\\\/2021\\\/12\\\/veredes-logo-centrado_140x54.png\",\"contentUrl\":\"https:\\\/\\\/veredes.es\\\/blog\\\/wp-content\\\/uploads\\\/2021\\\/12\\\/veredes-logo-centrado_140x54.png\",\"width\":140,\"height\":54,\"caption\":\"veredes, arquitectura y divulgaci\u00f3n\"},\"image\":{\"@id\":\"https:\\\/\\\/veredes.es\\\/blog\\\/#\\\/schema\\\/logo\\\/image\\\/\"},\"sameAs\":[\"https:\\\/\\\/www.facebook.com\\\/veredesArquitecturayDivulgacion\\\/\",\"https:\\\/\\\/x.com\\\/veredes\",\"https:\\\/\\\/instagram.com\\\/veredes\\\/\",\"https:\\\/\\\/www.linkedin.com\\\/company\\\/veredes-arquitectura-y-divulgacion\\\/\",\"https:\\\/\\\/es.pinterest.com\\\/veredes\\\/\",\"https:\\\/\\\/www.tumblr.com\\\/veredes\"]},{\"@type\":\"Person\",\"@id\":\"https:\\\/\\\/veredes.es\\\/blog\\\/#\\\/schema\\\/person\\\/0bbb669073ef7faba5168a0844e93d2c\",\"name\":\"veredes\",\"image\":{\"@type\":\"ImageObject\",\"inLanguage\":\"es\",\"@id\":\"https:\\\/\\\/veredes.es\\\/blog\\\/wp-content\\\/uploads\\\/2018\\\/04\\\/face-96x96.jpg\",\"url\":\"https:\\\/\\\/veredes.es\\\/blog\\\/wp-content\\\/uploads\\\/2018\\\/04\\\/face-96x96.jpg\",\"contentUrl\":\"https:\\\/\\\/veredes.es\\\/blog\\\/wp-content\\\/uploads\\\/2018\\\/04\\\/face-96x96.jpg\",\"caption\":\"veredes\"},\"description\":\"Surge enero de 2009 como b\u00fasqueda de satisfacer el conocimiento de la actividad arquitect\u00f3nica y tangentes que se generan. La idea es crear un espacio para divulgar los diversos proyectos en busca de nueva inspiraci\u00f3n y de intercambio.\",\"sameAs\":[\"https:\\\/\\\/veredes.es\\\/\",\"https:\\\/\\\/www.facebook.com\\\/veredesArquitecturayDivulgacion\\\/\",\"https:\\\/\\\/www.instagram.com\\\/veredes\\\/\",\"https:\\\/\\\/www.linkedin.com\\\/company\\\/veredes-arquitectura-y-divulgacion\\\/\",\"https:\\\/\\\/www.pinterest.es\\\/veredes\\\/\",\"https:\\\/\\\/x.com\\\/https:\\\/\\\/twitter.com\\\/veredes\",\"https:\\\/\\\/veredes.tumblr.com\\\/\"],\"url\":\"https:\\\/\\\/veredes.es\\\/blog\\\/author\\\/alberto\\\/\"}]}<\/script>\n<!-- \/ Yoast SEO plugin. -->","yoast_head_json":{"title":"[:es]Frank Lloyd Wright. El arte de construir[:gl]Frank Lloyd Wright. A arte de construir[:en]Frank Lloyd Wright. The art of constructing[:] - veredes","description":"Toda la informaci\u00f3n sobre: [:es]Frank Lloyd Wright. El arte de construir[:gl]Frank Lloyd Wright. A arte de construir[:en]Frank Lloyd Wright. The art of constructing[:]","robots":{"index":"index","follow":"follow","max-snippet":"max-snippet:-1","max-image-preview":"max-image-preview:large","max-video-preview":"max-video-preview:-1"},"canonical":"https:\/\/veredes.es\/blog\/frank-lloyd-wright-el-arte-de-construir\/","og_locale":"es_ES","og_type":"article","og_title":"[:es]Frank Lloyd Wright. El arte de construir[:gl]Frank Lloyd Wright. A arte de construir[:en]Frank Lloyd Wright. The art of constructing[:] - veredes","og_description":"Toda la informaci\u00f3n sobre: [:es]Frank Lloyd Wright. El arte de construir[:gl]Frank Lloyd Wright. A arte de construir[:en]Frank Lloyd Wright. The art of constructing[:]","og_url":"https:\/\/veredes.es\/blog\/frank-lloyd-wright-el-arte-de-construir\/","og_site_name":"veredes, arquitectura y divulgaci\u00f3n","article_publisher":"https:\/\/www.facebook.com\/veredesArquitecturayDivulgacion\/","article_author":"https:\/\/www.facebook.com\/veredesArquitecturayDivulgacion\/","article_published_time":"2016-03-29T04:18:59+00:00","article_modified_time":"2016-05-09T09:48:23+00:00","og_image":[{"width":630,"height":416,"url":"https:\/\/veredes.es\/blog\/wp-content\/uploads\/2016\/03\/Frank-Lloyd-Wright.-El-arte-de-construir.jpg","type":"image\/jpeg"}],"author":"veredes","twitter_card":"summary_large_image","twitter_creator":"@https:\/\/twitter.com\/veredes","twitter_site":"@veredes","twitter_misc":{"Escrito por":"veredes","Tiempo de lectura":"2 minutos"},"schema":{"@context":"https:\/\/schema.org","@graph":[{"@type":"Article","@id":"https:\/\/veredes.es\/blog\/frank-lloyd-wright-el-arte-de-construir\/#article","isPartOf":{"@id":"https:\/\/veredes.es\/blog\/frank-lloyd-wright-el-arte-de-construir\/"},"author":{"name":"veredes","@id":"https:\/\/veredes.es\/blog\/#\/schema\/person\/0bbb669073ef7faba5168a0844e93d2c"},"headline":"Frank Lloyd Wright. El arte de construir","datePublished":"2016-03-29T04:18:59+00:00","dateModified":"2016-05-09T09:48:23+00:00","mainEntityOfPage":{"@id":"https:\/\/veredes.es\/blog\/frank-lloyd-wright-el-arte-de-construir\/"},"wordCount":420,"commentCount":0,"publisher":{"@id":"https:\/\/veredes.es\/blog\/#organization"},"image":{"@id":"https:\/\/veredes.es\/blog\/frank-lloyd-wright-el-arte-de-construir\/#primaryimage"},"thumbnailUrl":"https:\/\/veredes.es\/blog\/wp-content\/uploads\/2016\/03\/Frank-Lloyd-Wright.-El-arte-de-construir.jpg","keywords":["arquitectura norteamericana","documental","Frank Lloyd Wright","Frank Lloyd Wright Foundation","guggenheim","maestro","tv"],"articleSection":["tv"],"inLanguage":"es","potentialAction":[{"@type":"CommentAction","name":"Comment","target":["https:\/\/veredes.es\/blog\/frank-lloyd-wright-el-arte-de-construir\/#respond"]}]},{"@type":"WebPage","@id":"https:\/\/veredes.es\/blog\/frank-lloyd-wright-el-arte-de-construir\/","url":"https:\/\/veredes.es\/blog\/frank-lloyd-wright-el-arte-de-construir\/","name":"[:es]Frank Lloyd Wright. El arte de construir[:gl]Frank Lloyd Wright. A arte de construir[:en]Frank Lloyd Wright. The art of constructing[:] - veredes","isPartOf":{"@id":"https:\/\/veredes.es\/blog\/#website"},"primaryImageOfPage":{"@id":"https:\/\/veredes.es\/blog\/frank-lloyd-wright-el-arte-de-construir\/#primaryimage"},"image":{"@id":"https:\/\/veredes.es\/blog\/frank-lloyd-wright-el-arte-de-construir\/#primaryimage"},"thumbnailUrl":"https:\/\/veredes.es\/blog\/wp-content\/uploads\/2016\/03\/Frank-Lloyd-Wright.-El-arte-de-construir.jpg","datePublished":"2016-03-29T04:18:59+00:00","dateModified":"2016-05-09T09:48:23+00:00","description":"Toda la informaci\u00f3n sobre: [:es]Frank Lloyd Wright. El arte de construir[:gl]Frank Lloyd Wright. A arte de construir[:en]Frank Lloyd Wright. The art of constructing[:]","breadcrumb":{"@id":"https:\/\/veredes.es\/blog\/frank-lloyd-wright-el-arte-de-construir\/#breadcrumb"},"inLanguage":"es","potentialAction":[{"@type":"ReadAction","target":["https:\/\/veredes.es\/blog\/frank-lloyd-wright-el-arte-de-construir\/"]}]},{"@type":"ImageObject","inLanguage":"es","@id":"https:\/\/veredes.es\/blog\/frank-lloyd-wright-el-arte-de-construir\/#primaryimage","url":"https:\/\/veredes.es\/blog\/wp-content\/uploads\/2016\/03\/Frank-Lloyd-Wright.-El-arte-de-construir.jpg","contentUrl":"https:\/\/veredes.es\/blog\/wp-content\/uploads\/2016\/03\/Frank-Lloyd-Wright.-El-arte-de-construir.jpg","width":630,"height":416},{"@type":"BreadcrumbList","@id":"https:\/\/veredes.es\/blog\/frank-lloyd-wright-el-arte-de-construir\/#breadcrumb","itemListElement":[{"@type":"ListItem","position":1,"name":"Portada","item":"https:\/\/veredes.es\/blog\/"},{"@type":"ListItem","position":2,"name":"Frank Lloyd Wright. El arte de construir"}]},{"@type":"WebSite","@id":"https:\/\/veredes.es\/blog\/#website","url":"https:\/\/veredes.es\/blog\/","name":"veredes, arquitectura y divulgaci\u00f3n","description":"veredes","publisher":{"@id":"https:\/\/veredes.es\/blog\/#organization"},"alternateName":"veredes","potentialAction":[{"@type":"SearchAction","target":{"@type":"EntryPoint","urlTemplate":"https:\/\/veredes.es\/blog\/?s={search_term_string}"},"query-input":{"@type":"PropertyValueSpecification","valueRequired":true,"valueName":"search_term_string"}}],"inLanguage":"es"},{"@type":"Organization","@id":"https:\/\/veredes.es\/blog\/#organization","name":"veredes, arquitectura y divulgaci\u00f3n","alternateName":"veredes","url":"https:\/\/veredes.es\/blog\/","logo":{"@type":"ImageObject","inLanguage":"es","@id":"https:\/\/veredes.es\/blog\/#\/schema\/logo\/image\/","url":"https:\/\/veredes.es\/blog\/wp-content\/uploads\/2021\/12\/veredes-logo-centrado_140x54.png","contentUrl":"https:\/\/veredes.es\/blog\/wp-content\/uploads\/2021\/12\/veredes-logo-centrado_140x54.png","width":140,"height":54,"caption":"veredes, arquitectura y divulgaci\u00f3n"},"image":{"@id":"https:\/\/veredes.es\/blog\/#\/schema\/logo\/image\/"},"sameAs":["https:\/\/www.facebook.com\/veredesArquitecturayDivulgacion\/","https:\/\/x.com\/veredes","https:\/\/instagram.com\/veredes\/","https:\/\/www.linkedin.com\/company\/veredes-arquitectura-y-divulgacion\/","https:\/\/es.pinterest.com\/veredes\/","https:\/\/www.tumblr.com\/veredes"]},{"@type":"Person","@id":"https:\/\/veredes.es\/blog\/#\/schema\/person\/0bbb669073ef7faba5168a0844e93d2c","name":"veredes","image":{"@type":"ImageObject","inLanguage":"es","@id":"https:\/\/veredes.es\/blog\/wp-content\/uploads\/2018\/04\/face-96x96.jpg","url":"https:\/\/veredes.es\/blog\/wp-content\/uploads\/2018\/04\/face-96x96.jpg","contentUrl":"https:\/\/veredes.es\/blog\/wp-content\/uploads\/2018\/04\/face-96x96.jpg","caption":"veredes"},"description":"Surge enero de 2009 como b\u00fasqueda de satisfacer el conocimiento de la actividad arquitect\u00f3nica y tangentes que se generan. La idea es crear un espacio para divulgar los diversos proyectos en busca de nueva inspiraci\u00f3n y de intercambio.","sameAs":["https:\/\/veredes.es\/","https:\/\/www.facebook.com\/veredesArquitecturayDivulgacion\/","https:\/\/www.instagram.com\/veredes\/","https:\/\/www.linkedin.com\/company\/veredes-arquitectura-y-divulgacion\/","https:\/\/www.pinterest.es\/veredes\/","https:\/\/x.com\/https:\/\/twitter.com\/veredes","https:\/\/veredes.tumblr.com\/"],"url":"https:\/\/veredes.es\/blog\/author\/alberto\/"}]}},"_links":{"self":[{"href":"https:\/\/veredes.es\/blog\/wp-json\/wp\/v2\/posts\/59575","targetHints":{"allow":["GET"]}}],"collection":[{"href":"https:\/\/veredes.es\/blog\/wp-json\/wp\/v2\/posts"}],"about":[{"href":"https:\/\/veredes.es\/blog\/wp-json\/wp\/v2\/types\/post"}],"author":[{"embeddable":true,"href":"https:\/\/veredes.es\/blog\/wp-json\/wp\/v2\/users\/2"}],"replies":[{"embeddable":true,"href":"https:\/\/veredes.es\/blog\/wp-json\/wp\/v2\/comments?post=59575"}],"version-history":[{"count":0,"href":"https:\/\/veredes.es\/blog\/wp-json\/wp\/v2\/posts\/59575\/revisions"}],"wp:featuredmedia":[{"embeddable":true,"href":"https:\/\/veredes.es\/blog\/wp-json\/wp\/v2\/media\/59578"}],"wp:attachment":[{"href":"https:\/\/veredes.es\/blog\/wp-json\/wp\/v2\/media?parent=59575"}],"wp:term":[{"taxonomy":"category","embeddable":true,"href":"https:\/\/veredes.es\/blog\/wp-json\/wp\/v2\/categories?post=59575"},{"taxonomy":"post_tag","embeddable":true,"href":"https:\/\/veredes.es\/blog\/wp-json\/wp\/v2\/tags?post=59575"}],"curies":[{"name":"wp","href":"https:\/\/api.w.org\/{rel}","templated":true}]}}