{"id":59099,"date":"2016-02-01T06:28:13","date_gmt":"2016-02-01T05:28:13","guid":{"rendered":"http:\/\/veredes.es\/blog\/?p=59099"},"modified":"2016-11-22T09:38:22","modified_gmt":"2016-11-22T08:38:22","slug":"arquia-becas-2016","status":"publish","type":"post","link":"https:\/\/veredes.es\/blog\/arquia-becas-2016\/","title":{"rendered":"Arquia Becas 2016"},"content":{"rendered":"<p><\/p>\n<p style=\"text-align: justify;\"><a href=\"http:\/\/veredes.es\/blog\/wp-content\/uploads\/2016\/01\/Arquia-Becas-2016.jpg\"><img loading=\"lazy\" decoding=\"async\" class=\"alignnone size-full wp-image-59100\" src=\"http:\/\/veredes.es\/blog\/wp-content\/uploads\/2016\/01\/Arquia-Becas-2016.jpg\" alt=\"Arquia-Becas-2016\" width=\"620\" height=\"229\" srcset=\"https:\/\/veredes.es\/blog\/wp-content\/uploads\/2016\/01\/Arquia-Becas-2016.jpg 620w, https:\/\/veredes.es\/blog\/wp-content\/uploads\/2016\/01\/Arquia-Becas-2016-300x111.jpg 300w\" sizes=\"auto, (max-width: 620px) 100vw, 620px\" \/><\/a><\/p>\n<p style=\"text-align: justify;\">Ya se ha iniciado el plazo de inscripci\u00f3n de <strong><a href=\"http:\/\/fundacion.arquia.es\/es\/concursos\/becas\/Convocatoria?anyo=2016\" target=\"_blank\">arquia\/becas 2016<\/a><\/strong> en la web de la <strong>Fundaci\u00f3n Arquia<\/strong> para participar en las siguientes convocatorias:<\/p>\n<p style=\"padding-left: 30px; text-align: justify;\"><strong>\u00b7 XVII convocatoria<\/strong> <strong>becas Arquia 2016 <\/strong> para la adjudicaci\u00f3n de <strong>20 becas<\/strong> destinadas a la realizaci\u00f3n de pr\u00e1cticas profesionales en estudios europeos de Arquitectura (13 nacionales y 7 europeos),<\/p>\n<p style=\"padding-left: 30px; text-align: justify;\"><strong>\u00b7 II convocatoria<\/strong> para la adjudicaci\u00f3n de <strong> 3 becas <\/strong>destinadas a la realizaci\u00f3n de pr\u00e1cticas en la <strong>Administraci\u00f3n P\u00fablica<\/strong>, Ministerio de Fomento, Direcci\u00f3n General de Arquitectura, Vivienda y Suelo en Madrid,<\/p>\n<p style=\"padding-left: 30px; text-align: justify;\"><strong>\u00b7 IV edici\u00f3n<\/strong> de <strong>2 becas <\/strong>destinadas a la realizaci\u00f3n de pr\u00e1cticas profesionales en la <strong>Fundaci\u00f3n Metr\u00f3poli.<\/strong><\/p>\n<p style=\"text-align: justify;\">Las becas destinadas a la realizaci\u00f3n de pr\u00e1cticas en los estudios de Arquitectura y en la Administraci\u00f3n P\u00fablica est\u00e1n dirigidas a estudiantes que hayan obtenido el 60% de los cr\u00e9ditos de la carrera y a arquitectos de menos de un a\u00f1o de titulaci\u00f3n procedentes de Escuelas espa\u00f1olas de Arquitectura; y las becas destinadas a la realizaci\u00f3n de pr\u00e1cticas en la Fundaci\u00f3n Metr\u00f3poli est\u00e1n dirigidas a j\u00f3venes arquitectos interesados en Urbanismo y Desarrollo de la Ciudad.<\/p>\n<p style=\"text-align: justify;\"><a href=\"http:\/\/veredes.es\/blog\/wp-content\/uploads\/2016\/02\/ArquiaBecas-2016.jpg\"><img loading=\"lazy\" decoding=\"async\" class=\"alignnone size-full wp-image-59102\" src=\"http:\/\/veredes.es\/blog\/wp-content\/uploads\/2016\/02\/ArquiaBecas-2016.jpg\" alt=\"ArquiaBecas-2016\" width=\"620\" height=\"245\" srcset=\"https:\/\/veredes.es\/blog\/wp-content\/uploads\/2016\/02\/ArquiaBecas-2016.jpg 620w, https:\/\/veredes.es\/blog\/wp-content\/uploads\/2016\/02\/ArquiaBecas-2016-300x119.jpg 300w\" sizes=\"auto, (max-width: 620px) 100vw, 620px\" \/><\/a><\/p>\n<p style=\"text-align: justify;\">Existen dos modalidades de participaci\u00f3n para <strong>arquia\/<\/strong>becas: expediente acad\u00e9mico y concurso. Puede optarse por participar en una de ellas o en ambas simult\u00e1neamente dentro de la misma convocatoria. Se convocan 15 becas para la modalidad expediente y 10 para la modalidad concurso.<\/p>\n<p style=\"text-align: justify;\">Las 3 becas destinadas a la realizaci\u00f3n de pr\u00e1cticas profesionales en la Direcci\u00f3n General de Arquitectura, Vivienda y Suelo, y las 2 becas para la realizaci\u00f3n de pr\u00e1cticas profesionales en la Fundaci\u00f3n Metr\u00f3poli, se otorgar\u00e1n por expediente acad\u00e9mico.<\/p>\n<p style=\"text-align: justify;\">El jurado \u00fanico para el concurso de la presente convocatoria es <strong>Jordi Badia<\/strong> que ha definido como tema del concurso: \u2018<strong>Una capilla laica&#8217;<\/strong> cuya explicaci\u00f3n se recoge en las bases de la convocatoria Becas 2016. Puedes visualizar la presentaci\u00f3n del tema <a href=\"http:\/\/fundacion.arquia.es\/es\/concursos\/proxima\/Home\/VideoFull?video=becas%2Facto_entrega%2F2015%2Fvideos%2Fcam_FArquia_2M2.mp4\" target=\"_blank\"> aqu\u00ed<\/a>.<\/p>\n<p style=\"text-align: justify;\"><strong>Inscr\u00edbete antes del 30 de abril de 2016 a las 12h del mediod\u00eda! Accede <a href=\"http:\/\/fundacion.arquia.es\/es\/concursos\/becas\/Convocatoria\/Participa?anyo=2016\" target=\"_blank\"> aqu\u00ed<\/a>.<\/strong><\/p>\n<p style=\"text-align: justify;\">Puedes consultar los estudios participantes en las bases de la convocatoria y obtener m\u00e1s informaci\u00f3n en el apartado correspondiente a la convocatoria actual en nuestra <a href=\"http:\/\/fundacion.arquia.es\/es\/concursos\/becas\" target=\"_blank\">web<\/a>.<\/p>\n<p><\/p>","protected":false},"excerpt":{"rendered":"<p>Ya se ha iniciado el plazo de inscripci\u00f3n de arquia\/becas 2016 en la web de la Fundaci\u00f3n Arquia para participar en las siguientes convocatorias: \u00b7 XVII convocatoria becas Arquia 2016 para la adjudicaci\u00f3n de 20 becas destinadas a la realizaci\u00f3n de pr\u00e1cticas profesionales en estudios europeos de Arquitectura (13 nacionales y 7 europeos), \u00b7 II [&hellip;]<\/p>\n","protected":false},"author":2,"featured_media":59100,"comment_status":"open","ping_status":"closed","sticky":false,"template":"","format":"standard","meta":{"footnotes":""},"categories":[41,7937,16],"tags":[3250,355,377,535,1893,3170,12365,3818,758,1103],"class_list":{"0":"post-59099","1":"post","2":"type-post","3":"status-publish","4":"format-standard","5":"has-post-thumbnail","7":"category-concursos","8":"category-convocatorias","9":"category-eventos","10":"tag-beca","11":"tag-concurso","12":"tag-convocatoria","13":"tag-estudiante","14":"tag-formacion","15":"tag-fundacion-caja-de-arquitectos","16":"tag-fundacion-metropoli","17":"tag-jordi-badia","18":"tag-joven-arquitecto","19":"tag-profesion"},"yoast_head":"<!-- This site is optimized with the Yoast SEO plugin v27.4 - https:\/\/yoast.com\/product\/yoast-seo-wordpress\/ -->\n<title>Arquia Becas 2016  - veredes<\/title>\n<meta name=\"description\" content=\"Toda la informaci\u00f3n sobre: [:es]Arquia Becas 2016 [:gl]Arquia Becas 2016 [:en]Arquia scholarships 2016 [:]\" \/>\n<meta name=\"robots\" content=\"index, follow, max-snippet:-1, max-image-preview:large, max-video-preview:-1\" \/>\n<link rel=\"canonical\" href=\"https:\/\/veredes.es\/blog\/arquia-becas-2016\/\" \/>\n<meta property=\"og:locale\" content=\"es_ES\" \/>\n<meta property=\"og:type\" content=\"article\" \/>\n<meta property=\"og:title\" content=\"[:es]Arquia Becas 2016 [:gl]Arquia Becas 2016 [:en]Arquia scholarships 2016 [:] - veredes\" \/>\n<meta property=\"og:description\" content=\"Toda la informaci\u00f3n sobre: [:es]Arquia Becas 2016 [:gl]Arquia Becas 2016 [:en]Arquia scholarships 2016 [:]\" \/>\n<meta property=\"og:url\" content=\"https:\/\/veredes.es\/blog\/arquia-becas-2016\/\" \/>\n<meta property=\"og:site_name\" content=\"veredes, arquitectura y divulgaci\u00f3n\" \/>\n<meta property=\"article:publisher\" content=\"https:\/\/www.facebook.com\/veredesArquitecturayDivulgacion\/\" \/>\n<meta property=\"article:author\" content=\"https:\/\/www.facebook.com\/veredesArquitecturayDivulgacion\/\" \/>\n<meta property=\"article:published_time\" content=\"2016-02-01T05:28:13+00:00\" \/>\n<meta property=\"article:modified_time\" content=\"2016-11-22T08:38:22+00:00\" \/>\n<meta property=\"og:image\" content=\"https:\/\/veredes.es\/blog\/wp-content\/uploads\/2016\/01\/Arquia-Becas-2016.jpg\" \/>\n\t<meta property=\"og:image:width\" content=\"620\" \/>\n\t<meta property=\"og:image:height\" content=\"229\" \/>\n\t<meta property=\"og:image:type\" content=\"image\/jpeg\" \/>\n<meta name=\"author\" content=\"veredes\" \/>\n<meta name=\"twitter:card\" content=\"summary_large_image\" \/>\n<meta name=\"twitter:creator\" content=\"@https:\/\/twitter.com\/veredes\" \/>\n<meta name=\"twitter:site\" content=\"@veredes\" \/>\n<meta name=\"twitter:label1\" content=\"Escrito por\" \/>\n\t<meta name=\"twitter:data1\" content=\"veredes\" \/>\n\t<meta name=\"twitter:label2\" content=\"Tiempo de lectura\" \/>\n\t<meta name=\"twitter:data2\" content=\"5 minutos\" \/>\n<script type=\"application\/ld+json\" class=\"yoast-schema-graph\">{\"@context\":\"https:\\\/\\\/schema.org\",\"@graph\":[{\"@type\":\"Article\",\"@id\":\"https:\\\/\\\/veredes.es\\\/blog\\\/arquia-becas-2016\\\/#article\",\"isPartOf\":{\"@id\":\"https:\\\/\\\/veredes.es\\\/blog\\\/arquia-becas-2016\\\/\"},\"author\":{\"name\":\"veredes\",\"@id\":\"https:\\\/\\\/veredes.es\\\/blog\\\/#\\\/schema\\\/person\\\/0bbb669073ef7faba5168a0844e93d2c\"},\"headline\":\"Arquia Becas 2016\",\"datePublished\":\"2016-02-01T05:28:13+00:00\",\"dateModified\":\"2016-11-22T08:38:22+00:00\",\"mainEntityOfPage\":{\"@id\":\"https:\\\/\\\/veredes.es\\\/blog\\\/arquia-becas-2016\\\/\"},\"wordCount\":1037,\"commentCount\":0,\"publisher\":{\"@id\":\"https:\\\/\\\/veredes.es\\\/blog\\\/#organization\"},\"image\":{\"@id\":\"https:\\\/\\\/veredes.es\\\/blog\\\/arquia-becas-2016\\\/#primaryimage\"},\"thumbnailUrl\":\"https:\\\/\\\/veredes.es\\\/blog\\\/wp-content\\\/uploads\\\/2016\\\/01\\\/Arquia-Becas-2016.jpg\",\"keywords\":[\"beca\",\"concurso\",\"convocatoria\",\"estudiante\",\"formaci\u00f3n\",\"fundaci\u00f3n Caja de Arquitectos\",\"Fundaci\u00f3n Metr\u00f3poli\",\"Jordi Badia\",\"joven arquitecto\",\"profesi\u00f3n\"],\"articleSection\":[\"concursos\",\"convocatorias\",\"eventos\"],\"inLanguage\":\"es\",\"potentialAction\":[{\"@type\":\"CommentAction\",\"name\":\"Comment\",\"target\":[\"https:\\\/\\\/veredes.es\\\/blog\\\/arquia-becas-2016\\\/#respond\"]}]},{\"@type\":\"WebPage\",\"@id\":\"https:\\\/\\\/veredes.es\\\/blog\\\/arquia-becas-2016\\\/\",\"url\":\"https:\\\/\\\/veredes.es\\\/blog\\\/arquia-becas-2016\\\/\",\"name\":\"[:es]Arquia Becas 2016 [:gl]Arquia Becas 2016 [:en]Arquia scholarships 2016 [:] - veredes\",\"isPartOf\":{\"@id\":\"https:\\\/\\\/veredes.es\\\/blog\\\/#website\"},\"primaryImageOfPage\":{\"@id\":\"https:\\\/\\\/veredes.es\\\/blog\\\/arquia-becas-2016\\\/#primaryimage\"},\"image\":{\"@id\":\"https:\\\/\\\/veredes.es\\\/blog\\\/arquia-becas-2016\\\/#primaryimage\"},\"thumbnailUrl\":\"https:\\\/\\\/veredes.es\\\/blog\\\/wp-content\\\/uploads\\\/2016\\\/01\\\/Arquia-Becas-2016.jpg\",\"datePublished\":\"2016-02-01T05:28:13+00:00\",\"dateModified\":\"2016-11-22T08:38:22+00:00\",\"description\":\"Toda la informaci\u00f3n sobre: [:es]Arquia Becas 2016 [:gl]Arquia Becas 2016 [:en]Arquia scholarships 2016 [:]\",\"breadcrumb\":{\"@id\":\"https:\\\/\\\/veredes.es\\\/blog\\\/arquia-becas-2016\\\/#breadcrumb\"},\"inLanguage\":\"es\",\"potentialAction\":[{\"@type\":\"ReadAction\",\"target\":[\"https:\\\/\\\/veredes.es\\\/blog\\\/arquia-becas-2016\\\/\"]}]},{\"@type\":\"ImageObject\",\"inLanguage\":\"es\",\"@id\":\"https:\\\/\\\/veredes.es\\\/blog\\\/arquia-becas-2016\\\/#primaryimage\",\"url\":\"https:\\\/\\\/veredes.es\\\/blog\\\/wp-content\\\/uploads\\\/2016\\\/01\\\/Arquia-Becas-2016.jpg\",\"contentUrl\":\"https:\\\/\\\/veredes.es\\\/blog\\\/wp-content\\\/uploads\\\/2016\\\/01\\\/Arquia-Becas-2016.jpg\",\"width\":620,\"height\":229},{\"@type\":\"BreadcrumbList\",\"@id\":\"https:\\\/\\\/veredes.es\\\/blog\\\/arquia-becas-2016\\\/#breadcrumb\",\"itemListElement\":[{\"@type\":\"ListItem\",\"position\":1,\"name\":\"Portada\",\"item\":\"https:\\\/\\\/veredes.es\\\/blog\\\/\"},{\"@type\":\"ListItem\",\"position\":2,\"name\":\"Arquia Becas 2016\"}]},{\"@type\":\"WebSite\",\"@id\":\"https:\\\/\\\/veredes.es\\\/blog\\\/#website\",\"url\":\"https:\\\/\\\/veredes.es\\\/blog\\\/\",\"name\":\"veredes, arquitectura y divulgaci\u00f3n\",\"description\":\"veredes\",\"publisher\":{\"@id\":\"https:\\\/\\\/veredes.es\\\/blog\\\/#organization\"},\"alternateName\":\"veredes\",\"potentialAction\":[{\"@type\":\"SearchAction\",\"target\":{\"@type\":\"EntryPoint\",\"urlTemplate\":\"https:\\\/\\\/veredes.es\\\/blog\\\/?s={search_term_string}\"},\"query-input\":{\"@type\":\"PropertyValueSpecification\",\"valueRequired\":true,\"valueName\":\"search_term_string\"}}],\"inLanguage\":\"es\"},{\"@type\":\"Organization\",\"@id\":\"https:\\\/\\\/veredes.es\\\/blog\\\/#organization\",\"name\":\"veredes, arquitectura y divulgaci\u00f3n\",\"alternateName\":\"veredes\",\"url\":\"https:\\\/\\\/veredes.es\\\/blog\\\/\",\"logo\":{\"@type\":\"ImageObject\",\"inLanguage\":\"es\",\"@id\":\"https:\\\/\\\/veredes.es\\\/blog\\\/#\\\/schema\\\/logo\\\/image\\\/\",\"url\":\"https:\\\/\\\/veredes.es\\\/blog\\\/wp-content\\\/uploads\\\/2021\\\/12\\\/veredes-logo-centrado_140x54.png\",\"contentUrl\":\"https:\\\/\\\/veredes.es\\\/blog\\\/wp-content\\\/uploads\\\/2021\\\/12\\\/veredes-logo-centrado_140x54.png\",\"width\":140,\"height\":54,\"caption\":\"veredes, arquitectura y divulgaci\u00f3n\"},\"image\":{\"@id\":\"https:\\\/\\\/veredes.es\\\/blog\\\/#\\\/schema\\\/logo\\\/image\\\/\"},\"sameAs\":[\"https:\\\/\\\/www.facebook.com\\\/veredesArquitecturayDivulgacion\\\/\",\"https:\\\/\\\/x.com\\\/veredes\",\"https:\\\/\\\/instagram.com\\\/veredes\\\/\",\"https:\\\/\\\/www.linkedin.com\\\/company\\\/veredes-arquitectura-y-divulgacion\\\/\",\"https:\\\/\\\/es.pinterest.com\\\/veredes\\\/\",\"https:\\\/\\\/www.tumblr.com\\\/veredes\"]},{\"@type\":\"Person\",\"@id\":\"https:\\\/\\\/veredes.es\\\/blog\\\/#\\\/schema\\\/person\\\/0bbb669073ef7faba5168a0844e93d2c\",\"name\":\"veredes\",\"image\":{\"@type\":\"ImageObject\",\"inLanguage\":\"es\",\"@id\":\"https:\\\/\\\/veredes.es\\\/blog\\\/wp-content\\\/uploads\\\/2018\\\/04\\\/face-96x96.jpg\",\"url\":\"https:\\\/\\\/veredes.es\\\/blog\\\/wp-content\\\/uploads\\\/2018\\\/04\\\/face-96x96.jpg\",\"contentUrl\":\"https:\\\/\\\/veredes.es\\\/blog\\\/wp-content\\\/uploads\\\/2018\\\/04\\\/face-96x96.jpg\",\"caption\":\"veredes\"},\"description\":\"Surge enero de 2009 como b\u00fasqueda de satisfacer el conocimiento de la actividad arquitect\u00f3nica y tangentes que se generan. La idea es crear un espacio para divulgar los diversos proyectos en busca de nueva inspiraci\u00f3n y de intercambio.\",\"sameAs\":[\"https:\\\/\\\/veredes.es\\\/\",\"https:\\\/\\\/www.facebook.com\\\/veredesArquitecturayDivulgacion\\\/\",\"https:\\\/\\\/www.instagram.com\\\/veredes\\\/\",\"https:\\\/\\\/www.linkedin.com\\\/company\\\/veredes-arquitectura-y-divulgacion\\\/\",\"https:\\\/\\\/www.pinterest.es\\\/veredes\\\/\",\"https:\\\/\\\/x.com\\\/https:\\\/\\\/twitter.com\\\/veredes\",\"https:\\\/\\\/veredes.tumblr.com\\\/\"],\"url\":\"https:\\\/\\\/veredes.es\\\/blog\\\/author\\\/alberto\\\/\"}]}<\/script>\n<!-- \/ Yoast SEO plugin. -->","yoast_head_json":{"title":"[:es]Arquia Becas 2016 [:gl]Arquia Becas 2016 [:en]Arquia scholarships 2016 [:] - veredes","description":"Toda la informaci\u00f3n sobre: [:es]Arquia Becas 2016 [:gl]Arquia Becas 2016 [:en]Arquia scholarships 2016 [:]","robots":{"index":"index","follow":"follow","max-snippet":"max-snippet:-1","max-image-preview":"max-image-preview:large","max-video-preview":"max-video-preview:-1"},"canonical":"https:\/\/veredes.es\/blog\/arquia-becas-2016\/","og_locale":"es_ES","og_type":"article","og_title":"[:es]Arquia Becas 2016 [:gl]Arquia Becas 2016 [:en]Arquia scholarships 2016 [:] - veredes","og_description":"Toda la informaci\u00f3n sobre: [:es]Arquia Becas 2016 [:gl]Arquia Becas 2016 [:en]Arquia scholarships 2016 [:]","og_url":"https:\/\/veredes.es\/blog\/arquia-becas-2016\/","og_site_name":"veredes, arquitectura y divulgaci\u00f3n","article_publisher":"https:\/\/www.facebook.com\/veredesArquitecturayDivulgacion\/","article_author":"https:\/\/www.facebook.com\/veredesArquitecturayDivulgacion\/","article_published_time":"2016-02-01T05:28:13+00:00","article_modified_time":"2016-11-22T08:38:22+00:00","og_image":[{"width":620,"height":229,"url":"https:\/\/veredes.es\/blog\/wp-content\/uploads\/2016\/01\/Arquia-Becas-2016.jpg","type":"image\/jpeg"}],"author":"veredes","twitter_card":"summary_large_image","twitter_creator":"@https:\/\/twitter.com\/veredes","twitter_site":"@veredes","twitter_misc":{"Escrito por":"veredes","Tiempo de lectura":"5 minutos"},"schema":{"@context":"https:\/\/schema.org","@graph":[{"@type":"Article","@id":"https:\/\/veredes.es\/blog\/arquia-becas-2016\/#article","isPartOf":{"@id":"https:\/\/veredes.es\/blog\/arquia-becas-2016\/"},"author":{"name":"veredes","@id":"https:\/\/veredes.es\/blog\/#\/schema\/person\/0bbb669073ef7faba5168a0844e93d2c"},"headline":"Arquia Becas 2016","datePublished":"2016-02-01T05:28:13+00:00","dateModified":"2016-11-22T08:38:22+00:00","mainEntityOfPage":{"@id":"https:\/\/veredes.es\/blog\/arquia-becas-2016\/"},"wordCount":1037,"commentCount":0,"publisher":{"@id":"https:\/\/veredes.es\/blog\/#organization"},"image":{"@id":"https:\/\/veredes.es\/blog\/arquia-becas-2016\/#primaryimage"},"thumbnailUrl":"https:\/\/veredes.es\/blog\/wp-content\/uploads\/2016\/01\/Arquia-Becas-2016.jpg","keywords":["beca","concurso","convocatoria","estudiante","formaci\u00f3n","fundaci\u00f3n Caja de Arquitectos","Fundaci\u00f3n Metr\u00f3poli","Jordi Badia","joven arquitecto","profesi\u00f3n"],"articleSection":["concursos","convocatorias","eventos"],"inLanguage":"es","potentialAction":[{"@type":"CommentAction","name":"Comment","target":["https:\/\/veredes.es\/blog\/arquia-becas-2016\/#respond"]}]},{"@type":"WebPage","@id":"https:\/\/veredes.es\/blog\/arquia-becas-2016\/","url":"https:\/\/veredes.es\/blog\/arquia-becas-2016\/","name":"[:es]Arquia Becas 2016 [:gl]Arquia Becas 2016 [:en]Arquia scholarships 2016 [:] - veredes","isPartOf":{"@id":"https:\/\/veredes.es\/blog\/#website"},"primaryImageOfPage":{"@id":"https:\/\/veredes.es\/blog\/arquia-becas-2016\/#primaryimage"},"image":{"@id":"https:\/\/veredes.es\/blog\/arquia-becas-2016\/#primaryimage"},"thumbnailUrl":"https:\/\/veredes.es\/blog\/wp-content\/uploads\/2016\/01\/Arquia-Becas-2016.jpg","datePublished":"2016-02-01T05:28:13+00:00","dateModified":"2016-11-22T08:38:22+00:00","description":"Toda la informaci\u00f3n sobre: [:es]Arquia Becas 2016 [:gl]Arquia Becas 2016 [:en]Arquia scholarships 2016 [:]","breadcrumb":{"@id":"https:\/\/veredes.es\/blog\/arquia-becas-2016\/#breadcrumb"},"inLanguage":"es","potentialAction":[{"@type":"ReadAction","target":["https:\/\/veredes.es\/blog\/arquia-becas-2016\/"]}]},{"@type":"ImageObject","inLanguage":"es","@id":"https:\/\/veredes.es\/blog\/arquia-becas-2016\/#primaryimage","url":"https:\/\/veredes.es\/blog\/wp-content\/uploads\/2016\/01\/Arquia-Becas-2016.jpg","contentUrl":"https:\/\/veredes.es\/blog\/wp-content\/uploads\/2016\/01\/Arquia-Becas-2016.jpg","width":620,"height":229},{"@type":"BreadcrumbList","@id":"https:\/\/veredes.es\/blog\/arquia-becas-2016\/#breadcrumb","itemListElement":[{"@type":"ListItem","position":1,"name":"Portada","item":"https:\/\/veredes.es\/blog\/"},{"@type":"ListItem","position":2,"name":"Arquia Becas 2016"}]},{"@type":"WebSite","@id":"https:\/\/veredes.es\/blog\/#website","url":"https:\/\/veredes.es\/blog\/","name":"veredes, arquitectura y divulgaci\u00f3n","description":"veredes","publisher":{"@id":"https:\/\/veredes.es\/blog\/#organization"},"alternateName":"veredes","potentialAction":[{"@type":"SearchAction","target":{"@type":"EntryPoint","urlTemplate":"https:\/\/veredes.es\/blog\/?s={search_term_string}"},"query-input":{"@type":"PropertyValueSpecification","valueRequired":true,"valueName":"search_term_string"}}],"inLanguage":"es"},{"@type":"Organization","@id":"https:\/\/veredes.es\/blog\/#organization","name":"veredes, arquitectura y divulgaci\u00f3n","alternateName":"veredes","url":"https:\/\/veredes.es\/blog\/","logo":{"@type":"ImageObject","inLanguage":"es","@id":"https:\/\/veredes.es\/blog\/#\/schema\/logo\/image\/","url":"https:\/\/veredes.es\/blog\/wp-content\/uploads\/2021\/12\/veredes-logo-centrado_140x54.png","contentUrl":"https:\/\/veredes.es\/blog\/wp-content\/uploads\/2021\/12\/veredes-logo-centrado_140x54.png","width":140,"height":54,"caption":"veredes, arquitectura y divulgaci\u00f3n"},"image":{"@id":"https:\/\/veredes.es\/blog\/#\/schema\/logo\/image\/"},"sameAs":["https:\/\/www.facebook.com\/veredesArquitecturayDivulgacion\/","https:\/\/x.com\/veredes","https:\/\/instagram.com\/veredes\/","https:\/\/www.linkedin.com\/company\/veredes-arquitectura-y-divulgacion\/","https:\/\/es.pinterest.com\/veredes\/","https:\/\/www.tumblr.com\/veredes"]},{"@type":"Person","@id":"https:\/\/veredes.es\/blog\/#\/schema\/person\/0bbb669073ef7faba5168a0844e93d2c","name":"veredes","image":{"@type":"ImageObject","inLanguage":"es","@id":"https:\/\/veredes.es\/blog\/wp-content\/uploads\/2018\/04\/face-96x96.jpg","url":"https:\/\/veredes.es\/blog\/wp-content\/uploads\/2018\/04\/face-96x96.jpg","contentUrl":"https:\/\/veredes.es\/blog\/wp-content\/uploads\/2018\/04\/face-96x96.jpg","caption":"veredes"},"description":"Surge enero de 2009 como b\u00fasqueda de satisfacer el conocimiento de la actividad arquitect\u00f3nica y tangentes que se generan. La idea es crear un espacio para divulgar los diversos proyectos en busca de nueva inspiraci\u00f3n y de intercambio.","sameAs":["https:\/\/veredes.es\/","https:\/\/www.facebook.com\/veredesArquitecturayDivulgacion\/","https:\/\/www.instagram.com\/veredes\/","https:\/\/www.linkedin.com\/company\/veredes-arquitectura-y-divulgacion\/","https:\/\/www.pinterest.es\/veredes\/","https:\/\/x.com\/https:\/\/twitter.com\/veredes","https:\/\/veredes.tumblr.com\/"],"url":"https:\/\/veredes.es\/blog\/author\/alberto\/"}]}},"_links":{"self":[{"href":"https:\/\/veredes.es\/blog\/wp-json\/wp\/v2\/posts\/59099","targetHints":{"allow":["GET"]}}],"collection":[{"href":"https:\/\/veredes.es\/blog\/wp-json\/wp\/v2\/posts"}],"about":[{"href":"https:\/\/veredes.es\/blog\/wp-json\/wp\/v2\/types\/post"}],"author":[{"embeddable":true,"href":"https:\/\/veredes.es\/blog\/wp-json\/wp\/v2\/users\/2"}],"replies":[{"embeddable":true,"href":"https:\/\/veredes.es\/blog\/wp-json\/wp\/v2\/comments?post=59099"}],"version-history":[{"count":0,"href":"https:\/\/veredes.es\/blog\/wp-json\/wp\/v2\/posts\/59099\/revisions"}],"wp:featuredmedia":[{"embeddable":true,"href":"https:\/\/veredes.es\/blog\/wp-json\/wp\/v2\/media\/59100"}],"wp:attachment":[{"href":"https:\/\/veredes.es\/blog\/wp-json\/wp\/v2\/media?parent=59099"}],"wp:term":[{"taxonomy":"category","embeddable":true,"href":"https:\/\/veredes.es\/blog\/wp-json\/wp\/v2\/categories?post=59099"},{"taxonomy":"post_tag","embeddable":true,"href":"https:\/\/veredes.es\/blog\/wp-json\/wp\/v2\/tags?post=59099"}],"curies":[{"name":"wp","href":"https:\/\/api.w.org\/{rel}","templated":true}]}}