{"id":58852,"date":"2016-01-25T06:18:11","date_gmt":"2016-01-25T05:18:11","guid":{"rendered":"http:\/\/veredes.es\/blog\/?p=58852"},"modified":"2018-04-24T12:05:54","modified_gmt":"2018-04-24T10:05:54","slug":"puentes-wayward-wandering-2","status":"publish","type":"post","link":"https:\/\/veredes.es\/blog\/puentes-wayward-wandering-2\/","title":{"rendered":"Anomal\u00eda | Wayward Wandering"},"content":{"rendered":"<p><figure id=\"attachment_58853\" aria-describedby=\"caption-attachment-58853\" style=\"width: 630px\" class=\"wp-caption alignnone\"><a href=\"http:\/\/veredes.es\/blog\/wp-content\/uploads\/2016\/01\/anomal\u00eda.jpg\"><img loading=\"lazy\" decoding=\"async\" class=\"size-full wp-image-58853\" src=\"http:\/\/veredes.es\/blog\/wp-content\/uploads\/2016\/01\/anomal\u00eda.jpg\" alt=\"Eviction Refugees Camp Berlin | Montecruz Foto\" width=\"630\" height=\"420\" srcset=\"https:\/\/veredes.es\/blog\/wp-content\/uploads\/2016\/01\/anomal\u00eda.jpg 630w, https:\/\/veredes.es\/blog\/wp-content\/uploads\/2016\/01\/anomal\u00eda-300x200.jpg 300w\" sizes=\"auto, (max-width: 630px) 100vw, 630px\" \/><\/a><figcaption id=\"caption-attachment-58853\" class=\"wp-caption-text\"><span style=\"color: #999999;\">Eviction Refugees Camp Berlin | Fotograf\u00eda: Montecruz <br \/><\/span><\/figcaption><\/figure><\/p>\n<p style=\"text-align: justify;\">La palabra anomal\u00eda viene del griego \u1f00\u03bd y \u1f41\u03bc\u03b1\u03bb\u1f79\u03c2, es decir &#8216;no igual&#8217;, que no se conforma con la regla general, la norma, el comportamiento habitual. En el \u00e1mbito de las ciencias f\u00edsicas, por ejemplo, representa cualquier variaci\u00f3n con respecto a un modelo de referencia, en ling\u00fc\u00edstica indica la irregularidad en la conjugaci\u00f3n de un verbo, en astronom\u00eda designa la particularidad del movimiento de un astro.<\/p>\n<blockquote>\n<p style=\"text-align: justify;\"><em>\u00bfQu\u00e9 significado y uso tiene la palabra anomal\u00eda cuando el sujeto del discurso es el ser humano? \u00bfCu\u00e1l es el modelo de referencia que tiene legitimidad para ser usado como t\u00e9rmino para definir qu\u00e9 es an\u00f3malo? \u00bfQui\u00e9n define, en cada situaci\u00f3n, el l\u00edmite entre un comportamiento an\u00f3malo y uno &#8216;no an\u00f3malo&#8217;, una idea an\u00f3mala y una &#8216;no an\u00f3mala&#8217;?<\/em><\/p>\n<\/blockquote>\n<p style=\"text-align: justify;\">La palabra anomal\u00eda tiene una relaci\u00f3n estrecha con la palabra normalidad &#8211;que viene del lat\u00edn norma, la escuadra que serv\u00eda para medir si los \u00e1ngulos eran rectos&#8211; y con la palabra regla &#8211;la r\u0113g\u016dla que serv\u00eda para trazar l\u00edneas, de all\u00ed el significado figurado de regla&#8211;. Surgen algunas preguntas:<\/p>\n<blockquote><p><em>\u00bfY si se quieren trazar l\u00edneas curvas? \u00bfSi se descubre que las ideas resultan no ser medibles?<\/em><\/p><\/blockquote>\n<p style=\"text-align: justify;\">Es evidente que en las infinitas maneras de vivir la vida no hay reglas o normas absolutas y verdaderas. Es evidente que cualquier persona que se arroga el derecho de definir cu\u00e1les son las ideas v\u00e1lidas y cu\u00e1les son los caminos correctos esconde, detr\u00e1s de la falsedad de la moral y el bien del otro, la defensa de prejuicios personales o los privilegios de una corporaci\u00f3n. A menudo ese comportamiento esconde la incapacidad de vivir plenamente la vida por parte de algunos.<\/p>\n<p style=\"text-align: justify;\">Las ciudades han llegado a ser el lugar clave en que se desarrolla nuestra vida moderna, despu\u00e9s de la casi total conquista del espacio y consiguiente destrucci\u00f3n de la naturaleza por parte del hombre. La ciudad contempor\u00e1nea, su organizaci\u00f3n, su forma, son la reificaci\u00f3n de nuestras ideas.<\/p>\n<blockquote>\n<p style=\"text-align: justify;\"><em>\u00bfC\u00f3mo se proyecta el arbitrario concepto de anomal\u00eda en el \u00e1mbito espacial? \u00bfC\u00f3mo la voluntad de conformarse con las reglas, establecidas por una mayor\u00eda ficticia, plasma la ciudad?<\/em><\/p>\n<\/blockquote>\n<p style=\"text-align: justify;\">Mirando la geograf\u00eda de una metr\u00f3poli cualquiera, se nota que el resultado de la proyecci\u00f3n es siempre el mismo: islas mudas, espacios confinados, barreras. Por un lado los espacios del exilio &#8211;materializados en c\u00e1rceles, estructuras psiqui\u00e1tricas, campamentos para los pueblos n\u00f3madas, centros para personas que han decidido vivir en otro pa\u00eds, centros para menores o mayores, todos lugares en los que un grupo de personas constri\u00f1en a otras a vivir\/morir, siempre perdiendo la libertad, en base a principios, ideas o prejuicios personales transformados en actos de coerci\u00f3n y estigmatizaci\u00f3n&#8211; y los espacios escondidos &#8211;los barrios populares, las zonas malolientes, las zonas de frontera, las \u00e1reas perdidas de las ciudades&#8211; lugares en los que las personas est\u00e1n indirectamente obligadas al aislamiento, para esconder su anomal\u00eda, personas que no quieren usar la escuadra para medir, que quieren vivir trazando l\u00edneas curvas, personales, temerarias.<\/p>\n<p style=\"text-align: justify;\">Por el otro hay los espacios del exilio voluntario e inconsciente &#8211;bloques residenciales con c\u00e1maras de seguridad, centros comerciales, hipermercados, fitness clubs, resorts&#8211; que revelan la imposibilidad de vivir plenamente la vida por parte de un n\u00famero de personas creciente, que desde los primeros a\u00f1os de lo que se llama educaci\u00f3n &#8211;o sea la escuela obligatoria&#8211; se han alejado de su propio centro. Una b\u00fasqueda mec\u00e1nica y continua de una anestesia a la vida, a la contradicci\u00f3n, que es precisamente lo que caracteriza la vida.<\/p>\n<p style=\"text-align: justify;\">Vida y contradicci\u00f3n que precisan de espacios an\u00f3malos, que cuestionen de manera obscena la norma actual. Espacios humanos, de encuentro, refugio, experimentaci\u00f3n, prueba, desorganizados, casuales, na\u00eff, viscerales, oscuros, acr\u00e1ticos, imprecisos, cuestionables, n\u00f3madas, carnales, cat\u00e1rticos.<\/p>\n<p style=\"text-align: justify;\">Wayward Wandering<br \/>\n<span style=\"color: #999999;\"><em>Autor del blog Perspectivas An\u00f3malas<\/em><\/span><br \/>\nBarcelona, Enero 2016<\/p>\n<p><\/p>","protected":false},"excerpt":{"rendered":"<p>La palabra anomal\u00eda viene del griego \u1f00\u03bd y \u1f41\u03bc\u03b1\u03bb\u1f79\u03c2, es decir &#8216;no igual&#8217;, que no se conforma con la regla general, la norma, el comportamiento habitual. En el \u00e1mbito de las ciencias f\u00edsicas, por ejemplo, representa cualquier variaci\u00f3n con respecto a un modelo de referencia, en ling\u00fc\u00edstica indica la irregularidad en la conjugaci\u00f3n de un [&hellip;]<\/p>\n","protected":false},"author":46,"featured_media":58853,"comment_status":"closed","ping_status":"closed","sticky":false,"template":"","format":"standard","meta":{"footnotes":""},"categories":[5934,5951],"tags":[2823,285,318,319,322,458,6401,516,580,688,789,920,2513,4317,1278,2048,12283],"class_list":{"0":"post-58852","1":"post","2":"type-post","3":"status-publish","4":"format-standard","5":"has-post-thumbnail","7":"category-articulos","8":"category-slider-principal","9":"tag-accesibilidad","10":"tag-centro","11":"tag-ciudad","12":"tag-ciudad-contemporanea","13":"tag-ciudadano","14":"tag-educacion","15":"tag-espacio-colectivo","16":"tag-espacio-publico","17":"tag-filosofia","18":"tag-idea","19":"tag-lenguaje","20":"tag-naturaleza","21":"tag-participacion-ciudadana","22":"tag-participacion-colectiva","23":"tag-teoria","24":"tag-teoria-e-historia","25":"tag-wayward-wandering"},"yoast_head":"<!-- This site is optimized with the Yoast SEO plugin v27.4 - https:\/\/yoast.com\/product\/yoast-seo-wordpress\/ -->\n<title>Anomal\u00eda | Wayward Wandering - veredes<\/title>\n<meta name=\"description\" content=\"Toda la informaci\u00f3n sobre: [:es]Anomal\u00eda | Wayward Wandering[:gl]Anomal\u00eda | Wayward Wandering[:en]Anomaly | Wayward Wandering[:]\" \/>\n<meta name=\"robots\" content=\"index, follow, max-snippet:-1, max-image-preview:large, max-video-preview:-1\" \/>\n<link rel=\"canonical\" href=\"https:\/\/veredes.es\/blog\/puentes-wayward-wandering-2\/\" \/>\n<meta property=\"og:locale\" content=\"es_ES\" \/>\n<meta property=\"og:type\" content=\"article\" \/>\n<meta property=\"og:title\" content=\"[:es]Anomal\u00eda | Wayward Wandering[:gl]Anomal\u00eda | Wayward Wandering[:en]Anomaly | Wayward Wandering[:] - veredes\" \/>\n<meta property=\"og:description\" content=\"Toda la informaci\u00f3n sobre: [:es]Anomal\u00eda | Wayward Wandering[:gl]Anomal\u00eda | Wayward Wandering[:en]Anomaly | Wayward Wandering[:]\" \/>\n<meta property=\"og:url\" content=\"https:\/\/veredes.es\/blog\/puentes-wayward-wandering-2\/\" \/>\n<meta property=\"og:site_name\" content=\"veredes, arquitectura y divulgaci\u00f3n\" \/>\n<meta property=\"article:publisher\" content=\"https:\/\/www.facebook.com\/veredesArquitecturayDivulgacion\/\" \/>\n<meta property=\"article:author\" content=\"https:\/\/www.facebook.com\/perspectivasanomalas\" \/>\n<meta property=\"article:published_time\" content=\"2016-01-25T05:18:11+00:00\" \/>\n<meta property=\"article:modified_time\" content=\"2018-04-24T10:05:54+00:00\" \/>\n<meta property=\"og:image\" content=\"https:\/\/veredes.es\/blog\/wp-content\/uploads\/2016\/01\/anomal\u00eda.jpg\" \/>\n\t<meta property=\"og:image:width\" content=\"630\" \/>\n\t<meta property=\"og:image:height\" content=\"420\" \/>\n\t<meta property=\"og:image:type\" content=\"image\/jpeg\" \/>\n<meta name=\"author\" content=\"Wayward Wandering\" \/>\n<meta name=\"twitter:card\" content=\"summary_large_image\" \/>\n<meta name=\"twitter:creator\" content=\"@https:\/\/twitter.com\/perspanomalas\" \/>\n<meta name=\"twitter:site\" content=\"@veredes\" \/>\n<meta name=\"twitter:label1\" content=\"Escrito por\" \/>\n\t<meta name=\"twitter:data1\" content=\"Wayward Wandering\" \/>\n\t<meta name=\"twitter:label2\" content=\"Tiempo de lectura\" \/>\n\t<meta name=\"twitter:data2\" content=\"10 minutos\" \/>\n<script type=\"application\/ld+json\" class=\"yoast-schema-graph\">{\"@context\":\"https:\\\/\\\/schema.org\",\"@graph\":[{\"@type\":\"Article\",\"@id\":\"https:\\\/\\\/veredes.es\\\/blog\\\/puentes-wayward-wandering-2\\\/#article\",\"isPartOf\":{\"@id\":\"https:\\\/\\\/veredes.es\\\/blog\\\/puentes-wayward-wandering-2\\\/\"},\"author\":{\"name\":\"Wayward Wandering\",\"@id\":\"https:\\\/\\\/veredes.es\\\/blog\\\/#\\\/schema\\\/person\\\/914aaf0ccf84079f79389c458d1fbf75\"},\"headline\":\"Anomal\u00eda | Wayward Wandering\",\"datePublished\":\"2016-01-25T05:18:11+00:00\",\"dateModified\":\"2018-04-24T10:05:54+00:00\",\"mainEntityOfPage\":{\"@id\":\"https:\\\/\\\/veredes.es\\\/blog\\\/puentes-wayward-wandering-2\\\/\"},\"wordCount\":2058,\"publisher\":{\"@id\":\"https:\\\/\\\/veredes.es\\\/blog\\\/#organization\"},\"image\":{\"@id\":\"https:\\\/\\\/veredes.es\\\/blog\\\/puentes-wayward-wandering-2\\\/#primaryimage\"},\"thumbnailUrl\":\"https:\\\/\\\/veredes.es\\\/blog\\\/wp-content\\\/uploads\\\/2016\\\/01\\\/anomal\u00eda.jpg\",\"keywords\":[\"accesibilidad\",\"centro\",\"ciudad\",\"ciudad contempor\u00e1nea\",\"ciudadano\",\"educaci\u00f3n\",\"espacio colectivo\",\"espacio p\u00fablico\",\"filosof\u00eda\",\"idea\",\"lenguaje\",\"naturaleza\",\"participaci\u00f3n ciudadana\",\"participacion colectiva\",\"teor\u00eda\",\"teor\u00eda e historia\",\"Wayward Wandering\"],\"articleSection\":[\"art\u00edculos\",\"slider principal\"],\"inLanguage\":\"es\"},{\"@type\":\"WebPage\",\"@id\":\"https:\\\/\\\/veredes.es\\\/blog\\\/puentes-wayward-wandering-2\\\/\",\"url\":\"https:\\\/\\\/veredes.es\\\/blog\\\/puentes-wayward-wandering-2\\\/\",\"name\":\"[:es]Anomal\u00eda | Wayward Wandering[:gl]Anomal\u00eda | Wayward Wandering[:en]Anomaly | Wayward Wandering[:] - veredes\",\"isPartOf\":{\"@id\":\"https:\\\/\\\/veredes.es\\\/blog\\\/#website\"},\"primaryImageOfPage\":{\"@id\":\"https:\\\/\\\/veredes.es\\\/blog\\\/puentes-wayward-wandering-2\\\/#primaryimage\"},\"image\":{\"@id\":\"https:\\\/\\\/veredes.es\\\/blog\\\/puentes-wayward-wandering-2\\\/#primaryimage\"},\"thumbnailUrl\":\"https:\\\/\\\/veredes.es\\\/blog\\\/wp-content\\\/uploads\\\/2016\\\/01\\\/anomal\u00eda.jpg\",\"datePublished\":\"2016-01-25T05:18:11+00:00\",\"dateModified\":\"2018-04-24T10:05:54+00:00\",\"description\":\"Toda la informaci\u00f3n sobre: [:es]Anomal\u00eda | Wayward Wandering[:gl]Anomal\u00eda | Wayward Wandering[:en]Anomaly | Wayward Wandering[:]\",\"breadcrumb\":{\"@id\":\"https:\\\/\\\/veredes.es\\\/blog\\\/puentes-wayward-wandering-2\\\/#breadcrumb\"},\"inLanguage\":\"es\",\"potentialAction\":[{\"@type\":\"ReadAction\",\"target\":[\"https:\\\/\\\/veredes.es\\\/blog\\\/puentes-wayward-wandering-2\\\/\"]}]},{\"@type\":\"ImageObject\",\"inLanguage\":\"es\",\"@id\":\"https:\\\/\\\/veredes.es\\\/blog\\\/puentes-wayward-wandering-2\\\/#primaryimage\",\"url\":\"https:\\\/\\\/veredes.es\\\/blog\\\/wp-content\\\/uploads\\\/2016\\\/01\\\/anomal\u00eda.jpg\",\"contentUrl\":\"https:\\\/\\\/veredes.es\\\/blog\\\/wp-content\\\/uploads\\\/2016\\\/01\\\/anomal\u00eda.jpg\",\"width\":630,\"height\":420,\"caption\":\"Eviction Refugees Camp Berlin | Montecruz Foto\"},{\"@type\":\"BreadcrumbList\",\"@id\":\"https:\\\/\\\/veredes.es\\\/blog\\\/puentes-wayward-wandering-2\\\/#breadcrumb\",\"itemListElement\":[{\"@type\":\"ListItem\",\"position\":1,\"name\":\"Portada\",\"item\":\"https:\\\/\\\/veredes.es\\\/blog\\\/\"},{\"@type\":\"ListItem\",\"position\":2,\"name\":\"Anomal\u00eda | Wayward Wandering\"}]},{\"@type\":\"WebSite\",\"@id\":\"https:\\\/\\\/veredes.es\\\/blog\\\/#website\",\"url\":\"https:\\\/\\\/veredes.es\\\/blog\\\/\",\"name\":\"veredes, arquitectura y divulgaci\u00f3n\",\"description\":\"veredes\",\"publisher\":{\"@id\":\"https:\\\/\\\/veredes.es\\\/blog\\\/#organization\"},\"alternateName\":\"veredes\",\"potentialAction\":[{\"@type\":\"SearchAction\",\"target\":{\"@type\":\"EntryPoint\",\"urlTemplate\":\"https:\\\/\\\/veredes.es\\\/blog\\\/?s={search_term_string}\"},\"query-input\":{\"@type\":\"PropertyValueSpecification\",\"valueRequired\":true,\"valueName\":\"search_term_string\"}}],\"inLanguage\":\"es\"},{\"@type\":\"Organization\",\"@id\":\"https:\\\/\\\/veredes.es\\\/blog\\\/#organization\",\"name\":\"veredes, arquitectura y divulgaci\u00f3n\",\"alternateName\":\"veredes\",\"url\":\"https:\\\/\\\/veredes.es\\\/blog\\\/\",\"logo\":{\"@type\":\"ImageObject\",\"inLanguage\":\"es\",\"@id\":\"https:\\\/\\\/veredes.es\\\/blog\\\/#\\\/schema\\\/logo\\\/image\\\/\",\"url\":\"https:\\\/\\\/veredes.es\\\/blog\\\/wp-content\\\/uploads\\\/2021\\\/12\\\/veredes-logo-centrado_140x54.png\",\"contentUrl\":\"https:\\\/\\\/veredes.es\\\/blog\\\/wp-content\\\/uploads\\\/2021\\\/12\\\/veredes-logo-centrado_140x54.png\",\"width\":140,\"height\":54,\"caption\":\"veredes, arquitectura y divulgaci\u00f3n\"},\"image\":{\"@id\":\"https:\\\/\\\/veredes.es\\\/blog\\\/#\\\/schema\\\/logo\\\/image\\\/\"},\"sameAs\":[\"https:\\\/\\\/www.facebook.com\\\/veredesArquitecturayDivulgacion\\\/\",\"https:\\\/\\\/x.com\\\/veredes\",\"https:\\\/\\\/instagram.com\\\/veredes\\\/\",\"https:\\\/\\\/www.linkedin.com\\\/company\\\/veredes-arquitectura-y-divulgacion\\\/\",\"https:\\\/\\\/es.pinterest.com\\\/veredes\\\/\",\"https:\\\/\\\/www.tumblr.com\\\/veredes\"]},{\"@type\":\"Person\",\"@id\":\"https:\\\/\\\/veredes.es\\\/blog\\\/#\\\/schema\\\/person\\\/914aaf0ccf84079f79389c458d1fbf75\",\"name\":\"Wayward Wandering\",\"image\":{\"@type\":\"ImageObject\",\"inLanguage\":\"es\",\"@id\":\"https:\\\/\\\/veredes.es\\\/blog\\\/wp-content\\\/uploads\\\/2018\\\/04\\\/Wayward-Wandering-96x96.jpg\",\"url\":\"https:\\\/\\\/veredes.es\\\/blog\\\/wp-content\\\/uploads\\\/2018\\\/04\\\/Wayward-Wandering-96x96.jpg\",\"contentUrl\":\"https:\\\/\\\/veredes.es\\\/blog\\\/wp-content\\\/uploads\\\/2018\\\/04\\\/Wayward-Wandering-96x96.jpg\",\"caption\":\"Wayward Wandering\"},\"description\":\"Viaje en el espacio f\u00edsico de la ciudad, las ideas que lo crean, la materialidad que lo compone, las excepciones y desviaciones que proponen posibilidades nuevas. Wayward Wandering es te\u00f3rico de la arquitectura. Colabora con varios medios en el \u00e1mbito del pensamiento cr\u00edtico y es consultor de la Universidad de Edimburgo en el \u00e1rea de las artes y la arquitectura.\",\"sameAs\":[\"https:\\\/\\\/www.perspectivasanomalas.org\\\/\",\"https:\\\/\\\/www.facebook.com\\\/perspectivasanomalas\",\"https:\\\/\\\/www.linkedin.com\\\/company\\\/perspectivas-anmalas\\\/\",\"https:\\\/\\\/x.com\\\/https:\\\/\\\/twitter.com\\\/perspanomalas\"],\"url\":\"https:\\\/\\\/veredes.es\\\/blog\\\/author\\\/wayward-wandering\\\/\"}]}<\/script>\n<!-- \/ Yoast SEO plugin. -->","yoast_head_json":{"title":"[:es]Anomal\u00eda | Wayward Wandering[:gl]Anomal\u00eda | Wayward Wandering[:en]Anomaly | Wayward Wandering[:] - veredes","description":"Toda la informaci\u00f3n sobre: [:es]Anomal\u00eda | Wayward Wandering[:gl]Anomal\u00eda | Wayward Wandering[:en]Anomaly | Wayward Wandering[:]","robots":{"index":"index","follow":"follow","max-snippet":"max-snippet:-1","max-image-preview":"max-image-preview:large","max-video-preview":"max-video-preview:-1"},"canonical":"https:\/\/veredes.es\/blog\/puentes-wayward-wandering-2\/","og_locale":"es_ES","og_type":"article","og_title":"[:es]Anomal\u00eda | Wayward Wandering[:gl]Anomal\u00eda | Wayward Wandering[:en]Anomaly | Wayward Wandering[:] - veredes","og_description":"Toda la informaci\u00f3n sobre: [:es]Anomal\u00eda | Wayward Wandering[:gl]Anomal\u00eda | Wayward Wandering[:en]Anomaly | Wayward Wandering[:]","og_url":"https:\/\/veredes.es\/blog\/puentes-wayward-wandering-2\/","og_site_name":"veredes, arquitectura y divulgaci\u00f3n","article_publisher":"https:\/\/www.facebook.com\/veredesArquitecturayDivulgacion\/","article_author":"https:\/\/www.facebook.com\/perspectivasanomalas","article_published_time":"2016-01-25T05:18:11+00:00","article_modified_time":"2018-04-24T10:05:54+00:00","og_image":[{"width":630,"height":420,"url":"https:\/\/veredes.es\/blog\/wp-content\/uploads\/2016\/01\/anomal\u00eda.jpg","type":"image\/jpeg"}],"author":"Wayward Wandering","twitter_card":"summary_large_image","twitter_creator":"@https:\/\/twitter.com\/perspanomalas","twitter_site":"@veredes","twitter_misc":{"Escrito por":"Wayward Wandering","Tiempo de lectura":"10 minutos"},"schema":{"@context":"https:\/\/schema.org","@graph":[{"@type":"Article","@id":"https:\/\/veredes.es\/blog\/puentes-wayward-wandering-2\/#article","isPartOf":{"@id":"https:\/\/veredes.es\/blog\/puentes-wayward-wandering-2\/"},"author":{"name":"Wayward Wandering","@id":"https:\/\/veredes.es\/blog\/#\/schema\/person\/914aaf0ccf84079f79389c458d1fbf75"},"headline":"Anomal\u00eda | Wayward Wandering","datePublished":"2016-01-25T05:18:11+00:00","dateModified":"2018-04-24T10:05:54+00:00","mainEntityOfPage":{"@id":"https:\/\/veredes.es\/blog\/puentes-wayward-wandering-2\/"},"wordCount":2058,"publisher":{"@id":"https:\/\/veredes.es\/blog\/#organization"},"image":{"@id":"https:\/\/veredes.es\/blog\/puentes-wayward-wandering-2\/#primaryimage"},"thumbnailUrl":"https:\/\/veredes.es\/blog\/wp-content\/uploads\/2016\/01\/anomal\u00eda.jpg","keywords":["accesibilidad","centro","ciudad","ciudad contempor\u00e1nea","ciudadano","educaci\u00f3n","espacio colectivo","espacio p\u00fablico","filosof\u00eda","idea","lenguaje","naturaleza","participaci\u00f3n ciudadana","participacion colectiva","teor\u00eda","teor\u00eda e historia","Wayward Wandering"],"articleSection":["art\u00edculos","slider principal"],"inLanguage":"es"},{"@type":"WebPage","@id":"https:\/\/veredes.es\/blog\/puentes-wayward-wandering-2\/","url":"https:\/\/veredes.es\/blog\/puentes-wayward-wandering-2\/","name":"[:es]Anomal\u00eda | Wayward Wandering[:gl]Anomal\u00eda | Wayward Wandering[:en]Anomaly | Wayward Wandering[:] - veredes","isPartOf":{"@id":"https:\/\/veredes.es\/blog\/#website"},"primaryImageOfPage":{"@id":"https:\/\/veredes.es\/blog\/puentes-wayward-wandering-2\/#primaryimage"},"image":{"@id":"https:\/\/veredes.es\/blog\/puentes-wayward-wandering-2\/#primaryimage"},"thumbnailUrl":"https:\/\/veredes.es\/blog\/wp-content\/uploads\/2016\/01\/anomal\u00eda.jpg","datePublished":"2016-01-25T05:18:11+00:00","dateModified":"2018-04-24T10:05:54+00:00","description":"Toda la informaci\u00f3n sobre: [:es]Anomal\u00eda | Wayward Wandering[:gl]Anomal\u00eda | Wayward Wandering[:en]Anomaly | Wayward Wandering[:]","breadcrumb":{"@id":"https:\/\/veredes.es\/blog\/puentes-wayward-wandering-2\/#breadcrumb"},"inLanguage":"es","potentialAction":[{"@type":"ReadAction","target":["https:\/\/veredes.es\/blog\/puentes-wayward-wandering-2\/"]}]},{"@type":"ImageObject","inLanguage":"es","@id":"https:\/\/veredes.es\/blog\/puentes-wayward-wandering-2\/#primaryimage","url":"https:\/\/veredes.es\/blog\/wp-content\/uploads\/2016\/01\/anomal\u00eda.jpg","contentUrl":"https:\/\/veredes.es\/blog\/wp-content\/uploads\/2016\/01\/anomal\u00eda.jpg","width":630,"height":420,"caption":"Eviction Refugees Camp Berlin | Montecruz Foto"},{"@type":"BreadcrumbList","@id":"https:\/\/veredes.es\/blog\/puentes-wayward-wandering-2\/#breadcrumb","itemListElement":[{"@type":"ListItem","position":1,"name":"Portada","item":"https:\/\/veredes.es\/blog\/"},{"@type":"ListItem","position":2,"name":"Anomal\u00eda | Wayward Wandering"}]},{"@type":"WebSite","@id":"https:\/\/veredes.es\/blog\/#website","url":"https:\/\/veredes.es\/blog\/","name":"veredes, arquitectura y divulgaci\u00f3n","description":"veredes","publisher":{"@id":"https:\/\/veredes.es\/blog\/#organization"},"alternateName":"veredes","potentialAction":[{"@type":"SearchAction","target":{"@type":"EntryPoint","urlTemplate":"https:\/\/veredes.es\/blog\/?s={search_term_string}"},"query-input":{"@type":"PropertyValueSpecification","valueRequired":true,"valueName":"search_term_string"}}],"inLanguage":"es"},{"@type":"Organization","@id":"https:\/\/veredes.es\/blog\/#organization","name":"veredes, arquitectura y divulgaci\u00f3n","alternateName":"veredes","url":"https:\/\/veredes.es\/blog\/","logo":{"@type":"ImageObject","inLanguage":"es","@id":"https:\/\/veredes.es\/blog\/#\/schema\/logo\/image\/","url":"https:\/\/veredes.es\/blog\/wp-content\/uploads\/2021\/12\/veredes-logo-centrado_140x54.png","contentUrl":"https:\/\/veredes.es\/blog\/wp-content\/uploads\/2021\/12\/veredes-logo-centrado_140x54.png","width":140,"height":54,"caption":"veredes, arquitectura y divulgaci\u00f3n"},"image":{"@id":"https:\/\/veredes.es\/blog\/#\/schema\/logo\/image\/"},"sameAs":["https:\/\/www.facebook.com\/veredesArquitecturayDivulgacion\/","https:\/\/x.com\/veredes","https:\/\/instagram.com\/veredes\/","https:\/\/www.linkedin.com\/company\/veredes-arquitectura-y-divulgacion\/","https:\/\/es.pinterest.com\/veredes\/","https:\/\/www.tumblr.com\/veredes"]},{"@type":"Person","@id":"https:\/\/veredes.es\/blog\/#\/schema\/person\/914aaf0ccf84079f79389c458d1fbf75","name":"Wayward Wandering","image":{"@type":"ImageObject","inLanguage":"es","@id":"https:\/\/veredes.es\/blog\/wp-content\/uploads\/2018\/04\/Wayward-Wandering-96x96.jpg","url":"https:\/\/veredes.es\/blog\/wp-content\/uploads\/2018\/04\/Wayward-Wandering-96x96.jpg","contentUrl":"https:\/\/veredes.es\/blog\/wp-content\/uploads\/2018\/04\/Wayward-Wandering-96x96.jpg","caption":"Wayward Wandering"},"description":"Viaje en el espacio f\u00edsico de la ciudad, las ideas que lo crean, la materialidad que lo compone, las excepciones y desviaciones que proponen posibilidades nuevas. Wayward Wandering es te\u00f3rico de la arquitectura. Colabora con varios medios en el \u00e1mbito del pensamiento cr\u00edtico y es consultor de la Universidad de Edimburgo en el \u00e1rea de las artes y la arquitectura.","sameAs":["https:\/\/www.perspectivasanomalas.org\/","https:\/\/www.facebook.com\/perspectivasanomalas","https:\/\/www.linkedin.com\/company\/perspectivas-anmalas\/","https:\/\/x.com\/https:\/\/twitter.com\/perspanomalas"],"url":"https:\/\/veredes.es\/blog\/author\/wayward-wandering\/"}]}},"_links":{"self":[{"href":"https:\/\/veredes.es\/blog\/wp-json\/wp\/v2\/posts\/58852","targetHints":{"allow":["GET"]}}],"collection":[{"href":"https:\/\/veredes.es\/blog\/wp-json\/wp\/v2\/posts"}],"about":[{"href":"https:\/\/veredes.es\/blog\/wp-json\/wp\/v2\/types\/post"}],"author":[{"embeddable":true,"href":"https:\/\/veredes.es\/blog\/wp-json\/wp\/v2\/users\/46"}],"replies":[{"embeddable":true,"href":"https:\/\/veredes.es\/blog\/wp-json\/wp\/v2\/comments?post=58852"}],"version-history":[{"count":0,"href":"https:\/\/veredes.es\/blog\/wp-json\/wp\/v2\/posts\/58852\/revisions"}],"wp:featuredmedia":[{"embeddable":true,"href":"https:\/\/veredes.es\/blog\/wp-json\/wp\/v2\/media\/58853"}],"wp:attachment":[{"href":"https:\/\/veredes.es\/blog\/wp-json\/wp\/v2\/media?parent=58852"}],"wp:term":[{"taxonomy":"category","embeddable":true,"href":"https:\/\/veredes.es\/blog\/wp-json\/wp\/v2\/categories?post=58852"},{"taxonomy":"post_tag","embeddable":true,"href":"https:\/\/veredes.es\/blog\/wp-json\/wp\/v2\/tags?post=58852"}],"curies":[{"name":"wp","href":"https:\/\/api.w.org\/{rel}","templated":true}]}}