{"id":587,"date":"2009-12-02T11:43:52","date_gmt":"2009-12-02T10:43:52","guid":{"rendered":"http:\/\/veredes.webatu.com\/wordpress\/?p=587"},"modified":"2017-11-14T13:33:23","modified_gmt":"2017-11-14T12:33:23","slug":"exposicion-bonell-gil-arquitectos","status":"publish","type":"post","link":"https:\/\/veredes.es\/blog\/exposicion-bonell-gil-arquitectos\/","title":{"rendered":"BONELL &amp; GIL Arquitectos"},"content":{"rendered":"<p>Con la llegada de la democracia, las administraciones p\u00fablicas ponen en marcha una pol\u00edtica orientada a reestructurar el territorio catal\u00e1n, dot\u00e1ndolo de j\u00f3venes equipaciones sociales y j\u00f3venes infraestructuras, dimensionadas para calificar el territorio de una manera homog\u00e9nea y equilibrada.<\/p>\n<p style=\"text-align: justify;\">\n<p style=\"text-align: justify;\">Esta oportunidad para gestionar la obra p\u00fablica desde Catalu\u00f1a, fue aprovechada para potenciar la calidad arquitect\u00f3nica.La geometr\u00eda de sus edificios, rotunda y de dimensiones implacables, encontr\u00f3 la sensibilidad necesaria para establecer una relaci\u00f3n din\u00e1mica con su entorno.La envoltura de cada edificio se converti\u00f3 en un hito visual dentro de un paisaje que cerca la movilidad, pre\u00e1mbulo inevitable de la cultura del ocio.<\/p>\n<blockquote style=\"text-align: justify;\"><p><em>\u00ab(\u2026) Hay arquitectos a los que s\u00f3lo les interesa la arquitectura dibujada y hacer aportaciones te\u00f3ricas. Esteve y Josep Mar\u00eda son posibilistas. Siempre hacen lo que creen que se puede hacer sin renunciar la ninguna presentaci\u00f3n importante.<br \/>\n\u00bbHacer cosas raras es facil \u2014dice Gil\u2014 para complicar las cosas s\u00f3lo tienes que ir a\u00f1adiendo y a\u00f1adiendo. Lo dif\u00edcil es hacer las cosas sencillas, porque para hacer una cosa aparentemente sencilla tienes que escoger, y eso cuesta mucho m\u00e1s. O, como dec\u00eda Bach, es muy sencillo, s\u00f3lo hay que pulsar la nota adecuada en el momento oportuno. (\u2026)<br \/>\n\u00bb(\u2026)Yo dir\u00eda que lo que nos gusta es lo que gusta a todo el mundo \u2014replica Gil\u2014: dejarse querer. Lo que creo que hay en nuestras obras es un no s\u00e9 qu\u00e9 de presunci\u00f3n moral. Algo que, cuando ves muchas obras, echas en falta. Cuando digo rigor moral no quiero decir m\u00e1s que sentido com\u00fan, aceptar ideas que son diferentes de las tuyas y entender los criterios de cada cliente. Lo cierto es que somos posibilistas. Siempre procuramos, en cierto modo, transformar el deseo del cliente en el sentido de que eso nos ayude a hacer proyecto (\u2026)\u00bb<\/em><\/p><\/blockquote>\n<p style=\"text-align: right;\">Manuel Forast\u00e9 i Giravent<\/p>\n<p>Colexio Oficial de Arquitectos de Galicia<br \/>\nDelegaci\u00f3n de Vigo<br \/>\nDr. Cadaval 5, 36202 VIGO<br \/>\n(+34) 986 43 96 33<\/p>\n<p><span style=\"color: #888888;\">+ <\/span><a href=\"http:\/\/portal.coag.es\/\"><span style=\"color: #888888;\">http:\/\/www.coagvigo.es<\/span><\/a><\/p>","protected":false},"excerpt":{"rendered":"<p style=\"TEXT-ALIGN: justify\">Con la llegada de la democracia, las administraciones p\u00fablicas ponen en marcha una pol\u00edtica orientada a reestructurar el territorio catal\u00e1n, dot\u00e1ndolo de j\u00f3venes equipaciones sociales y j\u00f3venes infraestructuras, dimensionadas para calificar el territorio de una manera homog\u00e9nea y equilibrada.<\/p>\n<p style=\"TEXT-ALIGN: justify\"><img loading=\"lazy\" decoding=\"async\" class=\"alignnone size-large wp-image-588\" title=\"36\" src=\"http:\/\/veredes.webatu.com\/wordpress\/wp-content\/uploads\/2009\/12\/36-500x142.jpg\" alt=\"36\" width=\"500\" height=\"142\" \/><\/p>\n","protected":false},"author":2,"featured_media":588,"comment_status":"closed","ping_status":"closed","sticky":false,"template":"","format":"standard","meta":{"footnotes":""},"categories":[16],"tags":[556],"class_list":{"0":"post-587","1":"post","2":"type-post","3":"status-publish","4":"format-standard","5":"has-post-thumbnail","7":"category-eventos","8":"tag-exposicion"},"yoast_head":"<!-- This site is optimized with the Yoast SEO plugin v27.4 - https:\/\/yoast.com\/product\/yoast-seo-wordpress\/ -->\n<title>BONELL &amp; GIL Arquitectos - veredes<\/title>\n<meta name=\"description\" content=\"Toda la informaci\u00f3n sobre: BONELL &amp; GIL Arquitectos\" \/>\n<meta name=\"robots\" content=\"index, follow, max-snippet:-1, max-image-preview:large, max-video-preview:-1\" \/>\n<link rel=\"canonical\" href=\"https:\/\/veredes.es\/blog\/exposicion-bonell-gil-arquitectos\/\" \/>\n<meta property=\"og:locale\" content=\"es_ES\" \/>\n<meta property=\"og:type\" content=\"article\" \/>\n<meta property=\"og:title\" content=\"BONELL &amp; GIL Arquitectos - veredes\" \/>\n<meta property=\"og:description\" content=\"Toda la informaci\u00f3n sobre: BONELL &amp; GIL Arquitectos\" \/>\n<meta property=\"og:url\" content=\"https:\/\/veredes.es\/blog\/exposicion-bonell-gil-arquitectos\/\" \/>\n<meta property=\"og:site_name\" content=\"veredes, arquitectura y divulgaci\u00f3n\" \/>\n<meta property=\"article:publisher\" content=\"https:\/\/www.facebook.com\/veredesArquitecturayDivulgacion\/\" \/>\n<meta property=\"article:author\" content=\"https:\/\/www.facebook.com\/veredesArquitecturayDivulgacion\/\" \/>\n<meta property=\"article:published_time\" content=\"2009-12-02T10:43:52+00:00\" \/>\n<meta property=\"article:modified_time\" content=\"2017-11-14T12:33:23+00:00\" \/>\n<meta property=\"og:image\" content=\"https:\/\/veredes.es\/blog\/wp-content\/uploads\/2009\/12\/361.jpg\" \/>\n\t<meta property=\"og:image:width\" content=\"630\" \/>\n\t<meta property=\"og:image:height\" content=\"180\" \/>\n\t<meta property=\"og:image:type\" content=\"image\/jpeg\" \/>\n<meta name=\"author\" content=\"veredes\" \/>\n<meta name=\"twitter:card\" content=\"summary_large_image\" \/>\n<meta name=\"twitter:creator\" content=\"@https:\/\/twitter.com\/veredes\" \/>\n<meta name=\"twitter:site\" content=\"@veredes\" \/>\n<meta name=\"twitter:label1\" content=\"Escrito por\" \/>\n\t<meta name=\"twitter:data1\" content=\"veredes\" \/>\n\t<meta name=\"twitter:label2\" content=\"Tiempo de lectura\" \/>\n\t<meta name=\"twitter:data2\" content=\"5 minutos\" \/>\n<script type=\"application\/ld+json\" class=\"yoast-schema-graph\">{\"@context\":\"https:\\\/\\\/schema.org\",\"@graph\":[{\"@type\":\"Article\",\"@id\":\"https:\\\/\\\/veredes.es\\\/blog\\\/exposicion-bonell-gil-arquitectos\\\/#article\",\"isPartOf\":{\"@id\":\"https:\\\/\\\/veredes.es\\\/blog\\\/exposicion-bonell-gil-arquitectos\\\/\"},\"author\":{\"name\":\"veredes\",\"@id\":\"https:\\\/\\\/veredes.es\\\/blog\\\/#\\\/schema\\\/person\\\/0bbb669073ef7faba5168a0844e93d2c\"},\"headline\":\"BONELL &amp; GIL Arquitectos\",\"datePublished\":\"2009-12-02T10:43:52+00:00\",\"dateModified\":\"2017-11-14T12:33:23+00:00\",\"mainEntityOfPage\":{\"@id\":\"https:\\\/\\\/veredes.es\\\/blog\\\/exposicion-bonell-gil-arquitectos\\\/\"},\"wordCount\":1003,\"publisher\":{\"@id\":\"https:\\\/\\\/veredes.es\\\/blog\\\/#organization\"},\"image\":{\"@id\":\"https:\\\/\\\/veredes.es\\\/blog\\\/exposicion-bonell-gil-arquitectos\\\/#primaryimage\"},\"thumbnailUrl\":\"https:\\\/\\\/veredes.es\\\/blog\\\/wp-content\\\/uploads\\\/2009\\\/12\\\/361.jpg\",\"keywords\":[\"exposici\u00f3n\"],\"articleSection\":[\"eventos\"],\"inLanguage\":\"es\"},{\"@type\":\"WebPage\",\"@id\":\"https:\\\/\\\/veredes.es\\\/blog\\\/exposicion-bonell-gil-arquitectos\\\/\",\"url\":\"https:\\\/\\\/veredes.es\\\/blog\\\/exposicion-bonell-gil-arquitectos\\\/\",\"name\":\"BONELL &amp; GIL Arquitectos - veredes\",\"isPartOf\":{\"@id\":\"https:\\\/\\\/veredes.es\\\/blog\\\/#website\"},\"primaryImageOfPage\":{\"@id\":\"https:\\\/\\\/veredes.es\\\/blog\\\/exposicion-bonell-gil-arquitectos\\\/#primaryimage\"},\"image\":{\"@id\":\"https:\\\/\\\/veredes.es\\\/blog\\\/exposicion-bonell-gil-arquitectos\\\/#primaryimage\"},\"thumbnailUrl\":\"https:\\\/\\\/veredes.es\\\/blog\\\/wp-content\\\/uploads\\\/2009\\\/12\\\/361.jpg\",\"datePublished\":\"2009-12-02T10:43:52+00:00\",\"dateModified\":\"2017-11-14T12:33:23+00:00\",\"description\":\"Toda la informaci\u00f3n sobre: BONELL &amp; GIL Arquitectos\",\"breadcrumb\":{\"@id\":\"https:\\\/\\\/veredes.es\\\/blog\\\/exposicion-bonell-gil-arquitectos\\\/#breadcrumb\"},\"inLanguage\":\"es\",\"potentialAction\":[{\"@type\":\"ReadAction\",\"target\":[\"https:\\\/\\\/veredes.es\\\/blog\\\/exposicion-bonell-gil-arquitectos\\\/\"]}]},{\"@type\":\"ImageObject\",\"inLanguage\":\"es\",\"@id\":\"https:\\\/\\\/veredes.es\\\/blog\\\/exposicion-bonell-gil-arquitectos\\\/#primaryimage\",\"url\":\"https:\\\/\\\/veredes.es\\\/blog\\\/wp-content\\\/uploads\\\/2009\\\/12\\\/361.jpg\",\"contentUrl\":\"https:\\\/\\\/veredes.es\\\/blog\\\/wp-content\\\/uploads\\\/2009\\\/12\\\/361.jpg\",\"width\":\"630\",\"height\":\"180\"},{\"@type\":\"BreadcrumbList\",\"@id\":\"https:\\\/\\\/veredes.es\\\/blog\\\/exposicion-bonell-gil-arquitectos\\\/#breadcrumb\",\"itemListElement\":[{\"@type\":\"ListItem\",\"position\":1,\"name\":\"Portada\",\"item\":\"https:\\\/\\\/veredes.es\\\/blog\\\/\"},{\"@type\":\"ListItem\",\"position\":2,\"name\":\"BONELL &amp; GIL Arquitectos\"}]},{\"@type\":\"WebSite\",\"@id\":\"https:\\\/\\\/veredes.es\\\/blog\\\/#website\",\"url\":\"https:\\\/\\\/veredes.es\\\/blog\\\/\",\"name\":\"veredes, arquitectura y divulgaci\u00f3n\",\"description\":\"veredes\",\"publisher\":{\"@id\":\"https:\\\/\\\/veredes.es\\\/blog\\\/#organization\"},\"alternateName\":\"veredes\",\"potentialAction\":[{\"@type\":\"SearchAction\",\"target\":{\"@type\":\"EntryPoint\",\"urlTemplate\":\"https:\\\/\\\/veredes.es\\\/blog\\\/?s={search_term_string}\"},\"query-input\":{\"@type\":\"PropertyValueSpecification\",\"valueRequired\":true,\"valueName\":\"search_term_string\"}}],\"inLanguage\":\"es\"},{\"@type\":\"Organization\",\"@id\":\"https:\\\/\\\/veredes.es\\\/blog\\\/#organization\",\"name\":\"veredes, arquitectura y divulgaci\u00f3n\",\"alternateName\":\"veredes\",\"url\":\"https:\\\/\\\/veredes.es\\\/blog\\\/\",\"logo\":{\"@type\":\"ImageObject\",\"inLanguage\":\"es\",\"@id\":\"https:\\\/\\\/veredes.es\\\/blog\\\/#\\\/schema\\\/logo\\\/image\\\/\",\"url\":\"https:\\\/\\\/veredes.es\\\/blog\\\/wp-content\\\/uploads\\\/2021\\\/12\\\/veredes-logo-centrado_140x54.png\",\"contentUrl\":\"https:\\\/\\\/veredes.es\\\/blog\\\/wp-content\\\/uploads\\\/2021\\\/12\\\/veredes-logo-centrado_140x54.png\",\"width\":140,\"height\":54,\"caption\":\"veredes, arquitectura y divulgaci\u00f3n\"},\"image\":{\"@id\":\"https:\\\/\\\/veredes.es\\\/blog\\\/#\\\/schema\\\/logo\\\/image\\\/\"},\"sameAs\":[\"https:\\\/\\\/www.facebook.com\\\/veredesArquitecturayDivulgacion\\\/\",\"https:\\\/\\\/x.com\\\/veredes\",\"https:\\\/\\\/instagram.com\\\/veredes\\\/\",\"https:\\\/\\\/www.linkedin.com\\\/company\\\/veredes-arquitectura-y-divulgacion\\\/\",\"https:\\\/\\\/es.pinterest.com\\\/veredes\\\/\",\"https:\\\/\\\/www.tumblr.com\\\/veredes\"]},{\"@type\":\"Person\",\"@id\":\"https:\\\/\\\/veredes.es\\\/blog\\\/#\\\/schema\\\/person\\\/0bbb669073ef7faba5168a0844e93d2c\",\"name\":\"veredes\",\"image\":{\"@type\":\"ImageObject\",\"inLanguage\":\"es\",\"@id\":\"https:\\\/\\\/veredes.es\\\/blog\\\/wp-content\\\/uploads\\\/2018\\\/04\\\/face-96x96.jpg\",\"url\":\"https:\\\/\\\/veredes.es\\\/blog\\\/wp-content\\\/uploads\\\/2018\\\/04\\\/face-96x96.jpg\",\"contentUrl\":\"https:\\\/\\\/veredes.es\\\/blog\\\/wp-content\\\/uploads\\\/2018\\\/04\\\/face-96x96.jpg\",\"caption\":\"veredes\"},\"description\":\"Surge enero de 2009 como b\u00fasqueda de satisfacer el conocimiento de la actividad arquitect\u00f3nica y tangentes que se generan. La idea es crear un espacio para divulgar los diversos proyectos en busca de nueva inspiraci\u00f3n y de intercambio.\",\"sameAs\":[\"https:\\\/\\\/veredes.es\\\/\",\"https:\\\/\\\/www.facebook.com\\\/veredesArquitecturayDivulgacion\\\/\",\"https:\\\/\\\/www.instagram.com\\\/veredes\\\/\",\"https:\\\/\\\/www.linkedin.com\\\/company\\\/veredes-arquitectura-y-divulgacion\\\/\",\"https:\\\/\\\/www.pinterest.es\\\/veredes\\\/\",\"https:\\\/\\\/x.com\\\/https:\\\/\\\/twitter.com\\\/veredes\",\"https:\\\/\\\/veredes.tumblr.com\\\/\"],\"url\":\"https:\\\/\\\/veredes.es\\\/blog\\\/author\\\/alberto\\\/\"}]}<\/script>\n<!-- \/ Yoast SEO plugin. -->","yoast_head_json":{"title":"BONELL &amp; GIL Arquitectos - veredes","description":"Toda la informaci\u00f3n sobre: BONELL &amp; GIL Arquitectos","robots":{"index":"index","follow":"follow","max-snippet":"max-snippet:-1","max-image-preview":"max-image-preview:large","max-video-preview":"max-video-preview:-1"},"canonical":"https:\/\/veredes.es\/blog\/exposicion-bonell-gil-arquitectos\/","og_locale":"es_ES","og_type":"article","og_title":"BONELL &amp; GIL Arquitectos - veredes","og_description":"Toda la informaci\u00f3n sobre: BONELL &amp; GIL Arquitectos","og_url":"https:\/\/veredes.es\/blog\/exposicion-bonell-gil-arquitectos\/","og_site_name":"veredes, arquitectura y divulgaci\u00f3n","article_publisher":"https:\/\/www.facebook.com\/veredesArquitecturayDivulgacion\/","article_author":"https:\/\/www.facebook.com\/veredesArquitecturayDivulgacion\/","article_published_time":"2009-12-02T10:43:52+00:00","article_modified_time":"2017-11-14T12:33:23+00:00","og_image":[{"width":630,"height":180,"url":"https:\/\/veredes.es\/blog\/wp-content\/uploads\/2009\/12\/361.jpg","type":"image\/jpeg"}],"author":"veredes","twitter_card":"summary_large_image","twitter_creator":"@https:\/\/twitter.com\/veredes","twitter_site":"@veredes","twitter_misc":{"Escrito por":"veredes","Tiempo de lectura":"5 minutos"},"schema":{"@context":"https:\/\/schema.org","@graph":[{"@type":"Article","@id":"https:\/\/veredes.es\/blog\/exposicion-bonell-gil-arquitectos\/#article","isPartOf":{"@id":"https:\/\/veredes.es\/blog\/exposicion-bonell-gil-arquitectos\/"},"author":{"name":"veredes","@id":"https:\/\/veredes.es\/blog\/#\/schema\/person\/0bbb669073ef7faba5168a0844e93d2c"},"headline":"BONELL &amp; GIL Arquitectos","datePublished":"2009-12-02T10:43:52+00:00","dateModified":"2017-11-14T12:33:23+00:00","mainEntityOfPage":{"@id":"https:\/\/veredes.es\/blog\/exposicion-bonell-gil-arquitectos\/"},"wordCount":1003,"publisher":{"@id":"https:\/\/veredes.es\/blog\/#organization"},"image":{"@id":"https:\/\/veredes.es\/blog\/exposicion-bonell-gil-arquitectos\/#primaryimage"},"thumbnailUrl":"https:\/\/veredes.es\/blog\/wp-content\/uploads\/2009\/12\/361.jpg","keywords":["exposici\u00f3n"],"articleSection":["eventos"],"inLanguage":"es"},{"@type":"WebPage","@id":"https:\/\/veredes.es\/blog\/exposicion-bonell-gil-arquitectos\/","url":"https:\/\/veredes.es\/blog\/exposicion-bonell-gil-arquitectos\/","name":"BONELL &amp; GIL Arquitectos - veredes","isPartOf":{"@id":"https:\/\/veredes.es\/blog\/#website"},"primaryImageOfPage":{"@id":"https:\/\/veredes.es\/blog\/exposicion-bonell-gil-arquitectos\/#primaryimage"},"image":{"@id":"https:\/\/veredes.es\/blog\/exposicion-bonell-gil-arquitectos\/#primaryimage"},"thumbnailUrl":"https:\/\/veredes.es\/blog\/wp-content\/uploads\/2009\/12\/361.jpg","datePublished":"2009-12-02T10:43:52+00:00","dateModified":"2017-11-14T12:33:23+00:00","description":"Toda la informaci\u00f3n sobre: BONELL &amp; GIL Arquitectos","breadcrumb":{"@id":"https:\/\/veredes.es\/blog\/exposicion-bonell-gil-arquitectos\/#breadcrumb"},"inLanguage":"es","potentialAction":[{"@type":"ReadAction","target":["https:\/\/veredes.es\/blog\/exposicion-bonell-gil-arquitectos\/"]}]},{"@type":"ImageObject","inLanguage":"es","@id":"https:\/\/veredes.es\/blog\/exposicion-bonell-gil-arquitectos\/#primaryimage","url":"https:\/\/veredes.es\/blog\/wp-content\/uploads\/2009\/12\/361.jpg","contentUrl":"https:\/\/veredes.es\/blog\/wp-content\/uploads\/2009\/12\/361.jpg","width":"630","height":"180"},{"@type":"BreadcrumbList","@id":"https:\/\/veredes.es\/blog\/exposicion-bonell-gil-arquitectos\/#breadcrumb","itemListElement":[{"@type":"ListItem","position":1,"name":"Portada","item":"https:\/\/veredes.es\/blog\/"},{"@type":"ListItem","position":2,"name":"BONELL &amp; GIL Arquitectos"}]},{"@type":"WebSite","@id":"https:\/\/veredes.es\/blog\/#website","url":"https:\/\/veredes.es\/blog\/","name":"veredes, arquitectura y divulgaci\u00f3n","description":"veredes","publisher":{"@id":"https:\/\/veredes.es\/blog\/#organization"},"alternateName":"veredes","potentialAction":[{"@type":"SearchAction","target":{"@type":"EntryPoint","urlTemplate":"https:\/\/veredes.es\/blog\/?s={search_term_string}"},"query-input":{"@type":"PropertyValueSpecification","valueRequired":true,"valueName":"search_term_string"}}],"inLanguage":"es"},{"@type":"Organization","@id":"https:\/\/veredes.es\/blog\/#organization","name":"veredes, arquitectura y divulgaci\u00f3n","alternateName":"veredes","url":"https:\/\/veredes.es\/blog\/","logo":{"@type":"ImageObject","inLanguage":"es","@id":"https:\/\/veredes.es\/blog\/#\/schema\/logo\/image\/","url":"https:\/\/veredes.es\/blog\/wp-content\/uploads\/2021\/12\/veredes-logo-centrado_140x54.png","contentUrl":"https:\/\/veredes.es\/blog\/wp-content\/uploads\/2021\/12\/veredes-logo-centrado_140x54.png","width":140,"height":54,"caption":"veredes, arquitectura y divulgaci\u00f3n"},"image":{"@id":"https:\/\/veredes.es\/blog\/#\/schema\/logo\/image\/"},"sameAs":["https:\/\/www.facebook.com\/veredesArquitecturayDivulgacion\/","https:\/\/x.com\/veredes","https:\/\/instagram.com\/veredes\/","https:\/\/www.linkedin.com\/company\/veredes-arquitectura-y-divulgacion\/","https:\/\/es.pinterest.com\/veredes\/","https:\/\/www.tumblr.com\/veredes"]},{"@type":"Person","@id":"https:\/\/veredes.es\/blog\/#\/schema\/person\/0bbb669073ef7faba5168a0844e93d2c","name":"veredes","image":{"@type":"ImageObject","inLanguage":"es","@id":"https:\/\/veredes.es\/blog\/wp-content\/uploads\/2018\/04\/face-96x96.jpg","url":"https:\/\/veredes.es\/blog\/wp-content\/uploads\/2018\/04\/face-96x96.jpg","contentUrl":"https:\/\/veredes.es\/blog\/wp-content\/uploads\/2018\/04\/face-96x96.jpg","caption":"veredes"},"description":"Surge enero de 2009 como b\u00fasqueda de satisfacer el conocimiento de la actividad arquitect\u00f3nica y tangentes que se generan. La idea es crear un espacio para divulgar los diversos proyectos en busca de nueva inspiraci\u00f3n y de intercambio.","sameAs":["https:\/\/veredes.es\/","https:\/\/www.facebook.com\/veredesArquitecturayDivulgacion\/","https:\/\/www.instagram.com\/veredes\/","https:\/\/www.linkedin.com\/company\/veredes-arquitectura-y-divulgacion\/","https:\/\/www.pinterest.es\/veredes\/","https:\/\/x.com\/https:\/\/twitter.com\/veredes","https:\/\/veredes.tumblr.com\/"],"url":"https:\/\/veredes.es\/blog\/author\/alberto\/"}]}},"_links":{"self":[{"href":"https:\/\/veredes.es\/blog\/wp-json\/wp\/v2\/posts\/587","targetHints":{"allow":["GET"]}}],"collection":[{"href":"https:\/\/veredes.es\/blog\/wp-json\/wp\/v2\/posts"}],"about":[{"href":"https:\/\/veredes.es\/blog\/wp-json\/wp\/v2\/types\/post"}],"author":[{"embeddable":true,"href":"https:\/\/veredes.es\/blog\/wp-json\/wp\/v2\/users\/2"}],"replies":[{"embeddable":true,"href":"https:\/\/veredes.es\/blog\/wp-json\/wp\/v2\/comments?post=587"}],"version-history":[{"count":0,"href":"https:\/\/veredes.es\/blog\/wp-json\/wp\/v2\/posts\/587\/revisions"}],"wp:featuredmedia":[{"embeddable":true,"href":"https:\/\/veredes.es\/blog\/wp-json\/wp\/v2\/media\/588"}],"wp:attachment":[{"href":"https:\/\/veredes.es\/blog\/wp-json\/wp\/v2\/media?parent=587"}],"wp:term":[{"taxonomy":"category","embeddable":true,"href":"https:\/\/veredes.es\/blog\/wp-json\/wp\/v2\/categories?post=587"},{"taxonomy":"post_tag","embeddable":true,"href":"https:\/\/veredes.es\/blog\/wp-json\/wp\/v2\/tags?post=587"}],"curies":[{"name":"wp","href":"https:\/\/api.w.org\/{rel}","templated":true}]}}