{"id":58672,"date":"2016-02-23T06:19:58","date_gmt":"2016-02-23T05:19:58","guid":{"rendered":"http:\/\/veredes.es\/blog\/?p=58672"},"modified":"2016-02-24T16:31:40","modified_gmt":"2016-02-24T15:31:40","slug":"rcr-arquitectes-creatividad-compartida","status":"publish","type":"post","link":"https:\/\/veredes.es\/blog\/rcr-arquitectes-creatividad-compartida\/","title":{"rendered":"RCR Arquitectes. Creatividad Compartida"},"content":{"rendered":"<p><\/p>\n<p style=\"text-align: justify;\"><a href=\"http:\/\/veredes.es\/blog\/wp-content\/uploads\/2015\/12\/RCR-Arquitectes.jpg\"><img loading=\"lazy\" decoding=\"async\" class=\"alignnone size-full wp-image-58674\" src=\"http:\/\/veredes.es\/blog\/wp-content\/uploads\/2015\/12\/RCR-Arquitectes.jpg\" alt=\"RCR-Arquitectes\" width=\"625\" height=\"305\" srcset=\"https:\/\/veredes.es\/blog\/wp-content\/uploads\/2015\/12\/RCR-Arquitectes.jpg 625w, https:\/\/veredes.es\/blog\/wp-content\/uploads\/2015\/12\/RCR-Arquitectes-300x146.jpg 300w\" sizes=\"auto, (max-width: 625px) 100vw, 625px\" \/><\/a><\/p>\n<p style=\"text-align: justify;\">La pr\u00f3xima exposici\u00f3n que albergar\u00e1 el Museo ICO en Madrid, <strong>\u201c<a href=\"http:\/\/www.fundacionico.es\/index.php?id=426\" target=\"_blank\">RCR Arquitectes. Creatividad Compartida<\/a>\u201d<\/strong>, mostrar\u00e1 los m\u00e1s de 25 a\u00f1os de trayectoria profesional de los catalanes Rafael Aranda, Carme Pigem y Ram\u00f3n Vilalta, al frente del estudio de arquitectura RCR Arquitectes.<\/p>\n<p style=\"text-align: justify;\">Entre las obras que estar\u00e1n en esta nueva exposici\u00f3n del a\u00f1o 2016 en el Museo ICO se encuentra el Museo Soulages, en Rodez (Francia), por el que RCR Arquitectes recibi\u00f3 el pasado 28 de octubre el Primer Premio en los PAEI (Premio de Arquitectura Espa\u00f1ola Internacional 2015), dentro de la modalidad de arquitectura, que concede el Consejo Superior de Colegios de Arquitectos de Espa\u00f1a.<\/p>\n<p style=\"text-align: justify;\">RCR crea una arquitectura tel\u00farica que parece haber sido expulsada por los volcanes que rodean Olot. Realizados con materiales de enorme expresividad (acero cort\u00e9n, piedra natural sin desbastar, hormig\u00f3n visto, grandes superficies de vidrio\u2026), sus edificios se funden con el paisaje en el que se asientan, desmaterializando los l\u00edmites entre interior y exterior para conseguir una mayor comuni\u00f3n de sus moradores con la naturaleza. Maquetas, croquis, diversos elementos de construcci\u00f3n utilizados en sus edificios y audiovisuales constituyen parte de los materiales que conforman esta muestra. Entre ellos, los dibujos, esbozos y acuarelas juegan un papel primordial en las fases de proyecto y materializaci\u00f3n de sus edificios.<\/p>\n<blockquote>\n<p style=\"text-align: justify;\">\u201c<em>Esta es la primera exposici\u00f3n de las tres que albergar\u00e1 el Museo ICO a lo largo del a\u00f1o 2016. Estamos seguros de que suscitar\u00e1 tanto inter\u00e9s como las de a\u00f1os anteriores, ya que se trata de uno de los estudios espa\u00f1oles de arquitectura con m\u00e1s prestigio y proyecci\u00f3n internacional. Con \u201cRCR Arquitectes. Creatividad compartida\u201d queremos, desde el Museo ICO, continuar acercando a toda la sociedad la arquitectura espa\u00f1ola actual, que pivotar\u00e1\u00a0 este a\u00f1o entre Catalu\u00f1a y Andaluc\u00eda, de donde traeremos a partir de octubre la obra de los sevillanos Cruz y Ortiz\u201d<\/em>.<\/p>\n<p style=\"text-align: right;\"><strong>M\u00f3nica de Linos, directora de la Fundaci\u00f3n ICO.<\/strong><\/p>\n<\/blockquote>\n<p style=\"text-align: justify;\">La exposici\u00f3n del Museo ICO \u201c<a href=\"http:\/\/www.fundacionico.es\/index.php?id=426\" target=\"_blank\">RCR Arquitectes. Creatividad Compartida<\/a>\u201d es la fusi\u00f3n de las muestras \u201cRCR Arquitectes. Creatividad compartida\u201d (Palau Robert, del 26 de marzo al 13 de septiembre de 2015, con m\u00e1s de 70.000 visitantes) y \u201cRCR Arquitectes. Papeles\u201d (Arts Santa M\u00f3nica, del 19 de mayo al 13 de septiembre de 2015), organizadas, respectivamente, por el <strong>Departamento de la Presidencia<\/strong> y el <strong>Departamento de Cultura de la Generalitat de Catalunya,<\/strong> en colaboraci\u00f3n con <strong>RCR \u2022 BUNKA Fundaci\u00f3n privada.<\/strong><\/p>\n<p style=\"text-align: justify;\"><strong>\u201c<a href=\"http:\/\/www.fundacionico.es\/index.php?id=426\" target=\"_blank\">RCR Arquitectes. Creatividad Compartida<\/a>\u201d<\/strong><br \/>\n24 de febrero-8 de mayo 2016<br \/>\nMuseo ICO<br \/>\nEntrada gratuita<\/p>\n<p><\/p>","protected":false},"excerpt":{"rendered":"<p>La pr\u00f3xima exposici\u00f3n que albergar\u00e1 el Museo ICO en Madrid, \u201cRCR Arquitectes. Creatividad Compartida\u201d, mostrar\u00e1 los m\u00e1s de 25 a\u00f1os de trayectoria profesional de los catalanes Rafael Aranda, Carme Pigem y Ram\u00f3n Vilalta, al frente del estudio de arquitectura RCR Arquitectes. Entre las obras que estar\u00e1n en esta nueva exposici\u00f3n del a\u00f1o 2016 en el [&hellip;]<\/p>\n","protected":false},"author":2,"featured_media":58674,"comment_status":"closed","ping_status":"closed","sticky":false,"template":"","format":"standard","meta":{"footnotes":""},"categories":[16,1382],"tags":[6267,2631,5445,394,424,12445,556,7586,12252,5446,5444],"class_list":{"0":"post-58672","1":"post","2":"type-post","3":"status-publish","4":"format-standard","5":"has-post-thumbnail","7":"category-eventos","8":"category-exposiciones","10":"tag-arquitectura-espanola","11":"tag-carme-pigem","12":"tag-cscae","13":"tag-dibujo","14":"tag-evento","15":"tag-exposicion","16":"tag-museo-ico","17":"tag-premio-paei","18":"tag-rafael-aranda","19":"tag-ramon-vilalta"},"yoast_head":"<!-- This site is optimized with the Yoast SEO plugin v27.4 - https:\/\/yoast.com\/product\/yoast-seo-wordpress\/ -->\n<title>RCR Arquitectes. Creatividad CompartidaRCR Arquitectes. Shared creativityRCR Arquitectes. Creatividade Compartida - veredes<\/title>\n<meta name=\"description\" content=\"Toda la informaci\u00f3n sobre: RCR Arquitectes. Creatividad CompartidaRCR Arquitectes. Shared creativityRCR Arquitectes. Creatividade Compartida\" \/>\n<meta name=\"robots\" content=\"index, follow, max-snippet:-1, max-image-preview:large, max-video-preview:-1\" \/>\n<link rel=\"canonical\" href=\"https:\/\/veredes.es\/blog\/rcr-arquitectes-creatividad-compartida\/\" \/>\n<meta property=\"og:locale\" content=\"es_ES\" \/>\n<meta property=\"og:type\" content=\"article\" \/>\n<meta property=\"og:title\" content=\"RCR Arquitectes. Creatividad CompartidaRCR Arquitectes. Shared creativityRCR Arquitectes. Creatividade Compartida - veredes\" \/>\n<meta property=\"og:description\" content=\"Toda la informaci\u00f3n sobre: RCR Arquitectes. Creatividad CompartidaRCR Arquitectes. Shared creativityRCR Arquitectes. Creatividade Compartida\" \/>\n<meta property=\"og:url\" content=\"https:\/\/veredes.es\/blog\/rcr-arquitectes-creatividad-compartida\/\" \/>\n<meta property=\"og:site_name\" content=\"veredes, arquitectura y divulgaci\u00f3n\" \/>\n<meta property=\"article:publisher\" content=\"https:\/\/www.facebook.com\/veredesArquitecturayDivulgacion\/\" \/>\n<meta property=\"article:author\" content=\"https:\/\/www.facebook.com\/veredesArquitecturayDivulgacion\/\" \/>\n<meta property=\"article:published_time\" content=\"2016-02-23T05:19:58+00:00\" \/>\n<meta property=\"article:modified_time\" content=\"2016-02-24T15:31:40+00:00\" \/>\n<meta property=\"og:image\" content=\"https:\/\/veredes.es\/blog\/wp-content\/uploads\/2015\/12\/RCR-Arquitectes.jpg\" \/>\n\t<meta property=\"og:image:width\" content=\"625\" \/>\n\t<meta property=\"og:image:height\" content=\"305\" \/>\n\t<meta property=\"og:image:type\" content=\"image\/jpeg\" \/>\n<meta name=\"author\" content=\"veredes\" \/>\n<meta name=\"twitter:card\" content=\"summary_large_image\" \/>\n<meta name=\"twitter:creator\" content=\"@https:\/\/twitter.com\/veredes\" \/>\n<meta name=\"twitter:site\" content=\"@veredes\" \/>\n<meta name=\"twitter:label1\" content=\"Escrito por\" \/>\n\t<meta name=\"twitter:data1\" content=\"veredes\" \/>\n\t<meta name=\"twitter:label2\" content=\"Tiempo de lectura\" \/>\n\t<meta name=\"twitter:data2\" content=\"6 minutos\" \/>\n<script type=\"application\/ld+json\" class=\"yoast-schema-graph\">{\"@context\":\"https:\\\/\\\/schema.org\",\"@graph\":[{\"@type\":\"Article\",\"@id\":\"https:\\\/\\\/veredes.es\\\/blog\\\/rcr-arquitectes-creatividad-compartida\\\/#article\",\"isPartOf\":{\"@id\":\"https:\\\/\\\/veredes.es\\\/blog\\\/rcr-arquitectes-creatividad-compartida\\\/\"},\"author\":{\"name\":\"veredes\",\"@id\":\"https:\\\/\\\/veredes.es\\\/blog\\\/#\\\/schema\\\/person\\\/0bbb669073ef7faba5168a0844e93d2c\"},\"headline\":\"RCR Arquitectes. Creatividad Compartida\",\"datePublished\":\"2016-02-23T05:19:58+00:00\",\"dateModified\":\"2016-02-24T15:31:40+00:00\",\"mainEntityOfPage\":{\"@id\":\"https:\\\/\\\/veredes.es\\\/blog\\\/rcr-arquitectes-creatividad-compartida\\\/\"},\"wordCount\":1232,\"publisher\":{\"@id\":\"https:\\\/\\\/veredes.es\\\/blog\\\/#organization\"},\"image\":{\"@id\":\"https:\\\/\\\/veredes.es\\\/blog\\\/rcr-arquitectes-creatividad-compartida\\\/#primaryimage\"},\"thumbnailUrl\":\"https:\\\/\\\/veredes.es\\\/blog\\\/wp-content\\\/uploads\\\/2015\\\/12\\\/RCR-Arquitectes.jpg\",\"keywords\":[\"arquitectura catalana\",\"arquitectura espa\u00f1ola\",\"Carme Pigem\",\"CSCAE\",\"dibujo\",\"evento\",\"exposici\u00f3n\",\"Museo ICO\",\"premio paei\",\"Rafael Aranda\",\"Ramon Vilalta\"],\"articleSection\":[\"eventos\",\"exposiciones\"],\"inLanguage\":\"es\"},{\"@type\":\"WebPage\",\"@id\":\"https:\\\/\\\/veredes.es\\\/blog\\\/rcr-arquitectes-creatividad-compartida\\\/\",\"url\":\"https:\\\/\\\/veredes.es\\\/blog\\\/rcr-arquitectes-creatividad-compartida\\\/\",\"name\":\"RCR Arquitectes. Creatividad CompartidaRCR Arquitectes. Shared creativityRCR Arquitectes. Creatividade Compartida - veredes\",\"isPartOf\":{\"@id\":\"https:\\\/\\\/veredes.es\\\/blog\\\/#website\"},\"primaryImageOfPage\":{\"@id\":\"https:\\\/\\\/veredes.es\\\/blog\\\/rcr-arquitectes-creatividad-compartida\\\/#primaryimage\"},\"image\":{\"@id\":\"https:\\\/\\\/veredes.es\\\/blog\\\/rcr-arquitectes-creatividad-compartida\\\/#primaryimage\"},\"thumbnailUrl\":\"https:\\\/\\\/veredes.es\\\/blog\\\/wp-content\\\/uploads\\\/2015\\\/12\\\/RCR-Arquitectes.jpg\",\"datePublished\":\"2016-02-23T05:19:58+00:00\",\"dateModified\":\"2016-02-24T15:31:40+00:00\",\"description\":\"Toda la informaci\u00f3n sobre: RCR Arquitectes. Creatividad CompartidaRCR Arquitectes. Shared creativityRCR Arquitectes. Creatividade Compartida\",\"breadcrumb\":{\"@id\":\"https:\\\/\\\/veredes.es\\\/blog\\\/rcr-arquitectes-creatividad-compartida\\\/#breadcrumb\"},\"inLanguage\":\"es\",\"potentialAction\":[{\"@type\":\"ReadAction\",\"target\":[\"https:\\\/\\\/veredes.es\\\/blog\\\/rcr-arquitectes-creatividad-compartida\\\/\"]}]},{\"@type\":\"ImageObject\",\"inLanguage\":\"es\",\"@id\":\"https:\\\/\\\/veredes.es\\\/blog\\\/rcr-arquitectes-creatividad-compartida\\\/#primaryimage\",\"url\":\"https:\\\/\\\/veredes.es\\\/blog\\\/wp-content\\\/uploads\\\/2015\\\/12\\\/RCR-Arquitectes.jpg\",\"contentUrl\":\"https:\\\/\\\/veredes.es\\\/blog\\\/wp-content\\\/uploads\\\/2015\\\/12\\\/RCR-Arquitectes.jpg\",\"width\":625,\"height\":305},{\"@type\":\"BreadcrumbList\",\"@id\":\"https:\\\/\\\/veredes.es\\\/blog\\\/rcr-arquitectes-creatividad-compartida\\\/#breadcrumb\",\"itemListElement\":[{\"@type\":\"ListItem\",\"position\":1,\"name\":\"Portada\",\"item\":\"https:\\\/\\\/veredes.es\\\/blog\\\/\"},{\"@type\":\"ListItem\",\"position\":2,\"name\":\"RCR Arquitectes. Creatividad Compartida\"}]},{\"@type\":\"WebSite\",\"@id\":\"https:\\\/\\\/veredes.es\\\/blog\\\/#website\",\"url\":\"https:\\\/\\\/veredes.es\\\/blog\\\/\",\"name\":\"veredes, arquitectura y divulgaci\u00f3n\",\"description\":\"veredes\",\"publisher\":{\"@id\":\"https:\\\/\\\/veredes.es\\\/blog\\\/#organization\"},\"alternateName\":\"veredes\",\"potentialAction\":[{\"@type\":\"SearchAction\",\"target\":{\"@type\":\"EntryPoint\",\"urlTemplate\":\"https:\\\/\\\/veredes.es\\\/blog\\\/?s={search_term_string}\"},\"query-input\":{\"@type\":\"PropertyValueSpecification\",\"valueRequired\":true,\"valueName\":\"search_term_string\"}}],\"inLanguage\":\"es\"},{\"@type\":\"Organization\",\"@id\":\"https:\\\/\\\/veredes.es\\\/blog\\\/#organization\",\"name\":\"veredes, arquitectura y divulgaci\u00f3n\",\"alternateName\":\"veredes\",\"url\":\"https:\\\/\\\/veredes.es\\\/blog\\\/\",\"logo\":{\"@type\":\"ImageObject\",\"inLanguage\":\"es\",\"@id\":\"https:\\\/\\\/veredes.es\\\/blog\\\/#\\\/schema\\\/logo\\\/image\\\/\",\"url\":\"https:\\\/\\\/veredes.es\\\/blog\\\/wp-content\\\/uploads\\\/2021\\\/12\\\/veredes-logo-centrado_140x54.png\",\"contentUrl\":\"https:\\\/\\\/veredes.es\\\/blog\\\/wp-content\\\/uploads\\\/2021\\\/12\\\/veredes-logo-centrado_140x54.png\",\"width\":140,\"height\":54,\"caption\":\"veredes, arquitectura y divulgaci\u00f3n\"},\"image\":{\"@id\":\"https:\\\/\\\/veredes.es\\\/blog\\\/#\\\/schema\\\/logo\\\/image\\\/\"},\"sameAs\":[\"https:\\\/\\\/www.facebook.com\\\/veredesArquitecturayDivulgacion\\\/\",\"https:\\\/\\\/x.com\\\/veredes\",\"https:\\\/\\\/instagram.com\\\/veredes\\\/\",\"https:\\\/\\\/www.linkedin.com\\\/company\\\/veredes-arquitectura-y-divulgacion\\\/\",\"https:\\\/\\\/es.pinterest.com\\\/veredes\\\/\",\"https:\\\/\\\/www.tumblr.com\\\/veredes\"]},{\"@type\":\"Person\",\"@id\":\"https:\\\/\\\/veredes.es\\\/blog\\\/#\\\/schema\\\/person\\\/0bbb669073ef7faba5168a0844e93d2c\",\"name\":\"veredes\",\"image\":{\"@type\":\"ImageObject\",\"inLanguage\":\"es\",\"@id\":\"https:\\\/\\\/veredes.es\\\/blog\\\/wp-content\\\/uploads\\\/2018\\\/04\\\/face-96x96.jpg\",\"url\":\"https:\\\/\\\/veredes.es\\\/blog\\\/wp-content\\\/uploads\\\/2018\\\/04\\\/face-96x96.jpg\",\"contentUrl\":\"https:\\\/\\\/veredes.es\\\/blog\\\/wp-content\\\/uploads\\\/2018\\\/04\\\/face-96x96.jpg\",\"caption\":\"veredes\"},\"description\":\"Surge enero de 2009 como b\u00fasqueda de satisfacer el conocimiento de la actividad arquitect\u00f3nica y tangentes que se generan. La idea es crear un espacio para divulgar los diversos proyectos en busca de nueva inspiraci\u00f3n y de intercambio.\",\"sameAs\":[\"https:\\\/\\\/veredes.es\\\/\",\"https:\\\/\\\/www.facebook.com\\\/veredesArquitecturayDivulgacion\\\/\",\"https:\\\/\\\/www.instagram.com\\\/veredes\\\/\",\"https:\\\/\\\/www.linkedin.com\\\/company\\\/veredes-arquitectura-y-divulgacion\\\/\",\"https:\\\/\\\/www.pinterest.es\\\/veredes\\\/\",\"https:\\\/\\\/x.com\\\/https:\\\/\\\/twitter.com\\\/veredes\",\"https:\\\/\\\/veredes.tumblr.com\\\/\"],\"url\":\"https:\\\/\\\/veredes.es\\\/blog\\\/author\\\/alberto\\\/\"}]}<\/script>\n<!-- \/ Yoast SEO plugin. -->","yoast_head_json":{"title":"RCR Arquitectes. Creatividad CompartidaRCR Arquitectes. Shared creativityRCR Arquitectes. Creatividade Compartida - veredes","description":"Toda la informaci\u00f3n sobre: RCR Arquitectes. Creatividad CompartidaRCR Arquitectes. Shared creativityRCR Arquitectes. Creatividade Compartida","robots":{"index":"index","follow":"follow","max-snippet":"max-snippet:-1","max-image-preview":"max-image-preview:large","max-video-preview":"max-video-preview:-1"},"canonical":"https:\/\/veredes.es\/blog\/rcr-arquitectes-creatividad-compartida\/","og_locale":"es_ES","og_type":"article","og_title":"RCR Arquitectes. Creatividad CompartidaRCR Arquitectes. Shared creativityRCR Arquitectes. Creatividade Compartida - veredes","og_description":"Toda la informaci\u00f3n sobre: RCR Arquitectes. Creatividad CompartidaRCR Arquitectes. Shared creativityRCR Arquitectes. Creatividade Compartida","og_url":"https:\/\/veredes.es\/blog\/rcr-arquitectes-creatividad-compartida\/","og_site_name":"veredes, arquitectura y divulgaci\u00f3n","article_publisher":"https:\/\/www.facebook.com\/veredesArquitecturayDivulgacion\/","article_author":"https:\/\/www.facebook.com\/veredesArquitecturayDivulgacion\/","article_published_time":"2016-02-23T05:19:58+00:00","article_modified_time":"2016-02-24T15:31:40+00:00","og_image":[{"width":625,"height":305,"url":"https:\/\/veredes.es\/blog\/wp-content\/uploads\/2015\/12\/RCR-Arquitectes.jpg","type":"image\/jpeg"}],"author":"veredes","twitter_card":"summary_large_image","twitter_creator":"@https:\/\/twitter.com\/veredes","twitter_site":"@veredes","twitter_misc":{"Escrito por":"veredes","Tiempo de lectura":"6 minutos"},"schema":{"@context":"https:\/\/schema.org","@graph":[{"@type":"Article","@id":"https:\/\/veredes.es\/blog\/rcr-arquitectes-creatividad-compartida\/#article","isPartOf":{"@id":"https:\/\/veredes.es\/blog\/rcr-arquitectes-creatividad-compartida\/"},"author":{"name":"veredes","@id":"https:\/\/veredes.es\/blog\/#\/schema\/person\/0bbb669073ef7faba5168a0844e93d2c"},"headline":"RCR Arquitectes. Creatividad Compartida","datePublished":"2016-02-23T05:19:58+00:00","dateModified":"2016-02-24T15:31:40+00:00","mainEntityOfPage":{"@id":"https:\/\/veredes.es\/blog\/rcr-arquitectes-creatividad-compartida\/"},"wordCount":1232,"publisher":{"@id":"https:\/\/veredes.es\/blog\/#organization"},"image":{"@id":"https:\/\/veredes.es\/blog\/rcr-arquitectes-creatividad-compartida\/#primaryimage"},"thumbnailUrl":"https:\/\/veredes.es\/blog\/wp-content\/uploads\/2015\/12\/RCR-Arquitectes.jpg","keywords":["arquitectura catalana","arquitectura espa\u00f1ola","Carme Pigem","CSCAE","dibujo","evento","exposici\u00f3n","Museo ICO","premio paei","Rafael Aranda","Ramon Vilalta"],"articleSection":["eventos","exposiciones"],"inLanguage":"es"},{"@type":"WebPage","@id":"https:\/\/veredes.es\/blog\/rcr-arquitectes-creatividad-compartida\/","url":"https:\/\/veredes.es\/blog\/rcr-arquitectes-creatividad-compartida\/","name":"RCR Arquitectes. Creatividad CompartidaRCR Arquitectes. Shared creativityRCR Arquitectes. Creatividade Compartida - veredes","isPartOf":{"@id":"https:\/\/veredes.es\/blog\/#website"},"primaryImageOfPage":{"@id":"https:\/\/veredes.es\/blog\/rcr-arquitectes-creatividad-compartida\/#primaryimage"},"image":{"@id":"https:\/\/veredes.es\/blog\/rcr-arquitectes-creatividad-compartida\/#primaryimage"},"thumbnailUrl":"https:\/\/veredes.es\/blog\/wp-content\/uploads\/2015\/12\/RCR-Arquitectes.jpg","datePublished":"2016-02-23T05:19:58+00:00","dateModified":"2016-02-24T15:31:40+00:00","description":"Toda la informaci\u00f3n sobre: RCR Arquitectes. Creatividad CompartidaRCR Arquitectes. Shared creativityRCR Arquitectes. Creatividade Compartida","breadcrumb":{"@id":"https:\/\/veredes.es\/blog\/rcr-arquitectes-creatividad-compartida\/#breadcrumb"},"inLanguage":"es","potentialAction":[{"@type":"ReadAction","target":["https:\/\/veredes.es\/blog\/rcr-arquitectes-creatividad-compartida\/"]}]},{"@type":"ImageObject","inLanguage":"es","@id":"https:\/\/veredes.es\/blog\/rcr-arquitectes-creatividad-compartida\/#primaryimage","url":"https:\/\/veredes.es\/blog\/wp-content\/uploads\/2015\/12\/RCR-Arquitectes.jpg","contentUrl":"https:\/\/veredes.es\/blog\/wp-content\/uploads\/2015\/12\/RCR-Arquitectes.jpg","width":625,"height":305},{"@type":"BreadcrumbList","@id":"https:\/\/veredes.es\/blog\/rcr-arquitectes-creatividad-compartida\/#breadcrumb","itemListElement":[{"@type":"ListItem","position":1,"name":"Portada","item":"https:\/\/veredes.es\/blog\/"},{"@type":"ListItem","position":2,"name":"RCR Arquitectes. Creatividad Compartida"}]},{"@type":"WebSite","@id":"https:\/\/veredes.es\/blog\/#website","url":"https:\/\/veredes.es\/blog\/","name":"veredes, arquitectura y divulgaci\u00f3n","description":"veredes","publisher":{"@id":"https:\/\/veredes.es\/blog\/#organization"},"alternateName":"veredes","potentialAction":[{"@type":"SearchAction","target":{"@type":"EntryPoint","urlTemplate":"https:\/\/veredes.es\/blog\/?s={search_term_string}"},"query-input":{"@type":"PropertyValueSpecification","valueRequired":true,"valueName":"search_term_string"}}],"inLanguage":"es"},{"@type":"Organization","@id":"https:\/\/veredes.es\/blog\/#organization","name":"veredes, arquitectura y divulgaci\u00f3n","alternateName":"veredes","url":"https:\/\/veredes.es\/blog\/","logo":{"@type":"ImageObject","inLanguage":"es","@id":"https:\/\/veredes.es\/blog\/#\/schema\/logo\/image\/","url":"https:\/\/veredes.es\/blog\/wp-content\/uploads\/2021\/12\/veredes-logo-centrado_140x54.png","contentUrl":"https:\/\/veredes.es\/blog\/wp-content\/uploads\/2021\/12\/veredes-logo-centrado_140x54.png","width":140,"height":54,"caption":"veredes, arquitectura y divulgaci\u00f3n"},"image":{"@id":"https:\/\/veredes.es\/blog\/#\/schema\/logo\/image\/"},"sameAs":["https:\/\/www.facebook.com\/veredesArquitecturayDivulgacion\/","https:\/\/x.com\/veredes","https:\/\/instagram.com\/veredes\/","https:\/\/www.linkedin.com\/company\/veredes-arquitectura-y-divulgacion\/","https:\/\/es.pinterest.com\/veredes\/","https:\/\/www.tumblr.com\/veredes"]},{"@type":"Person","@id":"https:\/\/veredes.es\/blog\/#\/schema\/person\/0bbb669073ef7faba5168a0844e93d2c","name":"veredes","image":{"@type":"ImageObject","inLanguage":"es","@id":"https:\/\/veredes.es\/blog\/wp-content\/uploads\/2018\/04\/face-96x96.jpg","url":"https:\/\/veredes.es\/blog\/wp-content\/uploads\/2018\/04\/face-96x96.jpg","contentUrl":"https:\/\/veredes.es\/blog\/wp-content\/uploads\/2018\/04\/face-96x96.jpg","caption":"veredes"},"description":"Surge enero de 2009 como b\u00fasqueda de satisfacer el conocimiento de la actividad arquitect\u00f3nica y tangentes que se generan. La idea es crear un espacio para divulgar los diversos proyectos en busca de nueva inspiraci\u00f3n y de intercambio.","sameAs":["https:\/\/veredes.es\/","https:\/\/www.facebook.com\/veredesArquitecturayDivulgacion\/","https:\/\/www.instagram.com\/veredes\/","https:\/\/www.linkedin.com\/company\/veredes-arquitectura-y-divulgacion\/","https:\/\/www.pinterest.es\/veredes\/","https:\/\/x.com\/https:\/\/twitter.com\/veredes","https:\/\/veredes.tumblr.com\/"],"url":"https:\/\/veredes.es\/blog\/author\/alberto\/"}]}},"_links":{"self":[{"href":"https:\/\/veredes.es\/blog\/wp-json\/wp\/v2\/posts\/58672","targetHints":{"allow":["GET"]}}],"collection":[{"href":"https:\/\/veredes.es\/blog\/wp-json\/wp\/v2\/posts"}],"about":[{"href":"https:\/\/veredes.es\/blog\/wp-json\/wp\/v2\/types\/post"}],"author":[{"embeddable":true,"href":"https:\/\/veredes.es\/blog\/wp-json\/wp\/v2\/users\/2"}],"replies":[{"embeddable":true,"href":"https:\/\/veredes.es\/blog\/wp-json\/wp\/v2\/comments?post=58672"}],"version-history":[{"count":0,"href":"https:\/\/veredes.es\/blog\/wp-json\/wp\/v2\/posts\/58672\/revisions"}],"wp:featuredmedia":[{"embeddable":true,"href":"https:\/\/veredes.es\/blog\/wp-json\/wp\/v2\/media\/58674"}],"wp:attachment":[{"href":"https:\/\/veredes.es\/blog\/wp-json\/wp\/v2\/media?parent=58672"}],"wp:term":[{"taxonomy":"category","embeddable":true,"href":"https:\/\/veredes.es\/blog\/wp-json\/wp\/v2\/categories?post=58672"},{"taxonomy":"post_tag","embeddable":true,"href":"https:\/\/veredes.es\/blog\/wp-json\/wp\/v2\/tags?post=58672"}],"curies":[{"name":"wp","href":"https:\/\/api.w.org\/{rel}","templated":true}]}}