{"id":58577,"date":"2016-02-11T05:53:54","date_gmt":"2016-02-11T04:53:54","guid":{"rendered":"http:\/\/veredes.es\/blog\/?p=58577"},"modified":"2023-08-29T17:06:52","modified_gmt":"2023-08-29T15:06:52","slug":"andrea-gutierrez-javier-palacios-la-habitacion-verde","status":"publish","type":"post","link":"https:\/\/veredes.es\/blog\/andrea-gutierrez-javier-palacios-la-habitacion-verde\/","title":{"rendered":"Andrea Guti\u00e9rrez &#8211; Javier Palacios | La habitaci\u00f3n verde"},"content":{"rendered":"<p><\/p>\n<p style=\"text-align: justify;\">Si la semana pasada charl\u00e1bamos con <a href=\"https:\/\/veredes.es\/blog\/angela-muller-marta-parra-casado-arquitectura-de-maternidades\/\" target=\"_blank\" rel=\"noopener noreferrer\">Angela y Marta<\/a> sobre c\u00f3mo y por qu\u00e9 adecuar los espacios hospitalarios, hoy nos introducimos en la arquitectura del paisaje de la mano de <strong><a href=\"https:\/\/lahabitacionverde.es\/\" target=\"_blank\" rel=\"noopener noreferrer\">La Habitaci\u00f3n Verde<\/a><\/strong>.<\/p>\n<blockquote>\n<p style=\"text-align: justify;\"><strong><em>\u201cNos parece maravilloso tener un jard\u00edn y creemos que hay que disfrutarlo mucho mucho y no sufrirlo nada.\u201d<\/em><\/strong><\/p>\n<\/blockquote>\n<p style=\"text-align: justify;\">La habitaci\u00f3n Verde, es un equipo de j\u00f3venes\u00a0paisajistas y arquitectos\u00a0formado por <strong>Andrea Guti\u00e9rrez <\/strong>y<strong> Javier Palacios<\/strong>, cuyo prop\u00f3sito es: romper con la\u00a0idea de que contratar a un profesional del dise\u00f1o de jard\u00edn es elitista y complejo. Para ello abogan por un dise\u00f1o\u00a0\u201capropiado\u201d que busca conjugar las necesidades del cliente y conseguir el m\u00e1ximo rendimiento de la terraza o\u00a0jard\u00edn.<\/p>\n<p style=\"text-align: justify;\">Desde La Habitaci\u00f3n Verde\u00a0realizan proyectos de paisajismo, desde el m\u00e1s peque\u00f1o jard\u00edn hasta el proyecto m\u00e1s complejo que el cliente pueda solicitar, siempre bajo una filosof\u00eda, fresh Gardening.<\/p>\n<blockquote>\n<p style=\"text-align: justify;\"><strong><em>\u201c<\/em>Huimos del \u201cego creador\u201d que a veces da como resultado que tienes un jard\u00edn con el que no te identificas<\/strong>.<strong><em>\u201d<\/em><\/strong><\/p>\n<\/blockquote>\n<p style=\"text-align: justify;\">Su metodolog\u00eda, algo que puede parecer obvio pero no tan habitual, consiste b\u00e1sicamente en trabajar siempre mano a mano con su cliente para conseguir proyectos \u00fanicos que est\u00e9n completamente adaptados a sus necesidades y sobre todo a su presupuesto.<\/p>\n<p>Sin m\u00e1s os dejamos con la m\u00e1s que interesante entrevista que tuvimos la oportunidad de realizarles.<\/p>\n<figure id=\"attachment_58630\" aria-describedby=\"caption-attachment-58630\" style=\"width: 750px\" class=\"wp-caption alignnone\"><a href=\"http:\/\/veredes.es\/blog\/wp-content\/uploads\/2016\/01\/entrevista_lahabitaci\u00f3nverde_01.jpg\"><img loading=\"lazy\" decoding=\"async\" class=\"wp-image-58630\" src=\"http:\/\/veredes.es\/blog\/wp-content\/uploads\/2016\/01\/entrevista_lahabitaci\u00f3nverde_01.jpg\" alt=\"Javier Palacios y Andrea Guti\u00e9rrez, socios fundadores de La Habitaci\u00f3n Verde | Fotograf\u00eda: La Habitaci\u00f3n Verde \" width=\"750\" height=\"425\" srcset=\"https:\/\/veredes.es\/blog\/wp-content\/uploads\/2016\/01\/entrevista_lahabitaci\u00f3nverde_01.jpg 625w, https:\/\/veredes.es\/blog\/wp-content\/uploads\/2016\/01\/entrevista_lahabitaci\u00f3nverde_01-300x170.jpg 300w\" sizes=\"auto, (max-width: 750px) 100vw, 750px\" \/><\/a><figcaption id=\"caption-attachment-58630\" class=\"wp-caption-text\"><span style=\"color: #999999;\">Javier Palacios y Andrea Guti\u00e9rrez, socios fundadores de La Habitaci\u00f3n Verde | Fotograf\u00eda: La Habitaci\u00f3n Verde<\/span><\/figcaption><\/figure>\n<p><strong> \u00bfCu\u00e1l ha sido vuestra formaci\u00f3n y trayectoria profesional previa a \u201cLa habitaci\u00f3n verde\u201d? <\/strong><\/p>\n<p style=\"text-align: justify;\">Nos conocimos en la escuela de arquitectura de Madrid ETSAM donde ambos terminamos nuestros estudios y en pleno boom inmobiliario comenzamos a trabajar como arquitectos sin ning\u00fan problema, lo que ahora resulta casi imposible.<\/p>\n<p style=\"text-align: justify;\">El sue\u00f1o de Andrea siempre fue trabajar dise\u00f1ando jardines y cuando surgi\u00f3 la oportunidad no lo dud\u00f3 y comenz\u00f3 a colaborar en un estudio especializado en paisajismo, posteriormente curs\u00f3 un m\u00e1ster de paisajismo en la Universidad de Valencia. Paralelamente Javier desarrollaba grandes proyectos de infraestructuras en el estudio de Luis Vidal colaborando en proyectos con el equipo de Richard Rogers&amp;Partners. Tras estas experiencias intensas en las que aprendimos mucho en 2011 decidimos replantearnos nuestra trayectoria y fundar La Habitaci\u00f3n Verde Paisajismo.<\/p>\n<p><strong> Explicadnos, \u00bfc\u00f3mo y por qu\u00e9 surge \u201cLa habitaci\u00f3n verde\u201d? <\/strong><\/p>\n<p style=\"text-align: justify;\">La Habitaci\u00f3n Verde nace como resultado de un sue\u00f1o y de un momento vital en el que sentimos que deb\u00edamos unir nuestras trayectorias y combinar nuestras experiencias para desarrollar un proyecto propio, como os coment\u00e1bamos ambos ten\u00edamos trabajo y la verdad es que fue un salto al vac\u00edo.<\/p>\n<p style=\"text-align: justify;\">Sent\u00edamos la necesidad de desarrollar nuestra visi\u00f3n, y de esta necesidad unida a la pasi\u00f3n por los jardines y el dise\u00f1o nace La Habitaci\u00f3n Verde, adem\u00e1s uno de nuestros objetivos era reivindicar el uso del espacio exterior en la arquitectura, un espacio cuyo dise\u00f1o queda relegado a un segundo plano la mayor\u00eda de las veces. En Espa\u00f1a todav\u00eda no est\u00e1 muy clara la figura del paisajista y muchas veces otros profesionales creen que pueden abarcarlo, pero la diferencia es que cuando el espacio exterior est\u00e1 dise\u00f1ado por un especialista el resultado es notable.<\/p>\n<p style=\"text-align: justify;\">Nosotros estamos aqu\u00ed para recuperar esos espacios olvidados y \u00a1darles vida!<\/p>\n<p><strong> \u00bfTen\u00edais alguna experiencia previa en paisajismo? <\/strong><\/p>\n<p style=\"text-align: justify;\">Si, ambos est\u00e1bamos relacionados con anterioridad con el paisajismo, Andrea trabajando en un estudio de paisajismo en Madrid y realizando trabajos tanto para particulares como para estudios de arquitectura, promotoras, etc. y Javier asesorando en sus ratos libres en materia de dise\u00f1o a la empresa de jardiner\u00eda de unos familiares.<\/p>\n<p><strong> \u00bfOs encontrasteis con muchas dificultades? \u00bfCu\u00e1les fueron las m\u00e1s problem\u00e1ticas?<\/strong><\/p>\n<p style=\"text-align: justify;\">La verdad es que con el paso del tiempo las dificultades se olvidan&#8230; pero la verdad es que trabajamos mucho y como en muchos comienzos casi todo lo hac\u00edamos nosotros. Lo m\u00e1s complicado es enfocar c\u00f3mo quieres que se perciba tu marca y explicar en qu\u00e9 consiste tu trabajo cuando \u00e9ste no es muy conocido, en general es un problema generalizado del profesional que trabajo con el dise\u00f1o, y es que no hay mucha.<\/p>\n<p style=\"text-align: justify;\">Quiz\u00e1s lo m\u00e1s engorroso es la parte administrativa, la verdad es que no nos lo ponen f\u00e1cil y consume tanto tiempo que a veces es desesperante.<\/p>\n<figure id=\"attachment_58631\" aria-describedby=\"caption-attachment-58631\" style=\"width: 750px\" class=\"wp-caption alignnone\"><a href=\"http:\/\/veredes.es\/blog\/wp-content\/uploads\/2016\/01\/entrevista_lahabitaci\u00f3nverde_02.jpg\"><img loading=\"lazy\" decoding=\"async\" class=\"wp-image-58631\" src=\"http:\/\/veredes.es\/blog\/wp-content\/uploads\/2016\/01\/entrevista_lahabitaci\u00f3nverde_02.jpg\" alt=\"entrevista_lahabitaci\u00f3nverde_02\" width=\"750\" height=\"558\" srcset=\"https:\/\/veredes.es\/blog\/wp-content\/uploads\/2016\/01\/entrevista_lahabitaci\u00f3nverde_02.jpg 625w, https:\/\/veredes.es\/blog\/wp-content\/uploads\/2016\/01\/entrevista_lahabitaci\u00f3nverde_02-300x223.jpg 300w\" sizes=\"auto, (max-width: 750px) 100vw, 750px\" \/><\/a><figcaption id=\"caption-attachment-58631\" class=\"wp-caption-text\"><span style=\"color: #999999;\">Detalle de plantaci\u00f3n en un proyecto de jard\u00edn para un \u00e1tico en Madrid | Fotograf\u00eda: La Habitaci\u00f3n Verde<\/span><\/figcaption><\/figure>\n<p style=\"text-align: justify;\"><strong> \u00bfEst\u00e1is contentos con los objetivos alcanzados? \u00bfQu\u00e9 expectativas y proyectos de futuro ten\u00e9is para \u201cLa habitaci\u00f3n verde\u201d?<\/strong><\/p>\n<p style=\"text-align: justify;\">La verdad es que estamos encantados, hemos conseguido vivir de nuestro trabajo y adem\u00e1s estamos en crecimiento como empresa. Tenemos grandes planes para La Habitaci\u00f3n Verde y cada d\u00eda vamos a trabajar motivados por la aceptaci\u00f3n de nuestro trabajo y con la alegr\u00eda de disfrutar del mismo.<\/p>\n<p><strong>\u00bfSon rentables este tipo de iniciativas? \u00bfOs sent\u00eds bien remunerados por la labor que realiz\u00e1is?<\/strong><\/p>\n<p style=\"text-align: justify;\">El comienzo fue muy duro pero ahora disfrutamos de la satisfacci\u00f3n de poder vivir de nuestro trabajo.<\/p>\n<p><strong> \u00bfCompagin\u00e1is o complement\u00e1is esta actividad con otras labores o en otros campos?<\/strong><\/p>\n<p style=\"text-align: justify;\">Ahora mismo estamos totalmente especializados y unicamente hacemos colaboraciones relacionadas con nuestro campo, as\u00ed complementamos el trabajo del estudio de dise\u00f1o y ejecuci\u00f3n de obras con la labor did\u00e1ctica y divulgativa dando conferencias y cursos, colaboramos con varios m\u00e1ster de dise\u00f1o de interiores en escuelas como Dmad o en el m\u00e1ster que organiza la revista Nuevo Estilo con la Universidad Complutense.<\/p>\n<p><strong> \u00bfC\u00f3mo veis el futuro en este campo del paisajismo?<\/strong><\/p>\n<p style=\"text-align: justify;\">Pues la verdad es que estamos esperanzados porque tiene mucha proyecci\u00f3n y es que en nuestro pa\u00eds es un campo que cada vez se valora m\u00e1s y el cliente final est\u00e1 demandando espacios exteriores de calidad, adem\u00e1s con una arquitectura que en muchos casos est\u00e1 homogeneizada el proyecto de paisajismo pasa a ser el elemento diferenciador de las promociones y cada d\u00eda se nos busca m\u00e1s.<\/p>\n<figure id=\"attachment_58632\" aria-describedby=\"caption-attachment-58632\" style=\"width: 750px\" class=\"wp-caption alignnone\"><img loading=\"lazy\" decoding=\"async\" class=\"wp-image-58632\" title=\"Reforma y decoraci\u00f3n de un jard\u00edn en un \u00e1tico en Madrid | Fotograf\u00eda: La Habitaci\u00f3n Verde\" src=\"https:\/\/veredes.es\/blog\/wp-content\/uploads\/2016\/01\/entrevista_lahabitaci\u00f3nverde_03.jpg\" alt=\"Reforma y decoraci\u00f3n de un jard\u00edn en un \u00e1tico en Madrid | Fotograf\u00eda: La Habitaci\u00f3n Verde\" width=\"750\" height=\"558\" srcset=\"https:\/\/veredes.es\/blog\/wp-content\/uploads\/2016\/01\/entrevista_lahabitaci\u00f3nverde_03.jpg 625w, https:\/\/veredes.es\/blog\/wp-content\/uploads\/2016\/01\/entrevista_lahabitaci\u00f3nverde_03-300x223.jpg 300w\" sizes=\"auto, (max-width: 750px) 100vw, 750px\" \/><figcaption id=\"caption-attachment-58632\" class=\"wp-caption-text\"><span style=\"color: #999999;\">Reforma y decoraci\u00f3n de un jard\u00edn en un \u00e1tico en Madrid | Fotograf\u00eda: La Habitaci\u00f3n Verde<\/span><\/figcaption><\/figure>\n<p style=\"text-align: justify;\"><strong> \u00bfConsider\u00e1is que estudiar Arquitectura ha sido un pasaporte fundamental para haber llegado a vuestro trabajo actual?<\/strong><\/p>\n<p style=\"text-align: justify;\">Sin duda, nuestra formaci\u00f3n como arquitectos ha sido b\u00e1sica, y no s\u00f3lo desde un punto de vista formal si no como personas inquietas, con iniciativa emprendedora y capaces de abordar problemas complejos.<\/p>\n<p><strong> \u00bfAnimar\u00edas a otros arquitectos a seguir vuestros pasos? \u00bfQu\u00e9 pasos consider\u00e1is que deber\u00edan dar? \u00bfC\u00f3mo completar sus estudios? \u00bfQu\u00e9 otros consejos les dar\u00edas?<\/strong><\/p>\n<p style=\"text-align: justify;\">Nuestra trayectoria es muy personal, pero sin duda lo que si podemos aconsejar es que sigan sus propios sue\u00f1os.<\/p>\n<p style=\"text-align: justify;\">Lo bueno de la ense\u00f1anza que recibimos como arquitectos es que es amplia y diversa y que nos da herramientas para afrontar diversos matices relacionados con el dise\u00f1o como disciplina y con amplios campos de trabajo, as\u00ed que sea cu\u00e1l sea el campo que les interese nuestro consejo es que se especialicen. Los pasos para conseguirlo no son f\u00e1ciles pero lo m\u00e1s adecuado es compatibilizar formaci\u00f3n con colaboraciones con otras empresas que ya est\u00e9n realizando trabajos en el \u00e1rea que les interese.<\/p>\n<p style=\"text-align: justify;\"><strong> \u00bfCre\u00e9is que los arquitectos en Espa\u00f1a deber\u00edamos seguir abriendo nuevas v\u00edas de trabajo para salir de la casilla m\u00e1s \u00abtradicional\u00bb de proyectar dada la actual situaci\u00f3n de la construcci\u00f3n en nuestro pa\u00eds? <\/strong><\/p>\n<p style=\"text-align: justify;\">Sin duda, es que no nos otra alternativa que reinventarnos, porque el trabajo tradicional como proyectistas est\u00e1 cada vez m\u00e1s acotado y es muy competitivo. Hay muchas otras v\u00edas de trabajo que son igualmente interesantes y que adem\u00e1s te permiten tener un desarrollo profesional. Uno de los principales problemas es que ni en las escuelas de arquitectura ni en los colegios profesionales se potencian estas v\u00edas.<\/p>\n<p><strong> \u00bfQu\u00e9 opin\u00e1is de los que se han ido a trabajar al extranjero?<\/strong><\/p>\n<p style=\"text-align: justify;\">Creemos que son muy valientes y la verdad es que sabemos por familiares y amigos que se han marchado que es una experiencia enriquecedora pero tambi\u00e9n muy dura, nos encantar\u00eda que fuera una alternativa no motivada exclusivamente por la necesidad como pasa actualmente. Adem\u00e1s desgraciadamente estamos perdiendo un gran potencial dejando que profesionales que hemos formado se tengan que ir a buscar trabajo en otros lugares.<\/p>\n<figure id=\"attachment_58633\" aria-describedby=\"caption-attachment-58633\" style=\"width: 750px\" class=\"wp-caption alignnone\"><a href=\"http:\/\/veredes.es\/blog\/wp-content\/uploads\/2016\/01\/entrevista_lahabitaci\u00f3nverde_04.jpg\"><img loading=\"lazy\" decoding=\"async\" class=\"wp-image-58633\" src=\"http:\/\/veredes.es\/blog\/wp-content\/uploads\/2016\/01\/entrevista_lahabitaci\u00f3nverde_04.jpg\" alt=\"Plantaci\u00f3n y detalle de fuente de jard\u00edn dise\u00f1ado por La Habitaci\u00f3n Verde para un jard\u00edn en La Moraleja | Fotograf\u00eda: La Habitaci\u00f3n Verde\" width=\"750\" height=\"540\" srcset=\"https:\/\/veredes.es\/blog\/wp-content\/uploads\/2016\/01\/entrevista_lahabitaci\u00f3nverde_04.jpg 625w, https:\/\/veredes.es\/blog\/wp-content\/uploads\/2016\/01\/entrevista_lahabitaci\u00f3nverde_04-300x216.jpg 300w\" sizes=\"auto, (max-width: 750px) 100vw, 750px\" \/><\/a><figcaption id=\"caption-attachment-58633\" class=\"wp-caption-text\"><span style=\"color: #999999;\">Plantaci\u00f3n y detalle de fuente de jard\u00edn dise\u00f1ado por La Habitaci\u00f3n Verde para un jard\u00edn en La Moraleja | Fotograf\u00eda: La Habitaci\u00f3n Verde<\/span><\/figcaption><\/figure>\n<p style=\"text-align: justify;\"><strong>La arquitectura, tiene abiertos muchos frentes de batalla (LSP, Bolonia, paro, precariedad laboral, COAs, ETSAs, emigraci\u00f3n, comunicaci\u00f3n, etc), \u00bfno ser\u00e1n demasiados para la polarizaci\u00f3n existente dentro de la misma? <\/strong><\/p>\n<p style=\"text-align: justify;\">Efectivamente hay muchos frentes abiertos, pero es que en la vida en general las cosas son as\u00ed&#8230; complicadas. Nosotros apostamos por enfocar estas batallas con cabeza y con soluciones planteadas desde el an\u00e1lisis y con planteamientos de futuro, lo que no se puede hacer es dar bandazos de un extremo a otro con temas fundamentales como las leyes profesionales o la aplicaci\u00f3n de planes de estudios como Bolonia&#8230; y esa es la sensaci\u00f3n que tenemos.<\/p>\n<p><strong> \u00bfC\u00f3mo veis el futuro de la profesi\u00f3n?<\/strong><\/p>\n<p style=\"text-align: justify;\">Creo que est\u00e1 en un momento de apertura y que la ampliaci\u00f3n de la perspectiva de qu\u00e9 es y qu\u00e9 puede hacer un arquitecto es lo que puede salvarnos. Pensamos que los arquitectos podemos ser buenos gestores y que tenemos que entrar en el mundo de las empresas, hay muchas otras profesiones que se han abierto a esta posibilidad antes que la nuestra.<\/p>\n<p><strong> \u00bfQu\u00e9 le aconsejas a los actuales estudiantes y futuros profesionales de arquitectura?<\/strong><\/p>\n<p style=\"text-align: justify;\">Que disfruten de sus estudios, que aprovechen el periodo de formaci\u00f3n al m\u00e1ximo y que se preparen para seguir aprendiendo toda su vida. Les aconsejamos que no pierdan la pasi\u00f3n y que entiendan que tras la escuela se abre un periodo nuevo y lleno de posibilidades. La formaci\u00f3n les tiene que facilitar herramientas para poder desarrollar una carrera profesional, y tienen que entender esta con amplitud de miras ya que se puede vivir la pasi\u00f3n por la arquitectura y el dise\u00f1o de muchas formas adem\u00e1s de siendo \u00abarquitecto proyectista\u00bb.<\/p>\n<p><strong> Para acabar, \u00bfqu\u00e9 proyectos de futuro le esperan a Andrea y Javier? \u00bfY a \u201cLa habitaci\u00f3n verde\u201d?<\/strong><\/p>\n<p style=\"text-align: justify;\">Pues la verdad es que tenemos muchos proyectos en marcha que nos emocionan y \u00faltimamente estamos desarrollando proyectos de paisajismo muy ambiciosos y de mayor escala como el desarrollo del proyecto de paisajismo de Alhena de Grupo Ibosa, el espacio de eventos Elysium o la colaboraci\u00f3n de proyectos de paisajismo en hoteles con el estudio B76, pero lo que nos encanta de nuestro d\u00eda a d\u00eda es compaginar esos proyectos con dise\u00f1os de terrazas y espacios m\u00e1s privados. Nos encanta poder colaborar de forma m\u00e1s intensa con estudios de arquitectura que desarrollan proyectos interesantes, porque nos apasiona hacer colaboraciones con colegas.<\/p>\n<p style=\"text-align: justify;\">Nuestro deseo es seguir creciendo como empresa para poder seguir desarrollando nuestro trabajo y mantener la ilusi\u00f3n. Otro de nuestros sue\u00f1os ser\u00eda poder trabajar en el entorno urbano, colaborar para mejorar los espacios verdes y exteriores en las ciudades es uno de esos proyectos que esperamos que en el futuro podamos abarcar.<\/p>\n<figure id=\"attachment_58634\" aria-describedby=\"caption-attachment-58634\" style=\"width: 750px\" class=\"wp-caption alignnone\"><a href=\"https:\/\/veredes.es\/blog\/wp-content\/uploads\/2016\/01\/entrevista_lahabitaci\u00f3nverde_05.jpg\"><img loading=\"lazy\" decoding=\"async\" class=\"wp-image-58634\" src=\"https:\/\/veredes.es\/blog\/wp-content\/uploads\/2016\/01\/entrevista_lahabitaci\u00f3nverde_05.jpg\" alt=\"Propuesta de paisajismo para la promoci\u00f3n Alhena Valdemar\u00edn de Grupo Ibosa | Fotograf\u00eda: La Habitaci\u00f3n Verde\" width=\"750\" height=\"492\" srcset=\"https:\/\/veredes.es\/blog\/wp-content\/uploads\/2016\/01\/entrevista_lahabitaci\u00f3nverde_05.jpg 625w, https:\/\/veredes.es\/blog\/wp-content\/uploads\/2016\/01\/entrevista_lahabitaci\u00f3nverde_05-300x197.jpg 300w, https:\/\/veredes.es\/blog\/wp-content\/uploads\/2016\/01\/entrevista_lahabitaci\u00f3nverde_05-160x105.jpg 160w\" sizes=\"auto, (max-width: 750px) 100vw, 750px\" \/><\/a><figcaption id=\"caption-attachment-58634\" class=\"wp-caption-text\"><span style=\"color: #999999;\">Propuesta de paisajismo para la promoci\u00f3n Alhena Valdemar\u00edn de Grupo Ibosa | Fotograf\u00eda: La Habitaci\u00f3n Verde<\/span><\/figcaption><\/figure>\n<p style=\"text-align: justify;\"><strong>Andrea Guti\u00e9rrez &#8211; Javier Palacios | <a href=\"https:\/\/lahabitacionverde.es\/\" target=\"_blank\" rel=\"noopener noreferrer\">La habitaci\u00f3n verde<\/a><\/strong><br \/>\nEnero, 2016<\/p>\n<p style=\"text-align: justify;\"><em>Entrevista realizada por Ana Barreiro Blanco y Alberto Alonso Oro. Agradecer a Andrea y Javier su tiempo y predisposici\u00f3n con este espacio.<\/em><\/p>\n<p><\/p>","protected":false},"excerpt":{"rendered":"<p>Si la semana pasada charl\u00e1bamos con Angela y Marta sobre c\u00f3mo y por qu\u00e9 adecuar los espacios hospitalarios, hoy nos introducimos en la arquitectura del paisaje de la mano de La Habitaci\u00f3n Verde. \u201cNos parece maravilloso tener un jard\u00edn y creemos que hay que disfrutarlo mucho mucho y no sufrirlo nada.\u201d La habitaci\u00f3n Verde, es [&hellip;]<\/p>\n","protected":false},"author":85,"featured_media":58630,"comment_status":"open","ping_status":"closed","sticky":false,"template":"","format":"standard","meta":{"footnotes":""},"categories":[9430,5951],"tags":[12273,12275,11886,2539,12477,9439,484,749,12236,12237,4798,980,1103,3607],"class_list":{"0":"post-58577","1":"post","2":"type-post","3":"status-publish","4":"format-standard","5":"has-post-thumbnail","7":"category-baliza","8":"category-slider-principal","9":"tag-alberto-alonso-oro","10":"tag-ana-barreiro-blanco","11":"tag-andrea-gutierrez","12":"tag-arquitectura-del-paisaje","13":"tag-baliza","14":"tag-en-transito","15":"tag-entrevista","16":"tag-jardineria","17":"tag-javier-palacios","18":"tag-la-habitacion-verde","19":"tag-modelo-profesional","20":"tag-paisajismo","21":"tag-profesion","22":"tag-richard-rogers"},"yoast_head":"<!-- This site is optimized with the Yoast SEO plugin v27.4 - https:\/\/yoast.com\/product\/yoast-seo-wordpress\/ -->\n<title>Andrea Guti\u00e9rrez - Javier Palacios | La habitaci\u00f3n verde - veredes<\/title>\n<meta name=\"description\" content=\"Toda la informaci\u00f3n sobre: Andrea Guti\u00e9rrez - Javier Palacios | La habitaci\u00f3n verde\" \/>\n<meta name=\"robots\" content=\"index, follow, max-snippet:-1, max-image-preview:large, max-video-preview:-1\" \/>\n<link rel=\"canonical\" href=\"https:\/\/veredes.es\/blog\/andrea-gutierrez-javier-palacios-la-habitacion-verde\/\" \/>\n<meta property=\"og:locale\" content=\"es_ES\" \/>\n<meta property=\"og:type\" content=\"article\" \/>\n<meta property=\"og:title\" content=\"Andrea Guti\u00e9rrez - Javier Palacios | La habitaci\u00f3n verde - veredes\" \/>\n<meta property=\"og:description\" content=\"Toda la informaci\u00f3n sobre: Andrea Guti\u00e9rrez - Javier Palacios | La habitaci\u00f3n verde\" \/>\n<meta property=\"og:url\" content=\"https:\/\/veredes.es\/blog\/andrea-gutierrez-javier-palacios-la-habitacion-verde\/\" \/>\n<meta property=\"og:site_name\" content=\"veredes, arquitectura y divulgaci\u00f3n\" \/>\n<meta property=\"article:publisher\" content=\"https:\/\/www.facebook.com\/veredesArquitecturayDivulgacion\/\" \/>\n<meta property=\"article:author\" content=\"https:\/\/www.facebook.com\/anabarreiroblanco\/\" \/>\n<meta property=\"article:published_time\" content=\"2016-02-11T04:53:54+00:00\" \/>\n<meta property=\"article:modified_time\" content=\"2023-08-29T15:06:52+00:00\" \/>\n<meta property=\"og:image\" content=\"https:\/\/veredes.es\/blog\/wp-content\/uploads\/2016\/01\/entrevista_lahabitaci\u00f3nverde_01.jpg\" \/>\n\t<meta property=\"og:image:width\" content=\"625\" \/>\n\t<meta property=\"og:image:height\" content=\"354\" \/>\n\t<meta property=\"og:image:type\" content=\"image\/jpeg\" \/>\n<meta name=\"author\" content=\"Ana Barreiro Blanco\" \/>\n<meta name=\"twitter:card\" content=\"summary_large_image\" \/>\n<meta name=\"twitter:creator\" content=\"@veredes\" \/>\n<meta name=\"twitter:site\" content=\"@veredes\" \/>\n<meta name=\"twitter:label1\" content=\"Escrito por\" \/>\n\t<meta name=\"twitter:data1\" content=\"Ana Barreiro Blanco\" \/>\n\t<meta name=\"twitter:label2\" content=\"Tiempo de lectura\" \/>\n\t<meta name=\"twitter:data2\" content=\"10 minutos\" \/>\n<script type=\"application\/ld+json\" class=\"yoast-schema-graph\">{\"@context\":\"https:\\\/\\\/schema.org\",\"@graph\":[{\"@type\":\"Article\",\"@id\":\"https:\\\/\\\/veredes.es\\\/blog\\\/andrea-gutierrez-javier-palacios-la-habitacion-verde\\\/#article\",\"isPartOf\":{\"@id\":\"https:\\\/\\\/veredes.es\\\/blog\\\/andrea-gutierrez-javier-palacios-la-habitacion-verde\\\/\"},\"author\":{\"name\":\"Ana Barreiro Blanco\",\"@id\":\"https:\\\/\\\/veredes.es\\\/blog\\\/#\\\/schema\\\/person\\\/d75d9abfee4af7f452f32c140a5aa176\"},\"headline\":\"Andrea Guti\u00e9rrez &#8211; Javier Palacios | La habitaci\u00f3n verde\",\"datePublished\":\"2016-02-11T04:53:54+00:00\",\"dateModified\":\"2023-08-29T15:06:52+00:00\",\"mainEntityOfPage\":{\"@id\":\"https:\\\/\\\/veredes.es\\\/blog\\\/andrea-gutierrez-javier-palacios-la-habitacion-verde\\\/\"},\"wordCount\":6097,\"commentCount\":0,\"publisher\":{\"@id\":\"https:\\\/\\\/veredes.es\\\/blog\\\/#organization\"},\"image\":{\"@id\":\"https:\\\/\\\/veredes.es\\\/blog\\\/andrea-gutierrez-javier-palacios-la-habitacion-verde\\\/#primaryimage\"},\"thumbnailUrl\":\"https:\\\/\\\/veredes.es\\\/blog\\\/wp-content\\\/uploads\\\/2016\\\/01\\\/entrevista_lahabitaci\u00f3nverde_01.jpg\",\"keywords\":[\"Alberto Alonso Oro\",\"Ana Barreiro Blanco\",\"Andrea Gutierrez\",\"arquitectura del paisaje\",\"baliza\",\"en tr\u00e1nsito\",\"entrevista\",\"jardineria\",\"javier palacios\",\"la habitaci\u00f3n verde\",\"modelo profesional\",\"paisajismo\",\"profesi\u00f3n\",\"Richard Rogers\"],\"articleSection\":[\"baliza\",\"slider principal\"],\"inLanguage\":\"es\",\"potentialAction\":[{\"@type\":\"CommentAction\",\"name\":\"Comment\",\"target\":[\"https:\\\/\\\/veredes.es\\\/blog\\\/andrea-gutierrez-javier-palacios-la-habitacion-verde\\\/#respond\"]}]},{\"@type\":\"WebPage\",\"@id\":\"https:\\\/\\\/veredes.es\\\/blog\\\/andrea-gutierrez-javier-palacios-la-habitacion-verde\\\/\",\"url\":\"https:\\\/\\\/veredes.es\\\/blog\\\/andrea-gutierrez-javier-palacios-la-habitacion-verde\\\/\",\"name\":\"Andrea Guti\u00e9rrez - Javier Palacios | La habitaci\u00f3n verde - veredes\",\"isPartOf\":{\"@id\":\"https:\\\/\\\/veredes.es\\\/blog\\\/#website\"},\"primaryImageOfPage\":{\"@id\":\"https:\\\/\\\/veredes.es\\\/blog\\\/andrea-gutierrez-javier-palacios-la-habitacion-verde\\\/#primaryimage\"},\"image\":{\"@id\":\"https:\\\/\\\/veredes.es\\\/blog\\\/andrea-gutierrez-javier-palacios-la-habitacion-verde\\\/#primaryimage\"},\"thumbnailUrl\":\"https:\\\/\\\/veredes.es\\\/blog\\\/wp-content\\\/uploads\\\/2016\\\/01\\\/entrevista_lahabitaci\u00f3nverde_01.jpg\",\"datePublished\":\"2016-02-11T04:53:54+00:00\",\"dateModified\":\"2023-08-29T15:06:52+00:00\",\"description\":\"Toda la informaci\u00f3n sobre: Andrea Guti\u00e9rrez - Javier Palacios | La habitaci\u00f3n verde\",\"breadcrumb\":{\"@id\":\"https:\\\/\\\/veredes.es\\\/blog\\\/andrea-gutierrez-javier-palacios-la-habitacion-verde\\\/#breadcrumb\"},\"inLanguage\":\"es\",\"potentialAction\":[{\"@type\":\"ReadAction\",\"target\":[\"https:\\\/\\\/veredes.es\\\/blog\\\/andrea-gutierrez-javier-palacios-la-habitacion-verde\\\/\"]}]},{\"@type\":\"ImageObject\",\"inLanguage\":\"es\",\"@id\":\"https:\\\/\\\/veredes.es\\\/blog\\\/andrea-gutierrez-javier-palacios-la-habitacion-verde\\\/#primaryimage\",\"url\":\"https:\\\/\\\/veredes.es\\\/blog\\\/wp-content\\\/uploads\\\/2016\\\/01\\\/entrevista_lahabitaci\u00f3nverde_01.jpg\",\"contentUrl\":\"https:\\\/\\\/veredes.es\\\/blog\\\/wp-content\\\/uploads\\\/2016\\\/01\\\/entrevista_lahabitaci\u00f3nverde_01.jpg\",\"width\":625,\"height\":354,\"caption\":\"Javier Palacios y Andrea Guti\u00e9rrez, socios fundadores de La Habitaci\u00f3n Verde | Fotograf\u00eda: La Habitaci\u00f3n Verde\"},{\"@type\":\"BreadcrumbList\",\"@id\":\"https:\\\/\\\/veredes.es\\\/blog\\\/andrea-gutierrez-javier-palacios-la-habitacion-verde\\\/#breadcrumb\",\"itemListElement\":[{\"@type\":\"ListItem\",\"position\":1,\"name\":\"Portada\",\"item\":\"https:\\\/\\\/veredes.es\\\/blog\\\/\"},{\"@type\":\"ListItem\",\"position\":2,\"name\":\"Andrea Guti\u00e9rrez &#8211; Javier Palacios | La habitaci\u00f3n verde\"}]},{\"@type\":\"WebSite\",\"@id\":\"https:\\\/\\\/veredes.es\\\/blog\\\/#website\",\"url\":\"https:\\\/\\\/veredes.es\\\/blog\\\/\",\"name\":\"veredes, arquitectura y divulgaci\u00f3n\",\"description\":\"veredes\",\"publisher\":{\"@id\":\"https:\\\/\\\/veredes.es\\\/blog\\\/#organization\"},\"alternateName\":\"veredes\",\"potentialAction\":[{\"@type\":\"SearchAction\",\"target\":{\"@type\":\"EntryPoint\",\"urlTemplate\":\"https:\\\/\\\/veredes.es\\\/blog\\\/?s={search_term_string}\"},\"query-input\":{\"@type\":\"PropertyValueSpecification\",\"valueRequired\":true,\"valueName\":\"search_term_string\"}}],\"inLanguage\":\"es\"},{\"@type\":\"Organization\",\"@id\":\"https:\\\/\\\/veredes.es\\\/blog\\\/#organization\",\"name\":\"veredes, arquitectura y divulgaci\u00f3n\",\"alternateName\":\"veredes\",\"url\":\"https:\\\/\\\/veredes.es\\\/blog\\\/\",\"logo\":{\"@type\":\"ImageObject\",\"inLanguage\":\"es\",\"@id\":\"https:\\\/\\\/veredes.es\\\/blog\\\/#\\\/schema\\\/logo\\\/image\\\/\",\"url\":\"https:\\\/\\\/veredes.es\\\/blog\\\/wp-content\\\/uploads\\\/2021\\\/12\\\/veredes-logo-centrado_140x54.png\",\"contentUrl\":\"https:\\\/\\\/veredes.es\\\/blog\\\/wp-content\\\/uploads\\\/2021\\\/12\\\/veredes-logo-centrado_140x54.png\",\"width\":140,\"height\":54,\"caption\":\"veredes, arquitectura y divulgaci\u00f3n\"},\"image\":{\"@id\":\"https:\\\/\\\/veredes.es\\\/blog\\\/#\\\/schema\\\/logo\\\/image\\\/\"},\"sameAs\":[\"https:\\\/\\\/www.facebook.com\\\/veredesArquitecturayDivulgacion\\\/\",\"https:\\\/\\\/x.com\\\/veredes\",\"https:\\\/\\\/instagram.com\\\/veredes\\\/\",\"https:\\\/\\\/www.linkedin.com\\\/company\\\/veredes-arquitectura-y-divulgacion\\\/\",\"https:\\\/\\\/es.pinterest.com\\\/veredes\\\/\",\"https:\\\/\\\/www.tumblr.com\\\/veredes\"]},{\"@type\":\"Person\",\"@id\":\"https:\\\/\\\/veredes.es\\\/blog\\\/#\\\/schema\\\/person\\\/d75d9abfee4af7f452f32c140a5aa176\",\"name\":\"Ana Barreiro Blanco\",\"image\":{\"@type\":\"ImageObject\",\"inLanguage\":\"es\",\"@id\":\"https:\\\/\\\/veredes.es\\\/blog\\\/wp-content\\\/uploads\\\/2023\\\/07\\\/cropped-ana-barreiro-blanco-96x96.jpg\",\"url\":\"https:\\\/\\\/veredes.es\\\/blog\\\/wp-content\\\/uploads\\\/2023\\\/07\\\/cropped-ana-barreiro-blanco-96x96.jpg\",\"contentUrl\":\"https:\\\/\\\/veredes.es\\\/blog\\\/wp-content\\\/uploads\\\/2023\\\/07\\\/cropped-ana-barreiro-blanco-96x96.jpg\",\"caption\":\"Ana Barreiro Blanco\"},\"description\":\"Arquitecta y socia fundadora de gesti\u00f3n cultural taller abierto\",\"sameAs\":[\"https:\\\/\\\/tallerabierto.gal\\\/gl\\\/\",\"https:\\\/\\\/www.facebook.com\\\/anabarreiroblanco\\\/\",\"https:\\\/\\\/www.linkedin.com\\\/in\\\/anabarreiroblanco\\\/\"],\"url\":\"https:\\\/\\\/veredes.es\\\/blog\\\/author\\\/ana-barreiro-blanco\\\/\"}]}<\/script>\n<!-- \/ Yoast SEO plugin. -->","yoast_head_json":{"title":"Andrea Guti\u00e9rrez - Javier Palacios | La habitaci\u00f3n verde - veredes","description":"Toda la informaci\u00f3n sobre: Andrea Guti\u00e9rrez - Javier Palacios | La habitaci\u00f3n verde","robots":{"index":"index","follow":"follow","max-snippet":"max-snippet:-1","max-image-preview":"max-image-preview:large","max-video-preview":"max-video-preview:-1"},"canonical":"https:\/\/veredes.es\/blog\/andrea-gutierrez-javier-palacios-la-habitacion-verde\/","og_locale":"es_ES","og_type":"article","og_title":"Andrea Guti\u00e9rrez - Javier Palacios | La habitaci\u00f3n verde - veredes","og_description":"Toda la informaci\u00f3n sobre: Andrea Guti\u00e9rrez - Javier Palacios | La habitaci\u00f3n verde","og_url":"https:\/\/veredes.es\/blog\/andrea-gutierrez-javier-palacios-la-habitacion-verde\/","og_site_name":"veredes, arquitectura y divulgaci\u00f3n","article_publisher":"https:\/\/www.facebook.com\/veredesArquitecturayDivulgacion\/","article_author":"https:\/\/www.facebook.com\/anabarreiroblanco\/","article_published_time":"2016-02-11T04:53:54+00:00","article_modified_time":"2023-08-29T15:06:52+00:00","og_image":[{"width":625,"height":354,"url":"https:\/\/veredes.es\/blog\/wp-content\/uploads\/2016\/01\/entrevista_lahabitaci\u00f3nverde_01.jpg","type":"image\/jpeg"}],"author":"Ana Barreiro Blanco","twitter_card":"summary_large_image","twitter_creator":"@veredes","twitter_site":"@veredes","twitter_misc":{"Escrito por":"Ana Barreiro Blanco","Tiempo de lectura":"10 minutos"},"schema":{"@context":"https:\/\/schema.org","@graph":[{"@type":"Article","@id":"https:\/\/veredes.es\/blog\/andrea-gutierrez-javier-palacios-la-habitacion-verde\/#article","isPartOf":{"@id":"https:\/\/veredes.es\/blog\/andrea-gutierrez-javier-palacios-la-habitacion-verde\/"},"author":{"name":"Ana Barreiro Blanco","@id":"https:\/\/veredes.es\/blog\/#\/schema\/person\/d75d9abfee4af7f452f32c140a5aa176"},"headline":"Andrea Guti\u00e9rrez &#8211; Javier Palacios | La habitaci\u00f3n verde","datePublished":"2016-02-11T04:53:54+00:00","dateModified":"2023-08-29T15:06:52+00:00","mainEntityOfPage":{"@id":"https:\/\/veredes.es\/blog\/andrea-gutierrez-javier-palacios-la-habitacion-verde\/"},"wordCount":6097,"commentCount":0,"publisher":{"@id":"https:\/\/veredes.es\/blog\/#organization"},"image":{"@id":"https:\/\/veredes.es\/blog\/andrea-gutierrez-javier-palacios-la-habitacion-verde\/#primaryimage"},"thumbnailUrl":"https:\/\/veredes.es\/blog\/wp-content\/uploads\/2016\/01\/entrevista_lahabitaci\u00f3nverde_01.jpg","keywords":["Alberto Alonso Oro","Ana Barreiro Blanco","Andrea Gutierrez","arquitectura del paisaje","baliza","en tr\u00e1nsito","entrevista","jardineria","javier palacios","la habitaci\u00f3n verde","modelo profesional","paisajismo","profesi\u00f3n","Richard Rogers"],"articleSection":["baliza","slider principal"],"inLanguage":"es","potentialAction":[{"@type":"CommentAction","name":"Comment","target":["https:\/\/veredes.es\/blog\/andrea-gutierrez-javier-palacios-la-habitacion-verde\/#respond"]}]},{"@type":"WebPage","@id":"https:\/\/veredes.es\/blog\/andrea-gutierrez-javier-palacios-la-habitacion-verde\/","url":"https:\/\/veredes.es\/blog\/andrea-gutierrez-javier-palacios-la-habitacion-verde\/","name":"Andrea Guti\u00e9rrez - Javier Palacios | La habitaci\u00f3n verde - veredes","isPartOf":{"@id":"https:\/\/veredes.es\/blog\/#website"},"primaryImageOfPage":{"@id":"https:\/\/veredes.es\/blog\/andrea-gutierrez-javier-palacios-la-habitacion-verde\/#primaryimage"},"image":{"@id":"https:\/\/veredes.es\/blog\/andrea-gutierrez-javier-palacios-la-habitacion-verde\/#primaryimage"},"thumbnailUrl":"https:\/\/veredes.es\/blog\/wp-content\/uploads\/2016\/01\/entrevista_lahabitaci\u00f3nverde_01.jpg","datePublished":"2016-02-11T04:53:54+00:00","dateModified":"2023-08-29T15:06:52+00:00","description":"Toda la informaci\u00f3n sobre: Andrea Guti\u00e9rrez - Javier Palacios | La habitaci\u00f3n verde","breadcrumb":{"@id":"https:\/\/veredes.es\/blog\/andrea-gutierrez-javier-palacios-la-habitacion-verde\/#breadcrumb"},"inLanguage":"es","potentialAction":[{"@type":"ReadAction","target":["https:\/\/veredes.es\/blog\/andrea-gutierrez-javier-palacios-la-habitacion-verde\/"]}]},{"@type":"ImageObject","inLanguage":"es","@id":"https:\/\/veredes.es\/blog\/andrea-gutierrez-javier-palacios-la-habitacion-verde\/#primaryimage","url":"https:\/\/veredes.es\/blog\/wp-content\/uploads\/2016\/01\/entrevista_lahabitaci\u00f3nverde_01.jpg","contentUrl":"https:\/\/veredes.es\/blog\/wp-content\/uploads\/2016\/01\/entrevista_lahabitaci\u00f3nverde_01.jpg","width":625,"height":354,"caption":"Javier Palacios y Andrea Guti\u00e9rrez, socios fundadores de La Habitaci\u00f3n Verde | Fotograf\u00eda: La Habitaci\u00f3n Verde"},{"@type":"BreadcrumbList","@id":"https:\/\/veredes.es\/blog\/andrea-gutierrez-javier-palacios-la-habitacion-verde\/#breadcrumb","itemListElement":[{"@type":"ListItem","position":1,"name":"Portada","item":"https:\/\/veredes.es\/blog\/"},{"@type":"ListItem","position":2,"name":"Andrea Guti\u00e9rrez &#8211; Javier Palacios | La habitaci\u00f3n verde"}]},{"@type":"WebSite","@id":"https:\/\/veredes.es\/blog\/#website","url":"https:\/\/veredes.es\/blog\/","name":"veredes, arquitectura y divulgaci\u00f3n","description":"veredes","publisher":{"@id":"https:\/\/veredes.es\/blog\/#organization"},"alternateName":"veredes","potentialAction":[{"@type":"SearchAction","target":{"@type":"EntryPoint","urlTemplate":"https:\/\/veredes.es\/blog\/?s={search_term_string}"},"query-input":{"@type":"PropertyValueSpecification","valueRequired":true,"valueName":"search_term_string"}}],"inLanguage":"es"},{"@type":"Organization","@id":"https:\/\/veredes.es\/blog\/#organization","name":"veredes, arquitectura y divulgaci\u00f3n","alternateName":"veredes","url":"https:\/\/veredes.es\/blog\/","logo":{"@type":"ImageObject","inLanguage":"es","@id":"https:\/\/veredes.es\/blog\/#\/schema\/logo\/image\/","url":"https:\/\/veredes.es\/blog\/wp-content\/uploads\/2021\/12\/veredes-logo-centrado_140x54.png","contentUrl":"https:\/\/veredes.es\/blog\/wp-content\/uploads\/2021\/12\/veredes-logo-centrado_140x54.png","width":140,"height":54,"caption":"veredes, arquitectura y divulgaci\u00f3n"},"image":{"@id":"https:\/\/veredes.es\/blog\/#\/schema\/logo\/image\/"},"sameAs":["https:\/\/www.facebook.com\/veredesArquitecturayDivulgacion\/","https:\/\/x.com\/veredes","https:\/\/instagram.com\/veredes\/","https:\/\/www.linkedin.com\/company\/veredes-arquitectura-y-divulgacion\/","https:\/\/es.pinterest.com\/veredes\/","https:\/\/www.tumblr.com\/veredes"]},{"@type":"Person","@id":"https:\/\/veredes.es\/blog\/#\/schema\/person\/d75d9abfee4af7f452f32c140a5aa176","name":"Ana Barreiro Blanco","image":{"@type":"ImageObject","inLanguage":"es","@id":"https:\/\/veredes.es\/blog\/wp-content\/uploads\/2023\/07\/cropped-ana-barreiro-blanco-96x96.jpg","url":"https:\/\/veredes.es\/blog\/wp-content\/uploads\/2023\/07\/cropped-ana-barreiro-blanco-96x96.jpg","contentUrl":"https:\/\/veredes.es\/blog\/wp-content\/uploads\/2023\/07\/cropped-ana-barreiro-blanco-96x96.jpg","caption":"Ana Barreiro Blanco"},"description":"Arquitecta y socia fundadora de gesti\u00f3n cultural taller abierto","sameAs":["https:\/\/tallerabierto.gal\/gl\/","https:\/\/www.facebook.com\/anabarreiroblanco\/","https:\/\/www.linkedin.com\/in\/anabarreiroblanco\/"],"url":"https:\/\/veredes.es\/blog\/author\/ana-barreiro-blanco\/"}]}},"_links":{"self":[{"href":"https:\/\/veredes.es\/blog\/wp-json\/wp\/v2\/posts\/58577","targetHints":{"allow":["GET"]}}],"collection":[{"href":"https:\/\/veredes.es\/blog\/wp-json\/wp\/v2\/posts"}],"about":[{"href":"https:\/\/veredes.es\/blog\/wp-json\/wp\/v2\/types\/post"}],"author":[{"embeddable":true,"href":"https:\/\/veredes.es\/blog\/wp-json\/wp\/v2\/users\/85"}],"replies":[{"embeddable":true,"href":"https:\/\/veredes.es\/blog\/wp-json\/wp\/v2\/comments?post=58577"}],"version-history":[{"count":0,"href":"https:\/\/veredes.es\/blog\/wp-json\/wp\/v2\/posts\/58577\/revisions"}],"wp:featuredmedia":[{"embeddable":true,"href":"https:\/\/veredes.es\/blog\/wp-json\/wp\/v2\/media\/58630"}],"wp:attachment":[{"href":"https:\/\/veredes.es\/blog\/wp-json\/wp\/v2\/media?parent=58577"}],"wp:term":[{"taxonomy":"category","embeddable":true,"href":"https:\/\/veredes.es\/blog\/wp-json\/wp\/v2\/categories?post=58577"},{"taxonomy":"post_tag","embeddable":true,"href":"https:\/\/veredes.es\/blog\/wp-json\/wp\/v2\/tags?post=58577"}],"curies":[{"name":"wp","href":"https:\/\/api.w.org\/{rel}","templated":true}]}}