{"id":57891,"date":"2015-10-23T06:57:52","date_gmt":"2015-10-23T04:57:52","guid":{"rendered":"http:\/\/veredes.es\/blog\/?p=57891"},"modified":"2024-04-02T09:39:38","modified_gmt":"2024-04-02T07:39:38","slug":"de-la-arquitectura-al-museo-ausencias-maria-gonzalez-juanjo-lopez-de-la-cruz","status":"publish","type":"post","link":"https:\/\/veredes.es\/blog\/de-la-arquitectura-al-museo-ausencias-maria-gonzalez-juanjo-lopez-de-la-cruz\/","title":{"rendered":"De la arquitectura al museo. Ausencias | Mar\u00eda Gonz\u00e1lez-Juanjo L\u00f3pez de la Cruz"},"content":{"rendered":"<p><\/p>\n<blockquote>\n<p style=\"text-align: justify;\"><em>\u201cRecuerdo que hab\u00eda un cuadro all\u00ed, pero no podr\u00eda describir lo que representaba. Recuerdo que ten\u00eda un marco de oro, muy ancho, trabajado, decorativo\u201d.<\/em><\/p>\n<\/blockquote>\n<p style=\"text-align: justify;\">El celador del Museo Isabella Stewart Gardner de Boston rememora as\u00ed <em>El concierto<\/em>, un \u00f3leo sobre lienzo de 72.5 cm de altura por 64.7 de anchura pintado en 1664 por Johannes Vermeer. El cuadro hab\u00eda sido robado d\u00edas antes. En la madrugada del 18 de marzo de 1990, dos hombres accedieron al museo simulando ser polic\u00edas que atend\u00edan una llamada de emergencia y tras reducir a los guardias de seguridad, se llevaron el bot\u00edn.<\/p>\n<p style=\"text-align: justify;\">Junto al Vermeer fueron sustra\u00eddos cinco dibujos de Degas, una copa, un \u00e1guila napole\u00f3nica y cinco cuadros m\u00e1s, esta vez de Flinck, Manet y Rembrandt. En la evocaci\u00f3n de aquel vigilante subyace la esencia de la relaci\u00f3n de un museo con las piezas que en \u00e9l se exponen, sin ellas no queda sino un marco fantasmag\u00f3rico, un l\u00edmite espacial que no abarca nada, una envolvente que necesita ser ocupada como pocas para que comprendamos su raz\u00f3n de ser. Los distintos testimonios de aquellos que tuvieron relaci\u00f3n con las piezas desvalijadas difieren:<\/p>\n<blockquote>\n<p style=\"text-align: justify;\"><em>\u201cpensaba que era un objeto magn\u00edfico, pero que aqu\u00ed no estaba bien colocado\u201d<\/em><\/p>\n<\/blockquote>\n<p style=\"text-align: justify;\">asegura uno de los trabajadores del museo sobre la copa usurpada,<\/p>\n<blockquote>\n<p style=\"text-align: justify;\"><em>\u201cnunca me hab\u00eda intrigado\u201d<\/em><\/p>\n<\/blockquote>\n<p style=\"text-align: justify;\">dir\u00e1 otro. Cada uno de aquellos objetos raptados dej\u00f3 una mella en la secuencia expositiva del museo, s\u00f3lo la suma de los recuerdos de los que conocieron las diferentes obras en el lugar que ocupaban pod\u00eda resta\u00f1ar aquella ausencia. As\u00ed debi\u00f3 entenderlo la artista <a href=\"https:\/\/es.wikipedia.org\/wiki\/Sophie_Calle\" target=\"_blank\" rel=\"noopener\">Sophie Calle<\/a> cuando en 1991 decidi\u00f3 recopilar todos esos testimonios; conservadores, guardias, personal de administraci\u00f3n, limpiadoras, todo aquel que manten\u00eda una relaci\u00f3n diaria, casi dom\u00e9stica, con aquel espacio y aquellas piezas, participar\u00eda, a trav\u00e9s del relato de su memoria, en una suerte de restituci\u00f3n fingida.<\/p>\n<p style=\"text-align: justify;\">Las series que conforman la obra de la artista francesa <em><a href=\"https:\/\/www.google.es\/url?sa=t&amp;rct=j&amp;q=&amp;esrc=s&amp;source=web&amp;cd=10&amp;cad=rja&amp;uact=8&amp;ved=0CEoQFjAJahUKEwi6juvz1r_IAhUJUhQKHTpyC5Q&amp;url=http%3A%2F%2Fmuseotamayo.org%2Fuploads%2Fpublicaciones%2FR-Rituales_-_Autor_como_protagonista.pdf&amp;usg=AFQjCNFdFCMTC42qbqfIczaGDjdvz-ov2g&amp;sig2=9WK5r_XPUKV8BNYOF-BLcw&amp;bvm=bv.104819420,d.d24\" target=\"_blank\" rel=\"noopener\">La Ausencia<\/a><\/em>, est\u00e1n compuestas cada una de ellas por una fotograf\u00eda del espacio vacante, desahuciado por la p\u00e9rdida de la obra expuesta, y un texto impreso sobre un fondo el que se recorta la silueta de los objetos desaparecidos, en \u00e9l podemos leer, como en un atestado policial, c\u00f3mo recordaban cada uno de los trabajadores del museo las obras perdidas.<\/p>\n<figure id=\"attachment_57894\" aria-describedby=\"caption-attachment-57894\" style=\"width: 750px\" class=\"wp-caption alignnone\"><a href=\"https:\/\/veredes.es\/blog\/wp-content\/uploads\/2015\/10\/Sophie-Calle-La-Ausencia-1991.-Los-cinco-dibujos-robados-de-Degas-.jpg\"><img loading=\"lazy\" decoding=\"async\" class=\"wp-image-57894\" title=\"Sophie Calle, La Ausencia, 1991. Los cinco dibujos robados de Degas\" src=\"https:\/\/veredes.es\/blog\/wp-content\/uploads\/2015\/10\/Sophie-Calle-La-Ausencia-1991.-Los-cinco-dibujos-robados-de-Degas-.jpg\" alt=\"Sophie Calle, La Ausencia, 1991. Los cinco dibujos robados de Degas \" width=\"750\" height=\"634\" srcset=\"https:\/\/veredes.es\/blog\/wp-content\/uploads\/2015\/10\/Sophie-Calle-La-Ausencia-1991.-Los-cinco-dibujos-robados-de-Degas-.jpg 568w, https:\/\/veredes.es\/blog\/wp-content\/uploads\/2015\/10\/Sophie-Calle-La-Ausencia-1991.-Los-cinco-dibujos-robados-de-Degas--300x254.jpg 300w\" sizes=\"auto, (max-width: 750px) 100vw, 750px\" \/><\/a><figcaption id=\"caption-attachment-57894\" class=\"wp-caption-text\"><span style=\"color: #808080;\">Sophie Calle, La Ausencia, 1991. Los cinco dibujos robados de Degas<\/span><\/figcaption><\/figure>\n<p style=\"text-align: justify;\">El <a href=\"http:\/\/www.gardnermuseum.org\/home\" target=\"_blank\" rel=\"noopener\">museo Isabella Stewart Gardner<\/a> fue construido en 1903 por <a href=\"https:\/\/es.wikipedia.org\/wiki\/Willard_T._Sears\" target=\"_blank\" rel=\"noopener\">Willard T. Sears<\/a>, el arquitecto asumi\u00f3 cada una de las directrices que la se\u00f1ora Stewart le indic\u00f3 seg\u00fan las cuales aquel edificio deb\u00eda inspirarse en los edificios renacentistas italianos; el museo, en su esfuerzo por asemejarse a un palacio toscano, es como aquel marco de oro, muy ancho, trabajado y decorativo que evocaba el celador rememorando la pieza perdida.<\/p>\n<p style=\"text-align: justify;\">Sin embargo, existe en \u00e9l una arquitectura cotidiana, aquella que hace del d\u00eda a d\u00eda una percepci\u00f3n muda y calmada, donde las obras robadas se hab\u00edan hecho un hueco. La arquitectura y las piezas acabaron entendi\u00e9ndose, as\u00ed lo prueba la memoria de aquellos que presenciaron las obras situadas en aquel lugar. Casi todos los testimonios hablan de los cuadros, \u00e1guilas y copas en relaci\u00f3n con el edificio, a veces dudando de la coexistencia entre el objeto y el espacio:<\/p>\n<blockquote>\n<p style=\"text-align: justify;\"><em>\u201cyo habr\u00eda pasado por delante. Seguramente no lo habr\u00eda visto si la mujer de mi vida no me hubiera hecho fijarme en \u00e9l\u201d,<\/em><\/p>\n<\/blockquote>\n<p style=\"text-align: justify;\">otras advirtiendo el sosiego que adquieren los objetos cuando conviven sin fricci\u00f3n con la arquitectura:<\/p>\n<blockquote>\n<p style=\"text-align: justify;\"><em>\u201cNo era una cosa que yo mirara mucho. Quiz\u00e1 porque estaba a un lado\u2026 peque\u00f1o y modesto\u2026con un marco de madera\u201d.<\/em><\/p>\n<\/blockquote>\n<p style=\"text-align: justify;\">El acierto de la artista Sophie Calle al afrontar su obra es retratar la ausencia a trav\u00e9s del vac\u00edo dejado en la arquitectura y la ocupaci\u00f3n de este lugar vacante a trav\u00e9s del recuerdo, como si la memoria acabase adquiriendo la forma del hueco. Sus parejas de fotos y testimonios muestran la imagen del lugar mermado y el registro de la memoria, que por momentos toma la silueta de la p\u00e9rdida y completa la arquitectura. El museo, as\u00ed contemplado, no es sino el lugar donde los recuerdos se convierten en espacio. Las piezas robadas no han sido encontradas a d\u00eda de hoy, imaginamos que ahora forman parte de otras tantas evocaciones proscritas.<\/p>\n<p style=\"text-align: justify;\">Hubo una vez en la que alguien imagin\u00f3 una historia inversa a la obra de Sophie Calle. Hace 70 a\u00f1os, el arquitecto alem\u00e1n Mies van der Rohe proyect\u00f3 un museo donde la arquitectura desaparecer\u00eda y ser\u00edan las obras expuestas las que se convertir\u00edan en espacio, objetos suspendidos en el aire, constituyendo fondos y paramentos sin arquitectura que los enmarcara.<\/p>\n<p style=\"text-align: justify;\">En 1942, Mies ide\u00f3 su <a href=\"http:\/\/oa.upm.es\/35484\/7\/TESIS_MASTER_Antonio_Hernandez_1314.pdf\" target=\"_blank\" rel=\"noopener\">Museo<\/a> para una peque\u00f1a ciudad por encargo de la publicaci\u00f3n americana <a href=\"http:\/\/upcommons.upc.edu\/bitstream\/handle\/2099\/12067\/DPA%2021_52%20ROS.pdf?sequence=1\" target=\"_blank\" rel=\"noopener\"><em>Architectural Record<\/em><\/a>, en los dibujos que conocemos de aquel proyecto nunca construido, la arquitectura no est\u00e1 y s\u00f3lo queda su silueta, como si hubiera sido robada. Todo comenz\u00f3 con el collage que Mies elaborar\u00eda en 1938 para uno de sus c\u00e9lebres proyectos de Casas con patio, en \u00e9l la arquitectura se traza desmaterializada pero precisa, cada l\u00ednea define el contorno de un elemento constructivo; acotando el espacio como un par\u00e9ntesis aparecen una estatua de <a href=\"http:\/\/www.museemaillol.com\/\" target=\"_blank\" rel=\"noopener\">Maillol<\/a> y un lienzo de Kandinsky que con su fidelidad fotogr\u00e1fica completan la recreaci\u00f3n de aquel lugar dom\u00e9stico.<\/p>\n<p style=\"text-align: justify;\">Un a\u00f1o m\u00e1s tarde, Mies representa el interior de la <a href=\"http:\/\/oa.upm.es\/49606\/\" target=\"_blank\" rel=\"noopener\">Casa Stanley Resor<\/a> con una t\u00e9cnica parecida pero suelo y techo ya no est\u00e1n dibujados. La superposici\u00f3n de la <a href=\"http:\/\/www.moma.org\/collection\/works\/749\" target=\"_blank\" rel=\"noopener\">imagen <\/a>de una suerte de c\u00f3moda de madera a la fotograf\u00eda de <em>Bunte Mahlzeit<\/em>, la obra de Paul Klee de 1928, es la que genera la ilusi\u00f3n de la perspectiva sin necesidad de las l\u00edneas fugadas del pavimento, de fondo, el paisaje de Wyoming evidencia el l\u00edmite de la arquitectura. Pero es en el proyecto del Museo para una peque\u00f1a ciudad donde el arquitecto alem\u00e1n convierte una t\u00e9cnica de representaci\u00f3n en el soporte conceptual del proyecto.<\/p>\n<p style=\"text-align: justify;\">En \u00e9l, la arquitectura ha sido sustra\u00edda y ya s\u00f3lo quedan las piezas expuestas que configuran el espacio al superponerse al paisaje que da fondo al dibujo, apenas queda la huella de los pilares impresa como un recorte en el tel\u00f3n de reflejos y agua que cierra la escena. El marco ha desaparecido, s\u00f3lo queda la obra, en este caso, las dos esculturas de Maillol y el <a href=\"http:\/\/veredes.es\/blog\/repulsion-belica-marcelo-gardinetti\/\" target=\"_blank\" rel=\"noopener\"><em>Guernica<\/em><\/a> de Picasso ya no son parte de la representaci\u00f3n del espacio sino su propia construcci\u00f3n.<\/p>\n<p style=\"text-align: justify;\">Las piezas expuestas desprovistas de su envoltura constructiva definen por s\u00ed mismas la escala y las relaciones espaciales, Mies parece querer decir que la arquitectura podr\u00eda llegar a desaparecer y que ser\u00edan las obras las que atestig\u00fcen el valor del espacio. Como si este proyecto fuera el negativo de la obra de Sophie Calle, en esta ocasi\u00f3n los t\u00e9rminos se invierten y es la arquitectura la que se configura a trav\u00e9s de su ausencia, dando a entender que para que exista un museo quiz\u00e1 \u00e9sta no sea del todo necesaria.<\/p>\n<figure id=\"attachment_57895\" aria-describedby=\"caption-attachment-57895\" style=\"width: 750px\" class=\"wp-caption alignnone\"><a href=\"http:\/\/veredes.es\/blog\/wp-content\/uploads\/2015\/10\/Mies-van-der-Rohe-Proyecto-de-Museo-para-una-peque\u00f1a-ciudad-1942.jpg\"><img loading=\"lazy\" decoding=\"async\" class=\"wp-image-57895\" title=\"Mies van der Rohe, Proyecto de Museo para una peque\u00f1a ciudad, 1942\" src=\"http:\/\/veredes.es\/blog\/wp-content\/uploads\/2015\/10\/Mies-van-der-Rohe-Proyecto-de-Museo-para-una-peque\u00f1a-ciudad-1942.jpg\" alt=\"Mies van der Rohe, Proyecto de Museo para una peque\u00f1a ciudad, 1942\" width=\"750\" height=\"561\" srcset=\"https:\/\/veredes.es\/blog\/wp-content\/uploads\/2015\/10\/Mies-van-der-Rohe-Proyecto-de-Museo-para-una-peque\u00f1a-ciudad-1942.jpg 460w, https:\/\/veredes.es\/blog\/wp-content\/uploads\/2015\/10\/Mies-van-der-Rohe-Proyecto-de-Museo-para-una-peque\u00f1a-ciudad-1942-300x224.jpg 300w\" sizes=\"auto, (max-width: 750px) 100vw, 750px\" \/><\/a><figcaption id=\"caption-attachment-57895\" class=\"wp-caption-text\"><span style=\"color: #808080;\">Mies van der Rohe, Proyecto de Museo para una peque\u00f1a ciudad, 1942<\/span><\/figcaption><\/figure>\n<blockquote class=\"wp-embedded-content\" data-secret=\"70kdBGg6g3\"><p><a href=\"https:\/\/veredes.es\/blog\/de-la-arquitectura-al-museo-cofres-maria-gonzalez-juanjo-lopez-de-la-cruz\/\">De la arquitectura al museo. Cofres | Mar\u00eda Gonz\u00e1lez-Juanjo L\u00f3pez de la Cruz<\/a><\/p><\/blockquote>\n<p><iframe loading=\"lazy\" class=\"wp-embedded-content\" sandbox=\"allow-scripts\" security=\"restricted\" style=\"position: absolute; clip: rect(1px, 1px, 1px, 1px);\" title=\"\u00abDe la arquitectura al museo. Cofres | Mar\u00eda Gonz\u00e1lez-Juanjo L\u00f3pez de la Cruz\u00bb \u2014 veredes, arquitectura y divulgaci\u00f3n\" src=\"https:\/\/veredes.es\/blog\/de-la-arquitectura-al-museo-cofres-maria-gonzalez-juanjo-lopez-de-la-cruz\/embed\/#?secret=MXDSTYsSZO#?secret=70kdBGg6g3\" data-secret=\"70kdBGg6g3\" width=\"600\" height=\"338\" frameborder=\"0\" marginwidth=\"0\" marginheight=\"0\" scrolling=\"no\"><\/iframe><\/p>\n<p style=\"text-align: justify;\"><span style=\"color: #999999;\"><em>Nota: De la arquitectura al museo. Ausencias, es la primera de tres partes de un texto publicado originalmente en el n\u00ba6 de la revista de arte contempor\u00e1neo La raya verde en abril de 2013, titulado De la arquitectura al museo. Ausencias, cofres y huellas.<\/em><\/span><\/p>\n<p><\/p>","protected":false},"excerpt":{"rendered":"<p>\u201cRecuerdo que hab\u00eda un cuadro all\u00ed, pero no podr\u00eda describir lo que representaba. Recuerdo que ten\u00eda un marco de oro, muy ancho, trabajado, decorativo\u201d. El celador del Museo Isabella Stewart Gardner de Boston rememora as\u00ed El concierto, un \u00f3leo sobre lienzo de 72.5 cm de altura por 64.7 de anchura pintado en 1664 por Johannes [&hellip;]<\/p>\n","protected":false},"author":38,"featured_media":57895,"comment_status":"open","ping_status":"closed","sticky":false,"template":"","format":"standard","meta":{"footnotes":""},"categories":[568,5951],"tags":[12163,12164,12449,424,12456,12457,508,2990,12460,596,668,3551,6201,8531,3255,865,12453,8181,7335,12466,10342,12162,1278,8175],"class_list":{"0":"post-57891","1":"post","2":"type-post","3":"status-publish","4":"format-standard","5":"has-post-thumbnail","7":"category-faro","8":"category-slider-principal","9":"tag-architectural-record","10":"tag-aristide-maillol","11":"tag-arte","12":"tag-dibujo","13":"tag-equipamiento-cultural","14":"tag-equipamiento-dotacional","15":"tag-escultura","16":"tag-estudio-sol89","17":"tag-fotografia","18":"tag-fotografo","19":"tag-historia","20":"tag-jan-vermeer","21":"tag-juanjo-lopez-de-la-cruz","22":"tag-maria-gonzalez-garcia","23":"tag-memoria","24":"tag-mies-van-der-rohe","25":"tag-museo-arquitectura-arquitectura","26":"tag-pablo-picasso","27":"tag-paul-klee","28":"tag-pintura","29":"tag-rembrandt-harmenszoon-van-rijn","30":"tag-sophie-calle","31":"tag-teoria","32":"tag-wassily-kandinsky"},"yoast_head":"<!-- This site is optimized with the Yoast SEO plugin v27.4 - https:\/\/yoast.com\/product\/yoast-seo-wordpress\/ -->\n<title>De la arquitectura al museo. Ausencias | Mar\u00eda Gonz\u00e1lez-Juanjo L\u00f3pez de la Cruz<\/title>\n<meta name=\"description\" content=\"De la arquitectura al museo. Ausencias\" \/>\n<meta name=\"robots\" content=\"index, follow, max-snippet:-1, max-image-preview:large, max-video-preview:-1\" \/>\n<link rel=\"canonical\" href=\"https:\/\/veredes.es\/blog\/de-la-arquitectura-al-museo-ausencias-maria-gonzalez-juanjo-lopez-de-la-cruz\/\" \/>\n<meta property=\"og:locale\" content=\"es_ES\" \/>\n<meta property=\"og:type\" content=\"article\" \/>\n<meta property=\"og:title\" content=\"De la arquitectura al museo. Ausencias | Mar\u00eda Gonz\u00e1lez-Juanjo L\u00f3pez de la Cruz\" \/>\n<meta property=\"og:description\" content=\"De la arquitectura al museo. Ausencias\" \/>\n<meta property=\"og:url\" content=\"https:\/\/veredes.es\/blog\/de-la-arquitectura-al-museo-ausencias-maria-gonzalez-juanjo-lopez-de-la-cruz\/\" \/>\n<meta property=\"og:site_name\" content=\"veredes, arquitectura y divulgaci\u00f3n\" \/>\n<meta property=\"article:publisher\" content=\"https:\/\/www.facebook.com\/veredesArquitecturayDivulgacion\/\" \/>\n<meta property=\"article:author\" content=\"https:\/\/www.facebook.com\/SOL89-Mara-Gonzlez-y-Juanjo-Lpez-de-la-Cruz-250010081686138\" \/>\n<meta property=\"article:published_time\" content=\"2015-10-23T04:57:52+00:00\" \/>\n<meta property=\"article:modified_time\" content=\"2024-04-02T07:39:38+00:00\" \/>\n<meta property=\"og:image\" content=\"https:\/\/veredes.es\/blog\/wp-content\/uploads\/2015\/10\/Mies-van-der-Rohe-Proyecto-de-Museo-para-una-peque\u00f1a-ciudad-1942.jpg\" \/>\n\t<meta property=\"og:image:width\" content=\"460\" \/>\n\t<meta property=\"og:image:height\" content=\"344\" \/>\n\t<meta property=\"og:image:type\" content=\"image\/jpeg\" \/>\n<meta name=\"author\" content=\"Mar\u00eda Gonz\u00e1lez \u2013 Juanjo L\u00f3pez de la Cruz\" \/>\n<meta name=\"twitter:card\" content=\"summary_large_image\" \/>\n<meta name=\"twitter:creator\" content=\"@https:\/\/twitter.com\/Sol89arq\" \/>\n<meta name=\"twitter:site\" content=\"@veredes\" \/>\n<meta name=\"twitter:label1\" content=\"Escrito por\" \/>\n\t<meta name=\"twitter:data1\" content=\"Mar\u00eda Gonz\u00e1lez \u2013 Juanjo L\u00f3pez de la Cruz\" \/>\n\t<meta name=\"twitter:label2\" content=\"Tiempo de lectura\" \/>\n\t<meta name=\"twitter:data2\" content=\"6 minutos\" \/>\n<script type=\"application\/ld+json\" class=\"yoast-schema-graph\">{\"@context\":\"https:\\\/\\\/schema.org\",\"@graph\":[{\"@type\":\"Article\",\"@id\":\"https:\\\/\\\/veredes.es\\\/blog\\\/de-la-arquitectura-al-museo-ausencias-maria-gonzalez-juanjo-lopez-de-la-cruz\\\/#article\",\"isPartOf\":{\"@id\":\"https:\\\/\\\/veredes.es\\\/blog\\\/de-la-arquitectura-al-museo-ausencias-maria-gonzalez-juanjo-lopez-de-la-cruz\\\/\"},\"author\":{\"name\":\"Mar\u00eda Gonz\u00e1lez \u2013 Juanjo L\u00f3pez de la Cruz\",\"@id\":\"https:\\\/\\\/veredes.es\\\/blog\\\/#\\\/schema\\\/person\\\/d45815268078778c0eb6cc7a6b168174\"},\"headline\":\"De la arquitectura al museo. Ausencias | Mar\u00eda Gonz\u00e1lez-Juanjo L\u00f3pez de la Cruz\",\"datePublished\":\"2015-10-23T04:57:52+00:00\",\"dateModified\":\"2024-04-02T07:39:38+00:00\",\"mainEntityOfPage\":{\"@id\":\"https:\\\/\\\/veredes.es\\\/blog\\\/de-la-arquitectura-al-museo-ausencias-maria-gonzalez-juanjo-lopez-de-la-cruz\\\/\"},\"wordCount\":3843,\"commentCount\":3,\"publisher\":{\"@id\":\"https:\\\/\\\/veredes.es\\\/blog\\\/#organization\"},\"image\":{\"@id\":\"https:\\\/\\\/veredes.es\\\/blog\\\/de-la-arquitectura-al-museo-ausencias-maria-gonzalez-juanjo-lopez-de-la-cruz\\\/#primaryimage\"},\"thumbnailUrl\":\"https:\\\/\\\/veredes.es\\\/blog\\\/wp-content\\\/uploads\\\/2015\\\/10\\\/Mies-van-der-Rohe-Proyecto-de-Museo-para-una-peque\u00f1a-ciudad-1942.jpg\",\"keywords\":[\"Architectural Record\",\"Aristide Maillol\",\"arte\",\"dibujo\",\"equipamiento cultural\",\"equipamiento dotacional\",\"escultura\",\"estudio sol89\",\"fotograf\u00eda\",\"fot\u00f3grafo\",\"historia\",\"jan vermeer\",\"Juanjo L\u00f3pez de la Cruz\",\"Mar\u00eda Gonz\u00e1lez Garc\u00eda\",\"memoria\",\"Mies van der Rohe\",\"museo\",\"Pablo Picasso\",\"Paul Klee\",\"pintura\",\"Rembrandt Harmenszoon van Rijn\",\"Sophie Calle\",\"teor\u00eda\",\"Wassily Kandinsky\"],\"articleSection\":[\"faro\",\"slider principal\"],\"inLanguage\":\"es\",\"potentialAction\":[{\"@type\":\"CommentAction\",\"name\":\"Comment\",\"target\":[\"https:\\\/\\\/veredes.es\\\/blog\\\/de-la-arquitectura-al-museo-ausencias-maria-gonzalez-juanjo-lopez-de-la-cruz\\\/#respond\"]}]},{\"@type\":\"WebPage\",\"@id\":\"https:\\\/\\\/veredes.es\\\/blog\\\/de-la-arquitectura-al-museo-ausencias-maria-gonzalez-juanjo-lopez-de-la-cruz\\\/\",\"url\":\"https:\\\/\\\/veredes.es\\\/blog\\\/de-la-arquitectura-al-museo-ausencias-maria-gonzalez-juanjo-lopez-de-la-cruz\\\/\",\"name\":\"De la arquitectura al museo. Ausencias | Mar\u00eda Gonz\u00e1lez-Juanjo L\u00f3pez de la Cruz\",\"isPartOf\":{\"@id\":\"https:\\\/\\\/veredes.es\\\/blog\\\/#website\"},\"primaryImageOfPage\":{\"@id\":\"https:\\\/\\\/veredes.es\\\/blog\\\/de-la-arquitectura-al-museo-ausencias-maria-gonzalez-juanjo-lopez-de-la-cruz\\\/#primaryimage\"},\"image\":{\"@id\":\"https:\\\/\\\/veredes.es\\\/blog\\\/de-la-arquitectura-al-museo-ausencias-maria-gonzalez-juanjo-lopez-de-la-cruz\\\/#primaryimage\"},\"thumbnailUrl\":\"https:\\\/\\\/veredes.es\\\/blog\\\/wp-content\\\/uploads\\\/2015\\\/10\\\/Mies-van-der-Rohe-Proyecto-de-Museo-para-una-peque\u00f1a-ciudad-1942.jpg\",\"datePublished\":\"2015-10-23T04:57:52+00:00\",\"dateModified\":\"2024-04-02T07:39:38+00:00\",\"description\":\"De la arquitectura al museo. Ausencias\",\"breadcrumb\":{\"@id\":\"https:\\\/\\\/veredes.es\\\/blog\\\/de-la-arquitectura-al-museo-ausencias-maria-gonzalez-juanjo-lopez-de-la-cruz\\\/#breadcrumb\"},\"inLanguage\":\"es\",\"potentialAction\":[{\"@type\":\"ReadAction\",\"target\":[\"https:\\\/\\\/veredes.es\\\/blog\\\/de-la-arquitectura-al-museo-ausencias-maria-gonzalez-juanjo-lopez-de-la-cruz\\\/\"]}]},{\"@type\":\"ImageObject\",\"inLanguage\":\"es\",\"@id\":\"https:\\\/\\\/veredes.es\\\/blog\\\/de-la-arquitectura-al-museo-ausencias-maria-gonzalez-juanjo-lopez-de-la-cruz\\\/#primaryimage\",\"url\":\"https:\\\/\\\/veredes.es\\\/blog\\\/wp-content\\\/uploads\\\/2015\\\/10\\\/Mies-van-der-Rohe-Proyecto-de-Museo-para-una-peque\u00f1a-ciudad-1942.jpg\",\"contentUrl\":\"https:\\\/\\\/veredes.es\\\/blog\\\/wp-content\\\/uploads\\\/2015\\\/10\\\/Mies-van-der-Rohe-Proyecto-de-Museo-para-una-peque\u00f1a-ciudad-1942.jpg\",\"width\":460,\"height\":344,\"caption\":\"Mies van der Rohe, Proyecto de Museo para una peque\u00f1a ciudad, 1942\"},{\"@type\":\"BreadcrumbList\",\"@id\":\"https:\\\/\\\/veredes.es\\\/blog\\\/de-la-arquitectura-al-museo-ausencias-maria-gonzalez-juanjo-lopez-de-la-cruz\\\/#breadcrumb\",\"itemListElement\":[{\"@type\":\"ListItem\",\"position\":1,\"name\":\"Portada\",\"item\":\"https:\\\/\\\/veredes.es\\\/blog\\\/\"},{\"@type\":\"ListItem\",\"position\":2,\"name\":\"De la arquitectura al museo. Ausencias | Mar\u00eda Gonz\u00e1lez-Juanjo L\u00f3pez de la Cruz\"}]},{\"@type\":\"WebSite\",\"@id\":\"https:\\\/\\\/veredes.es\\\/blog\\\/#website\",\"url\":\"https:\\\/\\\/veredes.es\\\/blog\\\/\",\"name\":\"veredes, arquitectura y divulgaci\u00f3n\",\"description\":\"veredes\",\"publisher\":{\"@id\":\"https:\\\/\\\/veredes.es\\\/blog\\\/#organization\"},\"alternateName\":\"veredes\",\"potentialAction\":[{\"@type\":\"SearchAction\",\"target\":{\"@type\":\"EntryPoint\",\"urlTemplate\":\"https:\\\/\\\/veredes.es\\\/blog\\\/?s={search_term_string}\"},\"query-input\":{\"@type\":\"PropertyValueSpecification\",\"valueRequired\":true,\"valueName\":\"search_term_string\"}}],\"inLanguage\":\"es\"},{\"@type\":\"Organization\",\"@id\":\"https:\\\/\\\/veredes.es\\\/blog\\\/#organization\",\"name\":\"veredes, arquitectura y divulgaci\u00f3n\",\"alternateName\":\"veredes\",\"url\":\"https:\\\/\\\/veredes.es\\\/blog\\\/\",\"logo\":{\"@type\":\"ImageObject\",\"inLanguage\":\"es\",\"@id\":\"https:\\\/\\\/veredes.es\\\/blog\\\/#\\\/schema\\\/logo\\\/image\\\/\",\"url\":\"https:\\\/\\\/veredes.es\\\/blog\\\/wp-content\\\/uploads\\\/2021\\\/12\\\/veredes-logo-centrado_140x54.png\",\"contentUrl\":\"https:\\\/\\\/veredes.es\\\/blog\\\/wp-content\\\/uploads\\\/2021\\\/12\\\/veredes-logo-centrado_140x54.png\",\"width\":140,\"height\":54,\"caption\":\"veredes, arquitectura y divulgaci\u00f3n\"},\"image\":{\"@id\":\"https:\\\/\\\/veredes.es\\\/blog\\\/#\\\/schema\\\/logo\\\/image\\\/\"},\"sameAs\":[\"https:\\\/\\\/www.facebook.com\\\/veredesArquitecturayDivulgacion\\\/\",\"https:\\\/\\\/x.com\\\/veredes\",\"https:\\\/\\\/instagram.com\\\/veredes\\\/\",\"https:\\\/\\\/www.linkedin.com\\\/company\\\/veredes-arquitectura-y-divulgacion\\\/\",\"https:\\\/\\\/es.pinterest.com\\\/veredes\\\/\",\"https:\\\/\\\/www.tumblr.com\\\/veredes\"]},{\"@type\":\"Person\",\"@id\":\"https:\\\/\\\/veredes.es\\\/blog\\\/#\\\/schema\\\/person\\\/d45815268078778c0eb6cc7a6b168174\",\"name\":\"Mar\u00eda Gonz\u00e1lez \u2013 Juanjo L\u00f3pez de la Cruz\",\"image\":{\"@type\":\"ImageObject\",\"inLanguage\":\"es\",\"@id\":\"https:\\\/\\\/veredes.es\\\/blog\\\/wp-content\\\/uploads\\\/2018\\\/04\\\/Mar\u00eda-Gonz\u00e1lez-\u2013-Juanjo-L\u00f3pez-de-la-Cruz-96x96.jpeg\",\"url\":\"https:\\\/\\\/veredes.es\\\/blog\\\/wp-content\\\/uploads\\\/2018\\\/04\\\/Mar\u00eda-Gonz\u00e1lez-\u2013-Juanjo-L\u00f3pez-de-la-Cruz-96x96.jpeg\",\"contentUrl\":\"https:\\\/\\\/veredes.es\\\/blog\\\/wp-content\\\/uploads\\\/2018\\\/04\\\/Mar\u00eda-Gonz\u00e1lez-\u2013-Juanjo-L\u00f3pez-de-la-Cruz-96x96.jpeg\",\"caption\":\"Mar\u00eda Gonz\u00e1lez \u2013 Juanjo L\u00f3pez de la Cruz\"},\"description\":\"Mar\u00eda (Huelva, 1975) y Juanjo (Sevilla, 1974) son arquitectos por la Escuela T\u00e9cnica Superior de Arquitectura de Sevilla en 2000, n\u00fameros 10 y 3 de su promoci\u00f3n de un total de 348 egresados, con la calificaci\u00f3n de sobresaliente en sus Proyectos Fin de Carrera y ambos premiados en la 13\u00aa edici\u00f3n del Premio Dragados Fin de Carrera. Despu\u00e9s de un a\u00f1o de estudios becados en L\u00b4\u00c9cole d\u00b4Architecture de Paris-la Seine en Francia, trabajan con los arquitectos Javier Terrados y Guillermo V\u00e1zquez Consuegra, tras lo cual fundan SOL89, un estudio desde el que intentan conciliar investigaci\u00f3n, docencia y profesi\u00f3n. Durante estos a\u00f1os han podido desarrollar y construir proyectos desde los que indagar en los espacios intermedios de la ciudad y la reutilizaci\u00f3n de estructuras obsoletas, trabajo habitualmente difundido por publicaciones especializadas de \u00e1mbito nacional e internacional y que ha obtenido m\u00faltiples premios, como el Primer Premio de Arquitectura de los Colegios de Arquitectos de Sevilla y Huelva en diversas categor\u00edas (2006, 2015 y 2016), la Medalla de Plata del Premio Fassa Bortolo (Italia, 2013), Primer Premio Wiener Berger (Austria, 2014), Medalla de plata del Premio Fritz-H\u00f6ger (Alemania, 2014), Primer Grand Prix Europ\u00e9en d\u00b4architecture Philippe Rotthier (B\u00e9lgica, 2014), Primer Premio Enor de Arquitectura Joven (Espa\u00f1a, 2014) y el Premio 40under40 para j\u00f3venes arquitectos europeos del Chicago Athenaeum (EEUU, 2015). Son finalistas de los premios FAD en 2013 y 2015, finalistas de la Bienal Espa\u00f1ola de Arquitectura y Urbanismo en 2014 y premiados en la de 2016, nominados al premio europeo Mies van der Rohe en 2015 y elegidos para formar parte del Pabell\u00f3n espa\u00f1ol en la XV Bienal de Venecia en 2016, galardonado con el Le\u00f3n de Oro. Son profesores asociados del Departamento de Proyectos de la Escuela de Arquitectura de Sevilla desde 2005 y m\u00e1sters en Arquitectura y ciudades sostenibles por la misma Universidad en 2008. Su labor profesional y docente se extiende a la difusi\u00f3n del pensamiento arquitect\u00f3nico mediante la colaboraci\u00f3n habitual con escritos en publicaciones especializadas y la organizaci\u00f3n y direcci\u00f3n de diversos encuentros y seminarios junto a \u00c1ngel Mart\u00ednez Garc\u00eda-Posada (Sevilla, 1976), como el Congreso Internacional dedicado a J\u00f8rn Utzon en la Universidad Internacional de Andaluc\u00eda en 2009 y el seminario Acciones Comunes sobre arte y arquitectura de la Universidad Internacional Men\u00e9ndez Pelayo en las ediciones de 2013, 2016 y 2017. Son editores de Cuaderno Rojo (Universidad de Sevilla, 2010) y Acciones Comunes (Universidad Internacional Men\u00e9ndez Pelayo, 2014), y autores de Proyectos Encontrados (Recolectores Urbanos, 2012) y El dibujo del mundo (Lampreave, 2014), libros en los que reflexionan en torno a la reutilizaci\u00f3n en la cultura arquitect\u00f3nica y sobre los dibujos y la obra del arquitecto noruego Sverre Fehn.\",\"sameAs\":[\"http:\\\/\\\/sol89.sol89.com\\\/\",\"https:\\\/\\\/www.facebook.com\\\/SOL89-Mara-Gonzlez-y-Juanjo-Lpez-de-la-Cruz-250010081686138\",\"https:\\\/\\\/www.instagram.com\\\/sol89arq\\\/\",\"https:\\\/\\\/x.com\\\/https:\\\/\\\/twitter.com\\\/Sol89arq\"],\"url\":\"https:\\\/\\\/veredes.es\\\/blog\\\/author\\\/maria-gonzalez-juanjo-lopez-de-la-cruz\\\/\"}]}<\/script>\n<!-- \/ Yoast SEO plugin. -->","yoast_head_json":{"title":"De la arquitectura al museo. Ausencias | Mar\u00eda Gonz\u00e1lez-Juanjo L\u00f3pez de la Cruz","description":"De la arquitectura al museo. Ausencias","robots":{"index":"index","follow":"follow","max-snippet":"max-snippet:-1","max-image-preview":"max-image-preview:large","max-video-preview":"max-video-preview:-1"},"canonical":"https:\/\/veredes.es\/blog\/de-la-arquitectura-al-museo-ausencias-maria-gonzalez-juanjo-lopez-de-la-cruz\/","og_locale":"es_ES","og_type":"article","og_title":"De la arquitectura al museo. Ausencias | Mar\u00eda Gonz\u00e1lez-Juanjo L\u00f3pez de la Cruz","og_description":"De la arquitectura al museo. Ausencias","og_url":"https:\/\/veredes.es\/blog\/de-la-arquitectura-al-museo-ausencias-maria-gonzalez-juanjo-lopez-de-la-cruz\/","og_site_name":"veredes, arquitectura y divulgaci\u00f3n","article_publisher":"https:\/\/www.facebook.com\/veredesArquitecturayDivulgacion\/","article_author":"https:\/\/www.facebook.com\/SOL89-Mara-Gonzlez-y-Juanjo-Lpez-de-la-Cruz-250010081686138","article_published_time":"2015-10-23T04:57:52+00:00","article_modified_time":"2024-04-02T07:39:38+00:00","og_image":[{"width":460,"height":344,"url":"https:\/\/veredes.es\/blog\/wp-content\/uploads\/2015\/10\/Mies-van-der-Rohe-Proyecto-de-Museo-para-una-peque\u00f1a-ciudad-1942.jpg","type":"image\/jpeg"}],"author":"Mar\u00eda Gonz\u00e1lez \u2013 Juanjo L\u00f3pez de la Cruz","twitter_card":"summary_large_image","twitter_creator":"@https:\/\/twitter.com\/Sol89arq","twitter_site":"@veredes","twitter_misc":{"Escrito por":"Mar\u00eda Gonz\u00e1lez \u2013 Juanjo L\u00f3pez de la Cruz","Tiempo de lectura":"6 minutos"},"schema":{"@context":"https:\/\/schema.org","@graph":[{"@type":"Article","@id":"https:\/\/veredes.es\/blog\/de-la-arquitectura-al-museo-ausencias-maria-gonzalez-juanjo-lopez-de-la-cruz\/#article","isPartOf":{"@id":"https:\/\/veredes.es\/blog\/de-la-arquitectura-al-museo-ausencias-maria-gonzalez-juanjo-lopez-de-la-cruz\/"},"author":{"name":"Mar\u00eda Gonz\u00e1lez \u2013 Juanjo L\u00f3pez de la Cruz","@id":"https:\/\/veredes.es\/blog\/#\/schema\/person\/d45815268078778c0eb6cc7a6b168174"},"headline":"De la arquitectura al museo. Ausencias | Mar\u00eda Gonz\u00e1lez-Juanjo L\u00f3pez de la Cruz","datePublished":"2015-10-23T04:57:52+00:00","dateModified":"2024-04-02T07:39:38+00:00","mainEntityOfPage":{"@id":"https:\/\/veredes.es\/blog\/de-la-arquitectura-al-museo-ausencias-maria-gonzalez-juanjo-lopez-de-la-cruz\/"},"wordCount":3843,"commentCount":3,"publisher":{"@id":"https:\/\/veredes.es\/blog\/#organization"},"image":{"@id":"https:\/\/veredes.es\/blog\/de-la-arquitectura-al-museo-ausencias-maria-gonzalez-juanjo-lopez-de-la-cruz\/#primaryimage"},"thumbnailUrl":"https:\/\/veredes.es\/blog\/wp-content\/uploads\/2015\/10\/Mies-van-der-Rohe-Proyecto-de-Museo-para-una-peque\u00f1a-ciudad-1942.jpg","keywords":["Architectural Record","Aristide Maillol","arte","dibujo","equipamiento cultural","equipamiento dotacional","escultura","estudio sol89","fotograf\u00eda","fot\u00f3grafo","historia","jan vermeer","Juanjo L\u00f3pez de la Cruz","Mar\u00eda Gonz\u00e1lez Garc\u00eda","memoria","Mies van der Rohe","museo","Pablo Picasso","Paul Klee","pintura","Rembrandt Harmenszoon van Rijn","Sophie Calle","teor\u00eda","Wassily Kandinsky"],"articleSection":["faro","slider principal"],"inLanguage":"es","potentialAction":[{"@type":"CommentAction","name":"Comment","target":["https:\/\/veredes.es\/blog\/de-la-arquitectura-al-museo-ausencias-maria-gonzalez-juanjo-lopez-de-la-cruz\/#respond"]}]},{"@type":"WebPage","@id":"https:\/\/veredes.es\/blog\/de-la-arquitectura-al-museo-ausencias-maria-gonzalez-juanjo-lopez-de-la-cruz\/","url":"https:\/\/veredes.es\/blog\/de-la-arquitectura-al-museo-ausencias-maria-gonzalez-juanjo-lopez-de-la-cruz\/","name":"De la arquitectura al museo. Ausencias | Mar\u00eda Gonz\u00e1lez-Juanjo L\u00f3pez de la Cruz","isPartOf":{"@id":"https:\/\/veredes.es\/blog\/#website"},"primaryImageOfPage":{"@id":"https:\/\/veredes.es\/blog\/de-la-arquitectura-al-museo-ausencias-maria-gonzalez-juanjo-lopez-de-la-cruz\/#primaryimage"},"image":{"@id":"https:\/\/veredes.es\/blog\/de-la-arquitectura-al-museo-ausencias-maria-gonzalez-juanjo-lopez-de-la-cruz\/#primaryimage"},"thumbnailUrl":"https:\/\/veredes.es\/blog\/wp-content\/uploads\/2015\/10\/Mies-van-der-Rohe-Proyecto-de-Museo-para-una-peque\u00f1a-ciudad-1942.jpg","datePublished":"2015-10-23T04:57:52+00:00","dateModified":"2024-04-02T07:39:38+00:00","description":"De la arquitectura al museo. Ausencias","breadcrumb":{"@id":"https:\/\/veredes.es\/blog\/de-la-arquitectura-al-museo-ausencias-maria-gonzalez-juanjo-lopez-de-la-cruz\/#breadcrumb"},"inLanguage":"es","potentialAction":[{"@type":"ReadAction","target":["https:\/\/veredes.es\/blog\/de-la-arquitectura-al-museo-ausencias-maria-gonzalez-juanjo-lopez-de-la-cruz\/"]}]},{"@type":"ImageObject","inLanguage":"es","@id":"https:\/\/veredes.es\/blog\/de-la-arquitectura-al-museo-ausencias-maria-gonzalez-juanjo-lopez-de-la-cruz\/#primaryimage","url":"https:\/\/veredes.es\/blog\/wp-content\/uploads\/2015\/10\/Mies-van-der-Rohe-Proyecto-de-Museo-para-una-peque\u00f1a-ciudad-1942.jpg","contentUrl":"https:\/\/veredes.es\/blog\/wp-content\/uploads\/2015\/10\/Mies-van-der-Rohe-Proyecto-de-Museo-para-una-peque\u00f1a-ciudad-1942.jpg","width":460,"height":344,"caption":"Mies van der Rohe, Proyecto de Museo para una peque\u00f1a ciudad, 1942"},{"@type":"BreadcrumbList","@id":"https:\/\/veredes.es\/blog\/de-la-arquitectura-al-museo-ausencias-maria-gonzalez-juanjo-lopez-de-la-cruz\/#breadcrumb","itemListElement":[{"@type":"ListItem","position":1,"name":"Portada","item":"https:\/\/veredes.es\/blog\/"},{"@type":"ListItem","position":2,"name":"De la arquitectura al museo. Ausencias | Mar\u00eda Gonz\u00e1lez-Juanjo L\u00f3pez de la Cruz"}]},{"@type":"WebSite","@id":"https:\/\/veredes.es\/blog\/#website","url":"https:\/\/veredes.es\/blog\/","name":"veredes, arquitectura y divulgaci\u00f3n","description":"veredes","publisher":{"@id":"https:\/\/veredes.es\/blog\/#organization"},"alternateName":"veredes","potentialAction":[{"@type":"SearchAction","target":{"@type":"EntryPoint","urlTemplate":"https:\/\/veredes.es\/blog\/?s={search_term_string}"},"query-input":{"@type":"PropertyValueSpecification","valueRequired":true,"valueName":"search_term_string"}}],"inLanguage":"es"},{"@type":"Organization","@id":"https:\/\/veredes.es\/blog\/#organization","name":"veredes, arquitectura y divulgaci\u00f3n","alternateName":"veredes","url":"https:\/\/veredes.es\/blog\/","logo":{"@type":"ImageObject","inLanguage":"es","@id":"https:\/\/veredes.es\/blog\/#\/schema\/logo\/image\/","url":"https:\/\/veredes.es\/blog\/wp-content\/uploads\/2021\/12\/veredes-logo-centrado_140x54.png","contentUrl":"https:\/\/veredes.es\/blog\/wp-content\/uploads\/2021\/12\/veredes-logo-centrado_140x54.png","width":140,"height":54,"caption":"veredes, arquitectura y divulgaci\u00f3n"},"image":{"@id":"https:\/\/veredes.es\/blog\/#\/schema\/logo\/image\/"},"sameAs":["https:\/\/www.facebook.com\/veredesArquitecturayDivulgacion\/","https:\/\/x.com\/veredes","https:\/\/instagram.com\/veredes\/","https:\/\/www.linkedin.com\/company\/veredes-arquitectura-y-divulgacion\/","https:\/\/es.pinterest.com\/veredes\/","https:\/\/www.tumblr.com\/veredes"]},{"@type":"Person","@id":"https:\/\/veredes.es\/blog\/#\/schema\/person\/d45815268078778c0eb6cc7a6b168174","name":"Mar\u00eda Gonz\u00e1lez \u2013 Juanjo L\u00f3pez de la Cruz","image":{"@type":"ImageObject","inLanguage":"es","@id":"https:\/\/veredes.es\/blog\/wp-content\/uploads\/2018\/04\/Mar\u00eda-Gonz\u00e1lez-\u2013-Juanjo-L\u00f3pez-de-la-Cruz-96x96.jpeg","url":"https:\/\/veredes.es\/blog\/wp-content\/uploads\/2018\/04\/Mar\u00eda-Gonz\u00e1lez-\u2013-Juanjo-L\u00f3pez-de-la-Cruz-96x96.jpeg","contentUrl":"https:\/\/veredes.es\/blog\/wp-content\/uploads\/2018\/04\/Mar\u00eda-Gonz\u00e1lez-\u2013-Juanjo-L\u00f3pez-de-la-Cruz-96x96.jpeg","caption":"Mar\u00eda Gonz\u00e1lez \u2013 Juanjo L\u00f3pez de la Cruz"},"description":"Mar\u00eda (Huelva, 1975) y Juanjo (Sevilla, 1974) son arquitectos por la Escuela T\u00e9cnica Superior de Arquitectura de Sevilla en 2000, n\u00fameros 10 y 3 de su promoci\u00f3n de un total de 348 egresados, con la calificaci\u00f3n de sobresaliente en sus Proyectos Fin de Carrera y ambos premiados en la 13\u00aa edici\u00f3n del Premio Dragados Fin de Carrera. Despu\u00e9s de un a\u00f1o de estudios becados en L\u00b4\u00c9cole d\u00b4Architecture de Paris-la Seine en Francia, trabajan con los arquitectos Javier Terrados y Guillermo V\u00e1zquez Consuegra, tras lo cual fundan SOL89, un estudio desde el que intentan conciliar investigaci\u00f3n, docencia y profesi\u00f3n. Durante estos a\u00f1os han podido desarrollar y construir proyectos desde los que indagar en los espacios intermedios de la ciudad y la reutilizaci\u00f3n de estructuras obsoletas, trabajo habitualmente difundido por publicaciones especializadas de \u00e1mbito nacional e internacional y que ha obtenido m\u00faltiples premios, como el Primer Premio de Arquitectura de los Colegios de Arquitectos de Sevilla y Huelva en diversas categor\u00edas (2006, 2015 y 2016), la Medalla de Plata del Premio Fassa Bortolo (Italia, 2013), Primer Premio Wiener Berger (Austria, 2014), Medalla de plata del Premio Fritz-H\u00f6ger (Alemania, 2014), Primer Grand Prix Europ\u00e9en d\u00b4architecture Philippe Rotthier (B\u00e9lgica, 2014), Primer Premio Enor de Arquitectura Joven (Espa\u00f1a, 2014) y el Premio 40under40 para j\u00f3venes arquitectos europeos del Chicago Athenaeum (EEUU, 2015). Son finalistas de los premios FAD en 2013 y 2015, finalistas de la Bienal Espa\u00f1ola de Arquitectura y Urbanismo en 2014 y premiados en la de 2016, nominados al premio europeo Mies van der Rohe en 2015 y elegidos para formar parte del Pabell\u00f3n espa\u00f1ol en la XV Bienal de Venecia en 2016, galardonado con el Le\u00f3n de Oro. Son profesores asociados del Departamento de Proyectos de la Escuela de Arquitectura de Sevilla desde 2005 y m\u00e1sters en Arquitectura y ciudades sostenibles por la misma Universidad en 2008. Su labor profesional y docente se extiende a la difusi\u00f3n del pensamiento arquitect\u00f3nico mediante la colaboraci\u00f3n habitual con escritos en publicaciones especializadas y la organizaci\u00f3n y direcci\u00f3n de diversos encuentros y seminarios junto a \u00c1ngel Mart\u00ednez Garc\u00eda-Posada (Sevilla, 1976), como el Congreso Internacional dedicado a J\u00f8rn Utzon en la Universidad Internacional de Andaluc\u00eda en 2009 y el seminario Acciones Comunes sobre arte y arquitectura de la Universidad Internacional Men\u00e9ndez Pelayo en las ediciones de 2013, 2016 y 2017. Son editores de Cuaderno Rojo (Universidad de Sevilla, 2010) y Acciones Comunes (Universidad Internacional Men\u00e9ndez Pelayo, 2014), y autores de Proyectos Encontrados (Recolectores Urbanos, 2012) y El dibujo del mundo (Lampreave, 2014), libros en los que reflexionan en torno a la reutilizaci\u00f3n en la cultura arquitect\u00f3nica y sobre los dibujos y la obra del arquitecto noruego Sverre Fehn.","sameAs":["http:\/\/sol89.sol89.com\/","https:\/\/www.facebook.com\/SOL89-Mara-Gonzlez-y-Juanjo-Lpez-de-la-Cruz-250010081686138","https:\/\/www.instagram.com\/sol89arq\/","https:\/\/x.com\/https:\/\/twitter.com\/Sol89arq"],"url":"https:\/\/veredes.es\/blog\/author\/maria-gonzalez-juanjo-lopez-de-la-cruz\/"}]}},"_links":{"self":[{"href":"https:\/\/veredes.es\/blog\/wp-json\/wp\/v2\/posts\/57891","targetHints":{"allow":["GET"]}}],"collection":[{"href":"https:\/\/veredes.es\/blog\/wp-json\/wp\/v2\/posts"}],"about":[{"href":"https:\/\/veredes.es\/blog\/wp-json\/wp\/v2\/types\/post"}],"author":[{"embeddable":true,"href":"https:\/\/veredes.es\/blog\/wp-json\/wp\/v2\/users\/38"}],"replies":[{"embeddable":true,"href":"https:\/\/veredes.es\/blog\/wp-json\/wp\/v2\/comments?post=57891"}],"version-history":[{"count":0,"href":"https:\/\/veredes.es\/blog\/wp-json\/wp\/v2\/posts\/57891\/revisions"}],"wp:featuredmedia":[{"embeddable":true,"href":"https:\/\/veredes.es\/blog\/wp-json\/wp\/v2\/media\/57895"}],"wp:attachment":[{"href":"https:\/\/veredes.es\/blog\/wp-json\/wp\/v2\/media?parent=57891"}],"wp:term":[{"taxonomy":"category","embeddable":true,"href":"https:\/\/veredes.es\/blog\/wp-json\/wp\/v2\/categories?post=57891"},{"taxonomy":"post_tag","embeddable":true,"href":"https:\/\/veredes.es\/blog\/wp-json\/wp\/v2\/tags?post=57891"}],"curies":[{"name":"wp","href":"https:\/\/api.w.org\/{rel}","templated":true}]}}