{"id":56114,"date":"2015-09-07T06:49:28","date_gmt":"2015-09-07T04:49:28","guid":{"rendered":"http:\/\/veredes.es\/blog\/?p=56114"},"modified":"2020-02-26T16:38:18","modified_gmt":"2020-02-26T15:38:18","slug":"la-realidad-fisica-en-una-sociedad-desmaterializada-marc-chalamanch","status":"publish","type":"post","link":"https:\/\/veredes.es\/blog\/la-realidad-fisica-en-una-sociedad-desmaterializada-marc-chalamanch\/","title":{"rendered":"La realidad f\u00edsica en una sociedad desmaterializada | Marc Chalamanch"},"content":{"rendered":"<p><figure id=\"attachment_56117\" aria-describedby=\"caption-attachment-56117\" style=\"width: 625px\" class=\"wp-caption alignnone\"><a href=\"http:\/\/veredes.es\/blog\/wp-content\/uploads\/2015\/09\/Fotograf\u00eda-Marc-Chalamanch.jpg\"><img loading=\"lazy\" decoding=\"async\" class=\"size-full wp-image-56117\" src=\"http:\/\/veredes.es\/blog\/wp-content\/uploads\/2015\/09\/Fotograf\u00eda-Marc-Chalamanch.jpg\" alt=\"Fotograf\u00eda: Marc Chalamanch, \" width=\"625\" height=\"242\" srcset=\"https:\/\/veredes.es\/blog\/wp-content\/uploads\/2015\/09\/Fotograf\u00eda-Marc-Chalamanch.jpg 625w, https:\/\/veredes.es\/blog\/wp-content\/uploads\/2015\/09\/Fotograf\u00eda-Marc-Chalamanch-300x116.jpg 300w\" sizes=\"auto, (max-width: 625px) 100vw, 625px\" \/><\/a><figcaption id=\"caption-attachment-56117\" class=\"wp-caption-text\"><span style=\"color: #808080;\">Fotograf\u00eda: Marc Chalamanch<\/span><\/figcaption><\/figure><\/p>\n<p style=\"text-align: justify;\"><strong>Somos la primera generaci\u00f3n de la historia que forma parte de una sociedad inmersa en un proceso imparable de desmaterializaci\u00f3n; mientras que como arquitectos continuamos trabajando con la lenta y costosa transformaci\u00f3n de la materialidad<\/strong>. La informaci\u00f3n se ha situado en el centro del desarrollo econ\u00f3mico, pol\u00edtico, social y cultural de nuestra sociedad, y marca cada uno de nuestros pasos. El paradigma informacional alrededor de las tecnolog\u00edas de la informaci\u00f3n y la comunicaci\u00f3n es el motor de los nuevos modos de producci\u00f3n, de vida y hasta de pensamiento, en los que el espacio y el tiempo son dos ejes esenciales sobre el que se proyecta esta transformaci\u00f3n. <strong>\u00bfQu\u00e9 no se puede reducir a informaci\u00f3n? Todo lo que nos rodea menos aquello que nos hace ser, aunque se intente.<\/strong> Este es el punto de partida para entender una nueva materialidad producto de la profunda transformaci\u00f3n social en la que estamos sumidos.<\/p>\n<p style=\"text-align: justify;\">Nuestro entorno tiene elementos que cada d\u00eda nos acercan m\u00e1s a la E-topia que <a href=\"https:\/\/en.wikipedia.org\/wiki\/William_J._Mitchell\" target=\"_blank\" rel=\"noopener noreferrer\">William J. Mitchell<\/a><sup>1 <\/sup>defin\u00eda con los principios b\u00e1sicos de la desmaterializaci\u00f3n<sup>2<\/sup>, la desmovilizaci\u00f3n<sup>3<\/sup>, el funcionamiento inteligente<sup>4<\/sup>, la personalizaci\u00f3n en masa<sup>5<\/sup> y la transformaci\u00f3n suave<sup>6<\/sup>. Principios que ya hemos comprobado que se acercan poco a la realidad de una sociedad red, en la cual la posible desmaterializaci\u00f3n ha comportado la aparici\u00f3n de una infinidad de nuevas necesidades materiales. Una sociedad donde la previsible desmovilizaci\u00f3n se ha convertido en un mundo basado en el crecimiento exponencial de la movilidad, no solamente de informaci\u00f3n sino tambi\u00e9n de personas y bienes. Un mundo en el que se confunde la informaci\u00f3n y la acumulaci\u00f3n de datos con la inteligencia, y en el cual la previsible personalizaci\u00f3n ha resultado ser la monotematizaci\u00f3n global, con una transformaci\u00f3n que ha convertido no solo el futuro en descifrable sino tambi\u00e9n el presente en obsoleto. Unos principios contrapuestos que las nuevas tecnolog\u00edas los han convertido en condiciones o condicionantes de urbanidad, y que como arquitectos y urbanistas nos abren nuevas perspectivas sobre las que tenemos mucho que decir.<\/p>\n<p style=\"text-align: justify;\">La realidad es que vivimos en un presente continuo en el que muchas cosas ya no se poseen: s\u00f3lo se tiene el derecho a usarlas. Nos encontramos en un presente envuelto en una irremediable obsolescencia programada. En una sociedad donde el valor est\u00e1 m\u00e1s cerca de la posesi\u00f3n de la informaci\u00f3n y el acceso a una buena conectividad que de una centralidad geogr\u00e1fica. Nos hallamos rodeados de artefactos que est\u00e1n generando cada d\u00eda, insaciablemente, nuevas herramientas que cambian nuestra manera de relacionarnos, el modo de explicarnos y de compartir nuestro trabajo, inquietudes y reflexiones. Vivimos envueltos por invisibles bits en constante transformaci\u00f3n, aprendizaje y difusi\u00f3n, que poseen la capacidad de aparecer y desaparecer en et\u00e9reas nubes de informaci\u00f3n. Se trata de una informaci\u00f3n que, despu\u00e9s de fascinarnos, nos ha llegado a colapsar hasta convertir la red en un di\u00e1logo de sordos en el que todos hablamos de todo y somos incapaces de escuchar nada.<\/p>\n<p style=\"text-align: justify;\">Mientras, la ciudad busca soluciones propagando chips en el espacio p\u00fablico, y vendi\u00e9ndose con el cartel de \u201cSmart\u201d. Est\u00e1n convirtiendo la ciudad en un \u201cGran hermano\u201d tecnol\u00f3gico que genera una inmensidad de datos. Con estos datos se intenta estructurar una soluci\u00f3n al aumento del consumo de recursos a trav\u00e9s de una gesti\u00f3n inteligente. En este entorno virtual los ciudadanos y sus acciones se han convertido en ceros y unos que aspiran a encontrar la soluci\u00f3n a nuestro entorno y hasta a nuestras vidas, despu\u00e9s de haber olvidado que sin alma no somos nada. Buscan solucionar viejos problemas con las nuevas tecnolog\u00edas, al tiempo que intentan entender unos cambios constantes que dejan sin sentido las verdades precedentes. Una milagrosa <strong>\u00abSmart City\u00bb<\/strong> que simplifica hasta encontrarse en su m\u00e1xima complejidad, en la cual la ciudad y sus ciudadanos se tienen que enfrentar a su propia paradoja. \u00bfPodemos imaginar dejar en manos de algoritmos nuestras ciudades? Nos queda la esperanza de que la ciudad se dedique a buscar sus <strong>\u00abSmart Citizens\u00bb <\/strong>y que estos sean los que gestionen este mar de datos. Pero tambi\u00e9n que estos tengan tiempo para salir a la calle, sentarse en una terraza, tomar el sol y compartir unas copas mientras entablan una buena charla sobre qu\u00e9 es lo que realmente le pasa a la ciudad y cu\u00e1les son los problemas que tenemos los ciudadanos.<\/p>\n<p style=\"text-align: justify;\">No olvidemos que detr\u00e1s de los sistemas hol\u00edsticos inteligentes de rastreo de la ciudad destinados a obtener informaci\u00f3n de los procesos urbanos, siempre se esconden personas, empresas e intereses. Todos vienen repletos de discursos de buenas intenciones y de elogios a las enormes oportunidades que ofrecen, pero tambi\u00e9n esconden oscuras utilidades que tendremos que saber afrontar y que parecen imposibles de evitar.<\/p>\n<p style=\"text-align: justify;\">Bajo esta premisa parece que hay la idea de que la ciudad tiene como fin la construcci\u00f3n de infraestructuras de flujos. Pero confundir el fin de dar respuesta a las necesidades de una comunidad con el medio con el que se construyen es realmente peligroso. <strong>Pocas veces nos planteamos que en realidad las cosas que buscamos en nuestras ciudades est\u00e1n basadas, a menudo, en la ineficacia, en la incertidumbre, en la deriva de una vida que no queremos programada ni necesitamos que sea perfecta.<\/strong> En 1966, <a href=\"http:\/\/es.wikipedia.org\/wiki\/Cedric_Price\" target=\"_blank\" rel=\"noopener noreferrer\">Cedric Price<\/a> ya se preguntaba \u00abla tecnolog\u00eda es la respuesta, pero \u00bfcu\u00e1l es la pregunta?\u00bb Tenemos la gran oportunidad de la tecnolog\u00eda y no podemos desaprovecharla, pero es aquella sonrisa cuando sales a la calle y te cruzas con una mirada la que te hace ciudadano, lo que nos hace parte de la ciudad, la que nos permite sentirnos de nuestra ciudad.<\/p>\n<p style=\"text-align: justify;\">Como arquitectos tenemos que seguir cubriendo la necesidad de una realidad f\u00edsica que parece haberse convertido en un simple, en ocasiones engorroso, soporte de lo que parece ser lo \u00fanico importante, la informaci\u00f3n y la comunicaci\u00f3n que algunas veces, dir\u00eda que pocas, llega a convertirse en conocimiento.<\/p>\n<p style=\"text-align: justify;\"><strong>Tenemos que tener claro que el conocimiento para re-estructurar nuestra sociedad s\u00f3lo puede salir de la interrelaci\u00f3n entre el ciudadano y la ciudad, en una construcci\u00f3n en la que la E-topia sea una herramienta para el desarrollo de una E-polis en la cual el ciudadano, sus necesidades y sus anhelos sean su eje vertebrador<\/strong>. Donde el tiempo y el espacio sean la plataforma en la que las tecnolog\u00edas y los ciudadanos puedan encontrar las sinergias para transformar una realidad que evoluciona tan r\u00e1pidamente que no tenemos ni tiempo a descifrar. Esto nos obliga, si no lo est\u00e1bamos antes, a romper los l\u00edmites entre disciplinas, a ser generosos con el conocimiento y saberlo compartir. <strong>Siempre teniendo en cuenta que estamos delante del reto de la incapacidad de encontrar una definici\u00f3n y una soluci\u00f3n duradera a un contexto que parece permanentemente obsoleto<\/strong>. Nos exige ser capaces de entender que el aprendizaje es infinito y que va m\u00e1s all\u00e1 de las nuevas herramientas de trabajo, de los nuevos conocimientos, de las aplicaciones de nuevos materiales y tecnolog\u00edas, y que pasa por nuestra funci\u00f3n de repensar profundamente, desde nuestro conocimiento como arquitectos, qu\u00e9 somos capaces de aportar en los cambios paradigm\u00e1ticos en los que nos encontramos.<\/p>\n<p style=\"text-align: justify;\">Marc Chalamanch \u00b7 Arquitecto<br \/>\nBarcelona. abril 2014<\/p>\n<p style=\"text-align: justify;\">Notas:<\/p>\n<p style=\"text-align: justify;\"><sup>1<\/sup>. Mitchell, William J. E-topia: <a href=\"https:\/\/www.amazon.es\/gp\/product\/0262632055?ie=UTF8&amp;camp=3626&amp;creativeASIN=0262632055&amp;linkCode=xm2&amp;tag=wwwveredeses-21\" target=\"_blank\" rel=\"noopener noreferrer\">Urban life, Jim\u2013but not as we know it<\/a>, Cambridge, MA: The MIT Press, 1999. ISBN-10:\u00a00262632055<\/p>\n<p style=\"text-align: justify;\"><sup>2<\/sup>. <strong>La desmaterializaci\u00f3n<\/strong>, un bit usado no contamina. Econom\u00eda sin gravedad. \u00bfEs realmente necesario construir este edificio, o puede ser remplazado por sistemas electr\u00f3nicos?<\/p>\n<p style=\"text-align: justify;\"><sup>3<\/sup>.<strong> La desmovilizaci\u00f3n<\/strong>, mover bits es mucho m\u00e1s econ\u00f3mico y eficiente que mover personas y mercanc\u00edas. Sacar partido de las telecomunicaciones para crear nuevos modelos urbanos m\u00e1s refinados, infinitamente m\u00e1s eficientes. La mejor estrategia de ahorro.<\/p>\n<p style=\"text-align: justify;\"><sup>4<\/sup>.<strong> El funcionamiento inteligente<\/strong>, un sistema inteligente se puede controlar con sensores para que suministre agua s\u00f3lo cuando las condiciones indican que se necesita m\u00e1s humedad. Uno realmente inteligente debe controlar tanto el entorno como el nivel de agua disponible. Su objetivo es crear mercados sensibles, de gran eficacia, para los recursos consumibles escasos de los que depende todo asentamiento humano.<\/p>\n<p style=\"text-align: justify;\"><sup>5<\/sup>. <strong>La personalizaci\u00f3n en masa<\/strong>, personalizaci\u00f3n en masa es justamente no elegir un est\u00e1ndar, sino muchos est\u00e1ndares para diferentes p\u00fablicos. Reducir el despilfarro y estrategias din\u00e1micas de precios gestionando eficazmente la demanda y estimular el ahorro.<\/p>\n<p style=\"text-align: justify;\"><sup>6<\/sup>. <strong>La transformaci\u00f3n suave<\/strong>, las ciudades se transformaron en la era industrial; exigi\u00f3 la dotaci\u00f3n de extensas zonas industriales, de viviendas para los trabajadores, de oficinas centrales en las ciudades y de sistemas de transporte de gran capacidad. Hoy el espacio servido electr\u00f3nicamente no tiene que estar concentrado en grandes \u00e1reas contiguas, sino que pueden distribuirse realmente a trav\u00e9s de un tejido urbano finalmente granulado.<\/p>\n<p><\/p>","protected":false},"excerpt":{"rendered":"<p>Somos la primera generaci\u00f3n de la historia que forma parte de una sociedad inmersa en un proceso imparable de desmaterializaci\u00f3n; mientras que como arquitectos continuamos trabajando con la lenta y costosa transformaci\u00f3n de la materialidad. La informaci\u00f3n se ha situado en el centro del desarrollo econ\u00f3mico, pol\u00edtico, social y cultural de nuestra sociedad, y marca [&hellip;]<\/p>\n","protected":false},"author":58,"featured_media":56117,"comment_status":"open","ping_status":"closed","sticky":false,"template":"","format":"standard","meta":{"footnotes":""},"categories":[5934,5951],"tags":[11481,145,10910,1521,706,710,11911,730,8575,11450,2726,1151,1152,9526,4319,1241,11477,1271,1289,12468,12090],"class_list":{"0":"post-56114","1":"post","2":"type-post","3":"status-publish","4":"format-standard","5":"has-post-thumbnail","7":"category-articulos","8":"category-slider-principal","9":"tag-armand-mattelart","10":"tag-arquitectura-industrial","11":"tag-arquitectura-informacional","12":"tag-cedric-price","13":"tag-industria-cultural","14":"tag-informacion","15":"tag-informacionalismo","16":"tag-internet","17":"tag-manuel-castells","18":"tag-marc-chalamanch","19":"tag-nueva-tecnologia","20":"tag-red","21":"tag-red-social","22":"tag-smart-citizens","23":"tag-smart-city","24":"tag-sociedad","25":"tag-sociedad-red","26":"tag-tecnologia","27":"tag-tiempo","28":"tag-urbanismo","29":"tag-william-j-mitchell"},"yoast_head":"<!-- This site is optimized with the Yoast SEO plugin v27.5 - https:\/\/yoast.com\/product\/yoast-seo-wordpress\/ -->\n<title>La realidad f\u00edsica en una sociedad desmaterializada | Marc Chalamanch<\/title>\n<meta name=\"description\" content=\"Toda la informaci\u00f3n sobre: La realidad f\u00edsica en una sociedad desmaterializada | Marc ChalamanchThe physical reality in a dematerialized company| Marc ChalamanchA realidade f\u00edsica nunha sociedade desmaterializada | Marc Chalamanch\" \/>\n<meta name=\"robots\" content=\"index, follow, max-snippet:-1, max-image-preview:large, max-video-preview:-1\" \/>\n<link rel=\"canonical\" href=\"https:\/\/veredes.es\/blog\/la-realidad-fisica-en-una-sociedad-desmaterializada-marc-chalamanch\/\" \/>\n<meta property=\"og:locale\" content=\"es_ES\" \/>\n<meta property=\"og:type\" content=\"article\" \/>\n<meta property=\"og:title\" content=\"La realidad f\u00edsica en una sociedad desmaterializada | Marc Chalamanch\" \/>\n<meta property=\"og:description\" content=\"Toda la informaci\u00f3n sobre: La realidad f\u00edsica en una sociedad desmaterializada | Marc ChalamanchThe physical reality in a dematerialized company| Marc ChalamanchA realidade f\u00edsica nunha sociedade desmaterializada | Marc Chalamanch\" \/>\n<meta property=\"og:url\" content=\"https:\/\/veredes.es\/blog\/la-realidad-fisica-en-una-sociedad-desmaterializada-marc-chalamanch\/\" \/>\n<meta property=\"og:site_name\" content=\"veredes, arquitectura y divulgaci\u00f3n\" \/>\n<meta property=\"article:publisher\" content=\"https:\/\/www.facebook.com\/veredesArquitecturayDivulgacion\/\" \/>\n<meta property=\"article:author\" content=\"https:\/\/www.facebook.com\/chalamanch\" \/>\n<meta property=\"article:published_time\" content=\"2015-09-07T04:49:28+00:00\" \/>\n<meta property=\"article:modified_time\" content=\"2020-02-26T15:38:18+00:00\" \/>\n<meta property=\"og:image\" content=\"https:\/\/veredes.es\/blog\/wp-content\/uploads\/2015\/09\/Fotograf\u00eda-Marc-Chalamanch.jpg\" \/>\n\t<meta property=\"og:image:width\" content=\"625\" \/>\n\t<meta property=\"og:image:height\" content=\"242\" \/>\n\t<meta property=\"og:image:type\" content=\"image\/jpeg\" \/>\n<meta name=\"author\" content=\"Marc Chalamanch\" \/>\n<meta name=\"twitter:card\" content=\"summary_large_image\" \/>\n<meta name=\"twitter:creator\" content=\"@https:\/\/twitter.com\/chalamanch\" \/>\n<meta name=\"twitter:site\" content=\"@veredes\" \/>\n<meta name=\"twitter:label1\" content=\"Escrito por\" \/>\n\t<meta name=\"twitter:data1\" content=\"Marc Chalamanch\" \/>\n\t<meta name=\"twitter:label2\" content=\"Tiempo de lectura\" \/>\n\t<meta name=\"twitter:data2\" content=\"23 minutos\" \/>\n<script type=\"application\/ld+json\" class=\"yoast-schema-graph\">{\"@context\":\"https:\\\/\\\/schema.org\",\"@graph\":[{\"@type\":\"Article\",\"@id\":\"https:\\\/\\\/veredes.es\\\/blog\\\/la-realidad-fisica-en-una-sociedad-desmaterializada-marc-chalamanch\\\/#article\",\"isPartOf\":{\"@id\":\"https:\\\/\\\/veredes.es\\\/blog\\\/la-realidad-fisica-en-una-sociedad-desmaterializada-marc-chalamanch\\\/\"},\"author\":{\"name\":\"Marc Chalamanch\",\"@id\":\"https:\\\/\\\/veredes.es\\\/blog\\\/#\\\/schema\\\/person\\\/c0ab42f1692fafedfc6e3af213975d52\"},\"headline\":\"La realidad f\u00edsica en una sociedad desmaterializada | Marc Chalamanch\",\"datePublished\":\"2015-09-07T04:49:28+00:00\",\"dateModified\":\"2020-02-26T15:38:18+00:00\",\"mainEntityOfPage\":{\"@id\":\"https:\\\/\\\/veredes.es\\\/blog\\\/la-realidad-fisica-en-una-sociedad-desmaterializada-marc-chalamanch\\\/\"},\"wordCount\":4670,\"commentCount\":0,\"publisher\":{\"@id\":\"https:\\\/\\\/veredes.es\\\/blog\\\/#organization\"},\"image\":{\"@id\":\"https:\\\/\\\/veredes.es\\\/blog\\\/la-realidad-fisica-en-una-sociedad-desmaterializada-marc-chalamanch\\\/#primaryimage\"},\"thumbnailUrl\":\"https:\\\/\\\/veredes.es\\\/blog\\\/wp-content\\\/uploads\\\/2015\\\/09\\\/Fotograf\u00eda-Marc-Chalamanch.jpg\",\"keywords\":[\"Armand Mattelart\",\"arquitectura industrial\",\"arquitectura informacional\",\"Cedric Price\",\"industria cultural\",\"informaci\u00f3n\",\"informacionalismo\",\"internet\",\"Manuel Castells\",\"Marc Chalamanch\",\"nueva tecnologia\",\"red\",\"red social\",\"smart citizens\",\"smart city\",\"sociedad\",\"sociedad red\",\"tecnolog\u00eda\",\"tiempo\",\"urbanismo\",\"William J. Mitchell\"],\"articleSection\":[\"art\u00edculos\",\"slider principal\"],\"inLanguage\":\"es\",\"potentialAction\":[{\"@type\":\"CommentAction\",\"name\":\"Comment\",\"target\":[\"https:\\\/\\\/veredes.es\\\/blog\\\/la-realidad-fisica-en-una-sociedad-desmaterializada-marc-chalamanch\\\/#respond\"]}]},{\"@type\":\"WebPage\",\"@id\":\"https:\\\/\\\/veredes.es\\\/blog\\\/la-realidad-fisica-en-una-sociedad-desmaterializada-marc-chalamanch\\\/\",\"url\":\"https:\\\/\\\/veredes.es\\\/blog\\\/la-realidad-fisica-en-una-sociedad-desmaterializada-marc-chalamanch\\\/\",\"name\":\"La realidad f\u00edsica en una sociedad desmaterializada | Marc Chalamanch\",\"isPartOf\":{\"@id\":\"https:\\\/\\\/veredes.es\\\/blog\\\/#website\"},\"primaryImageOfPage\":{\"@id\":\"https:\\\/\\\/veredes.es\\\/blog\\\/la-realidad-fisica-en-una-sociedad-desmaterializada-marc-chalamanch\\\/#primaryimage\"},\"image\":{\"@id\":\"https:\\\/\\\/veredes.es\\\/blog\\\/la-realidad-fisica-en-una-sociedad-desmaterializada-marc-chalamanch\\\/#primaryimage\"},\"thumbnailUrl\":\"https:\\\/\\\/veredes.es\\\/blog\\\/wp-content\\\/uploads\\\/2015\\\/09\\\/Fotograf\u00eda-Marc-Chalamanch.jpg\",\"datePublished\":\"2015-09-07T04:49:28+00:00\",\"dateModified\":\"2020-02-26T15:38:18+00:00\",\"description\":\"Toda la informaci\u00f3n sobre: La realidad f\u00edsica en una sociedad desmaterializada | Marc ChalamanchThe physical reality in a dematerialized company| Marc ChalamanchA realidade f\u00edsica nunha sociedade desmaterializada | Marc Chalamanch\",\"breadcrumb\":{\"@id\":\"https:\\\/\\\/veredes.es\\\/blog\\\/la-realidad-fisica-en-una-sociedad-desmaterializada-marc-chalamanch\\\/#breadcrumb\"},\"inLanguage\":\"es\",\"potentialAction\":[{\"@type\":\"ReadAction\",\"target\":[\"https:\\\/\\\/veredes.es\\\/blog\\\/la-realidad-fisica-en-una-sociedad-desmaterializada-marc-chalamanch\\\/\"]}]},{\"@type\":\"ImageObject\",\"inLanguage\":\"es\",\"@id\":\"https:\\\/\\\/veredes.es\\\/blog\\\/la-realidad-fisica-en-una-sociedad-desmaterializada-marc-chalamanch\\\/#primaryimage\",\"url\":\"https:\\\/\\\/veredes.es\\\/blog\\\/wp-content\\\/uploads\\\/2015\\\/09\\\/Fotograf\u00eda-Marc-Chalamanch.jpg\",\"contentUrl\":\"https:\\\/\\\/veredes.es\\\/blog\\\/wp-content\\\/uploads\\\/2015\\\/09\\\/Fotograf\u00eda-Marc-Chalamanch.jpg\",\"width\":625,\"height\":242,\"caption\":\"Fotograf\u00eda: Marc Chalamanch,\"},{\"@type\":\"BreadcrumbList\",\"@id\":\"https:\\\/\\\/veredes.es\\\/blog\\\/la-realidad-fisica-en-una-sociedad-desmaterializada-marc-chalamanch\\\/#breadcrumb\",\"itemListElement\":[{\"@type\":\"ListItem\",\"position\":1,\"name\":\"Portada\",\"item\":\"https:\\\/\\\/veredes.es\\\/blog\\\/\"},{\"@type\":\"ListItem\",\"position\":2,\"name\":\"La realidad f\u00edsica en una sociedad desmaterializada | Marc Chalamanch\"}]},{\"@type\":\"WebSite\",\"@id\":\"https:\\\/\\\/veredes.es\\\/blog\\\/#website\",\"url\":\"https:\\\/\\\/veredes.es\\\/blog\\\/\",\"name\":\"veredes, arquitectura y divulgaci\u00f3n\",\"description\":\"veredes\",\"publisher\":{\"@id\":\"https:\\\/\\\/veredes.es\\\/blog\\\/#organization\"},\"alternateName\":\"veredes\",\"potentialAction\":[{\"@type\":\"SearchAction\",\"target\":{\"@type\":\"EntryPoint\",\"urlTemplate\":\"https:\\\/\\\/veredes.es\\\/blog\\\/?s={search_term_string}\"},\"query-input\":{\"@type\":\"PropertyValueSpecification\",\"valueRequired\":true,\"valueName\":\"search_term_string\"}}],\"inLanguage\":\"es\"},{\"@type\":\"Organization\",\"@id\":\"https:\\\/\\\/veredes.es\\\/blog\\\/#organization\",\"name\":\"veredes, arquitectura y divulgaci\u00f3n\",\"alternateName\":\"veredes\",\"url\":\"https:\\\/\\\/veredes.es\\\/blog\\\/\",\"logo\":{\"@type\":\"ImageObject\",\"inLanguage\":\"es\",\"@id\":\"https:\\\/\\\/veredes.es\\\/blog\\\/#\\\/schema\\\/logo\\\/image\\\/\",\"url\":\"https:\\\/\\\/veredes.es\\\/blog\\\/wp-content\\\/uploads\\\/2021\\\/12\\\/veredes-logo-centrado_140x54.png\",\"contentUrl\":\"https:\\\/\\\/veredes.es\\\/blog\\\/wp-content\\\/uploads\\\/2021\\\/12\\\/veredes-logo-centrado_140x54.png\",\"width\":140,\"height\":54,\"caption\":\"veredes, arquitectura y divulgaci\u00f3n\"},\"image\":{\"@id\":\"https:\\\/\\\/veredes.es\\\/blog\\\/#\\\/schema\\\/logo\\\/image\\\/\"},\"sameAs\":[\"https:\\\/\\\/www.facebook.com\\\/veredesArquitecturayDivulgacion\\\/\",\"https:\\\/\\\/x.com\\\/veredes\",\"https:\\\/\\\/instagram.com\\\/veredes\\\/\",\"https:\\\/\\\/www.linkedin.com\\\/company\\\/veredes-arquitectura-y-divulgacion\\\/\",\"https:\\\/\\\/es.pinterest.com\\\/veredes\\\/\",\"https:\\\/\\\/www.tumblr.com\\\/veredes\"]},{\"@type\":\"Person\",\"@id\":\"https:\\\/\\\/veredes.es\\\/blog\\\/#\\\/schema\\\/person\\\/c0ab42f1692fafedfc6e3af213975d52\",\"name\":\"Marc Chalamanch\",\"image\":{\"@type\":\"ImageObject\",\"inLanguage\":\"es\",\"@id\":\"https:\\\/\\\/veredes.es\\\/blog\\\/wp-content\\\/uploads\\\/2018\\\/04\\\/Marc-Chalamanch-96x96.jpeg\",\"url\":\"https:\\\/\\\/veredes.es\\\/blog\\\/wp-content\\\/uploads\\\/2018\\\/04\\\/Marc-Chalamanch-96x96.jpeg\",\"contentUrl\":\"https:\\\/\\\/veredes.es\\\/blog\\\/wp-content\\\/uploads\\\/2018\\\/04\\\/Marc-Chalamanch-96x96.jpeg\",\"caption\":\"Marc Chalamanch\"},\"description\":\"Es co-fundador del estudio de arquitectura y urbanismo ARCHIKUBIK Arquitecto y Urbanista licenciado por la ETSA de Barcelona, Universitat Polit\u00e8cnica de Catalunya. M\u00e1ster universitario \u00abSociedad de la Informaci\u00f3n y el Conocimiento\u00bb en la UOC (Universidad Abierta de Catalunya). Su investigaci\u00f3n acad\u00e9mica, apoyada en su experiencia profesional, va dirigida al an\u00e1lisis de la transformaci\u00f3n de la ciudad con sus actores, problem\u00e1ticas y retos en la Sociedad Red.\",\"sameAs\":[\"http:\\\/\\\/www.chalamanch.com\\\/\",\"https:\\\/\\\/www.facebook.com\\\/chalamanch\",\"https:\\\/\\\/www.instagram.com\\\/chalamanch\\\/\",\"https:\\\/\\\/www.linkedin.com\\\/in\\\/marcchalamanch\\\/\",\"https:\\\/\\\/x.com\\\/https:\\\/\\\/twitter.com\\\/chalamanch\"],\"url\":\"https:\\\/\\\/veredes.es\\\/blog\\\/author\\\/marc-chalamanch\\\/\"}]}<\/script>\n<!-- \/ Yoast SEO plugin. -->","yoast_head_json":{"title":"La realidad f\u00edsica en una sociedad desmaterializada | Marc Chalamanch","description":"Toda la informaci\u00f3n sobre: La realidad f\u00edsica en una sociedad desmaterializada | Marc ChalamanchThe physical reality in a dematerialized company| Marc ChalamanchA realidade f\u00edsica nunha sociedade desmaterializada | Marc Chalamanch","robots":{"index":"index","follow":"follow","max-snippet":"max-snippet:-1","max-image-preview":"max-image-preview:large","max-video-preview":"max-video-preview:-1"},"canonical":"https:\/\/veredes.es\/blog\/la-realidad-fisica-en-una-sociedad-desmaterializada-marc-chalamanch\/","og_locale":"es_ES","og_type":"article","og_title":"La realidad f\u00edsica en una sociedad desmaterializada | Marc Chalamanch","og_description":"Toda la informaci\u00f3n sobre: La realidad f\u00edsica en una sociedad desmaterializada | Marc ChalamanchThe physical reality in a dematerialized company| Marc ChalamanchA realidade f\u00edsica nunha sociedade desmaterializada | Marc Chalamanch","og_url":"https:\/\/veredes.es\/blog\/la-realidad-fisica-en-una-sociedad-desmaterializada-marc-chalamanch\/","og_site_name":"veredes, arquitectura y divulgaci\u00f3n","article_publisher":"https:\/\/www.facebook.com\/veredesArquitecturayDivulgacion\/","article_author":"https:\/\/www.facebook.com\/chalamanch","article_published_time":"2015-09-07T04:49:28+00:00","article_modified_time":"2020-02-26T15:38:18+00:00","og_image":[{"width":625,"height":242,"url":"https:\/\/veredes.es\/blog\/wp-content\/uploads\/2015\/09\/Fotograf\u00eda-Marc-Chalamanch.jpg","type":"image\/jpeg"}],"author":"Marc Chalamanch","twitter_card":"summary_large_image","twitter_creator":"@https:\/\/twitter.com\/chalamanch","twitter_site":"@veredes","twitter_misc":{"Escrito por":"Marc Chalamanch","Tiempo de lectura":"23 minutos"},"schema":{"@context":"https:\/\/schema.org","@graph":[{"@type":"Article","@id":"https:\/\/veredes.es\/blog\/la-realidad-fisica-en-una-sociedad-desmaterializada-marc-chalamanch\/#article","isPartOf":{"@id":"https:\/\/veredes.es\/blog\/la-realidad-fisica-en-una-sociedad-desmaterializada-marc-chalamanch\/"},"author":{"name":"Marc Chalamanch","@id":"https:\/\/veredes.es\/blog\/#\/schema\/person\/c0ab42f1692fafedfc6e3af213975d52"},"headline":"La realidad f\u00edsica en una sociedad desmaterializada | Marc Chalamanch","datePublished":"2015-09-07T04:49:28+00:00","dateModified":"2020-02-26T15:38:18+00:00","mainEntityOfPage":{"@id":"https:\/\/veredes.es\/blog\/la-realidad-fisica-en-una-sociedad-desmaterializada-marc-chalamanch\/"},"wordCount":4670,"commentCount":0,"publisher":{"@id":"https:\/\/veredes.es\/blog\/#organization"},"image":{"@id":"https:\/\/veredes.es\/blog\/la-realidad-fisica-en-una-sociedad-desmaterializada-marc-chalamanch\/#primaryimage"},"thumbnailUrl":"https:\/\/veredes.es\/blog\/wp-content\/uploads\/2015\/09\/Fotograf\u00eda-Marc-Chalamanch.jpg","keywords":["Armand Mattelart","arquitectura industrial","arquitectura informacional","Cedric Price","industria cultural","informaci\u00f3n","informacionalismo","internet","Manuel Castells","Marc Chalamanch","nueva tecnologia","red","red social","smart citizens","smart city","sociedad","sociedad red","tecnolog\u00eda","tiempo","urbanismo","William J. Mitchell"],"articleSection":["art\u00edculos","slider principal"],"inLanguage":"es","potentialAction":[{"@type":"CommentAction","name":"Comment","target":["https:\/\/veredes.es\/blog\/la-realidad-fisica-en-una-sociedad-desmaterializada-marc-chalamanch\/#respond"]}]},{"@type":"WebPage","@id":"https:\/\/veredes.es\/blog\/la-realidad-fisica-en-una-sociedad-desmaterializada-marc-chalamanch\/","url":"https:\/\/veredes.es\/blog\/la-realidad-fisica-en-una-sociedad-desmaterializada-marc-chalamanch\/","name":"La realidad f\u00edsica en una sociedad desmaterializada | Marc Chalamanch","isPartOf":{"@id":"https:\/\/veredes.es\/blog\/#website"},"primaryImageOfPage":{"@id":"https:\/\/veredes.es\/blog\/la-realidad-fisica-en-una-sociedad-desmaterializada-marc-chalamanch\/#primaryimage"},"image":{"@id":"https:\/\/veredes.es\/blog\/la-realidad-fisica-en-una-sociedad-desmaterializada-marc-chalamanch\/#primaryimage"},"thumbnailUrl":"https:\/\/veredes.es\/blog\/wp-content\/uploads\/2015\/09\/Fotograf\u00eda-Marc-Chalamanch.jpg","datePublished":"2015-09-07T04:49:28+00:00","dateModified":"2020-02-26T15:38:18+00:00","description":"Toda la informaci\u00f3n sobre: La realidad f\u00edsica en una sociedad desmaterializada | Marc ChalamanchThe physical reality in a dematerialized company| Marc ChalamanchA realidade f\u00edsica nunha sociedade desmaterializada | Marc Chalamanch","breadcrumb":{"@id":"https:\/\/veredes.es\/blog\/la-realidad-fisica-en-una-sociedad-desmaterializada-marc-chalamanch\/#breadcrumb"},"inLanguage":"es","potentialAction":[{"@type":"ReadAction","target":["https:\/\/veredes.es\/blog\/la-realidad-fisica-en-una-sociedad-desmaterializada-marc-chalamanch\/"]}]},{"@type":"ImageObject","inLanguage":"es","@id":"https:\/\/veredes.es\/blog\/la-realidad-fisica-en-una-sociedad-desmaterializada-marc-chalamanch\/#primaryimage","url":"https:\/\/veredes.es\/blog\/wp-content\/uploads\/2015\/09\/Fotograf\u00eda-Marc-Chalamanch.jpg","contentUrl":"https:\/\/veredes.es\/blog\/wp-content\/uploads\/2015\/09\/Fotograf\u00eda-Marc-Chalamanch.jpg","width":625,"height":242,"caption":"Fotograf\u00eda: Marc Chalamanch,"},{"@type":"BreadcrumbList","@id":"https:\/\/veredes.es\/blog\/la-realidad-fisica-en-una-sociedad-desmaterializada-marc-chalamanch\/#breadcrumb","itemListElement":[{"@type":"ListItem","position":1,"name":"Portada","item":"https:\/\/veredes.es\/blog\/"},{"@type":"ListItem","position":2,"name":"La realidad f\u00edsica en una sociedad desmaterializada | Marc Chalamanch"}]},{"@type":"WebSite","@id":"https:\/\/veredes.es\/blog\/#website","url":"https:\/\/veredes.es\/blog\/","name":"veredes, arquitectura y divulgaci\u00f3n","description":"veredes","publisher":{"@id":"https:\/\/veredes.es\/blog\/#organization"},"alternateName":"veredes","potentialAction":[{"@type":"SearchAction","target":{"@type":"EntryPoint","urlTemplate":"https:\/\/veredes.es\/blog\/?s={search_term_string}"},"query-input":{"@type":"PropertyValueSpecification","valueRequired":true,"valueName":"search_term_string"}}],"inLanguage":"es"},{"@type":"Organization","@id":"https:\/\/veredes.es\/blog\/#organization","name":"veredes, arquitectura y divulgaci\u00f3n","alternateName":"veredes","url":"https:\/\/veredes.es\/blog\/","logo":{"@type":"ImageObject","inLanguage":"es","@id":"https:\/\/veredes.es\/blog\/#\/schema\/logo\/image\/","url":"https:\/\/veredes.es\/blog\/wp-content\/uploads\/2021\/12\/veredes-logo-centrado_140x54.png","contentUrl":"https:\/\/veredes.es\/blog\/wp-content\/uploads\/2021\/12\/veredes-logo-centrado_140x54.png","width":140,"height":54,"caption":"veredes, arquitectura y divulgaci\u00f3n"},"image":{"@id":"https:\/\/veredes.es\/blog\/#\/schema\/logo\/image\/"},"sameAs":["https:\/\/www.facebook.com\/veredesArquitecturayDivulgacion\/","https:\/\/x.com\/veredes","https:\/\/instagram.com\/veredes\/","https:\/\/www.linkedin.com\/company\/veredes-arquitectura-y-divulgacion\/","https:\/\/es.pinterest.com\/veredes\/","https:\/\/www.tumblr.com\/veredes"]},{"@type":"Person","@id":"https:\/\/veredes.es\/blog\/#\/schema\/person\/c0ab42f1692fafedfc6e3af213975d52","name":"Marc Chalamanch","image":{"@type":"ImageObject","inLanguage":"es","@id":"https:\/\/veredes.es\/blog\/wp-content\/uploads\/2018\/04\/Marc-Chalamanch-96x96.jpeg","url":"https:\/\/veredes.es\/blog\/wp-content\/uploads\/2018\/04\/Marc-Chalamanch-96x96.jpeg","contentUrl":"https:\/\/veredes.es\/blog\/wp-content\/uploads\/2018\/04\/Marc-Chalamanch-96x96.jpeg","caption":"Marc Chalamanch"},"description":"Es co-fundador del estudio de arquitectura y urbanismo ARCHIKUBIK Arquitecto y Urbanista licenciado por la ETSA de Barcelona, Universitat Polit\u00e8cnica de Catalunya. M\u00e1ster universitario \u00abSociedad de la Informaci\u00f3n y el Conocimiento\u00bb en la UOC (Universidad Abierta de Catalunya). Su investigaci\u00f3n acad\u00e9mica, apoyada en su experiencia profesional, va dirigida al an\u00e1lisis de la transformaci\u00f3n de la ciudad con sus actores, problem\u00e1ticas y retos en la Sociedad Red.","sameAs":["http:\/\/www.chalamanch.com\/","https:\/\/www.facebook.com\/chalamanch","https:\/\/www.instagram.com\/chalamanch\/","https:\/\/www.linkedin.com\/in\/marcchalamanch\/","https:\/\/x.com\/https:\/\/twitter.com\/chalamanch"],"url":"https:\/\/veredes.es\/blog\/author\/marc-chalamanch\/"}]}},"_links":{"self":[{"href":"https:\/\/veredes.es\/blog\/wp-json\/wp\/v2\/posts\/56114","targetHints":{"allow":["GET"]}}],"collection":[{"href":"https:\/\/veredes.es\/blog\/wp-json\/wp\/v2\/posts"}],"about":[{"href":"https:\/\/veredes.es\/blog\/wp-json\/wp\/v2\/types\/post"}],"author":[{"embeddable":true,"href":"https:\/\/veredes.es\/blog\/wp-json\/wp\/v2\/users\/58"}],"replies":[{"embeddable":true,"href":"https:\/\/veredes.es\/blog\/wp-json\/wp\/v2\/comments?post=56114"}],"version-history":[{"count":0,"href":"https:\/\/veredes.es\/blog\/wp-json\/wp\/v2\/posts\/56114\/revisions"}],"wp:featuredmedia":[{"embeddable":true,"href":"https:\/\/veredes.es\/blog\/wp-json\/wp\/v2\/media\/56117"}],"wp:attachment":[{"href":"https:\/\/veredes.es\/blog\/wp-json\/wp\/v2\/media?parent=56114"}],"wp:term":[{"taxonomy":"category","embeddable":true,"href":"https:\/\/veredes.es\/blog\/wp-json\/wp\/v2\/categories?post=56114"},{"taxonomy":"post_tag","embeddable":true,"href":"https:\/\/veredes.es\/blog\/wp-json\/wp\/v2\/tags?post=56114"}],"curies":[{"name":"wp","href":"https:\/\/api.w.org\/{rel}","templated":true}]}}