{"id":56101,"date":"2015-09-04T06:48:51","date_gmt":"2015-09-04T04:48:51","guid":{"rendered":"http:\/\/veredes.es\/blog\/?p=56101"},"modified":"2026-01-26T12:42:12","modified_gmt":"2026-01-26T11:42:12","slug":"transmutacion-abstracta-de-gianfranco-spada-angel-gonzalez-garcia","status":"publish","type":"post","link":"https:\/\/veredes.es\/blog\/transmutacion-abstracta-de-gianfranco-spada-angel-gonzalez-garcia\/","title":{"rendered":"Transmutaci\u00f3n abstracta de Gianfranco Spada | \u00c1ngel Gonz\u00e1lez Garc\u00eda"},"content":{"rendered":"<p><figure id=\"attachment_56104\" aria-describedby=\"caption-attachment-56104\" style=\"width: 750px\" class=\"wp-caption alignnone\"><a href=\"http:\/\/veredes.es\/blog\/wp-content\/uploads\/2015\/09\/IMAGEN-SIGNIFATIVA-ArquiLecturas02.jpg\"><img loading=\"lazy\" decoding=\"async\" class=\"wp-image-56104\" title=\"Transmutaci\u00f3n abstracta de Gianfranco Spada\" src=\"http:\/\/veredes.es\/blog\/wp-content\/uploads\/2015\/09\/IMAGEN-SIGNIFATIVA-ArquiLecturas02.jpg\" alt=\"IMAGEN-SIGNIFATIVA---ArquiLecturas02\" width=\"750\" height=\"750\" srcset=\"https:\/\/veredes.es\/blog\/wp-content\/uploads\/2015\/09\/IMAGEN-SIGNIFATIVA-ArquiLecturas02.jpg 625w, https:\/\/veredes.es\/blog\/wp-content\/uploads\/2015\/09\/IMAGEN-SIGNIFATIVA-ArquiLecturas02-150x150.jpg 150w, https:\/\/veredes.es\/blog\/wp-content\/uploads\/2015\/09\/IMAGEN-SIGNIFATIVA-ArquiLecturas02-300x300.jpg 300w, https:\/\/veredes.es\/blog\/wp-content\/uploads\/2015\/09\/IMAGEN-SIGNIFATIVA-ArquiLecturas02-120x120.jpg 120w\" sizes=\"auto, (max-width: 750px) 100vw, 750px\" \/><\/a><figcaption id=\"caption-attachment-56104\" class=\"wp-caption-text\"><span style=\"color: #999999;\">Transmutaci\u00f3n abstracta de Gianfranco Spada<\/span><\/figcaption><\/figure><\/p>\n<p style=\"text-align: justify;\">La arquitectura contempor\u00e1nea se ha inspirado muchas veces en las diferentes formas y expresiones del arte moderno, aunque lo ha hecho con mayor frecuencia en el arte abstracto. Muchos de los edificios emblem\u00e1ticos de la arquitectura moderna, que todo arquitecto tiene en su imaginario arquitect\u00f3nico, pueden relacionarse directamente con obras de artes o movimientos art\u00edsticos.<\/p>\n<p style=\"text-align: justify;\">Estas arquitecturas, fruto de un proceso de depuraci\u00f3n y de transposici\u00f3n, son como ideas art\u00edsticas trasladadas y materializadas en el mundo real, donde por fin ganan esa dimensi\u00f3n f\u00edsica en la que se desarrolla la vida humana y que solo la arquitectura entre las artes puede ofrecer.<\/p>\n<figure id=\"attachment_56106\" aria-describedby=\"caption-attachment-56106\" style=\"width: 800px\" class=\"wp-caption alignnone\"><img loading=\"lazy\" decoding=\"async\" class=\"wp-image-56106 size-full\" title=\"Transmutaci\u00f3n abstracta de Gianfranco Spada\" src=\"https:\/\/veredes.es\/blog\/wp-content\/uploads\/2015\/09\/Arquilecturas03.jpg\" alt=\"Transmutaci\u00f3n abstracta de Gianfranco Spada\" width=\"800\" height=\"800\" srcset=\"https:\/\/veredes.es\/blog\/wp-content\/uploads\/2015\/09\/Arquilecturas03.jpg 800w, https:\/\/veredes.es\/blog\/wp-content\/uploads\/2015\/09\/Arquilecturas03-150x150.jpg 150w, https:\/\/veredes.es\/blog\/wp-content\/uploads\/2015\/09\/Arquilecturas03-300x300.jpg 300w, https:\/\/veredes.es\/blog\/wp-content\/uploads\/2015\/09\/Arquilecturas03-120x120.jpg 120w\" sizes=\"auto, (max-width: 800px) 100vw, 800px\" \/><figcaption id=\"caption-attachment-56106\" class=\"wp-caption-text\">Transmutaci\u00f3n abstracta de Gianfranco Spada<\/figcaption><\/figure>\n<p style=\"text-align: justify;\">Con estos edificios, el arte abstracto, una forma de interpretar y sintetizar la realidad, vuelve a materializarse en esta realidad y es como si una idea, despu\u00e9s de haber pasado por un proceso de transmutaci\u00f3n, volviera a su estado original. La obra de <a href=\"http:\/\/www.gianfrancospada.com\/biografia\/\" target=\"_blank\" rel=\"noopener\">Spada<\/a> constituye una fase ulterior en este cambiar de estado, una nueva transmutaci\u00f3n que vuelve a colocar estos edificios en el mundo abstracto de la pintura bidimensional sobre lienzo. Este pasar de un estado a otro va depurando las formas, eliminando lo superfluo y haciendo aflorar lo esencial \u2013mediante la supresi\u00f3n de las sombras proyectadas y de elementos superfluos, por ejemplo\u2013, y en esto consiste realmente la fuerza de estas pinturas.<\/p>\n<figure id=\"attachment_56107\" aria-describedby=\"caption-attachment-56107\" style=\"width: 900px\" class=\"wp-caption alignnone\"><img loading=\"lazy\" decoding=\"async\" class=\"size-full wp-image-56107\" src=\"https:\/\/veredes.es\/blog\/wp-content\/uploads\/2015\/09\/ArquiLecturas07.jpg\" alt=\"Transmutaci\u00f3n abstracta de Gianfranco Spada\" width=\"900\" height=\"900\" srcset=\"https:\/\/veredes.es\/blog\/wp-content\/uploads\/2015\/09\/ArquiLecturas07.jpg 900w, https:\/\/veredes.es\/blog\/wp-content\/uploads\/2015\/09\/ArquiLecturas07-150x150.jpg 150w, https:\/\/veredes.es\/blog\/wp-content\/uploads\/2015\/09\/ArquiLecturas07-300x300.jpg 300w, https:\/\/veredes.es\/blog\/wp-content\/uploads\/2015\/09\/ArquiLecturas07-120x120.jpg 120w\" sizes=\"auto, (max-width: 900px) 100vw, 900px\" \/><figcaption id=\"caption-attachment-56107\" class=\"wp-caption-text\"><\/span> <span style=\"color: #999999;\">Transmutaci\u00f3n abstracta de Gianfranco Spada<\/span><\/figcaption><\/figure>\n<p style=\"text-align: justify;\">La obra pict\u00f3rica de Spada se enmarca, por lo tanto, en la tradici\u00f3n del abstractismo geom\u00e9trico de principios del siglo XX surgido como respuesta al excesivo subjetivismo de los artistas pl\u00e1sticos de \u00e9pocas anteriores y que quiere distanciarse de la mayor\u00eda de los movimientos que tratan de representar una realidad tridimensional puramente emocional. Partiendo del discurso cr\u00edtico de artistas abstractos precursores como Picasso, Mal\u00e9vich o Mondrian, y del\u00a0<em>purismo<\/em>\u00a0de Le Corbusier o Ozenfant, Spada da un paso m\u00e1s all\u00e1 y crea lo que puede definirse \u00a0como \u201cneopurismo\u201d.<\/p>\n<figure id=\"attachment_56108\" aria-describedby=\"caption-attachment-56108\" style=\"width: 800px\" class=\"wp-caption alignnone\"><img loading=\"lazy\" decoding=\"async\" class=\"size-full wp-image-56108\" src=\"https:\/\/veredes.es\/blog\/wp-content\/uploads\/2015\/09\/ArquiLecturas10.jpg\" alt=\"Transmutaci\u00f3n abstracta de Gianfranco Spada\" width=\"800\" height=\"800\" srcset=\"https:\/\/veredes.es\/blog\/wp-content\/uploads\/2015\/09\/ArquiLecturas10.jpg 800w, https:\/\/veredes.es\/blog\/wp-content\/uploads\/2015\/09\/ArquiLecturas10-150x150.jpg 150w, https:\/\/veredes.es\/blog\/wp-content\/uploads\/2015\/09\/ArquiLecturas10-300x300.jpg 300w, https:\/\/veredes.es\/blog\/wp-content\/uploads\/2015\/09\/ArquiLecturas10-120x120.jpg 120w\" sizes=\"auto, (max-width: 800px) 100vw, 800px\" \/><figcaption id=\"caption-attachment-56108\" class=\"wp-caption-text\"><span style=\"color: #999999;\">Transmutaci\u00f3n abstracta de Gianfranco Spada<\/span><\/figcaption><\/figure>\n<p style=\"text-align: justify;\">Su deseo de desaparecer como autor le lleva a utilizar colores planos que aplica de manera que pueden parecer realizados con procesos mec\u00e1nicos: las l\u00edneas rectas y netas, que se dir\u00edan trazadas por ordenador, el formato cuadrado de los lienzos \u2013ni apaisados ni verticales\u2013, la meticulosidad sin virtuosismo, no dejan lugar a la subjetividad del artista que, por no \u201caparecer\u201d, ni siquiera firma sus telas de manera convencional, limit\u00e1ndose a estampar en el reverso un cu\u00f1o casi notarial con unos cuantos datos informativos.<\/p>\n<figure id=\"attachment_56109\" aria-describedby=\"caption-attachment-56109\" style=\"width: 800px\" class=\"wp-caption alignnone\"><img loading=\"lazy\" decoding=\"async\" class=\"size-full wp-image-56109\" src=\"https:\/\/veredes.es\/blog\/wp-content\/uploads\/2015\/09\/ArquiLecturas12.jpg\" alt=\"Transmutaci\u00f3n abstracta de Gianfranco Spada\" width=\"800\" height=\"800\" srcset=\"https:\/\/veredes.es\/blog\/wp-content\/uploads\/2015\/09\/ArquiLecturas12.jpg 800w, https:\/\/veredes.es\/blog\/wp-content\/uploads\/2015\/09\/ArquiLecturas12-150x150.jpg 150w, https:\/\/veredes.es\/blog\/wp-content\/uploads\/2015\/09\/ArquiLecturas12-300x300.jpg 300w, https:\/\/veredes.es\/blog\/wp-content\/uploads\/2015\/09\/ArquiLecturas12-120x120.jpg 120w\" sizes=\"auto, (max-width: 800px) 100vw, 800px\" \/><figcaption id=\"caption-attachment-56109\" class=\"wp-caption-text\"><span style=\"color: #999999;\">Transmutaci\u00f3n abstracta de Gianfranco Spada<\/span><\/figcaption><\/figure>\n<p style=\"text-align: justify;\">La obra pict\u00f3rica de Spada no se presta, pues, a ser analizada seg\u00fan par\u00e1metros art\u00edsticos convencionales y en esto reside una de sus caracter\u00edsticas principales. Su t\u00e9cnica, por ejemplo, desde\u00f1a cualquier academicismo, y es, como \u00e9l mismo la define, m\u00e1s bien la de un pintor de \u201cbrocha gorda\u201d que cualquiera puede emplear con un poco de sentido pr\u00e1ctico.<\/p>\n<figure id=\"attachment_56110\" aria-describedby=\"caption-attachment-56110\" style=\"width: 800px\" class=\"wp-caption alignnone\"><img loading=\"lazy\" decoding=\"async\" class=\"size-full wp-image-56110\" src=\"https:\/\/veredes.es\/blog\/wp-content\/uploads\/2015\/09\/ArquiLecturas18.jpg\" alt=\"Transmutaci\u00f3n abstracta de Gianfranco Spada\" width=\"800\" height=\"800\" srcset=\"https:\/\/veredes.es\/blog\/wp-content\/uploads\/2015\/09\/ArquiLecturas18.jpg 800w, https:\/\/veredes.es\/blog\/wp-content\/uploads\/2015\/09\/ArquiLecturas18-150x150.jpg 150w, https:\/\/veredes.es\/blog\/wp-content\/uploads\/2015\/09\/ArquiLecturas18-300x300.jpg 300w, https:\/\/veredes.es\/blog\/wp-content\/uploads\/2015\/09\/ArquiLecturas18-120x120.jpg 120w\" sizes=\"auto, (max-width: 800px) 100vw, 800px\" \/><figcaption id=\"caption-attachment-56110\" class=\"wp-caption-text\"><span style=\"color: #999999;\">Transmutaci\u00f3n abstracta de Gianfranco Spada<\/span><\/figcaption><\/figure>\n<p style=\"text-align: justify;\">Tanto a nivel compositivo como tem\u00e1tico, toma prestadas obras conocidas, la mayor\u00eda de arquitectos de renombre, como Aldo Rossi, Alvaro Siza o Luis Barrag\u00e1n, para que el espectador, cuya memoria visual puede reconocerlas f\u00e1cilmente, se vea inducido, enga\u00f1osamente, a percibir algo m\u00e1s que las simples manchas abstractas de colores planos y sin textura que el pintor ha representado en realidad.<\/p>\n<figure id=\"attachment_56111\" aria-describedby=\"caption-attachment-56111\" style=\"width: 800px\" class=\"wp-caption alignnone\"><img loading=\"lazy\" decoding=\"async\" class=\"wp-image-56111 size-full\" title=\"Transmutaci\u00f3n abstracta de Gianfranco Spada\" src=\"https:\/\/veredes.es\/blog\/wp-content\/uploads\/2015\/09\/ArquiLecturas22.jpg\" alt=\"Transmutaci\u00f3n abstracta de Gianfranco Spada\" width=\"800\" height=\"800\" srcset=\"https:\/\/veredes.es\/blog\/wp-content\/uploads\/2015\/09\/ArquiLecturas22.jpg 800w, https:\/\/veredes.es\/blog\/wp-content\/uploads\/2015\/09\/ArquiLecturas22-150x150.jpg 150w, https:\/\/veredes.es\/blog\/wp-content\/uploads\/2015\/09\/ArquiLecturas22-300x300.jpg 300w, https:\/\/veredes.es\/blog\/wp-content\/uploads\/2015\/09\/ArquiLecturas22-120x120.jpg 120w\" sizes=\"auto, (max-width: 800px) 100vw, 800px\" \/><figcaption id=\"caption-attachment-56111\" class=\"wp-caption-text\"><span style=\"color: #999999;\">Transmutaci\u00f3n abstracta de Gianfranco Spada<\/span><\/figcaption><\/figure>\n<p style=\"text-align: justify;\">\u00c1ngel Gonz\u00e1lez Garc\u00eda<br \/>\nValencia, julio 2015<\/p>\n<p><\/p>","protected":false},"excerpt":{"rendered":"<p>La arquitectura contempor\u00e1nea se ha inspirado muchas veces en las diferentes formas y expresiones del arte moderno, aunque lo ha hecho con mayor frecuencia en el arte abstracto. Muchos de los edificios emblem\u00e1ticos de la arquitectura moderna, que todo arquitecto tiene en su imaginario arquitect\u00f3nico, pueden relacionarse directamente con obras de artes o movimientos art\u00edsticos. [&hellip;]<\/p>\n","protected":false},"author":2,"featured_media":56104,"comment_status":"open","ping_status":"closed","sticky":false,"template":"","format":"standard","meta":{"footnotes":""},"categories":[33,36,3,5951],"tags":[3850,103,8415,12088,6657,147,12449,393,12089,7010,785,3533,8181,4390,12466,6194,4444],"class_list":{"0":"post-56101","1":"post","2":"type-post","3":"status-publish","4":"format-standard","5":"has-post-thumbnail","7":"category-arquitectos","8":"category-arte-blog","9":"category-capturas","10":"category-slider-principal","11":"tag-aldo-rossi","12":"tag-alvaro-siza-vieira","13":"tag-amedee-ozenfant","14":"tag-angel-gonzalez-garcia","15":"tag-arquitectura-italiana","16":"tag-arquitectura-moderna","17":"tag-arte","18":"tag-critica","19":"tag-gianfranco-spada","20":"tag-kazimir-malevich","21":"tag-le-corbusier","22":"tag-luis-barragan","23":"tag-pablo-picasso","24":"tag-piet-mondrian","25":"tag-pintura","26":"tag-purismo","27":"tag-s-xx"},"yoast_head":"<!-- This site is optimized with the Yoast SEO plugin v27.5 - https:\/\/yoast.com\/product\/yoast-seo-wordpress\/ -->\n<title>Transmutaci\u00f3n abstracta de Gianfranco Spada | \u00c1ngel Gonz\u00e1lez Garc\u00eda<\/title>\n<meta name=\"description\" content=\"Toda la informaci\u00f3n sobre: [:es]Transmutaci\u00f3n abstracta de Gianfranco Spada | \u00c1ngel Gonz\u00e1lez Garc\u00eda[:en]Abstract transmutation of Gianfranco Spada | \u00c1ngel Gonzalez Garc\u00eda [:gl]Transmutaci\u00f3n abstracta de Gianfranco Spada | \u00c1ngel Gonzalez Garc\u00eda[:]\" \/>\n<meta name=\"robots\" content=\"index, follow, max-snippet:-1, max-image-preview:large, max-video-preview:-1\" \/>\n<link rel=\"canonical\" href=\"https:\/\/veredes.es\/blog\/transmutacion-abstracta-de-gianfranco-spada-angel-gonzalez-garcia\/\" \/>\n<meta property=\"og:locale\" content=\"es_ES\" \/>\n<meta property=\"og:type\" content=\"article\" \/>\n<meta property=\"og:title\" content=\"Transmutaci\u00f3n abstracta de Gianfranco Spada | \u00c1ngel Gonz\u00e1lez Garc\u00eda\" \/>\n<meta property=\"og:description\" content=\"Toda la informaci\u00f3n sobre: [:es]Transmutaci\u00f3n abstracta de Gianfranco Spada | \u00c1ngel Gonz\u00e1lez Garc\u00eda[:en]Abstract transmutation of Gianfranco Spada | \u00c1ngel Gonzalez Garc\u00eda [:gl]Transmutaci\u00f3n abstracta de Gianfranco Spada | \u00c1ngel Gonzalez Garc\u00eda[:]\" \/>\n<meta property=\"og:url\" content=\"https:\/\/veredes.es\/blog\/transmutacion-abstracta-de-gianfranco-spada-angel-gonzalez-garcia\/\" \/>\n<meta property=\"og:site_name\" content=\"veredes, arquitectura y divulgaci\u00f3n\" \/>\n<meta property=\"article:publisher\" content=\"https:\/\/www.facebook.com\/veredesArquitecturayDivulgacion\/\" \/>\n<meta property=\"article:author\" content=\"https:\/\/www.facebook.com\/veredesArquitecturayDivulgacion\/\" \/>\n<meta property=\"article:published_time\" content=\"2015-09-04T04:48:51+00:00\" \/>\n<meta property=\"article:modified_time\" content=\"2026-01-26T11:42:12+00:00\" \/>\n<meta property=\"og:image\" content=\"https:\/\/veredes.es\/blog\/wp-content\/uploads\/2015\/09\/IMAGEN-SIGNIFATIVA-ArquiLecturas02.jpg\" \/>\n\t<meta property=\"og:image:width\" content=\"625\" \/>\n\t<meta property=\"og:image:height\" content=\"625\" \/>\n\t<meta property=\"og:image:type\" content=\"image\/jpeg\" \/>\n<meta name=\"author\" content=\"veredes\" \/>\n<meta name=\"twitter:card\" content=\"summary_large_image\" \/>\n<meta name=\"twitter:creator\" content=\"@https:\/\/twitter.com\/veredes\" \/>\n<meta name=\"twitter:site\" content=\"@veredes\" \/>\n<meta name=\"twitter:label1\" content=\"Escrito por\" \/>\n\t<meta name=\"twitter:data1\" content=\"veredes\" \/>\n\t<meta name=\"twitter:label2\" content=\"Tiempo de lectura\" \/>\n\t<meta name=\"twitter:data2\" content=\"5 minutos\" \/>\n<script type=\"application\/ld+json\" class=\"yoast-schema-graph\">{\"@context\":\"https:\\\/\\\/schema.org\",\"@graph\":[{\"@type\":\"Article\",\"@id\":\"https:\\\/\\\/veredes.es\\\/blog\\\/transmutacion-abstracta-de-gianfranco-spada-angel-gonzalez-garcia\\\/#article\",\"isPartOf\":{\"@id\":\"https:\\\/\\\/veredes.es\\\/blog\\\/transmutacion-abstracta-de-gianfranco-spada-angel-gonzalez-garcia\\\/\"},\"author\":{\"name\":\"veredes\",\"@id\":\"https:\\\/\\\/veredes.es\\\/blog\\\/#\\\/schema\\\/person\\\/0bbb669073ef7faba5168a0844e93d2c\"},\"headline\":\"Transmutaci\u00f3n abstracta de Gianfranco Spada | \u00c1ngel Gonz\u00e1lez Garc\u00eda\",\"datePublished\":\"2015-09-04T04:48:51+00:00\",\"dateModified\":\"2026-01-26T11:42:12+00:00\",\"mainEntityOfPage\":{\"@id\":\"https:\\\/\\\/veredes.es\\\/blog\\\/transmutacion-abstracta-de-gianfranco-spada-angel-gonzalez-garcia\\\/\"},\"wordCount\":1708,\"commentCount\":0,\"publisher\":{\"@id\":\"https:\\\/\\\/veredes.es\\\/blog\\\/#organization\"},\"image\":{\"@id\":\"https:\\\/\\\/veredes.es\\\/blog\\\/transmutacion-abstracta-de-gianfranco-spada-angel-gonzalez-garcia\\\/#primaryimage\"},\"thumbnailUrl\":\"https:\\\/\\\/veredes.es\\\/blog\\\/wp-content\\\/uploads\\\/2015\\\/09\\\/IMAGEN-SIGNIFATIVA-ArquiLecturas02.jpg\",\"keywords\":[\"Aldo Rossi\",\"\u00c1lvaro Siza Vieira\",\"Am\u00e9d\u00e9e Ozenfant\",\"\u00c1ngel Gonz\u00e1lez Garc\u00eda\",\"arquitectura italiana\",\"arquitectura moderna\",\"arte\",\"cr\u00edtica\",\"gianfranco spada\",\"Kazimir Mal\u00e9vich\",\"Le Corbusier\",\"Luis Barrag\u00e1n\",\"Pablo Picasso\",\"Piet Mondrian\",\"pintura\",\"purismo\",\"s. xx\"],\"articleSection\":[\"arquitectos\",\"arte\",\"capturas\",\"slider principal\"],\"inLanguage\":\"es\",\"potentialAction\":[{\"@type\":\"CommentAction\",\"name\":\"Comment\",\"target\":[\"https:\\\/\\\/veredes.es\\\/blog\\\/transmutacion-abstracta-de-gianfranco-spada-angel-gonzalez-garcia\\\/#respond\"]}]},{\"@type\":\"WebPage\",\"@id\":\"https:\\\/\\\/veredes.es\\\/blog\\\/transmutacion-abstracta-de-gianfranco-spada-angel-gonzalez-garcia\\\/\",\"url\":\"https:\\\/\\\/veredes.es\\\/blog\\\/transmutacion-abstracta-de-gianfranco-spada-angel-gonzalez-garcia\\\/\",\"name\":\"Transmutaci\u00f3n abstracta de Gianfranco Spada | \u00c1ngel Gonz\u00e1lez Garc\u00eda\",\"isPartOf\":{\"@id\":\"https:\\\/\\\/veredes.es\\\/blog\\\/#website\"},\"primaryImageOfPage\":{\"@id\":\"https:\\\/\\\/veredes.es\\\/blog\\\/transmutacion-abstracta-de-gianfranco-spada-angel-gonzalez-garcia\\\/#primaryimage\"},\"image\":{\"@id\":\"https:\\\/\\\/veredes.es\\\/blog\\\/transmutacion-abstracta-de-gianfranco-spada-angel-gonzalez-garcia\\\/#primaryimage\"},\"thumbnailUrl\":\"https:\\\/\\\/veredes.es\\\/blog\\\/wp-content\\\/uploads\\\/2015\\\/09\\\/IMAGEN-SIGNIFATIVA-ArquiLecturas02.jpg\",\"datePublished\":\"2015-09-04T04:48:51+00:00\",\"dateModified\":\"2026-01-26T11:42:12+00:00\",\"description\":\"Toda la informaci\u00f3n sobre: [:es]Transmutaci\u00f3n abstracta de Gianfranco Spada | \u00c1ngel Gonz\u00e1lez Garc\u00eda[:en]Abstract transmutation of Gianfranco Spada | \u00c1ngel Gonzalez Garc\u00eda [:gl]Transmutaci\u00f3n abstracta de Gianfranco Spada | \u00c1ngel Gonzalez Garc\u00eda[:]\",\"breadcrumb\":{\"@id\":\"https:\\\/\\\/veredes.es\\\/blog\\\/transmutacion-abstracta-de-gianfranco-spada-angel-gonzalez-garcia\\\/#breadcrumb\"},\"inLanguage\":\"es\",\"potentialAction\":[{\"@type\":\"ReadAction\",\"target\":[\"https:\\\/\\\/veredes.es\\\/blog\\\/transmutacion-abstracta-de-gianfranco-spada-angel-gonzalez-garcia\\\/\"]}]},{\"@type\":\"ImageObject\",\"inLanguage\":\"es\",\"@id\":\"https:\\\/\\\/veredes.es\\\/blog\\\/transmutacion-abstracta-de-gianfranco-spada-angel-gonzalez-garcia\\\/#primaryimage\",\"url\":\"https:\\\/\\\/veredes.es\\\/blog\\\/wp-content\\\/uploads\\\/2015\\\/09\\\/IMAGEN-SIGNIFATIVA-ArquiLecturas02.jpg\",\"contentUrl\":\"https:\\\/\\\/veredes.es\\\/blog\\\/wp-content\\\/uploads\\\/2015\\\/09\\\/IMAGEN-SIGNIFATIVA-ArquiLecturas02.jpg\",\"width\":625,\"height\":625},{\"@type\":\"BreadcrumbList\",\"@id\":\"https:\\\/\\\/veredes.es\\\/blog\\\/transmutacion-abstracta-de-gianfranco-spada-angel-gonzalez-garcia\\\/#breadcrumb\",\"itemListElement\":[{\"@type\":\"ListItem\",\"position\":1,\"name\":\"Portada\",\"item\":\"https:\\\/\\\/veredes.es\\\/blog\\\/\"},{\"@type\":\"ListItem\",\"position\":2,\"name\":\"Transmutaci\u00f3n abstracta de Gianfranco Spada | \u00c1ngel Gonz\u00e1lez Garc\u00eda\"}]},{\"@type\":\"WebSite\",\"@id\":\"https:\\\/\\\/veredes.es\\\/blog\\\/#website\",\"url\":\"https:\\\/\\\/veredes.es\\\/blog\\\/\",\"name\":\"veredes, arquitectura y divulgaci\u00f3n\",\"description\":\"veredes\",\"publisher\":{\"@id\":\"https:\\\/\\\/veredes.es\\\/blog\\\/#organization\"},\"alternateName\":\"veredes\",\"potentialAction\":[{\"@type\":\"SearchAction\",\"target\":{\"@type\":\"EntryPoint\",\"urlTemplate\":\"https:\\\/\\\/veredes.es\\\/blog\\\/?s={search_term_string}\"},\"query-input\":{\"@type\":\"PropertyValueSpecification\",\"valueRequired\":true,\"valueName\":\"search_term_string\"}}],\"inLanguage\":\"es\"},{\"@type\":\"Organization\",\"@id\":\"https:\\\/\\\/veredes.es\\\/blog\\\/#organization\",\"name\":\"veredes, arquitectura y divulgaci\u00f3n\",\"alternateName\":\"veredes\",\"url\":\"https:\\\/\\\/veredes.es\\\/blog\\\/\",\"logo\":{\"@type\":\"ImageObject\",\"inLanguage\":\"es\",\"@id\":\"https:\\\/\\\/veredes.es\\\/blog\\\/#\\\/schema\\\/logo\\\/image\\\/\",\"url\":\"https:\\\/\\\/veredes.es\\\/blog\\\/wp-content\\\/uploads\\\/2021\\\/12\\\/veredes-logo-centrado_140x54.png\",\"contentUrl\":\"https:\\\/\\\/veredes.es\\\/blog\\\/wp-content\\\/uploads\\\/2021\\\/12\\\/veredes-logo-centrado_140x54.png\",\"width\":140,\"height\":54,\"caption\":\"veredes, arquitectura y divulgaci\u00f3n\"},\"image\":{\"@id\":\"https:\\\/\\\/veredes.es\\\/blog\\\/#\\\/schema\\\/logo\\\/image\\\/\"},\"sameAs\":[\"https:\\\/\\\/www.facebook.com\\\/veredesArquitecturayDivulgacion\\\/\",\"https:\\\/\\\/x.com\\\/veredes\",\"https:\\\/\\\/instagram.com\\\/veredes\\\/\",\"https:\\\/\\\/www.linkedin.com\\\/company\\\/veredes-arquitectura-y-divulgacion\\\/\",\"https:\\\/\\\/es.pinterest.com\\\/veredes\\\/\",\"https:\\\/\\\/www.tumblr.com\\\/veredes\"]},{\"@type\":\"Person\",\"@id\":\"https:\\\/\\\/veredes.es\\\/blog\\\/#\\\/schema\\\/person\\\/0bbb669073ef7faba5168a0844e93d2c\",\"name\":\"veredes\",\"image\":{\"@type\":\"ImageObject\",\"inLanguage\":\"es\",\"@id\":\"https:\\\/\\\/veredes.es\\\/blog\\\/wp-content\\\/uploads\\\/2018\\\/04\\\/face-96x96.jpg\",\"url\":\"https:\\\/\\\/veredes.es\\\/blog\\\/wp-content\\\/uploads\\\/2018\\\/04\\\/face-96x96.jpg\",\"contentUrl\":\"https:\\\/\\\/veredes.es\\\/blog\\\/wp-content\\\/uploads\\\/2018\\\/04\\\/face-96x96.jpg\",\"caption\":\"veredes\"},\"description\":\"Surge enero de 2009 como b\u00fasqueda de satisfacer el conocimiento de la actividad arquitect\u00f3nica y tangentes que se generan. La idea es crear un espacio para divulgar los diversos proyectos en busca de nueva inspiraci\u00f3n y de intercambio.\",\"sameAs\":[\"https:\\\/\\\/veredes.es\\\/\",\"https:\\\/\\\/www.facebook.com\\\/veredesArquitecturayDivulgacion\\\/\",\"https:\\\/\\\/www.instagram.com\\\/veredes\\\/\",\"https:\\\/\\\/www.linkedin.com\\\/company\\\/veredes-arquitectura-y-divulgacion\\\/\",\"https:\\\/\\\/www.pinterest.es\\\/veredes\\\/\",\"https:\\\/\\\/x.com\\\/https:\\\/\\\/twitter.com\\\/veredes\",\"https:\\\/\\\/veredes.tumblr.com\\\/\"],\"url\":\"https:\\\/\\\/veredes.es\\\/blog\\\/author\\\/alberto\\\/\"}]}<\/script>\n<!-- \/ Yoast SEO plugin. -->","yoast_head_json":{"title":"Transmutaci\u00f3n abstracta de Gianfranco Spada | \u00c1ngel Gonz\u00e1lez Garc\u00eda","description":"Toda la informaci\u00f3n sobre: [:es]Transmutaci\u00f3n abstracta de Gianfranco Spada | \u00c1ngel Gonz\u00e1lez Garc\u00eda[:en]Abstract transmutation of Gianfranco Spada | \u00c1ngel Gonzalez Garc\u00eda [:gl]Transmutaci\u00f3n abstracta de Gianfranco Spada | \u00c1ngel Gonzalez Garc\u00eda[:]","robots":{"index":"index","follow":"follow","max-snippet":"max-snippet:-1","max-image-preview":"max-image-preview:large","max-video-preview":"max-video-preview:-1"},"canonical":"https:\/\/veredes.es\/blog\/transmutacion-abstracta-de-gianfranco-spada-angel-gonzalez-garcia\/","og_locale":"es_ES","og_type":"article","og_title":"Transmutaci\u00f3n abstracta de Gianfranco Spada | \u00c1ngel Gonz\u00e1lez Garc\u00eda","og_description":"Toda la informaci\u00f3n sobre: [:es]Transmutaci\u00f3n abstracta de Gianfranco Spada | \u00c1ngel Gonz\u00e1lez Garc\u00eda[:en]Abstract transmutation of Gianfranco Spada | \u00c1ngel Gonzalez Garc\u00eda [:gl]Transmutaci\u00f3n abstracta de Gianfranco Spada | \u00c1ngel Gonzalez Garc\u00eda[:]","og_url":"https:\/\/veredes.es\/blog\/transmutacion-abstracta-de-gianfranco-spada-angel-gonzalez-garcia\/","og_site_name":"veredes, arquitectura y divulgaci\u00f3n","article_publisher":"https:\/\/www.facebook.com\/veredesArquitecturayDivulgacion\/","article_author":"https:\/\/www.facebook.com\/veredesArquitecturayDivulgacion\/","article_published_time":"2015-09-04T04:48:51+00:00","article_modified_time":"2026-01-26T11:42:12+00:00","og_image":[{"width":625,"height":625,"url":"https:\/\/veredes.es\/blog\/wp-content\/uploads\/2015\/09\/IMAGEN-SIGNIFATIVA-ArquiLecturas02.jpg","type":"image\/jpeg"}],"author":"veredes","twitter_card":"summary_large_image","twitter_creator":"@https:\/\/twitter.com\/veredes","twitter_site":"@veredes","twitter_misc":{"Escrito por":"veredes","Tiempo de lectura":"5 minutos"},"schema":{"@context":"https:\/\/schema.org","@graph":[{"@type":"Article","@id":"https:\/\/veredes.es\/blog\/transmutacion-abstracta-de-gianfranco-spada-angel-gonzalez-garcia\/#article","isPartOf":{"@id":"https:\/\/veredes.es\/blog\/transmutacion-abstracta-de-gianfranco-spada-angel-gonzalez-garcia\/"},"author":{"name":"veredes","@id":"https:\/\/veredes.es\/blog\/#\/schema\/person\/0bbb669073ef7faba5168a0844e93d2c"},"headline":"Transmutaci\u00f3n abstracta de Gianfranco Spada | \u00c1ngel Gonz\u00e1lez Garc\u00eda","datePublished":"2015-09-04T04:48:51+00:00","dateModified":"2026-01-26T11:42:12+00:00","mainEntityOfPage":{"@id":"https:\/\/veredes.es\/blog\/transmutacion-abstracta-de-gianfranco-spada-angel-gonzalez-garcia\/"},"wordCount":1708,"commentCount":0,"publisher":{"@id":"https:\/\/veredes.es\/blog\/#organization"},"image":{"@id":"https:\/\/veredes.es\/blog\/transmutacion-abstracta-de-gianfranco-spada-angel-gonzalez-garcia\/#primaryimage"},"thumbnailUrl":"https:\/\/veredes.es\/blog\/wp-content\/uploads\/2015\/09\/IMAGEN-SIGNIFATIVA-ArquiLecturas02.jpg","keywords":["Aldo Rossi","\u00c1lvaro Siza Vieira","Am\u00e9d\u00e9e Ozenfant","\u00c1ngel Gonz\u00e1lez Garc\u00eda","arquitectura italiana","arquitectura moderna","arte","cr\u00edtica","gianfranco spada","Kazimir Mal\u00e9vich","Le Corbusier","Luis Barrag\u00e1n","Pablo Picasso","Piet Mondrian","pintura","purismo","s. xx"],"articleSection":["arquitectos","arte","capturas","slider principal"],"inLanguage":"es","potentialAction":[{"@type":"CommentAction","name":"Comment","target":["https:\/\/veredes.es\/blog\/transmutacion-abstracta-de-gianfranco-spada-angel-gonzalez-garcia\/#respond"]}]},{"@type":"WebPage","@id":"https:\/\/veredes.es\/blog\/transmutacion-abstracta-de-gianfranco-spada-angel-gonzalez-garcia\/","url":"https:\/\/veredes.es\/blog\/transmutacion-abstracta-de-gianfranco-spada-angel-gonzalez-garcia\/","name":"Transmutaci\u00f3n abstracta de Gianfranco Spada | \u00c1ngel Gonz\u00e1lez Garc\u00eda","isPartOf":{"@id":"https:\/\/veredes.es\/blog\/#website"},"primaryImageOfPage":{"@id":"https:\/\/veredes.es\/blog\/transmutacion-abstracta-de-gianfranco-spada-angel-gonzalez-garcia\/#primaryimage"},"image":{"@id":"https:\/\/veredes.es\/blog\/transmutacion-abstracta-de-gianfranco-spada-angel-gonzalez-garcia\/#primaryimage"},"thumbnailUrl":"https:\/\/veredes.es\/blog\/wp-content\/uploads\/2015\/09\/IMAGEN-SIGNIFATIVA-ArquiLecturas02.jpg","datePublished":"2015-09-04T04:48:51+00:00","dateModified":"2026-01-26T11:42:12+00:00","description":"Toda la informaci\u00f3n sobre: [:es]Transmutaci\u00f3n abstracta de Gianfranco Spada | \u00c1ngel Gonz\u00e1lez Garc\u00eda[:en]Abstract transmutation of Gianfranco Spada | \u00c1ngel Gonzalez Garc\u00eda [:gl]Transmutaci\u00f3n abstracta de Gianfranco Spada | \u00c1ngel Gonzalez Garc\u00eda[:]","breadcrumb":{"@id":"https:\/\/veredes.es\/blog\/transmutacion-abstracta-de-gianfranco-spada-angel-gonzalez-garcia\/#breadcrumb"},"inLanguage":"es","potentialAction":[{"@type":"ReadAction","target":["https:\/\/veredes.es\/blog\/transmutacion-abstracta-de-gianfranco-spada-angel-gonzalez-garcia\/"]}]},{"@type":"ImageObject","inLanguage":"es","@id":"https:\/\/veredes.es\/blog\/transmutacion-abstracta-de-gianfranco-spada-angel-gonzalez-garcia\/#primaryimage","url":"https:\/\/veredes.es\/blog\/wp-content\/uploads\/2015\/09\/IMAGEN-SIGNIFATIVA-ArquiLecturas02.jpg","contentUrl":"https:\/\/veredes.es\/blog\/wp-content\/uploads\/2015\/09\/IMAGEN-SIGNIFATIVA-ArquiLecturas02.jpg","width":625,"height":625},{"@type":"BreadcrumbList","@id":"https:\/\/veredes.es\/blog\/transmutacion-abstracta-de-gianfranco-spada-angel-gonzalez-garcia\/#breadcrumb","itemListElement":[{"@type":"ListItem","position":1,"name":"Portada","item":"https:\/\/veredes.es\/blog\/"},{"@type":"ListItem","position":2,"name":"Transmutaci\u00f3n abstracta de Gianfranco Spada | \u00c1ngel Gonz\u00e1lez Garc\u00eda"}]},{"@type":"WebSite","@id":"https:\/\/veredes.es\/blog\/#website","url":"https:\/\/veredes.es\/blog\/","name":"veredes, arquitectura y divulgaci\u00f3n","description":"veredes","publisher":{"@id":"https:\/\/veredes.es\/blog\/#organization"},"alternateName":"veredes","potentialAction":[{"@type":"SearchAction","target":{"@type":"EntryPoint","urlTemplate":"https:\/\/veredes.es\/blog\/?s={search_term_string}"},"query-input":{"@type":"PropertyValueSpecification","valueRequired":true,"valueName":"search_term_string"}}],"inLanguage":"es"},{"@type":"Organization","@id":"https:\/\/veredes.es\/blog\/#organization","name":"veredes, arquitectura y divulgaci\u00f3n","alternateName":"veredes","url":"https:\/\/veredes.es\/blog\/","logo":{"@type":"ImageObject","inLanguage":"es","@id":"https:\/\/veredes.es\/blog\/#\/schema\/logo\/image\/","url":"https:\/\/veredes.es\/blog\/wp-content\/uploads\/2021\/12\/veredes-logo-centrado_140x54.png","contentUrl":"https:\/\/veredes.es\/blog\/wp-content\/uploads\/2021\/12\/veredes-logo-centrado_140x54.png","width":140,"height":54,"caption":"veredes, arquitectura y divulgaci\u00f3n"},"image":{"@id":"https:\/\/veredes.es\/blog\/#\/schema\/logo\/image\/"},"sameAs":["https:\/\/www.facebook.com\/veredesArquitecturayDivulgacion\/","https:\/\/x.com\/veredes","https:\/\/instagram.com\/veredes\/","https:\/\/www.linkedin.com\/company\/veredes-arquitectura-y-divulgacion\/","https:\/\/es.pinterest.com\/veredes\/","https:\/\/www.tumblr.com\/veredes"]},{"@type":"Person","@id":"https:\/\/veredes.es\/blog\/#\/schema\/person\/0bbb669073ef7faba5168a0844e93d2c","name":"veredes","image":{"@type":"ImageObject","inLanguage":"es","@id":"https:\/\/veredes.es\/blog\/wp-content\/uploads\/2018\/04\/face-96x96.jpg","url":"https:\/\/veredes.es\/blog\/wp-content\/uploads\/2018\/04\/face-96x96.jpg","contentUrl":"https:\/\/veredes.es\/blog\/wp-content\/uploads\/2018\/04\/face-96x96.jpg","caption":"veredes"},"description":"Surge enero de 2009 como b\u00fasqueda de satisfacer el conocimiento de la actividad arquitect\u00f3nica y tangentes que se generan. La idea es crear un espacio para divulgar los diversos proyectos en busca de nueva inspiraci\u00f3n y de intercambio.","sameAs":["https:\/\/veredes.es\/","https:\/\/www.facebook.com\/veredesArquitecturayDivulgacion\/","https:\/\/www.instagram.com\/veredes\/","https:\/\/www.linkedin.com\/company\/veredes-arquitectura-y-divulgacion\/","https:\/\/www.pinterest.es\/veredes\/","https:\/\/x.com\/https:\/\/twitter.com\/veredes","https:\/\/veredes.tumblr.com\/"],"url":"https:\/\/veredes.es\/blog\/author\/alberto\/"}]}},"_links":{"self":[{"href":"https:\/\/veredes.es\/blog\/wp-json\/wp\/v2\/posts\/56101","targetHints":{"allow":["GET"]}}],"collection":[{"href":"https:\/\/veredes.es\/blog\/wp-json\/wp\/v2\/posts"}],"about":[{"href":"https:\/\/veredes.es\/blog\/wp-json\/wp\/v2\/types\/post"}],"author":[{"embeddable":true,"href":"https:\/\/veredes.es\/blog\/wp-json\/wp\/v2\/users\/2"}],"replies":[{"embeddable":true,"href":"https:\/\/veredes.es\/blog\/wp-json\/wp\/v2\/comments?post=56101"}],"version-history":[{"count":1,"href":"https:\/\/veredes.es\/blog\/wp-json\/wp\/v2\/posts\/56101\/revisions"}],"predecessor-version":[{"id":104742,"href":"https:\/\/veredes.es\/blog\/wp-json\/wp\/v2\/posts\/56101\/revisions\/104742"}],"wp:featuredmedia":[{"embeddable":true,"href":"https:\/\/veredes.es\/blog\/wp-json\/wp\/v2\/media\/56104"}],"wp:attachment":[{"href":"https:\/\/veredes.es\/blog\/wp-json\/wp\/v2\/media?parent=56101"}],"wp:term":[{"taxonomy":"category","embeddable":true,"href":"https:\/\/veredes.es\/blog\/wp-json\/wp\/v2\/categories?post=56101"},{"taxonomy":"post_tag","embeddable":true,"href":"https:\/\/veredes.es\/blog\/wp-json\/wp\/v2\/tags?post=56101"}],"curies":[{"name":"wp","href":"https:\/\/api.w.org\/{rel}","templated":true}]}}