{"id":55488,"date":"2015-07-22T06:24:58","date_gmt":"2015-07-22T04:24:58","guid":{"rendered":"http:\/\/veredes.es\/blog\/?p=55488"},"modified":"2020-02-17T14:42:46","modified_gmt":"2020-02-17T13:42:46","slug":"meeting-point-soma-arquitectura","status":"publish","type":"post","link":"https:\/\/veredes.es\/blog\/meeting-point-soma-arquitectura\/","title":{"rendered":"Meeting point | soma arquitectura"},"content":{"rendered":"<p><\/p>\n<p style=\"text-align: justify;\">Nos encontramos con una vivienda con cuatro espacios muy bien ordenados en fachada, separados del resto de estancias por un gran pasillo y que se encuentran de una manera un poco ca\u00f3tica.<\/p>\n<p style=\"text-align: justify;\">Nos quedamos con estos cuatro espacios y reordenamos el resto de usos intentando generar espacios de calidad.<\/p>\n<p style=\"text-align: justify;\"><a href=\"https:\/\/veredes.es\/blog\/wp-content\/uploads\/2015\/06\/somaa_mp_01_int01.jpg\"><img loading=\"lazy\" decoding=\"async\" class=\"alignnone  wp-image-55525\" src=\"https:\/\/veredes.es\/blog\/wp-content\/uploads\/2015\/06\/somaa_mp_01_int01.jpg\" alt=\"somaa_mp_01_int01\" width=\"625\" height=\"608\" srcset=\"https:\/\/veredes.es\/blog\/wp-content\/uploads\/2015\/06\/somaa_mp_01_int01.jpg 822w, https:\/\/veredes.es\/blog\/wp-content\/uploads\/2015\/06\/somaa_mp_01_int01-300x292.jpg 300w\" sizes=\"auto, (max-width: 625px) 100vw, 625px\" \/><\/a><\/p>\n<p style=\"text-align: justify;\">La vivienda se articula en torno a un espacio central, que ordena y distribuye la casa, diferenciando la zona de d\u00eda de la de noche, la parte privada de la p\u00fablica, y la habitaci\u00f3n principal de las secundarias.<\/p>\n<p style=\"text-align: justify;\">La idea b\u00e1sica, inspirada por la arquitectura palaciega, se basa en la generaci\u00f3n de espacios a trav\u00e9s de estancias concatenadas, que nos gu\u00edan a trav\u00e9s del filtro formado por el despacho, desde el acceso a la vivienda hacia el espacio central, a partir del que crece el resto de la vivienda, despleg\u00e1ndose como si se tratara de un abanico. As\u00ed se genera un eje de circulaci\u00f3n entre los espacios de relaci\u00f3n de la vivienda.<\/p>\n<p style=\"text-align: justify;\">El espacio central se materializa mediante un revestimiento en madera acanalada, creando un espacio diferenciado y diferencial, que nos permite acceder hacia el sal\u00f3n, la cocina y los pasos que dan servicio a las zonas m\u00e1s privadas de la vivienda.<\/p>\n<p style=\"text-align: justify;\">Por otro lado, el pavimento marca un eje transversal de servicios, la zona central, la cocina, los aseos y los pasos, se revisten de microcemento, frente al resto de los paramentos de la casa, que se dispone en madera.<\/p>\n<p style=\"text-align: justify;\">Los armarios y el almacenamiento, tambi\u00e9n suponen una parte importante de la reforma, ya que se adaptan a las necesidades de la vivienda, aprovechando al m\u00e1ximo el espacio disponible.<\/p>\n<div id='gallery-1' class='gallery galleryid-55488 gallery-columns-4 gallery-size-thumbnail'><figure class='gallery-item'>\n\t\t\t<div class='gallery-icon landscape'>\n\t\t\t\t<a href='https:\/\/veredes.es\/blog\/wp-content\/uploads\/2015\/06\/somaa_mp_01_int01.jpg'><img loading=\"lazy\" decoding=\"async\" width=\"120\" height=\"120\" src=\"https:\/\/veredes.es\/blog\/wp-content\/uploads\/2015\/06\/somaa_mp_01_int01-150x150.jpg\" class=\"attachment-thumbnail size-thumbnail\" alt=\"\" srcset=\"https:\/\/veredes.es\/blog\/wp-content\/uploads\/2015\/06\/somaa_mp_01_int01-150x150.jpg 150w, https:\/\/veredes.es\/blog\/wp-content\/uploads\/2015\/06\/somaa_mp_01_int01-120x120.jpg 120w\" sizes=\"auto, (max-width: 120px) 100vw, 120px\" \/><\/a>\n\t\t\t<\/div><\/figure><figure class='gallery-item'>\n\t\t\t<div class='gallery-icon landscape'>\n\t\t\t\t<a href='https:\/\/veredes.es\/blog\/wp-content\/uploads\/2015\/06\/somaa_mp_02_int02.jpg'><img loading=\"lazy\" decoding=\"async\" width=\"120\" height=\"120\" src=\"https:\/\/veredes.es\/blog\/wp-content\/uploads\/2015\/06\/somaa_mp_02_int02-150x150.jpg\" class=\"attachment-thumbnail size-thumbnail\" alt=\"\" srcset=\"https:\/\/veredes.es\/blog\/wp-content\/uploads\/2015\/06\/somaa_mp_02_int02-150x150.jpg 150w, https:\/\/veredes.es\/blog\/wp-content\/uploads\/2015\/06\/somaa_mp_02_int02-120x120.jpg 120w\" sizes=\"auto, (max-width: 120px) 100vw, 120px\" \/><\/a>\n\t\t\t<\/div><\/figure><figure class='gallery-item'>\n\t\t\t<div class='gallery-icon landscape'>\n\t\t\t\t<a href='https:\/\/veredes.es\/blog\/wp-content\/uploads\/2015\/06\/somaa_mp_03_int03.jpg'><img loading=\"lazy\" decoding=\"async\" width=\"120\" height=\"120\" src=\"https:\/\/veredes.es\/blog\/wp-content\/uploads\/2015\/06\/somaa_mp_03_int03-150x150.jpg\" class=\"attachment-thumbnail size-thumbnail\" alt=\"\" srcset=\"https:\/\/veredes.es\/blog\/wp-content\/uploads\/2015\/06\/somaa_mp_03_int03-150x150.jpg 150w, https:\/\/veredes.es\/blog\/wp-content\/uploads\/2015\/06\/somaa_mp_03_int03-120x120.jpg 120w\" sizes=\"auto, (max-width: 120px) 100vw, 120px\" \/><\/a>\n\t\t\t<\/div><\/figure><figure class='gallery-item'>\n\t\t\t<div class='gallery-icon portrait'>\n\t\t\t\t<a href='https:\/\/veredes.es\/blog\/wp-content\/uploads\/2015\/06\/somaa_mp_04_int04.jpg'><img loading=\"lazy\" decoding=\"async\" width=\"120\" height=\"120\" src=\"https:\/\/veredes.es\/blog\/wp-content\/uploads\/2015\/06\/somaa_mp_04_int04-150x150.jpg\" class=\"attachment-thumbnail size-thumbnail\" alt=\"\" srcset=\"https:\/\/veredes.es\/blog\/wp-content\/uploads\/2015\/06\/somaa_mp_04_int04-150x150.jpg 150w, https:\/\/veredes.es\/blog\/wp-content\/uploads\/2015\/06\/somaa_mp_04_int04-120x120.jpg 120w\" sizes=\"auto, (max-width: 120px) 100vw, 120px\" \/><\/a>\n\t\t\t<\/div><\/figure><figure class='gallery-item'>\n\t\t\t<div class='gallery-icon portrait'>\n\t\t\t\t<a href='https:\/\/veredes.es\/blog\/wp-content\/uploads\/2015\/06\/somaa_mp_05_int05.jpg'><img loading=\"lazy\" decoding=\"async\" width=\"120\" height=\"120\" src=\"https:\/\/veredes.es\/blog\/wp-content\/uploads\/2015\/06\/somaa_mp_05_int05-150x150.jpg\" class=\"attachment-thumbnail size-thumbnail\" alt=\"\" srcset=\"https:\/\/veredes.es\/blog\/wp-content\/uploads\/2015\/06\/somaa_mp_05_int05-150x150.jpg 150w, https:\/\/veredes.es\/blog\/wp-content\/uploads\/2015\/06\/somaa_mp_05_int05-120x120.jpg 120w\" sizes=\"auto, (max-width: 120px) 100vw, 120px\" \/><\/a>\n\t\t\t<\/div><\/figure><figure class='gallery-item'>\n\t\t\t<div class='gallery-icon portrait'>\n\t\t\t\t<a href='https:\/\/veredes.es\/blog\/wp-content\/uploads\/2015\/06\/somaa_mp_06_int06.jpg'><img loading=\"lazy\" decoding=\"async\" width=\"120\" height=\"120\" src=\"https:\/\/veredes.es\/blog\/wp-content\/uploads\/2015\/06\/somaa_mp_06_int06-150x150.jpg\" class=\"attachment-thumbnail size-thumbnail\" alt=\"\" srcset=\"https:\/\/veredes.es\/blog\/wp-content\/uploads\/2015\/06\/somaa_mp_06_int06-150x150.jpg 150w, https:\/\/veredes.es\/blog\/wp-content\/uploads\/2015\/06\/somaa_mp_06_int06-120x120.jpg 120w\" sizes=\"auto, (max-width: 120px) 100vw, 120px\" \/><\/a>\n\t\t\t<\/div><\/figure><figure class='gallery-item'>\n\t\t\t<div class='gallery-icon landscape'>\n\t\t\t\t<a href='https:\/\/veredes.es\/blog\/wp-content\/uploads\/2015\/06\/somaa_mp_07_ep.jpg'><img loading=\"lazy\" decoding=\"async\" width=\"120\" height=\"120\" src=\"https:\/\/veredes.es\/blog\/wp-content\/uploads\/2015\/06\/somaa_mp_07_ep-150x150.jpg\" class=\"attachment-thumbnail size-thumbnail\" alt=\"\" srcset=\"https:\/\/veredes.es\/blog\/wp-content\/uploads\/2015\/06\/somaa_mp_07_ep-150x150.jpg 150w, https:\/\/veredes.es\/blog\/wp-content\/uploads\/2015\/06\/somaa_mp_07_ep-120x120.jpg 120w\" sizes=\"auto, (max-width: 120px) 100vw, 120px\" \/><\/a>\n\t\t\t<\/div><\/figure><figure class='gallery-item'>\n\t\t\t<div class='gallery-icon landscape'>\n\t\t\t\t<a href='https:\/\/veredes.es\/blog\/wp-content\/uploads\/2015\/06\/somaa_mp_08_ei.jpg'><img loading=\"lazy\" decoding=\"async\" width=\"120\" height=\"120\" src=\"https:\/\/veredes.es\/blog\/wp-content\/uploads\/2015\/06\/somaa_mp_08_ei-150x150.jpg\" class=\"attachment-thumbnail size-thumbnail\" alt=\"\" srcset=\"https:\/\/veredes.es\/blog\/wp-content\/uploads\/2015\/06\/somaa_mp_08_ei-150x150.jpg 150w, https:\/\/veredes.es\/blog\/wp-content\/uploads\/2015\/06\/somaa_mp_08_ei-120x120.jpg 120w\" sizes=\"auto, (max-width: 120px) 100vw, 120px\" \/><\/a>\n\t\t\t<\/div><\/figure><figure class='gallery-item'>\n\t\t\t<div class='gallery-icon landscape'>\n\t\t\t\t<a href='https:\/\/veredes.es\/blog\/wp-content\/uploads\/2015\/06\/somaa_mp_09_plantafinal.jpg'><img loading=\"lazy\" decoding=\"async\" width=\"120\" height=\"120\" src=\"https:\/\/veredes.es\/blog\/wp-content\/uploads\/2015\/06\/somaa_mp_09_plantafinal-150x150.jpg\" class=\"attachment-thumbnail size-thumbnail\" alt=\"\" srcset=\"https:\/\/veredes.es\/blog\/wp-content\/uploads\/2015\/06\/somaa_mp_09_plantafinal-150x150.jpg 150w, https:\/\/veredes.es\/blog\/wp-content\/uploads\/2015\/06\/somaa_mp_09_plantafinal-120x120.jpg 120w\" sizes=\"auto, (max-width: 120px) 100vw, 120px\" \/><\/a>\n\t\t\t<\/div><\/figure>\n\t\t<\/div>\n\n<p style=\"text-align: justify;\">obra: Meeting point<br \/>\nautores: soma arquitectura [Fernando Mart\u00ednez L\u00f3pez, Miguel Carballido Pensado, In\u00e9s Garc\u00eda Dint\u00e9n y Susana V\u00e1zquez Rodr\u00edguez ]<br \/>\npromotor: Jorge y Esther<br \/>\ncolaboradores: Carpinteria Marfi S.L., V\u00edctor Lorenzo (Microcemento)<br \/>\nsuperficie: 125 m\u00b2<br \/>\na\u00f1o: 2013<br \/>\nemplazamiento: A Coru\u00f1a, Galicia, Espa\u00f1a<br \/>\npresupuesto: 70.000\u20ac | 560 \u20ac\/ m\u00b2<br \/>\nfotograf\u00eda: Jorge Mosquera | soma arquitectura<br \/>\n+ somaa.es<\/p>\n<p><\/p>","protected":false},"excerpt":{"rendered":"<p>Nos encontramos con una vivienda con cuatro espacios muy bien ordenados en fachada, separados del resto de estancias por un gran pasillo y que se encuentran de una manera un poco ca\u00f3tica. Nos quedamos con estos cuatro espacios y reordenamos el resto de usos intentando generar espacios de calidad. La vivienda se articula en torno [&hellip;]<\/p>\n","protected":false},"author":2,"featured_media":55525,"comment_status":"open","ping_status":"closed","sticky":false,"template":"","format":"standard","meta":{"footnotes":""},"categories":[34,23,2039,5951],"tags":[66,2631,5865,432,521,4132,619,8034,4953,1155,12472,4952,8035],"class_list":{"0":"post-55488","1":"post","2":"type-post","3":"status-publish","4":"format-standard","5":"has-post-thumbnail","7":"category-arquitectura","8":"category-obras","9":"category-reforma-interior","10":"category-slider-principal","12":"tag-arquitectura-espanola","13":"tag-arquitectura-gallega","15":"tag-espana","16":"tag-fernando-martinez-lopez","17":"tag-galicia","18":"tag-ines-garcia-dinten","19":"tag-miguel-carballido-pensado","20":"tag-reforma","21":"tag-reforma-interior","22":"tag-soma-arquitectura","23":"tag-susana-vazquez-rodriguez"},"yoast_head":"<!-- This site is optimized with the Yoast SEO plugin v27.5 - https:\/\/yoast.com\/product\/yoast-seo-wordpress\/ -->\n<title>Meeting point | soma arquitectura<\/title>\n<meta name=\"description\" content=\"Meeting point\" \/>\n<meta name=\"robots\" content=\"index, follow, max-snippet:-1, max-image-preview:large, max-video-preview:-1\" \/>\n<link rel=\"canonical\" href=\"https:\/\/veredes.es\/blog\/meeting-point-soma-arquitectura\/\" \/>\n<meta property=\"og:locale\" content=\"es_ES\" \/>\n<meta property=\"og:type\" content=\"article\" \/>\n<meta property=\"og:title\" content=\"Meeting point | soma arquitectura\" \/>\n<meta property=\"og:description\" content=\"Meeting point\" \/>\n<meta property=\"og:url\" content=\"https:\/\/veredes.es\/blog\/meeting-point-soma-arquitectura\/\" \/>\n<meta property=\"og:site_name\" content=\"veredes, arquitectura y divulgaci\u00f3n\" \/>\n<meta property=\"article:publisher\" content=\"https:\/\/www.facebook.com\/veredesArquitecturayDivulgacion\/\" \/>\n<meta property=\"article:author\" content=\"https:\/\/www.facebook.com\/veredesArquitecturayDivulgacion\/\" \/>\n<meta property=\"article:published_time\" content=\"2015-07-22T04:24:58+00:00\" \/>\n<meta property=\"article:modified_time\" content=\"2020-02-17T13:42:46+00:00\" \/>\n<meta property=\"og:image\" content=\"https:\/\/veredes.es\/blog\/wp-content\/uploads\/2015\/06\/somaa_mp_01_int01.jpg\" \/>\n\t<meta property=\"og:image:width\" content=\"822\" \/>\n\t<meta property=\"og:image:height\" content=\"800\" \/>\n\t<meta property=\"og:image:type\" content=\"image\/jpeg\" \/>\n<meta name=\"author\" content=\"veredes\" \/>\n<meta name=\"twitter:card\" content=\"summary_large_image\" \/>\n<meta name=\"twitter:creator\" content=\"@https:\/\/twitter.com\/veredes\" \/>\n<meta name=\"twitter:site\" content=\"@veredes\" \/>\n<meta name=\"twitter:label1\" content=\"Escrito por\" \/>\n\t<meta name=\"twitter:data1\" content=\"veredes\" \/>\n\t<meta name=\"twitter:label2\" content=\"Tiempo de lectura\" \/>\n\t<meta name=\"twitter:data2\" content=\"5 minutos\" \/>\n<script type=\"application\/ld+json\" class=\"yoast-schema-graph\">{\"@context\":\"https:\\\/\\\/schema.org\",\"@graph\":[{\"@type\":\"Article\",\"@id\":\"https:\\\/\\\/veredes.es\\\/blog\\\/meeting-point-soma-arquitectura\\\/#article\",\"isPartOf\":{\"@id\":\"https:\\\/\\\/veredes.es\\\/blog\\\/meeting-point-soma-arquitectura\\\/\"},\"author\":{\"name\":\"veredes\",\"@id\":\"https:\\\/\\\/veredes.es\\\/blog\\\/#\\\/schema\\\/person\\\/0bbb669073ef7faba5168a0844e93d2c\"},\"headline\":\"Meeting point | soma arquitectura\",\"datePublished\":\"2015-07-22T04:24:58+00:00\",\"dateModified\":\"2020-02-17T13:42:46+00:00\",\"mainEntityOfPage\":{\"@id\":\"https:\\\/\\\/veredes.es\\\/blog\\\/meeting-point-soma-arquitectura\\\/\"},\"wordCount\":1034,\"commentCount\":0,\"publisher\":{\"@id\":\"https:\\\/\\\/veredes.es\\\/blog\\\/#organization\"},\"image\":{\"@id\":\"https:\\\/\\\/veredes.es\\\/blog\\\/meeting-point-soma-arquitectura\\\/#primaryimage\"},\"thumbnailUrl\":\"https:\\\/\\\/veredes.es\\\/blog\\\/wp-content\\\/uploads\\\/2015\\\/06\\\/somaa_mp_01_int01.jpg\",\"keywords\":[\"A Coru\u00f1a\",\"arquitectura espa\u00f1ola\",\"arquitectura gallega\",\"dise\u00f1o interiores\",\"Espa\u00f1a\",\"Fernando Mart\u00ednez L\u00f3pez\",\"Galicia\",\"In\u00e9s Garc\u00eda Dint\u00e9n\",\"Miguel Carballido Pensado\",\"reforma\",\"reforma interior\",\"soma arquitectura\",\"Susana V\u00e1zquez Rodr\u00edguez\"],\"articleSection\":[\"arquitectura\",\"obras\",\"reforma interior\",\"slider principal\"],\"inLanguage\":\"es\",\"potentialAction\":[{\"@type\":\"CommentAction\",\"name\":\"Comment\",\"target\":[\"https:\\\/\\\/veredes.es\\\/blog\\\/meeting-point-soma-arquitectura\\\/#respond\"]}]},{\"@type\":\"WebPage\",\"@id\":\"https:\\\/\\\/veredes.es\\\/blog\\\/meeting-point-soma-arquitectura\\\/\",\"url\":\"https:\\\/\\\/veredes.es\\\/blog\\\/meeting-point-soma-arquitectura\\\/\",\"name\":\"Meeting point | soma arquitectura\",\"isPartOf\":{\"@id\":\"https:\\\/\\\/veredes.es\\\/blog\\\/#website\"},\"primaryImageOfPage\":{\"@id\":\"https:\\\/\\\/veredes.es\\\/blog\\\/meeting-point-soma-arquitectura\\\/#primaryimage\"},\"image\":{\"@id\":\"https:\\\/\\\/veredes.es\\\/blog\\\/meeting-point-soma-arquitectura\\\/#primaryimage\"},\"thumbnailUrl\":\"https:\\\/\\\/veredes.es\\\/blog\\\/wp-content\\\/uploads\\\/2015\\\/06\\\/somaa_mp_01_int01.jpg\",\"datePublished\":\"2015-07-22T04:24:58+00:00\",\"dateModified\":\"2020-02-17T13:42:46+00:00\",\"description\":\"Meeting point\",\"breadcrumb\":{\"@id\":\"https:\\\/\\\/veredes.es\\\/blog\\\/meeting-point-soma-arquitectura\\\/#breadcrumb\"},\"inLanguage\":\"es\",\"potentialAction\":[{\"@type\":\"ReadAction\",\"target\":[\"https:\\\/\\\/veredes.es\\\/blog\\\/meeting-point-soma-arquitectura\\\/\"]}]},{\"@type\":\"ImageObject\",\"inLanguage\":\"es\",\"@id\":\"https:\\\/\\\/veredes.es\\\/blog\\\/meeting-point-soma-arquitectura\\\/#primaryimage\",\"url\":\"https:\\\/\\\/veredes.es\\\/blog\\\/wp-content\\\/uploads\\\/2015\\\/06\\\/somaa_mp_01_int01.jpg\",\"contentUrl\":\"https:\\\/\\\/veredes.es\\\/blog\\\/wp-content\\\/uploads\\\/2015\\\/06\\\/somaa_mp_01_int01.jpg\",\"width\":822,\"height\":800},{\"@type\":\"BreadcrumbList\",\"@id\":\"https:\\\/\\\/veredes.es\\\/blog\\\/meeting-point-soma-arquitectura\\\/#breadcrumb\",\"itemListElement\":[{\"@type\":\"ListItem\",\"position\":1,\"name\":\"Portada\",\"item\":\"https:\\\/\\\/veredes.es\\\/blog\\\/\"},{\"@type\":\"ListItem\",\"position\":2,\"name\":\"Meeting point | soma arquitectura\"}]},{\"@type\":\"WebSite\",\"@id\":\"https:\\\/\\\/veredes.es\\\/blog\\\/#website\",\"url\":\"https:\\\/\\\/veredes.es\\\/blog\\\/\",\"name\":\"veredes, arquitectura y divulgaci\u00f3n\",\"description\":\"veredes\",\"publisher\":{\"@id\":\"https:\\\/\\\/veredes.es\\\/blog\\\/#organization\"},\"alternateName\":\"veredes\",\"potentialAction\":[{\"@type\":\"SearchAction\",\"target\":{\"@type\":\"EntryPoint\",\"urlTemplate\":\"https:\\\/\\\/veredes.es\\\/blog\\\/?s={search_term_string}\"},\"query-input\":{\"@type\":\"PropertyValueSpecification\",\"valueRequired\":true,\"valueName\":\"search_term_string\"}}],\"inLanguage\":\"es\"},{\"@type\":\"Organization\",\"@id\":\"https:\\\/\\\/veredes.es\\\/blog\\\/#organization\",\"name\":\"veredes, arquitectura y divulgaci\u00f3n\",\"alternateName\":\"veredes\",\"url\":\"https:\\\/\\\/veredes.es\\\/blog\\\/\",\"logo\":{\"@type\":\"ImageObject\",\"inLanguage\":\"es\",\"@id\":\"https:\\\/\\\/veredes.es\\\/blog\\\/#\\\/schema\\\/logo\\\/image\\\/\",\"url\":\"https:\\\/\\\/veredes.es\\\/blog\\\/wp-content\\\/uploads\\\/2021\\\/12\\\/veredes-logo-centrado_140x54.png\",\"contentUrl\":\"https:\\\/\\\/veredes.es\\\/blog\\\/wp-content\\\/uploads\\\/2021\\\/12\\\/veredes-logo-centrado_140x54.png\",\"width\":140,\"height\":54,\"caption\":\"veredes, arquitectura y divulgaci\u00f3n\"},\"image\":{\"@id\":\"https:\\\/\\\/veredes.es\\\/blog\\\/#\\\/schema\\\/logo\\\/image\\\/\"},\"sameAs\":[\"https:\\\/\\\/www.facebook.com\\\/veredesArquitecturayDivulgacion\\\/\",\"https:\\\/\\\/x.com\\\/veredes\",\"https:\\\/\\\/instagram.com\\\/veredes\\\/\",\"https:\\\/\\\/www.linkedin.com\\\/company\\\/veredes-arquitectura-y-divulgacion\\\/\",\"https:\\\/\\\/es.pinterest.com\\\/veredes\\\/\",\"https:\\\/\\\/www.tumblr.com\\\/veredes\"]},{\"@type\":\"Person\",\"@id\":\"https:\\\/\\\/veredes.es\\\/blog\\\/#\\\/schema\\\/person\\\/0bbb669073ef7faba5168a0844e93d2c\",\"name\":\"veredes\",\"image\":{\"@type\":\"ImageObject\",\"inLanguage\":\"es\",\"@id\":\"https:\\\/\\\/veredes.es\\\/blog\\\/wp-content\\\/uploads\\\/2018\\\/04\\\/face-96x96.jpg\",\"url\":\"https:\\\/\\\/veredes.es\\\/blog\\\/wp-content\\\/uploads\\\/2018\\\/04\\\/face-96x96.jpg\",\"contentUrl\":\"https:\\\/\\\/veredes.es\\\/blog\\\/wp-content\\\/uploads\\\/2018\\\/04\\\/face-96x96.jpg\",\"caption\":\"veredes\"},\"description\":\"Surge enero de 2009 como b\u00fasqueda de satisfacer el conocimiento de la actividad arquitect\u00f3nica y tangentes que se generan. La idea es crear un espacio para divulgar los diversos proyectos en busca de nueva inspiraci\u00f3n y de intercambio.\",\"sameAs\":[\"https:\\\/\\\/veredes.es\\\/\",\"https:\\\/\\\/www.facebook.com\\\/veredesArquitecturayDivulgacion\\\/\",\"https:\\\/\\\/www.instagram.com\\\/veredes\\\/\",\"https:\\\/\\\/www.linkedin.com\\\/company\\\/veredes-arquitectura-y-divulgacion\\\/\",\"https:\\\/\\\/www.pinterest.es\\\/veredes\\\/\",\"https:\\\/\\\/x.com\\\/https:\\\/\\\/twitter.com\\\/veredes\",\"https:\\\/\\\/veredes.tumblr.com\\\/\"],\"url\":\"https:\\\/\\\/veredes.es\\\/blog\\\/author\\\/alberto\\\/\"}]}<\/script>\n<!-- \/ Yoast SEO plugin. -->","yoast_head_json":{"title":"Meeting point | soma arquitectura","description":"Meeting point","robots":{"index":"index","follow":"follow","max-snippet":"max-snippet:-1","max-image-preview":"max-image-preview:large","max-video-preview":"max-video-preview:-1"},"canonical":"https:\/\/veredes.es\/blog\/meeting-point-soma-arquitectura\/","og_locale":"es_ES","og_type":"article","og_title":"Meeting point | soma arquitectura","og_description":"Meeting point","og_url":"https:\/\/veredes.es\/blog\/meeting-point-soma-arquitectura\/","og_site_name":"veredes, arquitectura y divulgaci\u00f3n","article_publisher":"https:\/\/www.facebook.com\/veredesArquitecturayDivulgacion\/","article_author":"https:\/\/www.facebook.com\/veredesArquitecturayDivulgacion\/","article_published_time":"2015-07-22T04:24:58+00:00","article_modified_time":"2020-02-17T13:42:46+00:00","og_image":[{"width":822,"height":800,"url":"https:\/\/veredes.es\/blog\/wp-content\/uploads\/2015\/06\/somaa_mp_01_int01.jpg","type":"image\/jpeg"}],"author":"veredes","twitter_card":"summary_large_image","twitter_creator":"@https:\/\/twitter.com\/veredes","twitter_site":"@veredes","twitter_misc":{"Escrito por":"veredes","Tiempo de lectura":"5 minutos"},"schema":{"@context":"https:\/\/schema.org","@graph":[{"@type":"Article","@id":"https:\/\/veredes.es\/blog\/meeting-point-soma-arquitectura\/#article","isPartOf":{"@id":"https:\/\/veredes.es\/blog\/meeting-point-soma-arquitectura\/"},"author":{"name":"veredes","@id":"https:\/\/veredes.es\/blog\/#\/schema\/person\/0bbb669073ef7faba5168a0844e93d2c"},"headline":"Meeting point | soma arquitectura","datePublished":"2015-07-22T04:24:58+00:00","dateModified":"2020-02-17T13:42:46+00:00","mainEntityOfPage":{"@id":"https:\/\/veredes.es\/blog\/meeting-point-soma-arquitectura\/"},"wordCount":1034,"commentCount":0,"publisher":{"@id":"https:\/\/veredes.es\/blog\/#organization"},"image":{"@id":"https:\/\/veredes.es\/blog\/meeting-point-soma-arquitectura\/#primaryimage"},"thumbnailUrl":"https:\/\/veredes.es\/blog\/wp-content\/uploads\/2015\/06\/somaa_mp_01_int01.jpg","keywords":["A Coru\u00f1a","arquitectura espa\u00f1ola","arquitectura gallega","dise\u00f1o interiores","Espa\u00f1a","Fernando Mart\u00ednez L\u00f3pez","Galicia","In\u00e9s Garc\u00eda Dint\u00e9n","Miguel Carballido Pensado","reforma","reforma interior","soma arquitectura","Susana V\u00e1zquez Rodr\u00edguez"],"articleSection":["arquitectura","obras","reforma interior","slider principal"],"inLanguage":"es","potentialAction":[{"@type":"CommentAction","name":"Comment","target":["https:\/\/veredes.es\/blog\/meeting-point-soma-arquitectura\/#respond"]}]},{"@type":"WebPage","@id":"https:\/\/veredes.es\/blog\/meeting-point-soma-arquitectura\/","url":"https:\/\/veredes.es\/blog\/meeting-point-soma-arquitectura\/","name":"Meeting point | soma arquitectura","isPartOf":{"@id":"https:\/\/veredes.es\/blog\/#website"},"primaryImageOfPage":{"@id":"https:\/\/veredes.es\/blog\/meeting-point-soma-arquitectura\/#primaryimage"},"image":{"@id":"https:\/\/veredes.es\/blog\/meeting-point-soma-arquitectura\/#primaryimage"},"thumbnailUrl":"https:\/\/veredes.es\/blog\/wp-content\/uploads\/2015\/06\/somaa_mp_01_int01.jpg","datePublished":"2015-07-22T04:24:58+00:00","dateModified":"2020-02-17T13:42:46+00:00","description":"Meeting point","breadcrumb":{"@id":"https:\/\/veredes.es\/blog\/meeting-point-soma-arquitectura\/#breadcrumb"},"inLanguage":"es","potentialAction":[{"@type":"ReadAction","target":["https:\/\/veredes.es\/blog\/meeting-point-soma-arquitectura\/"]}]},{"@type":"ImageObject","inLanguage":"es","@id":"https:\/\/veredes.es\/blog\/meeting-point-soma-arquitectura\/#primaryimage","url":"https:\/\/veredes.es\/blog\/wp-content\/uploads\/2015\/06\/somaa_mp_01_int01.jpg","contentUrl":"https:\/\/veredes.es\/blog\/wp-content\/uploads\/2015\/06\/somaa_mp_01_int01.jpg","width":822,"height":800},{"@type":"BreadcrumbList","@id":"https:\/\/veredes.es\/blog\/meeting-point-soma-arquitectura\/#breadcrumb","itemListElement":[{"@type":"ListItem","position":1,"name":"Portada","item":"https:\/\/veredes.es\/blog\/"},{"@type":"ListItem","position":2,"name":"Meeting point | soma arquitectura"}]},{"@type":"WebSite","@id":"https:\/\/veredes.es\/blog\/#website","url":"https:\/\/veredes.es\/blog\/","name":"veredes, arquitectura y divulgaci\u00f3n","description":"veredes","publisher":{"@id":"https:\/\/veredes.es\/blog\/#organization"},"alternateName":"veredes","potentialAction":[{"@type":"SearchAction","target":{"@type":"EntryPoint","urlTemplate":"https:\/\/veredes.es\/blog\/?s={search_term_string}"},"query-input":{"@type":"PropertyValueSpecification","valueRequired":true,"valueName":"search_term_string"}}],"inLanguage":"es"},{"@type":"Organization","@id":"https:\/\/veredes.es\/blog\/#organization","name":"veredes, arquitectura y divulgaci\u00f3n","alternateName":"veredes","url":"https:\/\/veredes.es\/blog\/","logo":{"@type":"ImageObject","inLanguage":"es","@id":"https:\/\/veredes.es\/blog\/#\/schema\/logo\/image\/","url":"https:\/\/veredes.es\/blog\/wp-content\/uploads\/2021\/12\/veredes-logo-centrado_140x54.png","contentUrl":"https:\/\/veredes.es\/blog\/wp-content\/uploads\/2021\/12\/veredes-logo-centrado_140x54.png","width":140,"height":54,"caption":"veredes, arquitectura y divulgaci\u00f3n"},"image":{"@id":"https:\/\/veredes.es\/blog\/#\/schema\/logo\/image\/"},"sameAs":["https:\/\/www.facebook.com\/veredesArquitecturayDivulgacion\/","https:\/\/x.com\/veredes","https:\/\/instagram.com\/veredes\/","https:\/\/www.linkedin.com\/company\/veredes-arquitectura-y-divulgacion\/","https:\/\/es.pinterest.com\/veredes\/","https:\/\/www.tumblr.com\/veredes"]},{"@type":"Person","@id":"https:\/\/veredes.es\/blog\/#\/schema\/person\/0bbb669073ef7faba5168a0844e93d2c","name":"veredes","image":{"@type":"ImageObject","inLanguage":"es","@id":"https:\/\/veredes.es\/blog\/wp-content\/uploads\/2018\/04\/face-96x96.jpg","url":"https:\/\/veredes.es\/blog\/wp-content\/uploads\/2018\/04\/face-96x96.jpg","contentUrl":"https:\/\/veredes.es\/blog\/wp-content\/uploads\/2018\/04\/face-96x96.jpg","caption":"veredes"},"description":"Surge enero de 2009 como b\u00fasqueda de satisfacer el conocimiento de la actividad arquitect\u00f3nica y tangentes que se generan. La idea es crear un espacio para divulgar los diversos proyectos en busca de nueva inspiraci\u00f3n y de intercambio.","sameAs":["https:\/\/veredes.es\/","https:\/\/www.facebook.com\/veredesArquitecturayDivulgacion\/","https:\/\/www.instagram.com\/veredes\/","https:\/\/www.linkedin.com\/company\/veredes-arquitectura-y-divulgacion\/","https:\/\/www.pinterest.es\/veredes\/","https:\/\/x.com\/https:\/\/twitter.com\/veredes","https:\/\/veredes.tumblr.com\/"],"url":"https:\/\/veredes.es\/blog\/author\/alberto\/"}]}},"_links":{"self":[{"href":"https:\/\/veredes.es\/blog\/wp-json\/wp\/v2\/posts\/55488","targetHints":{"allow":["GET"]}}],"collection":[{"href":"https:\/\/veredes.es\/blog\/wp-json\/wp\/v2\/posts"}],"about":[{"href":"https:\/\/veredes.es\/blog\/wp-json\/wp\/v2\/types\/post"}],"author":[{"embeddable":true,"href":"https:\/\/veredes.es\/blog\/wp-json\/wp\/v2\/users\/2"}],"replies":[{"embeddable":true,"href":"https:\/\/veredes.es\/blog\/wp-json\/wp\/v2\/comments?post=55488"}],"version-history":[{"count":0,"href":"https:\/\/veredes.es\/blog\/wp-json\/wp\/v2\/posts\/55488\/revisions"}],"wp:featuredmedia":[{"embeddable":true,"href":"https:\/\/veredes.es\/blog\/wp-json\/wp\/v2\/media\/55525"}],"wp:attachment":[{"href":"https:\/\/veredes.es\/blog\/wp-json\/wp\/v2\/media?parent=55488"}],"wp:term":[{"taxonomy":"category","embeddable":true,"href":"https:\/\/veredes.es\/blog\/wp-json\/wp\/v2\/categories?post=55488"},{"taxonomy":"post_tag","embeddable":true,"href":"https:\/\/veredes.es\/blog\/wp-json\/wp\/v2\/tags?post=55488"}],"curies":[{"name":"wp","href":"https:\/\/api.w.org\/{rel}","templated":true}]}}