{"id":55326,"date":"2015-06-12T06:00:08","date_gmt":"2015-06-12T04:00:08","guid":{"rendered":"http:\/\/veredes.es\/blog\/?p=55326"},"modified":"2020-05-04T21:03:38","modified_gmt":"2020-05-04T19:03:38","slug":"piso-piloto-medellin-y-barcelona-entre-suelo-y-techo","status":"publish","type":"post","link":"https:\/\/veredes.es\/blog\/piso-piloto-medellin-y-barcelona-entre-suelo-y-techo\/","title":{"rendered":"Piso Piloto. Medell\u00edn y Barcelona, entre suelo y techo"},"content":{"rendered":"<p><\/p>\n<p style=\"text-align: justify;\"><a href=\"https:\/\/veredes.es\/blog\/wp-content\/uploads\/2015\/06\/image003.jpg\"><img loading=\"lazy\" decoding=\"async\" class=\"alignnone size-full wp-image-55327\" src=\"https:\/\/veredes.es\/blog\/wp-content\/uploads\/2015\/06\/image003.jpg\" alt=\"image003\" width=\"604\" height=\"429\" srcset=\"https:\/\/veredes.es\/blog\/wp-content\/uploads\/2015\/06\/image003.jpg 604w, https:\/\/veredes.es\/blog\/wp-content\/uploads\/2015\/06\/image003-300x213.jpg 300w\" sizes=\"auto, (max-width: 604px) 100vw, 604px\" \/><\/a><\/p>\n<p style=\"text-align: justify;\">La Alcald\u00eda de Medell\u00edn y el Ayuntamiento de Barcelona, junto con el Museo de Antioquia y el Centro de Cultura Contempor\u00e1nea de Barcelona (CCCB), presentan la exposici\u00f3n <a href=\"http:\/\/www.pisopiloto.org\/es\/exposicion\/\" target=\"_blank\" rel=\"noopener noreferrer\"><strong><em>Piso Piloto<\/em><\/strong><strong><em>. Medell\u00edn-Barcelona<\/em><\/strong><\/a>, que albergan ambas ciudades durante los meses de junio a octubre de 2015, en un esfuerzo por impulsar el intercambio de experiencia y conocimiento.<\/p>\n<p style=\"text-align: justify;\">La muestra tiene como objetivo promover el <strong>debate<\/strong> y presentar una serie de <strong>propuestas<\/strong> que contribuyan a dar respuesta a las problem\u00e1ticas m\u00e1s importantes a que se enfrentan ambas ciudades en torno al <strong>tema de la vivienda<\/strong> y su relaci\u00f3n con el espacio p\u00fablico. Unas propuestas que pueden ser extrapolables a otras ciudades del mundo.<\/p>\n<p style=\"text-align: justify;\">El CCCB y el Museo de Antioqu\u00eda se convierten en banco de pruebas para promover urbes m\u00e1s sostenibles e inclusivas, donde se hagan efectivos el derecho a la vivienda y el derecho a la ciudad.<\/p>\n<p style=\"text-align: justify;\">El CCCB, como impulsor del <a href=\"https:\/\/www.publicspace.org\/es\/el-premio\" target=\"_blank\" rel=\"noopener noreferrer\">Premio Europeo del Espacio P\u00fablico<\/a>, tiene un amplio recorrido en la investigaci\u00f3n sobre la construcci\u00f3n de la ciudad y, con <em>Piso Piloto<\/em>, quiere liderar un debate en torno al tema de la vivienda, partiendo de la base de que el derecho a la vivienda es un tema de responsabilidad colectiva y no individual.<\/p>\n<p style=\"text-align: justify;\">La estructura de la exposici\u00f3n, dise\u00f1ada por un comisariado coral integrado por los arquitectos <strong>Guillen Aug\u00e9<\/strong>, <strong>Josep Bohigas<\/strong>, <strong>David Bravo<\/strong>, <strong>Alex Gim\u00e9nez<\/strong>, <strong>Anna Verg\u00e9s<\/strong> y la curadora del Museo de Antioqu\u00eda <strong>Nydia Guti\u00e9rrez<\/strong>, se basa en la secuencia y exploraci\u00f3n de tres variables:<\/p>\n<p style=\"text-align: justify; padding-left: 30px;\"><strong>\u00b7 El problema de la vivienda<\/strong><\/p>\n<p style=\"text-align: justify; padding-left: 30px;\">Espacios de presentaci\u00f3n de los temas principales en materia de vivienda a los que se enfrentan las ciudades.<\/p>\n<p style=\"text-align: justify; padding-left: 30px;\"><strong>\u00b7 La vivienda como soluci\u00f3n<\/strong><\/p>\n<p style=\"text-align: justify; padding-left: 30px;\">Espacios de exposici\u00f3n donde se muestran las mejores respuestas a cada tema por parte de los agentes, personas o colectivos, que se han significado por abordar la cuesti\u00f3n de la vivienda desde los campos acad\u00e9mico, administrativo, econ\u00f3mico, art\u00edstico y del activismo.<\/p>\n<p style=\"text-align: justify; padding-left: 30px;\"><strong>\u00b7 Reformar, cohabitar, cooperar<\/strong><\/p>\n<p style=\"text-align: justify; padding-left: 30px;\">Espacio de conclusi\u00f3n.<\/p>\n<p style=\"text-align: justify;\"><strong>1.- EL PROBLEMA DE LA VIVIENDA<\/strong><\/p>\n<p style=\"text-align: justify;\">Con este primer apartado se pretende dimensionar las diferentes problem\u00e1ticas y oportunidades a afrontar en torno a la vivienda, mediante la selecci\u00f3n de los datos m\u00e1s reveladores que centran la reflexi\u00f3n desde diferentes escalas, comparando las situaciones de las dos ciudades protagonistas, Barcelona y Medell\u00edn, con el \u00e1mbito internacional.<\/p>\n<p style=\"text-align: justify;\">Pr\u00f3logo<\/p>\n<p style=\"text-align: justify;\">La muestra se abre con una pieza audiovisual realizada por <strong>Benet Rom\u00e1n<\/strong> que habla de las similitudes entre las dos ciudades, de su larga relaci\u00f3n de cooperaci\u00f3n y de su reconocida trayectoria de transformaci\u00f3n a trav\u00e9s de una apuesta clara y valiente por el espacio p\u00fablico; la pieza termina planteando los nuevos retos a los que se enfrentan a partir de ahora.<\/p>\n<p style=\"text-align: justify;\">Los retos<\/p>\n<p style=\"text-align: justify;\">Se muestran 17 retos mediante una instalaci\u00f3n conformada por 17 puertas. Cada puerta expone los datos relativos al tema en cuesti\u00f3n, tanto de Medell\u00edn como de Barcelona y, en algunos casos, tambi\u00e9n de otros \u00e1mbitos geogr\u00e1ficos. En cada una de las puertas, se pueden escuchar, adem\u00e1s, partes clave de las entrevistas realizadas a expertos que reflexionan en torno a algunos de los datos presentados. Entre los temas expuestos destacan \u00abPisos vac\u00edos\u00bb, \u00abDesahucios\u00bb o \u00abPobreza energ\u00e9tica\u00bb.<\/p>\n<p style=\"text-align: justify;\"><strong>2.- LA VIVIENDA COMO SOLUCI\u00d3N<\/strong><\/p>\n<p style=\"text-align: justify;\">Este espacio agrupa las propuestas piloto elaboradas por agentes que se han significado por abordar el problema de la vivienda desde vertientes muy diversas, incluso contrapuestas. Se trata de equipos de investigaci\u00f3n acad\u00e9mica, de agencias de la Administraci\u00f3n P\u00fablica o de iniciativas impulsadas por la sociedad civil, procedentes, en su mayor\u00eda, de Medell\u00edn y de Barcelona, pero tambi\u00e9n de otras ciudades. Sus diversas soluciones todav\u00eda no son hegem\u00f3nicas, pero tienen el valor de haber sido puestas en pr\u00e1ctica y de probar su viabilidad.<\/p>\n<p style=\"text-align: justify;\">La exposici\u00f3n del CCCB cuenta con 44 experiencias, 11 de las cuales llegan de Medell\u00edn. Asimismo, en la exposici\u00f3n de Medell\u00edn, se muestran 12 propuestas localizadas en Barcelona y formuladas por equipos locales.<\/p>\n<p style=\"text-align: justify;\">Son muchos los equipos y las organizaciones que han intervenido en los 44 proyectos presentes en <em>Piso Piloto. Medell\u00edn-Barcelona<\/em>. Entre ellos, <strong>Arquitectes de Cap\u00e7alera<\/strong>, la <strong>Plataforma de Afectados por la Hipoteca (PAH)<\/strong>, las cooperativas <strong>Sostre C\u00edvic<\/strong> y <strong>Can Batll\u00f3<\/strong>, as\u00ed como <strong>Santiago Cirujeda<\/strong>,<strong> Teddy Cruz<\/strong>, <strong>Eric Bunge <\/strong>(New York),<strong> Eva Franch <\/strong>(New York) -directora de la galer\u00eda Storefront for Art and Architecture- o<strong> Juan Herreros<\/strong>.<\/p>\n<p style=\"text-align: justify;\"><strong>3.- REFORMAR, COHABITAR, COOPERAR<\/strong><\/p>\n<p style=\"text-align: justify;\">Espacio en el que se proyecta un montaje audiovisual que pretende sintetizar las posibles soluciones en torno al problema de la vivienda que pivotan en los conceptos de reforma, cohabitaci\u00f3n y cooperaci\u00f3n. Para ello se ha entrevistado a expertos de diversas disciplinas como <strong>Carme Trilla<\/strong>,<strong> Albert Sorolla<\/strong>,<strong> Germ\u00e0 Bel<\/strong>,<strong> Ant\u00f3n Costas<\/strong>,<strong> Gal\u00b7la Pin<\/strong>,<strong> Vanesa Vali\u00f1o<\/strong>,<strong> Beth Gal\u00ed<\/strong>,<strong> Xavier Monteys<\/strong>,<strong> Josep Parcerisa<\/strong>,<strong> Santiago Cirugeda<\/strong>, entre otros muchos.<\/p>\n<p style=\"text-align: justify;\"><em>Piso Piloto<\/em> tambi\u00e9n presenta cuatro instalaciones art\u00edsticas, obra de los creadores colombianos <strong>Adri\u00e1n Gait\u00e1n <\/strong>y<strong> Ang\u00e9lica Teuta<\/strong>, y de los espa\u00f1oles <strong>Andr\u00e9s Jaque <\/strong>y<strong> Alicia Kopf<\/strong>.<\/p>\n<p><\/p>","protected":false},"excerpt":{"rendered":"<p>La Alcald\u00eda de Medell\u00edn y el Ayuntamiento de Barcelona, junto con el Museo de Antioquia y el Centro de Cultura Contempor\u00e1nea de Barcelona (CCCB), presentan la exposici\u00f3n Piso Piloto. Medell\u00edn-Barcelona, que albergan ambas ciudades durante los meses de junio a octubre de 2015, en un esfuerzo por impulsar el intercambio de experiencia y conocimiento. La [&hellip;]<\/p>\n","protected":false},"author":2,"featured_media":55327,"comment_status":"open","ping_status":"closed","sticky":false,"template":"","format":"standard","meta":{"footnotes":""},"categories":[16,1382],"tags":[11961,11955,10923,10927,3745,11962,11965,11957,11967,4917,11954,11953,1511,11964,11952,521,6037,556,11958,11956,11963,6875,11960,761,11966,1095,1916,5794,11495,11959,12465,6741],"class_list":{"0":"post-55326","1":"post","2":"type-post","3":"status-publish","4":"format-standard","5":"has-post-thumbnail","7":"category-eventos","8":"category-exposiciones","9":"tag-adrian-gaitan","10":"tag-albert-sorolla","11":"tag-alex-gimenez","12":"tag-alicia-kopf","13":"tag-andres-jaque","14":"tag-angelica-teuta","15":"tag-anna-verges","16":"tag-anton-costas","17":"tag-benet-roman","18":"tag-beth-gali","19":"tag-carme-trilla","20":"tag-cccb","21":"tag-colombia","22":"tag-david-bravo","24":"tag-espana","25":"tag-eva-franch","26":"tag-exposicion","27":"tag-galla-pin","28":"tag-germa-bel","29":"tag-guillen-auge","30":"tag-josep-bohigas","31":"tag-josep-parcerisa","32":"tag-juan-herreros","33":"tag-nydia-gutierrez","34":"tag-premio-europeo-del-espacio-publico-urbano","35":"tag-rehabitar","36":"tag-santiago-cirugeda","37":"tag-teddy-cruz","38":"tag-vanesa-valino","39":"tag-vivienda","40":"tag-xavier-monteys-roig"},"yoast_head":"<!-- This site is optimized with the Yoast SEO plugin v27.4 - https:\/\/yoast.com\/product\/yoast-seo-wordpress\/ -->\n<title>Piso Piloto. Medell\u00edn y Barcelona, entre suelo y techo<\/title>\n<meta name=\"description\" content=\"Toda la informaci\u00f3n sobre: Piso Piloto. Medell\u00edn y Barcelona, entre suelo y techoShow apartment. Medellin and Barcelona, between soil and ceilingPiso Piloto. Medell\u00edn e Barcelona, entre chan e teito\" \/>\n<meta name=\"robots\" content=\"index, follow, max-snippet:-1, max-image-preview:large, max-video-preview:-1\" \/>\n<link rel=\"canonical\" href=\"https:\/\/veredes.es\/blog\/piso-piloto-medellin-y-barcelona-entre-suelo-y-techo\/\" \/>\n<meta property=\"og:locale\" content=\"es_ES\" \/>\n<meta property=\"og:type\" content=\"article\" \/>\n<meta property=\"og:title\" content=\"Piso Piloto. Medell\u00edn y Barcelona, entre suelo y techo\" \/>\n<meta property=\"og:description\" content=\"Toda la informaci\u00f3n sobre: Piso Piloto. Medell\u00edn y Barcelona, entre suelo y techoShow apartment. Medellin and Barcelona, between soil and ceilingPiso Piloto. Medell\u00edn e Barcelona, entre chan e teito\" \/>\n<meta property=\"og:url\" content=\"https:\/\/veredes.es\/blog\/piso-piloto-medellin-y-barcelona-entre-suelo-y-techo\/\" \/>\n<meta property=\"og:site_name\" content=\"veredes, arquitectura y divulgaci\u00f3n\" \/>\n<meta property=\"article:publisher\" content=\"https:\/\/www.facebook.com\/veredesArquitecturayDivulgacion\/\" \/>\n<meta property=\"article:author\" content=\"https:\/\/www.facebook.com\/veredesArquitecturayDivulgacion\/\" \/>\n<meta property=\"article:published_time\" content=\"2015-06-12T04:00:08+00:00\" \/>\n<meta property=\"article:modified_time\" content=\"2020-05-04T19:03:38+00:00\" \/>\n<meta property=\"og:image\" content=\"https:\/\/veredes.es\/blog\/wp-content\/uploads\/2015\/06\/image003.jpg\" \/>\n\t<meta property=\"og:image:width\" content=\"604\" \/>\n\t<meta property=\"og:image:height\" content=\"429\" \/>\n\t<meta property=\"og:image:type\" content=\"image\/jpeg\" \/>\n<meta name=\"author\" content=\"veredes\" \/>\n<meta name=\"twitter:card\" content=\"summary_large_image\" \/>\n<meta name=\"twitter:creator\" content=\"@https:\/\/twitter.com\/veredes\" \/>\n<meta name=\"twitter:site\" content=\"@veredes\" \/>\n<meta name=\"twitter:label1\" content=\"Escrito por\" \/>\n\t<meta name=\"twitter:data1\" content=\"veredes\" \/>\n\t<meta name=\"twitter:label2\" content=\"Tiempo de lectura\" \/>\n\t<meta name=\"twitter:data2\" content=\"13 minutos\" \/>\n<script type=\"application\/ld+json\" class=\"yoast-schema-graph\">{\"@context\":\"https:\\\/\\\/schema.org\",\"@graph\":[{\"@type\":\"Article\",\"@id\":\"https:\\\/\\\/veredes.es\\\/blog\\\/piso-piloto-medellin-y-barcelona-entre-suelo-y-techo\\\/#article\",\"isPartOf\":{\"@id\":\"https:\\\/\\\/veredes.es\\\/blog\\\/piso-piloto-medellin-y-barcelona-entre-suelo-y-techo\\\/\"},\"author\":{\"name\":\"veredes\",\"@id\":\"https:\\\/\\\/veredes.es\\\/blog\\\/#\\\/schema\\\/person\\\/0bbb669073ef7faba5168a0844e93d2c\"},\"headline\":\"Piso Piloto. Medell\u00edn y Barcelona, entre suelo y techo\",\"datePublished\":\"2015-06-12T04:00:08+00:00\",\"dateModified\":\"2020-05-04T19:03:38+00:00\",\"mainEntityOfPage\":{\"@id\":\"https:\\\/\\\/veredes.es\\\/blog\\\/piso-piloto-medellin-y-barcelona-entre-suelo-y-techo\\\/\"},\"wordCount\":2552,\"commentCount\":0,\"publisher\":{\"@id\":\"https:\\\/\\\/veredes.es\\\/blog\\\/#organization\"},\"image\":{\"@id\":\"https:\\\/\\\/veredes.es\\\/blog\\\/piso-piloto-medellin-y-barcelona-entre-suelo-y-techo\\\/#primaryimage\"},\"thumbnailUrl\":\"https:\\\/\\\/veredes.es\\\/blog\\\/wp-content\\\/uploads\\\/2015\\\/06\\\/image003.jpg\",\"keywords\":[\"Adri\u00e1n Gait\u00e1n\",\"Albert Sorolla\",\"\u00c1lex Gim\u00e9nez\",\"Alicia Kopf\",\"Andr\u00e9s Jaque\",\"Ang\u00e9lica Teuta\",\"Anna Verg\u00e9s\",\"Ant\u00f3n Costas\",\"Benet Rom\u00e1n\",\"Beth Gal\u00ed\",\"carme trilla\",\"cccb\",\"Colombia\",\"david bravo\",\"enric bunge\",\"Espa\u00f1a\",\"Eva Franch\",\"exposici\u00f3n\",\"gal\u00b7la pin\",\"germ\u00e0 bel\",\"guillen aug\u00e9\",\"josep bohigas\",\"josep parcerisa\",\"Juan Herreros\",\"nydia guti\u00e9rrez\",\"premio europeo del espacio publico urbano\",\"rehabitar\",\"Santiago Cirugeda\",\"Teddy Cruz\",\"vanesa vali\u00f1o\",\"vivienda\",\"Xavier Monteys Roig\"],\"articleSection\":[\"eventos\",\"exposiciones\"],\"inLanguage\":\"es\",\"potentialAction\":[{\"@type\":\"CommentAction\",\"name\":\"Comment\",\"target\":[\"https:\\\/\\\/veredes.es\\\/blog\\\/piso-piloto-medellin-y-barcelona-entre-suelo-y-techo\\\/#respond\"]}]},{\"@type\":\"WebPage\",\"@id\":\"https:\\\/\\\/veredes.es\\\/blog\\\/piso-piloto-medellin-y-barcelona-entre-suelo-y-techo\\\/\",\"url\":\"https:\\\/\\\/veredes.es\\\/blog\\\/piso-piloto-medellin-y-barcelona-entre-suelo-y-techo\\\/\",\"name\":\"Piso Piloto. Medell\u00edn y Barcelona, entre suelo y techo\",\"isPartOf\":{\"@id\":\"https:\\\/\\\/veredes.es\\\/blog\\\/#website\"},\"primaryImageOfPage\":{\"@id\":\"https:\\\/\\\/veredes.es\\\/blog\\\/piso-piloto-medellin-y-barcelona-entre-suelo-y-techo\\\/#primaryimage\"},\"image\":{\"@id\":\"https:\\\/\\\/veredes.es\\\/blog\\\/piso-piloto-medellin-y-barcelona-entre-suelo-y-techo\\\/#primaryimage\"},\"thumbnailUrl\":\"https:\\\/\\\/veredes.es\\\/blog\\\/wp-content\\\/uploads\\\/2015\\\/06\\\/image003.jpg\",\"datePublished\":\"2015-06-12T04:00:08+00:00\",\"dateModified\":\"2020-05-04T19:03:38+00:00\",\"description\":\"Toda la informaci\u00f3n sobre: Piso Piloto. Medell\u00edn y Barcelona, entre suelo y techoShow apartment. Medellin and Barcelona, between soil and ceilingPiso Piloto. Medell\u00edn e Barcelona, entre chan e teito\",\"breadcrumb\":{\"@id\":\"https:\\\/\\\/veredes.es\\\/blog\\\/piso-piloto-medellin-y-barcelona-entre-suelo-y-techo\\\/#breadcrumb\"},\"inLanguage\":\"es\",\"potentialAction\":[{\"@type\":\"ReadAction\",\"target\":[\"https:\\\/\\\/veredes.es\\\/blog\\\/piso-piloto-medellin-y-barcelona-entre-suelo-y-techo\\\/\"]}]},{\"@type\":\"ImageObject\",\"inLanguage\":\"es\",\"@id\":\"https:\\\/\\\/veredes.es\\\/blog\\\/piso-piloto-medellin-y-barcelona-entre-suelo-y-techo\\\/#primaryimage\",\"url\":\"https:\\\/\\\/veredes.es\\\/blog\\\/wp-content\\\/uploads\\\/2015\\\/06\\\/image003.jpg\",\"contentUrl\":\"https:\\\/\\\/veredes.es\\\/blog\\\/wp-content\\\/uploads\\\/2015\\\/06\\\/image003.jpg\",\"width\":604,\"height\":429},{\"@type\":\"BreadcrumbList\",\"@id\":\"https:\\\/\\\/veredes.es\\\/blog\\\/piso-piloto-medellin-y-barcelona-entre-suelo-y-techo\\\/#breadcrumb\",\"itemListElement\":[{\"@type\":\"ListItem\",\"position\":1,\"name\":\"Portada\",\"item\":\"https:\\\/\\\/veredes.es\\\/blog\\\/\"},{\"@type\":\"ListItem\",\"position\":2,\"name\":\"Piso Piloto. Medell\u00edn y Barcelona, entre suelo y techo\"}]},{\"@type\":\"WebSite\",\"@id\":\"https:\\\/\\\/veredes.es\\\/blog\\\/#website\",\"url\":\"https:\\\/\\\/veredes.es\\\/blog\\\/\",\"name\":\"veredes, arquitectura y divulgaci\u00f3n\",\"description\":\"veredes\",\"publisher\":{\"@id\":\"https:\\\/\\\/veredes.es\\\/blog\\\/#organization\"},\"alternateName\":\"veredes\",\"potentialAction\":[{\"@type\":\"SearchAction\",\"target\":{\"@type\":\"EntryPoint\",\"urlTemplate\":\"https:\\\/\\\/veredes.es\\\/blog\\\/?s={search_term_string}\"},\"query-input\":{\"@type\":\"PropertyValueSpecification\",\"valueRequired\":true,\"valueName\":\"search_term_string\"}}],\"inLanguage\":\"es\"},{\"@type\":\"Organization\",\"@id\":\"https:\\\/\\\/veredes.es\\\/blog\\\/#organization\",\"name\":\"veredes, arquitectura y divulgaci\u00f3n\",\"alternateName\":\"veredes\",\"url\":\"https:\\\/\\\/veredes.es\\\/blog\\\/\",\"logo\":{\"@type\":\"ImageObject\",\"inLanguage\":\"es\",\"@id\":\"https:\\\/\\\/veredes.es\\\/blog\\\/#\\\/schema\\\/logo\\\/image\\\/\",\"url\":\"https:\\\/\\\/veredes.es\\\/blog\\\/wp-content\\\/uploads\\\/2021\\\/12\\\/veredes-logo-centrado_140x54.png\",\"contentUrl\":\"https:\\\/\\\/veredes.es\\\/blog\\\/wp-content\\\/uploads\\\/2021\\\/12\\\/veredes-logo-centrado_140x54.png\",\"width\":140,\"height\":54,\"caption\":\"veredes, arquitectura y divulgaci\u00f3n\"},\"image\":{\"@id\":\"https:\\\/\\\/veredes.es\\\/blog\\\/#\\\/schema\\\/logo\\\/image\\\/\"},\"sameAs\":[\"https:\\\/\\\/www.facebook.com\\\/veredesArquitecturayDivulgacion\\\/\",\"https:\\\/\\\/x.com\\\/veredes\",\"https:\\\/\\\/instagram.com\\\/veredes\\\/\",\"https:\\\/\\\/www.linkedin.com\\\/company\\\/veredes-arquitectura-y-divulgacion\\\/\",\"https:\\\/\\\/es.pinterest.com\\\/veredes\\\/\",\"https:\\\/\\\/www.tumblr.com\\\/veredes\"]},{\"@type\":\"Person\",\"@id\":\"https:\\\/\\\/veredes.es\\\/blog\\\/#\\\/schema\\\/person\\\/0bbb669073ef7faba5168a0844e93d2c\",\"name\":\"veredes\",\"image\":{\"@type\":\"ImageObject\",\"inLanguage\":\"es\",\"@id\":\"https:\\\/\\\/veredes.es\\\/blog\\\/wp-content\\\/uploads\\\/2018\\\/04\\\/face-96x96.jpg\",\"url\":\"https:\\\/\\\/veredes.es\\\/blog\\\/wp-content\\\/uploads\\\/2018\\\/04\\\/face-96x96.jpg\",\"contentUrl\":\"https:\\\/\\\/veredes.es\\\/blog\\\/wp-content\\\/uploads\\\/2018\\\/04\\\/face-96x96.jpg\",\"caption\":\"veredes\"},\"description\":\"Surge enero de 2009 como b\u00fasqueda de satisfacer el conocimiento de la actividad arquitect\u00f3nica y tangentes que se generan. La idea es crear un espacio para divulgar los diversos proyectos en busca de nueva inspiraci\u00f3n y de intercambio.\",\"sameAs\":[\"https:\\\/\\\/veredes.es\\\/\",\"https:\\\/\\\/www.facebook.com\\\/veredesArquitecturayDivulgacion\\\/\",\"https:\\\/\\\/www.instagram.com\\\/veredes\\\/\",\"https:\\\/\\\/www.linkedin.com\\\/company\\\/veredes-arquitectura-y-divulgacion\\\/\",\"https:\\\/\\\/www.pinterest.es\\\/veredes\\\/\",\"https:\\\/\\\/x.com\\\/https:\\\/\\\/twitter.com\\\/veredes\",\"https:\\\/\\\/veredes.tumblr.com\\\/\"],\"url\":\"https:\\\/\\\/veredes.es\\\/blog\\\/author\\\/alberto\\\/\"}]}<\/script>\n<!-- \/ Yoast SEO plugin. -->","yoast_head_json":{"title":"Piso Piloto. Medell\u00edn y Barcelona, entre suelo y techo","description":"Toda la informaci\u00f3n sobre: Piso Piloto. Medell\u00edn y Barcelona, entre suelo y techoShow apartment. Medellin and Barcelona, between soil and ceilingPiso Piloto. Medell\u00edn e Barcelona, entre chan e teito","robots":{"index":"index","follow":"follow","max-snippet":"max-snippet:-1","max-image-preview":"max-image-preview:large","max-video-preview":"max-video-preview:-1"},"canonical":"https:\/\/veredes.es\/blog\/piso-piloto-medellin-y-barcelona-entre-suelo-y-techo\/","og_locale":"es_ES","og_type":"article","og_title":"Piso Piloto. Medell\u00edn y Barcelona, entre suelo y techo","og_description":"Toda la informaci\u00f3n sobre: Piso Piloto. Medell\u00edn y Barcelona, entre suelo y techoShow apartment. Medellin and Barcelona, between soil and ceilingPiso Piloto. Medell\u00edn e Barcelona, entre chan e teito","og_url":"https:\/\/veredes.es\/blog\/piso-piloto-medellin-y-barcelona-entre-suelo-y-techo\/","og_site_name":"veredes, arquitectura y divulgaci\u00f3n","article_publisher":"https:\/\/www.facebook.com\/veredesArquitecturayDivulgacion\/","article_author":"https:\/\/www.facebook.com\/veredesArquitecturayDivulgacion\/","article_published_time":"2015-06-12T04:00:08+00:00","article_modified_time":"2020-05-04T19:03:38+00:00","og_image":[{"width":604,"height":429,"url":"https:\/\/veredes.es\/blog\/wp-content\/uploads\/2015\/06\/image003.jpg","type":"image\/jpeg"}],"author":"veredes","twitter_card":"summary_large_image","twitter_creator":"@https:\/\/twitter.com\/veredes","twitter_site":"@veredes","twitter_misc":{"Escrito por":"veredes","Tiempo de lectura":"13 minutos"},"schema":{"@context":"https:\/\/schema.org","@graph":[{"@type":"Article","@id":"https:\/\/veredes.es\/blog\/piso-piloto-medellin-y-barcelona-entre-suelo-y-techo\/#article","isPartOf":{"@id":"https:\/\/veredes.es\/blog\/piso-piloto-medellin-y-barcelona-entre-suelo-y-techo\/"},"author":{"name":"veredes","@id":"https:\/\/veredes.es\/blog\/#\/schema\/person\/0bbb669073ef7faba5168a0844e93d2c"},"headline":"Piso Piloto. Medell\u00edn y Barcelona, entre suelo y techo","datePublished":"2015-06-12T04:00:08+00:00","dateModified":"2020-05-04T19:03:38+00:00","mainEntityOfPage":{"@id":"https:\/\/veredes.es\/blog\/piso-piloto-medellin-y-barcelona-entre-suelo-y-techo\/"},"wordCount":2552,"commentCount":0,"publisher":{"@id":"https:\/\/veredes.es\/blog\/#organization"},"image":{"@id":"https:\/\/veredes.es\/blog\/piso-piloto-medellin-y-barcelona-entre-suelo-y-techo\/#primaryimage"},"thumbnailUrl":"https:\/\/veredes.es\/blog\/wp-content\/uploads\/2015\/06\/image003.jpg","keywords":["Adri\u00e1n Gait\u00e1n","Albert Sorolla","\u00c1lex Gim\u00e9nez","Alicia Kopf","Andr\u00e9s Jaque","Ang\u00e9lica Teuta","Anna Verg\u00e9s","Ant\u00f3n Costas","Benet Rom\u00e1n","Beth Gal\u00ed","carme trilla","cccb","Colombia","david bravo","enric bunge","Espa\u00f1a","Eva Franch","exposici\u00f3n","gal\u00b7la pin","germ\u00e0 bel","guillen aug\u00e9","josep bohigas","josep parcerisa","Juan Herreros","nydia guti\u00e9rrez","premio europeo del espacio publico urbano","rehabitar","Santiago Cirugeda","Teddy Cruz","vanesa vali\u00f1o","vivienda","Xavier Monteys Roig"],"articleSection":["eventos","exposiciones"],"inLanguage":"es","potentialAction":[{"@type":"CommentAction","name":"Comment","target":["https:\/\/veredes.es\/blog\/piso-piloto-medellin-y-barcelona-entre-suelo-y-techo\/#respond"]}]},{"@type":"WebPage","@id":"https:\/\/veredes.es\/blog\/piso-piloto-medellin-y-barcelona-entre-suelo-y-techo\/","url":"https:\/\/veredes.es\/blog\/piso-piloto-medellin-y-barcelona-entre-suelo-y-techo\/","name":"Piso Piloto. Medell\u00edn y Barcelona, entre suelo y techo","isPartOf":{"@id":"https:\/\/veredes.es\/blog\/#website"},"primaryImageOfPage":{"@id":"https:\/\/veredes.es\/blog\/piso-piloto-medellin-y-barcelona-entre-suelo-y-techo\/#primaryimage"},"image":{"@id":"https:\/\/veredes.es\/blog\/piso-piloto-medellin-y-barcelona-entre-suelo-y-techo\/#primaryimage"},"thumbnailUrl":"https:\/\/veredes.es\/blog\/wp-content\/uploads\/2015\/06\/image003.jpg","datePublished":"2015-06-12T04:00:08+00:00","dateModified":"2020-05-04T19:03:38+00:00","description":"Toda la informaci\u00f3n sobre: Piso Piloto. Medell\u00edn y Barcelona, entre suelo y techoShow apartment. Medellin and Barcelona, between soil and ceilingPiso Piloto. Medell\u00edn e Barcelona, entre chan e teito","breadcrumb":{"@id":"https:\/\/veredes.es\/blog\/piso-piloto-medellin-y-barcelona-entre-suelo-y-techo\/#breadcrumb"},"inLanguage":"es","potentialAction":[{"@type":"ReadAction","target":["https:\/\/veredes.es\/blog\/piso-piloto-medellin-y-barcelona-entre-suelo-y-techo\/"]}]},{"@type":"ImageObject","inLanguage":"es","@id":"https:\/\/veredes.es\/blog\/piso-piloto-medellin-y-barcelona-entre-suelo-y-techo\/#primaryimage","url":"https:\/\/veredes.es\/blog\/wp-content\/uploads\/2015\/06\/image003.jpg","contentUrl":"https:\/\/veredes.es\/blog\/wp-content\/uploads\/2015\/06\/image003.jpg","width":604,"height":429},{"@type":"BreadcrumbList","@id":"https:\/\/veredes.es\/blog\/piso-piloto-medellin-y-barcelona-entre-suelo-y-techo\/#breadcrumb","itemListElement":[{"@type":"ListItem","position":1,"name":"Portada","item":"https:\/\/veredes.es\/blog\/"},{"@type":"ListItem","position":2,"name":"Piso Piloto. Medell\u00edn y Barcelona, entre suelo y techo"}]},{"@type":"WebSite","@id":"https:\/\/veredes.es\/blog\/#website","url":"https:\/\/veredes.es\/blog\/","name":"veredes, arquitectura y divulgaci\u00f3n","description":"veredes","publisher":{"@id":"https:\/\/veredes.es\/blog\/#organization"},"alternateName":"veredes","potentialAction":[{"@type":"SearchAction","target":{"@type":"EntryPoint","urlTemplate":"https:\/\/veredes.es\/blog\/?s={search_term_string}"},"query-input":{"@type":"PropertyValueSpecification","valueRequired":true,"valueName":"search_term_string"}}],"inLanguage":"es"},{"@type":"Organization","@id":"https:\/\/veredes.es\/blog\/#organization","name":"veredes, arquitectura y divulgaci\u00f3n","alternateName":"veredes","url":"https:\/\/veredes.es\/blog\/","logo":{"@type":"ImageObject","inLanguage":"es","@id":"https:\/\/veredes.es\/blog\/#\/schema\/logo\/image\/","url":"https:\/\/veredes.es\/blog\/wp-content\/uploads\/2021\/12\/veredes-logo-centrado_140x54.png","contentUrl":"https:\/\/veredes.es\/blog\/wp-content\/uploads\/2021\/12\/veredes-logo-centrado_140x54.png","width":140,"height":54,"caption":"veredes, arquitectura y divulgaci\u00f3n"},"image":{"@id":"https:\/\/veredes.es\/blog\/#\/schema\/logo\/image\/"},"sameAs":["https:\/\/www.facebook.com\/veredesArquitecturayDivulgacion\/","https:\/\/x.com\/veredes","https:\/\/instagram.com\/veredes\/","https:\/\/www.linkedin.com\/company\/veredes-arquitectura-y-divulgacion\/","https:\/\/es.pinterest.com\/veredes\/","https:\/\/www.tumblr.com\/veredes"]},{"@type":"Person","@id":"https:\/\/veredes.es\/blog\/#\/schema\/person\/0bbb669073ef7faba5168a0844e93d2c","name":"veredes","image":{"@type":"ImageObject","inLanguage":"es","@id":"https:\/\/veredes.es\/blog\/wp-content\/uploads\/2018\/04\/face-96x96.jpg","url":"https:\/\/veredes.es\/blog\/wp-content\/uploads\/2018\/04\/face-96x96.jpg","contentUrl":"https:\/\/veredes.es\/blog\/wp-content\/uploads\/2018\/04\/face-96x96.jpg","caption":"veredes"},"description":"Surge enero de 2009 como b\u00fasqueda de satisfacer el conocimiento de la actividad arquitect\u00f3nica y tangentes que se generan. La idea es crear un espacio para divulgar los diversos proyectos en busca de nueva inspiraci\u00f3n y de intercambio.","sameAs":["https:\/\/veredes.es\/","https:\/\/www.facebook.com\/veredesArquitecturayDivulgacion\/","https:\/\/www.instagram.com\/veredes\/","https:\/\/www.linkedin.com\/company\/veredes-arquitectura-y-divulgacion\/","https:\/\/www.pinterest.es\/veredes\/","https:\/\/x.com\/https:\/\/twitter.com\/veredes","https:\/\/veredes.tumblr.com\/"],"url":"https:\/\/veredes.es\/blog\/author\/alberto\/"}]}},"_links":{"self":[{"href":"https:\/\/veredes.es\/blog\/wp-json\/wp\/v2\/posts\/55326","targetHints":{"allow":["GET"]}}],"collection":[{"href":"https:\/\/veredes.es\/blog\/wp-json\/wp\/v2\/posts"}],"about":[{"href":"https:\/\/veredes.es\/blog\/wp-json\/wp\/v2\/types\/post"}],"author":[{"embeddable":true,"href":"https:\/\/veredes.es\/blog\/wp-json\/wp\/v2\/users\/2"}],"replies":[{"embeddable":true,"href":"https:\/\/veredes.es\/blog\/wp-json\/wp\/v2\/comments?post=55326"}],"version-history":[{"count":0,"href":"https:\/\/veredes.es\/blog\/wp-json\/wp\/v2\/posts\/55326\/revisions"}],"wp:featuredmedia":[{"embeddable":true,"href":"https:\/\/veredes.es\/blog\/wp-json\/wp\/v2\/media\/55327"}],"wp:attachment":[{"href":"https:\/\/veredes.es\/blog\/wp-json\/wp\/v2\/media?parent=55326"}],"wp:term":[{"taxonomy":"category","embeddable":true,"href":"https:\/\/veredes.es\/blog\/wp-json\/wp\/v2\/categories?post=55326"},{"taxonomy":"post_tag","embeddable":true,"href":"https:\/\/veredes.es\/blog\/wp-json\/wp\/v2\/tags?post=55326"}],"curies":[{"name":"wp","href":"https:\/\/api.w.org\/{rel}","templated":true}]}}