{"id":55201,"date":"2015-05-26T06:27:09","date_gmt":"2015-05-26T06:27:09","guid":{"rendered":"http:\/\/veredes.es\/blog\/?p=55201"},"modified":"2024-04-02T14:31:08","modified_gmt":"2024-04-02T12:31:08","slug":"arrokabe-arquitectos-%c2%b7-idi-sistema-7-12","status":"publish","type":"post","link":"https:\/\/veredes.es\/blog\/arrokabe-arquitectos-%c2%b7-idi-sistema-7-12\/","title":{"rendered":"Arrokabe Arquitectos \u00b7 I+D+I | sistema 7 1\/2"},"content":{"rendered":"<p><\/p>\n<p style=\"text-align: justify;\">Hasta la fecha hemos visto los diversos campos en los que los arquitectos <em>exploran<\/em> nuevos planteamientos para la <em>profesi\u00f3n<\/em>. Uno de esos campos, uno tradicional y habitual en otras profesiones, es el referido al mundo de la <em>investigaci\u00f3n y desarrollo<\/em>. \u00c1mbito que en arquitectura \u00faltimamente no ha sido muy prol\u00edfico.<\/p>\n<p style=\"text-align: justify;\">Este es el motivo que nos lleva hasta Santiago de Compostela para charlar con<strong> \u00d3scar Andr\u00e9s Quintela<\/strong> e <strong>Iv\u00e1n Andr\u00e9s Quintela<\/strong>, que conforman el estudio <a href=\"http:\/\/www.arrokabe.com\/\" target=\"_blank\" rel=\"noopener\"><strong>Arrokabe arquitectos<\/strong><\/a>. Hoy nos presentan su proyecto, <strong><a href=\"http:\/\/www.arkbsistemas.com\/\" target=\"_blank\" rel=\"noopener\">ARKB sistemas<\/a>,<\/strong> que iniciaron hace ya algunos a\u00f1os, y que han desarrollado y combinado con la labor propia del d\u00eda a d\u00eda del estudio.<\/p>\n<blockquote>\n<p style=\"text-align: justify;\"><em>\u201cEs una iniciativa de con la que tratamos de posicionarnos respecto a algunos retos que, desde nuestro punto de vista, se le plantean a nuestra profesi\u00f3n en este momento de transici\u00f3n, de cambio de paradigma social. Hay que tener en cuenta que la construcci\u00f3n en madera en nuestro pa\u00eds y en un momento de ciclo expansivo del sector de la edificaci\u00f3n de nueva planta no ha pasado de ser un subproducto, una an\u00e9cdota.\u201d<\/em><\/p>\n<\/blockquote>\n<p style=\"text-align: justify;\">Como todo proyecto se requiere de una serie de apoyos para nacer y para desarrollar el primer proyecto del sistema, <strong><em>sieteymedio<\/em><\/strong>, han contado con la colaboraci\u00f3n de <a href=\"http:\/\/www.pemade.com\/\" target=\"_blank\" rel=\"noopener\">PEMADE <\/a>(Plataforma de Ingenier\u00eda de la madera estructural), centro tecnol\u00f3gico de la USC, para la elaboraci\u00f3n de los ensayos estructurales con modelos reales y dos empresas privadas, una para la distribuci\u00f3n y corte del material, <a href=\"http:\/\/www.mbesteiro.com\/es\/\" target=\"_blank\" rel=\"noopener\">Maderas Besteiro<\/a>, y otra para las labores de montaje, <a href=\"http:\/\/www.carpinteriacarreira.com\/\" target=\"_blank\" rel=\"noopener\">Carpinter\u00eda Carreira<\/a>.<\/p>\n<p style=\"text-align: justify;\">Esta apuesta de futuro de este grupo de profesionales ha conseguido formalizar un producto, convencidos de que en los pr\u00f3ximos a\u00f1os estaremos obligados, como sociedad, a construir de forma m\u00e1s inteligente y eficiente, a construir m\u00e1s y mejor en madera. Este es el primer paso para fijar las condiciones de su comercializaci\u00f3n con los diferentes actores implicados.<\/p>\n<p style=\"text-align: justify;\">Os dejamos con la entrevista que realizamos en su estudio en la R\u00faa San Pedro, de Santiago de Compostela.<\/p>\n<figure id=\"attachment_55202\" aria-describedby=\"caption-attachment-55202\" style=\"width: 750px\" class=\"wp-caption alignnone\"><a href=\"http:\/\/veredes.es\/blog\/wp-content\/uploads\/2015\/05\/1-arrokabe-arquitectos-\u00f3scar-andr\u00e9s-quintela-iv\u00e1n-andr\u00e9s-quintela.jpg\"><img loading=\"lazy\" decoding=\"async\" class=\"wp-image-55202\" title=\"1-arrokabe-arquitectos,-\u00f3scar-andr\u00e9s-quintela,-iv\u00e1n-andr\u00e9s-quintela\" src=\"http:\/\/veredes.es\/blog\/wp-content\/uploads\/2015\/05\/1-arrokabe-arquitectos-\u00f3scar-andr\u00e9s-quintela-iv\u00e1n-andr\u00e9s-quintela.jpg\" alt=\"1-arrokabe-arquitectos,-\u00f3scar-andr\u00e9s-quintela,-iv\u00e1n-andr\u00e9s-quintela\" width=\"750\" height=\"498\" srcset=\"https:\/\/veredes.es\/blog\/wp-content\/uploads\/2015\/05\/1-arrokabe-arquitectos-\u00f3scar-andr\u00e9s-quintela-iv\u00e1n-andr\u00e9s-quintela.jpg 625w, https:\/\/veredes.es\/blog\/wp-content\/uploads\/2015\/05\/1-arrokabe-arquitectos-\u00f3scar-andr\u00e9s-quintela-iv\u00e1n-andr\u00e9s-quintela-300x199.jpg 300w, https:\/\/veredes.es\/blog\/wp-content\/uploads\/2015\/05\/1-arrokabe-arquitectos-\u00f3scar-andr\u00e9s-quintela-iv\u00e1n-andr\u00e9s-quintela-160x105.jpg 160w\" sizes=\"auto, (max-width: 750px) 100vw, 750px\" \/><\/a><figcaption id=\"caption-attachment-55202\" class=\"wp-caption-text\"><span style=\"color: #888888;\">Arrokabe arquitectos, est\u00e1 formado por \u00d3scar Andr\u00e9s Quintela e Iv\u00e1n\u00a0Andr\u00e9s Quintela\u00a0| Fotograf\u00eda: Arrokabe Arquitectos<\/span><\/figcaption><\/figure>\n<h5 style=\"text-align: justify;\"><strong>Explicadnos, \u00bfc\u00f3mo y por qu\u00e9 surge el <strong>\u201cSistema 7 1\/2\u201d<\/strong>?<\/strong><\/h5>\n<p style=\"text-align: justify;\">Surge como una apuesta profesional en un periodo de pocos encargos dentro del estudio. Hay un momento en el que pensamos que si no podemos ofrecer los servicios para los que estamos capacitados porque hay poca demanda, adem\u00e1s de ampliar la oferta, habr\u00e1 que intentar ofertar tambi\u00e9n productos. Nos decidimos por la construcci\u00f3n prefabricada en madera porque consideramos que es un \u00e1mbito en el que acabar\u00e1 habiendo una demanda siempre que el producto ofertado sea de calidad, porque la realidad es que, a d\u00eda de hoy, la falta de un uso generalizado de la madera en nuestro pa\u00eds como material de construcci\u00f3n ha hecho que el mercado de la prefabricaci\u00f3n en madera est\u00e9 en general asociado a edificaciones auxiliares, ef\u00edmeras u ocasionales o a la vivienda cuyo \u00fanico reclamo es el precio.<\/p>\n<p style=\"text-align: justify;\">En concreto, con este primer sistema busc\u00e1bamos una alternativa eficiente para la construcci\u00f3n modulada en madera de edificaciones de planta baja, con un ancho libre importante para una escala intermedia (en torno a los siete y medio metros). Pretend\u00edamos que no precisara elementos intermedios para garantizar su estabilidad, liberando la planta, facilitando el montaje, y que fuese el dise\u00f1o de los diferentes elementos que conforman la estructura y los cerramientos exteriores el que\u00a0 garantizara la durabilidad del material.<\/p>\n<h5 style=\"text-align: justify;\"><strong>\u00bfTen\u00edais alguna experiencia previa en este campo?<\/strong><\/h5>\n<p style=\"text-align: justify;\">El estudio cuenta con una experiencia de veinte a\u00f1os trabajando con madera, tanto en rehabilitaci\u00f3n como en obra nueva. Y esta experiencia se ha completado con diveros cursos y dos m\u00e1steres, uno espec\u00edfico de ingenier\u00eda de la madera estructural. Esto en lo que se refiere a la parte arquitect\u00f3nica. Sobre lo que no ten\u00edamos experiencia era sobre todo lo que conlleva el desarrollo y la presentaci\u00f3n de un producto listo para ser comercializado. Nos referimos a todas aquellas cuestiones relacionadas con reconocer el mercado, plantear una estrategia para llegar al cliente, establecer colaboraciones que permitan ofertarlo de una forma coherente\u2026<\/p>\n<h5 style=\"text-align: justify;\"><strong>\u00bfOs encontrasteis con muchas dificultades? \u00bfCu\u00e1les fueron las m\u00e1s problem\u00e1ticas?<\/strong><\/h5>\n<p style=\"text-align: justify;\">Por una parte est\u00e1n las dificultades t\u00e9cnicas derivadas del problema que nos planteamos resolver. Adem\u00e1s de todas las cuestiones apuntadas anteriormente quer\u00edamos que fuese una alternativa real a otros sistemas constructivos en madera y que fuese realmente novedoso. Esto pasaba de entrada por la resoluci\u00f3n de una estructura de una luz considerable que pudiese ser transportable f\u00e1cilmente. Adem\u00e1s busc\u00e1bamos una tecnolog\u00eda accesible, por lo que deber\u00eda poder estar conformada por peque\u00f1as escuadr\u00edas de madera local y tableros estructurales est\u00e1ndar. Al mismo tiempo su configuraci\u00f3n deb\u00eda solucionar la fijaci\u00f3n de los cerramientos posibilitando la ejecuci\u00f3n de edificaciones de alta eficiencia energ\u00e9tica. La imagen final deriva de toda esta serie de decisiones de dise\u00f1o y c\u00e1lculo que han consumido la mayor parte del tiempo de desarrollo del producto.<\/p>\n<p style=\"text-align: justify;\">No obstante se puede decir que en nuestro caso las dificultades m\u00e1s problem\u00e1ticas son aquellas derivadas de la comprensi\u00f3n del<em> sieteymedio <\/em>como un producto destinado a la venta. Empezando por la identificaci\u00f3n del cliente, siguiendo por la forma de comercializarlo y finalizando con ser capaces de transmitir todo esto a las empresas que\u00a0 colaboran con el proyecto. Al final hemos llegado a la conclusi\u00f3n de que siendo un sistema de construcci\u00f3n modulado, aparentemente r\u00edgido en su configuraci\u00f3n pero suficientemente flexible para adaptarse a diferentes circunstancias, debe ofertarse de una forma abierta, tanto directamente a particulares acompa\u00f1ado de un proyecto espec\u00edfico, como a t\u00e9cnicos que se planteen utilizarlo en sus trabajos.<\/p>\n<figure id=\"attachment_55203\" aria-describedby=\"caption-attachment-55203\" style=\"width: 750px\" class=\"wp-caption alignnone\"><a href=\"https:\/\/veredes.es\/blog\/wp-content\/uploads\/2015\/05\/2-pakaging-sieteymedio.jpg\"><img loading=\"lazy\" decoding=\"async\" class=\"wp-image-55203\" title=\"2-pakaging-sieteymedio\" src=\"https:\/\/veredes.es\/blog\/wp-content\/uploads\/2015\/05\/2-pakaging-sieteymedio.jpg\" alt=\"2-pakaging-sieteymedio\" width=\"750\" height=\"500\" srcset=\"https:\/\/veredes.es\/blog\/wp-content\/uploads\/2015\/05\/2-pakaging-sieteymedio.jpg 625w, https:\/\/veredes.es\/blog\/wp-content\/uploads\/2015\/05\/2-pakaging-sieteymedio-300x200.jpg 300w\" sizes=\"auto, (max-width: 750px) 100vw, 750px\" \/><\/a><figcaption id=\"caption-attachment-55203\" class=\"wp-caption-text\"><span style=\"color: #888888;\">Packing del\u00a0sistema 7 1\/2 de\u00a0ARKB Sistemas\u00a0| Fotograf\u00eda: Arrokabe Arquitectos<\/span><\/figcaption><\/figure>\n<h5 style=\"text-align: justify;\"><strong>\u00bfEst\u00e1is contentos con los objetivos alcanzados?<\/strong><\/h5>\n<p style=\"text-align: justify;\">Por el momento es demasiado pronto, acabamos de presentar el sistema hace escasamente un mes, pero se puede decir que s\u00ed. De entrada hemos conseguido desarrollarlo llegando a construir dos modelos del p\u00f3rtico a escala real, lo que ha permitido testar su montaje y verificar en laboratorio su correcto funcionamiento a nivel estructural. Por otra parte lo estamos ense\u00f1ando a trav\u00e9s de una p\u00e1gina web y un <em>packaging<\/em> de presentaci\u00f3n en los que se recogen im\u00e1genes que muestran algunas de las posibilidades del sistema. Para llegar hasta aqu\u00ed ya hemos tenido que alcanzar la implicaci\u00f3n directa de la empresa privada y la universidad, y todo esto ya nos hace estar razonablemente satisfechos.<\/p>\n<h5 style=\"text-align: justify;\"><strong>\u00bfQu\u00e9 expectativas y proyectos de futuro ten\u00e9is para \u201cSistema 7 1\/2\u201d?<\/strong><\/h5>\n<p style=\"text-align: justify;\">A d\u00eda de hoy hemos constatado que despierta inter\u00e9s y estamos en v\u00edas de construir una vivienda usando el sistema, algo que entendemos servir\u00eda para mostrar sus ventajas. El hecho de que tuviese cierto recorrido nos valdr\u00eda para desarrollar otros sistemas pensados para otras escalas y configuraciones. Porque, independientemente del \u00e9xito \u00a0del <em><em>sieteymedio<\/em>, <\/em>s\u00ed que estamos convencidos del acierto del camino emprendido con ARKB Sistemas (uso madera, colaboraci\u00f3n entre entidades privadas y p\u00fablicas, innovaci\u00f3n\u2026).<\/p>\n<h5 style=\"text-align: justify;\"><strong>\u00bfSon rentables este tipo de iniciativas? \u00bfOs sent\u00eds bien \u201cremunerados\u201d por la labor que realizas?<\/strong><\/h5>\n<p style=\"text-align: justify;\">Como coment\u00e1bamos, acabamos de presentarlo, por lo que entendemos que es demasiado pronto para valorar su rentabilidad econ\u00f3mica. En todo caso, a nosotros las colaboraciones ya nos han servido para profundizar en cuestiones t\u00e9cnicas muy espec\u00edficas de construcci\u00f3n en madera, tales como uniones, durabilidad de los acabados, optimizaci\u00f3n del transporte y montaje, etc\u2026 Adem\u00e1s creemos haber aprendido algo de dise\u00f1o y presentaci\u00f3n de producto gracias sobre todo a la ayuda de amigos, \u00a0profesionales en diferentes \u00e1reas de trabajo relacionadas con estos temas.<\/p>\n<figure id=\"attachment_55206\" aria-describedby=\"caption-attachment-55206\" style=\"width: 750px\" class=\"wp-caption alignnone\"><a href=\"https:\/\/veredes.es\/blog\/wp-content\/uploads\/2015\/05\/3-sieteymedio-m\u00f3dulos.jpg\"><img loading=\"lazy\" decoding=\"async\" class=\"wp-image-55206\" title=\"3--sieteymedio-m\u00f3dulos\" src=\"https:\/\/veredes.es\/blog\/wp-content\/uploads\/2015\/05\/3-sieteymedio-m\u00f3dulos.jpg\" alt=\"\" width=\"750\" height=\"360\" srcset=\"https:\/\/veredes.es\/blog\/wp-content\/uploads\/2015\/05\/3-sieteymedio-m\u00f3dulos.jpg 625w, https:\/\/veredes.es\/blog\/wp-content\/uploads\/2015\/05\/3-sieteymedio-m\u00f3dulos-300x144.jpg 300w\" sizes=\"auto, (max-width: 750px) 100vw, 750px\" \/><\/a><figcaption id=\"caption-attachment-55206\" class=\"wp-caption-text\"><span style=\"color: #888888;\">M\u00f3dulos del sistema 7 1\/2 de ARKB Sistemas | Fotograf\u00eda: Arrokabe Arquitectos<\/span><\/figcaption><\/figure>\n<h5 style=\"text-align: justify;\"><strong>\u00bfCompagin\u00e1is o complement\u00e1is esta actividad con otras labores o en otros campos?<\/strong><\/h5>\n<p style=\"text-align: justify;\">Somos un estudio de arquitectura al uso que hemos desarrollado y colaborado con otros profesionales en trabajos de arquitectura y urbanismo a diferentes escalas, durante unos a\u00f1os trabajamos para la administraci\u00f3n gestionando un \u00e1rea de rehabilitaci\u00f3n y habitualmente participamos en labores de docencia en el \u00e1mbito de la rehabilitaci\u00f3n, la regeneraci\u00f3n urbana y la construcci\u00f3n en madera.<\/p>\n<h5 style=\"text-align: justify;\"><strong>\u00bfCrees que los arquitectos en Espa\u00f1a deber\u00edamos seguir abriendo nuevas v\u00edas de trabajo para salir de la casilla m\u00e1s \u00abtradicional\u00bb de proyectar dada la actual situaci\u00f3n de la construcci\u00f3n en nuestro pa\u00eds?<\/strong><\/h5>\n<p style=\"text-align: justify;\">La casilla m\u00e1s tradicional de \u201cproyectar\u201d obliga a sintetizar una respuesta a cuestiones que tienen m\u00e1s de una inc\u00f3gnita y a organizar los medios para poder llevarla a buen t\u00e9rmino, aunque sea a una escala muy peque\u00f1a. Este enfoque, que necesariamente es parte de la formaci\u00f3n en las escuelas de arquitectura, permite pensar en abrir nuevas v\u00edas de trabajo siempre que se complemente con una cierta especializaci\u00f3n. De todas formas hay todo un campo de actuaci\u00f3n que tiene que ver directamente con la regeneraci\u00f3n de nuestro h\u00e1bitat, con promover entornos resilientes, que ser\u00e1 clave en los pr\u00f3ximos a\u00f1os. Entendemos que aqu\u00ed habr\u00e1 toda una serie de nuevos nichos de trabajo, no tan habituales ni tan obvios, en las que el arquitecto tiene que tener necesariamente un peso importante.<\/p>\n<h5 style=\"text-align: justify;\"><strong>\u00bfQu\u00e9 opinas de los arquitectos que <em>emprenden<\/em> en nuevos campos?<\/strong><\/h5>\n<p style=\"text-align: justify;\">Pues nos parece muy l\u00f3gico y podemos decir, que en estos momentos, no queda m\u00e1s remedio. En todo caso la formaci\u00f3n del arquitecto de la que hablamos proporciona cierta perspectiva relacionada con su actividad \u201ctradicional\u201d que puede ser muy \u00fatil a la hora de emprender nuevos campos.<\/p>\n<h5 style=\"text-align: justify;\"><strong>\u00bfAnimar\u00edais a otros arquitectos a seguir vuestros pasos? \u00bfQu\u00e9 pasos consideras que deber\u00edan dar? \u00bfC\u00f3mo completar sus estudios? \u00bfQu\u00e9 otros consejos les dar\u00edas?<\/strong><\/h5>\n<p style=\"text-align: justify;\">Nosotros nos llevamos once a\u00f1os de edad, as\u00ed que salimos de la escuela en dos momentos diferentes, pero no dejamos de tener la sensaci\u00f3n de una cierta inestabilidad, de estar constantemente adapt\u00e1ndonos. Fruto de esta adaptaci\u00f3n es tambi\u00e9n esta iniciativa que tiene que ver directamente con nuestras convicciones e inquietudes y nuestra experiencia profesional. Dif\u00edcilmente podemos dar consejos, \u00fanicamente animar\u00edamos a otros a profundizar y trabajar en campos espec\u00edficos que les interesen sin perder la referencia, sin dejar de ser Arquitectos.<\/p>\n<figure id=\"attachment_55205\" aria-describedby=\"caption-attachment-55205\" style=\"width: 750px\" class=\"wp-caption alignnone\"><a href=\"http:\/\/veredes.es\/blog\/wp-content\/uploads\/2015\/05\/4-ensayo-grupo.jpg\"><img loading=\"lazy\" decoding=\"async\" class=\"wp-image-55205\" title=\"4--ensayo-grupo\" src=\"http:\/\/veredes.es\/blog\/wp-content\/uploads\/2015\/05\/4-ensayo-grupo.jpg\" alt=\"\" width=\"750\" height=\"1129\" srcset=\"https:\/\/veredes.es\/blog\/wp-content\/uploads\/2015\/05\/4-ensayo-grupo.jpg 625w, https:\/\/veredes.es\/blog\/wp-content\/uploads\/2015\/05\/4-ensayo-grupo-199x300.jpg 199w\" sizes=\"auto, (max-width: 750px) 100vw, 750px\" \/><\/a><figcaption id=\"caption-attachment-55205\" class=\"wp-caption-text\"><span style=\"color: #888888;\">Ensayo de sistema 7 1\/2 de ARKB Sistemas | Fotograf\u00eda: Arrokabe Arquitectos<\/span><\/figcaption><\/figure>\n<h5 style=\"text-align: justify;\"><strong>\u00bfQu\u00e9 opin\u00e1is de los que se han ido a trabajar al extranjero?<\/strong><\/h5>\n<p style=\"text-align: justify;\">Queremos pensar que siempre es enriquecedor. Hubo un momento en el que la gente lo hac\u00eda en mejores condiciones y generalmente por completar su formaci\u00f3n o adquirir nuevas experiencias m\u00e1s que por necesidad. Esto ha cambiado, ahora tenemos compa\u00f1eros y amigos que est\u00e1n fuera en circunstancias y con motivaciones muy diversas. De cualquier forma tenemos que pensar que volver\u00e1n de una forma u otra y a \u00a0medio plazo su experiencia ser\u00e1 beneficiosa para todos.<\/p>\n<h5 style=\"text-align: justify;\"><strong>\u00bfC\u00f3mo veis el futuro de la profesi\u00f3n?<\/strong><\/h5>\n<p style=\"text-align: justify;\">Pues, por todo lo que hemos comentado, sin optimismo gratuito pero con esperanza.<\/p>\n<figure id=\"attachment_55204\" aria-describedby=\"caption-attachment-55204\" style=\"width: 750px\" class=\"wp-caption alignnone\"><a href=\"https:\/\/veredes.es\/blog\/wp-content\/uploads\/2015\/05\/5-sieteymedio-testero.jpg\"><img loading=\"lazy\" decoding=\"async\" class=\"wp-image-55204\" title=\"5--sieteymedio-testero\" src=\"https:\/\/veredes.es\/blog\/wp-content\/uploads\/2015\/05\/5-sieteymedio-testero.jpg\" alt=\"\" width=\"750\" height=\"360\" srcset=\"https:\/\/veredes.es\/blog\/wp-content\/uploads\/2015\/05\/5-sieteymedio-testero.jpg 625w, https:\/\/veredes.es\/blog\/wp-content\/uploads\/2015\/05\/5-sieteymedio-testero-300x144.jpg 300w\" sizes=\"auto, (max-width: 750px) 100vw, 750px\" \/><\/a><figcaption id=\"caption-attachment-55204\" class=\"wp-caption-text\"><span style=\"color: #888888;\">Testero del sistema 7 1\/2 de\u00a0ARKB Sistemas\u00a0| Fotograf\u00eda: Arrokabe Arquitectos<\/span><\/figcaption><\/figure>\n<p style=\"text-align: justify;\"><strong><a href=\"http:\/\/www.arrokabe.com\/\" target=\"_blank\" rel=\"noopener\">Arrokabe Arquitectos <\/a>\u00b7 I+D+I | <a href=\"http:\/\/www.arkbsistemas.com\/\" target=\"_blank\" rel=\"noopener\">sistema 7 1\/2<\/a><\/strong><br \/>\nMayo 2015<\/p>\n<p style=\"text-align: justify;\"><span style=\"color: #999999;\"><em><em><em><em><em><em>Entrevista realizada por Ana Barreiro Blanco y Alberto Alonso Oro<\/em><\/em>.<\/em><\/em><\/em> Agradecerle a \u00d3scar e Iv\u00e1n su tiempo, paciencia y su predisposici\u00f3n con este espacio.<\/em><\/span><\/p>\n<p><\/p>","protected":false},"excerpt":{"rendered":"<p>Hasta la fecha hemos visto los diversos campos en los que los arquitectos exploran nuevos planteamientos para la profesi\u00f3n. Uno de esos campos, uno tradicional y habitual en otras profesiones, es el referido al mundo de la investigaci\u00f3n y desarrollo. \u00c1mbito que en arquitectura \u00faltimamente no ha sido muy prol\u00edfico. Este es el motivo que [&hellip;]<\/p>\n","protected":false},"author":85,"featured_media":55202,"comment_status":"open","ping_status":"closed","sticky":false,"template":"","format":"standard","meta":{"footnotes":""},"categories":[9430,5951],"tags":[12273,12275,4056,11924,812,5865,148,7059,12477,415,9439,484,737,4055,4798,892,4054,977,1091,3688,4518,1103,12464,6611,1233,1271,1286,1359],"class_list":{"0":"post-55201","1":"post","2":"type-post","3":"status-publish","4":"format-standard","5":"has-post-thumbnail","7":"category-baliza","8":"category-slider-principal","9":"tag-alberto-alonso-oro","10":"tag-ana-barreiro-blanco","11":"tag-arkb-arrokabe-arquitectos","12":"tag-arkb-sistemas","13":"tag-arquitectura-en-madera","14":"tag-arquitectura-gallega","15":"tag-arquitectura-modular","16":"tag-arquitectura-navarra","17":"tag-baliza","18":"tag-desarrollo","19":"tag-en-transito","20":"tag-entrevista","21":"tag-investigacion","22":"tag-ivan-andres-quintela","23":"tag-modelo-profesional","24":"tag-montaje","25":"tag-oscar-andres-quintela","26":"tag-paisaje","27":"tag-prefabricacion","28":"tag-proceso-constructivo","29":"tag-productor","30":"tag-profesion","31":"tag-rehabilitacion","32":"tag-rehabilitacion-urbana","33":"tag-sistema","34":"tag-tecnologia","35":"tag-territorio","36":"tag-vivienda-modular"},"yoast_head":"<!-- This site is optimized with the Yoast SEO plugin v27.4 - https:\/\/yoast.com\/product\/yoast-seo-wordpress\/ -->\n<title>Arrokabe Arquitectos \u00b7 I+D+I | sistema 7 1\/2<\/title>\n<meta name=\"description\" content=\"Toda la informaci\u00f3n sobre: Arrokabe Arquitectos \u00b7 I+D+I | sistema 7 1\/2\" \/>\n<meta name=\"robots\" content=\"index, follow, max-snippet:-1, max-image-preview:large, max-video-preview:-1\" \/>\n<link rel=\"canonical\" href=\"https:\/\/veredes.es\/blog\/arrokabe-arquitectos-\u00b7-idi-sistema-7-12\/\" \/>\n<meta property=\"og:locale\" content=\"es_ES\" \/>\n<meta property=\"og:type\" content=\"article\" \/>\n<meta property=\"og:title\" content=\"Arrokabe Arquitectos \u00b7 I+D+I | sistema 7 1\/2\" \/>\n<meta property=\"og:description\" content=\"Toda la informaci\u00f3n sobre: Arrokabe Arquitectos \u00b7 I+D+I | sistema 7 1\/2\" \/>\n<meta property=\"og:url\" content=\"https:\/\/veredes.es\/blog\/arrokabe-arquitectos-\u00b7-idi-sistema-7-12\/\" \/>\n<meta property=\"og:site_name\" content=\"veredes, arquitectura y divulgaci\u00f3n\" \/>\n<meta property=\"article:publisher\" content=\"https:\/\/www.facebook.com\/veredesArquitecturayDivulgacion\/\" \/>\n<meta property=\"article:author\" content=\"https:\/\/www.facebook.com\/anabarreiroblanco\/\" \/>\n<meta property=\"article:published_time\" content=\"2015-05-26T06:27:09+00:00\" \/>\n<meta property=\"article:modified_time\" content=\"2024-04-02T12:31:08+00:00\" \/>\n<meta property=\"og:image\" content=\"https:\/\/veredes.es\/blog\/wp-content\/uploads\/2015\/05\/1-arrokabe-arquitectos-\u00f3scar-andr\u00e9s-quintela-iv\u00e1n-andr\u00e9s-quintela.jpg\" \/>\n\t<meta property=\"og:image:width\" content=\"625\" \/>\n\t<meta property=\"og:image:height\" content=\"415\" \/>\n\t<meta property=\"og:image:type\" content=\"image\/jpeg\" \/>\n<meta name=\"author\" content=\"Ana Barreiro Blanco\" \/>\n<meta name=\"twitter:card\" content=\"summary_large_image\" \/>\n<meta name=\"twitter:creator\" content=\"@veredes\" \/>\n<meta name=\"twitter:site\" content=\"@veredes\" \/>\n<meta name=\"twitter:label1\" content=\"Escrito por\" \/>\n\t<meta name=\"twitter:data1\" content=\"Ana Barreiro Blanco\" \/>\n\t<meta name=\"twitter:label2\" content=\"Tiempo de lectura\" \/>\n\t<meta name=\"twitter:data2\" content=\"10 minutos\" \/>\n<script type=\"application\/ld+json\" class=\"yoast-schema-graph\">{\"@context\":\"https:\\\/\\\/schema.org\",\"@graph\":[{\"@type\":\"Article\",\"@id\":\"https:\\\/\\\/veredes.es\\\/blog\\\/arrokabe-arquitectos-%c2%b7-idi-sistema-7-12\\\/#article\",\"isPartOf\":{\"@id\":\"https:\\\/\\\/veredes.es\\\/blog\\\/arrokabe-arquitectos-%c2%b7-idi-sistema-7-12\\\/\"},\"author\":{\"name\":\"Ana Barreiro Blanco\",\"@id\":\"https:\\\/\\\/veredes.es\\\/blog\\\/#\\\/schema\\\/person\\\/d75d9abfee4af7f452f32c140a5aa176\"},\"headline\":\"Arrokabe Arquitectos \u00b7 I+D+I | sistema 7 1\\\/2\",\"datePublished\":\"2015-05-26T06:27:09+00:00\",\"dateModified\":\"2024-04-02T12:31:08+00:00\",\"mainEntityOfPage\":{\"@id\":\"https:\\\/\\\/veredes.es\\\/blog\\\/arrokabe-arquitectos-%c2%b7-idi-sistema-7-12\\\/\"},\"wordCount\":5869,\"commentCount\":1,\"publisher\":{\"@id\":\"https:\\\/\\\/veredes.es\\\/blog\\\/#organization\"},\"image\":{\"@id\":\"https:\\\/\\\/veredes.es\\\/blog\\\/arrokabe-arquitectos-%c2%b7-idi-sistema-7-12\\\/#primaryimage\"},\"thumbnailUrl\":\"https:\\\/\\\/veredes.es\\\/blog\\\/wp-content\\\/uploads\\\/2015\\\/05\\\/1-arrokabe-arquitectos-\u00f3scar-andr\u00e9s-quintela-iv\u00e1n-andr\u00e9s-quintela.jpg\",\"keywords\":[\"Alberto Alonso Oro\",\"Ana Barreiro Blanco\",\"ARKB - Arrokabe arquitectos\",\"ARKB sistemas\",\"arquitectura en madera\",\"arquitectura gallega\",\"arquitectura modular\",\"arquitectura navarra\",\"baliza\",\"desarrollo\",\"en tr\u00e1nsito\",\"entrevista\",\"investigaci\u00f3n\",\"Iv\u00e1n Andr\u00e9s Quintela\",\"modelo profesional\",\"montaje\",\"\u00d3scar Andr\u00e9s Quintela\",\"paisaje\",\"prefabricaci\u00f3n\",\"proceso constructivo\",\"productor\",\"profesi\u00f3n\",\"rehabilitaci\u00f3n\",\"rehabilitaci\u00f3n urbana\",\"sistema\",\"tecnolog\u00eda\",\"territorio\",\"vivienda modular\"],\"articleSection\":[\"baliza\",\"slider principal\"],\"inLanguage\":\"es\",\"potentialAction\":[{\"@type\":\"CommentAction\",\"name\":\"Comment\",\"target\":[\"https:\\\/\\\/veredes.es\\\/blog\\\/arrokabe-arquitectos-%c2%b7-idi-sistema-7-12\\\/#respond\"]}]},{\"@type\":\"WebPage\",\"@id\":\"https:\\\/\\\/veredes.es\\\/blog\\\/arrokabe-arquitectos-%c2%b7-idi-sistema-7-12\\\/\",\"url\":\"https:\\\/\\\/veredes.es\\\/blog\\\/arrokabe-arquitectos-%c2%b7-idi-sistema-7-12\\\/\",\"name\":\"Arrokabe Arquitectos \u00b7 I+D+I | sistema 7 1\\\/2\",\"isPartOf\":{\"@id\":\"https:\\\/\\\/veredes.es\\\/blog\\\/#website\"},\"primaryImageOfPage\":{\"@id\":\"https:\\\/\\\/veredes.es\\\/blog\\\/arrokabe-arquitectos-%c2%b7-idi-sistema-7-12\\\/#primaryimage\"},\"image\":{\"@id\":\"https:\\\/\\\/veredes.es\\\/blog\\\/arrokabe-arquitectos-%c2%b7-idi-sistema-7-12\\\/#primaryimage\"},\"thumbnailUrl\":\"https:\\\/\\\/veredes.es\\\/blog\\\/wp-content\\\/uploads\\\/2015\\\/05\\\/1-arrokabe-arquitectos-\u00f3scar-andr\u00e9s-quintela-iv\u00e1n-andr\u00e9s-quintela.jpg\",\"datePublished\":\"2015-05-26T06:27:09+00:00\",\"dateModified\":\"2024-04-02T12:31:08+00:00\",\"description\":\"Toda la informaci\u00f3n sobre: Arrokabe Arquitectos \u00b7 I+D+I | sistema 7 1\\\/2\",\"breadcrumb\":{\"@id\":\"https:\\\/\\\/veredes.es\\\/blog\\\/arrokabe-arquitectos-%c2%b7-idi-sistema-7-12\\\/#breadcrumb\"},\"inLanguage\":\"es\",\"potentialAction\":[{\"@type\":\"ReadAction\",\"target\":[\"https:\\\/\\\/veredes.es\\\/blog\\\/arrokabe-arquitectos-%c2%b7-idi-sistema-7-12\\\/\"]}]},{\"@type\":\"ImageObject\",\"inLanguage\":\"es\",\"@id\":\"https:\\\/\\\/veredes.es\\\/blog\\\/arrokabe-arquitectos-%c2%b7-idi-sistema-7-12\\\/#primaryimage\",\"url\":\"https:\\\/\\\/veredes.es\\\/blog\\\/wp-content\\\/uploads\\\/2015\\\/05\\\/1-arrokabe-arquitectos-\u00f3scar-andr\u00e9s-quintela-iv\u00e1n-andr\u00e9s-quintela.jpg\",\"contentUrl\":\"https:\\\/\\\/veredes.es\\\/blog\\\/wp-content\\\/uploads\\\/2015\\\/05\\\/1-arrokabe-arquitectos-\u00f3scar-andr\u00e9s-quintela-iv\u00e1n-andr\u00e9s-quintela.jpg\",\"width\":\"625\",\"height\":\"415\",\"caption\":\"Arrokabe arquitectos, \u00f3scar andr\u00e9s quintela, iv\u00e1n andr\u00e9s quintela\"},{\"@type\":\"BreadcrumbList\",\"@id\":\"https:\\\/\\\/veredes.es\\\/blog\\\/arrokabe-arquitectos-%c2%b7-idi-sistema-7-12\\\/#breadcrumb\",\"itemListElement\":[{\"@type\":\"ListItem\",\"position\":1,\"name\":\"Portada\",\"item\":\"https:\\\/\\\/veredes.es\\\/blog\\\/\"},{\"@type\":\"ListItem\",\"position\":2,\"name\":\"Arrokabe Arquitectos \u00b7 I+D+I | sistema 7 1\\\/2\"}]},{\"@type\":\"WebSite\",\"@id\":\"https:\\\/\\\/veredes.es\\\/blog\\\/#website\",\"url\":\"https:\\\/\\\/veredes.es\\\/blog\\\/\",\"name\":\"veredes, arquitectura y divulgaci\u00f3n\",\"description\":\"veredes\",\"publisher\":{\"@id\":\"https:\\\/\\\/veredes.es\\\/blog\\\/#organization\"},\"alternateName\":\"veredes\",\"potentialAction\":[{\"@type\":\"SearchAction\",\"target\":{\"@type\":\"EntryPoint\",\"urlTemplate\":\"https:\\\/\\\/veredes.es\\\/blog\\\/?s={search_term_string}\"},\"query-input\":{\"@type\":\"PropertyValueSpecification\",\"valueRequired\":true,\"valueName\":\"search_term_string\"}}],\"inLanguage\":\"es\"},{\"@type\":\"Organization\",\"@id\":\"https:\\\/\\\/veredes.es\\\/blog\\\/#organization\",\"name\":\"veredes, arquitectura y divulgaci\u00f3n\",\"alternateName\":\"veredes\",\"url\":\"https:\\\/\\\/veredes.es\\\/blog\\\/\",\"logo\":{\"@type\":\"ImageObject\",\"inLanguage\":\"es\",\"@id\":\"https:\\\/\\\/veredes.es\\\/blog\\\/#\\\/schema\\\/logo\\\/image\\\/\",\"url\":\"https:\\\/\\\/veredes.es\\\/blog\\\/wp-content\\\/uploads\\\/2021\\\/12\\\/veredes-logo-centrado_140x54.png\",\"contentUrl\":\"https:\\\/\\\/veredes.es\\\/blog\\\/wp-content\\\/uploads\\\/2021\\\/12\\\/veredes-logo-centrado_140x54.png\",\"width\":140,\"height\":54,\"caption\":\"veredes, arquitectura y divulgaci\u00f3n\"},\"image\":{\"@id\":\"https:\\\/\\\/veredes.es\\\/blog\\\/#\\\/schema\\\/logo\\\/image\\\/\"},\"sameAs\":[\"https:\\\/\\\/www.facebook.com\\\/veredesArquitecturayDivulgacion\\\/\",\"https:\\\/\\\/x.com\\\/veredes\",\"https:\\\/\\\/instagram.com\\\/veredes\\\/\",\"https:\\\/\\\/www.linkedin.com\\\/company\\\/veredes-arquitectura-y-divulgacion\\\/\",\"https:\\\/\\\/es.pinterest.com\\\/veredes\\\/\",\"https:\\\/\\\/www.tumblr.com\\\/veredes\"]},{\"@type\":\"Person\",\"@id\":\"https:\\\/\\\/veredes.es\\\/blog\\\/#\\\/schema\\\/person\\\/d75d9abfee4af7f452f32c140a5aa176\",\"name\":\"Ana Barreiro Blanco\",\"image\":{\"@type\":\"ImageObject\",\"inLanguage\":\"es\",\"@id\":\"https:\\\/\\\/veredes.es\\\/blog\\\/wp-content\\\/uploads\\\/2023\\\/07\\\/cropped-ana-barreiro-blanco-96x96.jpg\",\"url\":\"https:\\\/\\\/veredes.es\\\/blog\\\/wp-content\\\/uploads\\\/2023\\\/07\\\/cropped-ana-barreiro-blanco-96x96.jpg\",\"contentUrl\":\"https:\\\/\\\/veredes.es\\\/blog\\\/wp-content\\\/uploads\\\/2023\\\/07\\\/cropped-ana-barreiro-blanco-96x96.jpg\",\"caption\":\"Ana Barreiro Blanco\"},\"description\":\"Arquitecta y socia fundadora de gesti\u00f3n cultural taller abierto\",\"sameAs\":[\"https:\\\/\\\/tallerabierto.gal\\\/gl\\\/\",\"https:\\\/\\\/www.facebook.com\\\/anabarreiroblanco\\\/\",\"https:\\\/\\\/www.linkedin.com\\\/in\\\/anabarreiroblanco\\\/\"],\"url\":\"https:\\\/\\\/veredes.es\\\/blog\\\/author\\\/ana-barreiro-blanco\\\/\"}]}<\/script>\n<!-- \/ Yoast SEO plugin. -->","yoast_head_json":{"title":"Arrokabe Arquitectos \u00b7 I+D+I | sistema 7 1\/2","description":"Toda la informaci\u00f3n sobre: Arrokabe Arquitectos \u00b7 I+D+I | sistema 7 1\/2","robots":{"index":"index","follow":"follow","max-snippet":"max-snippet:-1","max-image-preview":"max-image-preview:large","max-video-preview":"max-video-preview:-1"},"canonical":"https:\/\/veredes.es\/blog\/arrokabe-arquitectos-\u00b7-idi-sistema-7-12\/","og_locale":"es_ES","og_type":"article","og_title":"Arrokabe Arquitectos \u00b7 I+D+I | sistema 7 1\/2","og_description":"Toda la informaci\u00f3n sobre: Arrokabe Arquitectos \u00b7 I+D+I | sistema 7 1\/2","og_url":"https:\/\/veredes.es\/blog\/arrokabe-arquitectos-\u00b7-idi-sistema-7-12\/","og_site_name":"veredes, arquitectura y divulgaci\u00f3n","article_publisher":"https:\/\/www.facebook.com\/veredesArquitecturayDivulgacion\/","article_author":"https:\/\/www.facebook.com\/anabarreiroblanco\/","article_published_time":"2015-05-26T06:27:09+00:00","article_modified_time":"2024-04-02T12:31:08+00:00","og_image":[{"width":625,"height":415,"url":"https:\/\/veredes.es\/blog\/wp-content\/uploads\/2015\/05\/1-arrokabe-arquitectos-\u00f3scar-andr\u00e9s-quintela-iv\u00e1n-andr\u00e9s-quintela.jpg","type":"image\/jpeg"}],"author":"Ana Barreiro Blanco","twitter_card":"summary_large_image","twitter_creator":"@veredes","twitter_site":"@veredes","twitter_misc":{"Escrito por":"Ana Barreiro Blanco","Tiempo de lectura":"10 minutos"},"schema":{"@context":"https:\/\/schema.org","@graph":[{"@type":"Article","@id":"https:\/\/veredes.es\/blog\/arrokabe-arquitectos-%c2%b7-idi-sistema-7-12\/#article","isPartOf":{"@id":"https:\/\/veredes.es\/blog\/arrokabe-arquitectos-%c2%b7-idi-sistema-7-12\/"},"author":{"name":"Ana Barreiro Blanco","@id":"https:\/\/veredes.es\/blog\/#\/schema\/person\/d75d9abfee4af7f452f32c140a5aa176"},"headline":"Arrokabe Arquitectos \u00b7 I+D+I | sistema 7 1\/2","datePublished":"2015-05-26T06:27:09+00:00","dateModified":"2024-04-02T12:31:08+00:00","mainEntityOfPage":{"@id":"https:\/\/veredes.es\/blog\/arrokabe-arquitectos-%c2%b7-idi-sistema-7-12\/"},"wordCount":5869,"commentCount":1,"publisher":{"@id":"https:\/\/veredes.es\/blog\/#organization"},"image":{"@id":"https:\/\/veredes.es\/blog\/arrokabe-arquitectos-%c2%b7-idi-sistema-7-12\/#primaryimage"},"thumbnailUrl":"https:\/\/veredes.es\/blog\/wp-content\/uploads\/2015\/05\/1-arrokabe-arquitectos-\u00f3scar-andr\u00e9s-quintela-iv\u00e1n-andr\u00e9s-quintela.jpg","keywords":["Alberto Alonso Oro","Ana Barreiro Blanco","ARKB - Arrokabe arquitectos","ARKB sistemas","arquitectura en madera","arquitectura gallega","arquitectura modular","arquitectura navarra","baliza","desarrollo","en tr\u00e1nsito","entrevista","investigaci\u00f3n","Iv\u00e1n Andr\u00e9s Quintela","modelo profesional","montaje","\u00d3scar Andr\u00e9s Quintela","paisaje","prefabricaci\u00f3n","proceso constructivo","productor","profesi\u00f3n","rehabilitaci\u00f3n","rehabilitaci\u00f3n urbana","sistema","tecnolog\u00eda","territorio","vivienda modular"],"articleSection":["baliza","slider principal"],"inLanguage":"es","potentialAction":[{"@type":"CommentAction","name":"Comment","target":["https:\/\/veredes.es\/blog\/arrokabe-arquitectos-%c2%b7-idi-sistema-7-12\/#respond"]}]},{"@type":"WebPage","@id":"https:\/\/veredes.es\/blog\/arrokabe-arquitectos-%c2%b7-idi-sistema-7-12\/","url":"https:\/\/veredes.es\/blog\/arrokabe-arquitectos-%c2%b7-idi-sistema-7-12\/","name":"Arrokabe Arquitectos \u00b7 I+D+I | sistema 7 1\/2","isPartOf":{"@id":"https:\/\/veredes.es\/blog\/#website"},"primaryImageOfPage":{"@id":"https:\/\/veredes.es\/blog\/arrokabe-arquitectos-%c2%b7-idi-sistema-7-12\/#primaryimage"},"image":{"@id":"https:\/\/veredes.es\/blog\/arrokabe-arquitectos-%c2%b7-idi-sistema-7-12\/#primaryimage"},"thumbnailUrl":"https:\/\/veredes.es\/blog\/wp-content\/uploads\/2015\/05\/1-arrokabe-arquitectos-\u00f3scar-andr\u00e9s-quintela-iv\u00e1n-andr\u00e9s-quintela.jpg","datePublished":"2015-05-26T06:27:09+00:00","dateModified":"2024-04-02T12:31:08+00:00","description":"Toda la informaci\u00f3n sobre: Arrokabe Arquitectos \u00b7 I+D+I | sistema 7 1\/2","breadcrumb":{"@id":"https:\/\/veredes.es\/blog\/arrokabe-arquitectos-%c2%b7-idi-sistema-7-12\/#breadcrumb"},"inLanguage":"es","potentialAction":[{"@type":"ReadAction","target":["https:\/\/veredes.es\/blog\/arrokabe-arquitectos-%c2%b7-idi-sistema-7-12\/"]}]},{"@type":"ImageObject","inLanguage":"es","@id":"https:\/\/veredes.es\/blog\/arrokabe-arquitectos-%c2%b7-idi-sistema-7-12\/#primaryimage","url":"https:\/\/veredes.es\/blog\/wp-content\/uploads\/2015\/05\/1-arrokabe-arquitectos-\u00f3scar-andr\u00e9s-quintela-iv\u00e1n-andr\u00e9s-quintela.jpg","contentUrl":"https:\/\/veredes.es\/blog\/wp-content\/uploads\/2015\/05\/1-arrokabe-arquitectos-\u00f3scar-andr\u00e9s-quintela-iv\u00e1n-andr\u00e9s-quintela.jpg","width":"625","height":"415","caption":"Arrokabe arquitectos, \u00f3scar andr\u00e9s quintela, iv\u00e1n andr\u00e9s quintela"},{"@type":"BreadcrumbList","@id":"https:\/\/veredes.es\/blog\/arrokabe-arquitectos-%c2%b7-idi-sistema-7-12\/#breadcrumb","itemListElement":[{"@type":"ListItem","position":1,"name":"Portada","item":"https:\/\/veredes.es\/blog\/"},{"@type":"ListItem","position":2,"name":"Arrokabe Arquitectos \u00b7 I+D+I | sistema 7 1\/2"}]},{"@type":"WebSite","@id":"https:\/\/veredes.es\/blog\/#website","url":"https:\/\/veredes.es\/blog\/","name":"veredes, arquitectura y divulgaci\u00f3n","description":"veredes","publisher":{"@id":"https:\/\/veredes.es\/blog\/#organization"},"alternateName":"veredes","potentialAction":[{"@type":"SearchAction","target":{"@type":"EntryPoint","urlTemplate":"https:\/\/veredes.es\/blog\/?s={search_term_string}"},"query-input":{"@type":"PropertyValueSpecification","valueRequired":true,"valueName":"search_term_string"}}],"inLanguage":"es"},{"@type":"Organization","@id":"https:\/\/veredes.es\/blog\/#organization","name":"veredes, arquitectura y divulgaci\u00f3n","alternateName":"veredes","url":"https:\/\/veredes.es\/blog\/","logo":{"@type":"ImageObject","inLanguage":"es","@id":"https:\/\/veredes.es\/blog\/#\/schema\/logo\/image\/","url":"https:\/\/veredes.es\/blog\/wp-content\/uploads\/2021\/12\/veredes-logo-centrado_140x54.png","contentUrl":"https:\/\/veredes.es\/blog\/wp-content\/uploads\/2021\/12\/veredes-logo-centrado_140x54.png","width":140,"height":54,"caption":"veredes, arquitectura y divulgaci\u00f3n"},"image":{"@id":"https:\/\/veredes.es\/blog\/#\/schema\/logo\/image\/"},"sameAs":["https:\/\/www.facebook.com\/veredesArquitecturayDivulgacion\/","https:\/\/x.com\/veredes","https:\/\/instagram.com\/veredes\/","https:\/\/www.linkedin.com\/company\/veredes-arquitectura-y-divulgacion\/","https:\/\/es.pinterest.com\/veredes\/","https:\/\/www.tumblr.com\/veredes"]},{"@type":"Person","@id":"https:\/\/veredes.es\/blog\/#\/schema\/person\/d75d9abfee4af7f452f32c140a5aa176","name":"Ana Barreiro Blanco","image":{"@type":"ImageObject","inLanguage":"es","@id":"https:\/\/veredes.es\/blog\/wp-content\/uploads\/2023\/07\/cropped-ana-barreiro-blanco-96x96.jpg","url":"https:\/\/veredes.es\/blog\/wp-content\/uploads\/2023\/07\/cropped-ana-barreiro-blanco-96x96.jpg","contentUrl":"https:\/\/veredes.es\/blog\/wp-content\/uploads\/2023\/07\/cropped-ana-barreiro-blanco-96x96.jpg","caption":"Ana Barreiro Blanco"},"description":"Arquitecta y socia fundadora de gesti\u00f3n cultural taller abierto","sameAs":["https:\/\/tallerabierto.gal\/gl\/","https:\/\/www.facebook.com\/anabarreiroblanco\/","https:\/\/www.linkedin.com\/in\/anabarreiroblanco\/"],"url":"https:\/\/veredes.es\/blog\/author\/ana-barreiro-blanco\/"}]}},"_links":{"self":[{"href":"https:\/\/veredes.es\/blog\/wp-json\/wp\/v2\/posts\/55201","targetHints":{"allow":["GET"]}}],"collection":[{"href":"https:\/\/veredes.es\/blog\/wp-json\/wp\/v2\/posts"}],"about":[{"href":"https:\/\/veredes.es\/blog\/wp-json\/wp\/v2\/types\/post"}],"author":[{"embeddable":true,"href":"https:\/\/veredes.es\/blog\/wp-json\/wp\/v2\/users\/85"}],"replies":[{"embeddable":true,"href":"https:\/\/veredes.es\/blog\/wp-json\/wp\/v2\/comments?post=55201"}],"version-history":[{"count":0,"href":"https:\/\/veredes.es\/blog\/wp-json\/wp\/v2\/posts\/55201\/revisions"}],"wp:featuredmedia":[{"embeddable":true,"href":"https:\/\/veredes.es\/blog\/wp-json\/wp\/v2\/media\/55202"}],"wp:attachment":[{"href":"https:\/\/veredes.es\/blog\/wp-json\/wp\/v2\/media?parent=55201"}],"wp:term":[{"taxonomy":"category","embeddable":true,"href":"https:\/\/veredes.es\/blog\/wp-json\/wp\/v2\/categories?post=55201"},{"taxonomy":"post_tag","embeddable":true,"href":"https:\/\/veredes.es\/blog\/wp-json\/wp\/v2\/tags?post=55201"}],"curies":[{"name":"wp","href":"https:\/\/api.w.org\/{rel}","templated":true}]}}