{"id":54990,"date":"2015-08-24T06:05:01","date_gmt":"2015-08-24T04:05:01","guid":{"rendered":"http:\/\/veredes.es\/blog\/?p=54990"},"modified":"2021-04-16T10:05:53","modified_gmt":"2021-04-16T08:05:53","slug":"esquinazos-juan-creus","status":"publish","type":"post","link":"https:\/\/veredes.es\/blog\/esquinazos-juan-creus\/","title":{"rendered":"Esquinazos | Juan Creus"},"content":{"rendered":"<p><\/p>\n<p style=\"text-align: justify;\"><a href=\"https:\/\/veredes.es\/blog\/wp-content\/uploads\/2015\/05\/Esquinazos_P\u00e1gina_01.jpg\"><img loading=\"lazy\" decoding=\"async\" class=\"alignnone  wp-image-55012\" title=\"Esquinazos_P\u00e1gina_01\" src=\"https:\/\/veredes.es\/blog\/wp-content\/uploads\/2015\/05\/Esquinazos_P&aacute;gina_01.jpg\" alt=\"\" width=\"625\" height=\"625\" \/><\/a><\/p>\n<h3 style=\"text-align: justify;\"><strong>E<\/strong><\/h3>\n<p style=\"text-align: justify;\">El esquinazo es una forma de quebrar la realidad<\/p>\n<p style=\"text-align: justify;\">para reivindicar lecturas no lineales del espacio.<\/p>\n<h3 style=\"text-align: justify;\"><strong>S<\/strong><\/h3>\n<p style=\"text-align: justify;\">Recodos d\u00f3nde el h\u00e1bito, como corriente de uso, se<\/p>\n<p style=\"text-align: justify;\">separa y concentra en un lugar concreto: esquina.<\/p>\n<h3 style=\"text-align: justify;\"><strong>Q<\/strong><\/h3>\n<p style=\"text-align: justify;\">No son gestos, sino la expresi\u00f3n de nuevos rasgos<\/p>\n<p style=\"text-align: justify;\">de lo cotidiano introducidos como cortes e indicios.<\/p>\n<h3 style=\"text-align: justify;\"><strong>U<\/strong><\/h3>\n<p style=\"text-align: justify;\">Como una celebraci\u00f3n con la que nadie cuenta y que<\/p>\n<p style=\"text-align: justify;\">prescinde de un lenguaje considerado ejemplar.<\/p>\n<h3 style=\"text-align: justify;\"><strong>I<\/strong><\/h3>\n<p style=\"text-align: justify;\">Construcci\u00f3n que se posiciona, parte sobre parte,<\/p>\n<p style=\"text-align: justify;\">retazo sobre retazo, expresando ideas bien claras<\/p>\n<p style=\"text-align: justify;\">que hay detr\u00e1s de lo cotidiano.<\/p>\n<h3 style=\"text-align: justify;\"><strong>N<\/strong><\/h3>\n<p style=\"text-align: justify;\">Se trata de resumir acontecimientos de<\/p>\n<p style=\"text-align: justify;\">la vida. El significado de ese hallazgo.<\/p>\n<h3 style=\"text-align: justify;\"><strong>A<\/strong><\/h3>\n<p style=\"text-align: justify;\">Los monumentos tienen algo de eso, pero pierden<\/p>\n<p style=\"text-align: justify;\">inter\u00e9s cuando imponen una forma concreta a la realidad.<\/p>\n<h3 style=\"text-align: justify;\"><strong>Z<\/strong><\/h3>\n<p style=\"text-align: justify;\">Los esquinazos dejan cabos sueltos, con un discurso<\/p>\n<p style=\"text-align: justify;\">m\u00e1s elaborado y un lenguaje propio que despierta<\/p>\n<p style=\"text-align: justify;\">el inter\u00e9s del observador sobre el espacio ocupado.<\/p>\n<h3 style=\"text-align: justify;\"><strong>O<\/strong><\/h3>\n<p style=\"text-align: justify;\">Son una forma consustancial a la tradici\u00f3n como<\/p>\n<p style=\"text-align: justify;\">parte de su propia din\u00e1mica de cambio.<\/p>\n<h3 style=\"text-align: justify;\"><strong>S<\/strong><\/h3>\n<p style=\"text-align: justify;\">As\u00ed que existe en ellos un valor<\/p>\n<p style=\"text-align: justify;\">manifiesto de nueva permanencia.<\/p>\n<div id='gallery-1' class='gallery galleryid-54990 gallery-columns-4 gallery-size-thumbnail'><figure class='gallery-item'>\n\t\t\t<div class='gallery-icon landscape'>\n\t\t\t\t<a href='https:\/\/veredes.es\/blog\/wp-content\/uploads\/2015\/05\/Esquinazos_P\u00e1gina_01.jpg'><img loading=\"lazy\" decoding=\"async\" width=\"120\" height=\"120\" src=\"https:\/\/veredes.es\/blog\/wp-content\/uploads\/2015\/05\/Esquinazos_P\u00e1gina_01-150x150.jpg\" class=\"attachment-thumbnail size-thumbnail\" alt=\"\" srcset=\"https:\/\/veredes.es\/blog\/wp-content\/uploads\/2015\/05\/Esquinazos_P\u00e1gina_01-150x150.jpg 150w, https:\/\/veredes.es\/blog\/wp-content\/uploads\/2015\/05\/Esquinazos_P\u00e1gina_01-300x300.jpg 300w, https:\/\/veredes.es\/blog\/wp-content\/uploads\/2015\/05\/Esquinazos_P\u00e1gina_01-120x120.jpg 120w, https:\/\/veredes.es\/blog\/wp-content\/uploads\/2015\/05\/Esquinazos_P\u00e1gina_01.jpg 800w\" sizes=\"auto, (max-width: 120px) 100vw, 120px\" \/><\/a>\n\t\t\t<\/div><\/figure><figure class='gallery-item'>\n\t\t\t<div class='gallery-icon landscape'>\n\t\t\t\t<a href='https:\/\/veredes.es\/blog\/wp-content\/uploads\/2015\/05\/Esquinazos_P\u00e1gina_02.jpg'><img loading=\"lazy\" decoding=\"async\" width=\"120\" height=\"120\" src=\"https:\/\/veredes.es\/blog\/wp-content\/uploads\/2015\/05\/Esquinazos_P\u00e1gina_02-150x150.jpg\" class=\"attachment-thumbnail size-thumbnail\" alt=\"\" srcset=\"https:\/\/veredes.es\/blog\/wp-content\/uploads\/2015\/05\/Esquinazos_P\u00e1gina_02-150x150.jpg 150w, https:\/\/veredes.es\/blog\/wp-content\/uploads\/2015\/05\/Esquinazos_P\u00e1gina_02-300x300.jpg 300w, https:\/\/veredes.es\/blog\/wp-content\/uploads\/2015\/05\/Esquinazos_P\u00e1gina_02-120x120.jpg 120w, https:\/\/veredes.es\/blog\/wp-content\/uploads\/2015\/05\/Esquinazos_P\u00e1gina_02.jpg 800w\" sizes=\"auto, (max-width: 120px) 100vw, 120px\" \/><\/a>\n\t\t\t<\/div><\/figure><figure class='gallery-item'>\n\t\t\t<div class='gallery-icon landscape'>\n\t\t\t\t<a href='https:\/\/veredes.es\/blog\/wp-content\/uploads\/2015\/05\/Esquinazos_P\u00e1gina_03.jpg'><img loading=\"lazy\" decoding=\"async\" width=\"120\" height=\"120\" src=\"https:\/\/veredes.es\/blog\/wp-content\/uploads\/2015\/05\/Esquinazos_P\u00e1gina_03-150x150.jpg\" class=\"attachment-thumbnail size-thumbnail\" alt=\"\" srcset=\"https:\/\/veredes.es\/blog\/wp-content\/uploads\/2015\/05\/Esquinazos_P\u00e1gina_03-150x150.jpg 150w, https:\/\/veredes.es\/blog\/wp-content\/uploads\/2015\/05\/Esquinazos_P\u00e1gina_03-300x300.jpg 300w, https:\/\/veredes.es\/blog\/wp-content\/uploads\/2015\/05\/Esquinazos_P\u00e1gina_03-120x120.jpg 120w, https:\/\/veredes.es\/blog\/wp-content\/uploads\/2015\/05\/Esquinazos_P\u00e1gina_03.jpg 800w\" sizes=\"auto, (max-width: 120px) 100vw, 120px\" \/><\/a>\n\t\t\t<\/div><\/figure><figure class='gallery-item'>\n\t\t\t<div class='gallery-icon landscape'>\n\t\t\t\t<a href='https:\/\/veredes.es\/blog\/wp-content\/uploads\/2015\/05\/Esquinazos_P\u00e1gina_04.jpg'><img loading=\"lazy\" decoding=\"async\" width=\"120\" height=\"120\" src=\"https:\/\/veredes.es\/blog\/wp-content\/uploads\/2015\/05\/Esquinazos_P\u00e1gina_04-150x150.jpg\" class=\"attachment-thumbnail size-thumbnail\" alt=\"\" srcset=\"https:\/\/veredes.es\/blog\/wp-content\/uploads\/2015\/05\/Esquinazos_P\u00e1gina_04-150x150.jpg 150w, https:\/\/veredes.es\/blog\/wp-content\/uploads\/2015\/05\/Esquinazos_P\u00e1gina_04-300x300.jpg 300w, https:\/\/veredes.es\/blog\/wp-content\/uploads\/2015\/05\/Esquinazos_P\u00e1gina_04-120x120.jpg 120w, https:\/\/veredes.es\/blog\/wp-content\/uploads\/2015\/05\/Esquinazos_P\u00e1gina_04.jpg 800w\" sizes=\"auto, (max-width: 120px) 100vw, 120px\" \/><\/a>\n\t\t\t<\/div><\/figure><figure class='gallery-item'>\n\t\t\t<div class='gallery-icon landscape'>\n\t\t\t\t<a href='https:\/\/veredes.es\/blog\/wp-content\/uploads\/2015\/05\/Esquinazos_P\u00e1gina_05.jpg'><img loading=\"lazy\" decoding=\"async\" width=\"120\" height=\"120\" src=\"https:\/\/veredes.es\/blog\/wp-content\/uploads\/2015\/05\/Esquinazos_P\u00e1gina_05-150x150.jpg\" class=\"attachment-thumbnail size-thumbnail\" alt=\"\" srcset=\"https:\/\/veredes.es\/blog\/wp-content\/uploads\/2015\/05\/Esquinazos_P\u00e1gina_05-150x150.jpg 150w, https:\/\/veredes.es\/blog\/wp-content\/uploads\/2015\/05\/Esquinazos_P\u00e1gina_05-300x300.jpg 300w, https:\/\/veredes.es\/blog\/wp-content\/uploads\/2015\/05\/Esquinazos_P\u00e1gina_05-120x120.jpg 120w, https:\/\/veredes.es\/blog\/wp-content\/uploads\/2015\/05\/Esquinazos_P\u00e1gina_05.jpg 800w\" sizes=\"auto, (max-width: 120px) 100vw, 120px\" \/><\/a>\n\t\t\t<\/div><\/figure><figure class='gallery-item'>\n\t\t\t<div class='gallery-icon landscape'>\n\t\t\t\t<a href='https:\/\/veredes.es\/blog\/wp-content\/uploads\/2015\/05\/Esquinazos_P\u00e1gina_06.jpg'><img loading=\"lazy\" decoding=\"async\" width=\"120\" height=\"120\" src=\"https:\/\/veredes.es\/blog\/wp-content\/uploads\/2015\/05\/Esquinazos_P\u00e1gina_06-150x150.jpg\" class=\"attachment-thumbnail size-thumbnail\" alt=\"\" srcset=\"https:\/\/veredes.es\/blog\/wp-content\/uploads\/2015\/05\/Esquinazos_P\u00e1gina_06-150x150.jpg 150w, https:\/\/veredes.es\/blog\/wp-content\/uploads\/2015\/05\/Esquinazos_P\u00e1gina_06-300x300.jpg 300w, https:\/\/veredes.es\/blog\/wp-content\/uploads\/2015\/05\/Esquinazos_P\u00e1gina_06-120x120.jpg 120w, https:\/\/veredes.es\/blog\/wp-content\/uploads\/2015\/05\/Esquinazos_P\u00e1gina_06.jpg 800w\" sizes=\"auto, (max-width: 120px) 100vw, 120px\" \/><\/a>\n\t\t\t<\/div><\/figure><figure class='gallery-item'>\n\t\t\t<div class='gallery-icon landscape'>\n\t\t\t\t<a href='https:\/\/veredes.es\/blog\/wp-content\/uploads\/2015\/05\/Esquinazos_P\u00e1gina_07.jpg'><img loading=\"lazy\" decoding=\"async\" width=\"120\" height=\"120\" src=\"https:\/\/veredes.es\/blog\/wp-content\/uploads\/2015\/05\/Esquinazos_P\u00e1gina_07-150x150.jpg\" class=\"attachment-thumbnail size-thumbnail\" alt=\"\" srcset=\"https:\/\/veredes.es\/blog\/wp-content\/uploads\/2015\/05\/Esquinazos_P\u00e1gina_07-150x150.jpg 150w, https:\/\/veredes.es\/blog\/wp-content\/uploads\/2015\/05\/Esquinazos_P\u00e1gina_07-300x300.jpg 300w, https:\/\/veredes.es\/blog\/wp-content\/uploads\/2015\/05\/Esquinazos_P\u00e1gina_07-120x120.jpg 120w, https:\/\/veredes.es\/blog\/wp-content\/uploads\/2015\/05\/Esquinazos_P\u00e1gina_07.jpg 800w\" sizes=\"auto, (max-width: 120px) 100vw, 120px\" \/><\/a>\n\t\t\t<\/div><\/figure><figure class='gallery-item'>\n\t\t\t<div class='gallery-icon landscape'>\n\t\t\t\t<a href='https:\/\/veredes.es\/blog\/wp-content\/uploads\/2015\/05\/Esquinazos_P\u00e1gina_08.jpg'><img loading=\"lazy\" decoding=\"async\" width=\"120\" height=\"120\" src=\"https:\/\/veredes.es\/blog\/wp-content\/uploads\/2015\/05\/Esquinazos_P\u00e1gina_08-150x150.jpg\" class=\"attachment-thumbnail size-thumbnail\" alt=\"\" srcset=\"https:\/\/veredes.es\/blog\/wp-content\/uploads\/2015\/05\/Esquinazos_P\u00e1gina_08-150x150.jpg 150w, https:\/\/veredes.es\/blog\/wp-content\/uploads\/2015\/05\/Esquinazos_P\u00e1gina_08-300x300.jpg 300w, https:\/\/veredes.es\/blog\/wp-content\/uploads\/2015\/05\/Esquinazos_P\u00e1gina_08-120x120.jpg 120w, https:\/\/veredes.es\/blog\/wp-content\/uploads\/2015\/05\/Esquinazos_P\u00e1gina_08.jpg 800w\" sizes=\"auto, (max-width: 120px) 100vw, 120px\" \/><\/a>\n\t\t\t<\/div><\/figure><figure class='gallery-item'>\n\t\t\t<div class='gallery-icon landscape'>\n\t\t\t\t<a href='https:\/\/veredes.es\/blog\/wp-content\/uploads\/2015\/05\/Esquinazos_P\u00e1gina_09.jpg'><img loading=\"lazy\" decoding=\"async\" width=\"120\" height=\"120\" src=\"https:\/\/veredes.es\/blog\/wp-content\/uploads\/2015\/05\/Esquinazos_P\u00e1gina_09-150x150.jpg\" class=\"attachment-thumbnail size-thumbnail\" alt=\"\" srcset=\"https:\/\/veredes.es\/blog\/wp-content\/uploads\/2015\/05\/Esquinazos_P\u00e1gina_09-150x150.jpg 150w, https:\/\/veredes.es\/blog\/wp-content\/uploads\/2015\/05\/Esquinazos_P\u00e1gina_09-300x300.jpg 300w, https:\/\/veredes.es\/blog\/wp-content\/uploads\/2015\/05\/Esquinazos_P\u00e1gina_09-120x120.jpg 120w, https:\/\/veredes.es\/blog\/wp-content\/uploads\/2015\/05\/Esquinazos_P\u00e1gina_09.jpg 800w\" sizes=\"auto, (max-width: 120px) 100vw, 120px\" \/><\/a>\n\t\t\t<\/div><\/figure><figure class='gallery-item'>\n\t\t\t<div class='gallery-icon landscape'>\n\t\t\t\t<a href='https:\/\/veredes.es\/blog\/wp-content\/uploads\/2015\/05\/Esquinazos_P\u00e1gina_10.jpg'><img loading=\"lazy\" decoding=\"async\" width=\"120\" height=\"120\" src=\"https:\/\/veredes.es\/blog\/wp-content\/uploads\/2015\/05\/Esquinazos_P\u00e1gina_10-150x150.jpg\" class=\"attachment-thumbnail size-thumbnail\" alt=\"\" srcset=\"https:\/\/veredes.es\/blog\/wp-content\/uploads\/2015\/05\/Esquinazos_P\u00e1gina_10-150x150.jpg 150w, https:\/\/veredes.es\/blog\/wp-content\/uploads\/2015\/05\/Esquinazos_P\u00e1gina_10-300x300.jpg 300w, https:\/\/veredes.es\/blog\/wp-content\/uploads\/2015\/05\/Esquinazos_P\u00e1gina_10-120x120.jpg 120w, https:\/\/veredes.es\/blog\/wp-content\/uploads\/2015\/05\/Esquinazos_P\u00e1gina_10.jpg 800w\" sizes=\"auto, (max-width: 120px) 100vw, 120px\" \/><\/a>\n\t\t\t<\/div><\/figure><figure class='gallery-item'>\n\t\t\t<div class='gallery-icon landscape'>\n\t\t\t\t<a href='https:\/\/veredes.es\/blog\/wp-content\/uploads\/2015\/05\/Esquinazos_P\u00e1gina_11.jpg'><img loading=\"lazy\" decoding=\"async\" width=\"120\" height=\"120\" src=\"https:\/\/veredes.es\/blog\/wp-content\/uploads\/2015\/05\/Esquinazos_P\u00e1gina_11-150x150.jpg\" class=\"attachment-thumbnail size-thumbnail\" alt=\"\" srcset=\"https:\/\/veredes.es\/blog\/wp-content\/uploads\/2015\/05\/Esquinazos_P\u00e1gina_11-150x150.jpg 150w, https:\/\/veredes.es\/blog\/wp-content\/uploads\/2015\/05\/Esquinazos_P\u00e1gina_11-300x300.jpg 300w, https:\/\/veredes.es\/blog\/wp-content\/uploads\/2015\/05\/Esquinazos_P\u00e1gina_11-120x120.jpg 120w, https:\/\/veredes.es\/blog\/wp-content\/uploads\/2015\/05\/Esquinazos_P\u00e1gina_11.jpg 800w\" sizes=\"auto, (max-width: 120px) 100vw, 120px\" \/><\/a>\n\t\t\t<\/div><\/figure>\n\t\t<\/div>\n\n<p style=\"text-align: justify;\">Juan Creus \u00b7 Doctor arquitecto<br \/>\na coru\u00f1a \u00b7 junio 2015<\/p>\n<p><\/p>","protected":false},"excerpt":{"rendered":"<p>E El esquinazo es una forma de quebrar la realidad para reivindicar lecturas no lineales del espacio. S Recodos d\u00f3nde el h\u00e1bito, como corriente de uso, se separa y concentra en un lugar concreto: esquina. Q No son gestos, sino la expresi\u00f3n de nuevos rasgos de lo cotidiano introducidos como cortes e indicios. U Como [&hellip;]<\/p>\n","protected":false},"author":20,"featured_media":55012,"comment_status":"open","ping_status":"closed","sticky":false,"template":"","format":"standard","meta":{"footnotes":""},"categories":[5934,5951],"tags":[318,3888,688,3053,4416,1884,1865,1241,1345],"class_list":{"0":"post-54990","1":"post","2":"type-post","3":"status-publish","4":"format-standard","5":"has-post-thumbnail","7":"category-articulos","8":"category-slider-principal","9":"tag-ciudad","10":"tag-creusecarrasco-arquitectos","11":"tag-idea","12":"tag-juan-creus-andrade","13":"tag-realidad","14":"tag-realidad-urbana","15":"tag-reflexion","16":"tag-sociedad","17":"tag-vida"},"yoast_head":"<!-- This site is optimized with the Yoast SEO plugin v27.4 - https:\/\/yoast.com\/product\/yoast-seo-wordpress\/ -->\n<title>Esquinazos | Juan Creus<\/title>\n<meta name=\"description\" content=\"Esquinazos\" \/>\n<meta name=\"robots\" content=\"index, follow, max-snippet:-1, max-image-preview:large, max-video-preview:-1\" \/>\n<link rel=\"canonical\" href=\"https:\/\/veredes.es\/blog\/esquinazos-juan-creus\/\" \/>\n<meta property=\"og:locale\" content=\"es_ES\" \/>\n<meta property=\"og:type\" content=\"article\" \/>\n<meta property=\"og:title\" content=\"Esquinazos | Juan Creus\" \/>\n<meta property=\"og:description\" content=\"Esquinazos\" \/>\n<meta property=\"og:url\" content=\"https:\/\/veredes.es\/blog\/esquinazos-juan-creus\/\" \/>\n<meta property=\"og:site_name\" content=\"veredes, arquitectura y divulgaci\u00f3n\" \/>\n<meta property=\"article:publisher\" content=\"https:\/\/www.facebook.com\/veredesArquitecturayDivulgacion\/\" \/>\n<meta property=\"article:author\" content=\"https:\/\/www.facebook.com\/creusecarrasco\" \/>\n<meta property=\"article:published_time\" content=\"2015-08-24T04:05:01+00:00\" \/>\n<meta property=\"article:modified_time\" content=\"2021-04-16T08:05:53+00:00\" \/>\n<meta property=\"og:image\" content=\"https:\/\/veredes.es\/blog\/wp-content\/uploads\/2015\/05\/Esquinazos_P\u00e1gina_01.jpg\" \/>\n\t<meta property=\"og:image:width\" content=\"800\" \/>\n\t<meta property=\"og:image:height\" content=\"800\" \/>\n\t<meta property=\"og:image:type\" content=\"image\/jpeg\" \/>\n<meta name=\"author\" content=\"Creus e Carrasco\" \/>\n<meta name=\"twitter:card\" content=\"summary_large_image\" \/>\n<meta name=\"twitter:creator\" content=\"@https:\/\/twitter.com\/CREUSeCARRASCO\" \/>\n<meta name=\"twitter:site\" content=\"@veredes\" \/>\n<meta name=\"twitter:label1\" content=\"Escrito por\" \/>\n\t<meta name=\"twitter:data1\" content=\"Creus e Carrasco\" \/>\n\t<meta name=\"twitter:label2\" content=\"Tiempo de lectura\" \/>\n\t<meta name=\"twitter:data2\" content=\"3 minutos\" \/>\n<script type=\"application\/ld+json\" class=\"yoast-schema-graph\">{\"@context\":\"https:\\\/\\\/schema.org\",\"@graph\":[{\"@type\":\"Article\",\"@id\":\"https:\\\/\\\/veredes.es\\\/blog\\\/esquinazos-juan-creus\\\/#article\",\"isPartOf\":{\"@id\":\"https:\\\/\\\/veredes.es\\\/blog\\\/esquinazos-juan-creus\\\/\"},\"author\":{\"name\":\"Creus e Carrasco\",\"@id\":\"https:\\\/\\\/veredes.es\\\/blog\\\/#\\\/schema\\\/person\\\/1712391ff290e354e6810dddf1e898c1\"},\"headline\":\"Esquinazos | Juan Creus\",\"datePublished\":\"2015-08-24T04:05:01+00:00\",\"dateModified\":\"2021-04-16T08:05:53+00:00\",\"mainEntityOfPage\":{\"@id\":\"https:\\\/\\\/veredes.es\\\/blog\\\/esquinazos-juan-creus\\\/\"},\"wordCount\":595,\"commentCount\":0,\"publisher\":{\"@id\":\"https:\\\/\\\/veredes.es\\\/blog\\\/#organization\"},\"image\":{\"@id\":\"https:\\\/\\\/veredes.es\\\/blog\\\/esquinazos-juan-creus\\\/#primaryimage\"},\"thumbnailUrl\":\"https:\\\/\\\/veredes.es\\\/blog\\\/wp-content\\\/uploads\\\/2015\\\/05\\\/Esquinazos_P\u00e1gina_01.jpg\",\"keywords\":[\"ciudad\",\"CREUSeCARRASCO arquitectos\",\"idea\",\"Juan Creus Andrade\",\"realidad\",\"realidad urbana\",\"reflexi\u00f3n\",\"sociedad\",\"vida\"],\"articleSection\":[\"art\u00edculos\",\"slider principal\"],\"inLanguage\":\"es\",\"potentialAction\":[{\"@type\":\"CommentAction\",\"name\":\"Comment\",\"target\":[\"https:\\\/\\\/veredes.es\\\/blog\\\/esquinazos-juan-creus\\\/#respond\"]}]},{\"@type\":\"WebPage\",\"@id\":\"https:\\\/\\\/veredes.es\\\/blog\\\/esquinazos-juan-creus\\\/\",\"url\":\"https:\\\/\\\/veredes.es\\\/blog\\\/esquinazos-juan-creus\\\/\",\"name\":\"Esquinazos | Juan Creus\",\"isPartOf\":{\"@id\":\"https:\\\/\\\/veredes.es\\\/blog\\\/#website\"},\"primaryImageOfPage\":{\"@id\":\"https:\\\/\\\/veredes.es\\\/blog\\\/esquinazos-juan-creus\\\/#primaryimage\"},\"image\":{\"@id\":\"https:\\\/\\\/veredes.es\\\/blog\\\/esquinazos-juan-creus\\\/#primaryimage\"},\"thumbnailUrl\":\"https:\\\/\\\/veredes.es\\\/blog\\\/wp-content\\\/uploads\\\/2015\\\/05\\\/Esquinazos_P\u00e1gina_01.jpg\",\"datePublished\":\"2015-08-24T04:05:01+00:00\",\"dateModified\":\"2021-04-16T08:05:53+00:00\",\"description\":\"Esquinazos\",\"breadcrumb\":{\"@id\":\"https:\\\/\\\/veredes.es\\\/blog\\\/esquinazos-juan-creus\\\/#breadcrumb\"},\"inLanguage\":\"es\",\"potentialAction\":[{\"@type\":\"ReadAction\",\"target\":[\"https:\\\/\\\/veredes.es\\\/blog\\\/esquinazos-juan-creus\\\/\"]}]},{\"@type\":\"ImageObject\",\"inLanguage\":\"es\",\"@id\":\"https:\\\/\\\/veredes.es\\\/blog\\\/esquinazos-juan-creus\\\/#primaryimage\",\"url\":\"https:\\\/\\\/veredes.es\\\/blog\\\/wp-content\\\/uploads\\\/2015\\\/05\\\/Esquinazos_P\u00e1gina_01.jpg\",\"contentUrl\":\"https:\\\/\\\/veredes.es\\\/blog\\\/wp-content\\\/uploads\\\/2015\\\/05\\\/Esquinazos_P\u00e1gina_01.jpg\",\"width\":\"800\",\"height\":\"800\"},{\"@type\":\"BreadcrumbList\",\"@id\":\"https:\\\/\\\/veredes.es\\\/blog\\\/esquinazos-juan-creus\\\/#breadcrumb\",\"itemListElement\":[{\"@type\":\"ListItem\",\"position\":1,\"name\":\"Portada\",\"item\":\"https:\\\/\\\/veredes.es\\\/blog\\\/\"},{\"@type\":\"ListItem\",\"position\":2,\"name\":\"Esquinazos | Juan Creus\"}]},{\"@type\":\"WebSite\",\"@id\":\"https:\\\/\\\/veredes.es\\\/blog\\\/#website\",\"url\":\"https:\\\/\\\/veredes.es\\\/blog\\\/\",\"name\":\"veredes, arquitectura y divulgaci\u00f3n\",\"description\":\"veredes\",\"publisher\":{\"@id\":\"https:\\\/\\\/veredes.es\\\/blog\\\/#organization\"},\"alternateName\":\"veredes\",\"potentialAction\":[{\"@type\":\"SearchAction\",\"target\":{\"@type\":\"EntryPoint\",\"urlTemplate\":\"https:\\\/\\\/veredes.es\\\/blog\\\/?s={search_term_string}\"},\"query-input\":{\"@type\":\"PropertyValueSpecification\",\"valueRequired\":true,\"valueName\":\"search_term_string\"}}],\"inLanguage\":\"es\"},{\"@type\":\"Organization\",\"@id\":\"https:\\\/\\\/veredes.es\\\/blog\\\/#organization\",\"name\":\"veredes, arquitectura y divulgaci\u00f3n\",\"alternateName\":\"veredes\",\"url\":\"https:\\\/\\\/veredes.es\\\/blog\\\/\",\"logo\":{\"@type\":\"ImageObject\",\"inLanguage\":\"es\",\"@id\":\"https:\\\/\\\/veredes.es\\\/blog\\\/#\\\/schema\\\/logo\\\/image\\\/\",\"url\":\"https:\\\/\\\/veredes.es\\\/blog\\\/wp-content\\\/uploads\\\/2021\\\/12\\\/veredes-logo-centrado_140x54.png\",\"contentUrl\":\"https:\\\/\\\/veredes.es\\\/blog\\\/wp-content\\\/uploads\\\/2021\\\/12\\\/veredes-logo-centrado_140x54.png\",\"width\":140,\"height\":54,\"caption\":\"veredes, arquitectura y divulgaci\u00f3n\"},\"image\":{\"@id\":\"https:\\\/\\\/veredes.es\\\/blog\\\/#\\\/schema\\\/logo\\\/image\\\/\"},\"sameAs\":[\"https:\\\/\\\/www.facebook.com\\\/veredesArquitecturayDivulgacion\\\/\",\"https:\\\/\\\/x.com\\\/veredes\",\"https:\\\/\\\/instagram.com\\\/veredes\\\/\",\"https:\\\/\\\/www.linkedin.com\\\/company\\\/veredes-arquitectura-y-divulgacion\\\/\",\"https:\\\/\\\/es.pinterest.com\\\/veredes\\\/\",\"https:\\\/\\\/www.tumblr.com\\\/veredes\"]},{\"@type\":\"Person\",\"@id\":\"https:\\\/\\\/veredes.es\\\/blog\\\/#\\\/schema\\\/person\\\/1712391ff290e354e6810dddf1e898c1\",\"name\":\"Creus e Carrasco\",\"image\":{\"@type\":\"ImageObject\",\"inLanguage\":\"es\",\"@id\":\"https:\\\/\\\/veredes.es\\\/blog\\\/wp-content\\\/uploads\\\/2018\\\/04\\\/Creus-e-Carrasco-96x96.jpeg\",\"url\":\"https:\\\/\\\/veredes.es\\\/blog\\\/wp-content\\\/uploads\\\/2018\\\/04\\\/Creus-e-Carrasco-96x96.jpeg\",\"contentUrl\":\"https:\\\/\\\/veredes.es\\\/blog\\\/wp-content\\\/uploads\\\/2018\\\/04\\\/Creus-e-Carrasco-96x96.jpeg\",\"caption\":\"Creus e Carrasco\"},\"description\":\"Juan Creus Andrade . C\u00e9e (La Coru\u00f1a), 1966. ETSAC 1992. Premio Extraordinario. Doctor Arquitecto. Profesor ETSA y EICCP La Coru\u00f1a desde 1996, Departamento de Proxectos Arquitect\u00f3nicos y Urbanismo UDC. Miembro de la Secci\u00f3n de Arquitectura del Consello da Cultura Galega desde enero de 2007. Co-Director de la revista O Monograf\u00edas. Covadonga Carrasco L\u00f3pez Ribadeo (Lugo), 1965. ETSAC 1993. Premio Isover Fin de Carrera. Miembro del Aula de Rehabilitaci\u00f3n del Casco Hist\u00f3rico de Santiago de Compostela, 1997. Ambos son miembros fundadores del colectivo \u201cO Cerne da Deboura\u201d implicado en la realizaci\u00f3n de estudios para la recuperaci\u00f3n del patrimonio abandonado (1988-1993). Editan RESINA (REvista de los Seres sIN Arquitectura) a trav\u00e9s de su web y en formato caja de fichas.\",\"sameAs\":[\"https:\\\/\\\/www.creusecarrasco.com\\\/\",\"https:\\\/\\\/www.facebook.com\\\/creusecarrasco\",\"https:\\\/\\\/www.instagram.com\\\/creusecarrasco\\\/\",\"https:\\\/\\\/www.linkedin.com\\\/company\\\/creusecarrasco-arquitectos-slne\\\/about\\\/\",\"https:\\\/\\\/x.com\\\/https:\\\/\\\/twitter.com\\\/CREUSeCARRASCO\"],\"url\":\"https:\\\/\\\/veredes.es\\\/blog\\\/author\\\/creus-e-carrasco\\\/\"}]}<\/script>\n<!-- \/ Yoast SEO plugin. -->","yoast_head_json":{"title":"Esquinazos | Juan Creus","description":"Esquinazos","robots":{"index":"index","follow":"follow","max-snippet":"max-snippet:-1","max-image-preview":"max-image-preview:large","max-video-preview":"max-video-preview:-1"},"canonical":"https:\/\/veredes.es\/blog\/esquinazos-juan-creus\/","og_locale":"es_ES","og_type":"article","og_title":"Esquinazos | Juan Creus","og_description":"Esquinazos","og_url":"https:\/\/veredes.es\/blog\/esquinazos-juan-creus\/","og_site_name":"veredes, arquitectura y divulgaci\u00f3n","article_publisher":"https:\/\/www.facebook.com\/veredesArquitecturayDivulgacion\/","article_author":"https:\/\/www.facebook.com\/creusecarrasco","article_published_time":"2015-08-24T04:05:01+00:00","article_modified_time":"2021-04-16T08:05:53+00:00","og_image":[{"width":800,"height":800,"url":"https:\/\/veredes.es\/blog\/wp-content\/uploads\/2015\/05\/Esquinazos_P\u00e1gina_01.jpg","type":"image\/jpeg"}],"author":"Creus e Carrasco","twitter_card":"summary_large_image","twitter_creator":"@https:\/\/twitter.com\/CREUSeCARRASCO","twitter_site":"@veredes","twitter_misc":{"Escrito por":"Creus e Carrasco","Tiempo de lectura":"3 minutos"},"schema":{"@context":"https:\/\/schema.org","@graph":[{"@type":"Article","@id":"https:\/\/veredes.es\/blog\/esquinazos-juan-creus\/#article","isPartOf":{"@id":"https:\/\/veredes.es\/blog\/esquinazos-juan-creus\/"},"author":{"name":"Creus e Carrasco","@id":"https:\/\/veredes.es\/blog\/#\/schema\/person\/1712391ff290e354e6810dddf1e898c1"},"headline":"Esquinazos | Juan Creus","datePublished":"2015-08-24T04:05:01+00:00","dateModified":"2021-04-16T08:05:53+00:00","mainEntityOfPage":{"@id":"https:\/\/veredes.es\/blog\/esquinazos-juan-creus\/"},"wordCount":595,"commentCount":0,"publisher":{"@id":"https:\/\/veredes.es\/blog\/#organization"},"image":{"@id":"https:\/\/veredes.es\/blog\/esquinazos-juan-creus\/#primaryimage"},"thumbnailUrl":"https:\/\/veredes.es\/blog\/wp-content\/uploads\/2015\/05\/Esquinazos_P\u00e1gina_01.jpg","keywords":["ciudad","CREUSeCARRASCO arquitectos","idea","Juan Creus Andrade","realidad","realidad urbana","reflexi\u00f3n","sociedad","vida"],"articleSection":["art\u00edculos","slider principal"],"inLanguage":"es","potentialAction":[{"@type":"CommentAction","name":"Comment","target":["https:\/\/veredes.es\/blog\/esquinazos-juan-creus\/#respond"]}]},{"@type":"WebPage","@id":"https:\/\/veredes.es\/blog\/esquinazos-juan-creus\/","url":"https:\/\/veredes.es\/blog\/esquinazos-juan-creus\/","name":"Esquinazos | Juan Creus","isPartOf":{"@id":"https:\/\/veredes.es\/blog\/#website"},"primaryImageOfPage":{"@id":"https:\/\/veredes.es\/blog\/esquinazos-juan-creus\/#primaryimage"},"image":{"@id":"https:\/\/veredes.es\/blog\/esquinazos-juan-creus\/#primaryimage"},"thumbnailUrl":"https:\/\/veredes.es\/blog\/wp-content\/uploads\/2015\/05\/Esquinazos_P\u00e1gina_01.jpg","datePublished":"2015-08-24T04:05:01+00:00","dateModified":"2021-04-16T08:05:53+00:00","description":"Esquinazos","breadcrumb":{"@id":"https:\/\/veredes.es\/blog\/esquinazos-juan-creus\/#breadcrumb"},"inLanguage":"es","potentialAction":[{"@type":"ReadAction","target":["https:\/\/veredes.es\/blog\/esquinazos-juan-creus\/"]}]},{"@type":"ImageObject","inLanguage":"es","@id":"https:\/\/veredes.es\/blog\/esquinazos-juan-creus\/#primaryimage","url":"https:\/\/veredes.es\/blog\/wp-content\/uploads\/2015\/05\/Esquinazos_P\u00e1gina_01.jpg","contentUrl":"https:\/\/veredes.es\/blog\/wp-content\/uploads\/2015\/05\/Esquinazos_P\u00e1gina_01.jpg","width":"800","height":"800"},{"@type":"BreadcrumbList","@id":"https:\/\/veredes.es\/blog\/esquinazos-juan-creus\/#breadcrumb","itemListElement":[{"@type":"ListItem","position":1,"name":"Portada","item":"https:\/\/veredes.es\/blog\/"},{"@type":"ListItem","position":2,"name":"Esquinazos | Juan Creus"}]},{"@type":"WebSite","@id":"https:\/\/veredes.es\/blog\/#website","url":"https:\/\/veredes.es\/blog\/","name":"veredes, arquitectura y divulgaci\u00f3n","description":"veredes","publisher":{"@id":"https:\/\/veredes.es\/blog\/#organization"},"alternateName":"veredes","potentialAction":[{"@type":"SearchAction","target":{"@type":"EntryPoint","urlTemplate":"https:\/\/veredes.es\/blog\/?s={search_term_string}"},"query-input":{"@type":"PropertyValueSpecification","valueRequired":true,"valueName":"search_term_string"}}],"inLanguage":"es"},{"@type":"Organization","@id":"https:\/\/veredes.es\/blog\/#organization","name":"veredes, arquitectura y divulgaci\u00f3n","alternateName":"veredes","url":"https:\/\/veredes.es\/blog\/","logo":{"@type":"ImageObject","inLanguage":"es","@id":"https:\/\/veredes.es\/blog\/#\/schema\/logo\/image\/","url":"https:\/\/veredes.es\/blog\/wp-content\/uploads\/2021\/12\/veredes-logo-centrado_140x54.png","contentUrl":"https:\/\/veredes.es\/blog\/wp-content\/uploads\/2021\/12\/veredes-logo-centrado_140x54.png","width":140,"height":54,"caption":"veredes, arquitectura y divulgaci\u00f3n"},"image":{"@id":"https:\/\/veredes.es\/blog\/#\/schema\/logo\/image\/"},"sameAs":["https:\/\/www.facebook.com\/veredesArquitecturayDivulgacion\/","https:\/\/x.com\/veredes","https:\/\/instagram.com\/veredes\/","https:\/\/www.linkedin.com\/company\/veredes-arquitectura-y-divulgacion\/","https:\/\/es.pinterest.com\/veredes\/","https:\/\/www.tumblr.com\/veredes"]},{"@type":"Person","@id":"https:\/\/veredes.es\/blog\/#\/schema\/person\/1712391ff290e354e6810dddf1e898c1","name":"Creus e Carrasco","image":{"@type":"ImageObject","inLanguage":"es","@id":"https:\/\/veredes.es\/blog\/wp-content\/uploads\/2018\/04\/Creus-e-Carrasco-96x96.jpeg","url":"https:\/\/veredes.es\/blog\/wp-content\/uploads\/2018\/04\/Creus-e-Carrasco-96x96.jpeg","contentUrl":"https:\/\/veredes.es\/blog\/wp-content\/uploads\/2018\/04\/Creus-e-Carrasco-96x96.jpeg","caption":"Creus e Carrasco"},"description":"Juan Creus Andrade . C\u00e9e (La Coru\u00f1a), 1966. ETSAC 1992. Premio Extraordinario. Doctor Arquitecto. Profesor ETSA y EICCP La Coru\u00f1a desde 1996, Departamento de Proxectos Arquitect\u00f3nicos y Urbanismo UDC. Miembro de la Secci\u00f3n de Arquitectura del Consello da Cultura Galega desde enero de 2007. Co-Director de la revista O Monograf\u00edas. Covadonga Carrasco L\u00f3pez Ribadeo (Lugo), 1965. ETSAC 1993. Premio Isover Fin de Carrera. Miembro del Aula de Rehabilitaci\u00f3n del Casco Hist\u00f3rico de Santiago de Compostela, 1997. Ambos son miembros fundadores del colectivo \u201cO Cerne da Deboura\u201d implicado en la realizaci\u00f3n de estudios para la recuperaci\u00f3n del patrimonio abandonado (1988-1993). Editan RESINA (REvista de los Seres sIN Arquitectura) a trav\u00e9s de su web y en formato caja de fichas.","sameAs":["https:\/\/www.creusecarrasco.com\/","https:\/\/www.facebook.com\/creusecarrasco","https:\/\/www.instagram.com\/creusecarrasco\/","https:\/\/www.linkedin.com\/company\/creusecarrasco-arquitectos-slne\/about\/","https:\/\/x.com\/https:\/\/twitter.com\/CREUSeCARRASCO"],"url":"https:\/\/veredes.es\/blog\/author\/creus-e-carrasco\/"}]}},"_links":{"self":[{"href":"https:\/\/veredes.es\/blog\/wp-json\/wp\/v2\/posts\/54990","targetHints":{"allow":["GET"]}}],"collection":[{"href":"https:\/\/veredes.es\/blog\/wp-json\/wp\/v2\/posts"}],"about":[{"href":"https:\/\/veredes.es\/blog\/wp-json\/wp\/v2\/types\/post"}],"author":[{"embeddable":true,"href":"https:\/\/veredes.es\/blog\/wp-json\/wp\/v2\/users\/20"}],"replies":[{"embeddable":true,"href":"https:\/\/veredes.es\/blog\/wp-json\/wp\/v2\/comments?post=54990"}],"version-history":[{"count":0,"href":"https:\/\/veredes.es\/blog\/wp-json\/wp\/v2\/posts\/54990\/revisions"}],"wp:featuredmedia":[{"embeddable":true,"href":"https:\/\/veredes.es\/blog\/wp-json\/wp\/v2\/media\/55012"}],"wp:attachment":[{"href":"https:\/\/veredes.es\/blog\/wp-json\/wp\/v2\/media?parent=54990"}],"wp:term":[{"taxonomy":"category","embeddable":true,"href":"https:\/\/veredes.es\/blog\/wp-json\/wp\/v2\/categories?post=54990"},{"taxonomy":"post_tag","embeddable":true,"href":"https:\/\/veredes.es\/blog\/wp-json\/wp\/v2\/tags?post=54990"}],"curies":[{"name":"wp","href":"https:\/\/api.w.org\/{rel}","templated":true}]}}