{"id":50096,"date":"2015-02-19T06:03:34","date_gmt":"2015-02-19T06:03:34","guid":{"rendered":"http:\/\/veredes.es\/blog\/?p=50096"},"modified":"2022-04-19T19:18:42","modified_gmt":"2022-04-19T17:18:42","slug":"biarch-open-lectures-smiljan-radic-un-ruido-naranjo","status":"publish","type":"post","link":"https:\/\/veredes.es\/blog\/biarch-open-lectures-smiljan-radic-un-ruido-naranjo\/","title":{"rendered":"BIArch Open Lectures: Smiljan Radic \u00abUn Ruido Naranjo\u00bb"},"content":{"rendered":"<p><\/p>\n<p style=\"text-align: justify;\">Primera conferencia del BIARCH, realizada por el arquitecto chileno Smiljan Radic.<\/p>\n<p><iframe loading=\"lazy\" title=\"BIArch Open Lectures: Smiljan Radic &amp;quot;Un Ruido Naranjo&amp;quot;\" src=\"https:\/\/player.vimeo.com\/video\/8736244?h=2be20f96bd&amp;dnt=1&amp;app_id=122963\" width=\"640\" height=\"360\" frameborder=\"0\" allow=\"autoplay; fullscreen; picture-in-picture\" allowfullscreen><\/iframe><\/p>\n<p style=\"text-align: justify;\">Smiljan Radic nace en Santiago, como hijo del matrimonio formado por Smiljan Radic Piraino y Cora Mar\u00eda Clarke Ram\u00edrez, obtuvo el t\u00edtulo de arquitecto por la Escuela de Arquitectura de la Pontificia Universidad Cat\u00f3lica de Chile en 1989. Despu\u00e9s curs\u00f3 estudios de Est\u00e9tica en el Istitutto Universitario di Archittetura de Venezia, Italia (1990-1992). En 1994 gan\u00f3 el concurso internacional Plat\u00eda Elefter\u00eda, en Iraklio, Creta, y se asoci\u00f3 con Nicolas Skutelis y Flavio Zanon para su desarrollo y construcci\u00f3n.<\/p>\n<p style=\"text-align: justify;\">En 2000 gan\u00f3 el concurso para el barrio c\u00edvico en Concepci\u00f3n, Chile, un proyecto que le vali\u00f3 el premio al mejor arquitecto chileno menor de 35 a\u00f1os del Colegio de Arquitectos de Chile en 2001.<\/p>\n<p style=\"text-align: justify;\">Ha impartido numerosas conferencias y su obra ha sido objeto de exposiciones en M\u00e9xico, Argentina, Espa\u00f1a, Estados Unidos, Noruega, y Austria. Sus proyectos han sido publicados en revistas de arquitectura interenacionales como 2G, Revista Internacional de Arquitectura, a+u, ARQ, Casabella, Detail, Lotus y Quaderns d&#8217; Arquitectura i Urbanisme, y ha sido recogida en dos cat\u00e1logos monogr\u00e1ficos publicados en Espa\u00f1a por la Escuela T\u00e9cnico Superior de la Universidad de Navarra y en Chile por Ediciones ARQ. En 2007 fue profesor invitado en la University of Texas y actualmente trabaja en su estudio en Santiago de Chile.<\/p>\n<p><\/p>","protected":false},"excerpt":{"rendered":"<p>Primera conferencia del BIARCH, realizada por el arquitecto chileno Smiljan Radic. Smiljan Radic nace en Santiago, como hijo del matrimonio formado por Smiljan Radic Piraino y Cora Mar\u00eda Clarke Ram\u00edrez, obtuvo el t\u00edtulo de arquitecto por la Escuela de Arquitectura de la Pontificia Universidad Cat\u00f3lica de Chile en 1989. Despu\u00e9s curs\u00f3 estudios de Est\u00e9tica en [&hellip;]<\/p>\n","protected":false},"author":2,"featured_media":53429,"comment_status":"open","ping_status":"closed","sticky":false,"template":"","format":"standard","meta":{"footnotes":""},"categories":[4854],"tags":[6682,143,7137,150,357,11550,11549,11050,12474],"class_list":{"0":"post-50096","1":"post","2":"type-post","3":"status-publish","4":"format-standard","5":"has-post-thumbnail","7":"category-tv","8":"tag-arquitectura-chilena","9":"tag-arquitectura-contemporanea","10":"tag-arquitectura-popular","11":"tag-arquitectura-tradicional","12":"tag-conferencia","13":"tag-flavio-zanon","14":"tag-nicolas-skutelis","15":"tag-smiljan-radic","16":"tag-tv"},"yoast_head":"<!-- This site is optimized with the Yoast SEO plugin v27.4 - https:\/\/yoast.com\/product\/yoast-seo-wordpress\/ -->\n<title>BIArch Open Lectures: Smiljan Radic &quot;Un Ruido Naranjo&quot; - veredes<\/title>\n<meta name=\"description\" content=\"Toda la informaci\u00f3n sobre: [:es]BIArch Open Lectures: Smiljan Radic &quot;Un Ruido Naranjo&quot;[:gl]BIArch Open Lectures: Smiljan Radic &quot;Un Ruido Naranxo&quot;[:en]BIArch Open Lectures: Smiljan Radic &quot;A Noise Orange tree&quot;[:]\" \/>\n<meta name=\"robots\" content=\"index, follow, max-snippet:-1, max-image-preview:large, max-video-preview:-1\" \/>\n<link rel=\"canonical\" href=\"https:\/\/veredes.es\/blog\/biarch-open-lectures-smiljan-radic-un-ruido-naranjo\/\" \/>\n<meta property=\"og:locale\" content=\"es_ES\" \/>\n<meta property=\"og:type\" content=\"article\" \/>\n<meta property=\"og:title\" content=\"[:es]BIArch Open Lectures: Smiljan Radic &quot;Un Ruido Naranjo&quot;[:gl]BIArch Open Lectures: Smiljan Radic &quot;Un Ruido Naranxo&quot;[:en]BIArch Open Lectures: Smiljan Radic &quot;A Noise Orange tree&quot;[:] - veredes\" \/>\n<meta property=\"og:description\" content=\"Toda la informaci\u00f3n sobre: [:es]BIArch Open Lectures: Smiljan Radic &quot;Un Ruido Naranjo&quot;[:gl]BIArch Open Lectures: Smiljan Radic &quot;Un Ruido Naranxo&quot;[:en]BIArch Open Lectures: Smiljan Radic &quot;A Noise Orange tree&quot;[:]\" \/>\n<meta property=\"og:url\" content=\"https:\/\/veredes.es\/blog\/biarch-open-lectures-smiljan-radic-un-ruido-naranjo\/\" \/>\n<meta property=\"og:site_name\" content=\"veredes, arquitectura y divulgaci\u00f3n\" \/>\n<meta property=\"article:publisher\" content=\"https:\/\/www.facebook.com\/veredesArquitecturayDivulgacion\/\" \/>\n<meta property=\"article:author\" content=\"https:\/\/www.facebook.com\/veredesArquitecturayDivulgacion\/\" \/>\n<meta property=\"article:published_time\" content=\"2015-02-19T06:03:34+00:00\" \/>\n<meta property=\"article:modified_time\" content=\"2022-04-19T17:18:42+00:00\" \/>\n<meta property=\"og:image\" content=\"https:\/\/veredes.es\/blog\/wp-content\/uploads\/2015\/02\/biarch-open-lectures-smiljan-rad.jpg\" \/>\n\t<meta property=\"og:image:width\" content=\"640\" \/>\n\t<meta property=\"og:image:height\" content=\"360\" \/>\n\t<meta property=\"og:image:type\" content=\"image\/jpeg\" \/>\n<meta name=\"author\" content=\"veredes\" \/>\n<meta name=\"twitter:card\" content=\"summary_large_image\" \/>\n<meta name=\"twitter:creator\" content=\"@https:\/\/twitter.com\/veredes\" \/>\n<meta name=\"twitter:site\" content=\"@veredes\" \/>\n<meta name=\"twitter:label1\" content=\"Escrito por\" \/>\n\t<meta name=\"twitter:data1\" content=\"veredes\" \/>\n\t<meta name=\"twitter:label2\" content=\"Tiempo de lectura\" \/>\n\t<meta name=\"twitter:data2\" content=\"4 minutos\" \/>\n<script type=\"application\/ld+json\" class=\"yoast-schema-graph\">{\"@context\":\"https:\\\/\\\/schema.org\",\"@graph\":[{\"@type\":\"Article\",\"@id\":\"https:\\\/\\\/veredes.es\\\/blog\\\/biarch-open-lectures-smiljan-radic-un-ruido-naranjo\\\/#article\",\"isPartOf\":{\"@id\":\"https:\\\/\\\/veredes.es\\\/blog\\\/biarch-open-lectures-smiljan-radic-un-ruido-naranjo\\\/\"},\"author\":{\"name\":\"veredes\",\"@id\":\"https:\\\/\\\/veredes.es\\\/blog\\\/#\\\/schema\\\/person\\\/0bbb669073ef7faba5168a0844e93d2c\"},\"headline\":\"BIArch Open Lectures: Smiljan Radic \u00abUn Ruido Naranjo\u00bb\",\"datePublished\":\"2015-02-19T06:03:34+00:00\",\"dateModified\":\"2022-04-19T17:18:42+00:00\",\"mainEntityOfPage\":{\"@id\":\"https:\\\/\\\/veredes.es\\\/blog\\\/biarch-open-lectures-smiljan-radic-un-ruido-naranjo\\\/\"},\"wordCount\":733,\"commentCount\":0,\"publisher\":{\"@id\":\"https:\\\/\\\/veredes.es\\\/blog\\\/#organization\"},\"image\":{\"@id\":\"https:\\\/\\\/veredes.es\\\/blog\\\/biarch-open-lectures-smiljan-radic-un-ruido-naranjo\\\/#primaryimage\"},\"thumbnailUrl\":\"https:\\\/\\\/veredes.es\\\/blog\\\/wp-content\\\/uploads\\\/2015\\\/02\\\/biarch-open-lectures-smiljan-rad.jpg\",\"keywords\":[\"arquitectura chilena\",\"arquitectura contempor\u00e1nea\",\"arquitectura popular\",\"arquitectura tradicional\",\"conferencia\",\"flavio zanon\",\"nicolas skutelis\",\"Smiljan Radi\u0107\",\"tv\"],\"articleSection\":[\"tv\"],\"inLanguage\":\"es\",\"potentialAction\":[{\"@type\":\"CommentAction\",\"name\":\"Comment\",\"target\":[\"https:\\\/\\\/veredes.es\\\/blog\\\/biarch-open-lectures-smiljan-radic-un-ruido-naranjo\\\/#respond\"]}]},{\"@type\":\"WebPage\",\"@id\":\"https:\\\/\\\/veredes.es\\\/blog\\\/biarch-open-lectures-smiljan-radic-un-ruido-naranjo\\\/\",\"url\":\"https:\\\/\\\/veredes.es\\\/blog\\\/biarch-open-lectures-smiljan-radic-un-ruido-naranjo\\\/\",\"name\":\"[:es]BIArch Open Lectures: Smiljan Radic \\\"Un Ruido Naranjo\\\"[:gl]BIArch Open Lectures: Smiljan Radic \\\"Un Ruido Naranxo\\\"[:en]BIArch Open Lectures: Smiljan Radic \\\"A Noise Orange tree\\\"[:] - veredes\",\"isPartOf\":{\"@id\":\"https:\\\/\\\/veredes.es\\\/blog\\\/#website\"},\"primaryImageOfPage\":{\"@id\":\"https:\\\/\\\/veredes.es\\\/blog\\\/biarch-open-lectures-smiljan-radic-un-ruido-naranjo\\\/#primaryimage\"},\"image\":{\"@id\":\"https:\\\/\\\/veredes.es\\\/blog\\\/biarch-open-lectures-smiljan-radic-un-ruido-naranjo\\\/#primaryimage\"},\"thumbnailUrl\":\"https:\\\/\\\/veredes.es\\\/blog\\\/wp-content\\\/uploads\\\/2015\\\/02\\\/biarch-open-lectures-smiljan-rad.jpg\",\"datePublished\":\"2015-02-19T06:03:34+00:00\",\"dateModified\":\"2022-04-19T17:18:42+00:00\",\"description\":\"Toda la informaci\u00f3n sobre: [:es]BIArch Open Lectures: Smiljan Radic \\\"Un Ruido Naranjo\\\"[:gl]BIArch Open Lectures: Smiljan Radic \\\"Un Ruido Naranxo\\\"[:en]BIArch Open Lectures: Smiljan Radic \\\"A Noise Orange tree\\\"[:]\",\"breadcrumb\":{\"@id\":\"https:\\\/\\\/veredes.es\\\/blog\\\/biarch-open-lectures-smiljan-radic-un-ruido-naranjo\\\/#breadcrumb\"},\"inLanguage\":\"es\",\"potentialAction\":[{\"@type\":\"ReadAction\",\"target\":[\"https:\\\/\\\/veredes.es\\\/blog\\\/biarch-open-lectures-smiljan-radic-un-ruido-naranjo\\\/\"]}]},{\"@type\":\"ImageObject\",\"inLanguage\":\"es\",\"@id\":\"https:\\\/\\\/veredes.es\\\/blog\\\/biarch-open-lectures-smiljan-radic-un-ruido-naranjo\\\/#primaryimage\",\"url\":\"https:\\\/\\\/veredes.es\\\/blog\\\/wp-content\\\/uploads\\\/2015\\\/02\\\/biarch-open-lectures-smiljan-rad.jpg\",\"contentUrl\":\"https:\\\/\\\/veredes.es\\\/blog\\\/wp-content\\\/uploads\\\/2015\\\/02\\\/biarch-open-lectures-smiljan-rad.jpg\",\"width\":\"640\",\"height\":\"360\"},{\"@type\":\"BreadcrumbList\",\"@id\":\"https:\\\/\\\/veredes.es\\\/blog\\\/biarch-open-lectures-smiljan-radic-un-ruido-naranjo\\\/#breadcrumb\",\"itemListElement\":[{\"@type\":\"ListItem\",\"position\":1,\"name\":\"Portada\",\"item\":\"https:\\\/\\\/veredes.es\\\/blog\\\/\"},{\"@type\":\"ListItem\",\"position\":2,\"name\":\"BIArch Open Lectures: Smiljan Radic \u00abUn Ruido Naranjo\u00bb\"}]},{\"@type\":\"WebSite\",\"@id\":\"https:\\\/\\\/veredes.es\\\/blog\\\/#website\",\"url\":\"https:\\\/\\\/veredes.es\\\/blog\\\/\",\"name\":\"veredes, arquitectura y divulgaci\u00f3n\",\"description\":\"veredes\",\"publisher\":{\"@id\":\"https:\\\/\\\/veredes.es\\\/blog\\\/#organization\"},\"alternateName\":\"veredes\",\"potentialAction\":[{\"@type\":\"SearchAction\",\"target\":{\"@type\":\"EntryPoint\",\"urlTemplate\":\"https:\\\/\\\/veredes.es\\\/blog\\\/?s={search_term_string}\"},\"query-input\":{\"@type\":\"PropertyValueSpecification\",\"valueRequired\":true,\"valueName\":\"search_term_string\"}}],\"inLanguage\":\"es\"},{\"@type\":\"Organization\",\"@id\":\"https:\\\/\\\/veredes.es\\\/blog\\\/#organization\",\"name\":\"veredes, arquitectura y divulgaci\u00f3n\",\"alternateName\":\"veredes\",\"url\":\"https:\\\/\\\/veredes.es\\\/blog\\\/\",\"logo\":{\"@type\":\"ImageObject\",\"inLanguage\":\"es\",\"@id\":\"https:\\\/\\\/veredes.es\\\/blog\\\/#\\\/schema\\\/logo\\\/image\\\/\",\"url\":\"https:\\\/\\\/veredes.es\\\/blog\\\/wp-content\\\/uploads\\\/2021\\\/12\\\/veredes-logo-centrado_140x54.png\",\"contentUrl\":\"https:\\\/\\\/veredes.es\\\/blog\\\/wp-content\\\/uploads\\\/2021\\\/12\\\/veredes-logo-centrado_140x54.png\",\"width\":140,\"height\":54,\"caption\":\"veredes, arquitectura y divulgaci\u00f3n\"},\"image\":{\"@id\":\"https:\\\/\\\/veredes.es\\\/blog\\\/#\\\/schema\\\/logo\\\/image\\\/\"},\"sameAs\":[\"https:\\\/\\\/www.facebook.com\\\/veredesArquitecturayDivulgacion\\\/\",\"https:\\\/\\\/x.com\\\/veredes\",\"https:\\\/\\\/instagram.com\\\/veredes\\\/\",\"https:\\\/\\\/www.linkedin.com\\\/company\\\/veredes-arquitectura-y-divulgacion\\\/\",\"https:\\\/\\\/es.pinterest.com\\\/veredes\\\/\",\"https:\\\/\\\/www.tumblr.com\\\/veredes\"]},{\"@type\":\"Person\",\"@id\":\"https:\\\/\\\/veredes.es\\\/blog\\\/#\\\/schema\\\/person\\\/0bbb669073ef7faba5168a0844e93d2c\",\"name\":\"veredes\",\"image\":{\"@type\":\"ImageObject\",\"inLanguage\":\"es\",\"@id\":\"https:\\\/\\\/veredes.es\\\/blog\\\/wp-content\\\/uploads\\\/2018\\\/04\\\/face-96x96.jpg\",\"url\":\"https:\\\/\\\/veredes.es\\\/blog\\\/wp-content\\\/uploads\\\/2018\\\/04\\\/face-96x96.jpg\",\"contentUrl\":\"https:\\\/\\\/veredes.es\\\/blog\\\/wp-content\\\/uploads\\\/2018\\\/04\\\/face-96x96.jpg\",\"caption\":\"veredes\"},\"description\":\"Surge enero de 2009 como b\u00fasqueda de satisfacer el conocimiento de la actividad arquitect\u00f3nica y tangentes que se generan. La idea es crear un espacio para divulgar los diversos proyectos en busca de nueva inspiraci\u00f3n y de intercambio.\",\"sameAs\":[\"https:\\\/\\\/veredes.es\\\/\",\"https:\\\/\\\/www.facebook.com\\\/veredesArquitecturayDivulgacion\\\/\",\"https:\\\/\\\/www.instagram.com\\\/veredes\\\/\",\"https:\\\/\\\/www.linkedin.com\\\/company\\\/veredes-arquitectura-y-divulgacion\\\/\",\"https:\\\/\\\/www.pinterest.es\\\/veredes\\\/\",\"https:\\\/\\\/x.com\\\/https:\\\/\\\/twitter.com\\\/veredes\",\"https:\\\/\\\/veredes.tumblr.com\\\/\"],\"url\":\"https:\\\/\\\/veredes.es\\\/blog\\\/author\\\/alberto\\\/\"}]}<\/script>\n<!-- \/ Yoast SEO plugin. -->","yoast_head_json":{"title":"[:es]BIArch Open Lectures: Smiljan Radic \"Un Ruido Naranjo\"[:gl]BIArch Open Lectures: Smiljan Radic \"Un Ruido Naranxo\"[:en]BIArch Open Lectures: Smiljan Radic \"A Noise Orange tree\"[:] - veredes","description":"Toda la informaci\u00f3n sobre: [:es]BIArch Open Lectures: Smiljan Radic \"Un Ruido Naranjo\"[:gl]BIArch Open Lectures: Smiljan Radic \"Un Ruido Naranxo\"[:en]BIArch Open Lectures: Smiljan Radic \"A Noise Orange tree\"[:]","robots":{"index":"index","follow":"follow","max-snippet":"max-snippet:-1","max-image-preview":"max-image-preview:large","max-video-preview":"max-video-preview:-1"},"canonical":"https:\/\/veredes.es\/blog\/biarch-open-lectures-smiljan-radic-un-ruido-naranjo\/","og_locale":"es_ES","og_type":"article","og_title":"[:es]BIArch Open Lectures: Smiljan Radic \"Un Ruido Naranjo\"[:gl]BIArch Open Lectures: Smiljan Radic \"Un Ruido Naranxo\"[:en]BIArch Open Lectures: Smiljan Radic \"A Noise Orange tree\"[:] - veredes","og_description":"Toda la informaci\u00f3n sobre: [:es]BIArch Open Lectures: Smiljan Radic \"Un Ruido Naranjo\"[:gl]BIArch Open Lectures: Smiljan Radic \"Un Ruido Naranxo\"[:en]BIArch Open Lectures: Smiljan Radic \"A Noise Orange tree\"[:]","og_url":"https:\/\/veredes.es\/blog\/biarch-open-lectures-smiljan-radic-un-ruido-naranjo\/","og_site_name":"veredes, arquitectura y divulgaci\u00f3n","article_publisher":"https:\/\/www.facebook.com\/veredesArquitecturayDivulgacion\/","article_author":"https:\/\/www.facebook.com\/veredesArquitecturayDivulgacion\/","article_published_time":"2015-02-19T06:03:34+00:00","article_modified_time":"2022-04-19T17:18:42+00:00","og_image":[{"width":640,"height":360,"url":"https:\/\/veredes.es\/blog\/wp-content\/uploads\/2015\/02\/biarch-open-lectures-smiljan-rad.jpg","type":"image\/jpeg"}],"author":"veredes","twitter_card":"summary_large_image","twitter_creator":"@https:\/\/twitter.com\/veredes","twitter_site":"@veredes","twitter_misc":{"Escrito por":"veredes","Tiempo de lectura":"4 minutos"},"schema":{"@context":"https:\/\/schema.org","@graph":[{"@type":"Article","@id":"https:\/\/veredes.es\/blog\/biarch-open-lectures-smiljan-radic-un-ruido-naranjo\/#article","isPartOf":{"@id":"https:\/\/veredes.es\/blog\/biarch-open-lectures-smiljan-radic-un-ruido-naranjo\/"},"author":{"name":"veredes","@id":"https:\/\/veredes.es\/blog\/#\/schema\/person\/0bbb669073ef7faba5168a0844e93d2c"},"headline":"BIArch Open Lectures: Smiljan Radic \u00abUn Ruido Naranjo\u00bb","datePublished":"2015-02-19T06:03:34+00:00","dateModified":"2022-04-19T17:18:42+00:00","mainEntityOfPage":{"@id":"https:\/\/veredes.es\/blog\/biarch-open-lectures-smiljan-radic-un-ruido-naranjo\/"},"wordCount":733,"commentCount":0,"publisher":{"@id":"https:\/\/veredes.es\/blog\/#organization"},"image":{"@id":"https:\/\/veredes.es\/blog\/biarch-open-lectures-smiljan-radic-un-ruido-naranjo\/#primaryimage"},"thumbnailUrl":"https:\/\/veredes.es\/blog\/wp-content\/uploads\/2015\/02\/biarch-open-lectures-smiljan-rad.jpg","keywords":["arquitectura chilena","arquitectura contempor\u00e1nea","arquitectura popular","arquitectura tradicional","conferencia","flavio zanon","nicolas skutelis","Smiljan Radi\u0107","tv"],"articleSection":["tv"],"inLanguage":"es","potentialAction":[{"@type":"CommentAction","name":"Comment","target":["https:\/\/veredes.es\/blog\/biarch-open-lectures-smiljan-radic-un-ruido-naranjo\/#respond"]}]},{"@type":"WebPage","@id":"https:\/\/veredes.es\/blog\/biarch-open-lectures-smiljan-radic-un-ruido-naranjo\/","url":"https:\/\/veredes.es\/blog\/biarch-open-lectures-smiljan-radic-un-ruido-naranjo\/","name":"[:es]BIArch Open Lectures: Smiljan Radic \"Un Ruido Naranjo\"[:gl]BIArch Open Lectures: Smiljan Radic \"Un Ruido Naranxo\"[:en]BIArch Open Lectures: Smiljan Radic \"A Noise Orange tree\"[:] - veredes","isPartOf":{"@id":"https:\/\/veredes.es\/blog\/#website"},"primaryImageOfPage":{"@id":"https:\/\/veredes.es\/blog\/biarch-open-lectures-smiljan-radic-un-ruido-naranjo\/#primaryimage"},"image":{"@id":"https:\/\/veredes.es\/blog\/biarch-open-lectures-smiljan-radic-un-ruido-naranjo\/#primaryimage"},"thumbnailUrl":"https:\/\/veredes.es\/blog\/wp-content\/uploads\/2015\/02\/biarch-open-lectures-smiljan-rad.jpg","datePublished":"2015-02-19T06:03:34+00:00","dateModified":"2022-04-19T17:18:42+00:00","description":"Toda la informaci\u00f3n sobre: [:es]BIArch Open Lectures: Smiljan Radic \"Un Ruido Naranjo\"[:gl]BIArch Open Lectures: Smiljan Radic \"Un Ruido Naranxo\"[:en]BIArch Open Lectures: Smiljan Radic \"A Noise Orange tree\"[:]","breadcrumb":{"@id":"https:\/\/veredes.es\/blog\/biarch-open-lectures-smiljan-radic-un-ruido-naranjo\/#breadcrumb"},"inLanguage":"es","potentialAction":[{"@type":"ReadAction","target":["https:\/\/veredes.es\/blog\/biarch-open-lectures-smiljan-radic-un-ruido-naranjo\/"]}]},{"@type":"ImageObject","inLanguage":"es","@id":"https:\/\/veredes.es\/blog\/biarch-open-lectures-smiljan-radic-un-ruido-naranjo\/#primaryimage","url":"https:\/\/veredes.es\/blog\/wp-content\/uploads\/2015\/02\/biarch-open-lectures-smiljan-rad.jpg","contentUrl":"https:\/\/veredes.es\/blog\/wp-content\/uploads\/2015\/02\/biarch-open-lectures-smiljan-rad.jpg","width":"640","height":"360"},{"@type":"BreadcrumbList","@id":"https:\/\/veredes.es\/blog\/biarch-open-lectures-smiljan-radic-un-ruido-naranjo\/#breadcrumb","itemListElement":[{"@type":"ListItem","position":1,"name":"Portada","item":"https:\/\/veredes.es\/blog\/"},{"@type":"ListItem","position":2,"name":"BIArch Open Lectures: Smiljan Radic \u00abUn Ruido Naranjo\u00bb"}]},{"@type":"WebSite","@id":"https:\/\/veredes.es\/blog\/#website","url":"https:\/\/veredes.es\/blog\/","name":"veredes, arquitectura y divulgaci\u00f3n","description":"veredes","publisher":{"@id":"https:\/\/veredes.es\/blog\/#organization"},"alternateName":"veredes","potentialAction":[{"@type":"SearchAction","target":{"@type":"EntryPoint","urlTemplate":"https:\/\/veredes.es\/blog\/?s={search_term_string}"},"query-input":{"@type":"PropertyValueSpecification","valueRequired":true,"valueName":"search_term_string"}}],"inLanguage":"es"},{"@type":"Organization","@id":"https:\/\/veredes.es\/blog\/#organization","name":"veredes, arquitectura y divulgaci\u00f3n","alternateName":"veredes","url":"https:\/\/veredes.es\/blog\/","logo":{"@type":"ImageObject","inLanguage":"es","@id":"https:\/\/veredes.es\/blog\/#\/schema\/logo\/image\/","url":"https:\/\/veredes.es\/blog\/wp-content\/uploads\/2021\/12\/veredes-logo-centrado_140x54.png","contentUrl":"https:\/\/veredes.es\/blog\/wp-content\/uploads\/2021\/12\/veredes-logo-centrado_140x54.png","width":140,"height":54,"caption":"veredes, arquitectura y divulgaci\u00f3n"},"image":{"@id":"https:\/\/veredes.es\/blog\/#\/schema\/logo\/image\/"},"sameAs":["https:\/\/www.facebook.com\/veredesArquitecturayDivulgacion\/","https:\/\/x.com\/veredes","https:\/\/instagram.com\/veredes\/","https:\/\/www.linkedin.com\/company\/veredes-arquitectura-y-divulgacion\/","https:\/\/es.pinterest.com\/veredes\/","https:\/\/www.tumblr.com\/veredes"]},{"@type":"Person","@id":"https:\/\/veredes.es\/blog\/#\/schema\/person\/0bbb669073ef7faba5168a0844e93d2c","name":"veredes","image":{"@type":"ImageObject","inLanguage":"es","@id":"https:\/\/veredes.es\/blog\/wp-content\/uploads\/2018\/04\/face-96x96.jpg","url":"https:\/\/veredes.es\/blog\/wp-content\/uploads\/2018\/04\/face-96x96.jpg","contentUrl":"https:\/\/veredes.es\/blog\/wp-content\/uploads\/2018\/04\/face-96x96.jpg","caption":"veredes"},"description":"Surge enero de 2009 como b\u00fasqueda de satisfacer el conocimiento de la actividad arquitect\u00f3nica y tangentes que se generan. La idea es crear un espacio para divulgar los diversos proyectos en busca de nueva inspiraci\u00f3n y de intercambio.","sameAs":["https:\/\/veredes.es\/","https:\/\/www.facebook.com\/veredesArquitecturayDivulgacion\/","https:\/\/www.instagram.com\/veredes\/","https:\/\/www.linkedin.com\/company\/veredes-arquitectura-y-divulgacion\/","https:\/\/www.pinterest.es\/veredes\/","https:\/\/x.com\/https:\/\/twitter.com\/veredes","https:\/\/veredes.tumblr.com\/"],"url":"https:\/\/veredes.es\/blog\/author\/alberto\/"}]}},"_links":{"self":[{"href":"https:\/\/veredes.es\/blog\/wp-json\/wp\/v2\/posts\/50096","targetHints":{"allow":["GET"]}}],"collection":[{"href":"https:\/\/veredes.es\/blog\/wp-json\/wp\/v2\/posts"}],"about":[{"href":"https:\/\/veredes.es\/blog\/wp-json\/wp\/v2\/types\/post"}],"author":[{"embeddable":true,"href":"https:\/\/veredes.es\/blog\/wp-json\/wp\/v2\/users\/2"}],"replies":[{"embeddable":true,"href":"https:\/\/veredes.es\/blog\/wp-json\/wp\/v2\/comments?post=50096"}],"version-history":[{"count":0,"href":"https:\/\/veredes.es\/blog\/wp-json\/wp\/v2\/posts\/50096\/revisions"}],"wp:featuredmedia":[{"embeddable":true,"href":"https:\/\/veredes.es\/blog\/wp-json\/wp\/v2\/media\/53429"}],"wp:attachment":[{"href":"https:\/\/veredes.es\/blog\/wp-json\/wp\/v2\/media?parent=50096"}],"wp:term":[{"taxonomy":"category","embeddable":true,"href":"https:\/\/veredes.es\/blog\/wp-json\/wp\/v2\/categories?post=50096"},{"taxonomy":"post_tag","embeddable":true,"href":"https:\/\/veredes.es\/blog\/wp-json\/wp\/v2\/tags?post=50096"}],"curies":[{"name":"wp","href":"https:\/\/api.w.org\/{rel}","templated":true}]}}