{"id":49492,"date":"2015-01-14T06:06:35","date_gmt":"2015-01-14T06:06:35","guid":{"rendered":"http:\/\/veredes.es\/blog\/?p=49492"},"modified":"2021-07-20T17:24:14","modified_gmt":"2021-07-20T15:24:14","slug":"persianas-cerradas-ferrol-2014-ana-amado","status":"publish","type":"post","link":"https:\/\/veredes.es\/blog\/persianas-cerradas-ferrol-2014-ana-amado\/","title":{"rendered":"Persianas cerradas: Ferrol 2014 | Ana Amado"},"content":{"rendered":"<p><\/p>\n<p style=\"text-align: justify;\"><strong>Cerca del 40% de los bajos comerciales del centro de Ferrol est\u00e1n vac\u00edos. Y ocurre en otras ciudades, otros centros hist\u00f3ricos del pa\u00eds. Entre la debacle mundial \u00a0y la crisis de la industria astillera, algunos lugares parecen aut\u00e9nticos pueblos fantasma. He aqu\u00ed un ejemplo.<\/strong><\/p>\n<p style=\"text-align: justify;\"><a href=\"https:\/\/veredes.es\/blog\/wp-content\/uploads\/2014\/12\/aa_Persianas-cerradas01.jpg\"><img loading=\"lazy\" decoding=\"async\" class=\"alignnone  wp-image-49493\" title=\"aa_Persianas-cerradas01\" src=\"https:\/\/veredes.es\/blog\/wp-content\/uploads\/2014\/12\/aa_Persianas-cerradas01.jpg\" alt=\"\" width=\"620\" height=\"412\" srcset=\"https:\/\/veredes.es\/blog\/wp-content\/uploads\/2014\/12\/aa_Persianas-cerradas01.jpg 785w, https:\/\/veredes.es\/blog\/wp-content\/uploads\/2014\/12\/aa_Persianas-cerradas01-300x199.jpg 300w, https:\/\/veredes.es\/blog\/wp-content\/uploads\/2014\/12\/aa_Persianas-cerradas01-160x105.jpg 160w\" sizes=\"auto, (max-width: 620px) 100vw, 620px\" \/><\/a><\/p>\n<p style=\"text-align: justify;\">Es bastante m\u00e1s que un tercio de los bajos comerciales. \u00a1Casi un 40%! Algo m\u00e1s de una quinta parte de \u00e9stos fueron, en otra vida, negocios dedicados a la hosteler\u00eda. Personas que entran, que salen, que piden su caf\u00e9 o su tapa. Ahora, los rostros que pasean por el trazado cuadriculado de la ciudad bien se parecen a los an\u00f3nimos paseantes dublineses de Joyce, o de Simmel. Este \u00faltimo, soci\u00f3logo alem\u00e1n, entend\u00eda la ciudad \u2013y, en concreto, el centro urbano\u2013 como lugar de creaci\u00f3n e intercambio social, econ\u00f3mico y cultural. La ciudad como mercado, como proceso de compra y venta. Pero cuando el mercado est\u00e1 vac\u00edo, afloran otras preguntas. Sampedro lo defin\u00eda muy bien. Si entendemos la sociedad como democracia, y la democracia como un mercado libre, el d\u00eda que no tengamos dinero, todo se ir\u00e1 al traste.<\/p>\n<p style=\"text-align: justify;\">Del progresivo deterioro del centro hist\u00f3rico y el masivo \u00e9xodo hacia las ciudades dormitorio como instant\u00e1nea resultado de las dos \u00faltimas d\u00e9cadas \u2013teniendo como punto \u00e1lgido, los a\u00f1os previos a la actual crisis mundial\u2013, deriva, como t\u00f3nica nacional, el abandono del casco urbano <em>hist\u00f3rico<\/em>. La arquitectura tradicional mantenida de otras \u00e9pocas y otras vidas nos dice poco en el d\u00eda a d\u00eda en cualquier ciudad espa\u00f1ola. El constante abandono tanto de ciudadanos, que buscan mantenerse en sus ya abultadas hipotecas de la periferia, como del institucional, que hace m\u00e1s caro e inviable restaurar y rehabilitar lo que en otro tiempo fue un techo sobre el que cobijarse, produce un tejido empresarial del peque\u00f1o comerciante inestable.<\/p>\n<p style=\"text-align: justify;\">Caras l\u00e1nguidas, silencio espectral, vac\u00edo espacial, cielo gris y otra terminolog\u00eda frecuente en la literatura pueden servir para describir lo que los precursores de la sociolog\u00eda urbana quer\u00edan superar. Esos recursos manidos y trillados explican <em>grosso modo<\/em> el ahora, la consecuencia, pero no la causa. Una ciudad muy dependiente de dos grandes astilleros europeos \u2013y, en su d\u00eda, internacionales\u2013, una industria pesada en constante transformaci\u00f3n y ca\u00edda que no permite m\u00e1rgenes de error: de los diez mil puestos de trabajo \u2013sin contar los indirectos\u2013 que manten\u00edan los astilleros hace tres d\u00e9cadas, a los constantes despidos masivos que acaban en apenas en m\u00e1s de dos mil. Y con los problemas de los nuevas cargas de trabajo con Pemex y su filial viguesa m\u00e1s <em>asequible<\/em>, las cifras ir\u00e1n bajando. De las cifras poblacionales, otro dato: Ferrol ha perdido m\u00e1s de 7.000 habitantes en la \u00faltima d\u00e9cada, acerc\u00e1ndose a la barrera de los 70.000 habitantes, con un paro un punto m\u00e1s alto que la poblaci\u00f3n activa (situada en el 32%). Lejos quedaron las cien mil vidas que poblaban este enclave gallego en la d\u00e9cada de los ochenta.<\/p>\n<p style=\"text-align: justify;\">Los m\u00e1s de trescientos locales comerciales vac\u00edos \u2013seg\u00fan una estad\u00edstica de elaboraci\u00f3n propia*\u2013 dejan un panorama desolador que ha calado en la poblaci\u00f3n local. La proyecci\u00f3n inmediata en las esferas p\u00fablicas no se ha hecho esperar. El ayuntamiento ferrolano propone un plan para dinamizar el comercio en el barrio a una consultor\u00eda externa (Auren Consultores SA) por una suma que asciende a m\u00e1s de 46.000 euros. Con ello, pretende buscar nuevos empresarios, y por cada nuevo inversor, el incentivo variar\u00e1 entre los dos mil y los cuatro mil euros. Sin embargo, las cuant\u00edas de los alquileres no han bajado lo que se espera, y la previsi\u00f3n de los resultados est\u00e1 por publicarse en este mes de enero. Por contra, en el mismo ayuntamiento ferrolano se abre Parque Ferrol, un centro comercial de la promotora Santiago Sur que invierte 50 millones para edificar 23.000 metros cuadrados. Las empresas Carrefour, MediaMarkt o Bricodepot inauguran en noviembre del pasado 2013 y tienen clientes que superan los cien mil en pocos d\u00edas. En tal panorama se suman las cifras del ayuntamiento colindante, Nar\u00f3n, que ha crecido en la \u00faltima d\u00e9cada en m\u00e1s de ocho mil habitantes, y la vida comercial despunta, teniendo su m\u00e1xima expresi\u00f3n en el centro comercial Ode\u00f3n.<\/p>\n<p style=\"text-align: justify;\">Muy ciertas son las palabras de Simmel sobre el urbanita ferrolano, cuya actividad llena de contrastes podr\u00eda resumirse aqu\u00ed:<\/p>\n<blockquote>\n<p style=\"text-align: justify;\"><em>\u201cEl fundamento psicol\u00f3gico sobre el que se alza el tipo de individualidades urbanitas es el acrecentamiento de la vida nerviosa\u201d.<\/em><\/p>\n<\/blockquote>\n<div id='gallery-1' class='gallery galleryid-49492 gallery-columns-4 gallery-size-thumbnail'><figure class='gallery-item'>\n\t\t\t<div class='gallery-icon landscape'>\n\t\t\t\t<a href='https:\/\/veredes.es\/blog\/wp-content\/uploads\/2014\/12\/aa_Persianas-cerradas01.jpg'><img loading=\"lazy\" decoding=\"async\" width=\"120\" height=\"120\" src=\"https:\/\/veredes.es\/blog\/wp-content\/uploads\/2014\/12\/aa_Persianas-cerradas01-150x150.jpg\" class=\"attachment-thumbnail size-thumbnail\" alt=\"\" srcset=\"https:\/\/veredes.es\/blog\/wp-content\/uploads\/2014\/12\/aa_Persianas-cerradas01-150x150.jpg 150w, https:\/\/veredes.es\/blog\/wp-content\/uploads\/2014\/12\/aa_Persianas-cerradas01-120x120.jpg 120w\" sizes=\"auto, (max-width: 120px) 100vw, 120px\" \/><\/a>\n\t\t\t<\/div><\/figure><figure class='gallery-item'>\n\t\t\t<div class='gallery-icon landscape'>\n\t\t\t\t<a href='https:\/\/veredes.es\/blog\/wp-content\/uploads\/2014\/12\/aa_Persianas-cerradas02.jpg'><img loading=\"lazy\" decoding=\"async\" width=\"120\" height=\"120\" src=\"https:\/\/veredes.es\/blog\/wp-content\/uploads\/2014\/12\/aa_Persianas-cerradas02-150x150.jpg\" class=\"attachment-thumbnail size-thumbnail\" alt=\"\" srcset=\"https:\/\/veredes.es\/blog\/wp-content\/uploads\/2014\/12\/aa_Persianas-cerradas02-150x150.jpg 150w, https:\/\/veredes.es\/blog\/wp-content\/uploads\/2014\/12\/aa_Persianas-cerradas02-120x120.jpg 120w\" sizes=\"auto, (max-width: 120px) 100vw, 120px\" \/><\/a>\n\t\t\t<\/div><\/figure><figure class='gallery-item'>\n\t\t\t<div class='gallery-icon landscape'>\n\t\t\t\t<a href='https:\/\/veredes.es\/blog\/wp-content\/uploads\/2014\/12\/aa_Persianas-cerradas03.jpg'><img loading=\"lazy\" decoding=\"async\" width=\"120\" height=\"120\" src=\"https:\/\/veredes.es\/blog\/wp-content\/uploads\/2014\/12\/aa_Persianas-cerradas03-150x150.jpg\" class=\"attachment-thumbnail size-thumbnail\" alt=\"\" srcset=\"https:\/\/veredes.es\/blog\/wp-content\/uploads\/2014\/12\/aa_Persianas-cerradas03-150x150.jpg 150w, https:\/\/veredes.es\/blog\/wp-content\/uploads\/2014\/12\/aa_Persianas-cerradas03-120x120.jpg 120w\" sizes=\"auto, (max-width: 120px) 100vw, 120px\" \/><\/a>\n\t\t\t<\/div><\/figure><figure class='gallery-item'>\n\t\t\t<div class='gallery-icon landscape'>\n\t\t\t\t<a href='https:\/\/veredes.es\/blog\/wp-content\/uploads\/2014\/12\/aa_Persianas-cerradas04.jpg'><img loading=\"lazy\" decoding=\"async\" width=\"120\" height=\"120\" src=\"https:\/\/veredes.es\/blog\/wp-content\/uploads\/2014\/12\/aa_Persianas-cerradas04-150x150.jpg\" class=\"attachment-thumbnail size-thumbnail\" alt=\"\" srcset=\"https:\/\/veredes.es\/blog\/wp-content\/uploads\/2014\/12\/aa_Persianas-cerradas04-150x150.jpg 150w, https:\/\/veredes.es\/blog\/wp-content\/uploads\/2014\/12\/aa_Persianas-cerradas04-120x120.jpg 120w\" sizes=\"auto, (max-width: 120px) 100vw, 120px\" \/><\/a>\n\t\t\t<\/div><\/figure><figure class='gallery-item'>\n\t\t\t<div class='gallery-icon landscape'>\n\t\t\t\t<a href='https:\/\/veredes.es\/blog\/wp-content\/uploads\/2014\/12\/aa_Persianas-cerradas05.jpg'><img loading=\"lazy\" decoding=\"async\" width=\"120\" height=\"120\" src=\"https:\/\/veredes.es\/blog\/wp-content\/uploads\/2014\/12\/aa_Persianas-cerradas05-150x150.jpg\" class=\"attachment-thumbnail size-thumbnail\" alt=\"\" srcset=\"https:\/\/veredes.es\/blog\/wp-content\/uploads\/2014\/12\/aa_Persianas-cerradas05-150x150.jpg 150w, https:\/\/veredes.es\/blog\/wp-content\/uploads\/2014\/12\/aa_Persianas-cerradas05-120x120.jpg 120w\" sizes=\"auto, (max-width: 120px) 100vw, 120px\" \/><\/a>\n\t\t\t<\/div><\/figure><figure class='gallery-item'>\n\t\t\t<div class='gallery-icon landscape'>\n\t\t\t\t<a href='https:\/\/veredes.es\/blog\/wp-content\/uploads\/2014\/12\/aa_Persianas-cerradas06.jpg'><img loading=\"lazy\" decoding=\"async\" width=\"120\" height=\"120\" src=\"https:\/\/veredes.es\/blog\/wp-content\/uploads\/2014\/12\/aa_Persianas-cerradas06-150x150.jpg\" class=\"attachment-thumbnail size-thumbnail\" alt=\"\" srcset=\"https:\/\/veredes.es\/blog\/wp-content\/uploads\/2014\/12\/aa_Persianas-cerradas06-150x150.jpg 150w, https:\/\/veredes.es\/blog\/wp-content\/uploads\/2014\/12\/aa_Persianas-cerradas06-120x120.jpg 120w\" sizes=\"auto, (max-width: 120px) 100vw, 120px\" \/><\/a>\n\t\t\t<\/div><\/figure><figure class='gallery-item'>\n\t\t\t<div class='gallery-icon landscape'>\n\t\t\t\t<a href='https:\/\/veredes.es\/blog\/wp-content\/uploads\/2014\/12\/aa_Persianas-cerradas07.jpg'><img loading=\"lazy\" decoding=\"async\" width=\"120\" height=\"120\" src=\"https:\/\/veredes.es\/blog\/wp-content\/uploads\/2014\/12\/aa_Persianas-cerradas07-150x150.jpg\" class=\"attachment-thumbnail size-thumbnail\" alt=\"\" srcset=\"https:\/\/veredes.es\/blog\/wp-content\/uploads\/2014\/12\/aa_Persianas-cerradas07-150x150.jpg 150w, https:\/\/veredes.es\/blog\/wp-content\/uploads\/2014\/12\/aa_Persianas-cerradas07-120x120.jpg 120w\" sizes=\"auto, (max-width: 120px) 100vw, 120px\" \/><\/a>\n\t\t\t<\/div><\/figure><figure class='gallery-item'>\n\t\t\t<div class='gallery-icon landscape'>\n\t\t\t\t<a href='https:\/\/veredes.es\/blog\/wp-content\/uploads\/2014\/12\/aa_Persianas-cerradas08.jpg'><img loading=\"lazy\" decoding=\"async\" width=\"120\" height=\"120\" src=\"https:\/\/veredes.es\/blog\/wp-content\/uploads\/2014\/12\/aa_Persianas-cerradas08-150x150.jpg\" class=\"attachment-thumbnail size-thumbnail\" alt=\"\" srcset=\"https:\/\/veredes.es\/blog\/wp-content\/uploads\/2014\/12\/aa_Persianas-cerradas08-150x150.jpg 150w, https:\/\/veredes.es\/blog\/wp-content\/uploads\/2014\/12\/aa_Persianas-cerradas08-120x120.jpg 120w\" sizes=\"auto, (max-width: 120px) 100vw, 120px\" \/><\/a>\n\t\t\t<\/div><\/figure><figure class='gallery-item'>\n\t\t\t<div class='gallery-icon landscape'>\n\t\t\t\t<a href='https:\/\/veredes.es\/blog\/wp-content\/uploads\/2014\/12\/aa_Persianas-cerradas09.jpg'><img loading=\"lazy\" decoding=\"async\" width=\"120\" height=\"120\" src=\"https:\/\/veredes.es\/blog\/wp-content\/uploads\/2014\/12\/aa_Persianas-cerradas09-150x150.jpg\" class=\"attachment-thumbnail size-thumbnail\" alt=\"\" srcset=\"https:\/\/veredes.es\/blog\/wp-content\/uploads\/2014\/12\/aa_Persianas-cerradas09-150x150.jpg 150w, https:\/\/veredes.es\/blog\/wp-content\/uploads\/2014\/12\/aa_Persianas-cerradas09-120x120.jpg 120w\" sizes=\"auto, (max-width: 120px) 100vw, 120px\" \/><\/a>\n\t\t\t<\/div><\/figure><figure class='gallery-item'>\n\t\t\t<div class='gallery-icon landscape'>\n\t\t\t\t<a href='https:\/\/veredes.es\/blog\/wp-content\/uploads\/2014\/12\/aa_Persianas-cerradas10.jpg'><img loading=\"lazy\" decoding=\"async\" width=\"120\" height=\"120\" src=\"https:\/\/veredes.es\/blog\/wp-content\/uploads\/2014\/12\/aa_Persianas-cerradas10-150x150.jpg\" class=\"attachment-thumbnail size-thumbnail\" alt=\"\" srcset=\"https:\/\/veredes.es\/blog\/wp-content\/uploads\/2014\/12\/aa_Persianas-cerradas10-150x150.jpg 150w, https:\/\/veredes.es\/blog\/wp-content\/uploads\/2014\/12\/aa_Persianas-cerradas10-120x120.jpg 120w\" sizes=\"auto, (max-width: 120px) 100vw, 120px\" \/><\/a>\n\t\t\t<\/div><\/figure><figure class='gallery-item'>\n\t\t\t<div class='gallery-icon landscape'>\n\t\t\t\t<a href='https:\/\/veredes.es\/blog\/wp-content\/uploads\/2014\/12\/aa_Persianas-cerradas11.jpg'><img loading=\"lazy\" decoding=\"async\" width=\"120\" height=\"120\" src=\"https:\/\/veredes.es\/blog\/wp-content\/uploads\/2014\/12\/aa_Persianas-cerradas11-150x150.jpg\" class=\"attachment-thumbnail size-thumbnail\" alt=\"\" srcset=\"https:\/\/veredes.es\/blog\/wp-content\/uploads\/2014\/12\/aa_Persianas-cerradas11-150x150.jpg 150w, https:\/\/veredes.es\/blog\/wp-content\/uploads\/2014\/12\/aa_Persianas-cerradas11-120x120.jpg 120w\" sizes=\"auto, (max-width: 120px) 100vw, 120px\" \/><\/a>\n\t\t\t<\/div><\/figure><figure class='gallery-item'>\n\t\t\t<div class='gallery-icon landscape'>\n\t\t\t\t<a href='https:\/\/veredes.es\/blog\/wp-content\/uploads\/2014\/12\/aa_Persianas-cerradas12.jpg'><img loading=\"lazy\" decoding=\"async\" width=\"120\" height=\"120\" src=\"https:\/\/veredes.es\/blog\/wp-content\/uploads\/2014\/12\/aa_Persianas-cerradas12-150x150.jpg\" class=\"attachment-thumbnail size-thumbnail\" alt=\"\" srcset=\"https:\/\/veredes.es\/blog\/wp-content\/uploads\/2014\/12\/aa_Persianas-cerradas12-150x150.jpg 150w, https:\/\/veredes.es\/blog\/wp-content\/uploads\/2014\/12\/aa_Persianas-cerradas12-120x120.jpg 120w\" sizes=\"auto, (max-width: 120px) 100vw, 120px\" \/><\/a>\n\t\t\t<\/div><\/figure>\n\t\t<\/div>\n\n<p style=\"text-align: justify;\">Obra: La serie fotogr\u00e1fica \u00abPersianas cerradas: Ferrol 2014\u00bb forma parte de la exposici\u00f3n colectiva\u00a0 E<em>spacio p\u00fablico \/ Espacio privado<\/em>, comisariado por M\u00f3nica Maneiro, que puede visitarse actualmente en el ferrolano Centro Cultural Torrente Ballester hasta febrero de 2015<br \/>\nTexto: Rober Amado, soci\u00f3logo y periodista. *Estad\u00edstica elaborada por Roberto Amado Castro.<br \/>\nEmplazamiento: Ferrol, Galicia, Espa\u00f1a<br \/>\nFotograf\u00edas: Ana Amado<br \/>\nA\u00f1o: 2014<br \/>\n<span style=\"color: #888888;\"><span style=\"color: #888888;\">+ anaamado.eu<\/span><\/span><\/p>\n<p style=\"text-align: justify;\"><strong><br \/>\n<\/strong><\/p>\n<p><\/p>","protected":false},"excerpt":{"rendered":"<p>Cerca del 40% de los bajos comerciales del centro de Ferrol est\u00e1n vac\u00edos. Y ocurre en otras ciudades, otros centros hist\u00f3ricos del pa\u00eds. Entre la debacle mundial \u00a0y la crisis de la industria astillera, algunos lugares parecen aut\u00e9nticos pueblos fantasma. He aqu\u00ed un ejemplo. Es bastante m\u00e1s que un tercio de los bajos comerciales. \u00a1Casi [&hellip;]<\/p>\n","protected":false},"author":2,"featured_media":49493,"comment_status":"open","ping_status":"closed","sticky":false,"template":"","format":"standard","meta":{"footnotes":""},"categories":[35,595,23],"tags":[5791,5865,12449,318,516,576,12460,619,11399,5142,12463,11400,1241],"class_list":{"0":"post-49492","1":"post","2":"type-post","3":"status-publish","4":"format-standard","5":"has-post-thumbnail","7":"category-arte","8":"category-fotografia","9":"category-obras","10":"tag-ana-amado","11":"tag-arquitectura-gallega","12":"tag-arte","13":"tag-ciudad","14":"tag-espacio-publico","15":"tag-ferrol","16":"tag-fotografia","17":"tag-galicia","18":"tag-georg-simmel","19":"tag-james-joyce","20":"tag-patrimonio","21":"tag-roberto-amado-castro","22":"tag-sociedad"},"yoast_head":"<!-- This site is optimized with the Yoast SEO plugin v27.4 - https:\/\/yoast.com\/product\/yoast-seo-wordpress\/ -->\n<title>Persianas cerradas: Ferrol 2014 | Ana Amado<\/title>\n<meta name=\"description\" content=\"Persianas cerradas\" \/>\n<meta name=\"robots\" content=\"index, follow, max-snippet:-1, max-image-preview:large, max-video-preview:-1\" \/>\n<link rel=\"canonical\" href=\"https:\/\/veredes.es\/blog\/persianas-cerradas-ferrol-2014-ana-amado\/\" \/>\n<meta property=\"og:locale\" content=\"es_ES\" \/>\n<meta property=\"og:type\" content=\"article\" \/>\n<meta property=\"og:title\" content=\"Persianas cerradas: Ferrol 2014 | Ana Amado\" \/>\n<meta property=\"og:description\" content=\"Persianas cerradas\" \/>\n<meta property=\"og:url\" content=\"https:\/\/veredes.es\/blog\/persianas-cerradas-ferrol-2014-ana-amado\/\" \/>\n<meta property=\"og:site_name\" content=\"veredes, arquitectura y divulgaci\u00f3n\" \/>\n<meta property=\"article:publisher\" content=\"https:\/\/www.facebook.com\/veredesArquitecturayDivulgacion\/\" \/>\n<meta property=\"article:author\" content=\"https:\/\/www.facebook.com\/veredesArquitecturayDivulgacion\/\" \/>\n<meta property=\"article:published_time\" content=\"2015-01-14T06:06:35+00:00\" \/>\n<meta property=\"article:modified_time\" content=\"2021-07-20T15:24:14+00:00\" \/>\n<meta property=\"og:image\" content=\"https:\/\/veredes.es\/blog\/wp-content\/uploads\/2014\/12\/aa_Persianas-cerradas01.jpg\" \/>\n\t<meta property=\"og:image:width\" content=\"785\" \/>\n\t<meta property=\"og:image:height\" content=\"522\" \/>\n\t<meta property=\"og:image:type\" content=\"image\/jpeg\" \/>\n<meta name=\"author\" content=\"veredes\" \/>\n<meta name=\"twitter:card\" content=\"summary_large_image\" \/>\n<meta name=\"twitter:creator\" content=\"@https:\/\/twitter.com\/veredes\" \/>\n<meta name=\"twitter:site\" content=\"@veredes\" \/>\n<meta name=\"twitter:label1\" content=\"Escrito por\" \/>\n\t<meta name=\"twitter:data1\" content=\"veredes\" \/>\n\t<meta name=\"twitter:label2\" content=\"Tiempo de lectura\" \/>\n\t<meta name=\"twitter:data2\" content=\"12 minutos\" \/>\n<script type=\"application\/ld+json\" class=\"yoast-schema-graph\">{\"@context\":\"https:\\\/\\\/schema.org\",\"@graph\":[{\"@type\":\"Article\",\"@id\":\"https:\\\/\\\/veredes.es\\\/blog\\\/persianas-cerradas-ferrol-2014-ana-amado\\\/#article\",\"isPartOf\":{\"@id\":\"https:\\\/\\\/veredes.es\\\/blog\\\/persianas-cerradas-ferrol-2014-ana-amado\\\/\"},\"author\":{\"name\":\"veredes\",\"@id\":\"https:\\\/\\\/veredes.es\\\/blog\\\/#\\\/schema\\\/person\\\/0bbb669073ef7faba5168a0844e93d2c\"},\"headline\":\"Persianas cerradas: Ferrol 2014 | Ana Amado\",\"datePublished\":\"2015-01-14T06:06:35+00:00\",\"dateModified\":\"2021-07-20T15:24:14+00:00\",\"mainEntityOfPage\":{\"@id\":\"https:\\\/\\\/veredes.es\\\/blog\\\/persianas-cerradas-ferrol-2014-ana-amado\\\/\"},\"wordCount\":2508,\"commentCount\":0,\"publisher\":{\"@id\":\"https:\\\/\\\/veredes.es\\\/blog\\\/#organization\"},\"image\":{\"@id\":\"https:\\\/\\\/veredes.es\\\/blog\\\/persianas-cerradas-ferrol-2014-ana-amado\\\/#primaryimage\"},\"thumbnailUrl\":\"https:\\\/\\\/veredes.es\\\/blog\\\/wp-content\\\/uploads\\\/2014\\\/12\\\/aa_Persianas-cerradas01.jpg\",\"keywords\":[\"Ana Amado\",\"arquitectura gallega\",\"arte\",\"ciudad\",\"espacio p\u00fablico\",\"Ferrol\",\"fotograf\u00eda\",\"Galicia\",\"Georg Simmel\",\"james joyce\",\"patrimonio\",\"roberto amado castro\",\"sociedad\"],\"articleSection\":[\"arte\",\"fotograf\u00eda\",\"obras\"],\"inLanguage\":\"es\",\"potentialAction\":[{\"@type\":\"CommentAction\",\"name\":\"Comment\",\"target\":[\"https:\\\/\\\/veredes.es\\\/blog\\\/persianas-cerradas-ferrol-2014-ana-amado\\\/#respond\"]}]},{\"@type\":\"WebPage\",\"@id\":\"https:\\\/\\\/veredes.es\\\/blog\\\/persianas-cerradas-ferrol-2014-ana-amado\\\/\",\"url\":\"https:\\\/\\\/veredes.es\\\/blog\\\/persianas-cerradas-ferrol-2014-ana-amado\\\/\",\"name\":\"Persianas cerradas: Ferrol 2014 | Ana Amado\",\"isPartOf\":{\"@id\":\"https:\\\/\\\/veredes.es\\\/blog\\\/#website\"},\"primaryImageOfPage\":{\"@id\":\"https:\\\/\\\/veredes.es\\\/blog\\\/persianas-cerradas-ferrol-2014-ana-amado\\\/#primaryimage\"},\"image\":{\"@id\":\"https:\\\/\\\/veredes.es\\\/blog\\\/persianas-cerradas-ferrol-2014-ana-amado\\\/#primaryimage\"},\"thumbnailUrl\":\"https:\\\/\\\/veredes.es\\\/blog\\\/wp-content\\\/uploads\\\/2014\\\/12\\\/aa_Persianas-cerradas01.jpg\",\"datePublished\":\"2015-01-14T06:06:35+00:00\",\"dateModified\":\"2021-07-20T15:24:14+00:00\",\"description\":\"Persianas cerradas\",\"breadcrumb\":{\"@id\":\"https:\\\/\\\/veredes.es\\\/blog\\\/persianas-cerradas-ferrol-2014-ana-amado\\\/#breadcrumb\"},\"inLanguage\":\"es\",\"potentialAction\":[{\"@type\":\"ReadAction\",\"target\":[\"https:\\\/\\\/veredes.es\\\/blog\\\/persianas-cerradas-ferrol-2014-ana-amado\\\/\"]}]},{\"@type\":\"ImageObject\",\"inLanguage\":\"es\",\"@id\":\"https:\\\/\\\/veredes.es\\\/blog\\\/persianas-cerradas-ferrol-2014-ana-amado\\\/#primaryimage\",\"url\":\"https:\\\/\\\/veredes.es\\\/blog\\\/wp-content\\\/uploads\\\/2014\\\/12\\\/aa_Persianas-cerradas01.jpg\",\"contentUrl\":\"https:\\\/\\\/veredes.es\\\/blog\\\/wp-content\\\/uploads\\\/2014\\\/12\\\/aa_Persianas-cerradas01.jpg\",\"width\":\"785\",\"height\":\"522\"},{\"@type\":\"BreadcrumbList\",\"@id\":\"https:\\\/\\\/veredes.es\\\/blog\\\/persianas-cerradas-ferrol-2014-ana-amado\\\/#breadcrumb\",\"itemListElement\":[{\"@type\":\"ListItem\",\"position\":1,\"name\":\"Portada\",\"item\":\"https:\\\/\\\/veredes.es\\\/blog\\\/\"},{\"@type\":\"ListItem\",\"position\":2,\"name\":\"Persianas cerradas: Ferrol 2014 | Ana Amado\"}]},{\"@type\":\"WebSite\",\"@id\":\"https:\\\/\\\/veredes.es\\\/blog\\\/#website\",\"url\":\"https:\\\/\\\/veredes.es\\\/blog\\\/\",\"name\":\"veredes, arquitectura y divulgaci\u00f3n\",\"description\":\"veredes\",\"publisher\":{\"@id\":\"https:\\\/\\\/veredes.es\\\/blog\\\/#organization\"},\"alternateName\":\"veredes\",\"potentialAction\":[{\"@type\":\"SearchAction\",\"target\":{\"@type\":\"EntryPoint\",\"urlTemplate\":\"https:\\\/\\\/veredes.es\\\/blog\\\/?s={search_term_string}\"},\"query-input\":{\"@type\":\"PropertyValueSpecification\",\"valueRequired\":true,\"valueName\":\"search_term_string\"}}],\"inLanguage\":\"es\"},{\"@type\":\"Organization\",\"@id\":\"https:\\\/\\\/veredes.es\\\/blog\\\/#organization\",\"name\":\"veredes, arquitectura y divulgaci\u00f3n\",\"alternateName\":\"veredes\",\"url\":\"https:\\\/\\\/veredes.es\\\/blog\\\/\",\"logo\":{\"@type\":\"ImageObject\",\"inLanguage\":\"es\",\"@id\":\"https:\\\/\\\/veredes.es\\\/blog\\\/#\\\/schema\\\/logo\\\/image\\\/\",\"url\":\"https:\\\/\\\/veredes.es\\\/blog\\\/wp-content\\\/uploads\\\/2021\\\/12\\\/veredes-logo-centrado_140x54.png\",\"contentUrl\":\"https:\\\/\\\/veredes.es\\\/blog\\\/wp-content\\\/uploads\\\/2021\\\/12\\\/veredes-logo-centrado_140x54.png\",\"width\":140,\"height\":54,\"caption\":\"veredes, arquitectura y divulgaci\u00f3n\"},\"image\":{\"@id\":\"https:\\\/\\\/veredes.es\\\/blog\\\/#\\\/schema\\\/logo\\\/image\\\/\"},\"sameAs\":[\"https:\\\/\\\/www.facebook.com\\\/veredesArquitecturayDivulgacion\\\/\",\"https:\\\/\\\/x.com\\\/veredes\",\"https:\\\/\\\/instagram.com\\\/veredes\\\/\",\"https:\\\/\\\/www.linkedin.com\\\/company\\\/veredes-arquitectura-y-divulgacion\\\/\",\"https:\\\/\\\/es.pinterest.com\\\/veredes\\\/\",\"https:\\\/\\\/www.tumblr.com\\\/veredes\"]},{\"@type\":\"Person\",\"@id\":\"https:\\\/\\\/veredes.es\\\/blog\\\/#\\\/schema\\\/person\\\/0bbb669073ef7faba5168a0844e93d2c\",\"name\":\"veredes\",\"image\":{\"@type\":\"ImageObject\",\"inLanguage\":\"es\",\"@id\":\"https:\\\/\\\/veredes.es\\\/blog\\\/wp-content\\\/uploads\\\/2018\\\/04\\\/face-96x96.jpg\",\"url\":\"https:\\\/\\\/veredes.es\\\/blog\\\/wp-content\\\/uploads\\\/2018\\\/04\\\/face-96x96.jpg\",\"contentUrl\":\"https:\\\/\\\/veredes.es\\\/blog\\\/wp-content\\\/uploads\\\/2018\\\/04\\\/face-96x96.jpg\",\"caption\":\"veredes\"},\"description\":\"Surge enero de 2009 como b\u00fasqueda de satisfacer el conocimiento de la actividad arquitect\u00f3nica y tangentes que se generan. La idea es crear un espacio para divulgar los diversos proyectos en busca de nueva inspiraci\u00f3n y de intercambio.\",\"sameAs\":[\"https:\\\/\\\/veredes.es\\\/\",\"https:\\\/\\\/www.facebook.com\\\/veredesArquitecturayDivulgacion\\\/\",\"https:\\\/\\\/www.instagram.com\\\/veredes\\\/\",\"https:\\\/\\\/www.linkedin.com\\\/company\\\/veredes-arquitectura-y-divulgacion\\\/\",\"https:\\\/\\\/www.pinterest.es\\\/veredes\\\/\",\"https:\\\/\\\/x.com\\\/https:\\\/\\\/twitter.com\\\/veredes\",\"https:\\\/\\\/veredes.tumblr.com\\\/\"],\"url\":\"https:\\\/\\\/veredes.es\\\/blog\\\/author\\\/alberto\\\/\"}]}<\/script>\n<!-- \/ Yoast SEO plugin. -->","yoast_head_json":{"title":"Persianas cerradas: Ferrol 2014 | Ana Amado","description":"Persianas cerradas","robots":{"index":"index","follow":"follow","max-snippet":"max-snippet:-1","max-image-preview":"max-image-preview:large","max-video-preview":"max-video-preview:-1"},"canonical":"https:\/\/veredes.es\/blog\/persianas-cerradas-ferrol-2014-ana-amado\/","og_locale":"es_ES","og_type":"article","og_title":"Persianas cerradas: Ferrol 2014 | Ana Amado","og_description":"Persianas cerradas","og_url":"https:\/\/veredes.es\/blog\/persianas-cerradas-ferrol-2014-ana-amado\/","og_site_name":"veredes, arquitectura y divulgaci\u00f3n","article_publisher":"https:\/\/www.facebook.com\/veredesArquitecturayDivulgacion\/","article_author":"https:\/\/www.facebook.com\/veredesArquitecturayDivulgacion\/","article_published_time":"2015-01-14T06:06:35+00:00","article_modified_time":"2021-07-20T15:24:14+00:00","og_image":[{"width":785,"height":522,"url":"https:\/\/veredes.es\/blog\/wp-content\/uploads\/2014\/12\/aa_Persianas-cerradas01.jpg","type":"image\/jpeg"}],"author":"veredes","twitter_card":"summary_large_image","twitter_creator":"@https:\/\/twitter.com\/veredes","twitter_site":"@veredes","twitter_misc":{"Escrito por":"veredes","Tiempo de lectura":"12 minutos"},"schema":{"@context":"https:\/\/schema.org","@graph":[{"@type":"Article","@id":"https:\/\/veredes.es\/blog\/persianas-cerradas-ferrol-2014-ana-amado\/#article","isPartOf":{"@id":"https:\/\/veredes.es\/blog\/persianas-cerradas-ferrol-2014-ana-amado\/"},"author":{"name":"veredes","@id":"https:\/\/veredes.es\/blog\/#\/schema\/person\/0bbb669073ef7faba5168a0844e93d2c"},"headline":"Persianas cerradas: Ferrol 2014 | Ana Amado","datePublished":"2015-01-14T06:06:35+00:00","dateModified":"2021-07-20T15:24:14+00:00","mainEntityOfPage":{"@id":"https:\/\/veredes.es\/blog\/persianas-cerradas-ferrol-2014-ana-amado\/"},"wordCount":2508,"commentCount":0,"publisher":{"@id":"https:\/\/veredes.es\/blog\/#organization"},"image":{"@id":"https:\/\/veredes.es\/blog\/persianas-cerradas-ferrol-2014-ana-amado\/#primaryimage"},"thumbnailUrl":"https:\/\/veredes.es\/blog\/wp-content\/uploads\/2014\/12\/aa_Persianas-cerradas01.jpg","keywords":["Ana Amado","arquitectura gallega","arte","ciudad","espacio p\u00fablico","Ferrol","fotograf\u00eda","Galicia","Georg Simmel","james joyce","patrimonio","roberto amado castro","sociedad"],"articleSection":["arte","fotograf\u00eda","obras"],"inLanguage":"es","potentialAction":[{"@type":"CommentAction","name":"Comment","target":["https:\/\/veredes.es\/blog\/persianas-cerradas-ferrol-2014-ana-amado\/#respond"]}]},{"@type":"WebPage","@id":"https:\/\/veredes.es\/blog\/persianas-cerradas-ferrol-2014-ana-amado\/","url":"https:\/\/veredes.es\/blog\/persianas-cerradas-ferrol-2014-ana-amado\/","name":"Persianas cerradas: Ferrol 2014 | Ana Amado","isPartOf":{"@id":"https:\/\/veredes.es\/blog\/#website"},"primaryImageOfPage":{"@id":"https:\/\/veredes.es\/blog\/persianas-cerradas-ferrol-2014-ana-amado\/#primaryimage"},"image":{"@id":"https:\/\/veredes.es\/blog\/persianas-cerradas-ferrol-2014-ana-amado\/#primaryimage"},"thumbnailUrl":"https:\/\/veredes.es\/blog\/wp-content\/uploads\/2014\/12\/aa_Persianas-cerradas01.jpg","datePublished":"2015-01-14T06:06:35+00:00","dateModified":"2021-07-20T15:24:14+00:00","description":"Persianas cerradas","breadcrumb":{"@id":"https:\/\/veredes.es\/blog\/persianas-cerradas-ferrol-2014-ana-amado\/#breadcrumb"},"inLanguage":"es","potentialAction":[{"@type":"ReadAction","target":["https:\/\/veredes.es\/blog\/persianas-cerradas-ferrol-2014-ana-amado\/"]}]},{"@type":"ImageObject","inLanguage":"es","@id":"https:\/\/veredes.es\/blog\/persianas-cerradas-ferrol-2014-ana-amado\/#primaryimage","url":"https:\/\/veredes.es\/blog\/wp-content\/uploads\/2014\/12\/aa_Persianas-cerradas01.jpg","contentUrl":"https:\/\/veredes.es\/blog\/wp-content\/uploads\/2014\/12\/aa_Persianas-cerradas01.jpg","width":"785","height":"522"},{"@type":"BreadcrumbList","@id":"https:\/\/veredes.es\/blog\/persianas-cerradas-ferrol-2014-ana-amado\/#breadcrumb","itemListElement":[{"@type":"ListItem","position":1,"name":"Portada","item":"https:\/\/veredes.es\/blog\/"},{"@type":"ListItem","position":2,"name":"Persianas cerradas: Ferrol 2014 | Ana Amado"}]},{"@type":"WebSite","@id":"https:\/\/veredes.es\/blog\/#website","url":"https:\/\/veredes.es\/blog\/","name":"veredes, arquitectura y divulgaci\u00f3n","description":"veredes","publisher":{"@id":"https:\/\/veredes.es\/blog\/#organization"},"alternateName":"veredes","potentialAction":[{"@type":"SearchAction","target":{"@type":"EntryPoint","urlTemplate":"https:\/\/veredes.es\/blog\/?s={search_term_string}"},"query-input":{"@type":"PropertyValueSpecification","valueRequired":true,"valueName":"search_term_string"}}],"inLanguage":"es"},{"@type":"Organization","@id":"https:\/\/veredes.es\/blog\/#organization","name":"veredes, arquitectura y divulgaci\u00f3n","alternateName":"veredes","url":"https:\/\/veredes.es\/blog\/","logo":{"@type":"ImageObject","inLanguage":"es","@id":"https:\/\/veredes.es\/blog\/#\/schema\/logo\/image\/","url":"https:\/\/veredes.es\/blog\/wp-content\/uploads\/2021\/12\/veredes-logo-centrado_140x54.png","contentUrl":"https:\/\/veredes.es\/blog\/wp-content\/uploads\/2021\/12\/veredes-logo-centrado_140x54.png","width":140,"height":54,"caption":"veredes, arquitectura y divulgaci\u00f3n"},"image":{"@id":"https:\/\/veredes.es\/blog\/#\/schema\/logo\/image\/"},"sameAs":["https:\/\/www.facebook.com\/veredesArquitecturayDivulgacion\/","https:\/\/x.com\/veredes","https:\/\/instagram.com\/veredes\/","https:\/\/www.linkedin.com\/company\/veredes-arquitectura-y-divulgacion\/","https:\/\/es.pinterest.com\/veredes\/","https:\/\/www.tumblr.com\/veredes"]},{"@type":"Person","@id":"https:\/\/veredes.es\/blog\/#\/schema\/person\/0bbb669073ef7faba5168a0844e93d2c","name":"veredes","image":{"@type":"ImageObject","inLanguage":"es","@id":"https:\/\/veredes.es\/blog\/wp-content\/uploads\/2018\/04\/face-96x96.jpg","url":"https:\/\/veredes.es\/blog\/wp-content\/uploads\/2018\/04\/face-96x96.jpg","contentUrl":"https:\/\/veredes.es\/blog\/wp-content\/uploads\/2018\/04\/face-96x96.jpg","caption":"veredes"},"description":"Surge enero de 2009 como b\u00fasqueda de satisfacer el conocimiento de la actividad arquitect\u00f3nica y tangentes que se generan. La idea es crear un espacio para divulgar los diversos proyectos en busca de nueva inspiraci\u00f3n y de intercambio.","sameAs":["https:\/\/veredes.es\/","https:\/\/www.facebook.com\/veredesArquitecturayDivulgacion\/","https:\/\/www.instagram.com\/veredes\/","https:\/\/www.linkedin.com\/company\/veredes-arquitectura-y-divulgacion\/","https:\/\/www.pinterest.es\/veredes\/","https:\/\/x.com\/https:\/\/twitter.com\/veredes","https:\/\/veredes.tumblr.com\/"],"url":"https:\/\/veredes.es\/blog\/author\/alberto\/"}]}},"_links":{"self":[{"href":"https:\/\/veredes.es\/blog\/wp-json\/wp\/v2\/posts\/49492","targetHints":{"allow":["GET"]}}],"collection":[{"href":"https:\/\/veredes.es\/blog\/wp-json\/wp\/v2\/posts"}],"about":[{"href":"https:\/\/veredes.es\/blog\/wp-json\/wp\/v2\/types\/post"}],"author":[{"embeddable":true,"href":"https:\/\/veredes.es\/blog\/wp-json\/wp\/v2\/users\/2"}],"replies":[{"embeddable":true,"href":"https:\/\/veredes.es\/blog\/wp-json\/wp\/v2\/comments?post=49492"}],"version-history":[{"count":0,"href":"https:\/\/veredes.es\/blog\/wp-json\/wp\/v2\/posts\/49492\/revisions"}],"wp:featuredmedia":[{"embeddable":true,"href":"https:\/\/veredes.es\/blog\/wp-json\/wp\/v2\/media\/49493"}],"wp:attachment":[{"href":"https:\/\/veredes.es\/blog\/wp-json\/wp\/v2\/media?parent=49492"}],"wp:term":[{"taxonomy":"category","embeddable":true,"href":"https:\/\/veredes.es\/blog\/wp-json\/wp\/v2\/categories?post=49492"},{"taxonomy":"post_tag","embeddable":true,"href":"https:\/\/veredes.es\/blog\/wp-json\/wp\/v2\/tags?post=49492"}],"curies":[{"name":"wp","href":"https:\/\/api.w.org\/{rel}","templated":true}]}}