{"id":49392,"date":"2015-01-08T06:46:09","date_gmt":"2015-01-08T05:46:09","guid":{"rendered":"http:\/\/veredes.es\/blog\/?p=49392"},"modified":"2019-02-01T18:02:06","modified_gmt":"2019-02-01T17:02:06","slug":"edificios","status":"publish","type":"post","link":"https:\/\/veredes.es\/blog\/edificios\/","title":{"rendered":"Edificios"},"content":{"rendered":"<p><\/p>\n<p style=\"text-align: justify;\"><strong>\u2018Edificios\u2019 propone un viaje por la arquitectura espa\u00f1ola contempor\u00e1nea en compa\u00f1\u00eda de m\u00e1s de treinta arquitectos de prestigio que contar\u00e1n las claves de su obra m\u00e1s reciente. En las pr\u00f3ximas semanas la nueva serie de La 2, que dirige Marina Collazo, se asomar\u00e1 a escuelas, hospitales, centros culturales, casas, edificios industriales, centros de interpretaci\u00f3n y auditorios, agrupados tem\u00e1ticamente.<\/strong><\/p>\n<p style=\"text-align: justify;\">A pesar de la crisis en el sector, Espa\u00f1a en un referente de arquitectura a nivel mundial. La arquitectura contempor\u00e1nea espa\u00f1ola de los \u00faltimos veinte a\u00f1os es la expresi\u00f3n de un gran colectivo de arquitectos con una creatividad e identidad propias, y una excelencia profesional reconocida en todo el planeta.<\/p>\n<p style=\"text-align: justify;\"><strong>\u2018Edificios\u2019<\/strong>\u00a0mostrar\u00e1 cada s\u00e1bado en\u00a0<strong>La 2\u00a0<\/strong>esta \u00faltima arquitectura, a lo largo de ocho cap\u00edtulos en los que entrar\u00e1 en escuelas, hospitales, centros culturales, casas, edificios industriales, centros de interpretaci\u00f3n y auditorios. Todos los edificios seleccionados son construcciones muy recientes; en algunos perviven los ecos de \u00e9pocas de bonanza y en otras el esp\u00edritu mucho m\u00e1s austero que evidencia los cambios en nuestro pa\u00eds en la \u00faltima d\u00e9cada.<\/p>\n<p style=\"text-align: justify;\">M\u00e1s de 30 arquitectos de prestigio analizar\u00e1n sus edificios. El programa mostrar\u00e1, entre otros, el Palacio de Congresos de Cartagena, El Batel, de Selgascano; la Escuela en el barrio de La Milagrosa, en Pamplona, de Pereda-P\u00e9rez; Cineteca Matadero, de Churtichaga-De la Quadra; la Casa para tres hermanas, de Blancafort-Reus y el Campo de Cebada, de Zuloark.<\/p>\n<p style=\"text-align: justify;\">La serie agrupar\u00e1 los edificios tem\u00e1ticamente en los siguientes cap\u00edtulos: \u2018Arquitectura industrial\u2019, \u2018Tradici\u00f3n contempor\u00e1nea\u2019, \u2018Escena mediterr\u00e1nea\u2019, \u2018Educaci\u00f3n en contexto\u2019, \u2018Entre \u00e1rboles\u2019, \u2018Sanidad a distintas escalas\u2019, \u2018Colectivos\u2019 y \u2018Centros de interpretaci\u00f3n\u2019.<\/p>\n<div style=\"width: 100%; padding-top: 64%; position: relative; border-bottom: 1px solid #aaa; display: inline-block; background: rgba(255,255,255,0.9);\">\n<p><iframe loading=\"lazy\" style=\"width: 100%; height: 90%; position: absolute; left: 0; top: 0; overflow: hidden;\" src=\"http:\/\/www.rtve.es\/drmn\/embed\/video\/2852294\" name=\"Arquitectura industrial\" width=\"320\" height=\"240\" frameborder=\"0\" scrolling=\"no\"><\/iframe><\/p>\n<div style=\"position: absolute; bottom: 0; left: 0; font-family: arial,helvetica,sans-serif; font-size: 12px; line-height: 1.833; display: inline-block; padding: 5px 0 5px 10px;\"><span style=\"float: left; margin-right: 10px;\"><img decoding=\"async\" style=\"height: 20px; width: auto; background: transparent; padding: 0; margin: 0;\" src=\"http:\/\/img.irtve.es\/css\/rtve.commons\/rtve.header.footer\/i\/logoRTVEes.png\" alt=\"\" \/><\/span> <a style=\"color: #333; font-weight: bold;\" title=\"Arquitectura industrial\" href=\"http:\/\/www.rtve.es\/alacarta\/videos\/edificios\/edificios-arquitectura-industrial\/2852294\/\"><strong>Arquitectura industrial<\/strong><\/a><\/div>\n<\/div>\n<div style=\"width: 100%; padding-top: 64%; position: relative; border-bottom: 1px solid #aaa; display: inline-block; background: rgba(255,255,255,0.9);\">\n<p><iframe loading=\"lazy\" style=\"width: 100%; height: 90%; position: absolute; left: 0; top: 0; overflow: hidden;\" src=\"http:\/\/www.rtve.es\/drmn\/embed\/video\/2860996\" name=\"Tradici\u00f3n contempor\u00e1nea\" width=\"320\" height=\"240\" frameborder=\"0\" scrolling=\"no\"><\/iframe><\/p>\n<div style=\"position: absolute; bottom: 0; left: 0; font-family: arial,helvetica,sans-serif; font-size: 12px; line-height: 1.833; display: inline-block; padding: 5px 0 5px 10px;\"><span style=\"float: left; margin-right: 10px;\"><img decoding=\"async\" style=\"height: 20px; width: auto; background: transparent; padding: 0; margin: 0;\" src=\"http:\/\/img.irtve.es\/css\/rtve.commons\/rtve.header.footer\/i\/logoRTVEes.png\" alt=\"\" \/><\/span> <a style=\"color: #333; font-weight: bold;\" title=\"Tradici\u00f3n contempor\u00e1nea\" href=\"http:\/\/www.rtve.es\/alacarta\/videos\/edificios\/edificios-tradicion-contemporanea\/2860996\/\"><strong>Tradici\u00f3n contempor\u00e1nea<\/strong><\/a><\/div>\n<\/div>\n<div style=\"width: 100%; padding-top: 64%; position: relative; border-bottom: 1px solid #aaa; display: inline-block; background: rgba(255,255,255,0.9);\">\n<p><iframe loading=\"lazy\" style=\"width: 100%; height: 90%; position: absolute; left: 0; top: 0; overflow: hidden;\" src=\"http:\/\/www.rtve.es\/drmn\/embed\/video\/2870438\" name=\"Escena mediterr\u00e1nea\" width=\"320\" height=\"240\" frameborder=\"0\" scrolling=\"no\"><\/iframe><\/p>\n<div style=\"position: absolute; bottom: 0; left: 0; font-family: arial,helvetica,sans-serif; font-size: 12px; line-height: 1.833; display: inline-block; padding: 5px 0 5px 10px;\"><span style=\"float: left; margin-right: 10px;\"><img decoding=\"async\" style=\"height: 20px; width: auto; background: transparent; padding: 0; margin: 0;\" src=\"http:\/\/img.irtve.es\/css\/rtve.commons\/rtve.header.footer\/i\/logoRTVEes.png\" alt=\"\" \/><\/span> <a style=\"color: #333; font-weight: bold;\" title=\"Escena mediterr\u00e1nea\" href=\"http:\/\/www.rtve.es\/alacarta\/videos\/edificios\/edificios-escena-mediterranea\/4936065\/\"><strong>Escena mediterr\u00e1nea<\/strong><\/a><\/div>\n<\/div>\n<div style=\"width: 100%; padding-top: 64%; position: relative; border-bottom: 1px solid #aaa; display: inline-block; background: rgba(255,255,255,0.9);\">\n<p><iframe loading=\"lazy\" style=\"width: 100%; height: 90%; position: absolute; left: 0; top: 0; overflow: hidden;\" src=\"http:\/\/www.rtve.es\/drmn\/embed\/video\/2881479\" name=\"Educaci\u00f3n en contexto\" width=\"320\" height=\"240\" frameborder=\"0\" scrolling=\"no\"><\/iframe><\/p>\n<div style=\"position: absolute; bottom: 0; left: 0; font-family: arial,helvetica,sans-serif; font-size: 12px; line-height: 1.833; display: inline-block; padding: 5px 0 5px 10px;\"><span style=\"float: left; margin-right: 10px;\"><img decoding=\"async\" style=\"height: 20px; width: auto; background: transparent; padding: 0; margin: 0;\" src=\"http:\/\/img.irtve.es\/css\/rtve.commons\/rtve.header.footer\/i\/logoRTVEes.png\" alt=\"\" \/><\/span> <a style=\"color: #333; font-weight: bold;\" title=\"Educaci\u00f3n en contexto\" href=\"http:\/\/www.rtve.es\/alacarta\/ \"><strong>Educaci\u00f3n en contexto<\/strong><\/a><\/div>\n<\/div>\n<div style=\"width: 100%; padding-top: 64%; position: relative; border-bottom: 1px solid #aaa; display: inline-block; background: rgba(255,255,255,0.9);\">\n<p><iframe loading=\"lazy\" style=\"width: 100%; height: 90%; position: absolute; left: 0; top: 0; overflow: hidden;\" src=\"http:\/\/www.rtve.es\/drmn\/embed\/video\/2893239\" name=\"Entre \u00e1rboles\" width=\"320\" height=\"240\" frameborder=\"0\" scrolling=\"no\"><\/iframe><\/p>\n<div style=\"position: absolute; bottom: 0; left: 0; font-family: arial,helvetica,sans-serif; font-size: 12px; line-height: 1.833; display: inline-block; padding: 5px 0 5px 10px;\"><span style=\"float: left; margin-right: 10px;\"><img decoding=\"async\" style=\"height: 20px; width: auto; background: transparent; padding: 0; margin: 0;\" src=\"http:\/\/img.irtve.es\/css\/rtve.commons\/rtve.header.footer\/i\/logoRTVEes.png\" alt=\"\" \/><\/span> <a style=\"color: #333; font-weight: bold;\" title=\"Entre \u00e1rboles\" href=\"http:\/\/www.rtve.es\/alacarta\/videos\/edificios\/edificios-entre-arboles\/2893239\/\"><strong>Entre \u00e1rboles<\/strong><\/a><\/div>\n<\/div>\n<div style=\"width: 100%; padding-top: 64%; position: relative; border-bottom: 1px solid #aaa; display: inline-block; background: rgba(255,255,255,0.9);\">\n<p><iframe loading=\"lazy\" style=\"width: 100%; height: 90%; position: absolute; left: 0; top: 0; overflow: hidden;\" src=\"http:\/\/www.rtve.es\/drmn\/embed\/video\/2905715\" name=\"Sanidad a distintas escalas\" width=\"320\" height=\"240\" frameborder=\"0\" scrolling=\"no\"><\/iframe><\/p>\n<div style=\"position: absolute; bottom: 0; left: 0; font-family: arial,helvetica,sans-serif; font-size: 12px; line-height: 1.833; display: inline-block; padding: 5px 0 5px 10px;\"><span style=\"float: left; margin-right: 10px;\"><img decoding=\"async\" style=\"height: 20px; width: auto; background: transparent; padding: 0; margin: 0;\" src=\"http:\/\/img.irtve.es\/css\/rtve.commons\/rtve.header.footer\/i\/logoRTVEes.png\" alt=\"\" \/><\/span> <a style=\"color: #333; font-weight: bold;\" title=\"Sanidad a distintas escalas\" href=\"http:\/\/www.rtve.es\/alacarta\/videos\/edificios\/edificios-sanidad-distintas-escalas\/2905715\/\"><strong>Sanidad a distintas escalas<\/strong><\/a><\/div>\n<\/div>\n<div style=\"width: 100%; padding-top: 64%; position: relative; border-bottom: 1px solid #aaa; display: inline-block; background: rgba(255,255,255,0.9);\">\n<p><iframe loading=\"lazy\" style=\"width: 100%; height: 90%; position: absolute; left: 0; top: 0; overflow: hidden;\" src=\"http:\/\/www.rtve.es\/drmn\/embed\/video\/2920382\" name=\"Colectivos\" width=\"320\" height=\"240\" frameborder=\"0\" scrolling=\"no\"><\/iframe><\/p>\n<div style=\"position: absolute; bottom: 0; left: 0; font-family: arial,helvetica,sans-serif; font-size: 12px; line-height: 1.833; display: inline-block; padding: 5px 0 5px 10px;\"><span style=\"float: left; margin-right: 10px;\"><img decoding=\"async\" style=\"height: 20px; width: auto; background: transparent; padding: 0; margin: 0;\" src=\"http:\/\/img.irtve.es\/css\/rtve.commons\/rtve.header.footer\/i\/logoRTVEes.png\" alt=\"\" \/><\/span> <a style=\"color: #333; font-weight: bold;\" title=\"Colectivos\" href=\"http:\/\/www.rtve.es\/alacarta\/videos\/edificios\/edificios-colectivos\/2920382\/\"><strong>Colectivos<\/strong><\/a><\/div>\n<\/div>\n<div style=\"width: 100%; padding-top: 64%; position: relative; border-bottom: 1px solid #aaa; display: inline-block; background: rgba(255,255,255,0.9);\">\n<p><iframe loading=\"lazy\" style=\"width: 100%; height: 90%; position: absolute; left: 0; top: 0; overflow: hidden;\" src=\"http:\/\/www.rtve.es\/drmn\/embed\/video\/2929956\" name=\"Centros de interpretaci\u00f3n\" width=\"320\" height=\"240\" frameborder=\"0\" scrolling=\"no\"><\/iframe><\/p>\n<div style=\"position: absolute; bottom: 0; left: 0; font-family: arial,helvetica,sans-serif; font-size: 12px; line-height: 1.833; display: inline-block; padding: 5px 0 5px 10px;\"><span style=\"float: left; margin-right: 10px;\"><img decoding=\"async\" style=\"height: 20px; width: auto; background: transparent; padding: 0; margin: 0;\" src=\"http:\/\/img.irtve.es\/css\/rtve.commons\/rtve.header.footer\/i\/logoRTVEes.png\" alt=\"\" \/><\/span> <a style=\"color: #333; font-weight: bold;\" title=\"Centros de interpretaci\u00f3n\" href=\"http:\/\/www.rtve.es\/alacarta\/videos\/edificios\/edificios-271214-1200-169\/2929956\/\"><strong>Centros de interpretaci\u00f3n<\/strong><\/a><\/div>\n<\/div>\n<p><\/p>","protected":false},"excerpt":{"rendered":"<p>\u2018Edificios\u2019 propone un viaje por la arquitectura espa\u00f1ola contempor\u00e1nea en compa\u00f1\u00eda de m\u00e1s de treinta arquitectos de prestigio que contar\u00e1n las claves de su obra m\u00e1s reciente. En las pr\u00f3ximas semanas la nueva serie de La 2, que dirige Marina Collazo, se asomar\u00e1 a escuelas, hospitales, centros culturales, casas, edificios industriales, centros de interpretaci\u00f3n y [&hellip;]<\/p>\n","protected":false},"author":2,"featured_media":49394,"comment_status":"open","ping_status":"closed","sticky":false,"template":"","format":"standard","meta":{"footnotes":""},"categories":[4854],"tags":[2631,145,150,7857,11381,1899,6627,5616,2193,434,11384,12456,12443,12451,11383,8836,4827,11385,8116,5455,12474,11386,4006],"class_list":{"0":"post-49392","1":"post","2":"type-post","3":"status-publish","4":"format-standard","5":"has-post-thumbnail","8":"tag-arquitectura-espanola","9":"tag-arquitectura-industrial","10":"tag-arquitectura-tradicional","11":"tag-blancafort-reus-arquitectos","12":"tag-cayetana-de-la-quadra-salcedo","13":"tag-centro-de-interpretacion","14":"tag-churtichagaquadra-salcedo-arquitectos","15":"tag-colectivo-zuloark","16":"tag-colectivos","17":"tag-documental","18":"tag-enrique-nieto","19":"tag-equipamiento-cultural","20":"tag-equipamiento-docente","21":"tag-equipamiento-sanitario","22":"tag-fernando-de-retes","23":"tag-josemaria-de-churtichaga","24":"tag-langarita-navarro","25":"tag-maria-langarita","26":"tag-pereda-perez-arquitectos","27":"tag-selgascano","28":"tag-tv","29":"tag-victor-navarro","30":"tag-zuloark"},"yoast_head":"<!-- This site is optimized with the Yoast SEO plugin v27.4 - https:\/\/yoast.com\/product\/yoast-seo-wordpress\/ -->\n<title>Edificios - veredes<\/title>\n<meta name=\"description\" content=\"Toda la informaci\u00f3n sobre: [:es]Edificios[:gl]Edificios[:en]Buildings[:]\" \/>\n<meta name=\"robots\" content=\"index, follow, max-snippet:-1, max-image-preview:large, max-video-preview:-1\" \/>\n<link rel=\"canonical\" href=\"https:\/\/veredes.es\/blog\/edificios\/\" \/>\n<meta property=\"og:locale\" content=\"es_ES\" \/>\n<meta property=\"og:type\" content=\"article\" \/>\n<meta property=\"og:title\" content=\"[:es]Edificios[:gl]Edificios[:en]Buildings[:] - veredes\" \/>\n<meta property=\"og:description\" content=\"Toda la informaci\u00f3n sobre: [:es]Edificios[:gl]Edificios[:en]Buildings[:]\" \/>\n<meta property=\"og:url\" content=\"https:\/\/veredes.es\/blog\/edificios\/\" \/>\n<meta property=\"og:site_name\" content=\"veredes, arquitectura y divulgaci\u00f3n\" \/>\n<meta property=\"article:publisher\" content=\"https:\/\/www.facebook.com\/veredesArquitecturayDivulgacion\/\" \/>\n<meta property=\"article:author\" content=\"https:\/\/www.facebook.com\/veredesArquitecturayDivulgacion\/\" \/>\n<meta property=\"article:published_time\" content=\"2015-01-08T05:46:09+00:00\" \/>\n<meta property=\"article:modified_time\" content=\"2019-02-01T17:02:06+00:00\" \/>\n<meta property=\"og:image\" content=\"https:\/\/veredes.es\/blog\/wp-content\/uploads\/2014\/12\/1415354624371.jpg\" \/>\n\t<meta property=\"og:image:width\" content=\"625\" \/>\n\t<meta property=\"og:image:height\" content=\"685\" \/>\n\t<meta property=\"og:image:type\" content=\"image\/jpeg\" \/>\n<meta name=\"author\" content=\"veredes\" \/>\n<meta name=\"twitter:card\" content=\"summary_large_image\" \/>\n<meta name=\"twitter:creator\" content=\"@https:\/\/twitter.com\/veredes\" \/>\n<meta name=\"twitter:site\" content=\"@veredes\" \/>\n<meta name=\"twitter:label1\" content=\"Escrito por\" \/>\n\t<meta name=\"twitter:data1\" content=\"veredes\" \/>\n\t<meta name=\"twitter:label2\" content=\"Tiempo de lectura\" \/>\n\t<meta name=\"twitter:data2\" content=\"5 minutos\" \/>\n<script type=\"application\/ld+json\" class=\"yoast-schema-graph\">{\"@context\":\"https:\\\/\\\/schema.org\",\"@graph\":[{\"@type\":\"Article\",\"@id\":\"https:\\\/\\\/veredes.es\\\/blog\\\/edificios\\\/#article\",\"isPartOf\":{\"@id\":\"https:\\\/\\\/veredes.es\\\/blog\\\/edificios\\\/\"},\"author\":{\"name\":\"veredes\",\"@id\":\"https:\\\/\\\/veredes.es\\\/blog\\\/#\\\/schema\\\/person\\\/0bbb669073ef7faba5168a0844e93d2c\"},\"headline\":\"Edificios\",\"datePublished\":\"2015-01-08T05:46:09+00:00\",\"dateModified\":\"2019-02-01T17:02:06+00:00\",\"mainEntityOfPage\":{\"@id\":\"https:\\\/\\\/veredes.es\\\/blog\\\/edificios\\\/\"},\"wordCount\":915,\"commentCount\":0,\"publisher\":{\"@id\":\"https:\\\/\\\/veredes.es\\\/blog\\\/#organization\"},\"image\":{\"@id\":\"https:\\\/\\\/veredes.es\\\/blog\\\/edificios\\\/#primaryimage\"},\"thumbnailUrl\":\"https:\\\/\\\/veredes.es\\\/blog\\\/wp-content\\\/uploads\\\/2014\\\/12\\\/1415354624371.jpg\",\"keywords\":[\"arquitectura espa\u00f1ola\",\"arquitectura industrial\",\"arquitectura tradicional\",\"Blancafort Reus Arquitectos\",\"cayetana de la quadra-salcedo\",\"centro de interpretaci\u00f3n\",\"churtichaga+quadra-salcedo arquitectos\",\"colectivo zuloark\",\"colectivos\",\"documental\",\"Enrique Nieto\",\"equipamiento cultural\",\"equipamiento docente\",\"equipamiento sanitario\",\"fernando de retes\",\"Josemar\u00eda de Churtichaga\",\"Langarita-Navarro\",\"Mar\u00eda Langarita\",\"pereda p\u00e9rez arquitectos\",\"selgascano\",\"tv\",\"v\u00edctor navarro\",\"zuloark\"],\"articleSection\":[\"tv\"],\"inLanguage\":\"es\",\"potentialAction\":[{\"@type\":\"CommentAction\",\"name\":\"Comment\",\"target\":[\"https:\\\/\\\/veredes.es\\\/blog\\\/edificios\\\/#respond\"]}]},{\"@type\":\"WebPage\",\"@id\":\"https:\\\/\\\/veredes.es\\\/blog\\\/edificios\\\/\",\"url\":\"https:\\\/\\\/veredes.es\\\/blog\\\/edificios\\\/\",\"name\":\"[:es]Edificios[:gl]Edificios[:en]Buildings[:] - veredes\",\"isPartOf\":{\"@id\":\"https:\\\/\\\/veredes.es\\\/blog\\\/#website\"},\"primaryImageOfPage\":{\"@id\":\"https:\\\/\\\/veredes.es\\\/blog\\\/edificios\\\/#primaryimage\"},\"image\":{\"@id\":\"https:\\\/\\\/veredes.es\\\/blog\\\/edificios\\\/#primaryimage\"},\"thumbnailUrl\":\"https:\\\/\\\/veredes.es\\\/blog\\\/wp-content\\\/uploads\\\/2014\\\/12\\\/1415354624371.jpg\",\"datePublished\":\"2015-01-08T05:46:09+00:00\",\"dateModified\":\"2019-02-01T17:02:06+00:00\",\"description\":\"Toda la informaci\u00f3n sobre: [:es]Edificios[:gl]Edificios[:en]Buildings[:]\",\"breadcrumb\":{\"@id\":\"https:\\\/\\\/veredes.es\\\/blog\\\/edificios\\\/#breadcrumb\"},\"inLanguage\":\"es\",\"potentialAction\":[{\"@type\":\"ReadAction\",\"target\":[\"https:\\\/\\\/veredes.es\\\/blog\\\/edificios\\\/\"]}]},{\"@type\":\"ImageObject\",\"inLanguage\":\"es\",\"@id\":\"https:\\\/\\\/veredes.es\\\/blog\\\/edificios\\\/#primaryimage\",\"url\":\"https:\\\/\\\/veredes.es\\\/blog\\\/wp-content\\\/uploads\\\/2014\\\/12\\\/1415354624371.jpg\",\"contentUrl\":\"https:\\\/\\\/veredes.es\\\/blog\\\/wp-content\\\/uploads\\\/2014\\\/12\\\/1415354624371.jpg\",\"width\":\"625\",\"height\":\"685\"},{\"@type\":\"BreadcrumbList\",\"@id\":\"https:\\\/\\\/veredes.es\\\/blog\\\/edificios\\\/#breadcrumb\",\"itemListElement\":[{\"@type\":\"ListItem\",\"position\":1,\"name\":\"Portada\",\"item\":\"https:\\\/\\\/veredes.es\\\/blog\\\/\"},{\"@type\":\"ListItem\",\"position\":2,\"name\":\"Edificios\"}]},{\"@type\":\"WebSite\",\"@id\":\"https:\\\/\\\/veredes.es\\\/blog\\\/#website\",\"url\":\"https:\\\/\\\/veredes.es\\\/blog\\\/\",\"name\":\"veredes, arquitectura y divulgaci\u00f3n\",\"description\":\"veredes\",\"publisher\":{\"@id\":\"https:\\\/\\\/veredes.es\\\/blog\\\/#organization\"},\"alternateName\":\"veredes\",\"potentialAction\":[{\"@type\":\"SearchAction\",\"target\":{\"@type\":\"EntryPoint\",\"urlTemplate\":\"https:\\\/\\\/veredes.es\\\/blog\\\/?s={search_term_string}\"},\"query-input\":{\"@type\":\"PropertyValueSpecification\",\"valueRequired\":true,\"valueName\":\"search_term_string\"}}],\"inLanguage\":\"es\"},{\"@type\":\"Organization\",\"@id\":\"https:\\\/\\\/veredes.es\\\/blog\\\/#organization\",\"name\":\"veredes, arquitectura y divulgaci\u00f3n\",\"alternateName\":\"veredes\",\"url\":\"https:\\\/\\\/veredes.es\\\/blog\\\/\",\"logo\":{\"@type\":\"ImageObject\",\"inLanguage\":\"es\",\"@id\":\"https:\\\/\\\/veredes.es\\\/blog\\\/#\\\/schema\\\/logo\\\/image\\\/\",\"url\":\"https:\\\/\\\/veredes.es\\\/blog\\\/wp-content\\\/uploads\\\/2021\\\/12\\\/veredes-logo-centrado_140x54.png\",\"contentUrl\":\"https:\\\/\\\/veredes.es\\\/blog\\\/wp-content\\\/uploads\\\/2021\\\/12\\\/veredes-logo-centrado_140x54.png\",\"width\":140,\"height\":54,\"caption\":\"veredes, arquitectura y divulgaci\u00f3n\"},\"image\":{\"@id\":\"https:\\\/\\\/veredes.es\\\/blog\\\/#\\\/schema\\\/logo\\\/image\\\/\"},\"sameAs\":[\"https:\\\/\\\/www.facebook.com\\\/veredesArquitecturayDivulgacion\\\/\",\"https:\\\/\\\/x.com\\\/veredes\",\"https:\\\/\\\/instagram.com\\\/veredes\\\/\",\"https:\\\/\\\/www.linkedin.com\\\/company\\\/veredes-arquitectura-y-divulgacion\\\/\",\"https:\\\/\\\/es.pinterest.com\\\/veredes\\\/\",\"https:\\\/\\\/www.tumblr.com\\\/veredes\"]},{\"@type\":\"Person\",\"@id\":\"https:\\\/\\\/veredes.es\\\/blog\\\/#\\\/schema\\\/person\\\/0bbb669073ef7faba5168a0844e93d2c\",\"name\":\"veredes\",\"image\":{\"@type\":\"ImageObject\",\"inLanguage\":\"es\",\"@id\":\"https:\\\/\\\/veredes.es\\\/blog\\\/wp-content\\\/uploads\\\/2018\\\/04\\\/face-96x96.jpg\",\"url\":\"https:\\\/\\\/veredes.es\\\/blog\\\/wp-content\\\/uploads\\\/2018\\\/04\\\/face-96x96.jpg\",\"contentUrl\":\"https:\\\/\\\/veredes.es\\\/blog\\\/wp-content\\\/uploads\\\/2018\\\/04\\\/face-96x96.jpg\",\"caption\":\"veredes\"},\"description\":\"Surge enero de 2009 como b\u00fasqueda de satisfacer el conocimiento de la actividad arquitect\u00f3nica y tangentes que se generan. La idea es crear un espacio para divulgar los diversos proyectos en busca de nueva inspiraci\u00f3n y de intercambio.\",\"sameAs\":[\"https:\\\/\\\/veredes.es\\\/\",\"https:\\\/\\\/www.facebook.com\\\/veredesArquitecturayDivulgacion\\\/\",\"https:\\\/\\\/www.instagram.com\\\/veredes\\\/\",\"https:\\\/\\\/www.linkedin.com\\\/company\\\/veredes-arquitectura-y-divulgacion\\\/\",\"https:\\\/\\\/www.pinterest.es\\\/veredes\\\/\",\"https:\\\/\\\/x.com\\\/https:\\\/\\\/twitter.com\\\/veredes\",\"https:\\\/\\\/veredes.tumblr.com\\\/\"],\"url\":\"https:\\\/\\\/veredes.es\\\/blog\\\/author\\\/alberto\\\/\"}]}<\/script>\n<!-- \/ Yoast SEO plugin. -->","yoast_head_json":{"title":"[:es]Edificios[:gl]Edificios[:en]Buildings[:] - veredes","description":"Toda la informaci\u00f3n sobre: [:es]Edificios[:gl]Edificios[:en]Buildings[:]","robots":{"index":"index","follow":"follow","max-snippet":"max-snippet:-1","max-image-preview":"max-image-preview:large","max-video-preview":"max-video-preview:-1"},"canonical":"https:\/\/veredes.es\/blog\/edificios\/","og_locale":"es_ES","og_type":"article","og_title":"[:es]Edificios[:gl]Edificios[:en]Buildings[:] - veredes","og_description":"Toda la informaci\u00f3n sobre: [:es]Edificios[:gl]Edificios[:en]Buildings[:]","og_url":"https:\/\/veredes.es\/blog\/edificios\/","og_site_name":"veredes, arquitectura y divulgaci\u00f3n","article_publisher":"https:\/\/www.facebook.com\/veredesArquitecturayDivulgacion\/","article_author":"https:\/\/www.facebook.com\/veredesArquitecturayDivulgacion\/","article_published_time":"2015-01-08T05:46:09+00:00","article_modified_time":"2019-02-01T17:02:06+00:00","og_image":[{"width":625,"height":685,"url":"https:\/\/veredes.es\/blog\/wp-content\/uploads\/2014\/12\/1415354624371.jpg","type":"image\/jpeg"}],"author":"veredes","twitter_card":"summary_large_image","twitter_creator":"@https:\/\/twitter.com\/veredes","twitter_site":"@veredes","twitter_misc":{"Escrito por":"veredes","Tiempo de lectura":"5 minutos"},"schema":{"@context":"https:\/\/schema.org","@graph":[{"@type":"Article","@id":"https:\/\/veredes.es\/blog\/edificios\/#article","isPartOf":{"@id":"https:\/\/veredes.es\/blog\/edificios\/"},"author":{"name":"veredes","@id":"https:\/\/veredes.es\/blog\/#\/schema\/person\/0bbb669073ef7faba5168a0844e93d2c"},"headline":"Edificios","datePublished":"2015-01-08T05:46:09+00:00","dateModified":"2019-02-01T17:02:06+00:00","mainEntityOfPage":{"@id":"https:\/\/veredes.es\/blog\/edificios\/"},"wordCount":915,"commentCount":0,"publisher":{"@id":"https:\/\/veredes.es\/blog\/#organization"},"image":{"@id":"https:\/\/veredes.es\/blog\/edificios\/#primaryimage"},"thumbnailUrl":"https:\/\/veredes.es\/blog\/wp-content\/uploads\/2014\/12\/1415354624371.jpg","keywords":["arquitectura espa\u00f1ola","arquitectura industrial","arquitectura tradicional","Blancafort Reus Arquitectos","cayetana de la quadra-salcedo","centro de interpretaci\u00f3n","churtichaga+quadra-salcedo arquitectos","colectivo zuloark","colectivos","documental","Enrique Nieto","equipamiento cultural","equipamiento docente","equipamiento sanitario","fernando de retes","Josemar\u00eda de Churtichaga","Langarita-Navarro","Mar\u00eda Langarita","pereda p\u00e9rez arquitectos","selgascano","tv","v\u00edctor navarro","zuloark"],"articleSection":["tv"],"inLanguage":"es","potentialAction":[{"@type":"CommentAction","name":"Comment","target":["https:\/\/veredes.es\/blog\/edificios\/#respond"]}]},{"@type":"WebPage","@id":"https:\/\/veredes.es\/blog\/edificios\/","url":"https:\/\/veredes.es\/blog\/edificios\/","name":"[:es]Edificios[:gl]Edificios[:en]Buildings[:] - veredes","isPartOf":{"@id":"https:\/\/veredes.es\/blog\/#website"},"primaryImageOfPage":{"@id":"https:\/\/veredes.es\/blog\/edificios\/#primaryimage"},"image":{"@id":"https:\/\/veredes.es\/blog\/edificios\/#primaryimage"},"thumbnailUrl":"https:\/\/veredes.es\/blog\/wp-content\/uploads\/2014\/12\/1415354624371.jpg","datePublished":"2015-01-08T05:46:09+00:00","dateModified":"2019-02-01T17:02:06+00:00","description":"Toda la informaci\u00f3n sobre: [:es]Edificios[:gl]Edificios[:en]Buildings[:]","breadcrumb":{"@id":"https:\/\/veredes.es\/blog\/edificios\/#breadcrumb"},"inLanguage":"es","potentialAction":[{"@type":"ReadAction","target":["https:\/\/veredes.es\/blog\/edificios\/"]}]},{"@type":"ImageObject","inLanguage":"es","@id":"https:\/\/veredes.es\/blog\/edificios\/#primaryimage","url":"https:\/\/veredes.es\/blog\/wp-content\/uploads\/2014\/12\/1415354624371.jpg","contentUrl":"https:\/\/veredes.es\/blog\/wp-content\/uploads\/2014\/12\/1415354624371.jpg","width":"625","height":"685"},{"@type":"BreadcrumbList","@id":"https:\/\/veredes.es\/blog\/edificios\/#breadcrumb","itemListElement":[{"@type":"ListItem","position":1,"name":"Portada","item":"https:\/\/veredes.es\/blog\/"},{"@type":"ListItem","position":2,"name":"Edificios"}]},{"@type":"WebSite","@id":"https:\/\/veredes.es\/blog\/#website","url":"https:\/\/veredes.es\/blog\/","name":"veredes, arquitectura y divulgaci\u00f3n","description":"veredes","publisher":{"@id":"https:\/\/veredes.es\/blog\/#organization"},"alternateName":"veredes","potentialAction":[{"@type":"SearchAction","target":{"@type":"EntryPoint","urlTemplate":"https:\/\/veredes.es\/blog\/?s={search_term_string}"},"query-input":{"@type":"PropertyValueSpecification","valueRequired":true,"valueName":"search_term_string"}}],"inLanguage":"es"},{"@type":"Organization","@id":"https:\/\/veredes.es\/blog\/#organization","name":"veredes, arquitectura y divulgaci\u00f3n","alternateName":"veredes","url":"https:\/\/veredes.es\/blog\/","logo":{"@type":"ImageObject","inLanguage":"es","@id":"https:\/\/veredes.es\/blog\/#\/schema\/logo\/image\/","url":"https:\/\/veredes.es\/blog\/wp-content\/uploads\/2021\/12\/veredes-logo-centrado_140x54.png","contentUrl":"https:\/\/veredes.es\/blog\/wp-content\/uploads\/2021\/12\/veredes-logo-centrado_140x54.png","width":140,"height":54,"caption":"veredes, arquitectura y divulgaci\u00f3n"},"image":{"@id":"https:\/\/veredes.es\/blog\/#\/schema\/logo\/image\/"},"sameAs":["https:\/\/www.facebook.com\/veredesArquitecturayDivulgacion\/","https:\/\/x.com\/veredes","https:\/\/instagram.com\/veredes\/","https:\/\/www.linkedin.com\/company\/veredes-arquitectura-y-divulgacion\/","https:\/\/es.pinterest.com\/veredes\/","https:\/\/www.tumblr.com\/veredes"]},{"@type":"Person","@id":"https:\/\/veredes.es\/blog\/#\/schema\/person\/0bbb669073ef7faba5168a0844e93d2c","name":"veredes","image":{"@type":"ImageObject","inLanguage":"es","@id":"https:\/\/veredes.es\/blog\/wp-content\/uploads\/2018\/04\/face-96x96.jpg","url":"https:\/\/veredes.es\/blog\/wp-content\/uploads\/2018\/04\/face-96x96.jpg","contentUrl":"https:\/\/veredes.es\/blog\/wp-content\/uploads\/2018\/04\/face-96x96.jpg","caption":"veredes"},"description":"Surge enero de 2009 como b\u00fasqueda de satisfacer el conocimiento de la actividad arquitect\u00f3nica y tangentes que se generan. La idea es crear un espacio para divulgar los diversos proyectos en busca de nueva inspiraci\u00f3n y de intercambio.","sameAs":["https:\/\/veredes.es\/","https:\/\/www.facebook.com\/veredesArquitecturayDivulgacion\/","https:\/\/www.instagram.com\/veredes\/","https:\/\/www.linkedin.com\/company\/veredes-arquitectura-y-divulgacion\/","https:\/\/www.pinterest.es\/veredes\/","https:\/\/x.com\/https:\/\/twitter.com\/veredes","https:\/\/veredes.tumblr.com\/"],"url":"https:\/\/veredes.es\/blog\/author\/alberto\/"}]}},"_links":{"self":[{"href":"https:\/\/veredes.es\/blog\/wp-json\/wp\/v2\/posts\/49392","targetHints":{"allow":["GET"]}}],"collection":[{"href":"https:\/\/veredes.es\/blog\/wp-json\/wp\/v2\/posts"}],"about":[{"href":"https:\/\/veredes.es\/blog\/wp-json\/wp\/v2\/types\/post"}],"author":[{"embeddable":true,"href":"https:\/\/veredes.es\/blog\/wp-json\/wp\/v2\/users\/2"}],"replies":[{"embeddable":true,"href":"https:\/\/veredes.es\/blog\/wp-json\/wp\/v2\/comments?post=49392"}],"version-history":[{"count":0,"href":"https:\/\/veredes.es\/blog\/wp-json\/wp\/v2\/posts\/49392\/revisions"}],"wp:featuredmedia":[{"embeddable":true,"href":"https:\/\/veredes.es\/blog\/wp-json\/wp\/v2\/media\/49394"}],"wp:attachment":[{"href":"https:\/\/veredes.es\/blog\/wp-json\/wp\/v2\/media?parent=49392"}],"wp:term":[{"taxonomy":"category","embeddable":true,"href":"https:\/\/veredes.es\/blog\/wp-json\/wp\/v2\/categories?post=49392"},{"taxonomy":"post_tag","embeddable":true,"href":"https:\/\/veredes.es\/blog\/wp-json\/wp\/v2\/tags?post=49392"}],"curies":[{"name":"wp","href":"https:\/\/api.w.org\/{rel}","templated":true}]}}