{"id":48723,"date":"2014-04-05T17:57:13","date_gmt":"2014-04-05T17:57:13","guid":{"rendered":"http:\/\/veredes.es\/blog\/?p=48723"},"modified":"2020-02-26T16:30:13","modified_gmt":"2020-02-26T15:30:13","slug":"he-gives-shape-to-things-to-come-jorge-gorostiza","status":"publish","type":"post","link":"https:\/\/veredes.es\/blog\/he-gives-shape-to-things-to-come-jorge-gorostiza\/","title":{"rendered":"He gives shape to things to come | Jorge Gorostiza"},"content":{"rendered":"<p><figure id=\"attachment_48726\" aria-describedby=\"caption-attachment-48726\" style=\"width: 620px\" class=\"wp-caption alignnone\"><a href=\"http:\/\/veredes.es\/blog\/wp-content\/uploads\/2014\/11\/International-Projectionist-enero-diciembre-1950-anuncio-da.jpg\"><img loading=\"lazy\" decoding=\"async\" class=\" wp-image-48726\" title=\"International Projectionist enero diciembre 1950, anuncio da\" src=\"http:\/\/veredes.es\/blog\/wp-content\/uploads\/2014\/11\/International-Projectionist-enero-diciembre-1950-anuncio-da.jpg\" alt=\"\" width=\"620\" height=\"856\" \/><\/a><figcaption id=\"caption-attachment-48726\" class=\"wp-caption-text\"><span style=\"color: #888888;\">Anuncio de International Projectionist, enero-diciembre 1950<\/span><\/figcaption><\/figure><\/p>\n<p style=\"text-align: justify;\">Hace bastantes meses <a href=\"https:\/\/veredes.es\/blog\/arquitecto-de-castillos-jorge-gorostiza\/\" target=\"_blank\" rel=\"noopener noreferrer\">publiqu\u00e9<\/a> en este blog un anuncio de <a href=\"http:\/\/es.wikipedia.org\/wiki\/Kodak\" target=\"_blank\" rel=\"noopener noreferrer\">Kodak<\/a> en el que se hablaba sobre el arquitecto y el cine. Ahora he encontrado otro, esta vez sobre el director art\u00edstico y su trabajo cinematogr\u00e1fico, en un n\u00famero de la revista <em>International Projectionist <\/em>del a\u00f1o 1950. El texto es el siguiente:<\/p>\n<blockquote>\n<p style=\"text-align: justify;\"><em>\u00ab\u00c9l da forma a lo que vendr\u00e1&#8230;<\/em><\/p>\n<p style=\"text-align: justify;\"><em>SU habilidad para ver cada gui\u00f3n a trav\u00e9s del ojo de la c\u00e1mara&#8230; para pintar con pincel y l\u00e1piz los reflejos dram\u00e1ticos de la historia&#8230; y, finalmente, transformar bocetos en escenarios de aut\u00e9ntico m\u00e9rito.<\/em><\/p>\n<p style=\"text-align: justify;\"><em>\u00c9l es el director art\u00edstico de la pantalla, a la vez receptivo y responsable. No s\u00f3lo debe ser sensible al ambiente de la historia&#8230; teniendo plenamente en cuenta, adem\u00e1s, la personalidad de la estrella&#8230; pero tambi\u00e9n ha de ser consciente siempre de los aspectos pr\u00e1cticos de la producci\u00f3n cinematogr\u00e1fica, ser capaz de trabajar en estrecha colaboraci\u00f3n con decenas de oficios con y sin el estudio.<\/em><\/p>\n<p style=\"text-align: justify;\"><em>Por encima de todo, el director art\u00edstico conoce la importancia de la reproducci\u00f3n fiel de los valores que crea&#8230; una misi\u00f3n que est\u00e1 muy contento de ver competentemente manejada por la famosa familia de pel\u00edculas cinematogr\u00e1ficas Eastman.\u00bb<\/em><\/p>\n<\/blockquote>\n<p style=\"text-align: justify;\">La verdad es que la fotograf\u00eda de lo que parece ser un western con un actor parecido a Eli Wallach, no refleja la complejidad del trabajo que debe afrontar un escen\u00f3grafo cinematogr\u00e1fico; en cuanto al personaje del dibujo inferior, sentado en su tablero de dibujo y con un cigarrillo en la mano izquierda, podr\u00eda ser cualquier dise\u00f1ador o ilustrador, salvo porque est\u00e1 dibujando la escena que est\u00e1 en la fotograf\u00eda, lo que no tiene sentido alguno, ya que deber\u00eda estar ideando y luego representando los decorados que rodean a los personajes y no a \u00e9stos, aunque parece que tiene fijado el gui\u00f3n en el tablero. De todos modos siempre es interesante que se publicasen anuncios como \u00e9ste, que informa y divulga el important\u00edsimo trabajo de los directores art\u00edsticos, dise\u00f1adores de producci\u00f3n o como quieran autodenominarse los escen\u00f3grafos cinematogr\u00e1ficos.<\/p>\n<p style=\"text-align: justify;\">Jorge Gorostiza, arquitecto. <span style=\"color: #888888;\">Autor del blog <em>Arquitectura+Cine+Ciudad<\/em><\/span><br \/>\nSanta Cruz de Tenerife, abril 2014<\/p>\n<p><\/p>","protected":false},"excerpt":{"rendered":"<p>Hace bastantes meses publiqu\u00e9 en este blog un anuncio de Kodak en el que se hablaba sobre el arquitecto y el cine. Ahora he encontrado otro, esta vez sobre el director art\u00edstico y su trabajo cinematogr\u00e1fico, en un n\u00famero de la revista International Projectionist del a\u00f1o 1950. El texto es el siguiente: \u00ab\u00c9l da forma [&hellip;]<\/p>\n","protected":false},"author":34,"featured_media":48726,"comment_status":"open","ping_status":"closed","sticky":false,"template":"","format":"standard","meta":{"footnotes":""},"categories":[3,1460,5951],"tags":[12448,12471,318,424,428,11195,1565,2427,502,12460,11196,698,1593],"class_list":{"0":"post-48723","1":"post","2":"type-post","3":"status-publish","4":"format-standard","5":"has-post-thumbnail","7":"category-capturas","8":"category-cine","9":"category-slider-principal","10":"tag-arquitectura","11":"tag-cine","12":"tag-ciudad","13":"tag-dibujo","14":"tag-disenador-grafico","15":"tag-eli-wallach","16":"tag-escenario","17":"tag-escenario-artistico","18":"tag-escenografo","19":"tag-fotografia","20":"tag-george-eastman","21":"tag-ilustracion","22":"tag-jorge-gorostiza"},"yoast_head":"<!-- This site is optimized with the Yoast SEO plugin v27.5 - https:\/\/yoast.com\/product\/yoast-seo-wordpress\/ -->\n<title>He gives shape to things to come | Jorge Gorostiza<\/title>\n<meta name=\"description\" content=\"Kodak\" \/>\n<meta name=\"robots\" content=\"index, follow, max-snippet:-1, max-image-preview:large, max-video-preview:-1\" \/>\n<link rel=\"canonical\" href=\"https:\/\/veredes.es\/blog\/he-gives-shape-to-things-to-come-jorge-gorostiza\/\" \/>\n<meta property=\"og:locale\" content=\"es_ES\" \/>\n<meta property=\"og:type\" content=\"article\" \/>\n<meta property=\"og:title\" content=\"He gives shape to things to come | Jorge Gorostiza\" \/>\n<meta property=\"og:description\" content=\"Kodak\" \/>\n<meta property=\"og:url\" content=\"https:\/\/veredes.es\/blog\/he-gives-shape-to-things-to-come-jorge-gorostiza\/\" \/>\n<meta property=\"og:site_name\" content=\"veredes, arquitectura y divulgaci\u00f3n\" \/>\n<meta property=\"article:publisher\" content=\"https:\/\/www.facebook.com\/veredesArquitecturayDivulgacion\/\" \/>\n<meta property=\"article:author\" content=\"https:\/\/www.facebook.com\/gorostiza\" \/>\n<meta property=\"article:published_time\" content=\"2014-04-05T17:57:13+00:00\" \/>\n<meta property=\"article:modified_time\" content=\"2020-02-26T15:30:13+00:00\" \/>\n<meta property=\"og:image\" content=\"https:\/\/veredes.es\/blog\/wp-content\/uploads\/2014\/11\/International-Projectionist-enero-diciembre-1950-anuncio-da.jpg\" \/>\n\t<meta property=\"og:image:width\" content=\"324\" \/>\n\t<meta property=\"og:image:height\" content=\"448\" \/>\n\t<meta property=\"og:image:type\" content=\"image\/jpeg\" \/>\n<meta name=\"author\" content=\"Jorge Gorostiza\" \/>\n<meta name=\"twitter:card\" content=\"summary_large_image\" \/>\n<meta name=\"twitter:creator\" content=\"@https:\/\/twitter.com\/jorgegorostiza\" \/>\n<meta name=\"twitter:site\" content=\"@veredes\" \/>\n<meta name=\"twitter:label1\" content=\"Escrito por\" \/>\n\t<meta name=\"twitter:data1\" content=\"Jorge Gorostiza\" \/>\n\t<meta name=\"twitter:label2\" content=\"Tiempo de lectura\" \/>\n\t<meta name=\"twitter:data2\" content=\"6 minutos\" \/>\n<script type=\"application\/ld+json\" class=\"yoast-schema-graph\">{\"@context\":\"https:\\\/\\\/schema.org\",\"@graph\":[{\"@type\":\"Article\",\"@id\":\"https:\\\/\\\/veredes.es\\\/blog\\\/he-gives-shape-to-things-to-come-jorge-gorostiza\\\/#article\",\"isPartOf\":{\"@id\":\"https:\\\/\\\/veredes.es\\\/blog\\\/he-gives-shape-to-things-to-come-jorge-gorostiza\\\/\"},\"author\":{\"name\":\"Jorge Gorostiza\",\"@id\":\"https:\\\/\\\/veredes.es\\\/blog\\\/#\\\/schema\\\/person\\\/3f2d8efdf175df3cfcfa51a2b06cc527\"},\"headline\":\"He gives shape to things to come | Jorge Gorostiza\",\"datePublished\":\"2014-04-05T17:57:13+00:00\",\"dateModified\":\"2020-02-26T15:30:13+00:00\",\"mainEntityOfPage\":{\"@id\":\"https:\\\/\\\/veredes.es\\\/blog\\\/he-gives-shape-to-things-to-come-jorge-gorostiza\\\/\"},\"wordCount\":1174,\"commentCount\":0,\"publisher\":{\"@id\":\"https:\\\/\\\/veredes.es\\\/blog\\\/#organization\"},\"image\":{\"@id\":\"https:\\\/\\\/veredes.es\\\/blog\\\/he-gives-shape-to-things-to-come-jorge-gorostiza\\\/#primaryimage\"},\"thumbnailUrl\":\"https:\\\/\\\/veredes.es\\\/blog\\\/wp-content\\\/uploads\\\/2014\\\/11\\\/International-Projectionist-enero-diciembre-1950-anuncio-da.jpg\",\"keywords\":[\"arquitectura\",\"cine\",\"ciudad\",\"dibujo\",\"dise\u00f1ador gr\u00e1fico\",\"eli wallach\",\"escenario\",\"escenario art\u00edstico\",\"escen\u00f3grafo\",\"fotograf\u00eda\",\"george eastman\",\"ilustraci\u00f3n\",\"Jorge Gorostiza\"],\"articleSection\":[\"capturas\",\"cine\",\"slider principal\"],\"inLanguage\":\"es\",\"potentialAction\":[{\"@type\":\"CommentAction\",\"name\":\"Comment\",\"target\":[\"https:\\\/\\\/veredes.es\\\/blog\\\/he-gives-shape-to-things-to-come-jorge-gorostiza\\\/#respond\"]}]},{\"@type\":\"WebPage\",\"@id\":\"https:\\\/\\\/veredes.es\\\/blog\\\/he-gives-shape-to-things-to-come-jorge-gorostiza\\\/\",\"url\":\"https:\\\/\\\/veredes.es\\\/blog\\\/he-gives-shape-to-things-to-come-jorge-gorostiza\\\/\",\"name\":\"He gives shape to things to come | Jorge Gorostiza\",\"isPartOf\":{\"@id\":\"https:\\\/\\\/veredes.es\\\/blog\\\/#website\"},\"primaryImageOfPage\":{\"@id\":\"https:\\\/\\\/veredes.es\\\/blog\\\/he-gives-shape-to-things-to-come-jorge-gorostiza\\\/#primaryimage\"},\"image\":{\"@id\":\"https:\\\/\\\/veredes.es\\\/blog\\\/he-gives-shape-to-things-to-come-jorge-gorostiza\\\/#primaryimage\"},\"thumbnailUrl\":\"https:\\\/\\\/veredes.es\\\/blog\\\/wp-content\\\/uploads\\\/2014\\\/11\\\/International-Projectionist-enero-diciembre-1950-anuncio-da.jpg\",\"datePublished\":\"2014-04-05T17:57:13+00:00\",\"dateModified\":\"2020-02-26T15:30:13+00:00\",\"description\":\"Kodak\",\"breadcrumb\":{\"@id\":\"https:\\\/\\\/veredes.es\\\/blog\\\/he-gives-shape-to-things-to-come-jorge-gorostiza\\\/#breadcrumb\"},\"inLanguage\":\"es\",\"potentialAction\":[{\"@type\":\"ReadAction\",\"target\":[\"https:\\\/\\\/veredes.es\\\/blog\\\/he-gives-shape-to-things-to-come-jorge-gorostiza\\\/\"]}]},{\"@type\":\"ImageObject\",\"inLanguage\":\"es\",\"@id\":\"https:\\\/\\\/veredes.es\\\/blog\\\/he-gives-shape-to-things-to-come-jorge-gorostiza\\\/#primaryimage\",\"url\":\"https:\\\/\\\/veredes.es\\\/blog\\\/wp-content\\\/uploads\\\/2014\\\/11\\\/International-Projectionist-enero-diciembre-1950-anuncio-da.jpg\",\"contentUrl\":\"https:\\\/\\\/veredes.es\\\/blog\\\/wp-content\\\/uploads\\\/2014\\\/11\\\/International-Projectionist-enero-diciembre-1950-anuncio-da.jpg\",\"width\":\"324\",\"height\":\"448\",\"caption\":\"Anuncio de International Projectionist, enero-diciembre 1950\"},{\"@type\":\"BreadcrumbList\",\"@id\":\"https:\\\/\\\/veredes.es\\\/blog\\\/he-gives-shape-to-things-to-come-jorge-gorostiza\\\/#breadcrumb\",\"itemListElement\":[{\"@type\":\"ListItem\",\"position\":1,\"name\":\"Portada\",\"item\":\"https:\\\/\\\/veredes.es\\\/blog\\\/\"},{\"@type\":\"ListItem\",\"position\":2,\"name\":\"He gives shape to things to come | Jorge Gorostiza\"}]},{\"@type\":\"WebSite\",\"@id\":\"https:\\\/\\\/veredes.es\\\/blog\\\/#website\",\"url\":\"https:\\\/\\\/veredes.es\\\/blog\\\/\",\"name\":\"veredes, arquitectura y divulgaci\u00f3n\",\"description\":\"veredes\",\"publisher\":{\"@id\":\"https:\\\/\\\/veredes.es\\\/blog\\\/#organization\"},\"alternateName\":\"veredes\",\"potentialAction\":[{\"@type\":\"SearchAction\",\"target\":{\"@type\":\"EntryPoint\",\"urlTemplate\":\"https:\\\/\\\/veredes.es\\\/blog\\\/?s={search_term_string}\"},\"query-input\":{\"@type\":\"PropertyValueSpecification\",\"valueRequired\":true,\"valueName\":\"search_term_string\"}}],\"inLanguage\":\"es\"},{\"@type\":\"Organization\",\"@id\":\"https:\\\/\\\/veredes.es\\\/blog\\\/#organization\",\"name\":\"veredes, arquitectura y divulgaci\u00f3n\",\"alternateName\":\"veredes\",\"url\":\"https:\\\/\\\/veredes.es\\\/blog\\\/\",\"logo\":{\"@type\":\"ImageObject\",\"inLanguage\":\"es\",\"@id\":\"https:\\\/\\\/veredes.es\\\/blog\\\/#\\\/schema\\\/logo\\\/image\\\/\",\"url\":\"https:\\\/\\\/veredes.es\\\/blog\\\/wp-content\\\/uploads\\\/2021\\\/12\\\/veredes-logo-centrado_140x54.png\",\"contentUrl\":\"https:\\\/\\\/veredes.es\\\/blog\\\/wp-content\\\/uploads\\\/2021\\\/12\\\/veredes-logo-centrado_140x54.png\",\"width\":140,\"height\":54,\"caption\":\"veredes, arquitectura y divulgaci\u00f3n\"},\"image\":{\"@id\":\"https:\\\/\\\/veredes.es\\\/blog\\\/#\\\/schema\\\/logo\\\/image\\\/\"},\"sameAs\":[\"https:\\\/\\\/www.facebook.com\\\/veredesArquitecturayDivulgacion\\\/\",\"https:\\\/\\\/x.com\\\/veredes\",\"https:\\\/\\\/instagram.com\\\/veredes\\\/\",\"https:\\\/\\\/www.linkedin.com\\\/company\\\/veredes-arquitectura-y-divulgacion\\\/\",\"https:\\\/\\\/es.pinterest.com\\\/veredes\\\/\",\"https:\\\/\\\/www.tumblr.com\\\/veredes\"]},{\"@type\":\"Person\",\"@id\":\"https:\\\/\\\/veredes.es\\\/blog\\\/#\\\/schema\\\/person\\\/3f2d8efdf175df3cfcfa51a2b06cc527\",\"name\":\"Jorge Gorostiza\",\"image\":{\"@type\":\"ImageObject\",\"inLanguage\":\"es\",\"@id\":\"https:\\\/\\\/veredes.es\\\/blog\\\/wp-content\\\/uploads\\\/2018\\\/04\\\/jorge-gorostiza-96x96.jpg\",\"url\":\"https:\\\/\\\/veredes.es\\\/blog\\\/wp-content\\\/uploads\\\/2018\\\/04\\\/jorge-gorostiza-96x96.jpg\",\"contentUrl\":\"https:\\\/\\\/veredes.es\\\/blog\\\/wp-content\\\/uploads\\\/2018\\\/04\\\/jorge-gorostiza-96x96.jpg\",\"caption\":\"Jorge Gorostiza\"},\"description\":\"Doctor arquitecto por la UPM, 2015. He publicado bastantes libros y muchos art\u00edculos, he impartido conferencias, he sido comisario de exposiciones y jurado en much\u00edsmos festivales. Si quieren saber m\u00e1s no duden en consultar mi blog ARQUITECTURA + CINE + CIUDAD. En este blog se ir\u00e1n recogiendo art\u00edculos y textos dispersos por la Web, as\u00ed como otros publicados y libres de derechos, que traten sobre Cine, Arquitectura y Ciudad. As\u00ed quienes est\u00e9n interesados por las relaciones entre la ficci\u00f3n y la realidad, podr\u00e1n tener m\u00e1s argumentos para profundizar en esas relaciones. No es un blog en el que se vayan a hacer comentarios sobre las vivencias personales de su responsable, que adem\u00e1s a nadie interesan. Por supuesto que est\u00e1 abierto a cualquiera que le gusten estos temas, sirviendo como foro de debate y como lugar donde todos podamos aprender con las ideas de los dem\u00e1s.\",\"sameAs\":[\"http:\\\/\\\/cinearquitecturaciudad.blogspot.com.es\\\/\",\"https:\\\/\\\/www.facebook.com\\\/gorostiza\",\"https:\\\/\\\/www.instagram.com\\\/jorge.gorostiza\\\/\",\"https:\\\/\\\/www.linkedin.com\\\/in\\\/jorge-gorostiza-022a6a13\\\/\",\"https:\\\/\\\/x.com\\\/https:\\\/\\\/twitter.com\\\/jorgegorostiza\"],\"url\":\"https:\\\/\\\/veredes.es\\\/blog\\\/author\\\/jorge-gorostiza\\\/\"}]}<\/script>\n<!-- \/ Yoast SEO plugin. -->","yoast_head_json":{"title":"He gives shape to things to come | Jorge Gorostiza","description":"Kodak","robots":{"index":"index","follow":"follow","max-snippet":"max-snippet:-1","max-image-preview":"max-image-preview:large","max-video-preview":"max-video-preview:-1"},"canonical":"https:\/\/veredes.es\/blog\/he-gives-shape-to-things-to-come-jorge-gorostiza\/","og_locale":"es_ES","og_type":"article","og_title":"He gives shape to things to come | Jorge Gorostiza","og_description":"Kodak","og_url":"https:\/\/veredes.es\/blog\/he-gives-shape-to-things-to-come-jorge-gorostiza\/","og_site_name":"veredes, arquitectura y divulgaci\u00f3n","article_publisher":"https:\/\/www.facebook.com\/veredesArquitecturayDivulgacion\/","article_author":"https:\/\/www.facebook.com\/gorostiza","article_published_time":"2014-04-05T17:57:13+00:00","article_modified_time":"2020-02-26T15:30:13+00:00","og_image":[{"width":324,"height":448,"url":"https:\/\/veredes.es\/blog\/wp-content\/uploads\/2014\/11\/International-Projectionist-enero-diciembre-1950-anuncio-da.jpg","type":"image\/jpeg"}],"author":"Jorge Gorostiza","twitter_card":"summary_large_image","twitter_creator":"@https:\/\/twitter.com\/jorgegorostiza","twitter_site":"@veredes","twitter_misc":{"Escrito por":"Jorge Gorostiza","Tiempo de lectura":"6 minutos"},"schema":{"@context":"https:\/\/schema.org","@graph":[{"@type":"Article","@id":"https:\/\/veredes.es\/blog\/he-gives-shape-to-things-to-come-jorge-gorostiza\/#article","isPartOf":{"@id":"https:\/\/veredes.es\/blog\/he-gives-shape-to-things-to-come-jorge-gorostiza\/"},"author":{"name":"Jorge Gorostiza","@id":"https:\/\/veredes.es\/blog\/#\/schema\/person\/3f2d8efdf175df3cfcfa51a2b06cc527"},"headline":"He gives shape to things to come | Jorge Gorostiza","datePublished":"2014-04-05T17:57:13+00:00","dateModified":"2020-02-26T15:30:13+00:00","mainEntityOfPage":{"@id":"https:\/\/veredes.es\/blog\/he-gives-shape-to-things-to-come-jorge-gorostiza\/"},"wordCount":1174,"commentCount":0,"publisher":{"@id":"https:\/\/veredes.es\/blog\/#organization"},"image":{"@id":"https:\/\/veredes.es\/blog\/he-gives-shape-to-things-to-come-jorge-gorostiza\/#primaryimage"},"thumbnailUrl":"https:\/\/veredes.es\/blog\/wp-content\/uploads\/2014\/11\/International-Projectionist-enero-diciembre-1950-anuncio-da.jpg","keywords":["arquitectura","cine","ciudad","dibujo","dise\u00f1ador gr\u00e1fico","eli wallach","escenario","escenario art\u00edstico","escen\u00f3grafo","fotograf\u00eda","george eastman","ilustraci\u00f3n","Jorge Gorostiza"],"articleSection":["capturas","cine","slider principal"],"inLanguage":"es","potentialAction":[{"@type":"CommentAction","name":"Comment","target":["https:\/\/veredes.es\/blog\/he-gives-shape-to-things-to-come-jorge-gorostiza\/#respond"]}]},{"@type":"WebPage","@id":"https:\/\/veredes.es\/blog\/he-gives-shape-to-things-to-come-jorge-gorostiza\/","url":"https:\/\/veredes.es\/blog\/he-gives-shape-to-things-to-come-jorge-gorostiza\/","name":"He gives shape to things to come | Jorge Gorostiza","isPartOf":{"@id":"https:\/\/veredes.es\/blog\/#website"},"primaryImageOfPage":{"@id":"https:\/\/veredes.es\/blog\/he-gives-shape-to-things-to-come-jorge-gorostiza\/#primaryimage"},"image":{"@id":"https:\/\/veredes.es\/blog\/he-gives-shape-to-things-to-come-jorge-gorostiza\/#primaryimage"},"thumbnailUrl":"https:\/\/veredes.es\/blog\/wp-content\/uploads\/2014\/11\/International-Projectionist-enero-diciembre-1950-anuncio-da.jpg","datePublished":"2014-04-05T17:57:13+00:00","dateModified":"2020-02-26T15:30:13+00:00","description":"Kodak","breadcrumb":{"@id":"https:\/\/veredes.es\/blog\/he-gives-shape-to-things-to-come-jorge-gorostiza\/#breadcrumb"},"inLanguage":"es","potentialAction":[{"@type":"ReadAction","target":["https:\/\/veredes.es\/blog\/he-gives-shape-to-things-to-come-jorge-gorostiza\/"]}]},{"@type":"ImageObject","inLanguage":"es","@id":"https:\/\/veredes.es\/blog\/he-gives-shape-to-things-to-come-jorge-gorostiza\/#primaryimage","url":"https:\/\/veredes.es\/blog\/wp-content\/uploads\/2014\/11\/International-Projectionist-enero-diciembre-1950-anuncio-da.jpg","contentUrl":"https:\/\/veredes.es\/blog\/wp-content\/uploads\/2014\/11\/International-Projectionist-enero-diciembre-1950-anuncio-da.jpg","width":"324","height":"448","caption":"Anuncio de International Projectionist, enero-diciembre 1950"},{"@type":"BreadcrumbList","@id":"https:\/\/veredes.es\/blog\/he-gives-shape-to-things-to-come-jorge-gorostiza\/#breadcrumb","itemListElement":[{"@type":"ListItem","position":1,"name":"Portada","item":"https:\/\/veredes.es\/blog\/"},{"@type":"ListItem","position":2,"name":"He gives shape to things to come | Jorge Gorostiza"}]},{"@type":"WebSite","@id":"https:\/\/veredes.es\/blog\/#website","url":"https:\/\/veredes.es\/blog\/","name":"veredes, arquitectura y divulgaci\u00f3n","description":"veredes","publisher":{"@id":"https:\/\/veredes.es\/blog\/#organization"},"alternateName":"veredes","potentialAction":[{"@type":"SearchAction","target":{"@type":"EntryPoint","urlTemplate":"https:\/\/veredes.es\/blog\/?s={search_term_string}"},"query-input":{"@type":"PropertyValueSpecification","valueRequired":true,"valueName":"search_term_string"}}],"inLanguage":"es"},{"@type":"Organization","@id":"https:\/\/veredes.es\/blog\/#organization","name":"veredes, arquitectura y divulgaci\u00f3n","alternateName":"veredes","url":"https:\/\/veredes.es\/blog\/","logo":{"@type":"ImageObject","inLanguage":"es","@id":"https:\/\/veredes.es\/blog\/#\/schema\/logo\/image\/","url":"https:\/\/veredes.es\/blog\/wp-content\/uploads\/2021\/12\/veredes-logo-centrado_140x54.png","contentUrl":"https:\/\/veredes.es\/blog\/wp-content\/uploads\/2021\/12\/veredes-logo-centrado_140x54.png","width":140,"height":54,"caption":"veredes, arquitectura y divulgaci\u00f3n"},"image":{"@id":"https:\/\/veredes.es\/blog\/#\/schema\/logo\/image\/"},"sameAs":["https:\/\/www.facebook.com\/veredesArquitecturayDivulgacion\/","https:\/\/x.com\/veredes","https:\/\/instagram.com\/veredes\/","https:\/\/www.linkedin.com\/company\/veredes-arquitectura-y-divulgacion\/","https:\/\/es.pinterest.com\/veredes\/","https:\/\/www.tumblr.com\/veredes"]},{"@type":"Person","@id":"https:\/\/veredes.es\/blog\/#\/schema\/person\/3f2d8efdf175df3cfcfa51a2b06cc527","name":"Jorge Gorostiza","image":{"@type":"ImageObject","inLanguage":"es","@id":"https:\/\/veredes.es\/blog\/wp-content\/uploads\/2018\/04\/jorge-gorostiza-96x96.jpg","url":"https:\/\/veredes.es\/blog\/wp-content\/uploads\/2018\/04\/jorge-gorostiza-96x96.jpg","contentUrl":"https:\/\/veredes.es\/blog\/wp-content\/uploads\/2018\/04\/jorge-gorostiza-96x96.jpg","caption":"Jorge Gorostiza"},"description":"Doctor arquitecto por la UPM, 2015. He publicado bastantes libros y muchos art\u00edculos, he impartido conferencias, he sido comisario de exposiciones y jurado en much\u00edsmos festivales. Si quieren saber m\u00e1s no duden en consultar mi blog ARQUITECTURA + CINE + CIUDAD. En este blog se ir\u00e1n recogiendo art\u00edculos y textos dispersos por la Web, as\u00ed como otros publicados y libres de derechos, que traten sobre Cine, Arquitectura y Ciudad. As\u00ed quienes est\u00e9n interesados por las relaciones entre la ficci\u00f3n y la realidad, podr\u00e1n tener m\u00e1s argumentos para profundizar en esas relaciones. No es un blog en el que se vayan a hacer comentarios sobre las vivencias personales de su responsable, que adem\u00e1s a nadie interesan. Por supuesto que est\u00e1 abierto a cualquiera que le gusten estos temas, sirviendo como foro de debate y como lugar donde todos podamos aprender con las ideas de los dem\u00e1s.","sameAs":["http:\/\/cinearquitecturaciudad.blogspot.com.es\/","https:\/\/www.facebook.com\/gorostiza","https:\/\/www.instagram.com\/jorge.gorostiza\/","https:\/\/www.linkedin.com\/in\/jorge-gorostiza-022a6a13\/","https:\/\/x.com\/https:\/\/twitter.com\/jorgegorostiza"],"url":"https:\/\/veredes.es\/blog\/author\/jorge-gorostiza\/"}]}},"_links":{"self":[{"href":"https:\/\/veredes.es\/blog\/wp-json\/wp\/v2\/posts\/48723","targetHints":{"allow":["GET"]}}],"collection":[{"href":"https:\/\/veredes.es\/blog\/wp-json\/wp\/v2\/posts"}],"about":[{"href":"https:\/\/veredes.es\/blog\/wp-json\/wp\/v2\/types\/post"}],"author":[{"embeddable":true,"href":"https:\/\/veredes.es\/blog\/wp-json\/wp\/v2\/users\/34"}],"replies":[{"embeddable":true,"href":"https:\/\/veredes.es\/blog\/wp-json\/wp\/v2\/comments?post=48723"}],"version-history":[{"count":0,"href":"https:\/\/veredes.es\/blog\/wp-json\/wp\/v2\/posts\/48723\/revisions"}],"wp:featuredmedia":[{"embeddable":true,"href":"https:\/\/veredes.es\/blog\/wp-json\/wp\/v2\/media\/48726"}],"wp:attachment":[{"href":"https:\/\/veredes.es\/blog\/wp-json\/wp\/v2\/media?parent=48723"}],"wp:term":[{"taxonomy":"category","embeddable":true,"href":"https:\/\/veredes.es\/blog\/wp-json\/wp\/v2\/categories?post=48723"},{"taxonomy":"post_tag","embeddable":true,"href":"https:\/\/veredes.es\/blog\/wp-json\/wp\/v2\/tags?post=48723"}],"curies":[{"name":"wp","href":"https:\/\/api.w.org\/{rel}","templated":true}]}}