{"id":48616,"date":"2014-11-06T06:18:31","date_gmt":"2014-11-06T06:18:31","guid":{"rendered":"http:\/\/veredes.es\/blog\/?p=48616"},"modified":"2022-03-22T09:21:01","modified_gmt":"2022-03-22T08:21:01","slug":"ubiqarama","status":"publish","type":"post","link":"https:\/\/veredes.es\/blog\/ubiqarama\/","title":{"rendered":"Ubiqarama"},"content":{"rendered":"<p><\/p>\n<p style=\"text-align: justify;\"><strong>Ubiqarama<\/strong> es un ecosistema formado por una plataforma web y una aplicaci\u00f3n m\u00f3vil que facilitan la construcci\u00f3n de narrativas digitales territoriales.<\/p>\n<p style=\"text-align: justify;\"><a href=\"http:\/\/veredes.es\/blog\/wp-content\/uploads\/2014\/11\/ubiqarama_logo.jpg\"><img loading=\"lazy\" decoding=\"async\" class=\"alignnone size-full wp-image-48617\" title=\"ubiqarama_logo\" src=\"http:\/\/veredes.es\/blog\/wp-content\/uploads\/2014\/11\/ubiqarama_logo.jpg\" alt=\"\" width=\"620\" height=\"300\" srcset=\"https:\/\/veredes.es\/blog\/wp-content\/uploads\/2014\/11\/ubiqarama_logo.jpg 620w, https:\/\/veredes.es\/blog\/wp-content\/uploads\/2014\/11\/ubiqarama_logo-300x145.jpg 300w\" sizes=\"auto, (max-width: 620px) 100vw, 620px\" \/><\/a><\/p>\n<p style=\"text-align: justify;\">Durante los \u00faltimos 2 a\u00f1os \u00dabiqa ha trabajado en el desarrollo de herramientas que permitan sistematizar y facilitar la realizaci\u00f3n de proyectos participativos de creaci\u00f3n de narrativas digitales ciudadanas utilizando diferentes recursos: im\u00e1genes, fotos, v\u00eddeos, textos\u2026 a trav\u00e9s de distintas tipolog\u00edas narrativas: mosaicos, rutas y mapeados con contenidos digitales geoposicionados.<\/p>\n<p style=\"text-align: justify;\">Ubiqarama permite crear proyectos y publicar los contenidos creados, etiquetados y geoposicionados con la aplicaci\u00f3n m\u00f3vil a trav\u00e9s de una API que permite la sincronizaci\u00f3n de las dos herramientas. Los contenidos tambi\u00e9n se pueden publicar desde el panel de control de la plataforma. Una vez publicados los contenidos, las funcionalidades de la plataforma permiten el filtrado mediante diferentes criterios: localizaci\u00f3n, g\u00e9nero, tramos de edad, etiquetas, etc., y organizar y consultar los contenidos de la plataforma a trav\u00e9s de narrativas personalizadas en modo mosaico, mapa o rutas.<\/p>\n<p style=\"text-align: justify;\">Con Ubiqarama cualquier persona u organizaci\u00f3n podr\u00e1 crear y personalizar su propio proyecto de mapeado y narrativas digitales. Ubiqarama se ha desarrollado utilizando software libre y gratuito.<\/p>\n<p style=\"text-align: justify;\"><span style=\"color: #888888;\">\u00a0+ info<\/span><\/p>\n<p><\/p>","protected":false},"excerpt":{"rendered":"<p>Ubiqarama es un ecosistema formado por una plataforma web y una aplicaci\u00f3n m\u00f3vil que facilitan la construcci\u00f3n de narrativas digitales territoriales. Durante los \u00faltimos 2 a\u00f1os \u00dabiqa ha trabajado en el desarrollo de herramientas que permitan sistematizar y facilitar la realizaci\u00f3n de proyectos participativos de creaci\u00f3n de narrativas digitales ciudadanas utilizando diferentes recursos: im\u00e1genes, fotos, [&hellip;]<\/p>\n","protected":false},"author":2,"featured_media":48617,"comment_status":"open","ping_status":"closed","sticky":false,"template":"","format":"standard","meta":{"footnotes":""},"categories":[10089],"tags":[12478,5679,3127,1842,10109,827,5359,6148,1195,4642,11180,12468],"class_list":{"0":"post-48616","1":"post","2":"type-post","3":"status-publish","4":"format-standard","5":"has-post-thumbnail","7":"category-aparejo","8":"tag-aparejo","9":"tag-desarrollo-de-aplicaciones","10":"tag-formatos-digitales","11":"tag-gratis","12":"tag-herramienta","13":"tag-mapa","14":"tag-plataforma","15":"tag-procesos-digitales","16":"tag-ruta","17":"tag-software-libre","18":"tag-ubiqa","19":"tag-urbanismo"},"yoast_head":"<!-- This site is optimized with the Yoast SEO plugin v27.5 - https:\/\/yoast.com\/product\/yoast-seo-wordpress\/ -->\n<title>Ubiqarama<\/title>\n<meta name=\"description\" content=\"Toda la informaci\u00f3n sobre: UbiqaramaUbiqaramaUbiqarama\" \/>\n<meta name=\"robots\" content=\"index, follow, max-snippet:-1, max-image-preview:large, max-video-preview:-1\" \/>\n<link rel=\"canonical\" href=\"https:\/\/veredes.es\/blog\/ubiqarama\/\" \/>\n<meta property=\"og:locale\" content=\"es_ES\" \/>\n<meta property=\"og:type\" content=\"article\" \/>\n<meta property=\"og:title\" content=\"Ubiqarama\" \/>\n<meta property=\"og:description\" content=\"Toda la informaci\u00f3n sobre: UbiqaramaUbiqaramaUbiqarama\" \/>\n<meta property=\"og:url\" content=\"https:\/\/veredes.es\/blog\/ubiqarama\/\" \/>\n<meta property=\"og:site_name\" content=\"veredes, arquitectura y divulgaci\u00f3n\" \/>\n<meta property=\"article:publisher\" content=\"https:\/\/www.facebook.com\/veredesArquitecturayDivulgacion\/\" \/>\n<meta property=\"article:author\" content=\"https:\/\/www.facebook.com\/veredesArquitecturayDivulgacion\/\" \/>\n<meta property=\"article:published_time\" content=\"2014-11-06T06:18:31+00:00\" \/>\n<meta property=\"article:modified_time\" content=\"2022-03-22T08:21:01+00:00\" \/>\n<meta property=\"og:image\" content=\"https:\/\/veredes.es\/blog\/wp-content\/uploads\/2014\/11\/ubiqarama_logo.jpg\" \/>\n\t<meta property=\"og:image:width\" content=\"620\" \/>\n\t<meta property=\"og:image:height\" content=\"300\" \/>\n\t<meta property=\"og:image:type\" content=\"image\/jpeg\" \/>\n<meta name=\"author\" content=\"veredes\" \/>\n<meta name=\"twitter:card\" content=\"summary_large_image\" \/>\n<meta name=\"twitter:creator\" content=\"@https:\/\/twitter.com\/veredes\" \/>\n<meta name=\"twitter:site\" content=\"@veredes\" \/>\n<meta name=\"twitter:label1\" content=\"Escrito por\" \/>\n\t<meta name=\"twitter:data1\" content=\"veredes\" \/>\n\t<meta name=\"twitter:label2\" content=\"Tiempo de lectura\" \/>\n\t<meta name=\"twitter:data2\" content=\"3 minutos\" \/>\n<script type=\"application\/ld+json\" class=\"yoast-schema-graph\">{\"@context\":\"https:\\\/\\\/schema.org\",\"@graph\":[{\"@type\":\"Article\",\"@id\":\"https:\\\/\\\/veredes.es\\\/blog\\\/ubiqarama\\\/#article\",\"isPartOf\":{\"@id\":\"https:\\\/\\\/veredes.es\\\/blog\\\/ubiqarama\\\/\"},\"author\":{\"name\":\"veredes\",\"@id\":\"https:\\\/\\\/veredes.es\\\/blog\\\/#\\\/schema\\\/person\\\/0bbb669073ef7faba5168a0844e93d2c\"},\"headline\":\"Ubiqarama\",\"datePublished\":\"2014-11-06T06:18:31+00:00\",\"dateModified\":\"2022-03-22T08:21:01+00:00\",\"mainEntityOfPage\":{\"@id\":\"https:\\\/\\\/veredes.es\\\/blog\\\/ubiqarama\\\/\"},\"wordCount\":590,\"commentCount\":0,\"publisher\":{\"@id\":\"https:\\\/\\\/veredes.es\\\/blog\\\/#organization\"},\"image\":{\"@id\":\"https:\\\/\\\/veredes.es\\\/blog\\\/ubiqarama\\\/#primaryimage\"},\"thumbnailUrl\":\"https:\\\/\\\/veredes.es\\\/blog\\\/wp-content\\\/uploads\\\/2014\\\/11\\\/ubiqarama_logo.jpg\",\"keywords\":[\"aparejo\",\"desarrollo de aplicaciones\",\"formatos digitales\",\"gratis\",\"herramienta\",\"mapa\",\"plataforma\",\"procesos digitales\",\"ruta\",\"software libre\",\"\u00fabiqa\",\"urbanismo\"],\"articleSection\":[\"aparejo\"],\"inLanguage\":\"es\",\"potentialAction\":[{\"@type\":\"CommentAction\",\"name\":\"Comment\",\"target\":[\"https:\\\/\\\/veredes.es\\\/blog\\\/ubiqarama\\\/#respond\"]}]},{\"@type\":\"WebPage\",\"@id\":\"https:\\\/\\\/veredes.es\\\/blog\\\/ubiqarama\\\/\",\"url\":\"https:\\\/\\\/veredes.es\\\/blog\\\/ubiqarama\\\/\",\"name\":\"Ubiqarama\",\"isPartOf\":{\"@id\":\"https:\\\/\\\/veredes.es\\\/blog\\\/#website\"},\"primaryImageOfPage\":{\"@id\":\"https:\\\/\\\/veredes.es\\\/blog\\\/ubiqarama\\\/#primaryimage\"},\"image\":{\"@id\":\"https:\\\/\\\/veredes.es\\\/blog\\\/ubiqarama\\\/#primaryimage\"},\"thumbnailUrl\":\"https:\\\/\\\/veredes.es\\\/blog\\\/wp-content\\\/uploads\\\/2014\\\/11\\\/ubiqarama_logo.jpg\",\"datePublished\":\"2014-11-06T06:18:31+00:00\",\"dateModified\":\"2022-03-22T08:21:01+00:00\",\"description\":\"Toda la informaci\u00f3n sobre: UbiqaramaUbiqaramaUbiqarama\",\"breadcrumb\":{\"@id\":\"https:\\\/\\\/veredes.es\\\/blog\\\/ubiqarama\\\/#breadcrumb\"},\"inLanguage\":\"es\",\"potentialAction\":[{\"@type\":\"ReadAction\",\"target\":[\"https:\\\/\\\/veredes.es\\\/blog\\\/ubiqarama\\\/\"]}]},{\"@type\":\"ImageObject\",\"inLanguage\":\"es\",\"@id\":\"https:\\\/\\\/veredes.es\\\/blog\\\/ubiqarama\\\/#primaryimage\",\"url\":\"https:\\\/\\\/veredes.es\\\/blog\\\/wp-content\\\/uploads\\\/2014\\\/11\\\/ubiqarama_logo.jpg\",\"contentUrl\":\"https:\\\/\\\/veredes.es\\\/blog\\\/wp-content\\\/uploads\\\/2014\\\/11\\\/ubiqarama_logo.jpg\",\"width\":\"620\",\"height\":\"300\"},{\"@type\":\"BreadcrumbList\",\"@id\":\"https:\\\/\\\/veredes.es\\\/blog\\\/ubiqarama\\\/#breadcrumb\",\"itemListElement\":[{\"@type\":\"ListItem\",\"position\":1,\"name\":\"Portada\",\"item\":\"https:\\\/\\\/veredes.es\\\/blog\\\/\"},{\"@type\":\"ListItem\",\"position\":2,\"name\":\"UbiqaramaUbiqaramaUbiqarama\"}]},{\"@type\":\"WebSite\",\"@id\":\"https:\\\/\\\/veredes.es\\\/blog\\\/#website\",\"url\":\"https:\\\/\\\/veredes.es\\\/blog\\\/\",\"name\":\"veredes, arquitectura y divulgaci\u00f3n\",\"description\":\"veredes\",\"publisher\":{\"@id\":\"https:\\\/\\\/veredes.es\\\/blog\\\/#organization\"},\"alternateName\":\"veredes\",\"potentialAction\":[{\"@type\":\"SearchAction\",\"target\":{\"@type\":\"EntryPoint\",\"urlTemplate\":\"https:\\\/\\\/veredes.es\\\/blog\\\/?s={search_term_string}\"},\"query-input\":{\"@type\":\"PropertyValueSpecification\",\"valueRequired\":true,\"valueName\":\"search_term_string\"}}],\"inLanguage\":\"es\"},{\"@type\":\"Organization\",\"@id\":\"https:\\\/\\\/veredes.es\\\/blog\\\/#organization\",\"name\":\"veredes, arquitectura y divulgaci\u00f3n\",\"alternateName\":\"veredes\",\"url\":\"https:\\\/\\\/veredes.es\\\/blog\\\/\",\"logo\":{\"@type\":\"ImageObject\",\"inLanguage\":\"es\",\"@id\":\"https:\\\/\\\/veredes.es\\\/blog\\\/#\\\/schema\\\/logo\\\/image\\\/\",\"url\":\"https:\\\/\\\/veredes.es\\\/blog\\\/wp-content\\\/uploads\\\/2021\\\/12\\\/veredes-logo-centrado_140x54.png\",\"contentUrl\":\"https:\\\/\\\/veredes.es\\\/blog\\\/wp-content\\\/uploads\\\/2021\\\/12\\\/veredes-logo-centrado_140x54.png\",\"width\":140,\"height\":54,\"caption\":\"veredes, arquitectura y divulgaci\u00f3n\"},\"image\":{\"@id\":\"https:\\\/\\\/veredes.es\\\/blog\\\/#\\\/schema\\\/logo\\\/image\\\/\"},\"sameAs\":[\"https:\\\/\\\/www.facebook.com\\\/veredesArquitecturayDivulgacion\\\/\",\"https:\\\/\\\/x.com\\\/veredes\",\"https:\\\/\\\/instagram.com\\\/veredes\\\/\",\"https:\\\/\\\/www.linkedin.com\\\/company\\\/veredes-arquitectura-y-divulgacion\\\/\",\"https:\\\/\\\/es.pinterest.com\\\/veredes\\\/\",\"https:\\\/\\\/www.tumblr.com\\\/veredes\"]},{\"@type\":\"Person\",\"@id\":\"https:\\\/\\\/veredes.es\\\/blog\\\/#\\\/schema\\\/person\\\/0bbb669073ef7faba5168a0844e93d2c\",\"name\":\"veredes\",\"image\":{\"@type\":\"ImageObject\",\"inLanguage\":\"es\",\"@id\":\"https:\\\/\\\/veredes.es\\\/blog\\\/wp-content\\\/uploads\\\/2018\\\/04\\\/face-96x96.jpg\",\"url\":\"https:\\\/\\\/veredes.es\\\/blog\\\/wp-content\\\/uploads\\\/2018\\\/04\\\/face-96x96.jpg\",\"contentUrl\":\"https:\\\/\\\/veredes.es\\\/blog\\\/wp-content\\\/uploads\\\/2018\\\/04\\\/face-96x96.jpg\",\"caption\":\"veredes\"},\"description\":\"Surge enero de 2009 como b\u00fasqueda de satisfacer el conocimiento de la actividad arquitect\u00f3nica y tangentes que se generan. La idea es crear un espacio para divulgar los diversos proyectos en busca de nueva inspiraci\u00f3n y de intercambio.\",\"sameAs\":[\"https:\\\/\\\/veredes.es\\\/\",\"https:\\\/\\\/www.facebook.com\\\/veredesArquitecturayDivulgacion\\\/\",\"https:\\\/\\\/www.instagram.com\\\/veredes\\\/\",\"https:\\\/\\\/www.linkedin.com\\\/company\\\/veredes-arquitectura-y-divulgacion\\\/\",\"https:\\\/\\\/www.pinterest.es\\\/veredes\\\/\",\"https:\\\/\\\/x.com\\\/https:\\\/\\\/twitter.com\\\/veredes\",\"https:\\\/\\\/veredes.tumblr.com\\\/\"],\"url\":\"https:\\\/\\\/veredes.es\\\/blog\\\/author\\\/alberto\\\/\"}]}<\/script>\n<!-- \/ Yoast SEO plugin. -->","yoast_head_json":{"title":"Ubiqarama","description":"Toda la informaci\u00f3n sobre: UbiqaramaUbiqaramaUbiqarama","robots":{"index":"index","follow":"follow","max-snippet":"max-snippet:-1","max-image-preview":"max-image-preview:large","max-video-preview":"max-video-preview:-1"},"canonical":"https:\/\/veredes.es\/blog\/ubiqarama\/","og_locale":"es_ES","og_type":"article","og_title":"Ubiqarama","og_description":"Toda la informaci\u00f3n sobre: UbiqaramaUbiqaramaUbiqarama","og_url":"https:\/\/veredes.es\/blog\/ubiqarama\/","og_site_name":"veredes, arquitectura y divulgaci\u00f3n","article_publisher":"https:\/\/www.facebook.com\/veredesArquitecturayDivulgacion\/","article_author":"https:\/\/www.facebook.com\/veredesArquitecturayDivulgacion\/","article_published_time":"2014-11-06T06:18:31+00:00","article_modified_time":"2022-03-22T08:21:01+00:00","og_image":[{"width":620,"height":300,"url":"https:\/\/veredes.es\/blog\/wp-content\/uploads\/2014\/11\/ubiqarama_logo.jpg","type":"image\/jpeg"}],"author":"veredes","twitter_card":"summary_large_image","twitter_creator":"@https:\/\/twitter.com\/veredes","twitter_site":"@veredes","twitter_misc":{"Escrito por":"veredes","Tiempo de lectura":"3 minutos"},"schema":{"@context":"https:\/\/schema.org","@graph":[{"@type":"Article","@id":"https:\/\/veredes.es\/blog\/ubiqarama\/#article","isPartOf":{"@id":"https:\/\/veredes.es\/blog\/ubiqarama\/"},"author":{"name":"veredes","@id":"https:\/\/veredes.es\/blog\/#\/schema\/person\/0bbb669073ef7faba5168a0844e93d2c"},"headline":"Ubiqarama","datePublished":"2014-11-06T06:18:31+00:00","dateModified":"2022-03-22T08:21:01+00:00","mainEntityOfPage":{"@id":"https:\/\/veredes.es\/blog\/ubiqarama\/"},"wordCount":590,"commentCount":0,"publisher":{"@id":"https:\/\/veredes.es\/blog\/#organization"},"image":{"@id":"https:\/\/veredes.es\/blog\/ubiqarama\/#primaryimage"},"thumbnailUrl":"https:\/\/veredes.es\/blog\/wp-content\/uploads\/2014\/11\/ubiqarama_logo.jpg","keywords":["aparejo","desarrollo de aplicaciones","formatos digitales","gratis","herramienta","mapa","plataforma","procesos digitales","ruta","software libre","\u00fabiqa","urbanismo"],"articleSection":["aparejo"],"inLanguage":"es","potentialAction":[{"@type":"CommentAction","name":"Comment","target":["https:\/\/veredes.es\/blog\/ubiqarama\/#respond"]}]},{"@type":"WebPage","@id":"https:\/\/veredes.es\/blog\/ubiqarama\/","url":"https:\/\/veredes.es\/blog\/ubiqarama\/","name":"Ubiqarama","isPartOf":{"@id":"https:\/\/veredes.es\/blog\/#website"},"primaryImageOfPage":{"@id":"https:\/\/veredes.es\/blog\/ubiqarama\/#primaryimage"},"image":{"@id":"https:\/\/veredes.es\/blog\/ubiqarama\/#primaryimage"},"thumbnailUrl":"https:\/\/veredes.es\/blog\/wp-content\/uploads\/2014\/11\/ubiqarama_logo.jpg","datePublished":"2014-11-06T06:18:31+00:00","dateModified":"2022-03-22T08:21:01+00:00","description":"Toda la informaci\u00f3n sobre: UbiqaramaUbiqaramaUbiqarama","breadcrumb":{"@id":"https:\/\/veredes.es\/blog\/ubiqarama\/#breadcrumb"},"inLanguage":"es","potentialAction":[{"@type":"ReadAction","target":["https:\/\/veredes.es\/blog\/ubiqarama\/"]}]},{"@type":"ImageObject","inLanguage":"es","@id":"https:\/\/veredes.es\/blog\/ubiqarama\/#primaryimage","url":"https:\/\/veredes.es\/blog\/wp-content\/uploads\/2014\/11\/ubiqarama_logo.jpg","contentUrl":"https:\/\/veredes.es\/blog\/wp-content\/uploads\/2014\/11\/ubiqarama_logo.jpg","width":"620","height":"300"},{"@type":"BreadcrumbList","@id":"https:\/\/veredes.es\/blog\/ubiqarama\/#breadcrumb","itemListElement":[{"@type":"ListItem","position":1,"name":"Portada","item":"https:\/\/veredes.es\/blog\/"},{"@type":"ListItem","position":2,"name":"UbiqaramaUbiqaramaUbiqarama"}]},{"@type":"WebSite","@id":"https:\/\/veredes.es\/blog\/#website","url":"https:\/\/veredes.es\/blog\/","name":"veredes, arquitectura y divulgaci\u00f3n","description":"veredes","publisher":{"@id":"https:\/\/veredes.es\/blog\/#organization"},"alternateName":"veredes","potentialAction":[{"@type":"SearchAction","target":{"@type":"EntryPoint","urlTemplate":"https:\/\/veredes.es\/blog\/?s={search_term_string}"},"query-input":{"@type":"PropertyValueSpecification","valueRequired":true,"valueName":"search_term_string"}}],"inLanguage":"es"},{"@type":"Organization","@id":"https:\/\/veredes.es\/blog\/#organization","name":"veredes, arquitectura y divulgaci\u00f3n","alternateName":"veredes","url":"https:\/\/veredes.es\/blog\/","logo":{"@type":"ImageObject","inLanguage":"es","@id":"https:\/\/veredes.es\/blog\/#\/schema\/logo\/image\/","url":"https:\/\/veredes.es\/blog\/wp-content\/uploads\/2021\/12\/veredes-logo-centrado_140x54.png","contentUrl":"https:\/\/veredes.es\/blog\/wp-content\/uploads\/2021\/12\/veredes-logo-centrado_140x54.png","width":140,"height":54,"caption":"veredes, arquitectura y divulgaci\u00f3n"},"image":{"@id":"https:\/\/veredes.es\/blog\/#\/schema\/logo\/image\/"},"sameAs":["https:\/\/www.facebook.com\/veredesArquitecturayDivulgacion\/","https:\/\/x.com\/veredes","https:\/\/instagram.com\/veredes\/","https:\/\/www.linkedin.com\/company\/veredes-arquitectura-y-divulgacion\/","https:\/\/es.pinterest.com\/veredes\/","https:\/\/www.tumblr.com\/veredes"]},{"@type":"Person","@id":"https:\/\/veredes.es\/blog\/#\/schema\/person\/0bbb669073ef7faba5168a0844e93d2c","name":"veredes","image":{"@type":"ImageObject","inLanguage":"es","@id":"https:\/\/veredes.es\/blog\/wp-content\/uploads\/2018\/04\/face-96x96.jpg","url":"https:\/\/veredes.es\/blog\/wp-content\/uploads\/2018\/04\/face-96x96.jpg","contentUrl":"https:\/\/veredes.es\/blog\/wp-content\/uploads\/2018\/04\/face-96x96.jpg","caption":"veredes"},"description":"Surge enero de 2009 como b\u00fasqueda de satisfacer el conocimiento de la actividad arquitect\u00f3nica y tangentes que se generan. La idea es crear un espacio para divulgar los diversos proyectos en busca de nueva inspiraci\u00f3n y de intercambio.","sameAs":["https:\/\/veredes.es\/","https:\/\/www.facebook.com\/veredesArquitecturayDivulgacion\/","https:\/\/www.instagram.com\/veredes\/","https:\/\/www.linkedin.com\/company\/veredes-arquitectura-y-divulgacion\/","https:\/\/www.pinterest.es\/veredes\/","https:\/\/x.com\/https:\/\/twitter.com\/veredes","https:\/\/veredes.tumblr.com\/"],"url":"https:\/\/veredes.es\/blog\/author\/alberto\/"}]}},"_links":{"self":[{"href":"https:\/\/veredes.es\/blog\/wp-json\/wp\/v2\/posts\/48616","targetHints":{"allow":["GET"]}}],"collection":[{"href":"https:\/\/veredes.es\/blog\/wp-json\/wp\/v2\/posts"}],"about":[{"href":"https:\/\/veredes.es\/blog\/wp-json\/wp\/v2\/types\/post"}],"author":[{"embeddable":true,"href":"https:\/\/veredes.es\/blog\/wp-json\/wp\/v2\/users\/2"}],"replies":[{"embeddable":true,"href":"https:\/\/veredes.es\/blog\/wp-json\/wp\/v2\/comments?post=48616"}],"version-history":[{"count":0,"href":"https:\/\/veredes.es\/blog\/wp-json\/wp\/v2\/posts\/48616\/revisions"}],"wp:featuredmedia":[{"embeddable":true,"href":"https:\/\/veredes.es\/blog\/wp-json\/wp\/v2\/media\/48617"}],"wp:attachment":[{"href":"https:\/\/veredes.es\/blog\/wp-json\/wp\/v2\/media?parent=48616"}],"wp:term":[{"taxonomy":"category","embeddable":true,"href":"https:\/\/veredes.es\/blog\/wp-json\/wp\/v2\/categories?post=48616"},{"taxonomy":"post_tag","embeddable":true,"href":"https:\/\/veredes.es\/blog\/wp-json\/wp\/v2\/tags?post=48616"}],"curies":[{"name":"wp","href":"https:\/\/api.w.org\/{rel}","templated":true}]}}