{"id":48304,"date":"2014-10-30T06:49:34","date_gmt":"2014-10-30T05:49:34","guid":{"rendered":"http:\/\/veredes.es\/blog\/?p=48304"},"modified":"2023-03-20T08:35:32","modified_gmt":"2023-03-20T07:35:32","slug":"casa-sobre-el-arroyo-amancio-williams-en-argentina-2","status":"publish","type":"post","link":"https:\/\/veredes.es\/blog\/casa-sobre-el-arroyo-amancio-williams-en-argentina-2\/","title":{"rendered":"Casa sobre el arroyo. Amancio Williams en Argentina"},"content":{"rendered":"<p><figure id=\"attachment_48305\" aria-describedby=\"caption-attachment-48305\" style=\"width: 620px\" class=\"wp-caption alignnone\"><a href=\"https:\/\/veredes.es\/blog\/wp-content\/uploads\/2014\/10\/Casa-sobre-el-arroyo.-Amancio-Williams-en-Argentina.jpg\"><img loading=\"lazy\" decoding=\"async\" class=\"wp-image-48305 size-full\" title=\"Casa sobre el arroyo. Amancio Williams en Argentina\" src=\"https:\/\/veredes.es\/blog\/wp-content\/uploads\/2014\/10\/Casa-sobre-el-arroyo.-Amancio-Williams-en-Argentina.jpg\" alt=\"Casa sobre el arroyo. Amancio Williams en Argentina\" width=\"620\" height=\"806\" srcset=\"https:\/\/veredes.es\/blog\/wp-content\/uploads\/2014\/10\/Casa-sobre-el-arroyo.-Amancio-Williams-en-Argentina.jpg 620w, https:\/\/veredes.es\/blog\/wp-content\/uploads\/2014\/10\/Casa-sobre-el-arroyo.-Amancio-Williams-en-Argentina-230x300.jpg 230w\" sizes=\"auto, (max-width: 620px) 100vw, 620px\" \/><\/a><figcaption id=\"caption-attachment-48305\" class=\"wp-caption-text\"><span style=\"color: #999999;\">Casa sobre el arroyo. Amancio Williams en Argentina<\/span><\/figcaption><\/figure><\/p>\n<p style=\"text-align: justify;\">Una de las obras m\u00e1s interesantes de <a href=\"https:\/\/veredes.es\/blog\/tag\/amancio-williams\/\" target=\"_blank\" rel=\"noopener\">Amancio Williams<\/a>, la <strong>Casa sobre el arroyo<\/strong> para su padre en Mar del Plata, Argentina, es reconocida como una de las viviendas paradigm\u00e1ticas de la modernidad y del siglo XX.<\/p>\n<blockquote class=\"wp-embedded-content\" data-secret=\"hf4B3MnQDY\"><p><a href=\"https:\/\/veredes.es\/blog\/documental-amancio-williams\/\">Documental Amancio Williams<\/a><\/p><\/blockquote>\n<p><iframe loading=\"lazy\" class=\"wp-embedded-content\" sandbox=\"allow-scripts\" security=\"restricted\" style=\"position: absolute; clip: rect(1px, 1px, 1px, 1px);\" title=\"\u00ab&lt;!--:es--&gt;Documental Amancio Williams&lt;!--:--&gt;&lt;!--:gl--&gt;Documental Amancio Williams&lt;!--:--&gt;&lt;!--:en--&gt;Amancio Williams Film&lt;!--:--&gt;\u00bb \u2014 veredes\" src=\"https:\/\/veredes.es\/blog\/documental-amancio-williams\/embed\/#?secret=KITU44v56K#?secret=hf4B3MnQDY\" data-secret=\"hf4B3MnQDY\" width=\"600\" height=\"338\" frameborder=\"0\" marginwidth=\"0\" marginheight=\"0\" scrolling=\"no\"><\/iframe><\/p>\n<p style=\"text-align: justify;\"><strong>\u00bfC\u00f3mo construir sin hacerlo? \u00bfC\u00f3mo poner all\u00ed una casa sin tocar el parque?<\/strong><\/p>\n<blockquote>\n<p style=\"text-align: justify;\"><em>\u201cEs como una caja de p\u00e1jaros, como un sonido entre los \u00e1rboles, y vas viendo que todo est\u00e1 absolutamente protegido y defendido con la figura del puente, es como si \u00e9ste hiciera posible una casa que estuviera en otro sitio, es realmente sorprendente\u2026\u201d<\/em><\/p>\n<p style=\"text-align: right;\">Enric Miralles.<\/p>\n<\/blockquote>\n<p style=\"text-align: justify;\">Luego de \u201cEl autor y el int\u00e9rprete\u201d, sobre la casa Curutchet de Le Corbusier, libro que consigui\u00f3 varios premios, <a href=\"https:\/\/amzn.to\/3mYDWKd\" target=\"_blank\" rel=\"noopener\">Daniel Merro Johnston<\/a> se interna ahora en la historia de otro gran arquitecto y su relaci\u00f3n con la cultura de su tiempo, relatada a trav\u00e9s de un proyecto genial.<\/p>\n<p style=\"text-align: justify;\">El libro incluye documentaci\u00f3n in\u00e9dita del proyecto y su construcci\u00f3n, de su amistad con Le Corbusier, Jean Prouv\u00e9, Georges Candilis y muchos otros. Correspondencia, planos, testimonios e historias paralelas que permiten inscribir la construcci\u00f3n de esta m\u00edtica casa en una \u00e9poca de profundos cambios sociales.<\/p>\n<p style=\"text-align: justify;\"><strong>La casa sobre el arroyo. Amancio Williams en Argentina<\/strong><br \/>\nDaniel Merro Johnston<br \/>\n1:100 Ediciones. Buenos Aires. 2014<br \/>\n20&#215;26 cm.\u00a0 169 pag.<br \/>\nISBN 978-987-25893-9-<\/p>\n<p><iframe style=\"width: 120px; height: 240px;\" src=\"\/\/rcm-eu.amazon-adsystem.com\/e\/cm?lt1=_blank&amp;bc1=000000&amp;IS2=1&amp;bg1=FFFFFF&amp;fc1=000000&amp;lc1=0000FF&amp;t=veredes-21&amp;language=es_ES&amp;o=30&amp;p=8&amp;l=as4&amp;m=amazon&amp;f=ifr&amp;ref=as_ss_li_til&amp;asins=9872589399&amp;linkId=fe3c9e977972143fb899917cf4156d88\" frameborder=\"0\" marginwidth=\"0\" marginheight=\"0\" scrolling=\"no\" sandbox=\"allow-popups allow-scripts allow-modals allow-forms allow-same-origin\"><\/iframe> <iframe style=\"width: 120px; height: 240px;\" src=\"\/\/rcm-eu.amazon-adsystem.com\/e\/cm?lt1=_blank&amp;bc1=000000&amp;IS2=1&amp;bg1=FFFFFF&amp;fc1=000000&amp;lc1=0000FF&amp;t=veredes-21&amp;language=es_ES&amp;o=30&amp;p=8&amp;l=as4&amp;m=amazon&amp;f=ifr&amp;ref=as_ss_li_til&amp;asins=9872589313&amp;linkId=de165ffc7494816cde428ad4f5d78914\" frameborder=\"0\" marginwidth=\"0\" marginheight=\"0\" scrolling=\"no\" sandbox=\"allow-popups allow-scripts allow-modals allow-forms allow-same-origin\"><\/iframe><\/p>","protected":false},"excerpt":{"rendered":"<p>Una de las obras m\u00e1s interesantes de Amancio Williams, la Casa sobre el arroyo para su padre en Mar del Plata, Argentina, es reconocida como una de las viviendas paradigm\u00e1ticas de la modernidad y del siglo XX. \u00bfC\u00f3mo construir sin hacerlo? \u00bfC\u00f3mo poner all\u00ed una casa sin tocar el parque? \u201cEs como una caja de [&hellip;]<\/p>\n","protected":false},"author":2,"featured_media":48305,"comment_status":"open","ping_status":"closed","sticky":false,"template":"","format":"standard","meta":{"footnotes":""},"categories":[794,26],"tags":[11104,9334,11106,12448,7089,147,6949,8266,9342,3350,11108,542,11107,9781,12460,6816,2380,7368,785,6307,1120,4444,1287],"class_list":{"0":"post-48304","1":"post","2":"type-post","3":"status-publish","4":"format-standard","5":"has-post-thumbnail","7":"category-libros","8":"category-publicaciones","9":"tag-alejandro-lapunzina","10":"tag-amancio-williams","11":"tag-archivo-williams","12":"tag-arquitectura","13":"tag-arquitectura-francesa","14":"tag-arquitectura-moderna","15":"tag-arquitectura-suiza","16":"tag-casa-curutchet","17":"tag-daniel-merro-johnston","18":"tag-editorial-1100","19":"tag-eduardo-stupia","20":"tag-etsam","21":"tag-facundo-zuvuria","22":"tag-fondation-le-corbusier","23":"tag-fotografia","24":"tag-georges-candilis","25":"tag-jean-prouve","26":"tag-juan-calatrava-escobar","27":"tag-le-corbusier","28":"tag-plano","29":"tag-publicacion","30":"tag-s-xx","31":"tag-tesis"},"yoast_head":"<!-- This site is optimized with the Yoast SEO plugin v27.4 - https:\/\/yoast.com\/product\/yoast-seo-wordpress\/ -->\n<title>Casa sobre el arroyo. Amancio Williams en Argentina - veredes<\/title>\n<meta name=\"description\" content=\"Toda la informaci\u00f3n sobre: [:es]Casa sobre el arroyo. Amancio Williams en Argentina[:gl]Casa sobre o regueiro. Amancio Williams en Arxentina[:en]House on the creek. Amancio Williams in Argentina[:]\" \/>\n<meta name=\"robots\" content=\"index, follow, max-snippet:-1, max-image-preview:large, max-video-preview:-1\" \/>\n<link rel=\"canonical\" href=\"https:\/\/veredes.es\/blog\/casa-sobre-el-arroyo-amancio-williams-en-argentina-2\/\" \/>\n<meta property=\"og:locale\" content=\"es_ES\" \/>\n<meta property=\"og:type\" content=\"article\" \/>\n<meta property=\"og:title\" content=\"[:es]Casa sobre el arroyo. Amancio Williams en Argentina[:gl]Casa sobre o regueiro. Amancio Williams en Arxentina[:en]House on the creek. Amancio Williams in Argentina[:] - veredes\" \/>\n<meta property=\"og:description\" content=\"Toda la informaci\u00f3n sobre: [:es]Casa sobre el arroyo. Amancio Williams en Argentina[:gl]Casa sobre o regueiro. Amancio Williams en Arxentina[:en]House on the creek. Amancio Williams in Argentina[:]\" \/>\n<meta property=\"og:url\" content=\"https:\/\/veredes.es\/blog\/casa-sobre-el-arroyo-amancio-williams-en-argentina-2\/\" \/>\n<meta property=\"og:site_name\" content=\"veredes, arquitectura y divulgaci\u00f3n\" \/>\n<meta property=\"article:publisher\" content=\"https:\/\/www.facebook.com\/veredesArquitecturayDivulgacion\/\" \/>\n<meta property=\"article:author\" content=\"https:\/\/www.facebook.com\/veredesArquitecturayDivulgacion\/\" \/>\n<meta property=\"article:published_time\" content=\"2014-10-30T05:49:34+00:00\" \/>\n<meta property=\"article:modified_time\" content=\"2023-03-20T07:35:32+00:00\" \/>\n<meta property=\"og:image\" content=\"https:\/\/veredes.es\/blog\/wp-content\/uploads\/2014\/10\/Casa-sobre-el-arroyo.-Amancio-Williams-en-Argentina.jpg\" \/>\n\t<meta property=\"og:image:width\" content=\"620\" \/>\n\t<meta property=\"og:image:height\" content=\"806\" \/>\n\t<meta property=\"og:image:type\" content=\"image\/jpeg\" \/>\n<meta name=\"author\" content=\"veredes\" \/>\n<meta name=\"twitter:card\" content=\"summary_large_image\" \/>\n<meta name=\"twitter:creator\" content=\"@https:\/\/twitter.com\/veredes\" \/>\n<meta name=\"twitter:site\" content=\"@veredes\" \/>\n<meta name=\"twitter:label1\" content=\"Escrito por\" \/>\n\t<meta name=\"twitter:data1\" content=\"veredes\" \/>\n\t<meta name=\"twitter:label2\" content=\"Tiempo de lectura\" \/>\n\t<meta name=\"twitter:data2\" content=\"2 minutos\" \/>\n<script type=\"application\/ld+json\" class=\"yoast-schema-graph\">{\"@context\":\"https:\\\/\\\/schema.org\",\"@graph\":[{\"@type\":\"Article\",\"@id\":\"https:\\\/\\\/veredes.es\\\/blog\\\/casa-sobre-el-arroyo-amancio-williams-en-argentina-2\\\/#article\",\"isPartOf\":{\"@id\":\"https:\\\/\\\/veredes.es\\\/blog\\\/casa-sobre-el-arroyo-amancio-williams-en-argentina-2\\\/\"},\"author\":{\"name\":\"veredes\",\"@id\":\"https:\\\/\\\/veredes.es\\\/blog\\\/#\\\/schema\\\/person\\\/0bbb669073ef7faba5168a0844e93d2c\"},\"headline\":\"Casa sobre el arroyo. Amancio Williams en Argentina\",\"datePublished\":\"2014-10-30T05:49:34+00:00\",\"dateModified\":\"2023-03-20T07:35:32+00:00\",\"mainEntityOfPage\":{\"@id\":\"https:\\\/\\\/veredes.es\\\/blog\\\/casa-sobre-el-arroyo-amancio-williams-en-argentina-2\\\/\"},\"wordCount\":705,\"commentCount\":1,\"publisher\":{\"@id\":\"https:\\\/\\\/veredes.es\\\/blog\\\/#organization\"},\"image\":{\"@id\":\"https:\\\/\\\/veredes.es\\\/blog\\\/casa-sobre-el-arroyo-amancio-williams-en-argentina-2\\\/#primaryimage\"},\"thumbnailUrl\":\"https:\\\/\\\/veredes.es\\\/blog\\\/wp-content\\\/uploads\\\/2014\\\/10\\\/Casa-sobre-el-arroyo.-Amancio-Williams-en-Argentina.jpg\",\"keywords\":[\"Alejandro Lapunzina\",\"Amancio Williams\",\"archivo Williams\",\"arquitectura\",\"arquitectura francesa\",\"arquitectura moderna\",\"arquitectura suiza\",\"casa curutchet\",\"daniel merro johnston\",\"editorial 1:100\",\"eduardo stup\u00eda\",\"ETSAM\",\"facundo zuvur\u00eda\",\"fondation Le Corbusier\",\"fotograf\u00eda\",\"Georges Candilis\",\"Jean Prouv\u00e9\",\"Juan Calatrava Escobar\",\"Le Corbusier\",\"plano\",\"publicaci\u00f3n\",\"s. xx\",\"tesis\"],\"articleSection\":[\"libros\",\"publicaciones\"],\"inLanguage\":\"es\",\"potentialAction\":[{\"@type\":\"CommentAction\",\"name\":\"Comment\",\"target\":[\"https:\\\/\\\/veredes.es\\\/blog\\\/casa-sobre-el-arroyo-amancio-williams-en-argentina-2\\\/#respond\"]}]},{\"@type\":\"WebPage\",\"@id\":\"https:\\\/\\\/veredes.es\\\/blog\\\/casa-sobre-el-arroyo-amancio-williams-en-argentina-2\\\/\",\"url\":\"https:\\\/\\\/veredes.es\\\/blog\\\/casa-sobre-el-arroyo-amancio-williams-en-argentina-2\\\/\",\"name\":\"[:es]Casa sobre el arroyo. Amancio Williams en Argentina[:gl]Casa sobre o regueiro. Amancio Williams en Arxentina[:en]House on the creek. Amancio Williams in Argentina[:] - veredes\",\"isPartOf\":{\"@id\":\"https:\\\/\\\/veredes.es\\\/blog\\\/#website\"},\"primaryImageOfPage\":{\"@id\":\"https:\\\/\\\/veredes.es\\\/blog\\\/casa-sobre-el-arroyo-amancio-williams-en-argentina-2\\\/#primaryimage\"},\"image\":{\"@id\":\"https:\\\/\\\/veredes.es\\\/blog\\\/casa-sobre-el-arroyo-amancio-williams-en-argentina-2\\\/#primaryimage\"},\"thumbnailUrl\":\"https:\\\/\\\/veredes.es\\\/blog\\\/wp-content\\\/uploads\\\/2014\\\/10\\\/Casa-sobre-el-arroyo.-Amancio-Williams-en-Argentina.jpg\",\"datePublished\":\"2014-10-30T05:49:34+00:00\",\"dateModified\":\"2023-03-20T07:35:32+00:00\",\"description\":\"Toda la informaci\u00f3n sobre: [:es]Casa sobre el arroyo. Amancio Williams en Argentina[:gl]Casa sobre o regueiro. Amancio Williams en Arxentina[:en]House on the creek. Amancio Williams in Argentina[:]\",\"breadcrumb\":{\"@id\":\"https:\\\/\\\/veredes.es\\\/blog\\\/casa-sobre-el-arroyo-amancio-williams-en-argentina-2\\\/#breadcrumb\"},\"inLanguage\":\"es\",\"potentialAction\":[{\"@type\":\"ReadAction\",\"target\":[\"https:\\\/\\\/veredes.es\\\/blog\\\/casa-sobre-el-arroyo-amancio-williams-en-argentina-2\\\/\"]}]},{\"@type\":\"ImageObject\",\"inLanguage\":\"es\",\"@id\":\"https:\\\/\\\/veredes.es\\\/blog\\\/casa-sobre-el-arroyo-amancio-williams-en-argentina-2\\\/#primaryimage\",\"url\":\"https:\\\/\\\/veredes.es\\\/blog\\\/wp-content\\\/uploads\\\/2014\\\/10\\\/Casa-sobre-el-arroyo.-Amancio-Williams-en-Argentina.jpg\",\"contentUrl\":\"https:\\\/\\\/veredes.es\\\/blog\\\/wp-content\\\/uploads\\\/2014\\\/10\\\/Casa-sobre-el-arroyo.-Amancio-Williams-en-Argentina.jpg\",\"width\":\"620\",\"height\":\"806\"},{\"@type\":\"BreadcrumbList\",\"@id\":\"https:\\\/\\\/veredes.es\\\/blog\\\/casa-sobre-el-arroyo-amancio-williams-en-argentina-2\\\/#breadcrumb\",\"itemListElement\":[{\"@type\":\"ListItem\",\"position\":1,\"name\":\"Portada\",\"item\":\"https:\\\/\\\/veredes.es\\\/blog\\\/\"},{\"@type\":\"ListItem\",\"position\":2,\"name\":\"Casa sobre el arroyo. Amancio Williams en Argentina\"}]},{\"@type\":\"WebSite\",\"@id\":\"https:\\\/\\\/veredes.es\\\/blog\\\/#website\",\"url\":\"https:\\\/\\\/veredes.es\\\/blog\\\/\",\"name\":\"veredes, arquitectura y divulgaci\u00f3n\",\"description\":\"veredes\",\"publisher\":{\"@id\":\"https:\\\/\\\/veredes.es\\\/blog\\\/#organization\"},\"alternateName\":\"veredes\",\"potentialAction\":[{\"@type\":\"SearchAction\",\"target\":{\"@type\":\"EntryPoint\",\"urlTemplate\":\"https:\\\/\\\/veredes.es\\\/blog\\\/?s={search_term_string}\"},\"query-input\":{\"@type\":\"PropertyValueSpecification\",\"valueRequired\":true,\"valueName\":\"search_term_string\"}}],\"inLanguage\":\"es\"},{\"@type\":\"Organization\",\"@id\":\"https:\\\/\\\/veredes.es\\\/blog\\\/#organization\",\"name\":\"veredes, arquitectura y divulgaci\u00f3n\",\"alternateName\":\"veredes\",\"url\":\"https:\\\/\\\/veredes.es\\\/blog\\\/\",\"logo\":{\"@type\":\"ImageObject\",\"inLanguage\":\"es\",\"@id\":\"https:\\\/\\\/veredes.es\\\/blog\\\/#\\\/schema\\\/logo\\\/image\\\/\",\"url\":\"https:\\\/\\\/veredes.es\\\/blog\\\/wp-content\\\/uploads\\\/2021\\\/12\\\/veredes-logo-centrado_140x54.png\",\"contentUrl\":\"https:\\\/\\\/veredes.es\\\/blog\\\/wp-content\\\/uploads\\\/2021\\\/12\\\/veredes-logo-centrado_140x54.png\",\"width\":140,\"height\":54,\"caption\":\"veredes, arquitectura y divulgaci\u00f3n\"},\"image\":{\"@id\":\"https:\\\/\\\/veredes.es\\\/blog\\\/#\\\/schema\\\/logo\\\/image\\\/\"},\"sameAs\":[\"https:\\\/\\\/www.facebook.com\\\/veredesArquitecturayDivulgacion\\\/\",\"https:\\\/\\\/x.com\\\/veredes\",\"https:\\\/\\\/instagram.com\\\/veredes\\\/\",\"https:\\\/\\\/www.linkedin.com\\\/company\\\/veredes-arquitectura-y-divulgacion\\\/\",\"https:\\\/\\\/es.pinterest.com\\\/veredes\\\/\",\"https:\\\/\\\/www.tumblr.com\\\/veredes\"]},{\"@type\":\"Person\",\"@id\":\"https:\\\/\\\/veredes.es\\\/blog\\\/#\\\/schema\\\/person\\\/0bbb669073ef7faba5168a0844e93d2c\",\"name\":\"veredes\",\"image\":{\"@type\":\"ImageObject\",\"inLanguage\":\"es\",\"@id\":\"https:\\\/\\\/veredes.es\\\/blog\\\/wp-content\\\/uploads\\\/2018\\\/04\\\/face-96x96.jpg\",\"url\":\"https:\\\/\\\/veredes.es\\\/blog\\\/wp-content\\\/uploads\\\/2018\\\/04\\\/face-96x96.jpg\",\"contentUrl\":\"https:\\\/\\\/veredes.es\\\/blog\\\/wp-content\\\/uploads\\\/2018\\\/04\\\/face-96x96.jpg\",\"caption\":\"veredes\"},\"description\":\"Surge enero de 2009 como b\u00fasqueda de satisfacer el conocimiento de la actividad arquitect\u00f3nica y tangentes que se generan. La idea es crear un espacio para divulgar los diversos proyectos en busca de nueva inspiraci\u00f3n y de intercambio.\",\"sameAs\":[\"https:\\\/\\\/veredes.es\\\/\",\"https:\\\/\\\/www.facebook.com\\\/veredesArquitecturayDivulgacion\\\/\",\"https:\\\/\\\/www.instagram.com\\\/veredes\\\/\",\"https:\\\/\\\/www.linkedin.com\\\/company\\\/veredes-arquitectura-y-divulgacion\\\/\",\"https:\\\/\\\/www.pinterest.es\\\/veredes\\\/\",\"https:\\\/\\\/x.com\\\/https:\\\/\\\/twitter.com\\\/veredes\",\"https:\\\/\\\/veredes.tumblr.com\\\/\"],\"url\":\"https:\\\/\\\/veredes.es\\\/blog\\\/author\\\/alberto\\\/\"}]}<\/script>\n<!-- \/ Yoast SEO plugin. -->","yoast_head_json":{"title":"[:es]Casa sobre el arroyo. Amancio Williams en Argentina[:gl]Casa sobre o regueiro. Amancio Williams en Arxentina[:en]House on the creek. Amancio Williams in Argentina[:] - veredes","description":"Toda la informaci\u00f3n sobre: [:es]Casa sobre el arroyo. Amancio Williams en Argentina[:gl]Casa sobre o regueiro. Amancio Williams en Arxentina[:en]House on the creek. Amancio Williams in Argentina[:]","robots":{"index":"index","follow":"follow","max-snippet":"max-snippet:-1","max-image-preview":"max-image-preview:large","max-video-preview":"max-video-preview:-1"},"canonical":"https:\/\/veredes.es\/blog\/casa-sobre-el-arroyo-amancio-williams-en-argentina-2\/","og_locale":"es_ES","og_type":"article","og_title":"[:es]Casa sobre el arroyo. Amancio Williams en Argentina[:gl]Casa sobre o regueiro. Amancio Williams en Arxentina[:en]House on the creek. Amancio Williams in Argentina[:] - veredes","og_description":"Toda la informaci\u00f3n sobre: [:es]Casa sobre el arroyo. Amancio Williams en Argentina[:gl]Casa sobre o regueiro. Amancio Williams en Arxentina[:en]House on the creek. Amancio Williams in Argentina[:]","og_url":"https:\/\/veredes.es\/blog\/casa-sobre-el-arroyo-amancio-williams-en-argentina-2\/","og_site_name":"veredes, arquitectura y divulgaci\u00f3n","article_publisher":"https:\/\/www.facebook.com\/veredesArquitecturayDivulgacion\/","article_author":"https:\/\/www.facebook.com\/veredesArquitecturayDivulgacion\/","article_published_time":"2014-10-30T05:49:34+00:00","article_modified_time":"2023-03-20T07:35:32+00:00","og_image":[{"width":620,"height":806,"url":"https:\/\/veredes.es\/blog\/wp-content\/uploads\/2014\/10\/Casa-sobre-el-arroyo.-Amancio-Williams-en-Argentina.jpg","type":"image\/jpeg"}],"author":"veredes","twitter_card":"summary_large_image","twitter_creator":"@https:\/\/twitter.com\/veredes","twitter_site":"@veredes","twitter_misc":{"Escrito por":"veredes","Tiempo de lectura":"2 minutos"},"schema":{"@context":"https:\/\/schema.org","@graph":[{"@type":"Article","@id":"https:\/\/veredes.es\/blog\/casa-sobre-el-arroyo-amancio-williams-en-argentina-2\/#article","isPartOf":{"@id":"https:\/\/veredes.es\/blog\/casa-sobre-el-arroyo-amancio-williams-en-argentina-2\/"},"author":{"name":"veredes","@id":"https:\/\/veredes.es\/blog\/#\/schema\/person\/0bbb669073ef7faba5168a0844e93d2c"},"headline":"Casa sobre el arroyo. Amancio Williams en Argentina","datePublished":"2014-10-30T05:49:34+00:00","dateModified":"2023-03-20T07:35:32+00:00","mainEntityOfPage":{"@id":"https:\/\/veredes.es\/blog\/casa-sobre-el-arroyo-amancio-williams-en-argentina-2\/"},"wordCount":705,"commentCount":1,"publisher":{"@id":"https:\/\/veredes.es\/blog\/#organization"},"image":{"@id":"https:\/\/veredes.es\/blog\/casa-sobre-el-arroyo-amancio-williams-en-argentina-2\/#primaryimage"},"thumbnailUrl":"https:\/\/veredes.es\/blog\/wp-content\/uploads\/2014\/10\/Casa-sobre-el-arroyo.-Amancio-Williams-en-Argentina.jpg","keywords":["Alejandro Lapunzina","Amancio Williams","archivo Williams","arquitectura","arquitectura francesa","arquitectura moderna","arquitectura suiza","casa curutchet","daniel merro johnston","editorial 1:100","eduardo stup\u00eda","ETSAM","facundo zuvur\u00eda","fondation Le Corbusier","fotograf\u00eda","Georges Candilis","Jean Prouv\u00e9","Juan Calatrava Escobar","Le Corbusier","plano","publicaci\u00f3n","s. xx","tesis"],"articleSection":["libros","publicaciones"],"inLanguage":"es","potentialAction":[{"@type":"CommentAction","name":"Comment","target":["https:\/\/veredes.es\/blog\/casa-sobre-el-arroyo-amancio-williams-en-argentina-2\/#respond"]}]},{"@type":"WebPage","@id":"https:\/\/veredes.es\/blog\/casa-sobre-el-arroyo-amancio-williams-en-argentina-2\/","url":"https:\/\/veredes.es\/blog\/casa-sobre-el-arroyo-amancio-williams-en-argentina-2\/","name":"[:es]Casa sobre el arroyo. Amancio Williams en Argentina[:gl]Casa sobre o regueiro. Amancio Williams en Arxentina[:en]House on the creek. Amancio Williams in Argentina[:] - veredes","isPartOf":{"@id":"https:\/\/veredes.es\/blog\/#website"},"primaryImageOfPage":{"@id":"https:\/\/veredes.es\/blog\/casa-sobre-el-arroyo-amancio-williams-en-argentina-2\/#primaryimage"},"image":{"@id":"https:\/\/veredes.es\/blog\/casa-sobre-el-arroyo-amancio-williams-en-argentina-2\/#primaryimage"},"thumbnailUrl":"https:\/\/veredes.es\/blog\/wp-content\/uploads\/2014\/10\/Casa-sobre-el-arroyo.-Amancio-Williams-en-Argentina.jpg","datePublished":"2014-10-30T05:49:34+00:00","dateModified":"2023-03-20T07:35:32+00:00","description":"Toda la informaci\u00f3n sobre: [:es]Casa sobre el arroyo. Amancio Williams en Argentina[:gl]Casa sobre o regueiro. Amancio Williams en Arxentina[:en]House on the creek. Amancio Williams in Argentina[:]","breadcrumb":{"@id":"https:\/\/veredes.es\/blog\/casa-sobre-el-arroyo-amancio-williams-en-argentina-2\/#breadcrumb"},"inLanguage":"es","potentialAction":[{"@type":"ReadAction","target":["https:\/\/veredes.es\/blog\/casa-sobre-el-arroyo-amancio-williams-en-argentina-2\/"]}]},{"@type":"ImageObject","inLanguage":"es","@id":"https:\/\/veredes.es\/blog\/casa-sobre-el-arroyo-amancio-williams-en-argentina-2\/#primaryimage","url":"https:\/\/veredes.es\/blog\/wp-content\/uploads\/2014\/10\/Casa-sobre-el-arroyo.-Amancio-Williams-en-Argentina.jpg","contentUrl":"https:\/\/veredes.es\/blog\/wp-content\/uploads\/2014\/10\/Casa-sobre-el-arroyo.-Amancio-Williams-en-Argentina.jpg","width":"620","height":"806"},{"@type":"BreadcrumbList","@id":"https:\/\/veredes.es\/blog\/casa-sobre-el-arroyo-amancio-williams-en-argentina-2\/#breadcrumb","itemListElement":[{"@type":"ListItem","position":1,"name":"Portada","item":"https:\/\/veredes.es\/blog\/"},{"@type":"ListItem","position":2,"name":"Casa sobre el arroyo. Amancio Williams en Argentina"}]},{"@type":"WebSite","@id":"https:\/\/veredes.es\/blog\/#website","url":"https:\/\/veredes.es\/blog\/","name":"veredes, arquitectura y divulgaci\u00f3n","description":"veredes","publisher":{"@id":"https:\/\/veredes.es\/blog\/#organization"},"alternateName":"veredes","potentialAction":[{"@type":"SearchAction","target":{"@type":"EntryPoint","urlTemplate":"https:\/\/veredes.es\/blog\/?s={search_term_string}"},"query-input":{"@type":"PropertyValueSpecification","valueRequired":true,"valueName":"search_term_string"}}],"inLanguage":"es"},{"@type":"Organization","@id":"https:\/\/veredes.es\/blog\/#organization","name":"veredes, arquitectura y divulgaci\u00f3n","alternateName":"veredes","url":"https:\/\/veredes.es\/blog\/","logo":{"@type":"ImageObject","inLanguage":"es","@id":"https:\/\/veredes.es\/blog\/#\/schema\/logo\/image\/","url":"https:\/\/veredes.es\/blog\/wp-content\/uploads\/2021\/12\/veredes-logo-centrado_140x54.png","contentUrl":"https:\/\/veredes.es\/blog\/wp-content\/uploads\/2021\/12\/veredes-logo-centrado_140x54.png","width":140,"height":54,"caption":"veredes, arquitectura y divulgaci\u00f3n"},"image":{"@id":"https:\/\/veredes.es\/blog\/#\/schema\/logo\/image\/"},"sameAs":["https:\/\/www.facebook.com\/veredesArquitecturayDivulgacion\/","https:\/\/x.com\/veredes","https:\/\/instagram.com\/veredes\/","https:\/\/www.linkedin.com\/company\/veredes-arquitectura-y-divulgacion\/","https:\/\/es.pinterest.com\/veredes\/","https:\/\/www.tumblr.com\/veredes"]},{"@type":"Person","@id":"https:\/\/veredes.es\/blog\/#\/schema\/person\/0bbb669073ef7faba5168a0844e93d2c","name":"veredes","image":{"@type":"ImageObject","inLanguage":"es","@id":"https:\/\/veredes.es\/blog\/wp-content\/uploads\/2018\/04\/face-96x96.jpg","url":"https:\/\/veredes.es\/blog\/wp-content\/uploads\/2018\/04\/face-96x96.jpg","contentUrl":"https:\/\/veredes.es\/blog\/wp-content\/uploads\/2018\/04\/face-96x96.jpg","caption":"veredes"},"description":"Surge enero de 2009 como b\u00fasqueda de satisfacer el conocimiento de la actividad arquitect\u00f3nica y tangentes que se generan. La idea es crear un espacio para divulgar los diversos proyectos en busca de nueva inspiraci\u00f3n y de intercambio.","sameAs":["https:\/\/veredes.es\/","https:\/\/www.facebook.com\/veredesArquitecturayDivulgacion\/","https:\/\/www.instagram.com\/veredes\/","https:\/\/www.linkedin.com\/company\/veredes-arquitectura-y-divulgacion\/","https:\/\/www.pinterest.es\/veredes\/","https:\/\/x.com\/https:\/\/twitter.com\/veredes","https:\/\/veredes.tumblr.com\/"],"url":"https:\/\/veredes.es\/blog\/author\/alberto\/"}]}},"_links":{"self":[{"href":"https:\/\/veredes.es\/blog\/wp-json\/wp\/v2\/posts\/48304","targetHints":{"allow":["GET"]}}],"collection":[{"href":"https:\/\/veredes.es\/blog\/wp-json\/wp\/v2\/posts"}],"about":[{"href":"https:\/\/veredes.es\/blog\/wp-json\/wp\/v2\/types\/post"}],"author":[{"embeddable":true,"href":"https:\/\/veredes.es\/blog\/wp-json\/wp\/v2\/users\/2"}],"replies":[{"embeddable":true,"href":"https:\/\/veredes.es\/blog\/wp-json\/wp\/v2\/comments?post=48304"}],"version-history":[{"count":0,"href":"https:\/\/veredes.es\/blog\/wp-json\/wp\/v2\/posts\/48304\/revisions"}],"wp:featuredmedia":[{"embeddable":true,"href":"https:\/\/veredes.es\/blog\/wp-json\/wp\/v2\/media\/48305"}],"wp:attachment":[{"href":"https:\/\/veredes.es\/blog\/wp-json\/wp\/v2\/media?parent=48304"}],"wp:term":[{"taxonomy":"category","embeddable":true,"href":"https:\/\/veredes.es\/blog\/wp-json\/wp\/v2\/categories?post=48304"},{"taxonomy":"post_tag","embeddable":true,"href":"https:\/\/veredes.es\/blog\/wp-json\/wp\/v2\/tags?post=48304"}],"curies":[{"name":"wp","href":"https:\/\/api.w.org\/{rel}","templated":true}]}}