{"id":48074,"date":"2014-10-07T06:45:47","date_gmt":"2014-10-07T06:45:47","guid":{"rendered":"http:\/\/veredes.es\/blog\/?p=48074"},"modified":"2024-03-21T17:44:47","modified_gmt":"2024-03-21T16:44:47","slug":"revista-pointes-n08","status":"publish","type":"post","link":"https:\/\/veredes.es\/blog\/revista-pointes-n08\/","title":{"rendered":"Revista Pointes [n08]"},"content":{"rendered":"<p><\/p>\n<p style=\"text-align: justify;\">El <a href=\"https:\/\/veredes.es\/blog\/tag\/revista-pointes\/\" target=\"_blank\" rel=\"noopener\">n\u00famero ocho<\/a> de la revista de arte y arquitectura POINTEs, editada en Madrid, publicaci\u00f3n de arte y arquitectura realizada por estudiantes de diferentes ramas art\u00edsticas, que pretende reavivar el debate y dirigirnos HACIA UN ESPIRITU CR\u00cdTICO, as\u00ed como la investigaci\u00f3n de las referencias mas importantes del siglo XX. Es as\u00ed como se conforma como una revista libre de secciones basada en la recopilaci\u00f3n de textos de opini\u00f3n, reflexi\u00f3n, trabajos de investigaci\u00f3n y trabajos art\u00edsticos propios.<\/p>\n<p style=\"text-align: justify;\"><a href=\"https:\/\/veredes.es\/blog\/wp-content\/uploads\/2014\/10\/pointes8.jpg\"><img loading=\"lazy\" decoding=\"async\" class=\"alignnone wp-image-48075\" title=\"pointes8\" src=\"https:\/\/veredes.es\/blog\/wp-content\/uploads\/2014\/10\/pointes8.jpg\" alt=\"\" width=\"750\" height=\"969\" srcset=\"https:\/\/veredes.es\/blog\/wp-content\/uploads\/2014\/10\/pointes8.jpg 620w, https:\/\/veredes.es\/blog\/wp-content\/uploads\/2014\/10\/pointes8-232x300.jpg 232w\" sizes=\"auto, (max-width: 750px) 100vw, 750px\" \/><\/a><\/p>\n<h6><strong>POINTES 8<\/strong><\/h6>\n<p style=\"padding-left: 40px;\">Breve historia del fuego<br \/>\nInconmensurables<br \/>\nJ. Prouv\u00e9 y S.Radic, contemporaneidad inactual<br \/>\nLos valores de la t\u00e9cnica<br \/>\nDonde el tiempo se detiene; Alvaro Siza<br \/>\nLuis Feito<br \/>\nMuseo Oteiza<\/p>\n<p><a href=\"https:\/\/cargocollective.com\/revistapointes\/About-Pointes-Magazine\" target=\"_blank\" rel=\"noopener\"><span style=\"color: #888888;\">+ info<\/span><\/a><\/p>","protected":false},"excerpt":{"rendered":"<p>El n\u00famero ocho de la revista de arte y arquitectura POINTEs, editada en Madrid, publicaci\u00f3n de arte y arquitectura realizada por estudiantes de diferentes ramas art\u00edsticas, que pretende reavivar el debate y dirigirnos HACIA UN ESPIRITU CR\u00cdTICO, as\u00ed como la investigaci\u00f3n de las referencias mas importantes del siglo XX. Es as\u00ed como se conforma como [&hellip;]<\/p>\n","protected":false},"author":2,"featured_media":48075,"comment_status":"open","ping_status":"closed","sticky":false,"template":"","format":"standard","meta":{"footnotes":""},"categories":[26,28],"tags":[103,11047,12448,5819,6786,12449,6335,318,11048,11049,5853,698,7225,2380,8407,11054,3874,8405,8404,11055,8080,11053,1120,1173,7235,2801,11051,11050,11052,12468],"class_list":{"0":"post-48074","1":"post","2":"type-post","3":"status-publish","4":"format-standard","5":"has-post-thumbnail","7":"category-publicaciones","8":"category-revistas","9":"tag-alvaro-siza-vieira","10":"tag-andres-gonzalez-meneses","11":"tag-arquitectura","12":"tag-arquitectura-portuguesa","13":"tag-arquitectura-sueca","14":"tag-arte","15":"tag-carlos-candia","16":"tag-ciudad","17":"tag-felipe-ugalde","18":"tag-giorgio-agamben","19":"tag-ignacio-barahona","20":"tag-ilustracion","21":"tag-javier-bravo","22":"tag-jean-prouve","23":"tag-juan-manuel-zavanella","24":"tag-lorentzi-ari","25":"tag-manuel-de-sola-morales","26":"tag-manuel-julia","27":"tag-miguel-sotos-fernandez-zuniga","28":"tag-moises-velasquez-maloff","29":"tag-museo-oteiza","30":"tag-per-olgarsson","31":"tag-publicacion","32":"tag-revista","33":"tag-revista-pointes","34":"tag-richard-sennett","35":"tag-slussen","36":"tag-smiljan-radic","37":"tag-stan-allen","38":"tag-urbanismo"},"yoast_head":"<!-- This site is optimized with the Yoast SEO plugin v27.5 - https:\/\/yoast.com\/product\/yoast-seo-wordpress\/ -->\n<title>Revista Pointes [n08] - veredes<\/title>\n<meta name=\"description\" content=\"Toda la informaci\u00f3n sobre: [:es]Revista Pointes [n08][:gl]Revista Pointes [n08][:en]Pointes Magazine [n08][:]\" \/>\n<meta name=\"robots\" content=\"index, follow, max-snippet:-1, max-image-preview:large, max-video-preview:-1\" \/>\n<link rel=\"canonical\" href=\"https:\/\/veredes.es\/blog\/revista-pointes-n08\/\" \/>\n<meta property=\"og:locale\" content=\"es_ES\" \/>\n<meta property=\"og:type\" content=\"article\" \/>\n<meta property=\"og:title\" content=\"[:es]Revista Pointes [n08][:gl]Revista Pointes [n08][:en]Pointes Magazine [n08][:] - veredes\" \/>\n<meta property=\"og:description\" content=\"Toda la informaci\u00f3n sobre: [:es]Revista Pointes [n08][:gl]Revista Pointes [n08][:en]Pointes Magazine [n08][:]\" \/>\n<meta property=\"og:url\" content=\"https:\/\/veredes.es\/blog\/revista-pointes-n08\/\" \/>\n<meta property=\"og:site_name\" content=\"veredes, arquitectura y divulgaci\u00f3n\" \/>\n<meta property=\"article:publisher\" content=\"https:\/\/www.facebook.com\/veredesArquitecturayDivulgacion\/\" \/>\n<meta property=\"article:author\" content=\"https:\/\/www.facebook.com\/veredesArquitecturayDivulgacion\/\" \/>\n<meta property=\"article:published_time\" content=\"2014-10-07T06:45:47+00:00\" \/>\n<meta property=\"article:modified_time\" content=\"2024-03-21T16:44:47+00:00\" \/>\n<meta property=\"og:image\" content=\"https:\/\/veredes.es\/blog\/wp-content\/uploads\/2014\/10\/pointes8.jpg\" \/>\n\t<meta property=\"og:image:width\" content=\"620\" \/>\n\t<meta property=\"og:image:height\" content=\"801\" \/>\n\t<meta property=\"og:image:type\" content=\"image\/jpeg\" \/>\n<meta name=\"author\" content=\"veredes\" \/>\n<meta name=\"twitter:card\" content=\"summary_large_image\" \/>\n<meta name=\"twitter:creator\" content=\"@https:\/\/twitter.com\/veredes\" \/>\n<meta name=\"twitter:site\" content=\"@veredes\" \/>\n<meta name=\"twitter:label1\" content=\"Escrito por\" \/>\n\t<meta name=\"twitter:data1\" content=\"veredes\" \/>\n\t<meta name=\"twitter:label2\" content=\"Tiempo de lectura\" \/>\n\t<meta name=\"twitter:data2\" content=\"1 minuto\" \/>\n<script type=\"application\/ld+json\" class=\"yoast-schema-graph\">{\"@context\":\"https:\\\/\\\/schema.org\",\"@graph\":[{\"@type\":\"Article\",\"@id\":\"https:\\\/\\\/veredes.es\\\/blog\\\/revista-pointes-n08\\\/#article\",\"isPartOf\":{\"@id\":\"https:\\\/\\\/veredes.es\\\/blog\\\/revista-pointes-n08\\\/\"},\"author\":{\"name\":\"veredes\",\"@id\":\"https:\\\/\\\/veredes.es\\\/blog\\\/#\\\/schema\\\/person\\\/0bbb669073ef7faba5168a0844e93d2c\"},\"headline\":\"Revista Pointes [n08]\",\"datePublished\":\"2014-10-07T06:45:47+00:00\",\"dateModified\":\"2024-03-21T16:44:47+00:00\",\"mainEntityOfPage\":{\"@id\":\"https:\\\/\\\/veredes.es\\\/blog\\\/revista-pointes-n08\\\/\"},\"wordCount\":307,\"commentCount\":0,\"publisher\":{\"@id\":\"https:\\\/\\\/veredes.es\\\/blog\\\/#organization\"},\"image\":{\"@id\":\"https:\\\/\\\/veredes.es\\\/blog\\\/revista-pointes-n08\\\/#primaryimage\"},\"thumbnailUrl\":\"https:\\\/\\\/veredes.es\\\/blog\\\/wp-content\\\/uploads\\\/2014\\\/10\\\/pointes8.jpg\",\"keywords\":[\"\u00c1lvaro Siza Vieira\",\"Andr\u00e9s Gonz\u00e1lez-Meneses\",\"arquitectura\",\"arquitectura portuguesa\",\"arquitectura sueca\",\"arte\",\"Carlos Candia\",\"ciudad\",\"felipe ugalde\",\"Giorgio Agamben\",\"Ignacio Barahona\",\"ilustraci\u00f3n\",\"Javier Bravo\",\"Jean Prouv\u00e9\",\"juan manuel zavanella\",\"lorentzi ari\",\"Manuel de Sol\u00e0-Morales\",\"manuel juli\u00e0\",\"Miguel Sotos Fern\u00e1ndez - Z\u00fa\u00f1iga\",\"mois\u00e9s velasquez-maloff\",\"museo Oteiza\",\"per olgarsson\",\"publicaci\u00f3n\",\"revista\",\"revista pointes\",\"Richard Sennett\",\"slussen\",\"Smiljan Radi\u0107\",\"Stan Allen\",\"urbanismo\"],\"articleSection\":[\"publicaciones\",\"revistas\"],\"inLanguage\":\"es\",\"potentialAction\":[{\"@type\":\"CommentAction\",\"name\":\"Comment\",\"target\":[\"https:\\\/\\\/veredes.es\\\/blog\\\/revista-pointes-n08\\\/#respond\"]}]},{\"@type\":\"WebPage\",\"@id\":\"https:\\\/\\\/veredes.es\\\/blog\\\/revista-pointes-n08\\\/\",\"url\":\"https:\\\/\\\/veredes.es\\\/blog\\\/revista-pointes-n08\\\/\",\"name\":\"[:es]Revista Pointes [n08][:gl]Revista Pointes [n08][:en]Pointes Magazine [n08][:] - veredes\",\"isPartOf\":{\"@id\":\"https:\\\/\\\/veredes.es\\\/blog\\\/#website\"},\"primaryImageOfPage\":{\"@id\":\"https:\\\/\\\/veredes.es\\\/blog\\\/revista-pointes-n08\\\/#primaryimage\"},\"image\":{\"@id\":\"https:\\\/\\\/veredes.es\\\/blog\\\/revista-pointes-n08\\\/#primaryimage\"},\"thumbnailUrl\":\"https:\\\/\\\/veredes.es\\\/blog\\\/wp-content\\\/uploads\\\/2014\\\/10\\\/pointes8.jpg\",\"datePublished\":\"2014-10-07T06:45:47+00:00\",\"dateModified\":\"2024-03-21T16:44:47+00:00\",\"description\":\"Toda la informaci\u00f3n sobre: [:es]Revista Pointes [n08][:gl]Revista Pointes [n08][:en]Pointes Magazine [n08][:]\",\"breadcrumb\":{\"@id\":\"https:\\\/\\\/veredes.es\\\/blog\\\/revista-pointes-n08\\\/#breadcrumb\"},\"inLanguage\":\"es\",\"potentialAction\":[{\"@type\":\"ReadAction\",\"target\":[\"https:\\\/\\\/veredes.es\\\/blog\\\/revista-pointes-n08\\\/\"]}]},{\"@type\":\"ImageObject\",\"inLanguage\":\"es\",\"@id\":\"https:\\\/\\\/veredes.es\\\/blog\\\/revista-pointes-n08\\\/#primaryimage\",\"url\":\"https:\\\/\\\/veredes.es\\\/blog\\\/wp-content\\\/uploads\\\/2014\\\/10\\\/pointes8.jpg\",\"contentUrl\":\"https:\\\/\\\/veredes.es\\\/blog\\\/wp-content\\\/uploads\\\/2014\\\/10\\\/pointes8.jpg\",\"width\":\"620\",\"height\":\"801\"},{\"@type\":\"BreadcrumbList\",\"@id\":\"https:\\\/\\\/veredes.es\\\/blog\\\/revista-pointes-n08\\\/#breadcrumb\",\"itemListElement\":[{\"@type\":\"ListItem\",\"position\":1,\"name\":\"Portada\",\"item\":\"https:\\\/\\\/veredes.es\\\/blog\\\/\"},{\"@type\":\"ListItem\",\"position\":2,\"name\":\"Revista Pointes [n08]\"}]},{\"@type\":\"WebSite\",\"@id\":\"https:\\\/\\\/veredes.es\\\/blog\\\/#website\",\"url\":\"https:\\\/\\\/veredes.es\\\/blog\\\/\",\"name\":\"veredes, arquitectura y divulgaci\u00f3n\",\"description\":\"veredes\",\"publisher\":{\"@id\":\"https:\\\/\\\/veredes.es\\\/blog\\\/#organization\"},\"alternateName\":\"veredes\",\"potentialAction\":[{\"@type\":\"SearchAction\",\"target\":{\"@type\":\"EntryPoint\",\"urlTemplate\":\"https:\\\/\\\/veredes.es\\\/blog\\\/?s={search_term_string}\"},\"query-input\":{\"@type\":\"PropertyValueSpecification\",\"valueRequired\":true,\"valueName\":\"search_term_string\"}}],\"inLanguage\":\"es\"},{\"@type\":\"Organization\",\"@id\":\"https:\\\/\\\/veredes.es\\\/blog\\\/#organization\",\"name\":\"veredes, arquitectura y divulgaci\u00f3n\",\"alternateName\":\"veredes\",\"url\":\"https:\\\/\\\/veredes.es\\\/blog\\\/\",\"logo\":{\"@type\":\"ImageObject\",\"inLanguage\":\"es\",\"@id\":\"https:\\\/\\\/veredes.es\\\/blog\\\/#\\\/schema\\\/logo\\\/image\\\/\",\"url\":\"https:\\\/\\\/veredes.es\\\/blog\\\/wp-content\\\/uploads\\\/2021\\\/12\\\/veredes-logo-centrado_140x54.png\",\"contentUrl\":\"https:\\\/\\\/veredes.es\\\/blog\\\/wp-content\\\/uploads\\\/2021\\\/12\\\/veredes-logo-centrado_140x54.png\",\"width\":140,\"height\":54,\"caption\":\"veredes, arquitectura y divulgaci\u00f3n\"},\"image\":{\"@id\":\"https:\\\/\\\/veredes.es\\\/blog\\\/#\\\/schema\\\/logo\\\/image\\\/\"},\"sameAs\":[\"https:\\\/\\\/www.facebook.com\\\/veredesArquitecturayDivulgacion\\\/\",\"https:\\\/\\\/x.com\\\/veredes\",\"https:\\\/\\\/instagram.com\\\/veredes\\\/\",\"https:\\\/\\\/www.linkedin.com\\\/company\\\/veredes-arquitectura-y-divulgacion\\\/\",\"https:\\\/\\\/es.pinterest.com\\\/veredes\\\/\",\"https:\\\/\\\/www.tumblr.com\\\/veredes\"]},{\"@type\":\"Person\",\"@id\":\"https:\\\/\\\/veredes.es\\\/blog\\\/#\\\/schema\\\/person\\\/0bbb669073ef7faba5168a0844e93d2c\",\"name\":\"veredes\",\"image\":{\"@type\":\"ImageObject\",\"inLanguage\":\"es\",\"@id\":\"https:\\\/\\\/veredes.es\\\/blog\\\/wp-content\\\/uploads\\\/2018\\\/04\\\/face-96x96.jpg\",\"url\":\"https:\\\/\\\/veredes.es\\\/blog\\\/wp-content\\\/uploads\\\/2018\\\/04\\\/face-96x96.jpg\",\"contentUrl\":\"https:\\\/\\\/veredes.es\\\/blog\\\/wp-content\\\/uploads\\\/2018\\\/04\\\/face-96x96.jpg\",\"caption\":\"veredes\"},\"description\":\"Surge enero de 2009 como b\u00fasqueda de satisfacer el conocimiento de la actividad arquitect\u00f3nica y tangentes que se generan. La idea es crear un espacio para divulgar los diversos proyectos en busca de nueva inspiraci\u00f3n y de intercambio.\",\"sameAs\":[\"https:\\\/\\\/veredes.es\\\/\",\"https:\\\/\\\/www.facebook.com\\\/veredesArquitecturayDivulgacion\\\/\",\"https:\\\/\\\/www.instagram.com\\\/veredes\\\/\",\"https:\\\/\\\/www.linkedin.com\\\/company\\\/veredes-arquitectura-y-divulgacion\\\/\",\"https:\\\/\\\/www.pinterest.es\\\/veredes\\\/\",\"https:\\\/\\\/x.com\\\/https:\\\/\\\/twitter.com\\\/veredes\",\"https:\\\/\\\/veredes.tumblr.com\\\/\"],\"url\":\"https:\\\/\\\/veredes.es\\\/blog\\\/author\\\/alberto\\\/\"}]}<\/script>\n<!-- \/ Yoast SEO plugin. -->","yoast_head_json":{"title":"[:es]Revista Pointes [n08][:gl]Revista Pointes [n08][:en]Pointes Magazine [n08][:] - veredes","description":"Toda la informaci\u00f3n sobre: [:es]Revista Pointes [n08][:gl]Revista Pointes [n08][:en]Pointes Magazine [n08][:]","robots":{"index":"index","follow":"follow","max-snippet":"max-snippet:-1","max-image-preview":"max-image-preview:large","max-video-preview":"max-video-preview:-1"},"canonical":"https:\/\/veredes.es\/blog\/revista-pointes-n08\/","og_locale":"es_ES","og_type":"article","og_title":"[:es]Revista Pointes [n08][:gl]Revista Pointes [n08][:en]Pointes Magazine [n08][:] - veredes","og_description":"Toda la informaci\u00f3n sobre: [:es]Revista Pointes [n08][:gl]Revista Pointes [n08][:en]Pointes Magazine [n08][:]","og_url":"https:\/\/veredes.es\/blog\/revista-pointes-n08\/","og_site_name":"veredes, arquitectura y divulgaci\u00f3n","article_publisher":"https:\/\/www.facebook.com\/veredesArquitecturayDivulgacion\/","article_author":"https:\/\/www.facebook.com\/veredesArquitecturayDivulgacion\/","article_published_time":"2014-10-07T06:45:47+00:00","article_modified_time":"2024-03-21T16:44:47+00:00","og_image":[{"width":620,"height":801,"url":"https:\/\/veredes.es\/blog\/wp-content\/uploads\/2014\/10\/pointes8.jpg","type":"image\/jpeg"}],"author":"veredes","twitter_card":"summary_large_image","twitter_creator":"@https:\/\/twitter.com\/veredes","twitter_site":"@veredes","twitter_misc":{"Escrito por":"veredes","Tiempo de lectura":"1 minuto"},"schema":{"@context":"https:\/\/schema.org","@graph":[{"@type":"Article","@id":"https:\/\/veredes.es\/blog\/revista-pointes-n08\/#article","isPartOf":{"@id":"https:\/\/veredes.es\/blog\/revista-pointes-n08\/"},"author":{"name":"veredes","@id":"https:\/\/veredes.es\/blog\/#\/schema\/person\/0bbb669073ef7faba5168a0844e93d2c"},"headline":"Revista Pointes [n08]","datePublished":"2014-10-07T06:45:47+00:00","dateModified":"2024-03-21T16:44:47+00:00","mainEntityOfPage":{"@id":"https:\/\/veredes.es\/blog\/revista-pointes-n08\/"},"wordCount":307,"commentCount":0,"publisher":{"@id":"https:\/\/veredes.es\/blog\/#organization"},"image":{"@id":"https:\/\/veredes.es\/blog\/revista-pointes-n08\/#primaryimage"},"thumbnailUrl":"https:\/\/veredes.es\/blog\/wp-content\/uploads\/2014\/10\/pointes8.jpg","keywords":["\u00c1lvaro Siza Vieira","Andr\u00e9s Gonz\u00e1lez-Meneses","arquitectura","arquitectura portuguesa","arquitectura sueca","arte","Carlos Candia","ciudad","felipe ugalde","Giorgio Agamben","Ignacio Barahona","ilustraci\u00f3n","Javier Bravo","Jean Prouv\u00e9","juan manuel zavanella","lorentzi ari","Manuel de Sol\u00e0-Morales","manuel juli\u00e0","Miguel Sotos Fern\u00e1ndez - Z\u00fa\u00f1iga","mois\u00e9s velasquez-maloff","museo Oteiza","per olgarsson","publicaci\u00f3n","revista","revista pointes","Richard Sennett","slussen","Smiljan Radi\u0107","Stan Allen","urbanismo"],"articleSection":["publicaciones","revistas"],"inLanguage":"es","potentialAction":[{"@type":"CommentAction","name":"Comment","target":["https:\/\/veredes.es\/blog\/revista-pointes-n08\/#respond"]}]},{"@type":"WebPage","@id":"https:\/\/veredes.es\/blog\/revista-pointes-n08\/","url":"https:\/\/veredes.es\/blog\/revista-pointes-n08\/","name":"[:es]Revista Pointes [n08][:gl]Revista Pointes [n08][:en]Pointes Magazine [n08][:] - veredes","isPartOf":{"@id":"https:\/\/veredes.es\/blog\/#website"},"primaryImageOfPage":{"@id":"https:\/\/veredes.es\/blog\/revista-pointes-n08\/#primaryimage"},"image":{"@id":"https:\/\/veredes.es\/blog\/revista-pointes-n08\/#primaryimage"},"thumbnailUrl":"https:\/\/veredes.es\/blog\/wp-content\/uploads\/2014\/10\/pointes8.jpg","datePublished":"2014-10-07T06:45:47+00:00","dateModified":"2024-03-21T16:44:47+00:00","description":"Toda la informaci\u00f3n sobre: [:es]Revista Pointes [n08][:gl]Revista Pointes [n08][:en]Pointes Magazine [n08][:]","breadcrumb":{"@id":"https:\/\/veredes.es\/blog\/revista-pointes-n08\/#breadcrumb"},"inLanguage":"es","potentialAction":[{"@type":"ReadAction","target":["https:\/\/veredes.es\/blog\/revista-pointes-n08\/"]}]},{"@type":"ImageObject","inLanguage":"es","@id":"https:\/\/veredes.es\/blog\/revista-pointes-n08\/#primaryimage","url":"https:\/\/veredes.es\/blog\/wp-content\/uploads\/2014\/10\/pointes8.jpg","contentUrl":"https:\/\/veredes.es\/blog\/wp-content\/uploads\/2014\/10\/pointes8.jpg","width":"620","height":"801"},{"@type":"BreadcrumbList","@id":"https:\/\/veredes.es\/blog\/revista-pointes-n08\/#breadcrumb","itemListElement":[{"@type":"ListItem","position":1,"name":"Portada","item":"https:\/\/veredes.es\/blog\/"},{"@type":"ListItem","position":2,"name":"Revista Pointes [n08]"}]},{"@type":"WebSite","@id":"https:\/\/veredes.es\/blog\/#website","url":"https:\/\/veredes.es\/blog\/","name":"veredes, arquitectura y divulgaci\u00f3n","description":"veredes","publisher":{"@id":"https:\/\/veredes.es\/blog\/#organization"},"alternateName":"veredes","potentialAction":[{"@type":"SearchAction","target":{"@type":"EntryPoint","urlTemplate":"https:\/\/veredes.es\/blog\/?s={search_term_string}"},"query-input":{"@type":"PropertyValueSpecification","valueRequired":true,"valueName":"search_term_string"}}],"inLanguage":"es"},{"@type":"Organization","@id":"https:\/\/veredes.es\/blog\/#organization","name":"veredes, arquitectura y divulgaci\u00f3n","alternateName":"veredes","url":"https:\/\/veredes.es\/blog\/","logo":{"@type":"ImageObject","inLanguage":"es","@id":"https:\/\/veredes.es\/blog\/#\/schema\/logo\/image\/","url":"https:\/\/veredes.es\/blog\/wp-content\/uploads\/2021\/12\/veredes-logo-centrado_140x54.png","contentUrl":"https:\/\/veredes.es\/blog\/wp-content\/uploads\/2021\/12\/veredes-logo-centrado_140x54.png","width":140,"height":54,"caption":"veredes, arquitectura y divulgaci\u00f3n"},"image":{"@id":"https:\/\/veredes.es\/blog\/#\/schema\/logo\/image\/"},"sameAs":["https:\/\/www.facebook.com\/veredesArquitecturayDivulgacion\/","https:\/\/x.com\/veredes","https:\/\/instagram.com\/veredes\/","https:\/\/www.linkedin.com\/company\/veredes-arquitectura-y-divulgacion\/","https:\/\/es.pinterest.com\/veredes\/","https:\/\/www.tumblr.com\/veredes"]},{"@type":"Person","@id":"https:\/\/veredes.es\/blog\/#\/schema\/person\/0bbb669073ef7faba5168a0844e93d2c","name":"veredes","image":{"@type":"ImageObject","inLanguage":"es","@id":"https:\/\/veredes.es\/blog\/wp-content\/uploads\/2018\/04\/face-96x96.jpg","url":"https:\/\/veredes.es\/blog\/wp-content\/uploads\/2018\/04\/face-96x96.jpg","contentUrl":"https:\/\/veredes.es\/blog\/wp-content\/uploads\/2018\/04\/face-96x96.jpg","caption":"veredes"},"description":"Surge enero de 2009 como b\u00fasqueda de satisfacer el conocimiento de la actividad arquitect\u00f3nica y tangentes que se generan. La idea es crear un espacio para divulgar los diversos proyectos en busca de nueva inspiraci\u00f3n y de intercambio.","sameAs":["https:\/\/veredes.es\/","https:\/\/www.facebook.com\/veredesArquitecturayDivulgacion\/","https:\/\/www.instagram.com\/veredes\/","https:\/\/www.linkedin.com\/company\/veredes-arquitectura-y-divulgacion\/","https:\/\/www.pinterest.es\/veredes\/","https:\/\/x.com\/https:\/\/twitter.com\/veredes","https:\/\/veredes.tumblr.com\/"],"url":"https:\/\/veredes.es\/blog\/author\/alberto\/"}]}},"_links":{"self":[{"href":"https:\/\/veredes.es\/blog\/wp-json\/wp\/v2\/posts\/48074","targetHints":{"allow":["GET"]}}],"collection":[{"href":"https:\/\/veredes.es\/blog\/wp-json\/wp\/v2\/posts"}],"about":[{"href":"https:\/\/veredes.es\/blog\/wp-json\/wp\/v2\/types\/post"}],"author":[{"embeddable":true,"href":"https:\/\/veredes.es\/blog\/wp-json\/wp\/v2\/users\/2"}],"replies":[{"embeddable":true,"href":"https:\/\/veredes.es\/blog\/wp-json\/wp\/v2\/comments?post=48074"}],"version-history":[{"count":0,"href":"https:\/\/veredes.es\/blog\/wp-json\/wp\/v2\/posts\/48074\/revisions"}],"wp:featuredmedia":[{"embeddable":true,"href":"https:\/\/veredes.es\/blog\/wp-json\/wp\/v2\/media\/48075"}],"wp:attachment":[{"href":"https:\/\/veredes.es\/blog\/wp-json\/wp\/v2\/media?parent=48074"}],"wp:term":[{"taxonomy":"category","embeddable":true,"href":"https:\/\/veredes.es\/blog\/wp-json\/wp\/v2\/categories?post=48074"},{"taxonomy":"post_tag","embeddable":true,"href":"https:\/\/veredes.es\/blog\/wp-json\/wp\/v2\/tags?post=48074"}],"curies":[{"name":"wp","href":"https:\/\/api.w.org\/{rel}","templated":true}]}}