{"id":47415,"date":"2014-07-28T06:00:01","date_gmt":"2014-07-28T06:00:01","guid":{"rendered":"http:\/\/veredes.es\/blog\/?p=47415"},"modified":"2023-04-14T14:48:48","modified_gmt":"2023-04-14T12:48:48","slug":"parte-del-lugar-inigo-garcia-odiaga","status":"publish","type":"post","link":"https:\/\/veredes.es\/blog\/parte-del-lugar-inigo-garcia-odiaga\/","title":{"rendered":"Parte del Lugar | \u00cd\u00f1igo Garc\u00eda Odiaga"},"content":{"rendered":"<p><figure id=\"attachment_47420\" aria-describedby=\"caption-attachment-47420\" style=\"width: 750px\" class=\"wp-caption alignnone\"><a href=\"http:\/\/veredes.es\/blog\/wp-content\/uploads\/2014\/07\/roibaestadoinicial.jpg\"><img loading=\"lazy\" decoding=\"async\" class=\"wp-image-47420\" title=\"Solar de la vivienda. La peque\u00f1a edificaci\u00f3n al fondo corresponde a las letrinas de la f\u00e1brica de salazones\" src=\"http:\/\/veredes.es\/blog\/wp-content\/uploads\/2014\/07\/roibaestadoinicial.jpg\" alt=\"Solar de la vivienda. La peque\u00f1a edificaci\u00f3n al fondo corresponde a las letrinas de la f\u00e1brica de salazones\" width=\"750\" height=\"531\" srcset=\"https:\/\/veredes.es\/blog\/wp-content\/uploads\/2014\/07\/roibaestadoinicial.jpg 620w, https:\/\/veredes.es\/blog\/wp-content\/uploads\/2014\/07\/roibaestadoinicial-300x212.jpg 300w\" sizes=\"auto, (max-width: 750px) 100vw, 750px\" \/><\/a><figcaption id=\"caption-attachment-47420\" class=\"wp-caption-text\"><span style=\"color: #888888;\">Solar de la vivienda. La peque\u00f1a edificaci\u00f3n al fondo corresponde a las letrinas de la f\u00e1brica de salazones<\/span><\/figcaption><\/figure><\/p>\n<h5 style=\"text-align: justify;\"><strong>La Roiba es parte del lugar<\/strong><\/h5>\n<p style=\"text-align: justify;\"><a href=\"https:\/\/veredes.es\/blog\/a-roiba-ramon-vazquez-molezun\/\" target=\"_blank\" rel=\"noopener\">La Roiba<\/a> se construy\u00f3 como m\u00ednimo en tres tiempos. Apilando capas, igual que se construyen las playas en las que se van acumulando estratos de sedimentos arrastrados por el mar. Su base, aquellos muros de mamposter\u00eda de granito sobre los que se asienta, hablan de una historia previa, la de una f\u00e1brica de salazones que ocupaba el lugar. Sobre esos muros se levant\u00f3 un volumen sencillo, con vuelos achaflanados que parecen intentar domar mediante su geometr\u00eda las envestidas de las olas y de las mareas que intentan recuperar los lugares que la arquitectura les disput\u00f3. A\u00f1os m\u00e1s tarde una ampliaci\u00f3n en la cubierta, acab\u00f3 por cerrar el perfil caracter\u00edstico que hoy todos conocemos.<\/p>\n<p style=\"text-align: justify;\">Sin lugar a dudas la construcci\u00f3n de esta casa habla de los que la habitaron, aquellos que quer\u00edan disfrutar del lugar y para eso ten\u00edan que entenderlo; entender su mareas y temporales en unos primeros instantes y entender la pesada lluvia despu\u00e9s, que la gran cubierta de la ampliaci\u00f3n parece llevar en un gesto limpio hasta el mar.<\/p>\n<p style=\"text-align: justify;\">Al fin y al cabo el lugar es topograf\u00eda, pero tambi\u00e9n es clima. Poco a poco, paso a paso se construy\u00f3 la casa y con ella el lugar. La arquitectura puso sus elementos y a ellos la naturaleza le sum\u00f3 los suyos.<\/p>\n<p style=\"text-align: justify;\">Puede que el tiempo a\u00fan siga construyendo el lugar y la casa, que ambos est\u00e9n a\u00fan sin acabar, que sigan en transformaci\u00f3n. Como un acantilado que siempre es el mismo, aunque constantemente se est\u00e9 modificando, que por lo tanto es nuevo cada d\u00eda, aunque se formase hace milenios.<\/p>\n<figure id=\"attachment_47421\" aria-describedby=\"caption-attachment-47421\" style=\"width: 750px\" class=\"wp-caption alignnone\"><a href=\"http:\/\/veredes.es\/blog\/wp-content\/uploads\/2014\/07\/Roibaenpleamar.jpg\"><img loading=\"lazy\" decoding=\"async\" class=\"wp-image-47421\" title=\"parte del lugar. A Roiba en pleamar\" src=\"http:\/\/veredes.es\/blog\/wp-content\/uploads\/2014\/07\/Roibaenpleamar.jpg\" alt=\"parte del lugar. A Roiba en pleamar\" width=\"750\" height=\"784\" srcset=\"https:\/\/veredes.es\/blog\/wp-content\/uploads\/2014\/07\/Roibaenpleamar.jpg 620w, https:\/\/veredes.es\/blog\/wp-content\/uploads\/2014\/07\/Roibaenpleamar-287x300.jpg 287w\" sizes=\"auto, (max-width: 750px) 100vw, 750px\" \/><\/a><figcaption id=\"caption-attachment-47421\" class=\"wp-caption-text\"><span style=\"color: #888888;\">A Roiba en pleamar<\/span><\/figcaption><\/figure>\n<p style=\"text-align: justify;\">Al pensar en <a href=\"https:\/\/veredes.es\/blog\/tag\/ramon-vazquez-molezun\/page\/2\/\" target=\"_blank\" rel=\"noopener\">La Roiba<\/a> recuerdo las palabras que <a href=\"https:\/\/www.museochillidaleku.com\/\" target=\"_blank\" rel=\"noopener\">Eduardo Chillida<\/a> dedic\u00f3 a la m\u00fasica de Juan Sebastian Bach y no puedo librarme de ellas al ver la casa.<\/p>\n<blockquote>\n<p style=\"text-align: justify;\">\u201cModerno como las olas. Antiguo como la mar. Siempre nunca diferente, pero nunca siempre igual.\u201d<\/p>\n<\/blockquote>\n<p style=\"text-align: justify;\">\u00ed\u00f1igo garc\u00eda odiaga. arquitecto<br \/>\nsan sebasti\u00e1n. julio 2014<\/p>\n<p><\/p>","protected":false},"excerpt":{"rendered":"<p>La Roiba es parte del lugar La Roiba se construy\u00f3 como m\u00ednimo en tres tiempos. Apilando capas, igual que se construyen las playas en las que se van acumulando estratos de sedimentos arrastrados por el mar. Su base, aquellos muros de mamposter\u00eda de granito sobre los que se asienta, hablan de una historia previa, la [&hellip;]<\/p>\n","protected":false},"author":31,"featured_media":47420,"comment_status":"open","ping_status":"closed","sticky":false,"template":"","format":"standard","meta":{"footnotes":""},"categories":[568,5951],"tags":[2631,5865,145,10672,6632,619,10843,804,977,12463,1004,1005,1136,12464,1286,2799,12455],"class_list":{"0":"post-47415","1":"post","2":"type-post","3":"status-publish","4":"format-standard","5":"has-post-thumbnail","7":"category-faro","9":"tag-arquitectura-espanola","10":"tag-arquitectura-gallega","11":"tag-arquitectura-industrial","12":"tag-bueu","13":"tag-eduardo-chillida","14":"tag-galicia","15":"tag-juan-sebastian-bach","16":"tag-lugar","17":"tag-paisaje","18":"tag-patrimonio","19":"tag-patrimonio-historico","20":"tag-patrimonio-industrial","21":"tag-ramon-vazquez-molezun","22":"tag-rehabilitacion","23":"tag-territorio","24":"tag-topografia","25":"tag-vivienda-unifamiliar"},"yoast_head":"<!-- This site is optimized with the Yoast SEO plugin v27.5 - https:\/\/yoast.com\/product\/yoast-seo-wordpress\/ -->\n<title>Parte del Lugar | \u00cd\u00f1igo Garc\u00eda Odiaga<\/title>\n<meta name=\"description\" content=\"Parte del Lugar\" \/>\n<meta name=\"robots\" content=\"index, follow, max-snippet:-1, max-image-preview:large, max-video-preview:-1\" \/>\n<link rel=\"canonical\" href=\"https:\/\/veredes.es\/blog\/parte-del-lugar-inigo-garcia-odiaga\/\" \/>\n<meta property=\"og:locale\" content=\"es_ES\" \/>\n<meta property=\"og:type\" content=\"article\" \/>\n<meta property=\"og:title\" content=\"Parte del Lugar | \u00cd\u00f1igo Garc\u00eda Odiaga\" \/>\n<meta property=\"og:description\" content=\"Parte del Lugar\" \/>\n<meta property=\"og:url\" content=\"https:\/\/veredes.es\/blog\/parte-del-lugar-inigo-garcia-odiaga\/\" \/>\n<meta property=\"og:site_name\" content=\"veredes, arquitectura y divulgaci\u00f3n\" \/>\n<meta property=\"article:publisher\" content=\"https:\/\/www.facebook.com\/veredesArquitecturayDivulgacion\/\" \/>\n<meta property=\"article:author\" content=\"https:\/\/www.facebook.com\/inigo.garciaodiaga\" \/>\n<meta property=\"article:published_time\" content=\"2014-07-28T06:00:01+00:00\" \/>\n<meta property=\"article:modified_time\" content=\"2023-04-14T12:48:48+00:00\" \/>\n<meta property=\"og:image\" content=\"https:\/\/veredes.es\/blog\/wp-content\/uploads\/2014\/07\/roibaestadoinicial.jpg\" \/>\n\t<meta property=\"og:image:width\" content=\"620\" \/>\n\t<meta property=\"og:image:height\" content=\"439\" \/>\n\t<meta property=\"og:image:type\" content=\"image\/jpeg\" \/>\n<meta name=\"author\" content=\"\u00cd\u00f1igo Garc\u00eda Odiaga\" \/>\n<meta name=\"twitter:card\" content=\"summary_large_image\" \/>\n<meta name=\"twitter:creator\" content=\"@https:\/\/twitter.com\/IOdiaga\" \/>\n<meta name=\"twitter:site\" content=\"@veredes\" \/>\n<meta name=\"twitter:label1\" content=\"Escrito por\" \/>\n\t<meta name=\"twitter:data1\" content=\"\u00cd\u00f1igo Garc\u00eda Odiaga\" \/>\n\t<meta name=\"twitter:label2\" content=\"Tiempo de lectura\" \/>\n\t<meta name=\"twitter:data2\" content=\"3 minutos\" \/>\n<script type=\"application\/ld+json\" class=\"yoast-schema-graph\">{\"@context\":\"https:\\\/\\\/schema.org\",\"@graph\":[{\"@type\":\"Article\",\"@id\":\"https:\\\/\\\/veredes.es\\\/blog\\\/parte-del-lugar-inigo-garcia-odiaga\\\/#article\",\"isPartOf\":{\"@id\":\"https:\\\/\\\/veredes.es\\\/blog\\\/parte-del-lugar-inigo-garcia-odiaga\\\/\"},\"author\":{\"name\":\"\u00cd\u00f1igo Garc\u00eda Odiaga\",\"@id\":\"https:\\\/\\\/veredes.es\\\/blog\\\/#\\\/schema\\\/person\\\/7edb23bf36ddbe2d9c8f4cf5fae64668\"},\"headline\":\"Parte del Lugar | \u00cd\u00f1igo Garc\u00eda Odiaga\",\"datePublished\":\"2014-07-28T06:00:01+00:00\",\"dateModified\":\"2023-04-14T12:48:48+00:00\",\"mainEntityOfPage\":{\"@id\":\"https:\\\/\\\/veredes.es\\\/blog\\\/parte-del-lugar-inigo-garcia-odiaga\\\/\"},\"wordCount\":1122,\"commentCount\":0,\"publisher\":{\"@id\":\"https:\\\/\\\/veredes.es\\\/blog\\\/#organization\"},\"image\":{\"@id\":\"https:\\\/\\\/veredes.es\\\/blog\\\/parte-del-lugar-inigo-garcia-odiaga\\\/#primaryimage\"},\"thumbnailUrl\":\"https:\\\/\\\/veredes.es\\\/blog\\\/wp-content\\\/uploads\\\/2014\\\/07\\\/roibaestadoinicial.jpg\",\"keywords\":[\"arquitectura espa\u00f1ola\",\"arquitectura gallega\",\"arquitectura industrial\",\"Bueu\",\"Eduardo Chillida\",\"Galicia\",\"juan sebastian bach\",\"lugar\",\"paisaje\",\"patrimonio\",\"patrimonio hist\u00f3rico\",\"patrimonio industrial\",\"Ram\u00f3n V\u00e1zquez Molez\u00fan\",\"rehabilitaci\u00f3n\",\"territorio\",\"topograf\u00eda\",\"vivienda unifamiliar\"],\"articleSection\":[\"faro\",\"slider principal\"],\"inLanguage\":\"es\",\"potentialAction\":[{\"@type\":\"CommentAction\",\"name\":\"Comment\",\"target\":[\"https:\\\/\\\/veredes.es\\\/blog\\\/parte-del-lugar-inigo-garcia-odiaga\\\/#respond\"]}]},{\"@type\":\"WebPage\",\"@id\":\"https:\\\/\\\/veredes.es\\\/blog\\\/parte-del-lugar-inigo-garcia-odiaga\\\/\",\"url\":\"https:\\\/\\\/veredes.es\\\/blog\\\/parte-del-lugar-inigo-garcia-odiaga\\\/\",\"name\":\"Parte del Lugar | \u00cd\u00f1igo Garc\u00eda Odiaga\",\"isPartOf\":{\"@id\":\"https:\\\/\\\/veredes.es\\\/blog\\\/#website\"},\"primaryImageOfPage\":{\"@id\":\"https:\\\/\\\/veredes.es\\\/blog\\\/parte-del-lugar-inigo-garcia-odiaga\\\/#primaryimage\"},\"image\":{\"@id\":\"https:\\\/\\\/veredes.es\\\/blog\\\/parte-del-lugar-inigo-garcia-odiaga\\\/#primaryimage\"},\"thumbnailUrl\":\"https:\\\/\\\/veredes.es\\\/blog\\\/wp-content\\\/uploads\\\/2014\\\/07\\\/roibaestadoinicial.jpg\",\"datePublished\":\"2014-07-28T06:00:01+00:00\",\"dateModified\":\"2023-04-14T12:48:48+00:00\",\"description\":\"Parte del Lugar\",\"breadcrumb\":{\"@id\":\"https:\\\/\\\/veredes.es\\\/blog\\\/parte-del-lugar-inigo-garcia-odiaga\\\/#breadcrumb\"},\"inLanguage\":\"es\",\"potentialAction\":[{\"@type\":\"ReadAction\",\"target\":[\"https:\\\/\\\/veredes.es\\\/blog\\\/parte-del-lugar-inigo-garcia-odiaga\\\/\"]}]},{\"@type\":\"ImageObject\",\"inLanguage\":\"es\",\"@id\":\"https:\\\/\\\/veredes.es\\\/blog\\\/parte-del-lugar-inigo-garcia-odiaga\\\/#primaryimage\",\"url\":\"https:\\\/\\\/veredes.es\\\/blog\\\/wp-content\\\/uploads\\\/2014\\\/07\\\/roibaestadoinicial.jpg\",\"contentUrl\":\"https:\\\/\\\/veredes.es\\\/blog\\\/wp-content\\\/uploads\\\/2014\\\/07\\\/roibaestadoinicial.jpg\",\"width\":\"620\",\"height\":\"439\",\"caption\":\"Solar de la vivienda. La peque\u00f1a edificaci\u00f3n al fondo corresponde a las letrinas de la f\u00e1brica de salazones\"},{\"@type\":\"BreadcrumbList\",\"@id\":\"https:\\\/\\\/veredes.es\\\/blog\\\/parte-del-lugar-inigo-garcia-odiaga\\\/#breadcrumb\",\"itemListElement\":[{\"@type\":\"ListItem\",\"position\":1,\"name\":\"Portada\",\"item\":\"https:\\\/\\\/veredes.es\\\/blog\\\/\"},{\"@type\":\"ListItem\",\"position\":2,\"name\":\"Parte del Lugar | \u00cd\u00f1igo Garc\u00eda Odiaga\"}]},{\"@type\":\"WebSite\",\"@id\":\"https:\\\/\\\/veredes.es\\\/blog\\\/#website\",\"url\":\"https:\\\/\\\/veredes.es\\\/blog\\\/\",\"name\":\"veredes, arquitectura y divulgaci\u00f3n\",\"description\":\"veredes\",\"publisher\":{\"@id\":\"https:\\\/\\\/veredes.es\\\/blog\\\/#organization\"},\"alternateName\":\"veredes\",\"potentialAction\":[{\"@type\":\"SearchAction\",\"target\":{\"@type\":\"EntryPoint\",\"urlTemplate\":\"https:\\\/\\\/veredes.es\\\/blog\\\/?s={search_term_string}\"},\"query-input\":{\"@type\":\"PropertyValueSpecification\",\"valueRequired\":true,\"valueName\":\"search_term_string\"}}],\"inLanguage\":\"es\"},{\"@type\":\"Organization\",\"@id\":\"https:\\\/\\\/veredes.es\\\/blog\\\/#organization\",\"name\":\"veredes, arquitectura y divulgaci\u00f3n\",\"alternateName\":\"veredes\",\"url\":\"https:\\\/\\\/veredes.es\\\/blog\\\/\",\"logo\":{\"@type\":\"ImageObject\",\"inLanguage\":\"es\",\"@id\":\"https:\\\/\\\/veredes.es\\\/blog\\\/#\\\/schema\\\/logo\\\/image\\\/\",\"url\":\"https:\\\/\\\/veredes.es\\\/blog\\\/wp-content\\\/uploads\\\/2021\\\/12\\\/veredes-logo-centrado_140x54.png\",\"contentUrl\":\"https:\\\/\\\/veredes.es\\\/blog\\\/wp-content\\\/uploads\\\/2021\\\/12\\\/veredes-logo-centrado_140x54.png\",\"width\":140,\"height\":54,\"caption\":\"veredes, arquitectura y divulgaci\u00f3n\"},\"image\":{\"@id\":\"https:\\\/\\\/veredes.es\\\/blog\\\/#\\\/schema\\\/logo\\\/image\\\/\"},\"sameAs\":[\"https:\\\/\\\/www.facebook.com\\\/veredesArquitecturayDivulgacion\\\/\",\"https:\\\/\\\/x.com\\\/veredes\",\"https:\\\/\\\/instagram.com\\\/veredes\\\/\",\"https:\\\/\\\/www.linkedin.com\\\/company\\\/veredes-arquitectura-y-divulgacion\\\/\",\"https:\\\/\\\/es.pinterest.com\\\/veredes\\\/\",\"https:\\\/\\\/www.tumblr.com\\\/veredes\"]},{\"@type\":\"Person\",\"@id\":\"https:\\\/\\\/veredes.es\\\/blog\\\/#\\\/schema\\\/person\\\/7edb23bf36ddbe2d9c8f4cf5fae64668\",\"name\":\"\u00cd\u00f1igo Garc\u00eda Odiaga\",\"image\":{\"@type\":\"ImageObject\",\"inLanguage\":\"es\",\"@id\":\"https:\\\/\\\/veredes.es\\\/blog\\\/wp-content\\\/uploads\\\/2018\\\/04\\\/\u00cd\u00f1igo-Garc\u00eda-Odiaga-96x96.jpg\",\"url\":\"https:\\\/\\\/veredes.es\\\/blog\\\/wp-content\\\/uploads\\\/2018\\\/04\\\/\u00cd\u00f1igo-Garc\u00eda-Odiaga-96x96.jpg\",\"contentUrl\":\"https:\\\/\\\/veredes.es\\\/blog\\\/wp-content\\\/uploads\\\/2018\\\/04\\\/\u00cd\u00f1igo-Garc\u00eda-Odiaga-96x96.jpg\",\"caption\":\"\u00cd\u00f1igo Garc\u00eda Odiaga\"},\"description\":\"Doctor Arquitecto y profesor asociado de Proyectos Arquitect\u00f3nicos, ETSASS. Editor de NOMU. 1\\\/5 del estudio de arquitectura VAUMM. Vivo en Donosti.\",\"sameAs\":[\"http:\\\/\\\/vaumm.com\\\/\",\"https:\\\/\\\/www.facebook.com\\\/inigo.garciaodiaga\",\"https:\\\/\\\/www.instagram.com\\\/okamika\\\/\",\"https:\\\/\\\/x.com\\\/https:\\\/\\\/twitter.com\\\/IOdiaga\"],\"url\":\"https:\\\/\\\/veredes.es\\\/blog\\\/author\\\/inigog\\\/\"}]}<\/script>\n<!-- \/ Yoast SEO plugin. -->","yoast_head_json":{"title":"Parte del Lugar | \u00cd\u00f1igo Garc\u00eda Odiaga","description":"Parte del Lugar","robots":{"index":"index","follow":"follow","max-snippet":"max-snippet:-1","max-image-preview":"max-image-preview:large","max-video-preview":"max-video-preview:-1"},"canonical":"https:\/\/veredes.es\/blog\/parte-del-lugar-inigo-garcia-odiaga\/","og_locale":"es_ES","og_type":"article","og_title":"Parte del Lugar | \u00cd\u00f1igo Garc\u00eda Odiaga","og_description":"Parte del Lugar","og_url":"https:\/\/veredes.es\/blog\/parte-del-lugar-inigo-garcia-odiaga\/","og_site_name":"veredes, arquitectura y divulgaci\u00f3n","article_publisher":"https:\/\/www.facebook.com\/veredesArquitecturayDivulgacion\/","article_author":"https:\/\/www.facebook.com\/inigo.garciaodiaga","article_published_time":"2014-07-28T06:00:01+00:00","article_modified_time":"2023-04-14T12:48:48+00:00","og_image":[{"width":620,"height":439,"url":"https:\/\/veredes.es\/blog\/wp-content\/uploads\/2014\/07\/roibaestadoinicial.jpg","type":"image\/jpeg"}],"author":"\u00cd\u00f1igo Garc\u00eda Odiaga","twitter_card":"summary_large_image","twitter_creator":"@https:\/\/twitter.com\/IOdiaga","twitter_site":"@veredes","twitter_misc":{"Escrito por":"\u00cd\u00f1igo Garc\u00eda Odiaga","Tiempo de lectura":"3 minutos"},"schema":{"@context":"https:\/\/schema.org","@graph":[{"@type":"Article","@id":"https:\/\/veredes.es\/blog\/parte-del-lugar-inigo-garcia-odiaga\/#article","isPartOf":{"@id":"https:\/\/veredes.es\/blog\/parte-del-lugar-inigo-garcia-odiaga\/"},"author":{"name":"\u00cd\u00f1igo Garc\u00eda Odiaga","@id":"https:\/\/veredes.es\/blog\/#\/schema\/person\/7edb23bf36ddbe2d9c8f4cf5fae64668"},"headline":"Parte del Lugar | \u00cd\u00f1igo Garc\u00eda Odiaga","datePublished":"2014-07-28T06:00:01+00:00","dateModified":"2023-04-14T12:48:48+00:00","mainEntityOfPage":{"@id":"https:\/\/veredes.es\/blog\/parte-del-lugar-inigo-garcia-odiaga\/"},"wordCount":1122,"commentCount":0,"publisher":{"@id":"https:\/\/veredes.es\/blog\/#organization"},"image":{"@id":"https:\/\/veredes.es\/blog\/parte-del-lugar-inigo-garcia-odiaga\/#primaryimage"},"thumbnailUrl":"https:\/\/veredes.es\/blog\/wp-content\/uploads\/2014\/07\/roibaestadoinicial.jpg","keywords":["arquitectura espa\u00f1ola","arquitectura gallega","arquitectura industrial","Bueu","Eduardo Chillida","Galicia","juan sebastian bach","lugar","paisaje","patrimonio","patrimonio hist\u00f3rico","patrimonio industrial","Ram\u00f3n V\u00e1zquez Molez\u00fan","rehabilitaci\u00f3n","territorio","topograf\u00eda","vivienda unifamiliar"],"articleSection":["faro","slider principal"],"inLanguage":"es","potentialAction":[{"@type":"CommentAction","name":"Comment","target":["https:\/\/veredes.es\/blog\/parte-del-lugar-inigo-garcia-odiaga\/#respond"]}]},{"@type":"WebPage","@id":"https:\/\/veredes.es\/blog\/parte-del-lugar-inigo-garcia-odiaga\/","url":"https:\/\/veredes.es\/blog\/parte-del-lugar-inigo-garcia-odiaga\/","name":"Parte del Lugar | \u00cd\u00f1igo Garc\u00eda Odiaga","isPartOf":{"@id":"https:\/\/veredes.es\/blog\/#website"},"primaryImageOfPage":{"@id":"https:\/\/veredes.es\/blog\/parte-del-lugar-inigo-garcia-odiaga\/#primaryimage"},"image":{"@id":"https:\/\/veredes.es\/blog\/parte-del-lugar-inigo-garcia-odiaga\/#primaryimage"},"thumbnailUrl":"https:\/\/veredes.es\/blog\/wp-content\/uploads\/2014\/07\/roibaestadoinicial.jpg","datePublished":"2014-07-28T06:00:01+00:00","dateModified":"2023-04-14T12:48:48+00:00","description":"Parte del Lugar","breadcrumb":{"@id":"https:\/\/veredes.es\/blog\/parte-del-lugar-inigo-garcia-odiaga\/#breadcrumb"},"inLanguage":"es","potentialAction":[{"@type":"ReadAction","target":["https:\/\/veredes.es\/blog\/parte-del-lugar-inigo-garcia-odiaga\/"]}]},{"@type":"ImageObject","inLanguage":"es","@id":"https:\/\/veredes.es\/blog\/parte-del-lugar-inigo-garcia-odiaga\/#primaryimage","url":"https:\/\/veredes.es\/blog\/wp-content\/uploads\/2014\/07\/roibaestadoinicial.jpg","contentUrl":"https:\/\/veredes.es\/blog\/wp-content\/uploads\/2014\/07\/roibaestadoinicial.jpg","width":"620","height":"439","caption":"Solar de la vivienda. La peque\u00f1a edificaci\u00f3n al fondo corresponde a las letrinas de la f\u00e1brica de salazones"},{"@type":"BreadcrumbList","@id":"https:\/\/veredes.es\/blog\/parte-del-lugar-inigo-garcia-odiaga\/#breadcrumb","itemListElement":[{"@type":"ListItem","position":1,"name":"Portada","item":"https:\/\/veredes.es\/blog\/"},{"@type":"ListItem","position":2,"name":"Parte del Lugar | \u00cd\u00f1igo Garc\u00eda Odiaga"}]},{"@type":"WebSite","@id":"https:\/\/veredes.es\/blog\/#website","url":"https:\/\/veredes.es\/blog\/","name":"veredes, arquitectura y divulgaci\u00f3n","description":"veredes","publisher":{"@id":"https:\/\/veredes.es\/blog\/#organization"},"alternateName":"veredes","potentialAction":[{"@type":"SearchAction","target":{"@type":"EntryPoint","urlTemplate":"https:\/\/veredes.es\/blog\/?s={search_term_string}"},"query-input":{"@type":"PropertyValueSpecification","valueRequired":true,"valueName":"search_term_string"}}],"inLanguage":"es"},{"@type":"Organization","@id":"https:\/\/veredes.es\/blog\/#organization","name":"veredes, arquitectura y divulgaci\u00f3n","alternateName":"veredes","url":"https:\/\/veredes.es\/blog\/","logo":{"@type":"ImageObject","inLanguage":"es","@id":"https:\/\/veredes.es\/blog\/#\/schema\/logo\/image\/","url":"https:\/\/veredes.es\/blog\/wp-content\/uploads\/2021\/12\/veredes-logo-centrado_140x54.png","contentUrl":"https:\/\/veredes.es\/blog\/wp-content\/uploads\/2021\/12\/veredes-logo-centrado_140x54.png","width":140,"height":54,"caption":"veredes, arquitectura y divulgaci\u00f3n"},"image":{"@id":"https:\/\/veredes.es\/blog\/#\/schema\/logo\/image\/"},"sameAs":["https:\/\/www.facebook.com\/veredesArquitecturayDivulgacion\/","https:\/\/x.com\/veredes","https:\/\/instagram.com\/veredes\/","https:\/\/www.linkedin.com\/company\/veredes-arquitectura-y-divulgacion\/","https:\/\/es.pinterest.com\/veredes\/","https:\/\/www.tumblr.com\/veredes"]},{"@type":"Person","@id":"https:\/\/veredes.es\/blog\/#\/schema\/person\/7edb23bf36ddbe2d9c8f4cf5fae64668","name":"\u00cd\u00f1igo Garc\u00eda Odiaga","image":{"@type":"ImageObject","inLanguage":"es","@id":"https:\/\/veredes.es\/blog\/wp-content\/uploads\/2018\/04\/\u00cd\u00f1igo-Garc\u00eda-Odiaga-96x96.jpg","url":"https:\/\/veredes.es\/blog\/wp-content\/uploads\/2018\/04\/\u00cd\u00f1igo-Garc\u00eda-Odiaga-96x96.jpg","contentUrl":"https:\/\/veredes.es\/blog\/wp-content\/uploads\/2018\/04\/\u00cd\u00f1igo-Garc\u00eda-Odiaga-96x96.jpg","caption":"\u00cd\u00f1igo Garc\u00eda Odiaga"},"description":"Doctor Arquitecto y profesor asociado de Proyectos Arquitect\u00f3nicos, ETSASS. Editor de NOMU. 1\/5 del estudio de arquitectura VAUMM. Vivo en Donosti.","sameAs":["http:\/\/vaumm.com\/","https:\/\/www.facebook.com\/inigo.garciaodiaga","https:\/\/www.instagram.com\/okamika\/","https:\/\/x.com\/https:\/\/twitter.com\/IOdiaga"],"url":"https:\/\/veredes.es\/blog\/author\/inigog\/"}]}},"_links":{"self":[{"href":"https:\/\/veredes.es\/blog\/wp-json\/wp\/v2\/posts\/47415","targetHints":{"allow":["GET"]}}],"collection":[{"href":"https:\/\/veredes.es\/blog\/wp-json\/wp\/v2\/posts"}],"about":[{"href":"https:\/\/veredes.es\/blog\/wp-json\/wp\/v2\/types\/post"}],"author":[{"embeddable":true,"href":"https:\/\/veredes.es\/blog\/wp-json\/wp\/v2\/users\/31"}],"replies":[{"embeddable":true,"href":"https:\/\/veredes.es\/blog\/wp-json\/wp\/v2\/comments?post=47415"}],"version-history":[{"count":0,"href":"https:\/\/veredes.es\/blog\/wp-json\/wp\/v2\/posts\/47415\/revisions"}],"wp:featuredmedia":[{"embeddable":true,"href":"https:\/\/veredes.es\/blog\/wp-json\/wp\/v2\/media\/47420"}],"wp:attachment":[{"href":"https:\/\/veredes.es\/blog\/wp-json\/wp\/v2\/media?parent=47415"}],"wp:term":[{"taxonomy":"category","embeddable":true,"href":"https:\/\/veredes.es\/blog\/wp-json\/wp\/v2\/categories?post=47415"},{"taxonomy":"post_tag","embeddable":true,"href":"https:\/\/veredes.es\/blog\/wp-json\/wp\/v2\/tags?post=47415"}],"curies":[{"name":"wp","href":"https:\/\/api.w.org\/{rel}","templated":true}]}}