{"id":47067,"date":"2014-07-18T06:28:47","date_gmt":"2014-07-18T06:28:47","guid":{"rendered":"http:\/\/veredes.es\/blog\/?p=47067"},"modified":"2021-07-03T10:20:02","modified_gmt":"2021-07-03T08:20:02","slug":"pelea-critica-emigra-borja-lopez-cotelo","status":"publish","type":"post","link":"https:\/\/veredes.es\/blog\/pelea-critica-emigra-borja-lopez-cotelo\/","title":{"rendered":"Pelea, critica, emigra | Borja L\u00f3pez Cotelo"},"content":{"rendered":"<p><\/p>\n<p style=\"text-align: justify;\">La crisis ha terminado. Los pol\u00edticos sonr\u00eden de nuevo en los peri\u00f3dicos y los medios ensalzan un pa\u00eds que supo mantener la compostura durante cinco a\u00f1os de imp\u00eda tempestad. Han vuelto las palmadas en la espalda.<\/p>\n<p style=\"text-align: justify;\">Pero tal vez el milagro haya pasado ante mi puerta, una vez m\u00e1s, sin detenerse: los clientes no se agolpan en mi estudio y nadie en mi entorno inmediato ha visto mejorar repentinamente su situaci\u00f3n laboral. Por el contrario, en muchos casos, desarrollar la profesi\u00f3n para la que uno se ha formado sigue sonando a quimera. Hay quien incluso encuentra obscena esta aspiraci\u00f3n, propia de j\u00f3venes reticentes a mancharse las manos, cuando no de caprichosos, vagos o maleantes.<\/p>\n<p style=\"text-align: justify;\">Mientras tanto, muchos de aquellos que ahora sonr\u00eden en los peri\u00f3dicos vanaglori\u00e1ndose de la recuperaci\u00f3n econ\u00f3mica siguen visitando a menudo los juzgados; de modo que este nuevo milagro tampoco me har\u00e1 abandonar mi escepticismo.<\/p>\n<p style=\"text-align: justify;\">As\u00ed las cosas, es inevitable preguntarse qu\u00e9 hacer. Qu\u00e9 camino debe tomar un arquitecto joven \u2013cada d\u00eda un poco menos- asentado en una regi\u00f3n perif\u00e9rica de un pa\u00eds marginal dentro del gran proyecto paneuropeo, cuando la celebrada catarsis parece ajena a su realidad cotidiana.<\/p>\n<p><strong>Pelea <\/strong><\/p>\n<p style=\"text-align: justify;\">Roberto Bola\u00f1o era de los que cre\u00edan, seg\u00fan \u00e9l mismo confesaba, que el ser humano est\u00e1 condenado de antemano a la derrota pero que debe <em>salir y<\/em> <em>dar la pelea<\/em>. Considero no obstante \u2013sin \u00e1nimo de contradecir al gran Bola\u00f1o- que es necesario puntualizar ciertas cosas porque, para el arquitecto, pelear no siempre es sencillo.<\/p>\n<p style=\"text-align: justify;\">Asumamos que la arquitectura, como profesi\u00f3n y como disciplina, es necesariamente mediada. Hay un largo trecho desde la concepci\u00f3n de la obra, abstracta, y su concreci\u00f3n en realidad f\u00edsica; hay muchas manos que intervienen en el proceso, muchas leyes \u2013algunas cabales, otras delirantes o interesadas- que lo condicionan, hay un usuario a menudo ajeno a las sesudas cavilaciones del proyectista, y una realidad tozuda que a menudo se empe\u00f1a en desfigurar la apol\u00ednea arquitectura imaginada. Son, todas ellas, reglas del juego.<\/p>\n<p style=\"text-align: justify;\">Ahora bien, construir \u2013\u00e9se es, no lo olvidemos, el fin \u00faltimo y raz\u00f3n de ser de la arquitectura- no es sencillo cuando solo se conocen para llegar a ello dos caminos y ambos est\u00e1n sembrados de minas.<\/p>\n<p style=\"text-align: justify;\">Siempre pens\u00e9 que los concursos de arquitectura eran uno de esos caminos; que en ellos todos peleaban de igual a igual, sin guantes y a cara descubierta. Imaginaba a los grandes arquitectos bajando a la arena como el insolente <a href=\"http:\/\/es.wikipedia.org\/wiki\/C%C3%B3modo\" target=\"_blank\" rel=\"noopener noreferrer\">C\u00f3modo<\/a>, como un encapuchado Zidane entregado a duelos nocturnos en canchas de barrio contra pandillas de inmigrantes argelinos<em><sup><sup>1<\/sup><\/sup><\/em>. El tiempo me demostr\u00f3 que no es as\u00ed. Algunos concursos recurren a mecanismos cuestionables (como el asumido <em>empresa y obra<\/em>) o incluso perversos. En otros casos sencillamente el fallo es poco transparente o inevitablemente sospechoso; y la sospecha, se\u00f1ala el jud\u00edo Jacobi, <em>atormenta a aquellos que la albergan<\/em><em><sup><sup>2<\/sup><\/sup><\/em>.<\/p>\n<p style=\"text-align: justify;\">El otro camino para construir son los encargos privados. Y en ese camino las piedras las han ido poniendo, d\u00eda a d\u00eda, compa\u00f1eros de profesi\u00f3n. Esto lo hace, si cabe, m\u00e1s doloroso. Los honorarios se han reducido y las condiciones se han degradado en una lucha fratricida por conseguir clientes. Sin reglas, sin \u00e9tica, sin un sentido de colectivo que ha hecho fuertes otras profesiones.<\/p>\n<p style=\"text-align: justify;\">Por todo ello, pelear por construir es hoy una guerra de desgaste; una campa\u00f1a encarnizada en la que afloran tanto las desigualdades estructurales \u2013concursos- como los m\u00e1s bajos instintos de supervivencia\u2013b\u00fasqueda de clientes-, que en ocasiones derivan en canibalismo. Habr\u00e1 que leer de nuevo a Bola\u00f1o, <em>poeta y vago<\/em><em><sup><sup>3<\/sup><\/sup><\/em>,para no desfallecer.<\/p>\n<div>\n<figure id=\"attachment_47074\" aria-describedby=\"caption-attachment-47074\" style=\"width: 620px\" class=\"wp-caption alignnone\"><a href=\"http:\/\/veredes.es\/blog\/wp-content\/uploads\/2014\/07\/01-pelea-epR.jpg\"><img loading=\"lazy\" decoding=\"async\" class=\"size-full wp-image-47074\" title=\"01-pelea-epR\" src=\"http:\/\/veredes.es\/blog\/wp-content\/uploads\/2014\/07\/01-pelea-epR.jpg\" alt=\"\" width=\"620\" height=\"449\" srcset=\"https:\/\/veredes.es\/blog\/wp-content\/uploads\/2014\/07\/01-pelea-epR.jpg 620w, https:\/\/veredes.es\/blog\/wp-content\/uploads\/2014\/07\/01-pelea-epR-300x217.jpg 300w\" sizes=\"auto, (max-width: 620px) 100vw, 620px\" \/><\/a><figcaption id=\"caption-attachment-47074\" class=\"wp-caption-text\"><span style=\"color: #888888;\">Pelea | epR<\/span><\/figcaption><\/figure>\n<p style=\"text-align: justify;\"><strong>Critica<\/strong><\/p>\n<p style=\"text-align: justify;\">Seg\u00fan recoge Plat\u00f3n en sus <em>Di\u00e1logos<\/em>, S\u00f3crates -el griego<em><sup>4<\/sup><\/em>&#8211; reflexion\u00f3 con algunos de sus disc\u00edpulos acerca de la inmortalidad del alma en los instantes previos a ingerir <em>con una mansedumbre y una tranquilidad admirables<\/em> la cicuta que acabar\u00eda con su vida. En ese momento postrero, S\u00f3crates se signific\u00f3 como el m\u00e1s clarividente e \u00edntegro de los hombres.<\/p>\n<p style=\"text-align: justify;\">Sin embargo, en la ag\u00f3nica circunstancia actual la cr\u00edtica arquitect\u00f3nica tampoco parece haber dado un paso al frente. Si bien la situaci\u00f3n es propicia para la calma y la pausa, base necesaria para reflexiones profundas que identifique errores cometidos y extraigan l\u00facidas conclusiones para el futuro, poco aire fresco parecen haber aportado los cr\u00edticos durante este lustro de merma en la actividad.<\/p>\n<p style=\"text-align: justify;\">Est\u00e1n, por supuesto, los de siempre. Hay en Espa\u00f1a mentes claras, con una enorme capacidad de an\u00e1lisis y grandes dotes para la s\u00edntesis. Pero ninguna de las que conozco ha sido engendrada por la situaci\u00f3n actual, ninguna representa una esperanza longeva para las pr\u00f3ximas generaciones.<\/p>\n<p style=\"text-align: justify;\">Pero desgraciadamente son mayor\u00eda los que utilizan potentes altavoces para adaptar su discurso al viento dominante. Y han sobrevivido a la crisis. Leemos editoriales de quienes no hace mucho ensalzaban los grandes estudios, \u00a0de quienes vitoreaban a los vigorosos cadetes del <em>star system \u2013think BIG<\/em>, exhortaban- defendiendo hoy una arquitectura de m\u00ednimos, una arquitectura <em>necesaria<\/em> (poli\u00e9drico adjetivo); encumbran arquitectos o -siempre que es posible- colectivos cuya labor se desarrolla lejos del primer mundo. Incluso se celebran congresos para celebrar el descubrimiento de ese <em>nuevo camino<\/em>.<\/p>\n<p style=\"text-align: justify;\">Resulta dif\u00edcil comprender por qu\u00e9 solo una \u00ednfima parte de la cr\u00edtica ha reaccionado a esta apolog\u00eda de la vacuidad.<\/p>\n<figure id=\"attachment_47075\" aria-describedby=\"caption-attachment-47075\" style=\"width: 620px\" class=\"wp-caption alignnone\"><a href=\"https:\/\/veredes.es\/blog\/wp-content\/uploads\/2014\/07\/02-critica-epR.jpg\"><img loading=\"lazy\" decoding=\"async\" class=\"size-full wp-image-47075\" title=\"02-critica-epR\" src=\"https:\/\/veredes.es\/blog\/wp-content\/uploads\/2014\/07\/02-critica-epR.jpg\" alt=\"\" width=\"620\" height=\"448\" srcset=\"https:\/\/veredes.es\/blog\/wp-content\/uploads\/2014\/07\/02-critica-epR.jpg 620w, https:\/\/veredes.es\/blog\/wp-content\/uploads\/2014\/07\/02-critica-epR-300x216.jpg 300w\" sizes=\"auto, (max-width: 620px) 100vw, 620px\" \/><\/a><figcaption id=\"caption-attachment-47075\" class=\"wp-caption-text\"><span style=\"color: #888888;\">Critica | epR<\/span><\/figcaption><\/figure>\n<p style=\"text-align: justify;\"><strong>Emigra<\/strong><\/p>\n<p style=\"text-align: justify;\">Quiz\u00e1 el consejo m\u00e1s recurrente en estos d\u00edas sea el de abandonarse a la b\u00fasqueda de nuevos horizontes. Al fin y al cabo, as\u00ed lo hicieron nuestros abuelos y otros antes que ellos. Lo sabemos sobre todo quienes nacimos en ciertas partes del mundo: se atribuye al maestro Castelao la m\u00e1xima de que <em>el gallego no protesta, emigra<\/em>.<\/p>\n<p style=\"text-align: justify;\">Es comprensible la emigraci\u00f3n como opci\u00f3n personal. Tal vez hoy sea incluso recomendable, o abiertamente admirable, pues pocos toman esa decisi\u00f3n por propia voluntad. Pero no debemos ver en ello la soluci\u00f3n a los males colectivos pues eso ser\u00eda una venda en nuestros ojos. Un pa\u00eds que pierde a sus j\u00f3venes de forma masiva se desangra; un estado que invierte en formaci\u00f3n para mostrarse luego incapaz de consolidar un tejido profesional sustentado por ese capital humano, no solo representa una paradoja sino un absoluto fracaso econ\u00f3mico y social.<\/p>\n<p style=\"text-align: justify;\">Para un arquitecto espa\u00f1ol \u2013al menos para uno formado en ciertas escuelas de Espa\u00f1a- existe adem\u00e1s una particularidad que no facilita su inserci\u00f3n laboral: durante generaciones, la educaci\u00f3n del arquitecto tendi\u00f3 a habilitar a profesionales autosuficientes. Esto tiene, obviamente, implicaciones positivas \u2013capacidad de control sobre el proyecto global, s\u00f3lidos conocimientos t\u00e9cnicos- pero cabe preguntarse si la supervivencia de estos diminutos estudios es posible en el escenario actual. Incluso cuando estos estudios, en una suerte de metamorfosis, devienen a menudo en estructuras horizontales y procesos colaborativos.<\/p>\n<p style=\"text-align: justify;\">Corremos el riesgo de padecer esa sensaci\u00f3n de g\u00e9lido desapego de la realidad encarnada en aquel Meursault que fue extranjero en Argel como lo habr\u00eda sido en cualquier otra parte<em><sup><sup>5<\/sup><\/sup><\/em>.<\/p>\n<figure id=\"attachment_47076\" aria-describedby=\"caption-attachment-47076\" style=\"width: 620px\" class=\"wp-caption alignnone\"><a href=\"https:\/\/veredes.es\/blog\/wp-content\/uploads\/2014\/07\/03-emigra-epR.jpg\"><img loading=\"lazy\" decoding=\"async\" class=\"size-full wp-image-47076\" title=\"03-emigra-epR\" src=\"https:\/\/veredes.es\/blog\/wp-content\/uploads\/2014\/07\/03-emigra-epR.jpg\" alt=\"\" width=\"620\" height=\"451\" srcset=\"https:\/\/veredes.es\/blog\/wp-content\/uploads\/2014\/07\/03-emigra-epR.jpg 620w, https:\/\/veredes.es\/blog\/wp-content\/uploads\/2014\/07\/03-emigra-epR-300x218.jpg 300w\" sizes=\"auto, (max-width: 620px) 100vw, 620px\" \/><\/a><figcaption id=\"caption-attachment-47076\" class=\"wp-caption-text\"><span style=\"color: #888888;\">Emigra | epR<\/span><\/figcaption><\/figure>\n<p style=\"text-align: justify;\">Pero a pesar del gris que nos rodea, \u00a0a pesar de la imposibilidad de luchar en igualdad, de la tibia respuesta de la cr\u00edtica y de la incierta v\u00eda de la emigraci\u00f3n, esta generaci\u00f3n no debe a\u00fan capitular. Porque, queramos o no, <em>todav\u00eda nos quedan cosas bonitas por hacer<\/em><em><sup><sup>6<\/sup><\/sup><\/em>.<\/p>\n<p>Borja L\u00f3pez Cotelo, doctor arquitecto<br \/>\nCoru\u00f1a, julio 2014<\/p>\n<p style=\"text-align: justify;\">Notas:<br \/>\n<em><sup><sup>1<\/sup><\/sup><\/em> Seg\u00fan reconoce Zidane en una entrevista publicada en el n\u00famero 22 de la revista <em>Panenka<\/em>. Aunque en ella se\u00f1ala como instigador a Edgar Davis\u2026<br \/>\n<em><sup><sup>2<\/sup><\/sup><\/em> Parafraseando a Isak Jacobi, el usurero de la obra de Bergman <em>Fanny y Alexander<\/em> (1982).<br \/>\n<em><sup><sup>3<\/sup><\/sup><\/em> As\u00ed rezaba su tarjeta de visita: <em>Roberto Bola\u00f1o, poeta y vago. Carrer Ample n13 2-1, Blanes (Gerona)<\/em>.<br \/>\n<em><sup><sup>4<\/sup><\/sup><\/em> S\u00f3crates (470-399 a.C) fue condenado a morir de este modo por un tribunal ateniense. Es importante precisar que me refiero a este S\u00f3crates, el griego, porque tambi\u00e9n existi\u00f3 un elocuente S\u00f3crates brasile\u00f1o.<br \/>\n<em><sup><sup>5<\/sup><\/sup><\/em> <em>El extranjer<\/em>o, de Albert Camus, es un libro terap\u00e9utico en ciertos momentos. Si he de escoger una edici\u00f3n recomiendo la de Gallimard, ilustrada por el gran Jos\u00e9 Mu\u00f1oz, que en Espa\u00f1a public\u00f3 Alianza Editorial (2013).<br \/>\n<em><sup><sup>6<\/sup><\/sup><\/em> Jep Gambardella, c\u00ednico protagonista de <em>La gran belleza<\/em>, responde aliviado: <em>Meno male\u2026 Ci rimane ancora qualcosa di bello da fare!<\/em> cuando una amiga le recuerda que nunca han hecho el amor.<\/p>\n<\/div>\n<p><\/p>","protected":false},"excerpt":{"rendered":"<p>La crisis ha terminado. Los pol\u00edticos sonr\u00eden de nuevo en los peri\u00f3dicos y los medios ensalzan un pa\u00eds que supo mantener la compostura durante cinco a\u00f1os de imp\u00eda tempestad. Han vuelto las palmadas en la espalda. Pero tal vez el milagro haya pasado ante mi puerta, una vez m\u00e1s, sin detenerse: los clientes no se [&hellip;]<\/p>\n","protected":false},"author":17,"featured_media":47075,"comment_status":"open","ping_status":"closed","sticky":false,"template":"","format":"standard","meta":{"footnotes":""},"categories":[5934,5951],"tags":[10777,10644,3852,335,1952,355,391,392,393,2964,521,668,4397,10776,10778,4798,1021,1103,1865,4229,8482,1253],"class_list":{"0":"post-47067","1":"post","2":"type-post","3":"status-publish","4":"format-standard","5":"has-post-thumbnail","7":"category-articulos","8":"category-slider-principal","9":"tag-albert-camus","10":"tag-big","11":"tag-borja-lopez-cotelo","12":"tag-colaboracion","13":"tag-colaborar","14":"tag-concurso","15":"tag-crisis","16":"tag-crisis-economica","17":"tag-critica","19":"tag-espana","20":"tag-historia","21":"tag-ingmar-bergman","22":"tag-isak-jacobi","23":"tag-jose-munoz","24":"tag-modelo-profesional","25":"tag-pensamiento","26":"tag-profesion","27":"tag-reflexion","28":"tag-roberto-bolano","29":"tag-socrates","30":"tag-star-system"},"yoast_head":"<!-- This site is optimized with the Yoast SEO plugin v27.5 - https:\/\/yoast.com\/product\/yoast-seo-wordpress\/ -->\n<title>Pelea, critica, emigra | Borja L\u00f3pez Cotelo<\/title>\n<meta name=\"description\" content=\"Toda la informaci\u00f3n sobre: Pelea, critica, emigra | Borja L\u00f3pez CoteloPelexa, critica, emigra | Borja L\u00f3pez CoteloFights, criticizes, emigrates | Borja Lopez Cotelo\" \/>\n<meta name=\"robots\" content=\"index, follow, max-snippet:-1, max-image-preview:large, max-video-preview:-1\" \/>\n<link rel=\"canonical\" href=\"https:\/\/veredes.es\/blog\/pelea-critica-emigra-borja-lopez-cotelo\/\" \/>\n<meta property=\"og:locale\" content=\"es_ES\" \/>\n<meta property=\"og:type\" content=\"article\" \/>\n<meta property=\"og:title\" content=\"Pelea, critica, emigra | Borja L\u00f3pez Cotelo\" \/>\n<meta property=\"og:description\" content=\"Toda la informaci\u00f3n sobre: Pelea, critica, emigra | Borja L\u00f3pez CoteloPelexa, critica, emigra | Borja L\u00f3pez CoteloFights, criticizes, emigrates | Borja Lopez Cotelo\" \/>\n<meta property=\"og:url\" content=\"https:\/\/veredes.es\/blog\/pelea-critica-emigra-borja-lopez-cotelo\/\" \/>\n<meta property=\"og:site_name\" content=\"veredes, arquitectura y divulgaci\u00f3n\" \/>\n<meta property=\"article:publisher\" content=\"https:\/\/www.facebook.com\/veredesArquitecturayDivulgacion\/\" \/>\n<meta property=\"article:published_time\" content=\"2014-07-18T06:28:47+00:00\" \/>\n<meta property=\"article:modified_time\" content=\"2021-07-03T08:20:02+00:00\" \/>\n<meta property=\"og:image\" content=\"https:\/\/veredes.es\/blog\/wp-content\/uploads\/2014\/07\/02-critica-epR.jpg\" \/>\n\t<meta property=\"og:image:width\" content=\"620\" \/>\n\t<meta property=\"og:image:height\" content=\"448\" \/>\n\t<meta property=\"og:image:type\" content=\"image\/jpeg\" \/>\n<meta name=\"author\" content=\"Borja L\u00f3pez Cotelo\" \/>\n<meta name=\"twitter:card\" content=\"summary_large_image\" \/>\n<meta name=\"twitter:creator\" content=\"@https:\/\/twitter.com\/lineasdetrabajo\" \/>\n<meta name=\"twitter:site\" content=\"@veredes\" \/>\n<meta name=\"twitter:label1\" content=\"Escrito por\" \/>\n\t<meta name=\"twitter:data1\" content=\"Borja L\u00f3pez Cotelo\" \/>\n\t<meta name=\"twitter:label2\" content=\"Tiempo de lectura\" \/>\n\t<meta name=\"twitter:data2\" content=\"22 minutos\" \/>\n<script type=\"application\/ld+json\" class=\"yoast-schema-graph\">{\"@context\":\"https:\\\/\\\/schema.org\",\"@graph\":[{\"@type\":\"Article\",\"@id\":\"https:\\\/\\\/veredes.es\\\/blog\\\/pelea-critica-emigra-borja-lopez-cotelo\\\/#article\",\"isPartOf\":{\"@id\":\"https:\\\/\\\/veredes.es\\\/blog\\\/pelea-critica-emigra-borja-lopez-cotelo\\\/\"},\"author\":{\"name\":\"Borja L\u00f3pez Cotelo\",\"@id\":\"https:\\\/\\\/veredes.es\\\/blog\\\/#\\\/schema\\\/person\\\/0ed637ae44a657b55da8bf9dae752ffb\"},\"headline\":\"Pelea, critica, emigra | Borja L\u00f3pez Cotelo\",\"datePublished\":\"2014-07-18T06:28:47+00:00\",\"dateModified\":\"2021-07-03T08:20:02+00:00\",\"mainEntityOfPage\":{\"@id\":\"https:\\\/\\\/veredes.es\\\/blog\\\/pelea-critica-emigra-borja-lopez-cotelo\\\/\"},\"wordCount\":4375,\"commentCount\":3,\"publisher\":{\"@id\":\"https:\\\/\\\/veredes.es\\\/blog\\\/#organization\"},\"image\":{\"@id\":\"https:\\\/\\\/veredes.es\\\/blog\\\/pelea-critica-emigra-borja-lopez-cotelo\\\/#primaryimage\"},\"thumbnailUrl\":\"https:\\\/\\\/veredes.es\\\/blog\\\/wp-content\\\/uploads\\\/2014\\\/07\\\/02-critica-epR.jpg\",\"keywords\":[\"Albert Camus\",\"BIG\",\"Borja L\u00f3pez Cotelo\",\"colaboraci\u00f3n\",\"colaborar\",\"concurso\",\"crisis\",\"crisis econ\u00f3mica\",\"cr\u00edtica\",\"emigrar\",\"Espa\u00f1a\",\"historia\",\"Ingmar Bergman\",\"isak jacobi\",\"jos\u00e9 mu\u00f1oz\",\"modelo profesional\",\"pensamiento\",\"profesi\u00f3n\",\"reflexi\u00f3n\",\"roberto bola\u00f1o\",\"s\u00f3crates\",\"star system\"],\"articleSection\":[\"art\u00edculos\",\"slider principal\"],\"inLanguage\":\"es\",\"potentialAction\":[{\"@type\":\"CommentAction\",\"name\":\"Comment\",\"target\":[\"https:\\\/\\\/veredes.es\\\/blog\\\/pelea-critica-emigra-borja-lopez-cotelo\\\/#respond\"]}]},{\"@type\":\"WebPage\",\"@id\":\"https:\\\/\\\/veredes.es\\\/blog\\\/pelea-critica-emigra-borja-lopez-cotelo\\\/\",\"url\":\"https:\\\/\\\/veredes.es\\\/blog\\\/pelea-critica-emigra-borja-lopez-cotelo\\\/\",\"name\":\"Pelea, critica, emigra | Borja L\u00f3pez Cotelo\",\"isPartOf\":{\"@id\":\"https:\\\/\\\/veredes.es\\\/blog\\\/#website\"},\"primaryImageOfPage\":{\"@id\":\"https:\\\/\\\/veredes.es\\\/blog\\\/pelea-critica-emigra-borja-lopez-cotelo\\\/#primaryimage\"},\"image\":{\"@id\":\"https:\\\/\\\/veredes.es\\\/blog\\\/pelea-critica-emigra-borja-lopez-cotelo\\\/#primaryimage\"},\"thumbnailUrl\":\"https:\\\/\\\/veredes.es\\\/blog\\\/wp-content\\\/uploads\\\/2014\\\/07\\\/02-critica-epR.jpg\",\"datePublished\":\"2014-07-18T06:28:47+00:00\",\"dateModified\":\"2021-07-03T08:20:02+00:00\",\"description\":\"Toda la informaci\u00f3n sobre: Pelea, critica, emigra | Borja L\u00f3pez CoteloPelexa, critica, emigra | Borja L\u00f3pez CoteloFights, criticizes, emigrates | Borja Lopez Cotelo\",\"breadcrumb\":{\"@id\":\"https:\\\/\\\/veredes.es\\\/blog\\\/pelea-critica-emigra-borja-lopez-cotelo\\\/#breadcrumb\"},\"inLanguage\":\"es\",\"potentialAction\":[{\"@type\":\"ReadAction\",\"target\":[\"https:\\\/\\\/veredes.es\\\/blog\\\/pelea-critica-emigra-borja-lopez-cotelo\\\/\"]}]},{\"@type\":\"ImageObject\",\"inLanguage\":\"es\",\"@id\":\"https:\\\/\\\/veredes.es\\\/blog\\\/pelea-critica-emigra-borja-lopez-cotelo\\\/#primaryimage\",\"url\":\"https:\\\/\\\/veredes.es\\\/blog\\\/wp-content\\\/uploads\\\/2014\\\/07\\\/02-critica-epR.jpg\",\"contentUrl\":\"https:\\\/\\\/veredes.es\\\/blog\\\/wp-content\\\/uploads\\\/2014\\\/07\\\/02-critica-epR.jpg\",\"width\":\"620\",\"height\":\"448\",\"caption\":\"Critica | epR\"},{\"@type\":\"BreadcrumbList\",\"@id\":\"https:\\\/\\\/veredes.es\\\/blog\\\/pelea-critica-emigra-borja-lopez-cotelo\\\/#breadcrumb\",\"itemListElement\":[{\"@type\":\"ListItem\",\"position\":1,\"name\":\"Portada\",\"item\":\"https:\\\/\\\/veredes.es\\\/blog\\\/\"},{\"@type\":\"ListItem\",\"position\":2,\"name\":\"Pelea, critica, emigra | Borja L\u00f3pez Cotelo\"}]},{\"@type\":\"WebSite\",\"@id\":\"https:\\\/\\\/veredes.es\\\/blog\\\/#website\",\"url\":\"https:\\\/\\\/veredes.es\\\/blog\\\/\",\"name\":\"veredes, arquitectura y divulgaci\u00f3n\",\"description\":\"veredes\",\"publisher\":{\"@id\":\"https:\\\/\\\/veredes.es\\\/blog\\\/#organization\"},\"alternateName\":\"veredes\",\"potentialAction\":[{\"@type\":\"SearchAction\",\"target\":{\"@type\":\"EntryPoint\",\"urlTemplate\":\"https:\\\/\\\/veredes.es\\\/blog\\\/?s={search_term_string}\"},\"query-input\":{\"@type\":\"PropertyValueSpecification\",\"valueRequired\":true,\"valueName\":\"search_term_string\"}}],\"inLanguage\":\"es\"},{\"@type\":\"Organization\",\"@id\":\"https:\\\/\\\/veredes.es\\\/blog\\\/#organization\",\"name\":\"veredes, arquitectura y divulgaci\u00f3n\",\"alternateName\":\"veredes\",\"url\":\"https:\\\/\\\/veredes.es\\\/blog\\\/\",\"logo\":{\"@type\":\"ImageObject\",\"inLanguage\":\"es\",\"@id\":\"https:\\\/\\\/veredes.es\\\/blog\\\/#\\\/schema\\\/logo\\\/image\\\/\",\"url\":\"https:\\\/\\\/veredes.es\\\/blog\\\/wp-content\\\/uploads\\\/2021\\\/12\\\/veredes-logo-centrado_140x54.png\",\"contentUrl\":\"https:\\\/\\\/veredes.es\\\/blog\\\/wp-content\\\/uploads\\\/2021\\\/12\\\/veredes-logo-centrado_140x54.png\",\"width\":140,\"height\":54,\"caption\":\"veredes, arquitectura y divulgaci\u00f3n\"},\"image\":{\"@id\":\"https:\\\/\\\/veredes.es\\\/blog\\\/#\\\/schema\\\/logo\\\/image\\\/\"},\"sameAs\":[\"https:\\\/\\\/www.facebook.com\\\/veredesArquitecturayDivulgacion\\\/\",\"https:\\\/\\\/x.com\\\/veredes\",\"https:\\\/\\\/instagram.com\\\/veredes\\\/\",\"https:\\\/\\\/www.linkedin.com\\\/company\\\/veredes-arquitectura-y-divulgacion\\\/\",\"https:\\\/\\\/es.pinterest.com\\\/veredes\\\/\",\"https:\\\/\\\/www.tumblr.com\\\/veredes\"]},{\"@type\":\"Person\",\"@id\":\"https:\\\/\\\/veredes.es\\\/blog\\\/#\\\/schema\\\/person\\\/0ed637ae44a657b55da8bf9dae752ffb\",\"name\":\"Borja L\u00f3pez Cotelo\",\"image\":{\"@type\":\"ImageObject\",\"inLanguage\":\"es\",\"@id\":\"https:\\\/\\\/veredes.es\\\/blog\\\/wp-content\\\/uploads\\\/2018\\\/04\\\/borja-l\u00f3pez-cotelo-96x96.jpg\",\"url\":\"https:\\\/\\\/veredes.es\\\/blog\\\/wp-content\\\/uploads\\\/2018\\\/04\\\/borja-l\u00f3pez-cotelo-96x96.jpg\",\"contentUrl\":\"https:\\\/\\\/veredes.es\\\/blog\\\/wp-content\\\/uploads\\\/2018\\\/04\\\/borja-l\u00f3pez-cotelo-96x96.jpg\",\"caption\":\"Borja L\u00f3pez Cotelo\"},\"description\":\"Borja L\u00f3pez Cotelo y Maria Olmo B\u00e9jar, arquitectos por la ETSAC desde 2007. Borja L\u00f3pez Cotelo, arquitecto doctor por la Universidade da Coru\u00f1a desde 2013.\",\"sameAs\":[\"http:\\\/\\\/lasonceymedia.com\\\/\",\"https:\\\/\\\/www.linkedin.com\\\/in\\\/borja-ramn-lpez-cotelo-7842b31b4\\\/\",\"https:\\\/\\\/x.com\\\/https:\\\/\\\/twitter.com\\\/lineasdetrabajo\"],\"url\":\"https:\\\/\\\/veredes.es\\\/blog\\\/author\\\/borja-lopez-cotelo\\\/\"}]}<\/script>\n<!-- \/ Yoast SEO plugin. -->","yoast_head_json":{"title":"Pelea, critica, emigra | Borja L\u00f3pez Cotelo","description":"Toda la informaci\u00f3n sobre: Pelea, critica, emigra | Borja L\u00f3pez CoteloPelexa, critica, emigra | Borja L\u00f3pez CoteloFights, criticizes, emigrates | Borja Lopez Cotelo","robots":{"index":"index","follow":"follow","max-snippet":"max-snippet:-1","max-image-preview":"max-image-preview:large","max-video-preview":"max-video-preview:-1"},"canonical":"https:\/\/veredes.es\/blog\/pelea-critica-emigra-borja-lopez-cotelo\/","og_locale":"es_ES","og_type":"article","og_title":"Pelea, critica, emigra | Borja L\u00f3pez Cotelo","og_description":"Toda la informaci\u00f3n sobre: Pelea, critica, emigra | Borja L\u00f3pez CoteloPelexa, critica, emigra | Borja L\u00f3pez CoteloFights, criticizes, emigrates | Borja Lopez Cotelo","og_url":"https:\/\/veredes.es\/blog\/pelea-critica-emigra-borja-lopez-cotelo\/","og_site_name":"veredes, arquitectura y divulgaci\u00f3n","article_publisher":"https:\/\/www.facebook.com\/veredesArquitecturayDivulgacion\/","article_published_time":"2014-07-18T06:28:47+00:00","article_modified_time":"2021-07-03T08:20:02+00:00","og_image":[{"width":620,"height":448,"url":"https:\/\/veredes.es\/blog\/wp-content\/uploads\/2014\/07\/02-critica-epR.jpg","type":"image\/jpeg"}],"author":"Borja L\u00f3pez Cotelo","twitter_card":"summary_large_image","twitter_creator":"@https:\/\/twitter.com\/lineasdetrabajo","twitter_site":"@veredes","twitter_misc":{"Escrito por":"Borja L\u00f3pez Cotelo","Tiempo de lectura":"22 minutos"},"schema":{"@context":"https:\/\/schema.org","@graph":[{"@type":"Article","@id":"https:\/\/veredes.es\/blog\/pelea-critica-emigra-borja-lopez-cotelo\/#article","isPartOf":{"@id":"https:\/\/veredes.es\/blog\/pelea-critica-emigra-borja-lopez-cotelo\/"},"author":{"name":"Borja L\u00f3pez Cotelo","@id":"https:\/\/veredes.es\/blog\/#\/schema\/person\/0ed637ae44a657b55da8bf9dae752ffb"},"headline":"Pelea, critica, emigra | Borja L\u00f3pez Cotelo","datePublished":"2014-07-18T06:28:47+00:00","dateModified":"2021-07-03T08:20:02+00:00","mainEntityOfPage":{"@id":"https:\/\/veredes.es\/blog\/pelea-critica-emigra-borja-lopez-cotelo\/"},"wordCount":4375,"commentCount":3,"publisher":{"@id":"https:\/\/veredes.es\/blog\/#organization"},"image":{"@id":"https:\/\/veredes.es\/blog\/pelea-critica-emigra-borja-lopez-cotelo\/#primaryimage"},"thumbnailUrl":"https:\/\/veredes.es\/blog\/wp-content\/uploads\/2014\/07\/02-critica-epR.jpg","keywords":["Albert Camus","BIG","Borja L\u00f3pez Cotelo","colaboraci\u00f3n","colaborar","concurso","crisis","crisis econ\u00f3mica","cr\u00edtica","emigrar","Espa\u00f1a","historia","Ingmar Bergman","isak jacobi","jos\u00e9 mu\u00f1oz","modelo profesional","pensamiento","profesi\u00f3n","reflexi\u00f3n","roberto bola\u00f1o","s\u00f3crates","star system"],"articleSection":["art\u00edculos","slider principal"],"inLanguage":"es","potentialAction":[{"@type":"CommentAction","name":"Comment","target":["https:\/\/veredes.es\/blog\/pelea-critica-emigra-borja-lopez-cotelo\/#respond"]}]},{"@type":"WebPage","@id":"https:\/\/veredes.es\/blog\/pelea-critica-emigra-borja-lopez-cotelo\/","url":"https:\/\/veredes.es\/blog\/pelea-critica-emigra-borja-lopez-cotelo\/","name":"Pelea, critica, emigra | Borja L\u00f3pez Cotelo","isPartOf":{"@id":"https:\/\/veredes.es\/blog\/#website"},"primaryImageOfPage":{"@id":"https:\/\/veredes.es\/blog\/pelea-critica-emigra-borja-lopez-cotelo\/#primaryimage"},"image":{"@id":"https:\/\/veredes.es\/blog\/pelea-critica-emigra-borja-lopez-cotelo\/#primaryimage"},"thumbnailUrl":"https:\/\/veredes.es\/blog\/wp-content\/uploads\/2014\/07\/02-critica-epR.jpg","datePublished":"2014-07-18T06:28:47+00:00","dateModified":"2021-07-03T08:20:02+00:00","description":"Toda la informaci\u00f3n sobre: Pelea, critica, emigra | Borja L\u00f3pez CoteloPelexa, critica, emigra | Borja L\u00f3pez CoteloFights, criticizes, emigrates | Borja Lopez Cotelo","breadcrumb":{"@id":"https:\/\/veredes.es\/blog\/pelea-critica-emigra-borja-lopez-cotelo\/#breadcrumb"},"inLanguage":"es","potentialAction":[{"@type":"ReadAction","target":["https:\/\/veredes.es\/blog\/pelea-critica-emigra-borja-lopez-cotelo\/"]}]},{"@type":"ImageObject","inLanguage":"es","@id":"https:\/\/veredes.es\/blog\/pelea-critica-emigra-borja-lopez-cotelo\/#primaryimage","url":"https:\/\/veredes.es\/blog\/wp-content\/uploads\/2014\/07\/02-critica-epR.jpg","contentUrl":"https:\/\/veredes.es\/blog\/wp-content\/uploads\/2014\/07\/02-critica-epR.jpg","width":"620","height":"448","caption":"Critica | epR"},{"@type":"BreadcrumbList","@id":"https:\/\/veredes.es\/blog\/pelea-critica-emigra-borja-lopez-cotelo\/#breadcrumb","itemListElement":[{"@type":"ListItem","position":1,"name":"Portada","item":"https:\/\/veredes.es\/blog\/"},{"@type":"ListItem","position":2,"name":"Pelea, critica, emigra | Borja L\u00f3pez Cotelo"}]},{"@type":"WebSite","@id":"https:\/\/veredes.es\/blog\/#website","url":"https:\/\/veredes.es\/blog\/","name":"veredes, arquitectura y divulgaci\u00f3n","description":"veredes","publisher":{"@id":"https:\/\/veredes.es\/blog\/#organization"},"alternateName":"veredes","potentialAction":[{"@type":"SearchAction","target":{"@type":"EntryPoint","urlTemplate":"https:\/\/veredes.es\/blog\/?s={search_term_string}"},"query-input":{"@type":"PropertyValueSpecification","valueRequired":true,"valueName":"search_term_string"}}],"inLanguage":"es"},{"@type":"Organization","@id":"https:\/\/veredes.es\/blog\/#organization","name":"veredes, arquitectura y divulgaci\u00f3n","alternateName":"veredes","url":"https:\/\/veredes.es\/blog\/","logo":{"@type":"ImageObject","inLanguage":"es","@id":"https:\/\/veredes.es\/blog\/#\/schema\/logo\/image\/","url":"https:\/\/veredes.es\/blog\/wp-content\/uploads\/2021\/12\/veredes-logo-centrado_140x54.png","contentUrl":"https:\/\/veredes.es\/blog\/wp-content\/uploads\/2021\/12\/veredes-logo-centrado_140x54.png","width":140,"height":54,"caption":"veredes, arquitectura y divulgaci\u00f3n"},"image":{"@id":"https:\/\/veredes.es\/blog\/#\/schema\/logo\/image\/"},"sameAs":["https:\/\/www.facebook.com\/veredesArquitecturayDivulgacion\/","https:\/\/x.com\/veredes","https:\/\/instagram.com\/veredes\/","https:\/\/www.linkedin.com\/company\/veredes-arquitectura-y-divulgacion\/","https:\/\/es.pinterest.com\/veredes\/","https:\/\/www.tumblr.com\/veredes"]},{"@type":"Person","@id":"https:\/\/veredes.es\/blog\/#\/schema\/person\/0ed637ae44a657b55da8bf9dae752ffb","name":"Borja L\u00f3pez Cotelo","image":{"@type":"ImageObject","inLanguage":"es","@id":"https:\/\/veredes.es\/blog\/wp-content\/uploads\/2018\/04\/borja-l\u00f3pez-cotelo-96x96.jpg","url":"https:\/\/veredes.es\/blog\/wp-content\/uploads\/2018\/04\/borja-l\u00f3pez-cotelo-96x96.jpg","contentUrl":"https:\/\/veredes.es\/blog\/wp-content\/uploads\/2018\/04\/borja-l\u00f3pez-cotelo-96x96.jpg","caption":"Borja L\u00f3pez Cotelo"},"description":"Borja L\u00f3pez Cotelo y Maria Olmo B\u00e9jar, arquitectos por la ETSAC desde 2007. Borja L\u00f3pez Cotelo, arquitecto doctor por la Universidade da Coru\u00f1a desde 2013.","sameAs":["http:\/\/lasonceymedia.com\/","https:\/\/www.linkedin.com\/in\/borja-ramn-lpez-cotelo-7842b31b4\/","https:\/\/x.com\/https:\/\/twitter.com\/lineasdetrabajo"],"url":"https:\/\/veredes.es\/blog\/author\/borja-lopez-cotelo\/"}]}},"_links":{"self":[{"href":"https:\/\/veredes.es\/blog\/wp-json\/wp\/v2\/posts\/47067","targetHints":{"allow":["GET"]}}],"collection":[{"href":"https:\/\/veredes.es\/blog\/wp-json\/wp\/v2\/posts"}],"about":[{"href":"https:\/\/veredes.es\/blog\/wp-json\/wp\/v2\/types\/post"}],"author":[{"embeddable":true,"href":"https:\/\/veredes.es\/blog\/wp-json\/wp\/v2\/users\/17"}],"replies":[{"embeddable":true,"href":"https:\/\/veredes.es\/blog\/wp-json\/wp\/v2\/comments?post=47067"}],"version-history":[{"count":0,"href":"https:\/\/veredes.es\/blog\/wp-json\/wp\/v2\/posts\/47067\/revisions"}],"wp:featuredmedia":[{"embeddable":true,"href":"https:\/\/veredes.es\/blog\/wp-json\/wp\/v2\/media\/47075"}],"wp:attachment":[{"href":"https:\/\/veredes.es\/blog\/wp-json\/wp\/v2\/media?parent=47067"}],"wp:term":[{"taxonomy":"category","embeddable":true,"href":"https:\/\/veredes.es\/blog\/wp-json\/wp\/v2\/categories?post=47067"},{"taxonomy":"post_tag","embeddable":true,"href":"https:\/\/veredes.es\/blog\/wp-json\/wp\/v2\/tags?post=47067"}],"curies":[{"name":"wp","href":"https:\/\/api.w.org\/{rel}","templated":true}]}}