{"id":46450,"date":"2014-07-07T06:34:26","date_gmt":"2014-07-07T06:34:26","guid":{"rendered":"http:\/\/veredes.es\/blog\/?p=46450"},"modified":"2024-09-05T14:19:59","modified_gmt":"2024-09-05T12:19:59","slug":"la-casa-que-no-era-un-barco-borja-lopez-cotelo","status":"publish","type":"post","link":"https:\/\/veredes.es\/blog\/la-casa-que-no-era-un-barco-borja-lopez-cotelo\/","title":{"rendered":"La casa que no era un barco | Borja L\u00f3pez Cotelo"},"content":{"rendered":"<p><\/p>\n<div class=\"mceTemp\"><\/div>\n<figure id=\"attachment_99898\" aria-describedby=\"caption-attachment-99898\" style=\"width: 1400px\" class=\"wp-caption alignnone\"><img loading=\"lazy\" decoding=\"async\" class=\"wp-image-99898 size-full\" title=\"La casa que no era un barco Borja L\u00f3pez Cotelo aroiba-mod Ilustraci\u00f3n El primo Ram\u00f3n (EpR)\" src=\"https:\/\/veredes.es\/blog\/wp-content\/uploads\/2014\/07\/La-casa-que-no-era-un-barco-Borja-Lopez-Cotelo-aroiba-mod-Ilustracion-El-primo-Ramon-EpR.jpg\" alt=\"La casa que no era un barco Borja L\u00f3pez Cotelo aroiba-mod Ilustraci\u00f3n El primo Ram\u00f3n (EpR)\" width=\"1400\" height=\"757\" srcset=\"https:\/\/veredes.es\/blog\/wp-content\/uploads\/2014\/07\/La-casa-que-no-era-un-barco-Borja-Lopez-Cotelo-aroiba-mod-Ilustracion-El-primo-Ramon-EpR.jpg 1400w, https:\/\/veredes.es\/blog\/wp-content\/uploads\/2014\/07\/La-casa-que-no-era-un-barco-Borja-Lopez-Cotelo-aroiba-mod-Ilustracion-El-primo-Ramon-EpR-300x162.jpg 300w, https:\/\/veredes.es\/blog\/wp-content\/uploads\/2014\/07\/La-casa-que-no-era-un-barco-Borja-Lopez-Cotelo-aroiba-mod-Ilustracion-El-primo-Ramon-EpR-1024x554.jpg 1024w, https:\/\/veredes.es\/blog\/wp-content\/uploads\/2014\/07\/La-casa-que-no-era-un-barco-Borja-Lopez-Cotelo-aroiba-mod-Ilustracion-El-primo-Ramon-EpR-777x420.jpg 777w, https:\/\/veredes.es\/blog\/wp-content\/uploads\/2014\/07\/La-casa-que-no-era-un-barco-Borja-Lopez-Cotelo-aroiba-mod-Ilustracion-El-primo-Ramon-EpR-696x376.jpg 696w, https:\/\/veredes.es\/blog\/wp-content\/uploads\/2014\/07\/La-casa-que-no-era-un-barco-Borja-Lopez-Cotelo-aroiba-mod-Ilustracion-El-primo-Ramon-EpR-1068x577.jpg 1068w\" sizes=\"auto, (max-width: 1400px) 100vw, 1400px\" \/><figcaption id=\"caption-attachment-99898\" class=\"wp-caption-text\"><span style=\"color: #999999;\">A Roiba | El primo Ram\u00f3n<\/span><\/figcaption><\/figure>\n<p style=\"text-align: justify;\">Se ha hablado de esta casa como un barco a punto de hacerse a la mar<sup><sup>1<\/sup><\/sup>. Quiz\u00e1 por su situaci\u00f3n, en ese fino hilo que separa tierra y mar, o tal vez por aquella foto descolorida de Ram\u00f3n V\u00e1zquez Molez\u00fan aferrado al tim\u00f3n de un barco, protegiendo su cr\u00e1neo con un gorro de lana.<\/p>\n<p style=\"text-align: justify;\">Pero todos sabemos que esa casa no es un barco, del mismo modo que el mar no es el mar.<\/p>\n<p style=\"text-align: justify;\">El mar es, en realidad, nuestros miedos y leyendas; las historias y los cuentos transmitidos durante generaciones; es tambi\u00e9n todos y cada uno de los hombres que se llev\u00f3, es cada promesa que en \u00e9l vieron quienes prefirieron quedarse. Es un inmenso dep\u00f3sito de anhelos y sue\u00f1os, algunos cumplidos, muchos hechos pedazos.<\/p>\n<p style=\"text-align: justify;\">La casa en A Roiba no es un barco porque es un cofre; un cofre de vivencias y recuerdos, de historias que susurra a todo aquel que la visita dispuesto a escucharla.<\/p>\n<p style=\"text-align: justify;\"><a href=\"https:\/\/veredes.es\/blog\/tag\/ramon-vazquez-molezun\/\" target=\"_blank\" rel=\"noopener\">Ram\u00f3n V\u00e1zquez Molez\u00fan<\/a>, Janine, y sus hijos, han vivido \u2013viven- en esa casa. Y sus vidas han ido llenando, poco a poco, la magistral carcasa dibujada por el arquitecto. Las ma\u00f1anas al sol en la terraza, las tardes en el sal\u00f3n que domina la r\u00eda desde su modesta escala, los ni\u00f1os haci\u00e9ndose mayores en sus estancias, la marea reclamando el pa\u00f1ol en cada pleamar.<\/p>\n<p style=\"text-align: justify;\">Todo eso est\u00e1 impreso en la piel de este min\u00fasculo edificio.<\/p>\n<p style=\"text-align: justify;\">Pero los cofres siempre han sido codiciados. En ocasiones por piratas, corsarios y bucaneros, por aquellos con quienes Stevenson esperaba <em>compartir sepultura<strong><sup><sup>2<\/sup><\/sup> <\/strong><\/em>; en otras, las m\u00e1s, por el oc\u00e9ano y por el propio tiempo.<\/p>\n<p style=\"text-align: justify;\">A Roiba es vieja y el mar la golpea sin misericordia. Invierno tras invierno las olas erosionan su hormig\u00f3n, lo deterioran poco a poco como el esqueleto reum\u00e1tico de un viejo marinero que mitiga su soledad rescatando recuerdos en la taberna del puerto de Bueu.<\/p>\n<p style=\"text-align: justify;\" title=\"\">Si no se toman medidas urgentes, A Roiba pronto enmudecer\u00e1. El cofre quedar\u00e1 vac\u00edo. Quiz\u00e1 sea el momento de recordar el triste final del <em>Pequod<\/em> y la paradoja de ese Ismael que, en un \u00faltimo esfuerzo, transform\u00f3 en salvavidas un ata\u00fad para sobrevivir al mar y a los hombres<sup><sup>3<\/sup><\/sup>.<\/p>\n<p style=\"text-align: justify;\">Y as\u00ed pudo contar su historia.<\/p>\n<p style=\"text-align: justify;\">Borja L\u00f3pez Cotelo, doctor arquitecto<br \/>\nGalicia, verano de 2014<\/p>\n<p style=\"text-align: justify;\">Ilustraci\u00f3n: El primo Ram\u00f3n (<a href=\"https:\/\/veredes.es\/blog\/tag\/el-primo-ramon\/\" target=\"_blank\" rel=\"noopener\">EpR<\/a>)<\/p>\n<p style=\"text-align: justify;\">Notas:<br \/>\n<sup><sup>1<\/sup><\/sup> As\u00ed, <em>la<\/em> mar, en femenino es como<em> \u2018<\/em>le dicen en espa\u00f1ol cuando la quieren\u2019, asegura Hemingway en<em> El viejo y el mar.<\/em><br \/>\n<sup><sup>2<\/sup><\/sup> Afirma Robert Louis Stevenson en la dedicatoria de <em>La isla del tesoro<\/em>: <em>\u2018Si los cuentos y las tonadas marineras, tempestades y aventuras, calor y fr\u00edo, si goletas, islas y el destierro en el oc\u00e9ano, y bucaneros y oro enterrado y todos los romances de anta\u00f1o contados nuevamente, exactamente como antes se contaban, pueden complacer como otrora a m\u00ed me complac\u00edan a los j\u00f3venes m\u00e1s sabios de hoga\u00f1o: as\u00ed sea y \u00a1adelante! Y ojal\u00e1 yo y todos mis piratas compartamos las sepulturas donde yacen \u00e9stos y sus creaciones\u2019.<\/em><br \/>\n<sup><sup>3<\/sup><\/sup> Melville recuerda al inicio de <em>Moby Dick<\/em> que Coffin (<em>ata\u00fad<\/em>) era en el siglo XIX uno de los apellidos m\u00e1s comunes en Nantucket. Quiz\u00e1 por eso, un ata\u00fad acab\u00f3 por convertirse en un miembro m\u00e1s de la tripulaci\u00f3n del <em>Pequod<\/em>.<\/p>\n<p><\/p>","protected":false},"excerpt":{"rendered":"<p>Se ha hablado de esta casa como un barco a punto de hacerse a la mar1. Quiz\u00e1 por su situaci\u00f3n, en ese fino hilo que separa tierra y mar, o tal vez por aquella foto descolorida de Ram\u00f3n V\u00e1zquez Molez\u00fan aferrado al tim\u00f3n de un barco, protegiendo su cr\u00e1neo con un gorro de lana. Pero [&hellip;]<\/p>\n","protected":false},"author":17,"featured_media":99898,"comment_status":"open","ping_status":"closed","sticky":false,"template":"","format":"standard","meta":{"footnotes":""},"categories":[568,5951],"tags":[2631,5865,3852,10672,6505,7577,619,12463,1004,1136,12464,1286,12455],"class_list":{"0":"post-46450","1":"post","2":"type-post","3":"status-publish","4":"format-standard","5":"has-post-thumbnail","7":"category-faro","9":"tag-arquitectura-espanola","10":"tag-arquitectura-gallega","11":"tag-borja-lopez-cotelo","12":"tag-bueu","13":"tag-el-primo-ramon","14":"tag-epr","15":"tag-galicia","16":"tag-patrimonio","17":"tag-patrimonio-historico","18":"tag-ramon-vazquez-molezun","19":"tag-rehabilitacion","20":"tag-territorio","21":"tag-vivienda-unifamiliar"},"yoast_head":"<!-- This site is optimized with the Yoast SEO plugin v27.4 - https:\/\/yoast.com\/product\/yoast-seo-wordpress\/ -->\n<title>La casa que no era un barco | Borja L\u00f3pez Cotelo<\/title>\n<meta name=\"description\" content=\"La casa que no era un barco\" \/>\n<meta name=\"robots\" content=\"index, follow, max-snippet:-1, max-image-preview:large, max-video-preview:-1\" \/>\n<link rel=\"canonical\" href=\"https:\/\/veredes.es\/blog\/la-casa-que-no-era-un-barco-borja-lopez-cotelo\/\" \/>\n<meta property=\"og:locale\" content=\"es_ES\" \/>\n<meta property=\"og:type\" content=\"article\" \/>\n<meta property=\"og:title\" content=\"La casa que no era un barco | Borja L\u00f3pez Cotelo\" \/>\n<meta property=\"og:description\" content=\"La casa que no era un barco\" \/>\n<meta property=\"og:url\" content=\"https:\/\/veredes.es\/blog\/la-casa-que-no-era-un-barco-borja-lopez-cotelo\/\" \/>\n<meta property=\"og:site_name\" content=\"veredes, arquitectura y divulgaci\u00f3n\" \/>\n<meta property=\"article:publisher\" content=\"https:\/\/www.facebook.com\/veredesArquitecturayDivulgacion\/\" \/>\n<meta property=\"article:published_time\" content=\"2014-07-07T06:34:26+00:00\" \/>\n<meta property=\"article:modified_time\" content=\"2024-09-05T12:19:59+00:00\" \/>\n<meta property=\"og:image\" content=\"https:\/\/veredes.es\/blog\/wp-content\/uploads\/2014\/07\/La-casa-que-no-era-un-barco-Borja-Lopez-Cotelo-aroiba-mod-Ilustracion-El-primo-Ramon-EpR.jpg\" \/>\n\t<meta property=\"og:image:width\" content=\"1400\" \/>\n\t<meta property=\"og:image:height\" content=\"757\" \/>\n\t<meta property=\"og:image:type\" content=\"image\/jpeg\" \/>\n<meta name=\"author\" content=\"Borja L\u00f3pez Cotelo\" \/>\n<meta name=\"twitter:card\" content=\"summary_large_image\" \/>\n<meta name=\"twitter:creator\" content=\"@https:\/\/twitter.com\/lineasdetrabajo\" \/>\n<meta name=\"twitter:site\" content=\"@veredes\" \/>\n<meta name=\"twitter:label1\" content=\"Escrito por\" \/>\n\t<meta name=\"twitter:data1\" content=\"Borja L\u00f3pez Cotelo\" \/>\n\t<meta name=\"twitter:label2\" content=\"Tiempo de lectura\" \/>\n\t<meta name=\"twitter:data2\" content=\"3 minutos\" \/>\n<script type=\"application\/ld+json\" class=\"yoast-schema-graph\">{\"@context\":\"https:\\\/\\\/schema.org\",\"@graph\":[{\"@type\":\"Article\",\"@id\":\"https:\\\/\\\/veredes.es\\\/blog\\\/la-casa-que-no-era-un-barco-borja-lopez-cotelo\\\/#article\",\"isPartOf\":{\"@id\":\"https:\\\/\\\/veredes.es\\\/blog\\\/la-casa-que-no-era-un-barco-borja-lopez-cotelo\\\/\"},\"author\":{\"name\":\"Borja L\u00f3pez Cotelo\",\"@id\":\"https:\\\/\\\/veredes.es\\\/blog\\\/#\\\/schema\\\/person\\\/0ed637ae44a657b55da8bf9dae752ffb\"},\"headline\":\"La casa que no era un barco | Borja L\u00f3pez Cotelo\",\"datePublished\":\"2014-07-07T06:34:26+00:00\",\"dateModified\":\"2024-09-05T12:19:59+00:00\",\"mainEntityOfPage\":{\"@id\":\"https:\\\/\\\/veredes.es\\\/blog\\\/la-casa-que-no-era-un-barco-borja-lopez-cotelo\\\/\"},\"wordCount\":1768,\"commentCount\":0,\"publisher\":{\"@id\":\"https:\\\/\\\/veredes.es\\\/blog\\\/#organization\"},\"image\":{\"@id\":\"https:\\\/\\\/veredes.es\\\/blog\\\/la-casa-que-no-era-un-barco-borja-lopez-cotelo\\\/#primaryimage\"},\"thumbnailUrl\":\"https:\\\/\\\/veredes.es\\\/blog\\\/wp-content\\\/uploads\\\/2014\\\/07\\\/La-casa-que-no-era-un-barco-Borja-Lopez-Cotelo-aroiba-mod-Ilustracion-El-primo-Ramon-EpR.jpg\",\"keywords\":[\"arquitectura espa\u00f1ola\",\"arquitectura gallega\",\"Borja L\u00f3pez Cotelo\",\"Bueu\",\"el primo Ram\u00f3n\",\"epR\",\"Galicia\",\"patrimonio\",\"patrimonio hist\u00f3rico\",\"Ram\u00f3n V\u00e1zquez Molez\u00fan\",\"rehabilitaci\u00f3n\",\"territorio\",\"vivienda unifamiliar\"],\"articleSection\":[\"faro\",\"slider principal\"],\"inLanguage\":\"es\",\"potentialAction\":[{\"@type\":\"CommentAction\",\"name\":\"Comment\",\"target\":[\"https:\\\/\\\/veredes.es\\\/blog\\\/la-casa-que-no-era-un-barco-borja-lopez-cotelo\\\/#respond\"]}]},{\"@type\":\"WebPage\",\"@id\":\"https:\\\/\\\/veredes.es\\\/blog\\\/la-casa-que-no-era-un-barco-borja-lopez-cotelo\\\/\",\"url\":\"https:\\\/\\\/veredes.es\\\/blog\\\/la-casa-que-no-era-un-barco-borja-lopez-cotelo\\\/\",\"name\":\"La casa que no era un barco | Borja L\u00f3pez Cotelo\",\"isPartOf\":{\"@id\":\"https:\\\/\\\/veredes.es\\\/blog\\\/#website\"},\"primaryImageOfPage\":{\"@id\":\"https:\\\/\\\/veredes.es\\\/blog\\\/la-casa-que-no-era-un-barco-borja-lopez-cotelo\\\/#primaryimage\"},\"image\":{\"@id\":\"https:\\\/\\\/veredes.es\\\/blog\\\/la-casa-que-no-era-un-barco-borja-lopez-cotelo\\\/#primaryimage\"},\"thumbnailUrl\":\"https:\\\/\\\/veredes.es\\\/blog\\\/wp-content\\\/uploads\\\/2014\\\/07\\\/La-casa-que-no-era-un-barco-Borja-Lopez-Cotelo-aroiba-mod-Ilustracion-El-primo-Ramon-EpR.jpg\",\"datePublished\":\"2014-07-07T06:34:26+00:00\",\"dateModified\":\"2024-09-05T12:19:59+00:00\",\"description\":\"La casa que no era un barco\",\"breadcrumb\":{\"@id\":\"https:\\\/\\\/veredes.es\\\/blog\\\/la-casa-que-no-era-un-barco-borja-lopez-cotelo\\\/#breadcrumb\"},\"inLanguage\":\"es\",\"potentialAction\":[{\"@type\":\"ReadAction\",\"target\":[\"https:\\\/\\\/veredes.es\\\/blog\\\/la-casa-que-no-era-un-barco-borja-lopez-cotelo\\\/\"]}]},{\"@type\":\"ImageObject\",\"inLanguage\":\"es\",\"@id\":\"https:\\\/\\\/veredes.es\\\/blog\\\/la-casa-que-no-era-un-barco-borja-lopez-cotelo\\\/#primaryimage\",\"url\":\"https:\\\/\\\/veredes.es\\\/blog\\\/wp-content\\\/uploads\\\/2014\\\/07\\\/La-casa-que-no-era-un-barco-Borja-Lopez-Cotelo-aroiba-mod-Ilustracion-El-primo-Ramon-EpR.jpg\",\"contentUrl\":\"https:\\\/\\\/veredes.es\\\/blog\\\/wp-content\\\/uploads\\\/2014\\\/07\\\/La-casa-que-no-era-un-barco-Borja-Lopez-Cotelo-aroiba-mod-Ilustracion-El-primo-Ramon-EpR.jpg\",\"width\":1400,\"height\":757,\"caption\":\"A Roiba | El primo Ram\u00f3n\"},{\"@type\":\"BreadcrumbList\",\"@id\":\"https:\\\/\\\/veredes.es\\\/blog\\\/la-casa-que-no-era-un-barco-borja-lopez-cotelo\\\/#breadcrumb\",\"itemListElement\":[{\"@type\":\"ListItem\",\"position\":1,\"name\":\"Portada\",\"item\":\"https:\\\/\\\/veredes.es\\\/blog\\\/\"},{\"@type\":\"ListItem\",\"position\":2,\"name\":\"La casa que no era un barco | Borja L\u00f3pez Cotelo\"}]},{\"@type\":\"WebSite\",\"@id\":\"https:\\\/\\\/veredes.es\\\/blog\\\/#website\",\"url\":\"https:\\\/\\\/veredes.es\\\/blog\\\/\",\"name\":\"veredes, arquitectura y divulgaci\u00f3n\",\"description\":\"veredes\",\"publisher\":{\"@id\":\"https:\\\/\\\/veredes.es\\\/blog\\\/#organization\"},\"alternateName\":\"veredes\",\"potentialAction\":[{\"@type\":\"SearchAction\",\"target\":{\"@type\":\"EntryPoint\",\"urlTemplate\":\"https:\\\/\\\/veredes.es\\\/blog\\\/?s={search_term_string}\"},\"query-input\":{\"@type\":\"PropertyValueSpecification\",\"valueRequired\":true,\"valueName\":\"search_term_string\"}}],\"inLanguage\":\"es\"},{\"@type\":\"Organization\",\"@id\":\"https:\\\/\\\/veredes.es\\\/blog\\\/#organization\",\"name\":\"veredes, arquitectura y divulgaci\u00f3n\",\"alternateName\":\"veredes\",\"url\":\"https:\\\/\\\/veredes.es\\\/blog\\\/\",\"logo\":{\"@type\":\"ImageObject\",\"inLanguage\":\"es\",\"@id\":\"https:\\\/\\\/veredes.es\\\/blog\\\/#\\\/schema\\\/logo\\\/image\\\/\",\"url\":\"https:\\\/\\\/veredes.es\\\/blog\\\/wp-content\\\/uploads\\\/2021\\\/12\\\/veredes-logo-centrado_140x54.png\",\"contentUrl\":\"https:\\\/\\\/veredes.es\\\/blog\\\/wp-content\\\/uploads\\\/2021\\\/12\\\/veredes-logo-centrado_140x54.png\",\"width\":140,\"height\":54,\"caption\":\"veredes, arquitectura y divulgaci\u00f3n\"},\"image\":{\"@id\":\"https:\\\/\\\/veredes.es\\\/blog\\\/#\\\/schema\\\/logo\\\/image\\\/\"},\"sameAs\":[\"https:\\\/\\\/www.facebook.com\\\/veredesArquitecturayDivulgacion\\\/\",\"https:\\\/\\\/x.com\\\/veredes\",\"https:\\\/\\\/instagram.com\\\/veredes\\\/\",\"https:\\\/\\\/www.linkedin.com\\\/company\\\/veredes-arquitectura-y-divulgacion\\\/\",\"https:\\\/\\\/es.pinterest.com\\\/veredes\\\/\",\"https:\\\/\\\/www.tumblr.com\\\/veredes\"]},{\"@type\":\"Person\",\"@id\":\"https:\\\/\\\/veredes.es\\\/blog\\\/#\\\/schema\\\/person\\\/0ed637ae44a657b55da8bf9dae752ffb\",\"name\":\"Borja L\u00f3pez Cotelo\",\"image\":{\"@type\":\"ImageObject\",\"inLanguage\":\"es\",\"@id\":\"https:\\\/\\\/veredes.es\\\/blog\\\/wp-content\\\/uploads\\\/2018\\\/04\\\/borja-l\u00f3pez-cotelo-96x96.jpg\",\"url\":\"https:\\\/\\\/veredes.es\\\/blog\\\/wp-content\\\/uploads\\\/2018\\\/04\\\/borja-l\u00f3pez-cotelo-96x96.jpg\",\"contentUrl\":\"https:\\\/\\\/veredes.es\\\/blog\\\/wp-content\\\/uploads\\\/2018\\\/04\\\/borja-l\u00f3pez-cotelo-96x96.jpg\",\"caption\":\"Borja L\u00f3pez Cotelo\"},\"description\":\"Borja L\u00f3pez Cotelo y Maria Olmo B\u00e9jar, arquitectos por la ETSAC desde 2007. Borja L\u00f3pez Cotelo, arquitecto doctor por la Universidade da Coru\u00f1a desde 2013.\",\"sameAs\":[\"http:\\\/\\\/lasonceymedia.com\\\/\",\"https:\\\/\\\/www.linkedin.com\\\/in\\\/borja-ramn-lpez-cotelo-7842b31b4\\\/\",\"https:\\\/\\\/x.com\\\/https:\\\/\\\/twitter.com\\\/lineasdetrabajo\"],\"url\":\"https:\\\/\\\/veredes.es\\\/blog\\\/author\\\/borja-lopez-cotelo\\\/\"}]}<\/script>\n<!-- \/ Yoast SEO plugin. -->","yoast_head_json":{"title":"La casa que no era un barco | Borja L\u00f3pez Cotelo","description":"La casa que no era un barco","robots":{"index":"index","follow":"follow","max-snippet":"max-snippet:-1","max-image-preview":"max-image-preview:large","max-video-preview":"max-video-preview:-1"},"canonical":"https:\/\/veredes.es\/blog\/la-casa-que-no-era-un-barco-borja-lopez-cotelo\/","og_locale":"es_ES","og_type":"article","og_title":"La casa que no era un barco | Borja L\u00f3pez Cotelo","og_description":"La casa que no era un barco","og_url":"https:\/\/veredes.es\/blog\/la-casa-que-no-era-un-barco-borja-lopez-cotelo\/","og_site_name":"veredes, arquitectura y divulgaci\u00f3n","article_publisher":"https:\/\/www.facebook.com\/veredesArquitecturayDivulgacion\/","article_published_time":"2014-07-07T06:34:26+00:00","article_modified_time":"2024-09-05T12:19:59+00:00","og_image":[{"width":1400,"height":757,"url":"https:\/\/veredes.es\/blog\/wp-content\/uploads\/2014\/07\/La-casa-que-no-era-un-barco-Borja-Lopez-Cotelo-aroiba-mod-Ilustracion-El-primo-Ramon-EpR.jpg","type":"image\/jpeg"}],"author":"Borja L\u00f3pez Cotelo","twitter_card":"summary_large_image","twitter_creator":"@https:\/\/twitter.com\/lineasdetrabajo","twitter_site":"@veredes","twitter_misc":{"Escrito por":"Borja L\u00f3pez Cotelo","Tiempo de lectura":"3 minutos"},"schema":{"@context":"https:\/\/schema.org","@graph":[{"@type":"Article","@id":"https:\/\/veredes.es\/blog\/la-casa-que-no-era-un-barco-borja-lopez-cotelo\/#article","isPartOf":{"@id":"https:\/\/veredes.es\/blog\/la-casa-que-no-era-un-barco-borja-lopez-cotelo\/"},"author":{"name":"Borja L\u00f3pez Cotelo","@id":"https:\/\/veredes.es\/blog\/#\/schema\/person\/0ed637ae44a657b55da8bf9dae752ffb"},"headline":"La casa que no era un barco | Borja L\u00f3pez Cotelo","datePublished":"2014-07-07T06:34:26+00:00","dateModified":"2024-09-05T12:19:59+00:00","mainEntityOfPage":{"@id":"https:\/\/veredes.es\/blog\/la-casa-que-no-era-un-barco-borja-lopez-cotelo\/"},"wordCount":1768,"commentCount":0,"publisher":{"@id":"https:\/\/veredes.es\/blog\/#organization"},"image":{"@id":"https:\/\/veredes.es\/blog\/la-casa-que-no-era-un-barco-borja-lopez-cotelo\/#primaryimage"},"thumbnailUrl":"https:\/\/veredes.es\/blog\/wp-content\/uploads\/2014\/07\/La-casa-que-no-era-un-barco-Borja-Lopez-Cotelo-aroiba-mod-Ilustracion-El-primo-Ramon-EpR.jpg","keywords":["arquitectura espa\u00f1ola","arquitectura gallega","Borja L\u00f3pez Cotelo","Bueu","el primo Ram\u00f3n","epR","Galicia","patrimonio","patrimonio hist\u00f3rico","Ram\u00f3n V\u00e1zquez Molez\u00fan","rehabilitaci\u00f3n","territorio","vivienda unifamiliar"],"articleSection":["faro","slider principal"],"inLanguage":"es","potentialAction":[{"@type":"CommentAction","name":"Comment","target":["https:\/\/veredes.es\/blog\/la-casa-que-no-era-un-barco-borja-lopez-cotelo\/#respond"]}]},{"@type":"WebPage","@id":"https:\/\/veredes.es\/blog\/la-casa-que-no-era-un-barco-borja-lopez-cotelo\/","url":"https:\/\/veredes.es\/blog\/la-casa-que-no-era-un-barco-borja-lopez-cotelo\/","name":"La casa que no era un barco | Borja L\u00f3pez Cotelo","isPartOf":{"@id":"https:\/\/veredes.es\/blog\/#website"},"primaryImageOfPage":{"@id":"https:\/\/veredes.es\/blog\/la-casa-que-no-era-un-barco-borja-lopez-cotelo\/#primaryimage"},"image":{"@id":"https:\/\/veredes.es\/blog\/la-casa-que-no-era-un-barco-borja-lopez-cotelo\/#primaryimage"},"thumbnailUrl":"https:\/\/veredes.es\/blog\/wp-content\/uploads\/2014\/07\/La-casa-que-no-era-un-barco-Borja-Lopez-Cotelo-aroiba-mod-Ilustracion-El-primo-Ramon-EpR.jpg","datePublished":"2014-07-07T06:34:26+00:00","dateModified":"2024-09-05T12:19:59+00:00","description":"La casa que no era un barco","breadcrumb":{"@id":"https:\/\/veredes.es\/blog\/la-casa-que-no-era-un-barco-borja-lopez-cotelo\/#breadcrumb"},"inLanguage":"es","potentialAction":[{"@type":"ReadAction","target":["https:\/\/veredes.es\/blog\/la-casa-que-no-era-un-barco-borja-lopez-cotelo\/"]}]},{"@type":"ImageObject","inLanguage":"es","@id":"https:\/\/veredes.es\/blog\/la-casa-que-no-era-un-barco-borja-lopez-cotelo\/#primaryimage","url":"https:\/\/veredes.es\/blog\/wp-content\/uploads\/2014\/07\/La-casa-que-no-era-un-barco-Borja-Lopez-Cotelo-aroiba-mod-Ilustracion-El-primo-Ramon-EpR.jpg","contentUrl":"https:\/\/veredes.es\/blog\/wp-content\/uploads\/2014\/07\/La-casa-que-no-era-un-barco-Borja-Lopez-Cotelo-aroiba-mod-Ilustracion-El-primo-Ramon-EpR.jpg","width":1400,"height":757,"caption":"A Roiba | El primo Ram\u00f3n"},{"@type":"BreadcrumbList","@id":"https:\/\/veredes.es\/blog\/la-casa-que-no-era-un-barco-borja-lopez-cotelo\/#breadcrumb","itemListElement":[{"@type":"ListItem","position":1,"name":"Portada","item":"https:\/\/veredes.es\/blog\/"},{"@type":"ListItem","position":2,"name":"La casa que no era un barco | Borja L\u00f3pez Cotelo"}]},{"@type":"WebSite","@id":"https:\/\/veredes.es\/blog\/#website","url":"https:\/\/veredes.es\/blog\/","name":"veredes, arquitectura y divulgaci\u00f3n","description":"veredes","publisher":{"@id":"https:\/\/veredes.es\/blog\/#organization"},"alternateName":"veredes","potentialAction":[{"@type":"SearchAction","target":{"@type":"EntryPoint","urlTemplate":"https:\/\/veredes.es\/blog\/?s={search_term_string}"},"query-input":{"@type":"PropertyValueSpecification","valueRequired":true,"valueName":"search_term_string"}}],"inLanguage":"es"},{"@type":"Organization","@id":"https:\/\/veredes.es\/blog\/#organization","name":"veredes, arquitectura y divulgaci\u00f3n","alternateName":"veredes","url":"https:\/\/veredes.es\/blog\/","logo":{"@type":"ImageObject","inLanguage":"es","@id":"https:\/\/veredes.es\/blog\/#\/schema\/logo\/image\/","url":"https:\/\/veredes.es\/blog\/wp-content\/uploads\/2021\/12\/veredes-logo-centrado_140x54.png","contentUrl":"https:\/\/veredes.es\/blog\/wp-content\/uploads\/2021\/12\/veredes-logo-centrado_140x54.png","width":140,"height":54,"caption":"veredes, arquitectura y divulgaci\u00f3n"},"image":{"@id":"https:\/\/veredes.es\/blog\/#\/schema\/logo\/image\/"},"sameAs":["https:\/\/www.facebook.com\/veredesArquitecturayDivulgacion\/","https:\/\/x.com\/veredes","https:\/\/instagram.com\/veredes\/","https:\/\/www.linkedin.com\/company\/veredes-arquitectura-y-divulgacion\/","https:\/\/es.pinterest.com\/veredes\/","https:\/\/www.tumblr.com\/veredes"]},{"@type":"Person","@id":"https:\/\/veredes.es\/blog\/#\/schema\/person\/0ed637ae44a657b55da8bf9dae752ffb","name":"Borja L\u00f3pez Cotelo","image":{"@type":"ImageObject","inLanguage":"es","@id":"https:\/\/veredes.es\/blog\/wp-content\/uploads\/2018\/04\/borja-l\u00f3pez-cotelo-96x96.jpg","url":"https:\/\/veredes.es\/blog\/wp-content\/uploads\/2018\/04\/borja-l\u00f3pez-cotelo-96x96.jpg","contentUrl":"https:\/\/veredes.es\/blog\/wp-content\/uploads\/2018\/04\/borja-l\u00f3pez-cotelo-96x96.jpg","caption":"Borja L\u00f3pez Cotelo"},"description":"Borja L\u00f3pez Cotelo y Maria Olmo B\u00e9jar, arquitectos por la ETSAC desde 2007. Borja L\u00f3pez Cotelo, arquitecto doctor por la Universidade da Coru\u00f1a desde 2013.","sameAs":["http:\/\/lasonceymedia.com\/","https:\/\/www.linkedin.com\/in\/borja-ramn-lpez-cotelo-7842b31b4\/","https:\/\/x.com\/https:\/\/twitter.com\/lineasdetrabajo"],"url":"https:\/\/veredes.es\/blog\/author\/borja-lopez-cotelo\/"}]}},"_links":{"self":[{"href":"https:\/\/veredes.es\/blog\/wp-json\/wp\/v2\/posts\/46450","targetHints":{"allow":["GET"]}}],"collection":[{"href":"https:\/\/veredes.es\/blog\/wp-json\/wp\/v2\/posts"}],"about":[{"href":"https:\/\/veredes.es\/blog\/wp-json\/wp\/v2\/types\/post"}],"author":[{"embeddable":true,"href":"https:\/\/veredes.es\/blog\/wp-json\/wp\/v2\/users\/17"}],"replies":[{"embeddable":true,"href":"https:\/\/veredes.es\/blog\/wp-json\/wp\/v2\/comments?post=46450"}],"version-history":[{"count":0,"href":"https:\/\/veredes.es\/blog\/wp-json\/wp\/v2\/posts\/46450\/revisions"}],"wp:featuredmedia":[{"embeddable":true,"href":"https:\/\/veredes.es\/blog\/wp-json\/wp\/v2\/media\/99898"}],"wp:attachment":[{"href":"https:\/\/veredes.es\/blog\/wp-json\/wp\/v2\/media?parent=46450"}],"wp:term":[{"taxonomy":"category","embeddable":true,"href":"https:\/\/veredes.es\/blog\/wp-json\/wp\/v2\/categories?post=46450"},{"taxonomy":"post_tag","embeddable":true,"href":"https:\/\/veredes.es\/blog\/wp-json\/wp\/v2\/tags?post=46450"}],"curies":[{"name":"wp","href":"https:\/\/api.w.org\/{rel}","templated":true}]}}